{"id":117214,"date":"2025-04-17T21:04:44","date_gmt":"2025-04-17T18:04:44","guid":{"rendered":"https:\/\/urbeamea.ro\/albaiulia\/?p=117214"},"modified":"2025-04-17T21:12:07","modified_gmt":"2025-04-17T18:12:07","slug":"video-mesajul-primarului-gabriel-plesa-pentru-albaiulieni-cu-ocazia-sarbatorilor-pascale","status":"publish","type":"post","link":"https:\/\/urbeamea.ro\/albaiulia\/video-mesajul-primarului-gabriel-plesa-pentru-albaiulieni-cu-ocazia-sarbatorilor-pascale\/","title":{"rendered":"VIDEO: Mesajul primarului Gabriel Ple\u0219a pentru albaiulieni, cu ocazia S\u0103rb\u0103torilor Pascale"},"content":{"rendered":"\n<p>Dragi albaiulieni,<\/p>\n\n\n\n<p>C\u00e2te lumini poate aprinde flac\u0103ra unei singure lum\u00e2n\u0103ri? Nenum\u0103rate! \u0218i ce bucurie \u00eemp\u0103rt\u0103\u0219it\u0103 ca, \u00een noaptea \u00cenvierii, ortodoc\u0219i, catolici, reforma\u021bi, evanghelici \u0219i \u00eentreaga lume cre\u0219tin\u0103 s\u0103 ne adun\u0103m cu to\u021bii \u00een jurul aceleia\u0219i Lumini, d\u0103ruind din ea f\u0103r\u0103 s\u0103 pierdem nimic, dar c\u00e2\u0219tig\u00e2nd \u00eempreun\u0103 sens, speran\u021b\u0103 \u0219i comuniune.<\/p>\n\n\n\n<p>S\u0103rb\u0103toarea aceasta nu vine cu promisiuni u\u0219oare. Ea nu ne asigur\u0103 c\u0103 totul va fi bine, dar ne aduce o certitudine mai lini\u0219titoare ca oricare alta: aceea c\u0103 nu suntem singuri.<\/p>\n\n\n\n<p>Hristos n-a \u00eenviat pentru o lume perfect\u0103. A \u00eenviat pentru oameni ca mine \u0219i ca dumneavoastr\u0103 \u2013 uneori obosi\u021bi, alteori tem\u0103tori, dar cu sufletul dornic de lumin\u0103.<\/p>\n\n\n\n<p>\u0218i dac\u0103 El n-a renun\u021bat la noi, nici noi s\u0103 nu renun\u021b\u0103m. Nici la visuri. Nici la ceilal\u021bi. Nici la bucuria de a tr\u0103i curat, cu rost \u0219i cu convingerea c\u0103, fiind crea\u021bi dup\u0103 chipul \u0219i asem\u0103narea Lui, putem schimba lumea \u00een bine, \u00eencep\u00e2nd cu fiecare dintre noi.<\/p>\n\n\n\n<p>\u0218i dac\u0103 avem pe cine \u00eembr\u0103\u021bi\u0219a, s\u0103 o facem cu toat\u0103 c\u0103ldura. Dac\u0103 avem pentru ce s\u0103 mul\u021bumim, s\u0103 verbaliz\u0103m recuno\u0219tin\u021ba. Dac\u0103 avem pe cine ajuta, s\u0103 d\u0103ruim! \u0218i nu doar din ceea ce ne prisose\u0219te.<\/p>\n\n\n\n<p>V\u0103 doresc un Pa\u0219te cu adev\u0103rat tr\u0103it! Nu bifat. Nu doar s\u0103rb\u0103torit, ci sim\u021bit. Cu lumin\u0103 care r\u0103m\u00e2ne \u0219i dup\u0103 ce se stinge lum\u00e2narea pascal\u0103. Un Pa\u0219te cu folos!<\/p>\n\n\n\n<p>Alba Iulia are suflet \u0219i v\u0103 mul\u021bumesc c\u0103 \u00eel p\u0103stra\u021bi viu, prin credin\u021b\u0103, prin gesturi simple \u0219i prin iubirea unii fa\u021b\u0103 de al\u021bii.<\/p>\n\n\n\n<p>Hristos a \u00eenviat!<\/p>\n","protected":false},"excerpt":{"rendered":"<p>Dragi albaiulieni, C\u00e2te lumini poate aprinde flac\u0103ra unei singure lum\u00e2n\u0103ri? Nenum\u0103rate! \u0218i ce bucurie \u00eemp\u0103rt\u0103\u0219it\u0103 ca, \u00een noaptea \u00cenvierii, ortodoc\u0219i, catolici, reforma\u021bi, evanghelici \u0219i \u00eentreaga lume cre\u0219tin\u0103 s\u0103 ne adun\u0103m cu to\u021bii \u00een jurul aceleia\u0219i Lumini, d\u0103ruind din ea f\u0103r\u0103 s\u0103 pierdem nimic, dar c\u00e2\u0219tig\u00e2nd \u00eempreun\u0103 sens, speran\u021b\u0103 \u0219i comuniune. S\u0103rb\u0103toarea aceasta nu vine cu &hellip;<\/p>\n","protected":false},"author":5,"featured_media":117216,"comment_status":"open","ping_status":"open","sticky":false,"template":"","format":"standard","meta":{"inline_featured_image":false,"footnotes":""},"categories":[2034],"tags":[],"class_list":["post-117214","post","type-post","status-publish","format-standard","has-post-thumbnail","hentry","category-social"],"yoast_head":"<!-- This site is optimized with the Yoast SEO plugin v27.4 - https:\/\/yoast.com\/product\/yoast-seo-wordpress\/ -->\n<title>VIDEO: Mesajul primarului Gabriel Ple\u0219a pentru albaiulieni, cu ocazia S\u0103rb\u0103torilor Pascale - Revista Urbea Mea - Revista de Alba<\/title>\n<meta name=\"description\" content=\"Dragi albaiulieni, C\u00e2te lumini poate aprinde flac\u0103ra unei singure lum\u00e2n\u0103ri? Nenum\u0103rate! \u0218i ce bucurie \u00eemp\u0103rt\u0103\u0219it\u0103 ca, \u00een noaptea \u00cenvierii, ortodoc\u0219i,\" \/>\n<meta name=\"robots\" content=\"index, follow, max-snippet:-1, max-image-preview:large, max-video-preview:-1\" \/>\n<link rel=\"canonical\" href=\"https:\/\/urbeamea.ro\/albaiulia\/video-mesajul-primarului-gabriel-plesa-pentru-albaiulieni-cu-ocazia-sarbatorilor-pascale\/\" \/>\n<meta name=\"twitter:card\" content=\"summary_large_image\" \/>\n<meta name=\"twitter:title\" content=\"VIDEO: Mesajul primarului Gabriel Ple\u0219a pentru albaiulieni, cu ocazia S\u0103rb\u0103torilor Pascale - Revista Urbea Mea - Revista de Alba\" \/>\n<meta name=\"twitter:description\" content=\"Dragi albaiulieni, C\u00e2te lumini poate aprinde flac\u0103ra unei singure lum\u00e2n\u0103ri? Nenum\u0103rate! \u0218i ce bucurie \u00eemp\u0103rt\u0103\u0219it\u0103 ca, \u00een noaptea \u00cenvierii, ortodoc\u0219i,\" \/>\n<meta name=\"twitter:image\" content=\"https:\/\/urbeamea.ro\/albaiulia\/wp-content\/uploads\/2025\/04\/plesa_paste2025.jpg\" \/>\n<meta name=\"twitter:creator\" content=\"@urbeameaweb\" \/>\n<meta name=\"twitter:site\" content=\"@urbeameaweb\" \/>\n<script type=\"application\/ld+json\" class=\"yoast-schema-graph\">{\"@context\":\"https:\\\/\\\/schema.org\",\"@graph\":[{\"@type\":\"Article\",\"@id\":\"https:\\\/\\\/urbeamea.ro\\\/albaiulia\\\/video-mesajul-primarului-gabriel-plesa-pentru-albaiulieni-cu-ocazia-sarbatorilor-pascale\\\/#article\",\"isPartOf\":{\"@id\":\"https:\\\/\\\/urbeamea.ro\\\/albaiulia\\\/video-mesajul-primarului-gabriel-plesa-pentru-albaiulieni-cu-ocazia-sarbatorilor-pascale\\\/\"},\"author\":{\"name\":\"Bogdan P\u0103unescu\",\"@id\":\"https:\\\/\\\/urbeamea.ro\\\/albaiulia\\\/#\\\/schema\\\/person\\\/a115373ce8153754c6b084232d985956\"},\"headline\":\"VIDEO: Mesajul primarului Gabriel Ple\u0219a pentru albaiulieni, cu ocazia S\u0103rb\u0103torilor Pascale\",\"datePublished\":\"2025-04-17T18:04:44+00:00\",\"dateModified\":\"2025-04-17T18:12:07+00:00\",\"mainEntityOfPage\":{\"@id\":\"https:\\\/\\\/urbeamea.ro\\\/albaiulia\\\/video-mesajul-primarului-gabriel-plesa-pentru-albaiulieni-cu-ocazia-sarbatorilor-pascale\\\/\"},\"wordCount\":313,\"commentCount\":0,\"image\":{\"@id\":\"https:\\\/\\\/urbeamea.ro\\\/albaiulia\\\/video-mesajul-primarului-gabriel-plesa-pentru-albaiulieni-cu-ocazia-sarbatorilor-pascale\\\/#primaryimage\"},\"thumbnailUrl\":\"https:\\\/\\\/urbeamea.ro\\\/albaiulia\\\/wp-content\\\/uploads\\\/2025\\\/04\\\/plesa_paste2025.jpg\",\"articleSection\":[\"Social\"],\"inLanguage\":\"ro-RO\",\"potentialAction\":[{\"@type\":\"CommentAction\",\"name\":\"Comment\",\"target\":[\"https:\\\/\\\/urbeamea.ro\\\/albaiulia\\\/video-mesajul-primarului-gabriel-plesa-pentru-albaiulieni-cu-ocazia-sarbatorilor-pascale\\\/#respond\"]}]},{\"@type\":\"WebPage\",\"@id\":\"https:\\\/\\\/urbeamea.ro\\\/albaiulia\\\/video-mesajul-primarului-gabriel-plesa-pentru-albaiulieni-cu-ocazia-sarbatorilor-pascale\\\/\",\"url\":\"https:\\\/\\\/urbeamea.ro\\\/albaiulia\\\/video-mesajul-primarului-gabriel-plesa-pentru-albaiulieni-cu-ocazia-sarbatorilor-pascale\\\/\",\"name\":\"VIDEO: Mesajul primarului Gabriel Ple\u0219a pentru albaiulieni, cu ocazia S\u0103rb\u0103torilor Pascale - Revista Urbea Mea - Revista de Alba\",\"isPartOf\":{\"@id\":\"https:\\\/\\\/urbeamea.ro\\\/albaiulia\\\/#website\"},\"primaryImageOfPage\":{\"@id\":\"https:\\\/\\\/urbeamea.ro\\\/albaiulia\\\/video-mesajul-primarului-gabriel-plesa-pentru-albaiulieni-cu-ocazia-sarbatorilor-pascale\\\/#primaryimage\"},\"image\":{\"@id\":\"https:\\\/\\\/urbeamea.ro\\\/albaiulia\\\/video-mesajul-primarului-gabriel-plesa-pentru-albaiulieni-cu-ocazia-sarbatorilor-pascale\\\/#primaryimage\"},\"thumbnailUrl\":\"https:\\\/\\\/urbeamea.ro\\\/albaiulia\\\/wp-content\\\/uploads\\\/2025\\\/04\\\/plesa_paste2025.jpg\",\"datePublished\":\"2025-04-17T18:04:44+00:00\",\"dateModified\":\"2025-04-17T18:12:07+00:00\",\"author\":{\"@id\":\"https:\\\/\\\/urbeamea.ro\\\/albaiulia\\\/#\\\/schema\\\/person\\\/a115373ce8153754c6b084232d985956\"},\"description\":\"Dragi albaiulieni, C\u00e2te lumini poate aprinde flac\u0103ra unei singure lum\u00e2n\u0103ri? Nenum\u0103rate! \u0218i ce bucurie \u00eemp\u0103rt\u0103\u0219it\u0103 ca, \u00een noaptea \u00cenvierii, ortodoc\u0219i,\",\"breadcrumb\":{\"@id\":\"https:\\\/\\\/urbeamea.ro\\\/albaiulia\\\/video-mesajul-primarului-gabriel-plesa-pentru-albaiulieni-cu-ocazia-sarbatorilor-pascale\\\/#breadcrumb\"},\"inLanguage\":\"ro-RO\",\"potentialAction\":[{\"@type\":\"ReadAction\",\"target\":[\"https:\\\/\\\/urbeamea.ro\\\/albaiulia\\\/video-mesajul-primarului-gabriel-plesa-pentru-albaiulieni-cu-ocazia-sarbatorilor-pascale\\\/\"]}]},{\"@type\":\"ImageObject\",\"inLanguage\":\"ro-RO\",\"@id\":\"https:\\\/\\\/urbeamea.ro\\\/albaiulia\\\/video-mesajul-primarului-gabriel-plesa-pentru-albaiulieni-cu-ocazia-sarbatorilor-pascale\\\/#primaryimage\",\"url\":\"https:\\\/\\\/urbeamea.ro\\\/albaiulia\\\/wp-content\\\/uploads\\\/2025\\\/04\\\/plesa_paste2025.jpg\",\"contentUrl\":\"https:\\\/\\\/urbeamea.ro\\\/albaiulia\\\/wp-content\\\/uploads\\\/2025\\\/04\\\/plesa_paste2025.jpg\",\"width\":1600,\"height\":814},{\"@type\":\"BreadcrumbList\",\"@id\":\"https:\\\/\\\/urbeamea.ro\\\/albaiulia\\\/video-mesajul-primarului-gabriel-plesa-pentru-albaiulieni-cu-ocazia-sarbatorilor-pascale\\\/#breadcrumb\",\"itemListElement\":[{\"@type\":\"ListItem\",\"position\":1,\"name\":\"Prima pagin\u0103\",\"item\":\"https:\\\/\\\/urbeamea.ro\\\/albaiulia\\\/\"},{\"@type\":\"ListItem\",\"position\":2,\"name\":\"VIDEO: Mesajul primarului Gabriel Ple\u0219a pentru albaiulieni, cu ocazia S\u0103rb\u0103torilor Pascale\"}]},{\"@type\":\"WebSite\",\"@id\":\"https:\\\/\\\/urbeamea.ro\\\/albaiulia\\\/#website\",\"url\":\"https:\\\/\\\/urbeamea.ro\\\/albaiulia\\\/\",\"name\":\"Revista Urbea Mea, Stiri urbane\",\"description\":\"Evenimente \u0219i \u0219tiri din Alba Iulia, Sebe\u0219, Aiud, Blaj\",\"potentialAction\":[{\"@type\":\"SearchAction\",\"target\":{\"@type\":\"EntryPoint\",\"urlTemplate\":\"https:\\\/\\\/urbeamea.ro\\\/albaiulia\\\/?s={search_term_string}\"},\"query-input\":{\"@type\":\"PropertyValueSpecification\",\"valueRequired\":true,\"valueName\":\"search_term_string\"}}],\"inLanguage\":\"ro-RO\"},{\"@type\":\"Person\",\"@id\":\"https:\\\/\\\/urbeamea.ro\\\/albaiulia\\\/#\\\/schema\\\/person\\\/a115373ce8153754c6b084232d985956\",\"name\":\"Bogdan P\u0103unescu\",\"image\":{\"@type\":\"ImageObject\",\"inLanguage\":\"ro-RO\",\"@id\":\"https:\\\/\\\/secure.gravatar.com\\\/avatar\\\/f72aa881b5a32ea110a53aabc2049429e3ff68fcb09d283722d01fbf330e9dd9?s=96&d=mm&r=g\",\"url\":\"https:\\\/\\\/secure.gravatar.com\\\/avatar\\\/f72aa881b5a32ea110a53aabc2049429e3ff68fcb09d283722d01fbf330e9dd9?s=96&d=mm&r=g\",\"contentUrl\":\"https:\\\/\\\/secure.gravatar.com\\\/avatar\\\/f72aa881b5a32ea110a53aabc2049429e3ff68fcb09d283722d01fbf330e9dd9?s=96&d=mm&r=g\",\"caption\":\"Bogdan P\u0103unescu\"},\"description\":\"\u00cemi place tot ceea ce este legat de web \u015fi ajut la dezvoltarea \u015fi \u00eembun\u0103t\u0103\u0163irea lui prin tot ceea ce fac.\",\"sameAs\":[\"https:\\\/\\\/www.artonmedia.ro\",\"https:\\\/\\\/www.facebook.com\\\/bogdanvpaunescu\"],\"url\":\"https:\\\/\\\/urbeamea.ro\\\/albaiulia\\\/author\\\/bogdan-paunescu\\\/\"}]}<\/script>\n<!-- \/ Yoast SEO plugin. -->","yoast_head_json":{"title":"VIDEO: Mesajul primarului Gabriel Ple\u0219a pentru albaiulieni, cu ocazia S\u0103rb\u0103torilor Pascale - Revista Urbea Mea - Revista de Alba","description":"Dragi albaiulieni, C\u00e2te lumini poate aprinde flac\u0103ra unei singure lum\u00e2n\u0103ri? Nenum\u0103rate! \u0218i ce bucurie \u00eemp\u0103rt\u0103\u0219it\u0103 ca, \u00een noaptea \u00cenvierii, ortodoc\u0219i,","robots":{"index":"index","follow":"follow","max-snippet":"max-snippet:-1","max-image-preview":"max-image-preview:large","max-video-preview":"max-video-preview:-1"},"canonical":"https:\/\/urbeamea.ro\/albaiulia\/video-mesajul-primarului-gabriel-plesa-pentru-albaiulieni-cu-ocazia-sarbatorilor-pascale\/","twitter_card":"summary_large_image","twitter_title":"VIDEO: Mesajul primarului Gabriel Ple\u0219a pentru albaiulieni, cu ocazia S\u0103rb\u0103torilor Pascale - Revista Urbea Mea - Revista de Alba","twitter_description":"Dragi albaiulieni, C\u00e2te lumini poate aprinde flac\u0103ra unei singure lum\u00e2n\u0103ri? Nenum\u0103rate! \u0218i ce bucurie \u00eemp\u0103rt\u0103\u0219it\u0103 ca, \u00een noaptea \u00cenvierii, ortodoc\u0219i,","twitter_image":"https:\/\/urbeamea.ro\/albaiulia\/wp-content\/uploads\/2025\/04\/plesa_paste2025.jpg","twitter_creator":"@urbeameaweb","twitter_site":"@urbeameaweb","schema":{"@context":"https:\/\/schema.org","@graph":[{"@type":"Article","@id":"https:\/\/urbeamea.ro\/albaiulia\/video-mesajul-primarului-gabriel-plesa-pentru-albaiulieni-cu-ocazia-sarbatorilor-pascale\/#article","isPartOf":{"@id":"https:\/\/urbeamea.ro\/albaiulia\/video-mesajul-primarului-gabriel-plesa-pentru-albaiulieni-cu-ocazia-sarbatorilor-pascale\/"},"author":{"name":"Bogdan P\u0103unescu","@id":"https:\/\/urbeamea.ro\/albaiulia\/#\/schema\/person\/a115373ce8153754c6b084232d985956"},"headline":"VIDEO: Mesajul primarului Gabriel Ple\u0219a pentru albaiulieni, cu ocazia S\u0103rb\u0103torilor Pascale","datePublished":"2025-04-17T18:04:44+00:00","dateModified":"2025-04-17T18:12:07+00:00","mainEntityOfPage":{"@id":"https:\/\/urbeamea.ro\/albaiulia\/video-mesajul-primarului-gabriel-plesa-pentru-albaiulieni-cu-ocazia-sarbatorilor-pascale\/"},"wordCount":313,"commentCount":0,"image":{"@id":"https:\/\/urbeamea.ro\/albaiulia\/video-mesajul-primarului-gabriel-plesa-pentru-albaiulieni-cu-ocazia-sarbatorilor-pascale\/#primaryimage"},"thumbnailUrl":"https:\/\/urbeamea.ro\/albaiulia\/wp-content\/uploads\/2025\/04\/plesa_paste2025.jpg","articleSection":["Social"],"inLanguage":"ro-RO","potentialAction":[{"@type":"CommentAction","name":"Comment","target":["https:\/\/urbeamea.ro\/albaiulia\/video-mesajul-primarului-gabriel-plesa-pentru-albaiulieni-cu-ocazia-sarbatorilor-pascale\/#respond"]}]},{"@type":"WebPage","@id":"https:\/\/urbeamea.ro\/albaiulia\/video-mesajul-primarului-gabriel-plesa-pentru-albaiulieni-cu-ocazia-sarbatorilor-pascale\/","url":"https:\/\/urbeamea.ro\/albaiulia\/video-mesajul-primarului-gabriel-plesa-pentru-albaiulieni-cu-ocazia-sarbatorilor-pascale\/","name":"VIDEO: Mesajul primarului Gabriel Ple\u0219a pentru albaiulieni, cu ocazia S\u0103rb\u0103torilor Pascale - Revista Urbea Mea - Revista de Alba","isPartOf":{"@id":"https:\/\/urbeamea.ro\/albaiulia\/#website"},"primaryImageOfPage":{"@id":"https:\/\/urbeamea.ro\/albaiulia\/video-mesajul-primarului-gabriel-plesa-pentru-albaiulieni-cu-ocazia-sarbatorilor-pascale\/#primaryimage"},"image":{"@id":"https:\/\/urbeamea.ro\/albaiulia\/video-mesajul-primarului-gabriel-plesa-pentru-albaiulieni-cu-ocazia-sarbatorilor-pascale\/#primaryimage"},"thumbnailUrl":"https:\/\/urbeamea.ro\/albaiulia\/wp-content\/uploads\/2025\/04\/plesa_paste2025.jpg","datePublished":"2025-04-17T18:04:44+00:00","dateModified":"2025-04-17T18:12:07+00:00","author":{"@id":"https:\/\/urbeamea.ro\/albaiulia\/#\/schema\/person\/a115373ce8153754c6b084232d985956"},"description":"Dragi albaiulieni, C\u00e2te lumini poate aprinde flac\u0103ra unei singure lum\u00e2n\u0103ri? Nenum\u0103rate! \u0218i ce bucurie \u00eemp\u0103rt\u0103\u0219it\u0103 ca, \u00een noaptea \u00cenvierii, ortodoc\u0219i,","breadcrumb":{"@id":"https:\/\/urbeamea.ro\/albaiulia\/video-mesajul-primarului-gabriel-plesa-pentru-albaiulieni-cu-ocazia-sarbatorilor-pascale\/#breadcrumb"},"inLanguage":"ro-RO","potentialAction":[{"@type":"ReadAction","target":["https:\/\/urbeamea.ro\/albaiulia\/video-mesajul-primarului-gabriel-plesa-pentru-albaiulieni-cu-ocazia-sarbatorilor-pascale\/"]}]},{"@type":"ImageObject","inLanguage":"ro-RO","@id":"https:\/\/urbeamea.ro\/albaiulia\/video-mesajul-primarului-gabriel-plesa-pentru-albaiulieni-cu-ocazia-sarbatorilor-pascale\/#primaryimage","url":"https:\/\/urbeamea.ro\/albaiulia\/wp-content\/uploads\/2025\/04\/plesa_paste2025.jpg","contentUrl":"https:\/\/urbeamea.ro\/albaiulia\/wp-content\/uploads\/2025\/04\/plesa_paste2025.jpg","width":1600,"height":814},{"@type":"BreadcrumbList","@id":"https:\/\/urbeamea.ro\/albaiulia\/video-mesajul-primarului-gabriel-plesa-pentru-albaiulieni-cu-ocazia-sarbatorilor-pascale\/#breadcrumb","itemListElement":[{"@type":"ListItem","position":1,"name":"Prima pagin\u0103","item":"https:\/\/urbeamea.ro\/albaiulia\/"},{"@type":"ListItem","position":2,"name":"VIDEO: Mesajul primarului Gabriel Ple\u0219a pentru albaiulieni, cu ocazia S\u0103rb\u0103torilor Pascale"}]},{"@type":"WebSite","@id":"https:\/\/urbeamea.ro\/albaiulia\/#website","url":"https:\/\/urbeamea.ro\/albaiulia\/","name":"Revista Urbea Mea, Stiri urbane","description":"Evenimente \u0219i \u0219tiri din Alba Iulia, Sebe\u0219, Aiud, Blaj","potentialAction":[{"@type":"SearchAction","target":{"@type":"EntryPoint","urlTemplate":"https:\/\/urbeamea.ro\/albaiulia\/?s={search_term_string}"},"query-input":{"@type":"PropertyValueSpecification","valueRequired":true,"valueName":"search_term_string"}}],"inLanguage":"ro-RO"},{"@type":"Person","@id":"https:\/\/urbeamea.ro\/albaiulia\/#\/schema\/person\/a115373ce8153754c6b084232d985956","name":"Bogdan P\u0103unescu","image":{"@type":"ImageObject","inLanguage":"ro-RO","@id":"https:\/\/secure.gravatar.com\/avatar\/f72aa881b5a32ea110a53aabc2049429e3ff68fcb09d283722d01fbf330e9dd9?s=96&d=mm&r=g","url":"https:\/\/secure.gravatar.com\/avatar\/f72aa881b5a32ea110a53aabc2049429e3ff68fcb09d283722d01fbf330e9dd9?s=96&d=mm&r=g","contentUrl":"https:\/\/secure.gravatar.com\/avatar\/f72aa881b5a32ea110a53aabc2049429e3ff68fcb09d283722d01fbf330e9dd9?s=96&d=mm&r=g","caption":"Bogdan P\u0103unescu"},"description":"\u00cemi place tot ceea ce este legat de web \u015fi ajut la dezvoltarea \u015fi \u00eembun\u0103t\u0103\u0163irea lui prin tot ceea ce fac.","sameAs":["https:\/\/www.artonmedia.ro","https:\/\/www.facebook.com\/bogdanvpaunescu"],"url":"https:\/\/urbeamea.ro\/albaiulia\/author\/bogdan-paunescu\/"}]}},"_links":{"self":[{"href":"https:\/\/urbeamea.ro\/albaiulia\/wp-json\/wp\/v2\/posts\/117214","targetHints":{"allow":["GET"]}}],"collection":[{"href":"https:\/\/urbeamea.ro\/albaiulia\/wp-json\/wp\/v2\/posts"}],"about":[{"href":"https:\/\/urbeamea.ro\/albaiulia\/wp-json\/wp\/v2\/types\/post"}],"author":[{"embeddable":true,"href":"https:\/\/urbeamea.ro\/albaiulia\/wp-json\/wp\/v2\/users\/5"}],"replies":[{"embeddable":true,"href":"https:\/\/urbeamea.ro\/albaiulia\/wp-json\/wp\/v2\/comments?post=117214"}],"version-history":[{"count":1,"href":"https:\/\/urbeamea.ro\/albaiulia\/wp-json\/wp\/v2\/posts\/117214\/revisions"}],"predecessor-version":[{"id":117215,"href":"https:\/\/urbeamea.ro\/albaiulia\/wp-json\/wp\/v2\/posts\/117214\/revisions\/117215"}],"wp:featuredmedia":[{"embeddable":true,"href":"https:\/\/urbeamea.ro\/albaiulia\/wp-json\/wp\/v2\/media\/117216"}],"wp:attachment":[{"href":"https:\/\/urbeamea.ro\/albaiulia\/wp-json\/wp\/v2\/media?parent=117214"}],"wp:term":[{"taxonomy":"category","embeddable":true,"href":"https:\/\/urbeamea.ro\/albaiulia\/wp-json\/wp\/v2\/categories?post=117214"},{"taxonomy":"post_tag","embeddable":true,"href":"https:\/\/urbeamea.ro\/albaiulia\/wp-json\/wp\/v2\/tags?post=117214"}],"curies":[{"name":"wp","href":"https:\/\/api.w.org\/{rel}","templated":true}]}}