{"id":117217,"date":"2025-04-17T21:33:55","date_gmt":"2025-04-17T18:33:55","guid":{"rendered":"https:\/\/urbeamea.ro\/albaiulia\/?p=117217"},"modified":"2025-04-17T21:33:57","modified_gmt":"2025-04-17T18:33:57","slug":"slujba-spalarii-picioarelor-si-a-sfintirii-painii-si-a-vinului-la-catedrala-arhiepiscopala-majora-sfanta-treime-din-blaj","status":"publish","type":"post","link":"https:\/\/urbeamea.ro\/albaiulia\/slujba-spalarii-picioarelor-si-a-sfintirii-painii-si-a-vinului-la-catedrala-arhiepiscopala-majora-sfanta-treime-din-blaj\/","title":{"rendered":"Slujba sp\u0103l\u0103rii picioarelor \u0219i a sfin\u021birii p\u00e2inii \u0219i a vinului, la Catedrala Arhiepiscopal\u0103 Major\u0103 &#8222;Sf\u00e2nta Treime&#8221; din Blaj"},"content":{"rendered":"\n<p><strong>\u00cen diminea\u021ba Joii Mari, \u00een Catedrala Arhiepiscopal\u0103 Major\u0103 \u201eSf\u00e2nta Treime\u201d din Blaj, a fost celebrat\u0103 Vecernia unit\u0103 cu Sf\u00e2nta Liturghie a Sf\u00e2ntului Vasile cel Mare, slujb\u0103 cu profund\u0103 \u00eenc\u0103rc\u0103tur\u0103 spiritual\u0103 specific\u0103 acestei zile.<\/strong><\/p>\n\n\n\n<p>\u00cen cadrul celebr\u0103rii au existat dou\u0103 momente deosebit de importante:<\/p>\n\n\n\n<p>\u2013 Slujba sp\u0103l\u0103rii picioarelor, prin care se rememoreaz\u0103 gestul de smerenie al M\u00e2ntuitorului, care a sp\u0103lat picioarele ucenicilor S\u0103i;<\/p>\n\n\n\n<p>\u2013 Sfin\u021birea p\u00e2inii \u0219i a vinului care vor fi \u00eemp\u0103r\u021bite credincio\u0219ilor \u00een noaptea Pa\u0219tilor.<\/p>\n\n\n\n<p>Toate reprezint\u0103 momente de profund\u0103 comuniune liturgic\u0103 \u0219i rug\u0103ciune, \u00een a\u0219teptarea P\u0103timirii, Mor\u021bii \u0219i \u00cenvierii <\/p>\n\n\n\n<figure class=\"wp-block-image size-full\"><img loading=\"lazy\" decoding=\"async\" width=\"1080\" height=\"609\" src=\"https:\/\/urbeamea.ro\/albaiulia\/wp-content\/uploads\/2025\/04\/1000034660.jpg\" alt=\"\" class=\"wp-image-117218\" srcset=\"https:\/\/urbeamea.ro\/albaiulia\/wp-content\/uploads\/2025\/04\/1000034660.jpg 1080w, https:\/\/urbeamea.ro\/albaiulia\/wp-content\/uploads\/2025\/04\/1000034660-640x361.jpg 640w, https:\/\/urbeamea.ro\/albaiulia\/wp-content\/uploads\/2025\/04\/1000034660-150x85.jpg 150w, https:\/\/urbeamea.ro\/albaiulia\/wp-content\/uploads\/2025\/04\/1000034660-768x433.jpg 768w, https:\/\/urbeamea.ro\/albaiulia\/wp-content\/uploads\/2025\/04\/1000034660-390x220.jpg 390w\" sizes=\"auto, (max-width: 1080px) 100vw, 1080px\" \/><\/figure>\n\n\n\n<figure class=\"wp-block-gallery has-nested-images columns-default is-cropped wp-block-gallery-1 is-layout-flex wp-block-gallery-is-layout-flex\">\n<figure class=\"wp-block-image size-large\"><img loading=\"lazy\" decoding=\"async\" width=\"1080\" height=\"719\" data-id=\"117219\" src=\"https:\/\/urbeamea.ro\/albaiulia\/wp-content\/uploads\/2025\/04\/1000034661.jpg\" alt=\"\" class=\"wp-image-117219\" srcset=\"https:\/\/urbeamea.ro\/albaiulia\/wp-content\/uploads\/2025\/04\/1000034661.jpg 1080w, https:\/\/urbeamea.ro\/albaiulia\/wp-content\/uploads\/2025\/04\/1000034661-640x426.jpg 640w, https:\/\/urbeamea.ro\/albaiulia\/wp-content\/uploads\/2025\/04\/1000034661-150x100.jpg 150w, https:\/\/urbeamea.ro\/albaiulia\/wp-content\/uploads\/2025\/04\/1000034661-768x511.jpg 768w\" sizes=\"auto, (max-width: 1080px) 100vw, 1080px\" \/><\/figure>\n\n\n\n<figure class=\"wp-block-image size-large\"><img loading=\"lazy\" decoding=\"async\" width=\"1080\" height=\"775\" data-id=\"117220\" src=\"https:\/\/urbeamea.ro\/albaiulia\/wp-content\/uploads\/2025\/04\/1000034662.jpg\" alt=\"\" class=\"wp-image-117220\" srcset=\"https:\/\/urbeamea.ro\/albaiulia\/wp-content\/uploads\/2025\/04\/1000034662.jpg 1080w, https:\/\/urbeamea.ro\/albaiulia\/wp-content\/uploads\/2025\/04\/1000034662-640x459.jpg 640w, https:\/\/urbeamea.ro\/albaiulia\/wp-content\/uploads\/2025\/04\/1000034662-150x108.jpg 150w, https:\/\/urbeamea.ro\/albaiulia\/wp-content\/uploads\/2025\/04\/1000034662-768x551.jpg 768w\" sizes=\"auto, (max-width: 1080px) 100vw, 1080px\" \/><\/figure>\n\n\n\n<figure class=\"wp-block-image size-large\"><img loading=\"lazy\" decoding=\"async\" width=\"1080\" height=\"720\" data-id=\"117221\" src=\"https:\/\/urbeamea.ro\/albaiulia\/wp-content\/uploads\/2025\/04\/1000034663.jpg\" alt=\"\" class=\"wp-image-117221\" srcset=\"https:\/\/urbeamea.ro\/albaiulia\/wp-content\/uploads\/2025\/04\/1000034663.jpg 1080w, https:\/\/urbeamea.ro\/albaiulia\/wp-content\/uploads\/2025\/04\/1000034663-640x427.jpg 640w, https:\/\/urbeamea.ro\/albaiulia\/wp-content\/uploads\/2025\/04\/1000034663-150x100.jpg 150w, https:\/\/urbeamea.ro\/albaiulia\/wp-content\/uploads\/2025\/04\/1000034663-768x512.jpg 768w\" sizes=\"auto, (max-width: 1080px) 100vw, 1080px\" \/><\/figure>\n\n\n\n<figure class=\"wp-block-image size-large\"><img loading=\"lazy\" decoding=\"async\" width=\"1080\" height=\"724\" data-id=\"117222\" src=\"https:\/\/urbeamea.ro\/albaiulia\/wp-content\/uploads\/2025\/04\/1000034664.jpg\" alt=\"\" class=\"wp-image-117222\" srcset=\"https:\/\/urbeamea.ro\/albaiulia\/wp-content\/uploads\/2025\/04\/1000034664.jpg 1080w, https:\/\/urbeamea.ro\/albaiulia\/wp-content\/uploads\/2025\/04\/1000034664-640x429.jpg 640w, https:\/\/urbeamea.ro\/albaiulia\/wp-content\/uploads\/2025\/04\/1000034664-150x101.jpg 150w, https:\/\/urbeamea.ro\/albaiulia\/wp-content\/uploads\/2025\/04\/1000034664-768x515.jpg 768w\" sizes=\"auto, (max-width: 1080px) 100vw, 1080px\" \/><\/figure>\n\n\n\n<figure class=\"wp-block-image size-large\"><img loading=\"lazy\" decoding=\"async\" width=\"1080\" height=\"719\" data-id=\"117223\" src=\"https:\/\/urbeamea.ro\/albaiulia\/wp-content\/uploads\/2025\/04\/1000034665.jpg\" alt=\"\" class=\"wp-image-117223\" srcset=\"https:\/\/urbeamea.ro\/albaiulia\/wp-content\/uploads\/2025\/04\/1000034665.jpg 1080w, https:\/\/urbeamea.ro\/albaiulia\/wp-content\/uploads\/2025\/04\/1000034665-640x426.jpg 640w, https:\/\/urbeamea.ro\/albaiulia\/wp-content\/uploads\/2025\/04\/1000034665-150x100.jpg 150w, https:\/\/urbeamea.ro\/albaiulia\/wp-content\/uploads\/2025\/04\/1000034665-768x511.jpg 768w\" sizes=\"auto, (max-width: 1080px) 100vw, 1080px\" \/><\/figure>\n\n\n\n<figure class=\"wp-block-image size-large\"><img loading=\"lazy\" decoding=\"async\" width=\"1080\" height=\"721\" data-id=\"117224\" src=\"https:\/\/urbeamea.ro\/albaiulia\/wp-content\/uploads\/2025\/04\/1000034666.jpg\" alt=\"\" class=\"wp-image-117224\" srcset=\"https:\/\/urbeamea.ro\/albaiulia\/wp-content\/uploads\/2025\/04\/1000034666.jpg 1080w, https:\/\/urbeamea.ro\/albaiulia\/wp-content\/uploads\/2025\/04\/1000034666-640x427.jpg 640w, https:\/\/urbeamea.ro\/albaiulia\/wp-content\/uploads\/2025\/04\/1000034666-150x100.jpg 150w, https:\/\/urbeamea.ro\/albaiulia\/wp-content\/uploads\/2025\/04\/1000034666-768x513.jpg 768w\" sizes=\"auto, (max-width: 1080px) 100vw, 1080px\" \/><\/figure>\n\n\n\n<figure class=\"wp-block-image size-large\"><img loading=\"lazy\" decoding=\"async\" width=\"1080\" height=\"770\" data-id=\"117225\" src=\"https:\/\/urbeamea.ro\/albaiulia\/wp-content\/uploads\/2025\/04\/1000034667.jpg\" alt=\"\" class=\"wp-image-117225\" srcset=\"https:\/\/urbeamea.ro\/albaiulia\/wp-content\/uploads\/2025\/04\/1000034667.jpg 1080w, https:\/\/urbeamea.ro\/albaiulia\/wp-content\/uploads\/2025\/04\/1000034667-640x456.jpg 640w, https:\/\/urbeamea.ro\/albaiulia\/wp-content\/uploads\/2025\/04\/1000034667-150x107.jpg 150w, https:\/\/urbeamea.ro\/albaiulia\/wp-content\/uploads\/2025\/04\/1000034667-768x548.jpg 768w\" sizes=\"auto, (max-width: 1080px) 100vw, 1080px\" \/><\/figure>\n\n\n\n<figure class=\"wp-block-image size-large\"><img loading=\"lazy\" decoding=\"async\" width=\"1080\" height=\"768\" data-id=\"117226\" src=\"https:\/\/urbeamea.ro\/albaiulia\/wp-content\/uploads\/2025\/04\/1000034668.jpg\" alt=\"\" class=\"wp-image-117226\" srcset=\"https:\/\/urbeamea.ro\/albaiulia\/wp-content\/uploads\/2025\/04\/1000034668.jpg 1080w, https:\/\/urbeamea.ro\/albaiulia\/wp-content\/uploads\/2025\/04\/1000034668-640x455.jpg 640w, https:\/\/urbeamea.ro\/albaiulia\/wp-content\/uploads\/2025\/04\/1000034668-150x107.jpg 150w, https:\/\/urbeamea.ro\/albaiulia\/wp-content\/uploads\/2025\/04\/1000034668-768x546.jpg 768w\" sizes=\"auto, (max-width: 1080px) 100vw, 1080px\" \/><\/figure>\n\n\n\n<figure class=\"wp-block-image size-large\"><img loading=\"lazy\" decoding=\"async\" width=\"1080\" height=\"722\" data-id=\"117227\" src=\"https:\/\/urbeamea.ro\/albaiulia\/wp-content\/uploads\/2025\/04\/1000034669.jpg\" alt=\"\" class=\"wp-image-117227\" srcset=\"https:\/\/urbeamea.ro\/albaiulia\/wp-content\/uploads\/2025\/04\/1000034669.jpg 1080w, https:\/\/urbeamea.ro\/albaiulia\/wp-content\/uploads\/2025\/04\/1000034669-640x428.jpg 640w, https:\/\/urbeamea.ro\/albaiulia\/wp-content\/uploads\/2025\/04\/1000034669-150x100.jpg 150w, https:\/\/urbeamea.ro\/albaiulia\/wp-content\/uploads\/2025\/04\/1000034669-768x513.jpg 768w\" sizes=\"auto, (max-width: 1080px) 100vw, 1080px\" \/><\/figure>\n\n\n\n<figure class=\"wp-block-image size-large\"><img loading=\"lazy\" decoding=\"async\" width=\"1080\" height=\"719\" data-id=\"117228\" src=\"https:\/\/urbeamea.ro\/albaiulia\/wp-content\/uploads\/2025\/04\/1000034670.jpg\" alt=\"\" class=\"wp-image-117228\" srcset=\"https:\/\/urbeamea.ro\/albaiulia\/wp-content\/uploads\/2025\/04\/1000034670.jpg 1080w, https:\/\/urbeamea.ro\/albaiulia\/wp-content\/uploads\/2025\/04\/1000034670-640x426.jpg 640w, https:\/\/urbeamea.ro\/albaiulia\/wp-content\/uploads\/2025\/04\/1000034670-150x100.jpg 150w, https:\/\/urbeamea.ro\/albaiulia\/wp-content\/uploads\/2025\/04\/1000034670-768x511.jpg 768w\" sizes=\"auto, (max-width: 1080px) 100vw, 1080px\" \/><\/figure>\n\n\n\n<figure class=\"wp-block-image size-large\"><img loading=\"lazy\" decoding=\"async\" width=\"1080\" height=\"609\" data-id=\"117229\" src=\"https:\/\/urbeamea.ro\/albaiulia\/wp-content\/uploads\/2025\/04\/1000034671.jpg\" alt=\"\" class=\"wp-image-117229\" srcset=\"https:\/\/urbeamea.ro\/albaiulia\/wp-content\/uploads\/2025\/04\/1000034671.jpg 1080w, https:\/\/urbeamea.ro\/albaiulia\/wp-content\/uploads\/2025\/04\/1000034671-640x361.jpg 640w, https:\/\/urbeamea.ro\/albaiulia\/wp-content\/uploads\/2025\/04\/1000034671-150x85.jpg 150w, https:\/\/urbeamea.ro\/albaiulia\/wp-content\/uploads\/2025\/04\/1000034671-768x433.jpg 768w, https:\/\/urbeamea.ro\/albaiulia\/wp-content\/uploads\/2025\/04\/1000034671-390x220.jpg 390w\" sizes=\"auto, (max-width: 1080px) 100vw, 1080px\" \/><\/figure>\n<\/figure>\n","protected":false},"excerpt":{"rendered":"<p>\u00cen diminea\u021ba Joii Mari, \u00een Catedrala Arhiepiscopal\u0103 Major\u0103 \u201eSf\u00e2nta Treime\u201d din Blaj, a fost celebrat\u0103 Vecernia unit\u0103 cu Sf\u00e2nta Liturghie a Sf\u00e2ntului Vasile cel Mare, slujb\u0103 cu profund\u0103 \u00eenc\u0103rc\u0103tur\u0103 spiritual\u0103 specific\u0103 acestei zile. \u00cen cadrul celebr\u0103rii au existat dou\u0103 momente deosebit de importante: \u2013 Slujba sp\u0103l\u0103rii picioarelor, prin care se rememoreaz\u0103 gestul de smerenie al &hellip;<\/p>\n","protected":false},"author":28,"featured_media":117219,"comment_status":"open","ping_status":"open","sticky":false,"template":"","format":"standard","meta":{"inline_featured_image":false,"footnotes":""},"categories":[4,2034,1,16344],"tags":[14574,25290],"class_list":["post-117217","post","type-post","status-publish","format-standard","has-post-thumbnail","hentry","category-eveniment","category-social","category-stiri-urbane","category-urbea-mea","tag-catedrala-arhiepiscopala","tag-slujba-spalarii-picioarelor"],"yoast_head":"<!-- This site is optimized with the Yoast SEO plugin v27.4 - https:\/\/yoast.com\/product\/yoast-seo-wordpress\/ -->\n<title>Slujba sp\u0103l\u0103rii picioarelor \u0219i a sfin\u021birii p\u00e2inii \u0219i a vinului, la Catedrala Arhiepiscopal\u0103 Major\u0103 &quot;Sf\u00e2nta Treime&quot; din Blaj - Revista Urbea Mea - Revista de Alba<\/title>\n<meta name=\"description\" content=\"\u00cen diminea\u021ba Joii Mari, \u00een Catedrala Arhiepiscopal\u0103 Major\u0103 \u201eSf\u00e2nta Treime\u201d din Blaj, a fost celebrat\u0103 Vecernia unit\u0103 cu Sf\u00e2nta Liturghie a Sf\u00e2ntului\" \/>\n<meta name=\"robots\" content=\"index, follow, max-snippet:-1, max-image-preview:large, max-video-preview:-1\" \/>\n<link rel=\"canonical\" href=\"https:\/\/urbeamea.ro\/albaiulia\/slujba-spalarii-picioarelor-si-a-sfintirii-painii-si-a-vinului-la-catedrala-arhiepiscopala-majora-sfanta-treime-din-blaj\/\" \/>\n<meta name=\"twitter:card\" content=\"summary_large_image\" \/>\n<meta name=\"twitter:title\" content=\"Slujba sp\u0103l\u0103rii picioarelor \u0219i a sfin\u021birii p\u00e2inii \u0219i a vinului, la Catedrala Arhiepiscopal\u0103 Major\u0103 &quot;Sf\u00e2nta Treime&quot; din Blaj - Revista Urbea Mea - Revista de Alba\" \/>\n<meta name=\"twitter:description\" content=\"\u00cen diminea\u021ba Joii Mari, \u00een Catedrala Arhiepiscopal\u0103 Major\u0103 \u201eSf\u00e2nta Treime\u201d din Blaj, a fost celebrat\u0103 Vecernia unit\u0103 cu Sf\u00e2nta Liturghie a Sf\u00e2ntului\" \/>\n<meta name=\"twitter:image\" content=\"https:\/\/urbeamea.ro\/albaiulia\/wp-content\/uploads\/2025\/04\/1000034661.jpg\" \/>\n<meta name=\"twitter:creator\" content=\"@urbeameaweb\" \/>\n<meta name=\"twitter:site\" content=\"@urbeameaweb\" \/>\n<script type=\"application\/ld+json\" class=\"yoast-schema-graph\">{\"@context\":\"https:\\\/\\\/schema.org\",\"@graph\":[{\"@type\":\"Article\",\"@id\":\"https:\\\/\\\/urbeamea.ro\\\/albaiulia\\\/slujba-spalarii-picioarelor-si-a-sfintirii-painii-si-a-vinului-la-catedrala-arhiepiscopala-majora-sfanta-treime-din-blaj\\\/#article\",\"isPartOf\":{\"@id\":\"https:\\\/\\\/urbeamea.ro\\\/albaiulia\\\/slujba-spalarii-picioarelor-si-a-sfintirii-painii-si-a-vinului-la-catedrala-arhiepiscopala-majora-sfanta-treime-din-blaj\\\/\"},\"author\":{\"name\":\"Giurca Sorin\",\"@id\":\"https:\\\/\\\/urbeamea.ro\\\/albaiulia\\\/#\\\/schema\\\/person\\\/5db3854ac38c1cc9f0ab4092d6a20f02\"},\"headline\":\"Slujba sp\u0103l\u0103rii picioarelor \u0219i a sfin\u021birii p\u00e2inii \u0219i a vinului, la Catedrala Arhiepiscopal\u0103 Major\u0103 &#8222;Sf\u00e2nta Treime&#8221; din Blaj\",\"datePublished\":\"2025-04-17T18:33:55+00:00\",\"dateModified\":\"2025-04-17T18:33:57+00:00\",\"mainEntityOfPage\":{\"@id\":\"https:\\\/\\\/urbeamea.ro\\\/albaiulia\\\/slujba-spalarii-picioarelor-si-a-sfintirii-painii-si-a-vinului-la-catedrala-arhiepiscopala-majora-sfanta-treime-din-blaj\\\/\"},\"wordCount\":134,\"commentCount\":0,\"image\":{\"@id\":\"https:\\\/\\\/urbeamea.ro\\\/albaiulia\\\/slujba-spalarii-picioarelor-si-a-sfintirii-painii-si-a-vinului-la-catedrala-arhiepiscopala-majora-sfanta-treime-din-blaj\\\/#primaryimage\"},\"thumbnailUrl\":\"https:\\\/\\\/urbeamea.ro\\\/albaiulia\\\/wp-content\\\/uploads\\\/2025\\\/04\\\/1000034661.jpg\",\"keywords\":[\"catedrala arhiepiscopala\",\"Slujba sp\u0103l\u0103rii picioarelor\"],\"articleSection\":[\"Evenimente\",\"Social\",\"\u015etiri Urbane\",\"Urbea Mea\"],\"inLanguage\":\"ro-RO\",\"potentialAction\":[{\"@type\":\"CommentAction\",\"name\":\"Comment\",\"target\":[\"https:\\\/\\\/urbeamea.ro\\\/albaiulia\\\/slujba-spalarii-picioarelor-si-a-sfintirii-painii-si-a-vinului-la-catedrala-arhiepiscopala-majora-sfanta-treime-din-blaj\\\/#respond\"]}]},{\"@type\":\"WebPage\",\"@id\":\"https:\\\/\\\/urbeamea.ro\\\/albaiulia\\\/slujba-spalarii-picioarelor-si-a-sfintirii-painii-si-a-vinului-la-catedrala-arhiepiscopala-majora-sfanta-treime-din-blaj\\\/\",\"url\":\"https:\\\/\\\/urbeamea.ro\\\/albaiulia\\\/slujba-spalarii-picioarelor-si-a-sfintirii-painii-si-a-vinului-la-catedrala-arhiepiscopala-majora-sfanta-treime-din-blaj\\\/\",\"name\":\"Slujba sp\u0103l\u0103rii picioarelor \u0219i a sfin\u021birii p\u00e2inii \u0219i a vinului, la Catedrala Arhiepiscopal\u0103 Major\u0103 \\\"Sf\u00e2nta Treime\\\" din Blaj - Revista Urbea Mea - Revista de Alba\",\"isPartOf\":{\"@id\":\"https:\\\/\\\/urbeamea.ro\\\/albaiulia\\\/#website\"},\"primaryImageOfPage\":{\"@id\":\"https:\\\/\\\/urbeamea.ro\\\/albaiulia\\\/slujba-spalarii-picioarelor-si-a-sfintirii-painii-si-a-vinului-la-catedrala-arhiepiscopala-majora-sfanta-treime-din-blaj\\\/#primaryimage\"},\"image\":{\"@id\":\"https:\\\/\\\/urbeamea.ro\\\/albaiulia\\\/slujba-spalarii-picioarelor-si-a-sfintirii-painii-si-a-vinului-la-catedrala-arhiepiscopala-majora-sfanta-treime-din-blaj\\\/#primaryimage\"},\"thumbnailUrl\":\"https:\\\/\\\/urbeamea.ro\\\/albaiulia\\\/wp-content\\\/uploads\\\/2025\\\/04\\\/1000034661.jpg\",\"datePublished\":\"2025-04-17T18:33:55+00:00\",\"dateModified\":\"2025-04-17T18:33:57+00:00\",\"author\":{\"@id\":\"https:\\\/\\\/urbeamea.ro\\\/albaiulia\\\/#\\\/schema\\\/person\\\/5db3854ac38c1cc9f0ab4092d6a20f02\"},\"description\":\"\u00cen diminea\u021ba Joii Mari, \u00een Catedrala Arhiepiscopal\u0103 Major\u0103 \u201eSf\u00e2nta Treime\u201d din Blaj, a fost celebrat\u0103 Vecernia unit\u0103 cu Sf\u00e2nta Liturghie a Sf\u00e2ntului\",\"breadcrumb\":{\"@id\":\"https:\\\/\\\/urbeamea.ro\\\/albaiulia\\\/slujba-spalarii-picioarelor-si-a-sfintirii-painii-si-a-vinului-la-catedrala-arhiepiscopala-majora-sfanta-treime-din-blaj\\\/#breadcrumb\"},\"inLanguage\":\"ro-RO\",\"potentialAction\":[{\"@type\":\"ReadAction\",\"target\":[\"https:\\\/\\\/urbeamea.ro\\\/albaiulia\\\/slujba-spalarii-picioarelor-si-a-sfintirii-painii-si-a-vinului-la-catedrala-arhiepiscopala-majora-sfanta-treime-din-blaj\\\/\"]}]},{\"@type\":\"ImageObject\",\"inLanguage\":\"ro-RO\",\"@id\":\"https:\\\/\\\/urbeamea.ro\\\/albaiulia\\\/slujba-spalarii-picioarelor-si-a-sfintirii-painii-si-a-vinului-la-catedrala-arhiepiscopala-majora-sfanta-treime-din-blaj\\\/#primaryimage\",\"url\":\"https:\\\/\\\/urbeamea.ro\\\/albaiulia\\\/wp-content\\\/uploads\\\/2025\\\/04\\\/1000034661.jpg\",\"contentUrl\":\"https:\\\/\\\/urbeamea.ro\\\/albaiulia\\\/wp-content\\\/uploads\\\/2025\\\/04\\\/1000034661.jpg\",\"width\":1080,\"height\":719},{\"@type\":\"BreadcrumbList\",\"@id\":\"https:\\\/\\\/urbeamea.ro\\\/albaiulia\\\/slujba-spalarii-picioarelor-si-a-sfintirii-painii-si-a-vinului-la-catedrala-arhiepiscopala-majora-sfanta-treime-din-blaj\\\/#breadcrumb\",\"itemListElement\":[{\"@type\":\"ListItem\",\"position\":1,\"name\":\"Prima pagin\u0103\",\"item\":\"https:\\\/\\\/urbeamea.ro\\\/albaiulia\\\/\"},{\"@type\":\"ListItem\",\"position\":2,\"name\":\"Slujba sp\u0103l\u0103rii picioarelor \u0219i a sfin\u021birii p\u00e2inii \u0219i a vinului, la Catedrala Arhiepiscopal\u0103 Major\u0103 &#8222;Sf\u00e2nta Treime&#8221; din Blaj\"}]},{\"@type\":\"WebSite\",\"@id\":\"https:\\\/\\\/urbeamea.ro\\\/albaiulia\\\/#website\",\"url\":\"https:\\\/\\\/urbeamea.ro\\\/albaiulia\\\/\",\"name\":\"Revista Urbea Mea, Stiri urbane\",\"description\":\"Evenimente \u0219i \u0219tiri din Alba Iulia, Sebe\u0219, Aiud, Blaj\",\"potentialAction\":[{\"@type\":\"SearchAction\",\"target\":{\"@type\":\"EntryPoint\",\"urlTemplate\":\"https:\\\/\\\/urbeamea.ro\\\/albaiulia\\\/?s={search_term_string}\"},\"query-input\":{\"@type\":\"PropertyValueSpecification\",\"valueRequired\":true,\"valueName\":\"search_term_string\"}}],\"inLanguage\":\"ro-RO\"},{\"@type\":\"Person\",\"@id\":\"https:\\\/\\\/urbeamea.ro\\\/albaiulia\\\/#\\\/schema\\\/person\\\/5db3854ac38c1cc9f0ab4092d6a20f02\",\"name\":\"Giurca Sorin\",\"image\":{\"@type\":\"ImageObject\",\"inLanguage\":\"ro-RO\",\"@id\":\"https:\\\/\\\/secure.gravatar.com\\\/avatar\\\/120f6fcae7b3b47a7730cb9943f612f4909f68ac5284b5f40ac1c4615fd70576?s=96&d=mm&r=g\",\"url\":\"https:\\\/\\\/secure.gravatar.com\\\/avatar\\\/120f6fcae7b3b47a7730cb9943f612f4909f68ac5284b5f40ac1c4615fd70576?s=96&d=mm&r=g\",\"contentUrl\":\"https:\\\/\\\/secure.gravatar.com\\\/avatar\\\/120f6fcae7b3b47a7730cb9943f612f4909f68ac5284b5f40ac1c4615fd70576?s=96&d=mm&r=g\",\"caption\":\"Giurca Sorin\"},\"url\":\"https:\\\/\\\/urbeamea.ro\\\/albaiulia\\\/author\\\/sorin\\\/\"}]}<\/script>\n<!-- \/ Yoast SEO plugin. -->","yoast_head_json":{"title":"Slujba sp\u0103l\u0103rii picioarelor \u0219i a sfin\u021birii p\u00e2inii \u0219i a vinului, la Catedrala Arhiepiscopal\u0103 Major\u0103 \"Sf\u00e2nta Treime\" din Blaj - Revista Urbea Mea - Revista de Alba","description":"\u00cen diminea\u021ba Joii Mari, \u00een Catedrala Arhiepiscopal\u0103 Major\u0103 \u201eSf\u00e2nta Treime\u201d din Blaj, a fost celebrat\u0103 Vecernia unit\u0103 cu Sf\u00e2nta Liturghie a Sf\u00e2ntului","robots":{"index":"index","follow":"follow","max-snippet":"max-snippet:-1","max-image-preview":"max-image-preview:large","max-video-preview":"max-video-preview:-1"},"canonical":"https:\/\/urbeamea.ro\/albaiulia\/slujba-spalarii-picioarelor-si-a-sfintirii-painii-si-a-vinului-la-catedrala-arhiepiscopala-majora-sfanta-treime-din-blaj\/","twitter_card":"summary_large_image","twitter_title":"Slujba sp\u0103l\u0103rii picioarelor \u0219i a sfin\u021birii p\u00e2inii \u0219i a vinului, la Catedrala Arhiepiscopal\u0103 Major\u0103 \"Sf\u00e2nta Treime\" din Blaj - Revista Urbea Mea - Revista de Alba","twitter_description":"\u00cen diminea\u021ba Joii Mari, \u00een Catedrala Arhiepiscopal\u0103 Major\u0103 \u201eSf\u00e2nta Treime\u201d din Blaj, a fost celebrat\u0103 Vecernia unit\u0103 cu Sf\u00e2nta Liturghie a Sf\u00e2ntului","twitter_image":"https:\/\/urbeamea.ro\/albaiulia\/wp-content\/uploads\/2025\/04\/1000034661.jpg","twitter_creator":"@urbeameaweb","twitter_site":"@urbeameaweb","schema":{"@context":"https:\/\/schema.org","@graph":[{"@type":"Article","@id":"https:\/\/urbeamea.ro\/albaiulia\/slujba-spalarii-picioarelor-si-a-sfintirii-painii-si-a-vinului-la-catedrala-arhiepiscopala-majora-sfanta-treime-din-blaj\/#article","isPartOf":{"@id":"https:\/\/urbeamea.ro\/albaiulia\/slujba-spalarii-picioarelor-si-a-sfintirii-painii-si-a-vinului-la-catedrala-arhiepiscopala-majora-sfanta-treime-din-blaj\/"},"author":{"name":"Giurca Sorin","@id":"https:\/\/urbeamea.ro\/albaiulia\/#\/schema\/person\/5db3854ac38c1cc9f0ab4092d6a20f02"},"headline":"Slujba sp\u0103l\u0103rii picioarelor \u0219i a sfin\u021birii p\u00e2inii \u0219i a vinului, la Catedrala Arhiepiscopal\u0103 Major\u0103 &#8222;Sf\u00e2nta Treime&#8221; din Blaj","datePublished":"2025-04-17T18:33:55+00:00","dateModified":"2025-04-17T18:33:57+00:00","mainEntityOfPage":{"@id":"https:\/\/urbeamea.ro\/albaiulia\/slujba-spalarii-picioarelor-si-a-sfintirii-painii-si-a-vinului-la-catedrala-arhiepiscopala-majora-sfanta-treime-din-blaj\/"},"wordCount":134,"commentCount":0,"image":{"@id":"https:\/\/urbeamea.ro\/albaiulia\/slujba-spalarii-picioarelor-si-a-sfintirii-painii-si-a-vinului-la-catedrala-arhiepiscopala-majora-sfanta-treime-din-blaj\/#primaryimage"},"thumbnailUrl":"https:\/\/urbeamea.ro\/albaiulia\/wp-content\/uploads\/2025\/04\/1000034661.jpg","keywords":["catedrala arhiepiscopala","Slujba sp\u0103l\u0103rii picioarelor"],"articleSection":["Evenimente","Social","\u015etiri Urbane","Urbea Mea"],"inLanguage":"ro-RO","potentialAction":[{"@type":"CommentAction","name":"Comment","target":["https:\/\/urbeamea.ro\/albaiulia\/slujba-spalarii-picioarelor-si-a-sfintirii-painii-si-a-vinului-la-catedrala-arhiepiscopala-majora-sfanta-treime-din-blaj\/#respond"]}]},{"@type":"WebPage","@id":"https:\/\/urbeamea.ro\/albaiulia\/slujba-spalarii-picioarelor-si-a-sfintirii-painii-si-a-vinului-la-catedrala-arhiepiscopala-majora-sfanta-treime-din-blaj\/","url":"https:\/\/urbeamea.ro\/albaiulia\/slujba-spalarii-picioarelor-si-a-sfintirii-painii-si-a-vinului-la-catedrala-arhiepiscopala-majora-sfanta-treime-din-blaj\/","name":"Slujba sp\u0103l\u0103rii picioarelor \u0219i a sfin\u021birii p\u00e2inii \u0219i a vinului, la Catedrala Arhiepiscopal\u0103 Major\u0103 \"Sf\u00e2nta Treime\" din Blaj - Revista Urbea Mea - Revista de Alba","isPartOf":{"@id":"https:\/\/urbeamea.ro\/albaiulia\/#website"},"primaryImageOfPage":{"@id":"https:\/\/urbeamea.ro\/albaiulia\/slujba-spalarii-picioarelor-si-a-sfintirii-painii-si-a-vinului-la-catedrala-arhiepiscopala-majora-sfanta-treime-din-blaj\/#primaryimage"},"image":{"@id":"https:\/\/urbeamea.ro\/albaiulia\/slujba-spalarii-picioarelor-si-a-sfintirii-painii-si-a-vinului-la-catedrala-arhiepiscopala-majora-sfanta-treime-din-blaj\/#primaryimage"},"thumbnailUrl":"https:\/\/urbeamea.ro\/albaiulia\/wp-content\/uploads\/2025\/04\/1000034661.jpg","datePublished":"2025-04-17T18:33:55+00:00","dateModified":"2025-04-17T18:33:57+00:00","author":{"@id":"https:\/\/urbeamea.ro\/albaiulia\/#\/schema\/person\/5db3854ac38c1cc9f0ab4092d6a20f02"},"description":"\u00cen diminea\u021ba Joii Mari, \u00een Catedrala Arhiepiscopal\u0103 Major\u0103 \u201eSf\u00e2nta Treime\u201d din Blaj, a fost celebrat\u0103 Vecernia unit\u0103 cu Sf\u00e2nta Liturghie a Sf\u00e2ntului","breadcrumb":{"@id":"https:\/\/urbeamea.ro\/albaiulia\/slujba-spalarii-picioarelor-si-a-sfintirii-painii-si-a-vinului-la-catedrala-arhiepiscopala-majora-sfanta-treime-din-blaj\/#breadcrumb"},"inLanguage":"ro-RO","potentialAction":[{"@type":"ReadAction","target":["https:\/\/urbeamea.ro\/albaiulia\/slujba-spalarii-picioarelor-si-a-sfintirii-painii-si-a-vinului-la-catedrala-arhiepiscopala-majora-sfanta-treime-din-blaj\/"]}]},{"@type":"ImageObject","inLanguage":"ro-RO","@id":"https:\/\/urbeamea.ro\/albaiulia\/slujba-spalarii-picioarelor-si-a-sfintirii-painii-si-a-vinului-la-catedrala-arhiepiscopala-majora-sfanta-treime-din-blaj\/#primaryimage","url":"https:\/\/urbeamea.ro\/albaiulia\/wp-content\/uploads\/2025\/04\/1000034661.jpg","contentUrl":"https:\/\/urbeamea.ro\/albaiulia\/wp-content\/uploads\/2025\/04\/1000034661.jpg","width":1080,"height":719},{"@type":"BreadcrumbList","@id":"https:\/\/urbeamea.ro\/albaiulia\/slujba-spalarii-picioarelor-si-a-sfintirii-painii-si-a-vinului-la-catedrala-arhiepiscopala-majora-sfanta-treime-din-blaj\/#breadcrumb","itemListElement":[{"@type":"ListItem","position":1,"name":"Prima pagin\u0103","item":"https:\/\/urbeamea.ro\/albaiulia\/"},{"@type":"ListItem","position":2,"name":"Slujba sp\u0103l\u0103rii picioarelor \u0219i a sfin\u021birii p\u00e2inii \u0219i a vinului, la Catedrala Arhiepiscopal\u0103 Major\u0103 &#8222;Sf\u00e2nta Treime&#8221; din Blaj"}]},{"@type":"WebSite","@id":"https:\/\/urbeamea.ro\/albaiulia\/#website","url":"https:\/\/urbeamea.ro\/albaiulia\/","name":"Revista Urbea Mea, Stiri urbane","description":"Evenimente \u0219i \u0219tiri din Alba Iulia, Sebe\u0219, Aiud, Blaj","potentialAction":[{"@type":"SearchAction","target":{"@type":"EntryPoint","urlTemplate":"https:\/\/urbeamea.ro\/albaiulia\/?s={search_term_string}"},"query-input":{"@type":"PropertyValueSpecification","valueRequired":true,"valueName":"search_term_string"}}],"inLanguage":"ro-RO"},{"@type":"Person","@id":"https:\/\/urbeamea.ro\/albaiulia\/#\/schema\/person\/5db3854ac38c1cc9f0ab4092d6a20f02","name":"Giurca Sorin","image":{"@type":"ImageObject","inLanguage":"ro-RO","@id":"https:\/\/secure.gravatar.com\/avatar\/120f6fcae7b3b47a7730cb9943f612f4909f68ac5284b5f40ac1c4615fd70576?s=96&d=mm&r=g","url":"https:\/\/secure.gravatar.com\/avatar\/120f6fcae7b3b47a7730cb9943f612f4909f68ac5284b5f40ac1c4615fd70576?s=96&d=mm&r=g","contentUrl":"https:\/\/secure.gravatar.com\/avatar\/120f6fcae7b3b47a7730cb9943f612f4909f68ac5284b5f40ac1c4615fd70576?s=96&d=mm&r=g","caption":"Giurca Sorin"},"url":"https:\/\/urbeamea.ro\/albaiulia\/author\/sorin\/"}]}},"_links":{"self":[{"href":"https:\/\/urbeamea.ro\/albaiulia\/wp-json\/wp\/v2\/posts\/117217","targetHints":{"allow":["GET"]}}],"collection":[{"href":"https:\/\/urbeamea.ro\/albaiulia\/wp-json\/wp\/v2\/posts"}],"about":[{"href":"https:\/\/urbeamea.ro\/albaiulia\/wp-json\/wp\/v2\/types\/post"}],"author":[{"embeddable":true,"href":"https:\/\/urbeamea.ro\/albaiulia\/wp-json\/wp\/v2\/users\/28"}],"replies":[{"embeddable":true,"href":"https:\/\/urbeamea.ro\/albaiulia\/wp-json\/wp\/v2\/comments?post=117217"}],"version-history":[{"count":1,"href":"https:\/\/urbeamea.ro\/albaiulia\/wp-json\/wp\/v2\/posts\/117217\/revisions"}],"predecessor-version":[{"id":117230,"href":"https:\/\/urbeamea.ro\/albaiulia\/wp-json\/wp\/v2\/posts\/117217\/revisions\/117230"}],"wp:featuredmedia":[{"embeddable":true,"href":"https:\/\/urbeamea.ro\/albaiulia\/wp-json\/wp\/v2\/media\/117219"}],"wp:attachment":[{"href":"https:\/\/urbeamea.ro\/albaiulia\/wp-json\/wp\/v2\/media?parent=117217"}],"wp:term":[{"taxonomy":"category","embeddable":true,"href":"https:\/\/urbeamea.ro\/albaiulia\/wp-json\/wp\/v2\/categories?post=117217"},{"taxonomy":"post_tag","embeddable":true,"href":"https:\/\/urbeamea.ro\/albaiulia\/wp-json\/wp\/v2\/tags?post=117217"}],"curies":[{"name":"wp","href":"https:\/\/api.w.org\/{rel}","templated":true}]}}