{"id":117325,"date":"2025-04-24T16:28:30","date_gmt":"2025-04-24T13:28:30","guid":{"rendered":"https:\/\/urbeamea.ro\/albaiulia\/?p=117325"},"modified":"2025-04-24T16:28:32","modified_gmt":"2025-04-24T13:28:32","slug":"tronul-papei-francisc-de-la-blaj-lemn-din-fostele-inchisori-comuniste-de-la-sighet-si-gherla-si-har-din-cer","status":"publish","type":"post","link":"https:\/\/urbeamea.ro\/albaiulia\/tronul-papei-francisc-de-la-blaj-lemn-din-fostele-inchisori-comuniste-de-la-sighet-si-gherla-si-har-din-cer\/","title":{"rendered":"Tronul Papei Francisc, de la Blaj: Lemn din fostele \u00eenchisori comuniste de la Sighet \u0219i Gherla, \u0219i har din cer"},"content":{"rendered":"\n<p>Pe 2 <strong>iunie 2019, C\u00e2mpia Libert\u0103\u021bii din Blaj a devenit, pentru c\u00e2teva ore, locul unei istorii sfinte. <\/strong><\/p>\n\n\n\n<p>\u00cen mijlocul miilor de credincio\u0219i aduna\u021bi pentru beatificarea celor \u0219apte Episcopi greco-catolici martiri, Papa Francisc s-a a\u0219ezat pe un tron arhieresc cu o \u00eenc\u0103rc\u0103tur\u0103 profund simbolic\u0103: un scaun construit din lemnul recuperat din fostele \u00eenchisori de la Sighet \u0219i Gherla, acolo unde martiriul acelor Episcopi a fost pecetluit.<\/p>\n\n\n\n<p>Realizat \u00eentr-un stil sobru \u0219i esen\u021bial, tronul evoc\u0103 suferin\u021ba \u0219i jertfa aduse \u00een numele credin\u021bei, dar \u0219i speran\u021ba care izvor\u0103\u0219te din martiriu. <\/p>\n\n\n\n<p>Designul s\u0103u minimalist, dar profund expresiv, poart\u0103 semn\u0103tura artistului Andu M\u0103rginean, absolvent al Universit\u0103\u021bii de Arte din Bucure\u0219ti, cu o experien\u021b\u0103 de peste 18 ani \u00een design interior \u0219i obiect.<\/p>\n\n\n\n<p>Materialele au fost alese cu grij\u0103, fiecare cu o \u00eenc\u0103rc\u0103tur\u0103 teologic\u0103:<\/p>\n\n\n\n<p>&#8211; Lemnul patinat, provenit din arhitectura \u00eenchisorilor comuniste, poart\u0103 vibra\u021bia suferin\u021bei, a trecerii timpului \u0219i a m\u0103rturiei t\u0103cute despre moarte \u0219i jertf\u0103<\/p>\n\n\n\n<p>&#8211; Stejarul autohton, cu finisaj nobil \u0219i modern, simbolizeaz\u0103 statornicia \u0219i credin\u021ba neclintit\u0103.<\/p>\n\n\n\n<p>&#8211; Aurul, amintind de darurile Magilor, este semn al ador\u0103rii \u00een fa\u021ba lui Dumnezeu.<\/p>\n\n\n\n<p>&#8211; Catifeaua alb\u0103 \u00eembrac\u0103 scaunul \u00eentr-o hain\u0103 a purit\u0103\u021bii \u0219i speran\u021bei.<\/p>\n\n\n\n<p>Structura sa este compus\u0103 din module ce respect\u0103 o rigurozitate simbolic\u0103 \u2013 cifrele \u0219i dimensiunile urmeaz\u0103 un multiplu de 7, \u00een amintirea celor \u0219apte Ferici\u021bi Episcopi Martiri ai Bisericii Rom\u00e2ne Unite cu Roma, Greco-Catolic\u0103.<\/p>\n\n\n\n<p>Privind lateral, bra\u021bul tronului formeaz\u0103 o sugestie abstract\u0103 de gratii, prin care lumina p\u0103trunde \u2013 imaginea unei credin\u021be \u00eentemni\u021bate dar ne\u00eenvins\u0103, a unei Biserici care, de\u0219i prigonit\u0103, a \u0219tiut s\u0103-\u0219i p\u0103streze sufletul viu.<\/p>\n\n\n\n<p>Tronul arhieresc de pe C\u00e2mpia Libert\u0103\u021bii nu este doar un obiect liturgic, ci o m\u0103rturie vizual\u0103. <\/p>\n\n\n\n<p>El une\u0219te memoria suferin\u021bei trecutului cu n\u0103dejdea prezentului \u0219i cu bucuria unei \u00eent\u00e2lniri istorice: Papa Francisc \u0219i poporul credincios care nu \u0219i-a uitat martirii.<\/p>\n\n\n\n<figure class=\"wp-block-gallery has-nested-images columns-default is-cropped wp-block-gallery-1 is-layout-flex wp-block-gallery-is-layout-flex\">\n<figure class=\"wp-block-image size-large\"><img loading=\"lazy\" decoding=\"async\" width=\"1080\" height=\"723\" data-id=\"117326\" src=\"https:\/\/urbeamea.ro\/albaiulia\/wp-content\/uploads\/2025\/04\/1000035380.jpg\" alt=\"\" class=\"wp-image-117326\" srcset=\"https:\/\/urbeamea.ro\/albaiulia\/wp-content\/uploads\/2025\/04\/1000035380.jpg 1080w, https:\/\/urbeamea.ro\/albaiulia\/wp-content\/uploads\/2025\/04\/1000035380-640x428.jpg 640w, https:\/\/urbeamea.ro\/albaiulia\/wp-content\/uploads\/2025\/04\/1000035380-150x100.jpg 150w, https:\/\/urbeamea.ro\/albaiulia\/wp-content\/uploads\/2025\/04\/1000035380-768x514.jpg 768w\" sizes=\"auto, (max-width: 1080px) 100vw, 1080px\" \/><\/figure>\n\n\n\n<figure class=\"wp-block-image size-large\"><img loading=\"lazy\" decoding=\"async\" width=\"1080\" height=\"869\" data-id=\"117327\" src=\"https:\/\/urbeamea.ro\/albaiulia\/wp-content\/uploads\/2025\/04\/1000035381.jpg\" alt=\"\" class=\"wp-image-117327\" srcset=\"https:\/\/urbeamea.ro\/albaiulia\/wp-content\/uploads\/2025\/04\/1000035381.jpg 1080w, https:\/\/urbeamea.ro\/albaiulia\/wp-content\/uploads\/2025\/04\/1000035381-640x515.jpg 640w, https:\/\/urbeamea.ro\/albaiulia\/wp-content\/uploads\/2025\/04\/1000035381-150x121.jpg 150w, https:\/\/urbeamea.ro\/albaiulia\/wp-content\/uploads\/2025\/04\/1000035381-768x618.jpg 768w\" sizes=\"auto, (max-width: 1080px) 100vw, 1080px\" \/><\/figure>\n\n\n\n<figure class=\"wp-block-image size-large\"><img loading=\"lazy\" decoding=\"async\" width=\"1036\" height=\"1280\" data-id=\"117328\" src=\"https:\/\/urbeamea.ro\/albaiulia\/wp-content\/uploads\/2025\/04\/1000035382-1036x1280.jpg\" alt=\"\" class=\"wp-image-117328\" srcset=\"https:\/\/urbeamea.ro\/albaiulia\/wp-content\/uploads\/2025\/04\/1000035382-1036x1280.jpg 1036w, https:\/\/urbeamea.ro\/albaiulia\/wp-content\/uploads\/2025\/04\/1000035382-518x640.jpg 518w, https:\/\/urbeamea.ro\/albaiulia\/wp-content\/uploads\/2025\/04\/1000035382-121x150.jpg 121w, https:\/\/urbeamea.ro\/albaiulia\/wp-content\/uploads\/2025\/04\/1000035382-768x949.jpg 768w, https:\/\/urbeamea.ro\/albaiulia\/wp-content\/uploads\/2025\/04\/1000035382.jpg 1080w\" sizes=\"auto, (max-width: 1036px) 100vw, 1036px\" \/><\/figure>\n<\/figure>\n","protected":false},"excerpt":{"rendered":"<p>Pe 2 iunie 2019, C\u00e2mpia Libert\u0103\u021bii din Blaj a devenit, pentru c\u00e2teva ore, locul unei istorii sfinte. \u00cen mijlocul miilor de credincio\u0219i aduna\u021bi pentru beatificarea celor \u0219apte Episcopi greco-catolici martiri, Papa Francisc s-a a\u0219ezat pe un tron arhieresc cu o \u00eenc\u0103rc\u0103tur\u0103 profund simbolic\u0103: un scaun construit din lemnul recuperat din fostele \u00eenchisori de la Sighet &hellip;<\/p>\n","protected":false},"author":28,"featured_media":117327,"comment_status":"open","ping_status":"open","sticky":false,"template":"","format":"standard","meta":{"inline_featured_image":false,"footnotes":""},"categories":[23926,2034,1,16344],"tags":[170,18034,25296],"class_list":["post-117325","post","type-post","status-publish","format-standard","has-post-thumbnail","hentry","category-actualitate","category-social","category-stiri-urbane","category-urbea-mea","tag-blaj","tag-papa-francisc","tag-scaun-papal"],"yoast_head":"<!-- This site is optimized with the Yoast SEO plugin v27.4 - https:\/\/yoast.com\/product\/yoast-seo-wordpress\/ -->\n<title>Tronul Papei Francisc, de la Blaj: Lemn din fostele \u00eenchisori comuniste de la Sighet \u0219i Gherla, \u0219i har din cer - Revista Urbea Mea - Revista de Alba<\/title>\n<meta name=\"description\" content=\"Pe 2 iunie 2019, C\u00e2mpia Libert\u0103\u021bii din Blaj a devenit, pentru c\u00e2teva ore, locul unei istorii sfinte. \u00cen mijlocul miilor de credincio\u0219i aduna\u021bi pentru\" \/>\n<meta name=\"robots\" content=\"index, follow, max-snippet:-1, max-image-preview:large, max-video-preview:-1\" \/>\n<link rel=\"canonical\" href=\"https:\/\/urbeamea.ro\/albaiulia\/tronul-papei-francisc-de-la-blaj-lemn-din-fostele-inchisori-comuniste-de-la-sighet-si-gherla-si-har-din-cer\/\" \/>\n<meta name=\"twitter:card\" content=\"summary_large_image\" \/>\n<meta name=\"twitter:title\" content=\"Tronul Papei Francisc, de la Blaj: Lemn din fostele \u00eenchisori comuniste de la Sighet \u0219i Gherla, \u0219i har din cer - Revista Urbea Mea - Revista de Alba\" \/>\n<meta name=\"twitter:description\" content=\"Pe 2 iunie 2019, C\u00e2mpia Libert\u0103\u021bii din Blaj a devenit, pentru c\u00e2teva ore, locul unei istorii sfinte. \u00cen mijlocul miilor de credincio\u0219i aduna\u021bi pentru\" \/>\n<meta name=\"twitter:image\" content=\"https:\/\/urbeamea.ro\/albaiulia\/wp-content\/uploads\/2025\/04\/1000035381.jpg\" \/>\n<meta name=\"twitter:creator\" content=\"@urbeameaweb\" \/>\n<meta name=\"twitter:site\" content=\"@urbeameaweb\" \/>\n<script type=\"application\/ld+json\" class=\"yoast-schema-graph\">{\"@context\":\"https:\\\/\\\/schema.org\",\"@graph\":[{\"@type\":\"Article\",\"@id\":\"https:\\\/\\\/urbeamea.ro\\\/albaiulia\\\/tronul-papei-francisc-de-la-blaj-lemn-din-fostele-inchisori-comuniste-de-la-sighet-si-gherla-si-har-din-cer\\\/#article\",\"isPartOf\":{\"@id\":\"https:\\\/\\\/urbeamea.ro\\\/albaiulia\\\/tronul-papei-francisc-de-la-blaj-lemn-din-fostele-inchisori-comuniste-de-la-sighet-si-gherla-si-har-din-cer\\\/\"},\"author\":{\"name\":\"Giurca Sorin\",\"@id\":\"https:\\\/\\\/urbeamea.ro\\\/albaiulia\\\/#\\\/schema\\\/person\\\/5db3854ac38c1cc9f0ab4092d6a20f02\"},\"headline\":\"Tronul Papei Francisc, de la Blaj: Lemn din fostele \u00eenchisori comuniste de la Sighet \u0219i Gherla, \u0219i har din cer\",\"datePublished\":\"2025-04-24T13:28:30+00:00\",\"dateModified\":\"2025-04-24T13:28:32+00:00\",\"mainEntityOfPage\":{\"@id\":\"https:\\\/\\\/urbeamea.ro\\\/albaiulia\\\/tronul-papei-francisc-de-la-blaj-lemn-din-fostele-inchisori-comuniste-de-la-sighet-si-gherla-si-har-din-cer\\\/\"},\"wordCount\":356,\"commentCount\":0,\"image\":{\"@id\":\"https:\\\/\\\/urbeamea.ro\\\/albaiulia\\\/tronul-papei-francisc-de-la-blaj-lemn-din-fostele-inchisori-comuniste-de-la-sighet-si-gherla-si-har-din-cer\\\/#primaryimage\"},\"thumbnailUrl\":\"https:\\\/\\\/urbeamea.ro\\\/albaiulia\\\/wp-content\\\/uploads\\\/2025\\\/04\\\/1000035381.jpg\",\"keywords\":[\"blaj\",\"Papa Francisc\",\"Scaun papal\"],\"articleSection\":[\"Actualitate\",\"Social\",\"\u015etiri Urbane\",\"Urbea Mea\"],\"inLanguage\":\"ro-RO\",\"potentialAction\":[{\"@type\":\"CommentAction\",\"name\":\"Comment\",\"target\":[\"https:\\\/\\\/urbeamea.ro\\\/albaiulia\\\/tronul-papei-francisc-de-la-blaj-lemn-din-fostele-inchisori-comuniste-de-la-sighet-si-gherla-si-har-din-cer\\\/#respond\"]}]},{\"@type\":\"WebPage\",\"@id\":\"https:\\\/\\\/urbeamea.ro\\\/albaiulia\\\/tronul-papei-francisc-de-la-blaj-lemn-din-fostele-inchisori-comuniste-de-la-sighet-si-gherla-si-har-din-cer\\\/\",\"url\":\"https:\\\/\\\/urbeamea.ro\\\/albaiulia\\\/tronul-papei-francisc-de-la-blaj-lemn-din-fostele-inchisori-comuniste-de-la-sighet-si-gherla-si-har-din-cer\\\/\",\"name\":\"Tronul Papei Francisc, de la Blaj: Lemn din fostele \u00eenchisori comuniste de la Sighet \u0219i Gherla, \u0219i har din cer - Revista Urbea Mea - Revista de Alba\",\"isPartOf\":{\"@id\":\"https:\\\/\\\/urbeamea.ro\\\/albaiulia\\\/#website\"},\"primaryImageOfPage\":{\"@id\":\"https:\\\/\\\/urbeamea.ro\\\/albaiulia\\\/tronul-papei-francisc-de-la-blaj-lemn-din-fostele-inchisori-comuniste-de-la-sighet-si-gherla-si-har-din-cer\\\/#primaryimage\"},\"image\":{\"@id\":\"https:\\\/\\\/urbeamea.ro\\\/albaiulia\\\/tronul-papei-francisc-de-la-blaj-lemn-din-fostele-inchisori-comuniste-de-la-sighet-si-gherla-si-har-din-cer\\\/#primaryimage\"},\"thumbnailUrl\":\"https:\\\/\\\/urbeamea.ro\\\/albaiulia\\\/wp-content\\\/uploads\\\/2025\\\/04\\\/1000035381.jpg\",\"datePublished\":\"2025-04-24T13:28:30+00:00\",\"dateModified\":\"2025-04-24T13:28:32+00:00\",\"author\":{\"@id\":\"https:\\\/\\\/urbeamea.ro\\\/albaiulia\\\/#\\\/schema\\\/person\\\/5db3854ac38c1cc9f0ab4092d6a20f02\"},\"description\":\"Pe 2 iunie 2019, C\u00e2mpia Libert\u0103\u021bii din Blaj a devenit, pentru c\u00e2teva ore, locul unei istorii sfinte. \u00cen mijlocul miilor de credincio\u0219i aduna\u021bi pentru\",\"breadcrumb\":{\"@id\":\"https:\\\/\\\/urbeamea.ro\\\/albaiulia\\\/tronul-papei-francisc-de-la-blaj-lemn-din-fostele-inchisori-comuniste-de-la-sighet-si-gherla-si-har-din-cer\\\/#breadcrumb\"},\"inLanguage\":\"ro-RO\",\"potentialAction\":[{\"@type\":\"ReadAction\",\"target\":[\"https:\\\/\\\/urbeamea.ro\\\/albaiulia\\\/tronul-papei-francisc-de-la-blaj-lemn-din-fostele-inchisori-comuniste-de-la-sighet-si-gherla-si-har-din-cer\\\/\"]}]},{\"@type\":\"ImageObject\",\"inLanguage\":\"ro-RO\",\"@id\":\"https:\\\/\\\/urbeamea.ro\\\/albaiulia\\\/tronul-papei-francisc-de-la-blaj-lemn-din-fostele-inchisori-comuniste-de-la-sighet-si-gherla-si-har-din-cer\\\/#primaryimage\",\"url\":\"https:\\\/\\\/urbeamea.ro\\\/albaiulia\\\/wp-content\\\/uploads\\\/2025\\\/04\\\/1000035381.jpg\",\"contentUrl\":\"https:\\\/\\\/urbeamea.ro\\\/albaiulia\\\/wp-content\\\/uploads\\\/2025\\\/04\\\/1000035381.jpg\",\"width\":1080,\"height\":869},{\"@type\":\"BreadcrumbList\",\"@id\":\"https:\\\/\\\/urbeamea.ro\\\/albaiulia\\\/tronul-papei-francisc-de-la-blaj-lemn-din-fostele-inchisori-comuniste-de-la-sighet-si-gherla-si-har-din-cer\\\/#breadcrumb\",\"itemListElement\":[{\"@type\":\"ListItem\",\"position\":1,\"name\":\"Prima pagin\u0103\",\"item\":\"https:\\\/\\\/urbeamea.ro\\\/albaiulia\\\/\"},{\"@type\":\"ListItem\",\"position\":2,\"name\":\"Tronul Papei Francisc, de la Blaj: Lemn din fostele \u00eenchisori comuniste de la Sighet \u0219i Gherla, \u0219i har din cer\"}]},{\"@type\":\"WebSite\",\"@id\":\"https:\\\/\\\/urbeamea.ro\\\/albaiulia\\\/#website\",\"url\":\"https:\\\/\\\/urbeamea.ro\\\/albaiulia\\\/\",\"name\":\"Revista Urbea Mea, Stiri urbane\",\"description\":\"Evenimente \u0219i \u0219tiri din Alba Iulia, Sebe\u0219, Aiud, Blaj\",\"potentialAction\":[{\"@type\":\"SearchAction\",\"target\":{\"@type\":\"EntryPoint\",\"urlTemplate\":\"https:\\\/\\\/urbeamea.ro\\\/albaiulia\\\/?s={search_term_string}\"},\"query-input\":{\"@type\":\"PropertyValueSpecification\",\"valueRequired\":true,\"valueName\":\"search_term_string\"}}],\"inLanguage\":\"ro-RO\"},{\"@type\":\"Person\",\"@id\":\"https:\\\/\\\/urbeamea.ro\\\/albaiulia\\\/#\\\/schema\\\/person\\\/5db3854ac38c1cc9f0ab4092d6a20f02\",\"name\":\"Giurca Sorin\",\"image\":{\"@type\":\"ImageObject\",\"inLanguage\":\"ro-RO\",\"@id\":\"https:\\\/\\\/secure.gravatar.com\\\/avatar\\\/120f6fcae7b3b47a7730cb9943f612f4909f68ac5284b5f40ac1c4615fd70576?s=96&d=mm&r=g\",\"url\":\"https:\\\/\\\/secure.gravatar.com\\\/avatar\\\/120f6fcae7b3b47a7730cb9943f612f4909f68ac5284b5f40ac1c4615fd70576?s=96&d=mm&r=g\",\"contentUrl\":\"https:\\\/\\\/secure.gravatar.com\\\/avatar\\\/120f6fcae7b3b47a7730cb9943f612f4909f68ac5284b5f40ac1c4615fd70576?s=96&d=mm&r=g\",\"caption\":\"Giurca Sorin\"},\"url\":\"https:\\\/\\\/urbeamea.ro\\\/albaiulia\\\/author\\\/sorin\\\/\"}]}<\/script>\n<!-- \/ Yoast SEO plugin. -->","yoast_head_json":{"title":"Tronul Papei Francisc, de la Blaj: Lemn din fostele \u00eenchisori comuniste de la Sighet \u0219i Gherla, \u0219i har din cer - Revista Urbea Mea - Revista de Alba","description":"Pe 2 iunie 2019, C\u00e2mpia Libert\u0103\u021bii din Blaj a devenit, pentru c\u00e2teva ore, locul unei istorii sfinte. \u00cen mijlocul miilor de credincio\u0219i aduna\u021bi pentru","robots":{"index":"index","follow":"follow","max-snippet":"max-snippet:-1","max-image-preview":"max-image-preview:large","max-video-preview":"max-video-preview:-1"},"canonical":"https:\/\/urbeamea.ro\/albaiulia\/tronul-papei-francisc-de-la-blaj-lemn-din-fostele-inchisori-comuniste-de-la-sighet-si-gherla-si-har-din-cer\/","twitter_card":"summary_large_image","twitter_title":"Tronul Papei Francisc, de la Blaj: Lemn din fostele \u00eenchisori comuniste de la Sighet \u0219i Gherla, \u0219i har din cer - Revista Urbea Mea - Revista de Alba","twitter_description":"Pe 2 iunie 2019, C\u00e2mpia Libert\u0103\u021bii din Blaj a devenit, pentru c\u00e2teva ore, locul unei istorii sfinte. \u00cen mijlocul miilor de credincio\u0219i aduna\u021bi pentru","twitter_image":"https:\/\/urbeamea.ro\/albaiulia\/wp-content\/uploads\/2025\/04\/1000035381.jpg","twitter_creator":"@urbeameaweb","twitter_site":"@urbeameaweb","schema":{"@context":"https:\/\/schema.org","@graph":[{"@type":"Article","@id":"https:\/\/urbeamea.ro\/albaiulia\/tronul-papei-francisc-de-la-blaj-lemn-din-fostele-inchisori-comuniste-de-la-sighet-si-gherla-si-har-din-cer\/#article","isPartOf":{"@id":"https:\/\/urbeamea.ro\/albaiulia\/tronul-papei-francisc-de-la-blaj-lemn-din-fostele-inchisori-comuniste-de-la-sighet-si-gherla-si-har-din-cer\/"},"author":{"name":"Giurca Sorin","@id":"https:\/\/urbeamea.ro\/albaiulia\/#\/schema\/person\/5db3854ac38c1cc9f0ab4092d6a20f02"},"headline":"Tronul Papei Francisc, de la Blaj: Lemn din fostele \u00eenchisori comuniste de la Sighet \u0219i Gherla, \u0219i har din cer","datePublished":"2025-04-24T13:28:30+00:00","dateModified":"2025-04-24T13:28:32+00:00","mainEntityOfPage":{"@id":"https:\/\/urbeamea.ro\/albaiulia\/tronul-papei-francisc-de-la-blaj-lemn-din-fostele-inchisori-comuniste-de-la-sighet-si-gherla-si-har-din-cer\/"},"wordCount":356,"commentCount":0,"image":{"@id":"https:\/\/urbeamea.ro\/albaiulia\/tronul-papei-francisc-de-la-blaj-lemn-din-fostele-inchisori-comuniste-de-la-sighet-si-gherla-si-har-din-cer\/#primaryimage"},"thumbnailUrl":"https:\/\/urbeamea.ro\/albaiulia\/wp-content\/uploads\/2025\/04\/1000035381.jpg","keywords":["blaj","Papa Francisc","Scaun papal"],"articleSection":["Actualitate","Social","\u015etiri Urbane","Urbea Mea"],"inLanguage":"ro-RO","potentialAction":[{"@type":"CommentAction","name":"Comment","target":["https:\/\/urbeamea.ro\/albaiulia\/tronul-papei-francisc-de-la-blaj-lemn-din-fostele-inchisori-comuniste-de-la-sighet-si-gherla-si-har-din-cer\/#respond"]}]},{"@type":"WebPage","@id":"https:\/\/urbeamea.ro\/albaiulia\/tronul-papei-francisc-de-la-blaj-lemn-din-fostele-inchisori-comuniste-de-la-sighet-si-gherla-si-har-din-cer\/","url":"https:\/\/urbeamea.ro\/albaiulia\/tronul-papei-francisc-de-la-blaj-lemn-din-fostele-inchisori-comuniste-de-la-sighet-si-gherla-si-har-din-cer\/","name":"Tronul Papei Francisc, de la Blaj: Lemn din fostele \u00eenchisori comuniste de la Sighet \u0219i Gherla, \u0219i har din cer - Revista Urbea Mea - Revista de Alba","isPartOf":{"@id":"https:\/\/urbeamea.ro\/albaiulia\/#website"},"primaryImageOfPage":{"@id":"https:\/\/urbeamea.ro\/albaiulia\/tronul-papei-francisc-de-la-blaj-lemn-din-fostele-inchisori-comuniste-de-la-sighet-si-gherla-si-har-din-cer\/#primaryimage"},"image":{"@id":"https:\/\/urbeamea.ro\/albaiulia\/tronul-papei-francisc-de-la-blaj-lemn-din-fostele-inchisori-comuniste-de-la-sighet-si-gherla-si-har-din-cer\/#primaryimage"},"thumbnailUrl":"https:\/\/urbeamea.ro\/albaiulia\/wp-content\/uploads\/2025\/04\/1000035381.jpg","datePublished":"2025-04-24T13:28:30+00:00","dateModified":"2025-04-24T13:28:32+00:00","author":{"@id":"https:\/\/urbeamea.ro\/albaiulia\/#\/schema\/person\/5db3854ac38c1cc9f0ab4092d6a20f02"},"description":"Pe 2 iunie 2019, C\u00e2mpia Libert\u0103\u021bii din Blaj a devenit, pentru c\u00e2teva ore, locul unei istorii sfinte. \u00cen mijlocul miilor de credincio\u0219i aduna\u021bi pentru","breadcrumb":{"@id":"https:\/\/urbeamea.ro\/albaiulia\/tronul-papei-francisc-de-la-blaj-lemn-din-fostele-inchisori-comuniste-de-la-sighet-si-gherla-si-har-din-cer\/#breadcrumb"},"inLanguage":"ro-RO","potentialAction":[{"@type":"ReadAction","target":["https:\/\/urbeamea.ro\/albaiulia\/tronul-papei-francisc-de-la-blaj-lemn-din-fostele-inchisori-comuniste-de-la-sighet-si-gherla-si-har-din-cer\/"]}]},{"@type":"ImageObject","inLanguage":"ro-RO","@id":"https:\/\/urbeamea.ro\/albaiulia\/tronul-papei-francisc-de-la-blaj-lemn-din-fostele-inchisori-comuniste-de-la-sighet-si-gherla-si-har-din-cer\/#primaryimage","url":"https:\/\/urbeamea.ro\/albaiulia\/wp-content\/uploads\/2025\/04\/1000035381.jpg","contentUrl":"https:\/\/urbeamea.ro\/albaiulia\/wp-content\/uploads\/2025\/04\/1000035381.jpg","width":1080,"height":869},{"@type":"BreadcrumbList","@id":"https:\/\/urbeamea.ro\/albaiulia\/tronul-papei-francisc-de-la-blaj-lemn-din-fostele-inchisori-comuniste-de-la-sighet-si-gherla-si-har-din-cer\/#breadcrumb","itemListElement":[{"@type":"ListItem","position":1,"name":"Prima pagin\u0103","item":"https:\/\/urbeamea.ro\/albaiulia\/"},{"@type":"ListItem","position":2,"name":"Tronul Papei Francisc, de la Blaj: Lemn din fostele \u00eenchisori comuniste de la Sighet \u0219i Gherla, \u0219i har din cer"}]},{"@type":"WebSite","@id":"https:\/\/urbeamea.ro\/albaiulia\/#website","url":"https:\/\/urbeamea.ro\/albaiulia\/","name":"Revista Urbea Mea, Stiri urbane","description":"Evenimente \u0219i \u0219tiri din Alba Iulia, Sebe\u0219, Aiud, Blaj","potentialAction":[{"@type":"SearchAction","target":{"@type":"EntryPoint","urlTemplate":"https:\/\/urbeamea.ro\/albaiulia\/?s={search_term_string}"},"query-input":{"@type":"PropertyValueSpecification","valueRequired":true,"valueName":"search_term_string"}}],"inLanguage":"ro-RO"},{"@type":"Person","@id":"https:\/\/urbeamea.ro\/albaiulia\/#\/schema\/person\/5db3854ac38c1cc9f0ab4092d6a20f02","name":"Giurca Sorin","image":{"@type":"ImageObject","inLanguage":"ro-RO","@id":"https:\/\/secure.gravatar.com\/avatar\/120f6fcae7b3b47a7730cb9943f612f4909f68ac5284b5f40ac1c4615fd70576?s=96&d=mm&r=g","url":"https:\/\/secure.gravatar.com\/avatar\/120f6fcae7b3b47a7730cb9943f612f4909f68ac5284b5f40ac1c4615fd70576?s=96&d=mm&r=g","contentUrl":"https:\/\/secure.gravatar.com\/avatar\/120f6fcae7b3b47a7730cb9943f612f4909f68ac5284b5f40ac1c4615fd70576?s=96&d=mm&r=g","caption":"Giurca Sorin"},"url":"https:\/\/urbeamea.ro\/albaiulia\/author\/sorin\/"}]}},"_links":{"self":[{"href":"https:\/\/urbeamea.ro\/albaiulia\/wp-json\/wp\/v2\/posts\/117325","targetHints":{"allow":["GET"]}}],"collection":[{"href":"https:\/\/urbeamea.ro\/albaiulia\/wp-json\/wp\/v2\/posts"}],"about":[{"href":"https:\/\/urbeamea.ro\/albaiulia\/wp-json\/wp\/v2\/types\/post"}],"author":[{"embeddable":true,"href":"https:\/\/urbeamea.ro\/albaiulia\/wp-json\/wp\/v2\/users\/28"}],"replies":[{"embeddable":true,"href":"https:\/\/urbeamea.ro\/albaiulia\/wp-json\/wp\/v2\/comments?post=117325"}],"version-history":[{"count":1,"href":"https:\/\/urbeamea.ro\/albaiulia\/wp-json\/wp\/v2\/posts\/117325\/revisions"}],"predecessor-version":[{"id":117329,"href":"https:\/\/urbeamea.ro\/albaiulia\/wp-json\/wp\/v2\/posts\/117325\/revisions\/117329"}],"wp:featuredmedia":[{"embeddable":true,"href":"https:\/\/urbeamea.ro\/albaiulia\/wp-json\/wp\/v2\/media\/117327"}],"wp:attachment":[{"href":"https:\/\/urbeamea.ro\/albaiulia\/wp-json\/wp\/v2\/media?parent=117325"}],"wp:term":[{"taxonomy":"category","embeddable":true,"href":"https:\/\/urbeamea.ro\/albaiulia\/wp-json\/wp\/v2\/categories?post=117325"},{"taxonomy":"post_tag","embeddable":true,"href":"https:\/\/urbeamea.ro\/albaiulia\/wp-json\/wp\/v2\/tags?post=117325"}],"curies":[{"name":"wp","href":"https:\/\/api.w.org\/{rel}","templated":true}]}}