{"id":117344,"date":"2025-04-26T16:51:29","date_gmt":"2025-04-26T13:51:29","guid":{"rendered":"https:\/\/urbeamea.ro\/albaiulia\/?p=117344"},"modified":"2025-04-26T16:51:39","modified_gmt":"2025-04-26T13:51:39","slug":"intalnire-oficiala-cu-reprezentantul-ambasadei-sua-la-sebes","status":"publish","type":"post","link":"https:\/\/urbeamea.ro\/albaiulia\/intalnire-oficiala-cu-reprezentantul-ambasadei-sua-la-sebes\/","title":{"rendered":"\u00cent\u00e2lnire oficial\u0103 cu reprezentantul Ambasadei SUA la Sebe\u0219"},"content":{"rendered":"\n<p>Joi 24 aprilie 2025, am primit la Sebe\u0219 vizita domnului Jessup Taylor, \u0219eful sec\u021biei politice din cadrul Ambasadei Statelor Unite ale Americii la Bucure\u0219ti. \u00cent\u00e2lnirea a avut loc la sediul Prim\u0103riei Municipiului Sebe\u0219 \u0219i s-a desf\u0103\u0219urat \u00eentr-un cadru constructiv, cu accent pe \u00eent\u0103rirea rela\u021biilor de colaborare \u0219i dezvoltarea parteneriatelor existente \u00eentre comunitatea noastr\u0103 \u0219i institu\u021bii sau companii din Statele Unite.<\/p>\n\n\n\n<p>La Sebe\u0219 sunt prezente investi\u021bii americane, iar \u00een aceast\u0103 idee am prezentat direc\u021biile de dezvoltare ale municipiului, proiectele deja realizate, precum \u0219i obiectivele viitoare. Totodat\u0103, am subliniat deschiderea noastr\u0103 spre schimburi de bune practici \u0219i dorin\u021ba de a \u00eenv\u0103\u021ba din experien\u021bele administrative \u0219i politice ale Statelor Unite.<\/p>\n\n\n\n<p>Aceast\u0103 \u00eent\u00e2lnire confirm\u0103 interesul comun pentru dialog \u0219i cooperare, \u00een beneficiul comunit\u0103\u021bii locale \u0219i al parteneriatului strategic dintre Rom\u00e2nia \u0219i SUA. Politicienii americani sunt interesa\u021bi \u0219i de direc\u021biile politice ale Rom\u00e2niei, iar contactul direct cu liderii comunit\u0103\u021bilor locale este important, \u00een acest context fiind ascultat\u0103 \u0219i opinia Sebe\u0219ului, un ora\u0219 dezvoltat economic, un municipiu dinamic, cu oameni harnici, a c\u0103ror voce este corect s\u0103 conteze.<\/p>\n\n\n\n<figure class=\"wp-block-image size-full\"><img loading=\"lazy\" decoding=\"async\" width=\"768\" height=\"1122\" src=\"https:\/\/urbeamea.ro\/albaiulia\/wp-content\/uploads\/2025\/04\/492831519_1245711494221012_2082187262998419199_n-768x1122-1.jpg\" alt=\"\" class=\"wp-image-117345\" srcset=\"https:\/\/urbeamea.ro\/albaiulia\/wp-content\/uploads\/2025\/04\/492831519_1245711494221012_2082187262998419199_n-768x1122-1.jpg 768w, https:\/\/urbeamea.ro\/albaiulia\/wp-content\/uploads\/2025\/04\/492831519_1245711494221012_2082187262998419199_n-768x1122-1-438x640.jpg 438w, https:\/\/urbeamea.ro\/albaiulia\/wp-content\/uploads\/2025\/04\/492831519_1245711494221012_2082187262998419199_n-768x1122-1-103x150.jpg 103w\" sizes=\"auto, (max-width: 768px) 100vw, 768px\" \/><\/figure>\n","protected":false},"excerpt":{"rendered":"<p>Joi 24 aprilie 2025, am primit la Sebe\u0219 vizita domnului Jessup Taylor, \u0219eful sec\u021biei politice din cadrul Ambasadei Statelor Unite ale Americii la Bucure\u0219ti. \u00cent\u00e2lnirea a avut loc la sediul Prim\u0103riei Municipiului Sebe\u0219 \u0219i s-a desf\u0103\u0219urat \u00eentr-un cadru constructiv, cu accent pe \u00eent\u0103rirea rela\u021biilor de colaborare \u0219i dezvoltarea parteneriatelor existente \u00eentre comunitatea noastr\u0103 \u0219i institu\u021bii &hellip;<\/p>\n","protected":false},"author":16,"featured_media":117346,"comment_status":"open","ping_status":"open","sticky":false,"template":"","format":"standard","meta":{"inline_featured_image":false,"footnotes":""},"categories":[1],"tags":[],"class_list":["post-117344","post","type-post","status-publish","format-standard","has-post-thumbnail","hentry","category-stiri-urbane"],"yoast_head":"<!-- This site is optimized with the Yoast SEO plugin v27.4 - https:\/\/yoast.com\/product\/yoast-seo-wordpress\/ -->\n<title>\u00cent\u00e2lnire oficial\u0103 cu reprezentantul Ambasadei SUA la Sebe\u0219 - Revista Urbea Mea - Revista de Alba<\/title>\n<meta name=\"description\" content=\"Joi 24 aprilie 2025, am primit la Sebe\u0219 vizita domnului Jessup Taylor, \u0219eful sec\u021biei politice din cadrul Ambasadei Statelor Unite ale Americii la\" \/>\n<meta name=\"robots\" content=\"index, follow, max-snippet:-1, max-image-preview:large, max-video-preview:-1\" \/>\n<link rel=\"canonical\" href=\"https:\/\/urbeamea.ro\/albaiulia\/intalnire-oficiala-cu-reprezentantul-ambasadei-sua-la-sebes\/\" \/>\n<meta name=\"twitter:card\" content=\"summary_large_image\" \/>\n<meta name=\"twitter:title\" content=\"\u00cent\u00e2lnire oficial\u0103 cu reprezentantul Ambasadei SUA la Sebe\u0219 - Revista Urbea Mea - Revista de Alba\" \/>\n<meta name=\"twitter:description\" content=\"Joi 24 aprilie 2025, am primit la Sebe\u0219 vizita domnului Jessup Taylor, \u0219eful sec\u021biei politice din cadrul Ambasadei Statelor Unite ale Americii la\" \/>\n<meta name=\"twitter:image\" content=\"https:\/\/urbeamea.ro\/albaiulia\/wp-content\/uploads\/2025\/04\/492485873_1245711104221051_8783224925338857516_n-220x300-1.jpg\" \/>\n<meta name=\"twitter:creator\" content=\"@urbeameaweb\" \/>\n<meta name=\"twitter:site\" content=\"@urbeameaweb\" \/>\n<script type=\"application\/ld+json\" class=\"yoast-schema-graph\">{\"@context\":\"https:\\\/\\\/schema.org\",\"@graph\":[{\"@type\":\"Article\",\"@id\":\"https:\\\/\\\/urbeamea.ro\\\/albaiulia\\\/intalnire-oficiala-cu-reprezentantul-ambasadei-sua-la-sebes\\\/#article\",\"isPartOf\":{\"@id\":\"https:\\\/\\\/urbeamea.ro\\\/albaiulia\\\/intalnire-oficiala-cu-reprezentantul-ambasadei-sua-la-sebes\\\/\"},\"author\":{\"name\":\"Redac\u021bia UrbeaMea\",\"@id\":\"https:\\\/\\\/urbeamea.ro\\\/albaiulia\\\/#\\\/schema\\\/person\\\/272ae98052f8ee8980f59848df070247\"},\"headline\":\"\u00cent\u00e2lnire oficial\u0103 cu reprezentantul Ambasadei SUA la Sebe\u0219\",\"datePublished\":\"2025-04-26T13:51:29+00:00\",\"dateModified\":\"2025-04-26T13:51:39+00:00\",\"mainEntityOfPage\":{\"@id\":\"https:\\\/\\\/urbeamea.ro\\\/albaiulia\\\/intalnire-oficiala-cu-reprezentantul-ambasadei-sua-la-sebes\\\/\"},\"wordCount\":201,\"commentCount\":0,\"image\":{\"@id\":\"https:\\\/\\\/urbeamea.ro\\\/albaiulia\\\/intalnire-oficiala-cu-reprezentantul-ambasadei-sua-la-sebes\\\/#primaryimage\"},\"thumbnailUrl\":\"https:\\\/\\\/urbeamea.ro\\\/albaiulia\\\/wp-content\\\/uploads\\\/2025\\\/04\\\/492485873_1245711104221051_8783224925338857516_n-220x300-1.jpg\",\"articleSection\":[\"\u015etiri Urbane\"],\"inLanguage\":\"ro-RO\",\"potentialAction\":[{\"@type\":\"CommentAction\",\"name\":\"Comment\",\"target\":[\"https:\\\/\\\/urbeamea.ro\\\/albaiulia\\\/intalnire-oficiala-cu-reprezentantul-ambasadei-sua-la-sebes\\\/#respond\"]}]},{\"@type\":\"WebPage\",\"@id\":\"https:\\\/\\\/urbeamea.ro\\\/albaiulia\\\/intalnire-oficiala-cu-reprezentantul-ambasadei-sua-la-sebes\\\/\",\"url\":\"https:\\\/\\\/urbeamea.ro\\\/albaiulia\\\/intalnire-oficiala-cu-reprezentantul-ambasadei-sua-la-sebes\\\/\",\"name\":\"\u00cent\u00e2lnire oficial\u0103 cu reprezentantul Ambasadei SUA la Sebe\u0219 - Revista Urbea Mea - Revista de Alba\",\"isPartOf\":{\"@id\":\"https:\\\/\\\/urbeamea.ro\\\/albaiulia\\\/#website\"},\"primaryImageOfPage\":{\"@id\":\"https:\\\/\\\/urbeamea.ro\\\/albaiulia\\\/intalnire-oficiala-cu-reprezentantul-ambasadei-sua-la-sebes\\\/#primaryimage\"},\"image\":{\"@id\":\"https:\\\/\\\/urbeamea.ro\\\/albaiulia\\\/intalnire-oficiala-cu-reprezentantul-ambasadei-sua-la-sebes\\\/#primaryimage\"},\"thumbnailUrl\":\"https:\\\/\\\/urbeamea.ro\\\/albaiulia\\\/wp-content\\\/uploads\\\/2025\\\/04\\\/492485873_1245711104221051_8783224925338857516_n-220x300-1.jpg\",\"datePublished\":\"2025-04-26T13:51:29+00:00\",\"dateModified\":\"2025-04-26T13:51:39+00:00\",\"author\":{\"@id\":\"https:\\\/\\\/urbeamea.ro\\\/albaiulia\\\/#\\\/schema\\\/person\\\/272ae98052f8ee8980f59848df070247\"},\"description\":\"Joi 24 aprilie 2025, am primit la Sebe\u0219 vizita domnului Jessup Taylor, \u0219eful sec\u021biei politice din cadrul Ambasadei Statelor Unite ale Americii la\",\"breadcrumb\":{\"@id\":\"https:\\\/\\\/urbeamea.ro\\\/albaiulia\\\/intalnire-oficiala-cu-reprezentantul-ambasadei-sua-la-sebes\\\/#breadcrumb\"},\"inLanguage\":\"ro-RO\",\"potentialAction\":[{\"@type\":\"ReadAction\",\"target\":[\"https:\\\/\\\/urbeamea.ro\\\/albaiulia\\\/intalnire-oficiala-cu-reprezentantul-ambasadei-sua-la-sebes\\\/\"]}]},{\"@type\":\"ImageObject\",\"inLanguage\":\"ro-RO\",\"@id\":\"https:\\\/\\\/urbeamea.ro\\\/albaiulia\\\/intalnire-oficiala-cu-reprezentantul-ambasadei-sua-la-sebes\\\/#primaryimage\",\"url\":\"https:\\\/\\\/urbeamea.ro\\\/albaiulia\\\/wp-content\\\/uploads\\\/2025\\\/04\\\/492485873_1245711104221051_8783224925338857516_n-220x300-1.jpg\",\"contentUrl\":\"https:\\\/\\\/urbeamea.ro\\\/albaiulia\\\/wp-content\\\/uploads\\\/2025\\\/04\\\/492485873_1245711104221051_8783224925338857516_n-220x300-1.jpg\",\"width\":220,\"height\":300},{\"@type\":\"BreadcrumbList\",\"@id\":\"https:\\\/\\\/urbeamea.ro\\\/albaiulia\\\/intalnire-oficiala-cu-reprezentantul-ambasadei-sua-la-sebes\\\/#breadcrumb\",\"itemListElement\":[{\"@type\":\"ListItem\",\"position\":1,\"name\":\"Prima pagin\u0103\",\"item\":\"https:\\\/\\\/urbeamea.ro\\\/albaiulia\\\/\"},{\"@type\":\"ListItem\",\"position\":2,\"name\":\"\u00cent\u00e2lnire oficial\u0103 cu reprezentantul Ambasadei SUA la Sebe\u0219\"}]},{\"@type\":\"WebSite\",\"@id\":\"https:\\\/\\\/urbeamea.ro\\\/albaiulia\\\/#website\",\"url\":\"https:\\\/\\\/urbeamea.ro\\\/albaiulia\\\/\",\"name\":\"Revista Urbea Mea, Stiri urbane\",\"description\":\"Evenimente \u0219i \u0219tiri din Alba Iulia, Sebe\u0219, Aiud, Blaj\",\"potentialAction\":[{\"@type\":\"SearchAction\",\"target\":{\"@type\":\"EntryPoint\",\"urlTemplate\":\"https:\\\/\\\/urbeamea.ro\\\/albaiulia\\\/?s={search_term_string}\"},\"query-input\":{\"@type\":\"PropertyValueSpecification\",\"valueRequired\":true,\"valueName\":\"search_term_string\"}}],\"inLanguage\":\"ro-RO\"},{\"@type\":\"Person\",\"@id\":\"https:\\\/\\\/urbeamea.ro\\\/albaiulia\\\/#\\\/schema\\\/person\\\/272ae98052f8ee8980f59848df070247\",\"name\":\"Redac\u021bia UrbeaMea\",\"image\":{\"@type\":\"ImageObject\",\"inLanguage\":\"ro-RO\",\"@id\":\"https:\\\/\\\/secure.gravatar.com\\\/avatar\\\/9ce5a9435071fa1037e8468053ead8e513dbbff59009d3069aadb85506d85a27?s=96&d=mm&r=g\",\"url\":\"https:\\\/\\\/secure.gravatar.com\\\/avatar\\\/9ce5a9435071fa1037e8468053ead8e513dbbff59009d3069aadb85506d85a27?s=96&d=mm&r=g\",\"contentUrl\":\"https:\\\/\\\/secure.gravatar.com\\\/avatar\\\/9ce5a9435071fa1037e8468053ead8e513dbbff59009d3069aadb85506d85a27?s=96&d=mm&r=g\",\"caption\":\"Redac\u021bia UrbeaMea\"},\"description\":\"contact@urbeamea.ro\",\"sameAs\":[\"https:\\\/\\\/www.urbeamea.ro\"],\"url\":\"https:\\\/\\\/urbeamea.ro\\\/albaiulia\\\/author\\\/redactia-urbeamea\\\/\"}]}<\/script>\n<!-- \/ Yoast SEO plugin. -->","yoast_head_json":{"title":"\u00cent\u00e2lnire oficial\u0103 cu reprezentantul Ambasadei SUA la Sebe\u0219 - Revista Urbea Mea - Revista de Alba","description":"Joi 24 aprilie 2025, am primit la Sebe\u0219 vizita domnului Jessup Taylor, \u0219eful sec\u021biei politice din cadrul Ambasadei Statelor Unite ale Americii la","robots":{"index":"index","follow":"follow","max-snippet":"max-snippet:-1","max-image-preview":"max-image-preview:large","max-video-preview":"max-video-preview:-1"},"canonical":"https:\/\/urbeamea.ro\/albaiulia\/intalnire-oficiala-cu-reprezentantul-ambasadei-sua-la-sebes\/","twitter_card":"summary_large_image","twitter_title":"\u00cent\u00e2lnire oficial\u0103 cu reprezentantul Ambasadei SUA la Sebe\u0219 - Revista Urbea Mea - Revista de Alba","twitter_description":"Joi 24 aprilie 2025, am primit la Sebe\u0219 vizita domnului Jessup Taylor, \u0219eful sec\u021biei politice din cadrul Ambasadei Statelor Unite ale Americii la","twitter_image":"https:\/\/urbeamea.ro\/albaiulia\/wp-content\/uploads\/2025\/04\/492485873_1245711104221051_8783224925338857516_n-220x300-1.jpg","twitter_creator":"@urbeameaweb","twitter_site":"@urbeameaweb","schema":{"@context":"https:\/\/schema.org","@graph":[{"@type":"Article","@id":"https:\/\/urbeamea.ro\/albaiulia\/intalnire-oficiala-cu-reprezentantul-ambasadei-sua-la-sebes\/#article","isPartOf":{"@id":"https:\/\/urbeamea.ro\/albaiulia\/intalnire-oficiala-cu-reprezentantul-ambasadei-sua-la-sebes\/"},"author":{"name":"Redac\u021bia UrbeaMea","@id":"https:\/\/urbeamea.ro\/albaiulia\/#\/schema\/person\/272ae98052f8ee8980f59848df070247"},"headline":"\u00cent\u00e2lnire oficial\u0103 cu reprezentantul Ambasadei SUA la Sebe\u0219","datePublished":"2025-04-26T13:51:29+00:00","dateModified":"2025-04-26T13:51:39+00:00","mainEntityOfPage":{"@id":"https:\/\/urbeamea.ro\/albaiulia\/intalnire-oficiala-cu-reprezentantul-ambasadei-sua-la-sebes\/"},"wordCount":201,"commentCount":0,"image":{"@id":"https:\/\/urbeamea.ro\/albaiulia\/intalnire-oficiala-cu-reprezentantul-ambasadei-sua-la-sebes\/#primaryimage"},"thumbnailUrl":"https:\/\/urbeamea.ro\/albaiulia\/wp-content\/uploads\/2025\/04\/492485873_1245711104221051_8783224925338857516_n-220x300-1.jpg","articleSection":["\u015etiri Urbane"],"inLanguage":"ro-RO","potentialAction":[{"@type":"CommentAction","name":"Comment","target":["https:\/\/urbeamea.ro\/albaiulia\/intalnire-oficiala-cu-reprezentantul-ambasadei-sua-la-sebes\/#respond"]}]},{"@type":"WebPage","@id":"https:\/\/urbeamea.ro\/albaiulia\/intalnire-oficiala-cu-reprezentantul-ambasadei-sua-la-sebes\/","url":"https:\/\/urbeamea.ro\/albaiulia\/intalnire-oficiala-cu-reprezentantul-ambasadei-sua-la-sebes\/","name":"\u00cent\u00e2lnire oficial\u0103 cu reprezentantul Ambasadei SUA la Sebe\u0219 - Revista Urbea Mea - Revista de Alba","isPartOf":{"@id":"https:\/\/urbeamea.ro\/albaiulia\/#website"},"primaryImageOfPage":{"@id":"https:\/\/urbeamea.ro\/albaiulia\/intalnire-oficiala-cu-reprezentantul-ambasadei-sua-la-sebes\/#primaryimage"},"image":{"@id":"https:\/\/urbeamea.ro\/albaiulia\/intalnire-oficiala-cu-reprezentantul-ambasadei-sua-la-sebes\/#primaryimage"},"thumbnailUrl":"https:\/\/urbeamea.ro\/albaiulia\/wp-content\/uploads\/2025\/04\/492485873_1245711104221051_8783224925338857516_n-220x300-1.jpg","datePublished":"2025-04-26T13:51:29+00:00","dateModified":"2025-04-26T13:51:39+00:00","author":{"@id":"https:\/\/urbeamea.ro\/albaiulia\/#\/schema\/person\/272ae98052f8ee8980f59848df070247"},"description":"Joi 24 aprilie 2025, am primit la Sebe\u0219 vizita domnului Jessup Taylor, \u0219eful sec\u021biei politice din cadrul Ambasadei Statelor Unite ale Americii la","breadcrumb":{"@id":"https:\/\/urbeamea.ro\/albaiulia\/intalnire-oficiala-cu-reprezentantul-ambasadei-sua-la-sebes\/#breadcrumb"},"inLanguage":"ro-RO","potentialAction":[{"@type":"ReadAction","target":["https:\/\/urbeamea.ro\/albaiulia\/intalnire-oficiala-cu-reprezentantul-ambasadei-sua-la-sebes\/"]}]},{"@type":"ImageObject","inLanguage":"ro-RO","@id":"https:\/\/urbeamea.ro\/albaiulia\/intalnire-oficiala-cu-reprezentantul-ambasadei-sua-la-sebes\/#primaryimage","url":"https:\/\/urbeamea.ro\/albaiulia\/wp-content\/uploads\/2025\/04\/492485873_1245711104221051_8783224925338857516_n-220x300-1.jpg","contentUrl":"https:\/\/urbeamea.ro\/albaiulia\/wp-content\/uploads\/2025\/04\/492485873_1245711104221051_8783224925338857516_n-220x300-1.jpg","width":220,"height":300},{"@type":"BreadcrumbList","@id":"https:\/\/urbeamea.ro\/albaiulia\/intalnire-oficiala-cu-reprezentantul-ambasadei-sua-la-sebes\/#breadcrumb","itemListElement":[{"@type":"ListItem","position":1,"name":"Prima pagin\u0103","item":"https:\/\/urbeamea.ro\/albaiulia\/"},{"@type":"ListItem","position":2,"name":"\u00cent\u00e2lnire oficial\u0103 cu reprezentantul Ambasadei SUA la Sebe\u0219"}]},{"@type":"WebSite","@id":"https:\/\/urbeamea.ro\/albaiulia\/#website","url":"https:\/\/urbeamea.ro\/albaiulia\/","name":"Revista Urbea Mea, Stiri urbane","description":"Evenimente \u0219i \u0219tiri din Alba Iulia, Sebe\u0219, Aiud, Blaj","potentialAction":[{"@type":"SearchAction","target":{"@type":"EntryPoint","urlTemplate":"https:\/\/urbeamea.ro\/albaiulia\/?s={search_term_string}"},"query-input":{"@type":"PropertyValueSpecification","valueRequired":true,"valueName":"search_term_string"}}],"inLanguage":"ro-RO"},{"@type":"Person","@id":"https:\/\/urbeamea.ro\/albaiulia\/#\/schema\/person\/272ae98052f8ee8980f59848df070247","name":"Redac\u021bia UrbeaMea","image":{"@type":"ImageObject","inLanguage":"ro-RO","@id":"https:\/\/secure.gravatar.com\/avatar\/9ce5a9435071fa1037e8468053ead8e513dbbff59009d3069aadb85506d85a27?s=96&d=mm&r=g","url":"https:\/\/secure.gravatar.com\/avatar\/9ce5a9435071fa1037e8468053ead8e513dbbff59009d3069aadb85506d85a27?s=96&d=mm&r=g","contentUrl":"https:\/\/secure.gravatar.com\/avatar\/9ce5a9435071fa1037e8468053ead8e513dbbff59009d3069aadb85506d85a27?s=96&d=mm&r=g","caption":"Redac\u021bia UrbeaMea"},"description":"contact@urbeamea.ro","sameAs":["https:\/\/www.urbeamea.ro"],"url":"https:\/\/urbeamea.ro\/albaiulia\/author\/redactia-urbeamea\/"}]}},"_links":{"self":[{"href":"https:\/\/urbeamea.ro\/albaiulia\/wp-json\/wp\/v2\/posts\/117344","targetHints":{"allow":["GET"]}}],"collection":[{"href":"https:\/\/urbeamea.ro\/albaiulia\/wp-json\/wp\/v2\/posts"}],"about":[{"href":"https:\/\/urbeamea.ro\/albaiulia\/wp-json\/wp\/v2\/types\/post"}],"author":[{"embeddable":true,"href":"https:\/\/urbeamea.ro\/albaiulia\/wp-json\/wp\/v2\/users\/16"}],"replies":[{"embeddable":true,"href":"https:\/\/urbeamea.ro\/albaiulia\/wp-json\/wp\/v2\/comments?post=117344"}],"version-history":[{"count":1,"href":"https:\/\/urbeamea.ro\/albaiulia\/wp-json\/wp\/v2\/posts\/117344\/revisions"}],"predecessor-version":[{"id":117347,"href":"https:\/\/urbeamea.ro\/albaiulia\/wp-json\/wp\/v2\/posts\/117344\/revisions\/117347"}],"wp:featuredmedia":[{"embeddable":true,"href":"https:\/\/urbeamea.ro\/albaiulia\/wp-json\/wp\/v2\/media\/117346"}],"wp:attachment":[{"href":"https:\/\/urbeamea.ro\/albaiulia\/wp-json\/wp\/v2\/media?parent=117344"}],"wp:term":[{"taxonomy":"category","embeddable":true,"href":"https:\/\/urbeamea.ro\/albaiulia\/wp-json\/wp\/v2\/categories?post=117344"},{"taxonomy":"post_tag","embeddable":true,"href":"https:\/\/urbeamea.ro\/albaiulia\/wp-json\/wp\/v2\/tags?post=117344"}],"curies":[{"name":"wp","href":"https:\/\/api.w.org\/{rel}","templated":true}]}}