{"id":117356,"date":"2025-04-27T15:09:48","date_gmt":"2025-04-27T12:09:48","guid":{"rendered":"https:\/\/urbeamea.ro\/albaiulia\/?p=117356"},"modified":"2025-04-27T15:09:50","modified_gmt":"2025-04-27T12:09:50","slug":"echipa-isu-alba-locul-i-la-faza-zonala-a-competitiei-nationale-de-descarcare-si-acordarea-primului-ajutor-calificat","status":"publish","type":"post","link":"https:\/\/urbeamea.ro\/albaiulia\/echipa-isu-alba-locul-i-la-faza-zonala-a-competitiei-nationale-de-descarcare-si-acordarea-primului-ajutor-calificat\/","title":{"rendered":"Echipa ISU Alba, locul I, la faza zonal\u0103 a  Competi\u021biei Na\u021bionale de Desc\u0103rcare \u0219i Acordarea Primului Ajutor Calificat"},"content":{"rendered":"\n<p><strong>\u00cen perioada 24 &#8211; 25 aprilie, lotul reprezentativ al Inspectoratului pentru Situa\u021bii de Urgen\u021b\u0103 &#8222;UNIREA&#8221; al jude\u021bului Alba a participat la Etapa Zonal\u0103 a Competi\u021biei de Descarcerare \u0219i de Acordare a Primului Ajutor Calificat, organizat de Inspectoratul pentru Situa\u021bii de Urgen\u021b\u0103 &#8222;Vasile Goldi\u0219&#8221; al jude\u021bului Arad. <\/strong><\/p>\n\n\n\n<p> Dup\u0103 dou\u0103 zile de competi\u021bie acerb\u0103, unde s-au \u00eentrecut cele mai bune echipe din jude\u021bele Arad, Cara\u0219-Severin, Hunedoara \u0219i Timi\u0219, echipa reprezentativ\u0103 a ISU Alba a reusit s\u0103 ob\u021bin\u0103 urm\u0103toarele rezultate:<\/p>\n\n\n\n<p>&#8211; locul 1, la proba &#8222;Descarcerare din Autovehicule&#8221;;<\/p>\n\n\n\n<p>&#8211; locul 1 la proba &#8222;Acordarea Primului Ajutor Calificat&#8221;; \u0219i premiul pentru : <\/p>\n\n\n\n<p>&#8211; cel mai bun comandant echipaj descarcerare &#8211; plt. maj. S\u0103listean Andrei <\/p>\n\n\n\n<p>&#8211; cel mai bun comandant prim ajutor calificat  &#8211; plt. maj. S\u0103listean Andrei <\/p>\n\n\n\n<p>&#8211; cea mai bun\u0103 echip\u0103 servan\u021bi descarcerare(plt. adj. \u0219ef. Simion Iulius, plt. Nasta C\u0103t\u0103lin)<\/p>\n\n\n\n<p> &#8211; cea mai bun\u0103 echip\u0103 de paramedici (sg. maj. Bolfea Claudiu, sg. maj. G\u00eeta Stelian, plt. Vostinar Sergiu).<\/p>\n\n\n\n<p>Felicit\u0103ri, dragi colegi pentru rezultatele ob\u021binute! Suntem m\u00e2ndri de voi! <\/p>\n\n\n\n<p>Lotul reprezentativ al ISU Alba a fost compus din: <\/p>\n\n\n\n<p> lt. col. Zehan Sergiu <\/p>\n\n\n\n<p> cpt. Alex\u0103 Gabriel loan <\/p>\n\n\n\n<p> plt. adj. \u0219ef Simion Iulius <\/p>\n\n\n\n<p> plt. adj. \u0219ef. Ciulic Ioan Constantin <\/p>\n\n\n\n<p> plt. maj. S\u0103li\u015ftean loan &#8211; Andrei <\/p>\n\n\n\n<p> plt. Vo\u0219tinar Sergiu<\/p>\n\n\n\n<p>plt. Nasta C\u0103t\u0103lin <\/p>\n\n\n\n<p> sg. maj. G\u00eeta Stelian <\/p>\n\n\n\n<p>sg. maj. Bolfea Claudiu <\/p>\n\n\n\n<figure class=\"wp-block-gallery has-nested-images columns-default is-cropped wp-block-gallery-1 is-layout-flex wp-block-gallery-is-layout-flex\">\n<figure class=\"wp-block-image size-large\"><img loading=\"lazy\" decoding=\"async\" width=\"1080\" height=\"493\" data-id=\"117357\" src=\"https:\/\/urbeamea.ro\/albaiulia\/wp-content\/uploads\/2025\/04\/1000035899.jpg\" alt=\"\" class=\"wp-image-117357\" srcset=\"https:\/\/urbeamea.ro\/albaiulia\/wp-content\/uploads\/2025\/04\/1000035899.jpg 1080w, https:\/\/urbeamea.ro\/albaiulia\/wp-content\/uploads\/2025\/04\/1000035899-640x292.jpg 640w, https:\/\/urbeamea.ro\/albaiulia\/wp-content\/uploads\/2025\/04\/1000035899-150x68.jpg 150w, https:\/\/urbeamea.ro\/albaiulia\/wp-content\/uploads\/2025\/04\/1000035899-768x351.jpg 768w\" sizes=\"auto, (max-width: 1080px) 100vw, 1080px\" \/><\/figure>\n\n\n\n<figure class=\"wp-block-image size-large\"><img loading=\"lazy\" decoding=\"async\" width=\"1080\" height=\"493\" data-id=\"117358\" src=\"https:\/\/urbeamea.ro\/albaiulia\/wp-content\/uploads\/2025\/04\/1000035900.jpg\" alt=\"\" class=\"wp-image-117358\" srcset=\"https:\/\/urbeamea.ro\/albaiulia\/wp-content\/uploads\/2025\/04\/1000035900.jpg 1080w, https:\/\/urbeamea.ro\/albaiulia\/wp-content\/uploads\/2025\/04\/1000035900-640x292.jpg 640w, https:\/\/urbeamea.ro\/albaiulia\/wp-content\/uploads\/2025\/04\/1000035900-150x68.jpg 150w, https:\/\/urbeamea.ro\/albaiulia\/wp-content\/uploads\/2025\/04\/1000035900-768x351.jpg 768w\" sizes=\"auto, (max-width: 1080px) 100vw, 1080px\" \/><\/figure>\n\n\n\n<figure class=\"wp-block-image size-large\"><img loading=\"lazy\" decoding=\"async\" width=\"1080\" height=\"493\" data-id=\"117359\" src=\"https:\/\/urbeamea.ro\/albaiulia\/wp-content\/uploads\/2025\/04\/1000035901.jpg\" alt=\"\" class=\"wp-image-117359\" srcset=\"https:\/\/urbeamea.ro\/albaiulia\/wp-content\/uploads\/2025\/04\/1000035901.jpg 1080w, https:\/\/urbeamea.ro\/albaiulia\/wp-content\/uploads\/2025\/04\/1000035901-640x292.jpg 640w, https:\/\/urbeamea.ro\/albaiulia\/wp-content\/uploads\/2025\/04\/1000035901-150x68.jpg 150w, https:\/\/urbeamea.ro\/albaiulia\/wp-content\/uploads\/2025\/04\/1000035901-768x351.jpg 768w\" sizes=\"auto, (max-width: 1080px) 100vw, 1080px\" \/><\/figure>\n\n\n\n<figure class=\"wp-block-image size-large\"><img loading=\"lazy\" decoding=\"async\" width=\"720\" height=\"960\" data-id=\"117360\" src=\"https:\/\/urbeamea.ro\/albaiulia\/wp-content\/uploads\/2025\/04\/1000035896.jpg\" alt=\"\" class=\"wp-image-117360\" srcset=\"https:\/\/urbeamea.ro\/albaiulia\/wp-content\/uploads\/2025\/04\/1000035896.jpg 720w, https:\/\/urbeamea.ro\/albaiulia\/wp-content\/uploads\/2025\/04\/1000035896-480x640.jpg 480w, https:\/\/urbeamea.ro\/albaiulia\/wp-content\/uploads\/2025\/04\/1000035896-113x150.jpg 113w\" sizes=\"auto, (max-width: 720px) 100vw, 720px\" \/><\/figure>\n\n\n\n<figure class=\"wp-block-image size-large\"><img loading=\"lazy\" decoding=\"async\" width=\"720\" height=\"960\" data-id=\"117361\" src=\"https:\/\/urbeamea.ro\/albaiulia\/wp-content\/uploads\/2025\/04\/1000035897.jpg\" alt=\"\" class=\"wp-image-117361\" srcset=\"https:\/\/urbeamea.ro\/albaiulia\/wp-content\/uploads\/2025\/04\/1000035897.jpg 720w, https:\/\/urbeamea.ro\/albaiulia\/wp-content\/uploads\/2025\/04\/1000035897-480x640.jpg 480w, https:\/\/urbeamea.ro\/albaiulia\/wp-content\/uploads\/2025\/04\/1000035897-113x150.jpg 113w\" sizes=\"auto, (max-width: 720px) 100vw, 720px\" \/><\/figure>\n\n\n\n<figure class=\"wp-block-image size-large\"><img loading=\"lazy\" decoding=\"async\" width=\"540\" height=\"960\" data-id=\"117362\" src=\"https:\/\/urbeamea.ro\/albaiulia\/wp-content\/uploads\/2025\/04\/1000035898.jpg\" alt=\"\" class=\"wp-image-117362\" srcset=\"https:\/\/urbeamea.ro\/albaiulia\/wp-content\/uploads\/2025\/04\/1000035898.jpg 540w, https:\/\/urbeamea.ro\/albaiulia\/wp-content\/uploads\/2025\/04\/1000035898-360x640.jpg 360w, https:\/\/urbeamea.ro\/albaiulia\/wp-content\/uploads\/2025\/04\/1000035898-84x150.jpg 84w\" sizes=\"auto, (max-width: 540px) 100vw, 540px\" \/><\/figure>\n\n\n\n<figure class=\"wp-block-image size-large\"><img loading=\"lazy\" decoding=\"async\" width=\"720\" height=\"960\" data-id=\"117363\" src=\"https:\/\/urbeamea.ro\/albaiulia\/wp-content\/uploads\/2025\/04\/1000035893.jpg\" alt=\"\" class=\"wp-image-117363\" srcset=\"https:\/\/urbeamea.ro\/albaiulia\/wp-content\/uploads\/2025\/04\/1000035893.jpg 720w, https:\/\/urbeamea.ro\/albaiulia\/wp-content\/uploads\/2025\/04\/1000035893-480x640.jpg 480w, https:\/\/urbeamea.ro\/albaiulia\/wp-content\/uploads\/2025\/04\/1000035893-113x150.jpg 113w\" sizes=\"auto, (max-width: 720px) 100vw, 720px\" \/><\/figure>\n\n\n\n<figure class=\"wp-block-image size-large\"><img loading=\"lazy\" decoding=\"async\" width=\"720\" height=\"960\" data-id=\"117364\" src=\"https:\/\/urbeamea.ro\/albaiulia\/wp-content\/uploads\/2025\/04\/1000035894.jpg\" alt=\"\" class=\"wp-image-117364\" srcset=\"https:\/\/urbeamea.ro\/albaiulia\/wp-content\/uploads\/2025\/04\/1000035894.jpg 720w, https:\/\/urbeamea.ro\/albaiulia\/wp-content\/uploads\/2025\/04\/1000035894-480x640.jpg 480w, https:\/\/urbeamea.ro\/albaiulia\/wp-content\/uploads\/2025\/04\/1000035894-113x150.jpg 113w\" sizes=\"auto, (max-width: 720px) 100vw, 720px\" \/><\/figure>\n\n\n\n<figure class=\"wp-block-image size-large\"><img loading=\"lazy\" decoding=\"async\" width=\"720\" height=\"960\" data-id=\"117365\" src=\"https:\/\/urbeamea.ro\/albaiulia\/wp-content\/uploads\/2025\/04\/1000035895.jpg\" alt=\"\" class=\"wp-image-117365\" srcset=\"https:\/\/urbeamea.ro\/albaiulia\/wp-content\/uploads\/2025\/04\/1000035895.jpg 720w, https:\/\/urbeamea.ro\/albaiulia\/wp-content\/uploads\/2025\/04\/1000035895-480x640.jpg 480w, https:\/\/urbeamea.ro\/albaiulia\/wp-content\/uploads\/2025\/04\/1000035895-113x150.jpg 113w\" sizes=\"auto, (max-width: 720px) 100vw, 720px\" \/><\/figure>\n\n\n\n<figure class=\"wp-block-image size-large\"><img loading=\"lazy\" decoding=\"async\" width=\"720\" height=\"960\" data-id=\"117366\" src=\"https:\/\/urbeamea.ro\/albaiulia\/wp-content\/uploads\/2025\/04\/1000035889.jpg\" alt=\"\" class=\"wp-image-117366\" srcset=\"https:\/\/urbeamea.ro\/albaiulia\/wp-content\/uploads\/2025\/04\/1000035889.jpg 720w, https:\/\/urbeamea.ro\/albaiulia\/wp-content\/uploads\/2025\/04\/1000035889-480x640.jpg 480w, https:\/\/urbeamea.ro\/albaiulia\/wp-content\/uploads\/2025\/04\/1000035889-113x150.jpg 113w\" sizes=\"auto, (max-width: 720px) 100vw, 720px\" \/><\/figure>\n\n\n\n<figure class=\"wp-block-image size-large\"><img loading=\"lazy\" decoding=\"async\" width=\"720\" height=\"960\" data-id=\"117367\" src=\"https:\/\/urbeamea.ro\/albaiulia\/wp-content\/uploads\/2025\/04\/1000035892.jpg\" alt=\"\" class=\"wp-image-117367\" srcset=\"https:\/\/urbeamea.ro\/albaiulia\/wp-content\/uploads\/2025\/04\/1000035892.jpg 720w, https:\/\/urbeamea.ro\/albaiulia\/wp-content\/uploads\/2025\/04\/1000035892-480x640.jpg 480w, https:\/\/urbeamea.ro\/albaiulia\/wp-content\/uploads\/2025\/04\/1000035892-113x150.jpg 113w\" sizes=\"auto, (max-width: 720px) 100vw, 720px\" \/><\/figure>\n\n\n\n<figure class=\"wp-block-image size-large\"><img loading=\"lazy\" decoding=\"async\" width=\"585\" height=\"1280\" data-id=\"117368\" src=\"https:\/\/urbeamea.ro\/albaiulia\/wp-content\/uploads\/2025\/04\/1000035891-585x1280.jpg\" alt=\"\" class=\"wp-image-117368\" srcset=\"https:\/\/urbeamea.ro\/albaiulia\/wp-content\/uploads\/2025\/04\/1000035891-585x1280.jpg 585w, https:\/\/urbeamea.ro\/albaiulia\/wp-content\/uploads\/2025\/04\/1000035891-293x640.jpg 293w, https:\/\/urbeamea.ro\/albaiulia\/wp-content\/uploads\/2025\/04\/1000035891-69x150.jpg 69w, https:\/\/urbeamea.ro\/albaiulia\/wp-content\/uploads\/2025\/04\/1000035891.jpg 640w\" sizes=\"auto, (max-width: 585px) 100vw, 585px\" \/><\/figure>\n\n\n\n<figure class=\"wp-block-image size-large\"><img loading=\"lazy\" decoding=\"async\" width=\"720\" height=\"960\" data-id=\"117369\" src=\"https:\/\/urbeamea.ro\/albaiulia\/wp-content\/uploads\/2025\/04\/1000035890.jpg\" alt=\"\" class=\"wp-image-117369\" srcset=\"https:\/\/urbeamea.ro\/albaiulia\/wp-content\/uploads\/2025\/04\/1000035890.jpg 720w, https:\/\/urbeamea.ro\/albaiulia\/wp-content\/uploads\/2025\/04\/1000035890-480x640.jpg 480w, https:\/\/urbeamea.ro\/albaiulia\/wp-content\/uploads\/2025\/04\/1000035890-113x150.jpg 113w\" sizes=\"auto, (max-width: 720px) 100vw, 720px\" \/><\/figure>\n<\/figure>\n","protected":false},"excerpt":{"rendered":"<p>\u00cen perioada 24 &#8211; 25 aprilie, lotul reprezentativ al Inspectoratului pentru Situa\u021bii de Urgen\u021b\u0103 &#8222;UNIREA&#8221; al jude\u021bului Alba a participat la Etapa Zonal\u0103 a Competi\u021biei de Descarcerare \u0219i de Acordare a Primului Ajutor Calificat, organizat de Inspectoratul pentru Situa\u021bii de Urgen\u021b\u0103 &#8222;Vasile Goldi\u0219&#8221; al jude\u021bului Arad. Dup\u0103 dou\u0103 zile de competi\u021bie acerb\u0103, unde s-au \u00eentrecut &hellip;<\/p>\n","protected":false},"author":28,"featured_media":117366,"comment_status":"open","ping_status":"open","sticky":false,"template":"","format":"standard","meta":{"inline_featured_image":false,"footnotes":""},"categories":[4,2034,1,16344],"tags":[11361,2560],"class_list":["post-117356","post","type-post","status-publish","format-standard","has-post-thumbnail","hentry","category-eveniment","category-social","category-stiri-urbane","category-urbea-mea","tag-descarcerare-si-prim-ajutor-calificat","tag-isu-alba"],"yoast_head":"<!-- This site is optimized with the Yoast SEO plugin v27.4 - https:\/\/yoast.com\/product\/yoast-seo-wordpress\/ -->\n<title>Echipa ISU Alba, locul I, la faza zonal\u0103 a Competi\u021biei Na\u021bionale de Desc\u0103rcare \u0219i Acordarea Primului Ajutor Calificat - Revista Urbea Mea - Revista de Alba<\/title>\n<meta name=\"description\" content=\"\u00cen perioada 24 - 25 aprilie, lotul reprezentativ al Inspectoratului pentru Situa\u021bii de Urgen\u021b\u0103 &quot;UNIREA&quot; al jude\u021bului Alba a participat la Etapa Zonal\u0103 a\" \/>\n<meta name=\"robots\" content=\"index, follow, max-snippet:-1, max-image-preview:large, max-video-preview:-1\" \/>\n<link rel=\"canonical\" href=\"https:\/\/urbeamea.ro\/albaiulia\/echipa-isu-alba-locul-i-la-faza-zonala-a-competitiei-nationale-de-descarcare-si-acordarea-primului-ajutor-calificat\/\" \/>\n<meta name=\"twitter:card\" content=\"summary_large_image\" \/>\n<meta name=\"twitter:title\" content=\"Echipa ISU Alba, locul I, la faza zonal\u0103 a Competi\u021biei Na\u021bionale de Desc\u0103rcare \u0219i Acordarea Primului Ajutor Calificat - Revista Urbea Mea - Revista de Alba\" \/>\n<meta name=\"twitter:description\" content=\"\u00cen perioada 24 - 25 aprilie, lotul reprezentativ al Inspectoratului pentru Situa\u021bii de Urgen\u021b\u0103 &quot;UNIREA&quot; al jude\u021bului Alba a participat la Etapa Zonal\u0103 a\" \/>\n<meta name=\"twitter:image\" content=\"https:\/\/urbeamea.ro\/albaiulia\/wp-content\/uploads\/2025\/04\/1000035889.jpg\" \/>\n<meta name=\"twitter:creator\" content=\"@urbeameaweb\" \/>\n<meta name=\"twitter:site\" content=\"@urbeameaweb\" \/>\n<script type=\"application\/ld+json\" class=\"yoast-schema-graph\">{\"@context\":\"https:\\\/\\\/schema.org\",\"@graph\":[{\"@type\":\"Article\",\"@id\":\"https:\\\/\\\/urbeamea.ro\\\/albaiulia\\\/echipa-isu-alba-locul-i-la-faza-zonala-a-competitiei-nationale-de-descarcare-si-acordarea-primului-ajutor-calificat\\\/#article\",\"isPartOf\":{\"@id\":\"https:\\\/\\\/urbeamea.ro\\\/albaiulia\\\/echipa-isu-alba-locul-i-la-faza-zonala-a-competitiei-nationale-de-descarcare-si-acordarea-primului-ajutor-calificat\\\/\"},\"author\":{\"name\":\"Giurca Sorin\",\"@id\":\"https:\\\/\\\/urbeamea.ro\\\/albaiulia\\\/#\\\/schema\\\/person\\\/5db3854ac38c1cc9f0ab4092d6a20f02\"},\"headline\":\"Echipa ISU Alba, locul I, la faza zonal\u0103 a Competi\u021biei Na\u021bionale de Desc\u0103rcare \u0219i Acordarea Primului Ajutor Calificat\",\"datePublished\":\"2025-04-27T12:09:48+00:00\",\"dateModified\":\"2025-04-27T12:09:50+00:00\",\"mainEntityOfPage\":{\"@id\":\"https:\\\/\\\/urbeamea.ro\\\/albaiulia\\\/echipa-isu-alba-locul-i-la-faza-zonala-a-competitiei-nationale-de-descarcare-si-acordarea-primului-ajutor-calificat\\\/\"},\"wordCount\":255,\"commentCount\":0,\"image\":{\"@id\":\"https:\\\/\\\/urbeamea.ro\\\/albaiulia\\\/echipa-isu-alba-locul-i-la-faza-zonala-a-competitiei-nationale-de-descarcare-si-acordarea-primului-ajutor-calificat\\\/#primaryimage\"},\"thumbnailUrl\":\"https:\\\/\\\/urbeamea.ro\\\/albaiulia\\\/wp-content\\\/uploads\\\/2025\\\/04\\\/1000035889.jpg\",\"keywords\":[\"descarcerare si prim ajutor calificat\",\"ISU Alba\"],\"articleSection\":[\"Evenimente\",\"Social\",\"\u015etiri Urbane\",\"Urbea Mea\"],\"inLanguage\":\"ro-RO\",\"potentialAction\":[{\"@type\":\"CommentAction\",\"name\":\"Comment\",\"target\":[\"https:\\\/\\\/urbeamea.ro\\\/albaiulia\\\/echipa-isu-alba-locul-i-la-faza-zonala-a-competitiei-nationale-de-descarcare-si-acordarea-primului-ajutor-calificat\\\/#respond\"]}]},{\"@type\":\"WebPage\",\"@id\":\"https:\\\/\\\/urbeamea.ro\\\/albaiulia\\\/echipa-isu-alba-locul-i-la-faza-zonala-a-competitiei-nationale-de-descarcare-si-acordarea-primului-ajutor-calificat\\\/\",\"url\":\"https:\\\/\\\/urbeamea.ro\\\/albaiulia\\\/echipa-isu-alba-locul-i-la-faza-zonala-a-competitiei-nationale-de-descarcare-si-acordarea-primului-ajutor-calificat\\\/\",\"name\":\"Echipa ISU Alba, locul I, la faza zonal\u0103 a Competi\u021biei Na\u021bionale de Desc\u0103rcare \u0219i Acordarea Primului Ajutor Calificat - Revista Urbea Mea - Revista de Alba\",\"isPartOf\":{\"@id\":\"https:\\\/\\\/urbeamea.ro\\\/albaiulia\\\/#website\"},\"primaryImageOfPage\":{\"@id\":\"https:\\\/\\\/urbeamea.ro\\\/albaiulia\\\/echipa-isu-alba-locul-i-la-faza-zonala-a-competitiei-nationale-de-descarcare-si-acordarea-primului-ajutor-calificat\\\/#primaryimage\"},\"image\":{\"@id\":\"https:\\\/\\\/urbeamea.ro\\\/albaiulia\\\/echipa-isu-alba-locul-i-la-faza-zonala-a-competitiei-nationale-de-descarcare-si-acordarea-primului-ajutor-calificat\\\/#primaryimage\"},\"thumbnailUrl\":\"https:\\\/\\\/urbeamea.ro\\\/albaiulia\\\/wp-content\\\/uploads\\\/2025\\\/04\\\/1000035889.jpg\",\"datePublished\":\"2025-04-27T12:09:48+00:00\",\"dateModified\":\"2025-04-27T12:09:50+00:00\",\"author\":{\"@id\":\"https:\\\/\\\/urbeamea.ro\\\/albaiulia\\\/#\\\/schema\\\/person\\\/5db3854ac38c1cc9f0ab4092d6a20f02\"},\"description\":\"\u00cen perioada 24 - 25 aprilie, lotul reprezentativ al Inspectoratului pentru Situa\u021bii de Urgen\u021b\u0103 \\\"UNIREA\\\" al jude\u021bului Alba a participat la Etapa Zonal\u0103 a\",\"breadcrumb\":{\"@id\":\"https:\\\/\\\/urbeamea.ro\\\/albaiulia\\\/echipa-isu-alba-locul-i-la-faza-zonala-a-competitiei-nationale-de-descarcare-si-acordarea-primului-ajutor-calificat\\\/#breadcrumb\"},\"inLanguage\":\"ro-RO\",\"potentialAction\":[{\"@type\":\"ReadAction\",\"target\":[\"https:\\\/\\\/urbeamea.ro\\\/albaiulia\\\/echipa-isu-alba-locul-i-la-faza-zonala-a-competitiei-nationale-de-descarcare-si-acordarea-primului-ajutor-calificat\\\/\"]}]},{\"@type\":\"ImageObject\",\"inLanguage\":\"ro-RO\",\"@id\":\"https:\\\/\\\/urbeamea.ro\\\/albaiulia\\\/echipa-isu-alba-locul-i-la-faza-zonala-a-competitiei-nationale-de-descarcare-si-acordarea-primului-ajutor-calificat\\\/#primaryimage\",\"url\":\"https:\\\/\\\/urbeamea.ro\\\/albaiulia\\\/wp-content\\\/uploads\\\/2025\\\/04\\\/1000035889.jpg\",\"contentUrl\":\"https:\\\/\\\/urbeamea.ro\\\/albaiulia\\\/wp-content\\\/uploads\\\/2025\\\/04\\\/1000035889.jpg\",\"width\":720,\"height\":960},{\"@type\":\"BreadcrumbList\",\"@id\":\"https:\\\/\\\/urbeamea.ro\\\/albaiulia\\\/echipa-isu-alba-locul-i-la-faza-zonala-a-competitiei-nationale-de-descarcare-si-acordarea-primului-ajutor-calificat\\\/#breadcrumb\",\"itemListElement\":[{\"@type\":\"ListItem\",\"position\":1,\"name\":\"Prima pagin\u0103\",\"item\":\"https:\\\/\\\/urbeamea.ro\\\/albaiulia\\\/\"},{\"@type\":\"ListItem\",\"position\":2,\"name\":\"Echipa ISU Alba, locul I, la faza zonal\u0103 a Competi\u021biei Na\u021bionale de Desc\u0103rcare \u0219i Acordarea Primului Ajutor Calificat\"}]},{\"@type\":\"WebSite\",\"@id\":\"https:\\\/\\\/urbeamea.ro\\\/albaiulia\\\/#website\",\"url\":\"https:\\\/\\\/urbeamea.ro\\\/albaiulia\\\/\",\"name\":\"Revista Urbea Mea, Stiri urbane\",\"description\":\"Evenimente \u0219i \u0219tiri din Alba Iulia, Sebe\u0219, Aiud, Blaj\",\"potentialAction\":[{\"@type\":\"SearchAction\",\"target\":{\"@type\":\"EntryPoint\",\"urlTemplate\":\"https:\\\/\\\/urbeamea.ro\\\/albaiulia\\\/?s={search_term_string}\"},\"query-input\":{\"@type\":\"PropertyValueSpecification\",\"valueRequired\":true,\"valueName\":\"search_term_string\"}}],\"inLanguage\":\"ro-RO\"},{\"@type\":\"Person\",\"@id\":\"https:\\\/\\\/urbeamea.ro\\\/albaiulia\\\/#\\\/schema\\\/person\\\/5db3854ac38c1cc9f0ab4092d6a20f02\",\"name\":\"Giurca Sorin\",\"image\":{\"@type\":\"ImageObject\",\"inLanguage\":\"ro-RO\",\"@id\":\"https:\\\/\\\/secure.gravatar.com\\\/avatar\\\/120f6fcae7b3b47a7730cb9943f612f4909f68ac5284b5f40ac1c4615fd70576?s=96&d=mm&r=g\",\"url\":\"https:\\\/\\\/secure.gravatar.com\\\/avatar\\\/120f6fcae7b3b47a7730cb9943f612f4909f68ac5284b5f40ac1c4615fd70576?s=96&d=mm&r=g\",\"contentUrl\":\"https:\\\/\\\/secure.gravatar.com\\\/avatar\\\/120f6fcae7b3b47a7730cb9943f612f4909f68ac5284b5f40ac1c4615fd70576?s=96&d=mm&r=g\",\"caption\":\"Giurca Sorin\"},\"url\":\"https:\\\/\\\/urbeamea.ro\\\/albaiulia\\\/author\\\/sorin\\\/\"}]}<\/script>\n<!-- \/ Yoast SEO plugin. -->","yoast_head_json":{"title":"Echipa ISU Alba, locul I, la faza zonal\u0103 a Competi\u021biei Na\u021bionale de Desc\u0103rcare \u0219i Acordarea Primului Ajutor Calificat - Revista Urbea Mea - Revista de Alba","description":"\u00cen perioada 24 - 25 aprilie, lotul reprezentativ al Inspectoratului pentru Situa\u021bii de Urgen\u021b\u0103 \"UNIREA\" al jude\u021bului Alba a participat la Etapa Zonal\u0103 a","robots":{"index":"index","follow":"follow","max-snippet":"max-snippet:-1","max-image-preview":"max-image-preview:large","max-video-preview":"max-video-preview:-1"},"canonical":"https:\/\/urbeamea.ro\/albaiulia\/echipa-isu-alba-locul-i-la-faza-zonala-a-competitiei-nationale-de-descarcare-si-acordarea-primului-ajutor-calificat\/","twitter_card":"summary_large_image","twitter_title":"Echipa ISU Alba, locul I, la faza zonal\u0103 a Competi\u021biei Na\u021bionale de Desc\u0103rcare \u0219i Acordarea Primului Ajutor Calificat - Revista Urbea Mea - Revista de Alba","twitter_description":"\u00cen perioada 24 - 25 aprilie, lotul reprezentativ al Inspectoratului pentru Situa\u021bii de Urgen\u021b\u0103 \"UNIREA\" al jude\u021bului Alba a participat la Etapa Zonal\u0103 a","twitter_image":"https:\/\/urbeamea.ro\/albaiulia\/wp-content\/uploads\/2025\/04\/1000035889.jpg","twitter_creator":"@urbeameaweb","twitter_site":"@urbeameaweb","schema":{"@context":"https:\/\/schema.org","@graph":[{"@type":"Article","@id":"https:\/\/urbeamea.ro\/albaiulia\/echipa-isu-alba-locul-i-la-faza-zonala-a-competitiei-nationale-de-descarcare-si-acordarea-primului-ajutor-calificat\/#article","isPartOf":{"@id":"https:\/\/urbeamea.ro\/albaiulia\/echipa-isu-alba-locul-i-la-faza-zonala-a-competitiei-nationale-de-descarcare-si-acordarea-primului-ajutor-calificat\/"},"author":{"name":"Giurca Sorin","@id":"https:\/\/urbeamea.ro\/albaiulia\/#\/schema\/person\/5db3854ac38c1cc9f0ab4092d6a20f02"},"headline":"Echipa ISU Alba, locul I, la faza zonal\u0103 a Competi\u021biei Na\u021bionale de Desc\u0103rcare \u0219i Acordarea Primului Ajutor Calificat","datePublished":"2025-04-27T12:09:48+00:00","dateModified":"2025-04-27T12:09:50+00:00","mainEntityOfPage":{"@id":"https:\/\/urbeamea.ro\/albaiulia\/echipa-isu-alba-locul-i-la-faza-zonala-a-competitiei-nationale-de-descarcare-si-acordarea-primului-ajutor-calificat\/"},"wordCount":255,"commentCount":0,"image":{"@id":"https:\/\/urbeamea.ro\/albaiulia\/echipa-isu-alba-locul-i-la-faza-zonala-a-competitiei-nationale-de-descarcare-si-acordarea-primului-ajutor-calificat\/#primaryimage"},"thumbnailUrl":"https:\/\/urbeamea.ro\/albaiulia\/wp-content\/uploads\/2025\/04\/1000035889.jpg","keywords":["descarcerare si prim ajutor calificat","ISU Alba"],"articleSection":["Evenimente","Social","\u015etiri Urbane","Urbea Mea"],"inLanguage":"ro-RO","potentialAction":[{"@type":"CommentAction","name":"Comment","target":["https:\/\/urbeamea.ro\/albaiulia\/echipa-isu-alba-locul-i-la-faza-zonala-a-competitiei-nationale-de-descarcare-si-acordarea-primului-ajutor-calificat\/#respond"]}]},{"@type":"WebPage","@id":"https:\/\/urbeamea.ro\/albaiulia\/echipa-isu-alba-locul-i-la-faza-zonala-a-competitiei-nationale-de-descarcare-si-acordarea-primului-ajutor-calificat\/","url":"https:\/\/urbeamea.ro\/albaiulia\/echipa-isu-alba-locul-i-la-faza-zonala-a-competitiei-nationale-de-descarcare-si-acordarea-primului-ajutor-calificat\/","name":"Echipa ISU Alba, locul I, la faza zonal\u0103 a Competi\u021biei Na\u021bionale de Desc\u0103rcare \u0219i Acordarea Primului Ajutor Calificat - Revista Urbea Mea - Revista de Alba","isPartOf":{"@id":"https:\/\/urbeamea.ro\/albaiulia\/#website"},"primaryImageOfPage":{"@id":"https:\/\/urbeamea.ro\/albaiulia\/echipa-isu-alba-locul-i-la-faza-zonala-a-competitiei-nationale-de-descarcare-si-acordarea-primului-ajutor-calificat\/#primaryimage"},"image":{"@id":"https:\/\/urbeamea.ro\/albaiulia\/echipa-isu-alba-locul-i-la-faza-zonala-a-competitiei-nationale-de-descarcare-si-acordarea-primului-ajutor-calificat\/#primaryimage"},"thumbnailUrl":"https:\/\/urbeamea.ro\/albaiulia\/wp-content\/uploads\/2025\/04\/1000035889.jpg","datePublished":"2025-04-27T12:09:48+00:00","dateModified":"2025-04-27T12:09:50+00:00","author":{"@id":"https:\/\/urbeamea.ro\/albaiulia\/#\/schema\/person\/5db3854ac38c1cc9f0ab4092d6a20f02"},"description":"\u00cen perioada 24 - 25 aprilie, lotul reprezentativ al Inspectoratului pentru Situa\u021bii de Urgen\u021b\u0103 \"UNIREA\" al jude\u021bului Alba a participat la Etapa Zonal\u0103 a","breadcrumb":{"@id":"https:\/\/urbeamea.ro\/albaiulia\/echipa-isu-alba-locul-i-la-faza-zonala-a-competitiei-nationale-de-descarcare-si-acordarea-primului-ajutor-calificat\/#breadcrumb"},"inLanguage":"ro-RO","potentialAction":[{"@type":"ReadAction","target":["https:\/\/urbeamea.ro\/albaiulia\/echipa-isu-alba-locul-i-la-faza-zonala-a-competitiei-nationale-de-descarcare-si-acordarea-primului-ajutor-calificat\/"]}]},{"@type":"ImageObject","inLanguage":"ro-RO","@id":"https:\/\/urbeamea.ro\/albaiulia\/echipa-isu-alba-locul-i-la-faza-zonala-a-competitiei-nationale-de-descarcare-si-acordarea-primului-ajutor-calificat\/#primaryimage","url":"https:\/\/urbeamea.ro\/albaiulia\/wp-content\/uploads\/2025\/04\/1000035889.jpg","contentUrl":"https:\/\/urbeamea.ro\/albaiulia\/wp-content\/uploads\/2025\/04\/1000035889.jpg","width":720,"height":960},{"@type":"BreadcrumbList","@id":"https:\/\/urbeamea.ro\/albaiulia\/echipa-isu-alba-locul-i-la-faza-zonala-a-competitiei-nationale-de-descarcare-si-acordarea-primului-ajutor-calificat\/#breadcrumb","itemListElement":[{"@type":"ListItem","position":1,"name":"Prima pagin\u0103","item":"https:\/\/urbeamea.ro\/albaiulia\/"},{"@type":"ListItem","position":2,"name":"Echipa ISU Alba, locul I, la faza zonal\u0103 a Competi\u021biei Na\u021bionale de Desc\u0103rcare \u0219i Acordarea Primului Ajutor Calificat"}]},{"@type":"WebSite","@id":"https:\/\/urbeamea.ro\/albaiulia\/#website","url":"https:\/\/urbeamea.ro\/albaiulia\/","name":"Revista Urbea Mea, Stiri urbane","description":"Evenimente \u0219i \u0219tiri din Alba Iulia, Sebe\u0219, Aiud, Blaj","potentialAction":[{"@type":"SearchAction","target":{"@type":"EntryPoint","urlTemplate":"https:\/\/urbeamea.ro\/albaiulia\/?s={search_term_string}"},"query-input":{"@type":"PropertyValueSpecification","valueRequired":true,"valueName":"search_term_string"}}],"inLanguage":"ro-RO"},{"@type":"Person","@id":"https:\/\/urbeamea.ro\/albaiulia\/#\/schema\/person\/5db3854ac38c1cc9f0ab4092d6a20f02","name":"Giurca Sorin","image":{"@type":"ImageObject","inLanguage":"ro-RO","@id":"https:\/\/secure.gravatar.com\/avatar\/120f6fcae7b3b47a7730cb9943f612f4909f68ac5284b5f40ac1c4615fd70576?s=96&d=mm&r=g","url":"https:\/\/secure.gravatar.com\/avatar\/120f6fcae7b3b47a7730cb9943f612f4909f68ac5284b5f40ac1c4615fd70576?s=96&d=mm&r=g","contentUrl":"https:\/\/secure.gravatar.com\/avatar\/120f6fcae7b3b47a7730cb9943f612f4909f68ac5284b5f40ac1c4615fd70576?s=96&d=mm&r=g","caption":"Giurca Sorin"},"url":"https:\/\/urbeamea.ro\/albaiulia\/author\/sorin\/"}]}},"_links":{"self":[{"href":"https:\/\/urbeamea.ro\/albaiulia\/wp-json\/wp\/v2\/posts\/117356","targetHints":{"allow":["GET"]}}],"collection":[{"href":"https:\/\/urbeamea.ro\/albaiulia\/wp-json\/wp\/v2\/posts"}],"about":[{"href":"https:\/\/urbeamea.ro\/albaiulia\/wp-json\/wp\/v2\/types\/post"}],"author":[{"embeddable":true,"href":"https:\/\/urbeamea.ro\/albaiulia\/wp-json\/wp\/v2\/users\/28"}],"replies":[{"embeddable":true,"href":"https:\/\/urbeamea.ro\/albaiulia\/wp-json\/wp\/v2\/comments?post=117356"}],"version-history":[{"count":1,"href":"https:\/\/urbeamea.ro\/albaiulia\/wp-json\/wp\/v2\/posts\/117356\/revisions"}],"predecessor-version":[{"id":117370,"href":"https:\/\/urbeamea.ro\/albaiulia\/wp-json\/wp\/v2\/posts\/117356\/revisions\/117370"}],"wp:featuredmedia":[{"embeddable":true,"href":"https:\/\/urbeamea.ro\/albaiulia\/wp-json\/wp\/v2\/media\/117366"}],"wp:attachment":[{"href":"https:\/\/urbeamea.ro\/albaiulia\/wp-json\/wp\/v2\/media?parent=117356"}],"wp:term":[{"taxonomy":"category","embeddable":true,"href":"https:\/\/urbeamea.ro\/albaiulia\/wp-json\/wp\/v2\/categories?post=117356"},{"taxonomy":"post_tag","embeddable":true,"href":"https:\/\/urbeamea.ro\/albaiulia\/wp-json\/wp\/v2\/tags?post=117356"}],"curies":[{"name":"wp","href":"https:\/\/api.w.org\/{rel}","templated":true}]}}