{"id":117374,"date":"2025-04-28T19:17:00","date_gmt":"2025-04-28T16:17:00","guid":{"rendered":"https:\/\/urbeamea.ro\/albaiulia\/?p=117374"},"modified":"2025-04-28T19:17:01","modified_gmt":"2025-04-28T16:17:01","slug":"elevul-colegiului-national-militar-mihai-viteazul-stefan-orlea-premiu-special-la-olimpiada-nationala-de-religie","status":"publish","type":"post","link":"https:\/\/urbeamea.ro\/albaiulia\/elevul-colegiului-national-militar-mihai-viteazul-stefan-orlea-premiu-special-la-olimpiada-nationala-de-religie\/","title":{"rendered":"Elevul Colegiului Na\u021bional Militar &#8222;Mihai Viteazul&#8221;, \u0218tefan Orlea, premiu special la Olimpiada Na\u021bional\u0103 de Religie"},"content":{"rendered":"\n<p><strong>Elevul sergent major \u0218tefan Orlea (clasa a XII-a) a primit Premiul special \u201eEpiscop Melchisedec\u201d, pentru rezultatele deosebite ob\u021binute la faza na\u021bional\u0103 a Olimpiadei de Religie, cultul ortodox. <\/strong><\/p>\n\n\n\n<p>Premiul a fost acordat de c\u0103tre \u00cenaltpreasfin\u021bitul Ioachim, Arhiepiscopul Romanului \u0219i Bac\u0103ului. Etapa na\u021bional\u0103 a Olimpiadei de Religie, nivel liceal, a avut loc \u00een perioada 22 \u2013 27 aprilie, la Bac\u0103u.<\/p>\n\n\n\n<p>Dovedind o profund\u0103 \u00een\u021belegere \u0219i respectare a valorilor cre\u0219tine, \u0218tefan a avut \u00eenc\u0103 de mic un interes deosebit pentru religie.<\/p>\n\n\n\n<p> \u00cen colegiul militar \u0219i-a cultivat \u0219i valorizat aceast\u0103 pasiune, iar prin munc\u0103, perseveren\u021b\u0103 \u0219i sub \u00eendrumarea atent\u0103 a p\u0103rintelui profesor Ioan Nistor, a ob\u021binut \u00een fiecare an distinc\u021bii importante, remarc\u00e2ndu-se la nivel jude\u021bean \u0219i na\u021bional la olimpiadele de profil.<\/p>\n\n\n\n<p>&#8222;Participarea la Olimpiada Na\u021bional\u0103 de Religie a fost pentru mine un prilej de a-mi ar\u0103ta dragostea fa\u021b\u0103 de Hristos \u0219i tainele ortodoxiei. <\/p>\n\n\n\n<p>Av\u00e2nd \u00een vedere c\u0103 m\u0103 aflu la finele studiilor liceale, aceast\u0103 olimpiad\u0103 m-a ajutat mult s\u0103 m\u0103 reg\u0103sesc pe plan spiritual \u0219i s\u0103-mi g\u0103sesc puterea \u0219i curajul de a lupta pentru a ajunge c\u00e2t mai sus, urm\u00e2nd \u00eendemnul Sf\u00e2ntului P\u0103rinte Arsenie Papacioc, acela c\u0103 un t\u00e2n\u0103r trebuie s\u0103 fie \u201eun erou pentru Hristos\u201d. <\/p>\n\n\n\n<p>La toat\u0103 munca mea se adaug\u0103 \u0219i eforturile p\u0103rintelui profesor Ioan Nistor,  care m-a sprijinit \u0219i m-a ajutat foarte mult. <\/p>\n\n\n\n<p>\u00cendemn to\u021bi tinerii s\u0103 aduc\u0103 mul\u021bumire \u0219i laud\u0103 lui Hristos \u0219i astfel vor dob\u00e2ndi virtutea \u0219i harul de care au nevoie pentru a urca pe scara valorilor\u201d, a m\u0103rturisit elevul sergent major \u0218tefan Orlea.<\/p>\n\n\n\n<figure class=\"wp-block-gallery has-nested-images columns-default is-cropped wp-block-gallery-1 is-layout-flex wp-block-gallery-is-layout-flex\">\n<figure class=\"wp-block-image size-large\"><img loading=\"lazy\" decoding=\"async\" width=\"1080\" height=\"1043\" data-id=\"117378\" src=\"https:\/\/urbeamea.ro\/albaiulia\/wp-content\/uploads\/2025\/04\/1000035997.jpg\" alt=\"\" class=\"wp-image-117378\" srcset=\"https:\/\/urbeamea.ro\/albaiulia\/wp-content\/uploads\/2025\/04\/1000035997.jpg 1080w, https:\/\/urbeamea.ro\/albaiulia\/wp-content\/uploads\/2025\/04\/1000035997-640x618.jpg 640w, https:\/\/urbeamea.ro\/albaiulia\/wp-content\/uploads\/2025\/04\/1000035997-150x145.jpg 150w, https:\/\/urbeamea.ro\/albaiulia\/wp-content\/uploads\/2025\/04\/1000035997-768x742.jpg 768w\" sizes=\"auto, (max-width: 1080px) 100vw, 1080px\" \/><\/figure>\n\n\n\n<figure class=\"wp-block-image size-large\"><img loading=\"lazy\" decoding=\"async\" width=\"952\" height=\"1280\" data-id=\"117379\" src=\"https:\/\/urbeamea.ro\/albaiulia\/wp-content\/uploads\/2025\/04\/1000035998-952x1280.jpg\" alt=\"\" class=\"wp-image-117379\" srcset=\"https:\/\/urbeamea.ro\/albaiulia\/wp-content\/uploads\/2025\/04\/1000035998-952x1280.jpg 952w, https:\/\/urbeamea.ro\/albaiulia\/wp-content\/uploads\/2025\/04\/1000035998-476x640.jpg 476w, https:\/\/urbeamea.ro\/albaiulia\/wp-content\/uploads\/2025\/04\/1000035998-112x150.jpg 112w, https:\/\/urbeamea.ro\/albaiulia\/wp-content\/uploads\/2025\/04\/1000035998-768x1033.jpg 768w, https:\/\/urbeamea.ro\/albaiulia\/wp-content\/uploads\/2025\/04\/1000035998.jpg 1080w\" sizes=\"auto, (max-width: 952px) 100vw, 952px\" \/><\/figure>\n\n\n\n<figure class=\"wp-block-image size-large\"><img loading=\"lazy\" decoding=\"async\" width=\"1080\" height=\"876\" data-id=\"117380\" src=\"https:\/\/urbeamea.ro\/albaiulia\/wp-content\/uploads\/2025\/04\/1000035999.jpg\" alt=\"\" class=\"wp-image-117380\" srcset=\"https:\/\/urbeamea.ro\/albaiulia\/wp-content\/uploads\/2025\/04\/1000035999.jpg 1080w, https:\/\/urbeamea.ro\/albaiulia\/wp-content\/uploads\/2025\/04\/1000035999-640x519.jpg 640w, https:\/\/urbeamea.ro\/albaiulia\/wp-content\/uploads\/2025\/04\/1000035999-150x122.jpg 150w, https:\/\/urbeamea.ro\/albaiulia\/wp-content\/uploads\/2025\/04\/1000035999-768x623.jpg 768w\" sizes=\"auto, (max-width: 1080px) 100vw, 1080px\" \/><\/figure>\n\n\n\n<figure class=\"wp-block-image size-large\"><img loading=\"lazy\" decoding=\"async\" width=\"870\" height=\"1280\" data-id=\"117381\" src=\"https:\/\/urbeamea.ro\/albaiulia\/wp-content\/uploads\/2025\/04\/1000035996-870x1280.jpg\" alt=\"\" class=\"wp-image-117381\" srcset=\"https:\/\/urbeamea.ro\/albaiulia\/wp-content\/uploads\/2025\/04\/1000035996-870x1280.jpg 870w, https:\/\/urbeamea.ro\/albaiulia\/wp-content\/uploads\/2025\/04\/1000035996-435x640.jpg 435w, https:\/\/urbeamea.ro\/albaiulia\/wp-content\/uploads\/2025\/04\/1000035996-102x150.jpg 102w, https:\/\/urbeamea.ro\/albaiulia\/wp-content\/uploads\/2025\/04\/1000035996-768x1130.jpg 768w, https:\/\/urbeamea.ro\/albaiulia\/wp-content\/uploads\/2025\/04\/1000035996-1044x1536.jpg 1044w, https:\/\/urbeamea.ro\/albaiulia\/wp-content\/uploads\/2025\/04\/1000035996.jpg 1080w\" sizes=\"auto, (max-width: 870px) 100vw, 870px\" \/><\/figure>\n<\/figure>\n","protected":false},"excerpt":{"rendered":"<p>Elevul sergent major \u0218tefan Orlea (clasa a XII-a) a primit Premiul special \u201eEpiscop Melchisedec\u201d, pentru rezultatele deosebite ob\u021binute la faza na\u021bional\u0103 a Olimpiadei de Religie, cultul ortodox. Premiul a fost acordat de c\u0103tre \u00cenaltpreasfin\u021bitul Ioachim, Arhiepiscopul Romanului \u0219i Bac\u0103ului. Etapa na\u021bional\u0103 a Olimpiadei de Religie, nivel liceal, a avut loc \u00een perioada 22 \u2013 27 &hellip;<\/p>\n","protected":false},"author":28,"featured_media":117379,"comment_status":"open","ping_status":"open","sticky":false,"template":"","format":"standard","meta":{"inline_featured_image":false,"footnotes":""},"categories":[2039,2034,1,16344],"tags":[2015,25297],"class_list":["post-117374","post","type-post","status-publish","format-standard","has-post-thumbnail","hentry","category-educatie","category-social","category-stiri-urbane","category-urbea-mea","tag-colegiul-militar-mihai-viteazul","tag-olimpiada-nationala-religie"],"yoast_head":"<!-- This site is optimized with the Yoast SEO plugin v27.4 - https:\/\/yoast.com\/product\/yoast-seo-wordpress\/ -->\n<title>Elevul Colegiului Na\u021bional Militar &quot;Mihai Viteazul&quot;, \u0218tefan Orlea, premiu special la Olimpiada Na\u021bional\u0103 de Religie - Revista Urbea Mea - Revista de Alba<\/title>\n<meta name=\"description\" content=\"Elevul sergent major \u0218tefan Orlea (clasa a XII-a) a primit Premiul special \u201eEpiscop Melchisedec\u201d, pentru rezultatele deosebite ob\u021binute la faza na\u021bional\u0103\" \/>\n<meta name=\"robots\" content=\"index, follow, max-snippet:-1, max-image-preview:large, max-video-preview:-1\" \/>\n<link rel=\"canonical\" href=\"https:\/\/urbeamea.ro\/albaiulia\/elevul-colegiului-national-militar-mihai-viteazul-stefan-orlea-premiu-special-la-olimpiada-nationala-de-religie\/\" \/>\n<meta name=\"twitter:card\" content=\"summary_large_image\" \/>\n<meta name=\"twitter:title\" content=\"Elevul Colegiului Na\u021bional Militar &quot;Mihai Viteazul&quot;, \u0218tefan Orlea, premiu special la Olimpiada Na\u021bional\u0103 de Religie - Revista Urbea Mea - Revista de Alba\" \/>\n<meta name=\"twitter:description\" content=\"Elevul sergent major \u0218tefan Orlea (clasa a XII-a) a primit Premiul special \u201eEpiscop Melchisedec\u201d, pentru rezultatele deosebite ob\u021binute la faza na\u021bional\u0103\" \/>\n<meta name=\"twitter:image\" content=\"https:\/\/urbeamea.ro\/albaiulia\/wp-content\/uploads\/2025\/04\/1000035998.jpg\" \/>\n<meta name=\"twitter:creator\" content=\"@urbeameaweb\" \/>\n<meta name=\"twitter:site\" content=\"@urbeameaweb\" \/>\n<script type=\"application\/ld+json\" class=\"yoast-schema-graph\">{\"@context\":\"https:\\\/\\\/schema.org\",\"@graph\":[{\"@type\":\"Article\",\"@id\":\"https:\\\/\\\/urbeamea.ro\\\/albaiulia\\\/elevul-colegiului-national-militar-mihai-viteazul-stefan-orlea-premiu-special-la-olimpiada-nationala-de-religie\\\/#article\",\"isPartOf\":{\"@id\":\"https:\\\/\\\/urbeamea.ro\\\/albaiulia\\\/elevul-colegiului-national-militar-mihai-viteazul-stefan-orlea-premiu-special-la-olimpiada-nationala-de-religie\\\/\"},\"author\":{\"name\":\"Giurca Sorin\",\"@id\":\"https:\\\/\\\/urbeamea.ro\\\/albaiulia\\\/#\\\/schema\\\/person\\\/5db3854ac38c1cc9f0ab4092d6a20f02\"},\"headline\":\"Elevul Colegiului Na\u021bional Militar &#8222;Mihai Viteazul&#8221;, \u0218tefan Orlea, premiu special la Olimpiada Na\u021bional\u0103 de Religie\",\"datePublished\":\"2025-04-28T16:17:00+00:00\",\"dateModified\":\"2025-04-28T16:17:01+00:00\",\"mainEntityOfPage\":{\"@id\":\"https:\\\/\\\/urbeamea.ro\\\/albaiulia\\\/elevul-colegiului-national-militar-mihai-viteazul-stefan-orlea-premiu-special-la-olimpiada-nationala-de-religie\\\/\"},\"wordCount\":292,\"commentCount\":0,\"image\":{\"@id\":\"https:\\\/\\\/urbeamea.ro\\\/albaiulia\\\/elevul-colegiului-national-militar-mihai-viteazul-stefan-orlea-premiu-special-la-olimpiada-nationala-de-religie\\\/#primaryimage\"},\"thumbnailUrl\":\"https:\\\/\\\/urbeamea.ro\\\/albaiulia\\\/wp-content\\\/uploads\\\/2025\\\/04\\\/1000035998.jpg\",\"keywords\":[\"colegiul militar mihai viteazul\",\"Olimpiada Na\u021bional\u0103 religie\"],\"articleSection\":[\"Educa\u021bie\",\"Social\",\"\u015etiri Urbane\",\"Urbea Mea\"],\"inLanguage\":\"ro-RO\",\"potentialAction\":[{\"@type\":\"CommentAction\",\"name\":\"Comment\",\"target\":[\"https:\\\/\\\/urbeamea.ro\\\/albaiulia\\\/elevul-colegiului-national-militar-mihai-viteazul-stefan-orlea-premiu-special-la-olimpiada-nationala-de-religie\\\/#respond\"]}]},{\"@type\":\"WebPage\",\"@id\":\"https:\\\/\\\/urbeamea.ro\\\/albaiulia\\\/elevul-colegiului-national-militar-mihai-viteazul-stefan-orlea-premiu-special-la-olimpiada-nationala-de-religie\\\/\",\"url\":\"https:\\\/\\\/urbeamea.ro\\\/albaiulia\\\/elevul-colegiului-national-militar-mihai-viteazul-stefan-orlea-premiu-special-la-olimpiada-nationala-de-religie\\\/\",\"name\":\"Elevul Colegiului Na\u021bional Militar \\\"Mihai Viteazul\\\", \u0218tefan Orlea, premiu special la Olimpiada Na\u021bional\u0103 de Religie - Revista Urbea Mea - Revista de Alba\",\"isPartOf\":{\"@id\":\"https:\\\/\\\/urbeamea.ro\\\/albaiulia\\\/#website\"},\"primaryImageOfPage\":{\"@id\":\"https:\\\/\\\/urbeamea.ro\\\/albaiulia\\\/elevul-colegiului-national-militar-mihai-viteazul-stefan-orlea-premiu-special-la-olimpiada-nationala-de-religie\\\/#primaryimage\"},\"image\":{\"@id\":\"https:\\\/\\\/urbeamea.ro\\\/albaiulia\\\/elevul-colegiului-national-militar-mihai-viteazul-stefan-orlea-premiu-special-la-olimpiada-nationala-de-religie\\\/#primaryimage\"},\"thumbnailUrl\":\"https:\\\/\\\/urbeamea.ro\\\/albaiulia\\\/wp-content\\\/uploads\\\/2025\\\/04\\\/1000035998.jpg\",\"datePublished\":\"2025-04-28T16:17:00+00:00\",\"dateModified\":\"2025-04-28T16:17:01+00:00\",\"author\":{\"@id\":\"https:\\\/\\\/urbeamea.ro\\\/albaiulia\\\/#\\\/schema\\\/person\\\/5db3854ac38c1cc9f0ab4092d6a20f02\"},\"description\":\"Elevul sergent major \u0218tefan Orlea (clasa a XII-a) a primit Premiul special \u201eEpiscop Melchisedec\u201d, pentru rezultatele deosebite ob\u021binute la faza na\u021bional\u0103\",\"breadcrumb\":{\"@id\":\"https:\\\/\\\/urbeamea.ro\\\/albaiulia\\\/elevul-colegiului-national-militar-mihai-viteazul-stefan-orlea-premiu-special-la-olimpiada-nationala-de-religie\\\/#breadcrumb\"},\"inLanguage\":\"ro-RO\",\"potentialAction\":[{\"@type\":\"ReadAction\",\"target\":[\"https:\\\/\\\/urbeamea.ro\\\/albaiulia\\\/elevul-colegiului-national-militar-mihai-viteazul-stefan-orlea-premiu-special-la-olimpiada-nationala-de-religie\\\/\"]}]},{\"@type\":\"ImageObject\",\"inLanguage\":\"ro-RO\",\"@id\":\"https:\\\/\\\/urbeamea.ro\\\/albaiulia\\\/elevul-colegiului-national-militar-mihai-viteazul-stefan-orlea-premiu-special-la-olimpiada-nationala-de-religie\\\/#primaryimage\",\"url\":\"https:\\\/\\\/urbeamea.ro\\\/albaiulia\\\/wp-content\\\/uploads\\\/2025\\\/04\\\/1000035998.jpg\",\"contentUrl\":\"https:\\\/\\\/urbeamea.ro\\\/albaiulia\\\/wp-content\\\/uploads\\\/2025\\\/04\\\/1000035998.jpg\",\"width\":1080,\"height\":1452},{\"@type\":\"BreadcrumbList\",\"@id\":\"https:\\\/\\\/urbeamea.ro\\\/albaiulia\\\/elevul-colegiului-national-militar-mihai-viteazul-stefan-orlea-premiu-special-la-olimpiada-nationala-de-religie\\\/#breadcrumb\",\"itemListElement\":[{\"@type\":\"ListItem\",\"position\":1,\"name\":\"Prima pagin\u0103\",\"item\":\"https:\\\/\\\/urbeamea.ro\\\/albaiulia\\\/\"},{\"@type\":\"ListItem\",\"position\":2,\"name\":\"Elevul Colegiului Na\u021bional Militar &#8222;Mihai Viteazul&#8221;, \u0218tefan Orlea, premiu special la Olimpiada Na\u021bional\u0103 de Religie\"}]},{\"@type\":\"WebSite\",\"@id\":\"https:\\\/\\\/urbeamea.ro\\\/albaiulia\\\/#website\",\"url\":\"https:\\\/\\\/urbeamea.ro\\\/albaiulia\\\/\",\"name\":\"Revista Urbea Mea, Stiri urbane\",\"description\":\"Evenimente \u0219i \u0219tiri din Alba Iulia, Sebe\u0219, Aiud, Blaj\",\"potentialAction\":[{\"@type\":\"SearchAction\",\"target\":{\"@type\":\"EntryPoint\",\"urlTemplate\":\"https:\\\/\\\/urbeamea.ro\\\/albaiulia\\\/?s={search_term_string}\"},\"query-input\":{\"@type\":\"PropertyValueSpecification\",\"valueRequired\":true,\"valueName\":\"search_term_string\"}}],\"inLanguage\":\"ro-RO\"},{\"@type\":\"Person\",\"@id\":\"https:\\\/\\\/urbeamea.ro\\\/albaiulia\\\/#\\\/schema\\\/person\\\/5db3854ac38c1cc9f0ab4092d6a20f02\",\"name\":\"Giurca Sorin\",\"image\":{\"@type\":\"ImageObject\",\"inLanguage\":\"ro-RO\",\"@id\":\"https:\\\/\\\/secure.gravatar.com\\\/avatar\\\/120f6fcae7b3b47a7730cb9943f612f4909f68ac5284b5f40ac1c4615fd70576?s=96&d=mm&r=g\",\"url\":\"https:\\\/\\\/secure.gravatar.com\\\/avatar\\\/120f6fcae7b3b47a7730cb9943f612f4909f68ac5284b5f40ac1c4615fd70576?s=96&d=mm&r=g\",\"contentUrl\":\"https:\\\/\\\/secure.gravatar.com\\\/avatar\\\/120f6fcae7b3b47a7730cb9943f612f4909f68ac5284b5f40ac1c4615fd70576?s=96&d=mm&r=g\",\"caption\":\"Giurca Sorin\"},\"url\":\"https:\\\/\\\/urbeamea.ro\\\/albaiulia\\\/author\\\/sorin\\\/\"}]}<\/script>\n<!-- \/ Yoast SEO plugin. -->","yoast_head_json":{"title":"Elevul Colegiului Na\u021bional Militar \"Mihai Viteazul\", \u0218tefan Orlea, premiu special la Olimpiada Na\u021bional\u0103 de Religie - Revista Urbea Mea - Revista de Alba","description":"Elevul sergent major \u0218tefan Orlea (clasa a XII-a) a primit Premiul special \u201eEpiscop Melchisedec\u201d, pentru rezultatele deosebite ob\u021binute la faza na\u021bional\u0103","robots":{"index":"index","follow":"follow","max-snippet":"max-snippet:-1","max-image-preview":"max-image-preview:large","max-video-preview":"max-video-preview:-1"},"canonical":"https:\/\/urbeamea.ro\/albaiulia\/elevul-colegiului-national-militar-mihai-viteazul-stefan-orlea-premiu-special-la-olimpiada-nationala-de-religie\/","twitter_card":"summary_large_image","twitter_title":"Elevul Colegiului Na\u021bional Militar \"Mihai Viteazul\", \u0218tefan Orlea, premiu special la Olimpiada Na\u021bional\u0103 de Religie - Revista Urbea Mea - Revista de Alba","twitter_description":"Elevul sergent major \u0218tefan Orlea (clasa a XII-a) a primit Premiul special \u201eEpiscop Melchisedec\u201d, pentru rezultatele deosebite ob\u021binute la faza na\u021bional\u0103","twitter_image":"https:\/\/urbeamea.ro\/albaiulia\/wp-content\/uploads\/2025\/04\/1000035998.jpg","twitter_creator":"@urbeameaweb","twitter_site":"@urbeameaweb","schema":{"@context":"https:\/\/schema.org","@graph":[{"@type":"Article","@id":"https:\/\/urbeamea.ro\/albaiulia\/elevul-colegiului-national-militar-mihai-viteazul-stefan-orlea-premiu-special-la-olimpiada-nationala-de-religie\/#article","isPartOf":{"@id":"https:\/\/urbeamea.ro\/albaiulia\/elevul-colegiului-national-militar-mihai-viteazul-stefan-orlea-premiu-special-la-olimpiada-nationala-de-religie\/"},"author":{"name":"Giurca Sorin","@id":"https:\/\/urbeamea.ro\/albaiulia\/#\/schema\/person\/5db3854ac38c1cc9f0ab4092d6a20f02"},"headline":"Elevul Colegiului Na\u021bional Militar &#8222;Mihai Viteazul&#8221;, \u0218tefan Orlea, premiu special la Olimpiada Na\u021bional\u0103 de Religie","datePublished":"2025-04-28T16:17:00+00:00","dateModified":"2025-04-28T16:17:01+00:00","mainEntityOfPage":{"@id":"https:\/\/urbeamea.ro\/albaiulia\/elevul-colegiului-national-militar-mihai-viteazul-stefan-orlea-premiu-special-la-olimpiada-nationala-de-religie\/"},"wordCount":292,"commentCount":0,"image":{"@id":"https:\/\/urbeamea.ro\/albaiulia\/elevul-colegiului-national-militar-mihai-viteazul-stefan-orlea-premiu-special-la-olimpiada-nationala-de-religie\/#primaryimage"},"thumbnailUrl":"https:\/\/urbeamea.ro\/albaiulia\/wp-content\/uploads\/2025\/04\/1000035998.jpg","keywords":["colegiul militar mihai viteazul","Olimpiada Na\u021bional\u0103 religie"],"articleSection":["Educa\u021bie","Social","\u015etiri Urbane","Urbea Mea"],"inLanguage":"ro-RO","potentialAction":[{"@type":"CommentAction","name":"Comment","target":["https:\/\/urbeamea.ro\/albaiulia\/elevul-colegiului-national-militar-mihai-viteazul-stefan-orlea-premiu-special-la-olimpiada-nationala-de-religie\/#respond"]}]},{"@type":"WebPage","@id":"https:\/\/urbeamea.ro\/albaiulia\/elevul-colegiului-national-militar-mihai-viteazul-stefan-orlea-premiu-special-la-olimpiada-nationala-de-religie\/","url":"https:\/\/urbeamea.ro\/albaiulia\/elevul-colegiului-national-militar-mihai-viteazul-stefan-orlea-premiu-special-la-olimpiada-nationala-de-religie\/","name":"Elevul Colegiului Na\u021bional Militar \"Mihai Viteazul\", \u0218tefan Orlea, premiu special la Olimpiada Na\u021bional\u0103 de Religie - Revista Urbea Mea - Revista de Alba","isPartOf":{"@id":"https:\/\/urbeamea.ro\/albaiulia\/#website"},"primaryImageOfPage":{"@id":"https:\/\/urbeamea.ro\/albaiulia\/elevul-colegiului-national-militar-mihai-viteazul-stefan-orlea-premiu-special-la-olimpiada-nationala-de-religie\/#primaryimage"},"image":{"@id":"https:\/\/urbeamea.ro\/albaiulia\/elevul-colegiului-national-militar-mihai-viteazul-stefan-orlea-premiu-special-la-olimpiada-nationala-de-religie\/#primaryimage"},"thumbnailUrl":"https:\/\/urbeamea.ro\/albaiulia\/wp-content\/uploads\/2025\/04\/1000035998.jpg","datePublished":"2025-04-28T16:17:00+00:00","dateModified":"2025-04-28T16:17:01+00:00","author":{"@id":"https:\/\/urbeamea.ro\/albaiulia\/#\/schema\/person\/5db3854ac38c1cc9f0ab4092d6a20f02"},"description":"Elevul sergent major \u0218tefan Orlea (clasa a XII-a) a primit Premiul special \u201eEpiscop Melchisedec\u201d, pentru rezultatele deosebite ob\u021binute la faza na\u021bional\u0103","breadcrumb":{"@id":"https:\/\/urbeamea.ro\/albaiulia\/elevul-colegiului-national-militar-mihai-viteazul-stefan-orlea-premiu-special-la-olimpiada-nationala-de-religie\/#breadcrumb"},"inLanguage":"ro-RO","potentialAction":[{"@type":"ReadAction","target":["https:\/\/urbeamea.ro\/albaiulia\/elevul-colegiului-national-militar-mihai-viteazul-stefan-orlea-premiu-special-la-olimpiada-nationala-de-religie\/"]}]},{"@type":"ImageObject","inLanguage":"ro-RO","@id":"https:\/\/urbeamea.ro\/albaiulia\/elevul-colegiului-national-militar-mihai-viteazul-stefan-orlea-premiu-special-la-olimpiada-nationala-de-religie\/#primaryimage","url":"https:\/\/urbeamea.ro\/albaiulia\/wp-content\/uploads\/2025\/04\/1000035998.jpg","contentUrl":"https:\/\/urbeamea.ro\/albaiulia\/wp-content\/uploads\/2025\/04\/1000035998.jpg","width":1080,"height":1452},{"@type":"BreadcrumbList","@id":"https:\/\/urbeamea.ro\/albaiulia\/elevul-colegiului-national-militar-mihai-viteazul-stefan-orlea-premiu-special-la-olimpiada-nationala-de-religie\/#breadcrumb","itemListElement":[{"@type":"ListItem","position":1,"name":"Prima pagin\u0103","item":"https:\/\/urbeamea.ro\/albaiulia\/"},{"@type":"ListItem","position":2,"name":"Elevul Colegiului Na\u021bional Militar &#8222;Mihai Viteazul&#8221;, \u0218tefan Orlea, premiu special la Olimpiada Na\u021bional\u0103 de Religie"}]},{"@type":"WebSite","@id":"https:\/\/urbeamea.ro\/albaiulia\/#website","url":"https:\/\/urbeamea.ro\/albaiulia\/","name":"Revista Urbea Mea, Stiri urbane","description":"Evenimente \u0219i \u0219tiri din Alba Iulia, Sebe\u0219, Aiud, Blaj","potentialAction":[{"@type":"SearchAction","target":{"@type":"EntryPoint","urlTemplate":"https:\/\/urbeamea.ro\/albaiulia\/?s={search_term_string}"},"query-input":{"@type":"PropertyValueSpecification","valueRequired":true,"valueName":"search_term_string"}}],"inLanguage":"ro-RO"},{"@type":"Person","@id":"https:\/\/urbeamea.ro\/albaiulia\/#\/schema\/person\/5db3854ac38c1cc9f0ab4092d6a20f02","name":"Giurca Sorin","image":{"@type":"ImageObject","inLanguage":"ro-RO","@id":"https:\/\/secure.gravatar.com\/avatar\/120f6fcae7b3b47a7730cb9943f612f4909f68ac5284b5f40ac1c4615fd70576?s=96&d=mm&r=g","url":"https:\/\/secure.gravatar.com\/avatar\/120f6fcae7b3b47a7730cb9943f612f4909f68ac5284b5f40ac1c4615fd70576?s=96&d=mm&r=g","contentUrl":"https:\/\/secure.gravatar.com\/avatar\/120f6fcae7b3b47a7730cb9943f612f4909f68ac5284b5f40ac1c4615fd70576?s=96&d=mm&r=g","caption":"Giurca Sorin"},"url":"https:\/\/urbeamea.ro\/albaiulia\/author\/sorin\/"}]}},"_links":{"self":[{"href":"https:\/\/urbeamea.ro\/albaiulia\/wp-json\/wp\/v2\/posts\/117374","targetHints":{"allow":["GET"]}}],"collection":[{"href":"https:\/\/urbeamea.ro\/albaiulia\/wp-json\/wp\/v2\/posts"}],"about":[{"href":"https:\/\/urbeamea.ro\/albaiulia\/wp-json\/wp\/v2\/types\/post"}],"author":[{"embeddable":true,"href":"https:\/\/urbeamea.ro\/albaiulia\/wp-json\/wp\/v2\/users\/28"}],"replies":[{"embeddable":true,"href":"https:\/\/urbeamea.ro\/albaiulia\/wp-json\/wp\/v2\/comments?post=117374"}],"version-history":[{"count":1,"href":"https:\/\/urbeamea.ro\/albaiulia\/wp-json\/wp\/v2\/posts\/117374\/revisions"}],"predecessor-version":[{"id":117382,"href":"https:\/\/urbeamea.ro\/albaiulia\/wp-json\/wp\/v2\/posts\/117374\/revisions\/117382"}],"wp:featuredmedia":[{"embeddable":true,"href":"https:\/\/urbeamea.ro\/albaiulia\/wp-json\/wp\/v2\/media\/117379"}],"wp:attachment":[{"href":"https:\/\/urbeamea.ro\/albaiulia\/wp-json\/wp\/v2\/media?parent=117374"}],"wp:term":[{"taxonomy":"category","embeddable":true,"href":"https:\/\/urbeamea.ro\/albaiulia\/wp-json\/wp\/v2\/categories?post=117374"},{"taxonomy":"post_tag","embeddable":true,"href":"https:\/\/urbeamea.ro\/albaiulia\/wp-json\/wp\/v2\/tags?post=117374"}],"curies":[{"name":"wp","href":"https:\/\/api.w.org\/{rel}","templated":true}]}}