{"id":117442,"date":"2025-05-06T08:46:43","date_gmt":"2025-05-06T05:46:43","guid":{"rendered":"https:\/\/urbeamea.ro\/albaiulia\/?p=117442"},"modified":"2025-05-06T12:19:17","modified_gmt":"2025-05-06T09:19:17","slug":"judoka-alexia-bogdan-cs-unirea-alba-iulia-medalie-de-aur-la-cupa-europeana-u-2-desfasurata-la-istanbul","status":"publish","type":"post","link":"https:\/\/urbeamea.ro\/albaiulia\/judoka-alexia-bogdan-cs-unirea-alba-iulia-medalie-de-aur-la-cupa-europeana-u-2-desfasurata-la-istanbul\/","title":{"rendered":"Judoka Alexia Bogdan (CS Unirea Alba Iulia), medalie de aur la Cupa European\u0103 U-21, desf\u0103\u0219urat\u0103 la Istanbul"},"content":{"rendered":"\n<p>Sportiva CS Unirea Alba Iulia, judoka Laura Alexia Bogdan (20 de ani), a ob\u021binut medalia de AUR la Cupa European\u0103 U 21 de la Istanbul, dup\u0103 ce a c\u00e2\u0219tigat toate cele 4 meciuri disputate, cu sportive valoroase din Turcia \u0219i Fran\u021ba.  <\/p>\n\n\n\n<p>Elev\u0103 a Liceului cu Program Sportiv din Alba Iulia (director Daniela Mateica), Laura Bogdan este o sportiv\u0103 cu dubl\u0103 legitimare (CS Unirea Alba Iulia \/ CSM Cluj-Napoca) \u0219i a concurat la categoria de greutate 48 de kilograme. <\/p>\n\n\n\n<p>Prin acest rezultat excelent, Laura Alexia Bogdan \u00ee\u0219i reconfirm\u0103 forma excelent\u0103, dar \u0219i faptul c\u0103 este una dintre cele mai valoroase sportive din jude\u021bul Alba. <\/p>\n\n\n\n<p>Cupa European\u0103 U 21 de la Istanbul s-a desf\u0103\u0219urat \u00een 3-4 mai 2025, cu participarea a peste 500 de judoka din 30 de \u021b\u0103ri. <\/p>\n\n\n\n<p>Laura Alexia Bogdan vine dup\u0103 mai multe performan\u021be importante, ob\u021binute \u00een acest an, \u00eentre care: locul 1 la Cupa Rom\u00e2niei Individual Seniori \u0219i AUR la Campionatul Na\u021bional U21. <\/p>\n\n\n\n<p>Sportivii sec\u021biei de judo sunt preg\u0103ti\u021bi de profesorii Dinu Alin \u0219i Dinu Cristian. <\/p>\n\n\n\n<p> CS Unirea Alba Iulia transmite mult succes sportivilor la viitoarele competi\u021bii!<\/p>\n\n\n\n<figure class=\"wp-block-gallery has-nested-images columns-default is-cropped wp-block-gallery-1 is-layout-flex wp-block-gallery-is-layout-flex\">\n<figure class=\"wp-block-image size-large\"><img loading=\"lazy\" decoding=\"async\" width=\"768\" height=\"513\" data-id=\"117443\" src=\"https:\/\/urbeamea.ro\/albaiulia\/wp-content\/uploads\/2025\/05\/1000036682.jpg\" alt=\"\" class=\"wp-image-117443\" srcset=\"https:\/\/urbeamea.ro\/albaiulia\/wp-content\/uploads\/2025\/05\/1000036682.jpg 768w, https:\/\/urbeamea.ro\/albaiulia\/wp-content\/uploads\/2025\/05\/1000036682-640x428.jpg 640w, https:\/\/urbeamea.ro\/albaiulia\/wp-content\/uploads\/2025\/05\/1000036682-150x100.jpg 150w\" sizes=\"auto, (max-width: 768px) 100vw, 768px\" \/><\/figure>\n\n\n\n<figure class=\"wp-block-image size-large\"><img loading=\"lazy\" decoding=\"async\" width=\"768\" height=\"513\" data-id=\"117445\" src=\"https:\/\/urbeamea.ro\/albaiulia\/wp-content\/uploads\/2025\/05\/1000036683.jpg\" alt=\"\" class=\"wp-image-117445\" srcset=\"https:\/\/urbeamea.ro\/albaiulia\/wp-content\/uploads\/2025\/05\/1000036683.jpg 768w, https:\/\/urbeamea.ro\/albaiulia\/wp-content\/uploads\/2025\/05\/1000036683-640x428.jpg 640w, https:\/\/urbeamea.ro\/albaiulia\/wp-content\/uploads\/2025\/05\/1000036683-150x100.jpg 150w\" sizes=\"auto, (max-width: 768px) 100vw, 768px\" \/><\/figure>\n\n\n\n<figure class=\"wp-block-image size-large\"><img loading=\"lazy\" decoding=\"async\" width=\"768\" height=\"513\" data-id=\"117444\" src=\"https:\/\/urbeamea.ro\/albaiulia\/wp-content\/uploads\/2025\/05\/1000036684.jpg\" alt=\"\" class=\"wp-image-117444\" srcset=\"https:\/\/urbeamea.ro\/albaiulia\/wp-content\/uploads\/2025\/05\/1000036684.jpg 768w, https:\/\/urbeamea.ro\/albaiulia\/wp-content\/uploads\/2025\/05\/1000036684-640x428.jpg 640w, https:\/\/urbeamea.ro\/albaiulia\/wp-content\/uploads\/2025\/05\/1000036684-150x100.jpg 150w\" sizes=\"auto, (max-width: 768px) 100vw, 768px\" \/><\/figure>\n\n\n\n<figure class=\"wp-block-image size-large\"><img loading=\"lazy\" decoding=\"async\" width=\"768\" height=\"512\" data-id=\"117446\" src=\"https:\/\/urbeamea.ro\/albaiulia\/wp-content\/uploads\/2025\/05\/1000036685.jpg\" alt=\"\" class=\"wp-image-117446\" srcset=\"https:\/\/urbeamea.ro\/albaiulia\/wp-content\/uploads\/2025\/05\/1000036685.jpg 768w, https:\/\/urbeamea.ro\/albaiulia\/wp-content\/uploads\/2025\/05\/1000036685-640x427.jpg 640w, https:\/\/urbeamea.ro\/albaiulia\/wp-content\/uploads\/2025\/05\/1000036685-150x100.jpg 150w\" sizes=\"auto, (max-width: 768px) 100vw, 768px\" \/><\/figure>\n\n\n\n<figure class=\"wp-block-image size-large\"><img loading=\"lazy\" decoding=\"async\" width=\"768\" height=\"922\" data-id=\"117447\" src=\"https:\/\/urbeamea.ro\/albaiulia\/wp-content\/uploads\/2025\/05\/1000036686.jpg\" alt=\"\" class=\"wp-image-117447\" srcset=\"https:\/\/urbeamea.ro\/albaiulia\/wp-content\/uploads\/2025\/05\/1000036686.jpg 768w, https:\/\/urbeamea.ro\/albaiulia\/wp-content\/uploads\/2025\/05\/1000036686-533x640.jpg 533w, https:\/\/urbeamea.ro\/albaiulia\/wp-content\/uploads\/2025\/05\/1000036686-125x150.jpg 125w\" sizes=\"auto, (max-width: 768px) 100vw, 768px\" \/><\/figure>\n\n\n\n<figure class=\"wp-block-image size-large\"><img loading=\"lazy\" decoding=\"async\" width=\"960\" height=\"1280\" data-id=\"117448\" src=\"https:\/\/urbeamea.ro\/albaiulia\/wp-content\/uploads\/2025\/05\/1000036687-960x1280.jpg\" alt=\"\" class=\"wp-image-117448\" srcset=\"https:\/\/urbeamea.ro\/albaiulia\/wp-content\/uploads\/2025\/05\/1000036687-960x1280.jpg 960w, https:\/\/urbeamea.ro\/albaiulia\/wp-content\/uploads\/2025\/05\/1000036687-480x640.jpg 480w, https:\/\/urbeamea.ro\/albaiulia\/wp-content\/uploads\/2025\/05\/1000036687-113x150.jpg 113w, https:\/\/urbeamea.ro\/albaiulia\/wp-content\/uploads\/2025\/05\/1000036687-768x1024.jpg 768w, https:\/\/urbeamea.ro\/albaiulia\/wp-content\/uploads\/2025\/05\/1000036687.jpg 1080w\" sizes=\"auto, (max-width: 960px) 100vw, 960px\" \/><\/figure>\n<\/figure>\n","protected":false},"excerpt":{"rendered":"<p>Sportiva CS Unirea Alba Iulia, judoka Laura Alexia Bogdan (20 de ani), a ob\u021binut medalia de AUR la Cupa European\u0103 U 21 de la Istanbul, dup\u0103 ce a c\u00e2\u0219tigat toate cele 4 meciuri disputate, cu sportive valoroase din Turcia \u0219i Fran\u021ba. Elev\u0103 a Liceului cu Program Sportiv din Alba Iulia (director Daniela Mateica), Laura Bogdan &hellip;<\/p>\n","protected":false},"author":28,"featured_media":117443,"comment_status":"open","ping_status":"open","sticky":false,"template":"","format":"standard","meta":{"inline_featured_image":false,"footnotes":""},"categories":[2037,1,16344],"tags":[19457,5050],"class_list":["post-117442","post","type-post","status-publish","format-standard","has-post-thumbnail","hentry","category-sport","category-stiri-urbane","category-urbea-mea","tag-alexia-laura-bogdan","tag-cs-unirea-alba-iulia"],"yoast_head":"<!-- This site is optimized with the Yoast SEO plugin v27.4 - https:\/\/yoast.com\/product\/yoast-seo-wordpress\/ -->\n<title>Judoka Alexia Bogdan (CS Unirea Alba Iulia), medalie de aur la Cupa European\u0103 U-21, desf\u0103\u0219urat\u0103 la Istanbul - Revista Urbea Mea - Revista de Alba<\/title>\n<meta name=\"description\" content=\"Sportiva CS Unirea Alba Iulia, judoka Laura Alexia Bogdan (20 de ani), a ob\u021binut medalia de AUR la Cupa European\u0103 U 21 de la Istanbul, dup\u0103 ce a c\u00e2\u0219tigat\" \/>\n<meta name=\"robots\" content=\"index, follow, max-snippet:-1, max-image-preview:large, max-video-preview:-1\" \/>\n<link rel=\"canonical\" href=\"https:\/\/urbeamea.ro\/albaiulia\/judoka-alexia-bogdan-cs-unirea-alba-iulia-medalie-de-aur-la-cupa-europeana-u-2-desfasurata-la-istanbul\/\" \/>\n<meta name=\"twitter:card\" content=\"summary_large_image\" \/>\n<meta name=\"twitter:title\" content=\"Judoka Alexia Bogdan (CS Unirea Alba Iulia), medalie de aur la Cupa European\u0103 U-21, desf\u0103\u0219urat\u0103 la Istanbul - Revista Urbea Mea - Revista de Alba\" \/>\n<meta name=\"twitter:description\" content=\"Sportiva CS Unirea Alba Iulia, judoka Laura Alexia Bogdan (20 de ani), a ob\u021binut medalia de AUR la Cupa European\u0103 U 21 de la Istanbul, dup\u0103 ce a c\u00e2\u0219tigat\" \/>\n<meta name=\"twitter:image\" content=\"https:\/\/urbeamea.ro\/albaiulia\/wp-content\/uploads\/2025\/05\/1000036682.jpg\" \/>\n<meta name=\"twitter:creator\" content=\"@urbeameaweb\" \/>\n<meta name=\"twitter:site\" content=\"@urbeameaweb\" \/>\n<script type=\"application\/ld+json\" class=\"yoast-schema-graph\">{\"@context\":\"https:\\\/\\\/schema.org\",\"@graph\":[{\"@type\":\"Article\",\"@id\":\"https:\\\/\\\/urbeamea.ro\\\/albaiulia\\\/judoka-alexia-bogdan-cs-unirea-alba-iulia-medalie-de-aur-la-cupa-europeana-u-2-desfasurata-la-istanbul\\\/#article\",\"isPartOf\":{\"@id\":\"https:\\\/\\\/urbeamea.ro\\\/albaiulia\\\/judoka-alexia-bogdan-cs-unirea-alba-iulia-medalie-de-aur-la-cupa-europeana-u-2-desfasurata-la-istanbul\\\/\"},\"author\":{\"name\":\"Giurca Sorin\",\"@id\":\"https:\\\/\\\/urbeamea.ro\\\/albaiulia\\\/#\\\/schema\\\/person\\\/5db3854ac38c1cc9f0ab4092d6a20f02\"},\"headline\":\"Judoka Alexia Bogdan (CS Unirea Alba Iulia), medalie de aur la Cupa European\u0103 U-21, desf\u0103\u0219urat\u0103 la Istanbul\",\"datePublished\":\"2025-05-06T05:46:43+00:00\",\"dateModified\":\"2025-05-06T09:19:17+00:00\",\"mainEntityOfPage\":{\"@id\":\"https:\\\/\\\/urbeamea.ro\\\/albaiulia\\\/judoka-alexia-bogdan-cs-unirea-alba-iulia-medalie-de-aur-la-cupa-europeana-u-2-desfasurata-la-istanbul\\\/\"},\"wordCount\":200,\"commentCount\":0,\"image\":{\"@id\":\"https:\\\/\\\/urbeamea.ro\\\/albaiulia\\\/judoka-alexia-bogdan-cs-unirea-alba-iulia-medalie-de-aur-la-cupa-europeana-u-2-desfasurata-la-istanbul\\\/#primaryimage\"},\"thumbnailUrl\":\"https:\\\/\\\/urbeamea.ro\\\/albaiulia\\\/wp-content\\\/uploads\\\/2025\\\/05\\\/1000036682.jpg\",\"keywords\":[\"alexia laura bogdan\",\"CS Unirea Alba IULIA\"],\"articleSection\":[\"Sport\",\"\u015etiri Urbane\",\"Urbea Mea\"],\"inLanguage\":\"ro-RO\",\"potentialAction\":[{\"@type\":\"CommentAction\",\"name\":\"Comment\",\"target\":[\"https:\\\/\\\/urbeamea.ro\\\/albaiulia\\\/judoka-alexia-bogdan-cs-unirea-alba-iulia-medalie-de-aur-la-cupa-europeana-u-2-desfasurata-la-istanbul\\\/#respond\"]}]},{\"@type\":\"WebPage\",\"@id\":\"https:\\\/\\\/urbeamea.ro\\\/albaiulia\\\/judoka-alexia-bogdan-cs-unirea-alba-iulia-medalie-de-aur-la-cupa-europeana-u-2-desfasurata-la-istanbul\\\/\",\"url\":\"https:\\\/\\\/urbeamea.ro\\\/albaiulia\\\/judoka-alexia-bogdan-cs-unirea-alba-iulia-medalie-de-aur-la-cupa-europeana-u-2-desfasurata-la-istanbul\\\/\",\"name\":\"Judoka Alexia Bogdan (CS Unirea Alba Iulia), medalie de aur la Cupa European\u0103 U-21, desf\u0103\u0219urat\u0103 la Istanbul - Revista Urbea Mea - Revista de Alba\",\"isPartOf\":{\"@id\":\"https:\\\/\\\/urbeamea.ro\\\/albaiulia\\\/#website\"},\"primaryImageOfPage\":{\"@id\":\"https:\\\/\\\/urbeamea.ro\\\/albaiulia\\\/judoka-alexia-bogdan-cs-unirea-alba-iulia-medalie-de-aur-la-cupa-europeana-u-2-desfasurata-la-istanbul\\\/#primaryimage\"},\"image\":{\"@id\":\"https:\\\/\\\/urbeamea.ro\\\/albaiulia\\\/judoka-alexia-bogdan-cs-unirea-alba-iulia-medalie-de-aur-la-cupa-europeana-u-2-desfasurata-la-istanbul\\\/#primaryimage\"},\"thumbnailUrl\":\"https:\\\/\\\/urbeamea.ro\\\/albaiulia\\\/wp-content\\\/uploads\\\/2025\\\/05\\\/1000036682.jpg\",\"datePublished\":\"2025-05-06T05:46:43+00:00\",\"dateModified\":\"2025-05-06T09:19:17+00:00\",\"author\":{\"@id\":\"https:\\\/\\\/urbeamea.ro\\\/albaiulia\\\/#\\\/schema\\\/person\\\/5db3854ac38c1cc9f0ab4092d6a20f02\"},\"description\":\"Sportiva CS Unirea Alba Iulia, judoka Laura Alexia Bogdan (20 de ani), a ob\u021binut medalia de AUR la Cupa European\u0103 U 21 de la Istanbul, dup\u0103 ce a c\u00e2\u0219tigat\",\"breadcrumb\":{\"@id\":\"https:\\\/\\\/urbeamea.ro\\\/albaiulia\\\/judoka-alexia-bogdan-cs-unirea-alba-iulia-medalie-de-aur-la-cupa-europeana-u-2-desfasurata-la-istanbul\\\/#breadcrumb\"},\"inLanguage\":\"ro-RO\",\"potentialAction\":[{\"@type\":\"ReadAction\",\"target\":[\"https:\\\/\\\/urbeamea.ro\\\/albaiulia\\\/judoka-alexia-bogdan-cs-unirea-alba-iulia-medalie-de-aur-la-cupa-europeana-u-2-desfasurata-la-istanbul\\\/\"]}]},{\"@type\":\"ImageObject\",\"inLanguage\":\"ro-RO\",\"@id\":\"https:\\\/\\\/urbeamea.ro\\\/albaiulia\\\/judoka-alexia-bogdan-cs-unirea-alba-iulia-medalie-de-aur-la-cupa-europeana-u-2-desfasurata-la-istanbul\\\/#primaryimage\",\"url\":\"https:\\\/\\\/urbeamea.ro\\\/albaiulia\\\/wp-content\\\/uploads\\\/2025\\\/05\\\/1000036682.jpg\",\"contentUrl\":\"https:\\\/\\\/urbeamea.ro\\\/albaiulia\\\/wp-content\\\/uploads\\\/2025\\\/05\\\/1000036682.jpg\",\"width\":768,\"height\":513},{\"@type\":\"BreadcrumbList\",\"@id\":\"https:\\\/\\\/urbeamea.ro\\\/albaiulia\\\/judoka-alexia-bogdan-cs-unirea-alba-iulia-medalie-de-aur-la-cupa-europeana-u-2-desfasurata-la-istanbul\\\/#breadcrumb\",\"itemListElement\":[{\"@type\":\"ListItem\",\"position\":1,\"name\":\"Prima pagin\u0103\",\"item\":\"https:\\\/\\\/urbeamea.ro\\\/albaiulia\\\/\"},{\"@type\":\"ListItem\",\"position\":2,\"name\":\"Judoka Alexia Bogdan (CS Unirea Alba Iulia), medalie de aur la Cupa European\u0103 U-21, desf\u0103\u0219urat\u0103 la Istanbul\"}]},{\"@type\":\"WebSite\",\"@id\":\"https:\\\/\\\/urbeamea.ro\\\/albaiulia\\\/#website\",\"url\":\"https:\\\/\\\/urbeamea.ro\\\/albaiulia\\\/\",\"name\":\"Revista Urbea Mea, Stiri urbane\",\"description\":\"Evenimente \u0219i \u0219tiri din Alba Iulia, Sebe\u0219, Aiud, Blaj\",\"potentialAction\":[{\"@type\":\"SearchAction\",\"target\":{\"@type\":\"EntryPoint\",\"urlTemplate\":\"https:\\\/\\\/urbeamea.ro\\\/albaiulia\\\/?s={search_term_string}\"},\"query-input\":{\"@type\":\"PropertyValueSpecification\",\"valueRequired\":true,\"valueName\":\"search_term_string\"}}],\"inLanguage\":\"ro-RO\"},{\"@type\":\"Person\",\"@id\":\"https:\\\/\\\/urbeamea.ro\\\/albaiulia\\\/#\\\/schema\\\/person\\\/5db3854ac38c1cc9f0ab4092d6a20f02\",\"name\":\"Giurca Sorin\",\"image\":{\"@type\":\"ImageObject\",\"inLanguage\":\"ro-RO\",\"@id\":\"https:\\\/\\\/secure.gravatar.com\\\/avatar\\\/120f6fcae7b3b47a7730cb9943f612f4909f68ac5284b5f40ac1c4615fd70576?s=96&d=mm&r=g\",\"url\":\"https:\\\/\\\/secure.gravatar.com\\\/avatar\\\/120f6fcae7b3b47a7730cb9943f612f4909f68ac5284b5f40ac1c4615fd70576?s=96&d=mm&r=g\",\"contentUrl\":\"https:\\\/\\\/secure.gravatar.com\\\/avatar\\\/120f6fcae7b3b47a7730cb9943f612f4909f68ac5284b5f40ac1c4615fd70576?s=96&d=mm&r=g\",\"caption\":\"Giurca Sorin\"},\"url\":\"https:\\\/\\\/urbeamea.ro\\\/albaiulia\\\/author\\\/sorin\\\/\"}]}<\/script>\n<!-- \/ Yoast SEO plugin. -->","yoast_head_json":{"title":"Judoka Alexia Bogdan (CS Unirea Alba Iulia), medalie de aur la Cupa European\u0103 U-21, desf\u0103\u0219urat\u0103 la Istanbul - Revista Urbea Mea - Revista de Alba","description":"Sportiva CS Unirea Alba Iulia, judoka Laura Alexia Bogdan (20 de ani), a ob\u021binut medalia de AUR la Cupa European\u0103 U 21 de la Istanbul, dup\u0103 ce a c\u00e2\u0219tigat","robots":{"index":"index","follow":"follow","max-snippet":"max-snippet:-1","max-image-preview":"max-image-preview:large","max-video-preview":"max-video-preview:-1"},"canonical":"https:\/\/urbeamea.ro\/albaiulia\/judoka-alexia-bogdan-cs-unirea-alba-iulia-medalie-de-aur-la-cupa-europeana-u-2-desfasurata-la-istanbul\/","twitter_card":"summary_large_image","twitter_title":"Judoka Alexia Bogdan (CS Unirea Alba Iulia), medalie de aur la Cupa European\u0103 U-21, desf\u0103\u0219urat\u0103 la Istanbul - Revista Urbea Mea - Revista de Alba","twitter_description":"Sportiva CS Unirea Alba Iulia, judoka Laura Alexia Bogdan (20 de ani), a ob\u021binut medalia de AUR la Cupa European\u0103 U 21 de la Istanbul, dup\u0103 ce a c\u00e2\u0219tigat","twitter_image":"https:\/\/urbeamea.ro\/albaiulia\/wp-content\/uploads\/2025\/05\/1000036682.jpg","twitter_creator":"@urbeameaweb","twitter_site":"@urbeameaweb","schema":{"@context":"https:\/\/schema.org","@graph":[{"@type":"Article","@id":"https:\/\/urbeamea.ro\/albaiulia\/judoka-alexia-bogdan-cs-unirea-alba-iulia-medalie-de-aur-la-cupa-europeana-u-2-desfasurata-la-istanbul\/#article","isPartOf":{"@id":"https:\/\/urbeamea.ro\/albaiulia\/judoka-alexia-bogdan-cs-unirea-alba-iulia-medalie-de-aur-la-cupa-europeana-u-2-desfasurata-la-istanbul\/"},"author":{"name":"Giurca Sorin","@id":"https:\/\/urbeamea.ro\/albaiulia\/#\/schema\/person\/5db3854ac38c1cc9f0ab4092d6a20f02"},"headline":"Judoka Alexia Bogdan (CS Unirea Alba Iulia), medalie de aur la Cupa European\u0103 U-21, desf\u0103\u0219urat\u0103 la Istanbul","datePublished":"2025-05-06T05:46:43+00:00","dateModified":"2025-05-06T09:19:17+00:00","mainEntityOfPage":{"@id":"https:\/\/urbeamea.ro\/albaiulia\/judoka-alexia-bogdan-cs-unirea-alba-iulia-medalie-de-aur-la-cupa-europeana-u-2-desfasurata-la-istanbul\/"},"wordCount":200,"commentCount":0,"image":{"@id":"https:\/\/urbeamea.ro\/albaiulia\/judoka-alexia-bogdan-cs-unirea-alba-iulia-medalie-de-aur-la-cupa-europeana-u-2-desfasurata-la-istanbul\/#primaryimage"},"thumbnailUrl":"https:\/\/urbeamea.ro\/albaiulia\/wp-content\/uploads\/2025\/05\/1000036682.jpg","keywords":["alexia laura bogdan","CS Unirea Alba IULIA"],"articleSection":["Sport","\u015etiri Urbane","Urbea Mea"],"inLanguage":"ro-RO","potentialAction":[{"@type":"CommentAction","name":"Comment","target":["https:\/\/urbeamea.ro\/albaiulia\/judoka-alexia-bogdan-cs-unirea-alba-iulia-medalie-de-aur-la-cupa-europeana-u-2-desfasurata-la-istanbul\/#respond"]}]},{"@type":"WebPage","@id":"https:\/\/urbeamea.ro\/albaiulia\/judoka-alexia-bogdan-cs-unirea-alba-iulia-medalie-de-aur-la-cupa-europeana-u-2-desfasurata-la-istanbul\/","url":"https:\/\/urbeamea.ro\/albaiulia\/judoka-alexia-bogdan-cs-unirea-alba-iulia-medalie-de-aur-la-cupa-europeana-u-2-desfasurata-la-istanbul\/","name":"Judoka Alexia Bogdan (CS Unirea Alba Iulia), medalie de aur la Cupa European\u0103 U-21, desf\u0103\u0219urat\u0103 la Istanbul - Revista Urbea Mea - Revista de Alba","isPartOf":{"@id":"https:\/\/urbeamea.ro\/albaiulia\/#website"},"primaryImageOfPage":{"@id":"https:\/\/urbeamea.ro\/albaiulia\/judoka-alexia-bogdan-cs-unirea-alba-iulia-medalie-de-aur-la-cupa-europeana-u-2-desfasurata-la-istanbul\/#primaryimage"},"image":{"@id":"https:\/\/urbeamea.ro\/albaiulia\/judoka-alexia-bogdan-cs-unirea-alba-iulia-medalie-de-aur-la-cupa-europeana-u-2-desfasurata-la-istanbul\/#primaryimage"},"thumbnailUrl":"https:\/\/urbeamea.ro\/albaiulia\/wp-content\/uploads\/2025\/05\/1000036682.jpg","datePublished":"2025-05-06T05:46:43+00:00","dateModified":"2025-05-06T09:19:17+00:00","author":{"@id":"https:\/\/urbeamea.ro\/albaiulia\/#\/schema\/person\/5db3854ac38c1cc9f0ab4092d6a20f02"},"description":"Sportiva CS Unirea Alba Iulia, judoka Laura Alexia Bogdan (20 de ani), a ob\u021binut medalia de AUR la Cupa European\u0103 U 21 de la Istanbul, dup\u0103 ce a c\u00e2\u0219tigat","breadcrumb":{"@id":"https:\/\/urbeamea.ro\/albaiulia\/judoka-alexia-bogdan-cs-unirea-alba-iulia-medalie-de-aur-la-cupa-europeana-u-2-desfasurata-la-istanbul\/#breadcrumb"},"inLanguage":"ro-RO","potentialAction":[{"@type":"ReadAction","target":["https:\/\/urbeamea.ro\/albaiulia\/judoka-alexia-bogdan-cs-unirea-alba-iulia-medalie-de-aur-la-cupa-europeana-u-2-desfasurata-la-istanbul\/"]}]},{"@type":"ImageObject","inLanguage":"ro-RO","@id":"https:\/\/urbeamea.ro\/albaiulia\/judoka-alexia-bogdan-cs-unirea-alba-iulia-medalie-de-aur-la-cupa-europeana-u-2-desfasurata-la-istanbul\/#primaryimage","url":"https:\/\/urbeamea.ro\/albaiulia\/wp-content\/uploads\/2025\/05\/1000036682.jpg","contentUrl":"https:\/\/urbeamea.ro\/albaiulia\/wp-content\/uploads\/2025\/05\/1000036682.jpg","width":768,"height":513},{"@type":"BreadcrumbList","@id":"https:\/\/urbeamea.ro\/albaiulia\/judoka-alexia-bogdan-cs-unirea-alba-iulia-medalie-de-aur-la-cupa-europeana-u-2-desfasurata-la-istanbul\/#breadcrumb","itemListElement":[{"@type":"ListItem","position":1,"name":"Prima pagin\u0103","item":"https:\/\/urbeamea.ro\/albaiulia\/"},{"@type":"ListItem","position":2,"name":"Judoka Alexia Bogdan (CS Unirea Alba Iulia), medalie de aur la Cupa European\u0103 U-21, desf\u0103\u0219urat\u0103 la Istanbul"}]},{"@type":"WebSite","@id":"https:\/\/urbeamea.ro\/albaiulia\/#website","url":"https:\/\/urbeamea.ro\/albaiulia\/","name":"Revista Urbea Mea, Stiri urbane","description":"Evenimente \u0219i \u0219tiri din Alba Iulia, Sebe\u0219, Aiud, Blaj","potentialAction":[{"@type":"SearchAction","target":{"@type":"EntryPoint","urlTemplate":"https:\/\/urbeamea.ro\/albaiulia\/?s={search_term_string}"},"query-input":{"@type":"PropertyValueSpecification","valueRequired":true,"valueName":"search_term_string"}}],"inLanguage":"ro-RO"},{"@type":"Person","@id":"https:\/\/urbeamea.ro\/albaiulia\/#\/schema\/person\/5db3854ac38c1cc9f0ab4092d6a20f02","name":"Giurca Sorin","image":{"@type":"ImageObject","inLanguage":"ro-RO","@id":"https:\/\/secure.gravatar.com\/avatar\/120f6fcae7b3b47a7730cb9943f612f4909f68ac5284b5f40ac1c4615fd70576?s=96&d=mm&r=g","url":"https:\/\/secure.gravatar.com\/avatar\/120f6fcae7b3b47a7730cb9943f612f4909f68ac5284b5f40ac1c4615fd70576?s=96&d=mm&r=g","contentUrl":"https:\/\/secure.gravatar.com\/avatar\/120f6fcae7b3b47a7730cb9943f612f4909f68ac5284b5f40ac1c4615fd70576?s=96&d=mm&r=g","caption":"Giurca Sorin"},"url":"https:\/\/urbeamea.ro\/albaiulia\/author\/sorin\/"}]}},"_links":{"self":[{"href":"https:\/\/urbeamea.ro\/albaiulia\/wp-json\/wp\/v2\/posts\/117442","targetHints":{"allow":["GET"]}}],"collection":[{"href":"https:\/\/urbeamea.ro\/albaiulia\/wp-json\/wp\/v2\/posts"}],"about":[{"href":"https:\/\/urbeamea.ro\/albaiulia\/wp-json\/wp\/v2\/types\/post"}],"author":[{"embeddable":true,"href":"https:\/\/urbeamea.ro\/albaiulia\/wp-json\/wp\/v2\/users\/28"}],"replies":[{"embeddable":true,"href":"https:\/\/urbeamea.ro\/albaiulia\/wp-json\/wp\/v2\/comments?post=117442"}],"version-history":[{"count":2,"href":"https:\/\/urbeamea.ro\/albaiulia\/wp-json\/wp\/v2\/posts\/117442\/revisions"}],"predecessor-version":[{"id":117450,"href":"https:\/\/urbeamea.ro\/albaiulia\/wp-json\/wp\/v2\/posts\/117442\/revisions\/117450"}],"wp:featuredmedia":[{"embeddable":true,"href":"https:\/\/urbeamea.ro\/albaiulia\/wp-json\/wp\/v2\/media\/117443"}],"wp:attachment":[{"href":"https:\/\/urbeamea.ro\/albaiulia\/wp-json\/wp\/v2\/media?parent=117442"}],"wp:term":[{"taxonomy":"category","embeddable":true,"href":"https:\/\/urbeamea.ro\/albaiulia\/wp-json\/wp\/v2\/categories?post=117442"},{"taxonomy":"post_tag","embeddable":true,"href":"https:\/\/urbeamea.ro\/albaiulia\/wp-json\/wp\/v2\/tags?post=117442"}],"curies":[{"name":"wp","href":"https:\/\/api.w.org\/{rel}","templated":true}]}}