{"id":117453,"date":"2025-05-06T12:26:05","date_gmt":"2025-05-06T09:26:05","guid":{"rendered":"https:\/\/urbeamea.ro\/albaiulia\/?p=117453"},"modified":"2025-05-06T12:26:07","modified_gmt":"2025-05-06T09:26:07","slug":"piesa-pescarul-si-sufletul-sau-prezentata-de-teatrul-de-papusi-prichindel-din-alba-iulia-pe-scena-festivalurilor-din-ploiesti-si-galati","status":"publish","type":"post","link":"https:\/\/urbeamea.ro\/albaiulia\/piesa-pescarul-si-sufletul-sau-prezentata-de-teatrul-de-papusi-prichindel-din-alba-iulia-pe-scena-festivalurilor-din-ploiesti-si-galati\/","title":{"rendered":"Piesa &#8222;Pescarul \u0219i sufletul s\u0103u&#8221;, prezentat\u0103 de Teatrul de P\u0103pu\u0219i &#8222;Prichindel&#8221; din Alba Iulia, pe scena festivalurilor din Ploie\u0219ti \u0219i Gala\u021bi"},"content":{"rendered":"\n<p><strong>Proiectul Prichindel la festival din programul EXPERIEN\u021aE TEATRALE, debuteaz\u0103 \u00een 2025 cu dou\u0103 festivaluri, la care avem bucuria s\u0103 particip\u0103m cu cel mai recent spectacol al teatrului nostru: \u201ePescarul \u0219i sufletul s\u0103u\u201d, regia Toma Hogea.<\/strong><\/p>\n\n\n\n<p> A\u0219adar, \u00een data de 6 mai, de la ora 11:00, vom fi pe scena Teatrului de Anima\u021bie pentru Copii \u0219i Tineret Imaginario Ploie\u0219ti, \u00een cadrul Festivalului pentru copii \u0219i tineret Imaginarium, edi\u021bia a VI-a, iar \u00een data de 13 mai, ora 19:00, pe scena Casei de Cultur\u0103 a Studen\u021bilor din Gala\u021bi, \u00een cadrul Festivalului Interna\u021bional de Anima\u021bie Gulliver Gala\u021bi, edi\u021bia a XXXI-a.<\/p>\n\n\n\n<p> \u201ePrin participarea \u00een cadrul acestor festivaluri interna\u021bionale importante pentru teatrul de anima\u021bie ne dorim s\u0103 promov\u0103m spectacolele teatrului \u0219i, \u00een acela\u0219i timp, s\u0103 consolid\u0103m imaginea institu\u021biei la nivel na\u021bional \u0219i interna\u021bional. <\/p>\n\n\n\n<p>Ne onoreaz\u0103 selec\u021bia \u00een cadrul celor dou\u0103 festivaluri \u0219i a\u0219tept\u0103m cu bucurie s\u0103 ne prezent\u0103m spectacolul publicului iubitor de teatru din cele dou\u0103 ora\u0219e.\u201d &#8211; Ioana Bog\u0103\u021ban, manager.<\/p>\n\n\n\n<p>Pescarul \u0219i sufletul s\u0103u, dup\u0103 un basm de Oscar Wilde<\/p>\n\n\n\n<p>Dramatizarea, versuri \u0219i regia: Toma Hogea<\/p>\n\n\n\n<p>Scenografia: Alina Dinc\u0103 Pu\u0219ca\u0219u<\/p>\n\n\n\n<p>Sculptur\u0103 p\u0103pu\u0219i: Constantin Butoi<\/p>\n\n\n\n<p>Muzica: C\u00e1ri Tibor<\/p>\n\n\n\n<p>Video design: Andrei Cozlac<\/p>\n\n\n\n<p>Coregrafie: R\u0103zvan Rotaru<\/p>\n\n\n\n<p>Distribu\u021bia: Iulian Costea, Ioana Bog\u0103\u021ban, M\u0103d\u0103lin Costea, Teodora Popa, Tudor Cristian Popa, Irina Melnic, Viorica Boda,  Ramona Benchea Mincu \u0219i copiii Medeea Costea \u0219i Emanuel Costea <\/p>\n\n\n\n<p>Regia tehnic\u0103: Elena Madaras<\/p>\n\n\n\n<p>Sunet: Florin Andrea<\/p>\n\n\n\n<p>Lumini \u0219i video: C\u0103lin Popa, Ovidiu T\u0103m\u0103\u0219an<\/p>\n\n\n\n<p>Ma\u0219ini\u0219ti: Florin Badiu, Gheorghe Ha\u021began<\/p>\n\n\n\n<p>Realizare costume: Mirela T\u0103m\u0103\u0219an<\/p>\n\n\n\n<p>Manager: Ioana Bog\u0103\u021ban<\/p>\n\n\n\n<figure class=\"wp-block-gallery has-nested-images columns-default is-cropped wp-block-gallery-1 is-layout-flex wp-block-gallery-is-layout-flex\">\n<figure class=\"wp-block-image size-large\"><img loading=\"lazy\" decoding=\"async\" width=\"1080\" height=\"720\" data-id=\"117454\" src=\"https:\/\/urbeamea.ro\/albaiulia\/wp-content\/uploads\/2025\/05\/1000036701.jpg\" alt=\"\" class=\"wp-image-117454\" srcset=\"https:\/\/urbeamea.ro\/albaiulia\/wp-content\/uploads\/2025\/05\/1000036701.jpg 1080w, https:\/\/urbeamea.ro\/albaiulia\/wp-content\/uploads\/2025\/05\/1000036701-640x427.jpg 640w, https:\/\/urbeamea.ro\/albaiulia\/wp-content\/uploads\/2025\/05\/1000036701-150x100.jpg 150w, https:\/\/urbeamea.ro\/albaiulia\/wp-content\/uploads\/2025\/05\/1000036701-768x512.jpg 768w\" sizes=\"auto, (max-width: 1080px) 100vw, 1080px\" \/><\/figure>\n\n\n\n<figure class=\"wp-block-image size-large\"><img loading=\"lazy\" decoding=\"async\" width=\"1080\" height=\"720\" data-id=\"117455\" src=\"https:\/\/urbeamea.ro\/albaiulia\/wp-content\/uploads\/2025\/05\/1000036702.jpg\" alt=\"\" class=\"wp-image-117455\" srcset=\"https:\/\/urbeamea.ro\/albaiulia\/wp-content\/uploads\/2025\/05\/1000036702.jpg 1080w, https:\/\/urbeamea.ro\/albaiulia\/wp-content\/uploads\/2025\/05\/1000036702-640x427.jpg 640w, https:\/\/urbeamea.ro\/albaiulia\/wp-content\/uploads\/2025\/05\/1000036702-150x100.jpg 150w, https:\/\/urbeamea.ro\/albaiulia\/wp-content\/uploads\/2025\/05\/1000036702-768x512.jpg 768w\" sizes=\"auto, (max-width: 1080px) 100vw, 1080px\" \/><\/figure>\n\n\n\n<figure class=\"wp-block-image size-large\"><img loading=\"lazy\" decoding=\"async\" width=\"1080\" height=\"720\" data-id=\"117456\" src=\"https:\/\/urbeamea.ro\/albaiulia\/wp-content\/uploads\/2025\/05\/1000036705.jpg\" alt=\"\" class=\"wp-image-117456\" srcset=\"https:\/\/urbeamea.ro\/albaiulia\/wp-content\/uploads\/2025\/05\/1000036705.jpg 1080w, https:\/\/urbeamea.ro\/albaiulia\/wp-content\/uploads\/2025\/05\/1000036705-640x427.jpg 640w, https:\/\/urbeamea.ro\/albaiulia\/wp-content\/uploads\/2025\/05\/1000036705-150x100.jpg 150w, https:\/\/urbeamea.ro\/albaiulia\/wp-content\/uploads\/2025\/05\/1000036705-768x512.jpg 768w\" sizes=\"auto, (max-width: 1080px) 100vw, 1080px\" \/><\/figure>\n\n\n\n<figure class=\"wp-block-image size-large\"><img loading=\"lazy\" decoding=\"async\" width=\"1080\" height=\"720\" data-id=\"117457\" src=\"https:\/\/urbeamea.ro\/albaiulia\/wp-content\/uploads\/2025\/05\/1000036704.jpg\" alt=\"\" class=\"wp-image-117457\" srcset=\"https:\/\/urbeamea.ro\/albaiulia\/wp-content\/uploads\/2025\/05\/1000036704.jpg 1080w, https:\/\/urbeamea.ro\/albaiulia\/wp-content\/uploads\/2025\/05\/1000036704-640x427.jpg 640w, https:\/\/urbeamea.ro\/albaiulia\/wp-content\/uploads\/2025\/05\/1000036704-150x100.jpg 150w, https:\/\/urbeamea.ro\/albaiulia\/wp-content\/uploads\/2025\/05\/1000036704-768x512.jpg 768w\" sizes=\"auto, (max-width: 1080px) 100vw, 1080px\" \/><\/figure>\n\n\n\n<figure class=\"wp-block-image size-large\"><img loading=\"lazy\" decoding=\"async\" width=\"1080\" height=\"720\" data-id=\"117458\" src=\"https:\/\/urbeamea.ro\/albaiulia\/wp-content\/uploads\/2025\/05\/1000036703.jpg\" alt=\"\" class=\"wp-image-117458\" srcset=\"https:\/\/urbeamea.ro\/albaiulia\/wp-content\/uploads\/2025\/05\/1000036703.jpg 1080w, https:\/\/urbeamea.ro\/albaiulia\/wp-content\/uploads\/2025\/05\/1000036703-640x427.jpg 640w, https:\/\/urbeamea.ro\/albaiulia\/wp-content\/uploads\/2025\/05\/1000036703-150x100.jpg 150w, https:\/\/urbeamea.ro\/albaiulia\/wp-content\/uploads\/2025\/05\/1000036703-768x512.jpg 768w\" sizes=\"auto, (max-width: 1080px) 100vw, 1080px\" \/><\/figure>\n<\/figure>\n","protected":false},"excerpt":{"rendered":"<p>Proiectul Prichindel la festival din programul EXPERIEN\u021aE TEATRALE, debuteaz\u0103 \u00een 2025 cu dou\u0103 festivaluri, la care avem bucuria s\u0103 particip\u0103m cu cel mai recent spectacol al teatrului nostru: \u201ePescarul \u0219i sufletul s\u0103u\u201d, regia Toma Hogea. A\u0219adar, \u00een data de 6 mai, de la ora 11:00, vom fi pe scena Teatrului de Anima\u021bie pentru Copii \u0219i &hellip;<\/p>\n","protected":false},"author":28,"featured_media":117454,"comment_status":"open","ping_status":"open","sticky":false,"template":"","format":"standard","meta":{"inline_featured_image":false,"footnotes":""},"categories":[2038,1,16344],"tags":[12815],"class_list":["post-117453","post","type-post","status-publish","format-standard","has-post-thumbnail","hentry","category-cultura","category-stiri-urbane","category-urbea-mea","tag-teatrul-cde-papusi-prichindel"],"yoast_head":"<!-- This site is optimized with the Yoast SEO plugin v27.4 - https:\/\/yoast.com\/product\/yoast-seo-wordpress\/ -->\n<title>Piesa &quot;Pescarul \u0219i sufletul s\u0103u&quot;, prezentat\u0103 de Teatrul de P\u0103pu\u0219i &quot;Prichindel&quot; din Alba Iulia, pe scena festivalurilor din Ploie\u0219ti \u0219i Gala\u021bi - Revista Urbea Mea - Revista de Alba<\/title>\n<meta name=\"description\" content=\"Proiectul Prichindel la festival din programul EXPERIEN\u021aE TEATRALE, debuteaz\u0103 \u00een 2025 cu dou\u0103 festivaluri, la care avem bucuria s\u0103 particip\u0103m cu cel mai\" \/>\n<meta name=\"robots\" content=\"index, follow, max-snippet:-1, max-image-preview:large, max-video-preview:-1\" \/>\n<link rel=\"canonical\" href=\"https:\/\/urbeamea.ro\/albaiulia\/piesa-pescarul-si-sufletul-sau-prezentata-de-teatrul-de-papusi-prichindel-din-alba-iulia-pe-scena-festivalurilor-din-ploiesti-si-galati\/\" \/>\n<meta name=\"twitter:card\" content=\"summary_large_image\" \/>\n<meta name=\"twitter:title\" content=\"Piesa &quot;Pescarul \u0219i sufletul s\u0103u&quot;, prezentat\u0103 de Teatrul de P\u0103pu\u0219i &quot;Prichindel&quot; din Alba Iulia, pe scena festivalurilor din Ploie\u0219ti \u0219i Gala\u021bi - Revista Urbea Mea - Revista de Alba\" \/>\n<meta name=\"twitter:description\" content=\"Proiectul Prichindel la festival din programul EXPERIEN\u021aE TEATRALE, debuteaz\u0103 \u00een 2025 cu dou\u0103 festivaluri, la care avem bucuria s\u0103 particip\u0103m cu cel mai\" \/>\n<meta name=\"twitter:image\" content=\"https:\/\/urbeamea.ro\/albaiulia\/wp-content\/uploads\/2025\/05\/1000036701.jpg\" \/>\n<meta name=\"twitter:creator\" content=\"@urbeameaweb\" \/>\n<meta name=\"twitter:site\" content=\"@urbeameaweb\" \/>\n<script type=\"application\/ld+json\" class=\"yoast-schema-graph\">{\"@context\":\"https:\\\/\\\/schema.org\",\"@graph\":[{\"@type\":\"Article\",\"@id\":\"https:\\\/\\\/urbeamea.ro\\\/albaiulia\\\/piesa-pescarul-si-sufletul-sau-prezentata-de-teatrul-de-papusi-prichindel-din-alba-iulia-pe-scena-festivalurilor-din-ploiesti-si-galati\\\/#article\",\"isPartOf\":{\"@id\":\"https:\\\/\\\/urbeamea.ro\\\/albaiulia\\\/piesa-pescarul-si-sufletul-sau-prezentata-de-teatrul-de-papusi-prichindel-din-alba-iulia-pe-scena-festivalurilor-din-ploiesti-si-galati\\\/\"},\"author\":{\"name\":\"Giurca Sorin\",\"@id\":\"https:\\\/\\\/urbeamea.ro\\\/albaiulia\\\/#\\\/schema\\\/person\\\/5db3854ac38c1cc9f0ab4092d6a20f02\"},\"headline\":\"Piesa &#8222;Pescarul \u0219i sufletul s\u0103u&#8221;, prezentat\u0103 de Teatrul de P\u0103pu\u0219i &#8222;Prichindel&#8221; din Alba Iulia, pe scena festivalurilor din Ploie\u0219ti \u0219i Gala\u021bi\",\"datePublished\":\"2025-05-06T09:26:05+00:00\",\"dateModified\":\"2025-05-06T09:26:07+00:00\",\"mainEntityOfPage\":{\"@id\":\"https:\\\/\\\/urbeamea.ro\\\/albaiulia\\\/piesa-pescarul-si-sufletul-sau-prezentata-de-teatrul-de-papusi-prichindel-din-alba-iulia-pe-scena-festivalurilor-din-ploiesti-si-galati\\\/\"},\"wordCount\":310,\"commentCount\":0,\"image\":{\"@id\":\"https:\\\/\\\/urbeamea.ro\\\/albaiulia\\\/piesa-pescarul-si-sufletul-sau-prezentata-de-teatrul-de-papusi-prichindel-din-alba-iulia-pe-scena-festivalurilor-din-ploiesti-si-galati\\\/#primaryimage\"},\"thumbnailUrl\":\"https:\\\/\\\/urbeamea.ro\\\/albaiulia\\\/wp-content\\\/uploads\\\/2025\\\/05\\\/1000036701.jpg\",\"keywords\":[\"teatrul cde papusi prichindel\"],\"articleSection\":[\"Cultur\u0103\",\"\u015etiri Urbane\",\"Urbea Mea\"],\"inLanguage\":\"ro-RO\",\"potentialAction\":[{\"@type\":\"CommentAction\",\"name\":\"Comment\",\"target\":[\"https:\\\/\\\/urbeamea.ro\\\/albaiulia\\\/piesa-pescarul-si-sufletul-sau-prezentata-de-teatrul-de-papusi-prichindel-din-alba-iulia-pe-scena-festivalurilor-din-ploiesti-si-galati\\\/#respond\"]}]},{\"@type\":\"WebPage\",\"@id\":\"https:\\\/\\\/urbeamea.ro\\\/albaiulia\\\/piesa-pescarul-si-sufletul-sau-prezentata-de-teatrul-de-papusi-prichindel-din-alba-iulia-pe-scena-festivalurilor-din-ploiesti-si-galati\\\/\",\"url\":\"https:\\\/\\\/urbeamea.ro\\\/albaiulia\\\/piesa-pescarul-si-sufletul-sau-prezentata-de-teatrul-de-papusi-prichindel-din-alba-iulia-pe-scena-festivalurilor-din-ploiesti-si-galati\\\/\",\"name\":\"Piesa \\\"Pescarul \u0219i sufletul s\u0103u\\\", prezentat\u0103 de Teatrul de P\u0103pu\u0219i \\\"Prichindel\\\" din Alba Iulia, pe scena festivalurilor din Ploie\u0219ti \u0219i Gala\u021bi - Revista Urbea Mea - Revista de Alba\",\"isPartOf\":{\"@id\":\"https:\\\/\\\/urbeamea.ro\\\/albaiulia\\\/#website\"},\"primaryImageOfPage\":{\"@id\":\"https:\\\/\\\/urbeamea.ro\\\/albaiulia\\\/piesa-pescarul-si-sufletul-sau-prezentata-de-teatrul-de-papusi-prichindel-din-alba-iulia-pe-scena-festivalurilor-din-ploiesti-si-galati\\\/#primaryimage\"},\"image\":{\"@id\":\"https:\\\/\\\/urbeamea.ro\\\/albaiulia\\\/piesa-pescarul-si-sufletul-sau-prezentata-de-teatrul-de-papusi-prichindel-din-alba-iulia-pe-scena-festivalurilor-din-ploiesti-si-galati\\\/#primaryimage\"},\"thumbnailUrl\":\"https:\\\/\\\/urbeamea.ro\\\/albaiulia\\\/wp-content\\\/uploads\\\/2025\\\/05\\\/1000036701.jpg\",\"datePublished\":\"2025-05-06T09:26:05+00:00\",\"dateModified\":\"2025-05-06T09:26:07+00:00\",\"author\":{\"@id\":\"https:\\\/\\\/urbeamea.ro\\\/albaiulia\\\/#\\\/schema\\\/person\\\/5db3854ac38c1cc9f0ab4092d6a20f02\"},\"description\":\"Proiectul Prichindel la festival din programul EXPERIEN\u021aE TEATRALE, debuteaz\u0103 \u00een 2025 cu dou\u0103 festivaluri, la care avem bucuria s\u0103 particip\u0103m cu cel mai\",\"breadcrumb\":{\"@id\":\"https:\\\/\\\/urbeamea.ro\\\/albaiulia\\\/piesa-pescarul-si-sufletul-sau-prezentata-de-teatrul-de-papusi-prichindel-din-alba-iulia-pe-scena-festivalurilor-din-ploiesti-si-galati\\\/#breadcrumb\"},\"inLanguage\":\"ro-RO\",\"potentialAction\":[{\"@type\":\"ReadAction\",\"target\":[\"https:\\\/\\\/urbeamea.ro\\\/albaiulia\\\/piesa-pescarul-si-sufletul-sau-prezentata-de-teatrul-de-papusi-prichindel-din-alba-iulia-pe-scena-festivalurilor-din-ploiesti-si-galati\\\/\"]}]},{\"@type\":\"ImageObject\",\"inLanguage\":\"ro-RO\",\"@id\":\"https:\\\/\\\/urbeamea.ro\\\/albaiulia\\\/piesa-pescarul-si-sufletul-sau-prezentata-de-teatrul-de-papusi-prichindel-din-alba-iulia-pe-scena-festivalurilor-din-ploiesti-si-galati\\\/#primaryimage\",\"url\":\"https:\\\/\\\/urbeamea.ro\\\/albaiulia\\\/wp-content\\\/uploads\\\/2025\\\/05\\\/1000036701.jpg\",\"contentUrl\":\"https:\\\/\\\/urbeamea.ro\\\/albaiulia\\\/wp-content\\\/uploads\\\/2025\\\/05\\\/1000036701.jpg\",\"width\":1080,\"height\":720},{\"@type\":\"BreadcrumbList\",\"@id\":\"https:\\\/\\\/urbeamea.ro\\\/albaiulia\\\/piesa-pescarul-si-sufletul-sau-prezentata-de-teatrul-de-papusi-prichindel-din-alba-iulia-pe-scena-festivalurilor-din-ploiesti-si-galati\\\/#breadcrumb\",\"itemListElement\":[{\"@type\":\"ListItem\",\"position\":1,\"name\":\"Prima pagin\u0103\",\"item\":\"https:\\\/\\\/urbeamea.ro\\\/albaiulia\\\/\"},{\"@type\":\"ListItem\",\"position\":2,\"name\":\"Piesa &#8222;Pescarul \u0219i sufletul s\u0103u&#8221;, prezentat\u0103 de Teatrul de P\u0103pu\u0219i &#8222;Prichindel&#8221; din Alba Iulia, pe scena festivalurilor din Ploie\u0219ti \u0219i Gala\u021bi\"}]},{\"@type\":\"WebSite\",\"@id\":\"https:\\\/\\\/urbeamea.ro\\\/albaiulia\\\/#website\",\"url\":\"https:\\\/\\\/urbeamea.ro\\\/albaiulia\\\/\",\"name\":\"Revista Urbea Mea, Stiri urbane\",\"description\":\"Evenimente \u0219i \u0219tiri din Alba Iulia, Sebe\u0219, Aiud, Blaj\",\"potentialAction\":[{\"@type\":\"SearchAction\",\"target\":{\"@type\":\"EntryPoint\",\"urlTemplate\":\"https:\\\/\\\/urbeamea.ro\\\/albaiulia\\\/?s={search_term_string}\"},\"query-input\":{\"@type\":\"PropertyValueSpecification\",\"valueRequired\":true,\"valueName\":\"search_term_string\"}}],\"inLanguage\":\"ro-RO\"},{\"@type\":\"Person\",\"@id\":\"https:\\\/\\\/urbeamea.ro\\\/albaiulia\\\/#\\\/schema\\\/person\\\/5db3854ac38c1cc9f0ab4092d6a20f02\",\"name\":\"Giurca Sorin\",\"image\":{\"@type\":\"ImageObject\",\"inLanguage\":\"ro-RO\",\"@id\":\"https:\\\/\\\/secure.gravatar.com\\\/avatar\\\/120f6fcae7b3b47a7730cb9943f612f4909f68ac5284b5f40ac1c4615fd70576?s=96&d=mm&r=g\",\"url\":\"https:\\\/\\\/secure.gravatar.com\\\/avatar\\\/120f6fcae7b3b47a7730cb9943f612f4909f68ac5284b5f40ac1c4615fd70576?s=96&d=mm&r=g\",\"contentUrl\":\"https:\\\/\\\/secure.gravatar.com\\\/avatar\\\/120f6fcae7b3b47a7730cb9943f612f4909f68ac5284b5f40ac1c4615fd70576?s=96&d=mm&r=g\",\"caption\":\"Giurca Sorin\"},\"url\":\"https:\\\/\\\/urbeamea.ro\\\/albaiulia\\\/author\\\/sorin\\\/\"}]}<\/script>\n<!-- \/ Yoast SEO plugin. -->","yoast_head_json":{"title":"Piesa \"Pescarul \u0219i sufletul s\u0103u\", prezentat\u0103 de Teatrul de P\u0103pu\u0219i \"Prichindel\" din Alba Iulia, pe scena festivalurilor din Ploie\u0219ti \u0219i Gala\u021bi - Revista Urbea Mea - Revista de Alba","description":"Proiectul Prichindel la festival din programul EXPERIEN\u021aE TEATRALE, debuteaz\u0103 \u00een 2025 cu dou\u0103 festivaluri, la care avem bucuria s\u0103 particip\u0103m cu cel mai","robots":{"index":"index","follow":"follow","max-snippet":"max-snippet:-1","max-image-preview":"max-image-preview:large","max-video-preview":"max-video-preview:-1"},"canonical":"https:\/\/urbeamea.ro\/albaiulia\/piesa-pescarul-si-sufletul-sau-prezentata-de-teatrul-de-papusi-prichindel-din-alba-iulia-pe-scena-festivalurilor-din-ploiesti-si-galati\/","twitter_card":"summary_large_image","twitter_title":"Piesa \"Pescarul \u0219i sufletul s\u0103u\", prezentat\u0103 de Teatrul de P\u0103pu\u0219i \"Prichindel\" din Alba Iulia, pe scena festivalurilor din Ploie\u0219ti \u0219i Gala\u021bi - Revista Urbea Mea - Revista de Alba","twitter_description":"Proiectul Prichindel la festival din programul EXPERIEN\u021aE TEATRALE, debuteaz\u0103 \u00een 2025 cu dou\u0103 festivaluri, la care avem bucuria s\u0103 particip\u0103m cu cel mai","twitter_image":"https:\/\/urbeamea.ro\/albaiulia\/wp-content\/uploads\/2025\/05\/1000036701.jpg","twitter_creator":"@urbeameaweb","twitter_site":"@urbeameaweb","schema":{"@context":"https:\/\/schema.org","@graph":[{"@type":"Article","@id":"https:\/\/urbeamea.ro\/albaiulia\/piesa-pescarul-si-sufletul-sau-prezentata-de-teatrul-de-papusi-prichindel-din-alba-iulia-pe-scena-festivalurilor-din-ploiesti-si-galati\/#article","isPartOf":{"@id":"https:\/\/urbeamea.ro\/albaiulia\/piesa-pescarul-si-sufletul-sau-prezentata-de-teatrul-de-papusi-prichindel-din-alba-iulia-pe-scena-festivalurilor-din-ploiesti-si-galati\/"},"author":{"name":"Giurca Sorin","@id":"https:\/\/urbeamea.ro\/albaiulia\/#\/schema\/person\/5db3854ac38c1cc9f0ab4092d6a20f02"},"headline":"Piesa &#8222;Pescarul \u0219i sufletul s\u0103u&#8221;, prezentat\u0103 de Teatrul de P\u0103pu\u0219i &#8222;Prichindel&#8221; din Alba Iulia, pe scena festivalurilor din Ploie\u0219ti \u0219i Gala\u021bi","datePublished":"2025-05-06T09:26:05+00:00","dateModified":"2025-05-06T09:26:07+00:00","mainEntityOfPage":{"@id":"https:\/\/urbeamea.ro\/albaiulia\/piesa-pescarul-si-sufletul-sau-prezentata-de-teatrul-de-papusi-prichindel-din-alba-iulia-pe-scena-festivalurilor-din-ploiesti-si-galati\/"},"wordCount":310,"commentCount":0,"image":{"@id":"https:\/\/urbeamea.ro\/albaiulia\/piesa-pescarul-si-sufletul-sau-prezentata-de-teatrul-de-papusi-prichindel-din-alba-iulia-pe-scena-festivalurilor-din-ploiesti-si-galati\/#primaryimage"},"thumbnailUrl":"https:\/\/urbeamea.ro\/albaiulia\/wp-content\/uploads\/2025\/05\/1000036701.jpg","keywords":["teatrul cde papusi prichindel"],"articleSection":["Cultur\u0103","\u015etiri Urbane","Urbea Mea"],"inLanguage":"ro-RO","potentialAction":[{"@type":"CommentAction","name":"Comment","target":["https:\/\/urbeamea.ro\/albaiulia\/piesa-pescarul-si-sufletul-sau-prezentata-de-teatrul-de-papusi-prichindel-din-alba-iulia-pe-scena-festivalurilor-din-ploiesti-si-galati\/#respond"]}]},{"@type":"WebPage","@id":"https:\/\/urbeamea.ro\/albaiulia\/piesa-pescarul-si-sufletul-sau-prezentata-de-teatrul-de-papusi-prichindel-din-alba-iulia-pe-scena-festivalurilor-din-ploiesti-si-galati\/","url":"https:\/\/urbeamea.ro\/albaiulia\/piesa-pescarul-si-sufletul-sau-prezentata-de-teatrul-de-papusi-prichindel-din-alba-iulia-pe-scena-festivalurilor-din-ploiesti-si-galati\/","name":"Piesa \"Pescarul \u0219i sufletul s\u0103u\", prezentat\u0103 de Teatrul de P\u0103pu\u0219i \"Prichindel\" din Alba Iulia, pe scena festivalurilor din Ploie\u0219ti \u0219i Gala\u021bi - Revista Urbea Mea - Revista de Alba","isPartOf":{"@id":"https:\/\/urbeamea.ro\/albaiulia\/#website"},"primaryImageOfPage":{"@id":"https:\/\/urbeamea.ro\/albaiulia\/piesa-pescarul-si-sufletul-sau-prezentata-de-teatrul-de-papusi-prichindel-din-alba-iulia-pe-scena-festivalurilor-din-ploiesti-si-galati\/#primaryimage"},"image":{"@id":"https:\/\/urbeamea.ro\/albaiulia\/piesa-pescarul-si-sufletul-sau-prezentata-de-teatrul-de-papusi-prichindel-din-alba-iulia-pe-scena-festivalurilor-din-ploiesti-si-galati\/#primaryimage"},"thumbnailUrl":"https:\/\/urbeamea.ro\/albaiulia\/wp-content\/uploads\/2025\/05\/1000036701.jpg","datePublished":"2025-05-06T09:26:05+00:00","dateModified":"2025-05-06T09:26:07+00:00","author":{"@id":"https:\/\/urbeamea.ro\/albaiulia\/#\/schema\/person\/5db3854ac38c1cc9f0ab4092d6a20f02"},"description":"Proiectul Prichindel la festival din programul EXPERIEN\u021aE TEATRALE, debuteaz\u0103 \u00een 2025 cu dou\u0103 festivaluri, la care avem bucuria s\u0103 particip\u0103m cu cel mai","breadcrumb":{"@id":"https:\/\/urbeamea.ro\/albaiulia\/piesa-pescarul-si-sufletul-sau-prezentata-de-teatrul-de-papusi-prichindel-din-alba-iulia-pe-scena-festivalurilor-din-ploiesti-si-galati\/#breadcrumb"},"inLanguage":"ro-RO","potentialAction":[{"@type":"ReadAction","target":["https:\/\/urbeamea.ro\/albaiulia\/piesa-pescarul-si-sufletul-sau-prezentata-de-teatrul-de-papusi-prichindel-din-alba-iulia-pe-scena-festivalurilor-din-ploiesti-si-galati\/"]}]},{"@type":"ImageObject","inLanguage":"ro-RO","@id":"https:\/\/urbeamea.ro\/albaiulia\/piesa-pescarul-si-sufletul-sau-prezentata-de-teatrul-de-papusi-prichindel-din-alba-iulia-pe-scena-festivalurilor-din-ploiesti-si-galati\/#primaryimage","url":"https:\/\/urbeamea.ro\/albaiulia\/wp-content\/uploads\/2025\/05\/1000036701.jpg","contentUrl":"https:\/\/urbeamea.ro\/albaiulia\/wp-content\/uploads\/2025\/05\/1000036701.jpg","width":1080,"height":720},{"@type":"BreadcrumbList","@id":"https:\/\/urbeamea.ro\/albaiulia\/piesa-pescarul-si-sufletul-sau-prezentata-de-teatrul-de-papusi-prichindel-din-alba-iulia-pe-scena-festivalurilor-din-ploiesti-si-galati\/#breadcrumb","itemListElement":[{"@type":"ListItem","position":1,"name":"Prima pagin\u0103","item":"https:\/\/urbeamea.ro\/albaiulia\/"},{"@type":"ListItem","position":2,"name":"Piesa &#8222;Pescarul \u0219i sufletul s\u0103u&#8221;, prezentat\u0103 de Teatrul de P\u0103pu\u0219i &#8222;Prichindel&#8221; din Alba Iulia, pe scena festivalurilor din Ploie\u0219ti \u0219i Gala\u021bi"}]},{"@type":"WebSite","@id":"https:\/\/urbeamea.ro\/albaiulia\/#website","url":"https:\/\/urbeamea.ro\/albaiulia\/","name":"Revista Urbea Mea, Stiri urbane","description":"Evenimente \u0219i \u0219tiri din Alba Iulia, Sebe\u0219, Aiud, Blaj","potentialAction":[{"@type":"SearchAction","target":{"@type":"EntryPoint","urlTemplate":"https:\/\/urbeamea.ro\/albaiulia\/?s={search_term_string}"},"query-input":{"@type":"PropertyValueSpecification","valueRequired":true,"valueName":"search_term_string"}}],"inLanguage":"ro-RO"},{"@type":"Person","@id":"https:\/\/urbeamea.ro\/albaiulia\/#\/schema\/person\/5db3854ac38c1cc9f0ab4092d6a20f02","name":"Giurca Sorin","image":{"@type":"ImageObject","inLanguage":"ro-RO","@id":"https:\/\/secure.gravatar.com\/avatar\/120f6fcae7b3b47a7730cb9943f612f4909f68ac5284b5f40ac1c4615fd70576?s=96&d=mm&r=g","url":"https:\/\/secure.gravatar.com\/avatar\/120f6fcae7b3b47a7730cb9943f612f4909f68ac5284b5f40ac1c4615fd70576?s=96&d=mm&r=g","contentUrl":"https:\/\/secure.gravatar.com\/avatar\/120f6fcae7b3b47a7730cb9943f612f4909f68ac5284b5f40ac1c4615fd70576?s=96&d=mm&r=g","caption":"Giurca Sorin"},"url":"https:\/\/urbeamea.ro\/albaiulia\/author\/sorin\/"}]}},"_links":{"self":[{"href":"https:\/\/urbeamea.ro\/albaiulia\/wp-json\/wp\/v2\/posts\/117453","targetHints":{"allow":["GET"]}}],"collection":[{"href":"https:\/\/urbeamea.ro\/albaiulia\/wp-json\/wp\/v2\/posts"}],"about":[{"href":"https:\/\/urbeamea.ro\/albaiulia\/wp-json\/wp\/v2\/types\/post"}],"author":[{"embeddable":true,"href":"https:\/\/urbeamea.ro\/albaiulia\/wp-json\/wp\/v2\/users\/28"}],"replies":[{"embeddable":true,"href":"https:\/\/urbeamea.ro\/albaiulia\/wp-json\/wp\/v2\/comments?post=117453"}],"version-history":[{"count":1,"href":"https:\/\/urbeamea.ro\/albaiulia\/wp-json\/wp\/v2\/posts\/117453\/revisions"}],"predecessor-version":[{"id":117459,"href":"https:\/\/urbeamea.ro\/albaiulia\/wp-json\/wp\/v2\/posts\/117453\/revisions\/117459"}],"wp:featuredmedia":[{"embeddable":true,"href":"https:\/\/urbeamea.ro\/albaiulia\/wp-json\/wp\/v2\/media\/117454"}],"wp:attachment":[{"href":"https:\/\/urbeamea.ro\/albaiulia\/wp-json\/wp\/v2\/media?parent=117453"}],"wp:term":[{"taxonomy":"category","embeddable":true,"href":"https:\/\/urbeamea.ro\/albaiulia\/wp-json\/wp\/v2\/categories?post=117453"},{"taxonomy":"post_tag","embeddable":true,"href":"https:\/\/urbeamea.ro\/albaiulia\/wp-json\/wp\/v2\/tags?post=117453"}],"curies":[{"name":"wp","href":"https:\/\/api.w.org\/{rel}","templated":true}]}}