{"id":117593,"date":"2025-05-16T08:58:39","date_gmt":"2025-05-16T05:58:39","guid":{"rendered":"https:\/\/urbeamea.ro\/albaiulia\/?p=117593"},"modified":"2025-05-16T08:58:41","modified_gmt":"2025-05-16T05:58:41","slug":"darius-iulian-breazu-elev-la-seminarul-teologic-ortodox-din-alba-iulia-premiul-i-la-etapa-nationala-a-olimpiadei-de-religie-pentru-seminarii-si-licee-ortodoxe","status":"publish","type":"post","link":"https:\/\/urbeamea.ro\/albaiulia\/darius-iulian-breazu-elev-la-seminarul-teologic-ortodox-din-alba-iulia-premiul-i-la-etapa-nationala-a-olimpiadei-de-religie-pentru-seminarii-si-licee-ortodoxe\/","title":{"rendered":"Darius Iulian Breazu, elev la Seminarul Teologic Ortodox din Alba Iulia, premiul I la etapa na\u021bional\u0103 a Olimpiadei de Religie pentru Seminarii \u0219i Licee Ortodoxe"},"content":{"rendered":"\n<p>Cu <strong>binecuv\u00e2ntarea Preafericitului P\u0103rinte Patriarh Daniel, \u00een perioada 7-11 mai 2025, a avut loc faza na\u021bional\u0103 a Olimpiadei de Religie pentru Seminarii \u0219i Licee Ortodoxe. <\/strong><\/p>\n\n\n\n<p>Evenimentul, derulat \u00een municipiul Bucure\u0219ti, a reunit 111 elevi din \u00eentreaga \u021bar\u0103, proveni\u021bi de la unit\u0103\u021bile de \u00eenv\u0103\u021b\u0103m\u00e2nt cu profil teologic. <\/p>\n\n\n\n<p>\u00centr-o ambian\u021b\u0103 academic\u0103 \u0219i duhovniceasc\u0103 deopotriv\u0103, manifestarea a oferit un cadru de excelen\u021b\u0103 pentru dialogul credin\u021bei \u0219i al cunoa\u0219terii teologice. <\/p>\n\n\n\n<p>La aceast\u0103 competi\u021bie, Seminarul Teologic Ortodox \u201eSf\u00e2ntul Simion \u0218tefan\u201d din Alba Iulia a fost reprezentat cu cinste de patru elevi din clasele de Teologie Pastoral\u0103.<\/p>\n\n\n\n<p>Dintre tinerii elevi seminari\u0219ti prezen\u021bi la faza na\u021bional\u0103 a Olimpiadei de Religie pentru Seminarii \u0219i Licee Ortodoxe, s-a remarcat \u00een mod deosebit elevul Darius Iulian Breazu, din clasa a XII-a A, care a ob\u021binut \ud835\uddfd\ud835\uddff\ud835\uddf2\ud835\uddfa\ud835\uddf6\ud835\ude02\ud835\uddf9 \ud835\udddc, cu nota 9,50, la disciplina Teologie Dogmatic\u0103 Ortodox\u0103, fiind o realizare excep\u021bional\u0103 ce \u00eencununeaz\u0103 efortul, d\u0103ruirea \u0219i seriozitatea \u00een studiu a t\u00e2n\u0103rului elev.<\/p>\n\n\n\n<p> Darius Iulian Breazu s-a aflat sub \u00eendrumarea p\u0103rintelui prof. dr. Eugen Pintea, titularul catedrei de Teologie Dogmatic\u0103 Ortodox\u0103, rezultatul ob\u021binut confirm\u00e2nd \u00eenc\u0103 o dat\u0103 excelen\u021ba academic\u0103 ce caracterizeaz\u0103 \u00eenv\u0103\u021b\u0103m\u00e2ntul teologic albaiulian.<\/p>\n\n\n\n<figure class=\"wp-block-image size-large\"><img loading=\"lazy\" decoding=\"async\" width=\"906\" height=\"1280\" src=\"https:\/\/urbeamea.ro\/albaiulia\/wp-content\/uploads\/2025\/05\/1000037697-906x1280.jpg\" alt=\"\" class=\"wp-image-117594\" srcset=\"https:\/\/urbeamea.ro\/albaiulia\/wp-content\/uploads\/2025\/05\/1000037697-906x1280.jpg 906w, https:\/\/urbeamea.ro\/albaiulia\/wp-content\/uploads\/2025\/05\/1000037697-453x640.jpg 453w, https:\/\/urbeamea.ro\/albaiulia\/wp-content\/uploads\/2025\/05\/1000037697-106x150.jpg 106w, https:\/\/urbeamea.ro\/albaiulia\/wp-content\/uploads\/2025\/05\/1000037697-768x1084.jpg 768w, https:\/\/urbeamea.ro\/albaiulia\/wp-content\/uploads\/2025\/05\/1000037697.jpg 1080w\" sizes=\"auto, (max-width: 906px) 100vw, 906px\" \/><\/figure>\n\n\n\n<figure class=\"wp-block-image size-large\"><img loading=\"lazy\" decoding=\"async\" width=\"960\" height=\"1280\" src=\"https:\/\/urbeamea.ro\/albaiulia\/wp-content\/uploads\/2025\/05\/1000037696-960x1280.jpg\" alt=\"\" class=\"wp-image-117595\" srcset=\"https:\/\/urbeamea.ro\/albaiulia\/wp-content\/uploads\/2025\/05\/1000037696-960x1280.jpg 960w, https:\/\/urbeamea.ro\/albaiulia\/wp-content\/uploads\/2025\/05\/1000037696-480x640.jpg 480w, https:\/\/urbeamea.ro\/albaiulia\/wp-content\/uploads\/2025\/05\/1000037696-113x150.jpg 113w, https:\/\/urbeamea.ro\/albaiulia\/wp-content\/uploads\/2025\/05\/1000037696-768x1024.jpg 768w, https:\/\/urbeamea.ro\/albaiulia\/wp-content\/uploads\/2025\/05\/1000037696.jpg 1080w\" sizes=\"auto, (max-width: 960px) 100vw, 960px\" \/><\/figure>\n\n\n\n<p><\/p>\n\n\n\n<p><\/p>\n","protected":false},"excerpt":{"rendered":"<p>Cu binecuv\u00e2ntarea Preafericitului P\u0103rinte Patriarh Daniel, \u00een perioada 7-11 mai 2025, a avut loc faza na\u021bional\u0103 a Olimpiadei de Religie pentru Seminarii \u0219i Licee Ortodoxe. Evenimentul, derulat \u00een municipiul Bucure\u0219ti, a reunit 111 elevi din \u00eentreaga \u021bar\u0103, proveni\u021bi de la unit\u0103\u021bile de \u00eenv\u0103\u021b\u0103m\u00e2nt cu profil teologic. \u00centr-o ambian\u021b\u0103 academic\u0103 \u0219i duhovniceasc\u0103 deopotriv\u0103, manifestarea a oferit &hellip;<\/p>\n","protected":false},"author":28,"featured_media":117595,"comment_status":"open","ping_status":"open","sticky":false,"template":"","format":"standard","meta":{"inline_featured_image":false,"footnotes":""},"categories":[2039,2034,1,16344],"tags":[25275,4697],"class_list":["post-117593","post","type-post","status-publish","format-standard","has-post-thumbnail","hentry","category-educatie","category-social","category-stiri-urbane","category-urbea-mea","tag-olimpiada-religie","tag-seminarul-teologic-ortodox-sfantul-simion-stefan"],"yoast_head":"<!-- This site is optimized with the Yoast SEO plugin v27.4 - https:\/\/yoast.com\/product\/yoast-seo-wordpress\/ -->\n<title>Darius Iulian Breazu, elev la Seminarul Teologic Ortodox din Alba Iulia, premiul I la etapa na\u021bional\u0103 a Olimpiadei de Religie pentru Seminarii \u0219i Licee Ortodoxe - Revista Urbea Mea - Revista de Alba<\/title>\n<meta name=\"description\" content=\"Cu binecuv\u00e2ntarea Preafericitului P\u0103rinte Patriarh Daniel, \u00een perioada 7-11 mai 2025, a avut loc faza na\u021bional\u0103 a Olimpiadei de Religie pentru Seminarii\" \/>\n<meta name=\"robots\" content=\"index, follow, max-snippet:-1, max-image-preview:large, max-video-preview:-1\" \/>\n<link rel=\"canonical\" href=\"https:\/\/urbeamea.ro\/albaiulia\/darius-iulian-breazu-elev-la-seminarul-teologic-ortodox-din-alba-iulia-premiul-i-la-etapa-nationala-a-olimpiadei-de-religie-pentru-seminarii-si-licee-ortodoxe\/\" \/>\n<meta name=\"twitter:card\" content=\"summary_large_image\" \/>\n<meta name=\"twitter:title\" content=\"Darius Iulian Breazu, elev la Seminarul Teologic Ortodox din Alba Iulia, premiul I la etapa na\u021bional\u0103 a Olimpiadei de Religie pentru Seminarii \u0219i Licee Ortodoxe - Revista Urbea Mea - Revista de Alba\" \/>\n<meta name=\"twitter:description\" content=\"Cu binecuv\u00e2ntarea Preafericitului P\u0103rinte Patriarh Daniel, \u00een perioada 7-11 mai 2025, a avut loc faza na\u021bional\u0103 a Olimpiadei de Religie pentru Seminarii\" \/>\n<meta name=\"twitter:image\" content=\"https:\/\/urbeamea.ro\/albaiulia\/wp-content\/uploads\/2025\/05\/1000037696.jpg\" \/>\n<meta name=\"twitter:creator\" content=\"@urbeameaweb\" \/>\n<meta name=\"twitter:site\" content=\"@urbeameaweb\" \/>\n<script type=\"application\/ld+json\" class=\"yoast-schema-graph\">{\"@context\":\"https:\\\/\\\/schema.org\",\"@graph\":[{\"@type\":\"Article\",\"@id\":\"https:\\\/\\\/urbeamea.ro\\\/albaiulia\\\/darius-iulian-breazu-elev-la-seminarul-teologic-ortodox-din-alba-iulia-premiul-i-la-etapa-nationala-a-olimpiadei-de-religie-pentru-seminarii-si-licee-ortodoxe\\\/#article\",\"isPartOf\":{\"@id\":\"https:\\\/\\\/urbeamea.ro\\\/albaiulia\\\/darius-iulian-breazu-elev-la-seminarul-teologic-ortodox-din-alba-iulia-premiul-i-la-etapa-nationala-a-olimpiadei-de-religie-pentru-seminarii-si-licee-ortodoxe\\\/\"},\"author\":{\"name\":\"Giurca Sorin\",\"@id\":\"https:\\\/\\\/urbeamea.ro\\\/albaiulia\\\/#\\\/schema\\\/person\\\/5db3854ac38c1cc9f0ab4092d6a20f02\"},\"headline\":\"Darius Iulian Breazu, elev la Seminarul Teologic Ortodox din Alba Iulia, premiul I la etapa na\u021bional\u0103 a Olimpiadei de Religie pentru Seminarii \u0219i Licee Ortodoxe\",\"datePublished\":\"2025-05-16T05:58:39+00:00\",\"dateModified\":\"2025-05-16T05:58:41+00:00\",\"mainEntityOfPage\":{\"@id\":\"https:\\\/\\\/urbeamea.ro\\\/albaiulia\\\/darius-iulian-breazu-elev-la-seminarul-teologic-ortodox-din-alba-iulia-premiul-i-la-etapa-nationala-a-olimpiadei-de-religie-pentru-seminarii-si-licee-ortodoxe\\\/\"},\"wordCount\":228,\"commentCount\":0,\"image\":{\"@id\":\"https:\\\/\\\/urbeamea.ro\\\/albaiulia\\\/darius-iulian-breazu-elev-la-seminarul-teologic-ortodox-din-alba-iulia-premiul-i-la-etapa-nationala-a-olimpiadei-de-religie-pentru-seminarii-si-licee-ortodoxe\\\/#primaryimage\"},\"thumbnailUrl\":\"https:\\\/\\\/urbeamea.ro\\\/albaiulia\\\/wp-content\\\/uploads\\\/2025\\\/05\\\/1000037696.jpg\",\"keywords\":[\"Olimpiada religie\",\"Seminarul Teologic Ortodox \u201cSf\u00e2ntul Simion \u0218tefan\u201d\"],\"articleSection\":[\"Educa\u021bie\",\"Social\",\"\u015etiri Urbane\",\"Urbea Mea\"],\"inLanguage\":\"ro-RO\",\"potentialAction\":[{\"@type\":\"CommentAction\",\"name\":\"Comment\",\"target\":[\"https:\\\/\\\/urbeamea.ro\\\/albaiulia\\\/darius-iulian-breazu-elev-la-seminarul-teologic-ortodox-din-alba-iulia-premiul-i-la-etapa-nationala-a-olimpiadei-de-religie-pentru-seminarii-si-licee-ortodoxe\\\/#respond\"]}]},{\"@type\":\"WebPage\",\"@id\":\"https:\\\/\\\/urbeamea.ro\\\/albaiulia\\\/darius-iulian-breazu-elev-la-seminarul-teologic-ortodox-din-alba-iulia-premiul-i-la-etapa-nationala-a-olimpiadei-de-religie-pentru-seminarii-si-licee-ortodoxe\\\/\",\"url\":\"https:\\\/\\\/urbeamea.ro\\\/albaiulia\\\/darius-iulian-breazu-elev-la-seminarul-teologic-ortodox-din-alba-iulia-premiul-i-la-etapa-nationala-a-olimpiadei-de-religie-pentru-seminarii-si-licee-ortodoxe\\\/\",\"name\":\"Darius Iulian Breazu, elev la Seminarul Teologic Ortodox din Alba Iulia, premiul I la etapa na\u021bional\u0103 a Olimpiadei de Religie pentru Seminarii \u0219i Licee Ortodoxe - Revista Urbea Mea - Revista de Alba\",\"isPartOf\":{\"@id\":\"https:\\\/\\\/urbeamea.ro\\\/albaiulia\\\/#website\"},\"primaryImageOfPage\":{\"@id\":\"https:\\\/\\\/urbeamea.ro\\\/albaiulia\\\/darius-iulian-breazu-elev-la-seminarul-teologic-ortodox-din-alba-iulia-premiul-i-la-etapa-nationala-a-olimpiadei-de-religie-pentru-seminarii-si-licee-ortodoxe\\\/#primaryimage\"},\"image\":{\"@id\":\"https:\\\/\\\/urbeamea.ro\\\/albaiulia\\\/darius-iulian-breazu-elev-la-seminarul-teologic-ortodox-din-alba-iulia-premiul-i-la-etapa-nationala-a-olimpiadei-de-religie-pentru-seminarii-si-licee-ortodoxe\\\/#primaryimage\"},\"thumbnailUrl\":\"https:\\\/\\\/urbeamea.ro\\\/albaiulia\\\/wp-content\\\/uploads\\\/2025\\\/05\\\/1000037696.jpg\",\"datePublished\":\"2025-05-16T05:58:39+00:00\",\"dateModified\":\"2025-05-16T05:58:41+00:00\",\"author\":{\"@id\":\"https:\\\/\\\/urbeamea.ro\\\/albaiulia\\\/#\\\/schema\\\/person\\\/5db3854ac38c1cc9f0ab4092d6a20f02\"},\"description\":\"Cu binecuv\u00e2ntarea Preafericitului P\u0103rinte Patriarh Daniel, \u00een perioada 7-11 mai 2025, a avut loc faza na\u021bional\u0103 a Olimpiadei de Religie pentru Seminarii\",\"breadcrumb\":{\"@id\":\"https:\\\/\\\/urbeamea.ro\\\/albaiulia\\\/darius-iulian-breazu-elev-la-seminarul-teologic-ortodox-din-alba-iulia-premiul-i-la-etapa-nationala-a-olimpiadei-de-religie-pentru-seminarii-si-licee-ortodoxe\\\/#breadcrumb\"},\"inLanguage\":\"ro-RO\",\"potentialAction\":[{\"@type\":\"ReadAction\",\"target\":[\"https:\\\/\\\/urbeamea.ro\\\/albaiulia\\\/darius-iulian-breazu-elev-la-seminarul-teologic-ortodox-din-alba-iulia-premiul-i-la-etapa-nationala-a-olimpiadei-de-religie-pentru-seminarii-si-licee-ortodoxe\\\/\"]}]},{\"@type\":\"ImageObject\",\"inLanguage\":\"ro-RO\",\"@id\":\"https:\\\/\\\/urbeamea.ro\\\/albaiulia\\\/darius-iulian-breazu-elev-la-seminarul-teologic-ortodox-din-alba-iulia-premiul-i-la-etapa-nationala-a-olimpiadei-de-religie-pentru-seminarii-si-licee-ortodoxe\\\/#primaryimage\",\"url\":\"https:\\\/\\\/urbeamea.ro\\\/albaiulia\\\/wp-content\\\/uploads\\\/2025\\\/05\\\/1000037696.jpg\",\"contentUrl\":\"https:\\\/\\\/urbeamea.ro\\\/albaiulia\\\/wp-content\\\/uploads\\\/2025\\\/05\\\/1000037696.jpg\",\"width\":1080,\"height\":1440},{\"@type\":\"BreadcrumbList\",\"@id\":\"https:\\\/\\\/urbeamea.ro\\\/albaiulia\\\/darius-iulian-breazu-elev-la-seminarul-teologic-ortodox-din-alba-iulia-premiul-i-la-etapa-nationala-a-olimpiadei-de-religie-pentru-seminarii-si-licee-ortodoxe\\\/#breadcrumb\",\"itemListElement\":[{\"@type\":\"ListItem\",\"position\":1,\"name\":\"Prima pagin\u0103\",\"item\":\"https:\\\/\\\/urbeamea.ro\\\/albaiulia\\\/\"},{\"@type\":\"ListItem\",\"position\":2,\"name\":\"Darius Iulian Breazu, elev la Seminarul Teologic Ortodox din Alba Iulia, premiul I la etapa na\u021bional\u0103 a Olimpiadei de Religie pentru Seminarii \u0219i Licee Ortodoxe\"}]},{\"@type\":\"WebSite\",\"@id\":\"https:\\\/\\\/urbeamea.ro\\\/albaiulia\\\/#website\",\"url\":\"https:\\\/\\\/urbeamea.ro\\\/albaiulia\\\/\",\"name\":\"Revista Urbea Mea, Stiri urbane\",\"description\":\"Evenimente \u0219i \u0219tiri din Alba Iulia, Sebe\u0219, Aiud, Blaj\",\"potentialAction\":[{\"@type\":\"SearchAction\",\"target\":{\"@type\":\"EntryPoint\",\"urlTemplate\":\"https:\\\/\\\/urbeamea.ro\\\/albaiulia\\\/?s={search_term_string}\"},\"query-input\":{\"@type\":\"PropertyValueSpecification\",\"valueRequired\":true,\"valueName\":\"search_term_string\"}}],\"inLanguage\":\"ro-RO\"},{\"@type\":\"Person\",\"@id\":\"https:\\\/\\\/urbeamea.ro\\\/albaiulia\\\/#\\\/schema\\\/person\\\/5db3854ac38c1cc9f0ab4092d6a20f02\",\"name\":\"Giurca Sorin\",\"image\":{\"@type\":\"ImageObject\",\"inLanguage\":\"ro-RO\",\"@id\":\"https:\\\/\\\/secure.gravatar.com\\\/avatar\\\/120f6fcae7b3b47a7730cb9943f612f4909f68ac5284b5f40ac1c4615fd70576?s=96&d=mm&r=g\",\"url\":\"https:\\\/\\\/secure.gravatar.com\\\/avatar\\\/120f6fcae7b3b47a7730cb9943f612f4909f68ac5284b5f40ac1c4615fd70576?s=96&d=mm&r=g\",\"contentUrl\":\"https:\\\/\\\/secure.gravatar.com\\\/avatar\\\/120f6fcae7b3b47a7730cb9943f612f4909f68ac5284b5f40ac1c4615fd70576?s=96&d=mm&r=g\",\"caption\":\"Giurca Sorin\"},\"url\":\"https:\\\/\\\/urbeamea.ro\\\/albaiulia\\\/author\\\/sorin\\\/\"}]}<\/script>\n<!-- \/ Yoast SEO plugin. -->","yoast_head_json":{"title":"Darius Iulian Breazu, elev la Seminarul Teologic Ortodox din Alba Iulia, premiul I la etapa na\u021bional\u0103 a Olimpiadei de Religie pentru Seminarii \u0219i Licee Ortodoxe - Revista Urbea Mea - Revista de Alba","description":"Cu binecuv\u00e2ntarea Preafericitului P\u0103rinte Patriarh Daniel, \u00een perioada 7-11 mai 2025, a avut loc faza na\u021bional\u0103 a Olimpiadei de Religie pentru Seminarii","robots":{"index":"index","follow":"follow","max-snippet":"max-snippet:-1","max-image-preview":"max-image-preview:large","max-video-preview":"max-video-preview:-1"},"canonical":"https:\/\/urbeamea.ro\/albaiulia\/darius-iulian-breazu-elev-la-seminarul-teologic-ortodox-din-alba-iulia-premiul-i-la-etapa-nationala-a-olimpiadei-de-religie-pentru-seminarii-si-licee-ortodoxe\/","twitter_card":"summary_large_image","twitter_title":"Darius Iulian Breazu, elev la Seminarul Teologic Ortodox din Alba Iulia, premiul I la etapa na\u021bional\u0103 a Olimpiadei de Religie pentru Seminarii \u0219i Licee Ortodoxe - Revista Urbea Mea - Revista de Alba","twitter_description":"Cu binecuv\u00e2ntarea Preafericitului P\u0103rinte Patriarh Daniel, \u00een perioada 7-11 mai 2025, a avut loc faza na\u021bional\u0103 a Olimpiadei de Religie pentru Seminarii","twitter_image":"https:\/\/urbeamea.ro\/albaiulia\/wp-content\/uploads\/2025\/05\/1000037696.jpg","twitter_creator":"@urbeameaweb","twitter_site":"@urbeameaweb","schema":{"@context":"https:\/\/schema.org","@graph":[{"@type":"Article","@id":"https:\/\/urbeamea.ro\/albaiulia\/darius-iulian-breazu-elev-la-seminarul-teologic-ortodox-din-alba-iulia-premiul-i-la-etapa-nationala-a-olimpiadei-de-religie-pentru-seminarii-si-licee-ortodoxe\/#article","isPartOf":{"@id":"https:\/\/urbeamea.ro\/albaiulia\/darius-iulian-breazu-elev-la-seminarul-teologic-ortodox-din-alba-iulia-premiul-i-la-etapa-nationala-a-olimpiadei-de-religie-pentru-seminarii-si-licee-ortodoxe\/"},"author":{"name":"Giurca Sorin","@id":"https:\/\/urbeamea.ro\/albaiulia\/#\/schema\/person\/5db3854ac38c1cc9f0ab4092d6a20f02"},"headline":"Darius Iulian Breazu, elev la Seminarul Teologic Ortodox din Alba Iulia, premiul I la etapa na\u021bional\u0103 a Olimpiadei de Religie pentru Seminarii \u0219i Licee Ortodoxe","datePublished":"2025-05-16T05:58:39+00:00","dateModified":"2025-05-16T05:58:41+00:00","mainEntityOfPage":{"@id":"https:\/\/urbeamea.ro\/albaiulia\/darius-iulian-breazu-elev-la-seminarul-teologic-ortodox-din-alba-iulia-premiul-i-la-etapa-nationala-a-olimpiadei-de-religie-pentru-seminarii-si-licee-ortodoxe\/"},"wordCount":228,"commentCount":0,"image":{"@id":"https:\/\/urbeamea.ro\/albaiulia\/darius-iulian-breazu-elev-la-seminarul-teologic-ortodox-din-alba-iulia-premiul-i-la-etapa-nationala-a-olimpiadei-de-religie-pentru-seminarii-si-licee-ortodoxe\/#primaryimage"},"thumbnailUrl":"https:\/\/urbeamea.ro\/albaiulia\/wp-content\/uploads\/2025\/05\/1000037696.jpg","keywords":["Olimpiada religie","Seminarul Teologic Ortodox \u201cSf\u00e2ntul Simion \u0218tefan\u201d"],"articleSection":["Educa\u021bie","Social","\u015etiri Urbane","Urbea Mea"],"inLanguage":"ro-RO","potentialAction":[{"@type":"CommentAction","name":"Comment","target":["https:\/\/urbeamea.ro\/albaiulia\/darius-iulian-breazu-elev-la-seminarul-teologic-ortodox-din-alba-iulia-premiul-i-la-etapa-nationala-a-olimpiadei-de-religie-pentru-seminarii-si-licee-ortodoxe\/#respond"]}]},{"@type":"WebPage","@id":"https:\/\/urbeamea.ro\/albaiulia\/darius-iulian-breazu-elev-la-seminarul-teologic-ortodox-din-alba-iulia-premiul-i-la-etapa-nationala-a-olimpiadei-de-religie-pentru-seminarii-si-licee-ortodoxe\/","url":"https:\/\/urbeamea.ro\/albaiulia\/darius-iulian-breazu-elev-la-seminarul-teologic-ortodox-din-alba-iulia-premiul-i-la-etapa-nationala-a-olimpiadei-de-religie-pentru-seminarii-si-licee-ortodoxe\/","name":"Darius Iulian Breazu, elev la Seminarul Teologic Ortodox din Alba Iulia, premiul I la etapa na\u021bional\u0103 a Olimpiadei de Religie pentru Seminarii \u0219i Licee Ortodoxe - Revista Urbea Mea - Revista de Alba","isPartOf":{"@id":"https:\/\/urbeamea.ro\/albaiulia\/#website"},"primaryImageOfPage":{"@id":"https:\/\/urbeamea.ro\/albaiulia\/darius-iulian-breazu-elev-la-seminarul-teologic-ortodox-din-alba-iulia-premiul-i-la-etapa-nationala-a-olimpiadei-de-religie-pentru-seminarii-si-licee-ortodoxe\/#primaryimage"},"image":{"@id":"https:\/\/urbeamea.ro\/albaiulia\/darius-iulian-breazu-elev-la-seminarul-teologic-ortodox-din-alba-iulia-premiul-i-la-etapa-nationala-a-olimpiadei-de-religie-pentru-seminarii-si-licee-ortodoxe\/#primaryimage"},"thumbnailUrl":"https:\/\/urbeamea.ro\/albaiulia\/wp-content\/uploads\/2025\/05\/1000037696.jpg","datePublished":"2025-05-16T05:58:39+00:00","dateModified":"2025-05-16T05:58:41+00:00","author":{"@id":"https:\/\/urbeamea.ro\/albaiulia\/#\/schema\/person\/5db3854ac38c1cc9f0ab4092d6a20f02"},"description":"Cu binecuv\u00e2ntarea Preafericitului P\u0103rinte Patriarh Daniel, \u00een perioada 7-11 mai 2025, a avut loc faza na\u021bional\u0103 a Olimpiadei de Religie pentru Seminarii","breadcrumb":{"@id":"https:\/\/urbeamea.ro\/albaiulia\/darius-iulian-breazu-elev-la-seminarul-teologic-ortodox-din-alba-iulia-premiul-i-la-etapa-nationala-a-olimpiadei-de-religie-pentru-seminarii-si-licee-ortodoxe\/#breadcrumb"},"inLanguage":"ro-RO","potentialAction":[{"@type":"ReadAction","target":["https:\/\/urbeamea.ro\/albaiulia\/darius-iulian-breazu-elev-la-seminarul-teologic-ortodox-din-alba-iulia-premiul-i-la-etapa-nationala-a-olimpiadei-de-religie-pentru-seminarii-si-licee-ortodoxe\/"]}]},{"@type":"ImageObject","inLanguage":"ro-RO","@id":"https:\/\/urbeamea.ro\/albaiulia\/darius-iulian-breazu-elev-la-seminarul-teologic-ortodox-din-alba-iulia-premiul-i-la-etapa-nationala-a-olimpiadei-de-religie-pentru-seminarii-si-licee-ortodoxe\/#primaryimage","url":"https:\/\/urbeamea.ro\/albaiulia\/wp-content\/uploads\/2025\/05\/1000037696.jpg","contentUrl":"https:\/\/urbeamea.ro\/albaiulia\/wp-content\/uploads\/2025\/05\/1000037696.jpg","width":1080,"height":1440},{"@type":"BreadcrumbList","@id":"https:\/\/urbeamea.ro\/albaiulia\/darius-iulian-breazu-elev-la-seminarul-teologic-ortodox-din-alba-iulia-premiul-i-la-etapa-nationala-a-olimpiadei-de-religie-pentru-seminarii-si-licee-ortodoxe\/#breadcrumb","itemListElement":[{"@type":"ListItem","position":1,"name":"Prima pagin\u0103","item":"https:\/\/urbeamea.ro\/albaiulia\/"},{"@type":"ListItem","position":2,"name":"Darius Iulian Breazu, elev la Seminarul Teologic Ortodox din Alba Iulia, premiul I la etapa na\u021bional\u0103 a Olimpiadei de Religie pentru Seminarii \u0219i Licee Ortodoxe"}]},{"@type":"WebSite","@id":"https:\/\/urbeamea.ro\/albaiulia\/#website","url":"https:\/\/urbeamea.ro\/albaiulia\/","name":"Revista Urbea Mea, Stiri urbane","description":"Evenimente \u0219i \u0219tiri din Alba Iulia, Sebe\u0219, Aiud, Blaj","potentialAction":[{"@type":"SearchAction","target":{"@type":"EntryPoint","urlTemplate":"https:\/\/urbeamea.ro\/albaiulia\/?s={search_term_string}"},"query-input":{"@type":"PropertyValueSpecification","valueRequired":true,"valueName":"search_term_string"}}],"inLanguage":"ro-RO"},{"@type":"Person","@id":"https:\/\/urbeamea.ro\/albaiulia\/#\/schema\/person\/5db3854ac38c1cc9f0ab4092d6a20f02","name":"Giurca Sorin","image":{"@type":"ImageObject","inLanguage":"ro-RO","@id":"https:\/\/secure.gravatar.com\/avatar\/120f6fcae7b3b47a7730cb9943f612f4909f68ac5284b5f40ac1c4615fd70576?s=96&d=mm&r=g","url":"https:\/\/secure.gravatar.com\/avatar\/120f6fcae7b3b47a7730cb9943f612f4909f68ac5284b5f40ac1c4615fd70576?s=96&d=mm&r=g","contentUrl":"https:\/\/secure.gravatar.com\/avatar\/120f6fcae7b3b47a7730cb9943f612f4909f68ac5284b5f40ac1c4615fd70576?s=96&d=mm&r=g","caption":"Giurca Sorin"},"url":"https:\/\/urbeamea.ro\/albaiulia\/author\/sorin\/"}]}},"_links":{"self":[{"href":"https:\/\/urbeamea.ro\/albaiulia\/wp-json\/wp\/v2\/posts\/117593","targetHints":{"allow":["GET"]}}],"collection":[{"href":"https:\/\/urbeamea.ro\/albaiulia\/wp-json\/wp\/v2\/posts"}],"about":[{"href":"https:\/\/urbeamea.ro\/albaiulia\/wp-json\/wp\/v2\/types\/post"}],"author":[{"embeddable":true,"href":"https:\/\/urbeamea.ro\/albaiulia\/wp-json\/wp\/v2\/users\/28"}],"replies":[{"embeddable":true,"href":"https:\/\/urbeamea.ro\/albaiulia\/wp-json\/wp\/v2\/comments?post=117593"}],"version-history":[{"count":1,"href":"https:\/\/urbeamea.ro\/albaiulia\/wp-json\/wp\/v2\/posts\/117593\/revisions"}],"predecessor-version":[{"id":117596,"href":"https:\/\/urbeamea.ro\/albaiulia\/wp-json\/wp\/v2\/posts\/117593\/revisions\/117596"}],"wp:featuredmedia":[{"embeddable":true,"href":"https:\/\/urbeamea.ro\/albaiulia\/wp-json\/wp\/v2\/media\/117595"}],"wp:attachment":[{"href":"https:\/\/urbeamea.ro\/albaiulia\/wp-json\/wp\/v2\/media?parent=117593"}],"wp:term":[{"taxonomy":"category","embeddable":true,"href":"https:\/\/urbeamea.ro\/albaiulia\/wp-json\/wp\/v2\/categories?post=117593"},{"taxonomy":"post_tag","embeddable":true,"href":"https:\/\/urbeamea.ro\/albaiulia\/wp-json\/wp\/v2\/tags?post=117593"}],"curies":[{"name":"wp","href":"https:\/\/api.w.org\/{rel}","templated":true}]}}