{"id":117621,"date":"2025-05-19T16:44:48","date_gmt":"2025-05-19T13:44:48","guid":{"rendered":"https:\/\/urbeamea.ro\/albaiulia\/?p=117621"},"modified":"2025-05-19T16:44:49","modified_gmt":"2025-05-19T13:44:49","slug":"porti-deschise-la-sediul-administrativ-al-judetului-alba","status":"publish","type":"post","link":"https:\/\/urbeamea.ro\/albaiulia\/porti-deschise-la-sediul-administrativ-al-judetului-alba\/","title":{"rendered":"Por\u021bi deschise la Sediul Administrativ al Jude\u021bului Alba"},"content":{"rendered":"\n<p><strong>\ud835\udda4\ud835\uddbd\ud835\uddc2\ud835\uddcd\ud835\uddc2\ud835\uddbe \ud835\uddcc\ud835\uddc9\ud835\uddbe\ud835\uddbc\ud835\uddc2\ud835\uddba\ud835\uddc5\ud835\uddba \ud835\uddbd\ud835\uddbe\ud835\uddbd\ud835\uddc2\ud835\uddbc\ud835\uddba\ud835\uddcd\ud835\uddba ,,NOP\u021aII MUZEELOR\u201d, \ud835\uddbe\ud835\uddcf\ud835\uddbe\ud835\uddc7\ud835\uddc2\ud835\uddc6\ud835\uddbe\ud835\uddc7\ud835\uddcd\ud835\uddce\ud835\uddc5\ud835\uddce\ud835\uddc2 \ud835\uddba\ud835\uddc7\ud835\uddce\ud835\uddba\ud835\uddc5 \ud835\uddbc\ud835\uddce\ud835\uddc5\ud835\uddcd\ud835\uddce\ud835\uddcb\ud835\uddba\ud835\uddc5 \ud835\uddc9\ud835\uddba\ud835\uddcd\ud835\uddcb\ud835\uddc8\ud835\uddc7\ud835\uddba\ud835\uddcd \ud835\uddbd\ud835\uddbe \ud835\udda2\ud835\uddc8\ud835\uddc7\ud835\uddcc\ud835\uddc2\ud835\uddc5\ud835\uddc2\ud835\uddce\ud835\uddc5 \ud835\udda4\ud835\uddce\ud835\uddcb\ud835\uddc8\ud835\uddc9\ud835\uddbe\ud835\uddc2, \ud835\uddbd\ud835\uddbe \ud835\uddb4\ud835\uddad\ud835\udda4\ud835\uddb2\ud835\udda2\ud835\uddae \ud835\uddcc\ud835\uddc2 \ud835\uddbd\ud835\uddbe \ud835\udda2\ud835\uddc8\ud835\uddc7\ud835\uddcc\ud835\uddc2\ud835\uddc5\ud835\uddc2\ud835\uddce\ud835\uddc5 \ud835\udda8\ud835\uddc7\ud835\uddcd\ud835\uddbe\ud835\uddcb\ud835\uddc7\ud835\uddba\ud835\uddcd\ud835\uddc2\ud835\uddc8\ud835\uddc7\ud835\uddba\ud835\uddc5 \ud835\uddba\ud835\uddc5 \ud835\uddac\ud835\uddce\ud835\uddd3\ud835\uddbe\ud835\uddbe\ud835\uddc5\ud835\uddc8\ud835\uddcb (\ud835\udda8\ud835\udda2\ud835\uddae\ud835\uddac)<\/strong><\/p>\n\n\n\n<p><strong>S\u00e2mb\u0103t\u0103, 17 mai 2025, Sediul Administrativ al Jude\u021bului Alba a devenit, pentru c\u00e2teva ore, o poart\u0103 deschis\u0103 spre trecutul artistic, istoric \u0219i etnografic al regiunii, oferind publicului o experien\u021b\u0103 cultural\u0103 unic\u0103, \u00een cadrul unei edi\u021bii speciale dedicate Nop\u021bii Muzeelor.<\/strong><\/p>\n\n\n\n<p>Evenimentul, organizat de Consiliul Jude\u021bean Alba, Centrul de Cultur\u0103 \u201eAugustin Bena\u201d \u0219i Muzeul Na\u021bional al Unirii Alba Iulia, a transformat un spa\u021biu institu\u021bional \u00eentr-un veritabil muzeu viu, unde vizitatorii au fost invita\u021bi s\u0103 exploreze bog\u0103\u021bia patrimoniului local \u00eentr-o sear\u0103 marcat\u0103 de diversitate artistic\u0103 \u0219i reconstituiri spectaculoase.<\/p>\n\n\n\n<p>Seara a debutat cu o incursiune \u00een arta contemporan\u0103 prin expozi\u021bia de pictur\u0103 \u0219i sculptur\u0103 deschis\u0103 \u00eentre orele 18:00 \u0219i 23:00 (expozi\u021bia permanent\u01ce de la Sediul Administrativ al Jude\u021bului Alba).<\/p>\n\n\n\n<p>Unul dintre punctele culminante ale serii a fost expozi\u021bia \u201eGlass Nouveau.<\/p>\n\n\n\n<p> Oglinzile lui Cristian Anghelescu\u201d, unde oglinzile vitrate au devenit portaluri c\u0103tre lumi delicate \u0219i simbolice, \u00eentr-o interpretare personal\u0103 a stilului Art Nouveau.<\/p>\n\n\n\n<p>La ora 20:30, istoria a prins via\u021b\u0103 prin reconstituirea \u201eUn destin la marginea imperiului: Povestea centurionului Lucius Aninius Firminus\u201d, care a readus \u00een actualitate figura unui important lider militar al Legiunii a XIII-a Gemina, \u00eentr-un moment emo\u021bionant \u0219i educativ legat de situl \u201eFrontierele Imperiului Roman\u201d, parte din patrimoniul UNESCO.<\/p>\n\n\n\n<p>Paralel cu activit\u0103\u021bile de la sediul administrativ, Centrul Etnografic al Jude\u021bului Alba a oferit vizitatorilor o privire asupra patrimoniului rural al jude\u021bului. <\/p>\n\n\n\n<p>Expozi\u021bia \u201ePlante vechi, La Belle \u00c9poque \u0219i ierbarul lui Adalbert Cserni\u201d a \u00eembinat botanica, \u0219tiin\u021ba \u0219i estetic \u00eentr-un omagiu adus cercet\u0103rii de alt\u0103dat\u0103.<\/p>\n\n\n\n<p>De asemenea, atelierele de crea\u021bie artistic\u0103 \u0219i me\u0219te\u0219uguri tradi\u021bionale \u2013 de la ol\u0103rit \u0219i prelucrarea lemnului, la cus\u0103turi \u0219i arte decorative \u2013 au adus laolalt\u0103 genera\u021bii diferite \u00eentr-un dialog direct cu patrimoniul imaterial al zonei.<\/p>\n\n\n\n<p>Tinerii muzicieni din Fanfara Transilvania Junior au completat atmosfera festiv\u0103, oferind un recital plin de energie \u0219i pasiune.<\/p>\n\n\n\n<p>Seara s-a \u00eencheiat \u00een for\u021b\u0103 cu concertul \u201eSymphony Rock \u2013 Coincidentia Oppositorum\u201d, o fuziune spectaculoas\u0103 \u00eentre muzica simfonic\u0103 \u0219i rock.<\/p>\n\n\n\n<p> Arti\u0219tii au demonstrat c\u0103 opozi\u021biile se pot armoniza \u00eentr-un limbaj sonor comun, cucerind publicul cu o interpretare care a sfidat grani\u021bele genurilor muzicale.<\/p>\n\n\n\n<figure class=\"wp-block-gallery has-nested-images columns-default is-cropped wp-block-gallery-1 is-layout-flex wp-block-gallery-is-layout-flex\">\n<figure class=\"wp-block-image size-large\"><img loading=\"lazy\" decoding=\"async\" width=\"1080\" height=\"810\" data-id=\"117622\" src=\"https:\/\/urbeamea.ro\/albaiulia\/wp-content\/uploads\/2025\/05\/1000037812.jpg\" alt=\"\" class=\"wp-image-117622\" srcset=\"https:\/\/urbeamea.ro\/albaiulia\/wp-content\/uploads\/2025\/05\/1000037812.jpg 1080w, https:\/\/urbeamea.ro\/albaiulia\/wp-content\/uploads\/2025\/05\/1000037812-640x480.jpg 640w, https:\/\/urbeamea.ro\/albaiulia\/wp-content\/uploads\/2025\/05\/1000037812-150x113.jpg 150w, https:\/\/urbeamea.ro\/albaiulia\/wp-content\/uploads\/2025\/05\/1000037812-768x576.jpg 768w\" sizes=\"auto, (max-width: 1080px) 100vw, 1080px\" \/><\/figure>\n\n\n\n<figure class=\"wp-block-image size-large\"><img loading=\"lazy\" decoding=\"async\" width=\"1080\" height=\"720\" data-id=\"117623\" src=\"https:\/\/urbeamea.ro\/albaiulia\/wp-content\/uploads\/2025\/05\/1000037813.jpg\" alt=\"\" class=\"wp-image-117623\" srcset=\"https:\/\/urbeamea.ro\/albaiulia\/wp-content\/uploads\/2025\/05\/1000037813.jpg 1080w, https:\/\/urbeamea.ro\/albaiulia\/wp-content\/uploads\/2025\/05\/1000037813-640x427.jpg 640w, https:\/\/urbeamea.ro\/albaiulia\/wp-content\/uploads\/2025\/05\/1000037813-150x100.jpg 150w, https:\/\/urbeamea.ro\/albaiulia\/wp-content\/uploads\/2025\/05\/1000037813-768x512.jpg 768w\" sizes=\"auto, (max-width: 1080px) 100vw, 1080px\" \/><\/figure>\n\n\n\n<figure class=\"wp-block-image size-large\"><img loading=\"lazy\" decoding=\"async\" width=\"1080\" height=\"720\" data-id=\"117624\" src=\"https:\/\/urbeamea.ro\/albaiulia\/wp-content\/uploads\/2025\/05\/1000037814.jpg\" alt=\"\" class=\"wp-image-117624\" srcset=\"https:\/\/urbeamea.ro\/albaiulia\/wp-content\/uploads\/2025\/05\/1000037814.jpg 1080w, https:\/\/urbeamea.ro\/albaiulia\/wp-content\/uploads\/2025\/05\/1000037814-640x427.jpg 640w, https:\/\/urbeamea.ro\/albaiulia\/wp-content\/uploads\/2025\/05\/1000037814-150x100.jpg 150w, https:\/\/urbeamea.ro\/albaiulia\/wp-content\/uploads\/2025\/05\/1000037814-768x512.jpg 768w\" sizes=\"auto, (max-width: 1080px) 100vw, 1080px\" \/><\/figure>\n\n\n\n<figure class=\"wp-block-image size-large\"><img loading=\"lazy\" decoding=\"async\" width=\"1080\" height=\"720\" data-id=\"117625\" src=\"https:\/\/urbeamea.ro\/albaiulia\/wp-content\/uploads\/2025\/05\/1000037809.jpg\" alt=\"\" class=\"wp-image-117625\" srcset=\"https:\/\/urbeamea.ro\/albaiulia\/wp-content\/uploads\/2025\/05\/1000037809.jpg 1080w, https:\/\/urbeamea.ro\/albaiulia\/wp-content\/uploads\/2025\/05\/1000037809-640x427.jpg 640w, https:\/\/urbeamea.ro\/albaiulia\/wp-content\/uploads\/2025\/05\/1000037809-150x100.jpg 150w, https:\/\/urbeamea.ro\/albaiulia\/wp-content\/uploads\/2025\/05\/1000037809-768x512.jpg 768w\" sizes=\"auto, (max-width: 1080px) 100vw, 1080px\" \/><\/figure>\n\n\n\n<figure class=\"wp-block-image size-large\"><img loading=\"lazy\" decoding=\"async\" width=\"1080\" height=\"810\" data-id=\"117626\" src=\"https:\/\/urbeamea.ro\/albaiulia\/wp-content\/uploads\/2025\/05\/1000037810.jpg\" alt=\"\" class=\"wp-image-117626\" srcset=\"https:\/\/urbeamea.ro\/albaiulia\/wp-content\/uploads\/2025\/05\/1000037810.jpg 1080w, https:\/\/urbeamea.ro\/albaiulia\/wp-content\/uploads\/2025\/05\/1000037810-640x480.jpg 640w, https:\/\/urbeamea.ro\/albaiulia\/wp-content\/uploads\/2025\/05\/1000037810-150x113.jpg 150w, https:\/\/urbeamea.ro\/albaiulia\/wp-content\/uploads\/2025\/05\/1000037810-768x576.jpg 768w\" sizes=\"auto, (max-width: 1080px) 100vw, 1080px\" \/><\/figure>\n\n\n\n<figure class=\"wp-block-image size-large\"><img loading=\"lazy\" decoding=\"async\" width=\"960\" height=\"1280\" data-id=\"117627\" src=\"https:\/\/urbeamea.ro\/albaiulia\/wp-content\/uploads\/2025\/05\/1000037811-960x1280.jpg\" alt=\"\" class=\"wp-image-117627\" srcset=\"https:\/\/urbeamea.ro\/albaiulia\/wp-content\/uploads\/2025\/05\/1000037811-960x1280.jpg 960w, https:\/\/urbeamea.ro\/albaiulia\/wp-content\/uploads\/2025\/05\/1000037811-480x640.jpg 480w, https:\/\/urbeamea.ro\/albaiulia\/wp-content\/uploads\/2025\/05\/1000037811-113x150.jpg 113w, https:\/\/urbeamea.ro\/albaiulia\/wp-content\/uploads\/2025\/05\/1000037811-768x1024.jpg 768w, https:\/\/urbeamea.ro\/albaiulia\/wp-content\/uploads\/2025\/05\/1000037811.jpg 1080w\" sizes=\"auto, (max-width: 960px) 100vw, 960px\" \/><\/figure>\n\n\n\n<figure class=\"wp-block-image size-large\"><img loading=\"lazy\" decoding=\"async\" width=\"1080\" height=\"720\" data-id=\"117628\" src=\"https:\/\/urbeamea.ro\/albaiulia\/wp-content\/uploads\/2025\/05\/1000037806.jpg\" alt=\"\" class=\"wp-image-117628\" srcset=\"https:\/\/urbeamea.ro\/albaiulia\/wp-content\/uploads\/2025\/05\/1000037806.jpg 1080w, https:\/\/urbeamea.ro\/albaiulia\/wp-content\/uploads\/2025\/05\/1000037806-640x427.jpg 640w, https:\/\/urbeamea.ro\/albaiulia\/wp-content\/uploads\/2025\/05\/1000037806-150x100.jpg 150w, https:\/\/urbeamea.ro\/albaiulia\/wp-content\/uploads\/2025\/05\/1000037806-768x512.jpg 768w\" sizes=\"auto, (max-width: 1080px) 100vw, 1080px\" \/><\/figure>\n\n\n\n<figure class=\"wp-block-image size-large\"><img loading=\"lazy\" decoding=\"async\" width=\"1080\" height=\"720\" data-id=\"117629\" src=\"https:\/\/urbeamea.ro\/albaiulia\/wp-content\/uploads\/2025\/05\/1000037807.jpg\" alt=\"\" class=\"wp-image-117629\" srcset=\"https:\/\/urbeamea.ro\/albaiulia\/wp-content\/uploads\/2025\/05\/1000037807.jpg 1080w, https:\/\/urbeamea.ro\/albaiulia\/wp-content\/uploads\/2025\/05\/1000037807-640x427.jpg 640w, https:\/\/urbeamea.ro\/albaiulia\/wp-content\/uploads\/2025\/05\/1000037807-150x100.jpg 150w, https:\/\/urbeamea.ro\/albaiulia\/wp-content\/uploads\/2025\/05\/1000037807-768x512.jpg 768w\" sizes=\"auto, (max-width: 1080px) 100vw, 1080px\" \/><\/figure>\n\n\n\n<figure class=\"wp-block-image size-large\"><img loading=\"lazy\" decoding=\"async\" width=\"1080\" height=\"720\" data-id=\"117630\" src=\"https:\/\/urbeamea.ro\/albaiulia\/wp-content\/uploads\/2025\/05\/1000037808.jpg\" alt=\"\" class=\"wp-image-117630\" srcset=\"https:\/\/urbeamea.ro\/albaiulia\/wp-content\/uploads\/2025\/05\/1000037808.jpg 1080w, https:\/\/urbeamea.ro\/albaiulia\/wp-content\/uploads\/2025\/05\/1000037808-640x427.jpg 640w, https:\/\/urbeamea.ro\/albaiulia\/wp-content\/uploads\/2025\/05\/1000037808-150x100.jpg 150w, https:\/\/urbeamea.ro\/albaiulia\/wp-content\/uploads\/2025\/05\/1000037808-768x512.jpg 768w\" sizes=\"auto, (max-width: 1080px) 100vw, 1080px\" \/><\/figure>\n\n\n\n<figure class=\"wp-block-image size-large\"><img loading=\"lazy\" decoding=\"async\" width=\"1080\" height=\"720\" data-id=\"117631\" src=\"https:\/\/urbeamea.ro\/albaiulia\/wp-content\/uploads\/2025\/05\/1000037804.jpg\" alt=\"\" class=\"wp-image-117631\" srcset=\"https:\/\/urbeamea.ro\/albaiulia\/wp-content\/uploads\/2025\/05\/1000037804.jpg 1080w, https:\/\/urbeamea.ro\/albaiulia\/wp-content\/uploads\/2025\/05\/1000037804-640x427.jpg 640w, https:\/\/urbeamea.ro\/albaiulia\/wp-content\/uploads\/2025\/05\/1000037804-150x100.jpg 150w, https:\/\/urbeamea.ro\/albaiulia\/wp-content\/uploads\/2025\/05\/1000037804-768x512.jpg 768w\" sizes=\"auto, (max-width: 1080px) 100vw, 1080px\" \/><\/figure>\n\n\n\n<figure class=\"wp-block-image size-large\"><img loading=\"lazy\" decoding=\"async\" width=\"1080\" height=\"720\" data-id=\"117632\" src=\"https:\/\/urbeamea.ro\/albaiulia\/wp-content\/uploads\/2025\/05\/1000037805.jpg\" alt=\"\" class=\"wp-image-117632\" srcset=\"https:\/\/urbeamea.ro\/albaiulia\/wp-content\/uploads\/2025\/05\/1000037805.jpg 1080w, https:\/\/urbeamea.ro\/albaiulia\/wp-content\/uploads\/2025\/05\/1000037805-640x427.jpg 640w, https:\/\/urbeamea.ro\/albaiulia\/wp-content\/uploads\/2025\/05\/1000037805-150x100.jpg 150w, https:\/\/urbeamea.ro\/albaiulia\/wp-content\/uploads\/2025\/05\/1000037805-768x512.jpg 768w\" sizes=\"auto, (max-width: 1080px) 100vw, 1080px\" \/><\/figure>\n\n\n\n<figure class=\"wp-block-image size-large\"><img loading=\"lazy\" decoding=\"async\" width=\"1080\" height=\"720\" data-id=\"117633\" src=\"https:\/\/urbeamea.ro\/albaiulia\/wp-content\/uploads\/2025\/05\/1000037803.jpg\" alt=\"\" class=\"wp-image-117633\" srcset=\"https:\/\/urbeamea.ro\/albaiulia\/wp-content\/uploads\/2025\/05\/1000037803.jpg 1080w, https:\/\/urbeamea.ro\/albaiulia\/wp-content\/uploads\/2025\/05\/1000037803-640x427.jpg 640w, https:\/\/urbeamea.ro\/albaiulia\/wp-content\/uploads\/2025\/05\/1000037803-150x100.jpg 150w, https:\/\/urbeamea.ro\/albaiulia\/wp-content\/uploads\/2025\/05\/1000037803-768x512.jpg 768w\" sizes=\"auto, (max-width: 1080px) 100vw, 1080px\" \/><\/figure>\n\n\n\n<figure class=\"wp-block-image size-large\"><img loading=\"lazy\" decoding=\"async\" width=\"1080\" height=\"720\" data-id=\"117634\" src=\"https:\/\/urbeamea.ro\/albaiulia\/wp-content\/uploads\/2025\/05\/1000037800.jpg\" alt=\"\" class=\"wp-image-117634\" srcset=\"https:\/\/urbeamea.ro\/albaiulia\/wp-content\/uploads\/2025\/05\/1000037800.jpg 1080w, https:\/\/urbeamea.ro\/albaiulia\/wp-content\/uploads\/2025\/05\/1000037800-640x427.jpg 640w, https:\/\/urbeamea.ro\/albaiulia\/wp-content\/uploads\/2025\/05\/1000037800-150x100.jpg 150w, https:\/\/urbeamea.ro\/albaiulia\/wp-content\/uploads\/2025\/05\/1000037800-768x512.jpg 768w\" sizes=\"auto, (max-width: 1080px) 100vw, 1080px\" \/><\/figure>\n\n\n\n<figure class=\"wp-block-image size-large\"><img loading=\"lazy\" decoding=\"async\" width=\"1080\" height=\"720\" data-id=\"117635\" src=\"https:\/\/urbeamea.ro\/albaiulia\/wp-content\/uploads\/2025\/05\/1000037801.jpg\" alt=\"\" class=\"wp-image-117635\" srcset=\"https:\/\/urbeamea.ro\/albaiulia\/wp-content\/uploads\/2025\/05\/1000037801.jpg 1080w, https:\/\/urbeamea.ro\/albaiulia\/wp-content\/uploads\/2025\/05\/1000037801-640x427.jpg 640w, https:\/\/urbeamea.ro\/albaiulia\/wp-content\/uploads\/2025\/05\/1000037801-150x100.jpg 150w, https:\/\/urbeamea.ro\/albaiulia\/wp-content\/uploads\/2025\/05\/1000037801-768x512.jpg 768w\" sizes=\"auto, (max-width: 1080px) 100vw, 1080px\" \/><\/figure>\n\n\n\n<figure class=\"wp-block-image size-large\"><img loading=\"lazy\" decoding=\"async\" width=\"1080\" height=\"720\" data-id=\"117636\" src=\"https:\/\/urbeamea.ro\/albaiulia\/wp-content\/uploads\/2025\/05\/1000037802.jpg\" alt=\"\" class=\"wp-image-117636\" srcset=\"https:\/\/urbeamea.ro\/albaiulia\/wp-content\/uploads\/2025\/05\/1000037802.jpg 1080w, https:\/\/urbeamea.ro\/albaiulia\/wp-content\/uploads\/2025\/05\/1000037802-640x427.jpg 640w, https:\/\/urbeamea.ro\/albaiulia\/wp-content\/uploads\/2025\/05\/1000037802-150x100.jpg 150w, https:\/\/urbeamea.ro\/albaiulia\/wp-content\/uploads\/2025\/05\/1000037802-768x512.jpg 768w\" sizes=\"auto, (max-width: 1080px) 100vw, 1080px\" \/><\/figure>\n\n\n\n<figure class=\"wp-block-image size-large\"><img loading=\"lazy\" decoding=\"async\" width=\"1080\" height=\"720\" data-id=\"117637\" src=\"https:\/\/urbeamea.ro\/albaiulia\/wp-content\/uploads\/2025\/05\/1000037797.jpg\" alt=\"\" class=\"wp-image-117637\" srcset=\"https:\/\/urbeamea.ro\/albaiulia\/wp-content\/uploads\/2025\/05\/1000037797.jpg 1080w, https:\/\/urbeamea.ro\/albaiulia\/wp-content\/uploads\/2025\/05\/1000037797-640x427.jpg 640w, https:\/\/urbeamea.ro\/albaiulia\/wp-content\/uploads\/2025\/05\/1000037797-150x100.jpg 150w, https:\/\/urbeamea.ro\/albaiulia\/wp-content\/uploads\/2025\/05\/1000037797-768x512.jpg 768w\" sizes=\"auto, (max-width: 1080px) 100vw, 1080px\" \/><\/figure>\n\n\n\n<figure class=\"wp-block-image size-large\"><img loading=\"lazy\" decoding=\"async\" width=\"1080\" height=\"720\" data-id=\"117638\" src=\"https:\/\/urbeamea.ro\/albaiulia\/wp-content\/uploads\/2025\/05\/1000037798.jpg\" alt=\"\" class=\"wp-image-117638\" srcset=\"https:\/\/urbeamea.ro\/albaiulia\/wp-content\/uploads\/2025\/05\/1000037798.jpg 1080w, https:\/\/urbeamea.ro\/albaiulia\/wp-content\/uploads\/2025\/05\/1000037798-640x427.jpg 640w, https:\/\/urbeamea.ro\/albaiulia\/wp-content\/uploads\/2025\/05\/1000037798-150x100.jpg 150w, https:\/\/urbeamea.ro\/albaiulia\/wp-content\/uploads\/2025\/05\/1000037798-768x512.jpg 768w\" sizes=\"auto, (max-width: 1080px) 100vw, 1080px\" \/><\/figure>\n\n\n\n<figure class=\"wp-block-image size-large\"><img loading=\"lazy\" decoding=\"async\" width=\"853\" height=\"1280\" data-id=\"117640\" src=\"https:\/\/urbeamea.ro\/albaiulia\/wp-content\/uploads\/2025\/05\/1000037799-853x1280.jpg\" alt=\"\" class=\"wp-image-117640\" srcset=\"https:\/\/urbeamea.ro\/albaiulia\/wp-content\/uploads\/2025\/05\/1000037799-853x1280.jpg 853w, https:\/\/urbeamea.ro\/albaiulia\/wp-content\/uploads\/2025\/05\/1000037799-427x640.jpg 427w, https:\/\/urbeamea.ro\/albaiulia\/wp-content\/uploads\/2025\/05\/1000037799-100x150.jpg 100w, https:\/\/urbeamea.ro\/albaiulia\/wp-content\/uploads\/2025\/05\/1000037799-768x1152.jpg 768w, https:\/\/urbeamea.ro\/albaiulia\/wp-content\/uploads\/2025\/05\/1000037799-1024x1536.jpg 1024w, https:\/\/urbeamea.ro\/albaiulia\/wp-content\/uploads\/2025\/05\/1000037799.jpg 1080w\" sizes=\"auto, (max-width: 853px) 100vw, 853px\" \/><\/figure>\n\n\n\n<figure class=\"wp-block-image size-large\"><img loading=\"lazy\" decoding=\"async\" width=\"1080\" height=\"720\" data-id=\"117639\" src=\"https:\/\/urbeamea.ro\/albaiulia\/wp-content\/uploads\/2025\/05\/1000037796.jpg\" alt=\"\" class=\"wp-image-117639\" srcset=\"https:\/\/urbeamea.ro\/albaiulia\/wp-content\/uploads\/2025\/05\/1000037796.jpg 1080w, https:\/\/urbeamea.ro\/albaiulia\/wp-content\/uploads\/2025\/05\/1000037796-640x427.jpg 640w, https:\/\/urbeamea.ro\/albaiulia\/wp-content\/uploads\/2025\/05\/1000037796-150x100.jpg 150w, https:\/\/urbeamea.ro\/albaiulia\/wp-content\/uploads\/2025\/05\/1000037796-768x512.jpg 768w\" sizes=\"auto, (max-width: 1080px) 100vw, 1080px\" \/><\/figure>\n\n\n\n<figure class=\"wp-block-image size-large\"><img loading=\"lazy\" decoding=\"async\" width=\"853\" height=\"1280\" data-id=\"117642\" src=\"https:\/\/urbeamea.ro\/albaiulia\/wp-content\/uploads\/2025\/05\/1000037795-853x1280.jpg\" alt=\"\" class=\"wp-image-117642\" srcset=\"https:\/\/urbeamea.ro\/albaiulia\/wp-content\/uploads\/2025\/05\/1000037795-853x1280.jpg 853w, https:\/\/urbeamea.ro\/albaiulia\/wp-content\/uploads\/2025\/05\/1000037795-427x640.jpg 427w, https:\/\/urbeamea.ro\/albaiulia\/wp-content\/uploads\/2025\/05\/1000037795-100x150.jpg 100w, https:\/\/urbeamea.ro\/albaiulia\/wp-content\/uploads\/2025\/05\/1000037795-768x1152.jpg 768w, https:\/\/urbeamea.ro\/albaiulia\/wp-content\/uploads\/2025\/05\/1000037795-1024x1536.jpg 1024w, https:\/\/urbeamea.ro\/albaiulia\/wp-content\/uploads\/2025\/05\/1000037795.jpg 1080w\" sizes=\"auto, (max-width: 853px) 100vw, 853px\" \/><\/figure>\n\n\n\n<figure class=\"wp-block-image size-large\"><img loading=\"lazy\" decoding=\"async\" width=\"1080\" height=\"720\" data-id=\"117641\" src=\"https:\/\/urbeamea.ro\/albaiulia\/wp-content\/uploads\/2025\/05\/1000037794.jpg\" alt=\"\" class=\"wp-image-117641\" srcset=\"https:\/\/urbeamea.ro\/albaiulia\/wp-content\/uploads\/2025\/05\/1000037794.jpg 1080w, https:\/\/urbeamea.ro\/albaiulia\/wp-content\/uploads\/2025\/05\/1000037794-640x427.jpg 640w, https:\/\/urbeamea.ro\/albaiulia\/wp-content\/uploads\/2025\/05\/1000037794-150x100.jpg 150w, https:\/\/urbeamea.ro\/albaiulia\/wp-content\/uploads\/2025\/05\/1000037794-768x512.jpg 768w\" sizes=\"auto, (max-width: 1080px) 100vw, 1080px\" \/><\/figure>\n\n\n\n<figure class=\"wp-block-image size-large\"><img loading=\"lazy\" decoding=\"async\" width=\"1080\" height=\"720\" data-id=\"117643\" src=\"https:\/\/urbeamea.ro\/albaiulia\/wp-content\/uploads\/2025\/05\/1000037792.jpg\" alt=\"\" class=\"wp-image-117643\" srcset=\"https:\/\/urbeamea.ro\/albaiulia\/wp-content\/uploads\/2025\/05\/1000037792.jpg 1080w, https:\/\/urbeamea.ro\/albaiulia\/wp-content\/uploads\/2025\/05\/1000037792-640x427.jpg 640w, https:\/\/urbeamea.ro\/albaiulia\/wp-content\/uploads\/2025\/05\/1000037792-150x100.jpg 150w, https:\/\/urbeamea.ro\/albaiulia\/wp-content\/uploads\/2025\/05\/1000037792-768x512.jpg 768w\" sizes=\"auto, (max-width: 1080px) 100vw, 1080px\" \/><\/figure>\n\n\n\n<figure class=\"wp-block-image size-large\"><img loading=\"lazy\" decoding=\"async\" width=\"1080\" height=\"720\" data-id=\"117644\" src=\"https:\/\/urbeamea.ro\/albaiulia\/wp-content\/uploads\/2025\/05\/1000037793.jpg\" alt=\"\" class=\"wp-image-117644\" srcset=\"https:\/\/urbeamea.ro\/albaiulia\/wp-content\/uploads\/2025\/05\/1000037793.jpg 1080w, https:\/\/urbeamea.ro\/albaiulia\/wp-content\/uploads\/2025\/05\/1000037793-640x427.jpg 640w, https:\/\/urbeamea.ro\/albaiulia\/wp-content\/uploads\/2025\/05\/1000037793-150x100.jpg 150w, https:\/\/urbeamea.ro\/albaiulia\/wp-content\/uploads\/2025\/05\/1000037793-768x512.jpg 768w\" sizes=\"auto, (max-width: 1080px) 100vw, 1080px\" \/><\/figure>\n<\/figure>\n","protected":false},"excerpt":{"rendered":"<p>\ud835\udda4\ud835\uddbd\ud835\uddc2\ud835\uddcd\ud835\uddc2\ud835\uddbe \ud835\uddcc\ud835\uddc9\ud835\uddbe\ud835\uddbc\ud835\uddc2\ud835\uddba\ud835\uddc5\ud835\uddba \ud835\uddbd\ud835\uddbe\ud835\uddbd\ud835\uddc2\ud835\uddbc\ud835\uddba\ud835\uddcd\ud835\uddba ,,NOP\u021aII MUZEELOR\u201d, \ud835\uddbe\ud835\uddcf\ud835\uddbe\ud835\uddc7\ud835\uddc2\ud835\uddc6\ud835\uddbe\ud835\uddc7\ud835\uddcd\ud835\uddce\ud835\uddc5\ud835\uddce\ud835\uddc2 \ud835\uddba\ud835\uddc7\ud835\uddce\ud835\uddba\ud835\uddc5 \ud835\uddbc\ud835\uddce\ud835\uddc5\ud835\uddcd\ud835\uddce\ud835\uddcb\ud835\uddba\ud835\uddc5 \ud835\uddc9\ud835\uddba\ud835\uddcd\ud835\uddcb\ud835\uddc8\ud835\uddc7\ud835\uddba\ud835\uddcd \ud835\uddbd\ud835\uddbe \ud835\udda2\ud835\uddc8\ud835\uddc7\ud835\uddcc\ud835\uddc2\ud835\uddc5\ud835\uddc2\ud835\uddce\ud835\uddc5 \ud835\udda4\ud835\uddce\ud835\uddcb\ud835\uddc8\ud835\uddc9\ud835\uddbe\ud835\uddc2, \ud835\uddbd\ud835\uddbe \ud835\uddb4\ud835\uddad\ud835\udda4\ud835\uddb2\ud835\udda2\ud835\uddae \ud835\uddcc\ud835\uddc2 \ud835\uddbd\ud835\uddbe \ud835\udda2\ud835\uddc8\ud835\uddc7\ud835\uddcc\ud835\uddc2\ud835\uddc5\ud835\uddc2\ud835\uddce\ud835\uddc5 \ud835\udda8\ud835\uddc7\ud835\uddcd\ud835\uddbe\ud835\uddcb\ud835\uddc7\ud835\uddba\ud835\uddcd\ud835\uddc2\ud835\uddc8\ud835\uddc7\ud835\uddba\ud835\uddc5 \ud835\uddba\ud835\uddc5 \ud835\uddac\ud835\uddce\ud835\uddd3\ud835\uddbe\ud835\uddbe\ud835\uddc5\ud835\uddc8\ud835\uddcb (\ud835\udda8\ud835\udda2\ud835\uddae\ud835\uddac) S\u00e2mb\u0103t\u0103, 17 mai 2025, Sediul Administrativ al Jude\u021bului Alba a devenit, pentru c\u00e2teva ore, o poart\u0103 deschis\u0103 spre trecutul artistic, istoric \u0219i etnografic al regiunii, oferind publicului o experien\u021b\u0103 cultural\u0103 unic\u0103, \u00een cadrul unei &hellip;<\/p>\n","protected":false},"author":28,"featured_media":117636,"comment_status":"open","ping_status":"open","sticky":false,"template":"","format":"standard","meta":{"inline_featured_image":false,"footnotes":""},"categories":[2038,4,2034,1,16344],"tags":[25132],"class_list":["post-117621","post","type-post","status-publish","format-standard","has-post-thumbnail","hentry","category-cultura","category-eveniment","category-social","category-stiri-urbane","category-urbea-mea","tag-sediul-administrativ-al-judetului-alba"],"yoast_head":"<!-- This site is optimized with the Yoast SEO plugin v27.4 - https:\/\/yoast.com\/product\/yoast-seo-wordpress\/ -->\n<title>Por\u021bi deschise la Sediul Administrativ al Jude\u021bului Alba - Revista Urbea Mea - Revista de Alba<\/title>\n<meta name=\"description\" content=\"\ud835\udda4\ud835\uddbd\ud835\uddc2\ud835\uddcd\ud835\uddc2\ud835\uddbe \ud835\uddcc\ud835\uddc9\ud835\uddbe\ud835\uddbc\ud835\uddc2\ud835\uddba\ud835\uddc5\ud835\uddba \ud835\uddbd\ud835\uddbe\ud835\uddbd\ud835\uddc2\ud835\uddbc\ud835\uddba\ud835\uddcd\ud835\uddba ,,NOP\u021aII MUZEELOR\u201d, \ud835\uddbe\ud835\uddcf\ud835\uddbe\ud835\uddc7\ud835\uddc2\ud835\uddc6\ud835\uddbe\ud835\uddc7\ud835\uddcd\ud835\uddce\ud835\uddc5\ud835\uddce\ud835\uddc2 \ud835\uddba\ud835\uddc7\ud835\uddce\ud835\uddba\ud835\uddc5 \ud835\uddbc\ud835\uddce\ud835\uddc5\ud835\uddcd\ud835\uddce\ud835\uddcb\ud835\uddba\ud835\uddc5 \ud835\uddc9\ud835\uddba\ud835\uddcd\ud835\uddcb\ud835\uddc8\ud835\uddc7\ud835\uddba\ud835\uddcd \ud835\uddbd\ud835\uddbe \ud835\udda2\ud835\uddc8\ud835\uddc7\ud835\uddcc\ud835\uddc2\ud835\uddc5\ud835\uddc2\ud835\uddce\ud835\uddc5 \ud835\udda4\ud835\uddce\ud835\uddcb\ud835\uddc8\ud835\uddc9\ud835\uddbe\ud835\uddc2, \ud835\uddbd\ud835\uddbe \ud835\uddb4\ud835\uddad\ud835\udda4\ud835\uddb2\ud835\udda2\ud835\uddae \ud835\uddcc\ud835\uddc2 \ud835\uddbd\ud835\uddbe \ud835\udda2\ud835\uddc8\ud835\uddc7\ud835\uddcc\ud835\uddc2\ud835\uddc5\ud835\uddc2\ud835\uddce\ud835\uddc5 \ud835\udda8\ud835\uddc7\ud835\uddcd\ud835\uddbe\ud835\uddcb\ud835\uddc7\ud835\uddba\ud835\uddcd\ud835\uddc2\ud835\uddc8\ud835\uddc7\ud835\uddba\ud835\uddc5 \ud835\uddba\ud835\uddc5\" \/>\n<meta name=\"robots\" content=\"index, follow, max-snippet:-1, max-image-preview:large, max-video-preview:-1\" \/>\n<link rel=\"canonical\" href=\"https:\/\/urbeamea.ro\/albaiulia\/porti-deschise-la-sediul-administrativ-al-judetului-alba\/\" \/>\n<meta name=\"twitter:card\" content=\"summary_large_image\" \/>\n<meta name=\"twitter:title\" content=\"Por\u021bi deschise la Sediul Administrativ al Jude\u021bului Alba - Revista Urbea Mea - Revista de Alba\" \/>\n<meta name=\"twitter:description\" content=\"\ud835\udda4\ud835\uddbd\ud835\uddc2\ud835\uddcd\ud835\uddc2\ud835\uddbe \ud835\uddcc\ud835\uddc9\ud835\uddbe\ud835\uddbc\ud835\uddc2\ud835\uddba\ud835\uddc5\ud835\uddba \ud835\uddbd\ud835\uddbe\ud835\uddbd\ud835\uddc2\ud835\uddbc\ud835\uddba\ud835\uddcd\ud835\uddba ,,NOP\u021aII MUZEELOR\u201d, \ud835\uddbe\ud835\uddcf\ud835\uddbe\ud835\uddc7\ud835\uddc2\ud835\uddc6\ud835\uddbe\ud835\uddc7\ud835\uddcd\ud835\uddce\ud835\uddc5\ud835\uddce\ud835\uddc2 \ud835\uddba\ud835\uddc7\ud835\uddce\ud835\uddba\ud835\uddc5 \ud835\uddbc\ud835\uddce\ud835\uddc5\ud835\uddcd\ud835\uddce\ud835\uddcb\ud835\uddba\ud835\uddc5 \ud835\uddc9\ud835\uddba\ud835\uddcd\ud835\uddcb\ud835\uddc8\ud835\uddc7\ud835\uddba\ud835\uddcd \ud835\uddbd\ud835\uddbe \ud835\udda2\ud835\uddc8\ud835\uddc7\ud835\uddcc\ud835\uddc2\ud835\uddc5\ud835\uddc2\ud835\uddce\ud835\uddc5 \ud835\udda4\ud835\uddce\ud835\uddcb\ud835\uddc8\ud835\uddc9\ud835\uddbe\ud835\uddc2, \ud835\uddbd\ud835\uddbe \ud835\uddb4\ud835\uddad\ud835\udda4\ud835\uddb2\ud835\udda2\ud835\uddae \ud835\uddcc\ud835\uddc2 \ud835\uddbd\ud835\uddbe \ud835\udda2\ud835\uddc8\ud835\uddc7\ud835\uddcc\ud835\uddc2\ud835\uddc5\ud835\uddc2\ud835\uddce\ud835\uddc5 \ud835\udda8\ud835\uddc7\ud835\uddcd\ud835\uddbe\ud835\uddcb\ud835\uddc7\ud835\uddba\ud835\uddcd\ud835\uddc2\ud835\uddc8\ud835\uddc7\ud835\uddba\ud835\uddc5 \ud835\uddba\ud835\uddc5\" \/>\n<meta name=\"twitter:image\" content=\"https:\/\/urbeamea.ro\/albaiulia\/wp-content\/uploads\/2025\/05\/1000037802.jpg\" \/>\n<meta name=\"twitter:creator\" content=\"@urbeameaweb\" \/>\n<meta name=\"twitter:site\" content=\"@urbeameaweb\" \/>\n<script type=\"application\/ld+json\" class=\"yoast-schema-graph\">{\"@context\":\"https:\\\/\\\/schema.org\",\"@graph\":[{\"@type\":\"Article\",\"@id\":\"https:\\\/\\\/urbeamea.ro\\\/albaiulia\\\/porti-deschise-la-sediul-administrativ-al-judetului-alba\\\/#article\",\"isPartOf\":{\"@id\":\"https:\\\/\\\/urbeamea.ro\\\/albaiulia\\\/porti-deschise-la-sediul-administrativ-al-judetului-alba\\\/\"},\"author\":{\"name\":\"Giurca Sorin\",\"@id\":\"https:\\\/\\\/urbeamea.ro\\\/albaiulia\\\/#\\\/schema\\\/person\\\/5db3854ac38c1cc9f0ab4092d6a20f02\"},\"headline\":\"Por\u021bi deschise la Sediul Administrativ al Jude\u021bului Alba\",\"datePublished\":\"2025-05-19T13:44:48+00:00\",\"dateModified\":\"2025-05-19T13:44:49+00:00\",\"mainEntityOfPage\":{\"@id\":\"https:\\\/\\\/urbeamea.ro\\\/albaiulia\\\/porti-deschise-la-sediul-administrativ-al-judetului-alba\\\/\"},\"wordCount\":378,\"commentCount\":0,\"image\":{\"@id\":\"https:\\\/\\\/urbeamea.ro\\\/albaiulia\\\/porti-deschise-la-sediul-administrativ-al-judetului-alba\\\/#primaryimage\"},\"thumbnailUrl\":\"https:\\\/\\\/urbeamea.ro\\\/albaiulia\\\/wp-content\\\/uploads\\\/2025\\\/05\\\/1000037802.jpg\",\"keywords\":[\"Sediul Administrativ al Jude\u021bului Alba\"],\"articleSection\":[\"Cultur\u0103\",\"Evenimente\",\"Social\",\"\u015etiri Urbane\",\"Urbea Mea\"],\"inLanguage\":\"ro-RO\",\"potentialAction\":[{\"@type\":\"CommentAction\",\"name\":\"Comment\",\"target\":[\"https:\\\/\\\/urbeamea.ro\\\/albaiulia\\\/porti-deschise-la-sediul-administrativ-al-judetului-alba\\\/#respond\"]}]},{\"@type\":\"WebPage\",\"@id\":\"https:\\\/\\\/urbeamea.ro\\\/albaiulia\\\/porti-deschise-la-sediul-administrativ-al-judetului-alba\\\/\",\"url\":\"https:\\\/\\\/urbeamea.ro\\\/albaiulia\\\/porti-deschise-la-sediul-administrativ-al-judetului-alba\\\/\",\"name\":\"Por\u021bi deschise la Sediul Administrativ al Jude\u021bului Alba - Revista Urbea Mea - Revista de Alba\",\"isPartOf\":{\"@id\":\"https:\\\/\\\/urbeamea.ro\\\/albaiulia\\\/#website\"},\"primaryImageOfPage\":{\"@id\":\"https:\\\/\\\/urbeamea.ro\\\/albaiulia\\\/porti-deschise-la-sediul-administrativ-al-judetului-alba\\\/#primaryimage\"},\"image\":{\"@id\":\"https:\\\/\\\/urbeamea.ro\\\/albaiulia\\\/porti-deschise-la-sediul-administrativ-al-judetului-alba\\\/#primaryimage\"},\"thumbnailUrl\":\"https:\\\/\\\/urbeamea.ro\\\/albaiulia\\\/wp-content\\\/uploads\\\/2025\\\/05\\\/1000037802.jpg\",\"datePublished\":\"2025-05-19T13:44:48+00:00\",\"dateModified\":\"2025-05-19T13:44:49+00:00\",\"author\":{\"@id\":\"https:\\\/\\\/urbeamea.ro\\\/albaiulia\\\/#\\\/schema\\\/person\\\/5db3854ac38c1cc9f0ab4092d6a20f02\"},\"description\":\"\ud835\udda4\ud835\uddbd\ud835\uddc2\ud835\uddcd\ud835\uddc2\ud835\uddbe \ud835\uddcc\ud835\uddc9\ud835\uddbe\ud835\uddbc\ud835\uddc2\ud835\uddba\ud835\uddc5\ud835\uddba \ud835\uddbd\ud835\uddbe\ud835\uddbd\ud835\uddc2\ud835\uddbc\ud835\uddba\ud835\uddcd\ud835\uddba ,,NOP\u021aII MUZEELOR\u201d, \ud835\uddbe\ud835\uddcf\ud835\uddbe\ud835\uddc7\ud835\uddc2\ud835\uddc6\ud835\uddbe\ud835\uddc7\ud835\uddcd\ud835\uddce\ud835\uddc5\ud835\uddce\ud835\uddc2 \ud835\uddba\ud835\uddc7\ud835\uddce\ud835\uddba\ud835\uddc5 \ud835\uddbc\ud835\uddce\ud835\uddc5\ud835\uddcd\ud835\uddce\ud835\uddcb\ud835\uddba\ud835\uddc5 \ud835\uddc9\ud835\uddba\ud835\uddcd\ud835\uddcb\ud835\uddc8\ud835\uddc7\ud835\uddba\ud835\uddcd \ud835\uddbd\ud835\uddbe \ud835\udda2\ud835\uddc8\ud835\uddc7\ud835\uddcc\ud835\uddc2\ud835\uddc5\ud835\uddc2\ud835\uddce\ud835\uddc5 \ud835\udda4\ud835\uddce\ud835\uddcb\ud835\uddc8\ud835\uddc9\ud835\uddbe\ud835\uddc2, \ud835\uddbd\ud835\uddbe \ud835\uddb4\ud835\uddad\ud835\udda4\ud835\uddb2\ud835\udda2\ud835\uddae \ud835\uddcc\ud835\uddc2 \ud835\uddbd\ud835\uddbe \ud835\udda2\ud835\uddc8\ud835\uddc7\ud835\uddcc\ud835\uddc2\ud835\uddc5\ud835\uddc2\ud835\uddce\ud835\uddc5 \ud835\udda8\ud835\uddc7\ud835\uddcd\ud835\uddbe\ud835\uddcb\ud835\uddc7\ud835\uddba\ud835\uddcd\ud835\uddc2\ud835\uddc8\ud835\uddc7\ud835\uddba\ud835\uddc5 \ud835\uddba\ud835\uddc5\",\"breadcrumb\":{\"@id\":\"https:\\\/\\\/urbeamea.ro\\\/albaiulia\\\/porti-deschise-la-sediul-administrativ-al-judetului-alba\\\/#breadcrumb\"},\"inLanguage\":\"ro-RO\",\"potentialAction\":[{\"@type\":\"ReadAction\",\"target\":[\"https:\\\/\\\/urbeamea.ro\\\/albaiulia\\\/porti-deschise-la-sediul-administrativ-al-judetului-alba\\\/\"]}]},{\"@type\":\"ImageObject\",\"inLanguage\":\"ro-RO\",\"@id\":\"https:\\\/\\\/urbeamea.ro\\\/albaiulia\\\/porti-deschise-la-sediul-administrativ-al-judetului-alba\\\/#primaryimage\",\"url\":\"https:\\\/\\\/urbeamea.ro\\\/albaiulia\\\/wp-content\\\/uploads\\\/2025\\\/05\\\/1000037802.jpg\",\"contentUrl\":\"https:\\\/\\\/urbeamea.ro\\\/albaiulia\\\/wp-content\\\/uploads\\\/2025\\\/05\\\/1000037802.jpg\",\"width\":1080,\"height\":720},{\"@type\":\"BreadcrumbList\",\"@id\":\"https:\\\/\\\/urbeamea.ro\\\/albaiulia\\\/porti-deschise-la-sediul-administrativ-al-judetului-alba\\\/#breadcrumb\",\"itemListElement\":[{\"@type\":\"ListItem\",\"position\":1,\"name\":\"Prima pagin\u0103\",\"item\":\"https:\\\/\\\/urbeamea.ro\\\/albaiulia\\\/\"},{\"@type\":\"ListItem\",\"position\":2,\"name\":\"Por\u021bi deschise la Sediul Administrativ al Jude\u021bului Alba\"}]},{\"@type\":\"WebSite\",\"@id\":\"https:\\\/\\\/urbeamea.ro\\\/albaiulia\\\/#website\",\"url\":\"https:\\\/\\\/urbeamea.ro\\\/albaiulia\\\/\",\"name\":\"Revista Urbea Mea, Stiri urbane\",\"description\":\"Evenimente \u0219i \u0219tiri din Alba Iulia, Sebe\u0219, Aiud, Blaj\",\"potentialAction\":[{\"@type\":\"SearchAction\",\"target\":{\"@type\":\"EntryPoint\",\"urlTemplate\":\"https:\\\/\\\/urbeamea.ro\\\/albaiulia\\\/?s={search_term_string}\"},\"query-input\":{\"@type\":\"PropertyValueSpecification\",\"valueRequired\":true,\"valueName\":\"search_term_string\"}}],\"inLanguage\":\"ro-RO\"},{\"@type\":\"Person\",\"@id\":\"https:\\\/\\\/urbeamea.ro\\\/albaiulia\\\/#\\\/schema\\\/person\\\/5db3854ac38c1cc9f0ab4092d6a20f02\",\"name\":\"Giurca Sorin\",\"image\":{\"@type\":\"ImageObject\",\"inLanguage\":\"ro-RO\",\"@id\":\"https:\\\/\\\/secure.gravatar.com\\\/avatar\\\/120f6fcae7b3b47a7730cb9943f612f4909f68ac5284b5f40ac1c4615fd70576?s=96&d=mm&r=g\",\"url\":\"https:\\\/\\\/secure.gravatar.com\\\/avatar\\\/120f6fcae7b3b47a7730cb9943f612f4909f68ac5284b5f40ac1c4615fd70576?s=96&d=mm&r=g\",\"contentUrl\":\"https:\\\/\\\/secure.gravatar.com\\\/avatar\\\/120f6fcae7b3b47a7730cb9943f612f4909f68ac5284b5f40ac1c4615fd70576?s=96&d=mm&r=g\",\"caption\":\"Giurca Sorin\"},\"url\":\"https:\\\/\\\/urbeamea.ro\\\/albaiulia\\\/author\\\/sorin\\\/\"}]}<\/script>\n<!-- \/ Yoast SEO plugin. -->","yoast_head_json":{"title":"Por\u021bi deschise la Sediul Administrativ al Jude\u021bului Alba - Revista Urbea Mea - Revista de Alba","description":"\ud835\udda4\ud835\uddbd\ud835\uddc2\ud835\uddcd\ud835\uddc2\ud835\uddbe \ud835\uddcc\ud835\uddc9\ud835\uddbe\ud835\uddbc\ud835\uddc2\ud835\uddba\ud835\uddc5\ud835\uddba \ud835\uddbd\ud835\uddbe\ud835\uddbd\ud835\uddc2\ud835\uddbc\ud835\uddba\ud835\uddcd\ud835\uddba ,,NOP\u021aII MUZEELOR\u201d, \ud835\uddbe\ud835\uddcf\ud835\uddbe\ud835\uddc7\ud835\uddc2\ud835\uddc6\ud835\uddbe\ud835\uddc7\ud835\uddcd\ud835\uddce\ud835\uddc5\ud835\uddce\ud835\uddc2 \ud835\uddba\ud835\uddc7\ud835\uddce\ud835\uddba\ud835\uddc5 \ud835\uddbc\ud835\uddce\ud835\uddc5\ud835\uddcd\ud835\uddce\ud835\uddcb\ud835\uddba\ud835\uddc5 \ud835\uddc9\ud835\uddba\ud835\uddcd\ud835\uddcb\ud835\uddc8\ud835\uddc7\ud835\uddba\ud835\uddcd \ud835\uddbd\ud835\uddbe \ud835\udda2\ud835\uddc8\ud835\uddc7\ud835\uddcc\ud835\uddc2\ud835\uddc5\ud835\uddc2\ud835\uddce\ud835\uddc5 \ud835\udda4\ud835\uddce\ud835\uddcb\ud835\uddc8\ud835\uddc9\ud835\uddbe\ud835\uddc2, \ud835\uddbd\ud835\uddbe \ud835\uddb4\ud835\uddad\ud835\udda4\ud835\uddb2\ud835\udda2\ud835\uddae \ud835\uddcc\ud835\uddc2 \ud835\uddbd\ud835\uddbe \ud835\udda2\ud835\uddc8\ud835\uddc7\ud835\uddcc\ud835\uddc2\ud835\uddc5\ud835\uddc2\ud835\uddce\ud835\uddc5 \ud835\udda8\ud835\uddc7\ud835\uddcd\ud835\uddbe\ud835\uddcb\ud835\uddc7\ud835\uddba\ud835\uddcd\ud835\uddc2\ud835\uddc8\ud835\uddc7\ud835\uddba\ud835\uddc5 \ud835\uddba\ud835\uddc5","robots":{"index":"index","follow":"follow","max-snippet":"max-snippet:-1","max-image-preview":"max-image-preview:large","max-video-preview":"max-video-preview:-1"},"canonical":"https:\/\/urbeamea.ro\/albaiulia\/porti-deschise-la-sediul-administrativ-al-judetului-alba\/","twitter_card":"summary_large_image","twitter_title":"Por\u021bi deschise la Sediul Administrativ al Jude\u021bului Alba - Revista Urbea Mea - Revista de Alba","twitter_description":"\ud835\udda4\ud835\uddbd\ud835\uddc2\ud835\uddcd\ud835\uddc2\ud835\uddbe \ud835\uddcc\ud835\uddc9\ud835\uddbe\ud835\uddbc\ud835\uddc2\ud835\uddba\ud835\uddc5\ud835\uddba \ud835\uddbd\ud835\uddbe\ud835\uddbd\ud835\uddc2\ud835\uddbc\ud835\uddba\ud835\uddcd\ud835\uddba ,,NOP\u021aII MUZEELOR\u201d, \ud835\uddbe\ud835\uddcf\ud835\uddbe\ud835\uddc7\ud835\uddc2\ud835\uddc6\ud835\uddbe\ud835\uddc7\ud835\uddcd\ud835\uddce\ud835\uddc5\ud835\uddce\ud835\uddc2 \ud835\uddba\ud835\uddc7\ud835\uddce\ud835\uddba\ud835\uddc5 \ud835\uddbc\ud835\uddce\ud835\uddc5\ud835\uddcd\ud835\uddce\ud835\uddcb\ud835\uddba\ud835\uddc5 \ud835\uddc9\ud835\uddba\ud835\uddcd\ud835\uddcb\ud835\uddc8\ud835\uddc7\ud835\uddba\ud835\uddcd \ud835\uddbd\ud835\uddbe \ud835\udda2\ud835\uddc8\ud835\uddc7\ud835\uddcc\ud835\uddc2\ud835\uddc5\ud835\uddc2\ud835\uddce\ud835\uddc5 \ud835\udda4\ud835\uddce\ud835\uddcb\ud835\uddc8\ud835\uddc9\ud835\uddbe\ud835\uddc2, \ud835\uddbd\ud835\uddbe \ud835\uddb4\ud835\uddad\ud835\udda4\ud835\uddb2\ud835\udda2\ud835\uddae \ud835\uddcc\ud835\uddc2 \ud835\uddbd\ud835\uddbe \ud835\udda2\ud835\uddc8\ud835\uddc7\ud835\uddcc\ud835\uddc2\ud835\uddc5\ud835\uddc2\ud835\uddce\ud835\uddc5 \ud835\udda8\ud835\uddc7\ud835\uddcd\ud835\uddbe\ud835\uddcb\ud835\uddc7\ud835\uddba\ud835\uddcd\ud835\uddc2\ud835\uddc8\ud835\uddc7\ud835\uddba\ud835\uddc5 \ud835\uddba\ud835\uddc5","twitter_image":"https:\/\/urbeamea.ro\/albaiulia\/wp-content\/uploads\/2025\/05\/1000037802.jpg","twitter_creator":"@urbeameaweb","twitter_site":"@urbeameaweb","schema":{"@context":"https:\/\/schema.org","@graph":[{"@type":"Article","@id":"https:\/\/urbeamea.ro\/albaiulia\/porti-deschise-la-sediul-administrativ-al-judetului-alba\/#article","isPartOf":{"@id":"https:\/\/urbeamea.ro\/albaiulia\/porti-deschise-la-sediul-administrativ-al-judetului-alba\/"},"author":{"name":"Giurca Sorin","@id":"https:\/\/urbeamea.ro\/albaiulia\/#\/schema\/person\/5db3854ac38c1cc9f0ab4092d6a20f02"},"headline":"Por\u021bi deschise la Sediul Administrativ al Jude\u021bului Alba","datePublished":"2025-05-19T13:44:48+00:00","dateModified":"2025-05-19T13:44:49+00:00","mainEntityOfPage":{"@id":"https:\/\/urbeamea.ro\/albaiulia\/porti-deschise-la-sediul-administrativ-al-judetului-alba\/"},"wordCount":378,"commentCount":0,"image":{"@id":"https:\/\/urbeamea.ro\/albaiulia\/porti-deschise-la-sediul-administrativ-al-judetului-alba\/#primaryimage"},"thumbnailUrl":"https:\/\/urbeamea.ro\/albaiulia\/wp-content\/uploads\/2025\/05\/1000037802.jpg","keywords":["Sediul Administrativ al Jude\u021bului Alba"],"articleSection":["Cultur\u0103","Evenimente","Social","\u015etiri Urbane","Urbea Mea"],"inLanguage":"ro-RO","potentialAction":[{"@type":"CommentAction","name":"Comment","target":["https:\/\/urbeamea.ro\/albaiulia\/porti-deschise-la-sediul-administrativ-al-judetului-alba\/#respond"]}]},{"@type":"WebPage","@id":"https:\/\/urbeamea.ro\/albaiulia\/porti-deschise-la-sediul-administrativ-al-judetului-alba\/","url":"https:\/\/urbeamea.ro\/albaiulia\/porti-deschise-la-sediul-administrativ-al-judetului-alba\/","name":"Por\u021bi deschise la Sediul Administrativ al Jude\u021bului Alba - Revista Urbea Mea - Revista de Alba","isPartOf":{"@id":"https:\/\/urbeamea.ro\/albaiulia\/#website"},"primaryImageOfPage":{"@id":"https:\/\/urbeamea.ro\/albaiulia\/porti-deschise-la-sediul-administrativ-al-judetului-alba\/#primaryimage"},"image":{"@id":"https:\/\/urbeamea.ro\/albaiulia\/porti-deschise-la-sediul-administrativ-al-judetului-alba\/#primaryimage"},"thumbnailUrl":"https:\/\/urbeamea.ro\/albaiulia\/wp-content\/uploads\/2025\/05\/1000037802.jpg","datePublished":"2025-05-19T13:44:48+00:00","dateModified":"2025-05-19T13:44:49+00:00","author":{"@id":"https:\/\/urbeamea.ro\/albaiulia\/#\/schema\/person\/5db3854ac38c1cc9f0ab4092d6a20f02"},"description":"\ud835\udda4\ud835\uddbd\ud835\uddc2\ud835\uddcd\ud835\uddc2\ud835\uddbe \ud835\uddcc\ud835\uddc9\ud835\uddbe\ud835\uddbc\ud835\uddc2\ud835\uddba\ud835\uddc5\ud835\uddba \ud835\uddbd\ud835\uddbe\ud835\uddbd\ud835\uddc2\ud835\uddbc\ud835\uddba\ud835\uddcd\ud835\uddba ,,NOP\u021aII MUZEELOR\u201d, \ud835\uddbe\ud835\uddcf\ud835\uddbe\ud835\uddc7\ud835\uddc2\ud835\uddc6\ud835\uddbe\ud835\uddc7\ud835\uddcd\ud835\uddce\ud835\uddc5\ud835\uddce\ud835\uddc2 \ud835\uddba\ud835\uddc7\ud835\uddce\ud835\uddba\ud835\uddc5 \ud835\uddbc\ud835\uddce\ud835\uddc5\ud835\uddcd\ud835\uddce\ud835\uddcb\ud835\uddba\ud835\uddc5 \ud835\uddc9\ud835\uddba\ud835\uddcd\ud835\uddcb\ud835\uddc8\ud835\uddc7\ud835\uddba\ud835\uddcd \ud835\uddbd\ud835\uddbe \ud835\udda2\ud835\uddc8\ud835\uddc7\ud835\uddcc\ud835\uddc2\ud835\uddc5\ud835\uddc2\ud835\uddce\ud835\uddc5 \ud835\udda4\ud835\uddce\ud835\uddcb\ud835\uddc8\ud835\uddc9\ud835\uddbe\ud835\uddc2, \ud835\uddbd\ud835\uddbe \ud835\uddb4\ud835\uddad\ud835\udda4\ud835\uddb2\ud835\udda2\ud835\uddae \ud835\uddcc\ud835\uddc2 \ud835\uddbd\ud835\uddbe \ud835\udda2\ud835\uddc8\ud835\uddc7\ud835\uddcc\ud835\uddc2\ud835\uddc5\ud835\uddc2\ud835\uddce\ud835\uddc5 \ud835\udda8\ud835\uddc7\ud835\uddcd\ud835\uddbe\ud835\uddcb\ud835\uddc7\ud835\uddba\ud835\uddcd\ud835\uddc2\ud835\uddc8\ud835\uddc7\ud835\uddba\ud835\uddc5 \ud835\uddba\ud835\uddc5","breadcrumb":{"@id":"https:\/\/urbeamea.ro\/albaiulia\/porti-deschise-la-sediul-administrativ-al-judetului-alba\/#breadcrumb"},"inLanguage":"ro-RO","potentialAction":[{"@type":"ReadAction","target":["https:\/\/urbeamea.ro\/albaiulia\/porti-deschise-la-sediul-administrativ-al-judetului-alba\/"]}]},{"@type":"ImageObject","inLanguage":"ro-RO","@id":"https:\/\/urbeamea.ro\/albaiulia\/porti-deschise-la-sediul-administrativ-al-judetului-alba\/#primaryimage","url":"https:\/\/urbeamea.ro\/albaiulia\/wp-content\/uploads\/2025\/05\/1000037802.jpg","contentUrl":"https:\/\/urbeamea.ro\/albaiulia\/wp-content\/uploads\/2025\/05\/1000037802.jpg","width":1080,"height":720},{"@type":"BreadcrumbList","@id":"https:\/\/urbeamea.ro\/albaiulia\/porti-deschise-la-sediul-administrativ-al-judetului-alba\/#breadcrumb","itemListElement":[{"@type":"ListItem","position":1,"name":"Prima pagin\u0103","item":"https:\/\/urbeamea.ro\/albaiulia\/"},{"@type":"ListItem","position":2,"name":"Por\u021bi deschise la Sediul Administrativ al Jude\u021bului Alba"}]},{"@type":"WebSite","@id":"https:\/\/urbeamea.ro\/albaiulia\/#website","url":"https:\/\/urbeamea.ro\/albaiulia\/","name":"Revista Urbea Mea, Stiri urbane","description":"Evenimente \u0219i \u0219tiri din Alba Iulia, Sebe\u0219, Aiud, Blaj","potentialAction":[{"@type":"SearchAction","target":{"@type":"EntryPoint","urlTemplate":"https:\/\/urbeamea.ro\/albaiulia\/?s={search_term_string}"},"query-input":{"@type":"PropertyValueSpecification","valueRequired":true,"valueName":"search_term_string"}}],"inLanguage":"ro-RO"},{"@type":"Person","@id":"https:\/\/urbeamea.ro\/albaiulia\/#\/schema\/person\/5db3854ac38c1cc9f0ab4092d6a20f02","name":"Giurca Sorin","image":{"@type":"ImageObject","inLanguage":"ro-RO","@id":"https:\/\/secure.gravatar.com\/avatar\/120f6fcae7b3b47a7730cb9943f612f4909f68ac5284b5f40ac1c4615fd70576?s=96&d=mm&r=g","url":"https:\/\/secure.gravatar.com\/avatar\/120f6fcae7b3b47a7730cb9943f612f4909f68ac5284b5f40ac1c4615fd70576?s=96&d=mm&r=g","contentUrl":"https:\/\/secure.gravatar.com\/avatar\/120f6fcae7b3b47a7730cb9943f612f4909f68ac5284b5f40ac1c4615fd70576?s=96&d=mm&r=g","caption":"Giurca Sorin"},"url":"https:\/\/urbeamea.ro\/albaiulia\/author\/sorin\/"}]}},"_links":{"self":[{"href":"https:\/\/urbeamea.ro\/albaiulia\/wp-json\/wp\/v2\/posts\/117621","targetHints":{"allow":["GET"]}}],"collection":[{"href":"https:\/\/urbeamea.ro\/albaiulia\/wp-json\/wp\/v2\/posts"}],"about":[{"href":"https:\/\/urbeamea.ro\/albaiulia\/wp-json\/wp\/v2\/types\/post"}],"author":[{"embeddable":true,"href":"https:\/\/urbeamea.ro\/albaiulia\/wp-json\/wp\/v2\/users\/28"}],"replies":[{"embeddable":true,"href":"https:\/\/urbeamea.ro\/albaiulia\/wp-json\/wp\/v2\/comments?post=117621"}],"version-history":[{"count":1,"href":"https:\/\/urbeamea.ro\/albaiulia\/wp-json\/wp\/v2\/posts\/117621\/revisions"}],"predecessor-version":[{"id":117645,"href":"https:\/\/urbeamea.ro\/albaiulia\/wp-json\/wp\/v2\/posts\/117621\/revisions\/117645"}],"wp:featuredmedia":[{"embeddable":true,"href":"https:\/\/urbeamea.ro\/albaiulia\/wp-json\/wp\/v2\/media\/117636"}],"wp:attachment":[{"href":"https:\/\/urbeamea.ro\/albaiulia\/wp-json\/wp\/v2\/media?parent=117621"}],"wp:term":[{"taxonomy":"category","embeddable":true,"href":"https:\/\/urbeamea.ro\/albaiulia\/wp-json\/wp\/v2\/categories?post=117621"},{"taxonomy":"post_tag","embeddable":true,"href":"https:\/\/urbeamea.ro\/albaiulia\/wp-json\/wp\/v2\/tags?post=117621"}],"curies":[{"name":"wp","href":"https:\/\/api.w.org\/{rel}","templated":true}]}}