{"id":117655,"date":"2025-05-21T08:26:28","date_gmt":"2025-05-21T05:26:28","guid":{"rendered":"https:\/\/urbeamea.ro\/albaiulia\/?p=117655"},"modified":"2025-05-21T08:27:13","modified_gmt":"2025-05-21T05:27:13","slug":"a-fost-semnat-contractul-de-constructie-a-centrului-de-zi-orizonturi-situat-in-alba-iulia","status":"publish","type":"post","link":"https:\/\/urbeamea.ro\/albaiulia\/a-fost-semnat-contractul-de-constructie-a-centrului-de-zi-orizonturi-situat-in-alba-iulia\/","title":{"rendered":"A fost semnat contractul de construc\u021bie, a Centrului de Zi &#8222;Orizonturi&#8221;, situat \u00een Alba Iulia. Va fi destinat persoanelor adulte cu dizabilit\u0103\u021bi"},"content":{"rendered":"\n<p><strong>Mar\u021bi, a fost semnat contractul de construc\u021bie a Centrului de Zi &#8222;Orizonturi&#8221; situat \u00een Alba Iulia, dedicat persoanelor adulte cu dizabilit\u0103\u021bi.<\/strong><\/p>\n\n\n\n<p>Centrul va include o sal\u0103 de conferin\u021be, sal\u0103 multifunc\u021bional\u0103, salade mese, de kinoterapie,gr\u0103dina terapeutic\u0103 \u0219i o zon\u0103 cu aparate de fitness.<\/p>\n\n\n\n<p>Anun\u021bul a fost f\u0103cut de c\u0103tre primarul Gabriel Ple\u0219a, prin intermediul paginii de socializare <\/p>\n\n\n\n<p>&#8222;Alba Iulia construie\u0219te un viitor mai bun pentru to\u021bi \u2013  peste 4,8 milioane lei investi\u021bi \u00een proiectul Centrul de Zi \u201eORIZONTURI\u201d pentru persoane adulte cu dizabilit\u0103\u021bi Ve\u0219ti excelente pentru comunitatea noastr\u0103! <\/p>\n\n\n\n<p>Municipiul Alba Iulia face un pas hot\u0103r\u00e2t spre incluziune, demnitate \u0219i grij\u0103 fa\u021b\u0103 de semeni: demar\u0103m proiectul Centrul de Zi \u201eORIZONTURI\u201d, un spa\u021biu modern, primitor \u0219i dedicat persoanelor adulte cu dizabilit\u0103\u021bi. <\/p>\n\n\n\n<p>Ast\u0103zi am semnat contractul av\u00e2nd ca obiect serviciile de proiectare \u0219i execu\u021bie lucr\u0103ri pentru construc\u021bia cl\u0103dirii care va g\u0103zdui Centrul \u201dOrizonturi\u201d, \u00een valoare de 2.803.732,64 lei, f\u0103r\u0103 TVA. <\/p>\n\n\n\n<p>Acest centru nu este doar o cl\u0103dire \u2013 este o declara\u021bie de solidaritate \u0219i respect, un loc \u00een care fiecare om conteaz\u0103, este ascultat, sprijinit \u0219i \u00eencurajat s\u0103-\u0219i ating\u0103 poten\u021bialul. Vorbim de un nou serviciu social adresat albaiulienilor, pe l\u00e2ng\u0103 cele existente adresate copiilor \u0219i v\u00e2rstnicilor \u0219i anume centru de zi pentru persoanele adulte cu dizabilit\u0103\u021bi,  prin construirea \u0219i dotarea  unei cl\u0103diri la standardele nZEB+. <\/p>\n\n\n\n<p>Scopul proiectului este cre\u0219terea calit\u0103\u021bii vie\u021bii persoanelor cu dizabilit\u0103\u021bi \u0219i prevenirea institu\u021bionaliz\u0103rii acestora<\/p>\n\n\n\n<p> Dup\u0103 finalizarea perioadei de implementare, Direc\u021bia de Asisten\u021b\u0103 Social\u0103 Alba Iulia va  asigura sustenabilitatea centrului pentru o perioad\u0103 de cel pu\u021bin 10 ani.Pe strada Lalelelor, \u00eentr-o zon\u0103 lini\u0219tit\u0103 din municipiul Alba Iulia, vom construi o cl\u0103dire prietenoas\u0103, la standarde nZEB+ (cu eficien\u021b\u0103 energetic\u0103 ridicat\u0103), cu func\u021bionalit\u0103\u021bi esen\u021biale pentru dezvoltarea \u0219i bun\u0103starea beneficiarilor. <\/p>\n\n\n\n<p>Spa\u021biul va include: sal\u0103 de conferin\u021be \u0219i sal\u0103 multifunc\u021bional\u0103, atelier pentru activit\u0103\u021bi creative \u0219i educative, sal\u0103 de mese \u0219i zon\u0103 de relaxare, sal\u0103 de kinetoterapie \/ abilitare precum \u0219i cabinete de consiliere psihologic\u0103 \u0219i asisten\u021b\u0103 medical\u0103.<\/p>\n\n\n\n<p>\u00cen zona exterioar\u0103, proiectul prevede o amenajare peisagistic\u0103 g\u00e2ndit\u0103 special pentru nevoile persoanelor cu dizabilit\u0103\u021bi: zone verzi cu arbori, arbu\u0219ti \u0219i flori, gr\u0103din\u0103 terapeutic\u0103 \u2013 un spa\u021biu destinat relax\u0103rii \u0219i terapiei ocupa\u021bionale, cu beneficii dovedite: reducerea stresului, sc\u0103derea tensiunii arteriale \u0219i \u00eembun\u0103t\u0103\u021birea st\u0103rii psihice \u0219i o zon\u0103 de loisir cu aparate fitness \u00een aer liber \u2013 pentru men\u021binerea tonusului fizic \u0219i a energiei de zi cu zi. <\/p>\n\n\n\n<p>Ne dorim ca acest proiect s\u0103 devin\u0103 un model de bune practici pentru administra\u021biile din \u00eentreaga regiune. <\/p>\n\n\n\n<p>Proiectul este finan\u021bat prin PNRR \u0219i bugetul local, iar valoarea total\u0103 a finan\u021b\u0103rii nerambursabile a proiectului este de 4.882.022,84 lei, din care valoare eligibil\u0103 din PNRR (f\u0103r\u0103 TVA) 4.108.798,00 lei \u0219i valoare TVA aferent\u0103 cheltuielilor eligibile din PNRR 773.224,84 lei, conform bugetului proiectului. <\/p>\n\n\n\n<p>La contribu\u021bia asigurat\u0103 de PNRR se adaug\u0103 contribu\u021bia proprie a Municipiului Alba Iulia, care const\u0103 \u00een cheltuielile neeligibile care pot ap\u0103rea pe durata implement\u0103rii proiectului, sume ce vor fi asigurate din bugetul local al Municipiului Alba Iulia.<\/p>\n\n\n\n<p>\u00cempreun\u0103 construim un ora\u0219 \u00een care fiecare om are un loc, un sprijin \u0219i un orizont deschis spre o via\u021b\u0103 mai bun\u0103.<\/p>\n\n\n\n<figure class=\"wp-block-gallery has-nested-images columns-default is-cropped wp-block-gallery-1 is-layout-flex wp-block-gallery-is-layout-flex\">\n<figure class=\"wp-block-image size-large\"><img loading=\"lazy\" decoding=\"async\" width=\"1000\" height=\"1280\" data-id=\"117669\" src=\"https:\/\/urbeamea.ro\/albaiulia\/wp-content\/uploads\/2025\/05\/1000037949-1000x1280.jpg\" alt=\"\" class=\"wp-image-117669\" srcset=\"https:\/\/urbeamea.ro\/albaiulia\/wp-content\/uploads\/2025\/05\/1000037949-1000x1280.jpg 1000w, https:\/\/urbeamea.ro\/albaiulia\/wp-content\/uploads\/2025\/05\/1000037949-500x640.jpg 500w, https:\/\/urbeamea.ro\/albaiulia\/wp-content\/uploads\/2025\/05\/1000037949-117x150.jpg 117w, https:\/\/urbeamea.ro\/albaiulia\/wp-content\/uploads\/2025\/05\/1000037949-768x983.jpg 768w, https:\/\/urbeamea.ro\/albaiulia\/wp-content\/uploads\/2025\/05\/1000037949.jpg 1080w\" sizes=\"auto, (max-width: 1000px) 100vw, 1000px\" \/><\/figure>\n\n\n\n<figure class=\"wp-block-image size-large\"><img loading=\"lazy\" decoding=\"async\" width=\"1080\" height=\"801\" data-id=\"117670\" src=\"https:\/\/urbeamea.ro\/albaiulia\/wp-content\/uploads\/2025\/05\/1000037948.jpg\" alt=\"\" class=\"wp-image-117670\" srcset=\"https:\/\/urbeamea.ro\/albaiulia\/wp-content\/uploads\/2025\/05\/1000037948.jpg 1080w, https:\/\/urbeamea.ro\/albaiulia\/wp-content\/uploads\/2025\/05\/1000037948-640x475.jpg 640w, https:\/\/urbeamea.ro\/albaiulia\/wp-content\/uploads\/2025\/05\/1000037948-150x111.jpg 150w, https:\/\/urbeamea.ro\/albaiulia\/wp-content\/uploads\/2025\/05\/1000037948-768x570.jpg 768w\" sizes=\"auto, (max-width: 1080px) 100vw, 1080px\" \/><\/figure>\n\n\n\n<figure class=\"wp-block-image size-large\"><img loading=\"lazy\" decoding=\"async\" width=\"1078\" height=\"780\" data-id=\"117671\" src=\"https:\/\/urbeamea.ro\/albaiulia\/wp-content\/uploads\/2025\/05\/1000037947.jpg\" alt=\"\" class=\"wp-image-117671\" srcset=\"https:\/\/urbeamea.ro\/albaiulia\/wp-content\/uploads\/2025\/05\/1000037947.jpg 1078w, https:\/\/urbeamea.ro\/albaiulia\/wp-content\/uploads\/2025\/05\/1000037947-640x463.jpg 640w, https:\/\/urbeamea.ro\/albaiulia\/wp-content\/uploads\/2025\/05\/1000037947-150x109.jpg 150w, https:\/\/urbeamea.ro\/albaiulia\/wp-content\/uploads\/2025\/05\/1000037947-768x556.jpg 768w\" sizes=\"auto, (max-width: 1078px) 100vw, 1078px\" \/><\/figure>\n\n\n\n<figure class=\"wp-block-image size-large\"><img loading=\"lazy\" decoding=\"async\" width=\"1080\" height=\"610\" data-id=\"117672\" src=\"https:\/\/urbeamea.ro\/albaiulia\/wp-content\/uploads\/2025\/05\/1000037950.jpg\" alt=\"\" class=\"wp-image-117672\" srcset=\"https:\/\/urbeamea.ro\/albaiulia\/wp-content\/uploads\/2025\/05\/1000037950.jpg 1080w, https:\/\/urbeamea.ro\/albaiulia\/wp-content\/uploads\/2025\/05\/1000037950-640x361.jpg 640w, https:\/\/urbeamea.ro\/albaiulia\/wp-content\/uploads\/2025\/05\/1000037950-150x85.jpg 150w, https:\/\/urbeamea.ro\/albaiulia\/wp-content\/uploads\/2025\/05\/1000037950-768x434.jpg 768w, https:\/\/urbeamea.ro\/albaiulia\/wp-content\/uploads\/2025\/05\/1000037950-390x220.jpg 390w\" sizes=\"auto, (max-width: 1080px) 100vw, 1080px\" \/><\/figure>\n\n\n\n<figure class=\"wp-block-image size-large\"><img loading=\"lazy\" decoding=\"async\" width=\"1080\" height=\"810\" data-id=\"117673\" src=\"https:\/\/urbeamea.ro\/albaiulia\/wp-content\/uploads\/2025\/05\/1000037951.jpg\" alt=\"\" class=\"wp-image-117673\" srcset=\"https:\/\/urbeamea.ro\/albaiulia\/wp-content\/uploads\/2025\/05\/1000037951.jpg 1080w, https:\/\/urbeamea.ro\/albaiulia\/wp-content\/uploads\/2025\/05\/1000037951-640x480.jpg 640w, https:\/\/urbeamea.ro\/albaiulia\/wp-content\/uploads\/2025\/05\/1000037951-150x113.jpg 150w, https:\/\/urbeamea.ro\/albaiulia\/wp-content\/uploads\/2025\/05\/1000037951-768x576.jpg 768w\" sizes=\"auto, (max-width: 1080px) 100vw, 1080px\" \/><\/figure>\n\n\n\n<figure class=\"wp-block-image size-large\"><img loading=\"lazy\" decoding=\"async\" width=\"960\" height=\"1280\" data-id=\"117674\" src=\"https:\/\/urbeamea.ro\/albaiulia\/wp-content\/uploads\/2025\/05\/1000037952-960x1280.jpg\" alt=\"\" class=\"wp-image-117674\" srcset=\"https:\/\/urbeamea.ro\/albaiulia\/wp-content\/uploads\/2025\/05\/1000037952-960x1280.jpg 960w, https:\/\/urbeamea.ro\/albaiulia\/wp-content\/uploads\/2025\/05\/1000037952-480x640.jpg 480w, https:\/\/urbeamea.ro\/albaiulia\/wp-content\/uploads\/2025\/05\/1000037952-113x150.jpg 113w, https:\/\/urbeamea.ro\/albaiulia\/wp-content\/uploads\/2025\/05\/1000037952-768x1024.jpg 768w, https:\/\/urbeamea.ro\/albaiulia\/wp-content\/uploads\/2025\/05\/1000037952.jpg 1080w\" sizes=\"auto, (max-width: 960px) 100vw, 960px\" \/><\/figure>\n<\/figure>\n\n\n\n<p><\/p>\n","protected":false},"excerpt":{"rendered":"<p>Mar\u021bi, a fost semnat contractul de construc\u021bie a Centrului de Zi &#8222;Orizonturi&#8221; situat \u00een Alba Iulia, dedicat persoanelor adulte cu dizabilit\u0103\u021bi. Centrul va include o sal\u0103 de conferin\u021be, sal\u0103 multifunc\u021bional\u0103, salade mese, de kinoterapie,gr\u0103dina terapeutic\u0103 \u0219i o zon\u0103 cu aparate de fitness. Anun\u021bul a fost f\u0103cut de c\u0103tre primarul Gabriel Ple\u0219a, prin intermediul paginii de &hellip;<\/p>\n","protected":false},"author":28,"featured_media":117671,"comment_status":"open","ping_status":"open","sticky":false,"template":"","format":"standard","meta":{"inline_featured_image":false,"footnotes":""},"categories":[2035,255,2034,1,16344],"tags":[1606],"class_list":["post-117655","post","type-post","status-publish","format-standard","has-post-thumbnail","hentry","category-administratie","category-sanatate","category-social","category-stiri-urbane","category-urbea-mea","tag-centrul-de-zi"],"yoast_head":"<!-- This site is optimized with the Yoast SEO plugin v27.4 - https:\/\/yoast.com\/product\/yoast-seo-wordpress\/ -->\n<title>A fost semnat contractul de construc\u021bie, a Centrului de Zi &quot;Orizonturi&quot;, situat \u00een Alba Iulia. Va fi destinat persoanelor adulte cu dizabilit\u0103\u021bi - Revista Urbea Mea - Revista de Alba<\/title>\n<meta name=\"description\" content=\"Mar\u021bi, a fost semnat contractul de construc\u021bie a Centrului de Zi &quot;Orizonturi&quot; situat \u00een Alba Iulia, dedicat persoanelor adulte cu dizabilit\u0103\u021bi. Centrul va\" \/>\n<meta name=\"robots\" content=\"index, follow, max-snippet:-1, max-image-preview:large, max-video-preview:-1\" \/>\n<link rel=\"canonical\" href=\"https:\/\/urbeamea.ro\/albaiulia\/a-fost-semnat-contractul-de-constructie-a-centrului-de-zi-orizonturi-situat-in-alba-iulia\/\" \/>\n<meta name=\"twitter:card\" content=\"summary_large_image\" \/>\n<meta name=\"twitter:title\" content=\"A fost semnat contractul de construc\u021bie, a Centrului de Zi &quot;Orizonturi&quot;, situat \u00een Alba Iulia. Va fi destinat persoanelor adulte cu dizabilit\u0103\u021bi - Revista Urbea Mea - Revista de Alba\" \/>\n<meta name=\"twitter:description\" content=\"Mar\u021bi, a fost semnat contractul de construc\u021bie a Centrului de Zi &quot;Orizonturi&quot; situat \u00een Alba Iulia, dedicat persoanelor adulte cu dizabilit\u0103\u021bi. Centrul va\" \/>\n<meta name=\"twitter:image\" content=\"https:\/\/urbeamea.ro\/albaiulia\/wp-content\/uploads\/2025\/05\/1000037947.jpg\" \/>\n<meta name=\"twitter:creator\" content=\"@urbeameaweb\" \/>\n<meta name=\"twitter:site\" content=\"@urbeameaweb\" \/>\n<script type=\"application\/ld+json\" class=\"yoast-schema-graph\">{\"@context\":\"https:\\\/\\\/schema.org\",\"@graph\":[{\"@type\":\"Article\",\"@id\":\"https:\\\/\\\/urbeamea.ro\\\/albaiulia\\\/a-fost-semnat-contractul-de-constructie-a-centrului-de-zi-orizonturi-situat-in-alba-iulia\\\/#article\",\"isPartOf\":{\"@id\":\"https:\\\/\\\/urbeamea.ro\\\/albaiulia\\\/a-fost-semnat-contractul-de-constructie-a-centrului-de-zi-orizonturi-situat-in-alba-iulia\\\/\"},\"author\":{\"name\":\"Giurca Sorin\",\"@id\":\"https:\\\/\\\/urbeamea.ro\\\/albaiulia\\\/#\\\/schema\\\/person\\\/5db3854ac38c1cc9f0ab4092d6a20f02\"},\"headline\":\"A fost semnat contractul de construc\u021bie, a Centrului de Zi &#8222;Orizonturi&#8221;, situat \u00een Alba Iulia. Va fi destinat persoanelor adulte cu dizabilit\u0103\u021bi\",\"datePublished\":\"2025-05-21T05:26:28+00:00\",\"dateModified\":\"2025-05-21T05:27:13+00:00\",\"mainEntityOfPage\":{\"@id\":\"https:\\\/\\\/urbeamea.ro\\\/albaiulia\\\/a-fost-semnat-contractul-de-constructie-a-centrului-de-zi-orizonturi-situat-in-alba-iulia\\\/\"},\"wordCount\":588,\"commentCount\":0,\"image\":{\"@id\":\"https:\\\/\\\/urbeamea.ro\\\/albaiulia\\\/a-fost-semnat-contractul-de-constructie-a-centrului-de-zi-orizonturi-situat-in-alba-iulia\\\/#primaryimage\"},\"thumbnailUrl\":\"https:\\\/\\\/urbeamea.ro\\\/albaiulia\\\/wp-content\\\/uploads\\\/2025\\\/05\\\/1000037947.jpg\",\"keywords\":[\"centrul de zi\"],\"articleSection\":[\"Administra\u021bie\",\"S\u0103n\u0103tate\",\"Social\",\"\u015etiri Urbane\",\"Urbea Mea\"],\"inLanguage\":\"ro-RO\",\"potentialAction\":[{\"@type\":\"CommentAction\",\"name\":\"Comment\",\"target\":[\"https:\\\/\\\/urbeamea.ro\\\/albaiulia\\\/a-fost-semnat-contractul-de-constructie-a-centrului-de-zi-orizonturi-situat-in-alba-iulia\\\/#respond\"]}]},{\"@type\":\"WebPage\",\"@id\":\"https:\\\/\\\/urbeamea.ro\\\/albaiulia\\\/a-fost-semnat-contractul-de-constructie-a-centrului-de-zi-orizonturi-situat-in-alba-iulia\\\/\",\"url\":\"https:\\\/\\\/urbeamea.ro\\\/albaiulia\\\/a-fost-semnat-contractul-de-constructie-a-centrului-de-zi-orizonturi-situat-in-alba-iulia\\\/\",\"name\":\"A fost semnat contractul de construc\u021bie, a Centrului de Zi \\\"Orizonturi\\\", situat \u00een Alba Iulia. Va fi destinat persoanelor adulte cu dizabilit\u0103\u021bi - Revista Urbea Mea - Revista de Alba\",\"isPartOf\":{\"@id\":\"https:\\\/\\\/urbeamea.ro\\\/albaiulia\\\/#website\"},\"primaryImageOfPage\":{\"@id\":\"https:\\\/\\\/urbeamea.ro\\\/albaiulia\\\/a-fost-semnat-contractul-de-constructie-a-centrului-de-zi-orizonturi-situat-in-alba-iulia\\\/#primaryimage\"},\"image\":{\"@id\":\"https:\\\/\\\/urbeamea.ro\\\/albaiulia\\\/a-fost-semnat-contractul-de-constructie-a-centrului-de-zi-orizonturi-situat-in-alba-iulia\\\/#primaryimage\"},\"thumbnailUrl\":\"https:\\\/\\\/urbeamea.ro\\\/albaiulia\\\/wp-content\\\/uploads\\\/2025\\\/05\\\/1000037947.jpg\",\"datePublished\":\"2025-05-21T05:26:28+00:00\",\"dateModified\":\"2025-05-21T05:27:13+00:00\",\"author\":{\"@id\":\"https:\\\/\\\/urbeamea.ro\\\/albaiulia\\\/#\\\/schema\\\/person\\\/5db3854ac38c1cc9f0ab4092d6a20f02\"},\"description\":\"Mar\u021bi, a fost semnat contractul de construc\u021bie a Centrului de Zi \\\"Orizonturi\\\" situat \u00een Alba Iulia, dedicat persoanelor adulte cu dizabilit\u0103\u021bi. Centrul va\",\"breadcrumb\":{\"@id\":\"https:\\\/\\\/urbeamea.ro\\\/albaiulia\\\/a-fost-semnat-contractul-de-constructie-a-centrului-de-zi-orizonturi-situat-in-alba-iulia\\\/#breadcrumb\"},\"inLanguage\":\"ro-RO\",\"potentialAction\":[{\"@type\":\"ReadAction\",\"target\":[\"https:\\\/\\\/urbeamea.ro\\\/albaiulia\\\/a-fost-semnat-contractul-de-constructie-a-centrului-de-zi-orizonturi-situat-in-alba-iulia\\\/\"]}]},{\"@type\":\"ImageObject\",\"inLanguage\":\"ro-RO\",\"@id\":\"https:\\\/\\\/urbeamea.ro\\\/albaiulia\\\/a-fost-semnat-contractul-de-constructie-a-centrului-de-zi-orizonturi-situat-in-alba-iulia\\\/#primaryimage\",\"url\":\"https:\\\/\\\/urbeamea.ro\\\/albaiulia\\\/wp-content\\\/uploads\\\/2025\\\/05\\\/1000037947.jpg\",\"contentUrl\":\"https:\\\/\\\/urbeamea.ro\\\/albaiulia\\\/wp-content\\\/uploads\\\/2025\\\/05\\\/1000037947.jpg\",\"width\":1078,\"height\":780},{\"@type\":\"BreadcrumbList\",\"@id\":\"https:\\\/\\\/urbeamea.ro\\\/albaiulia\\\/a-fost-semnat-contractul-de-constructie-a-centrului-de-zi-orizonturi-situat-in-alba-iulia\\\/#breadcrumb\",\"itemListElement\":[{\"@type\":\"ListItem\",\"position\":1,\"name\":\"Prima pagin\u0103\",\"item\":\"https:\\\/\\\/urbeamea.ro\\\/albaiulia\\\/\"},{\"@type\":\"ListItem\",\"position\":2,\"name\":\"A fost semnat contractul de construc\u021bie, a Centrului de Zi &#8222;Orizonturi&#8221;, situat \u00een Alba Iulia. Va fi destinat persoanelor adulte cu dizabilit\u0103\u021bi\"}]},{\"@type\":\"WebSite\",\"@id\":\"https:\\\/\\\/urbeamea.ro\\\/albaiulia\\\/#website\",\"url\":\"https:\\\/\\\/urbeamea.ro\\\/albaiulia\\\/\",\"name\":\"Revista Urbea Mea, Stiri urbane\",\"description\":\"Evenimente \u0219i \u0219tiri din Alba Iulia, Sebe\u0219, Aiud, Blaj\",\"potentialAction\":[{\"@type\":\"SearchAction\",\"target\":{\"@type\":\"EntryPoint\",\"urlTemplate\":\"https:\\\/\\\/urbeamea.ro\\\/albaiulia\\\/?s={search_term_string}\"},\"query-input\":{\"@type\":\"PropertyValueSpecification\",\"valueRequired\":true,\"valueName\":\"search_term_string\"}}],\"inLanguage\":\"ro-RO\"},{\"@type\":\"Person\",\"@id\":\"https:\\\/\\\/urbeamea.ro\\\/albaiulia\\\/#\\\/schema\\\/person\\\/5db3854ac38c1cc9f0ab4092d6a20f02\",\"name\":\"Giurca Sorin\",\"image\":{\"@type\":\"ImageObject\",\"inLanguage\":\"ro-RO\",\"@id\":\"https:\\\/\\\/secure.gravatar.com\\\/avatar\\\/120f6fcae7b3b47a7730cb9943f612f4909f68ac5284b5f40ac1c4615fd70576?s=96&d=mm&r=g\",\"url\":\"https:\\\/\\\/secure.gravatar.com\\\/avatar\\\/120f6fcae7b3b47a7730cb9943f612f4909f68ac5284b5f40ac1c4615fd70576?s=96&d=mm&r=g\",\"contentUrl\":\"https:\\\/\\\/secure.gravatar.com\\\/avatar\\\/120f6fcae7b3b47a7730cb9943f612f4909f68ac5284b5f40ac1c4615fd70576?s=96&d=mm&r=g\",\"caption\":\"Giurca Sorin\"},\"url\":\"https:\\\/\\\/urbeamea.ro\\\/albaiulia\\\/author\\\/sorin\\\/\"}]}<\/script>\n<!-- \/ Yoast SEO plugin. -->","yoast_head_json":{"title":"A fost semnat contractul de construc\u021bie, a Centrului de Zi \"Orizonturi\", situat \u00een Alba Iulia. Va fi destinat persoanelor adulte cu dizabilit\u0103\u021bi - Revista Urbea Mea - Revista de Alba","description":"Mar\u021bi, a fost semnat contractul de construc\u021bie a Centrului de Zi \"Orizonturi\" situat \u00een Alba Iulia, dedicat persoanelor adulte cu dizabilit\u0103\u021bi. Centrul va","robots":{"index":"index","follow":"follow","max-snippet":"max-snippet:-1","max-image-preview":"max-image-preview:large","max-video-preview":"max-video-preview:-1"},"canonical":"https:\/\/urbeamea.ro\/albaiulia\/a-fost-semnat-contractul-de-constructie-a-centrului-de-zi-orizonturi-situat-in-alba-iulia\/","twitter_card":"summary_large_image","twitter_title":"A fost semnat contractul de construc\u021bie, a Centrului de Zi \"Orizonturi\", situat \u00een Alba Iulia. Va fi destinat persoanelor adulte cu dizabilit\u0103\u021bi - Revista Urbea Mea - Revista de Alba","twitter_description":"Mar\u021bi, a fost semnat contractul de construc\u021bie a Centrului de Zi \"Orizonturi\" situat \u00een Alba Iulia, dedicat persoanelor adulte cu dizabilit\u0103\u021bi. Centrul va","twitter_image":"https:\/\/urbeamea.ro\/albaiulia\/wp-content\/uploads\/2025\/05\/1000037947.jpg","twitter_creator":"@urbeameaweb","twitter_site":"@urbeameaweb","schema":{"@context":"https:\/\/schema.org","@graph":[{"@type":"Article","@id":"https:\/\/urbeamea.ro\/albaiulia\/a-fost-semnat-contractul-de-constructie-a-centrului-de-zi-orizonturi-situat-in-alba-iulia\/#article","isPartOf":{"@id":"https:\/\/urbeamea.ro\/albaiulia\/a-fost-semnat-contractul-de-constructie-a-centrului-de-zi-orizonturi-situat-in-alba-iulia\/"},"author":{"name":"Giurca Sorin","@id":"https:\/\/urbeamea.ro\/albaiulia\/#\/schema\/person\/5db3854ac38c1cc9f0ab4092d6a20f02"},"headline":"A fost semnat contractul de construc\u021bie, a Centrului de Zi &#8222;Orizonturi&#8221;, situat \u00een Alba Iulia. Va fi destinat persoanelor adulte cu dizabilit\u0103\u021bi","datePublished":"2025-05-21T05:26:28+00:00","dateModified":"2025-05-21T05:27:13+00:00","mainEntityOfPage":{"@id":"https:\/\/urbeamea.ro\/albaiulia\/a-fost-semnat-contractul-de-constructie-a-centrului-de-zi-orizonturi-situat-in-alba-iulia\/"},"wordCount":588,"commentCount":0,"image":{"@id":"https:\/\/urbeamea.ro\/albaiulia\/a-fost-semnat-contractul-de-constructie-a-centrului-de-zi-orizonturi-situat-in-alba-iulia\/#primaryimage"},"thumbnailUrl":"https:\/\/urbeamea.ro\/albaiulia\/wp-content\/uploads\/2025\/05\/1000037947.jpg","keywords":["centrul de zi"],"articleSection":["Administra\u021bie","S\u0103n\u0103tate","Social","\u015etiri Urbane","Urbea Mea"],"inLanguage":"ro-RO","potentialAction":[{"@type":"CommentAction","name":"Comment","target":["https:\/\/urbeamea.ro\/albaiulia\/a-fost-semnat-contractul-de-constructie-a-centrului-de-zi-orizonturi-situat-in-alba-iulia\/#respond"]}]},{"@type":"WebPage","@id":"https:\/\/urbeamea.ro\/albaiulia\/a-fost-semnat-contractul-de-constructie-a-centrului-de-zi-orizonturi-situat-in-alba-iulia\/","url":"https:\/\/urbeamea.ro\/albaiulia\/a-fost-semnat-contractul-de-constructie-a-centrului-de-zi-orizonturi-situat-in-alba-iulia\/","name":"A fost semnat contractul de construc\u021bie, a Centrului de Zi \"Orizonturi\", situat \u00een Alba Iulia. Va fi destinat persoanelor adulte cu dizabilit\u0103\u021bi - Revista Urbea Mea - Revista de Alba","isPartOf":{"@id":"https:\/\/urbeamea.ro\/albaiulia\/#website"},"primaryImageOfPage":{"@id":"https:\/\/urbeamea.ro\/albaiulia\/a-fost-semnat-contractul-de-constructie-a-centrului-de-zi-orizonturi-situat-in-alba-iulia\/#primaryimage"},"image":{"@id":"https:\/\/urbeamea.ro\/albaiulia\/a-fost-semnat-contractul-de-constructie-a-centrului-de-zi-orizonturi-situat-in-alba-iulia\/#primaryimage"},"thumbnailUrl":"https:\/\/urbeamea.ro\/albaiulia\/wp-content\/uploads\/2025\/05\/1000037947.jpg","datePublished":"2025-05-21T05:26:28+00:00","dateModified":"2025-05-21T05:27:13+00:00","author":{"@id":"https:\/\/urbeamea.ro\/albaiulia\/#\/schema\/person\/5db3854ac38c1cc9f0ab4092d6a20f02"},"description":"Mar\u021bi, a fost semnat contractul de construc\u021bie a Centrului de Zi \"Orizonturi\" situat \u00een Alba Iulia, dedicat persoanelor adulte cu dizabilit\u0103\u021bi. Centrul va","breadcrumb":{"@id":"https:\/\/urbeamea.ro\/albaiulia\/a-fost-semnat-contractul-de-constructie-a-centrului-de-zi-orizonturi-situat-in-alba-iulia\/#breadcrumb"},"inLanguage":"ro-RO","potentialAction":[{"@type":"ReadAction","target":["https:\/\/urbeamea.ro\/albaiulia\/a-fost-semnat-contractul-de-constructie-a-centrului-de-zi-orizonturi-situat-in-alba-iulia\/"]}]},{"@type":"ImageObject","inLanguage":"ro-RO","@id":"https:\/\/urbeamea.ro\/albaiulia\/a-fost-semnat-contractul-de-constructie-a-centrului-de-zi-orizonturi-situat-in-alba-iulia\/#primaryimage","url":"https:\/\/urbeamea.ro\/albaiulia\/wp-content\/uploads\/2025\/05\/1000037947.jpg","contentUrl":"https:\/\/urbeamea.ro\/albaiulia\/wp-content\/uploads\/2025\/05\/1000037947.jpg","width":1078,"height":780},{"@type":"BreadcrumbList","@id":"https:\/\/urbeamea.ro\/albaiulia\/a-fost-semnat-contractul-de-constructie-a-centrului-de-zi-orizonturi-situat-in-alba-iulia\/#breadcrumb","itemListElement":[{"@type":"ListItem","position":1,"name":"Prima pagin\u0103","item":"https:\/\/urbeamea.ro\/albaiulia\/"},{"@type":"ListItem","position":2,"name":"A fost semnat contractul de construc\u021bie, a Centrului de Zi &#8222;Orizonturi&#8221;, situat \u00een Alba Iulia. Va fi destinat persoanelor adulte cu dizabilit\u0103\u021bi"}]},{"@type":"WebSite","@id":"https:\/\/urbeamea.ro\/albaiulia\/#website","url":"https:\/\/urbeamea.ro\/albaiulia\/","name":"Revista Urbea Mea, Stiri urbane","description":"Evenimente \u0219i \u0219tiri din Alba Iulia, Sebe\u0219, Aiud, Blaj","potentialAction":[{"@type":"SearchAction","target":{"@type":"EntryPoint","urlTemplate":"https:\/\/urbeamea.ro\/albaiulia\/?s={search_term_string}"},"query-input":{"@type":"PropertyValueSpecification","valueRequired":true,"valueName":"search_term_string"}}],"inLanguage":"ro-RO"},{"@type":"Person","@id":"https:\/\/urbeamea.ro\/albaiulia\/#\/schema\/person\/5db3854ac38c1cc9f0ab4092d6a20f02","name":"Giurca Sorin","image":{"@type":"ImageObject","inLanguage":"ro-RO","@id":"https:\/\/secure.gravatar.com\/avatar\/120f6fcae7b3b47a7730cb9943f612f4909f68ac5284b5f40ac1c4615fd70576?s=96&d=mm&r=g","url":"https:\/\/secure.gravatar.com\/avatar\/120f6fcae7b3b47a7730cb9943f612f4909f68ac5284b5f40ac1c4615fd70576?s=96&d=mm&r=g","contentUrl":"https:\/\/secure.gravatar.com\/avatar\/120f6fcae7b3b47a7730cb9943f612f4909f68ac5284b5f40ac1c4615fd70576?s=96&d=mm&r=g","caption":"Giurca Sorin"},"url":"https:\/\/urbeamea.ro\/albaiulia\/author\/sorin\/"}]}},"_links":{"self":[{"href":"https:\/\/urbeamea.ro\/albaiulia\/wp-json\/wp\/v2\/posts\/117655","targetHints":{"allow":["GET"]}}],"collection":[{"href":"https:\/\/urbeamea.ro\/albaiulia\/wp-json\/wp\/v2\/posts"}],"about":[{"href":"https:\/\/urbeamea.ro\/albaiulia\/wp-json\/wp\/v2\/types\/post"}],"author":[{"embeddable":true,"href":"https:\/\/urbeamea.ro\/albaiulia\/wp-json\/wp\/v2\/users\/28"}],"replies":[{"embeddable":true,"href":"https:\/\/urbeamea.ro\/albaiulia\/wp-json\/wp\/v2\/comments?post=117655"}],"version-history":[{"count":2,"href":"https:\/\/urbeamea.ro\/albaiulia\/wp-json\/wp\/v2\/posts\/117655\/revisions"}],"predecessor-version":[{"id":117676,"href":"https:\/\/urbeamea.ro\/albaiulia\/wp-json\/wp\/v2\/posts\/117655\/revisions\/117676"}],"wp:featuredmedia":[{"embeddable":true,"href":"https:\/\/urbeamea.ro\/albaiulia\/wp-json\/wp\/v2\/media\/117671"}],"wp:attachment":[{"href":"https:\/\/urbeamea.ro\/albaiulia\/wp-json\/wp\/v2\/media?parent=117655"}],"wp:term":[{"taxonomy":"category","embeddable":true,"href":"https:\/\/urbeamea.ro\/albaiulia\/wp-json\/wp\/v2\/categories?post=117655"},{"taxonomy":"post_tag","embeddable":true,"href":"https:\/\/urbeamea.ro\/albaiulia\/wp-json\/wp\/v2\/tags?post=117655"}],"curies":[{"name":"wp","href":"https:\/\/api.w.org\/{rel}","templated":true}]}}