{"id":117656,"date":"2025-05-20T21:33:09","date_gmt":"2025-05-20T18:33:09","guid":{"rendered":"https:\/\/urbeamea.ro\/albaiulia\/?p=117656"},"modified":"2025-05-20T21:33:10","modified_gmt":"2025-05-20T18:33:10","slug":"primul-eveniment-major-al-sezonului-turistic-la-alba-iulia-incepe-joi-22-25-mai-imagine-fest-amplifica-in-toata-romania-sunetul-cetatii-alba-carolina","status":"publish","type":"post","link":"https:\/\/urbeamea.ro\/albaiulia\/primul-eveniment-major-al-sezonului-turistic-la-alba-iulia-incepe-joi-22-25-mai-imagine-fest-amplifica-in-toata-romania-sunetul-cetatii-alba-carolina\/","title":{"rendered":"Primul eveniment major al sezonului turistic la Alba Iulia \u00eencepe joi: 22-25 mai: IMAGINE FEST amplific\u0103 \u00een toat\u0103 Rom\u00e2nia sunetul Cet\u0103\u021bii Alba Carolina"},"content":{"rendered":"\n<p>Concerte, v\u00e2n\u0103tori de comori, emisiuni radio live din loca\u021bii neconven\u021bionale, set-uri mixate tot live de DJ-ii EuropaFM, tururi ghidate gratuite &#8211; sunt doar c\u00e2teva dintre ingredientele care vor da, timp de 4 zile, savoare vibra\u021biei deja prezente \u00een Cetate.<\/p>\n\n\n\n<p><strong><em>Un c\u00e2ntec-manifest transformat \u00een IMAGINE FEST. John Lennon ar fi m\u00e2ndru!<\/em><\/strong><\/p>\n\n\n\n<p>Ce leg\u0103tur\u0103 ar putea exista \u00eentre una din cele mai frumoase piese muzicale din toate timpurile, <strong><em>Imagine<\/em><\/strong>, compus\u0103 \u00een 1971 de cel mai celebru dintre Beatles-i, John Lennon, unul dintre cele mai importante posturi de radio rom\u00e2ne\u0219ti \u0219i cea mai mare cetate a Rom\u00e2niei? Pentru c\u0103 era nevoie de ea, leg\u0103tura a fost creat\u0103 aproape organic. <strong><em>Imagine<\/em><\/strong> a fost primul c\u00e2ntec care s-a auzit la EuropaFM, acum 25 de ani \u0219i se transform\u0103 acum \u00eentr-un adev\u0103rat festival, organizat \u00een parteneriat de municipalitatea din Alba Iulia \u0219i echipa EuropaFM.<\/p>\n\n\n\n<p>Timp de 4 zile, din 22 p\u00e2n\u0103 \u00een 25 mai, cele mai importante emisiuni din grila EuropaFM\u2013 De\u0219teptarea, Drum Cu Prioritate, Pia\u021ba Victoriei, Rom\u00e2nia \u00cen Direct sau P\u0103rin\u021bi De Ga\u0219c\u0103- se vor auzi din dou\u0103 loca\u021bii total neconven\u021bionale, pe care nimeni nu \u0219i le-ar fi imaginat ca studiouri de radio: Muzeul Principia \u0219i Poarta a III-a a Cet\u0103\u021bii.<\/p>\n\n\n\n<p>Cei mici (\u0219i nu numai) au parte&nbsp; de surprize preg\u0103tite special pentru ei, fie c\u0103 e vorba de ateliere creative, fie de o adev\u0103rat\u0103 provocare, \u00eempachetat\u0103 de organizatori sub forma unei v\u00e2n\u0103tori de comori. Primul pas este \u00eenscrierea pentru oricare dintre activit\u0103\u021bi, la Centrul Na\u021bionaI de Informare \u0219i Promovare Turistic\u0103 Alba Iulia, la 0371 337148.&nbsp; Tot celor mici le este dedicat\u0103 \u0219i ultima zi a IMAGINE FEST, c\u00e2nd toat\u0103 \u201ecopil\u0103rimea\u201d, indiferent de v\u00e2rst\u0103, este a\u0219teptat\u0103 \u00een Pia\u021ba Cet\u0103\u021bii, la un spectacol marc\u0103 deja unic\u0103 \u0219i \u00eenregistrat\u0103 <strong>GA\u0218CA ZURLI.<\/strong><\/p>\n\n\n\n<p><strong><em>S\u00e2mb\u0103t\u0103- seara super show-urilor<\/em><\/strong><\/p>\n\n\n\n<p>Fiecare din cele 4 zile de Imagine Fest va avea parte de super-sound. Cele mai bune piese din 25 de ani de emisie vor fi mixate live de dj-ii Europa FM \u00een zona Por\u021bii a IV-a a Cet\u0103\u021bii, ce se va transforma astfel \u00eentr-un ring de dans ad-hoc.<\/p>\n\n\n\n<p>Momentul de v\u00e2rf va fi \u00eens\u0103 \u00een seara de s\u00e2mb\u0103t\u0103, 24 mai, c\u00e2nd pe scena mare, din Pia\u021ba Cet\u0103\u021bii, vor urca 4 dintre cele mai iubite nume din muzica rom\u00e2neasc\u0103: <strong>ANDRA, DORA GAITANOVICI, VUNK \u0219i ZDOB \u0218I ZDUB.<\/strong><\/p>\n\n\n\n<figure class=\"wp-block-gallery has-nested-images columns-default is-cropped wp-block-gallery-1 is-layout-flex wp-block-gallery-is-layout-flex\">\n<figure class=\"wp-block-image size-large\"><img loading=\"lazy\" decoding=\"async\" width=\"1081\" height=\"1080\" data-id=\"117660\" src=\"https:\/\/urbeamea.ro\/albaiulia\/wp-content\/uploads\/2025\/05\/Artboard-1-copy.png\" alt=\"\" class=\"wp-image-117660\" srcset=\"https:\/\/urbeamea.ro\/albaiulia\/wp-content\/uploads\/2025\/05\/Artboard-1-copy.png 1081w, https:\/\/urbeamea.ro\/albaiulia\/wp-content\/uploads\/2025\/05\/Artboard-1-copy-640x640.png 640w, https:\/\/urbeamea.ro\/albaiulia\/wp-content\/uploads\/2025\/05\/Artboard-1-copy-150x150.png 150w, https:\/\/urbeamea.ro\/albaiulia\/wp-content\/uploads\/2025\/05\/Artboard-1-copy-768x767.png 768w\" sizes=\"auto, (max-width: 1081px) 100vw, 1081px\" \/><\/figure>\n\n\n\n<figure class=\"wp-block-image size-large\"><img loading=\"lazy\" decoding=\"async\" width=\"1081\" height=\"1080\" data-id=\"117662\" src=\"https:\/\/urbeamea.ro\/albaiulia\/wp-content\/uploads\/2025\/05\/Artboard-1-copy-2.png\" alt=\"\" class=\"wp-image-117662\" srcset=\"https:\/\/urbeamea.ro\/albaiulia\/wp-content\/uploads\/2025\/05\/Artboard-1-copy-2.png 1081w, https:\/\/urbeamea.ro\/albaiulia\/wp-content\/uploads\/2025\/05\/Artboard-1-copy-2-640x640.png 640w, https:\/\/urbeamea.ro\/albaiulia\/wp-content\/uploads\/2025\/05\/Artboard-1-copy-2-150x150.png 150w, https:\/\/urbeamea.ro\/albaiulia\/wp-content\/uploads\/2025\/05\/Artboard-1-copy-2-768x767.png 768w\" sizes=\"auto, (max-width: 1081px) 100vw, 1081px\" \/><\/figure>\n\n\n\n<figure class=\"wp-block-image size-large\"><img loading=\"lazy\" decoding=\"async\" width=\"1081\" height=\"1080\" data-id=\"117663\" src=\"https:\/\/urbeamea.ro\/albaiulia\/wp-content\/uploads\/2025\/05\/Artboard-1-copy-5.png\" alt=\"\" class=\"wp-image-117663\" srcset=\"https:\/\/urbeamea.ro\/albaiulia\/wp-content\/uploads\/2025\/05\/Artboard-1-copy-5.png 1081w, https:\/\/urbeamea.ro\/albaiulia\/wp-content\/uploads\/2025\/05\/Artboard-1-copy-5-640x640.png 640w, https:\/\/urbeamea.ro\/albaiulia\/wp-content\/uploads\/2025\/05\/Artboard-1-copy-5-150x150.png 150w, https:\/\/urbeamea.ro\/albaiulia\/wp-content\/uploads\/2025\/05\/Artboard-1-copy-5-768x767.png 768w\" sizes=\"auto, (max-width: 1081px) 100vw, 1081px\" \/><\/figure>\n\n\n\n<figure class=\"wp-block-image size-large\"><img loading=\"lazy\" decoding=\"async\" width=\"1081\" height=\"1080\" data-id=\"117664\" src=\"https:\/\/urbeamea.ro\/albaiulia\/wp-content\/uploads\/2025\/05\/Artboard-1-copy-3.png\" alt=\"\" class=\"wp-image-117664\" srcset=\"https:\/\/urbeamea.ro\/albaiulia\/wp-content\/uploads\/2025\/05\/Artboard-1-copy-3.png 1081w, https:\/\/urbeamea.ro\/albaiulia\/wp-content\/uploads\/2025\/05\/Artboard-1-copy-3-640x640.png 640w, https:\/\/urbeamea.ro\/albaiulia\/wp-content\/uploads\/2025\/05\/Artboard-1-copy-3-150x150.png 150w, https:\/\/urbeamea.ro\/albaiulia\/wp-content\/uploads\/2025\/05\/Artboard-1-copy-3-768x767.png 768w\" sizes=\"auto, (max-width: 1081px) 100vw, 1081px\" \/><\/figure>\n\n\n\n<figure class=\"wp-block-image size-large\"><img loading=\"lazy\" decoding=\"async\" width=\"1080\" height=\"1080\" data-id=\"117661\" src=\"https:\/\/urbeamea.ro\/albaiulia\/wp-content\/uploads\/2025\/05\/Artboard-1.png\" alt=\"\" class=\"wp-image-117661\" srcset=\"https:\/\/urbeamea.ro\/albaiulia\/wp-content\/uploads\/2025\/05\/Artboard-1.png 1080w, https:\/\/urbeamea.ro\/albaiulia\/wp-content\/uploads\/2025\/05\/Artboard-1-640x640.png 640w, https:\/\/urbeamea.ro\/albaiulia\/wp-content\/uploads\/2025\/05\/Artboard-1-150x150.png 150w, https:\/\/urbeamea.ro\/albaiulia\/wp-content\/uploads\/2025\/05\/Artboard-1-768x768.png 768w\" sizes=\"auto, (max-width: 1080px) 100vw, 1080px\" \/><\/figure>\n<\/figure>\n\n\n\n<blockquote class=\"wp-block-quote is-layout-flow wp-block-quote-is-layout-flow\">\n<p><em>Parteneriatul \u00eenceput timid, dar deloc \u00eent\u00e2mpl\u0103tor, \u00een 2024, \u00eentre Alba Iulia \u0219i EuropaFM ia o form\u0103 mult mai consistent\u0103 anul acesta \u0219i se transform\u0103 \u00eentr-un adev\u0103rat festival. Ei ne-au ales pe noi, noi i-am ales pe ei, valorile comune \u0219i principiile asem\u0103n\u0103toare ne-au adus \u00een punctul de a colabora pentru un eveniment de calibru mult mai mare, IMAGINE FEST. EuropaFm \u00ee\u0219i marcheaz\u0103 primul sfert de secol aici, la Alba Iulia, de\u0219i ofertele din alte p\u0103r\u021bi n-au fost deloc pu\u021bine. Iar Alba Iulia se promoveaz\u0103, pentru prima dat\u0103, la nivel mai mult dec\u00e2t profesional la nivel na\u021bional \u0219i nu numai, pentru c\u0103 EuropaFm acoper\u0103 \u0219i comunit\u0103\u021bile rom\u00e2ne\u0219ti din afara grani\u021belor.<\/em><\/p>\n\n\n\n<p>Robert Roman, managerul Centrului Cultural Palatul Principilor Alba Iulia<\/p>\n<\/blockquote>\n\n\n\n<p>Programul complet al celor patru zile de <strong>IMAGINE FEST<\/strong> este disponibil pe <a href=\"http:\/\/www.palatulprincipilor.ro\">www.palatulprincipilor.ro<\/a> , precum \u0219i pe canalele oficiale ale Prim\u0103riei Municipiului Alba Iulia \u0219i ale Centrului Cultural Palatul Principilor Alba Iulia, organizatorul principal al evenimentelor. Parteneri ai evenimentului: Jidvei \u0219i Caraiman.<\/p>\n\n\n\n<figure class=\"wp-block-gallery has-nested-images columns-default is-cropped wp-block-gallery-2 is-layout-flex wp-block-gallery-is-layout-flex\">\n<figure class=\"wp-block-image size-large\"><img loading=\"lazy\" decoding=\"async\" width=\"1280\" height=\"1280\" data-id=\"117658\" src=\"https:\/\/urbeamea.ro\/albaiulia\/wp-content\/uploads\/2025\/05\/02-5-1280x1280.png\" alt=\"\" class=\"wp-image-117658\" srcset=\"https:\/\/urbeamea.ro\/albaiulia\/wp-content\/uploads\/2025\/05\/02-5-1280x1280.png 1280w, https:\/\/urbeamea.ro\/albaiulia\/wp-content\/uploads\/2025\/05\/02-5-640x640.png 640w, https:\/\/urbeamea.ro\/albaiulia\/wp-content\/uploads\/2025\/05\/02-5-150x150.png 150w, https:\/\/urbeamea.ro\/albaiulia\/wp-content\/uploads\/2025\/05\/02-5-768x768.png 768w, https:\/\/urbeamea.ro\/albaiulia\/wp-content\/uploads\/2025\/05\/02-5-1536x1536.png 1536w, https:\/\/urbeamea.ro\/albaiulia\/wp-content\/uploads\/2025\/05\/02-5.png 1600w\" sizes=\"auto, (max-width: 1280px) 100vw, 1280px\" \/><\/figure>\n\n\n\n<figure class=\"wp-block-image size-large\"><img loading=\"lazy\" decoding=\"async\" width=\"1280\" height=\"1280\" data-id=\"117659\" src=\"https:\/\/urbeamea.ro\/albaiulia\/wp-content\/uploads\/2025\/05\/03-3-1280x1280.png\" alt=\"\" class=\"wp-image-117659\" srcset=\"https:\/\/urbeamea.ro\/albaiulia\/wp-content\/uploads\/2025\/05\/03-3-1280x1280.png 1280w, https:\/\/urbeamea.ro\/albaiulia\/wp-content\/uploads\/2025\/05\/03-3-640x640.png 640w, https:\/\/urbeamea.ro\/albaiulia\/wp-content\/uploads\/2025\/05\/03-3-150x150.png 150w, https:\/\/urbeamea.ro\/albaiulia\/wp-content\/uploads\/2025\/05\/03-3-768x768.png 768w, https:\/\/urbeamea.ro\/albaiulia\/wp-content\/uploads\/2025\/05\/03-3-1536x1536.png 1536w, https:\/\/urbeamea.ro\/albaiulia\/wp-content\/uploads\/2025\/05\/03-3.png 1600w\" sizes=\"auto, (max-width: 1280px) 100vw, 1280px\" \/><\/figure>\n\n\n\n<figure class=\"wp-block-image size-large\"><img loading=\"lazy\" decoding=\"async\" width=\"1280\" height=\"1280\" data-id=\"117657\" src=\"https:\/\/urbeamea.ro\/albaiulia\/wp-content\/uploads\/2025\/05\/04-2-1280x1280.png\" alt=\"\" class=\"wp-image-117657\" srcset=\"https:\/\/urbeamea.ro\/albaiulia\/wp-content\/uploads\/2025\/05\/04-2-1280x1280.png 1280w, https:\/\/urbeamea.ro\/albaiulia\/wp-content\/uploads\/2025\/05\/04-2-640x640.png 640w, https:\/\/urbeamea.ro\/albaiulia\/wp-content\/uploads\/2025\/05\/04-2-150x150.png 150w, https:\/\/urbeamea.ro\/albaiulia\/wp-content\/uploads\/2025\/05\/04-2-768x768.png 768w, https:\/\/urbeamea.ro\/albaiulia\/wp-content\/uploads\/2025\/05\/04-2-1536x1536.png 1536w, https:\/\/urbeamea.ro\/albaiulia\/wp-content\/uploads\/2025\/05\/04-2.png 1600w\" sizes=\"auto, (max-width: 1280px) 100vw, 1280px\" \/><\/figure>\n<\/figure>\n","protected":false},"excerpt":{"rendered":"<p>Concerte, v\u00e2n\u0103tori de comori, emisiuni radio live din loca\u021bii neconven\u021bionale, set-uri mixate tot live de DJ-ii EuropaFM, tururi ghidate gratuite &#8211; sunt doar c\u00e2teva dintre ingredientele care vor da, timp de 4 zile, savoare vibra\u021biei deja prezente \u00een Cetate. Un c\u00e2ntec-manifest transformat \u00een IMAGINE FEST. John Lennon ar fi m\u00e2ndru! Ce leg\u0103tur\u0103 ar putea exista &hellip;<\/p>\n","protected":false},"author":16,"featured_media":117665,"comment_status":"open","ping_status":"open","sticky":false,"template":"","format":"standard","meta":{"inline_featured_image":false,"footnotes":""},"categories":[4],"tags":[],"class_list":["post-117656","post","type-post","status-publish","format-standard","has-post-thumbnail","hentry","category-eveniment"],"yoast_head":"<!-- This site is optimized with the Yoast SEO plugin v27.4 - https:\/\/yoast.com\/product\/yoast-seo-wordpress\/ -->\n<title>Primul eveniment major al sezonului turistic la Alba Iulia \u00eencepe joi: 22-25 mai: IMAGINE FEST amplific\u0103 \u00een toat\u0103 Rom\u00e2nia sunetul Cet\u0103\u021bii Alba Carolina - Revista Urbea Mea - Revista de Alba<\/title>\n<meta name=\"description\" content=\"Concerte, v\u00e2n\u0103tori de comori, emisiuni radio live din loca\u021bii neconven\u021bionale, set-uri mixate tot live de DJ-ii EuropaFM, tururi ghidate gratuite - sunt\" \/>\n<meta name=\"robots\" content=\"index, follow, max-snippet:-1, max-image-preview:large, max-video-preview:-1\" \/>\n<link rel=\"canonical\" href=\"https:\/\/urbeamea.ro\/albaiulia\/primul-eveniment-major-al-sezonului-turistic-la-alba-iulia-incepe-joi-22-25-mai-imagine-fest-amplifica-in-toata-romania-sunetul-cetatii-alba-carolina\/\" \/>\n<meta name=\"twitter:card\" content=\"summary_large_image\" \/>\n<meta name=\"twitter:title\" content=\"Primul eveniment major al sezonului turistic la Alba Iulia \u00eencepe joi: 22-25 mai: IMAGINE FEST amplific\u0103 \u00een toat\u0103 Rom\u00e2nia sunetul Cet\u0103\u021bii Alba Carolina - Revista Urbea Mea - Revista de Alba\" \/>\n<meta name=\"twitter:description\" content=\"Concerte, v\u00e2n\u0103tori de comori, emisiuni radio live din loca\u021bii neconven\u021bionale, set-uri mixate tot live de DJ-ii EuropaFM, tururi ghidate gratuite - sunt\" \/>\n<meta name=\"twitter:image\" content=\"https:\/\/urbeamea.ro\/albaiulia\/wp-content\/uploads\/2025\/05\/01-4.png\" \/>\n<meta name=\"twitter:creator\" content=\"@urbeameaweb\" \/>\n<meta name=\"twitter:site\" content=\"@urbeameaweb\" \/>\n<script type=\"application\/ld+json\" class=\"yoast-schema-graph\">{\"@context\":\"https:\\\/\\\/schema.org\",\"@graph\":[{\"@type\":\"Article\",\"@id\":\"https:\\\/\\\/urbeamea.ro\\\/albaiulia\\\/primul-eveniment-major-al-sezonului-turistic-la-alba-iulia-incepe-joi-22-25-mai-imagine-fest-amplifica-in-toata-romania-sunetul-cetatii-alba-carolina\\\/#article\",\"isPartOf\":{\"@id\":\"https:\\\/\\\/urbeamea.ro\\\/albaiulia\\\/primul-eveniment-major-al-sezonului-turistic-la-alba-iulia-incepe-joi-22-25-mai-imagine-fest-amplifica-in-toata-romania-sunetul-cetatii-alba-carolina\\\/\"},\"author\":{\"name\":\"Redac\u021bia UrbeaMea\",\"@id\":\"https:\\\/\\\/urbeamea.ro\\\/albaiulia\\\/#\\\/schema\\\/person\\\/272ae98052f8ee8980f59848df070247\"},\"headline\":\"Primul eveniment major al sezonului turistic la Alba Iulia \u00eencepe joi: 22-25 mai: IMAGINE FEST amplific\u0103 \u00een toat\u0103 Rom\u00e2nia sunetul Cet\u0103\u021bii Alba Carolina\",\"datePublished\":\"2025-05-20T18:33:09+00:00\",\"dateModified\":\"2025-05-20T18:33:10+00:00\",\"mainEntityOfPage\":{\"@id\":\"https:\\\/\\\/urbeamea.ro\\\/albaiulia\\\/primul-eveniment-major-al-sezonului-turistic-la-alba-iulia-incepe-joi-22-25-mai-imagine-fest-amplifica-in-toata-romania-sunetul-cetatii-alba-carolina\\\/\"},\"wordCount\":616,\"commentCount\":0,\"image\":{\"@id\":\"https:\\\/\\\/urbeamea.ro\\\/albaiulia\\\/primul-eveniment-major-al-sezonului-turistic-la-alba-iulia-incepe-joi-22-25-mai-imagine-fest-amplifica-in-toata-romania-sunetul-cetatii-alba-carolina\\\/#primaryimage\"},\"thumbnailUrl\":\"https:\\\/\\\/urbeamea.ro\\\/albaiulia\\\/wp-content\\\/uploads\\\/2025\\\/05\\\/01-4.png\",\"articleSection\":[\"Evenimente\"],\"inLanguage\":\"ro-RO\",\"potentialAction\":[{\"@type\":\"CommentAction\",\"name\":\"Comment\",\"target\":[\"https:\\\/\\\/urbeamea.ro\\\/albaiulia\\\/primul-eveniment-major-al-sezonului-turistic-la-alba-iulia-incepe-joi-22-25-mai-imagine-fest-amplifica-in-toata-romania-sunetul-cetatii-alba-carolina\\\/#respond\"]}]},{\"@type\":\"WebPage\",\"@id\":\"https:\\\/\\\/urbeamea.ro\\\/albaiulia\\\/primul-eveniment-major-al-sezonului-turistic-la-alba-iulia-incepe-joi-22-25-mai-imagine-fest-amplifica-in-toata-romania-sunetul-cetatii-alba-carolina\\\/\",\"url\":\"https:\\\/\\\/urbeamea.ro\\\/albaiulia\\\/primul-eveniment-major-al-sezonului-turistic-la-alba-iulia-incepe-joi-22-25-mai-imagine-fest-amplifica-in-toata-romania-sunetul-cetatii-alba-carolina\\\/\",\"name\":\"Primul eveniment major al sezonului turistic la Alba Iulia \u00eencepe joi: 22-25 mai: IMAGINE FEST amplific\u0103 \u00een toat\u0103 Rom\u00e2nia sunetul Cet\u0103\u021bii Alba Carolina - Revista Urbea Mea - Revista de Alba\",\"isPartOf\":{\"@id\":\"https:\\\/\\\/urbeamea.ro\\\/albaiulia\\\/#website\"},\"primaryImageOfPage\":{\"@id\":\"https:\\\/\\\/urbeamea.ro\\\/albaiulia\\\/primul-eveniment-major-al-sezonului-turistic-la-alba-iulia-incepe-joi-22-25-mai-imagine-fest-amplifica-in-toata-romania-sunetul-cetatii-alba-carolina\\\/#primaryimage\"},\"image\":{\"@id\":\"https:\\\/\\\/urbeamea.ro\\\/albaiulia\\\/primul-eveniment-major-al-sezonului-turistic-la-alba-iulia-incepe-joi-22-25-mai-imagine-fest-amplifica-in-toata-romania-sunetul-cetatii-alba-carolina\\\/#primaryimage\"},\"thumbnailUrl\":\"https:\\\/\\\/urbeamea.ro\\\/albaiulia\\\/wp-content\\\/uploads\\\/2025\\\/05\\\/01-4.png\",\"datePublished\":\"2025-05-20T18:33:09+00:00\",\"dateModified\":\"2025-05-20T18:33:10+00:00\",\"author\":{\"@id\":\"https:\\\/\\\/urbeamea.ro\\\/albaiulia\\\/#\\\/schema\\\/person\\\/272ae98052f8ee8980f59848df070247\"},\"description\":\"Concerte, v\u00e2n\u0103tori de comori, emisiuni radio live din loca\u021bii neconven\u021bionale, set-uri mixate tot live de DJ-ii EuropaFM, tururi ghidate gratuite - sunt\",\"breadcrumb\":{\"@id\":\"https:\\\/\\\/urbeamea.ro\\\/albaiulia\\\/primul-eveniment-major-al-sezonului-turistic-la-alba-iulia-incepe-joi-22-25-mai-imagine-fest-amplifica-in-toata-romania-sunetul-cetatii-alba-carolina\\\/#breadcrumb\"},\"inLanguage\":\"ro-RO\",\"potentialAction\":[{\"@type\":\"ReadAction\",\"target\":[\"https:\\\/\\\/urbeamea.ro\\\/albaiulia\\\/primul-eveniment-major-al-sezonului-turistic-la-alba-iulia-incepe-joi-22-25-mai-imagine-fest-amplifica-in-toata-romania-sunetul-cetatii-alba-carolina\\\/\"]}]},{\"@type\":\"ImageObject\",\"inLanguage\":\"ro-RO\",\"@id\":\"https:\\\/\\\/urbeamea.ro\\\/albaiulia\\\/primul-eveniment-major-al-sezonului-turistic-la-alba-iulia-incepe-joi-22-25-mai-imagine-fest-amplifica-in-toata-romania-sunetul-cetatii-alba-carolina\\\/#primaryimage\",\"url\":\"https:\\\/\\\/urbeamea.ro\\\/albaiulia\\\/wp-content\\\/uploads\\\/2025\\\/05\\\/01-4.png\",\"contentUrl\":\"https:\\\/\\\/urbeamea.ro\\\/albaiulia\\\/wp-content\\\/uploads\\\/2025\\\/05\\\/01-4.png\",\"width\":1600,\"height\":1600},{\"@type\":\"BreadcrumbList\",\"@id\":\"https:\\\/\\\/urbeamea.ro\\\/albaiulia\\\/primul-eveniment-major-al-sezonului-turistic-la-alba-iulia-incepe-joi-22-25-mai-imagine-fest-amplifica-in-toata-romania-sunetul-cetatii-alba-carolina\\\/#breadcrumb\",\"itemListElement\":[{\"@type\":\"ListItem\",\"position\":1,\"name\":\"Prima pagin\u0103\",\"item\":\"https:\\\/\\\/urbeamea.ro\\\/albaiulia\\\/\"},{\"@type\":\"ListItem\",\"position\":2,\"name\":\"Primul eveniment major al sezonului turistic la Alba Iulia \u00eencepe joi: 22-25 mai: IMAGINE FEST amplific\u0103 \u00een toat\u0103 Rom\u00e2nia sunetul Cet\u0103\u021bii Alba Carolina\"}]},{\"@type\":\"WebSite\",\"@id\":\"https:\\\/\\\/urbeamea.ro\\\/albaiulia\\\/#website\",\"url\":\"https:\\\/\\\/urbeamea.ro\\\/albaiulia\\\/\",\"name\":\"Revista Urbea Mea, Stiri urbane\",\"description\":\"Evenimente \u0219i \u0219tiri din Alba Iulia, Sebe\u0219, Aiud, Blaj\",\"potentialAction\":[{\"@type\":\"SearchAction\",\"target\":{\"@type\":\"EntryPoint\",\"urlTemplate\":\"https:\\\/\\\/urbeamea.ro\\\/albaiulia\\\/?s={search_term_string}\"},\"query-input\":{\"@type\":\"PropertyValueSpecification\",\"valueRequired\":true,\"valueName\":\"search_term_string\"}}],\"inLanguage\":\"ro-RO\"},{\"@type\":\"Person\",\"@id\":\"https:\\\/\\\/urbeamea.ro\\\/albaiulia\\\/#\\\/schema\\\/person\\\/272ae98052f8ee8980f59848df070247\",\"name\":\"Redac\u021bia UrbeaMea\",\"image\":{\"@type\":\"ImageObject\",\"inLanguage\":\"ro-RO\",\"@id\":\"https:\\\/\\\/secure.gravatar.com\\\/avatar\\\/9ce5a9435071fa1037e8468053ead8e513dbbff59009d3069aadb85506d85a27?s=96&d=mm&r=g\",\"url\":\"https:\\\/\\\/secure.gravatar.com\\\/avatar\\\/9ce5a9435071fa1037e8468053ead8e513dbbff59009d3069aadb85506d85a27?s=96&d=mm&r=g\",\"contentUrl\":\"https:\\\/\\\/secure.gravatar.com\\\/avatar\\\/9ce5a9435071fa1037e8468053ead8e513dbbff59009d3069aadb85506d85a27?s=96&d=mm&r=g\",\"caption\":\"Redac\u021bia UrbeaMea\"},\"description\":\"contact@urbeamea.ro\",\"sameAs\":[\"https:\\\/\\\/www.urbeamea.ro\"],\"url\":\"https:\\\/\\\/urbeamea.ro\\\/albaiulia\\\/author\\\/redactia-urbeamea\\\/\"}]}<\/script>\n<!-- \/ Yoast SEO plugin. -->","yoast_head_json":{"title":"Primul eveniment major al sezonului turistic la Alba Iulia \u00eencepe joi: 22-25 mai: IMAGINE FEST amplific\u0103 \u00een toat\u0103 Rom\u00e2nia sunetul Cet\u0103\u021bii Alba Carolina - Revista Urbea Mea - Revista de Alba","description":"Concerte, v\u00e2n\u0103tori de comori, emisiuni radio live din loca\u021bii neconven\u021bionale, set-uri mixate tot live de DJ-ii EuropaFM, tururi ghidate gratuite - sunt","robots":{"index":"index","follow":"follow","max-snippet":"max-snippet:-1","max-image-preview":"max-image-preview:large","max-video-preview":"max-video-preview:-1"},"canonical":"https:\/\/urbeamea.ro\/albaiulia\/primul-eveniment-major-al-sezonului-turistic-la-alba-iulia-incepe-joi-22-25-mai-imagine-fest-amplifica-in-toata-romania-sunetul-cetatii-alba-carolina\/","twitter_card":"summary_large_image","twitter_title":"Primul eveniment major al sezonului turistic la Alba Iulia \u00eencepe joi: 22-25 mai: IMAGINE FEST amplific\u0103 \u00een toat\u0103 Rom\u00e2nia sunetul Cet\u0103\u021bii Alba Carolina - Revista Urbea Mea - Revista de Alba","twitter_description":"Concerte, v\u00e2n\u0103tori de comori, emisiuni radio live din loca\u021bii neconven\u021bionale, set-uri mixate tot live de DJ-ii EuropaFM, tururi ghidate gratuite - sunt","twitter_image":"https:\/\/urbeamea.ro\/albaiulia\/wp-content\/uploads\/2025\/05\/01-4.png","twitter_creator":"@urbeameaweb","twitter_site":"@urbeameaweb","schema":{"@context":"https:\/\/schema.org","@graph":[{"@type":"Article","@id":"https:\/\/urbeamea.ro\/albaiulia\/primul-eveniment-major-al-sezonului-turistic-la-alba-iulia-incepe-joi-22-25-mai-imagine-fest-amplifica-in-toata-romania-sunetul-cetatii-alba-carolina\/#article","isPartOf":{"@id":"https:\/\/urbeamea.ro\/albaiulia\/primul-eveniment-major-al-sezonului-turistic-la-alba-iulia-incepe-joi-22-25-mai-imagine-fest-amplifica-in-toata-romania-sunetul-cetatii-alba-carolina\/"},"author":{"name":"Redac\u021bia UrbeaMea","@id":"https:\/\/urbeamea.ro\/albaiulia\/#\/schema\/person\/272ae98052f8ee8980f59848df070247"},"headline":"Primul eveniment major al sezonului turistic la Alba Iulia \u00eencepe joi: 22-25 mai: IMAGINE FEST amplific\u0103 \u00een toat\u0103 Rom\u00e2nia sunetul Cet\u0103\u021bii Alba Carolina","datePublished":"2025-05-20T18:33:09+00:00","dateModified":"2025-05-20T18:33:10+00:00","mainEntityOfPage":{"@id":"https:\/\/urbeamea.ro\/albaiulia\/primul-eveniment-major-al-sezonului-turistic-la-alba-iulia-incepe-joi-22-25-mai-imagine-fest-amplifica-in-toata-romania-sunetul-cetatii-alba-carolina\/"},"wordCount":616,"commentCount":0,"image":{"@id":"https:\/\/urbeamea.ro\/albaiulia\/primul-eveniment-major-al-sezonului-turistic-la-alba-iulia-incepe-joi-22-25-mai-imagine-fest-amplifica-in-toata-romania-sunetul-cetatii-alba-carolina\/#primaryimage"},"thumbnailUrl":"https:\/\/urbeamea.ro\/albaiulia\/wp-content\/uploads\/2025\/05\/01-4.png","articleSection":["Evenimente"],"inLanguage":"ro-RO","potentialAction":[{"@type":"CommentAction","name":"Comment","target":["https:\/\/urbeamea.ro\/albaiulia\/primul-eveniment-major-al-sezonului-turistic-la-alba-iulia-incepe-joi-22-25-mai-imagine-fest-amplifica-in-toata-romania-sunetul-cetatii-alba-carolina\/#respond"]}]},{"@type":"WebPage","@id":"https:\/\/urbeamea.ro\/albaiulia\/primul-eveniment-major-al-sezonului-turistic-la-alba-iulia-incepe-joi-22-25-mai-imagine-fest-amplifica-in-toata-romania-sunetul-cetatii-alba-carolina\/","url":"https:\/\/urbeamea.ro\/albaiulia\/primul-eveniment-major-al-sezonului-turistic-la-alba-iulia-incepe-joi-22-25-mai-imagine-fest-amplifica-in-toata-romania-sunetul-cetatii-alba-carolina\/","name":"Primul eveniment major al sezonului turistic la Alba Iulia \u00eencepe joi: 22-25 mai: IMAGINE FEST amplific\u0103 \u00een toat\u0103 Rom\u00e2nia sunetul Cet\u0103\u021bii Alba Carolina - Revista Urbea Mea - Revista de Alba","isPartOf":{"@id":"https:\/\/urbeamea.ro\/albaiulia\/#website"},"primaryImageOfPage":{"@id":"https:\/\/urbeamea.ro\/albaiulia\/primul-eveniment-major-al-sezonului-turistic-la-alba-iulia-incepe-joi-22-25-mai-imagine-fest-amplifica-in-toata-romania-sunetul-cetatii-alba-carolina\/#primaryimage"},"image":{"@id":"https:\/\/urbeamea.ro\/albaiulia\/primul-eveniment-major-al-sezonului-turistic-la-alba-iulia-incepe-joi-22-25-mai-imagine-fest-amplifica-in-toata-romania-sunetul-cetatii-alba-carolina\/#primaryimage"},"thumbnailUrl":"https:\/\/urbeamea.ro\/albaiulia\/wp-content\/uploads\/2025\/05\/01-4.png","datePublished":"2025-05-20T18:33:09+00:00","dateModified":"2025-05-20T18:33:10+00:00","author":{"@id":"https:\/\/urbeamea.ro\/albaiulia\/#\/schema\/person\/272ae98052f8ee8980f59848df070247"},"description":"Concerte, v\u00e2n\u0103tori de comori, emisiuni radio live din loca\u021bii neconven\u021bionale, set-uri mixate tot live de DJ-ii EuropaFM, tururi ghidate gratuite - sunt","breadcrumb":{"@id":"https:\/\/urbeamea.ro\/albaiulia\/primul-eveniment-major-al-sezonului-turistic-la-alba-iulia-incepe-joi-22-25-mai-imagine-fest-amplifica-in-toata-romania-sunetul-cetatii-alba-carolina\/#breadcrumb"},"inLanguage":"ro-RO","potentialAction":[{"@type":"ReadAction","target":["https:\/\/urbeamea.ro\/albaiulia\/primul-eveniment-major-al-sezonului-turistic-la-alba-iulia-incepe-joi-22-25-mai-imagine-fest-amplifica-in-toata-romania-sunetul-cetatii-alba-carolina\/"]}]},{"@type":"ImageObject","inLanguage":"ro-RO","@id":"https:\/\/urbeamea.ro\/albaiulia\/primul-eveniment-major-al-sezonului-turistic-la-alba-iulia-incepe-joi-22-25-mai-imagine-fest-amplifica-in-toata-romania-sunetul-cetatii-alba-carolina\/#primaryimage","url":"https:\/\/urbeamea.ro\/albaiulia\/wp-content\/uploads\/2025\/05\/01-4.png","contentUrl":"https:\/\/urbeamea.ro\/albaiulia\/wp-content\/uploads\/2025\/05\/01-4.png","width":1600,"height":1600},{"@type":"BreadcrumbList","@id":"https:\/\/urbeamea.ro\/albaiulia\/primul-eveniment-major-al-sezonului-turistic-la-alba-iulia-incepe-joi-22-25-mai-imagine-fest-amplifica-in-toata-romania-sunetul-cetatii-alba-carolina\/#breadcrumb","itemListElement":[{"@type":"ListItem","position":1,"name":"Prima pagin\u0103","item":"https:\/\/urbeamea.ro\/albaiulia\/"},{"@type":"ListItem","position":2,"name":"Primul eveniment major al sezonului turistic la Alba Iulia \u00eencepe joi: 22-25 mai: IMAGINE FEST amplific\u0103 \u00een toat\u0103 Rom\u00e2nia sunetul Cet\u0103\u021bii Alba Carolina"}]},{"@type":"WebSite","@id":"https:\/\/urbeamea.ro\/albaiulia\/#website","url":"https:\/\/urbeamea.ro\/albaiulia\/","name":"Revista Urbea Mea, Stiri urbane","description":"Evenimente \u0219i \u0219tiri din Alba Iulia, Sebe\u0219, Aiud, Blaj","potentialAction":[{"@type":"SearchAction","target":{"@type":"EntryPoint","urlTemplate":"https:\/\/urbeamea.ro\/albaiulia\/?s={search_term_string}"},"query-input":{"@type":"PropertyValueSpecification","valueRequired":true,"valueName":"search_term_string"}}],"inLanguage":"ro-RO"},{"@type":"Person","@id":"https:\/\/urbeamea.ro\/albaiulia\/#\/schema\/person\/272ae98052f8ee8980f59848df070247","name":"Redac\u021bia UrbeaMea","image":{"@type":"ImageObject","inLanguage":"ro-RO","@id":"https:\/\/secure.gravatar.com\/avatar\/9ce5a9435071fa1037e8468053ead8e513dbbff59009d3069aadb85506d85a27?s=96&d=mm&r=g","url":"https:\/\/secure.gravatar.com\/avatar\/9ce5a9435071fa1037e8468053ead8e513dbbff59009d3069aadb85506d85a27?s=96&d=mm&r=g","contentUrl":"https:\/\/secure.gravatar.com\/avatar\/9ce5a9435071fa1037e8468053ead8e513dbbff59009d3069aadb85506d85a27?s=96&d=mm&r=g","caption":"Redac\u021bia UrbeaMea"},"description":"contact@urbeamea.ro","sameAs":["https:\/\/www.urbeamea.ro"],"url":"https:\/\/urbeamea.ro\/albaiulia\/author\/redactia-urbeamea\/"}]}},"_links":{"self":[{"href":"https:\/\/urbeamea.ro\/albaiulia\/wp-json\/wp\/v2\/posts\/117656","targetHints":{"allow":["GET"]}}],"collection":[{"href":"https:\/\/urbeamea.ro\/albaiulia\/wp-json\/wp\/v2\/posts"}],"about":[{"href":"https:\/\/urbeamea.ro\/albaiulia\/wp-json\/wp\/v2\/types\/post"}],"author":[{"embeddable":true,"href":"https:\/\/urbeamea.ro\/albaiulia\/wp-json\/wp\/v2\/users\/16"}],"replies":[{"embeddable":true,"href":"https:\/\/urbeamea.ro\/albaiulia\/wp-json\/wp\/v2\/comments?post=117656"}],"version-history":[{"count":1,"href":"https:\/\/urbeamea.ro\/albaiulia\/wp-json\/wp\/v2\/posts\/117656\/revisions"}],"predecessor-version":[{"id":117666,"href":"https:\/\/urbeamea.ro\/albaiulia\/wp-json\/wp\/v2\/posts\/117656\/revisions\/117666"}],"wp:featuredmedia":[{"embeddable":true,"href":"https:\/\/urbeamea.ro\/albaiulia\/wp-json\/wp\/v2\/media\/117665"}],"wp:attachment":[{"href":"https:\/\/urbeamea.ro\/albaiulia\/wp-json\/wp\/v2\/media?parent=117656"}],"wp:term":[{"taxonomy":"category","embeddable":true,"href":"https:\/\/urbeamea.ro\/albaiulia\/wp-json\/wp\/v2\/categories?post=117656"},{"taxonomy":"post_tag","embeddable":true,"href":"https:\/\/urbeamea.ro\/albaiulia\/wp-json\/wp\/v2\/tags?post=117656"}],"curies":[{"name":"wp","href":"https:\/\/api.w.org\/{rel}","templated":true}]}}