{"id":117770,"date":"2025-05-28T17:31:33","date_gmt":"2025-05-28T14:31:33","guid":{"rendered":"https:\/\/urbeamea.ro\/albaiulia\/?p=117770"},"modified":"2025-05-28T17:31:35","modified_gmt":"2025-05-28T14:31:35","slug":"din-2-iunie-o-noua-campanie-de-colectare-a-deseurilor-voluminoase-si-periculoase-in-zona-1-a-judetului-alba","status":"publish","type":"post","link":"https:\/\/urbeamea.ro\/albaiulia\/din-2-iunie-o-noua-campanie-de-colectare-a-deseurilor-voluminoase-si-periculoase-in-zona-1-a-judetului-alba\/","title":{"rendered":"Din 2 iunie, o nou\u0103 campanie de colectare a de\u0219eurilor voluminoase \u0219i periculoase \u00een ZONA 1 a jude\u021bului Alba"},"content":{"rendered":"\n<p>Luni, 2 iunie demareaz\u0103 o nou\u0103 campanie de colectare a de\u0219eurilor voluminoase \u0219i periculoase din ZONA 1 a jude\u021bului Alba, adic\u0103 \u00een<strong> ora\u0219ele&nbsp;Alba Iulia, Aiud, Teiu\u0219 \u0219i Ocna Mure\u0219 \u0219i comunele Ciugud, Berghin, Ohaba, Mihal\u021b, Strem\u021b, Galda de Jos, Cric\u0103u, \u00centregalde, Ighiu, S\u00e2ntimbru, R\u00e2me\u021b, R\u0103de\u0219ti, Rimetea, Lopadea Nou\u0103, Livezile, Mir\u0103sl\u0103u, Ponor, Hop\u00e2rta, F\u0103r\u0103u, No\u0219lac, Lunca Mure\u0219ului \u0219i Unirea.<\/strong><\/p>\n\n\n\n<p>Localnicii&nbsp;<strong>NU&nbsp;pot depozita aceste de\u0219euri <\/strong>\u00eensau l\u00e2ng\u0103 recipientele de colectare a de\u0219eurilor menajere \u0219i este interzis\u0103 abandonarea acestora \u00een locuri neamenajate. Solu\u021bia legal\u0103 \u0219i gratuit\u0103 de debarasare a acestor de\u0219euri este predarea lor la containerele speciale ale Asocierii RER Vest \u2013 RETIM \u00een cadrul unor astfel de campanii trimestriale.<\/p>\n\n\n\n<p>Campania de colectare se desf\u0103\u0219oar\u0103 \u00een perioada <strong>2 iunie &#8211; 28 august. <\/strong>Fiecare frac\u021bie se va colecta separat, av\u00e2nd c\u00e2te un container dedicat. Informa\u021biile referitoare la locurile \u0219i datele amplas\u0103rii containerelor destinate acestor tipuri de de\u0219euri pot fi consultate acces\u00e2nd pagina dedicat\u0103 de pe site-ul RER Vest, \ud83d\udd17 <a href=\"https:\/\/rervest.ro\/alba\/campanii-sezoniere\/\">https:\/\/rervest.ro\/alba\/campanii-sezoniere\/<\/a><\/p>\n\n\n\n<p><strong>CINE <\/strong>poate preda de\u015feuri<\/p>\n\n\n\n<p>Cet\u0103\u021benii din localit\u0103\u0163ie men\u0163ionate mai sus&nbsp;<strong>pot depune prin aport voluntar \u0219i gratuit de\u0219eurile voluminoase \u0219i periculoase \u00een containerele special puse la dispozi\u021bie \u00een punctele de colectare \u0219i \u00eentre orele men\u021bionate \u00een tabelele de mai jos.<\/strong><\/p>\n\n\n\n<p><strong>CE se poate preda <\/strong>\u00een cadrul acestei campanii<\/p>\n\n\n\n<p><strong>DE\u015eEURILE VOLUMINOASE&nbsp;<\/strong>sunt:<\/p>\n\n\n\n<ul class=\"wp-block-list\">\n<li>mobilier, comode, mese de cafea, de toalet\u0103, decorative<\/li>\n\n\n\n<li>mese de scris pentru copii, rafturi, etajere, etajere metalice<\/li>\n\n\n\n<li>covoare, carpete, pre\u0219uri<\/li>\n\n\n\n<li>canapele, paturi, dulapuri, birouri, scaune, banchete, saltele<\/li>\n\n\n\n<li>oale<\/li>\n\n\n\n<li>ceasuri<\/li>\n\n\n\n<li>perdele, draperii<\/li>\n\n\n\n<li>dulapuri de baie, suporturi prosoape<\/li>\n\n\n\n<li>lustre, tablouri<\/li>\n\n\n\n<li>obiecte sanitare, c\u0103zi, vase de toalet\u0103, robine\u021bi, cabine de du\u0219 (f\u0103r\u0103 sticl\u0103), suporturi, baterii sanitare, chiuvete, bideuri, capace vase de toalet\u0103, lavoare, rezervoare de ap\u0103 pentru vase de toalet\u0103<\/li>\n\n\n\n<li>obiecte mari de folosin\u021b\u0103 \u00eendelungat\u0103 precum: calorifere font\u0103, calorifere aluminiu, u\u0219i, tocuri de u\u0219i \u015fi tocuri de geamuri (f\u0103r\u0103 sticl\u0103), f\u0103r\u0103 t\u00e2mpl\u0103rie PVC.<\/li>\n<\/ul>\n\n\n\n<p><strong>DE\u015eEURILE PERICULOASE <\/strong>sunt:<\/p>\n\n\n\n<ul class=\"wp-block-list\">\n<li>ambalaje care con\u0163in reziduri de substan\u0163e periculoase sau sunt contaminate cu substan\u0163e periculoase<\/li>\n\n\n\n<li>materiale de lustruire \u015fi \u00eembr\u0103c\u0103minte de protec\u0163ie contaminate cu substan\u0163e periculoase<\/li>\n\n\n\n<li>vopsele, cerneluri, adezivi \u015fi r\u0103\u015fini cu con\u0163inut de substan\u0163e periculoase<\/li>\n\n\n\n<li>baterii \u015fi acumulatori cu plumb, mercur, Ni-Cd, alcaline sau baterii \u015fi acumulatori nesortate con\u0163in\u00e2nd aceste baterii<\/li>\n\n\n\n<li>solven\u0163i, acizi, alcali<\/li>\n\n\n\n<li>uleiuri \u015fi gr\u0103simi, altele dec\u00e2t cele comestibile<\/li>\n\n\n\n<li>detergen\u0163i cu con\u0163inut de substan\u0163e periculoase<\/li>\n\n\n\n<li>spray-uri de vopsea, spum\u0103<\/li>\n\n\n\n<li>de\u015feuri din lemn cu con\u0163inut de substan\u0163e periculoase,<\/li>\n\n\n\n<li>pesticide<\/li>\n\n\n\n<li>de\u015feuri de vopsele \u015fi lacuri cu con\u021binut de solven\u021bi organici sau alte substan\u021be periculoase.<\/li>\n<\/ul>\n\n\n\n<p><strong>CE NU se poate preda \u00een cadrul acestei campanii<\/strong><\/p>\n\n\n\n<ul class=\"wp-block-list\">\n<li>NU se preiau alte categorii de de\u0219euri: reziduale, reciclabile, de construc\u021bii, vegetale;<\/li>\n\n\n\n<li>NU se colecteaz\u0103 de\u0219eurile de echipamente electrice, electronice \u0219i electrocasnice (televizoare, ma\u0219ini de sp\u0103lat, frigidere, radio-uri, echipamente de iluminat, computere, etc).<\/li>\n\n\n\n<li>NU se preiau textile p\u0103tate cu s\u00e2nge, substan\u021be periculoase sau amestecate cu de\u0219eurile reziduale, reciclabile sau vegetale.<\/li>\n<\/ul>\n\n\n\n<p>Pentru detalii \u0219i informa\u021bii, v\u0103 st\u0103m la dispozi\u021bie prin <strong>Call Center, <\/strong>la num\u0103rul&nbsp;<strong>+40 374 885 694<\/strong>, de luni p\u00e2n\u0103 vineri, \u00eentre orele 07.00 \u2013 19.00.<\/p>\n\n\n\n<figure class=\"wp-block-image size-large\"><img loading=\"lazy\" decoding=\"async\" width=\"914\" height=\"1280\" src=\"https:\/\/urbeamea.ro\/albaiulia\/wp-content\/uploads\/2025\/05\/Campanie-3-volumioasepericuloase-ALBA-1_page-0001-914x1280.jpg\" alt=\"\" class=\"wp-image-117771\" srcset=\"https:\/\/urbeamea.ro\/albaiulia\/wp-content\/uploads\/2025\/05\/Campanie-3-volumioasepericuloase-ALBA-1_page-0001-914x1280.jpg 914w, https:\/\/urbeamea.ro\/albaiulia\/wp-content\/uploads\/2025\/05\/Campanie-3-volumioasepericuloase-ALBA-1_page-0001-457x640.jpg 457w, https:\/\/urbeamea.ro\/albaiulia\/wp-content\/uploads\/2025\/05\/Campanie-3-volumioasepericuloase-ALBA-1_page-0001-107x150.jpg 107w, https:\/\/urbeamea.ro\/albaiulia\/wp-content\/uploads\/2025\/05\/Campanie-3-volumioasepericuloase-ALBA-1_page-0001-768x1076.jpg 768w, https:\/\/urbeamea.ro\/albaiulia\/wp-content\/uploads\/2025\/05\/Campanie-3-volumioasepericuloase-ALBA-1_page-0001-1096x1536.jpg 1096w, https:\/\/urbeamea.ro\/albaiulia\/wp-content\/uploads\/2025\/05\/Campanie-3-volumioasepericuloase-ALBA-1_page-0001.jpg 1142w\" sizes=\"auto, (max-width: 914px) 100vw, 914px\" \/><\/figure>\n\n\n\n<p><strong>Despre Asocierea RER Vest &#8211; RETIM Ecologic Service \u0219i RER Group<\/strong><\/p>\n\n\n\n<p><strong>Asocierea RER Vest SA \u2013 RETIM Ecologic Service <\/strong>a fost \u00eenfiin\u021bat\u0103 cu scopul de a oferi servicii de salubritate profesioniste locuitorilor din jude\u021bul Alba. Astfel, \u00een urma c\u00e2\u0219tig\u0103rii licita\u021biei organizat\u0103 de ADI Salubris Alba, \u00een anul 2019, asocierea este responsabil\u0103 de colectarea \u0219i sortarea de\u0219eurilor din Zona 1: ora\u0219ele Alba Iulia, Aiud, Ocna Mure\u0219, Teiu\u0219, respectiv comunele Ciugud, Berghin, Ohaba, Mihal\u021b, Strem\u021b, Galda de Jos, Cric\u0103u, \u00centregalde, Ighiu, S\u00e2ntimbru, R\u00e2me\u021b, R\u0103de\u0219ti, Rimetea, Lopadea Nou\u0103, Livezile, Mir\u0103sl\u0103u, Ponor, Hop\u00e2rta, F\u0103r\u0103u, No\u0219lac, Lunca Mure\u0219ului, Unirea, \u0219i Zona 2: ora\u0219ele Sebe\u0219, Cugir, respectiv comunele Daia,Cut, Spring, Do\u0219tat, G\u00e2rbova, C\u00e2lnic, S\u0103sciori, Pianu, S\u0103li\u0219tea, Blandiana, Vin\u021bu de Jos, Ceru-B\u0103c\u0103in\u021bi, \u0218ibot, \u0218ugag.<\/p>\n\n\n\n<p><strong>RER Group<\/strong> a fost \u00eenfiin\u021bat \u00een anul 1994 de c\u0103tre concernul german RWE, desf\u0103\u0219ur\u00e2nd activit\u0103\u021bi \u00een domeniul salubrit\u0103\u021bii, recuper\u0103rii ecologice \u0219i recicl\u0103rii. Grupul RER de\u021bine \u0219apte companii \u2013 REBU, RETIM, RER Sud, RER Br\u0103ila, RER Vest, RER Servicii SRL \u0219i RER DATA, iar la finalul anului 2021 avea 2300 de angaja\u021bi.<\/p>\n","protected":false},"excerpt":{"rendered":"<p>Luni, 2 iunie demareaz\u0103 o nou\u0103 campanie de colectare a de\u0219eurilor voluminoase \u0219i periculoase din ZONA 1 a jude\u021bului Alba, adic\u0103 \u00een ora\u0219ele&nbsp;Alba Iulia, Aiud, Teiu\u0219 \u0219i Ocna Mure\u0219 \u0219i comunele Ciugud, Berghin, Ohaba, Mihal\u021b, Strem\u021b, Galda de Jos, Cric\u0103u, \u00centregalde, Ighiu, S\u00e2ntimbru, R\u00e2me\u021b, R\u0103de\u0219ti, Rimetea, Lopadea Nou\u0103, Livezile, Mir\u0103sl\u0103u, Ponor, Hop\u00e2rta, F\u0103r\u0103u, No\u0219lac, Lunca &hellip;<\/p>\n","protected":false},"author":16,"featured_media":102400,"comment_status":"open","ping_status":"open","sticky":false,"template":"","format":"standard","meta":{"inline_featured_image":false,"footnotes":""},"categories":[1],"tags":[],"class_list":["post-117770","post","type-post","status-publish","format-standard","has-post-thumbnail","hentry","category-stiri-urbane"],"yoast_head":"<!-- This site is optimized with the Yoast SEO plugin v27.4 - https:\/\/yoast.com\/product\/yoast-seo-wordpress\/ -->\n<title>Din 2 iunie, o nou\u0103 campanie de colectare a de\u0219eurilor voluminoase \u0219i periculoase \u00een ZONA 1 a jude\u021bului Alba - Revista Urbea Mea - Revista de Alba<\/title>\n<meta name=\"description\" content=\"Luni, 2 iunie demareaz\u0103 o nou\u0103 campanie de colectare a de\u0219eurilor voluminoase \u0219i periculoase din ZONA 1 a jude\u021bului Alba, adic\u0103 \u00een ora\u0219ele&nbsp;Alba\" \/>\n<meta name=\"robots\" content=\"index, follow, max-snippet:-1, max-image-preview:large, max-video-preview:-1\" \/>\n<link rel=\"canonical\" href=\"https:\/\/urbeamea.ro\/albaiulia\/din-2-iunie-o-noua-campanie-de-colectare-a-deseurilor-voluminoase-si-periculoase-in-zona-1-a-judetului-alba\/\" \/>\n<meta name=\"twitter:card\" content=\"summary_large_image\" \/>\n<meta name=\"twitter:title\" content=\"Din 2 iunie, o nou\u0103 campanie de colectare a de\u0219eurilor voluminoase \u0219i periculoase \u00een ZONA 1 a jude\u021bului Alba - Revista Urbea Mea - Revista de Alba\" \/>\n<meta name=\"twitter:description\" content=\"Luni, 2 iunie demareaz\u0103 o nou\u0103 campanie de colectare a de\u0219eurilor voluminoase \u0219i periculoase din ZONA 1 a jude\u021bului Alba, adic\u0103 \u00een ora\u0219ele&nbsp;Alba\" \/>\n<meta name=\"twitter:image\" content=\"https:\/\/urbeamea.ro\/albaiulia\/wp-content\/uploads\/2022\/06\/Presa-Voluminoase-Final-980-\u00d7-680-px.png\" \/>\n<meta name=\"twitter:creator\" content=\"@urbeameaweb\" \/>\n<meta name=\"twitter:site\" content=\"@urbeameaweb\" \/>\n<script type=\"application\/ld+json\" class=\"yoast-schema-graph\">{\"@context\":\"https:\\\/\\\/schema.org\",\"@graph\":[{\"@type\":\"Article\",\"@id\":\"https:\\\/\\\/urbeamea.ro\\\/albaiulia\\\/din-2-iunie-o-noua-campanie-de-colectare-a-deseurilor-voluminoase-si-periculoase-in-zona-1-a-judetului-alba\\\/#article\",\"isPartOf\":{\"@id\":\"https:\\\/\\\/urbeamea.ro\\\/albaiulia\\\/din-2-iunie-o-noua-campanie-de-colectare-a-deseurilor-voluminoase-si-periculoase-in-zona-1-a-judetului-alba\\\/\"},\"author\":{\"name\":\"Redac\u021bia UrbeaMea\",\"@id\":\"https:\\\/\\\/urbeamea.ro\\\/albaiulia\\\/#\\\/schema\\\/person\\\/272ae98052f8ee8980f59848df070247\"},\"headline\":\"Din 2 iunie, o nou\u0103 campanie de colectare a de\u0219eurilor voluminoase \u0219i periculoase \u00een ZONA 1 a jude\u021bului Alba\",\"datePublished\":\"2025-05-28T14:31:33+00:00\",\"dateModified\":\"2025-05-28T14:31:35+00:00\",\"mainEntityOfPage\":{\"@id\":\"https:\\\/\\\/urbeamea.ro\\\/albaiulia\\\/din-2-iunie-o-noua-campanie-de-colectare-a-deseurilor-voluminoase-si-periculoase-in-zona-1-a-judetului-alba\\\/\"},\"wordCount\":784,\"commentCount\":0,\"image\":{\"@id\":\"https:\\\/\\\/urbeamea.ro\\\/albaiulia\\\/din-2-iunie-o-noua-campanie-de-colectare-a-deseurilor-voluminoase-si-periculoase-in-zona-1-a-judetului-alba\\\/#primaryimage\"},\"thumbnailUrl\":\"https:\\\/\\\/urbeamea.ro\\\/albaiulia\\\/wp-content\\\/uploads\\\/2022\\\/06\\\/Presa-Voluminoase-Final-980-\u00d7-680-px.png\",\"articleSection\":[\"\u015etiri Urbane\"],\"inLanguage\":\"ro-RO\",\"potentialAction\":[{\"@type\":\"CommentAction\",\"name\":\"Comment\",\"target\":[\"https:\\\/\\\/urbeamea.ro\\\/albaiulia\\\/din-2-iunie-o-noua-campanie-de-colectare-a-deseurilor-voluminoase-si-periculoase-in-zona-1-a-judetului-alba\\\/#respond\"]}]},{\"@type\":\"WebPage\",\"@id\":\"https:\\\/\\\/urbeamea.ro\\\/albaiulia\\\/din-2-iunie-o-noua-campanie-de-colectare-a-deseurilor-voluminoase-si-periculoase-in-zona-1-a-judetului-alba\\\/\",\"url\":\"https:\\\/\\\/urbeamea.ro\\\/albaiulia\\\/din-2-iunie-o-noua-campanie-de-colectare-a-deseurilor-voluminoase-si-periculoase-in-zona-1-a-judetului-alba\\\/\",\"name\":\"Din 2 iunie, o nou\u0103 campanie de colectare a de\u0219eurilor voluminoase \u0219i periculoase \u00een ZONA 1 a jude\u021bului Alba - Revista Urbea Mea - Revista de Alba\",\"isPartOf\":{\"@id\":\"https:\\\/\\\/urbeamea.ro\\\/albaiulia\\\/#website\"},\"primaryImageOfPage\":{\"@id\":\"https:\\\/\\\/urbeamea.ro\\\/albaiulia\\\/din-2-iunie-o-noua-campanie-de-colectare-a-deseurilor-voluminoase-si-periculoase-in-zona-1-a-judetului-alba\\\/#primaryimage\"},\"image\":{\"@id\":\"https:\\\/\\\/urbeamea.ro\\\/albaiulia\\\/din-2-iunie-o-noua-campanie-de-colectare-a-deseurilor-voluminoase-si-periculoase-in-zona-1-a-judetului-alba\\\/#primaryimage\"},\"thumbnailUrl\":\"https:\\\/\\\/urbeamea.ro\\\/albaiulia\\\/wp-content\\\/uploads\\\/2022\\\/06\\\/Presa-Voluminoase-Final-980-\u00d7-680-px.png\",\"datePublished\":\"2025-05-28T14:31:33+00:00\",\"dateModified\":\"2025-05-28T14:31:35+00:00\",\"author\":{\"@id\":\"https:\\\/\\\/urbeamea.ro\\\/albaiulia\\\/#\\\/schema\\\/person\\\/272ae98052f8ee8980f59848df070247\"},\"description\":\"Luni, 2 iunie demareaz\u0103 o nou\u0103 campanie de colectare a de\u0219eurilor voluminoase \u0219i periculoase din ZONA 1 a jude\u021bului Alba, adic\u0103 \u00een ora\u0219ele&nbsp;Alba\",\"breadcrumb\":{\"@id\":\"https:\\\/\\\/urbeamea.ro\\\/albaiulia\\\/din-2-iunie-o-noua-campanie-de-colectare-a-deseurilor-voluminoase-si-periculoase-in-zona-1-a-judetului-alba\\\/#breadcrumb\"},\"inLanguage\":\"ro-RO\",\"potentialAction\":[{\"@type\":\"ReadAction\",\"target\":[\"https:\\\/\\\/urbeamea.ro\\\/albaiulia\\\/din-2-iunie-o-noua-campanie-de-colectare-a-deseurilor-voluminoase-si-periculoase-in-zona-1-a-judetului-alba\\\/\"]}]},{\"@type\":\"ImageObject\",\"inLanguage\":\"ro-RO\",\"@id\":\"https:\\\/\\\/urbeamea.ro\\\/albaiulia\\\/din-2-iunie-o-noua-campanie-de-colectare-a-deseurilor-voluminoase-si-periculoase-in-zona-1-a-judetului-alba\\\/#primaryimage\",\"url\":\"https:\\\/\\\/urbeamea.ro\\\/albaiulia\\\/wp-content\\\/uploads\\\/2022\\\/06\\\/Presa-Voluminoase-Final-980-\u00d7-680-px.png\",\"contentUrl\":\"https:\\\/\\\/urbeamea.ro\\\/albaiulia\\\/wp-content\\\/uploads\\\/2022\\\/06\\\/Presa-Voluminoase-Final-980-\u00d7-680-px.png\",\"width\":980,\"height\":680},{\"@type\":\"BreadcrumbList\",\"@id\":\"https:\\\/\\\/urbeamea.ro\\\/albaiulia\\\/din-2-iunie-o-noua-campanie-de-colectare-a-deseurilor-voluminoase-si-periculoase-in-zona-1-a-judetului-alba\\\/#breadcrumb\",\"itemListElement\":[{\"@type\":\"ListItem\",\"position\":1,\"name\":\"Prima pagin\u0103\",\"item\":\"https:\\\/\\\/urbeamea.ro\\\/albaiulia\\\/\"},{\"@type\":\"ListItem\",\"position\":2,\"name\":\"Din 2 iunie, o nou\u0103 campanie de colectare a de\u0219eurilor voluminoase \u0219i periculoase \u00een ZONA 1 a jude\u021bului Alba\"}]},{\"@type\":\"WebSite\",\"@id\":\"https:\\\/\\\/urbeamea.ro\\\/albaiulia\\\/#website\",\"url\":\"https:\\\/\\\/urbeamea.ro\\\/albaiulia\\\/\",\"name\":\"Revista Urbea Mea, Stiri urbane\",\"description\":\"Evenimente \u0219i \u0219tiri din Alba Iulia, Sebe\u0219, Aiud, Blaj\",\"potentialAction\":[{\"@type\":\"SearchAction\",\"target\":{\"@type\":\"EntryPoint\",\"urlTemplate\":\"https:\\\/\\\/urbeamea.ro\\\/albaiulia\\\/?s={search_term_string}\"},\"query-input\":{\"@type\":\"PropertyValueSpecification\",\"valueRequired\":true,\"valueName\":\"search_term_string\"}}],\"inLanguage\":\"ro-RO\"},{\"@type\":\"Person\",\"@id\":\"https:\\\/\\\/urbeamea.ro\\\/albaiulia\\\/#\\\/schema\\\/person\\\/272ae98052f8ee8980f59848df070247\",\"name\":\"Redac\u021bia UrbeaMea\",\"image\":{\"@type\":\"ImageObject\",\"inLanguage\":\"ro-RO\",\"@id\":\"https:\\\/\\\/secure.gravatar.com\\\/avatar\\\/9ce5a9435071fa1037e8468053ead8e513dbbff59009d3069aadb85506d85a27?s=96&d=mm&r=g\",\"url\":\"https:\\\/\\\/secure.gravatar.com\\\/avatar\\\/9ce5a9435071fa1037e8468053ead8e513dbbff59009d3069aadb85506d85a27?s=96&d=mm&r=g\",\"contentUrl\":\"https:\\\/\\\/secure.gravatar.com\\\/avatar\\\/9ce5a9435071fa1037e8468053ead8e513dbbff59009d3069aadb85506d85a27?s=96&d=mm&r=g\",\"caption\":\"Redac\u021bia UrbeaMea\"},\"description\":\"contact@urbeamea.ro\",\"sameAs\":[\"https:\\\/\\\/www.urbeamea.ro\"],\"url\":\"https:\\\/\\\/urbeamea.ro\\\/albaiulia\\\/author\\\/redactia-urbeamea\\\/\"}]}<\/script>\n<!-- \/ Yoast SEO plugin. -->","yoast_head_json":{"title":"Din 2 iunie, o nou\u0103 campanie de colectare a de\u0219eurilor voluminoase \u0219i periculoase \u00een ZONA 1 a jude\u021bului Alba - Revista Urbea Mea - Revista de Alba","description":"Luni, 2 iunie demareaz\u0103 o nou\u0103 campanie de colectare a de\u0219eurilor voluminoase \u0219i periculoase din ZONA 1 a jude\u021bului Alba, adic\u0103 \u00een ora\u0219ele&nbsp;Alba","robots":{"index":"index","follow":"follow","max-snippet":"max-snippet:-1","max-image-preview":"max-image-preview:large","max-video-preview":"max-video-preview:-1"},"canonical":"https:\/\/urbeamea.ro\/albaiulia\/din-2-iunie-o-noua-campanie-de-colectare-a-deseurilor-voluminoase-si-periculoase-in-zona-1-a-judetului-alba\/","twitter_card":"summary_large_image","twitter_title":"Din 2 iunie, o nou\u0103 campanie de colectare a de\u0219eurilor voluminoase \u0219i periculoase \u00een ZONA 1 a jude\u021bului Alba - Revista Urbea Mea - Revista de Alba","twitter_description":"Luni, 2 iunie demareaz\u0103 o nou\u0103 campanie de colectare a de\u0219eurilor voluminoase \u0219i periculoase din ZONA 1 a jude\u021bului Alba, adic\u0103 \u00een ora\u0219ele&nbsp;Alba","twitter_image":"https:\/\/urbeamea.ro\/albaiulia\/wp-content\/uploads\/2022\/06\/Presa-Voluminoase-Final-980-\u00d7-680-px.png","twitter_creator":"@urbeameaweb","twitter_site":"@urbeameaweb","schema":{"@context":"https:\/\/schema.org","@graph":[{"@type":"Article","@id":"https:\/\/urbeamea.ro\/albaiulia\/din-2-iunie-o-noua-campanie-de-colectare-a-deseurilor-voluminoase-si-periculoase-in-zona-1-a-judetului-alba\/#article","isPartOf":{"@id":"https:\/\/urbeamea.ro\/albaiulia\/din-2-iunie-o-noua-campanie-de-colectare-a-deseurilor-voluminoase-si-periculoase-in-zona-1-a-judetului-alba\/"},"author":{"name":"Redac\u021bia UrbeaMea","@id":"https:\/\/urbeamea.ro\/albaiulia\/#\/schema\/person\/272ae98052f8ee8980f59848df070247"},"headline":"Din 2 iunie, o nou\u0103 campanie de colectare a de\u0219eurilor voluminoase \u0219i periculoase \u00een ZONA 1 a jude\u021bului Alba","datePublished":"2025-05-28T14:31:33+00:00","dateModified":"2025-05-28T14:31:35+00:00","mainEntityOfPage":{"@id":"https:\/\/urbeamea.ro\/albaiulia\/din-2-iunie-o-noua-campanie-de-colectare-a-deseurilor-voluminoase-si-periculoase-in-zona-1-a-judetului-alba\/"},"wordCount":784,"commentCount":0,"image":{"@id":"https:\/\/urbeamea.ro\/albaiulia\/din-2-iunie-o-noua-campanie-de-colectare-a-deseurilor-voluminoase-si-periculoase-in-zona-1-a-judetului-alba\/#primaryimage"},"thumbnailUrl":"https:\/\/urbeamea.ro\/albaiulia\/wp-content\/uploads\/2022\/06\/Presa-Voluminoase-Final-980-\u00d7-680-px.png","articleSection":["\u015etiri Urbane"],"inLanguage":"ro-RO","potentialAction":[{"@type":"CommentAction","name":"Comment","target":["https:\/\/urbeamea.ro\/albaiulia\/din-2-iunie-o-noua-campanie-de-colectare-a-deseurilor-voluminoase-si-periculoase-in-zona-1-a-judetului-alba\/#respond"]}]},{"@type":"WebPage","@id":"https:\/\/urbeamea.ro\/albaiulia\/din-2-iunie-o-noua-campanie-de-colectare-a-deseurilor-voluminoase-si-periculoase-in-zona-1-a-judetului-alba\/","url":"https:\/\/urbeamea.ro\/albaiulia\/din-2-iunie-o-noua-campanie-de-colectare-a-deseurilor-voluminoase-si-periculoase-in-zona-1-a-judetului-alba\/","name":"Din 2 iunie, o nou\u0103 campanie de colectare a de\u0219eurilor voluminoase \u0219i periculoase \u00een ZONA 1 a jude\u021bului Alba - Revista Urbea Mea - Revista de Alba","isPartOf":{"@id":"https:\/\/urbeamea.ro\/albaiulia\/#website"},"primaryImageOfPage":{"@id":"https:\/\/urbeamea.ro\/albaiulia\/din-2-iunie-o-noua-campanie-de-colectare-a-deseurilor-voluminoase-si-periculoase-in-zona-1-a-judetului-alba\/#primaryimage"},"image":{"@id":"https:\/\/urbeamea.ro\/albaiulia\/din-2-iunie-o-noua-campanie-de-colectare-a-deseurilor-voluminoase-si-periculoase-in-zona-1-a-judetului-alba\/#primaryimage"},"thumbnailUrl":"https:\/\/urbeamea.ro\/albaiulia\/wp-content\/uploads\/2022\/06\/Presa-Voluminoase-Final-980-\u00d7-680-px.png","datePublished":"2025-05-28T14:31:33+00:00","dateModified":"2025-05-28T14:31:35+00:00","author":{"@id":"https:\/\/urbeamea.ro\/albaiulia\/#\/schema\/person\/272ae98052f8ee8980f59848df070247"},"description":"Luni, 2 iunie demareaz\u0103 o nou\u0103 campanie de colectare a de\u0219eurilor voluminoase \u0219i periculoase din ZONA 1 a jude\u021bului Alba, adic\u0103 \u00een ora\u0219ele&nbsp;Alba","breadcrumb":{"@id":"https:\/\/urbeamea.ro\/albaiulia\/din-2-iunie-o-noua-campanie-de-colectare-a-deseurilor-voluminoase-si-periculoase-in-zona-1-a-judetului-alba\/#breadcrumb"},"inLanguage":"ro-RO","potentialAction":[{"@type":"ReadAction","target":["https:\/\/urbeamea.ro\/albaiulia\/din-2-iunie-o-noua-campanie-de-colectare-a-deseurilor-voluminoase-si-periculoase-in-zona-1-a-judetului-alba\/"]}]},{"@type":"ImageObject","inLanguage":"ro-RO","@id":"https:\/\/urbeamea.ro\/albaiulia\/din-2-iunie-o-noua-campanie-de-colectare-a-deseurilor-voluminoase-si-periculoase-in-zona-1-a-judetului-alba\/#primaryimage","url":"https:\/\/urbeamea.ro\/albaiulia\/wp-content\/uploads\/2022\/06\/Presa-Voluminoase-Final-980-\u00d7-680-px.png","contentUrl":"https:\/\/urbeamea.ro\/albaiulia\/wp-content\/uploads\/2022\/06\/Presa-Voluminoase-Final-980-\u00d7-680-px.png","width":980,"height":680},{"@type":"BreadcrumbList","@id":"https:\/\/urbeamea.ro\/albaiulia\/din-2-iunie-o-noua-campanie-de-colectare-a-deseurilor-voluminoase-si-periculoase-in-zona-1-a-judetului-alba\/#breadcrumb","itemListElement":[{"@type":"ListItem","position":1,"name":"Prima pagin\u0103","item":"https:\/\/urbeamea.ro\/albaiulia\/"},{"@type":"ListItem","position":2,"name":"Din 2 iunie, o nou\u0103 campanie de colectare a de\u0219eurilor voluminoase \u0219i periculoase \u00een ZONA 1 a jude\u021bului Alba"}]},{"@type":"WebSite","@id":"https:\/\/urbeamea.ro\/albaiulia\/#website","url":"https:\/\/urbeamea.ro\/albaiulia\/","name":"Revista Urbea Mea, Stiri urbane","description":"Evenimente \u0219i \u0219tiri din Alba Iulia, Sebe\u0219, Aiud, Blaj","potentialAction":[{"@type":"SearchAction","target":{"@type":"EntryPoint","urlTemplate":"https:\/\/urbeamea.ro\/albaiulia\/?s={search_term_string}"},"query-input":{"@type":"PropertyValueSpecification","valueRequired":true,"valueName":"search_term_string"}}],"inLanguage":"ro-RO"},{"@type":"Person","@id":"https:\/\/urbeamea.ro\/albaiulia\/#\/schema\/person\/272ae98052f8ee8980f59848df070247","name":"Redac\u021bia UrbeaMea","image":{"@type":"ImageObject","inLanguage":"ro-RO","@id":"https:\/\/secure.gravatar.com\/avatar\/9ce5a9435071fa1037e8468053ead8e513dbbff59009d3069aadb85506d85a27?s=96&d=mm&r=g","url":"https:\/\/secure.gravatar.com\/avatar\/9ce5a9435071fa1037e8468053ead8e513dbbff59009d3069aadb85506d85a27?s=96&d=mm&r=g","contentUrl":"https:\/\/secure.gravatar.com\/avatar\/9ce5a9435071fa1037e8468053ead8e513dbbff59009d3069aadb85506d85a27?s=96&d=mm&r=g","caption":"Redac\u021bia UrbeaMea"},"description":"contact@urbeamea.ro","sameAs":["https:\/\/www.urbeamea.ro"],"url":"https:\/\/urbeamea.ro\/albaiulia\/author\/redactia-urbeamea\/"}]}},"_links":{"self":[{"href":"https:\/\/urbeamea.ro\/albaiulia\/wp-json\/wp\/v2\/posts\/117770","targetHints":{"allow":["GET"]}}],"collection":[{"href":"https:\/\/urbeamea.ro\/albaiulia\/wp-json\/wp\/v2\/posts"}],"about":[{"href":"https:\/\/urbeamea.ro\/albaiulia\/wp-json\/wp\/v2\/types\/post"}],"author":[{"embeddable":true,"href":"https:\/\/urbeamea.ro\/albaiulia\/wp-json\/wp\/v2\/users\/16"}],"replies":[{"embeddable":true,"href":"https:\/\/urbeamea.ro\/albaiulia\/wp-json\/wp\/v2\/comments?post=117770"}],"version-history":[{"count":1,"href":"https:\/\/urbeamea.ro\/albaiulia\/wp-json\/wp\/v2\/posts\/117770\/revisions"}],"predecessor-version":[{"id":117772,"href":"https:\/\/urbeamea.ro\/albaiulia\/wp-json\/wp\/v2\/posts\/117770\/revisions\/117772"}],"wp:featuredmedia":[{"embeddable":true,"href":"https:\/\/urbeamea.ro\/albaiulia\/wp-json\/wp\/v2\/media\/102400"}],"wp:attachment":[{"href":"https:\/\/urbeamea.ro\/albaiulia\/wp-json\/wp\/v2\/media?parent=117770"}],"wp:term":[{"taxonomy":"category","embeddable":true,"href":"https:\/\/urbeamea.ro\/albaiulia\/wp-json\/wp\/v2\/categories?post=117770"},{"taxonomy":"post_tag","embeddable":true,"href":"https:\/\/urbeamea.ro\/albaiulia\/wp-json\/wp\/v2\/tags?post=117770"}],"curies":[{"name":"wp","href":"https:\/\/api.w.org\/{rel}","templated":true}]}}