{"id":117965,"date":"2025-06-03T12:33:53","date_gmt":"2025-06-03T09:33:53","guid":{"rendered":"https:\/\/urbeamea.ro\/albaiulia\/?p=117965"},"modified":"2025-06-03T12:35:34","modified_gmt":"2025-06-03T09:35:34","slug":"viata-urbana-si-oportunitatile-freelance-cine-angajeaza-creativi","status":"publish","type":"post","link":"https:\/\/urbeamea.ro\/albaiulia\/viata-urbana-si-oportunitatile-freelance-cine-angajeaza-creativi\/","title":{"rendered":"Via\u021ba urban\u0103 \u0219i oportunit\u0103\u021bile freelance: Cine angajeaz\u0103 creativi?"},"content":{"rendered":"\n<h2 class=\"wp-block-heading\">\u00cen marile ora\u0219e, via\u021ba urban\u0103 este un motor al inova\u021biei \u0219i al creativit\u0103\u021bii, iar oportunit\u0103\u021bile freelance pentru profesioni\u0219tii creativi sunt \u00een continu\u0103 cre\u0219tere.<\/h2>\n\n\n\n<p>Copywriterii, designerii \u0219i influencerii sunt tot mai c\u0103uta\u021bi de companii care doresc s\u0103 \u00ee\u0219i \u00eembun\u0103t\u0103\u021beasc\u0103 imaginea \u0219i s\u0103 se conecteze cu publicul \u00eentr-un mod autentic. Pe m\u0103sur\u0103 ce colabor\u0103rile remote devin tot mai frecvente, cererea pentru freelanceri creativi \u00een mediul urban cre\u0219te, iar tehnologia joac\u0103 un rol esen\u021bial \u00een sus\u021binerea acestor parteneriate.<\/p>\n\n\n\n<p><strong>Cererea pentru copywriteri, designeri \u0219i influenceri \u00een ora\u0219e<\/strong><\/p>\n\n\n\n<p>Industria creativ\u0103 din ora\u0219e mari beneficiaz\u0103 de un ecosistem dinamic, \u00een care copywriterii, designerii grafici \u0219i influencerii au un rol-cheie. Agen\u021biile de marketing, startup-urile, companiile din sectorul legal sau financiar, toate caut\u0103 freelanceri capabili s\u0103 livreze con\u021binut original, design atractiv \u0219i campanii relevante pe re\u021belele sociale. \u00cen acest context, via\u021ba urban\u0103 stimuleaz\u0103 aceast\u0103 cerere datorit\u0103 variet\u0103\u021bii clien\u021bilor \u0219i proiectelor disponibile, dar \u0219i prin posibilitatea acces\u0103rii rapide a re\u021belelor profesionale \u0219i evenimentelor de networking.<\/p>\n\n\n\n<p><strong>Rolul serviciilor IT gestionate pentru profesioni\u0219ti legali \u00een colaborarea cu freelanceri<\/strong><\/p>\n\n\n\n<p>Profesioni\u0219tii din domeniul legal, de exemplu, utilizeaz\u0103 tot mai mult\u00a0<a href=\"https:\/\/devsdata.com\/managed-it-services-for-law-firms-top-8-agencies\/\" target=\"_blank\" rel=\"noreferrer noopener\"><strong>managed IT services for legal professionals<\/strong><\/a>\u00a0pentru a asigura securitatea datelor \u0219i eficien\u021ba proceselor, mai ales c\u00e2nd lucreaz\u0103 cu freelanceri creativi. Aceste servicii IT gestionate ofer\u0103 infrastructura necesar\u0103 pentru a proteja informa\u021biile sensibile \u0219i a facilita comunicarea \u00eentre avoca\u021bi, clien\u021bi \u0219i colaboratori externi. Astfel, firmele de avocatur\u0103 pot colabora cu copywriteri sau designeri freelanceri pentru crearea de materiale promo\u021bionale sau documenta\u021bie vizual\u0103, beneficiind de un sistem sigur \u0219i flexibil.<\/p>\n\n\n\n<h3 class=\"wp-block-heading\"><strong>Exemple de software personalizat relevant pentru freelanceri \u0219i companii urbane<\/strong><\/h3>\n\n\n\n<p>Un alt aspect important este utilizarea\u00a0<a href=\"https:\/\/devsdata.com\/top-examples-of-custom-software-development\/\" target=\"_blank\" rel=\"noreferrer noopener\"><strong>customized software examples<\/strong><\/a>\u00a0care ajut\u0103 la gestionarea eficient\u0103 a proiectelor freelance. Platforme dezvoltate special pentru monitorizarea timpului, gestionarea pl\u0103\u021bilor \u0219i comunicarea \u00eentre p\u0103r\u021bi permit freelanceri-lor \u0219i angajatorilor s\u0103 colaboreze f\u0103r\u0103 bariere. \u00cen marile ora\u0219e, unde ritmul de lucru este alert, astfel de solu\u021bii software contribuie la cre\u0219terea productivit\u0103\u021bii \u0219i la men\u021binerea unui flux de lucru clar \u0219i organizat.<\/p>\n\n\n\n<p>Aceste platforme sunt adaptate la nevoile specifice ale industriei creative, oferind func\u021bionalit\u0103\u021bi precum managementul feedback-ului \u0219i livrarea \u00een etape a proiectelor, facilit\u00e2nd astfel colabor\u0103rile complexe.<\/p>\n\n\n\n<h3 class=\"wp-block-heading\"><strong>Perspective \u0219i sfaturi pentru freelanceri creativi \u00een mediul urban<\/strong><\/h3>\n\n\n\n<p>Pentru copywriterii, designerii \u0219i influencerii care activeaz\u0103 \u00een ora\u0219e, este esen\u021bial s\u0103 profite de cererea ridicat\u0103 \u0219i s\u0103 \u00ee\u0219i construiasc\u0103 un portofoliu solid. Adaptarea la tehnologiile moderne \u0219i colaborarea cu companii care folosesc managed IT services for legal professionals, dar \u0219i alte solu\u021bii IT personalizate, poate face diferen\u021ba \u00een fa\u021ba poten\u021bialilor clien\u021bi.<\/p>\n\n\n\n<p>Networking-ul activ, participarea la evenimente urbane \u0219i o prezen\u021b\u0103 puternic\u0103 \u00een mediul online sunt elemente cheie pentru succesul freelanceri-lor creativi. De asemenea, flexibilitatea \u0219i capacitatea de a gestiona multiple proiecte simultan devin indispensabile \u00een ritmul alert al vie\u021bii urbane.<\/p>\n\n\n\n<h3 class=\"wp-block-heading\"><strong>Concluzie<\/strong><\/h3>\n\n\n\n<p>Via\u021ba urban\u0103 aduce oportunit\u0103\u021bi numeroase pentru freelanceri creativi, iar cererea pentru copywriteri, designeri \u0219i influenceri este \u00een continu\u0103 cre\u0219tere. Colabor\u0103rile eficiente sunt sus\u021binute tot mai mult de servicii IT gestionate \u0219i software personalizat, care asigur\u0103 securitate, flexibilitate \u0219i o comunicare fluent\u0103 \u00eentre toate p\u0103r\u021bile implicate.<\/p>\n\n\n\n<p>Astfel, mediul urban devine un teren fertil pentru dezvoltarea freelancingului creativ, iar profesioni\u0219tii care \u00een\u021beleg importan\u021ba tehnologiei \u0219i a unei bune organiz\u0103ri vor avea un avantaj semnificativ pe pia\u021ba competitiv\u0103 de ast\u0103zi.<\/p>\n","protected":false},"excerpt":{"rendered":"<p>\u00cen marile ora\u0219e, via\u021ba urban\u0103 este un motor al inova\u021biei \u0219i al creativit\u0103\u021bii, iar oportunit\u0103\u021bile freelance pentru profesioni\u0219tii creativi sunt \u00een continu\u0103 cre\u0219tere. Copywriterii, designerii \u0219i influencerii sunt tot mai c\u0103uta\u021bi de companii care doresc s\u0103 \u00ee\u0219i \u00eembun\u0103t\u0103\u021beasc\u0103 imaginea \u0219i s\u0103 se conecteze cu publicul \u00eentr-un mod autentic. Pe m\u0103sur\u0103 ce colabor\u0103rile remote devin tot &hellip;<\/p>\n","protected":false},"author":16,"featured_media":117966,"comment_status":"open","ping_status":"open","sticky":false,"template":"","format":"standard","meta":{"inline_featured_image":false,"footnotes":""},"categories":[60],"tags":[25027],"class_list":["post-117965","post","type-post","status-publish","format-standard","has-post-thumbnail","hentry","category-stiati-ca","tag-devsdata-com"],"yoast_head":"<!-- This site is optimized with the Yoast SEO plugin v27.4 - https:\/\/yoast.com\/product\/yoast-seo-wordpress\/ -->\n<title>Via\u021ba urban\u0103 \u0219i oportunit\u0103\u021bile freelance: Cine angajeaz\u0103 creativi? - Revista Urbea Mea - Revista de Alba<\/title>\n<meta name=\"description\" content=\"\u00cen marile ora\u0219e, via\u021ba urban\u0103 este un motor al inova\u021biei \u0219i al creativit\u0103\u021bii, iar oportunit\u0103\u021bile freelance pentru profesioni\u0219tii creativi sunt \u00een continu\u0103\" \/>\n<meta name=\"robots\" content=\"index, follow, max-snippet:-1, max-image-preview:large, max-video-preview:-1\" \/>\n<link rel=\"canonical\" href=\"https:\/\/urbeamea.ro\/albaiulia\/viata-urbana-si-oportunitatile-freelance-cine-angajeaza-creativi\/\" \/>\n<meta name=\"twitter:card\" content=\"summary_large_image\" \/>\n<meta name=\"twitter:title\" content=\"Via\u021ba urban\u0103 \u0219i oportunit\u0103\u021bile freelance: Cine angajeaz\u0103 creativi? - Revista Urbea Mea - Revista de Alba\" \/>\n<meta name=\"twitter:description\" content=\"\u00cen marile ora\u0219e, via\u021ba urban\u0103 este un motor al inova\u021biei \u0219i al creativit\u0103\u021bii, iar oportunit\u0103\u021bile freelance pentru profesioni\u0219tii creativi sunt \u00een continu\u0103\" \/>\n<meta name=\"twitter:image\" content=\"https:\/\/urbeamea.ro\/albaiulia\/wp-content\/uploads\/2025\/06\/zrzutekranu2025-05-27192102.png\" \/>\n<meta name=\"twitter:creator\" content=\"@urbeameaweb\" \/>\n<meta name=\"twitter:site\" content=\"@urbeameaweb\" \/>\n<script type=\"application\/ld+json\" class=\"yoast-schema-graph\">{\"@context\":\"https:\\\/\\\/schema.org\",\"@graph\":[{\"@type\":\"Article\",\"@id\":\"https:\\\/\\\/urbeamea.ro\\\/albaiulia\\\/viata-urbana-si-oportunitatile-freelance-cine-angajeaza-creativi\\\/#article\",\"isPartOf\":{\"@id\":\"https:\\\/\\\/urbeamea.ro\\\/albaiulia\\\/viata-urbana-si-oportunitatile-freelance-cine-angajeaza-creativi\\\/\"},\"author\":{\"name\":\"Redac\u021bia UrbeaMea\",\"@id\":\"https:\\\/\\\/urbeamea.ro\\\/albaiulia\\\/#\\\/schema\\\/person\\\/272ae98052f8ee8980f59848df070247\"},\"headline\":\"Via\u021ba urban\u0103 \u0219i oportunit\u0103\u021bile freelance: Cine angajeaz\u0103 creativi?\",\"datePublished\":\"2025-06-03T09:33:53+00:00\",\"dateModified\":\"2025-06-03T09:35:34+00:00\",\"mainEntityOfPage\":{\"@id\":\"https:\\\/\\\/urbeamea.ro\\\/albaiulia\\\/viata-urbana-si-oportunitatile-freelance-cine-angajeaza-creativi\\\/\"},\"wordCount\":602,\"commentCount\":0,\"image\":{\"@id\":\"https:\\\/\\\/urbeamea.ro\\\/albaiulia\\\/viata-urbana-si-oportunitatile-freelance-cine-angajeaza-creativi\\\/#primaryimage\"},\"thumbnailUrl\":\"https:\\\/\\\/urbeamea.ro\\\/albaiulia\\\/wp-content\\\/uploads\\\/2025\\\/06\\\/zrzutekranu2025-05-27192102.png\",\"keywords\":[\"devsdata.com\"],\"articleSection\":[\"\u015etia\u0163i c\u0103?\"],\"inLanguage\":\"ro-RO\",\"potentialAction\":[{\"@type\":\"CommentAction\",\"name\":\"Comment\",\"target\":[\"https:\\\/\\\/urbeamea.ro\\\/albaiulia\\\/viata-urbana-si-oportunitatile-freelance-cine-angajeaza-creativi\\\/#respond\"]}]},{\"@type\":\"WebPage\",\"@id\":\"https:\\\/\\\/urbeamea.ro\\\/albaiulia\\\/viata-urbana-si-oportunitatile-freelance-cine-angajeaza-creativi\\\/\",\"url\":\"https:\\\/\\\/urbeamea.ro\\\/albaiulia\\\/viata-urbana-si-oportunitatile-freelance-cine-angajeaza-creativi\\\/\",\"name\":\"Via\u021ba urban\u0103 \u0219i oportunit\u0103\u021bile freelance: Cine angajeaz\u0103 creativi? - Revista Urbea Mea - Revista de Alba\",\"isPartOf\":{\"@id\":\"https:\\\/\\\/urbeamea.ro\\\/albaiulia\\\/#website\"},\"primaryImageOfPage\":{\"@id\":\"https:\\\/\\\/urbeamea.ro\\\/albaiulia\\\/viata-urbana-si-oportunitatile-freelance-cine-angajeaza-creativi\\\/#primaryimage\"},\"image\":{\"@id\":\"https:\\\/\\\/urbeamea.ro\\\/albaiulia\\\/viata-urbana-si-oportunitatile-freelance-cine-angajeaza-creativi\\\/#primaryimage\"},\"thumbnailUrl\":\"https:\\\/\\\/urbeamea.ro\\\/albaiulia\\\/wp-content\\\/uploads\\\/2025\\\/06\\\/zrzutekranu2025-05-27192102.png\",\"datePublished\":\"2025-06-03T09:33:53+00:00\",\"dateModified\":\"2025-06-03T09:35:34+00:00\",\"author\":{\"@id\":\"https:\\\/\\\/urbeamea.ro\\\/albaiulia\\\/#\\\/schema\\\/person\\\/272ae98052f8ee8980f59848df070247\"},\"description\":\"\u00cen marile ora\u0219e, via\u021ba urban\u0103 este un motor al inova\u021biei \u0219i al creativit\u0103\u021bii, iar oportunit\u0103\u021bile freelance pentru profesioni\u0219tii creativi sunt \u00een continu\u0103\",\"breadcrumb\":{\"@id\":\"https:\\\/\\\/urbeamea.ro\\\/albaiulia\\\/viata-urbana-si-oportunitatile-freelance-cine-angajeaza-creativi\\\/#breadcrumb\"},\"inLanguage\":\"ro-RO\",\"potentialAction\":[{\"@type\":\"ReadAction\",\"target\":[\"https:\\\/\\\/urbeamea.ro\\\/albaiulia\\\/viata-urbana-si-oportunitatile-freelance-cine-angajeaza-creativi\\\/\"]}]},{\"@type\":\"ImageObject\",\"inLanguage\":\"ro-RO\",\"@id\":\"https:\\\/\\\/urbeamea.ro\\\/albaiulia\\\/viata-urbana-si-oportunitatile-freelance-cine-angajeaza-creativi\\\/#primaryimage\",\"url\":\"https:\\\/\\\/urbeamea.ro\\\/albaiulia\\\/wp-content\\\/uploads\\\/2025\\\/06\\\/zrzutekranu2025-05-27192102.png\",\"contentUrl\":\"https:\\\/\\\/urbeamea.ro\\\/albaiulia\\\/wp-content\\\/uploads\\\/2025\\\/06\\\/zrzutekranu2025-05-27192102.png\",\"width\":612,\"height\":401},{\"@type\":\"BreadcrumbList\",\"@id\":\"https:\\\/\\\/urbeamea.ro\\\/albaiulia\\\/viata-urbana-si-oportunitatile-freelance-cine-angajeaza-creativi\\\/#breadcrumb\",\"itemListElement\":[{\"@type\":\"ListItem\",\"position\":1,\"name\":\"Prima pagin\u0103\",\"item\":\"https:\\\/\\\/urbeamea.ro\\\/albaiulia\\\/\"},{\"@type\":\"ListItem\",\"position\":2,\"name\":\"Via\u021ba urban\u0103 \u0219i oportunit\u0103\u021bile freelance: Cine angajeaz\u0103 creativi?\"}]},{\"@type\":\"WebSite\",\"@id\":\"https:\\\/\\\/urbeamea.ro\\\/albaiulia\\\/#website\",\"url\":\"https:\\\/\\\/urbeamea.ro\\\/albaiulia\\\/\",\"name\":\"Revista Urbea Mea, Stiri urbane\",\"description\":\"Evenimente \u0219i \u0219tiri din Alba Iulia, Sebe\u0219, Aiud, Blaj\",\"potentialAction\":[{\"@type\":\"SearchAction\",\"target\":{\"@type\":\"EntryPoint\",\"urlTemplate\":\"https:\\\/\\\/urbeamea.ro\\\/albaiulia\\\/?s={search_term_string}\"},\"query-input\":{\"@type\":\"PropertyValueSpecification\",\"valueRequired\":true,\"valueName\":\"search_term_string\"}}],\"inLanguage\":\"ro-RO\"},{\"@type\":\"Person\",\"@id\":\"https:\\\/\\\/urbeamea.ro\\\/albaiulia\\\/#\\\/schema\\\/person\\\/272ae98052f8ee8980f59848df070247\",\"name\":\"Redac\u021bia UrbeaMea\",\"image\":{\"@type\":\"ImageObject\",\"inLanguage\":\"ro-RO\",\"@id\":\"https:\\\/\\\/secure.gravatar.com\\\/avatar\\\/9ce5a9435071fa1037e8468053ead8e513dbbff59009d3069aadb85506d85a27?s=96&d=mm&r=g\",\"url\":\"https:\\\/\\\/secure.gravatar.com\\\/avatar\\\/9ce5a9435071fa1037e8468053ead8e513dbbff59009d3069aadb85506d85a27?s=96&d=mm&r=g\",\"contentUrl\":\"https:\\\/\\\/secure.gravatar.com\\\/avatar\\\/9ce5a9435071fa1037e8468053ead8e513dbbff59009d3069aadb85506d85a27?s=96&d=mm&r=g\",\"caption\":\"Redac\u021bia UrbeaMea\"},\"description\":\"contact@urbeamea.ro\",\"sameAs\":[\"https:\\\/\\\/www.urbeamea.ro\"],\"url\":\"https:\\\/\\\/urbeamea.ro\\\/albaiulia\\\/author\\\/redactia-urbeamea\\\/\"}]}<\/script>\n<!-- \/ Yoast SEO plugin. -->","yoast_head_json":{"title":"Via\u021ba urban\u0103 \u0219i oportunit\u0103\u021bile freelance: Cine angajeaz\u0103 creativi? - Revista Urbea Mea - Revista de Alba","description":"\u00cen marile ora\u0219e, via\u021ba urban\u0103 este un motor al inova\u021biei \u0219i al creativit\u0103\u021bii, iar oportunit\u0103\u021bile freelance pentru profesioni\u0219tii creativi sunt \u00een continu\u0103","robots":{"index":"index","follow":"follow","max-snippet":"max-snippet:-1","max-image-preview":"max-image-preview:large","max-video-preview":"max-video-preview:-1"},"canonical":"https:\/\/urbeamea.ro\/albaiulia\/viata-urbana-si-oportunitatile-freelance-cine-angajeaza-creativi\/","twitter_card":"summary_large_image","twitter_title":"Via\u021ba urban\u0103 \u0219i oportunit\u0103\u021bile freelance: Cine angajeaz\u0103 creativi? - Revista Urbea Mea - Revista de Alba","twitter_description":"\u00cen marile ora\u0219e, via\u021ba urban\u0103 este un motor al inova\u021biei \u0219i al creativit\u0103\u021bii, iar oportunit\u0103\u021bile freelance pentru profesioni\u0219tii creativi sunt \u00een continu\u0103","twitter_image":"https:\/\/urbeamea.ro\/albaiulia\/wp-content\/uploads\/2025\/06\/zrzutekranu2025-05-27192102.png","twitter_creator":"@urbeameaweb","twitter_site":"@urbeameaweb","schema":{"@context":"https:\/\/schema.org","@graph":[{"@type":"Article","@id":"https:\/\/urbeamea.ro\/albaiulia\/viata-urbana-si-oportunitatile-freelance-cine-angajeaza-creativi\/#article","isPartOf":{"@id":"https:\/\/urbeamea.ro\/albaiulia\/viata-urbana-si-oportunitatile-freelance-cine-angajeaza-creativi\/"},"author":{"name":"Redac\u021bia UrbeaMea","@id":"https:\/\/urbeamea.ro\/albaiulia\/#\/schema\/person\/272ae98052f8ee8980f59848df070247"},"headline":"Via\u021ba urban\u0103 \u0219i oportunit\u0103\u021bile freelance: Cine angajeaz\u0103 creativi?","datePublished":"2025-06-03T09:33:53+00:00","dateModified":"2025-06-03T09:35:34+00:00","mainEntityOfPage":{"@id":"https:\/\/urbeamea.ro\/albaiulia\/viata-urbana-si-oportunitatile-freelance-cine-angajeaza-creativi\/"},"wordCount":602,"commentCount":0,"image":{"@id":"https:\/\/urbeamea.ro\/albaiulia\/viata-urbana-si-oportunitatile-freelance-cine-angajeaza-creativi\/#primaryimage"},"thumbnailUrl":"https:\/\/urbeamea.ro\/albaiulia\/wp-content\/uploads\/2025\/06\/zrzutekranu2025-05-27192102.png","keywords":["devsdata.com"],"articleSection":["\u015etia\u0163i c\u0103?"],"inLanguage":"ro-RO","potentialAction":[{"@type":"CommentAction","name":"Comment","target":["https:\/\/urbeamea.ro\/albaiulia\/viata-urbana-si-oportunitatile-freelance-cine-angajeaza-creativi\/#respond"]}]},{"@type":"WebPage","@id":"https:\/\/urbeamea.ro\/albaiulia\/viata-urbana-si-oportunitatile-freelance-cine-angajeaza-creativi\/","url":"https:\/\/urbeamea.ro\/albaiulia\/viata-urbana-si-oportunitatile-freelance-cine-angajeaza-creativi\/","name":"Via\u021ba urban\u0103 \u0219i oportunit\u0103\u021bile freelance: Cine angajeaz\u0103 creativi? - Revista Urbea Mea - Revista de Alba","isPartOf":{"@id":"https:\/\/urbeamea.ro\/albaiulia\/#website"},"primaryImageOfPage":{"@id":"https:\/\/urbeamea.ro\/albaiulia\/viata-urbana-si-oportunitatile-freelance-cine-angajeaza-creativi\/#primaryimage"},"image":{"@id":"https:\/\/urbeamea.ro\/albaiulia\/viata-urbana-si-oportunitatile-freelance-cine-angajeaza-creativi\/#primaryimage"},"thumbnailUrl":"https:\/\/urbeamea.ro\/albaiulia\/wp-content\/uploads\/2025\/06\/zrzutekranu2025-05-27192102.png","datePublished":"2025-06-03T09:33:53+00:00","dateModified":"2025-06-03T09:35:34+00:00","author":{"@id":"https:\/\/urbeamea.ro\/albaiulia\/#\/schema\/person\/272ae98052f8ee8980f59848df070247"},"description":"\u00cen marile ora\u0219e, via\u021ba urban\u0103 este un motor al inova\u021biei \u0219i al creativit\u0103\u021bii, iar oportunit\u0103\u021bile freelance pentru profesioni\u0219tii creativi sunt \u00een continu\u0103","breadcrumb":{"@id":"https:\/\/urbeamea.ro\/albaiulia\/viata-urbana-si-oportunitatile-freelance-cine-angajeaza-creativi\/#breadcrumb"},"inLanguage":"ro-RO","potentialAction":[{"@type":"ReadAction","target":["https:\/\/urbeamea.ro\/albaiulia\/viata-urbana-si-oportunitatile-freelance-cine-angajeaza-creativi\/"]}]},{"@type":"ImageObject","inLanguage":"ro-RO","@id":"https:\/\/urbeamea.ro\/albaiulia\/viata-urbana-si-oportunitatile-freelance-cine-angajeaza-creativi\/#primaryimage","url":"https:\/\/urbeamea.ro\/albaiulia\/wp-content\/uploads\/2025\/06\/zrzutekranu2025-05-27192102.png","contentUrl":"https:\/\/urbeamea.ro\/albaiulia\/wp-content\/uploads\/2025\/06\/zrzutekranu2025-05-27192102.png","width":612,"height":401},{"@type":"BreadcrumbList","@id":"https:\/\/urbeamea.ro\/albaiulia\/viata-urbana-si-oportunitatile-freelance-cine-angajeaza-creativi\/#breadcrumb","itemListElement":[{"@type":"ListItem","position":1,"name":"Prima pagin\u0103","item":"https:\/\/urbeamea.ro\/albaiulia\/"},{"@type":"ListItem","position":2,"name":"Via\u021ba urban\u0103 \u0219i oportunit\u0103\u021bile freelance: Cine angajeaz\u0103 creativi?"}]},{"@type":"WebSite","@id":"https:\/\/urbeamea.ro\/albaiulia\/#website","url":"https:\/\/urbeamea.ro\/albaiulia\/","name":"Revista Urbea Mea, Stiri urbane","description":"Evenimente \u0219i \u0219tiri din Alba Iulia, Sebe\u0219, Aiud, Blaj","potentialAction":[{"@type":"SearchAction","target":{"@type":"EntryPoint","urlTemplate":"https:\/\/urbeamea.ro\/albaiulia\/?s={search_term_string}"},"query-input":{"@type":"PropertyValueSpecification","valueRequired":true,"valueName":"search_term_string"}}],"inLanguage":"ro-RO"},{"@type":"Person","@id":"https:\/\/urbeamea.ro\/albaiulia\/#\/schema\/person\/272ae98052f8ee8980f59848df070247","name":"Redac\u021bia UrbeaMea","image":{"@type":"ImageObject","inLanguage":"ro-RO","@id":"https:\/\/secure.gravatar.com\/avatar\/9ce5a9435071fa1037e8468053ead8e513dbbff59009d3069aadb85506d85a27?s=96&d=mm&r=g","url":"https:\/\/secure.gravatar.com\/avatar\/9ce5a9435071fa1037e8468053ead8e513dbbff59009d3069aadb85506d85a27?s=96&d=mm&r=g","contentUrl":"https:\/\/secure.gravatar.com\/avatar\/9ce5a9435071fa1037e8468053ead8e513dbbff59009d3069aadb85506d85a27?s=96&d=mm&r=g","caption":"Redac\u021bia UrbeaMea"},"description":"contact@urbeamea.ro","sameAs":["https:\/\/www.urbeamea.ro"],"url":"https:\/\/urbeamea.ro\/albaiulia\/author\/redactia-urbeamea\/"}]}},"_links":{"self":[{"href":"https:\/\/urbeamea.ro\/albaiulia\/wp-json\/wp\/v2\/posts\/117965","targetHints":{"allow":["GET"]}}],"collection":[{"href":"https:\/\/urbeamea.ro\/albaiulia\/wp-json\/wp\/v2\/posts"}],"about":[{"href":"https:\/\/urbeamea.ro\/albaiulia\/wp-json\/wp\/v2\/types\/post"}],"author":[{"embeddable":true,"href":"https:\/\/urbeamea.ro\/albaiulia\/wp-json\/wp\/v2\/users\/16"}],"replies":[{"embeddable":true,"href":"https:\/\/urbeamea.ro\/albaiulia\/wp-json\/wp\/v2\/comments?post=117965"}],"version-history":[{"count":1,"href":"https:\/\/urbeamea.ro\/albaiulia\/wp-json\/wp\/v2\/posts\/117965\/revisions"}],"predecessor-version":[{"id":117967,"href":"https:\/\/urbeamea.ro\/albaiulia\/wp-json\/wp\/v2\/posts\/117965\/revisions\/117967"}],"wp:featuredmedia":[{"embeddable":true,"href":"https:\/\/urbeamea.ro\/albaiulia\/wp-json\/wp\/v2\/media\/117966"}],"wp:attachment":[{"href":"https:\/\/urbeamea.ro\/albaiulia\/wp-json\/wp\/v2\/media?parent=117965"}],"wp:term":[{"taxonomy":"category","embeddable":true,"href":"https:\/\/urbeamea.ro\/albaiulia\/wp-json\/wp\/v2\/categories?post=117965"},{"taxonomy":"post_tag","embeddable":true,"href":"https:\/\/urbeamea.ro\/albaiulia\/wp-json\/wp\/v2\/tags?post=117965"}],"curies":[{"name":"wp","href":"https:\/\/api.w.org\/{rel}","templated":true}]}}