{"id":118001,"date":"2025-06-06T09:40:51","date_gmt":"2025-06-06T06:40:51","guid":{"rendered":"https:\/\/urbeamea.ro\/albaiulia\/?p=118001"},"modified":"2025-06-06T09:46:14","modified_gmt":"2025-06-06T06:46:14","slug":"6-iunie-conferinta-nationala-bibliologie-si-patrimoniu-cultural-national","status":"publish","type":"post","link":"https:\/\/urbeamea.ro\/albaiulia\/6-iunie-conferinta-nationala-bibliologie-si-patrimoniu-cultural-national\/","title":{"rendered":"Lucr\u0103rile edi\u021biei a XI-A a Conferin\u021bei Na\u021bionale de  \u201eBibliologie \u0219i patrimoniu cultural na\u021bional\u201d la Alba Iulia"},"content":{"rendered":"\n<p>\u00cen <strong>perioada 5-6 iunie 2025 va avea loc Conferin\u021ba Na\u021bional\u0103 \u201eBibliologie \u0219i patrimoniu cultural na\u021bional\u201d, edi\u021bia a XIX-a.<\/strong><\/p>\n\n\n\n<p>Deschiderea oficial\u0103 va avea loc joi, 5 iunie 2025, ora 10:00la Sediul Administrativ al Jude\u021bului Alba \u2013 Sala Regele Ferdinand<\/p>\n\n\n\n<p>Lucr\u0103rile Conferin\u021bei se vor desf\u0103\u0219ura pe trei sec\u021biuni: \u201eBibliotecile \u0219i patrimoniul lor\u201d, \u201eSub semnul tiparului: 500 de ani de la apari\u021bia primei tip\u0103rituri \u00een Transilvania (Sibiu, 1525)\u201d \u0219i \u201eDigitalia \u2013 realiz\u0103ri \u00een valorificarea patrimoniului cultural na\u021bional \u0219i european\u201d.<\/p>\n\n\n\n<p>Vor participa speciali\u0219ti din domeniul bibliologiei de la institu\u021bii de specialitate precum: Academia Rom\u00e2n\u0103, Institutul de Istorie din cadrul Universit\u0103\u021bii de Stat din Republica Moldova, Biblioteca R\u00e1day din Budapesta, Institutul de Studii Maghiare din Budapesta, Universitatea din Szeged, Academia Na\u021bional\u0103 de Arte Frumoase \u0219i Arhitectur\u0103 din Kiev, Universitatea \u201eBabe\u0219-Bolyai\u201d Cluj-Napoca, Universitatea \u201e\u0218tefan cel Mare\u201d Suceava, Universitatea \u201eLucian Blaga\u201d Sibiu, Biblioteca Academiei Rom\u00e2ne, Bucure\u0219ti, Biblioteca Academiei Rom\u00e2ne, filiala Cluj-Napoca, Biblioteca Central\u0103 Universitar\u0103 \u201eCarol I\u201d Bucure\u0219ti, Biblioteca Central\u0103 Universitar\u0103 \u201eLucian Blaga\u201d Cluj-Napoca, Biblioteca Sf\u00e2ntului Sinod, Bucure\u0219ti, Biblioteca Batthyaneum Alba Iulia, filiala Bibliotecii Na\u021bionale a Rom\u00e2niei, Biblioteca Teleki Tg. Mure\u0219, Biblioteca Jude\u021bean\u0103 \u201eGheorghe \u0218incai\u201d Bihor, M\u0103n\u0103stirea Bistri\u021ba Oltean\u0103, V\u00e2lcea, Universitatea \u201e1 Decembrie 1918\u201d din Alba Iulia \u0219i Muzeul Na\u021bional al Unirii Alba Iulia.<\/p>\n\n\n\n<p>Lucr\u0103rile conferin\u021bei se vor desf\u0103\u0219ura la Sediul Administrativ al jude\u021bului Alba \u2013 Sala Regele Ferdinand \u0219i la Palatul Apor, \u00een sala Senatului \u0219i sala Birou Senat.<\/p>\n\n\n\n<figure class=\"wp-block-gallery has-nested-images columns-default is-cropped wp-block-gallery-1 is-layout-flex wp-block-gallery-is-layout-flex\">\n<figure class=\"wp-block-image size-large\"><img loading=\"lazy\" decoding=\"async\" width=\"1280\" height=\"853\" data-id=\"118002\" src=\"https:\/\/urbeamea.ro\/albaiulia\/wp-content\/uploads\/2025\/06\/1000039330-1280x853.jpg\" alt=\"\" class=\"wp-image-118002\" srcset=\"https:\/\/urbeamea.ro\/albaiulia\/wp-content\/uploads\/2025\/06\/1000039330-1280x853.jpg 1280w, https:\/\/urbeamea.ro\/albaiulia\/wp-content\/uploads\/2025\/06\/1000039330-640x427.jpg 640w, https:\/\/urbeamea.ro\/albaiulia\/wp-content\/uploads\/2025\/06\/1000039330-150x100.jpg 150w, https:\/\/urbeamea.ro\/albaiulia\/wp-content\/uploads\/2025\/06\/1000039330-768x512.jpg 768w, https:\/\/urbeamea.ro\/albaiulia\/wp-content\/uploads\/2025\/06\/1000039330-1536x1024.jpg 1536w, https:\/\/urbeamea.ro\/albaiulia\/wp-content\/uploads\/2025\/06\/1000039330.jpg 1800w\" sizes=\"auto, (max-width: 1280px) 100vw, 1280px\" \/><\/figure>\n\n\n\n<figure class=\"wp-block-image size-large\"><img loading=\"lazy\" decoding=\"async\" width=\"1280\" height=\"853\" data-id=\"118003\" src=\"https:\/\/urbeamea.ro\/albaiulia\/wp-content\/uploads\/2025\/06\/1000039333-1280x853.jpg\" alt=\"\" class=\"wp-image-118003\" srcset=\"https:\/\/urbeamea.ro\/albaiulia\/wp-content\/uploads\/2025\/06\/1000039333-1280x853.jpg 1280w, https:\/\/urbeamea.ro\/albaiulia\/wp-content\/uploads\/2025\/06\/1000039333-640x427.jpg 640w, https:\/\/urbeamea.ro\/albaiulia\/wp-content\/uploads\/2025\/06\/1000039333-150x100.jpg 150w, https:\/\/urbeamea.ro\/albaiulia\/wp-content\/uploads\/2025\/06\/1000039333-768x512.jpg 768w, https:\/\/urbeamea.ro\/albaiulia\/wp-content\/uploads\/2025\/06\/1000039333-1536x1024.jpg 1536w, https:\/\/urbeamea.ro\/albaiulia\/wp-content\/uploads\/2025\/06\/1000039333.jpg 1800w\" sizes=\"auto, (max-width: 1280px) 100vw, 1280px\" \/><\/figure>\n\n\n\n<figure class=\"wp-block-image size-large\"><img loading=\"lazy\" decoding=\"async\" width=\"1280\" height=\"853\" data-id=\"118004\" src=\"https:\/\/urbeamea.ro\/albaiulia\/wp-content\/uploads\/2025\/06\/1000039332-1280x853.jpg\" alt=\"\" class=\"wp-image-118004\" srcset=\"https:\/\/urbeamea.ro\/albaiulia\/wp-content\/uploads\/2025\/06\/1000039332-1280x853.jpg 1280w, https:\/\/urbeamea.ro\/albaiulia\/wp-content\/uploads\/2025\/06\/1000039332-640x427.jpg 640w, https:\/\/urbeamea.ro\/albaiulia\/wp-content\/uploads\/2025\/06\/1000039332-150x100.jpg 150w, https:\/\/urbeamea.ro\/albaiulia\/wp-content\/uploads\/2025\/06\/1000039332-768x512.jpg 768w, https:\/\/urbeamea.ro\/albaiulia\/wp-content\/uploads\/2025\/06\/1000039332-1536x1024.jpg 1536w, https:\/\/urbeamea.ro\/albaiulia\/wp-content\/uploads\/2025\/06\/1000039332.jpg 1800w\" sizes=\"auto, (max-width: 1280px) 100vw, 1280px\" \/><\/figure>\n\n\n\n<figure class=\"wp-block-image size-large\"><img loading=\"lazy\" decoding=\"async\" width=\"1280\" height=\"853\" data-id=\"118005\" src=\"https:\/\/urbeamea.ro\/albaiulia\/wp-content\/uploads\/2025\/06\/1000039331-1280x853.jpg\" alt=\"\" class=\"wp-image-118005\" srcset=\"https:\/\/urbeamea.ro\/albaiulia\/wp-content\/uploads\/2025\/06\/1000039331-1280x853.jpg 1280w, https:\/\/urbeamea.ro\/albaiulia\/wp-content\/uploads\/2025\/06\/1000039331-640x427.jpg 640w, https:\/\/urbeamea.ro\/albaiulia\/wp-content\/uploads\/2025\/06\/1000039331-150x100.jpg 150w, https:\/\/urbeamea.ro\/albaiulia\/wp-content\/uploads\/2025\/06\/1000039331-768x512.jpg 768w, https:\/\/urbeamea.ro\/albaiulia\/wp-content\/uploads\/2025\/06\/1000039331-1536x1024.jpg 1536w, https:\/\/urbeamea.ro\/albaiulia\/wp-content\/uploads\/2025\/06\/1000039331.jpg 1800w\" sizes=\"auto, (max-width: 1280px) 100vw, 1280px\" \/><\/figure>\n\n\n\n<figure class=\"wp-block-image size-large\"><img loading=\"lazy\" decoding=\"async\" width=\"1280\" height=\"821\" data-id=\"118007\" src=\"https:\/\/urbeamea.ro\/albaiulia\/wp-content\/uploads\/2025\/06\/1000039334-1280x821.jpg\" alt=\"\" class=\"wp-image-118007\" srcset=\"https:\/\/urbeamea.ro\/albaiulia\/wp-content\/uploads\/2025\/06\/1000039334-1280x821.jpg 1280w, https:\/\/urbeamea.ro\/albaiulia\/wp-content\/uploads\/2025\/06\/1000039334-640x410.jpg 640w, https:\/\/urbeamea.ro\/albaiulia\/wp-content\/uploads\/2025\/06\/1000039334-150x96.jpg 150w, https:\/\/urbeamea.ro\/albaiulia\/wp-content\/uploads\/2025\/06\/1000039334-768x492.jpg 768w, https:\/\/urbeamea.ro\/albaiulia\/wp-content\/uploads\/2025\/06\/1000039334-1536x985.jpg 1536w, https:\/\/urbeamea.ro\/albaiulia\/wp-content\/uploads\/2025\/06\/1000039334.jpg 1800w\" sizes=\"auto, (max-width: 1280px) 100vw, 1280px\" \/><\/figure>\n\n\n\n<figure class=\"wp-block-image size-large\"><img loading=\"lazy\" decoding=\"async\" width=\"1280\" height=\"823\" data-id=\"118006\" src=\"https:\/\/urbeamea.ro\/albaiulia\/wp-content\/uploads\/2025\/06\/1000039336-1280x823.jpg\" alt=\"\" class=\"wp-image-118006\" srcset=\"https:\/\/urbeamea.ro\/albaiulia\/wp-content\/uploads\/2025\/06\/1000039336-1280x823.jpg 1280w, https:\/\/urbeamea.ro\/albaiulia\/wp-content\/uploads\/2025\/06\/1000039336-640x411.jpg 640w, https:\/\/urbeamea.ro\/albaiulia\/wp-content\/uploads\/2025\/06\/1000039336-150x96.jpg 150w, https:\/\/urbeamea.ro\/albaiulia\/wp-content\/uploads\/2025\/06\/1000039336-768x494.jpg 768w, https:\/\/urbeamea.ro\/albaiulia\/wp-content\/uploads\/2025\/06\/1000039336-1536x987.jpg 1536w, https:\/\/urbeamea.ro\/albaiulia\/wp-content\/uploads\/2025\/06\/1000039336.jpg 1800w\" sizes=\"auto, (max-width: 1280px) 100vw, 1280px\" \/><\/figure>\n\n\n\n<figure class=\"wp-block-image size-large\"><img loading=\"lazy\" decoding=\"async\" width=\"1280\" height=\"853\" data-id=\"118008\" src=\"https:\/\/urbeamea.ro\/albaiulia\/wp-content\/uploads\/2025\/06\/1000039335-1280x853.jpg\" alt=\"\" class=\"wp-image-118008\" srcset=\"https:\/\/urbeamea.ro\/albaiulia\/wp-content\/uploads\/2025\/06\/1000039335-1280x853.jpg 1280w, https:\/\/urbeamea.ro\/albaiulia\/wp-content\/uploads\/2025\/06\/1000039335-640x427.jpg 640w, https:\/\/urbeamea.ro\/albaiulia\/wp-content\/uploads\/2025\/06\/1000039335-150x100.jpg 150w, https:\/\/urbeamea.ro\/albaiulia\/wp-content\/uploads\/2025\/06\/1000039335-768x512.jpg 768w, https:\/\/urbeamea.ro\/albaiulia\/wp-content\/uploads\/2025\/06\/1000039335-1536x1024.jpg 1536w, https:\/\/urbeamea.ro\/albaiulia\/wp-content\/uploads\/2025\/06\/1000039335.jpg 1800w\" sizes=\"auto, (max-width: 1280px) 100vw, 1280px\" \/><\/figure>\n\n\n\n<figure class=\"wp-block-image size-large\"><img loading=\"lazy\" decoding=\"async\" width=\"905\" height=\"1280\" data-id=\"118009\" src=\"https:\/\/urbeamea.ro\/albaiulia\/wp-content\/uploads\/2025\/06\/1000039329-905x1280.jpg\" alt=\"\" class=\"wp-image-118009\" srcset=\"https:\/\/urbeamea.ro\/albaiulia\/wp-content\/uploads\/2025\/06\/1000039329-905x1280.jpg 905w, https:\/\/urbeamea.ro\/albaiulia\/wp-content\/uploads\/2025\/06\/1000039329-453x640.jpg 453w, https:\/\/urbeamea.ro\/albaiulia\/wp-content\/uploads\/2025\/06\/1000039329-106x150.jpg 106w, https:\/\/urbeamea.ro\/albaiulia\/wp-content\/uploads\/2025\/06\/1000039329-768x1086.jpg 768w, https:\/\/urbeamea.ro\/albaiulia\/wp-content\/uploads\/2025\/06\/1000039329-1086x1536.jpg 1086w, https:\/\/urbeamea.ro\/albaiulia\/wp-content\/uploads\/2025\/06\/1000039329.jpg 1448w\" sizes=\"auto, (max-width: 905px) 100vw, 905px\" \/><figcaption class=\"wp-element-caption\">Afis 2024<\/figcaption><\/figure>\n<\/figure>\n\n\n\n<p><\/p>\n","protected":false},"excerpt":{"rendered":"<p>\u00cen perioada 5-6 iunie 2025 va avea loc Conferin\u021ba Na\u021bional\u0103 \u201eBibliologie \u0219i patrimoniu cultural na\u021bional\u201d, edi\u021bia a XIX-a. Deschiderea oficial\u0103 va avea loc joi, 5 iunie 2025, ora 10:00la Sediul Administrativ al Jude\u021bului Alba \u2013 Sala Regele Ferdinand Lucr\u0103rile Conferin\u021bei se vor desf\u0103\u0219ura pe trei sec\u021biuni: \u201eBibliotecile \u0219i patrimoniul lor\u201d, \u201eSub semnul tiparului: 500 de &hellip;<\/p>\n","protected":false},"author":28,"featured_media":118005,"comment_status":"open","ping_status":"open","sticky":false,"template":"","format":"standard","meta":{"inline_featured_image":false,"footnotes":""},"categories":[2038,4,2034,1,16344],"tags":[24338],"class_list":["post-118001","post","type-post","status-publish","format-standard","has-post-thumbnail","hentry","category-cultura","category-eveniment","category-social","category-stiri-urbane","category-urbea-mea","tag-bibliologie-si-patrimoniu-cultural-national"],"yoast_head":"<!-- This site is optimized with the Yoast SEO plugin v27.4 - https:\/\/yoast.com\/product\/yoast-seo-wordpress\/ -->\n<title>Lucr\u0103rile edi\u021biei a XI-A a Conferin\u021bei Na\u021bionale de \u201eBibliologie \u0219i patrimoniu cultural na\u021bional\u201d la Alba Iulia - Revista Urbea Mea - Revista de Alba<\/title>\n<meta name=\"description\" content=\"\u00cen perioada 5-6 iunie 2025 va avea loc Conferin\u021ba Na\u021bional\u0103 \u201eBibliologie \u0219i patrimoniu cultural na\u021bional\u201d, edi\u021bia a XIX-a. Deschiderea oficial\u0103 va avea\" \/>\n<meta name=\"robots\" content=\"index, follow, max-snippet:-1, max-image-preview:large, max-video-preview:-1\" \/>\n<link rel=\"canonical\" href=\"https:\/\/urbeamea.ro\/albaiulia\/6-iunie-conferinta-nationala-bibliologie-si-patrimoniu-cultural-national\/\" \/>\n<meta name=\"twitter:card\" content=\"summary_large_image\" \/>\n<meta name=\"twitter:title\" content=\"Lucr\u0103rile edi\u021biei a XI-A a Conferin\u021bei Na\u021bionale de \u201eBibliologie \u0219i patrimoniu cultural na\u021bional\u201d la Alba Iulia - Revista Urbea Mea - Revista de Alba\" \/>\n<meta name=\"twitter:description\" content=\"\u00cen perioada 5-6 iunie 2025 va avea loc Conferin\u021ba Na\u021bional\u0103 \u201eBibliologie \u0219i patrimoniu cultural na\u021bional\u201d, edi\u021bia a XIX-a. Deschiderea oficial\u0103 va avea\" \/>\n<meta name=\"twitter:image\" content=\"https:\/\/urbeamea.ro\/albaiulia\/wp-content\/uploads\/2025\/06\/1000039331.jpg\" \/>\n<meta name=\"twitter:creator\" content=\"@urbeameaweb\" \/>\n<meta name=\"twitter:site\" content=\"@urbeameaweb\" \/>\n<script type=\"application\/ld+json\" class=\"yoast-schema-graph\">{\"@context\":\"https:\\\/\\\/schema.org\",\"@graph\":[{\"@type\":\"Article\",\"@id\":\"https:\\\/\\\/urbeamea.ro\\\/albaiulia\\\/6-iunie-conferinta-nationala-bibliologie-si-patrimoniu-cultural-national\\\/#article\",\"isPartOf\":{\"@id\":\"https:\\\/\\\/urbeamea.ro\\\/albaiulia\\\/6-iunie-conferinta-nationala-bibliologie-si-patrimoniu-cultural-national\\\/\"},\"author\":{\"name\":\"Giurca Sorin\",\"@id\":\"https:\\\/\\\/urbeamea.ro\\\/albaiulia\\\/#\\\/schema\\\/person\\\/5db3854ac38c1cc9f0ab4092d6a20f02\"},\"headline\":\"Lucr\u0103rile edi\u021biei a XI-A a Conferin\u021bei Na\u021bionale de \u201eBibliologie \u0219i patrimoniu cultural na\u021bional\u201d la Alba Iulia\",\"datePublished\":\"2025-06-06T06:40:51+00:00\",\"dateModified\":\"2025-06-06T06:46:14+00:00\",\"mainEntityOfPage\":{\"@id\":\"https:\\\/\\\/urbeamea.ro\\\/albaiulia\\\/6-iunie-conferinta-nationala-bibliologie-si-patrimoniu-cultural-national\\\/\"},\"wordCount\":272,\"commentCount\":0,\"image\":{\"@id\":\"https:\\\/\\\/urbeamea.ro\\\/albaiulia\\\/6-iunie-conferinta-nationala-bibliologie-si-patrimoniu-cultural-national\\\/#primaryimage\"},\"thumbnailUrl\":\"https:\\\/\\\/urbeamea.ro\\\/albaiulia\\\/wp-content\\\/uploads\\\/2025\\\/06\\\/1000039331.jpg\",\"keywords\":[\"bibliologie si patrimoniu cultural national\"],\"articleSection\":[\"Cultur\u0103\",\"Evenimente\",\"Social\",\"\u015etiri Urbane\",\"Urbea Mea\"],\"inLanguage\":\"ro-RO\",\"potentialAction\":[{\"@type\":\"CommentAction\",\"name\":\"Comment\",\"target\":[\"https:\\\/\\\/urbeamea.ro\\\/albaiulia\\\/6-iunie-conferinta-nationala-bibliologie-si-patrimoniu-cultural-national\\\/#respond\"]}]},{\"@type\":\"WebPage\",\"@id\":\"https:\\\/\\\/urbeamea.ro\\\/albaiulia\\\/6-iunie-conferinta-nationala-bibliologie-si-patrimoniu-cultural-national\\\/\",\"url\":\"https:\\\/\\\/urbeamea.ro\\\/albaiulia\\\/6-iunie-conferinta-nationala-bibliologie-si-patrimoniu-cultural-national\\\/\",\"name\":\"Lucr\u0103rile edi\u021biei a XI-A a Conferin\u021bei Na\u021bionale de \u201eBibliologie \u0219i patrimoniu cultural na\u021bional\u201d la Alba Iulia - Revista Urbea Mea - Revista de Alba\",\"isPartOf\":{\"@id\":\"https:\\\/\\\/urbeamea.ro\\\/albaiulia\\\/#website\"},\"primaryImageOfPage\":{\"@id\":\"https:\\\/\\\/urbeamea.ro\\\/albaiulia\\\/6-iunie-conferinta-nationala-bibliologie-si-patrimoniu-cultural-national\\\/#primaryimage\"},\"image\":{\"@id\":\"https:\\\/\\\/urbeamea.ro\\\/albaiulia\\\/6-iunie-conferinta-nationala-bibliologie-si-patrimoniu-cultural-national\\\/#primaryimage\"},\"thumbnailUrl\":\"https:\\\/\\\/urbeamea.ro\\\/albaiulia\\\/wp-content\\\/uploads\\\/2025\\\/06\\\/1000039331.jpg\",\"datePublished\":\"2025-06-06T06:40:51+00:00\",\"dateModified\":\"2025-06-06T06:46:14+00:00\",\"author\":{\"@id\":\"https:\\\/\\\/urbeamea.ro\\\/albaiulia\\\/#\\\/schema\\\/person\\\/5db3854ac38c1cc9f0ab4092d6a20f02\"},\"description\":\"\u00cen perioada 5-6 iunie 2025 va avea loc Conferin\u021ba Na\u021bional\u0103 \u201eBibliologie \u0219i patrimoniu cultural na\u021bional\u201d, edi\u021bia a XIX-a. Deschiderea oficial\u0103 va avea\",\"breadcrumb\":{\"@id\":\"https:\\\/\\\/urbeamea.ro\\\/albaiulia\\\/6-iunie-conferinta-nationala-bibliologie-si-patrimoniu-cultural-national\\\/#breadcrumb\"},\"inLanguage\":\"ro-RO\",\"potentialAction\":[{\"@type\":\"ReadAction\",\"target\":[\"https:\\\/\\\/urbeamea.ro\\\/albaiulia\\\/6-iunie-conferinta-nationala-bibliologie-si-patrimoniu-cultural-national\\\/\"]}]},{\"@type\":\"ImageObject\",\"inLanguage\":\"ro-RO\",\"@id\":\"https:\\\/\\\/urbeamea.ro\\\/albaiulia\\\/6-iunie-conferinta-nationala-bibliologie-si-patrimoniu-cultural-national\\\/#primaryimage\",\"url\":\"https:\\\/\\\/urbeamea.ro\\\/albaiulia\\\/wp-content\\\/uploads\\\/2025\\\/06\\\/1000039331.jpg\",\"contentUrl\":\"https:\\\/\\\/urbeamea.ro\\\/albaiulia\\\/wp-content\\\/uploads\\\/2025\\\/06\\\/1000039331.jpg\",\"width\":1800,\"height\":1200},{\"@type\":\"BreadcrumbList\",\"@id\":\"https:\\\/\\\/urbeamea.ro\\\/albaiulia\\\/6-iunie-conferinta-nationala-bibliologie-si-patrimoniu-cultural-national\\\/#breadcrumb\",\"itemListElement\":[{\"@type\":\"ListItem\",\"position\":1,\"name\":\"Prima pagin\u0103\",\"item\":\"https:\\\/\\\/urbeamea.ro\\\/albaiulia\\\/\"},{\"@type\":\"ListItem\",\"position\":2,\"name\":\"Lucr\u0103rile edi\u021biei a XI-A a Conferin\u021bei Na\u021bionale de \u201eBibliologie \u0219i patrimoniu cultural na\u021bional\u201d la Alba Iulia\"}]},{\"@type\":\"WebSite\",\"@id\":\"https:\\\/\\\/urbeamea.ro\\\/albaiulia\\\/#website\",\"url\":\"https:\\\/\\\/urbeamea.ro\\\/albaiulia\\\/\",\"name\":\"Revista Urbea Mea, Stiri urbane\",\"description\":\"Evenimente \u0219i \u0219tiri din Alba Iulia, Sebe\u0219, Aiud, Blaj\",\"potentialAction\":[{\"@type\":\"SearchAction\",\"target\":{\"@type\":\"EntryPoint\",\"urlTemplate\":\"https:\\\/\\\/urbeamea.ro\\\/albaiulia\\\/?s={search_term_string}\"},\"query-input\":{\"@type\":\"PropertyValueSpecification\",\"valueRequired\":true,\"valueName\":\"search_term_string\"}}],\"inLanguage\":\"ro-RO\"},{\"@type\":\"Person\",\"@id\":\"https:\\\/\\\/urbeamea.ro\\\/albaiulia\\\/#\\\/schema\\\/person\\\/5db3854ac38c1cc9f0ab4092d6a20f02\",\"name\":\"Giurca Sorin\",\"image\":{\"@type\":\"ImageObject\",\"inLanguage\":\"ro-RO\",\"@id\":\"https:\\\/\\\/secure.gravatar.com\\\/avatar\\\/120f6fcae7b3b47a7730cb9943f612f4909f68ac5284b5f40ac1c4615fd70576?s=96&d=mm&r=g\",\"url\":\"https:\\\/\\\/secure.gravatar.com\\\/avatar\\\/120f6fcae7b3b47a7730cb9943f612f4909f68ac5284b5f40ac1c4615fd70576?s=96&d=mm&r=g\",\"contentUrl\":\"https:\\\/\\\/secure.gravatar.com\\\/avatar\\\/120f6fcae7b3b47a7730cb9943f612f4909f68ac5284b5f40ac1c4615fd70576?s=96&d=mm&r=g\",\"caption\":\"Giurca Sorin\"},\"url\":\"https:\\\/\\\/urbeamea.ro\\\/albaiulia\\\/author\\\/sorin\\\/\"}]}<\/script>\n<!-- \/ Yoast SEO plugin. -->","yoast_head_json":{"title":"Lucr\u0103rile edi\u021biei a XI-A a Conferin\u021bei Na\u021bionale de \u201eBibliologie \u0219i patrimoniu cultural na\u021bional\u201d la Alba Iulia - Revista Urbea Mea - Revista de Alba","description":"\u00cen perioada 5-6 iunie 2025 va avea loc Conferin\u021ba Na\u021bional\u0103 \u201eBibliologie \u0219i patrimoniu cultural na\u021bional\u201d, edi\u021bia a XIX-a. Deschiderea oficial\u0103 va avea","robots":{"index":"index","follow":"follow","max-snippet":"max-snippet:-1","max-image-preview":"max-image-preview:large","max-video-preview":"max-video-preview:-1"},"canonical":"https:\/\/urbeamea.ro\/albaiulia\/6-iunie-conferinta-nationala-bibliologie-si-patrimoniu-cultural-national\/","twitter_card":"summary_large_image","twitter_title":"Lucr\u0103rile edi\u021biei a XI-A a Conferin\u021bei Na\u021bionale de \u201eBibliologie \u0219i patrimoniu cultural na\u021bional\u201d la Alba Iulia - Revista Urbea Mea - Revista de Alba","twitter_description":"\u00cen perioada 5-6 iunie 2025 va avea loc Conferin\u021ba Na\u021bional\u0103 \u201eBibliologie \u0219i patrimoniu cultural na\u021bional\u201d, edi\u021bia a XIX-a. Deschiderea oficial\u0103 va avea","twitter_image":"https:\/\/urbeamea.ro\/albaiulia\/wp-content\/uploads\/2025\/06\/1000039331.jpg","twitter_creator":"@urbeameaweb","twitter_site":"@urbeameaweb","schema":{"@context":"https:\/\/schema.org","@graph":[{"@type":"Article","@id":"https:\/\/urbeamea.ro\/albaiulia\/6-iunie-conferinta-nationala-bibliologie-si-patrimoniu-cultural-national\/#article","isPartOf":{"@id":"https:\/\/urbeamea.ro\/albaiulia\/6-iunie-conferinta-nationala-bibliologie-si-patrimoniu-cultural-national\/"},"author":{"name":"Giurca Sorin","@id":"https:\/\/urbeamea.ro\/albaiulia\/#\/schema\/person\/5db3854ac38c1cc9f0ab4092d6a20f02"},"headline":"Lucr\u0103rile edi\u021biei a XI-A a Conferin\u021bei Na\u021bionale de \u201eBibliologie \u0219i patrimoniu cultural na\u021bional\u201d la Alba Iulia","datePublished":"2025-06-06T06:40:51+00:00","dateModified":"2025-06-06T06:46:14+00:00","mainEntityOfPage":{"@id":"https:\/\/urbeamea.ro\/albaiulia\/6-iunie-conferinta-nationala-bibliologie-si-patrimoniu-cultural-national\/"},"wordCount":272,"commentCount":0,"image":{"@id":"https:\/\/urbeamea.ro\/albaiulia\/6-iunie-conferinta-nationala-bibliologie-si-patrimoniu-cultural-national\/#primaryimage"},"thumbnailUrl":"https:\/\/urbeamea.ro\/albaiulia\/wp-content\/uploads\/2025\/06\/1000039331.jpg","keywords":["bibliologie si patrimoniu cultural national"],"articleSection":["Cultur\u0103","Evenimente","Social","\u015etiri Urbane","Urbea Mea"],"inLanguage":"ro-RO","potentialAction":[{"@type":"CommentAction","name":"Comment","target":["https:\/\/urbeamea.ro\/albaiulia\/6-iunie-conferinta-nationala-bibliologie-si-patrimoniu-cultural-national\/#respond"]}]},{"@type":"WebPage","@id":"https:\/\/urbeamea.ro\/albaiulia\/6-iunie-conferinta-nationala-bibliologie-si-patrimoniu-cultural-national\/","url":"https:\/\/urbeamea.ro\/albaiulia\/6-iunie-conferinta-nationala-bibliologie-si-patrimoniu-cultural-national\/","name":"Lucr\u0103rile edi\u021biei a XI-A a Conferin\u021bei Na\u021bionale de \u201eBibliologie \u0219i patrimoniu cultural na\u021bional\u201d la Alba Iulia - Revista Urbea Mea - Revista de Alba","isPartOf":{"@id":"https:\/\/urbeamea.ro\/albaiulia\/#website"},"primaryImageOfPage":{"@id":"https:\/\/urbeamea.ro\/albaiulia\/6-iunie-conferinta-nationala-bibliologie-si-patrimoniu-cultural-national\/#primaryimage"},"image":{"@id":"https:\/\/urbeamea.ro\/albaiulia\/6-iunie-conferinta-nationala-bibliologie-si-patrimoniu-cultural-national\/#primaryimage"},"thumbnailUrl":"https:\/\/urbeamea.ro\/albaiulia\/wp-content\/uploads\/2025\/06\/1000039331.jpg","datePublished":"2025-06-06T06:40:51+00:00","dateModified":"2025-06-06T06:46:14+00:00","author":{"@id":"https:\/\/urbeamea.ro\/albaiulia\/#\/schema\/person\/5db3854ac38c1cc9f0ab4092d6a20f02"},"description":"\u00cen perioada 5-6 iunie 2025 va avea loc Conferin\u021ba Na\u021bional\u0103 \u201eBibliologie \u0219i patrimoniu cultural na\u021bional\u201d, edi\u021bia a XIX-a. Deschiderea oficial\u0103 va avea","breadcrumb":{"@id":"https:\/\/urbeamea.ro\/albaiulia\/6-iunie-conferinta-nationala-bibliologie-si-patrimoniu-cultural-national\/#breadcrumb"},"inLanguage":"ro-RO","potentialAction":[{"@type":"ReadAction","target":["https:\/\/urbeamea.ro\/albaiulia\/6-iunie-conferinta-nationala-bibliologie-si-patrimoniu-cultural-national\/"]}]},{"@type":"ImageObject","inLanguage":"ro-RO","@id":"https:\/\/urbeamea.ro\/albaiulia\/6-iunie-conferinta-nationala-bibliologie-si-patrimoniu-cultural-national\/#primaryimage","url":"https:\/\/urbeamea.ro\/albaiulia\/wp-content\/uploads\/2025\/06\/1000039331.jpg","contentUrl":"https:\/\/urbeamea.ro\/albaiulia\/wp-content\/uploads\/2025\/06\/1000039331.jpg","width":1800,"height":1200},{"@type":"BreadcrumbList","@id":"https:\/\/urbeamea.ro\/albaiulia\/6-iunie-conferinta-nationala-bibliologie-si-patrimoniu-cultural-national\/#breadcrumb","itemListElement":[{"@type":"ListItem","position":1,"name":"Prima pagin\u0103","item":"https:\/\/urbeamea.ro\/albaiulia\/"},{"@type":"ListItem","position":2,"name":"Lucr\u0103rile edi\u021biei a XI-A a Conferin\u021bei Na\u021bionale de \u201eBibliologie \u0219i patrimoniu cultural na\u021bional\u201d la Alba Iulia"}]},{"@type":"WebSite","@id":"https:\/\/urbeamea.ro\/albaiulia\/#website","url":"https:\/\/urbeamea.ro\/albaiulia\/","name":"Revista Urbea Mea, Stiri urbane","description":"Evenimente \u0219i \u0219tiri din Alba Iulia, Sebe\u0219, Aiud, Blaj","potentialAction":[{"@type":"SearchAction","target":{"@type":"EntryPoint","urlTemplate":"https:\/\/urbeamea.ro\/albaiulia\/?s={search_term_string}"},"query-input":{"@type":"PropertyValueSpecification","valueRequired":true,"valueName":"search_term_string"}}],"inLanguage":"ro-RO"},{"@type":"Person","@id":"https:\/\/urbeamea.ro\/albaiulia\/#\/schema\/person\/5db3854ac38c1cc9f0ab4092d6a20f02","name":"Giurca Sorin","image":{"@type":"ImageObject","inLanguage":"ro-RO","@id":"https:\/\/secure.gravatar.com\/avatar\/120f6fcae7b3b47a7730cb9943f612f4909f68ac5284b5f40ac1c4615fd70576?s=96&d=mm&r=g","url":"https:\/\/secure.gravatar.com\/avatar\/120f6fcae7b3b47a7730cb9943f612f4909f68ac5284b5f40ac1c4615fd70576?s=96&d=mm&r=g","contentUrl":"https:\/\/secure.gravatar.com\/avatar\/120f6fcae7b3b47a7730cb9943f612f4909f68ac5284b5f40ac1c4615fd70576?s=96&d=mm&r=g","caption":"Giurca Sorin"},"url":"https:\/\/urbeamea.ro\/albaiulia\/author\/sorin\/"}]}},"_links":{"self":[{"href":"https:\/\/urbeamea.ro\/albaiulia\/wp-json\/wp\/v2\/posts\/118001","targetHints":{"allow":["GET"]}}],"collection":[{"href":"https:\/\/urbeamea.ro\/albaiulia\/wp-json\/wp\/v2\/posts"}],"about":[{"href":"https:\/\/urbeamea.ro\/albaiulia\/wp-json\/wp\/v2\/types\/post"}],"author":[{"embeddable":true,"href":"https:\/\/urbeamea.ro\/albaiulia\/wp-json\/wp\/v2\/users\/28"}],"replies":[{"embeddable":true,"href":"https:\/\/urbeamea.ro\/albaiulia\/wp-json\/wp\/v2\/comments?post=118001"}],"version-history":[{"count":2,"href":"https:\/\/urbeamea.ro\/albaiulia\/wp-json\/wp\/v2\/posts\/118001\/revisions"}],"predecessor-version":[{"id":118011,"href":"https:\/\/urbeamea.ro\/albaiulia\/wp-json\/wp\/v2\/posts\/118001\/revisions\/118011"}],"wp:featuredmedia":[{"embeddable":true,"href":"https:\/\/urbeamea.ro\/albaiulia\/wp-json\/wp\/v2\/media\/118005"}],"wp:attachment":[{"href":"https:\/\/urbeamea.ro\/albaiulia\/wp-json\/wp\/v2\/media?parent=118001"}],"wp:term":[{"taxonomy":"category","embeddable":true,"href":"https:\/\/urbeamea.ro\/albaiulia\/wp-json\/wp\/v2\/categories?post=118001"},{"taxonomy":"post_tag","embeddable":true,"href":"https:\/\/urbeamea.ro\/albaiulia\/wp-json\/wp\/v2\/tags?post=118001"}],"curies":[{"name":"wp","href":"https:\/\/api.w.org\/{rel}","templated":true}]}}