{"id":118052,"date":"2025-06-07T13:29:25","date_gmt":"2025-06-07T10:29:25","guid":{"rendered":"https:\/\/urbeamea.ro\/albaiulia\/?p=118052"},"modified":"2025-06-07T13:29:28","modified_gmt":"2025-06-07T10:29:28","slug":"7-9-iunie-fii-satului-comuniune-si-cultura-la-oarda","status":"publish","type":"post","link":"https:\/\/urbeamea.ro\/albaiulia\/7-9-iunie-fii-satului-comuniune-si-cultura-la-oarda\/","title":{"rendered":"7 &#8211; 9 iunie: &#8222;Fii satului&#8221;. Comuniune \u0219i cultur\u0103 la Oarda"},"content":{"rendered":"\n<p><strong>V\u0103 invit\u0103m cu drag s\u0103 lua\u021bi parte la un eveniment de suflet, dedicat comunit\u0103\u021bii \u0219i valorilor care ne unesc: \u201eComuniune \u0219i Cultur\u0103 la Oarda\u201d.<\/strong><\/p>\n\n\n\n<p>Evenimentul este organizat de Parohiile Ortodoxe din Oarda de Sus \u0219i Oarda de Jos, Prim\u0103ria Municipiului Alba Iulia \u0219i Palatul Principilor Transilvaniei, \u00een colaborare cu Centrul de Cultur\u0103 ,,Augustin Bena&#8221;.<\/p>\n\n\n\n<p><strong>Program Comuniune \u0219i cultur\u0103 la Oarda<\/strong>:<\/p>\n\n\n\n<p>S\u00e2mb\u0103t\u0103, 7 iunie \u2013 Mo\u0219ii de var\u0103<\/p>\n\n\n\n<p>ora 08:00 \u2013 Sf\u00e2nta Liturghieor 09:30 \u2013 P\u0103r\u0103stas de ob\u0219te pentru to\u021bi fiii satului cei adormi\u021bi<\/p>\n\n\n\n<p>ora 16:00 \u2013 Vecernie cu litie<\/p>\n\n\n\n<p>ora 18:00 \u2013 Fotbal: Finala Prieteniei la Oarda (Stadion Oarda de Jos)<\/p>\n\n\n\n<p>Duminic\u0103, 8 iunie \u2013 Rusaliile \u2013 Pogor\u00e2rea Sf\u00e2ntului Duh<\/p>\n\n\n\n<p>ora 08:00 \u2013 Utrenia<\/p>\n\n\n\n<p>ora 09:00 \u2013 Sf\u00e2nta Liturghie<\/p>\n\n\n\n<p>ora 11:00 \u2013 Vecernia Rusaliil<\/p>\n\n\n\n<p>orora 17:00 \u2013 Parada portului popular<\/p>\n\n\n\n<p>ora 18:00 \u2013 Slujb\u0103 de binecuv\u00e2ntare a holdelor<\/p>\n\n\n\n<p>Luni, 9 iunie \u2013 Sf\u00e2nta Treime<\/p>\n\n\n\n<p> ora 08:30 \u2013 Utrenia<\/p>\n\n\n\n<p>ora 10:00 \u2013 Sf\u00e2nta Liturghie<\/p>\n\n\n\n<p>ora 13:00 \u2013 Agap\u0103 fr\u0103\u021beasc\u0103 la Pensiunea Select Ora<\/p>\n\n\n\n<p>ora 16:00 \u2013 Program de muzic\u0103, joc \u0219i voie bun\u0103 (Stadion Oarda de Jos) Iustina \u0218pan, Ancu\u021ba St\u0103nu\u0219, Robert Maier Oana Marian, Anamaria Alb<\/p>\n\n\n\n<figure class=\"wp-block-gallery has-nested-images columns-default is-cropped wp-block-gallery-1 is-layout-flex wp-block-gallery-is-layout-flex\">\n<figure class=\"wp-block-image size-large\"><img loading=\"lazy\" decoding=\"async\" width=\"1013\" height=\"1280\" data-id=\"118053\" src=\"https:\/\/urbeamea.ro\/albaiulia\/wp-content\/uploads\/2025\/06\/1000039450-1013x1280.jpg\" alt=\"\" class=\"wp-image-118053\" srcset=\"https:\/\/urbeamea.ro\/albaiulia\/wp-content\/uploads\/2025\/06\/1000039450-1013x1280.jpg 1013w, https:\/\/urbeamea.ro\/albaiulia\/wp-content\/uploads\/2025\/06\/1000039450-506x640.jpg 506w, https:\/\/urbeamea.ro\/albaiulia\/wp-content\/uploads\/2025\/06\/1000039450-119x150.jpg 119w, https:\/\/urbeamea.ro\/albaiulia\/wp-content\/uploads\/2025\/06\/1000039450-768x971.jpg 768w, https:\/\/urbeamea.ro\/albaiulia\/wp-content\/uploads\/2025\/06\/1000039450.jpg 1080w\" sizes=\"auto, (max-width: 1013px) 100vw, 1013px\" \/><\/figure>\n<\/figure>\n\n\n\n<p><\/p>\n","protected":false},"excerpt":{"rendered":"<p>V\u0103 invit\u0103m cu drag s\u0103 lua\u021bi parte la un eveniment de suflet, dedicat comunit\u0103\u021bii \u0219i valorilor care ne unesc: \u201eComuniune \u0219i Cultur\u0103 la Oarda\u201d. Evenimentul este organizat de Parohiile Ortodoxe din Oarda de Sus \u0219i Oarda de Jos, Prim\u0103ria Municipiului Alba Iulia \u0219i Palatul Principilor Transilvaniei, \u00een colaborare cu Centrul de Cultur\u0103 ,,Augustin Bena&#8221;. Program &hellip;<\/p>\n","protected":false},"author":28,"featured_media":118053,"comment_status":"open","ping_status":"open","sticky":false,"template":"","format":"standard","meta":{"inline_featured_image":false,"footnotes":""},"categories":[4,2034,1,16344],"tags":[25319,94],"class_list":["post-118052","post","type-post","status-publish","format-standard","has-post-thumbnail","hentry","category-eveniment","category-social","category-stiri-urbane","category-urbea-mea","tag-fii-satului","tag-oarda"],"yoast_head":"<!-- This site is optimized with the Yoast SEO plugin v27.4 - https:\/\/yoast.com\/product\/yoast-seo-wordpress\/ -->\n<title>7 - 9 iunie: &quot;Fii satului&quot;. Comuniune \u0219i cultur\u0103 la Oarda - Revista Urbea Mea - Revista de Alba<\/title>\n<meta name=\"description\" content=\"V\u0103 invit\u0103m cu drag s\u0103 lua\u021bi parte la un eveniment de suflet, dedicat comunit\u0103\u021bii \u0219i valorilor care ne unesc: \u201eComuniune \u0219i Cultur\u0103 la Oarda\u201d. Evenimentul\" \/>\n<meta name=\"robots\" content=\"index, follow, max-snippet:-1, max-image-preview:large, max-video-preview:-1\" \/>\n<link rel=\"canonical\" href=\"https:\/\/urbeamea.ro\/albaiulia\/7-9-iunie-fii-satului-comuniune-si-cultura-la-oarda\/\" \/>\n<meta name=\"twitter:card\" content=\"summary_large_image\" \/>\n<meta name=\"twitter:title\" content=\"7 - 9 iunie: &quot;Fii satului&quot;. Comuniune \u0219i cultur\u0103 la Oarda - Revista Urbea Mea - Revista de Alba\" \/>\n<meta name=\"twitter:description\" content=\"V\u0103 invit\u0103m cu drag s\u0103 lua\u021bi parte la un eveniment de suflet, dedicat comunit\u0103\u021bii \u0219i valorilor care ne unesc: \u201eComuniune \u0219i Cultur\u0103 la Oarda\u201d. Evenimentul\" \/>\n<meta name=\"twitter:image\" content=\"https:\/\/urbeamea.ro\/albaiulia\/wp-content\/uploads\/2025\/06\/1000039450.jpg\" \/>\n<meta name=\"twitter:creator\" content=\"@urbeameaweb\" \/>\n<meta name=\"twitter:site\" content=\"@urbeameaweb\" \/>\n<script type=\"application\/ld+json\" class=\"yoast-schema-graph\">{\"@context\":\"https:\\\/\\\/schema.org\",\"@graph\":[{\"@type\":\"Article\",\"@id\":\"https:\\\/\\\/urbeamea.ro\\\/albaiulia\\\/7-9-iunie-fii-satului-comuniune-si-cultura-la-oarda\\\/#article\",\"isPartOf\":{\"@id\":\"https:\\\/\\\/urbeamea.ro\\\/albaiulia\\\/7-9-iunie-fii-satului-comuniune-si-cultura-la-oarda\\\/\"},\"author\":{\"name\":\"Giurca Sorin\",\"@id\":\"https:\\\/\\\/urbeamea.ro\\\/albaiulia\\\/#\\\/schema\\\/person\\\/5db3854ac38c1cc9f0ab4092d6a20f02\"},\"headline\":\"7 &#8211; 9 iunie: &#8222;Fii satului&#8221;. Comuniune \u0219i cultur\u0103 la Oarda\",\"datePublished\":\"2025-06-07T10:29:25+00:00\",\"dateModified\":\"2025-06-07T10:29:28+00:00\",\"mainEntityOfPage\":{\"@id\":\"https:\\\/\\\/urbeamea.ro\\\/albaiulia\\\/7-9-iunie-fii-satului-comuniune-si-cultura-la-oarda\\\/\"},\"wordCount\":184,\"commentCount\":0,\"image\":{\"@id\":\"https:\\\/\\\/urbeamea.ro\\\/albaiulia\\\/7-9-iunie-fii-satului-comuniune-si-cultura-la-oarda\\\/#primaryimage\"},\"thumbnailUrl\":\"https:\\\/\\\/urbeamea.ro\\\/albaiulia\\\/wp-content\\\/uploads\\\/2025\\\/06\\\/1000039450.jpg\",\"keywords\":[\"Fii satului\",\"oarda\"],\"articleSection\":[\"Evenimente\",\"Social\",\"\u015etiri Urbane\",\"Urbea Mea\"],\"inLanguage\":\"ro-RO\",\"potentialAction\":[{\"@type\":\"CommentAction\",\"name\":\"Comment\",\"target\":[\"https:\\\/\\\/urbeamea.ro\\\/albaiulia\\\/7-9-iunie-fii-satului-comuniune-si-cultura-la-oarda\\\/#respond\"]}]},{\"@type\":\"WebPage\",\"@id\":\"https:\\\/\\\/urbeamea.ro\\\/albaiulia\\\/7-9-iunie-fii-satului-comuniune-si-cultura-la-oarda\\\/\",\"url\":\"https:\\\/\\\/urbeamea.ro\\\/albaiulia\\\/7-9-iunie-fii-satului-comuniune-si-cultura-la-oarda\\\/\",\"name\":\"7 - 9 iunie: \\\"Fii satului\\\". Comuniune \u0219i cultur\u0103 la Oarda - Revista Urbea Mea - Revista de Alba\",\"isPartOf\":{\"@id\":\"https:\\\/\\\/urbeamea.ro\\\/albaiulia\\\/#website\"},\"primaryImageOfPage\":{\"@id\":\"https:\\\/\\\/urbeamea.ro\\\/albaiulia\\\/7-9-iunie-fii-satului-comuniune-si-cultura-la-oarda\\\/#primaryimage\"},\"image\":{\"@id\":\"https:\\\/\\\/urbeamea.ro\\\/albaiulia\\\/7-9-iunie-fii-satului-comuniune-si-cultura-la-oarda\\\/#primaryimage\"},\"thumbnailUrl\":\"https:\\\/\\\/urbeamea.ro\\\/albaiulia\\\/wp-content\\\/uploads\\\/2025\\\/06\\\/1000039450.jpg\",\"datePublished\":\"2025-06-07T10:29:25+00:00\",\"dateModified\":\"2025-06-07T10:29:28+00:00\",\"author\":{\"@id\":\"https:\\\/\\\/urbeamea.ro\\\/albaiulia\\\/#\\\/schema\\\/person\\\/5db3854ac38c1cc9f0ab4092d6a20f02\"},\"description\":\"V\u0103 invit\u0103m cu drag s\u0103 lua\u021bi parte la un eveniment de suflet, dedicat comunit\u0103\u021bii \u0219i valorilor care ne unesc: \u201eComuniune \u0219i Cultur\u0103 la Oarda\u201d. Evenimentul\",\"breadcrumb\":{\"@id\":\"https:\\\/\\\/urbeamea.ro\\\/albaiulia\\\/7-9-iunie-fii-satului-comuniune-si-cultura-la-oarda\\\/#breadcrumb\"},\"inLanguage\":\"ro-RO\",\"potentialAction\":[{\"@type\":\"ReadAction\",\"target\":[\"https:\\\/\\\/urbeamea.ro\\\/albaiulia\\\/7-9-iunie-fii-satului-comuniune-si-cultura-la-oarda\\\/\"]}]},{\"@type\":\"ImageObject\",\"inLanguage\":\"ro-RO\",\"@id\":\"https:\\\/\\\/urbeamea.ro\\\/albaiulia\\\/7-9-iunie-fii-satului-comuniune-si-cultura-la-oarda\\\/#primaryimage\",\"url\":\"https:\\\/\\\/urbeamea.ro\\\/albaiulia\\\/wp-content\\\/uploads\\\/2025\\\/06\\\/1000039450.jpg\",\"contentUrl\":\"https:\\\/\\\/urbeamea.ro\\\/albaiulia\\\/wp-content\\\/uploads\\\/2025\\\/06\\\/1000039450.jpg\",\"width\":1080,\"height\":1365},{\"@type\":\"BreadcrumbList\",\"@id\":\"https:\\\/\\\/urbeamea.ro\\\/albaiulia\\\/7-9-iunie-fii-satului-comuniune-si-cultura-la-oarda\\\/#breadcrumb\",\"itemListElement\":[{\"@type\":\"ListItem\",\"position\":1,\"name\":\"Prima pagin\u0103\",\"item\":\"https:\\\/\\\/urbeamea.ro\\\/albaiulia\\\/\"},{\"@type\":\"ListItem\",\"position\":2,\"name\":\"7 &#8211; 9 iunie: &#8222;Fii satului&#8221;. Comuniune \u0219i cultur\u0103 la Oarda\"}]},{\"@type\":\"WebSite\",\"@id\":\"https:\\\/\\\/urbeamea.ro\\\/albaiulia\\\/#website\",\"url\":\"https:\\\/\\\/urbeamea.ro\\\/albaiulia\\\/\",\"name\":\"Revista Urbea Mea, Stiri urbane\",\"description\":\"Evenimente \u0219i \u0219tiri din Alba Iulia, Sebe\u0219, Aiud, Blaj\",\"potentialAction\":[{\"@type\":\"SearchAction\",\"target\":{\"@type\":\"EntryPoint\",\"urlTemplate\":\"https:\\\/\\\/urbeamea.ro\\\/albaiulia\\\/?s={search_term_string}\"},\"query-input\":{\"@type\":\"PropertyValueSpecification\",\"valueRequired\":true,\"valueName\":\"search_term_string\"}}],\"inLanguage\":\"ro-RO\"},{\"@type\":\"Person\",\"@id\":\"https:\\\/\\\/urbeamea.ro\\\/albaiulia\\\/#\\\/schema\\\/person\\\/5db3854ac38c1cc9f0ab4092d6a20f02\",\"name\":\"Giurca Sorin\",\"image\":{\"@type\":\"ImageObject\",\"inLanguage\":\"ro-RO\",\"@id\":\"https:\\\/\\\/secure.gravatar.com\\\/avatar\\\/120f6fcae7b3b47a7730cb9943f612f4909f68ac5284b5f40ac1c4615fd70576?s=96&d=mm&r=g\",\"url\":\"https:\\\/\\\/secure.gravatar.com\\\/avatar\\\/120f6fcae7b3b47a7730cb9943f612f4909f68ac5284b5f40ac1c4615fd70576?s=96&d=mm&r=g\",\"contentUrl\":\"https:\\\/\\\/secure.gravatar.com\\\/avatar\\\/120f6fcae7b3b47a7730cb9943f612f4909f68ac5284b5f40ac1c4615fd70576?s=96&d=mm&r=g\",\"caption\":\"Giurca Sorin\"},\"url\":\"https:\\\/\\\/urbeamea.ro\\\/albaiulia\\\/author\\\/sorin\\\/\"}]}<\/script>\n<!-- \/ Yoast SEO plugin. -->","yoast_head_json":{"title":"7 - 9 iunie: \"Fii satului\". Comuniune \u0219i cultur\u0103 la Oarda - Revista Urbea Mea - Revista de Alba","description":"V\u0103 invit\u0103m cu drag s\u0103 lua\u021bi parte la un eveniment de suflet, dedicat comunit\u0103\u021bii \u0219i valorilor care ne unesc: \u201eComuniune \u0219i Cultur\u0103 la Oarda\u201d. Evenimentul","robots":{"index":"index","follow":"follow","max-snippet":"max-snippet:-1","max-image-preview":"max-image-preview:large","max-video-preview":"max-video-preview:-1"},"canonical":"https:\/\/urbeamea.ro\/albaiulia\/7-9-iunie-fii-satului-comuniune-si-cultura-la-oarda\/","twitter_card":"summary_large_image","twitter_title":"7 - 9 iunie: \"Fii satului\". Comuniune \u0219i cultur\u0103 la Oarda - Revista Urbea Mea - Revista de Alba","twitter_description":"V\u0103 invit\u0103m cu drag s\u0103 lua\u021bi parte la un eveniment de suflet, dedicat comunit\u0103\u021bii \u0219i valorilor care ne unesc: \u201eComuniune \u0219i Cultur\u0103 la Oarda\u201d. Evenimentul","twitter_image":"https:\/\/urbeamea.ro\/albaiulia\/wp-content\/uploads\/2025\/06\/1000039450.jpg","twitter_creator":"@urbeameaweb","twitter_site":"@urbeameaweb","schema":{"@context":"https:\/\/schema.org","@graph":[{"@type":"Article","@id":"https:\/\/urbeamea.ro\/albaiulia\/7-9-iunie-fii-satului-comuniune-si-cultura-la-oarda\/#article","isPartOf":{"@id":"https:\/\/urbeamea.ro\/albaiulia\/7-9-iunie-fii-satului-comuniune-si-cultura-la-oarda\/"},"author":{"name":"Giurca Sorin","@id":"https:\/\/urbeamea.ro\/albaiulia\/#\/schema\/person\/5db3854ac38c1cc9f0ab4092d6a20f02"},"headline":"7 &#8211; 9 iunie: &#8222;Fii satului&#8221;. Comuniune \u0219i cultur\u0103 la Oarda","datePublished":"2025-06-07T10:29:25+00:00","dateModified":"2025-06-07T10:29:28+00:00","mainEntityOfPage":{"@id":"https:\/\/urbeamea.ro\/albaiulia\/7-9-iunie-fii-satului-comuniune-si-cultura-la-oarda\/"},"wordCount":184,"commentCount":0,"image":{"@id":"https:\/\/urbeamea.ro\/albaiulia\/7-9-iunie-fii-satului-comuniune-si-cultura-la-oarda\/#primaryimage"},"thumbnailUrl":"https:\/\/urbeamea.ro\/albaiulia\/wp-content\/uploads\/2025\/06\/1000039450.jpg","keywords":["Fii satului","oarda"],"articleSection":["Evenimente","Social","\u015etiri Urbane","Urbea Mea"],"inLanguage":"ro-RO","potentialAction":[{"@type":"CommentAction","name":"Comment","target":["https:\/\/urbeamea.ro\/albaiulia\/7-9-iunie-fii-satului-comuniune-si-cultura-la-oarda\/#respond"]}]},{"@type":"WebPage","@id":"https:\/\/urbeamea.ro\/albaiulia\/7-9-iunie-fii-satului-comuniune-si-cultura-la-oarda\/","url":"https:\/\/urbeamea.ro\/albaiulia\/7-9-iunie-fii-satului-comuniune-si-cultura-la-oarda\/","name":"7 - 9 iunie: \"Fii satului\". Comuniune \u0219i cultur\u0103 la Oarda - Revista Urbea Mea - Revista de Alba","isPartOf":{"@id":"https:\/\/urbeamea.ro\/albaiulia\/#website"},"primaryImageOfPage":{"@id":"https:\/\/urbeamea.ro\/albaiulia\/7-9-iunie-fii-satului-comuniune-si-cultura-la-oarda\/#primaryimage"},"image":{"@id":"https:\/\/urbeamea.ro\/albaiulia\/7-9-iunie-fii-satului-comuniune-si-cultura-la-oarda\/#primaryimage"},"thumbnailUrl":"https:\/\/urbeamea.ro\/albaiulia\/wp-content\/uploads\/2025\/06\/1000039450.jpg","datePublished":"2025-06-07T10:29:25+00:00","dateModified":"2025-06-07T10:29:28+00:00","author":{"@id":"https:\/\/urbeamea.ro\/albaiulia\/#\/schema\/person\/5db3854ac38c1cc9f0ab4092d6a20f02"},"description":"V\u0103 invit\u0103m cu drag s\u0103 lua\u021bi parte la un eveniment de suflet, dedicat comunit\u0103\u021bii \u0219i valorilor care ne unesc: \u201eComuniune \u0219i Cultur\u0103 la Oarda\u201d. Evenimentul","breadcrumb":{"@id":"https:\/\/urbeamea.ro\/albaiulia\/7-9-iunie-fii-satului-comuniune-si-cultura-la-oarda\/#breadcrumb"},"inLanguage":"ro-RO","potentialAction":[{"@type":"ReadAction","target":["https:\/\/urbeamea.ro\/albaiulia\/7-9-iunie-fii-satului-comuniune-si-cultura-la-oarda\/"]}]},{"@type":"ImageObject","inLanguage":"ro-RO","@id":"https:\/\/urbeamea.ro\/albaiulia\/7-9-iunie-fii-satului-comuniune-si-cultura-la-oarda\/#primaryimage","url":"https:\/\/urbeamea.ro\/albaiulia\/wp-content\/uploads\/2025\/06\/1000039450.jpg","contentUrl":"https:\/\/urbeamea.ro\/albaiulia\/wp-content\/uploads\/2025\/06\/1000039450.jpg","width":1080,"height":1365},{"@type":"BreadcrumbList","@id":"https:\/\/urbeamea.ro\/albaiulia\/7-9-iunie-fii-satului-comuniune-si-cultura-la-oarda\/#breadcrumb","itemListElement":[{"@type":"ListItem","position":1,"name":"Prima pagin\u0103","item":"https:\/\/urbeamea.ro\/albaiulia\/"},{"@type":"ListItem","position":2,"name":"7 &#8211; 9 iunie: &#8222;Fii satului&#8221;. Comuniune \u0219i cultur\u0103 la Oarda"}]},{"@type":"WebSite","@id":"https:\/\/urbeamea.ro\/albaiulia\/#website","url":"https:\/\/urbeamea.ro\/albaiulia\/","name":"Revista Urbea Mea, Stiri urbane","description":"Evenimente \u0219i \u0219tiri din Alba Iulia, Sebe\u0219, Aiud, Blaj","potentialAction":[{"@type":"SearchAction","target":{"@type":"EntryPoint","urlTemplate":"https:\/\/urbeamea.ro\/albaiulia\/?s={search_term_string}"},"query-input":{"@type":"PropertyValueSpecification","valueRequired":true,"valueName":"search_term_string"}}],"inLanguage":"ro-RO"},{"@type":"Person","@id":"https:\/\/urbeamea.ro\/albaiulia\/#\/schema\/person\/5db3854ac38c1cc9f0ab4092d6a20f02","name":"Giurca Sorin","image":{"@type":"ImageObject","inLanguage":"ro-RO","@id":"https:\/\/secure.gravatar.com\/avatar\/120f6fcae7b3b47a7730cb9943f612f4909f68ac5284b5f40ac1c4615fd70576?s=96&d=mm&r=g","url":"https:\/\/secure.gravatar.com\/avatar\/120f6fcae7b3b47a7730cb9943f612f4909f68ac5284b5f40ac1c4615fd70576?s=96&d=mm&r=g","contentUrl":"https:\/\/secure.gravatar.com\/avatar\/120f6fcae7b3b47a7730cb9943f612f4909f68ac5284b5f40ac1c4615fd70576?s=96&d=mm&r=g","caption":"Giurca Sorin"},"url":"https:\/\/urbeamea.ro\/albaiulia\/author\/sorin\/"}]}},"_links":{"self":[{"href":"https:\/\/urbeamea.ro\/albaiulia\/wp-json\/wp\/v2\/posts\/118052","targetHints":{"allow":["GET"]}}],"collection":[{"href":"https:\/\/urbeamea.ro\/albaiulia\/wp-json\/wp\/v2\/posts"}],"about":[{"href":"https:\/\/urbeamea.ro\/albaiulia\/wp-json\/wp\/v2\/types\/post"}],"author":[{"embeddable":true,"href":"https:\/\/urbeamea.ro\/albaiulia\/wp-json\/wp\/v2\/users\/28"}],"replies":[{"embeddable":true,"href":"https:\/\/urbeamea.ro\/albaiulia\/wp-json\/wp\/v2\/comments?post=118052"}],"version-history":[{"count":1,"href":"https:\/\/urbeamea.ro\/albaiulia\/wp-json\/wp\/v2\/posts\/118052\/revisions"}],"predecessor-version":[{"id":118054,"href":"https:\/\/urbeamea.ro\/albaiulia\/wp-json\/wp\/v2\/posts\/118052\/revisions\/118054"}],"wp:featuredmedia":[{"embeddable":true,"href":"https:\/\/urbeamea.ro\/albaiulia\/wp-json\/wp\/v2\/media\/118053"}],"wp:attachment":[{"href":"https:\/\/urbeamea.ro\/albaiulia\/wp-json\/wp\/v2\/media?parent=118052"}],"wp:term":[{"taxonomy":"category","embeddable":true,"href":"https:\/\/urbeamea.ro\/albaiulia\/wp-json\/wp\/v2\/categories?post=118052"},{"taxonomy":"post_tag","embeddable":true,"href":"https:\/\/urbeamea.ro\/albaiulia\/wp-json\/wp\/v2\/tags?post=118052"}],"curies":[{"name":"wp","href":"https:\/\/api.w.org\/{rel}","templated":true}]}}