{"id":118055,"date":"2025-06-07T14:13:18","date_gmt":"2025-06-07T11:13:18","guid":{"rendered":"https:\/\/urbeamea.ro\/albaiulia\/?p=118055"},"modified":"2025-06-07T14:26:22","modified_gmt":"2025-06-07T11:26:22","slug":"sambata-ora-2145-austria-romania-meci-greu-pentru-tricolori-la-viena","status":"publish","type":"post","link":"https:\/\/urbeamea.ro\/albaiulia\/sambata-ora-2145-austria-romania-meci-greu-pentru-tricolori-la-viena\/","title":{"rendered":"S\u00e2mb\u0103t\u0103, ora 21:45 Austria &#8211; Rom\u00e2nia. Meci greu pentru &#8222;tricolori&#8221; la Viena."},"content":{"rendered":"\n<p><strong>Echipa na\u021bional\u0103 de fotbal a Rom\u00e2niei va \u00eent\u00e2lni, s\u00e2mb\u0103t\u0103, 7 iunie, cu \u00eencepere de la ora 21:45, \u00een deplasare, reprezentativa Austriei.<\/strong><\/p>\n\n\n\n<p>Meciul se joac\u0103 la Viena, partida va conta pentru etapa 3 din cadrul preliminariilor Campionatului Mondial din 2026.<\/p>\n\n\n\n<p>Rom\u00e2nia ocup\u0103 locul 2, cu un total de 3 puncte dup\u0103 2 etape, &#8222;tricolorii&#8221; au c\u00e2\u0219tigat cu San Marino scor 5-1, echipa preg\u0103tit\u0103 de Mircea Lucescu pierz\u00e2nd pe teren propriu, scor 0-1 cu Bosnia-Her\u021begovina.<\/p>\n\n\n\n<p>Pentru a mai putea spera cu \u0219anse reale la un loc de calificare la turneul final, reprezentativa condus\u0103 de Mircea Lucescu are mare nevoie de o victorie.<\/p>\n\n\n\n<p>O \u00eenfr\u00e2ngere pentru na\u021bionala Rom\u00e2niei, ar fi sinonim\u0103 cu eliminarea din cursa pentru Mondial.<\/p>\n\n\n\n<p>\u00cen lotul na\u021bionalei Rom\u00e2niei, se afl\u0103 \u0219i doi juc\u0103tori originari din jude\u021bul Alba: Nicolae Stanciu \u0219i Andrei Ra\u021biu <\/p>\n\n\n\n<p>Austria nu a disputat nici un meci p\u00e2n\u0103 acum, austriecii au avut de disputat barajul de retrogradare din Nations League \u00een luna martie, cu Serbia, scor 1-3.<\/p>\n\n\n\n<p>In cele mai recente 5 \u00eent\u00e2lniri directe, Rom\u00e2nia a ob\u021binut o victorie, \u00een deplasare, scor 3-2, Austria s-a impus \u00een dou\u0103 r\u00e2nduri, iar dou\u0103 confrunt\u0103ri s-au \u00eencheiat la egalitate.<\/p>\n\n\n\n<figure class=\"wp-block-gallery has-nested-images columns-default is-cropped wp-block-gallery-1 is-layout-flex wp-block-gallery-is-layout-flex\">\n<figure class=\"wp-block-image size-large\"><img loading=\"lazy\" decoding=\"async\" width=\"1024\" height=\"1280\" data-id=\"118056\" src=\"https:\/\/urbeamea.ro\/albaiulia\/wp-content\/uploads\/2025\/06\/1000039451-1024x1280.jpg\" alt=\"\" class=\"wp-image-118056\" srcset=\"https:\/\/urbeamea.ro\/albaiulia\/wp-content\/uploads\/2025\/06\/1000039451-1024x1280.jpg 1024w, https:\/\/urbeamea.ro\/albaiulia\/wp-content\/uploads\/2025\/06\/1000039451-512x640.jpg 512w, https:\/\/urbeamea.ro\/albaiulia\/wp-content\/uploads\/2025\/06\/1000039451-120x150.jpg 120w, https:\/\/urbeamea.ro\/albaiulia\/wp-content\/uploads\/2025\/06\/1000039451-768x960.jpg 768w, https:\/\/urbeamea.ro\/albaiulia\/wp-content\/uploads\/2025\/06\/1000039451.jpg 1080w\" sizes=\"auto, (max-width: 1024px) 100vw, 1024px\" \/><\/figure>\n\n\n\n<figure class=\"wp-block-image size-large\"><img loading=\"lazy\" decoding=\"async\" width=\"1024\" height=\"1280\" data-id=\"118057\" src=\"https:\/\/urbeamea.ro\/albaiulia\/wp-content\/uploads\/2025\/06\/1000039452-1024x1280.jpg\" alt=\"\" class=\"wp-image-118057\" srcset=\"https:\/\/urbeamea.ro\/albaiulia\/wp-content\/uploads\/2025\/06\/1000039452-1024x1280.jpg 1024w, https:\/\/urbeamea.ro\/albaiulia\/wp-content\/uploads\/2025\/06\/1000039452-512x640.jpg 512w, https:\/\/urbeamea.ro\/albaiulia\/wp-content\/uploads\/2025\/06\/1000039452-120x150.jpg 120w, https:\/\/urbeamea.ro\/albaiulia\/wp-content\/uploads\/2025\/06\/1000039452-768x960.jpg 768w, https:\/\/urbeamea.ro\/albaiulia\/wp-content\/uploads\/2025\/06\/1000039452.jpg 1080w\" sizes=\"auto, (max-width: 1024px) 100vw, 1024px\" \/><\/figure>\n<\/figure>\n\n\n\n<p><\/p>\n","protected":false},"excerpt":{"rendered":"<p>Echipa na\u021bional\u0103 de fotbal a Rom\u00e2niei va \u00eent\u00e2lni, s\u00e2mb\u0103t\u0103, 7 iunie, cu \u00eencepere de la ora 21:45, \u00een deplasare, reprezentativa Austriei. Meciul se joac\u0103 la Viena, partida va conta pentru etapa 3 din cadrul preliminariilor Campionatului Mondial din 2026. Rom\u00e2nia ocup\u0103 locul 2, cu un total de 3 puncte dup\u0103 2 etape, &#8222;tricolorii&#8221; au c\u00e2\u0219tigat &hellip;<\/p>\n","protected":false},"author":28,"featured_media":118056,"comment_status":"open","ping_status":"open","sticky":false,"template":"","format":"standard","meta":{"inline_featured_image":false,"footnotes":""},"categories":[2037],"tags":[4497,5783],"class_list":["post-118055","post","type-post","status-publish","format-standard","has-post-thumbnail","hentry","category-sport","tag-austria","tag-echipa-nationala"],"yoast_head":"<!-- This site is optimized with the Yoast SEO plugin v27.4 - https:\/\/yoast.com\/product\/yoast-seo-wordpress\/ -->\n<title>S\u00e2mb\u0103t\u0103, ora 21:45 Austria - Rom\u00e2nia. Meci greu pentru &quot;tricolori&quot; la Viena. - Revista Urbea Mea - Revista de Alba<\/title>\n<meta name=\"description\" content=\"Echipa na\u021bional\u0103 de fotbal a Rom\u00e2niei va \u00eent\u00e2lni, s\u00e2mb\u0103t\u0103, 7 iunie, cu \u00eencepere de la ora 21:45, \u00een deplasare, reprezentativa Austriei. Meciul se joac\u0103 la\" \/>\n<meta name=\"robots\" content=\"index, follow, max-snippet:-1, max-image-preview:large, max-video-preview:-1\" \/>\n<link rel=\"canonical\" href=\"https:\/\/urbeamea.ro\/albaiulia\/sambata-ora-2145-austria-romania-meci-greu-pentru-tricolori-la-viena\/\" \/>\n<meta name=\"twitter:card\" content=\"summary_large_image\" \/>\n<meta name=\"twitter:title\" content=\"S\u00e2mb\u0103t\u0103, ora 21:45 Austria - Rom\u00e2nia. Meci greu pentru &quot;tricolori&quot; la Viena. - Revista Urbea Mea - Revista de Alba\" \/>\n<meta name=\"twitter:description\" content=\"Echipa na\u021bional\u0103 de fotbal a Rom\u00e2niei va \u00eent\u00e2lni, s\u00e2mb\u0103t\u0103, 7 iunie, cu \u00eencepere de la ora 21:45, \u00een deplasare, reprezentativa Austriei. Meciul se joac\u0103 la\" \/>\n<meta name=\"twitter:image\" content=\"https:\/\/urbeamea.ro\/albaiulia\/wp-content\/uploads\/2025\/06\/1000039451.jpg\" \/>\n<meta name=\"twitter:creator\" content=\"@urbeameaweb\" \/>\n<meta name=\"twitter:site\" content=\"@urbeameaweb\" \/>\n<script type=\"application\/ld+json\" class=\"yoast-schema-graph\">{\"@context\":\"https:\\\/\\\/schema.org\",\"@graph\":[{\"@type\":\"Article\",\"@id\":\"https:\\\/\\\/urbeamea.ro\\\/albaiulia\\\/sambata-ora-2145-austria-romania-meci-greu-pentru-tricolori-la-viena\\\/#article\",\"isPartOf\":{\"@id\":\"https:\\\/\\\/urbeamea.ro\\\/albaiulia\\\/sambata-ora-2145-austria-romania-meci-greu-pentru-tricolori-la-viena\\\/\"},\"author\":{\"name\":\"Giurca Sorin\",\"@id\":\"https:\\\/\\\/urbeamea.ro\\\/albaiulia\\\/#\\\/schema\\\/person\\\/5db3854ac38c1cc9f0ab4092d6a20f02\"},\"headline\":\"S\u00e2mb\u0103t\u0103, ora 21:45 Austria &#8211; Rom\u00e2nia. Meci greu pentru &#8222;tricolori&#8221; la Viena.\",\"datePublished\":\"2025-06-07T11:13:18+00:00\",\"dateModified\":\"2025-06-07T11:26:22+00:00\",\"mainEntityOfPage\":{\"@id\":\"https:\\\/\\\/urbeamea.ro\\\/albaiulia\\\/sambata-ora-2145-austria-romania-meci-greu-pentru-tricolori-la-viena\\\/\"},\"wordCount\":218,\"commentCount\":0,\"image\":{\"@id\":\"https:\\\/\\\/urbeamea.ro\\\/albaiulia\\\/sambata-ora-2145-austria-romania-meci-greu-pentru-tricolori-la-viena\\\/#primaryimage\"},\"thumbnailUrl\":\"https:\\\/\\\/urbeamea.ro\\\/albaiulia\\\/wp-content\\\/uploads\\\/2025\\\/06\\\/1000039451.jpg\",\"keywords\":[\"austria\",\"echipa nationala\"],\"articleSection\":[\"Sport\"],\"inLanguage\":\"ro-RO\",\"potentialAction\":[{\"@type\":\"CommentAction\",\"name\":\"Comment\",\"target\":[\"https:\\\/\\\/urbeamea.ro\\\/albaiulia\\\/sambata-ora-2145-austria-romania-meci-greu-pentru-tricolori-la-viena\\\/#respond\"]}]},{\"@type\":\"WebPage\",\"@id\":\"https:\\\/\\\/urbeamea.ro\\\/albaiulia\\\/sambata-ora-2145-austria-romania-meci-greu-pentru-tricolori-la-viena\\\/\",\"url\":\"https:\\\/\\\/urbeamea.ro\\\/albaiulia\\\/sambata-ora-2145-austria-romania-meci-greu-pentru-tricolori-la-viena\\\/\",\"name\":\"S\u00e2mb\u0103t\u0103, ora 21:45 Austria - Rom\u00e2nia. Meci greu pentru \\\"tricolori\\\" la Viena. - Revista Urbea Mea - Revista de Alba\",\"isPartOf\":{\"@id\":\"https:\\\/\\\/urbeamea.ro\\\/albaiulia\\\/#website\"},\"primaryImageOfPage\":{\"@id\":\"https:\\\/\\\/urbeamea.ro\\\/albaiulia\\\/sambata-ora-2145-austria-romania-meci-greu-pentru-tricolori-la-viena\\\/#primaryimage\"},\"image\":{\"@id\":\"https:\\\/\\\/urbeamea.ro\\\/albaiulia\\\/sambata-ora-2145-austria-romania-meci-greu-pentru-tricolori-la-viena\\\/#primaryimage\"},\"thumbnailUrl\":\"https:\\\/\\\/urbeamea.ro\\\/albaiulia\\\/wp-content\\\/uploads\\\/2025\\\/06\\\/1000039451.jpg\",\"datePublished\":\"2025-06-07T11:13:18+00:00\",\"dateModified\":\"2025-06-07T11:26:22+00:00\",\"author\":{\"@id\":\"https:\\\/\\\/urbeamea.ro\\\/albaiulia\\\/#\\\/schema\\\/person\\\/5db3854ac38c1cc9f0ab4092d6a20f02\"},\"description\":\"Echipa na\u021bional\u0103 de fotbal a Rom\u00e2niei va \u00eent\u00e2lni, s\u00e2mb\u0103t\u0103, 7 iunie, cu \u00eencepere de la ora 21:45, \u00een deplasare, reprezentativa Austriei. Meciul se joac\u0103 la\",\"breadcrumb\":{\"@id\":\"https:\\\/\\\/urbeamea.ro\\\/albaiulia\\\/sambata-ora-2145-austria-romania-meci-greu-pentru-tricolori-la-viena\\\/#breadcrumb\"},\"inLanguage\":\"ro-RO\",\"potentialAction\":[{\"@type\":\"ReadAction\",\"target\":[\"https:\\\/\\\/urbeamea.ro\\\/albaiulia\\\/sambata-ora-2145-austria-romania-meci-greu-pentru-tricolori-la-viena\\\/\"]}]},{\"@type\":\"ImageObject\",\"inLanguage\":\"ro-RO\",\"@id\":\"https:\\\/\\\/urbeamea.ro\\\/albaiulia\\\/sambata-ora-2145-austria-romania-meci-greu-pentru-tricolori-la-viena\\\/#primaryimage\",\"url\":\"https:\\\/\\\/urbeamea.ro\\\/albaiulia\\\/wp-content\\\/uploads\\\/2025\\\/06\\\/1000039451.jpg\",\"contentUrl\":\"https:\\\/\\\/urbeamea.ro\\\/albaiulia\\\/wp-content\\\/uploads\\\/2025\\\/06\\\/1000039451.jpg\",\"width\":1080,\"height\":1350},{\"@type\":\"BreadcrumbList\",\"@id\":\"https:\\\/\\\/urbeamea.ro\\\/albaiulia\\\/sambata-ora-2145-austria-romania-meci-greu-pentru-tricolori-la-viena\\\/#breadcrumb\",\"itemListElement\":[{\"@type\":\"ListItem\",\"position\":1,\"name\":\"Prima pagin\u0103\",\"item\":\"https:\\\/\\\/urbeamea.ro\\\/albaiulia\\\/\"},{\"@type\":\"ListItem\",\"position\":2,\"name\":\"S\u00e2mb\u0103t\u0103, ora 21:45 Austria &#8211; Rom\u00e2nia. Meci greu pentru &#8222;tricolori&#8221; la Viena.\"}]},{\"@type\":\"WebSite\",\"@id\":\"https:\\\/\\\/urbeamea.ro\\\/albaiulia\\\/#website\",\"url\":\"https:\\\/\\\/urbeamea.ro\\\/albaiulia\\\/\",\"name\":\"Revista Urbea Mea, Stiri urbane\",\"description\":\"Evenimente \u0219i \u0219tiri din Alba Iulia, Sebe\u0219, Aiud, Blaj\",\"potentialAction\":[{\"@type\":\"SearchAction\",\"target\":{\"@type\":\"EntryPoint\",\"urlTemplate\":\"https:\\\/\\\/urbeamea.ro\\\/albaiulia\\\/?s={search_term_string}\"},\"query-input\":{\"@type\":\"PropertyValueSpecification\",\"valueRequired\":true,\"valueName\":\"search_term_string\"}}],\"inLanguage\":\"ro-RO\"},{\"@type\":\"Person\",\"@id\":\"https:\\\/\\\/urbeamea.ro\\\/albaiulia\\\/#\\\/schema\\\/person\\\/5db3854ac38c1cc9f0ab4092d6a20f02\",\"name\":\"Giurca Sorin\",\"image\":{\"@type\":\"ImageObject\",\"inLanguage\":\"ro-RO\",\"@id\":\"https:\\\/\\\/secure.gravatar.com\\\/avatar\\\/120f6fcae7b3b47a7730cb9943f612f4909f68ac5284b5f40ac1c4615fd70576?s=96&d=mm&r=g\",\"url\":\"https:\\\/\\\/secure.gravatar.com\\\/avatar\\\/120f6fcae7b3b47a7730cb9943f612f4909f68ac5284b5f40ac1c4615fd70576?s=96&d=mm&r=g\",\"contentUrl\":\"https:\\\/\\\/secure.gravatar.com\\\/avatar\\\/120f6fcae7b3b47a7730cb9943f612f4909f68ac5284b5f40ac1c4615fd70576?s=96&d=mm&r=g\",\"caption\":\"Giurca Sorin\"},\"url\":\"https:\\\/\\\/urbeamea.ro\\\/albaiulia\\\/author\\\/sorin\\\/\"}]}<\/script>\n<!-- \/ Yoast SEO plugin. -->","yoast_head_json":{"title":"S\u00e2mb\u0103t\u0103, ora 21:45 Austria - Rom\u00e2nia. Meci greu pentru \"tricolori\" la Viena. - Revista Urbea Mea - Revista de Alba","description":"Echipa na\u021bional\u0103 de fotbal a Rom\u00e2niei va \u00eent\u00e2lni, s\u00e2mb\u0103t\u0103, 7 iunie, cu \u00eencepere de la ora 21:45, \u00een deplasare, reprezentativa Austriei. Meciul se joac\u0103 la","robots":{"index":"index","follow":"follow","max-snippet":"max-snippet:-1","max-image-preview":"max-image-preview:large","max-video-preview":"max-video-preview:-1"},"canonical":"https:\/\/urbeamea.ro\/albaiulia\/sambata-ora-2145-austria-romania-meci-greu-pentru-tricolori-la-viena\/","twitter_card":"summary_large_image","twitter_title":"S\u00e2mb\u0103t\u0103, ora 21:45 Austria - Rom\u00e2nia. Meci greu pentru \"tricolori\" la Viena. - Revista Urbea Mea - Revista de Alba","twitter_description":"Echipa na\u021bional\u0103 de fotbal a Rom\u00e2niei va \u00eent\u00e2lni, s\u00e2mb\u0103t\u0103, 7 iunie, cu \u00eencepere de la ora 21:45, \u00een deplasare, reprezentativa Austriei. Meciul se joac\u0103 la","twitter_image":"https:\/\/urbeamea.ro\/albaiulia\/wp-content\/uploads\/2025\/06\/1000039451.jpg","twitter_creator":"@urbeameaweb","twitter_site":"@urbeameaweb","schema":{"@context":"https:\/\/schema.org","@graph":[{"@type":"Article","@id":"https:\/\/urbeamea.ro\/albaiulia\/sambata-ora-2145-austria-romania-meci-greu-pentru-tricolori-la-viena\/#article","isPartOf":{"@id":"https:\/\/urbeamea.ro\/albaiulia\/sambata-ora-2145-austria-romania-meci-greu-pentru-tricolori-la-viena\/"},"author":{"name":"Giurca Sorin","@id":"https:\/\/urbeamea.ro\/albaiulia\/#\/schema\/person\/5db3854ac38c1cc9f0ab4092d6a20f02"},"headline":"S\u00e2mb\u0103t\u0103, ora 21:45 Austria &#8211; Rom\u00e2nia. Meci greu pentru &#8222;tricolori&#8221; la Viena.","datePublished":"2025-06-07T11:13:18+00:00","dateModified":"2025-06-07T11:26:22+00:00","mainEntityOfPage":{"@id":"https:\/\/urbeamea.ro\/albaiulia\/sambata-ora-2145-austria-romania-meci-greu-pentru-tricolori-la-viena\/"},"wordCount":218,"commentCount":0,"image":{"@id":"https:\/\/urbeamea.ro\/albaiulia\/sambata-ora-2145-austria-romania-meci-greu-pentru-tricolori-la-viena\/#primaryimage"},"thumbnailUrl":"https:\/\/urbeamea.ro\/albaiulia\/wp-content\/uploads\/2025\/06\/1000039451.jpg","keywords":["austria","echipa nationala"],"articleSection":["Sport"],"inLanguage":"ro-RO","potentialAction":[{"@type":"CommentAction","name":"Comment","target":["https:\/\/urbeamea.ro\/albaiulia\/sambata-ora-2145-austria-romania-meci-greu-pentru-tricolori-la-viena\/#respond"]}]},{"@type":"WebPage","@id":"https:\/\/urbeamea.ro\/albaiulia\/sambata-ora-2145-austria-romania-meci-greu-pentru-tricolori-la-viena\/","url":"https:\/\/urbeamea.ro\/albaiulia\/sambata-ora-2145-austria-romania-meci-greu-pentru-tricolori-la-viena\/","name":"S\u00e2mb\u0103t\u0103, ora 21:45 Austria - Rom\u00e2nia. Meci greu pentru \"tricolori\" la Viena. - Revista Urbea Mea - Revista de Alba","isPartOf":{"@id":"https:\/\/urbeamea.ro\/albaiulia\/#website"},"primaryImageOfPage":{"@id":"https:\/\/urbeamea.ro\/albaiulia\/sambata-ora-2145-austria-romania-meci-greu-pentru-tricolori-la-viena\/#primaryimage"},"image":{"@id":"https:\/\/urbeamea.ro\/albaiulia\/sambata-ora-2145-austria-romania-meci-greu-pentru-tricolori-la-viena\/#primaryimage"},"thumbnailUrl":"https:\/\/urbeamea.ro\/albaiulia\/wp-content\/uploads\/2025\/06\/1000039451.jpg","datePublished":"2025-06-07T11:13:18+00:00","dateModified":"2025-06-07T11:26:22+00:00","author":{"@id":"https:\/\/urbeamea.ro\/albaiulia\/#\/schema\/person\/5db3854ac38c1cc9f0ab4092d6a20f02"},"description":"Echipa na\u021bional\u0103 de fotbal a Rom\u00e2niei va \u00eent\u00e2lni, s\u00e2mb\u0103t\u0103, 7 iunie, cu \u00eencepere de la ora 21:45, \u00een deplasare, reprezentativa Austriei. Meciul se joac\u0103 la","breadcrumb":{"@id":"https:\/\/urbeamea.ro\/albaiulia\/sambata-ora-2145-austria-romania-meci-greu-pentru-tricolori-la-viena\/#breadcrumb"},"inLanguage":"ro-RO","potentialAction":[{"@type":"ReadAction","target":["https:\/\/urbeamea.ro\/albaiulia\/sambata-ora-2145-austria-romania-meci-greu-pentru-tricolori-la-viena\/"]}]},{"@type":"ImageObject","inLanguage":"ro-RO","@id":"https:\/\/urbeamea.ro\/albaiulia\/sambata-ora-2145-austria-romania-meci-greu-pentru-tricolori-la-viena\/#primaryimage","url":"https:\/\/urbeamea.ro\/albaiulia\/wp-content\/uploads\/2025\/06\/1000039451.jpg","contentUrl":"https:\/\/urbeamea.ro\/albaiulia\/wp-content\/uploads\/2025\/06\/1000039451.jpg","width":1080,"height":1350},{"@type":"BreadcrumbList","@id":"https:\/\/urbeamea.ro\/albaiulia\/sambata-ora-2145-austria-romania-meci-greu-pentru-tricolori-la-viena\/#breadcrumb","itemListElement":[{"@type":"ListItem","position":1,"name":"Prima pagin\u0103","item":"https:\/\/urbeamea.ro\/albaiulia\/"},{"@type":"ListItem","position":2,"name":"S\u00e2mb\u0103t\u0103, ora 21:45 Austria &#8211; Rom\u00e2nia. Meci greu pentru &#8222;tricolori&#8221; la Viena."}]},{"@type":"WebSite","@id":"https:\/\/urbeamea.ro\/albaiulia\/#website","url":"https:\/\/urbeamea.ro\/albaiulia\/","name":"Revista Urbea Mea, Stiri urbane","description":"Evenimente \u0219i \u0219tiri din Alba Iulia, Sebe\u0219, Aiud, Blaj","potentialAction":[{"@type":"SearchAction","target":{"@type":"EntryPoint","urlTemplate":"https:\/\/urbeamea.ro\/albaiulia\/?s={search_term_string}"},"query-input":{"@type":"PropertyValueSpecification","valueRequired":true,"valueName":"search_term_string"}}],"inLanguage":"ro-RO"},{"@type":"Person","@id":"https:\/\/urbeamea.ro\/albaiulia\/#\/schema\/person\/5db3854ac38c1cc9f0ab4092d6a20f02","name":"Giurca Sorin","image":{"@type":"ImageObject","inLanguage":"ro-RO","@id":"https:\/\/secure.gravatar.com\/avatar\/120f6fcae7b3b47a7730cb9943f612f4909f68ac5284b5f40ac1c4615fd70576?s=96&d=mm&r=g","url":"https:\/\/secure.gravatar.com\/avatar\/120f6fcae7b3b47a7730cb9943f612f4909f68ac5284b5f40ac1c4615fd70576?s=96&d=mm&r=g","contentUrl":"https:\/\/secure.gravatar.com\/avatar\/120f6fcae7b3b47a7730cb9943f612f4909f68ac5284b5f40ac1c4615fd70576?s=96&d=mm&r=g","caption":"Giurca Sorin"},"url":"https:\/\/urbeamea.ro\/albaiulia\/author\/sorin\/"}]}},"_links":{"self":[{"href":"https:\/\/urbeamea.ro\/albaiulia\/wp-json\/wp\/v2\/posts\/118055","targetHints":{"allow":["GET"]}}],"collection":[{"href":"https:\/\/urbeamea.ro\/albaiulia\/wp-json\/wp\/v2\/posts"}],"about":[{"href":"https:\/\/urbeamea.ro\/albaiulia\/wp-json\/wp\/v2\/types\/post"}],"author":[{"embeddable":true,"href":"https:\/\/urbeamea.ro\/albaiulia\/wp-json\/wp\/v2\/users\/28"}],"replies":[{"embeddable":true,"href":"https:\/\/urbeamea.ro\/albaiulia\/wp-json\/wp\/v2\/comments?post=118055"}],"version-history":[{"count":2,"href":"https:\/\/urbeamea.ro\/albaiulia\/wp-json\/wp\/v2\/posts\/118055\/revisions"}],"predecessor-version":[{"id":118060,"href":"https:\/\/urbeamea.ro\/albaiulia\/wp-json\/wp\/v2\/posts\/118055\/revisions\/118060"}],"wp:featuredmedia":[{"embeddable":true,"href":"https:\/\/urbeamea.ro\/albaiulia\/wp-json\/wp\/v2\/media\/118056"}],"wp:attachment":[{"href":"https:\/\/urbeamea.ro\/albaiulia\/wp-json\/wp\/v2\/media?parent=118055"}],"wp:term":[{"taxonomy":"category","embeddable":true,"href":"https:\/\/urbeamea.ro\/albaiulia\/wp-json\/wp\/v2\/categories?post=118055"},{"taxonomy":"post_tag","embeddable":true,"href":"https:\/\/urbeamea.ro\/albaiulia\/wp-json\/wp\/v2\/tags?post=118055"}],"curies":[{"name":"wp","href":"https:\/\/api.w.org\/{rel}","templated":true}]}}