{"id":118208,"date":"2025-06-17T18:55:17","date_gmt":"2025-06-17T15:55:17","guid":{"rendered":"https:\/\/urbeamea.ro\/albaiulia\/?p=118208"},"modified":"2025-06-17T18:55:18","modified_gmt":"2025-06-17T15:55:18","slug":"distinctii-pentru-elevii-colegiului-national-militar-mihai-viteazul-la-concursul-national-memoria-holocaustului","status":"publish","type":"post","link":"https:\/\/urbeamea.ro\/albaiulia\/distinctii-pentru-elevii-colegiului-national-militar-mihai-viteazul-la-concursul-national-memoria-holocaustului\/","title":{"rendered":"Distinc\u021bii pentru elevii Colegiului Na\u021bional Militar &#8222;Mihai Viteazul&#8221;, la Concursul Na\u021bional &#8222;Memoria Holocaustului&#8221;"},"content":{"rendered":"\n<p><strong>Elevii Colegiului Na\u021bional Militar \u201eMihai Viteazul\u201d Alba Iulia au ob\u021binut rezultate deosebite la faza jude\u021bean\u0103 a Concursului Na\u021bional \u201eMemoria Holocaustului\u201d. <\/strong><\/p>\n\n\n\n<p>Concursul a urm\u0103rit promovarea memoriei victimelor Holocaustului, cunoa\u0219terea  \u0219i  \u00een\u021belegerea  de  c\u0103tre  tineri  a  istoriei Holocaustului, con\u0219tientizarea importan\u021bei toleran\u021bei \u0219i a respect\u0103rii drepturilor fundamentale ale omului. <\/p>\n\n\n\n<p>Dovedind cuno\u0219tin\u021be temeinice despre acest capitol tragic al istoriei, elevul sergent Pavel Fr\u0103\u021bil\u0103 a ob\u021binut Premiul III, iar elevul caporal Raul Gorbonov a fost distins cu Men\u021biune.<\/p>\n\n\n\n<p>\u201eAm participat la un concurs unde am avut ocazia s\u0103 m\u0103 implic activ \u0219i s\u0103 \u00eemi dep\u0103\u0219esc limitele. A fost o experien\u021b\u0103 din care am \u00eenv\u0103\u021bat lucruri noi \u0219i m-am dezvoltat personal\u201d, a spus Pavel.<\/p>\n\n\n\n<p>\u201ePentru mine aceast\u0103 experien\u021b\u0103 a reprezentat at\u00e2t un mod de a-i aminti pe cei ce au fost sili\u021bi s\u0103 treac\u0103 prin aceste orori, c\u00e2t \u0219i a \u00eenv\u0103\u021ba despre acestea, spre a nu le mai repeta. <\/p>\n\n\n\n<p>De asemenea, a mai reprezentat \u0219i o validare a muncii continue \u0219i a efortului depus de-a lungul anului \u0219colar\u201d, a afirmat Raul.<\/p>\n\n\n\n<p>Cei doi elevi din clasa a XI-a au fost preg\u0103ti\u021bi de domnul profesor Alexandru Matei.<\/p>\n\n\n\n<figure class=\"wp-block-gallery has-nested-images columns-default is-cropped wp-block-gallery-1 is-layout-flex wp-block-gallery-is-layout-flex\">\n<figure class=\"wp-block-image size-large\"><img loading=\"lazy\" decoding=\"async\" width=\"1280\" height=\"853\" data-id=\"118209\" src=\"https:\/\/urbeamea.ro\/albaiulia\/wp-content\/uploads\/2025\/06\/1000040617-1280x853.jpg\" alt=\"\" class=\"wp-image-118209\" srcset=\"https:\/\/urbeamea.ro\/albaiulia\/wp-content\/uploads\/2025\/06\/1000040617-1280x853.jpg 1280w, https:\/\/urbeamea.ro\/albaiulia\/wp-content\/uploads\/2025\/06\/1000040617-640x427.jpg 640w, https:\/\/urbeamea.ro\/albaiulia\/wp-content\/uploads\/2025\/06\/1000040617-150x100.jpg 150w, https:\/\/urbeamea.ro\/albaiulia\/wp-content\/uploads\/2025\/06\/1000040617-768x512.jpg 768w, https:\/\/urbeamea.ro\/albaiulia\/wp-content\/uploads\/2025\/06\/1000040617-1536x1024.jpg 1536w, https:\/\/urbeamea.ro\/albaiulia\/wp-content\/uploads\/2025\/06\/1000040617.jpg 2048w\" sizes=\"auto, (max-width: 1280px) 100vw, 1280px\" \/><\/figure>\n\n\n\n<figure class=\"wp-block-image size-large\"><img loading=\"lazy\" decoding=\"async\" width=\"1280\" height=\"905\" data-id=\"118210\" src=\"https:\/\/urbeamea.ro\/albaiulia\/wp-content\/uploads\/2025\/06\/1000040618-1280x905.jpg\" alt=\"\" class=\"wp-image-118210\" srcset=\"https:\/\/urbeamea.ro\/albaiulia\/wp-content\/uploads\/2025\/06\/1000040618-1280x905.jpg 1280w, https:\/\/urbeamea.ro\/albaiulia\/wp-content\/uploads\/2025\/06\/1000040618-640x453.jpg 640w, https:\/\/urbeamea.ro\/albaiulia\/wp-content\/uploads\/2025\/06\/1000040618-150x106.jpg 150w, https:\/\/urbeamea.ro\/albaiulia\/wp-content\/uploads\/2025\/06\/1000040618-768x543.jpg 768w, https:\/\/urbeamea.ro\/albaiulia\/wp-content\/uploads\/2025\/06\/1000040618-1536x1086.jpg 1536w, https:\/\/urbeamea.ro\/albaiulia\/wp-content\/uploads\/2025\/06\/1000040618.jpg 2048w\" sizes=\"auto, (max-width: 1280px) 100vw, 1280px\" \/><\/figure>\n<\/figure>\n","protected":false},"excerpt":{"rendered":"<p>Elevii Colegiului Na\u021bional Militar \u201eMihai Viteazul\u201d Alba Iulia au ob\u021binut rezultate deosebite la faza jude\u021bean\u0103 a Concursului Na\u021bional \u201eMemoria Holocaustului\u201d. Concursul a urm\u0103rit promovarea memoriei victimelor Holocaustului, cunoa\u0219terea \u0219i \u00een\u021belegerea de c\u0103tre tineri a istoriei Holocaustului, con\u0219tientizarea importan\u021bei toleran\u021bei \u0219i a respect\u0103rii drepturilor fundamentale ale omului. Dovedind cuno\u0219tin\u021be temeinice despre acest capitol tragic al istoriei, &hellip;<\/p>\n","protected":false},"author":28,"featured_media":118210,"comment_status":"open","ping_status":"open","sticky":false,"template":"","format":"standard","meta":{"inline_featured_image":false,"footnotes":""},"categories":[2039,2034,1,16344],"tags":[5443],"class_list":["post-118208","post","type-post","status-publish","format-standard","has-post-thumbnail","hentry","category-educatie","category-social","category-stiri-urbane","category-urbea-mea","tag-colegiul-nationa-militar-mihai-viteazul"],"yoast_head":"<!-- This site is optimized with the Yoast SEO plugin v27.4 - https:\/\/yoast.com\/product\/yoast-seo-wordpress\/ -->\n<title>Distinc\u021bii pentru elevii Colegiului Na\u021bional Militar &quot;Mihai Viteazul&quot;, la Concursul Na\u021bional &quot;Memoria Holocaustului&quot; - Revista Urbea Mea - Revista de Alba<\/title>\n<meta name=\"description\" content=\"Elevii Colegiului Na\u021bional Militar \u201eMihai Viteazul\u201d Alba Iulia au ob\u021binut rezultate deosebite la faza jude\u021bean\u0103 a Concursului Na\u021bional \u201eMemoria\" \/>\n<meta name=\"robots\" content=\"index, follow, max-snippet:-1, max-image-preview:large, max-video-preview:-1\" \/>\n<link rel=\"canonical\" href=\"https:\/\/urbeamea.ro\/albaiulia\/distinctii-pentru-elevii-colegiului-national-militar-mihai-viteazul-la-concursul-national-memoria-holocaustului\/\" \/>\n<meta name=\"twitter:card\" content=\"summary_large_image\" \/>\n<meta name=\"twitter:title\" content=\"Distinc\u021bii pentru elevii Colegiului Na\u021bional Militar &quot;Mihai Viteazul&quot;, la Concursul Na\u021bional &quot;Memoria Holocaustului&quot; - Revista Urbea Mea - Revista de Alba\" \/>\n<meta name=\"twitter:description\" content=\"Elevii Colegiului Na\u021bional Militar \u201eMihai Viteazul\u201d Alba Iulia au ob\u021binut rezultate deosebite la faza jude\u021bean\u0103 a Concursului Na\u021bional \u201eMemoria\" \/>\n<meta name=\"twitter:image\" content=\"https:\/\/urbeamea.ro\/albaiulia\/wp-content\/uploads\/2025\/06\/1000040618.jpg\" \/>\n<meta name=\"twitter:creator\" content=\"@urbeameaweb\" \/>\n<meta name=\"twitter:site\" content=\"@urbeameaweb\" \/>\n<script type=\"application\/ld+json\" class=\"yoast-schema-graph\">{\"@context\":\"https:\\\/\\\/schema.org\",\"@graph\":[{\"@type\":\"Article\",\"@id\":\"https:\\\/\\\/urbeamea.ro\\\/albaiulia\\\/distinctii-pentru-elevii-colegiului-national-militar-mihai-viteazul-la-concursul-national-memoria-holocaustului\\\/#article\",\"isPartOf\":{\"@id\":\"https:\\\/\\\/urbeamea.ro\\\/albaiulia\\\/distinctii-pentru-elevii-colegiului-national-militar-mihai-viteazul-la-concursul-national-memoria-holocaustului\\\/\"},\"author\":{\"name\":\"Giurca Sorin\",\"@id\":\"https:\\\/\\\/urbeamea.ro\\\/albaiulia\\\/#\\\/schema\\\/person\\\/5db3854ac38c1cc9f0ab4092d6a20f02\"},\"headline\":\"Distinc\u021bii pentru elevii Colegiului Na\u021bional Militar &#8222;Mihai Viteazul&#8221;, la Concursul Na\u021bional &#8222;Memoria Holocaustului&#8221;\",\"datePublished\":\"2025-06-17T15:55:17+00:00\",\"dateModified\":\"2025-06-17T15:55:18+00:00\",\"mainEntityOfPage\":{\"@id\":\"https:\\\/\\\/urbeamea.ro\\\/albaiulia\\\/distinctii-pentru-elevii-colegiului-national-militar-mihai-viteazul-la-concursul-national-memoria-holocaustului\\\/\"},\"wordCount\":221,\"commentCount\":0,\"image\":{\"@id\":\"https:\\\/\\\/urbeamea.ro\\\/albaiulia\\\/distinctii-pentru-elevii-colegiului-national-militar-mihai-viteazul-la-concursul-national-memoria-holocaustului\\\/#primaryimage\"},\"thumbnailUrl\":\"https:\\\/\\\/urbeamea.ro\\\/albaiulia\\\/wp-content\\\/uploads\\\/2025\\\/06\\\/1000040618.jpg\",\"keywords\":[\"colegiul nationa militar mihai viteazul\"],\"articleSection\":[\"Educa\u021bie\",\"Social\",\"\u015etiri Urbane\",\"Urbea Mea\"],\"inLanguage\":\"ro-RO\",\"potentialAction\":[{\"@type\":\"CommentAction\",\"name\":\"Comment\",\"target\":[\"https:\\\/\\\/urbeamea.ro\\\/albaiulia\\\/distinctii-pentru-elevii-colegiului-national-militar-mihai-viteazul-la-concursul-national-memoria-holocaustului\\\/#respond\"]}]},{\"@type\":\"WebPage\",\"@id\":\"https:\\\/\\\/urbeamea.ro\\\/albaiulia\\\/distinctii-pentru-elevii-colegiului-national-militar-mihai-viteazul-la-concursul-national-memoria-holocaustului\\\/\",\"url\":\"https:\\\/\\\/urbeamea.ro\\\/albaiulia\\\/distinctii-pentru-elevii-colegiului-national-militar-mihai-viteazul-la-concursul-national-memoria-holocaustului\\\/\",\"name\":\"Distinc\u021bii pentru elevii Colegiului Na\u021bional Militar \\\"Mihai Viteazul\\\", la Concursul Na\u021bional \\\"Memoria Holocaustului\\\" - Revista Urbea Mea - Revista de Alba\",\"isPartOf\":{\"@id\":\"https:\\\/\\\/urbeamea.ro\\\/albaiulia\\\/#website\"},\"primaryImageOfPage\":{\"@id\":\"https:\\\/\\\/urbeamea.ro\\\/albaiulia\\\/distinctii-pentru-elevii-colegiului-national-militar-mihai-viteazul-la-concursul-national-memoria-holocaustului\\\/#primaryimage\"},\"image\":{\"@id\":\"https:\\\/\\\/urbeamea.ro\\\/albaiulia\\\/distinctii-pentru-elevii-colegiului-national-militar-mihai-viteazul-la-concursul-national-memoria-holocaustului\\\/#primaryimage\"},\"thumbnailUrl\":\"https:\\\/\\\/urbeamea.ro\\\/albaiulia\\\/wp-content\\\/uploads\\\/2025\\\/06\\\/1000040618.jpg\",\"datePublished\":\"2025-06-17T15:55:17+00:00\",\"dateModified\":\"2025-06-17T15:55:18+00:00\",\"author\":{\"@id\":\"https:\\\/\\\/urbeamea.ro\\\/albaiulia\\\/#\\\/schema\\\/person\\\/5db3854ac38c1cc9f0ab4092d6a20f02\"},\"description\":\"Elevii Colegiului Na\u021bional Militar \u201eMihai Viteazul\u201d Alba Iulia au ob\u021binut rezultate deosebite la faza jude\u021bean\u0103 a Concursului Na\u021bional \u201eMemoria\",\"breadcrumb\":{\"@id\":\"https:\\\/\\\/urbeamea.ro\\\/albaiulia\\\/distinctii-pentru-elevii-colegiului-national-militar-mihai-viteazul-la-concursul-national-memoria-holocaustului\\\/#breadcrumb\"},\"inLanguage\":\"ro-RO\",\"potentialAction\":[{\"@type\":\"ReadAction\",\"target\":[\"https:\\\/\\\/urbeamea.ro\\\/albaiulia\\\/distinctii-pentru-elevii-colegiului-national-militar-mihai-viteazul-la-concursul-national-memoria-holocaustului\\\/\"]}]},{\"@type\":\"ImageObject\",\"inLanguage\":\"ro-RO\",\"@id\":\"https:\\\/\\\/urbeamea.ro\\\/albaiulia\\\/distinctii-pentru-elevii-colegiului-national-militar-mihai-viteazul-la-concursul-national-memoria-holocaustului\\\/#primaryimage\",\"url\":\"https:\\\/\\\/urbeamea.ro\\\/albaiulia\\\/wp-content\\\/uploads\\\/2025\\\/06\\\/1000040618.jpg\",\"contentUrl\":\"https:\\\/\\\/urbeamea.ro\\\/albaiulia\\\/wp-content\\\/uploads\\\/2025\\\/06\\\/1000040618.jpg\",\"width\":2048,\"height\":1448},{\"@type\":\"BreadcrumbList\",\"@id\":\"https:\\\/\\\/urbeamea.ro\\\/albaiulia\\\/distinctii-pentru-elevii-colegiului-national-militar-mihai-viteazul-la-concursul-national-memoria-holocaustului\\\/#breadcrumb\",\"itemListElement\":[{\"@type\":\"ListItem\",\"position\":1,\"name\":\"Prima pagin\u0103\",\"item\":\"https:\\\/\\\/urbeamea.ro\\\/albaiulia\\\/\"},{\"@type\":\"ListItem\",\"position\":2,\"name\":\"Distinc\u021bii pentru elevii Colegiului Na\u021bional Militar &#8222;Mihai Viteazul&#8221;, la Concursul Na\u021bional &#8222;Memoria Holocaustului&#8221;\"}]},{\"@type\":\"WebSite\",\"@id\":\"https:\\\/\\\/urbeamea.ro\\\/albaiulia\\\/#website\",\"url\":\"https:\\\/\\\/urbeamea.ro\\\/albaiulia\\\/\",\"name\":\"Revista Urbea Mea, Stiri urbane\",\"description\":\"Evenimente \u0219i \u0219tiri din Alba Iulia, Sebe\u0219, Aiud, Blaj\",\"potentialAction\":[{\"@type\":\"SearchAction\",\"target\":{\"@type\":\"EntryPoint\",\"urlTemplate\":\"https:\\\/\\\/urbeamea.ro\\\/albaiulia\\\/?s={search_term_string}\"},\"query-input\":{\"@type\":\"PropertyValueSpecification\",\"valueRequired\":true,\"valueName\":\"search_term_string\"}}],\"inLanguage\":\"ro-RO\"},{\"@type\":\"Person\",\"@id\":\"https:\\\/\\\/urbeamea.ro\\\/albaiulia\\\/#\\\/schema\\\/person\\\/5db3854ac38c1cc9f0ab4092d6a20f02\",\"name\":\"Giurca Sorin\",\"image\":{\"@type\":\"ImageObject\",\"inLanguage\":\"ro-RO\",\"@id\":\"https:\\\/\\\/secure.gravatar.com\\\/avatar\\\/120f6fcae7b3b47a7730cb9943f612f4909f68ac5284b5f40ac1c4615fd70576?s=96&d=mm&r=g\",\"url\":\"https:\\\/\\\/secure.gravatar.com\\\/avatar\\\/120f6fcae7b3b47a7730cb9943f612f4909f68ac5284b5f40ac1c4615fd70576?s=96&d=mm&r=g\",\"contentUrl\":\"https:\\\/\\\/secure.gravatar.com\\\/avatar\\\/120f6fcae7b3b47a7730cb9943f612f4909f68ac5284b5f40ac1c4615fd70576?s=96&d=mm&r=g\",\"caption\":\"Giurca Sorin\"},\"url\":\"https:\\\/\\\/urbeamea.ro\\\/albaiulia\\\/author\\\/sorin\\\/\"}]}<\/script>\n<!-- \/ Yoast SEO plugin. -->","yoast_head_json":{"title":"Distinc\u021bii pentru elevii Colegiului Na\u021bional Militar \"Mihai Viteazul\", la Concursul Na\u021bional \"Memoria Holocaustului\" - Revista Urbea Mea - Revista de Alba","description":"Elevii Colegiului Na\u021bional Militar \u201eMihai Viteazul\u201d Alba Iulia au ob\u021binut rezultate deosebite la faza jude\u021bean\u0103 a Concursului Na\u021bional \u201eMemoria","robots":{"index":"index","follow":"follow","max-snippet":"max-snippet:-1","max-image-preview":"max-image-preview:large","max-video-preview":"max-video-preview:-1"},"canonical":"https:\/\/urbeamea.ro\/albaiulia\/distinctii-pentru-elevii-colegiului-national-militar-mihai-viteazul-la-concursul-national-memoria-holocaustului\/","twitter_card":"summary_large_image","twitter_title":"Distinc\u021bii pentru elevii Colegiului Na\u021bional Militar \"Mihai Viteazul\", la Concursul Na\u021bional \"Memoria Holocaustului\" - Revista Urbea Mea - Revista de Alba","twitter_description":"Elevii Colegiului Na\u021bional Militar \u201eMihai Viteazul\u201d Alba Iulia au ob\u021binut rezultate deosebite la faza jude\u021bean\u0103 a Concursului Na\u021bional \u201eMemoria","twitter_image":"https:\/\/urbeamea.ro\/albaiulia\/wp-content\/uploads\/2025\/06\/1000040618.jpg","twitter_creator":"@urbeameaweb","twitter_site":"@urbeameaweb","schema":{"@context":"https:\/\/schema.org","@graph":[{"@type":"Article","@id":"https:\/\/urbeamea.ro\/albaiulia\/distinctii-pentru-elevii-colegiului-national-militar-mihai-viteazul-la-concursul-national-memoria-holocaustului\/#article","isPartOf":{"@id":"https:\/\/urbeamea.ro\/albaiulia\/distinctii-pentru-elevii-colegiului-national-militar-mihai-viteazul-la-concursul-national-memoria-holocaustului\/"},"author":{"name":"Giurca Sorin","@id":"https:\/\/urbeamea.ro\/albaiulia\/#\/schema\/person\/5db3854ac38c1cc9f0ab4092d6a20f02"},"headline":"Distinc\u021bii pentru elevii Colegiului Na\u021bional Militar &#8222;Mihai Viteazul&#8221;, la Concursul Na\u021bional &#8222;Memoria Holocaustului&#8221;","datePublished":"2025-06-17T15:55:17+00:00","dateModified":"2025-06-17T15:55:18+00:00","mainEntityOfPage":{"@id":"https:\/\/urbeamea.ro\/albaiulia\/distinctii-pentru-elevii-colegiului-national-militar-mihai-viteazul-la-concursul-national-memoria-holocaustului\/"},"wordCount":221,"commentCount":0,"image":{"@id":"https:\/\/urbeamea.ro\/albaiulia\/distinctii-pentru-elevii-colegiului-national-militar-mihai-viteazul-la-concursul-national-memoria-holocaustului\/#primaryimage"},"thumbnailUrl":"https:\/\/urbeamea.ro\/albaiulia\/wp-content\/uploads\/2025\/06\/1000040618.jpg","keywords":["colegiul nationa militar mihai viteazul"],"articleSection":["Educa\u021bie","Social","\u015etiri Urbane","Urbea Mea"],"inLanguage":"ro-RO","potentialAction":[{"@type":"CommentAction","name":"Comment","target":["https:\/\/urbeamea.ro\/albaiulia\/distinctii-pentru-elevii-colegiului-national-militar-mihai-viteazul-la-concursul-national-memoria-holocaustului\/#respond"]}]},{"@type":"WebPage","@id":"https:\/\/urbeamea.ro\/albaiulia\/distinctii-pentru-elevii-colegiului-national-militar-mihai-viteazul-la-concursul-national-memoria-holocaustului\/","url":"https:\/\/urbeamea.ro\/albaiulia\/distinctii-pentru-elevii-colegiului-national-militar-mihai-viteazul-la-concursul-national-memoria-holocaustului\/","name":"Distinc\u021bii pentru elevii Colegiului Na\u021bional Militar \"Mihai Viteazul\", la Concursul Na\u021bional \"Memoria Holocaustului\" - Revista Urbea Mea - Revista de Alba","isPartOf":{"@id":"https:\/\/urbeamea.ro\/albaiulia\/#website"},"primaryImageOfPage":{"@id":"https:\/\/urbeamea.ro\/albaiulia\/distinctii-pentru-elevii-colegiului-national-militar-mihai-viteazul-la-concursul-national-memoria-holocaustului\/#primaryimage"},"image":{"@id":"https:\/\/urbeamea.ro\/albaiulia\/distinctii-pentru-elevii-colegiului-national-militar-mihai-viteazul-la-concursul-national-memoria-holocaustului\/#primaryimage"},"thumbnailUrl":"https:\/\/urbeamea.ro\/albaiulia\/wp-content\/uploads\/2025\/06\/1000040618.jpg","datePublished":"2025-06-17T15:55:17+00:00","dateModified":"2025-06-17T15:55:18+00:00","author":{"@id":"https:\/\/urbeamea.ro\/albaiulia\/#\/schema\/person\/5db3854ac38c1cc9f0ab4092d6a20f02"},"description":"Elevii Colegiului Na\u021bional Militar \u201eMihai Viteazul\u201d Alba Iulia au ob\u021binut rezultate deosebite la faza jude\u021bean\u0103 a Concursului Na\u021bional \u201eMemoria","breadcrumb":{"@id":"https:\/\/urbeamea.ro\/albaiulia\/distinctii-pentru-elevii-colegiului-national-militar-mihai-viteazul-la-concursul-national-memoria-holocaustului\/#breadcrumb"},"inLanguage":"ro-RO","potentialAction":[{"@type":"ReadAction","target":["https:\/\/urbeamea.ro\/albaiulia\/distinctii-pentru-elevii-colegiului-national-militar-mihai-viteazul-la-concursul-national-memoria-holocaustului\/"]}]},{"@type":"ImageObject","inLanguage":"ro-RO","@id":"https:\/\/urbeamea.ro\/albaiulia\/distinctii-pentru-elevii-colegiului-national-militar-mihai-viteazul-la-concursul-national-memoria-holocaustului\/#primaryimage","url":"https:\/\/urbeamea.ro\/albaiulia\/wp-content\/uploads\/2025\/06\/1000040618.jpg","contentUrl":"https:\/\/urbeamea.ro\/albaiulia\/wp-content\/uploads\/2025\/06\/1000040618.jpg","width":2048,"height":1448},{"@type":"BreadcrumbList","@id":"https:\/\/urbeamea.ro\/albaiulia\/distinctii-pentru-elevii-colegiului-national-militar-mihai-viteazul-la-concursul-national-memoria-holocaustului\/#breadcrumb","itemListElement":[{"@type":"ListItem","position":1,"name":"Prima pagin\u0103","item":"https:\/\/urbeamea.ro\/albaiulia\/"},{"@type":"ListItem","position":2,"name":"Distinc\u021bii pentru elevii Colegiului Na\u021bional Militar &#8222;Mihai Viteazul&#8221;, la Concursul Na\u021bional &#8222;Memoria Holocaustului&#8221;"}]},{"@type":"WebSite","@id":"https:\/\/urbeamea.ro\/albaiulia\/#website","url":"https:\/\/urbeamea.ro\/albaiulia\/","name":"Revista Urbea Mea, Stiri urbane","description":"Evenimente \u0219i \u0219tiri din Alba Iulia, Sebe\u0219, Aiud, Blaj","potentialAction":[{"@type":"SearchAction","target":{"@type":"EntryPoint","urlTemplate":"https:\/\/urbeamea.ro\/albaiulia\/?s={search_term_string}"},"query-input":{"@type":"PropertyValueSpecification","valueRequired":true,"valueName":"search_term_string"}}],"inLanguage":"ro-RO"},{"@type":"Person","@id":"https:\/\/urbeamea.ro\/albaiulia\/#\/schema\/person\/5db3854ac38c1cc9f0ab4092d6a20f02","name":"Giurca Sorin","image":{"@type":"ImageObject","inLanguage":"ro-RO","@id":"https:\/\/secure.gravatar.com\/avatar\/120f6fcae7b3b47a7730cb9943f612f4909f68ac5284b5f40ac1c4615fd70576?s=96&d=mm&r=g","url":"https:\/\/secure.gravatar.com\/avatar\/120f6fcae7b3b47a7730cb9943f612f4909f68ac5284b5f40ac1c4615fd70576?s=96&d=mm&r=g","contentUrl":"https:\/\/secure.gravatar.com\/avatar\/120f6fcae7b3b47a7730cb9943f612f4909f68ac5284b5f40ac1c4615fd70576?s=96&d=mm&r=g","caption":"Giurca Sorin"},"url":"https:\/\/urbeamea.ro\/albaiulia\/author\/sorin\/"}]}},"_links":{"self":[{"href":"https:\/\/urbeamea.ro\/albaiulia\/wp-json\/wp\/v2\/posts\/118208","targetHints":{"allow":["GET"]}}],"collection":[{"href":"https:\/\/urbeamea.ro\/albaiulia\/wp-json\/wp\/v2\/posts"}],"about":[{"href":"https:\/\/urbeamea.ro\/albaiulia\/wp-json\/wp\/v2\/types\/post"}],"author":[{"embeddable":true,"href":"https:\/\/urbeamea.ro\/albaiulia\/wp-json\/wp\/v2\/users\/28"}],"replies":[{"embeddable":true,"href":"https:\/\/urbeamea.ro\/albaiulia\/wp-json\/wp\/v2\/comments?post=118208"}],"version-history":[{"count":1,"href":"https:\/\/urbeamea.ro\/albaiulia\/wp-json\/wp\/v2\/posts\/118208\/revisions"}],"predecessor-version":[{"id":118211,"href":"https:\/\/urbeamea.ro\/albaiulia\/wp-json\/wp\/v2\/posts\/118208\/revisions\/118211"}],"wp:featuredmedia":[{"embeddable":true,"href":"https:\/\/urbeamea.ro\/albaiulia\/wp-json\/wp\/v2\/media\/118210"}],"wp:attachment":[{"href":"https:\/\/urbeamea.ro\/albaiulia\/wp-json\/wp\/v2\/media?parent=118208"}],"wp:term":[{"taxonomy":"category","embeddable":true,"href":"https:\/\/urbeamea.ro\/albaiulia\/wp-json\/wp\/v2\/categories?post=118208"},{"taxonomy":"post_tag","embeddable":true,"href":"https:\/\/urbeamea.ro\/albaiulia\/wp-json\/wp\/v2\/tags?post=118208"}],"curies":[{"name":"wp","href":"https:\/\/api.w.org\/{rel}","templated":true}]}}