{"id":118213,"date":"2025-06-18T08:33:03","date_gmt":"2025-06-18T05:33:03","guid":{"rendered":"https:\/\/urbeamea.ro\/albaiulia\/?p=118213"},"modified":"2025-06-18T08:33:06","modified_gmt":"2025-06-18T05:33:06","slug":"maraton-cultural-la-targul-de-carte-alba-transilvana-horea-roman-patapievici-varujan-vosganian-gelu-duminica-mihail-3-sud-est","status":"publish","type":"post","link":"https:\/\/urbeamea.ro\/albaiulia\/maraton-cultural-la-targul-de-carte-alba-transilvana-horea-roman-patapievici-varujan-vosganian-gelu-duminica-mihail-3-sud-est\/","title":{"rendered":"Maraton cultural la T\u00e2rgul de cArte Alba Transilvana: Horea Roman Patapievici, Varujan Vosganian, Gelu Duminic\u0103, Mihail, 3 Sud Est"},"content":{"rendered":"\n<p>\u00cen <strong>perioada 20-22 iunie 2025, Alba Iulia va g\u0103zdui T\u00e2rgul de cArte Alba Transilvana, un proiect ce se al\u0103tur\u0103 celor mai importante evenimente culturale ale anului 2025, din jude\u021bul Alba. <\/strong><\/p>\n\n\n\n<p>Organizatorii propun\u00e2nd publicului o palet\u0103 larg\u0103 de manifest\u0103ri, forme \u0219i expresii culturale, care s\u0103 satisfac\u0103 o palet\u0103 c\u00e2t mai larg\u0103 de cititori. <\/p>\n\n\n\n<p>Festivitatea de deschidere a T\u00e2rgului de cArte Alba Transilvana va avea loc vineri, 20 iunie 2025, ora 10:30, pe Esplanada Muzeului Na\u021bional al Unirii din Alba Iulia.<\/p>\n\n\n\n<p> \u00cen fiecare din cele trei zile ale t\u00e2rgului de carte pot fi vizionate standuri cu v\u00e2nzare de carte, se poate participa la ateliere creative, au loc lans\u0103ri de carte pentru copii, tineri \u0219i adul\u021bi, pot fi vizionate expozi\u021bii \u0219i se poate participa la jocuri, teatru \u0219i spectacole pentru copii.<\/p>\n\n\n\n<p>A\u0219a cum v-am obi\u0219nuit de c\u00e2\u021biva ani \u00eencoace, fiecare final de zi v\u0103 ofer\u0103 posibilitatea de a audio importante conferin\u021be \u0219i concerte de elit\u0103.<\/p>\n\n\n\n<p> Invita\u021bii speciali ai acestei edi\u021bii sunt Horea-Roman Patapievici, Varujan Vosganian, Dumitru Bor\u021bun, Antract, Gelu Duminic\u0103, Mihail, 3 Sud Est, Ramona Mezei \u0219i Mireille R\u0103doi.<\/p>\n\n\n\n<p>Organizatorii T\u00e2rgului de cArte Alba Transilvana din acest an sunt Consiliul Jude\u021bean Alba \u0219i Biblioteca Jude\u021bean\u0103 \u201eLucian Blaga\u201d Alba iar parteneri \u00een organizare sunt: Prim\u0103ria Municipiului Alba Iulia, Muzeul Na\u021bional al Unirii, Centrul de Cultur\u0103 \u201eAugustin Bena\u201d Alba, Universitatea \u201e1 Decembrie 1918\u201d, Filiala Alba \u2013 Hunedoara a Uniunii Scriitorilor din Rom\u00e2nia, Uniunea Ziari\u0219tilor Profesioni\u0219ti din Rom\u00e2nia, Liceul de Arte \u201eRegina Maria\u201d din Alba Iulia, Centrul Cultural Palatul Principilor, Palatul Copiilor din Alba Iulia, Grupul Skepsis \u0219i centrele culturale din jude\u021bul Alba. <\/p>\n\n\n\n<p>T\u00e2rgul de cArte Alba Transilvana va fi deschis zilnic, \u00eentre orele 10:00 \u0219i 21:00, pe Esplanada Muzeului Na\u021bional al Unirii. <\/p>\n\n\n\n<figure class=\"wp-block-gallery has-nested-images columns-default is-cropped wp-block-gallery-1 is-layout-flex wp-block-gallery-is-layout-flex\">\n<figure class=\"wp-block-image size-large\"><img loading=\"lazy\" decoding=\"async\" width=\"1280\" height=\"604\" data-id=\"118215\" src=\"https:\/\/urbeamea.ro\/albaiulia\/wp-content\/uploads\/2025\/06\/1000040678-1280x604.jpg\" alt=\"\" class=\"wp-image-118215\" srcset=\"https:\/\/urbeamea.ro\/albaiulia\/wp-content\/uploads\/2025\/06\/1000040678-1280x604.jpg 1280w, https:\/\/urbeamea.ro\/albaiulia\/wp-content\/uploads\/2025\/06\/1000040678-640x302.jpg 640w, https:\/\/urbeamea.ro\/albaiulia\/wp-content\/uploads\/2025\/06\/1000040678-150x71.jpg 150w, https:\/\/urbeamea.ro\/albaiulia\/wp-content\/uploads\/2025\/06\/1000040678-768x362.jpg 768w, https:\/\/urbeamea.ro\/albaiulia\/wp-content\/uploads\/2025\/06\/1000040678-1536x725.jpg 1536w, https:\/\/urbeamea.ro\/albaiulia\/wp-content\/uploads\/2025\/06\/1000040678.jpg 1600w\" sizes=\"auto, (max-width: 1280px) 100vw, 1280px\" \/><\/figure>\n\n\n\n<figure class=\"wp-block-image size-large\"><img loading=\"lazy\" decoding=\"async\" width=\"1280\" height=\"603\" data-id=\"118225\" src=\"https:\/\/urbeamea.ro\/albaiulia\/wp-content\/uploads\/2025\/06\/1000040677-1280x603.jpg\" alt=\"\" class=\"wp-image-118225\" srcset=\"https:\/\/urbeamea.ro\/albaiulia\/wp-content\/uploads\/2025\/06\/1000040677-1280x603.jpg 1280w, https:\/\/urbeamea.ro\/albaiulia\/wp-content\/uploads\/2025\/06\/1000040677-640x302.jpg 640w, https:\/\/urbeamea.ro\/albaiulia\/wp-content\/uploads\/2025\/06\/1000040677-150x71.jpg 150w, https:\/\/urbeamea.ro\/albaiulia\/wp-content\/uploads\/2025\/06\/1000040677-768x362.jpg 768w, https:\/\/urbeamea.ro\/albaiulia\/wp-content\/uploads\/2025\/06\/1000040677-1536x724.jpg 1536w, https:\/\/urbeamea.ro\/albaiulia\/wp-content\/uploads\/2025\/06\/1000040677.jpg 1600w\" sizes=\"auto, (max-width: 1280px) 100vw, 1280px\" \/><\/figure>\n\n\n\n<figure class=\"wp-block-image size-large\"><img loading=\"lazy\" decoding=\"async\" width=\"1280\" height=\"603\" data-id=\"118224\" src=\"https:\/\/urbeamea.ro\/albaiulia\/wp-content\/uploads\/2025\/06\/1000040676-1280x603.jpg\" alt=\"\" class=\"wp-image-118224\" srcset=\"https:\/\/urbeamea.ro\/albaiulia\/wp-content\/uploads\/2025\/06\/1000040676-1280x603.jpg 1280w, https:\/\/urbeamea.ro\/albaiulia\/wp-content\/uploads\/2025\/06\/1000040676-640x302.jpg 640w, https:\/\/urbeamea.ro\/albaiulia\/wp-content\/uploads\/2025\/06\/1000040676-150x71.jpg 150w, https:\/\/urbeamea.ro\/albaiulia\/wp-content\/uploads\/2025\/06\/1000040676-768x362.jpg 768w, https:\/\/urbeamea.ro\/albaiulia\/wp-content\/uploads\/2025\/06\/1000040676-1536x724.jpg 1536w, https:\/\/urbeamea.ro\/albaiulia\/wp-content\/uploads\/2025\/06\/1000040676.jpg 1600w\" sizes=\"auto, (max-width: 1280px) 100vw, 1280px\" \/><\/figure>\n\n\n\n<figure class=\"wp-block-image size-large\"><img loading=\"lazy\" decoding=\"async\" width=\"1280\" height=\"905\" data-id=\"118226\" src=\"https:\/\/urbeamea.ro\/albaiulia\/wp-content\/uploads\/2025\/06\/1000040673-1280x905.jpg\" alt=\"\" class=\"wp-image-118226\" srcset=\"https:\/\/urbeamea.ro\/albaiulia\/wp-content\/uploads\/2025\/06\/1000040673-1280x905.jpg 1280w, https:\/\/urbeamea.ro\/albaiulia\/wp-content\/uploads\/2025\/06\/1000040673-640x453.jpg 640w, https:\/\/urbeamea.ro\/albaiulia\/wp-content\/uploads\/2025\/06\/1000040673-150x106.jpg 150w, https:\/\/urbeamea.ro\/albaiulia\/wp-content\/uploads\/2025\/06\/1000040673-768x543.jpg 768w, https:\/\/urbeamea.ro\/albaiulia\/wp-content\/uploads\/2025\/06\/1000040673-1536x1086.jpg 1536w, https:\/\/urbeamea.ro\/albaiulia\/wp-content\/uploads\/2025\/06\/1000040673.jpg 2048w\" sizes=\"auto, (max-width: 1280px) 100vw, 1280px\" \/><\/figure>\n\n\n\n<figure class=\"wp-block-image size-large\"><img loading=\"lazy\" decoding=\"async\" width=\"905\" height=\"1280\" data-id=\"118216\" src=\"https:\/\/urbeamea.ro\/albaiulia\/wp-content\/uploads\/2025\/06\/1000040674-905x1280.jpg\" alt=\"\" class=\"wp-image-118216\" srcset=\"https:\/\/urbeamea.ro\/albaiulia\/wp-content\/uploads\/2025\/06\/1000040674-905x1280.jpg 905w, https:\/\/urbeamea.ro\/albaiulia\/wp-content\/uploads\/2025\/06\/1000040674-453x640.jpg 453w, https:\/\/urbeamea.ro\/albaiulia\/wp-content\/uploads\/2025\/06\/1000040674-106x150.jpg 106w, https:\/\/urbeamea.ro\/albaiulia\/wp-content\/uploads\/2025\/06\/1000040674-768x1086.jpg 768w, https:\/\/urbeamea.ro\/albaiulia\/wp-content\/uploads\/2025\/06\/1000040674-1086x1536.jpg 1086w, https:\/\/urbeamea.ro\/albaiulia\/wp-content\/uploads\/2025\/06\/1000040674.jpg 1448w\" sizes=\"auto, (max-width: 905px) 100vw, 905px\" \/><\/figure>\n\n\n\n<figure class=\"wp-block-image size-large\"><img loading=\"lazy\" decoding=\"async\" width=\"1280\" height=\"602\" data-id=\"118227\" src=\"https:\/\/urbeamea.ro\/albaiulia\/wp-content\/uploads\/2025\/06\/1000040675-1280x602.jpg\" alt=\"\" class=\"wp-image-118227\" srcset=\"https:\/\/urbeamea.ro\/albaiulia\/wp-content\/uploads\/2025\/06\/1000040675-1280x602.jpg 1280w, https:\/\/urbeamea.ro\/albaiulia\/wp-content\/uploads\/2025\/06\/1000040675-640x301.jpg 640w, https:\/\/urbeamea.ro\/albaiulia\/wp-content\/uploads\/2025\/06\/1000040675-150x71.jpg 150w, https:\/\/urbeamea.ro\/albaiulia\/wp-content\/uploads\/2025\/06\/1000040675-768x361.jpg 768w, https:\/\/urbeamea.ro\/albaiulia\/wp-content\/uploads\/2025\/06\/1000040675-1536x723.jpg 1536w, https:\/\/urbeamea.ro\/albaiulia\/wp-content\/uploads\/2025\/06\/1000040675.jpg 1600w\" sizes=\"auto, (max-width: 1280px) 100vw, 1280px\" \/><\/figure>\n\n\n\n<figure class=\"wp-block-image size-large\"><img loading=\"lazy\" decoding=\"async\" width=\"1280\" height=\"905\" data-id=\"118214\" src=\"https:\/\/urbeamea.ro\/albaiulia\/wp-content\/uploads\/2025\/06\/1000040670-1280x905.jpg\" alt=\"\" class=\"wp-image-118214\" srcset=\"https:\/\/urbeamea.ro\/albaiulia\/wp-content\/uploads\/2025\/06\/1000040670-1280x905.jpg 1280w, https:\/\/urbeamea.ro\/albaiulia\/wp-content\/uploads\/2025\/06\/1000040670-640x453.jpg 640w, https:\/\/urbeamea.ro\/albaiulia\/wp-content\/uploads\/2025\/06\/1000040670-150x106.jpg 150w, https:\/\/urbeamea.ro\/albaiulia\/wp-content\/uploads\/2025\/06\/1000040670-768x543.jpg 768w, https:\/\/urbeamea.ro\/albaiulia\/wp-content\/uploads\/2025\/06\/1000040670-1536x1086.jpg 1536w, https:\/\/urbeamea.ro\/albaiulia\/wp-content\/uploads\/2025\/06\/1000040670.jpg 2048w\" sizes=\"auto, (max-width: 1280px) 100vw, 1280px\" \/><\/figure>\n\n\n\n<figure class=\"wp-block-image size-large\"><img loading=\"lazy\" decoding=\"async\" width=\"1280\" height=\"905\" data-id=\"118218\" src=\"https:\/\/urbeamea.ro\/albaiulia\/wp-content\/uploads\/2025\/06\/1000040671-1280x905.jpg\" alt=\"\" class=\"wp-image-118218\" srcset=\"https:\/\/urbeamea.ro\/albaiulia\/wp-content\/uploads\/2025\/06\/1000040671-1280x905.jpg 1280w, https:\/\/urbeamea.ro\/albaiulia\/wp-content\/uploads\/2025\/06\/1000040671-640x453.jpg 640w, https:\/\/urbeamea.ro\/albaiulia\/wp-content\/uploads\/2025\/06\/1000040671-150x106.jpg 150w, https:\/\/urbeamea.ro\/albaiulia\/wp-content\/uploads\/2025\/06\/1000040671-768x543.jpg 768w, https:\/\/urbeamea.ro\/albaiulia\/wp-content\/uploads\/2025\/06\/1000040671-1536x1086.jpg 1536w, https:\/\/urbeamea.ro\/albaiulia\/wp-content\/uploads\/2025\/06\/1000040671.jpg 2048w\" sizes=\"auto, (max-width: 1280px) 100vw, 1280px\" \/><\/figure>\n\n\n\n<figure class=\"wp-block-image size-large\"><img loading=\"lazy\" decoding=\"async\" width=\"1280\" height=\"905\" data-id=\"118219\" src=\"https:\/\/urbeamea.ro\/albaiulia\/wp-content\/uploads\/2025\/06\/1000040672-1280x905.jpg\" alt=\"\" class=\"wp-image-118219\" srcset=\"https:\/\/urbeamea.ro\/albaiulia\/wp-content\/uploads\/2025\/06\/1000040672-1280x905.jpg 1280w, https:\/\/urbeamea.ro\/albaiulia\/wp-content\/uploads\/2025\/06\/1000040672-640x453.jpg 640w, https:\/\/urbeamea.ro\/albaiulia\/wp-content\/uploads\/2025\/06\/1000040672-150x106.jpg 150w, https:\/\/urbeamea.ro\/albaiulia\/wp-content\/uploads\/2025\/06\/1000040672-768x543.jpg 768w, https:\/\/urbeamea.ro\/albaiulia\/wp-content\/uploads\/2025\/06\/1000040672-1536x1086.jpg 1536w, https:\/\/urbeamea.ro\/albaiulia\/wp-content\/uploads\/2025\/06\/1000040672.jpg 2048w\" sizes=\"auto, (max-width: 1280px) 100vw, 1280px\" \/><\/figure>\n\n\n\n<figure class=\"wp-block-image size-large\"><img loading=\"lazy\" decoding=\"async\" width=\"905\" height=\"1280\" data-id=\"118222\" src=\"https:\/\/urbeamea.ro\/albaiulia\/wp-content\/uploads\/2025\/06\/1000040667-905x1280.jpg\" alt=\"\" class=\"wp-image-118222\" srcset=\"https:\/\/urbeamea.ro\/albaiulia\/wp-content\/uploads\/2025\/06\/1000040667-905x1280.jpg 905w, https:\/\/urbeamea.ro\/albaiulia\/wp-content\/uploads\/2025\/06\/1000040667-453x640.jpg 453w, https:\/\/urbeamea.ro\/albaiulia\/wp-content\/uploads\/2025\/06\/1000040667-106x150.jpg 106w, https:\/\/urbeamea.ro\/albaiulia\/wp-content\/uploads\/2025\/06\/1000040667-768x1086.jpg 768w, https:\/\/urbeamea.ro\/albaiulia\/wp-content\/uploads\/2025\/06\/1000040667-1086x1536.jpg 1086w, https:\/\/urbeamea.ro\/albaiulia\/wp-content\/uploads\/2025\/06\/1000040667.jpg 1448w\" sizes=\"auto, (max-width: 905px) 100vw, 905px\" \/><\/figure>\n\n\n\n<figure class=\"wp-block-image size-large\"><img loading=\"lazy\" decoding=\"async\" width=\"1280\" height=\"905\" data-id=\"118223\" src=\"https:\/\/urbeamea.ro\/albaiulia\/wp-content\/uploads\/2025\/06\/1000040668-1280x905.jpg\" alt=\"\" class=\"wp-image-118223\" srcset=\"https:\/\/urbeamea.ro\/albaiulia\/wp-content\/uploads\/2025\/06\/1000040668-1280x905.jpg 1280w, https:\/\/urbeamea.ro\/albaiulia\/wp-content\/uploads\/2025\/06\/1000040668-640x453.jpg 640w, https:\/\/urbeamea.ro\/albaiulia\/wp-content\/uploads\/2025\/06\/1000040668-150x106.jpg 150w, https:\/\/urbeamea.ro\/albaiulia\/wp-content\/uploads\/2025\/06\/1000040668-768x543.jpg 768w, https:\/\/urbeamea.ro\/albaiulia\/wp-content\/uploads\/2025\/06\/1000040668-1536x1086.jpg 1536w, https:\/\/urbeamea.ro\/albaiulia\/wp-content\/uploads\/2025\/06\/1000040668.jpg 2048w\" sizes=\"auto, (max-width: 1280px) 100vw, 1280px\" \/><\/figure>\n\n\n\n<figure class=\"wp-block-image size-large\"><img loading=\"lazy\" decoding=\"async\" width=\"1280\" height=\"905\" data-id=\"118220\" src=\"https:\/\/urbeamea.ro\/albaiulia\/wp-content\/uploads\/2025\/06\/1000040669-1280x905.jpg\" alt=\"\" class=\"wp-image-118220\" srcset=\"https:\/\/urbeamea.ro\/albaiulia\/wp-content\/uploads\/2025\/06\/1000040669-1280x905.jpg 1280w, https:\/\/urbeamea.ro\/albaiulia\/wp-content\/uploads\/2025\/06\/1000040669-640x453.jpg 640w, https:\/\/urbeamea.ro\/albaiulia\/wp-content\/uploads\/2025\/06\/1000040669-150x106.jpg 150w, https:\/\/urbeamea.ro\/albaiulia\/wp-content\/uploads\/2025\/06\/1000040669-768x543.jpg 768w, https:\/\/urbeamea.ro\/albaiulia\/wp-content\/uploads\/2025\/06\/1000040669-1536x1086.jpg 1536w, https:\/\/urbeamea.ro\/albaiulia\/wp-content\/uploads\/2025\/06\/1000040669.jpg 2048w\" sizes=\"auto, (max-width: 1280px) 100vw, 1280px\" \/><\/figure>\n\n\n\n<figure class=\"wp-block-image size-large\"><img loading=\"lazy\" decoding=\"async\" width=\"1280\" height=\"905\" data-id=\"118221\" src=\"https:\/\/urbeamea.ro\/albaiulia\/wp-content\/uploads\/2025\/06\/1000040666-1280x905.jpg\" alt=\"\" class=\"wp-image-118221\" srcset=\"https:\/\/urbeamea.ro\/albaiulia\/wp-content\/uploads\/2025\/06\/1000040666-1280x905.jpg 1280w, https:\/\/urbeamea.ro\/albaiulia\/wp-content\/uploads\/2025\/06\/1000040666-640x453.jpg 640w, https:\/\/urbeamea.ro\/albaiulia\/wp-content\/uploads\/2025\/06\/1000040666-150x106.jpg 150w, https:\/\/urbeamea.ro\/albaiulia\/wp-content\/uploads\/2025\/06\/1000040666-768x543.jpg 768w, https:\/\/urbeamea.ro\/albaiulia\/wp-content\/uploads\/2025\/06\/1000040666-1536x1086.jpg 1536w, https:\/\/urbeamea.ro\/albaiulia\/wp-content\/uploads\/2025\/06\/1000040666.jpg 2048w\" sizes=\"auto, (max-width: 1280px) 100vw, 1280px\" \/><\/figure>\n\n\n\n<figure class=\"wp-block-image size-large\"><img loading=\"lazy\" decoding=\"async\" width=\"1280\" height=\"905\" data-id=\"118217\" src=\"https:\/\/urbeamea.ro\/albaiulia\/wp-content\/uploads\/2025\/06\/1000040665-1280x905.jpg\" alt=\"\" class=\"wp-image-118217\" srcset=\"https:\/\/urbeamea.ro\/albaiulia\/wp-content\/uploads\/2025\/06\/1000040665-1280x905.jpg 1280w, https:\/\/urbeamea.ro\/albaiulia\/wp-content\/uploads\/2025\/06\/1000040665-640x453.jpg 640w, https:\/\/urbeamea.ro\/albaiulia\/wp-content\/uploads\/2025\/06\/1000040665-150x106.jpg 150w, https:\/\/urbeamea.ro\/albaiulia\/wp-content\/uploads\/2025\/06\/1000040665-768x543.jpg 768w, https:\/\/urbeamea.ro\/albaiulia\/wp-content\/uploads\/2025\/06\/1000040665-1536x1086.jpg 1536w, https:\/\/urbeamea.ro\/albaiulia\/wp-content\/uploads\/2025\/06\/1000040665.jpg 2048w\" sizes=\"auto, (max-width: 1280px) 100vw, 1280px\" \/><\/figure>\n<\/figure>\n\n\n\n<p><\/p>\n","protected":false},"excerpt":{"rendered":"<p>\u00cen perioada 20-22 iunie 2025, Alba Iulia va g\u0103zdui T\u00e2rgul de cArte Alba Transilvana, un proiect ce se al\u0103tur\u0103 celor mai importante evenimente culturale ale anului 2025, din jude\u021bul Alba. Organizatorii propun\u00e2nd publicului o palet\u0103 larg\u0103 de manifest\u0103ri, forme \u0219i expresii culturale, care s\u0103 satisfac\u0103 o palet\u0103 c\u00e2t mai larg\u0103 de cititori. Festivitatea de deschidere &hellip;<\/p>\n","protected":false},"author":28,"featured_media":118216,"comment_status":"open","ping_status":"open","sticky":false,"template":"","format":"standard","meta":{"inline_featured_image":false,"footnotes":""},"categories":[23926,2038,2039,4,25,1,61,16344],"tags":[5333],"class_list":["post-118213","post","type-post","status-publish","format-standard","has-post-thumbnail","hentry","category-actualitate","category-cultura","category-educatie","category-eveniment","category-lifestyle-fashion","category-stiri-urbane","category-turism","category-urbea-mea","tag-targul-de-carte-alba-transilvana"],"yoast_head":"<!-- This site is optimized with the Yoast SEO plugin v27.4 - https:\/\/yoast.com\/product\/yoast-seo-wordpress\/ -->\n<title>Maraton cultural la T\u00e2rgul de cArte Alba Transilvana: Horea Roman Patapievici, Varujan Vosganian, Gelu Duminic\u0103, Mihail, 3 Sud Est - Revista Urbea Mea - Revista de Alba<\/title>\n<meta name=\"description\" content=\"\u00cen perioada 20-22 iunie 2025, Alba Iulia va g\u0103zdui T\u00e2rgul de cArte Alba Transilvana, un proiect ce se al\u0103tur\u0103 celor mai importante evenimente culturale\" \/>\n<meta name=\"robots\" content=\"index, follow, max-snippet:-1, max-image-preview:large, max-video-preview:-1\" \/>\n<link rel=\"canonical\" href=\"https:\/\/urbeamea.ro\/albaiulia\/maraton-cultural-la-targul-de-carte-alba-transilvana-horea-roman-patapievici-varujan-vosganian-gelu-duminica-mihail-3-sud-est\/\" \/>\n<meta name=\"twitter:card\" content=\"summary_large_image\" \/>\n<meta name=\"twitter:title\" content=\"Maraton cultural la T\u00e2rgul de cArte Alba Transilvana: Horea Roman Patapievici, Varujan Vosganian, Gelu Duminic\u0103, Mihail, 3 Sud Est - Revista Urbea Mea - Revista de Alba\" \/>\n<meta name=\"twitter:description\" content=\"\u00cen perioada 20-22 iunie 2025, Alba Iulia va g\u0103zdui T\u00e2rgul de cArte Alba Transilvana, un proiect ce se al\u0103tur\u0103 celor mai importante evenimente culturale\" \/>\n<meta name=\"twitter:image\" content=\"https:\/\/urbeamea.ro\/albaiulia\/wp-content\/uploads\/2025\/06\/1000040674.jpg\" \/>\n<meta name=\"twitter:creator\" content=\"@urbeameaweb\" \/>\n<meta name=\"twitter:site\" content=\"@urbeameaweb\" \/>\n<script type=\"application\/ld+json\" class=\"yoast-schema-graph\">{\"@context\":\"https:\\\/\\\/schema.org\",\"@graph\":[{\"@type\":\"Article\",\"@id\":\"https:\\\/\\\/urbeamea.ro\\\/albaiulia\\\/maraton-cultural-la-targul-de-carte-alba-transilvana-horea-roman-patapievici-varujan-vosganian-gelu-duminica-mihail-3-sud-est\\\/#article\",\"isPartOf\":{\"@id\":\"https:\\\/\\\/urbeamea.ro\\\/albaiulia\\\/maraton-cultural-la-targul-de-carte-alba-transilvana-horea-roman-patapievici-varujan-vosganian-gelu-duminica-mihail-3-sud-est\\\/\"},\"author\":{\"name\":\"Giurca Sorin\",\"@id\":\"https:\\\/\\\/urbeamea.ro\\\/albaiulia\\\/#\\\/schema\\\/person\\\/5db3854ac38c1cc9f0ab4092d6a20f02\"},\"headline\":\"Maraton cultural la T\u00e2rgul de cArte Alba Transilvana: Horea Roman Patapievici, Varujan Vosganian, Gelu Duminic\u0103, Mihail, 3 Sud Est\",\"datePublished\":\"2025-06-18T05:33:03+00:00\",\"dateModified\":\"2025-06-18T05:33:06+00:00\",\"mainEntityOfPage\":{\"@id\":\"https:\\\/\\\/urbeamea.ro\\\/albaiulia\\\/maraton-cultural-la-targul-de-carte-alba-transilvana-horea-roman-patapievici-varujan-vosganian-gelu-duminica-mihail-3-sud-est\\\/\"},\"wordCount\":319,\"commentCount\":0,\"image\":{\"@id\":\"https:\\\/\\\/urbeamea.ro\\\/albaiulia\\\/maraton-cultural-la-targul-de-carte-alba-transilvana-horea-roman-patapievici-varujan-vosganian-gelu-duminica-mihail-3-sud-est\\\/#primaryimage\"},\"thumbnailUrl\":\"https:\\\/\\\/urbeamea.ro\\\/albaiulia\\\/wp-content\\\/uploads\\\/2025\\\/06\\\/1000040674.jpg\",\"keywords\":[\"targul de carte alba transilvana\"],\"articleSection\":[\"Actualitate\",\"Cultur\u0103\",\"Educa\u021bie\",\"Evenimente\",\"Lifestyle &amp; Fashion\",\"\u015etiri Urbane\",\"Turism \u0219i Ghidaj turistic\",\"Urbea Mea\"],\"inLanguage\":\"ro-RO\",\"potentialAction\":[{\"@type\":\"CommentAction\",\"name\":\"Comment\",\"target\":[\"https:\\\/\\\/urbeamea.ro\\\/albaiulia\\\/maraton-cultural-la-targul-de-carte-alba-transilvana-horea-roman-patapievici-varujan-vosganian-gelu-duminica-mihail-3-sud-est\\\/#respond\"]}]},{\"@type\":\"WebPage\",\"@id\":\"https:\\\/\\\/urbeamea.ro\\\/albaiulia\\\/maraton-cultural-la-targul-de-carte-alba-transilvana-horea-roman-patapievici-varujan-vosganian-gelu-duminica-mihail-3-sud-est\\\/\",\"url\":\"https:\\\/\\\/urbeamea.ro\\\/albaiulia\\\/maraton-cultural-la-targul-de-carte-alba-transilvana-horea-roman-patapievici-varujan-vosganian-gelu-duminica-mihail-3-sud-est\\\/\",\"name\":\"Maraton cultural la T\u00e2rgul de cArte Alba Transilvana: Horea Roman Patapievici, Varujan Vosganian, Gelu Duminic\u0103, Mihail, 3 Sud Est - Revista Urbea Mea - Revista de Alba\",\"isPartOf\":{\"@id\":\"https:\\\/\\\/urbeamea.ro\\\/albaiulia\\\/#website\"},\"primaryImageOfPage\":{\"@id\":\"https:\\\/\\\/urbeamea.ro\\\/albaiulia\\\/maraton-cultural-la-targul-de-carte-alba-transilvana-horea-roman-patapievici-varujan-vosganian-gelu-duminica-mihail-3-sud-est\\\/#primaryimage\"},\"image\":{\"@id\":\"https:\\\/\\\/urbeamea.ro\\\/albaiulia\\\/maraton-cultural-la-targul-de-carte-alba-transilvana-horea-roman-patapievici-varujan-vosganian-gelu-duminica-mihail-3-sud-est\\\/#primaryimage\"},\"thumbnailUrl\":\"https:\\\/\\\/urbeamea.ro\\\/albaiulia\\\/wp-content\\\/uploads\\\/2025\\\/06\\\/1000040674.jpg\",\"datePublished\":\"2025-06-18T05:33:03+00:00\",\"dateModified\":\"2025-06-18T05:33:06+00:00\",\"author\":{\"@id\":\"https:\\\/\\\/urbeamea.ro\\\/albaiulia\\\/#\\\/schema\\\/person\\\/5db3854ac38c1cc9f0ab4092d6a20f02\"},\"description\":\"\u00cen perioada 20-22 iunie 2025, Alba Iulia va g\u0103zdui T\u00e2rgul de cArte Alba Transilvana, un proiect ce se al\u0103tur\u0103 celor mai importante evenimente culturale\",\"breadcrumb\":{\"@id\":\"https:\\\/\\\/urbeamea.ro\\\/albaiulia\\\/maraton-cultural-la-targul-de-carte-alba-transilvana-horea-roman-patapievici-varujan-vosganian-gelu-duminica-mihail-3-sud-est\\\/#breadcrumb\"},\"inLanguage\":\"ro-RO\",\"potentialAction\":[{\"@type\":\"ReadAction\",\"target\":[\"https:\\\/\\\/urbeamea.ro\\\/albaiulia\\\/maraton-cultural-la-targul-de-carte-alba-transilvana-horea-roman-patapievici-varujan-vosganian-gelu-duminica-mihail-3-sud-est\\\/\"]}]},{\"@type\":\"ImageObject\",\"inLanguage\":\"ro-RO\",\"@id\":\"https:\\\/\\\/urbeamea.ro\\\/albaiulia\\\/maraton-cultural-la-targul-de-carte-alba-transilvana-horea-roman-patapievici-varujan-vosganian-gelu-duminica-mihail-3-sud-est\\\/#primaryimage\",\"url\":\"https:\\\/\\\/urbeamea.ro\\\/albaiulia\\\/wp-content\\\/uploads\\\/2025\\\/06\\\/1000040674.jpg\",\"contentUrl\":\"https:\\\/\\\/urbeamea.ro\\\/albaiulia\\\/wp-content\\\/uploads\\\/2025\\\/06\\\/1000040674.jpg\",\"width\":1448,\"height\":2048},{\"@type\":\"BreadcrumbList\",\"@id\":\"https:\\\/\\\/urbeamea.ro\\\/albaiulia\\\/maraton-cultural-la-targul-de-carte-alba-transilvana-horea-roman-patapievici-varujan-vosganian-gelu-duminica-mihail-3-sud-est\\\/#breadcrumb\",\"itemListElement\":[{\"@type\":\"ListItem\",\"position\":1,\"name\":\"Prima pagin\u0103\",\"item\":\"https:\\\/\\\/urbeamea.ro\\\/albaiulia\\\/\"},{\"@type\":\"ListItem\",\"position\":2,\"name\":\"Maraton cultural la T\u00e2rgul de cArte Alba Transilvana: Horea Roman Patapievici, Varujan Vosganian, Gelu Duminic\u0103, Mihail, 3 Sud Est\"}]},{\"@type\":\"WebSite\",\"@id\":\"https:\\\/\\\/urbeamea.ro\\\/albaiulia\\\/#website\",\"url\":\"https:\\\/\\\/urbeamea.ro\\\/albaiulia\\\/\",\"name\":\"Revista Urbea Mea, Stiri urbane\",\"description\":\"Evenimente \u0219i \u0219tiri din Alba Iulia, Sebe\u0219, Aiud, Blaj\",\"potentialAction\":[{\"@type\":\"SearchAction\",\"target\":{\"@type\":\"EntryPoint\",\"urlTemplate\":\"https:\\\/\\\/urbeamea.ro\\\/albaiulia\\\/?s={search_term_string}\"},\"query-input\":{\"@type\":\"PropertyValueSpecification\",\"valueRequired\":true,\"valueName\":\"search_term_string\"}}],\"inLanguage\":\"ro-RO\"},{\"@type\":\"Person\",\"@id\":\"https:\\\/\\\/urbeamea.ro\\\/albaiulia\\\/#\\\/schema\\\/person\\\/5db3854ac38c1cc9f0ab4092d6a20f02\",\"name\":\"Giurca Sorin\",\"image\":{\"@type\":\"ImageObject\",\"inLanguage\":\"ro-RO\",\"@id\":\"https:\\\/\\\/secure.gravatar.com\\\/avatar\\\/120f6fcae7b3b47a7730cb9943f612f4909f68ac5284b5f40ac1c4615fd70576?s=96&d=mm&r=g\",\"url\":\"https:\\\/\\\/secure.gravatar.com\\\/avatar\\\/120f6fcae7b3b47a7730cb9943f612f4909f68ac5284b5f40ac1c4615fd70576?s=96&d=mm&r=g\",\"contentUrl\":\"https:\\\/\\\/secure.gravatar.com\\\/avatar\\\/120f6fcae7b3b47a7730cb9943f612f4909f68ac5284b5f40ac1c4615fd70576?s=96&d=mm&r=g\",\"caption\":\"Giurca Sorin\"},\"url\":\"https:\\\/\\\/urbeamea.ro\\\/albaiulia\\\/author\\\/sorin\\\/\"}]}<\/script>\n<!-- \/ Yoast SEO plugin. -->","yoast_head_json":{"title":"Maraton cultural la T\u00e2rgul de cArte Alba Transilvana: Horea Roman Patapievici, Varujan Vosganian, Gelu Duminic\u0103, Mihail, 3 Sud Est - Revista Urbea Mea - Revista de Alba","description":"\u00cen perioada 20-22 iunie 2025, Alba Iulia va g\u0103zdui T\u00e2rgul de cArte Alba Transilvana, un proiect ce se al\u0103tur\u0103 celor mai importante evenimente culturale","robots":{"index":"index","follow":"follow","max-snippet":"max-snippet:-1","max-image-preview":"max-image-preview:large","max-video-preview":"max-video-preview:-1"},"canonical":"https:\/\/urbeamea.ro\/albaiulia\/maraton-cultural-la-targul-de-carte-alba-transilvana-horea-roman-patapievici-varujan-vosganian-gelu-duminica-mihail-3-sud-est\/","twitter_card":"summary_large_image","twitter_title":"Maraton cultural la T\u00e2rgul de cArte Alba Transilvana: Horea Roman Patapievici, Varujan Vosganian, Gelu Duminic\u0103, Mihail, 3 Sud Est - Revista Urbea Mea - Revista de Alba","twitter_description":"\u00cen perioada 20-22 iunie 2025, Alba Iulia va g\u0103zdui T\u00e2rgul de cArte Alba Transilvana, un proiect ce se al\u0103tur\u0103 celor mai importante evenimente culturale","twitter_image":"https:\/\/urbeamea.ro\/albaiulia\/wp-content\/uploads\/2025\/06\/1000040674.jpg","twitter_creator":"@urbeameaweb","twitter_site":"@urbeameaweb","schema":{"@context":"https:\/\/schema.org","@graph":[{"@type":"Article","@id":"https:\/\/urbeamea.ro\/albaiulia\/maraton-cultural-la-targul-de-carte-alba-transilvana-horea-roman-patapievici-varujan-vosganian-gelu-duminica-mihail-3-sud-est\/#article","isPartOf":{"@id":"https:\/\/urbeamea.ro\/albaiulia\/maraton-cultural-la-targul-de-carte-alba-transilvana-horea-roman-patapievici-varujan-vosganian-gelu-duminica-mihail-3-sud-est\/"},"author":{"name":"Giurca Sorin","@id":"https:\/\/urbeamea.ro\/albaiulia\/#\/schema\/person\/5db3854ac38c1cc9f0ab4092d6a20f02"},"headline":"Maraton cultural la T\u00e2rgul de cArte Alba Transilvana: Horea Roman Patapievici, Varujan Vosganian, Gelu Duminic\u0103, Mihail, 3 Sud Est","datePublished":"2025-06-18T05:33:03+00:00","dateModified":"2025-06-18T05:33:06+00:00","mainEntityOfPage":{"@id":"https:\/\/urbeamea.ro\/albaiulia\/maraton-cultural-la-targul-de-carte-alba-transilvana-horea-roman-patapievici-varujan-vosganian-gelu-duminica-mihail-3-sud-est\/"},"wordCount":319,"commentCount":0,"image":{"@id":"https:\/\/urbeamea.ro\/albaiulia\/maraton-cultural-la-targul-de-carte-alba-transilvana-horea-roman-patapievici-varujan-vosganian-gelu-duminica-mihail-3-sud-est\/#primaryimage"},"thumbnailUrl":"https:\/\/urbeamea.ro\/albaiulia\/wp-content\/uploads\/2025\/06\/1000040674.jpg","keywords":["targul de carte alba transilvana"],"articleSection":["Actualitate","Cultur\u0103","Educa\u021bie","Evenimente","Lifestyle &amp; Fashion","\u015etiri Urbane","Turism \u0219i Ghidaj turistic","Urbea Mea"],"inLanguage":"ro-RO","potentialAction":[{"@type":"CommentAction","name":"Comment","target":["https:\/\/urbeamea.ro\/albaiulia\/maraton-cultural-la-targul-de-carte-alba-transilvana-horea-roman-patapievici-varujan-vosganian-gelu-duminica-mihail-3-sud-est\/#respond"]}]},{"@type":"WebPage","@id":"https:\/\/urbeamea.ro\/albaiulia\/maraton-cultural-la-targul-de-carte-alba-transilvana-horea-roman-patapievici-varujan-vosganian-gelu-duminica-mihail-3-sud-est\/","url":"https:\/\/urbeamea.ro\/albaiulia\/maraton-cultural-la-targul-de-carte-alba-transilvana-horea-roman-patapievici-varujan-vosganian-gelu-duminica-mihail-3-sud-est\/","name":"Maraton cultural la T\u00e2rgul de cArte Alba Transilvana: Horea Roman Patapievici, Varujan Vosganian, Gelu Duminic\u0103, Mihail, 3 Sud Est - Revista Urbea Mea - Revista de Alba","isPartOf":{"@id":"https:\/\/urbeamea.ro\/albaiulia\/#website"},"primaryImageOfPage":{"@id":"https:\/\/urbeamea.ro\/albaiulia\/maraton-cultural-la-targul-de-carte-alba-transilvana-horea-roman-patapievici-varujan-vosganian-gelu-duminica-mihail-3-sud-est\/#primaryimage"},"image":{"@id":"https:\/\/urbeamea.ro\/albaiulia\/maraton-cultural-la-targul-de-carte-alba-transilvana-horea-roman-patapievici-varujan-vosganian-gelu-duminica-mihail-3-sud-est\/#primaryimage"},"thumbnailUrl":"https:\/\/urbeamea.ro\/albaiulia\/wp-content\/uploads\/2025\/06\/1000040674.jpg","datePublished":"2025-06-18T05:33:03+00:00","dateModified":"2025-06-18T05:33:06+00:00","author":{"@id":"https:\/\/urbeamea.ro\/albaiulia\/#\/schema\/person\/5db3854ac38c1cc9f0ab4092d6a20f02"},"description":"\u00cen perioada 20-22 iunie 2025, Alba Iulia va g\u0103zdui T\u00e2rgul de cArte Alba Transilvana, un proiect ce se al\u0103tur\u0103 celor mai importante evenimente culturale","breadcrumb":{"@id":"https:\/\/urbeamea.ro\/albaiulia\/maraton-cultural-la-targul-de-carte-alba-transilvana-horea-roman-patapievici-varujan-vosganian-gelu-duminica-mihail-3-sud-est\/#breadcrumb"},"inLanguage":"ro-RO","potentialAction":[{"@type":"ReadAction","target":["https:\/\/urbeamea.ro\/albaiulia\/maraton-cultural-la-targul-de-carte-alba-transilvana-horea-roman-patapievici-varujan-vosganian-gelu-duminica-mihail-3-sud-est\/"]}]},{"@type":"ImageObject","inLanguage":"ro-RO","@id":"https:\/\/urbeamea.ro\/albaiulia\/maraton-cultural-la-targul-de-carte-alba-transilvana-horea-roman-patapievici-varujan-vosganian-gelu-duminica-mihail-3-sud-est\/#primaryimage","url":"https:\/\/urbeamea.ro\/albaiulia\/wp-content\/uploads\/2025\/06\/1000040674.jpg","contentUrl":"https:\/\/urbeamea.ro\/albaiulia\/wp-content\/uploads\/2025\/06\/1000040674.jpg","width":1448,"height":2048},{"@type":"BreadcrumbList","@id":"https:\/\/urbeamea.ro\/albaiulia\/maraton-cultural-la-targul-de-carte-alba-transilvana-horea-roman-patapievici-varujan-vosganian-gelu-duminica-mihail-3-sud-est\/#breadcrumb","itemListElement":[{"@type":"ListItem","position":1,"name":"Prima pagin\u0103","item":"https:\/\/urbeamea.ro\/albaiulia\/"},{"@type":"ListItem","position":2,"name":"Maraton cultural la T\u00e2rgul de cArte Alba Transilvana: Horea Roman Patapievici, Varujan Vosganian, Gelu Duminic\u0103, Mihail, 3 Sud Est"}]},{"@type":"WebSite","@id":"https:\/\/urbeamea.ro\/albaiulia\/#website","url":"https:\/\/urbeamea.ro\/albaiulia\/","name":"Revista Urbea Mea, Stiri urbane","description":"Evenimente \u0219i \u0219tiri din Alba Iulia, Sebe\u0219, Aiud, Blaj","potentialAction":[{"@type":"SearchAction","target":{"@type":"EntryPoint","urlTemplate":"https:\/\/urbeamea.ro\/albaiulia\/?s={search_term_string}"},"query-input":{"@type":"PropertyValueSpecification","valueRequired":true,"valueName":"search_term_string"}}],"inLanguage":"ro-RO"},{"@type":"Person","@id":"https:\/\/urbeamea.ro\/albaiulia\/#\/schema\/person\/5db3854ac38c1cc9f0ab4092d6a20f02","name":"Giurca Sorin","image":{"@type":"ImageObject","inLanguage":"ro-RO","@id":"https:\/\/secure.gravatar.com\/avatar\/120f6fcae7b3b47a7730cb9943f612f4909f68ac5284b5f40ac1c4615fd70576?s=96&d=mm&r=g","url":"https:\/\/secure.gravatar.com\/avatar\/120f6fcae7b3b47a7730cb9943f612f4909f68ac5284b5f40ac1c4615fd70576?s=96&d=mm&r=g","contentUrl":"https:\/\/secure.gravatar.com\/avatar\/120f6fcae7b3b47a7730cb9943f612f4909f68ac5284b5f40ac1c4615fd70576?s=96&d=mm&r=g","caption":"Giurca Sorin"},"url":"https:\/\/urbeamea.ro\/albaiulia\/author\/sorin\/"}]}},"_links":{"self":[{"href":"https:\/\/urbeamea.ro\/albaiulia\/wp-json\/wp\/v2\/posts\/118213","targetHints":{"allow":["GET"]}}],"collection":[{"href":"https:\/\/urbeamea.ro\/albaiulia\/wp-json\/wp\/v2\/posts"}],"about":[{"href":"https:\/\/urbeamea.ro\/albaiulia\/wp-json\/wp\/v2\/types\/post"}],"author":[{"embeddable":true,"href":"https:\/\/urbeamea.ro\/albaiulia\/wp-json\/wp\/v2\/users\/28"}],"replies":[{"embeddable":true,"href":"https:\/\/urbeamea.ro\/albaiulia\/wp-json\/wp\/v2\/comments?post=118213"}],"version-history":[{"count":1,"href":"https:\/\/urbeamea.ro\/albaiulia\/wp-json\/wp\/v2\/posts\/118213\/revisions"}],"predecessor-version":[{"id":118228,"href":"https:\/\/urbeamea.ro\/albaiulia\/wp-json\/wp\/v2\/posts\/118213\/revisions\/118228"}],"wp:featuredmedia":[{"embeddable":true,"href":"https:\/\/urbeamea.ro\/albaiulia\/wp-json\/wp\/v2\/media\/118216"}],"wp:attachment":[{"href":"https:\/\/urbeamea.ro\/albaiulia\/wp-json\/wp\/v2\/media?parent=118213"}],"wp:term":[{"taxonomy":"category","embeddable":true,"href":"https:\/\/urbeamea.ro\/albaiulia\/wp-json\/wp\/v2\/categories?post=118213"},{"taxonomy":"post_tag","embeddable":true,"href":"https:\/\/urbeamea.ro\/albaiulia\/wp-json\/wp\/v2\/tags?post=118213"}],"curies":[{"name":"wp","href":"https:\/\/api.w.org\/{rel}","templated":true}]}}