{"id":118229,"date":"2025-06-18T08:42:39","date_gmt":"2025-06-18T05:42:39","guid":{"rendered":"https:\/\/urbeamea.ro\/albaiulia\/?p=118229"},"modified":"2025-06-18T08:42:41","modified_gmt":"2025-06-18T05:42:41","slug":"18-22-iunie-2025-zilele-maghiare-ale-judetului-alba-in-curtea-colegiului-bethlen-gabor-din-aiud","status":"publish","type":"post","link":"https:\/\/urbeamea.ro\/albaiulia\/18-22-iunie-2025-zilele-maghiare-ale-judetului-alba-in-curtea-colegiului-bethlen-gabor-din-aiud\/","title":{"rendered":"18 &#8211; 22 iunie 2025: Zilele Maghiare ale Jude\u021bului Alba, \u00een curtea Colegiului Bethlen Gabor din Aiud"},"content":{"rendered":"\n<p><strong>\u00centre 18 \u0219i 22 iunie 2025, jude\u021bul Alba va g\u0103zdui una dintre cele mai frumoase s\u0103rb\u0103tori dedicate comunit\u0103\u021bii maghiare din zon\u0103: \ud835\udc19\ud835\udc22\ud835\udc25\ud835\udc1e\ud835\udc25\ud835\udc1e \ud835\udc0c\ud835\udc1a\ud835\udc20\ud835\udc21\ud835\udc22\ud835\udc1a\ud835\udc2b\ud835\udc1e \ud835\udc1a\ud835\udc25\ud835\udc1e \ud835\udc09\ud835\udc2e\ud835\udc1d\ud835\udc1e\ud835\udc2d\ud835\udc2e\ud835\udc25\ud835\udc2e\ud835\udc22 \ud835\udc00\ud835\udc25\ud835\udc1b\ud835\udc1a<\/strong>.<\/p>\n\n\n\n<p> Timp de cinci zile, locuitorii jude\u021bului \u0219i to\u021bi cei interesa\u021bi vor avea ocazia s\u0103 participe la un program divers de evenimente culturale, artistice, sportive \u0219i gastronomice, menite s\u0103 celebreze tradi\u021bia \u0219i cultura maghiar\u0103 \u00eentr-o atmosfer\u0103 prietenoas\u0103 \u0219i plin\u0103 de culoare.<\/p>\n\n\n\n<p>\ud835\udc02\ud835\udc1e \ud835\udc2f\ud835\udc1a \ud835\udc1c\ud835\udc2e\ud835\udc29\ud835\udc2b\ud835\udc22\ud835\udc27\ud835\udc1d\ud835\udc1e \ud835\udc29\ud835\udc2b\ud835\udc28\ud835\udc20\ud835\udc2b\ud835\udc1a\ud835\udc26\ud835\udc2e\ud835\udc25<\/p>\n\n\n\n<p>Evenimentul va include:<\/p>\n\n\n\n<p>&#8211; \ud835\udc04\ud835\udc31\ud835\udc29\ud835\udc28\ud835\udc33\ud835\udc22\ud835\udc2d\ud835\udc22\ud835\udc22 \ud835\udc2d\ud835\udc1e\ud835\udc26\ud835\udc1a\ud835\udc2d\ud835\udc22\ud835\udc1c\ud835\udc1e, dedicate personalit\u0103\u021bilor \ud835\udc09\ud835\udc28\ud835\udc24\ud835\udc1a\ud835\udc22 \ud835\udfd0\ud835\udfce\ud835\udfce \u0219i \ud835\udc00\ud835\udc29\ud835\udc2b\ud835\udc22\ud835\udc25\ud835\udc32 \ud835\udc0b\ud835\udc1a\ud835\udc23\ud835\udc28\ud835\udc2c, dar \u0219i lucr\u0103rilor semnate de arti\u0219ti plastici locali precum \ud835\udc07\ud835\udc28\ud835\udc2b\ud835\udc27\ud835\udc1a\ud835\udc2d \ud835\udc0a\ud835\udc2e\ud835\udc27\ud835\udc1d \ud835\udc0b\ud835\udc1e\ud835\udc21\ud835\udc1e\ud835\udc25, \ud835\udc0a\ud835\udc2e\ud835\udc2b\ud835\udc2d\ud835\udc22 \ud835\udc0b\ud835\udc22\ud835\udc25\ud835\udc25\ud835\udc1a \u015fi \ud835\udc0a\ud835\udc28\ud835\udc27\ud835\udc32\ud835\udc1a \ud835\udc12\ud835\udc1a\ud835\udc2b\ud835\udc28\ud835\udc25\ud835\udc2d\ud835\udc1a.<\/p>\n\n\n\n<p>&#8211; \ud835\udc0f\ud835\udc2b\ud835\udc1e\ud835\udc33\ud835\udc1e\ud835\udc27\ud835\udc2d\ud835\udc1a\ud835\udc2b\ud835\udc22 \ud835\udc1d\ud835\udc1e \ud835\udc1c\ud835\udc1a\ud835\udc2b\ud835\udc2d\ud835\udc1e, \ud835\udc26\ud835\udc28\ud835\udc26\ud835\udc1e\ud835\udc27\ud835\udc2d\ud835\udc1e \ud835\udc1a\ud835\udc2b\ud835\udc2d\ud835\udc22\ud835\udc2c\ud835\udc2d\ud835\udc22\ud835\udc1c\ud835\udc1e \ud835\udc29\ud835\udc1e\ud835\udc27\ud835\udc2d\ud835\udc2b\ud835\udc2e \ud835\udc1c\ud835\udc28\ud835\udc29\ud835\udc22\ud835\udc22 \u015fi \ud835\udc29\ud835\udc22\ud835\udc1e\ud835\udc2c\ud835\udc1e \ud835\udc1d\ud835\udc1e \ud835\udc2d\ud835\udc1e\ud835\udc1a\ud835\udc2d\ud835\udc2b\ud835\udc2e precum \u201eJ\ud835\udc1e\ud835\udc2b\ud835\udc1e\ud835\udc26\ud835\udc22 \ud835\udc28\ud835\udc2c\ud835\udc2c\ud835\udc33\ud835\udc1e\ud835\udc24\ud835\udc1a\ud835\udc29\ud835\udc23\ud835\udc1a \ud835\udc26\ud835\udc1a\ud835\udc20\ud835\udc1a\ud835\udc2d\u201d \u0219i produc\u021bii puse \u00een scen\u0103 de ansambluri locale.<\/p>\n\n\n\n<p>&#8211; \ud835\udc02\ud835\udc28\ud835\udc27\ud835\udc1c\ud835\udc1e\ud835\udc2b\ud835\udc2d\ud835\udc1e \ud835\udc25\ud835\udc22\ud835\udc2f\ud835\udc1e, sus\u021binute de forma\u021bii precum \ud835\udc12\ud835\udc26\ud835\udc22\ud835\udc1c\ud835\udc22 \ud835\udc11\ud835\udc28\ud835\udc1c\ud835\udc24 \ud835\udc01\ud835\udc1a\ud835\udc27\ud835\udc1d, \ud835\udc00\ud835\udc1b\ud835\udc2b\ud835\udc1a\ud835\udc21\ud835\udc1a\ud835\udc26 \ud835\udc09\ud835\udc2e\ud835\udc1d\ud835\udc22\ud835\udc2d \ud835\udc2c\ud835\udc22 \ud835\udc0f\ud835\udc2b\ud835\udc22\ud835\udc1e\ud835\udc2d\ud835\udc1e\ud835\udc27\ud835\udc22\ud835\udc22, \ud835\udc0c\ud835\udc28\ud835\udc1b\ud835\udc22\ud835\udc25\ud835\udc26\ud835\udc1a\ud835\udc27\ud835\udc22\ud835\udc1a \ud835\udc2c\ud835\udc22 \ud835\udc15\ud835\udc22\ud835\udc24\ud835\udc22\ud835\udc1d\ud835\udc1a\ud835\udc25 \ud835\udc06\ud835\udc32\ud835\udc2e\ud835\udc25\ud835\udc1a, precum \u0219i \ud835\udc2d\ud835\udc2b\ud835\udc2e\ud835\udc29\ud835\udc1a \ud835\udc03\ud835\udc2b\ud835\udc1e\ud835\udc1a\ud835\udc26\ud835\udc1f\ud835\udc25\ud835\udc28\ud835\udc30<\/p>\n\n\n\n<p>.- \ud835\udc14\ud835\udc27 \ud835\udc1c\ud835\udc28\ud835\udc27\ud835\udc1c\ud835\udc1e\ud835\udc2b\ud835\udc2d \ud835\udc1c\ud835\udc1a\ud835\udc26\ud835\udc1e\ud835\udc2b\ud835\udc1a\ud835\udc25 \ud835\udc1d\ud835\udc1e \ud835\udc1e\ud835\udc31\ud835\udc1c\ud835\udc1e\ud835\udc29\ud835\udc2d\ud835\udc22\ud835\udc1e, oferit de \ud835\udc02\ud835\udc2f\ud835\udc1a\ud835\udc2b\ud835\udc2d\ud835\udc1e\ud835\udc2d\ud835\udc2e\ud835\udc25 \ud835\udc1d\ud835\udc1e \ud835\udc02\ud835\udc28\ud835\udc1a\ud835\udc2b\ud835\udc1d\ud835\udc1e \ud835\udc1a\ud835\udc25 \ud835\udc09\ud835\udc2e\ud835\udc1d\ud835\udc1e\ud835\udc2d\ud835\udc2e\ud835\udc25\ud835\udc2e\ud835\udc22 \ud835\udc00\ud835\udc25\ud835\udc1b\ud835\udc1a.<\/p>\n\n\n\n<p>Atmosfera de s\u0103rb\u0103toare va fi completat\u0103 de:- Spectacole de \ud835\udc1d\ud835\udc1a\ud835\udc27\ud835\udc2c\ud835\udc2e\ud835\udc2b\ud835\udc22 \ud835\udc29\ud835\udc28\ud835\udc29\ud835\udc2e\ud835\udc25\ud835\udc1a\ud835\udc2b\ud835\udc1e \ud835\udc26\ud835\udc1a\ud835\udc20\ud835\udc21\ud835\udc22\ud835\udc1a\ud835\udc2b\ud835\udc1e, sus\u021binute de ansambluri din jude\u021b \u0219i de \ud835\udc00\ud835\udc27\ud835\udc2c\ud835\udc1a\ud835\udc26\ud835\udc1b\ud835\udc25\ud835\udc2e\ud835\udc25 \ud835\udc0f\ud835\udc22\ud835\udc2b\ud835\udc28\ud835\udc2c\ud835\udc29\ud835\udc1a\ud835\udc27\ud835\udc2d\ud835\udc25\ud835\udc22\ud835\udc24\ud835\udc1a\ud835\udc2c, care va marca \ud835\udfd2\ud835\udfce \ud835\udc1d\ud835\udc1e \ud835\udc1a\ud835\udc27\ud835\udc22 \ud835\udc1d\ud835\udc1e \ud835\udc1a\ud835\udc1c\ud835\udc2d\ud835\udc22\ud835\udc2f\ud835\udc22\ud835\udc2d\ud835\udc1a\ud835\udc2d\ud835\udc1e<\/p>\n\n\n\n<p>&#8211; Activit\u0103\u021bi interactive pentru copii: tir cu arcul, concursuri de pescuit, g\u0103tit ciorb\u0103 de pe\u0219te \u0219i jocuri de tab\u0103r\u0103.<\/p>\n\n\n\n<p>&#8211; \ud835\udc02\ud835\udc1a\ud835\udc26\ud835\udc29\ud835\udc22\ud835\udc28\ud835\udc27\ud835\udc1a\ud835\udc2d\ud835\udc1e \ud835\udc1d\ud835\udc1e \ud835\udc1f\ud835\udc28\ud835\udc2d\ud835\udc1b\ud835\udc1a\ud835\udc25 \u015fi \ud835\udc21\ud835\udc1a\ud835\udc27\ud835\udc1d\ud835\udc1b\ud835\udc1a\ud835\udc25 (In memoriam \ud835\udc02\ud835\udc2c\ud835\udc1a\ud835\udc2f\ud835\udc28\ud835\udc2c\ud835\udc2c\ud835\udc32 \ud835\udc06\ud835\udc32\ud835\udc28\ud835\udc2b\ud835\udc20\ud835\udc32).<\/p>\n\n\n\n<p>&#8211; \ud835\udc13\ud835\udc1a\ud835\udc2b\ud835\udc20\ud835\udc2e\ud835\udc25 \ud835\udc26\ud835\udc1e\ud835\udc2c\ud835\udc2d\ud835\udc1e\ud835\udc2c\ud835\udc2e\ud835\udc20\ud835\udc1a\ud835\udc2b\ud835\udc22\ud835\udc25\ud835\udc28\ud835\udc2b \u0219i \ud835\udc1d\ud835\udc1e\ud835\udc20\ud835\udc2e\ud835\udc2c\ud835\udc2d\ud835\udc1a\ud835\udc2b\ud835\udc22 \ud835\udc1d\ud835\udc1e \ud835\udc2f\ud835\udc22\ud835\udc27\ud835\udc2e\ud835\udc2b\ud835\udc22, pentru pasiona\u021bii de artizanat \u0219i produse locale.<\/p>\n\n\n\n<p>Serile vor fi animate de \ud835\udc2c\ud835\udc1e\ud835\udc2b\ud835\udc22 \ud835\udc1d\ud835\udc1e \ud835\udc1d\ud835\udc1a\ud835\udc27\ud835\udc2c \ud835\udc2d\ud835\udc2b\ud835\udc1a\ud835\udc1d\ud835\udc22\ud835\udc2d\ud835\udc22\ud835\udc28\ud835\udc27\ud835\udc1a\ud835\udc25, iar una dintre nop\u021bi se va \u00eencheia cu un \ud835\udc11\ud835\udc1e\ud835\udc2d\ud835\udc2b\ud835\udc28 \ud835\udc0f\ud835\udc1a\ud835\udc2b\ud835\udc2d\ud835\udc32, pentru cei care vor s\u0103 retr\u0103iasc\u0103 atmosfera anilor \u201980-\u201990.<\/p>\n\n\n\n<p>\ud835\udc19\ud835\udc22\ud835\udc25\ud835\udc1e\ud835\udc25\ud835\udc1e \ud835\udc0c\ud835\udc1a\ud835\udc20\ud835\udc21\ud835\udc22\ud835\udc1a\ud835\udc2b\ud835\udc1e \ud835\udc1a\ud835\udc25\ud835\udc1e \ud835\udc09\ud835\udc2e\ud835\udc1d\ud835\udc1e\ud835\udc2d\ud835\udc2e\ud835\udc25\ud835\udc2e\ud835\udc22 \ud835\udc00\ud835\udc25\ud835\udc1b\ud835\udc1a \ud835\udfd0\ud835\udfce\ud835\udfd0\ud835\udfd3 se anun\u021b\u0103 a fi o adev\u0103rat\u0103 s\u0103rb\u0103toare a tradi\u021biilor \u0219i a diversit\u0103\u021bii culturale, o oportunitate de a redescoperi obiceiurile maghiare \u0219i de a petrece momente deosebite al\u0103turi de familie \u0219i prieteni.<\/p>\n\n\n\n<figure class=\"wp-block-image size-large\"><img loading=\"lazy\" decoding=\"async\" width=\"961\" height=\"1280\" src=\"https:\/\/urbeamea.ro\/albaiulia\/wp-content\/uploads\/2025\/06\/1000040679-961x1280.jpg\" alt=\"\" class=\"wp-image-118230\" srcset=\"https:\/\/urbeamea.ro\/albaiulia\/wp-content\/uploads\/2025\/06\/1000040679-961x1280.jpg 961w, https:\/\/urbeamea.ro\/albaiulia\/wp-content\/uploads\/2025\/06\/1000040679-481x640.jpg 481w, https:\/\/urbeamea.ro\/albaiulia\/wp-content\/uploads\/2025\/06\/1000040679-113x150.jpg 113w, https:\/\/urbeamea.ro\/albaiulia\/wp-content\/uploads\/2025\/06\/1000040679-768x1023.jpg 768w, https:\/\/urbeamea.ro\/albaiulia\/wp-content\/uploads\/2025\/06\/1000040679.jpg 1062w\" sizes=\"auto, (max-width: 961px) 100vw, 961px\" \/><\/figure>\n","protected":false},"excerpt":{"rendered":"<p>\u00centre 18 \u0219i 22 iunie 2025, jude\u021bul Alba va g\u0103zdui una dintre cele mai frumoase s\u0103rb\u0103tori dedicate comunit\u0103\u021bii maghiare din zon\u0103: \ud835\udc19\ud835\udc22\ud835\udc25\ud835\udc1e\ud835\udc25\ud835\udc1e \ud835\udc0c\ud835\udc1a\ud835\udc20\ud835\udc21\ud835\udc22\ud835\udc1a\ud835\udc2b\ud835\udc1e \ud835\udc1a\ud835\udc25\ud835\udc1e \ud835\udc09\ud835\udc2e\ud835\udc1d\ud835\udc1e\ud835\udc2d\ud835\udc2e\ud835\udc25\ud835\udc2e\ud835\udc22 \ud835\udc00\ud835\udc25\ud835\udc1b\ud835\udc1a. Timp de cinci zile, locuitorii jude\u021bului \u0219i to\u021bi cei interesa\u021bi vor avea ocazia s\u0103 participe la un program divers de evenimente culturale, artistice, sportive \u0219i gastronomice, menite s\u0103 celebreze &hellip;<\/p>\n","protected":false},"author":28,"featured_media":118230,"comment_status":"open","ping_status":"open","sticky":false,"template":"","format":"standard","meta":{"inline_featured_image":false,"footnotes":""},"categories":[2038,4,2034,1,16344],"tags":[25331],"class_list":["post-118229","post","type-post","status-publish","format-standard","has-post-thumbnail","hentry","category-cultura","category-eveniment","category-social","category-stiri-urbane","category-urbea-mea","tag-zilele-maghiare-ale-judetului-alba"],"yoast_head":"<!-- This site is optimized with the Yoast SEO plugin v27.4 - https:\/\/yoast.com\/product\/yoast-seo-wordpress\/ -->\n<title>18 - 22 iunie 2025: Zilele Maghiare ale Jude\u021bului Alba, \u00een curtea Colegiului Bethlen Gabor din Aiud - Revista Urbea Mea - Revista de Alba<\/title>\n<meta name=\"description\" content=\"\u00centre 18 \u0219i 22 iunie 2025, jude\u021bul Alba va g\u0103zdui una dintre cele mai frumoase s\u0103rb\u0103tori dedicate comunit\u0103\u021bii maghiare din zon\u0103: \ud835\udc19\ud835\udc22\ud835\udc25\ud835\udc1e\ud835\udc25\ud835\udc1e \ud835\udc0c\ud835\udc1a\ud835\udc20\ud835\udc21\ud835\udc22\ud835\udc1a\ud835\udc2b\ud835\udc1e \ud835\udc1a\ud835\udc25\ud835\udc1e\" \/>\n<meta name=\"robots\" content=\"index, follow, max-snippet:-1, max-image-preview:large, max-video-preview:-1\" \/>\n<link rel=\"canonical\" href=\"https:\/\/urbeamea.ro\/albaiulia\/18-22-iunie-2025-zilele-maghiare-ale-judetului-alba-in-curtea-colegiului-bethlen-gabor-din-aiud\/\" \/>\n<meta name=\"twitter:card\" content=\"summary_large_image\" \/>\n<meta name=\"twitter:title\" content=\"18 - 22 iunie 2025: Zilele Maghiare ale Jude\u021bului Alba, \u00een curtea Colegiului Bethlen Gabor din Aiud - Revista Urbea Mea - Revista de Alba\" \/>\n<meta name=\"twitter:description\" content=\"\u00centre 18 \u0219i 22 iunie 2025, jude\u021bul Alba va g\u0103zdui una dintre cele mai frumoase s\u0103rb\u0103tori dedicate comunit\u0103\u021bii maghiare din zon\u0103: \ud835\udc19\ud835\udc22\ud835\udc25\ud835\udc1e\ud835\udc25\ud835\udc1e \ud835\udc0c\ud835\udc1a\ud835\udc20\ud835\udc21\ud835\udc22\ud835\udc1a\ud835\udc2b\ud835\udc1e \ud835\udc1a\ud835\udc25\ud835\udc1e\" \/>\n<meta name=\"twitter:image\" content=\"https:\/\/urbeamea.ro\/albaiulia\/wp-content\/uploads\/2025\/06\/1000040679.jpg\" \/>\n<meta name=\"twitter:creator\" content=\"@urbeameaweb\" \/>\n<meta name=\"twitter:site\" content=\"@urbeameaweb\" \/>\n<script type=\"application\/ld+json\" class=\"yoast-schema-graph\">{\"@context\":\"https:\\\/\\\/schema.org\",\"@graph\":[{\"@type\":\"Article\",\"@id\":\"https:\\\/\\\/urbeamea.ro\\\/albaiulia\\\/18-22-iunie-2025-zilele-maghiare-ale-judetului-alba-in-curtea-colegiului-bethlen-gabor-din-aiud\\\/#article\",\"isPartOf\":{\"@id\":\"https:\\\/\\\/urbeamea.ro\\\/albaiulia\\\/18-22-iunie-2025-zilele-maghiare-ale-judetului-alba-in-curtea-colegiului-bethlen-gabor-din-aiud\\\/\"},\"author\":{\"name\":\"Giurca Sorin\",\"@id\":\"https:\\\/\\\/urbeamea.ro\\\/albaiulia\\\/#\\\/schema\\\/person\\\/5db3854ac38c1cc9f0ab4092d6a20f02\"},\"headline\":\"18 &#8211; 22 iunie 2025: Zilele Maghiare ale Jude\u021bului Alba, \u00een curtea Colegiului Bethlen Gabor din Aiud\",\"datePublished\":\"2025-06-18T05:42:39+00:00\",\"dateModified\":\"2025-06-18T05:42:41+00:00\",\"mainEntityOfPage\":{\"@id\":\"https:\\\/\\\/urbeamea.ro\\\/albaiulia\\\/18-22-iunie-2025-zilele-maghiare-ale-judetului-alba-in-curtea-colegiului-bethlen-gabor-din-aiud\\\/\"},\"wordCount\":249,\"commentCount\":0,\"image\":{\"@id\":\"https:\\\/\\\/urbeamea.ro\\\/albaiulia\\\/18-22-iunie-2025-zilele-maghiare-ale-judetului-alba-in-curtea-colegiului-bethlen-gabor-din-aiud\\\/#primaryimage\"},\"thumbnailUrl\":\"https:\\\/\\\/urbeamea.ro\\\/albaiulia\\\/wp-content\\\/uploads\\\/2025\\\/06\\\/1000040679.jpg\",\"keywords\":[\"Zilele Maghiare ale Jude\u021bului Alba\"],\"articleSection\":[\"Cultur\u0103\",\"Evenimente\",\"Social\",\"\u015etiri Urbane\",\"Urbea Mea\"],\"inLanguage\":\"ro-RO\",\"potentialAction\":[{\"@type\":\"CommentAction\",\"name\":\"Comment\",\"target\":[\"https:\\\/\\\/urbeamea.ro\\\/albaiulia\\\/18-22-iunie-2025-zilele-maghiare-ale-judetului-alba-in-curtea-colegiului-bethlen-gabor-din-aiud\\\/#respond\"]}]},{\"@type\":\"WebPage\",\"@id\":\"https:\\\/\\\/urbeamea.ro\\\/albaiulia\\\/18-22-iunie-2025-zilele-maghiare-ale-judetului-alba-in-curtea-colegiului-bethlen-gabor-din-aiud\\\/\",\"url\":\"https:\\\/\\\/urbeamea.ro\\\/albaiulia\\\/18-22-iunie-2025-zilele-maghiare-ale-judetului-alba-in-curtea-colegiului-bethlen-gabor-din-aiud\\\/\",\"name\":\"18 - 22 iunie 2025: Zilele Maghiare ale Jude\u021bului Alba, \u00een curtea Colegiului Bethlen Gabor din Aiud - Revista Urbea Mea - Revista de Alba\",\"isPartOf\":{\"@id\":\"https:\\\/\\\/urbeamea.ro\\\/albaiulia\\\/#website\"},\"primaryImageOfPage\":{\"@id\":\"https:\\\/\\\/urbeamea.ro\\\/albaiulia\\\/18-22-iunie-2025-zilele-maghiare-ale-judetului-alba-in-curtea-colegiului-bethlen-gabor-din-aiud\\\/#primaryimage\"},\"image\":{\"@id\":\"https:\\\/\\\/urbeamea.ro\\\/albaiulia\\\/18-22-iunie-2025-zilele-maghiare-ale-judetului-alba-in-curtea-colegiului-bethlen-gabor-din-aiud\\\/#primaryimage\"},\"thumbnailUrl\":\"https:\\\/\\\/urbeamea.ro\\\/albaiulia\\\/wp-content\\\/uploads\\\/2025\\\/06\\\/1000040679.jpg\",\"datePublished\":\"2025-06-18T05:42:39+00:00\",\"dateModified\":\"2025-06-18T05:42:41+00:00\",\"author\":{\"@id\":\"https:\\\/\\\/urbeamea.ro\\\/albaiulia\\\/#\\\/schema\\\/person\\\/5db3854ac38c1cc9f0ab4092d6a20f02\"},\"description\":\"\u00centre 18 \u0219i 22 iunie 2025, jude\u021bul Alba va g\u0103zdui una dintre cele mai frumoase s\u0103rb\u0103tori dedicate comunit\u0103\u021bii maghiare din zon\u0103: \ud835\udc19\ud835\udc22\ud835\udc25\ud835\udc1e\ud835\udc25\ud835\udc1e \ud835\udc0c\ud835\udc1a\ud835\udc20\ud835\udc21\ud835\udc22\ud835\udc1a\ud835\udc2b\ud835\udc1e \ud835\udc1a\ud835\udc25\ud835\udc1e\",\"breadcrumb\":{\"@id\":\"https:\\\/\\\/urbeamea.ro\\\/albaiulia\\\/18-22-iunie-2025-zilele-maghiare-ale-judetului-alba-in-curtea-colegiului-bethlen-gabor-din-aiud\\\/#breadcrumb\"},\"inLanguage\":\"ro-RO\",\"potentialAction\":[{\"@type\":\"ReadAction\",\"target\":[\"https:\\\/\\\/urbeamea.ro\\\/albaiulia\\\/18-22-iunie-2025-zilele-maghiare-ale-judetului-alba-in-curtea-colegiului-bethlen-gabor-din-aiud\\\/\"]}]},{\"@type\":\"ImageObject\",\"inLanguage\":\"ro-RO\",\"@id\":\"https:\\\/\\\/urbeamea.ro\\\/albaiulia\\\/18-22-iunie-2025-zilele-maghiare-ale-judetului-alba-in-curtea-colegiului-bethlen-gabor-din-aiud\\\/#primaryimage\",\"url\":\"https:\\\/\\\/urbeamea.ro\\\/albaiulia\\\/wp-content\\\/uploads\\\/2025\\\/06\\\/1000040679.jpg\",\"contentUrl\":\"https:\\\/\\\/urbeamea.ro\\\/albaiulia\\\/wp-content\\\/uploads\\\/2025\\\/06\\\/1000040679.jpg\",\"width\":1062,\"height\":1414},{\"@type\":\"BreadcrumbList\",\"@id\":\"https:\\\/\\\/urbeamea.ro\\\/albaiulia\\\/18-22-iunie-2025-zilele-maghiare-ale-judetului-alba-in-curtea-colegiului-bethlen-gabor-din-aiud\\\/#breadcrumb\",\"itemListElement\":[{\"@type\":\"ListItem\",\"position\":1,\"name\":\"Prima pagin\u0103\",\"item\":\"https:\\\/\\\/urbeamea.ro\\\/albaiulia\\\/\"},{\"@type\":\"ListItem\",\"position\":2,\"name\":\"18 &#8211; 22 iunie 2025: Zilele Maghiare ale Jude\u021bului Alba, \u00een curtea Colegiului Bethlen Gabor din Aiud\"}]},{\"@type\":\"WebSite\",\"@id\":\"https:\\\/\\\/urbeamea.ro\\\/albaiulia\\\/#website\",\"url\":\"https:\\\/\\\/urbeamea.ro\\\/albaiulia\\\/\",\"name\":\"Revista Urbea Mea, Stiri urbane\",\"description\":\"Evenimente \u0219i \u0219tiri din Alba Iulia, Sebe\u0219, Aiud, Blaj\",\"potentialAction\":[{\"@type\":\"SearchAction\",\"target\":{\"@type\":\"EntryPoint\",\"urlTemplate\":\"https:\\\/\\\/urbeamea.ro\\\/albaiulia\\\/?s={search_term_string}\"},\"query-input\":{\"@type\":\"PropertyValueSpecification\",\"valueRequired\":true,\"valueName\":\"search_term_string\"}}],\"inLanguage\":\"ro-RO\"},{\"@type\":\"Person\",\"@id\":\"https:\\\/\\\/urbeamea.ro\\\/albaiulia\\\/#\\\/schema\\\/person\\\/5db3854ac38c1cc9f0ab4092d6a20f02\",\"name\":\"Giurca Sorin\",\"image\":{\"@type\":\"ImageObject\",\"inLanguage\":\"ro-RO\",\"@id\":\"https:\\\/\\\/secure.gravatar.com\\\/avatar\\\/120f6fcae7b3b47a7730cb9943f612f4909f68ac5284b5f40ac1c4615fd70576?s=96&d=mm&r=g\",\"url\":\"https:\\\/\\\/secure.gravatar.com\\\/avatar\\\/120f6fcae7b3b47a7730cb9943f612f4909f68ac5284b5f40ac1c4615fd70576?s=96&d=mm&r=g\",\"contentUrl\":\"https:\\\/\\\/secure.gravatar.com\\\/avatar\\\/120f6fcae7b3b47a7730cb9943f612f4909f68ac5284b5f40ac1c4615fd70576?s=96&d=mm&r=g\",\"caption\":\"Giurca Sorin\"},\"url\":\"https:\\\/\\\/urbeamea.ro\\\/albaiulia\\\/author\\\/sorin\\\/\"}]}<\/script>\n<!-- \/ Yoast SEO plugin. -->","yoast_head_json":{"title":"18 - 22 iunie 2025: Zilele Maghiare ale Jude\u021bului Alba, \u00een curtea Colegiului Bethlen Gabor din Aiud - Revista Urbea Mea - Revista de Alba","description":"\u00centre 18 \u0219i 22 iunie 2025, jude\u021bul Alba va g\u0103zdui una dintre cele mai frumoase s\u0103rb\u0103tori dedicate comunit\u0103\u021bii maghiare din zon\u0103: \ud835\udc19\ud835\udc22\ud835\udc25\ud835\udc1e\ud835\udc25\ud835\udc1e \ud835\udc0c\ud835\udc1a\ud835\udc20\ud835\udc21\ud835\udc22\ud835\udc1a\ud835\udc2b\ud835\udc1e \ud835\udc1a\ud835\udc25\ud835\udc1e","robots":{"index":"index","follow":"follow","max-snippet":"max-snippet:-1","max-image-preview":"max-image-preview:large","max-video-preview":"max-video-preview:-1"},"canonical":"https:\/\/urbeamea.ro\/albaiulia\/18-22-iunie-2025-zilele-maghiare-ale-judetului-alba-in-curtea-colegiului-bethlen-gabor-din-aiud\/","twitter_card":"summary_large_image","twitter_title":"18 - 22 iunie 2025: Zilele Maghiare ale Jude\u021bului Alba, \u00een curtea Colegiului Bethlen Gabor din Aiud - Revista Urbea Mea - Revista de Alba","twitter_description":"\u00centre 18 \u0219i 22 iunie 2025, jude\u021bul Alba va g\u0103zdui una dintre cele mai frumoase s\u0103rb\u0103tori dedicate comunit\u0103\u021bii maghiare din zon\u0103: \ud835\udc19\ud835\udc22\ud835\udc25\ud835\udc1e\ud835\udc25\ud835\udc1e \ud835\udc0c\ud835\udc1a\ud835\udc20\ud835\udc21\ud835\udc22\ud835\udc1a\ud835\udc2b\ud835\udc1e \ud835\udc1a\ud835\udc25\ud835\udc1e","twitter_image":"https:\/\/urbeamea.ro\/albaiulia\/wp-content\/uploads\/2025\/06\/1000040679.jpg","twitter_creator":"@urbeameaweb","twitter_site":"@urbeameaweb","schema":{"@context":"https:\/\/schema.org","@graph":[{"@type":"Article","@id":"https:\/\/urbeamea.ro\/albaiulia\/18-22-iunie-2025-zilele-maghiare-ale-judetului-alba-in-curtea-colegiului-bethlen-gabor-din-aiud\/#article","isPartOf":{"@id":"https:\/\/urbeamea.ro\/albaiulia\/18-22-iunie-2025-zilele-maghiare-ale-judetului-alba-in-curtea-colegiului-bethlen-gabor-din-aiud\/"},"author":{"name":"Giurca Sorin","@id":"https:\/\/urbeamea.ro\/albaiulia\/#\/schema\/person\/5db3854ac38c1cc9f0ab4092d6a20f02"},"headline":"18 &#8211; 22 iunie 2025: Zilele Maghiare ale Jude\u021bului Alba, \u00een curtea Colegiului Bethlen Gabor din Aiud","datePublished":"2025-06-18T05:42:39+00:00","dateModified":"2025-06-18T05:42:41+00:00","mainEntityOfPage":{"@id":"https:\/\/urbeamea.ro\/albaiulia\/18-22-iunie-2025-zilele-maghiare-ale-judetului-alba-in-curtea-colegiului-bethlen-gabor-din-aiud\/"},"wordCount":249,"commentCount":0,"image":{"@id":"https:\/\/urbeamea.ro\/albaiulia\/18-22-iunie-2025-zilele-maghiare-ale-judetului-alba-in-curtea-colegiului-bethlen-gabor-din-aiud\/#primaryimage"},"thumbnailUrl":"https:\/\/urbeamea.ro\/albaiulia\/wp-content\/uploads\/2025\/06\/1000040679.jpg","keywords":["Zilele Maghiare ale Jude\u021bului Alba"],"articleSection":["Cultur\u0103","Evenimente","Social","\u015etiri Urbane","Urbea Mea"],"inLanguage":"ro-RO","potentialAction":[{"@type":"CommentAction","name":"Comment","target":["https:\/\/urbeamea.ro\/albaiulia\/18-22-iunie-2025-zilele-maghiare-ale-judetului-alba-in-curtea-colegiului-bethlen-gabor-din-aiud\/#respond"]}]},{"@type":"WebPage","@id":"https:\/\/urbeamea.ro\/albaiulia\/18-22-iunie-2025-zilele-maghiare-ale-judetului-alba-in-curtea-colegiului-bethlen-gabor-din-aiud\/","url":"https:\/\/urbeamea.ro\/albaiulia\/18-22-iunie-2025-zilele-maghiare-ale-judetului-alba-in-curtea-colegiului-bethlen-gabor-din-aiud\/","name":"18 - 22 iunie 2025: Zilele Maghiare ale Jude\u021bului Alba, \u00een curtea Colegiului Bethlen Gabor din Aiud - Revista Urbea Mea - Revista de Alba","isPartOf":{"@id":"https:\/\/urbeamea.ro\/albaiulia\/#website"},"primaryImageOfPage":{"@id":"https:\/\/urbeamea.ro\/albaiulia\/18-22-iunie-2025-zilele-maghiare-ale-judetului-alba-in-curtea-colegiului-bethlen-gabor-din-aiud\/#primaryimage"},"image":{"@id":"https:\/\/urbeamea.ro\/albaiulia\/18-22-iunie-2025-zilele-maghiare-ale-judetului-alba-in-curtea-colegiului-bethlen-gabor-din-aiud\/#primaryimage"},"thumbnailUrl":"https:\/\/urbeamea.ro\/albaiulia\/wp-content\/uploads\/2025\/06\/1000040679.jpg","datePublished":"2025-06-18T05:42:39+00:00","dateModified":"2025-06-18T05:42:41+00:00","author":{"@id":"https:\/\/urbeamea.ro\/albaiulia\/#\/schema\/person\/5db3854ac38c1cc9f0ab4092d6a20f02"},"description":"\u00centre 18 \u0219i 22 iunie 2025, jude\u021bul Alba va g\u0103zdui una dintre cele mai frumoase s\u0103rb\u0103tori dedicate comunit\u0103\u021bii maghiare din zon\u0103: \ud835\udc19\ud835\udc22\ud835\udc25\ud835\udc1e\ud835\udc25\ud835\udc1e \ud835\udc0c\ud835\udc1a\ud835\udc20\ud835\udc21\ud835\udc22\ud835\udc1a\ud835\udc2b\ud835\udc1e \ud835\udc1a\ud835\udc25\ud835\udc1e","breadcrumb":{"@id":"https:\/\/urbeamea.ro\/albaiulia\/18-22-iunie-2025-zilele-maghiare-ale-judetului-alba-in-curtea-colegiului-bethlen-gabor-din-aiud\/#breadcrumb"},"inLanguage":"ro-RO","potentialAction":[{"@type":"ReadAction","target":["https:\/\/urbeamea.ro\/albaiulia\/18-22-iunie-2025-zilele-maghiare-ale-judetului-alba-in-curtea-colegiului-bethlen-gabor-din-aiud\/"]}]},{"@type":"ImageObject","inLanguage":"ro-RO","@id":"https:\/\/urbeamea.ro\/albaiulia\/18-22-iunie-2025-zilele-maghiare-ale-judetului-alba-in-curtea-colegiului-bethlen-gabor-din-aiud\/#primaryimage","url":"https:\/\/urbeamea.ro\/albaiulia\/wp-content\/uploads\/2025\/06\/1000040679.jpg","contentUrl":"https:\/\/urbeamea.ro\/albaiulia\/wp-content\/uploads\/2025\/06\/1000040679.jpg","width":1062,"height":1414},{"@type":"BreadcrumbList","@id":"https:\/\/urbeamea.ro\/albaiulia\/18-22-iunie-2025-zilele-maghiare-ale-judetului-alba-in-curtea-colegiului-bethlen-gabor-din-aiud\/#breadcrumb","itemListElement":[{"@type":"ListItem","position":1,"name":"Prima pagin\u0103","item":"https:\/\/urbeamea.ro\/albaiulia\/"},{"@type":"ListItem","position":2,"name":"18 &#8211; 22 iunie 2025: Zilele Maghiare ale Jude\u021bului Alba, \u00een curtea Colegiului Bethlen Gabor din Aiud"}]},{"@type":"WebSite","@id":"https:\/\/urbeamea.ro\/albaiulia\/#website","url":"https:\/\/urbeamea.ro\/albaiulia\/","name":"Revista Urbea Mea, Stiri urbane","description":"Evenimente \u0219i \u0219tiri din Alba Iulia, Sebe\u0219, Aiud, Blaj","potentialAction":[{"@type":"SearchAction","target":{"@type":"EntryPoint","urlTemplate":"https:\/\/urbeamea.ro\/albaiulia\/?s={search_term_string}"},"query-input":{"@type":"PropertyValueSpecification","valueRequired":true,"valueName":"search_term_string"}}],"inLanguage":"ro-RO"},{"@type":"Person","@id":"https:\/\/urbeamea.ro\/albaiulia\/#\/schema\/person\/5db3854ac38c1cc9f0ab4092d6a20f02","name":"Giurca Sorin","image":{"@type":"ImageObject","inLanguage":"ro-RO","@id":"https:\/\/secure.gravatar.com\/avatar\/120f6fcae7b3b47a7730cb9943f612f4909f68ac5284b5f40ac1c4615fd70576?s=96&d=mm&r=g","url":"https:\/\/secure.gravatar.com\/avatar\/120f6fcae7b3b47a7730cb9943f612f4909f68ac5284b5f40ac1c4615fd70576?s=96&d=mm&r=g","contentUrl":"https:\/\/secure.gravatar.com\/avatar\/120f6fcae7b3b47a7730cb9943f612f4909f68ac5284b5f40ac1c4615fd70576?s=96&d=mm&r=g","caption":"Giurca Sorin"},"url":"https:\/\/urbeamea.ro\/albaiulia\/author\/sorin\/"}]}},"_links":{"self":[{"href":"https:\/\/urbeamea.ro\/albaiulia\/wp-json\/wp\/v2\/posts\/118229","targetHints":{"allow":["GET"]}}],"collection":[{"href":"https:\/\/urbeamea.ro\/albaiulia\/wp-json\/wp\/v2\/posts"}],"about":[{"href":"https:\/\/urbeamea.ro\/albaiulia\/wp-json\/wp\/v2\/types\/post"}],"author":[{"embeddable":true,"href":"https:\/\/urbeamea.ro\/albaiulia\/wp-json\/wp\/v2\/users\/28"}],"replies":[{"embeddable":true,"href":"https:\/\/urbeamea.ro\/albaiulia\/wp-json\/wp\/v2\/comments?post=118229"}],"version-history":[{"count":1,"href":"https:\/\/urbeamea.ro\/albaiulia\/wp-json\/wp\/v2\/posts\/118229\/revisions"}],"predecessor-version":[{"id":118231,"href":"https:\/\/urbeamea.ro\/albaiulia\/wp-json\/wp\/v2\/posts\/118229\/revisions\/118231"}],"wp:featuredmedia":[{"embeddable":true,"href":"https:\/\/urbeamea.ro\/albaiulia\/wp-json\/wp\/v2\/media\/118230"}],"wp:attachment":[{"href":"https:\/\/urbeamea.ro\/albaiulia\/wp-json\/wp\/v2\/media?parent=118229"}],"wp:term":[{"taxonomy":"category","embeddable":true,"href":"https:\/\/urbeamea.ro\/albaiulia\/wp-json\/wp\/v2\/categories?post=118229"},{"taxonomy":"post_tag","embeddable":true,"href":"https:\/\/urbeamea.ro\/albaiulia\/wp-json\/wp\/v2\/tags?post=118229"}],"curies":[{"name":"wp","href":"https:\/\/api.w.org\/{rel}","templated":true}]}}