{"id":118285,"date":"2025-06-22T08:29:20","date_gmt":"2025-06-22T05:29:20","guid":{"rendered":"https:\/\/urbeamea.ro\/albaiulia\/?p=118285"},"modified":"2025-06-22T08:29:22","modified_gmt":"2025-06-22T05:29:22","slug":"duminica-ora-12-reprezentatie-garda-cetatii-alba-carolina","status":"publish","type":"post","link":"https:\/\/urbeamea.ro\/albaiulia\/duminica-ora-12-reprezentatie-garda-cetatii-alba-carolina\/","title":{"rendered":"Duminic\u0103, ora 12: Reprezenta\u021bie Garda Cet\u0103\u021bii Alba Carolina"},"content":{"rendered":"\n<p><strong>Duminic\u0103, cu \u00eencepere de la ora 12:00, Garda Cet\u0103\u021bii din Alba, va sus\u021bine o nou\u0103 reprezenta\u021bie \u00een fa\u021ba por\u021bii a IV-a a Cet\u0103\u021bii Alba Carolina.<\/strong><\/p>\n\n\n\n<p>Garda Cet\u0103\u021bii Alba Carolina a intrat \u00eentr-un proces de rebranduire, fiind realizate costume noi de epoc\u0103, replici de arme si steaguri specifice secolului al- XVIII-lea.<\/p>\n\n\n\n<p>&#8222;Dup\u0103 un amplu proces de reconstituire, prima apari\u021bie a G\u0103rzii Cet\u0103\u021bii Alba Carolina a avut loc vineri, 20 iunie 2025, \u00eentr-un format restr\u00e2ns, f\u0103r\u0103 cai, dar cu acelea\u0219i solemnitate \u0219i angajament fa\u021b\u0103 de identitatea istoric\u0103 a Cet\u0103\u021bii Alba Carolina.<\/p>\n\n\n\n<p>V\u0103 invit\u0103m s\u0103 fi\u021bi al\u0103turi de noi pentru a marca un nou \u00eenceput, sub semnul respectului fa\u021b\u0103 de istorie \u0219i patrimoniu.<\/p>\n\n\n\n<p>V\u0103 pute\u021bi \u00eent\u00e2lni cu Garda Cet\u0103\u021bii s\u00e2mb\u0103t\u0103, 21 iunie 2025, la ora 20:00, \u0219i duminic\u0103, 22 iunie 2025, la ora 12:00.<\/p>\n\n\n\n<p>R\u0103m\u00e2ne\u021bi pe frecven\u021b\u0103 pentru c\u0103 urmeaz\u0103 s\u0103 anun\u021b\u0103m programul complet al reprezenta\u021biilor\u201d, au transmis reprezentan\u021bii Centrului Cultural Palatul Principilor, prin intermediul paginii de socializare.<\/p>\n\n\n\n<figure class=\"wp-block-gallery has-nested-images columns-default is-cropped wp-block-gallery-1 is-layout-flex wp-block-gallery-is-layout-flex\">\n<figure class=\"wp-block-image size-large\"><img loading=\"lazy\" decoding=\"async\" width=\"1280\" height=\"720\" data-id=\"118286\" src=\"https:\/\/urbeamea.ro\/albaiulia\/wp-content\/uploads\/2025\/06\/1000040908-1280x720.jpg\" alt=\"\" class=\"wp-image-118286\" srcset=\"https:\/\/urbeamea.ro\/albaiulia\/wp-content\/uploads\/2025\/06\/1000040908-1280x720.jpg 1280w, https:\/\/urbeamea.ro\/albaiulia\/wp-content\/uploads\/2025\/06\/1000040908-640x360.jpg 640w, https:\/\/urbeamea.ro\/albaiulia\/wp-content\/uploads\/2025\/06\/1000040908-150x84.jpg 150w, https:\/\/urbeamea.ro\/albaiulia\/wp-content\/uploads\/2025\/06\/1000040908-768x432.jpg 768w, https:\/\/urbeamea.ro\/albaiulia\/wp-content\/uploads\/2025\/06\/1000040908-1536x864.jpg 1536w, https:\/\/urbeamea.ro\/albaiulia\/wp-content\/uploads\/2025\/06\/1000040908-390x220.jpg 390w, https:\/\/urbeamea.ro\/albaiulia\/wp-content\/uploads\/2025\/06\/1000040908.jpg 1600w\" sizes=\"auto, (max-width: 1280px) 100vw, 1280px\" \/><\/figure>\n\n\n\n<figure class=\"wp-block-image size-large\"><img loading=\"lazy\" decoding=\"async\" width=\"1280\" height=\"720\" data-id=\"118288\" src=\"https:\/\/urbeamea.ro\/albaiulia\/wp-content\/uploads\/2025\/06\/1000040911-1280x720.jpg\" alt=\"\" class=\"wp-image-118288\" srcset=\"https:\/\/urbeamea.ro\/albaiulia\/wp-content\/uploads\/2025\/06\/1000040911-1280x720.jpg 1280w, https:\/\/urbeamea.ro\/albaiulia\/wp-content\/uploads\/2025\/06\/1000040911-640x360.jpg 640w, https:\/\/urbeamea.ro\/albaiulia\/wp-content\/uploads\/2025\/06\/1000040911-150x84.jpg 150w, https:\/\/urbeamea.ro\/albaiulia\/wp-content\/uploads\/2025\/06\/1000040911-768x432.jpg 768w, https:\/\/urbeamea.ro\/albaiulia\/wp-content\/uploads\/2025\/06\/1000040911-1536x864.jpg 1536w, https:\/\/urbeamea.ro\/albaiulia\/wp-content\/uploads\/2025\/06\/1000040911-390x220.jpg 390w, https:\/\/urbeamea.ro\/albaiulia\/wp-content\/uploads\/2025\/06\/1000040911.jpg 2048w\" sizes=\"auto, (max-width: 1280px) 100vw, 1280px\" \/><\/figure>\n\n\n\n<figure class=\"wp-block-image size-large\"><img loading=\"lazy\" decoding=\"async\" width=\"1280\" height=\"720\" data-id=\"118289\" src=\"https:\/\/urbeamea.ro\/albaiulia\/wp-content\/uploads\/2025\/06\/1000040910-1280x720.jpg\" alt=\"\" class=\"wp-image-118289\" srcset=\"https:\/\/urbeamea.ro\/albaiulia\/wp-content\/uploads\/2025\/06\/1000040910-1280x720.jpg 1280w, https:\/\/urbeamea.ro\/albaiulia\/wp-content\/uploads\/2025\/06\/1000040910-640x360.jpg 640w, https:\/\/urbeamea.ro\/albaiulia\/wp-content\/uploads\/2025\/06\/1000040910-150x84.jpg 150w, https:\/\/urbeamea.ro\/albaiulia\/wp-content\/uploads\/2025\/06\/1000040910-768x432.jpg 768w, https:\/\/urbeamea.ro\/albaiulia\/wp-content\/uploads\/2025\/06\/1000040910-1536x864.jpg 1536w, https:\/\/urbeamea.ro\/albaiulia\/wp-content\/uploads\/2025\/06\/1000040910-390x220.jpg 390w, https:\/\/urbeamea.ro\/albaiulia\/wp-content\/uploads\/2025\/06\/1000040910.jpg 1600w\" sizes=\"auto, (max-width: 1280px) 100vw, 1280px\" \/><\/figure>\n\n\n\n<figure class=\"wp-block-image size-large\"><img loading=\"lazy\" decoding=\"async\" width=\"1280\" height=\"720\" data-id=\"118287\" src=\"https:\/\/urbeamea.ro\/albaiulia\/wp-content\/uploads\/2025\/06\/1000040909-1280x720.jpg\" alt=\"\" class=\"wp-image-118287\" srcset=\"https:\/\/urbeamea.ro\/albaiulia\/wp-content\/uploads\/2025\/06\/1000040909-1280x720.jpg 1280w, https:\/\/urbeamea.ro\/albaiulia\/wp-content\/uploads\/2025\/06\/1000040909-640x360.jpg 640w, https:\/\/urbeamea.ro\/albaiulia\/wp-content\/uploads\/2025\/06\/1000040909-150x84.jpg 150w, https:\/\/urbeamea.ro\/albaiulia\/wp-content\/uploads\/2025\/06\/1000040909-768x432.jpg 768w, https:\/\/urbeamea.ro\/albaiulia\/wp-content\/uploads\/2025\/06\/1000040909-1536x864.jpg 1536w, https:\/\/urbeamea.ro\/albaiulia\/wp-content\/uploads\/2025\/06\/1000040909-390x220.jpg 390w, https:\/\/urbeamea.ro\/albaiulia\/wp-content\/uploads\/2025\/06\/1000040909.jpg 1920w\" sizes=\"auto, (max-width: 1280px) 100vw, 1280px\" \/><\/figure>\n<\/figure>\n\n\n\n<p><\/p>\n\n\n\n<p><\/p>\n","protected":false},"excerpt":{"rendered":"<p>Duminic\u0103, cu \u00eencepere de la ora 12:00, Garda Cet\u0103\u021bii din Alba, va sus\u021bine o nou\u0103 reprezenta\u021bie \u00een fa\u021ba por\u021bii a IV-a a Cet\u0103\u021bii Alba Carolina. Garda Cet\u0103\u021bii Alba Carolina a intrat \u00eentr-un proces de rebranduire, fiind realizate costume noi de epoc\u0103, replici de arme si steaguri specifice secolului al- XVIII-lea. &#8222;Dup\u0103 un amplu proces de &hellip;<\/p>\n","protected":false},"author":28,"featured_media":118286,"comment_status":"open","ping_status":"open","sticky":false,"template":"","format":"standard","meta":{"inline_featured_image":false,"footnotes":""},"categories":[2038,8857,2036,2034,1,61,16344],"tags":[4466],"class_list":["post-118285","post","type-post","status-publish","format-standard","has-post-thumbnail","hentry","category-cultura","category-istorie","category-monden","category-social","category-stiri-urbane","category-turism","category-urbea-mea","tag-garda-cetatii"],"yoast_head":"<!-- This site is optimized with the Yoast SEO plugin v27.4 - https:\/\/yoast.com\/product\/yoast-seo-wordpress\/ -->\n<title>Duminic\u0103, ora 12: Reprezenta\u021bie Garda Cet\u0103\u021bii Alba Carolina - Revista Urbea Mea - Revista de Alba<\/title>\n<meta name=\"description\" content=\"Duminic\u0103, cu \u00eencepere de la ora 12:00, Garda Cet\u0103\u021bii din Alba, va sus\u021bine o nou\u0103 reprezenta\u021bie \u00een fa\u021ba por\u021bii a IV-a a Cet\u0103\u021bii Alba Carolina. Garda\" \/>\n<meta name=\"robots\" content=\"index, follow, max-snippet:-1, max-image-preview:large, max-video-preview:-1\" \/>\n<link rel=\"canonical\" href=\"https:\/\/urbeamea.ro\/albaiulia\/duminica-ora-12-reprezentatie-garda-cetatii-alba-carolina\/\" \/>\n<meta name=\"twitter:card\" content=\"summary_large_image\" \/>\n<meta name=\"twitter:title\" content=\"Duminic\u0103, ora 12: Reprezenta\u021bie Garda Cet\u0103\u021bii Alba Carolina - Revista Urbea Mea - Revista de Alba\" \/>\n<meta name=\"twitter:description\" content=\"Duminic\u0103, cu \u00eencepere de la ora 12:00, Garda Cet\u0103\u021bii din Alba, va sus\u021bine o nou\u0103 reprezenta\u021bie \u00een fa\u021ba por\u021bii a IV-a a Cet\u0103\u021bii Alba Carolina. Garda\" \/>\n<meta name=\"twitter:image\" content=\"https:\/\/urbeamea.ro\/albaiulia\/wp-content\/uploads\/2025\/06\/1000040908.jpg\" \/>\n<meta name=\"twitter:creator\" content=\"@urbeameaweb\" \/>\n<meta name=\"twitter:site\" content=\"@urbeameaweb\" \/>\n<script type=\"application\/ld+json\" class=\"yoast-schema-graph\">{\"@context\":\"https:\\\/\\\/schema.org\",\"@graph\":[{\"@type\":\"Article\",\"@id\":\"https:\\\/\\\/urbeamea.ro\\\/albaiulia\\\/duminica-ora-12-reprezentatie-garda-cetatii-alba-carolina\\\/#article\",\"isPartOf\":{\"@id\":\"https:\\\/\\\/urbeamea.ro\\\/albaiulia\\\/duminica-ora-12-reprezentatie-garda-cetatii-alba-carolina\\\/\"},\"author\":{\"name\":\"Giurca Sorin\",\"@id\":\"https:\\\/\\\/urbeamea.ro\\\/albaiulia\\\/#\\\/schema\\\/person\\\/5db3854ac38c1cc9f0ab4092d6a20f02\"},\"headline\":\"Duminic\u0103, ora 12: Reprezenta\u021bie Garda Cet\u0103\u021bii Alba Carolina\",\"datePublished\":\"2025-06-22T05:29:20+00:00\",\"dateModified\":\"2025-06-22T05:29:22+00:00\",\"mainEntityOfPage\":{\"@id\":\"https:\\\/\\\/urbeamea.ro\\\/albaiulia\\\/duminica-ora-12-reprezentatie-garda-cetatii-alba-carolina\\\/\"},\"wordCount\":183,\"commentCount\":0,\"image\":{\"@id\":\"https:\\\/\\\/urbeamea.ro\\\/albaiulia\\\/duminica-ora-12-reprezentatie-garda-cetatii-alba-carolina\\\/#primaryimage\"},\"thumbnailUrl\":\"https:\\\/\\\/urbeamea.ro\\\/albaiulia\\\/wp-content\\\/uploads\\\/2025\\\/06\\\/1000040908.jpg\",\"keywords\":[\"garda cetatii\"],\"articleSection\":[\"Cultur\u0103\",\"Istorie\",\"Monden\",\"Social\",\"\u015etiri Urbane\",\"Turism \u0219i Ghidaj turistic\",\"Urbea Mea\"],\"inLanguage\":\"ro-RO\",\"potentialAction\":[{\"@type\":\"CommentAction\",\"name\":\"Comment\",\"target\":[\"https:\\\/\\\/urbeamea.ro\\\/albaiulia\\\/duminica-ora-12-reprezentatie-garda-cetatii-alba-carolina\\\/#respond\"]}]},{\"@type\":\"WebPage\",\"@id\":\"https:\\\/\\\/urbeamea.ro\\\/albaiulia\\\/duminica-ora-12-reprezentatie-garda-cetatii-alba-carolina\\\/\",\"url\":\"https:\\\/\\\/urbeamea.ro\\\/albaiulia\\\/duminica-ora-12-reprezentatie-garda-cetatii-alba-carolina\\\/\",\"name\":\"Duminic\u0103, ora 12: Reprezenta\u021bie Garda Cet\u0103\u021bii Alba Carolina - Revista Urbea Mea - Revista de Alba\",\"isPartOf\":{\"@id\":\"https:\\\/\\\/urbeamea.ro\\\/albaiulia\\\/#website\"},\"primaryImageOfPage\":{\"@id\":\"https:\\\/\\\/urbeamea.ro\\\/albaiulia\\\/duminica-ora-12-reprezentatie-garda-cetatii-alba-carolina\\\/#primaryimage\"},\"image\":{\"@id\":\"https:\\\/\\\/urbeamea.ro\\\/albaiulia\\\/duminica-ora-12-reprezentatie-garda-cetatii-alba-carolina\\\/#primaryimage\"},\"thumbnailUrl\":\"https:\\\/\\\/urbeamea.ro\\\/albaiulia\\\/wp-content\\\/uploads\\\/2025\\\/06\\\/1000040908.jpg\",\"datePublished\":\"2025-06-22T05:29:20+00:00\",\"dateModified\":\"2025-06-22T05:29:22+00:00\",\"author\":{\"@id\":\"https:\\\/\\\/urbeamea.ro\\\/albaiulia\\\/#\\\/schema\\\/person\\\/5db3854ac38c1cc9f0ab4092d6a20f02\"},\"description\":\"Duminic\u0103, cu \u00eencepere de la ora 12:00, Garda Cet\u0103\u021bii din Alba, va sus\u021bine o nou\u0103 reprezenta\u021bie \u00een fa\u021ba por\u021bii a IV-a a Cet\u0103\u021bii Alba Carolina. Garda\",\"breadcrumb\":{\"@id\":\"https:\\\/\\\/urbeamea.ro\\\/albaiulia\\\/duminica-ora-12-reprezentatie-garda-cetatii-alba-carolina\\\/#breadcrumb\"},\"inLanguage\":\"ro-RO\",\"potentialAction\":[{\"@type\":\"ReadAction\",\"target\":[\"https:\\\/\\\/urbeamea.ro\\\/albaiulia\\\/duminica-ora-12-reprezentatie-garda-cetatii-alba-carolina\\\/\"]}]},{\"@type\":\"ImageObject\",\"inLanguage\":\"ro-RO\",\"@id\":\"https:\\\/\\\/urbeamea.ro\\\/albaiulia\\\/duminica-ora-12-reprezentatie-garda-cetatii-alba-carolina\\\/#primaryimage\",\"url\":\"https:\\\/\\\/urbeamea.ro\\\/albaiulia\\\/wp-content\\\/uploads\\\/2025\\\/06\\\/1000040908.jpg\",\"contentUrl\":\"https:\\\/\\\/urbeamea.ro\\\/albaiulia\\\/wp-content\\\/uploads\\\/2025\\\/06\\\/1000040908.jpg\",\"width\":1600,\"height\":900},{\"@type\":\"BreadcrumbList\",\"@id\":\"https:\\\/\\\/urbeamea.ro\\\/albaiulia\\\/duminica-ora-12-reprezentatie-garda-cetatii-alba-carolina\\\/#breadcrumb\",\"itemListElement\":[{\"@type\":\"ListItem\",\"position\":1,\"name\":\"Prima pagin\u0103\",\"item\":\"https:\\\/\\\/urbeamea.ro\\\/albaiulia\\\/\"},{\"@type\":\"ListItem\",\"position\":2,\"name\":\"Duminic\u0103, ora 12: Reprezenta\u021bie Garda Cet\u0103\u021bii Alba Carolina\"}]},{\"@type\":\"WebSite\",\"@id\":\"https:\\\/\\\/urbeamea.ro\\\/albaiulia\\\/#website\",\"url\":\"https:\\\/\\\/urbeamea.ro\\\/albaiulia\\\/\",\"name\":\"Revista Urbea Mea, Stiri urbane\",\"description\":\"Evenimente \u0219i \u0219tiri din Alba Iulia, Sebe\u0219, Aiud, Blaj\",\"potentialAction\":[{\"@type\":\"SearchAction\",\"target\":{\"@type\":\"EntryPoint\",\"urlTemplate\":\"https:\\\/\\\/urbeamea.ro\\\/albaiulia\\\/?s={search_term_string}\"},\"query-input\":{\"@type\":\"PropertyValueSpecification\",\"valueRequired\":true,\"valueName\":\"search_term_string\"}}],\"inLanguage\":\"ro-RO\"},{\"@type\":\"Person\",\"@id\":\"https:\\\/\\\/urbeamea.ro\\\/albaiulia\\\/#\\\/schema\\\/person\\\/5db3854ac38c1cc9f0ab4092d6a20f02\",\"name\":\"Giurca Sorin\",\"image\":{\"@type\":\"ImageObject\",\"inLanguage\":\"ro-RO\",\"@id\":\"https:\\\/\\\/secure.gravatar.com\\\/avatar\\\/120f6fcae7b3b47a7730cb9943f612f4909f68ac5284b5f40ac1c4615fd70576?s=96&d=mm&r=g\",\"url\":\"https:\\\/\\\/secure.gravatar.com\\\/avatar\\\/120f6fcae7b3b47a7730cb9943f612f4909f68ac5284b5f40ac1c4615fd70576?s=96&d=mm&r=g\",\"contentUrl\":\"https:\\\/\\\/secure.gravatar.com\\\/avatar\\\/120f6fcae7b3b47a7730cb9943f612f4909f68ac5284b5f40ac1c4615fd70576?s=96&d=mm&r=g\",\"caption\":\"Giurca Sorin\"},\"url\":\"https:\\\/\\\/urbeamea.ro\\\/albaiulia\\\/author\\\/sorin\\\/\"}]}<\/script>\n<!-- \/ Yoast SEO plugin. -->","yoast_head_json":{"title":"Duminic\u0103, ora 12: Reprezenta\u021bie Garda Cet\u0103\u021bii Alba Carolina - Revista Urbea Mea - Revista de Alba","description":"Duminic\u0103, cu \u00eencepere de la ora 12:00, Garda Cet\u0103\u021bii din Alba, va sus\u021bine o nou\u0103 reprezenta\u021bie \u00een fa\u021ba por\u021bii a IV-a a Cet\u0103\u021bii Alba Carolina. Garda","robots":{"index":"index","follow":"follow","max-snippet":"max-snippet:-1","max-image-preview":"max-image-preview:large","max-video-preview":"max-video-preview:-1"},"canonical":"https:\/\/urbeamea.ro\/albaiulia\/duminica-ora-12-reprezentatie-garda-cetatii-alba-carolina\/","twitter_card":"summary_large_image","twitter_title":"Duminic\u0103, ora 12: Reprezenta\u021bie Garda Cet\u0103\u021bii Alba Carolina - Revista Urbea Mea - Revista de Alba","twitter_description":"Duminic\u0103, cu \u00eencepere de la ora 12:00, Garda Cet\u0103\u021bii din Alba, va sus\u021bine o nou\u0103 reprezenta\u021bie \u00een fa\u021ba por\u021bii a IV-a a Cet\u0103\u021bii Alba Carolina. Garda","twitter_image":"https:\/\/urbeamea.ro\/albaiulia\/wp-content\/uploads\/2025\/06\/1000040908.jpg","twitter_creator":"@urbeameaweb","twitter_site":"@urbeameaweb","schema":{"@context":"https:\/\/schema.org","@graph":[{"@type":"Article","@id":"https:\/\/urbeamea.ro\/albaiulia\/duminica-ora-12-reprezentatie-garda-cetatii-alba-carolina\/#article","isPartOf":{"@id":"https:\/\/urbeamea.ro\/albaiulia\/duminica-ora-12-reprezentatie-garda-cetatii-alba-carolina\/"},"author":{"name":"Giurca Sorin","@id":"https:\/\/urbeamea.ro\/albaiulia\/#\/schema\/person\/5db3854ac38c1cc9f0ab4092d6a20f02"},"headline":"Duminic\u0103, ora 12: Reprezenta\u021bie Garda Cet\u0103\u021bii Alba Carolina","datePublished":"2025-06-22T05:29:20+00:00","dateModified":"2025-06-22T05:29:22+00:00","mainEntityOfPage":{"@id":"https:\/\/urbeamea.ro\/albaiulia\/duminica-ora-12-reprezentatie-garda-cetatii-alba-carolina\/"},"wordCount":183,"commentCount":0,"image":{"@id":"https:\/\/urbeamea.ro\/albaiulia\/duminica-ora-12-reprezentatie-garda-cetatii-alba-carolina\/#primaryimage"},"thumbnailUrl":"https:\/\/urbeamea.ro\/albaiulia\/wp-content\/uploads\/2025\/06\/1000040908.jpg","keywords":["garda cetatii"],"articleSection":["Cultur\u0103","Istorie","Monden","Social","\u015etiri Urbane","Turism \u0219i Ghidaj turistic","Urbea Mea"],"inLanguage":"ro-RO","potentialAction":[{"@type":"CommentAction","name":"Comment","target":["https:\/\/urbeamea.ro\/albaiulia\/duminica-ora-12-reprezentatie-garda-cetatii-alba-carolina\/#respond"]}]},{"@type":"WebPage","@id":"https:\/\/urbeamea.ro\/albaiulia\/duminica-ora-12-reprezentatie-garda-cetatii-alba-carolina\/","url":"https:\/\/urbeamea.ro\/albaiulia\/duminica-ora-12-reprezentatie-garda-cetatii-alba-carolina\/","name":"Duminic\u0103, ora 12: Reprezenta\u021bie Garda Cet\u0103\u021bii Alba Carolina - Revista Urbea Mea - Revista de Alba","isPartOf":{"@id":"https:\/\/urbeamea.ro\/albaiulia\/#website"},"primaryImageOfPage":{"@id":"https:\/\/urbeamea.ro\/albaiulia\/duminica-ora-12-reprezentatie-garda-cetatii-alba-carolina\/#primaryimage"},"image":{"@id":"https:\/\/urbeamea.ro\/albaiulia\/duminica-ora-12-reprezentatie-garda-cetatii-alba-carolina\/#primaryimage"},"thumbnailUrl":"https:\/\/urbeamea.ro\/albaiulia\/wp-content\/uploads\/2025\/06\/1000040908.jpg","datePublished":"2025-06-22T05:29:20+00:00","dateModified":"2025-06-22T05:29:22+00:00","author":{"@id":"https:\/\/urbeamea.ro\/albaiulia\/#\/schema\/person\/5db3854ac38c1cc9f0ab4092d6a20f02"},"description":"Duminic\u0103, cu \u00eencepere de la ora 12:00, Garda Cet\u0103\u021bii din Alba, va sus\u021bine o nou\u0103 reprezenta\u021bie \u00een fa\u021ba por\u021bii a IV-a a Cet\u0103\u021bii Alba Carolina. Garda","breadcrumb":{"@id":"https:\/\/urbeamea.ro\/albaiulia\/duminica-ora-12-reprezentatie-garda-cetatii-alba-carolina\/#breadcrumb"},"inLanguage":"ro-RO","potentialAction":[{"@type":"ReadAction","target":["https:\/\/urbeamea.ro\/albaiulia\/duminica-ora-12-reprezentatie-garda-cetatii-alba-carolina\/"]}]},{"@type":"ImageObject","inLanguage":"ro-RO","@id":"https:\/\/urbeamea.ro\/albaiulia\/duminica-ora-12-reprezentatie-garda-cetatii-alba-carolina\/#primaryimage","url":"https:\/\/urbeamea.ro\/albaiulia\/wp-content\/uploads\/2025\/06\/1000040908.jpg","contentUrl":"https:\/\/urbeamea.ro\/albaiulia\/wp-content\/uploads\/2025\/06\/1000040908.jpg","width":1600,"height":900},{"@type":"BreadcrumbList","@id":"https:\/\/urbeamea.ro\/albaiulia\/duminica-ora-12-reprezentatie-garda-cetatii-alba-carolina\/#breadcrumb","itemListElement":[{"@type":"ListItem","position":1,"name":"Prima pagin\u0103","item":"https:\/\/urbeamea.ro\/albaiulia\/"},{"@type":"ListItem","position":2,"name":"Duminic\u0103, ora 12: Reprezenta\u021bie Garda Cet\u0103\u021bii Alba Carolina"}]},{"@type":"WebSite","@id":"https:\/\/urbeamea.ro\/albaiulia\/#website","url":"https:\/\/urbeamea.ro\/albaiulia\/","name":"Revista Urbea Mea, Stiri urbane","description":"Evenimente \u0219i \u0219tiri din Alba Iulia, Sebe\u0219, Aiud, Blaj","potentialAction":[{"@type":"SearchAction","target":{"@type":"EntryPoint","urlTemplate":"https:\/\/urbeamea.ro\/albaiulia\/?s={search_term_string}"},"query-input":{"@type":"PropertyValueSpecification","valueRequired":true,"valueName":"search_term_string"}}],"inLanguage":"ro-RO"},{"@type":"Person","@id":"https:\/\/urbeamea.ro\/albaiulia\/#\/schema\/person\/5db3854ac38c1cc9f0ab4092d6a20f02","name":"Giurca Sorin","image":{"@type":"ImageObject","inLanguage":"ro-RO","@id":"https:\/\/secure.gravatar.com\/avatar\/120f6fcae7b3b47a7730cb9943f612f4909f68ac5284b5f40ac1c4615fd70576?s=96&d=mm&r=g","url":"https:\/\/secure.gravatar.com\/avatar\/120f6fcae7b3b47a7730cb9943f612f4909f68ac5284b5f40ac1c4615fd70576?s=96&d=mm&r=g","contentUrl":"https:\/\/secure.gravatar.com\/avatar\/120f6fcae7b3b47a7730cb9943f612f4909f68ac5284b5f40ac1c4615fd70576?s=96&d=mm&r=g","caption":"Giurca Sorin"},"url":"https:\/\/urbeamea.ro\/albaiulia\/author\/sorin\/"}]}},"_links":{"self":[{"href":"https:\/\/urbeamea.ro\/albaiulia\/wp-json\/wp\/v2\/posts\/118285","targetHints":{"allow":["GET"]}}],"collection":[{"href":"https:\/\/urbeamea.ro\/albaiulia\/wp-json\/wp\/v2\/posts"}],"about":[{"href":"https:\/\/urbeamea.ro\/albaiulia\/wp-json\/wp\/v2\/types\/post"}],"author":[{"embeddable":true,"href":"https:\/\/urbeamea.ro\/albaiulia\/wp-json\/wp\/v2\/users\/28"}],"replies":[{"embeddable":true,"href":"https:\/\/urbeamea.ro\/albaiulia\/wp-json\/wp\/v2\/comments?post=118285"}],"version-history":[{"count":1,"href":"https:\/\/urbeamea.ro\/albaiulia\/wp-json\/wp\/v2\/posts\/118285\/revisions"}],"predecessor-version":[{"id":118290,"href":"https:\/\/urbeamea.ro\/albaiulia\/wp-json\/wp\/v2\/posts\/118285\/revisions\/118290"}],"wp:featuredmedia":[{"embeddable":true,"href":"https:\/\/urbeamea.ro\/albaiulia\/wp-json\/wp\/v2\/media\/118286"}],"wp:attachment":[{"href":"https:\/\/urbeamea.ro\/albaiulia\/wp-json\/wp\/v2\/media?parent=118285"}],"wp:term":[{"taxonomy":"category","embeddable":true,"href":"https:\/\/urbeamea.ro\/albaiulia\/wp-json\/wp\/v2\/categories?post=118285"},{"taxonomy":"post_tag","embeddable":true,"href":"https:\/\/urbeamea.ro\/albaiulia\/wp-json\/wp\/v2\/tags?post=118285"}],"curies":[{"name":"wp","href":"https:\/\/api.w.org\/{rel}","templated":true}]}}