{"id":118322,"date":"2025-06-23T21:51:29","date_gmt":"2025-06-23T18:51:29","guid":{"rendered":"https:\/\/urbeamea.ro\/albaiulia\/?p=118322"},"modified":"2025-06-23T21:51:31","modified_gmt":"2025-06-23T18:51:31","slug":"strada-humulesti-din-alba-iulia-va-fi-modernizata","status":"publish","type":"post","link":"https:\/\/urbeamea.ro\/albaiulia\/strada-humulesti-din-alba-iulia-va-fi-modernizata\/","title":{"rendered":"Strada Humule\u0219ti din Alba Iulia va fi modernizat\u0103"},"content":{"rendered":"\n<p><strong>Strada Humule\u0219ti din municipiul Alba Iulia va fi modernizat\u0103 \u00een urm\u0103toarele luni.<\/strong><\/p>\n\n\n\n<p>Contractul de modernizare a fost semnat luni, de c\u0103tre primarul municipiului Alba Iulia, Gabriel Ple\u0219a \u0219i firma care va executa lucrarea.<\/p>\n\n\n\n<p>&#8222;Am semnat ast\u0103zi contractul pentru modernizarea str\u0103zii Humule\u0219ti din municipiul Alba Iulia, prin realizarea carosabilului cu \u00eembr\u0103c\u0103minte asfaltic\u0103, amenajarea dispozitivelor de scurgere a apelor pluviale, a canalelor tehnice pentru curen\u021bi slabi \u0219i realizarea de marcaje \u0219i indicatoare rutiere. <\/p>\n\n\n\n<p>Lucr\u0103rile vizeaz\u0103 o suprafa\u021b\u0103 total\u0103 a p\u0103r\u021bii carosabile de 1490 mp, pe o lungime de cca. 300 m.<\/p>\n\n\n\n<p>\u00cen urma derul\u0103rii procedurii legale de achizi\u021bie, contractul a fost semnat cu asocierea Urs Construct Alba &#8211; One Cad Studio Stej\u0103ri\u0219 Mure\u0219, prin lider de asociere Urs Construct Alba, valoarea acestuia fiind de 842.386 lei inclusiv TVA. <\/p>\n\n\n\n<p>Termenul de prestare a serviciilor \u0219i de  execu\u021bie  a lucr\u0103rilor, \u00een condi\u021bii meteo favorabile, este de 5 luni, din care dou\u0103 luni pentru proiectare \u0219i trei luni pentru execu\u021bie.<\/p>\n\n\n\n<p>Facem din Alba Iulia un loc mai bun. \u00cempreun\u0103&#8221;, a transmis Gabriel Ple\u0219a, primarul Gabriel Ple\u0219a prin intermediul paginii de socializare.<\/p>\n\n\n\n<figure class=\"wp-block-gallery has-nested-images columns-default is-cropped wp-block-gallery-1 is-layout-flex wp-block-gallery-is-layout-flex\">\n<figure class=\"wp-block-image size-large\"><img loading=\"lazy\" decoding=\"async\" width=\"1280\" height=\"592\" data-id=\"118324\" src=\"https:\/\/urbeamea.ro\/albaiulia\/wp-content\/uploads\/2025\/06\/1000041067-1280x592.jpg\" alt=\"\" class=\"wp-image-118324\" srcset=\"https:\/\/urbeamea.ro\/albaiulia\/wp-content\/uploads\/2025\/06\/1000041067-1280x592.jpg 1280w, https:\/\/urbeamea.ro\/albaiulia\/wp-content\/uploads\/2025\/06\/1000041067-640x296.jpg 640w, https:\/\/urbeamea.ro\/albaiulia\/wp-content\/uploads\/2025\/06\/1000041067-150x69.jpg 150w, https:\/\/urbeamea.ro\/albaiulia\/wp-content\/uploads\/2025\/06\/1000041067-768x355.jpg 768w, https:\/\/urbeamea.ro\/albaiulia\/wp-content\/uploads\/2025\/06\/1000041067-1536x710.jpg 1536w, https:\/\/urbeamea.ro\/albaiulia\/wp-content\/uploads\/2025\/06\/1000041067.jpg 1600w\" sizes=\"auto, (max-width: 1280px) 100vw, 1280px\" \/><\/figure>\n\n\n\n<figure class=\"wp-block-image size-large\"><img loading=\"lazy\" decoding=\"async\" width=\"1280\" height=\"722\" data-id=\"118323\" src=\"https:\/\/urbeamea.ro\/albaiulia\/wp-content\/uploads\/2025\/06\/1000041068-1280x722.jpg\" alt=\"\" class=\"wp-image-118323\" srcset=\"https:\/\/urbeamea.ro\/albaiulia\/wp-content\/uploads\/2025\/06\/1000041068-1280x722.jpg 1280w, https:\/\/urbeamea.ro\/albaiulia\/wp-content\/uploads\/2025\/06\/1000041068-640x361.jpg 640w, https:\/\/urbeamea.ro\/albaiulia\/wp-content\/uploads\/2025\/06\/1000041068-150x85.jpg 150w, https:\/\/urbeamea.ro\/albaiulia\/wp-content\/uploads\/2025\/06\/1000041068-768x433.jpg 768w, https:\/\/urbeamea.ro\/albaiulia\/wp-content\/uploads\/2025\/06\/1000041068-1536x866.jpg 1536w, https:\/\/urbeamea.ro\/albaiulia\/wp-content\/uploads\/2025\/06\/1000041068-390x220.jpg 390w, https:\/\/urbeamea.ro\/albaiulia\/wp-content\/uploads\/2025\/06\/1000041068.jpg 2048w\" sizes=\"auto, (max-width: 1280px) 100vw, 1280px\" \/><\/figure>\n\n\n\n<figure class=\"wp-block-image size-large\"><img loading=\"lazy\" decoding=\"async\" width=\"1280\" height=\"718\" data-id=\"118325\" src=\"https:\/\/urbeamea.ro\/albaiulia\/wp-content\/uploads\/2025\/06\/1000041071-1280x718.jpg\" alt=\"\" class=\"wp-image-118325\" srcset=\"https:\/\/urbeamea.ro\/albaiulia\/wp-content\/uploads\/2025\/06\/1000041071-1280x718.jpg 1280w, https:\/\/urbeamea.ro\/albaiulia\/wp-content\/uploads\/2025\/06\/1000041071-640x359.jpg 640w, https:\/\/urbeamea.ro\/albaiulia\/wp-content\/uploads\/2025\/06\/1000041071-150x84.jpg 150w, https:\/\/urbeamea.ro\/albaiulia\/wp-content\/uploads\/2025\/06\/1000041071-768x431.jpg 768w, https:\/\/urbeamea.ro\/albaiulia\/wp-content\/uploads\/2025\/06\/1000041071-1536x861.jpg 1536w, https:\/\/urbeamea.ro\/albaiulia\/wp-content\/uploads\/2025\/06\/1000041071-390x220.jpg 390w, https:\/\/urbeamea.ro\/albaiulia\/wp-content\/uploads\/2025\/06\/1000041071.jpg 2048w\" sizes=\"auto, (max-width: 1280px) 100vw, 1280px\" \/><\/figure>\n\n\n\n<figure class=\"wp-block-image size-large\"><img loading=\"lazy\" decoding=\"async\" width=\"1280\" height=\"909\" data-id=\"118327\" src=\"https:\/\/urbeamea.ro\/albaiulia\/wp-content\/uploads\/2025\/06\/1000041070-1280x909.jpg\" alt=\"\" class=\"wp-image-118327\" srcset=\"https:\/\/urbeamea.ro\/albaiulia\/wp-content\/uploads\/2025\/06\/1000041070-1280x909.jpg 1280w, https:\/\/urbeamea.ro\/albaiulia\/wp-content\/uploads\/2025\/06\/1000041070-640x454.jpg 640w, https:\/\/urbeamea.ro\/albaiulia\/wp-content\/uploads\/2025\/06\/1000041070-150x106.jpg 150w, https:\/\/urbeamea.ro\/albaiulia\/wp-content\/uploads\/2025\/06\/1000041070-768x545.jpg 768w, https:\/\/urbeamea.ro\/albaiulia\/wp-content\/uploads\/2025\/06\/1000041070-1536x1091.jpg 1536w, https:\/\/urbeamea.ro\/albaiulia\/wp-content\/uploads\/2025\/06\/1000041070.jpg 2048w\" sizes=\"auto, (max-width: 1280px) 100vw, 1280px\" \/><\/figure>\n\n\n\n<figure class=\"wp-block-image size-large\"><img loading=\"lazy\" decoding=\"async\" width=\"1280\" height=\"763\" data-id=\"118326\" src=\"https:\/\/urbeamea.ro\/albaiulia\/wp-content\/uploads\/2025\/06\/1000041069-1280x763.jpg\" alt=\"\" class=\"wp-image-118326\" srcset=\"https:\/\/urbeamea.ro\/albaiulia\/wp-content\/uploads\/2025\/06\/1000041069-1280x763.jpg 1280w, https:\/\/urbeamea.ro\/albaiulia\/wp-content\/uploads\/2025\/06\/1000041069-640x382.jpg 640w, https:\/\/urbeamea.ro\/albaiulia\/wp-content\/uploads\/2025\/06\/1000041069-150x89.jpg 150w, https:\/\/urbeamea.ro\/albaiulia\/wp-content\/uploads\/2025\/06\/1000041069-768x458.jpg 768w, https:\/\/urbeamea.ro\/albaiulia\/wp-content\/uploads\/2025\/06\/1000041069-1536x916.jpg 1536w, https:\/\/urbeamea.ro\/albaiulia\/wp-content\/uploads\/2025\/06\/1000041069.jpg 2048w\" sizes=\"auto, (max-width: 1280px) 100vw, 1280px\" \/><\/figure>\n<\/figure>\n\n\n\n<p><\/p>\n","protected":false},"excerpt":{"rendered":"<p>Strada Humule\u0219ti din municipiul Alba Iulia va fi modernizat\u0103 \u00een urm\u0103toarele luni. Contractul de modernizare a fost semnat luni, de c\u0103tre primarul municipiului Alba Iulia, Gabriel Ple\u0219a \u0219i firma care va executa lucrarea. &#8222;Am semnat ast\u0103zi contractul pentru modernizarea str\u0103zii Humule\u0219ti din municipiul Alba Iulia, prin realizarea carosabilului cu \u00eembr\u0103c\u0103minte asfaltic\u0103, amenajarea dispozitivelor de scurgere &hellip;<\/p>\n","protected":false},"author":28,"featured_media":118325,"comment_status":"open","ping_status":"open","sticky":false,"template":"","format":"standard","meta":{"inline_featured_image":false,"footnotes":""},"categories":[2035,2034,1,16344],"tags":[25338],"class_list":["post-118322","post","type-post","status-publish","format-standard","has-post-thumbnail","hentry","category-administratie","category-social","category-stiri-urbane","category-urbea-mea","tag-strada-humulesti"],"yoast_head":"<!-- This site is optimized with the Yoast SEO plugin v27.4 - https:\/\/yoast.com\/product\/yoast-seo-wordpress\/ -->\n<title>Strada Humule\u0219ti din Alba Iulia va fi modernizat\u0103 - Revista Urbea Mea - Revista de Alba<\/title>\n<meta name=\"description\" content=\"Strada Humule\u0219ti din municipiul Alba Iulia va fi modernizat\u0103 \u00een urm\u0103toarele luni. Contractul de modernizare a fost semnat luni, de c\u0103tre primarul\" \/>\n<meta name=\"robots\" content=\"index, follow, max-snippet:-1, max-image-preview:large, max-video-preview:-1\" \/>\n<link rel=\"canonical\" href=\"https:\/\/urbeamea.ro\/albaiulia\/strada-humulesti-din-alba-iulia-va-fi-modernizata\/\" \/>\n<meta name=\"twitter:card\" content=\"summary_large_image\" \/>\n<meta name=\"twitter:title\" content=\"Strada Humule\u0219ti din Alba Iulia va fi modernizat\u0103 - Revista Urbea Mea - Revista de Alba\" \/>\n<meta name=\"twitter:description\" content=\"Strada Humule\u0219ti din municipiul Alba Iulia va fi modernizat\u0103 \u00een urm\u0103toarele luni. Contractul de modernizare a fost semnat luni, de c\u0103tre primarul\" \/>\n<meta name=\"twitter:image\" content=\"https:\/\/urbeamea.ro\/albaiulia\/wp-content\/uploads\/2025\/06\/1000041071.jpg\" \/>\n<meta name=\"twitter:creator\" content=\"@urbeameaweb\" \/>\n<meta name=\"twitter:site\" content=\"@urbeameaweb\" \/>\n<script type=\"application\/ld+json\" class=\"yoast-schema-graph\">{\"@context\":\"https:\\\/\\\/schema.org\",\"@graph\":[{\"@type\":\"Article\",\"@id\":\"https:\\\/\\\/urbeamea.ro\\\/albaiulia\\\/strada-humulesti-din-alba-iulia-va-fi-modernizata\\\/#article\",\"isPartOf\":{\"@id\":\"https:\\\/\\\/urbeamea.ro\\\/albaiulia\\\/strada-humulesti-din-alba-iulia-va-fi-modernizata\\\/\"},\"author\":{\"name\":\"Giurca Sorin\",\"@id\":\"https:\\\/\\\/urbeamea.ro\\\/albaiulia\\\/#\\\/schema\\\/person\\\/5db3854ac38c1cc9f0ab4092d6a20f02\"},\"headline\":\"Strada Humule\u0219ti din Alba Iulia va fi modernizat\u0103\",\"datePublished\":\"2025-06-23T18:51:29+00:00\",\"dateModified\":\"2025-06-23T18:51:31+00:00\",\"mainEntityOfPage\":{\"@id\":\"https:\\\/\\\/urbeamea.ro\\\/albaiulia\\\/strada-humulesti-din-alba-iulia-va-fi-modernizata\\\/\"},\"wordCount\":203,\"commentCount\":0,\"image\":{\"@id\":\"https:\\\/\\\/urbeamea.ro\\\/albaiulia\\\/strada-humulesti-din-alba-iulia-va-fi-modernizata\\\/#primaryimage\"},\"thumbnailUrl\":\"https:\\\/\\\/urbeamea.ro\\\/albaiulia\\\/wp-content\\\/uploads\\\/2025\\\/06\\\/1000041071.jpg\",\"keywords\":[\"Strada Humule\u0219ti\"],\"articleSection\":[\"Administra\u021bie\",\"Social\",\"\u015etiri Urbane\",\"Urbea Mea\"],\"inLanguage\":\"ro-RO\",\"potentialAction\":[{\"@type\":\"CommentAction\",\"name\":\"Comment\",\"target\":[\"https:\\\/\\\/urbeamea.ro\\\/albaiulia\\\/strada-humulesti-din-alba-iulia-va-fi-modernizata\\\/#respond\"]}]},{\"@type\":\"WebPage\",\"@id\":\"https:\\\/\\\/urbeamea.ro\\\/albaiulia\\\/strada-humulesti-din-alba-iulia-va-fi-modernizata\\\/\",\"url\":\"https:\\\/\\\/urbeamea.ro\\\/albaiulia\\\/strada-humulesti-din-alba-iulia-va-fi-modernizata\\\/\",\"name\":\"Strada Humule\u0219ti din Alba Iulia va fi modernizat\u0103 - Revista Urbea Mea - Revista de Alba\",\"isPartOf\":{\"@id\":\"https:\\\/\\\/urbeamea.ro\\\/albaiulia\\\/#website\"},\"primaryImageOfPage\":{\"@id\":\"https:\\\/\\\/urbeamea.ro\\\/albaiulia\\\/strada-humulesti-din-alba-iulia-va-fi-modernizata\\\/#primaryimage\"},\"image\":{\"@id\":\"https:\\\/\\\/urbeamea.ro\\\/albaiulia\\\/strada-humulesti-din-alba-iulia-va-fi-modernizata\\\/#primaryimage\"},\"thumbnailUrl\":\"https:\\\/\\\/urbeamea.ro\\\/albaiulia\\\/wp-content\\\/uploads\\\/2025\\\/06\\\/1000041071.jpg\",\"datePublished\":\"2025-06-23T18:51:29+00:00\",\"dateModified\":\"2025-06-23T18:51:31+00:00\",\"author\":{\"@id\":\"https:\\\/\\\/urbeamea.ro\\\/albaiulia\\\/#\\\/schema\\\/person\\\/5db3854ac38c1cc9f0ab4092d6a20f02\"},\"description\":\"Strada Humule\u0219ti din municipiul Alba Iulia va fi modernizat\u0103 \u00een urm\u0103toarele luni. Contractul de modernizare a fost semnat luni, de c\u0103tre primarul\",\"breadcrumb\":{\"@id\":\"https:\\\/\\\/urbeamea.ro\\\/albaiulia\\\/strada-humulesti-din-alba-iulia-va-fi-modernizata\\\/#breadcrumb\"},\"inLanguage\":\"ro-RO\",\"potentialAction\":[{\"@type\":\"ReadAction\",\"target\":[\"https:\\\/\\\/urbeamea.ro\\\/albaiulia\\\/strada-humulesti-din-alba-iulia-va-fi-modernizata\\\/\"]}]},{\"@type\":\"ImageObject\",\"inLanguage\":\"ro-RO\",\"@id\":\"https:\\\/\\\/urbeamea.ro\\\/albaiulia\\\/strada-humulesti-din-alba-iulia-va-fi-modernizata\\\/#primaryimage\",\"url\":\"https:\\\/\\\/urbeamea.ro\\\/albaiulia\\\/wp-content\\\/uploads\\\/2025\\\/06\\\/1000041071.jpg\",\"contentUrl\":\"https:\\\/\\\/urbeamea.ro\\\/albaiulia\\\/wp-content\\\/uploads\\\/2025\\\/06\\\/1000041071.jpg\",\"width\":2048,\"height\":1148},{\"@type\":\"BreadcrumbList\",\"@id\":\"https:\\\/\\\/urbeamea.ro\\\/albaiulia\\\/strada-humulesti-din-alba-iulia-va-fi-modernizata\\\/#breadcrumb\",\"itemListElement\":[{\"@type\":\"ListItem\",\"position\":1,\"name\":\"Prima pagin\u0103\",\"item\":\"https:\\\/\\\/urbeamea.ro\\\/albaiulia\\\/\"},{\"@type\":\"ListItem\",\"position\":2,\"name\":\"Strada Humule\u0219ti din Alba Iulia va fi modernizat\u0103\"}]},{\"@type\":\"WebSite\",\"@id\":\"https:\\\/\\\/urbeamea.ro\\\/albaiulia\\\/#website\",\"url\":\"https:\\\/\\\/urbeamea.ro\\\/albaiulia\\\/\",\"name\":\"Revista Urbea Mea, Stiri urbane\",\"description\":\"Evenimente \u0219i \u0219tiri din Alba Iulia, Sebe\u0219, Aiud, Blaj\",\"potentialAction\":[{\"@type\":\"SearchAction\",\"target\":{\"@type\":\"EntryPoint\",\"urlTemplate\":\"https:\\\/\\\/urbeamea.ro\\\/albaiulia\\\/?s={search_term_string}\"},\"query-input\":{\"@type\":\"PropertyValueSpecification\",\"valueRequired\":true,\"valueName\":\"search_term_string\"}}],\"inLanguage\":\"ro-RO\"},{\"@type\":\"Person\",\"@id\":\"https:\\\/\\\/urbeamea.ro\\\/albaiulia\\\/#\\\/schema\\\/person\\\/5db3854ac38c1cc9f0ab4092d6a20f02\",\"name\":\"Giurca Sorin\",\"image\":{\"@type\":\"ImageObject\",\"inLanguage\":\"ro-RO\",\"@id\":\"https:\\\/\\\/secure.gravatar.com\\\/avatar\\\/120f6fcae7b3b47a7730cb9943f612f4909f68ac5284b5f40ac1c4615fd70576?s=96&d=mm&r=g\",\"url\":\"https:\\\/\\\/secure.gravatar.com\\\/avatar\\\/120f6fcae7b3b47a7730cb9943f612f4909f68ac5284b5f40ac1c4615fd70576?s=96&d=mm&r=g\",\"contentUrl\":\"https:\\\/\\\/secure.gravatar.com\\\/avatar\\\/120f6fcae7b3b47a7730cb9943f612f4909f68ac5284b5f40ac1c4615fd70576?s=96&d=mm&r=g\",\"caption\":\"Giurca Sorin\"},\"url\":\"https:\\\/\\\/urbeamea.ro\\\/albaiulia\\\/author\\\/sorin\\\/\"}]}<\/script>\n<!-- \/ Yoast SEO plugin. -->","yoast_head_json":{"title":"Strada Humule\u0219ti din Alba Iulia va fi modernizat\u0103 - Revista Urbea Mea - Revista de Alba","description":"Strada Humule\u0219ti din municipiul Alba Iulia va fi modernizat\u0103 \u00een urm\u0103toarele luni. Contractul de modernizare a fost semnat luni, de c\u0103tre primarul","robots":{"index":"index","follow":"follow","max-snippet":"max-snippet:-1","max-image-preview":"max-image-preview:large","max-video-preview":"max-video-preview:-1"},"canonical":"https:\/\/urbeamea.ro\/albaiulia\/strada-humulesti-din-alba-iulia-va-fi-modernizata\/","twitter_card":"summary_large_image","twitter_title":"Strada Humule\u0219ti din Alba Iulia va fi modernizat\u0103 - Revista Urbea Mea - Revista de Alba","twitter_description":"Strada Humule\u0219ti din municipiul Alba Iulia va fi modernizat\u0103 \u00een urm\u0103toarele luni. Contractul de modernizare a fost semnat luni, de c\u0103tre primarul","twitter_image":"https:\/\/urbeamea.ro\/albaiulia\/wp-content\/uploads\/2025\/06\/1000041071.jpg","twitter_creator":"@urbeameaweb","twitter_site":"@urbeameaweb","schema":{"@context":"https:\/\/schema.org","@graph":[{"@type":"Article","@id":"https:\/\/urbeamea.ro\/albaiulia\/strada-humulesti-din-alba-iulia-va-fi-modernizata\/#article","isPartOf":{"@id":"https:\/\/urbeamea.ro\/albaiulia\/strada-humulesti-din-alba-iulia-va-fi-modernizata\/"},"author":{"name":"Giurca Sorin","@id":"https:\/\/urbeamea.ro\/albaiulia\/#\/schema\/person\/5db3854ac38c1cc9f0ab4092d6a20f02"},"headline":"Strada Humule\u0219ti din Alba Iulia va fi modernizat\u0103","datePublished":"2025-06-23T18:51:29+00:00","dateModified":"2025-06-23T18:51:31+00:00","mainEntityOfPage":{"@id":"https:\/\/urbeamea.ro\/albaiulia\/strada-humulesti-din-alba-iulia-va-fi-modernizata\/"},"wordCount":203,"commentCount":0,"image":{"@id":"https:\/\/urbeamea.ro\/albaiulia\/strada-humulesti-din-alba-iulia-va-fi-modernizata\/#primaryimage"},"thumbnailUrl":"https:\/\/urbeamea.ro\/albaiulia\/wp-content\/uploads\/2025\/06\/1000041071.jpg","keywords":["Strada Humule\u0219ti"],"articleSection":["Administra\u021bie","Social","\u015etiri Urbane","Urbea Mea"],"inLanguage":"ro-RO","potentialAction":[{"@type":"CommentAction","name":"Comment","target":["https:\/\/urbeamea.ro\/albaiulia\/strada-humulesti-din-alba-iulia-va-fi-modernizata\/#respond"]}]},{"@type":"WebPage","@id":"https:\/\/urbeamea.ro\/albaiulia\/strada-humulesti-din-alba-iulia-va-fi-modernizata\/","url":"https:\/\/urbeamea.ro\/albaiulia\/strada-humulesti-din-alba-iulia-va-fi-modernizata\/","name":"Strada Humule\u0219ti din Alba Iulia va fi modernizat\u0103 - Revista Urbea Mea - Revista de Alba","isPartOf":{"@id":"https:\/\/urbeamea.ro\/albaiulia\/#website"},"primaryImageOfPage":{"@id":"https:\/\/urbeamea.ro\/albaiulia\/strada-humulesti-din-alba-iulia-va-fi-modernizata\/#primaryimage"},"image":{"@id":"https:\/\/urbeamea.ro\/albaiulia\/strada-humulesti-din-alba-iulia-va-fi-modernizata\/#primaryimage"},"thumbnailUrl":"https:\/\/urbeamea.ro\/albaiulia\/wp-content\/uploads\/2025\/06\/1000041071.jpg","datePublished":"2025-06-23T18:51:29+00:00","dateModified":"2025-06-23T18:51:31+00:00","author":{"@id":"https:\/\/urbeamea.ro\/albaiulia\/#\/schema\/person\/5db3854ac38c1cc9f0ab4092d6a20f02"},"description":"Strada Humule\u0219ti din municipiul Alba Iulia va fi modernizat\u0103 \u00een urm\u0103toarele luni. Contractul de modernizare a fost semnat luni, de c\u0103tre primarul","breadcrumb":{"@id":"https:\/\/urbeamea.ro\/albaiulia\/strada-humulesti-din-alba-iulia-va-fi-modernizata\/#breadcrumb"},"inLanguage":"ro-RO","potentialAction":[{"@type":"ReadAction","target":["https:\/\/urbeamea.ro\/albaiulia\/strada-humulesti-din-alba-iulia-va-fi-modernizata\/"]}]},{"@type":"ImageObject","inLanguage":"ro-RO","@id":"https:\/\/urbeamea.ro\/albaiulia\/strada-humulesti-din-alba-iulia-va-fi-modernizata\/#primaryimage","url":"https:\/\/urbeamea.ro\/albaiulia\/wp-content\/uploads\/2025\/06\/1000041071.jpg","contentUrl":"https:\/\/urbeamea.ro\/albaiulia\/wp-content\/uploads\/2025\/06\/1000041071.jpg","width":2048,"height":1148},{"@type":"BreadcrumbList","@id":"https:\/\/urbeamea.ro\/albaiulia\/strada-humulesti-din-alba-iulia-va-fi-modernizata\/#breadcrumb","itemListElement":[{"@type":"ListItem","position":1,"name":"Prima pagin\u0103","item":"https:\/\/urbeamea.ro\/albaiulia\/"},{"@type":"ListItem","position":2,"name":"Strada Humule\u0219ti din Alba Iulia va fi modernizat\u0103"}]},{"@type":"WebSite","@id":"https:\/\/urbeamea.ro\/albaiulia\/#website","url":"https:\/\/urbeamea.ro\/albaiulia\/","name":"Revista Urbea Mea, Stiri urbane","description":"Evenimente \u0219i \u0219tiri din Alba Iulia, Sebe\u0219, Aiud, Blaj","potentialAction":[{"@type":"SearchAction","target":{"@type":"EntryPoint","urlTemplate":"https:\/\/urbeamea.ro\/albaiulia\/?s={search_term_string}"},"query-input":{"@type":"PropertyValueSpecification","valueRequired":true,"valueName":"search_term_string"}}],"inLanguage":"ro-RO"},{"@type":"Person","@id":"https:\/\/urbeamea.ro\/albaiulia\/#\/schema\/person\/5db3854ac38c1cc9f0ab4092d6a20f02","name":"Giurca Sorin","image":{"@type":"ImageObject","inLanguage":"ro-RO","@id":"https:\/\/secure.gravatar.com\/avatar\/120f6fcae7b3b47a7730cb9943f612f4909f68ac5284b5f40ac1c4615fd70576?s=96&d=mm&r=g","url":"https:\/\/secure.gravatar.com\/avatar\/120f6fcae7b3b47a7730cb9943f612f4909f68ac5284b5f40ac1c4615fd70576?s=96&d=mm&r=g","contentUrl":"https:\/\/secure.gravatar.com\/avatar\/120f6fcae7b3b47a7730cb9943f612f4909f68ac5284b5f40ac1c4615fd70576?s=96&d=mm&r=g","caption":"Giurca Sorin"},"url":"https:\/\/urbeamea.ro\/albaiulia\/author\/sorin\/"}]}},"_links":{"self":[{"href":"https:\/\/urbeamea.ro\/albaiulia\/wp-json\/wp\/v2\/posts\/118322","targetHints":{"allow":["GET"]}}],"collection":[{"href":"https:\/\/urbeamea.ro\/albaiulia\/wp-json\/wp\/v2\/posts"}],"about":[{"href":"https:\/\/urbeamea.ro\/albaiulia\/wp-json\/wp\/v2\/types\/post"}],"author":[{"embeddable":true,"href":"https:\/\/urbeamea.ro\/albaiulia\/wp-json\/wp\/v2\/users\/28"}],"replies":[{"embeddable":true,"href":"https:\/\/urbeamea.ro\/albaiulia\/wp-json\/wp\/v2\/comments?post=118322"}],"version-history":[{"count":1,"href":"https:\/\/urbeamea.ro\/albaiulia\/wp-json\/wp\/v2\/posts\/118322\/revisions"}],"predecessor-version":[{"id":118328,"href":"https:\/\/urbeamea.ro\/albaiulia\/wp-json\/wp\/v2\/posts\/118322\/revisions\/118328"}],"wp:featuredmedia":[{"embeddable":true,"href":"https:\/\/urbeamea.ro\/albaiulia\/wp-json\/wp\/v2\/media\/118325"}],"wp:attachment":[{"href":"https:\/\/urbeamea.ro\/albaiulia\/wp-json\/wp\/v2\/media?parent=118322"}],"wp:term":[{"taxonomy":"category","embeddable":true,"href":"https:\/\/urbeamea.ro\/albaiulia\/wp-json\/wp\/v2\/categories?post=118322"},{"taxonomy":"post_tag","embeddable":true,"href":"https:\/\/urbeamea.ro\/albaiulia\/wp-json\/wp\/v2\/tags?post=118322"}],"curies":[{"name":"wp","href":"https:\/\/api.w.org\/{rel}","templated":true}]}}