{"id":118432,"date":"2025-07-03T13:19:42","date_gmt":"2025-07-03T10:19:42","guid":{"rendered":"https:\/\/urbeamea.ro\/albaiulia\/?p=118432"},"modified":"2025-07-03T13:19:44","modified_gmt":"2025-07-03T10:19:44","slug":"asezarea-moastelor-sfantului-cuvios-dometie-cel-milostiv-in-biserica-mare-a-manastirii-ramet","status":"publish","type":"post","link":"https:\/\/urbeamea.ro\/albaiulia\/asezarea-moastelor-sfantului-cuvios-dometie-cel-milostiv-in-biserica-mare-a-manastirii-ramet\/","title":{"rendered":"A\u0219ezarea moa\u0219telor Sf\u00e2ntului Cuvios Dometie cel Milostiv, \u00een biserica mare a M\u0103n\u0103stirii R\u00e2me\u021b"},"content":{"rendered":"\n<p><strong>Miercuri, 2 iulie 2025, \u00een contextul proclam\u0103rii canoniz\u0103rii locale a Sf\u00e2ntului Cuvios Dometie cel Milostiv de la R\u00e2me\u021b (6 iulie a.c.), a avut loc a\u0219ezarea cinstitelor moa\u0219te ale Sf\u00e2ntului Cuvios Dometie \u00een biserica mare a M\u0103n\u0103stirii \u201eSfin\u021bii Apostoli Petru \u0219i Pavel\u201d de la R\u00e2me\u021b. <\/strong><\/p>\n\n\n\n<p>Dup\u0103 oficierea slujbelor Vecerniei \u0219i Utreniei, relicvele au fost purtate \u00een procesiune de la chilia memorial\u0103 a Sf\u00e2ntului Cuvios Dometie cel Milostiv \u00een loca\u0219ul de \u00eenchinare. <\/p>\n\n\n\n<p>La eveniment au luat parte numero\u0219i clerici, ob\u0219tea a\u0219ez\u0103m\u00e2ntului monahal \u0219i credincio\u0219i dreptsl\u0103vitori din \u00eemprejurimi.<\/p>\n\n\n\n<p> Delegatul \u00cenaltpreasfin\u021bitului P\u0103rinte Arhiepiscop Irineu la acest moment solemn a fost p\u0103rintele conf. univ. dr. Oliviu Botoi, consilier cultural al Arhiepiscopiei Alba Iuliei.\u00cen loca\u0219ul de \u00eenchinare, corul de maici al M\u0103n\u0103stirii R\u00e2me\u021b a c\u00e2ntat troparul \u0219i condacul Sf\u00e2ntului Cuvios Dometie cel Milostiv de la R\u00e2me\u021b, precum \u0219i un imn alc\u0103tuit special \u00een cinstea fostului duhovnic al a\u0219ez\u0103m\u00e2ntului monahal.<\/p>\n\n\n\n<p> \u00cen tot acest timp, clericii, monahii, monahiile \u0219i pelerinii prezen\u021bi s-au \u00eenchinat cu mult\u0103 evlavie cinstitului odor, \u00een semn de venera\u021bie adus\u0103 celui care a fost pov\u0103\u021buitor al ob\u0219tii monahale de aici \u00een urm\u0103 cu mai bine de cinci decenii. <\/p>\n\n\n\n<p>Relicvele vor r\u0103m\u00e2ne spre \u00eenchinare \u00een biserica mare a M\u0103n\u0103stirii R\u00e2me\u021b. <\/p>\n\n\n\n<p>Duminic\u0103, 6 iulie, \u00een ziua proclam\u0103rii canoniz\u0103rii locale, cinstitele moa\u0219te vor fi a\u0219ezate spre \u00eenchinare \u00eentr-un baldachin special amenajat, \u00een proximitatea altarului de var\u0103 al str\u0103vechiului a\u0219ez\u0103m\u00e2nt c\u0103lug\u0103resc.<\/p>\n\n\n\n<figure class=\"wp-block-image size-large\"><img loading=\"lazy\" decoding=\"async\" width=\"1280\" height=\"989\" src=\"https:\/\/urbeamea.ro\/albaiulia\/wp-content\/uploads\/2025\/07\/1000041629-1280x989.jpg\" alt=\"\" class=\"wp-image-118433\" srcset=\"https:\/\/urbeamea.ro\/albaiulia\/wp-content\/uploads\/2025\/07\/1000041629-1280x989.jpg 1280w, https:\/\/urbeamea.ro\/albaiulia\/wp-content\/uploads\/2025\/07\/1000041629-640x495.jpg 640w, https:\/\/urbeamea.ro\/albaiulia\/wp-content\/uploads\/2025\/07\/1000041629-150x116.jpg 150w, https:\/\/urbeamea.ro\/albaiulia\/wp-content\/uploads\/2025\/07\/1000041629-768x594.jpg 768w, https:\/\/urbeamea.ro\/albaiulia\/wp-content\/uploads\/2025\/07\/1000041629-1536x1187.jpg 1536w, https:\/\/urbeamea.ro\/albaiulia\/wp-content\/uploads\/2025\/07\/1000041629.jpg 2048w\" sizes=\"auto, (max-width: 1280px) 100vw, 1280px\" \/><\/figure>\n\n\n\n<figure class=\"wp-block-gallery has-nested-images columns-default is-cropped wp-block-gallery-1 is-layout-flex wp-block-gallery-is-layout-flex\">\n<figure class=\"wp-block-image size-large\"><img loading=\"lazy\" decoding=\"async\" width=\"1280\" height=\"1263\" data-id=\"118434\" src=\"https:\/\/urbeamea.ro\/albaiulia\/wp-content\/uploads\/2025\/07\/1000041630-1280x1263.jpg\" alt=\"\" class=\"wp-image-118434\" srcset=\"https:\/\/urbeamea.ro\/albaiulia\/wp-content\/uploads\/2025\/07\/1000041630-1280x1263.jpg 1280w, https:\/\/urbeamea.ro\/albaiulia\/wp-content\/uploads\/2025\/07\/1000041630-640x632.jpg 640w, https:\/\/urbeamea.ro\/albaiulia\/wp-content\/uploads\/2025\/07\/1000041630-150x148.jpg 150w, https:\/\/urbeamea.ro\/albaiulia\/wp-content\/uploads\/2025\/07\/1000041630-768x758.jpg 768w, https:\/\/urbeamea.ro\/albaiulia\/wp-content\/uploads\/2025\/07\/1000041630-1536x1516.jpg 1536w, https:\/\/urbeamea.ro\/albaiulia\/wp-content\/uploads\/2025\/07\/1000041630.jpg 2048w\" sizes=\"auto, (max-width: 1280px) 100vw, 1280px\" \/><\/figure>\n\n\n\n<figure class=\"wp-block-image size-large\"><img loading=\"lazy\" decoding=\"async\" width=\"1038\" height=\"1280\" data-id=\"118435\" src=\"https:\/\/urbeamea.ro\/albaiulia\/wp-content\/uploads\/2025\/07\/1000041631-1038x1280.jpg\" alt=\"\" class=\"wp-image-118435\" srcset=\"https:\/\/urbeamea.ro\/albaiulia\/wp-content\/uploads\/2025\/07\/1000041631-1038x1280.jpg 1038w, https:\/\/urbeamea.ro\/albaiulia\/wp-content\/uploads\/2025\/07\/1000041631-519x640.jpg 519w, https:\/\/urbeamea.ro\/albaiulia\/wp-content\/uploads\/2025\/07\/1000041631-122x150.jpg 122w, https:\/\/urbeamea.ro\/albaiulia\/wp-content\/uploads\/2025\/07\/1000041631-768x947.jpg 768w, https:\/\/urbeamea.ro\/albaiulia\/wp-content\/uploads\/2025\/07\/1000041631-1246x1536.jpg 1246w, https:\/\/urbeamea.ro\/albaiulia\/wp-content\/uploads\/2025\/07\/1000041631.jpg 1661w\" sizes=\"auto, (max-width: 1038px) 100vw, 1038px\" \/><\/figure>\n\n\n\n<figure class=\"wp-block-image size-large\"><img loading=\"lazy\" decoding=\"async\" width=\"1280\" height=\"1103\" data-id=\"118436\" src=\"https:\/\/urbeamea.ro\/albaiulia\/wp-content\/uploads\/2025\/07\/1000041632-1280x1103.jpg\" alt=\"\" class=\"wp-image-118436\" srcset=\"https:\/\/urbeamea.ro\/albaiulia\/wp-content\/uploads\/2025\/07\/1000041632-1280x1103.jpg 1280w, https:\/\/urbeamea.ro\/albaiulia\/wp-content\/uploads\/2025\/07\/1000041632-640x552.jpg 640w, https:\/\/urbeamea.ro\/albaiulia\/wp-content\/uploads\/2025\/07\/1000041632-150x129.jpg 150w, https:\/\/urbeamea.ro\/albaiulia\/wp-content\/uploads\/2025\/07\/1000041632-768x662.jpg 768w, https:\/\/urbeamea.ro\/albaiulia\/wp-content\/uploads\/2025\/07\/1000041632-1536x1324.jpg 1536w, https:\/\/urbeamea.ro\/albaiulia\/wp-content\/uploads\/2025\/07\/1000041632.jpg 2048w\" sizes=\"auto, (max-width: 1280px) 100vw, 1280px\" \/><\/figure>\n\n\n\n<figure class=\"wp-block-image size-large\"><img loading=\"lazy\" decoding=\"async\" width=\"960\" height=\"1280\" data-id=\"118437\" src=\"https:\/\/urbeamea.ro\/albaiulia\/wp-content\/uploads\/2025\/07\/1000041635-960x1280.jpg\" alt=\"\" class=\"wp-image-118437\" srcset=\"https:\/\/urbeamea.ro\/albaiulia\/wp-content\/uploads\/2025\/07\/1000041635-960x1280.jpg 960w, https:\/\/urbeamea.ro\/albaiulia\/wp-content\/uploads\/2025\/07\/1000041635-480x640.jpg 480w, https:\/\/urbeamea.ro\/albaiulia\/wp-content\/uploads\/2025\/07\/1000041635-113x150.jpg 113w, https:\/\/urbeamea.ro\/albaiulia\/wp-content\/uploads\/2025\/07\/1000041635-768x1024.jpg 768w, https:\/\/urbeamea.ro\/albaiulia\/wp-content\/uploads\/2025\/07\/1000041635-1152x1536.jpg 1152w, https:\/\/urbeamea.ro\/albaiulia\/wp-content\/uploads\/2025\/07\/1000041635.jpg 1536w\" sizes=\"auto, (max-width: 960px) 100vw, 960px\" \/><\/figure>\n\n\n\n<figure class=\"wp-block-image size-large\"><img loading=\"lazy\" decoding=\"async\" width=\"1280\" height=\"1092\" data-id=\"118438\" src=\"https:\/\/urbeamea.ro\/albaiulia\/wp-content\/uploads\/2025\/07\/1000041634-1280x1092.jpg\" alt=\"\" class=\"wp-image-118438\" srcset=\"https:\/\/urbeamea.ro\/albaiulia\/wp-content\/uploads\/2025\/07\/1000041634-1280x1092.jpg 1280w, https:\/\/urbeamea.ro\/albaiulia\/wp-content\/uploads\/2025\/07\/1000041634-640x546.jpg 640w, https:\/\/urbeamea.ro\/albaiulia\/wp-content\/uploads\/2025\/07\/1000041634-150x128.jpg 150w, https:\/\/urbeamea.ro\/albaiulia\/wp-content\/uploads\/2025\/07\/1000041634-768x655.jpg 768w, https:\/\/urbeamea.ro\/albaiulia\/wp-content\/uploads\/2025\/07\/1000041634-1536x1310.jpg 1536w, https:\/\/urbeamea.ro\/albaiulia\/wp-content\/uploads\/2025\/07\/1000041634.jpg 2048w\" sizes=\"auto, (max-width: 1280px) 100vw, 1280px\" \/><\/figure>\n\n\n\n<figure class=\"wp-block-image size-large\"><img loading=\"lazy\" decoding=\"async\" width=\"874\" height=\"1280\" data-id=\"118439\" src=\"https:\/\/urbeamea.ro\/albaiulia\/wp-content\/uploads\/2025\/07\/1000041633-874x1280.jpg\" alt=\"\" class=\"wp-image-118439\" srcset=\"https:\/\/urbeamea.ro\/albaiulia\/wp-content\/uploads\/2025\/07\/1000041633-874x1280.jpg 874w, https:\/\/urbeamea.ro\/albaiulia\/wp-content\/uploads\/2025\/07\/1000041633-437x640.jpg 437w, https:\/\/urbeamea.ro\/albaiulia\/wp-content\/uploads\/2025\/07\/1000041633-102x150.jpg 102w, https:\/\/urbeamea.ro\/albaiulia\/wp-content\/uploads\/2025\/07\/1000041633-768x1125.jpg 768w, https:\/\/urbeamea.ro\/albaiulia\/wp-content\/uploads\/2025\/07\/1000041633-1049x1536.jpg 1049w, https:\/\/urbeamea.ro\/albaiulia\/wp-content\/uploads\/2025\/07\/1000041633.jpg 1398w\" sizes=\"auto, (max-width: 874px) 100vw, 874px\" \/><\/figure>\n<\/figure>\n","protected":false},"excerpt":{"rendered":"<p>Miercuri, 2 iulie 2025, \u00een contextul proclam\u0103rii canoniz\u0103rii locale a Sf\u00e2ntului Cuvios Dometie cel Milostiv de la R\u00e2me\u021b (6 iulie a.c.), a avut loc a\u0219ezarea cinstitelor moa\u0219te ale Sf\u00e2ntului Cuvios Dometie \u00een biserica mare a M\u0103n\u0103stirii \u201eSfin\u021bii Apostoli Petru \u0219i Pavel\u201d de la R\u00e2me\u021b. Dup\u0103 oficierea slujbelor Vecerniei \u0219i Utreniei, relicvele au fost purtate \u00een &hellip;<\/p>\n","protected":false},"author":28,"featured_media":118433,"comment_status":"open","ping_status":"open","sticky":false,"template":"","format":"standard","meta":{"inline_featured_image":false,"footnotes":""},"categories":[4,2034,1,16344],"tags":[25245,1922],"class_list":["post-118432","post","type-post","status-publish","format-standard","has-post-thumbnail","hentry","category-eveniment","category-social","category-stiri-urbane","category-urbea-mea","tag-dometie-de-la-ramet","tag-moaste"],"yoast_head":"<!-- This site is optimized with the Yoast SEO plugin v27.4 - https:\/\/yoast.com\/product\/yoast-seo-wordpress\/ -->\n<title>A\u0219ezarea moa\u0219telor Sf\u00e2ntului Cuvios Dometie cel Milostiv, \u00een biserica mare a M\u0103n\u0103stirii R\u00e2me\u021b - Revista Urbea Mea - Revista de Alba<\/title>\n<meta name=\"description\" content=\"Miercuri, 2 iulie 2025, \u00een contextul proclam\u0103rii canoniz\u0103rii locale a Sf\u00e2ntului Cuvios Dometie cel Milostiv de la R\u00e2me\u021b (6 iulie a.c.), a avut loc\" \/>\n<meta name=\"robots\" content=\"index, follow, max-snippet:-1, max-image-preview:large, max-video-preview:-1\" \/>\n<link rel=\"canonical\" href=\"https:\/\/urbeamea.ro\/albaiulia\/asezarea-moastelor-sfantului-cuvios-dometie-cel-milostiv-in-biserica-mare-a-manastirii-ramet\/\" \/>\n<meta name=\"twitter:card\" content=\"summary_large_image\" \/>\n<meta name=\"twitter:title\" content=\"A\u0219ezarea moa\u0219telor Sf\u00e2ntului Cuvios Dometie cel Milostiv, \u00een biserica mare a M\u0103n\u0103stirii R\u00e2me\u021b - Revista Urbea Mea - Revista de Alba\" \/>\n<meta name=\"twitter:description\" content=\"Miercuri, 2 iulie 2025, \u00een contextul proclam\u0103rii canoniz\u0103rii locale a Sf\u00e2ntului Cuvios Dometie cel Milostiv de la R\u00e2me\u021b (6 iulie a.c.), a avut loc\" \/>\n<meta name=\"twitter:image\" content=\"https:\/\/urbeamea.ro\/albaiulia\/wp-content\/uploads\/2025\/07\/1000041629.jpg\" \/>\n<meta name=\"twitter:creator\" content=\"@urbeameaweb\" \/>\n<meta name=\"twitter:site\" content=\"@urbeameaweb\" \/>\n<script type=\"application\/ld+json\" class=\"yoast-schema-graph\">{\"@context\":\"https:\\\/\\\/schema.org\",\"@graph\":[{\"@type\":\"Article\",\"@id\":\"https:\\\/\\\/urbeamea.ro\\\/albaiulia\\\/asezarea-moastelor-sfantului-cuvios-dometie-cel-milostiv-in-biserica-mare-a-manastirii-ramet\\\/#article\",\"isPartOf\":{\"@id\":\"https:\\\/\\\/urbeamea.ro\\\/albaiulia\\\/asezarea-moastelor-sfantului-cuvios-dometie-cel-milostiv-in-biserica-mare-a-manastirii-ramet\\\/\"},\"author\":{\"name\":\"Giurca Sorin\",\"@id\":\"https:\\\/\\\/urbeamea.ro\\\/albaiulia\\\/#\\\/schema\\\/person\\\/5db3854ac38c1cc9f0ab4092d6a20f02\"},\"headline\":\"A\u0219ezarea moa\u0219telor Sf\u00e2ntului Cuvios Dometie cel Milostiv, \u00een biserica mare a M\u0103n\u0103stirii R\u00e2me\u021b\",\"datePublished\":\"2025-07-03T10:19:42+00:00\",\"dateModified\":\"2025-07-03T10:19:44+00:00\",\"mainEntityOfPage\":{\"@id\":\"https:\\\/\\\/urbeamea.ro\\\/albaiulia\\\/asezarea-moastelor-sfantului-cuvios-dometie-cel-milostiv-in-biserica-mare-a-manastirii-ramet\\\/\"},\"wordCount\":292,\"commentCount\":0,\"image\":{\"@id\":\"https:\\\/\\\/urbeamea.ro\\\/albaiulia\\\/asezarea-moastelor-sfantului-cuvios-dometie-cel-milostiv-in-biserica-mare-a-manastirii-ramet\\\/#primaryimage\"},\"thumbnailUrl\":\"https:\\\/\\\/urbeamea.ro\\\/albaiulia\\\/wp-content\\\/uploads\\\/2025\\\/07\\\/1000041629.jpg\",\"keywords\":[\"Dometie de la R\u00e2me\u021b\",\"moaste\"],\"articleSection\":[\"Evenimente\",\"Social\",\"\u015etiri Urbane\",\"Urbea Mea\"],\"inLanguage\":\"ro-RO\",\"potentialAction\":[{\"@type\":\"CommentAction\",\"name\":\"Comment\",\"target\":[\"https:\\\/\\\/urbeamea.ro\\\/albaiulia\\\/asezarea-moastelor-sfantului-cuvios-dometie-cel-milostiv-in-biserica-mare-a-manastirii-ramet\\\/#respond\"]}]},{\"@type\":\"WebPage\",\"@id\":\"https:\\\/\\\/urbeamea.ro\\\/albaiulia\\\/asezarea-moastelor-sfantului-cuvios-dometie-cel-milostiv-in-biserica-mare-a-manastirii-ramet\\\/\",\"url\":\"https:\\\/\\\/urbeamea.ro\\\/albaiulia\\\/asezarea-moastelor-sfantului-cuvios-dometie-cel-milostiv-in-biserica-mare-a-manastirii-ramet\\\/\",\"name\":\"A\u0219ezarea moa\u0219telor Sf\u00e2ntului Cuvios Dometie cel Milostiv, \u00een biserica mare a M\u0103n\u0103stirii R\u00e2me\u021b - Revista Urbea Mea - Revista de Alba\",\"isPartOf\":{\"@id\":\"https:\\\/\\\/urbeamea.ro\\\/albaiulia\\\/#website\"},\"primaryImageOfPage\":{\"@id\":\"https:\\\/\\\/urbeamea.ro\\\/albaiulia\\\/asezarea-moastelor-sfantului-cuvios-dometie-cel-milostiv-in-biserica-mare-a-manastirii-ramet\\\/#primaryimage\"},\"image\":{\"@id\":\"https:\\\/\\\/urbeamea.ro\\\/albaiulia\\\/asezarea-moastelor-sfantului-cuvios-dometie-cel-milostiv-in-biserica-mare-a-manastirii-ramet\\\/#primaryimage\"},\"thumbnailUrl\":\"https:\\\/\\\/urbeamea.ro\\\/albaiulia\\\/wp-content\\\/uploads\\\/2025\\\/07\\\/1000041629.jpg\",\"datePublished\":\"2025-07-03T10:19:42+00:00\",\"dateModified\":\"2025-07-03T10:19:44+00:00\",\"author\":{\"@id\":\"https:\\\/\\\/urbeamea.ro\\\/albaiulia\\\/#\\\/schema\\\/person\\\/5db3854ac38c1cc9f0ab4092d6a20f02\"},\"description\":\"Miercuri, 2 iulie 2025, \u00een contextul proclam\u0103rii canoniz\u0103rii locale a Sf\u00e2ntului Cuvios Dometie cel Milostiv de la R\u00e2me\u021b (6 iulie a.c.), a avut loc\",\"breadcrumb\":{\"@id\":\"https:\\\/\\\/urbeamea.ro\\\/albaiulia\\\/asezarea-moastelor-sfantului-cuvios-dometie-cel-milostiv-in-biserica-mare-a-manastirii-ramet\\\/#breadcrumb\"},\"inLanguage\":\"ro-RO\",\"potentialAction\":[{\"@type\":\"ReadAction\",\"target\":[\"https:\\\/\\\/urbeamea.ro\\\/albaiulia\\\/asezarea-moastelor-sfantului-cuvios-dometie-cel-milostiv-in-biserica-mare-a-manastirii-ramet\\\/\"]}]},{\"@type\":\"ImageObject\",\"inLanguage\":\"ro-RO\",\"@id\":\"https:\\\/\\\/urbeamea.ro\\\/albaiulia\\\/asezarea-moastelor-sfantului-cuvios-dometie-cel-milostiv-in-biserica-mare-a-manastirii-ramet\\\/#primaryimage\",\"url\":\"https:\\\/\\\/urbeamea.ro\\\/albaiulia\\\/wp-content\\\/uploads\\\/2025\\\/07\\\/1000041629.jpg\",\"contentUrl\":\"https:\\\/\\\/urbeamea.ro\\\/albaiulia\\\/wp-content\\\/uploads\\\/2025\\\/07\\\/1000041629.jpg\",\"width\":2048,\"height\":1583},{\"@type\":\"BreadcrumbList\",\"@id\":\"https:\\\/\\\/urbeamea.ro\\\/albaiulia\\\/asezarea-moastelor-sfantului-cuvios-dometie-cel-milostiv-in-biserica-mare-a-manastirii-ramet\\\/#breadcrumb\",\"itemListElement\":[{\"@type\":\"ListItem\",\"position\":1,\"name\":\"Prima pagin\u0103\",\"item\":\"https:\\\/\\\/urbeamea.ro\\\/albaiulia\\\/\"},{\"@type\":\"ListItem\",\"position\":2,\"name\":\"A\u0219ezarea moa\u0219telor Sf\u00e2ntului Cuvios Dometie cel Milostiv, \u00een biserica mare a M\u0103n\u0103stirii R\u00e2me\u021b\"}]},{\"@type\":\"WebSite\",\"@id\":\"https:\\\/\\\/urbeamea.ro\\\/albaiulia\\\/#website\",\"url\":\"https:\\\/\\\/urbeamea.ro\\\/albaiulia\\\/\",\"name\":\"Revista Urbea Mea, Stiri urbane\",\"description\":\"Evenimente \u0219i \u0219tiri din Alba Iulia, Sebe\u0219, Aiud, Blaj\",\"potentialAction\":[{\"@type\":\"SearchAction\",\"target\":{\"@type\":\"EntryPoint\",\"urlTemplate\":\"https:\\\/\\\/urbeamea.ro\\\/albaiulia\\\/?s={search_term_string}\"},\"query-input\":{\"@type\":\"PropertyValueSpecification\",\"valueRequired\":true,\"valueName\":\"search_term_string\"}}],\"inLanguage\":\"ro-RO\"},{\"@type\":\"Person\",\"@id\":\"https:\\\/\\\/urbeamea.ro\\\/albaiulia\\\/#\\\/schema\\\/person\\\/5db3854ac38c1cc9f0ab4092d6a20f02\",\"name\":\"Giurca Sorin\",\"image\":{\"@type\":\"ImageObject\",\"inLanguage\":\"ro-RO\",\"@id\":\"https:\\\/\\\/secure.gravatar.com\\\/avatar\\\/120f6fcae7b3b47a7730cb9943f612f4909f68ac5284b5f40ac1c4615fd70576?s=96&d=mm&r=g\",\"url\":\"https:\\\/\\\/secure.gravatar.com\\\/avatar\\\/120f6fcae7b3b47a7730cb9943f612f4909f68ac5284b5f40ac1c4615fd70576?s=96&d=mm&r=g\",\"contentUrl\":\"https:\\\/\\\/secure.gravatar.com\\\/avatar\\\/120f6fcae7b3b47a7730cb9943f612f4909f68ac5284b5f40ac1c4615fd70576?s=96&d=mm&r=g\",\"caption\":\"Giurca Sorin\"},\"url\":\"https:\\\/\\\/urbeamea.ro\\\/albaiulia\\\/author\\\/sorin\\\/\"}]}<\/script>\n<!-- \/ Yoast SEO plugin. -->","yoast_head_json":{"title":"A\u0219ezarea moa\u0219telor Sf\u00e2ntului Cuvios Dometie cel Milostiv, \u00een biserica mare a M\u0103n\u0103stirii R\u00e2me\u021b - Revista Urbea Mea - Revista de Alba","description":"Miercuri, 2 iulie 2025, \u00een contextul proclam\u0103rii canoniz\u0103rii locale a Sf\u00e2ntului Cuvios Dometie cel Milostiv de la R\u00e2me\u021b (6 iulie a.c.), a avut loc","robots":{"index":"index","follow":"follow","max-snippet":"max-snippet:-1","max-image-preview":"max-image-preview:large","max-video-preview":"max-video-preview:-1"},"canonical":"https:\/\/urbeamea.ro\/albaiulia\/asezarea-moastelor-sfantului-cuvios-dometie-cel-milostiv-in-biserica-mare-a-manastirii-ramet\/","twitter_card":"summary_large_image","twitter_title":"A\u0219ezarea moa\u0219telor Sf\u00e2ntului Cuvios Dometie cel Milostiv, \u00een biserica mare a M\u0103n\u0103stirii R\u00e2me\u021b - Revista Urbea Mea - Revista de Alba","twitter_description":"Miercuri, 2 iulie 2025, \u00een contextul proclam\u0103rii canoniz\u0103rii locale a Sf\u00e2ntului Cuvios Dometie cel Milostiv de la R\u00e2me\u021b (6 iulie a.c.), a avut loc","twitter_image":"https:\/\/urbeamea.ro\/albaiulia\/wp-content\/uploads\/2025\/07\/1000041629.jpg","twitter_creator":"@urbeameaweb","twitter_site":"@urbeameaweb","schema":{"@context":"https:\/\/schema.org","@graph":[{"@type":"Article","@id":"https:\/\/urbeamea.ro\/albaiulia\/asezarea-moastelor-sfantului-cuvios-dometie-cel-milostiv-in-biserica-mare-a-manastirii-ramet\/#article","isPartOf":{"@id":"https:\/\/urbeamea.ro\/albaiulia\/asezarea-moastelor-sfantului-cuvios-dometie-cel-milostiv-in-biserica-mare-a-manastirii-ramet\/"},"author":{"name":"Giurca Sorin","@id":"https:\/\/urbeamea.ro\/albaiulia\/#\/schema\/person\/5db3854ac38c1cc9f0ab4092d6a20f02"},"headline":"A\u0219ezarea moa\u0219telor Sf\u00e2ntului Cuvios Dometie cel Milostiv, \u00een biserica mare a M\u0103n\u0103stirii R\u00e2me\u021b","datePublished":"2025-07-03T10:19:42+00:00","dateModified":"2025-07-03T10:19:44+00:00","mainEntityOfPage":{"@id":"https:\/\/urbeamea.ro\/albaiulia\/asezarea-moastelor-sfantului-cuvios-dometie-cel-milostiv-in-biserica-mare-a-manastirii-ramet\/"},"wordCount":292,"commentCount":0,"image":{"@id":"https:\/\/urbeamea.ro\/albaiulia\/asezarea-moastelor-sfantului-cuvios-dometie-cel-milostiv-in-biserica-mare-a-manastirii-ramet\/#primaryimage"},"thumbnailUrl":"https:\/\/urbeamea.ro\/albaiulia\/wp-content\/uploads\/2025\/07\/1000041629.jpg","keywords":["Dometie de la R\u00e2me\u021b","moaste"],"articleSection":["Evenimente","Social","\u015etiri Urbane","Urbea Mea"],"inLanguage":"ro-RO","potentialAction":[{"@type":"CommentAction","name":"Comment","target":["https:\/\/urbeamea.ro\/albaiulia\/asezarea-moastelor-sfantului-cuvios-dometie-cel-milostiv-in-biserica-mare-a-manastirii-ramet\/#respond"]}]},{"@type":"WebPage","@id":"https:\/\/urbeamea.ro\/albaiulia\/asezarea-moastelor-sfantului-cuvios-dometie-cel-milostiv-in-biserica-mare-a-manastirii-ramet\/","url":"https:\/\/urbeamea.ro\/albaiulia\/asezarea-moastelor-sfantului-cuvios-dometie-cel-milostiv-in-biserica-mare-a-manastirii-ramet\/","name":"A\u0219ezarea moa\u0219telor Sf\u00e2ntului Cuvios Dometie cel Milostiv, \u00een biserica mare a M\u0103n\u0103stirii R\u00e2me\u021b - Revista Urbea Mea - Revista de Alba","isPartOf":{"@id":"https:\/\/urbeamea.ro\/albaiulia\/#website"},"primaryImageOfPage":{"@id":"https:\/\/urbeamea.ro\/albaiulia\/asezarea-moastelor-sfantului-cuvios-dometie-cel-milostiv-in-biserica-mare-a-manastirii-ramet\/#primaryimage"},"image":{"@id":"https:\/\/urbeamea.ro\/albaiulia\/asezarea-moastelor-sfantului-cuvios-dometie-cel-milostiv-in-biserica-mare-a-manastirii-ramet\/#primaryimage"},"thumbnailUrl":"https:\/\/urbeamea.ro\/albaiulia\/wp-content\/uploads\/2025\/07\/1000041629.jpg","datePublished":"2025-07-03T10:19:42+00:00","dateModified":"2025-07-03T10:19:44+00:00","author":{"@id":"https:\/\/urbeamea.ro\/albaiulia\/#\/schema\/person\/5db3854ac38c1cc9f0ab4092d6a20f02"},"description":"Miercuri, 2 iulie 2025, \u00een contextul proclam\u0103rii canoniz\u0103rii locale a Sf\u00e2ntului Cuvios Dometie cel Milostiv de la R\u00e2me\u021b (6 iulie a.c.), a avut loc","breadcrumb":{"@id":"https:\/\/urbeamea.ro\/albaiulia\/asezarea-moastelor-sfantului-cuvios-dometie-cel-milostiv-in-biserica-mare-a-manastirii-ramet\/#breadcrumb"},"inLanguage":"ro-RO","potentialAction":[{"@type":"ReadAction","target":["https:\/\/urbeamea.ro\/albaiulia\/asezarea-moastelor-sfantului-cuvios-dometie-cel-milostiv-in-biserica-mare-a-manastirii-ramet\/"]}]},{"@type":"ImageObject","inLanguage":"ro-RO","@id":"https:\/\/urbeamea.ro\/albaiulia\/asezarea-moastelor-sfantului-cuvios-dometie-cel-milostiv-in-biserica-mare-a-manastirii-ramet\/#primaryimage","url":"https:\/\/urbeamea.ro\/albaiulia\/wp-content\/uploads\/2025\/07\/1000041629.jpg","contentUrl":"https:\/\/urbeamea.ro\/albaiulia\/wp-content\/uploads\/2025\/07\/1000041629.jpg","width":2048,"height":1583},{"@type":"BreadcrumbList","@id":"https:\/\/urbeamea.ro\/albaiulia\/asezarea-moastelor-sfantului-cuvios-dometie-cel-milostiv-in-biserica-mare-a-manastirii-ramet\/#breadcrumb","itemListElement":[{"@type":"ListItem","position":1,"name":"Prima pagin\u0103","item":"https:\/\/urbeamea.ro\/albaiulia\/"},{"@type":"ListItem","position":2,"name":"A\u0219ezarea moa\u0219telor Sf\u00e2ntului Cuvios Dometie cel Milostiv, \u00een biserica mare a M\u0103n\u0103stirii R\u00e2me\u021b"}]},{"@type":"WebSite","@id":"https:\/\/urbeamea.ro\/albaiulia\/#website","url":"https:\/\/urbeamea.ro\/albaiulia\/","name":"Revista Urbea Mea, Stiri urbane","description":"Evenimente \u0219i \u0219tiri din Alba Iulia, Sebe\u0219, Aiud, Blaj","potentialAction":[{"@type":"SearchAction","target":{"@type":"EntryPoint","urlTemplate":"https:\/\/urbeamea.ro\/albaiulia\/?s={search_term_string}"},"query-input":{"@type":"PropertyValueSpecification","valueRequired":true,"valueName":"search_term_string"}}],"inLanguage":"ro-RO"},{"@type":"Person","@id":"https:\/\/urbeamea.ro\/albaiulia\/#\/schema\/person\/5db3854ac38c1cc9f0ab4092d6a20f02","name":"Giurca Sorin","image":{"@type":"ImageObject","inLanguage":"ro-RO","@id":"https:\/\/secure.gravatar.com\/avatar\/120f6fcae7b3b47a7730cb9943f612f4909f68ac5284b5f40ac1c4615fd70576?s=96&d=mm&r=g","url":"https:\/\/secure.gravatar.com\/avatar\/120f6fcae7b3b47a7730cb9943f612f4909f68ac5284b5f40ac1c4615fd70576?s=96&d=mm&r=g","contentUrl":"https:\/\/secure.gravatar.com\/avatar\/120f6fcae7b3b47a7730cb9943f612f4909f68ac5284b5f40ac1c4615fd70576?s=96&d=mm&r=g","caption":"Giurca Sorin"},"url":"https:\/\/urbeamea.ro\/albaiulia\/author\/sorin\/"}]}},"_links":{"self":[{"href":"https:\/\/urbeamea.ro\/albaiulia\/wp-json\/wp\/v2\/posts\/118432","targetHints":{"allow":["GET"]}}],"collection":[{"href":"https:\/\/urbeamea.ro\/albaiulia\/wp-json\/wp\/v2\/posts"}],"about":[{"href":"https:\/\/urbeamea.ro\/albaiulia\/wp-json\/wp\/v2\/types\/post"}],"author":[{"embeddable":true,"href":"https:\/\/urbeamea.ro\/albaiulia\/wp-json\/wp\/v2\/users\/28"}],"replies":[{"embeddable":true,"href":"https:\/\/urbeamea.ro\/albaiulia\/wp-json\/wp\/v2\/comments?post=118432"}],"version-history":[{"count":1,"href":"https:\/\/urbeamea.ro\/albaiulia\/wp-json\/wp\/v2\/posts\/118432\/revisions"}],"predecessor-version":[{"id":118440,"href":"https:\/\/urbeamea.ro\/albaiulia\/wp-json\/wp\/v2\/posts\/118432\/revisions\/118440"}],"wp:featuredmedia":[{"embeddable":true,"href":"https:\/\/urbeamea.ro\/albaiulia\/wp-json\/wp\/v2\/media\/118433"}],"wp:attachment":[{"href":"https:\/\/urbeamea.ro\/albaiulia\/wp-json\/wp\/v2\/media?parent=118432"}],"wp:term":[{"taxonomy":"category","embeddable":true,"href":"https:\/\/urbeamea.ro\/albaiulia\/wp-json\/wp\/v2\/categories?post=118432"},{"taxonomy":"post_tag","embeddable":true,"href":"https:\/\/urbeamea.ro\/albaiulia\/wp-json\/wp\/v2\/tags?post=118432"}],"curies":[{"name":"wp","href":"https:\/\/api.w.org\/{rel}","templated":true}]}}