{"id":118454,"date":"2025-07-03T13:38:53","date_gmt":"2025-07-03T10:38:53","guid":{"rendered":"https:\/\/urbeamea.ro\/albaiulia\/?p=118454"},"modified":"2025-07-03T13:38:54","modified_gmt":"2025-07-03T10:38:54","slug":"sambata-5-iulie-va-avea-loc-premiera-spectacolului-cei-trei-purcelusi-la-teatrul-de-papusi-prichindel","status":"publish","type":"post","link":"https:\/\/urbeamea.ro\/albaiulia\/sambata-5-iulie-va-avea-loc-premiera-spectacolului-cei-trei-purcelusi-la-teatrul-de-papusi-prichindel\/","title":{"rendered":"S\u00e2mb\u0103t\u0103, 5 iulie, va avea loc premiera spectacolului \u201eCei trei purcelu\u0219i\u201d, la Teatrul de P\u0103pu\u0219i \u201ePrichindel\u201d"},"content":{"rendered":"\n<p>Teatrul de P\u0103pu\u0219i \u201ePrichindel\u201d v\u0103 invit\u0103 la <strong>premiera<\/strong> spectacolului \u201eCei trei purcelu\u0219i\u201d, scenariul \u0219i regia Teodora Popa \u0219i Viorica Boda, <strong>s\u00e2mb\u0103t\u0103, 5 iulie 2025, ora 12:00, la sediul teatrului.<\/strong><\/p>\n\n\n\n<p>A\u0219adar, v\u0103 invit\u0103m s\u0103 face\u021bi cuno\u0219tin\u021b\u0103 cu cei trei simpatici purcelu\u0219i: Nif-Nif, Naf-Naf \u0219i Nuf-Nuf, fiecare cu farmecul lui, unii mai lene\u0219i, altul mai iste\u021b, unii mai zburdalnici, altul mai a\u0219ezat, dar \u0219i cu un lup extrem de original, foarte muzical \u0219i \u0219mecher, \u00een opinia sa.<\/p>\n\n\n\n<p>\u201ePove\u0219tile clasice nu \u0219i-au pierdut farmecul, nici prospe\u021bimea \u00eenv\u0103\u021b\u0103turilor cu care au fost impregnate. Trebuie s\u0103 z\u0103bovim cu to\u021bii, cei mici, dar \u0219i cei mari, asupra mesajelor ascunse \u00een pove\u0219ti, unele vechi de c\u00e2nd lumea, s\u0103 le primim \u00een g\u00e2ndurile \u0219i \u00een sufletul nostru. A\u0219adar, haide\u021bi s\u0103 descoperim \u00eempreun\u0103 tr\u0103inicia \u0219i importan\u021ba lucrurilor pe care trebuie s\u0103 le facem \u00een via\u021b\u0103 cu responsabilitate!<\/p>\n\n\n\n<p><em>Cu pu\u021bin\u0103 iste\u021bime<\/em><em><\/em><\/p>\n\n\n\n<p><em>Transform\u0103m r\u0103ul \u00een bine!<\/em><em><\/em><\/p>\n\n\n\n<p><em>Noi trei fr\u0103\u021biori suntem<\/em><em><\/em><\/p>\n\n\n\n<p><em>C\u00e2nt\u0103m veseli \u0219i dans\u0103m!<\/em><\/p>\n\n\n\n<p>\u0218i la teatru v-a\u0219tept\u0103m!&#8230; &nbsp;ad\u0103ug\u0103m noi, arti\u0219tii.\u201d \u2013 Teodora Popa.<\/p>\n\n\n\n<p>&nbsp;&nbsp;&nbsp;&nbsp;&nbsp;&nbsp;&nbsp;&nbsp;&nbsp;&nbsp;&nbsp; Cu aceast\u0103 premier\u0103 \u00eencheiem stagiunea 2024-2025 \u0219i v\u0103 invit\u0103m s\u0103 ne revedem \u00een toamn\u0103, cu energie \u0219i mult spor. Vacan\u021b\u0103 frumoas\u0103, tuturor copiilor!<\/p>\n\n\n\n<p><strong>\u201eCEI TREI PURCELU\u0218I\u201d<\/strong><\/p>\n\n\n\n<p>Regia \u0219i scenariul: Teodora Popa \u0219i Viorica Boda<\/p>\n\n\n\n<p>Scenografia: Attila Bajk\u00f3<\/p>\n\n\n\n<p>Muzica: Levente Sz\u00f6cs<\/p>\n\n\n\n<p>Versuri c\u00e2ntece: Adam Boboc<\/p>\n\n\n\n<p>Distribu\u021bia: Viorica Boda, Teodora Popa, Irina Melnic, M\u0103d\u0103lin Costea<\/p>\n\n\n\n<p>Regia tehnic\u0103: Elena Madaras<\/p>\n\n\n\n<p>Lumini: Ovidiu T\u0103m\u0103\u0219an, C\u0103lin Popa<\/p>\n\n\n\n<p>Sunet: Florin Andrea<\/p>\n\n\n\n<p>Ma\u0219inist: Gheorghe Ha\u021began<\/p>\n\n\n\n<p>Croitorie: Mirela T\u0103m\u0103\u0219an<\/p>\n\n\n\n<p>Manager: Ioana Bog\u0103\u021ban<\/p>\n\n\n\n<p>V\u00e2rsta: 4+ \/ durata: 45 min.<\/p>\n\n\n\n<p>Biletele se pot achizi\u021biona de la sediul teatrului, de luni p\u00e2n\u0103 vineri, \u00eentre orele 9:00 \u0219i 14:00 sau online pe <a href=\"http:\/\/www.teatrulalba.ro\">www.teatrulalba.ro<\/a>.<\/p>\n\n\n\n<p>&nbsp;&nbsp;&nbsp;&nbsp;&nbsp;&nbsp;&nbsp;&nbsp;&nbsp;&nbsp;&nbsp; Pre\u021bul biletelor este de :<\/p>\n\n\n\n<ul class=\"wp-block-list\">\n<li>7 lei pentru copii \u0219i elevi;<\/li>\n\n\n\n<li>15 lei pentru studen\u021bi \u0219i pensionari;<\/li>\n\n\n\n<li>30 lei pentru adul\u021bi.<\/li>\n<\/ul>\n\n\n\n<figure class=\"wp-block-image size-large\"><img loading=\"lazy\" decoding=\"async\" width=\"897\" height=\"1280\" src=\"https:\/\/urbeamea.ro\/albaiulia\/wp-content\/uploads\/2025\/07\/Afis_Cei-trei-purcelusi-897x1280.jpg\" alt=\"\" class=\"wp-image-118456\" srcset=\"https:\/\/urbeamea.ro\/albaiulia\/wp-content\/uploads\/2025\/07\/Afis_Cei-trei-purcelusi-897x1280.jpg 897w, https:\/\/urbeamea.ro\/albaiulia\/wp-content\/uploads\/2025\/07\/Afis_Cei-trei-purcelusi-448x640.jpg 448w, https:\/\/urbeamea.ro\/albaiulia\/wp-content\/uploads\/2025\/07\/Afis_Cei-trei-purcelusi-105x150.jpg 105w, https:\/\/urbeamea.ro\/albaiulia\/wp-content\/uploads\/2025\/07\/Afis_Cei-trei-purcelusi-768x1096.jpg 768w, https:\/\/urbeamea.ro\/albaiulia\/wp-content\/uploads\/2025\/07\/Afis_Cei-trei-purcelusi-1076x1536.jpg 1076w, https:\/\/urbeamea.ro\/albaiulia\/wp-content\/uploads\/2025\/07\/Afis_Cei-trei-purcelusi.jpg 1121w\" sizes=\"auto, (max-width: 897px) 100vw, 897px\" \/><\/figure>\n","protected":false},"excerpt":{"rendered":"<p>Teatrul de P\u0103pu\u0219i \u201ePrichindel\u201d v\u0103 invit\u0103 la premiera spectacolului \u201eCei trei purcelu\u0219i\u201d, scenariul \u0219i regia Teodora Popa \u0219i Viorica Boda, s\u00e2mb\u0103t\u0103, 5 iulie 2025, ora 12:00, la sediul teatrului. A\u0219adar, v\u0103 invit\u0103m s\u0103 face\u021bi cuno\u0219tin\u021b\u0103 cu cei trei simpatici purcelu\u0219i: Nif-Nif, Naf-Naf \u0219i Nuf-Nuf, fiecare cu farmecul lui, unii mai lene\u0219i, altul mai iste\u021b, unii &hellip;<\/p>\n","protected":false},"author":16,"featured_media":118455,"comment_status":"open","ping_status":"open","sticky":false,"template":"","format":"standard","meta":{"inline_featured_image":false,"footnotes":""},"categories":[4],"tags":[],"class_list":["post-118454","post","type-post","status-publish","format-standard","has-post-thumbnail","hentry","category-eveniment"],"yoast_head":"<!-- This site is optimized with the Yoast SEO plugin v27.4 - https:\/\/yoast.com\/product\/yoast-seo-wordpress\/ -->\n<title>S\u00e2mb\u0103t\u0103, 5 iulie, va avea loc premiera spectacolului \u201eCei trei purcelu\u0219i\u201d, la Teatrul de P\u0103pu\u0219i \u201ePrichindel\u201d - Revista Urbea Mea - Revista de Alba<\/title>\n<meta name=\"description\" content=\"Teatrul de P\u0103pu\u0219i \u201ePrichindel\u201d v\u0103 invit\u0103 la premiera spectacolului \u201eCei trei purcelu\u0219i\u201d, scenariul \u0219i regia Teodora Popa \u0219i Viorica Boda, s\u00e2mb\u0103t\u0103, 5 iulie\" \/>\n<meta name=\"robots\" content=\"index, follow, max-snippet:-1, max-image-preview:large, max-video-preview:-1\" \/>\n<link rel=\"canonical\" href=\"https:\/\/urbeamea.ro\/albaiulia\/sambata-5-iulie-va-avea-loc-premiera-spectacolului-cei-trei-purcelusi-la-teatrul-de-papusi-prichindel\/\" \/>\n<meta name=\"twitter:card\" content=\"summary_large_image\" \/>\n<meta name=\"twitter:title\" content=\"S\u00e2mb\u0103t\u0103, 5 iulie, va avea loc premiera spectacolului \u201eCei trei purcelu\u0219i\u201d, la Teatrul de P\u0103pu\u0219i \u201ePrichindel\u201d - Revista Urbea Mea - Revista de Alba\" \/>\n<meta name=\"twitter:description\" content=\"Teatrul de P\u0103pu\u0219i \u201ePrichindel\u201d v\u0103 invit\u0103 la premiera spectacolului \u201eCei trei purcelu\u0219i\u201d, scenariul \u0219i regia Teodora Popa \u0219i Viorica Boda, s\u00e2mb\u0103t\u0103, 5 iulie\" \/>\n<meta name=\"twitter:image\" content=\"https:\/\/urbeamea.ro\/albaiulia\/wp-content\/uploads\/2025\/07\/Cei-trei-purcelusi_macheta-online.jpg\" \/>\n<meta name=\"twitter:creator\" content=\"@urbeameaweb\" \/>\n<meta name=\"twitter:site\" content=\"@urbeameaweb\" \/>\n<script type=\"application\/ld+json\" class=\"yoast-schema-graph\">{\"@context\":\"https:\\\/\\\/schema.org\",\"@graph\":[{\"@type\":\"Article\",\"@id\":\"https:\\\/\\\/urbeamea.ro\\\/albaiulia\\\/sambata-5-iulie-va-avea-loc-premiera-spectacolului-cei-trei-purcelusi-la-teatrul-de-papusi-prichindel\\\/#article\",\"isPartOf\":{\"@id\":\"https:\\\/\\\/urbeamea.ro\\\/albaiulia\\\/sambata-5-iulie-va-avea-loc-premiera-spectacolului-cei-trei-purcelusi-la-teatrul-de-papusi-prichindel\\\/\"},\"author\":{\"name\":\"Redac\u021bia UrbeaMea\",\"@id\":\"https:\\\/\\\/urbeamea.ro\\\/albaiulia\\\/#\\\/schema\\\/person\\\/272ae98052f8ee8980f59848df070247\"},\"headline\":\"S\u00e2mb\u0103t\u0103, 5 iulie, va avea loc premiera spectacolului \u201eCei trei purcelu\u0219i\u201d, la Teatrul de P\u0103pu\u0219i \u201ePrichindel\u201d\",\"datePublished\":\"2025-07-03T10:38:53+00:00\",\"dateModified\":\"2025-07-03T10:38:54+00:00\",\"mainEntityOfPage\":{\"@id\":\"https:\\\/\\\/urbeamea.ro\\\/albaiulia\\\/sambata-5-iulie-va-avea-loc-premiera-spectacolului-cei-trei-purcelusi-la-teatrul-de-papusi-prichindel\\\/\"},\"wordCount\":375,\"commentCount\":0,\"image\":{\"@id\":\"https:\\\/\\\/urbeamea.ro\\\/albaiulia\\\/sambata-5-iulie-va-avea-loc-premiera-spectacolului-cei-trei-purcelusi-la-teatrul-de-papusi-prichindel\\\/#primaryimage\"},\"thumbnailUrl\":\"https:\\\/\\\/urbeamea.ro\\\/albaiulia\\\/wp-content\\\/uploads\\\/2025\\\/07\\\/Cei-trei-purcelusi_macheta-online.jpg\",\"articleSection\":[\"Evenimente\"],\"inLanguage\":\"ro-RO\",\"potentialAction\":[{\"@type\":\"CommentAction\",\"name\":\"Comment\",\"target\":[\"https:\\\/\\\/urbeamea.ro\\\/albaiulia\\\/sambata-5-iulie-va-avea-loc-premiera-spectacolului-cei-trei-purcelusi-la-teatrul-de-papusi-prichindel\\\/#respond\"]}]},{\"@type\":\"WebPage\",\"@id\":\"https:\\\/\\\/urbeamea.ro\\\/albaiulia\\\/sambata-5-iulie-va-avea-loc-premiera-spectacolului-cei-trei-purcelusi-la-teatrul-de-papusi-prichindel\\\/\",\"url\":\"https:\\\/\\\/urbeamea.ro\\\/albaiulia\\\/sambata-5-iulie-va-avea-loc-premiera-spectacolului-cei-trei-purcelusi-la-teatrul-de-papusi-prichindel\\\/\",\"name\":\"S\u00e2mb\u0103t\u0103, 5 iulie, va avea loc premiera spectacolului \u201eCei trei purcelu\u0219i\u201d, la Teatrul de P\u0103pu\u0219i \u201ePrichindel\u201d - Revista Urbea Mea - Revista de Alba\",\"isPartOf\":{\"@id\":\"https:\\\/\\\/urbeamea.ro\\\/albaiulia\\\/#website\"},\"primaryImageOfPage\":{\"@id\":\"https:\\\/\\\/urbeamea.ro\\\/albaiulia\\\/sambata-5-iulie-va-avea-loc-premiera-spectacolului-cei-trei-purcelusi-la-teatrul-de-papusi-prichindel\\\/#primaryimage\"},\"image\":{\"@id\":\"https:\\\/\\\/urbeamea.ro\\\/albaiulia\\\/sambata-5-iulie-va-avea-loc-premiera-spectacolului-cei-trei-purcelusi-la-teatrul-de-papusi-prichindel\\\/#primaryimage\"},\"thumbnailUrl\":\"https:\\\/\\\/urbeamea.ro\\\/albaiulia\\\/wp-content\\\/uploads\\\/2025\\\/07\\\/Cei-trei-purcelusi_macheta-online.jpg\",\"datePublished\":\"2025-07-03T10:38:53+00:00\",\"dateModified\":\"2025-07-03T10:38:54+00:00\",\"author\":{\"@id\":\"https:\\\/\\\/urbeamea.ro\\\/albaiulia\\\/#\\\/schema\\\/person\\\/272ae98052f8ee8980f59848df070247\"},\"description\":\"Teatrul de P\u0103pu\u0219i \u201ePrichindel\u201d v\u0103 invit\u0103 la premiera spectacolului \u201eCei trei purcelu\u0219i\u201d, scenariul \u0219i regia Teodora Popa \u0219i Viorica Boda, s\u00e2mb\u0103t\u0103, 5 iulie\",\"breadcrumb\":{\"@id\":\"https:\\\/\\\/urbeamea.ro\\\/albaiulia\\\/sambata-5-iulie-va-avea-loc-premiera-spectacolului-cei-trei-purcelusi-la-teatrul-de-papusi-prichindel\\\/#breadcrumb\"},\"inLanguage\":\"ro-RO\",\"potentialAction\":[{\"@type\":\"ReadAction\",\"target\":[\"https:\\\/\\\/urbeamea.ro\\\/albaiulia\\\/sambata-5-iulie-va-avea-loc-premiera-spectacolului-cei-trei-purcelusi-la-teatrul-de-papusi-prichindel\\\/\"]}]},{\"@type\":\"ImageObject\",\"inLanguage\":\"ro-RO\",\"@id\":\"https:\\\/\\\/urbeamea.ro\\\/albaiulia\\\/sambata-5-iulie-va-avea-loc-premiera-spectacolului-cei-trei-purcelusi-la-teatrul-de-papusi-prichindel\\\/#primaryimage\",\"url\":\"https:\\\/\\\/urbeamea.ro\\\/albaiulia\\\/wp-content\\\/uploads\\\/2025\\\/07\\\/Cei-trei-purcelusi_macheta-online.jpg\",\"contentUrl\":\"https:\\\/\\\/urbeamea.ro\\\/albaiulia\\\/wp-content\\\/uploads\\\/2025\\\/07\\\/Cei-trei-purcelusi_macheta-online.jpg\",\"width\":1536,\"height\":804},{\"@type\":\"BreadcrumbList\",\"@id\":\"https:\\\/\\\/urbeamea.ro\\\/albaiulia\\\/sambata-5-iulie-va-avea-loc-premiera-spectacolului-cei-trei-purcelusi-la-teatrul-de-papusi-prichindel\\\/#breadcrumb\",\"itemListElement\":[{\"@type\":\"ListItem\",\"position\":1,\"name\":\"Prima pagin\u0103\",\"item\":\"https:\\\/\\\/urbeamea.ro\\\/albaiulia\\\/\"},{\"@type\":\"ListItem\",\"position\":2,\"name\":\"S\u00e2mb\u0103t\u0103, 5 iulie, va avea loc premiera spectacolului \u201eCei trei purcelu\u0219i\u201d, la Teatrul de P\u0103pu\u0219i \u201ePrichindel\u201d\"}]},{\"@type\":\"WebSite\",\"@id\":\"https:\\\/\\\/urbeamea.ro\\\/albaiulia\\\/#website\",\"url\":\"https:\\\/\\\/urbeamea.ro\\\/albaiulia\\\/\",\"name\":\"Revista Urbea Mea, Stiri urbane\",\"description\":\"Evenimente \u0219i \u0219tiri din Alba Iulia, Sebe\u0219, Aiud, Blaj\",\"potentialAction\":[{\"@type\":\"SearchAction\",\"target\":{\"@type\":\"EntryPoint\",\"urlTemplate\":\"https:\\\/\\\/urbeamea.ro\\\/albaiulia\\\/?s={search_term_string}\"},\"query-input\":{\"@type\":\"PropertyValueSpecification\",\"valueRequired\":true,\"valueName\":\"search_term_string\"}}],\"inLanguage\":\"ro-RO\"},{\"@type\":\"Person\",\"@id\":\"https:\\\/\\\/urbeamea.ro\\\/albaiulia\\\/#\\\/schema\\\/person\\\/272ae98052f8ee8980f59848df070247\",\"name\":\"Redac\u021bia UrbeaMea\",\"image\":{\"@type\":\"ImageObject\",\"inLanguage\":\"ro-RO\",\"@id\":\"https:\\\/\\\/secure.gravatar.com\\\/avatar\\\/9ce5a9435071fa1037e8468053ead8e513dbbff59009d3069aadb85506d85a27?s=96&d=mm&r=g\",\"url\":\"https:\\\/\\\/secure.gravatar.com\\\/avatar\\\/9ce5a9435071fa1037e8468053ead8e513dbbff59009d3069aadb85506d85a27?s=96&d=mm&r=g\",\"contentUrl\":\"https:\\\/\\\/secure.gravatar.com\\\/avatar\\\/9ce5a9435071fa1037e8468053ead8e513dbbff59009d3069aadb85506d85a27?s=96&d=mm&r=g\",\"caption\":\"Redac\u021bia UrbeaMea\"},\"description\":\"contact@urbeamea.ro\",\"sameAs\":[\"https:\\\/\\\/www.urbeamea.ro\"],\"url\":\"https:\\\/\\\/urbeamea.ro\\\/albaiulia\\\/author\\\/redactia-urbeamea\\\/\"}]}<\/script>\n<!-- \/ Yoast SEO plugin. -->","yoast_head_json":{"title":"S\u00e2mb\u0103t\u0103, 5 iulie, va avea loc premiera spectacolului \u201eCei trei purcelu\u0219i\u201d, la Teatrul de P\u0103pu\u0219i \u201ePrichindel\u201d - Revista Urbea Mea - Revista de Alba","description":"Teatrul de P\u0103pu\u0219i \u201ePrichindel\u201d v\u0103 invit\u0103 la premiera spectacolului \u201eCei trei purcelu\u0219i\u201d, scenariul \u0219i regia Teodora Popa \u0219i Viorica Boda, s\u00e2mb\u0103t\u0103, 5 iulie","robots":{"index":"index","follow":"follow","max-snippet":"max-snippet:-1","max-image-preview":"max-image-preview:large","max-video-preview":"max-video-preview:-1"},"canonical":"https:\/\/urbeamea.ro\/albaiulia\/sambata-5-iulie-va-avea-loc-premiera-spectacolului-cei-trei-purcelusi-la-teatrul-de-papusi-prichindel\/","twitter_card":"summary_large_image","twitter_title":"S\u00e2mb\u0103t\u0103, 5 iulie, va avea loc premiera spectacolului \u201eCei trei purcelu\u0219i\u201d, la Teatrul de P\u0103pu\u0219i \u201ePrichindel\u201d - Revista Urbea Mea - Revista de Alba","twitter_description":"Teatrul de P\u0103pu\u0219i \u201ePrichindel\u201d v\u0103 invit\u0103 la premiera spectacolului \u201eCei trei purcelu\u0219i\u201d, scenariul \u0219i regia Teodora Popa \u0219i Viorica Boda, s\u00e2mb\u0103t\u0103, 5 iulie","twitter_image":"https:\/\/urbeamea.ro\/albaiulia\/wp-content\/uploads\/2025\/07\/Cei-trei-purcelusi_macheta-online.jpg","twitter_creator":"@urbeameaweb","twitter_site":"@urbeameaweb","schema":{"@context":"https:\/\/schema.org","@graph":[{"@type":"Article","@id":"https:\/\/urbeamea.ro\/albaiulia\/sambata-5-iulie-va-avea-loc-premiera-spectacolului-cei-trei-purcelusi-la-teatrul-de-papusi-prichindel\/#article","isPartOf":{"@id":"https:\/\/urbeamea.ro\/albaiulia\/sambata-5-iulie-va-avea-loc-premiera-spectacolului-cei-trei-purcelusi-la-teatrul-de-papusi-prichindel\/"},"author":{"name":"Redac\u021bia UrbeaMea","@id":"https:\/\/urbeamea.ro\/albaiulia\/#\/schema\/person\/272ae98052f8ee8980f59848df070247"},"headline":"S\u00e2mb\u0103t\u0103, 5 iulie, va avea loc premiera spectacolului \u201eCei trei purcelu\u0219i\u201d, la Teatrul de P\u0103pu\u0219i \u201ePrichindel\u201d","datePublished":"2025-07-03T10:38:53+00:00","dateModified":"2025-07-03T10:38:54+00:00","mainEntityOfPage":{"@id":"https:\/\/urbeamea.ro\/albaiulia\/sambata-5-iulie-va-avea-loc-premiera-spectacolului-cei-trei-purcelusi-la-teatrul-de-papusi-prichindel\/"},"wordCount":375,"commentCount":0,"image":{"@id":"https:\/\/urbeamea.ro\/albaiulia\/sambata-5-iulie-va-avea-loc-premiera-spectacolului-cei-trei-purcelusi-la-teatrul-de-papusi-prichindel\/#primaryimage"},"thumbnailUrl":"https:\/\/urbeamea.ro\/albaiulia\/wp-content\/uploads\/2025\/07\/Cei-trei-purcelusi_macheta-online.jpg","articleSection":["Evenimente"],"inLanguage":"ro-RO","potentialAction":[{"@type":"CommentAction","name":"Comment","target":["https:\/\/urbeamea.ro\/albaiulia\/sambata-5-iulie-va-avea-loc-premiera-spectacolului-cei-trei-purcelusi-la-teatrul-de-papusi-prichindel\/#respond"]}]},{"@type":"WebPage","@id":"https:\/\/urbeamea.ro\/albaiulia\/sambata-5-iulie-va-avea-loc-premiera-spectacolului-cei-trei-purcelusi-la-teatrul-de-papusi-prichindel\/","url":"https:\/\/urbeamea.ro\/albaiulia\/sambata-5-iulie-va-avea-loc-premiera-spectacolului-cei-trei-purcelusi-la-teatrul-de-papusi-prichindel\/","name":"S\u00e2mb\u0103t\u0103, 5 iulie, va avea loc premiera spectacolului \u201eCei trei purcelu\u0219i\u201d, la Teatrul de P\u0103pu\u0219i \u201ePrichindel\u201d - Revista Urbea Mea - Revista de Alba","isPartOf":{"@id":"https:\/\/urbeamea.ro\/albaiulia\/#website"},"primaryImageOfPage":{"@id":"https:\/\/urbeamea.ro\/albaiulia\/sambata-5-iulie-va-avea-loc-premiera-spectacolului-cei-trei-purcelusi-la-teatrul-de-papusi-prichindel\/#primaryimage"},"image":{"@id":"https:\/\/urbeamea.ro\/albaiulia\/sambata-5-iulie-va-avea-loc-premiera-spectacolului-cei-trei-purcelusi-la-teatrul-de-papusi-prichindel\/#primaryimage"},"thumbnailUrl":"https:\/\/urbeamea.ro\/albaiulia\/wp-content\/uploads\/2025\/07\/Cei-trei-purcelusi_macheta-online.jpg","datePublished":"2025-07-03T10:38:53+00:00","dateModified":"2025-07-03T10:38:54+00:00","author":{"@id":"https:\/\/urbeamea.ro\/albaiulia\/#\/schema\/person\/272ae98052f8ee8980f59848df070247"},"description":"Teatrul de P\u0103pu\u0219i \u201ePrichindel\u201d v\u0103 invit\u0103 la premiera spectacolului \u201eCei trei purcelu\u0219i\u201d, scenariul \u0219i regia Teodora Popa \u0219i Viorica Boda, s\u00e2mb\u0103t\u0103, 5 iulie","breadcrumb":{"@id":"https:\/\/urbeamea.ro\/albaiulia\/sambata-5-iulie-va-avea-loc-premiera-spectacolului-cei-trei-purcelusi-la-teatrul-de-papusi-prichindel\/#breadcrumb"},"inLanguage":"ro-RO","potentialAction":[{"@type":"ReadAction","target":["https:\/\/urbeamea.ro\/albaiulia\/sambata-5-iulie-va-avea-loc-premiera-spectacolului-cei-trei-purcelusi-la-teatrul-de-papusi-prichindel\/"]}]},{"@type":"ImageObject","inLanguage":"ro-RO","@id":"https:\/\/urbeamea.ro\/albaiulia\/sambata-5-iulie-va-avea-loc-premiera-spectacolului-cei-trei-purcelusi-la-teatrul-de-papusi-prichindel\/#primaryimage","url":"https:\/\/urbeamea.ro\/albaiulia\/wp-content\/uploads\/2025\/07\/Cei-trei-purcelusi_macheta-online.jpg","contentUrl":"https:\/\/urbeamea.ro\/albaiulia\/wp-content\/uploads\/2025\/07\/Cei-trei-purcelusi_macheta-online.jpg","width":1536,"height":804},{"@type":"BreadcrumbList","@id":"https:\/\/urbeamea.ro\/albaiulia\/sambata-5-iulie-va-avea-loc-premiera-spectacolului-cei-trei-purcelusi-la-teatrul-de-papusi-prichindel\/#breadcrumb","itemListElement":[{"@type":"ListItem","position":1,"name":"Prima pagin\u0103","item":"https:\/\/urbeamea.ro\/albaiulia\/"},{"@type":"ListItem","position":2,"name":"S\u00e2mb\u0103t\u0103, 5 iulie, va avea loc premiera spectacolului \u201eCei trei purcelu\u0219i\u201d, la Teatrul de P\u0103pu\u0219i \u201ePrichindel\u201d"}]},{"@type":"WebSite","@id":"https:\/\/urbeamea.ro\/albaiulia\/#website","url":"https:\/\/urbeamea.ro\/albaiulia\/","name":"Revista Urbea Mea, Stiri urbane","description":"Evenimente \u0219i \u0219tiri din Alba Iulia, Sebe\u0219, Aiud, Blaj","potentialAction":[{"@type":"SearchAction","target":{"@type":"EntryPoint","urlTemplate":"https:\/\/urbeamea.ro\/albaiulia\/?s={search_term_string}"},"query-input":{"@type":"PropertyValueSpecification","valueRequired":true,"valueName":"search_term_string"}}],"inLanguage":"ro-RO"},{"@type":"Person","@id":"https:\/\/urbeamea.ro\/albaiulia\/#\/schema\/person\/272ae98052f8ee8980f59848df070247","name":"Redac\u021bia UrbeaMea","image":{"@type":"ImageObject","inLanguage":"ro-RO","@id":"https:\/\/secure.gravatar.com\/avatar\/9ce5a9435071fa1037e8468053ead8e513dbbff59009d3069aadb85506d85a27?s=96&d=mm&r=g","url":"https:\/\/secure.gravatar.com\/avatar\/9ce5a9435071fa1037e8468053ead8e513dbbff59009d3069aadb85506d85a27?s=96&d=mm&r=g","contentUrl":"https:\/\/secure.gravatar.com\/avatar\/9ce5a9435071fa1037e8468053ead8e513dbbff59009d3069aadb85506d85a27?s=96&d=mm&r=g","caption":"Redac\u021bia UrbeaMea"},"description":"contact@urbeamea.ro","sameAs":["https:\/\/www.urbeamea.ro"],"url":"https:\/\/urbeamea.ro\/albaiulia\/author\/redactia-urbeamea\/"}]}},"_links":{"self":[{"href":"https:\/\/urbeamea.ro\/albaiulia\/wp-json\/wp\/v2\/posts\/118454","targetHints":{"allow":["GET"]}}],"collection":[{"href":"https:\/\/urbeamea.ro\/albaiulia\/wp-json\/wp\/v2\/posts"}],"about":[{"href":"https:\/\/urbeamea.ro\/albaiulia\/wp-json\/wp\/v2\/types\/post"}],"author":[{"embeddable":true,"href":"https:\/\/urbeamea.ro\/albaiulia\/wp-json\/wp\/v2\/users\/16"}],"replies":[{"embeddable":true,"href":"https:\/\/urbeamea.ro\/albaiulia\/wp-json\/wp\/v2\/comments?post=118454"}],"version-history":[{"count":1,"href":"https:\/\/urbeamea.ro\/albaiulia\/wp-json\/wp\/v2\/posts\/118454\/revisions"}],"predecessor-version":[{"id":118457,"href":"https:\/\/urbeamea.ro\/albaiulia\/wp-json\/wp\/v2\/posts\/118454\/revisions\/118457"}],"wp:featuredmedia":[{"embeddable":true,"href":"https:\/\/urbeamea.ro\/albaiulia\/wp-json\/wp\/v2\/media\/118455"}],"wp:attachment":[{"href":"https:\/\/urbeamea.ro\/albaiulia\/wp-json\/wp\/v2\/media?parent=118454"}],"wp:term":[{"taxonomy":"category","embeddable":true,"href":"https:\/\/urbeamea.ro\/albaiulia\/wp-json\/wp\/v2\/categories?post=118454"},{"taxonomy":"post_tag","embeddable":true,"href":"https:\/\/urbeamea.ro\/albaiulia\/wp-json\/wp\/v2\/tags?post=118454"}],"curies":[{"name":"wp","href":"https:\/\/api.w.org\/{rel}","templated":true}]}}