{"id":118472,"date":"2025-07-03T14:00:53","date_gmt":"2025-07-03T11:00:53","guid":{"rendered":"https:\/\/urbeamea.ro\/albaiulia\/?p=118472"},"modified":"2025-07-03T14:00:55","modified_gmt":"2025-07-03T11:00:55","slug":"noi-achizitii-de-carte-la-biblioteca-judeteana-lucian-blaga-alba","status":"publish","type":"post","link":"https:\/\/urbeamea.ro\/albaiulia\/noi-achizitii-de-carte-la-biblioteca-judeteana-lucian-blaga-alba\/","title":{"rendered":"Noi achizi\u021bii de carte, la Biblioteca Jude\u021bean\u0103 &#8222;Lucian Blaga&#8221; Alba"},"content":{"rendered":"\n<p><strong>Biblioteca public\u0103 joac\u0103 un rol foarte important \u00een comunit\u0103\u0163ile deservite, fiind principalul mijloc prin care se ofer\u0103 servicii de informare \u015fi documentare, contribuind astfel la dezvoltarea personal\u0103 a utilizatorilor, prin educa\u0163ia formal\u0103, prin educa\u0163ia pe tot parcursul vie\u0163ii, prin activit\u0103\u0163i de petrecere a timpului liber sau prin acces la o gam\u0103 larg\u0103 de informa\u0163ii. <\/strong><\/p>\n\n\n\n<p>De aceea este vital ca biblioteca public\u0103 s\u0103 aib\u0103 o politic\u0103 coerent\u0103 de \u00eennoire \u0219i diversificare a fondului de carte, \u00een deplin acord cu nevoile comunit\u0103\u021bii.<\/p>\n\n\n\n<p> Acestea sunt \u0219i obiectivele care stau la baza achizi\u021biei de carte la Biblioteca Jude\u021bean\u0103 \u201eLucian Blaga\u201d Alba, o bibliotec\u0103 public\u0103 ce deserve\u0219te at\u00e2t municipiul Alba Iulia, c\u00e2t \u0219i pe to\u021bi cei interesa\u021bi de colec\u021biile ei, din jude\u021bul Alba. <\/p>\n\n\n\n<p>Achizi\u021bia se realizeaz\u0103 de c\u0103tre compartimentul de achizi\u0163ie prin intermediul proiectului 1.1 Achizi\u021bie carte \u0219i periodice \u0219i se face \u00een baza unei politici de achizi\u0163ie echilibrat\u0103, \u00een concordan\u021b\u0103 cu cerin\u021bele cititorilor. <\/p>\n\n\n\n<p>\u021ain\u00e2nd cont de aceste obiective, Biblioteca Jude\u021bean\u0103 \u201eLucian Blaga\u201d Alba a achizi\u021bionat, de la \u00eenceputul anului curent \u0219i p\u00e2n\u0103 la 30 iunie 2025 un num\u0103r de 993 titluri, respectiv 1572 volume \u0219i 2 resurse electronice (abonamente online). <\/p>\n\n\n\n<p>Bugetul alocat \u00een anul 2025 pentru achizi\u021bia de carte a fost de 200.000 de lei, din care s-au cheltuit p\u00e2n\u0103 \u00een prezent 68366,07 de lei.<\/p>\n\n\n\n<p>\u201eDorim ca biblioteca s\u0103 r\u0103m\u00e2n\u0103 un spa\u021biu viu, actual \u0219i relevant pentru to\u021bi membrii comunit\u0103\u021bii. Prin aceste achizi\u021bii, venim \u00een \u00eent\u00e2mpinarea nevoilor de informare, educa\u021bie \u0219i relaxare ale publicului nostru tot mai divers\u201d, a declarat managerul institu\u021biei.<\/p>\n\n\n\n<p> Asupra colec\u021biilor de carte \u0219i a programului de activit\u0103\u021bi se pot informa at\u00e2t pe site-ul institu\u021biei noastre, la adresa https:\/\/www.bjalba.ro\/ c\u00e2t \u0219i pe pagina de Facebook, la adresa https:\/\/www.facebook.com\/BibliotecaJudeteanaLucianBlagaAlba\u201d, transmite Silvan St\u00e2ncel, managerul Bibliotecii Jude\u021bene \u201eLucian Blaga\u201d Alba.<\/p>\n\n\n\n<figure class=\"wp-block-image size-full\"><img loading=\"lazy\" decoding=\"async\" width=\"960\" height=\"540\" src=\"https:\/\/urbeamea.ro\/albaiulia\/wp-content\/uploads\/2025\/07\/1000041638.jpg\" alt=\"\" class=\"wp-image-118473\" srcset=\"https:\/\/urbeamea.ro\/albaiulia\/wp-content\/uploads\/2025\/07\/1000041638.jpg 960w, https:\/\/urbeamea.ro\/albaiulia\/wp-content\/uploads\/2025\/07\/1000041638-640x360.jpg 640w, https:\/\/urbeamea.ro\/albaiulia\/wp-content\/uploads\/2025\/07\/1000041638-150x84.jpg 150w, https:\/\/urbeamea.ro\/albaiulia\/wp-content\/uploads\/2025\/07\/1000041638-768x432.jpg 768w, https:\/\/urbeamea.ro\/albaiulia\/wp-content\/uploads\/2025\/07\/1000041638-390x220.jpg 390w\" sizes=\"auto, (max-width: 960px) 100vw, 960px\" \/><\/figure>\n\n\n\n<p><\/p>\n\n\n\n<p><\/p>\n","protected":false},"excerpt":{"rendered":"<p>Biblioteca public\u0103 joac\u0103 un rol foarte important \u00een comunit\u0103\u0163ile deservite, fiind principalul mijloc prin care se ofer\u0103 servicii de informare \u015fi documentare, contribuind astfel la dezvoltarea personal\u0103 a utilizatorilor, prin educa\u0163ia formal\u0103, prin educa\u0163ia pe tot parcursul vie\u0163ii, prin activit\u0103\u0163i de petrecere a timpului liber sau prin acces la o gam\u0103 larg\u0103 de informa\u0163ii. De &hellip;<\/p>\n","protected":false},"author":28,"featured_media":118473,"comment_status":"open","ping_status":"open","sticky":false,"template":"","format":"standard","meta":{"inline_featured_image":false,"footnotes":""},"categories":[2038,2034,1,16344],"tags":[25294],"class_list":["post-118472","post","type-post","status-publish","format-standard","has-post-thumbnail","hentry","category-cultura","category-social","category-stiri-urbane","category-urbea-mea","tag-biblioteca-judeteana-lucian-blaga-2"],"yoast_head":"<!-- This site is optimized with the Yoast SEO plugin v27.4 - https:\/\/yoast.com\/product\/yoast-seo-wordpress\/ -->\n<title>Noi achizi\u021bii de carte, la Biblioteca Jude\u021bean\u0103 &quot;Lucian Blaga&quot; Alba - Revista Urbea Mea - Revista de Alba<\/title>\n<meta name=\"description\" content=\"Biblioteca public\u0103 joac\u0103 un rol foarte important \u00een comunit\u0103\u0163ile deservite, fiind principalul mijloc prin care se ofer\u0103 servicii de informare \u015fi\" \/>\n<meta name=\"robots\" content=\"index, follow, max-snippet:-1, max-image-preview:large, max-video-preview:-1\" \/>\n<link rel=\"canonical\" href=\"https:\/\/urbeamea.ro\/albaiulia\/noi-achizitii-de-carte-la-biblioteca-judeteana-lucian-blaga-alba\/\" \/>\n<meta name=\"twitter:card\" content=\"summary_large_image\" \/>\n<meta name=\"twitter:title\" content=\"Noi achizi\u021bii de carte, la Biblioteca Jude\u021bean\u0103 &quot;Lucian Blaga&quot; Alba - Revista Urbea Mea - Revista de Alba\" \/>\n<meta name=\"twitter:description\" content=\"Biblioteca public\u0103 joac\u0103 un rol foarte important \u00een comunit\u0103\u0163ile deservite, fiind principalul mijloc prin care se ofer\u0103 servicii de informare \u015fi\" \/>\n<meta name=\"twitter:image\" content=\"https:\/\/urbeamea.ro\/albaiulia\/wp-content\/uploads\/2025\/07\/1000041638.jpg\" \/>\n<meta name=\"twitter:creator\" content=\"@urbeameaweb\" \/>\n<meta name=\"twitter:site\" content=\"@urbeameaweb\" \/>\n<script type=\"application\/ld+json\" class=\"yoast-schema-graph\">{\"@context\":\"https:\\\/\\\/schema.org\",\"@graph\":[{\"@type\":\"Article\",\"@id\":\"https:\\\/\\\/urbeamea.ro\\\/albaiulia\\\/noi-achizitii-de-carte-la-biblioteca-judeteana-lucian-blaga-alba\\\/#article\",\"isPartOf\":{\"@id\":\"https:\\\/\\\/urbeamea.ro\\\/albaiulia\\\/noi-achizitii-de-carte-la-biblioteca-judeteana-lucian-blaga-alba\\\/\"},\"author\":{\"name\":\"Giurca Sorin\",\"@id\":\"https:\\\/\\\/urbeamea.ro\\\/albaiulia\\\/#\\\/schema\\\/person\\\/5db3854ac38c1cc9f0ab4092d6a20f02\"},\"headline\":\"Noi achizi\u021bii de carte, la Biblioteca Jude\u021bean\u0103 &#8222;Lucian Blaga&#8221; Alba\",\"datePublished\":\"2025-07-03T11:00:53+00:00\",\"dateModified\":\"2025-07-03T11:00:55+00:00\",\"mainEntityOfPage\":{\"@id\":\"https:\\\/\\\/urbeamea.ro\\\/albaiulia\\\/noi-achizitii-de-carte-la-biblioteca-judeteana-lucian-blaga-alba\\\/\"},\"wordCount\":341,\"commentCount\":0,\"image\":{\"@id\":\"https:\\\/\\\/urbeamea.ro\\\/albaiulia\\\/noi-achizitii-de-carte-la-biblioteca-judeteana-lucian-blaga-alba\\\/#primaryimage\"},\"thumbnailUrl\":\"https:\\\/\\\/urbeamea.ro\\\/albaiulia\\\/wp-content\\\/uploads\\\/2025\\\/07\\\/1000041638.jpg\",\"keywords\":[\"Biblioteca Jude\u021bean\u0103 Lucian Blaga\"],\"articleSection\":[\"Cultur\u0103\",\"Social\",\"\u015etiri Urbane\",\"Urbea Mea\"],\"inLanguage\":\"ro-RO\",\"potentialAction\":[{\"@type\":\"CommentAction\",\"name\":\"Comment\",\"target\":[\"https:\\\/\\\/urbeamea.ro\\\/albaiulia\\\/noi-achizitii-de-carte-la-biblioteca-judeteana-lucian-blaga-alba\\\/#respond\"]}]},{\"@type\":\"WebPage\",\"@id\":\"https:\\\/\\\/urbeamea.ro\\\/albaiulia\\\/noi-achizitii-de-carte-la-biblioteca-judeteana-lucian-blaga-alba\\\/\",\"url\":\"https:\\\/\\\/urbeamea.ro\\\/albaiulia\\\/noi-achizitii-de-carte-la-biblioteca-judeteana-lucian-blaga-alba\\\/\",\"name\":\"Noi achizi\u021bii de carte, la Biblioteca Jude\u021bean\u0103 \\\"Lucian Blaga\\\" Alba - Revista Urbea Mea - Revista de Alba\",\"isPartOf\":{\"@id\":\"https:\\\/\\\/urbeamea.ro\\\/albaiulia\\\/#website\"},\"primaryImageOfPage\":{\"@id\":\"https:\\\/\\\/urbeamea.ro\\\/albaiulia\\\/noi-achizitii-de-carte-la-biblioteca-judeteana-lucian-blaga-alba\\\/#primaryimage\"},\"image\":{\"@id\":\"https:\\\/\\\/urbeamea.ro\\\/albaiulia\\\/noi-achizitii-de-carte-la-biblioteca-judeteana-lucian-blaga-alba\\\/#primaryimage\"},\"thumbnailUrl\":\"https:\\\/\\\/urbeamea.ro\\\/albaiulia\\\/wp-content\\\/uploads\\\/2025\\\/07\\\/1000041638.jpg\",\"datePublished\":\"2025-07-03T11:00:53+00:00\",\"dateModified\":\"2025-07-03T11:00:55+00:00\",\"author\":{\"@id\":\"https:\\\/\\\/urbeamea.ro\\\/albaiulia\\\/#\\\/schema\\\/person\\\/5db3854ac38c1cc9f0ab4092d6a20f02\"},\"description\":\"Biblioteca public\u0103 joac\u0103 un rol foarte important \u00een comunit\u0103\u0163ile deservite, fiind principalul mijloc prin care se ofer\u0103 servicii de informare \u015fi\",\"breadcrumb\":{\"@id\":\"https:\\\/\\\/urbeamea.ro\\\/albaiulia\\\/noi-achizitii-de-carte-la-biblioteca-judeteana-lucian-blaga-alba\\\/#breadcrumb\"},\"inLanguage\":\"ro-RO\",\"potentialAction\":[{\"@type\":\"ReadAction\",\"target\":[\"https:\\\/\\\/urbeamea.ro\\\/albaiulia\\\/noi-achizitii-de-carte-la-biblioteca-judeteana-lucian-blaga-alba\\\/\"]}]},{\"@type\":\"ImageObject\",\"inLanguage\":\"ro-RO\",\"@id\":\"https:\\\/\\\/urbeamea.ro\\\/albaiulia\\\/noi-achizitii-de-carte-la-biblioteca-judeteana-lucian-blaga-alba\\\/#primaryimage\",\"url\":\"https:\\\/\\\/urbeamea.ro\\\/albaiulia\\\/wp-content\\\/uploads\\\/2025\\\/07\\\/1000041638.jpg\",\"contentUrl\":\"https:\\\/\\\/urbeamea.ro\\\/albaiulia\\\/wp-content\\\/uploads\\\/2025\\\/07\\\/1000041638.jpg\",\"width\":960,\"height\":540},{\"@type\":\"BreadcrumbList\",\"@id\":\"https:\\\/\\\/urbeamea.ro\\\/albaiulia\\\/noi-achizitii-de-carte-la-biblioteca-judeteana-lucian-blaga-alba\\\/#breadcrumb\",\"itemListElement\":[{\"@type\":\"ListItem\",\"position\":1,\"name\":\"Prima pagin\u0103\",\"item\":\"https:\\\/\\\/urbeamea.ro\\\/albaiulia\\\/\"},{\"@type\":\"ListItem\",\"position\":2,\"name\":\"Noi achizi\u021bii de carte, la Biblioteca Jude\u021bean\u0103 &#8222;Lucian Blaga&#8221; Alba\"}]},{\"@type\":\"WebSite\",\"@id\":\"https:\\\/\\\/urbeamea.ro\\\/albaiulia\\\/#website\",\"url\":\"https:\\\/\\\/urbeamea.ro\\\/albaiulia\\\/\",\"name\":\"Revista Urbea Mea, Stiri urbane\",\"description\":\"Evenimente \u0219i \u0219tiri din Alba Iulia, Sebe\u0219, Aiud, Blaj\",\"potentialAction\":[{\"@type\":\"SearchAction\",\"target\":{\"@type\":\"EntryPoint\",\"urlTemplate\":\"https:\\\/\\\/urbeamea.ro\\\/albaiulia\\\/?s={search_term_string}\"},\"query-input\":{\"@type\":\"PropertyValueSpecification\",\"valueRequired\":true,\"valueName\":\"search_term_string\"}}],\"inLanguage\":\"ro-RO\"},{\"@type\":\"Person\",\"@id\":\"https:\\\/\\\/urbeamea.ro\\\/albaiulia\\\/#\\\/schema\\\/person\\\/5db3854ac38c1cc9f0ab4092d6a20f02\",\"name\":\"Giurca Sorin\",\"image\":{\"@type\":\"ImageObject\",\"inLanguage\":\"ro-RO\",\"@id\":\"https:\\\/\\\/secure.gravatar.com\\\/avatar\\\/120f6fcae7b3b47a7730cb9943f612f4909f68ac5284b5f40ac1c4615fd70576?s=96&d=mm&r=g\",\"url\":\"https:\\\/\\\/secure.gravatar.com\\\/avatar\\\/120f6fcae7b3b47a7730cb9943f612f4909f68ac5284b5f40ac1c4615fd70576?s=96&d=mm&r=g\",\"contentUrl\":\"https:\\\/\\\/secure.gravatar.com\\\/avatar\\\/120f6fcae7b3b47a7730cb9943f612f4909f68ac5284b5f40ac1c4615fd70576?s=96&d=mm&r=g\",\"caption\":\"Giurca Sorin\"},\"url\":\"https:\\\/\\\/urbeamea.ro\\\/albaiulia\\\/author\\\/sorin\\\/\"}]}<\/script>\n<!-- \/ Yoast SEO plugin. -->","yoast_head_json":{"title":"Noi achizi\u021bii de carte, la Biblioteca Jude\u021bean\u0103 \"Lucian Blaga\" Alba - Revista Urbea Mea - Revista de Alba","description":"Biblioteca public\u0103 joac\u0103 un rol foarte important \u00een comunit\u0103\u0163ile deservite, fiind principalul mijloc prin care se ofer\u0103 servicii de informare \u015fi","robots":{"index":"index","follow":"follow","max-snippet":"max-snippet:-1","max-image-preview":"max-image-preview:large","max-video-preview":"max-video-preview:-1"},"canonical":"https:\/\/urbeamea.ro\/albaiulia\/noi-achizitii-de-carte-la-biblioteca-judeteana-lucian-blaga-alba\/","twitter_card":"summary_large_image","twitter_title":"Noi achizi\u021bii de carte, la Biblioteca Jude\u021bean\u0103 \"Lucian Blaga\" Alba - Revista Urbea Mea - Revista de Alba","twitter_description":"Biblioteca public\u0103 joac\u0103 un rol foarte important \u00een comunit\u0103\u0163ile deservite, fiind principalul mijloc prin care se ofer\u0103 servicii de informare \u015fi","twitter_image":"https:\/\/urbeamea.ro\/albaiulia\/wp-content\/uploads\/2025\/07\/1000041638.jpg","twitter_creator":"@urbeameaweb","twitter_site":"@urbeameaweb","schema":{"@context":"https:\/\/schema.org","@graph":[{"@type":"Article","@id":"https:\/\/urbeamea.ro\/albaiulia\/noi-achizitii-de-carte-la-biblioteca-judeteana-lucian-blaga-alba\/#article","isPartOf":{"@id":"https:\/\/urbeamea.ro\/albaiulia\/noi-achizitii-de-carte-la-biblioteca-judeteana-lucian-blaga-alba\/"},"author":{"name":"Giurca Sorin","@id":"https:\/\/urbeamea.ro\/albaiulia\/#\/schema\/person\/5db3854ac38c1cc9f0ab4092d6a20f02"},"headline":"Noi achizi\u021bii de carte, la Biblioteca Jude\u021bean\u0103 &#8222;Lucian Blaga&#8221; Alba","datePublished":"2025-07-03T11:00:53+00:00","dateModified":"2025-07-03T11:00:55+00:00","mainEntityOfPage":{"@id":"https:\/\/urbeamea.ro\/albaiulia\/noi-achizitii-de-carte-la-biblioteca-judeteana-lucian-blaga-alba\/"},"wordCount":341,"commentCount":0,"image":{"@id":"https:\/\/urbeamea.ro\/albaiulia\/noi-achizitii-de-carte-la-biblioteca-judeteana-lucian-blaga-alba\/#primaryimage"},"thumbnailUrl":"https:\/\/urbeamea.ro\/albaiulia\/wp-content\/uploads\/2025\/07\/1000041638.jpg","keywords":["Biblioteca Jude\u021bean\u0103 Lucian Blaga"],"articleSection":["Cultur\u0103","Social","\u015etiri Urbane","Urbea Mea"],"inLanguage":"ro-RO","potentialAction":[{"@type":"CommentAction","name":"Comment","target":["https:\/\/urbeamea.ro\/albaiulia\/noi-achizitii-de-carte-la-biblioteca-judeteana-lucian-blaga-alba\/#respond"]}]},{"@type":"WebPage","@id":"https:\/\/urbeamea.ro\/albaiulia\/noi-achizitii-de-carte-la-biblioteca-judeteana-lucian-blaga-alba\/","url":"https:\/\/urbeamea.ro\/albaiulia\/noi-achizitii-de-carte-la-biblioteca-judeteana-lucian-blaga-alba\/","name":"Noi achizi\u021bii de carte, la Biblioteca Jude\u021bean\u0103 \"Lucian Blaga\" Alba - Revista Urbea Mea - Revista de Alba","isPartOf":{"@id":"https:\/\/urbeamea.ro\/albaiulia\/#website"},"primaryImageOfPage":{"@id":"https:\/\/urbeamea.ro\/albaiulia\/noi-achizitii-de-carte-la-biblioteca-judeteana-lucian-blaga-alba\/#primaryimage"},"image":{"@id":"https:\/\/urbeamea.ro\/albaiulia\/noi-achizitii-de-carte-la-biblioteca-judeteana-lucian-blaga-alba\/#primaryimage"},"thumbnailUrl":"https:\/\/urbeamea.ro\/albaiulia\/wp-content\/uploads\/2025\/07\/1000041638.jpg","datePublished":"2025-07-03T11:00:53+00:00","dateModified":"2025-07-03T11:00:55+00:00","author":{"@id":"https:\/\/urbeamea.ro\/albaiulia\/#\/schema\/person\/5db3854ac38c1cc9f0ab4092d6a20f02"},"description":"Biblioteca public\u0103 joac\u0103 un rol foarte important \u00een comunit\u0103\u0163ile deservite, fiind principalul mijloc prin care se ofer\u0103 servicii de informare \u015fi","breadcrumb":{"@id":"https:\/\/urbeamea.ro\/albaiulia\/noi-achizitii-de-carte-la-biblioteca-judeteana-lucian-blaga-alba\/#breadcrumb"},"inLanguage":"ro-RO","potentialAction":[{"@type":"ReadAction","target":["https:\/\/urbeamea.ro\/albaiulia\/noi-achizitii-de-carte-la-biblioteca-judeteana-lucian-blaga-alba\/"]}]},{"@type":"ImageObject","inLanguage":"ro-RO","@id":"https:\/\/urbeamea.ro\/albaiulia\/noi-achizitii-de-carte-la-biblioteca-judeteana-lucian-blaga-alba\/#primaryimage","url":"https:\/\/urbeamea.ro\/albaiulia\/wp-content\/uploads\/2025\/07\/1000041638.jpg","contentUrl":"https:\/\/urbeamea.ro\/albaiulia\/wp-content\/uploads\/2025\/07\/1000041638.jpg","width":960,"height":540},{"@type":"BreadcrumbList","@id":"https:\/\/urbeamea.ro\/albaiulia\/noi-achizitii-de-carte-la-biblioteca-judeteana-lucian-blaga-alba\/#breadcrumb","itemListElement":[{"@type":"ListItem","position":1,"name":"Prima pagin\u0103","item":"https:\/\/urbeamea.ro\/albaiulia\/"},{"@type":"ListItem","position":2,"name":"Noi achizi\u021bii de carte, la Biblioteca Jude\u021bean\u0103 &#8222;Lucian Blaga&#8221; Alba"}]},{"@type":"WebSite","@id":"https:\/\/urbeamea.ro\/albaiulia\/#website","url":"https:\/\/urbeamea.ro\/albaiulia\/","name":"Revista Urbea Mea, Stiri urbane","description":"Evenimente \u0219i \u0219tiri din Alba Iulia, Sebe\u0219, Aiud, Blaj","potentialAction":[{"@type":"SearchAction","target":{"@type":"EntryPoint","urlTemplate":"https:\/\/urbeamea.ro\/albaiulia\/?s={search_term_string}"},"query-input":{"@type":"PropertyValueSpecification","valueRequired":true,"valueName":"search_term_string"}}],"inLanguage":"ro-RO"},{"@type":"Person","@id":"https:\/\/urbeamea.ro\/albaiulia\/#\/schema\/person\/5db3854ac38c1cc9f0ab4092d6a20f02","name":"Giurca Sorin","image":{"@type":"ImageObject","inLanguage":"ro-RO","@id":"https:\/\/secure.gravatar.com\/avatar\/120f6fcae7b3b47a7730cb9943f612f4909f68ac5284b5f40ac1c4615fd70576?s=96&d=mm&r=g","url":"https:\/\/secure.gravatar.com\/avatar\/120f6fcae7b3b47a7730cb9943f612f4909f68ac5284b5f40ac1c4615fd70576?s=96&d=mm&r=g","contentUrl":"https:\/\/secure.gravatar.com\/avatar\/120f6fcae7b3b47a7730cb9943f612f4909f68ac5284b5f40ac1c4615fd70576?s=96&d=mm&r=g","caption":"Giurca Sorin"},"url":"https:\/\/urbeamea.ro\/albaiulia\/author\/sorin\/"}]}},"_links":{"self":[{"href":"https:\/\/urbeamea.ro\/albaiulia\/wp-json\/wp\/v2\/posts\/118472","targetHints":{"allow":["GET"]}}],"collection":[{"href":"https:\/\/urbeamea.ro\/albaiulia\/wp-json\/wp\/v2\/posts"}],"about":[{"href":"https:\/\/urbeamea.ro\/albaiulia\/wp-json\/wp\/v2\/types\/post"}],"author":[{"embeddable":true,"href":"https:\/\/urbeamea.ro\/albaiulia\/wp-json\/wp\/v2\/users\/28"}],"replies":[{"embeddable":true,"href":"https:\/\/urbeamea.ro\/albaiulia\/wp-json\/wp\/v2\/comments?post=118472"}],"version-history":[{"count":1,"href":"https:\/\/urbeamea.ro\/albaiulia\/wp-json\/wp\/v2\/posts\/118472\/revisions"}],"predecessor-version":[{"id":118474,"href":"https:\/\/urbeamea.ro\/albaiulia\/wp-json\/wp\/v2\/posts\/118472\/revisions\/118474"}],"wp:featuredmedia":[{"embeddable":true,"href":"https:\/\/urbeamea.ro\/albaiulia\/wp-json\/wp\/v2\/media\/118473"}],"wp:attachment":[{"href":"https:\/\/urbeamea.ro\/albaiulia\/wp-json\/wp\/v2\/media?parent=118472"}],"wp:term":[{"taxonomy":"category","embeddable":true,"href":"https:\/\/urbeamea.ro\/albaiulia\/wp-json\/wp\/v2\/categories?post=118472"},{"taxonomy":"post_tag","embeddable":true,"href":"https:\/\/urbeamea.ro\/albaiulia\/wp-json\/wp\/v2\/tags?post=118472"}],"curies":[{"name":"wp","href":"https:\/\/api.w.org\/{rel}","templated":true}]}}