{"id":118485,"date":"2025-07-07T19:53:18","date_gmt":"2025-07-07T16:53:18","guid":{"rendered":"https:\/\/urbeamea.ro\/albaiulia\/?p=118485"},"modified":"2025-07-07T19:53:20","modified_gmt":"2025-07-07T16:53:20","slug":"proclamarea-canonizarii-locale-a-sfantului-cuvios-dometie-cel-milostiv-de-la-ramet","status":"publish","type":"post","link":"https:\/\/urbeamea.ro\/albaiulia\/proclamarea-canonizarii-locale-a-sfantului-cuvios-dometie-cel-milostiv-de-la-ramet\/","title":{"rendered":"Proclamarea canoniz\u0103rii locale a Sf\u00e2ntului Cuvios Dometie cel Milostiv de la R\u00e2me\u021b"},"content":{"rendered":"\n<p>Cu <strong>binecuv\u00e2ntarea Preafericitului P\u0103rinte Patriarh Daniel, la data de 6 iulie 2025, \u00een Duminica a IV-a dup\u0103 Rusalii, c\u00e2nd este r\u00e2nduit s\u0103 fie citit\u0103 pericopa evanghelic\u0103 ce prezint\u0103 vindecarea slugii suta\u0219ului, Arhiepiscopia Ortodox\u0103 a Alba Iuliei \u0219i M\u0103n\u0103stirea \u201eSfin\u021bii Apostoli Petru \u0219i Pavel\u201d de la R\u00e2me\u021b au \u00eembr\u0103cat hain\u0103 de aleas\u0103 bucurie duhovniceasc\u0103. <\/strong><\/p>\n\n\n\n<p>\u00cen contextul Centenarului Patriarhiei Rom\u00e2ne, a avut loc proclamarea canoniz\u0103rii locale a Sf\u00e2ntului Cuvios Dometie cel Milostiv de la R\u00e2me\u021b, la \u00eemplinirea a 50 de ani de la trecerea \u00een ve\u0219nicie.<\/p>\n\n\n\n<p> Acest popas duhovnicesc a marcat, totodat\u0103, cea dint\u00e2i pr\u0103znuire a Sf\u00e2ntului Cuvios Dometie cel Milostiv, care va fi pomenit anual la data de 6 iulie.<\/p>\n\n\n\n<p>\u00cen prima parte a zilei, de la ora 7.00, a avut loc o procesiune cu cinstitele moa\u0219te ale Sf\u00e2ntului Cuvios Dometie, de la biserica \u201eSfin\u021bii Apostoli Petru \u0219i Pavel\u201d la baldachinul special amenajat \u00een proximitatea altarului de var\u0103 al a\u0219ez\u0103m\u00e2ntului. <\/p>\n\n\n\n<p>Procesiunea a fost condus\u0103 de c\u0103tre \u00cenaltpreasfin\u021bitul P\u0103rinte Serafim, Arhiepiscopul Ortodox Rom\u00e2n al Germaniei, Austriei \u0219i Luxemburgului \u0219i Mitropolitul Ortodox Rom\u00e2n al Germaniei, Europei Centrale \u0219i de Nord, al\u0103turi de care s-au aflat numero\u0219i clerici \u0219i credincio\u0219i ajun\u0219i la M\u0103n\u0103stirea R\u00e2me\u021b \u00eenc\u0103 de primele ore ale dimine\u021bii, pentru a participa la acest eveniment istoric din via\u021ba Eparhiei Alba Iuliei \u0219i a a\u0219ez\u0103m\u00e2ntului monahal din Mun\u021bii Trasc\u0103ului.<\/p>\n\n\n\n<p>\ud835\udfed\ud835\udff3 \ud835\uddf6\ud835\uddf2\ud835\uddff\ud835\uddee\ud835\uddff\ud835\uddf5\ud835\uddf6 \ud835\uddee\ud835\ude02 \ud835\uddfc\ud835\uddf3\ud835\uddf6\ud835\uddf0\ud835\uddf6\ud835\uddee\ud835\ude01 \ud835\udde6\ud835\uddf3\ud835\uddee\ud835\uddfb\ud835\ude01\ud835\uddee \ud835\udddf\ud835\uddf6\ud835\ude01\ud835\ude02\ud835\uddff\ud835\uddf4\ud835\uddf5\ud835\uddf6\ud835\uddf2 \ud835\uddf9\ud835\uddee \ud835\udde0\ud835\uddee\ud835\uddfb\ud835\uddee\ud835\ude00\ud835\ude01\ud835\uddf6\ud835\uddff\ud835\uddf2\ud835\uddee \ud835\udde5\ud835\uddee\ud835\uddfa\ud835\uddf2\ud835\ude01, \ud835\uddf6\ud835\uddfb \ud835\ude07\ud835\uddf6\ud835\ude02\ud835\uddee \ud835\uddfd\ud835\uddfc\ud835\uddfa\ud835\uddf2\ud835\uddfb\ud835\uddf6\ud835\uddff\ud835\uddf6\ud835\uddf6 \ud835\udde6\ud835\uddf3\ud835\uddee\u0302\ud835\uddfb\ud835\ude01\ud835\ude02\ud835\uddf9\ud835\ude02\ud835\uddf6 \ud835\uddd6\ud835\ude02\ud835\ude03\ud835\uddf6\ud835\uddfc\ud835\ude00 \ud835\uddd7\ud835\uddfc\ud835\uddfa\ud835\uddf2\ud835\ude01\ud835\uddf6\ud835\uddf2<\/p>\n\n\n\n<p>Momentul solemn al proclam\u0103rii canoniz\u0103rii locale a Sf\u00e2ntului Cuvios Dometie a fost precedat de celebrarea Dumnezeie\u0219tii Liturghii a Sf\u00e2ntului Ioan Gur\u0103 de Aur. <\/p>\n\n\n\n<p>Slujba a fost oficiat\u0103 \u00eencep\u00e2nd cu ora 9.45 de c\u0103tre un numeros sobor de arhierei, preo\u021bi \u0219i diaconi, pe un podium special amenajat \u00een proximitatea altarului de var\u0103 al a\u0219ez\u0103m\u00e2ntului monahal de la R\u00e2me\u021b. <\/p>\n\n\n\n<p>Cei 17 ierarhi, membri ai Sf\u00e2ntului Sinod al Bisericii Ortodoxe Rom\u00e2ne, au fost \u00eent\u00e2mpina\u021bi cu mult\u0103 bucurie de c\u0103tre un grup de tulnic\u0103rese din Mun\u021bii Apuseni. <\/p>\n\n\n\n<p>R\u0103spunsurile liturgice au fost oferite de Grupul psaltic \u201eAnastasios\u201d din T\u00e2rgu Mure\u0219, format din medici \u0219i studen\u021bi \u00een domeniul medicinei, coordonat de Iustinian Ioachim Simion.<\/p>\n\n\n\n<p>Dumnezeiasca Liturghie a fost prezidat\u0103 de c\u0103tre \u00cenaltpreasfin\u021bitul P\u0103rinte Andrei, Arhiepiscopul Vadului, Feleacului \u0219i Clujului \u0219i Mitropolitul Clujului, Maramure\u0219ului \u0219i S\u0103lajului. <\/p>\n\n\n\n<p>Din sobor au mai f\u0103cut parte \u00cenaltpreasfin\u0163itul P\u0103rinte Iosif, Arhiepiscopul Ortodox Rom\u00e2n al Europei Occidentale \u0219i Mitropolitul Ortodox Rom\u00e2n al Europei Occidentale \u0219i Meridionale, \u00cenaltpreasfin\u0163itul P\u0103rinte Serafim, Arhiepiscopul Ortodox Rom\u00e2n al Germaniei, Austriei \u0219i Luxemburgului \u0219i Mitropolitul Ortodox Rom\u00e2n al Germaniei, Europei Centrale \u0219i de Nord, \u00cenaltpreasfin\u0163itul P\u0103rinte Irineu, Arhiepiscopul Alba Iuliei, \u00cenaltpreasfin\u0163itul P\u0103rinte Ciprian, Arhiepiscopul Buz\u0103ului \u0219i Vrancei, \u00cenaltpreasfin\u0163itul P\u0103rinte Casian, Arhiepiscopul Dun\u0103rii de Jos, Preasfin\u021bitul P\u0103rinte Andrei, Episcopul Covasnei \u0219i Harghitei, Preasfin\u021bitul P\u0103rinte Visarion, Episcopul Tulcii, Preasfin\u021bitul P\u0103rinte Benedict, Episcopul S\u0103lajului, Preasfin\u021bitul P\u0103rinte Nestor, Episcopul Devei \u0219i Hunedoarei, Preasfin\u021bitul P\u0103rinte Ieronim, Episcopul Daciei Felix, Preasfin\u021bitul P\u0103rinte Siluan, Episcopul Ortodox Rom\u00e2n al Ungariei, Preasfin\u021bitul P\u0103rinte Timotei, Episcopul Ortodox Rom\u00e2n al Spaniei \u0219i Portugaliei, Preasfin\u021bitul P\u0103rinte Macarie, Episcopul Ortodox Rom\u00e2n al Europei de Nord, Preasfin\u021bitul P\u0103rinte Paisie Lugojeanul, Episcop-vicar al Arhiepiscopiei Timi\u0219oarei, Preasfin\u021bitul P\u0103rinte Emilian Cri\u015fanul, Episcop-vicar al Arhiepiscopiei Aradului, \u0219i Preasfin\u021bitul P\u0103rinte Gherontie Hunedoreanul, Arhiereu-vicar al Episcopiei Devei \u0219i Hunedoarei.<\/p>\n\n\n\n<p>\ud835\udddc\ud835\uddfb\ud835\uddee\ud835\uddf9\ud835\ude01\ud835\uddfd\ud835\uddff\ud835\uddf2\ud835\uddee\ud835\ude00\ud835\uddf3\ud835\uddf6\ud835\uddfb\ud835\ude01\ud835\uddf6\ud835\ude01\ud835\ude02\ud835\uddf9 \ud835\udde3\ud835\uddee\ud835\uddff\ud835\uddf6\ud835\uddfb\ud835\ude01\ud835\uddf2 \ud835\udde0\ud835\uddf6\ud835\ude01\ud835\uddff\ud835\uddfc\ud835\uddfd\ud835\uddfc\ud835\uddf9\ud835\uddf6\ud835\ude01 \ud835\uddd4\ud835\uddfb\ud835\uddf1\ud835\uddff\ud835\uddf2\ud835\uddf6: \u201e\ud835\udde6\ud835\uddf3\ud835\uddee\ud835\uddfb\ud835\ude01\ud835\ude02\ud835\uddf9\ud835\ude02\ud835\uddf6 \ud835\uddd6\ud835\ude02\ud835\ude03\ud835\uddf6\ud835\uddfc\ud835\ude00 \ud835\uddd7\ud835\uddfc\ud835\uddfa\ud835\uddf2\ud835\ude01\ud835\uddf6\ud835\uddf2 \ud835\uddf0\ud835\uddf2\ud835\uddf9 \ud835\udde0\ud835\uddf6\ud835\uddf9\ud835\uddfc\ud835\ude00\ud835\ude01\ud835\uddf6\ud835\ude03 \ud835\uddf6 \ud835\ude00\ud835\uddf2 \ud835\uddf1\ud835\uddee\ud835\ude01\ud835\uddfc\ud835\uddff\ud835\uddf2\ud835\uddee\ud835\ude07\ud835\uddee \ud835\uddff\ud835\uddf2\ud835\uddee\ud835\uddef\ud835\uddf6\ud835\uddf9\ud835\uddf6\ud835\ude01\ud835\uddee\ud835\uddff\ud835\uddf2\ud835\uddee \ud835\ude00\ud835\uddfd\ud835\uddf6\ud835\uddff\ud835\uddf6\ud835\ude01\ud835\ude02\ud835\uddee\ud835\uddf9\ud835\uddee \ud835\uddee \ud835\udde0\ud835\uddee\ud835\uddfb\ud835\uddee\ud835\ude00\ud835\ude01\ud835\uddf6\ud835\uddff\ud835\uddf6\ud835\uddf6 \ud835\udde5\ud835\uddee\ud835\uddfa\ud835\uddf2\ud835\ude01<\/p>\n\n\n\n<p>\u201dDup\u0103 citirea Sfintei Evanghelii, \u00cenaltpreasfin\u021bitul P\u0103rinte Mitropolit Andrei a rostit cuv\u00e2ntul de \u00eenv\u0103\u021b\u0103tur\u0103, prilej cu care a eviden\u021biat personalitatea duhovniceasc\u0103 a \u201eApostolului mo\u021bilor\u201d:<\/p>\n\n\n\n<p>\u201eSf\u00e2ntul Dometie cel Milostiv de la R\u00e2me\u021b a fost at\u00e2t de milostiv \u00eenc\u00e2t \u0219i-a dat \u0219i c\u0103ma\u0219a de pe el. Credin\u021ba m\u0103rturisitoare se arat\u0103 prin misiune \u00eentr-un mediu ostil. P\u0103rintele Dometie cel Milostiv de la R\u00e2me\u021b a f\u0103cut o misiune lucr\u0103toare, \u00eentr-un mediu ostil. C\u00e2t\u0103 lume nu a ajutat?<\/p>\n\n\n\n<p> Cei ce avem un num\u0103r de ani \u0219i l-am cunoscut ne aducem aminte cum \u00eei primea pe to\u021bi am\u0103r\u00e2\u021bii, pe to\u021bi s\u0103racii. Sigur c\u0103 \u00eei primea \u0219i pe cei ce aveau necazuri, \u00eei \u00eent\u0103rea suflete\u0219te, \u00eei ajuta cu vorba. Aici, la R\u00e2me\u021b, lui i se datoreaz\u0103 reabilitarea spiritual\u0103 a M\u0103n\u0103stirii. <\/p>\n\n\n\n<p>Cei care \u00eei cunoa\u0219te\u021bi via\u021ba, \u0219ti\u021bi \u0219i faptul c\u0103 a fost c\u0103lug\u0103rit la Prislop, odat\u0103 cu Mitropolitul Antonie al Ardealului, odat\u0103 cu P\u0103rintele Arsenie Boca, \u0219i to\u021bi r\u0103m\u00e2n \u00een istoria noastr\u0103 cre\u0219tin\u0103 la loc \u00eenalt\u201d.<\/p>\n\n\n\n<p>La eveniment au luat parte reprezentan\u021bi ai autorit\u0103\u021bilor centrale, jude\u021bene \u0219i locale \u0219i personalit\u0103\u021bi din lumea cultural\u0103 \u0219i academic\u0103, al\u0103turi de care au participat mii de clerici \u0219i credincio\u0219i din Transilvania \u0219i din \u00eentreaga \u021bar\u0103. A<\/p>\n\n\n\n<p>l\u0103turi de cei prezen\u021bi s-au aflat domnul Ciprian Olinici, Secretarul de Stat pentru Culte din cadrul Guvernului Rom\u00e2niei, \u0219i domnul R\u0103zvan Clipici, delegatul Preafericitului P\u0103rinte Patriarh Daniel la acest eveniment.<\/p>\n\n\n\n<p> \u00cen timpulul sfintelor slujbe, numero\u0219ii pelerini au adus cuvenitul omagiu de venera\u021bie celui care a fost pov\u0103\u021buitor al ob\u0219tii monahale de la R\u00e2me\u021b, \u00eenchin\u00e2ndu-se cu mult\u0103 evlavie cinstitelor moa\u0219te ale Sf\u00e2ntului Cuvios Dometie cel Milostiv, \u00een baldachinul special amenajat \u00een incinta a\u0219ez\u0103m\u00e2ntului monahal din Mun\u021bii Trasc\u0103ului.<\/p>\n\n\n\n<p>Dup\u0103 Sf\u00e2nta Liturghie, a avut loc \ud835\uddf0\ud835\uddf2\ud835\uddff\ud835\uddf2\ud835\uddfa\ud835\uddfc\ud835\uddfb\ud835\uddf6\ud835\uddee \ud835\ude00\ud835\uddfc\ud835\uddf9\ud835\uddf2\ud835\uddfa\ud835\uddfb\ud835\uddee \ud835\uddee \ud835\uddfd\ud835\uddff\ud835\uddfc\ud835\uddf0\ud835\uddf9\ud835\uddee\ud835\uddfa\ud835\uddee\ud835\uddff\ud835\uddf6\ud835\uddf6 \ud835\uddf0\ud835\uddee\ud835\uddfb\ud835\uddfc\ud835\uddfb\ud835\uddf6\ud835\ude07\ud835\uddee\ud835\uddff\ud835\uddf6\ud835\uddf6 \ud835\uddf9\ud835\uddfc\ud835\uddf0\ud835\uddee\ud835\uddf9\ud835\uddf2 \ud835\uddee \ud835\udde6\ud835\uddf3\ud835\uddee\ud835\uddfb\ud835\ude01\ud835\ude02\ud835\uddf9\ud835\ude02\ud835\uddf6 \ud835\uddd6\ud835\ude02\ud835\ude03\ud835\uddf6\ud835\uddfc\ud835\ude00 \ud835\uddd7\ud835\uddfc\ud835\uddfa\ud835\uddf2\ud835\ude01\ud835\uddf6\ud835\uddf2 \ud835\uddf0\ud835\uddf2\ud835\uddf9 \ud835\udde0\ud835\uddf6\ud835\uddf9\ud835\uddfc\ud835\ude00\ud835\ude01\ud835\uddf6\ud835\ude03 \ud835\uddf1\ud835\uddf2 \ud835\uddf9\ud835\uddee \ud835\udde5\ud835\uddee\ud835\uddfa\ud835\uddf2\ud835\ude01.<\/p>\n\n\n\n<p> Cu acest prilej, \u00cenaltpreasfin\u021bitul P\u0103rinte Casian, Arhiepiscopul Dun\u0103rii de Jos, a dat citire Tomosului sinodal, documentul oficial de proclamare, care cuprinde informa\u021bii \u0219i detalii semnificative referitoare la via\u021ba Sf\u00e2ntului Cuvios Dometie cel Milostiv de la R\u00e2me\u021b, precum \u0219i hot\u0103r\u00e2rea solemn\u0103 a Sf\u00e2ntului Sinod al Bisericii Ortodoxe Rom\u00e2ne privind cinstirea fostului duhovnic al a\u0219ez\u0103m\u00e2ntului monahal de la R\u00e2me\u021b. Dup\u0103 citirea actului, Grupul psaltic \u201eAnastasios\u201d a c\u00e2ntat troparul Sf\u00e2ntului Cuvios Dometie cel Milostiv de la R\u00e2me\u021b, timp \u00een care a fost prezentat\u0103 icoana \u201eApostolului mo\u021bilor\u201d.<\/p>\n\n\n\n<p>\ud835\udddc\ud835\uddfb\ud835\uddee\ud835\uddf9\ud835\ude01\ud835\uddfd\ud835\uddff\ud835\uddf2\ud835\uddee\ud835\ude00\ud835\uddf3\ud835\uddf6\ud835\uddfb\ud835\ude01\ud835\uddf6\ud835\ude01\ud835\ude02\ud835\uddf9 \ud835\udde3\ud835\uddee\ud835\uddff\ud835\uddf6\ud835\uddfb\ud835\ude01\ud835\uddf2 \ud835\uddd4\ud835\uddff\ud835\uddf5\ud835\uddf6\ud835\uddf2\ud835\uddfd\ud835\uddf6\ud835\ude00\ud835\uddf0\ud835\uddfc\ud835\uddfd \ud835\udddc\ud835\uddff\ud835\uddf6\ud835\uddfb\ud835\uddf2\ud835\ude02: \u201e\ud835\uddd4\ud835\ude00\ud835\ude01\ud835\uddee\ud835\ude07\ud835\uddf6, \ud835\udde6\ud835\uddf3\ud835\uddee\ud835\uddfb\ud835\ude01\ud835\ude02\ud835\uddf9 \ud835\uddd6\ud835\ude02\ud835\ude03\ud835\uddf6\ud835\uddfc\ud835\ude00 \ud835\uddd7\ud835\uddfc\ud835\uddfa\ud835\uddf2\ud835\ude01\ud835\uddf6\ud835\uddf2 \ud835\uddf0\ud835\uddf2\ud835\uddf9 \ud835\udde0\ud835\uddf6\ud835\uddf9\ud835\uddfc\ud835\ude00\ud835\ude01\ud835\uddf6\ud835\ude03, \ud835\uddf1\ud835\uddf6\ud835\uddfb \ud835\uddf0\ud835\uddf2\ud835\uddff\ud835\ude02\ud835\uddf9 \ud835\uddf1\ud835\uddf2\ud835\ude00\ud835\uddf0\ud835\uddf5\ud835\uddf6\ud835\ude00, \ud835\uddfb\ud835\uddf2 \ud835\uddfd\ud835\uddff\ud835\uddf6\ud835\ude03\ud835\uddf2\ud835\ude00\ud835\ude01\ud835\uddf2 \ud835\uddf0\ud835\ude02 \ud835\uddf1\ud835\ude02\ud835\uddf6\ud835\uddfc\ud835\ude00\ud835\uddf6\ud835\uddf2 \ud835\ude00i \ud835\uddf2\ud835\ude00\ud835\ude01\ud835\uddf2 \ud835\uddf4\ud835\uddee\ud835\ude01\ud835\uddee \ud835\ude00\ud835\uddee-\ud835\uddf6 \ud835\uddee\ud835\uddf7\ud835\ude02\ud835\ude01\ud835\uddf2 \ud835\uddfd\ud835\uddf2 \ud835\ude01\ud835\uddfc\ud835\ude01\ud835\uddf6 \ud835\uddf0\ud835\uddee\ud835\uddff\ud835\uddf2 \ud835\uddf6 \ud835\ude00\ud835\uddf2 \ud835\uddee\ud835\uddf1\ud835\uddff\ud835\uddf2\ud835\ude00\ud835\uddf2\ud835\uddee\ud835\ude07\ud835\uddee \ud835\uddf6\ud835\uddfb \ud835\uddff\ud835\ude02\ud835\uddf4\ud835\uddee\ud835\uddf0\ud835\uddf6\ud835\ude02\ud835\uddfb\ud835\uddf6<\/p>\n\n\n\n<p>\u201d\u00cen continuare, \u00cent\u00e2ist\u0103t\u0103torul Eparhiei noastre, \u00cenaltpreasfin\u021bitul P\u0103rinte Arhiepiscop Irineu, a rostit un cuv\u00e2nt duhovnicesc \u00een care a remarcat \u00eensemn\u0103tatea deosebit\u0103 a evenimentului.<\/p>\n\n\n\n<p>De asemenea, P\u0103rintele Arhiepiscop Irineu a subliniat misiunea excep\u021bional\u0103 a Sf\u00e2ntului Cuvios Dometie cel Milostiv \u0219i virtu\u021bile morale care i-au \u00eempodobit via\u021ba. La final, Ierarhul Alba Iuliei a adresat alese mul\u021bumiri tuturor ierarhilor prezen\u021bi, maicii stare\u021be, Stavrofora Apolinaria Barb, \u0219i \u00eentregii ob\u0219ti monahale pentru organizarea exemplar\u0103 a evenimentului, precum \u0219i tuturor credincio\u0219ilor care au luat parte \u00eentr-un num\u0103r impresionant la acest praznic duhovnicesc prilejuit de proclamarea canoniz\u0103rii locale a Sf\u00e2ntului Cuvios Dometie cel Milostiv de la R\u00e2me\u021b.<\/p>\n\n\n\n<p>Adres\u00e2ndu-se miilor de clerici \u0219i credincio\u0219i care au luat parte la acest eveniment solemn, Ierarhul nostru a spus: \u201eAst\u0103zi, \u00een prezen\u021ba Sf\u00e2ntului Cuvios Dometie cel Milostiv, suntem p\u0103rta\u0219i la o grandioas\u0103 s\u0103rb\u0103toare, sc\u0103ldat\u0103 \u00een razele harului divin. <\/p>\n\n\n\n<p>Acest om al lui Dumnezeu, \u00eentr-o perioad\u0103 istoric\u0103 marcat\u0103 de ateism ideologic, a prestat un apostolat excep\u021bional, urm\u00e2ndu-L cu fidelitate pe Hristos, Mai-Marele p\u0103storilor. <\/p>\n\n\n\n<p>Ast\u0103zi, Sf\u00e2ntul Cuvios Dometie cel Milostiv, din cerul deschis, ne prive\u0219te cu duio\u0219ie \u0219i este gata s\u0103-i ajute pe to\u021bi care i se adreseaz\u0103 \u00een rug\u0103ciuni.<\/p>\n\n\n\n<p> S\u0103 ne l\u0103s\u0103m inspira\u021bi \u0219i c\u0103l\u0103uzi\u021bi de entuziasmul duhovnicesc al acestui mare sf\u00e2nt care, odat\u0103, spunea<\/p>\n\n\n\n<p>\u00abEste \u00een puterea lui Dumnezeu s\u0103 ne fac\u0103 sfin\u021bi numai dac\u0103 vrem\u00bb\u201d.\u201e\ud835\uddd4\ud835\uddfd\ud835\uddfc\ud835\ude00\ud835\ude01\ud835\uddfc\ud835\uddf9\ud835\ude02\ud835\uddf9 \ud835\uddfa\ud835\uddfc\ud835\ude01\ud835\uddf6\ud835\uddf9\ud835\uddfc\ud835\uddff\u201d, \ud835\uddf1\ud835\uddf2 \ud835\uddf9\ud835\uddee \ud835\uddfa\ud835\uddf6\ud835\ude00\ud835\uddf6\ud835\ude02\ud835\uddfb\ud835\uddf2\ud835\uddee \ud835\uddf7\ud835\uddf2\ud835\uddff\ud835\ude01\ud835\uddf3\ud835\uddf2\ud835\uddf9\ud835\uddfb\ud835\uddf6\ud835\uddf0\ud835\uddee \ud835\uddf9\ud835\uddee \ud835\ude01\ud835\uddff\ud835\uddf2\ud835\uddf0\ud835\uddf2\ud835\uddff\ud835\uddf2\ud835\uddee \ud835\uddf6\ud835\uddfb \ud835\uddff\ud835\uddee\ud835\uddfb\ud835\uddf1\ud835\ude02\ud835\uddf9 \ud835\ude00\ud835\uddf3\ud835\uddf6\ud835\uddfb\ud835\ude01\ud835\uddf6\ud835\uddf9\ud835\uddfc\ud835\uddff. <\/p>\n\n\n\n<p>\ud835\uddd7\ud835\uddee\ud835\ude01\ud835\uddf2 \ud835\uddef\ud835\uddf6\ud835\uddfc\ud835\uddf4\ud835\uddff\ud835\uddee\ud835\uddf3\ud835\uddf6\ud835\uddf0\ud835\uddf2<\/p>\n\n\n\n<p>Sf\u00e2ntul Cuvios Dometie cel Milostiv s-a n\u0103scut la data de 15 octombrie 1924, \u00een jude\u021bul Buz\u0103u. <\/p>\n\n\n\n<p>Voca\u0163ia deosebit\u0103 pentru via\u0163a monahal\u0103 l-a determinat s\u0103 se \u00eenchinovieze la M\u0103n\u0103stirea Prislop, \u00een iulie 1949, av\u00e2ndu-l ca na\u0219 de c\u0103lug\u0103rie pe Sf\u00e2ntul Cuvios Serafim cel R\u0103bd\u0103tor de la S\u00e2mb\u0103ta de Sus, sub \u00eendrumarea Sf\u00e2ntului Cuvios M\u0103rturisitor Arsenie (Boca).<\/p>\n\n\n\n<p> Sf\u00e2ntul Cuvios Dometie cel Milostiv a ajuns la M\u0103n\u0103stirea R\u00e2me\u021b \u00een prim\u0103vara anului 1959, av\u00e2nd ca scop dinamizarea vie\u021buirii monahale de aici \u0219i \u00eent\u0103rirea Ortodoxiei rom\u00e2ne\u0219ti. <\/p>\n\n\n\n<p>A trecut la cele ve\u0219nice \u00eentr-o zi de duminic\u0103, la data de 6 iulie 1975, fiind numit de c\u0103tre Sf\u00e2ntul Preot M\u0103rturisitor Dumitru St\u0103niloae drept \u201eun erou al credin\u0163ei, un suflet de mare sfin\u0163enie \u015fi puritate\u201d.Sf\u00e2ntul Cuvios Dometie cel Milostiv a fost trecut \u00een r\u00e2ndul sfin\u021bilor \u00een data de 4 februarie 2025, la Catedrala Patriarhal\u0103, de s\u0103rb\u0103toarea Centenarului Patriarhiei Rom\u00e2ne, al\u0103turi de alte 15 personalit\u0103\u021bi duhovnice\u0219ti din secolul al XX-lea.<\/p>\n\n\n\n<p> Ceremonia de deshumare a cinstitelor moa\u0219te ale Sf\u00e2ntului Cuvios Dometie cel Milostiv a fost s\u0103v\u00e2r\u0219it\u0103 \u00een data de 18 martie, la M\u0103n\u0103stirea R\u00e2me\u021b. <\/p>\n\n\n\n<p>\u00cen s\u0103pt\u0103m\u00e2na premerg\u0103toare proclam\u0103rii canoniz\u0103rii locale a Sf\u00e2ntului Cuvios Dometie cel Milostiv (29 iunie &#8211; 5 iulie 2025), Arhiepiscopia Ortodox\u0103 a Alba Iuliei \u0219i M\u0103n\u0103stirea \u201eSfin\u021bii Apostoli Petru \u0219i Pavel\u201d de la R\u00e2me\u021b au organizat o serie de evenimente duhovnice\u0219ti \u0219i culturale dedicate fostului duhovnic al a\u0219ez\u0103m\u00e2ntului monahal de la R\u00e2me\u021b.&#8221; <\/p>\n\n\n\n<p> Cu deosebit\u0103 onoare \u0219i smerenie, Consiliul Jude\u021bean Alba \u0219i Centrul de Cultur\u0103 ,,Augustin Bena&#8221; s-au al\u0103turat, \u00een calitate de parteneri, momentului istoric ce a avea loc la M\u0103n\u0103stirea R\u00e2me\u021b<\/p>\n\n\n\n<figure class=\"wp-block-gallery has-nested-images columns-default is-cropped wp-block-gallery-1 is-layout-flex wp-block-gallery-is-layout-flex\">\n<figure class=\"wp-block-image size-large\"><img loading=\"lazy\" decoding=\"async\" width=\"1280\" height=\"1091\" data-id=\"118486\" src=\"https:\/\/urbeamea.ro\/albaiulia\/wp-content\/uploads\/2025\/07\/1000042117-1280x1091.jpg\" alt=\"\" class=\"wp-image-118486\" srcset=\"https:\/\/urbeamea.ro\/albaiulia\/wp-content\/uploads\/2025\/07\/1000042117-1280x1091.jpg 1280w, https:\/\/urbeamea.ro\/albaiulia\/wp-content\/uploads\/2025\/07\/1000042117-640x546.jpg 640w, https:\/\/urbeamea.ro\/albaiulia\/wp-content\/uploads\/2025\/07\/1000042117-150x128.jpg 150w, https:\/\/urbeamea.ro\/albaiulia\/wp-content\/uploads\/2025\/07\/1000042117-768x655.jpg 768w, https:\/\/urbeamea.ro\/albaiulia\/wp-content\/uploads\/2025\/07\/1000042117.jpg 1500w\" sizes=\"auto, (max-width: 1280px) 100vw, 1280px\" \/><\/figure>\n\n\n\n<figure class=\"wp-block-image size-large\"><img loading=\"lazy\" decoding=\"async\" width=\"790\" height=\"960\" data-id=\"118487\" src=\"https:\/\/urbeamea.ro\/albaiulia\/wp-content\/uploads\/2025\/07\/1000042118.jpg\" alt=\"\" class=\"wp-image-118487\" srcset=\"https:\/\/urbeamea.ro\/albaiulia\/wp-content\/uploads\/2025\/07\/1000042118.jpg 790w, https:\/\/urbeamea.ro\/albaiulia\/wp-content\/uploads\/2025\/07\/1000042118-527x640.jpg 527w, https:\/\/urbeamea.ro\/albaiulia\/wp-content\/uploads\/2025\/07\/1000042118-123x150.jpg 123w, https:\/\/urbeamea.ro\/albaiulia\/wp-content\/uploads\/2025\/07\/1000042118-768x933.jpg 768w\" sizes=\"auto, (max-width: 790px) 100vw, 790px\" \/><\/figure>\n\n\n\n<figure class=\"wp-block-image size-large\"><img loading=\"lazy\" decoding=\"async\" width=\"1280\" height=\"960\" data-id=\"118488\" src=\"https:\/\/urbeamea.ro\/albaiulia\/wp-content\/uploads\/2025\/07\/1000042119-1280x960.jpg\" alt=\"\" class=\"wp-image-118488\" srcset=\"https:\/\/urbeamea.ro\/albaiulia\/wp-content\/uploads\/2025\/07\/1000042119-1280x960.jpg 1280w, https:\/\/urbeamea.ro\/albaiulia\/wp-content\/uploads\/2025\/07\/1000042119-640x480.jpg 640w, https:\/\/urbeamea.ro\/albaiulia\/wp-content\/uploads\/2025\/07\/1000042119-150x113.jpg 150w, https:\/\/urbeamea.ro\/albaiulia\/wp-content\/uploads\/2025\/07\/1000042119-768x576.jpg 768w, https:\/\/urbeamea.ro\/albaiulia\/wp-content\/uploads\/2025\/07\/1000042119.jpg 1500w\" sizes=\"auto, (max-width: 1280px) 100vw, 1280px\" \/><\/figure>\n\n\n\n<figure class=\"wp-block-image size-large\"><img loading=\"lazy\" decoding=\"async\" width=\"1280\" height=\"839\" data-id=\"118489\" src=\"https:\/\/urbeamea.ro\/albaiulia\/wp-content\/uploads\/2025\/07\/1000042114-1280x839.jpg\" alt=\"\" class=\"wp-image-118489\" srcset=\"https:\/\/urbeamea.ro\/albaiulia\/wp-content\/uploads\/2025\/07\/1000042114-1280x839.jpg 1280w, https:\/\/urbeamea.ro\/albaiulia\/wp-content\/uploads\/2025\/07\/1000042114-640x419.jpg 640w, https:\/\/urbeamea.ro\/albaiulia\/wp-content\/uploads\/2025\/07\/1000042114-150x98.jpg 150w, https:\/\/urbeamea.ro\/albaiulia\/wp-content\/uploads\/2025\/07\/1000042114-768x503.jpg 768w, https:\/\/urbeamea.ro\/albaiulia\/wp-content\/uploads\/2025\/07\/1000042114.jpg 1500w\" sizes=\"auto, (max-width: 1280px) 100vw, 1280px\" \/><\/figure>\n\n\n\n<figure class=\"wp-block-image size-large\"><img loading=\"lazy\" decoding=\"async\" width=\"551\" height=\"1280\" data-id=\"118490\" src=\"https:\/\/urbeamea.ro\/albaiulia\/wp-content\/uploads\/2025\/07\/1000042115-551x1280.jpg\" alt=\"\" class=\"wp-image-118490\" srcset=\"https:\/\/urbeamea.ro\/albaiulia\/wp-content\/uploads\/2025\/07\/1000042115-551x1280.jpg 551w, https:\/\/urbeamea.ro\/albaiulia\/wp-content\/uploads\/2025\/07\/1000042115-275x640.jpg 275w, https:\/\/urbeamea.ro\/albaiulia\/wp-content\/uploads\/2025\/07\/1000042115-65x150.jpg 65w, https:\/\/urbeamea.ro\/albaiulia\/wp-content\/uploads\/2025\/07\/1000042115.jpg 640w\" sizes=\"auto, (max-width: 551px) 100vw, 551px\" \/><\/figure>\n\n\n\n<figure class=\"wp-block-image size-large\"><img loading=\"lazy\" decoding=\"async\" width=\"914\" height=\"1280\" data-id=\"118492\" src=\"https:\/\/urbeamea.ro\/albaiulia\/wp-content\/uploads\/2025\/07\/1000042116-914x1280.jpg\" alt=\"\" class=\"wp-image-118492\" srcset=\"https:\/\/urbeamea.ro\/albaiulia\/wp-content\/uploads\/2025\/07\/1000042116-914x1280.jpg 914w, https:\/\/urbeamea.ro\/albaiulia\/wp-content\/uploads\/2025\/07\/1000042116-457x640.jpg 457w, https:\/\/urbeamea.ro\/albaiulia\/wp-content\/uploads\/2025\/07\/1000042116-107x150.jpg 107w, https:\/\/urbeamea.ro\/albaiulia\/wp-content\/uploads\/2025\/07\/1000042116-768x1075.jpg 768w, https:\/\/urbeamea.ro\/albaiulia\/wp-content\/uploads\/2025\/07\/1000042116-1097x1536.jpg 1097w, https:\/\/urbeamea.ro\/albaiulia\/wp-content\/uploads\/2025\/07\/1000042116.jpg 1143w\" sizes=\"auto, (max-width: 914px) 100vw, 914px\" \/><\/figure>\n\n\n\n<figure class=\"wp-block-image size-large\"><img loading=\"lazy\" decoding=\"async\" width=\"1280\" height=\"654\" data-id=\"118491\" src=\"https:\/\/urbeamea.ro\/albaiulia\/wp-content\/uploads\/2025\/07\/1000042111-1280x654.jpg\" alt=\"\" class=\"wp-image-118491\" srcset=\"https:\/\/urbeamea.ro\/albaiulia\/wp-content\/uploads\/2025\/07\/1000042111-1280x654.jpg 1280w, https:\/\/urbeamea.ro\/albaiulia\/wp-content\/uploads\/2025\/07\/1000042111-640x327.jpg 640w, https:\/\/urbeamea.ro\/albaiulia\/wp-content\/uploads\/2025\/07\/1000042111-150x77.jpg 150w, https:\/\/urbeamea.ro\/albaiulia\/wp-content\/uploads\/2025\/07\/1000042111-768x392.jpg 768w, https:\/\/urbeamea.ro\/albaiulia\/wp-content\/uploads\/2025\/07\/1000042111.jpg 1500w\" sizes=\"auto, (max-width: 1280px) 100vw, 1280px\" \/><\/figure>\n\n\n\n<figure class=\"wp-block-image size-large\"><img loading=\"lazy\" decoding=\"async\" width=\"960\" height=\"610\" data-id=\"118493\" src=\"https:\/\/urbeamea.ro\/albaiulia\/wp-content\/uploads\/2025\/07\/1000042112.jpg\" alt=\"\" class=\"wp-image-118493\" srcset=\"https:\/\/urbeamea.ro\/albaiulia\/wp-content\/uploads\/2025\/07\/1000042112.jpg 960w, https:\/\/urbeamea.ro\/albaiulia\/wp-content\/uploads\/2025\/07\/1000042112-640x407.jpg 640w, https:\/\/urbeamea.ro\/albaiulia\/wp-content\/uploads\/2025\/07\/1000042112-150x95.jpg 150w, https:\/\/urbeamea.ro\/albaiulia\/wp-content\/uploads\/2025\/07\/1000042112-768x488.jpg 768w\" sizes=\"auto, (max-width: 960px) 100vw, 960px\" \/><\/figure>\n\n\n\n<figure class=\"wp-block-image size-large\"><img loading=\"lazy\" decoding=\"async\" width=\"960\" height=\"572\" data-id=\"118494\" src=\"https:\/\/urbeamea.ro\/albaiulia\/wp-content\/uploads\/2025\/07\/1000042113.jpg\" alt=\"\" class=\"wp-image-118494\" srcset=\"https:\/\/urbeamea.ro\/albaiulia\/wp-content\/uploads\/2025\/07\/1000042113.jpg 960w, https:\/\/urbeamea.ro\/albaiulia\/wp-content\/uploads\/2025\/07\/1000042113-640x381.jpg 640w, https:\/\/urbeamea.ro\/albaiulia\/wp-content\/uploads\/2025\/07\/1000042113-150x89.jpg 150w, https:\/\/urbeamea.ro\/albaiulia\/wp-content\/uploads\/2025\/07\/1000042113-768x458.jpg 768w\" sizes=\"auto, (max-width: 960px) 100vw, 960px\" \/><\/figure>\n\n\n\n<figure class=\"wp-block-image size-large\"><img loading=\"lazy\" decoding=\"async\" width=\"960\" height=\"624\" data-id=\"118495\" src=\"https:\/\/urbeamea.ro\/albaiulia\/wp-content\/uploads\/2025\/07\/1000042108.jpg\" alt=\"\" class=\"wp-image-118495\" srcset=\"https:\/\/urbeamea.ro\/albaiulia\/wp-content\/uploads\/2025\/07\/1000042108.jpg 960w, https:\/\/urbeamea.ro\/albaiulia\/wp-content\/uploads\/2025\/07\/1000042108-640x416.jpg 640w, https:\/\/urbeamea.ro\/albaiulia\/wp-content\/uploads\/2025\/07\/1000042108-150x98.jpg 150w, https:\/\/urbeamea.ro\/albaiulia\/wp-content\/uploads\/2025\/07\/1000042108-768x499.jpg 768w\" sizes=\"auto, (max-width: 960px) 100vw, 960px\" \/><\/figure>\n\n\n\n<figure class=\"wp-block-image size-large\"><img loading=\"lazy\" decoding=\"async\" width=\"960\" height=\"950\" data-id=\"118496\" src=\"https:\/\/urbeamea.ro\/albaiulia\/wp-content\/uploads\/2025\/07\/1000042110.jpg\" alt=\"\" class=\"wp-image-118496\" srcset=\"https:\/\/urbeamea.ro\/albaiulia\/wp-content\/uploads\/2025\/07\/1000042110.jpg 960w, https:\/\/urbeamea.ro\/albaiulia\/wp-content\/uploads\/2025\/07\/1000042110-640x633.jpg 640w, https:\/\/urbeamea.ro\/albaiulia\/wp-content\/uploads\/2025\/07\/1000042110-150x148.jpg 150w, https:\/\/urbeamea.ro\/albaiulia\/wp-content\/uploads\/2025\/07\/1000042110-768x760.jpg 768w\" sizes=\"auto, (max-width: 960px) 100vw, 960px\" \/><\/figure>\n\n\n\n<figure class=\"wp-block-image size-large\"><img loading=\"lazy\" decoding=\"async\" width=\"960\" height=\"582\" data-id=\"118497\" src=\"https:\/\/urbeamea.ro\/albaiulia\/wp-content\/uploads\/2025\/07\/1000042105.jpg\" alt=\"\" class=\"wp-image-118497\" srcset=\"https:\/\/urbeamea.ro\/albaiulia\/wp-content\/uploads\/2025\/07\/1000042105.jpg 960w, https:\/\/urbeamea.ro\/albaiulia\/wp-content\/uploads\/2025\/07\/1000042105-640x388.jpg 640w, https:\/\/urbeamea.ro\/albaiulia\/wp-content\/uploads\/2025\/07\/1000042105-150x91.jpg 150w, https:\/\/urbeamea.ro\/albaiulia\/wp-content\/uploads\/2025\/07\/1000042105-768x466.jpg 768w\" sizes=\"auto, (max-width: 960px) 100vw, 960px\" \/><\/figure>\n\n\n\n<figure class=\"wp-block-image size-large\"><img loading=\"lazy\" decoding=\"async\" width=\"672\" height=\"960\" data-id=\"118499\" src=\"https:\/\/urbeamea.ro\/albaiulia\/wp-content\/uploads\/2025\/07\/1000042106.jpg\" alt=\"\" class=\"wp-image-118499\" srcset=\"https:\/\/urbeamea.ro\/albaiulia\/wp-content\/uploads\/2025\/07\/1000042106.jpg 672w, https:\/\/urbeamea.ro\/albaiulia\/wp-content\/uploads\/2025\/07\/1000042106-448x640.jpg 448w, https:\/\/urbeamea.ro\/albaiulia\/wp-content\/uploads\/2025\/07\/1000042106-105x150.jpg 105w\" sizes=\"auto, (max-width: 672px) 100vw, 672px\" \/><\/figure>\n\n\n\n<figure class=\"wp-block-image size-large\"><img loading=\"lazy\" decoding=\"async\" width=\"960\" height=\"552\" data-id=\"118498\" src=\"https:\/\/urbeamea.ro\/albaiulia\/wp-content\/uploads\/2025\/07\/1000042107.jpg\" alt=\"\" class=\"wp-image-118498\" srcset=\"https:\/\/urbeamea.ro\/albaiulia\/wp-content\/uploads\/2025\/07\/1000042107.jpg 960w, https:\/\/urbeamea.ro\/albaiulia\/wp-content\/uploads\/2025\/07\/1000042107-640x368.jpg 640w, https:\/\/urbeamea.ro\/albaiulia\/wp-content\/uploads\/2025\/07\/1000042107-150x86.jpg 150w, https:\/\/urbeamea.ro\/albaiulia\/wp-content\/uploads\/2025\/07\/1000042107-768x442.jpg 768w\" sizes=\"auto, (max-width: 960px) 100vw, 960px\" \/><\/figure>\n\n\n\n<figure class=\"wp-block-image size-large\"><img loading=\"lazy\" decoding=\"async\" width=\"960\" height=\"632\" data-id=\"118500\" src=\"https:\/\/urbeamea.ro\/albaiulia\/wp-content\/uploads\/2025\/07\/1000042102.jpg\" alt=\"\" class=\"wp-image-118500\" srcset=\"https:\/\/urbeamea.ro\/albaiulia\/wp-content\/uploads\/2025\/07\/1000042102.jpg 960w, https:\/\/urbeamea.ro\/albaiulia\/wp-content\/uploads\/2025\/07\/1000042102-640x421.jpg 640w, https:\/\/urbeamea.ro\/albaiulia\/wp-content\/uploads\/2025\/07\/1000042102-150x99.jpg 150w, https:\/\/urbeamea.ro\/albaiulia\/wp-content\/uploads\/2025\/07\/1000042102-768x506.jpg 768w\" sizes=\"auto, (max-width: 960px) 100vw, 960px\" \/><\/figure>\n\n\n\n<figure class=\"wp-block-image size-large\"><img loading=\"lazy\" decoding=\"async\" width=\"960\" height=\"898\" data-id=\"118501\" src=\"https:\/\/urbeamea.ro\/albaiulia\/wp-content\/uploads\/2025\/07\/1000042103.jpg\" alt=\"\" class=\"wp-image-118501\" srcset=\"https:\/\/urbeamea.ro\/albaiulia\/wp-content\/uploads\/2025\/07\/1000042103.jpg 960w, https:\/\/urbeamea.ro\/albaiulia\/wp-content\/uploads\/2025\/07\/1000042103-640x599.jpg 640w, https:\/\/urbeamea.ro\/albaiulia\/wp-content\/uploads\/2025\/07\/1000042103-150x140.jpg 150w, https:\/\/urbeamea.ro\/albaiulia\/wp-content\/uploads\/2025\/07\/1000042103-768x718.jpg 768w\" sizes=\"auto, (max-width: 960px) 100vw, 960px\" \/><\/figure>\n\n\n\n<figure class=\"wp-block-image size-large\"><img loading=\"lazy\" decoding=\"async\" width=\"960\" height=\"744\" data-id=\"118502\" src=\"https:\/\/urbeamea.ro\/albaiulia\/wp-content\/uploads\/2025\/07\/1000042099.jpg\" alt=\"\" class=\"wp-image-118502\" srcset=\"https:\/\/urbeamea.ro\/albaiulia\/wp-content\/uploads\/2025\/07\/1000042099.jpg 960w, https:\/\/urbeamea.ro\/albaiulia\/wp-content\/uploads\/2025\/07\/1000042099-640x496.jpg 640w, https:\/\/urbeamea.ro\/albaiulia\/wp-content\/uploads\/2025\/07\/1000042099-150x116.jpg 150w, https:\/\/urbeamea.ro\/albaiulia\/wp-content\/uploads\/2025\/07\/1000042099-768x595.jpg 768w\" sizes=\"auto, (max-width: 960px) 100vw, 960px\" \/><\/figure>\n\n\n\n<figure class=\"wp-block-image size-large\"><img loading=\"lazy\" decoding=\"async\" width=\"1280\" height=\"852\" data-id=\"118503\" src=\"https:\/\/urbeamea.ro\/albaiulia\/wp-content\/uploads\/2025\/07\/1000042100-1280x852.jpg\" alt=\"\" class=\"wp-image-118503\" srcset=\"https:\/\/urbeamea.ro\/albaiulia\/wp-content\/uploads\/2025\/07\/1000042100-1280x852.jpg 1280w, https:\/\/urbeamea.ro\/albaiulia\/wp-content\/uploads\/2025\/07\/1000042100-640x426.jpg 640w, https:\/\/urbeamea.ro\/albaiulia\/wp-content\/uploads\/2025\/07\/1000042100-150x100.jpg 150w, https:\/\/urbeamea.ro\/albaiulia\/wp-content\/uploads\/2025\/07\/1000042100-768x511.jpg 768w, https:\/\/urbeamea.ro\/albaiulia\/wp-content\/uploads\/2025\/07\/1000042100.jpg 1500w\" sizes=\"auto, (max-width: 1280px) 100vw, 1280px\" \/><\/figure>\n\n\n\n<figure class=\"wp-block-image size-large\"><img loading=\"lazy\" decoding=\"async\" width=\"1280\" height=\"864\" data-id=\"118504\" src=\"https:\/\/urbeamea.ro\/albaiulia\/wp-content\/uploads\/2025\/07\/1000042101-1280x864.jpg\" alt=\"\" class=\"wp-image-118504\" srcset=\"https:\/\/urbeamea.ro\/albaiulia\/wp-content\/uploads\/2025\/07\/1000042101-1280x864.jpg 1280w, https:\/\/urbeamea.ro\/albaiulia\/wp-content\/uploads\/2025\/07\/1000042101-640x432.jpg 640w, https:\/\/urbeamea.ro\/albaiulia\/wp-content\/uploads\/2025\/07\/1000042101-150x101.jpg 150w, https:\/\/urbeamea.ro\/albaiulia\/wp-content\/uploads\/2025\/07\/1000042101-768x518.jpg 768w, https:\/\/urbeamea.ro\/albaiulia\/wp-content\/uploads\/2025\/07\/1000042101-220x150.jpg 220w, https:\/\/urbeamea.ro\/albaiulia\/wp-content\/uploads\/2025\/07\/1000042101.jpg 1500w\" sizes=\"auto, (max-width: 1280px) 100vw, 1280px\" \/><\/figure>\n\n\n\n<figure class=\"wp-block-image size-large\"><img loading=\"lazy\" decoding=\"async\" width=\"1280\" height=\"440\" data-id=\"118505\" src=\"https:\/\/urbeamea.ro\/albaiulia\/wp-content\/uploads\/2025\/07\/1000042096-1280x440.jpg\" alt=\"\" class=\"wp-image-118505\" srcset=\"https:\/\/urbeamea.ro\/albaiulia\/wp-content\/uploads\/2025\/07\/1000042096-1280x440.jpg 1280w, https:\/\/urbeamea.ro\/albaiulia\/wp-content\/uploads\/2025\/07\/1000042096-640x220.jpg 640w, https:\/\/urbeamea.ro\/albaiulia\/wp-content\/uploads\/2025\/07\/1000042096-150x52.jpg 150w, https:\/\/urbeamea.ro\/albaiulia\/wp-content\/uploads\/2025\/07\/1000042096-768x264.jpg 768w, https:\/\/urbeamea.ro\/albaiulia\/wp-content\/uploads\/2025\/07\/1000042096.jpg 1500w\" sizes=\"auto, (max-width: 1280px) 100vw, 1280px\" \/><\/figure>\n\n\n\n<figure class=\"wp-block-image size-large\"><img loading=\"lazy\" decoding=\"async\" width=\"1223\" height=\"1280\" data-id=\"118506\" src=\"https:\/\/urbeamea.ro\/albaiulia\/wp-content\/uploads\/2025\/07\/1000042097-1223x1280.jpg\" alt=\"\" class=\"wp-image-118506\" srcset=\"https:\/\/urbeamea.ro\/albaiulia\/wp-content\/uploads\/2025\/07\/1000042097-1223x1280.jpg 1223w, https:\/\/urbeamea.ro\/albaiulia\/wp-content\/uploads\/2025\/07\/1000042097-611x640.jpg 611w, https:\/\/urbeamea.ro\/albaiulia\/wp-content\/uploads\/2025\/07\/1000042097-143x150.jpg 143w, https:\/\/urbeamea.ro\/albaiulia\/wp-content\/uploads\/2025\/07\/1000042097-768x804.jpg 768w, https:\/\/urbeamea.ro\/albaiulia\/wp-content\/uploads\/2025\/07\/1000042097.jpg 1433w\" sizes=\"auto, (max-width: 1223px) 100vw, 1223px\" \/><\/figure>\n\n\n\n<figure class=\"wp-block-image size-large\"><img loading=\"lazy\" decoding=\"async\" width=\"960\" height=\"886\" data-id=\"118507\" src=\"https:\/\/urbeamea.ro\/albaiulia\/wp-content\/uploads\/2025\/07\/1000042098.jpg\" alt=\"\" class=\"wp-image-118507\" srcset=\"https:\/\/urbeamea.ro\/albaiulia\/wp-content\/uploads\/2025\/07\/1000042098.jpg 960w, https:\/\/urbeamea.ro\/albaiulia\/wp-content\/uploads\/2025\/07\/1000042098-640x591.jpg 640w, https:\/\/urbeamea.ro\/albaiulia\/wp-content\/uploads\/2025\/07\/1000042098-150x138.jpg 150w, https:\/\/urbeamea.ro\/albaiulia\/wp-content\/uploads\/2025\/07\/1000042098-768x709.jpg 768w\" sizes=\"auto, (max-width: 960px) 100vw, 960px\" \/><\/figure>\n\n\n\n<figure class=\"wp-block-image size-large\"><img loading=\"lazy\" decoding=\"async\" width=\"960\" height=\"710\" data-id=\"118508\" src=\"https:\/\/urbeamea.ro\/albaiulia\/wp-content\/uploads\/2025\/07\/1000042093.jpg\" alt=\"\" class=\"wp-image-118508\" srcset=\"https:\/\/urbeamea.ro\/albaiulia\/wp-content\/uploads\/2025\/07\/1000042093.jpg 960w, https:\/\/urbeamea.ro\/albaiulia\/wp-content\/uploads\/2025\/07\/1000042093-640x473.jpg 640w, https:\/\/urbeamea.ro\/albaiulia\/wp-content\/uploads\/2025\/07\/1000042093-150x111.jpg 150w, https:\/\/urbeamea.ro\/albaiulia\/wp-content\/uploads\/2025\/07\/1000042093-768x568.jpg 768w\" sizes=\"auto, (max-width: 960px) 100vw, 960px\" \/><\/figure>\n\n\n\n<figure class=\"wp-block-image size-large\"><img loading=\"lazy\" decoding=\"async\" width=\"1280\" height=\"916\" data-id=\"118509\" src=\"https:\/\/urbeamea.ro\/albaiulia\/wp-content\/uploads\/2025\/07\/1000042094-1280x916.jpg\" alt=\"\" class=\"wp-image-118509\" srcset=\"https:\/\/urbeamea.ro\/albaiulia\/wp-content\/uploads\/2025\/07\/1000042094-1280x916.jpg 1280w, https:\/\/urbeamea.ro\/albaiulia\/wp-content\/uploads\/2025\/07\/1000042094-640x458.jpg 640w, https:\/\/urbeamea.ro\/albaiulia\/wp-content\/uploads\/2025\/07\/1000042094-150x107.jpg 150w, https:\/\/urbeamea.ro\/albaiulia\/wp-content\/uploads\/2025\/07\/1000042094-768x549.jpg 768w, https:\/\/urbeamea.ro\/albaiulia\/wp-content\/uploads\/2025\/07\/1000042094.jpg 1500w\" sizes=\"auto, (max-width: 1280px) 100vw, 1280px\" \/><\/figure>\n\n\n\n<figure class=\"wp-block-image size-large\"><img loading=\"lazy\" decoding=\"async\" width=\"960\" height=\"712\" data-id=\"118510\" src=\"https:\/\/urbeamea.ro\/albaiulia\/wp-content\/uploads\/2025\/07\/1000042095.jpg\" alt=\"\" class=\"wp-image-118510\" srcset=\"https:\/\/urbeamea.ro\/albaiulia\/wp-content\/uploads\/2025\/07\/1000042095.jpg 960w, https:\/\/urbeamea.ro\/albaiulia\/wp-content\/uploads\/2025\/07\/1000042095-640x475.jpg 640w, https:\/\/urbeamea.ro\/albaiulia\/wp-content\/uploads\/2025\/07\/1000042095-150x111.jpg 150w, https:\/\/urbeamea.ro\/albaiulia\/wp-content\/uploads\/2025\/07\/1000042095-768x570.jpg 768w\" sizes=\"auto, (max-width: 960px) 100vw, 960px\" \/><\/figure>\n\n\n\n<figure class=\"wp-block-image size-large\"><img loading=\"lazy\" decoding=\"async\" width=\"1280\" height=\"548\" data-id=\"118511\" src=\"https:\/\/urbeamea.ro\/albaiulia\/wp-content\/uploads\/2025\/07\/1000042092-1280x548.jpg\" alt=\"\" class=\"wp-image-118511\" srcset=\"https:\/\/urbeamea.ro\/albaiulia\/wp-content\/uploads\/2025\/07\/1000042092-1280x548.jpg 1280w, https:\/\/urbeamea.ro\/albaiulia\/wp-content\/uploads\/2025\/07\/1000042092-640x274.jpg 640w, https:\/\/urbeamea.ro\/albaiulia\/wp-content\/uploads\/2025\/07\/1000042092-150x64.jpg 150w, https:\/\/urbeamea.ro\/albaiulia\/wp-content\/uploads\/2025\/07\/1000042092-768x329.jpg 768w, https:\/\/urbeamea.ro\/albaiulia\/wp-content\/uploads\/2025\/07\/1000042092.jpg 1495w\" sizes=\"auto, (max-width: 1280px) 100vw, 1280px\" \/><\/figure>\n<\/figure>\n","protected":false},"excerpt":{"rendered":"<p>Cu binecuv\u00e2ntarea Preafericitului P\u0103rinte Patriarh Daniel, la data de 6 iulie 2025, \u00een Duminica a IV-a dup\u0103 Rusalii, c\u00e2nd este r\u00e2nduit s\u0103 fie citit\u0103 pericopa evanghelic\u0103 ce prezint\u0103 vindecarea slugii suta\u0219ului, Arhiepiscopia Ortodox\u0103 a Alba Iuliei \u0219i M\u0103n\u0103stirea \u201eSfin\u021bii Apostoli Petru \u0219i Pavel\u201d de la R\u00e2me\u021b au \u00eembr\u0103cat hain\u0103 de aleas\u0103 bucurie duhovniceasc\u0103. \u00cen contextul &hellip;<\/p>\n","protected":false},"author":28,"featured_media":118491,"comment_status":"open","ping_status":"open","sticky":false,"template":"","format":"standard","meta":{"inline_featured_image":false,"footnotes":""},"categories":[2034,1,16344],"tags":[25245,25348],"class_list":["post-118485","post","type-post","status-publish","format-standard","has-post-thumbnail","hentry","category-social","category-stiri-urbane","category-urbea-mea","tag-dometie-de-la-ramet","tag-ramet-2"],"yoast_head":"<!-- This site is optimized with the Yoast SEO plugin v27.4 - https:\/\/yoast.com\/product\/yoast-seo-wordpress\/ -->\n<title>Proclamarea canoniz\u0103rii locale a Sf\u00e2ntului Cuvios Dometie cel Milostiv de la R\u00e2me\u021b - Revista Urbea Mea - Revista de Alba<\/title>\n<meta name=\"description\" content=\"Cu binecuv\u00e2ntarea Preafericitului P\u0103rinte Patriarh Daniel, la data de 6 iulie 2025, \u00een Duminica a IV-a dup\u0103 Rusalii, c\u00e2nd este r\u00e2nduit s\u0103 fie citit\u0103\" \/>\n<meta name=\"robots\" content=\"index, follow, max-snippet:-1, max-image-preview:large, max-video-preview:-1\" \/>\n<link rel=\"canonical\" href=\"https:\/\/urbeamea.ro\/albaiulia\/proclamarea-canonizarii-locale-a-sfantului-cuvios-dometie-cel-milostiv-de-la-ramet\/\" \/>\n<meta name=\"twitter:card\" content=\"summary_large_image\" \/>\n<meta name=\"twitter:title\" content=\"Proclamarea canoniz\u0103rii locale a Sf\u00e2ntului Cuvios Dometie cel Milostiv de la R\u00e2me\u021b - Revista Urbea Mea - Revista de Alba\" \/>\n<meta name=\"twitter:description\" content=\"Cu binecuv\u00e2ntarea Preafericitului P\u0103rinte Patriarh Daniel, la data de 6 iulie 2025, \u00een Duminica a IV-a dup\u0103 Rusalii, c\u00e2nd este r\u00e2nduit s\u0103 fie citit\u0103\" \/>\n<meta name=\"twitter:image\" content=\"https:\/\/urbeamea.ro\/albaiulia\/wp-content\/uploads\/2025\/07\/1000042111.jpg\" \/>\n<meta name=\"twitter:creator\" content=\"@urbeameaweb\" \/>\n<meta name=\"twitter:site\" content=\"@urbeameaweb\" \/>\n<script type=\"application\/ld+json\" class=\"yoast-schema-graph\">{\"@context\":\"https:\\\/\\\/schema.org\",\"@graph\":[{\"@type\":\"Article\",\"@id\":\"https:\\\/\\\/urbeamea.ro\\\/albaiulia\\\/proclamarea-canonizarii-locale-a-sfantului-cuvios-dometie-cel-milostiv-de-la-ramet\\\/#article\",\"isPartOf\":{\"@id\":\"https:\\\/\\\/urbeamea.ro\\\/albaiulia\\\/proclamarea-canonizarii-locale-a-sfantului-cuvios-dometie-cel-milostiv-de-la-ramet\\\/\"},\"author\":{\"name\":\"Giurca Sorin\",\"@id\":\"https:\\\/\\\/urbeamea.ro\\\/albaiulia\\\/#\\\/schema\\\/person\\\/5db3854ac38c1cc9f0ab4092d6a20f02\"},\"headline\":\"Proclamarea canoniz\u0103rii locale a Sf\u00e2ntului Cuvios Dometie cel Milostiv de la R\u00e2me\u021b\",\"datePublished\":\"2025-07-07T16:53:18+00:00\",\"dateModified\":\"2025-07-07T16:53:20+00:00\",\"mainEntityOfPage\":{\"@id\":\"https:\\\/\\\/urbeamea.ro\\\/albaiulia\\\/proclamarea-canonizarii-locale-a-sfantului-cuvios-dometie-cel-milostiv-de-la-ramet\\\/\"},\"wordCount\":1641,\"commentCount\":0,\"image\":{\"@id\":\"https:\\\/\\\/urbeamea.ro\\\/albaiulia\\\/proclamarea-canonizarii-locale-a-sfantului-cuvios-dometie-cel-milostiv-de-la-ramet\\\/#primaryimage\"},\"thumbnailUrl\":\"https:\\\/\\\/urbeamea.ro\\\/albaiulia\\\/wp-content\\\/uploads\\\/2025\\\/07\\\/1000042111.jpg\",\"keywords\":[\"Dometie de la R\u00e2me\u021b\",\"Ramet\"],\"articleSection\":[\"Social\",\"\u015etiri Urbane\",\"Urbea Mea\"],\"inLanguage\":\"ro-RO\",\"potentialAction\":[{\"@type\":\"CommentAction\",\"name\":\"Comment\",\"target\":[\"https:\\\/\\\/urbeamea.ro\\\/albaiulia\\\/proclamarea-canonizarii-locale-a-sfantului-cuvios-dometie-cel-milostiv-de-la-ramet\\\/#respond\"]}]},{\"@type\":\"WebPage\",\"@id\":\"https:\\\/\\\/urbeamea.ro\\\/albaiulia\\\/proclamarea-canonizarii-locale-a-sfantului-cuvios-dometie-cel-milostiv-de-la-ramet\\\/\",\"url\":\"https:\\\/\\\/urbeamea.ro\\\/albaiulia\\\/proclamarea-canonizarii-locale-a-sfantului-cuvios-dometie-cel-milostiv-de-la-ramet\\\/\",\"name\":\"Proclamarea canoniz\u0103rii locale a Sf\u00e2ntului Cuvios Dometie cel Milostiv de la R\u00e2me\u021b - Revista Urbea Mea - Revista de Alba\",\"isPartOf\":{\"@id\":\"https:\\\/\\\/urbeamea.ro\\\/albaiulia\\\/#website\"},\"primaryImageOfPage\":{\"@id\":\"https:\\\/\\\/urbeamea.ro\\\/albaiulia\\\/proclamarea-canonizarii-locale-a-sfantului-cuvios-dometie-cel-milostiv-de-la-ramet\\\/#primaryimage\"},\"image\":{\"@id\":\"https:\\\/\\\/urbeamea.ro\\\/albaiulia\\\/proclamarea-canonizarii-locale-a-sfantului-cuvios-dometie-cel-milostiv-de-la-ramet\\\/#primaryimage\"},\"thumbnailUrl\":\"https:\\\/\\\/urbeamea.ro\\\/albaiulia\\\/wp-content\\\/uploads\\\/2025\\\/07\\\/1000042111.jpg\",\"datePublished\":\"2025-07-07T16:53:18+00:00\",\"dateModified\":\"2025-07-07T16:53:20+00:00\",\"author\":{\"@id\":\"https:\\\/\\\/urbeamea.ro\\\/albaiulia\\\/#\\\/schema\\\/person\\\/5db3854ac38c1cc9f0ab4092d6a20f02\"},\"description\":\"Cu binecuv\u00e2ntarea Preafericitului P\u0103rinte Patriarh Daniel, la data de 6 iulie 2025, \u00een Duminica a IV-a dup\u0103 Rusalii, c\u00e2nd este r\u00e2nduit s\u0103 fie citit\u0103\",\"breadcrumb\":{\"@id\":\"https:\\\/\\\/urbeamea.ro\\\/albaiulia\\\/proclamarea-canonizarii-locale-a-sfantului-cuvios-dometie-cel-milostiv-de-la-ramet\\\/#breadcrumb\"},\"inLanguage\":\"ro-RO\",\"potentialAction\":[{\"@type\":\"ReadAction\",\"target\":[\"https:\\\/\\\/urbeamea.ro\\\/albaiulia\\\/proclamarea-canonizarii-locale-a-sfantului-cuvios-dometie-cel-milostiv-de-la-ramet\\\/\"]}]},{\"@type\":\"ImageObject\",\"inLanguage\":\"ro-RO\",\"@id\":\"https:\\\/\\\/urbeamea.ro\\\/albaiulia\\\/proclamarea-canonizarii-locale-a-sfantului-cuvios-dometie-cel-milostiv-de-la-ramet\\\/#primaryimage\",\"url\":\"https:\\\/\\\/urbeamea.ro\\\/albaiulia\\\/wp-content\\\/uploads\\\/2025\\\/07\\\/1000042111.jpg\",\"contentUrl\":\"https:\\\/\\\/urbeamea.ro\\\/albaiulia\\\/wp-content\\\/uploads\\\/2025\\\/07\\\/1000042111.jpg\",\"width\":1500,\"height\":766},{\"@type\":\"BreadcrumbList\",\"@id\":\"https:\\\/\\\/urbeamea.ro\\\/albaiulia\\\/proclamarea-canonizarii-locale-a-sfantului-cuvios-dometie-cel-milostiv-de-la-ramet\\\/#breadcrumb\",\"itemListElement\":[{\"@type\":\"ListItem\",\"position\":1,\"name\":\"Prima pagin\u0103\",\"item\":\"https:\\\/\\\/urbeamea.ro\\\/albaiulia\\\/\"},{\"@type\":\"ListItem\",\"position\":2,\"name\":\"Proclamarea canoniz\u0103rii locale a Sf\u00e2ntului Cuvios Dometie cel Milostiv de la R\u00e2me\u021b\"}]},{\"@type\":\"WebSite\",\"@id\":\"https:\\\/\\\/urbeamea.ro\\\/albaiulia\\\/#website\",\"url\":\"https:\\\/\\\/urbeamea.ro\\\/albaiulia\\\/\",\"name\":\"Revista Urbea Mea, Stiri urbane\",\"description\":\"Evenimente \u0219i \u0219tiri din Alba Iulia, Sebe\u0219, Aiud, Blaj\",\"potentialAction\":[{\"@type\":\"SearchAction\",\"target\":{\"@type\":\"EntryPoint\",\"urlTemplate\":\"https:\\\/\\\/urbeamea.ro\\\/albaiulia\\\/?s={search_term_string}\"},\"query-input\":{\"@type\":\"PropertyValueSpecification\",\"valueRequired\":true,\"valueName\":\"search_term_string\"}}],\"inLanguage\":\"ro-RO\"},{\"@type\":\"Person\",\"@id\":\"https:\\\/\\\/urbeamea.ro\\\/albaiulia\\\/#\\\/schema\\\/person\\\/5db3854ac38c1cc9f0ab4092d6a20f02\",\"name\":\"Giurca Sorin\",\"image\":{\"@type\":\"ImageObject\",\"inLanguage\":\"ro-RO\",\"@id\":\"https:\\\/\\\/secure.gravatar.com\\\/avatar\\\/120f6fcae7b3b47a7730cb9943f612f4909f68ac5284b5f40ac1c4615fd70576?s=96&d=mm&r=g\",\"url\":\"https:\\\/\\\/secure.gravatar.com\\\/avatar\\\/120f6fcae7b3b47a7730cb9943f612f4909f68ac5284b5f40ac1c4615fd70576?s=96&d=mm&r=g\",\"contentUrl\":\"https:\\\/\\\/secure.gravatar.com\\\/avatar\\\/120f6fcae7b3b47a7730cb9943f612f4909f68ac5284b5f40ac1c4615fd70576?s=96&d=mm&r=g\",\"caption\":\"Giurca Sorin\"},\"url\":\"https:\\\/\\\/urbeamea.ro\\\/albaiulia\\\/author\\\/sorin\\\/\"}]}<\/script>\n<!-- \/ Yoast SEO plugin. -->","yoast_head_json":{"title":"Proclamarea canoniz\u0103rii locale a Sf\u00e2ntului Cuvios Dometie cel Milostiv de la R\u00e2me\u021b - Revista Urbea Mea - Revista de Alba","description":"Cu binecuv\u00e2ntarea Preafericitului P\u0103rinte Patriarh Daniel, la data de 6 iulie 2025, \u00een Duminica a IV-a dup\u0103 Rusalii, c\u00e2nd este r\u00e2nduit s\u0103 fie citit\u0103","robots":{"index":"index","follow":"follow","max-snippet":"max-snippet:-1","max-image-preview":"max-image-preview:large","max-video-preview":"max-video-preview:-1"},"canonical":"https:\/\/urbeamea.ro\/albaiulia\/proclamarea-canonizarii-locale-a-sfantului-cuvios-dometie-cel-milostiv-de-la-ramet\/","twitter_card":"summary_large_image","twitter_title":"Proclamarea canoniz\u0103rii locale a Sf\u00e2ntului Cuvios Dometie cel Milostiv de la R\u00e2me\u021b - Revista Urbea Mea - Revista de Alba","twitter_description":"Cu binecuv\u00e2ntarea Preafericitului P\u0103rinte Patriarh Daniel, la data de 6 iulie 2025, \u00een Duminica a IV-a dup\u0103 Rusalii, c\u00e2nd este r\u00e2nduit s\u0103 fie citit\u0103","twitter_image":"https:\/\/urbeamea.ro\/albaiulia\/wp-content\/uploads\/2025\/07\/1000042111.jpg","twitter_creator":"@urbeameaweb","twitter_site":"@urbeameaweb","schema":{"@context":"https:\/\/schema.org","@graph":[{"@type":"Article","@id":"https:\/\/urbeamea.ro\/albaiulia\/proclamarea-canonizarii-locale-a-sfantului-cuvios-dometie-cel-milostiv-de-la-ramet\/#article","isPartOf":{"@id":"https:\/\/urbeamea.ro\/albaiulia\/proclamarea-canonizarii-locale-a-sfantului-cuvios-dometie-cel-milostiv-de-la-ramet\/"},"author":{"name":"Giurca Sorin","@id":"https:\/\/urbeamea.ro\/albaiulia\/#\/schema\/person\/5db3854ac38c1cc9f0ab4092d6a20f02"},"headline":"Proclamarea canoniz\u0103rii locale a Sf\u00e2ntului Cuvios Dometie cel Milostiv de la R\u00e2me\u021b","datePublished":"2025-07-07T16:53:18+00:00","dateModified":"2025-07-07T16:53:20+00:00","mainEntityOfPage":{"@id":"https:\/\/urbeamea.ro\/albaiulia\/proclamarea-canonizarii-locale-a-sfantului-cuvios-dometie-cel-milostiv-de-la-ramet\/"},"wordCount":1641,"commentCount":0,"image":{"@id":"https:\/\/urbeamea.ro\/albaiulia\/proclamarea-canonizarii-locale-a-sfantului-cuvios-dometie-cel-milostiv-de-la-ramet\/#primaryimage"},"thumbnailUrl":"https:\/\/urbeamea.ro\/albaiulia\/wp-content\/uploads\/2025\/07\/1000042111.jpg","keywords":["Dometie de la R\u00e2me\u021b","Ramet"],"articleSection":["Social","\u015etiri Urbane","Urbea Mea"],"inLanguage":"ro-RO","potentialAction":[{"@type":"CommentAction","name":"Comment","target":["https:\/\/urbeamea.ro\/albaiulia\/proclamarea-canonizarii-locale-a-sfantului-cuvios-dometie-cel-milostiv-de-la-ramet\/#respond"]}]},{"@type":"WebPage","@id":"https:\/\/urbeamea.ro\/albaiulia\/proclamarea-canonizarii-locale-a-sfantului-cuvios-dometie-cel-milostiv-de-la-ramet\/","url":"https:\/\/urbeamea.ro\/albaiulia\/proclamarea-canonizarii-locale-a-sfantului-cuvios-dometie-cel-milostiv-de-la-ramet\/","name":"Proclamarea canoniz\u0103rii locale a Sf\u00e2ntului Cuvios Dometie cel Milostiv de la R\u00e2me\u021b - Revista Urbea Mea - Revista de Alba","isPartOf":{"@id":"https:\/\/urbeamea.ro\/albaiulia\/#website"},"primaryImageOfPage":{"@id":"https:\/\/urbeamea.ro\/albaiulia\/proclamarea-canonizarii-locale-a-sfantului-cuvios-dometie-cel-milostiv-de-la-ramet\/#primaryimage"},"image":{"@id":"https:\/\/urbeamea.ro\/albaiulia\/proclamarea-canonizarii-locale-a-sfantului-cuvios-dometie-cel-milostiv-de-la-ramet\/#primaryimage"},"thumbnailUrl":"https:\/\/urbeamea.ro\/albaiulia\/wp-content\/uploads\/2025\/07\/1000042111.jpg","datePublished":"2025-07-07T16:53:18+00:00","dateModified":"2025-07-07T16:53:20+00:00","author":{"@id":"https:\/\/urbeamea.ro\/albaiulia\/#\/schema\/person\/5db3854ac38c1cc9f0ab4092d6a20f02"},"description":"Cu binecuv\u00e2ntarea Preafericitului P\u0103rinte Patriarh Daniel, la data de 6 iulie 2025, \u00een Duminica a IV-a dup\u0103 Rusalii, c\u00e2nd este r\u00e2nduit s\u0103 fie citit\u0103","breadcrumb":{"@id":"https:\/\/urbeamea.ro\/albaiulia\/proclamarea-canonizarii-locale-a-sfantului-cuvios-dometie-cel-milostiv-de-la-ramet\/#breadcrumb"},"inLanguage":"ro-RO","potentialAction":[{"@type":"ReadAction","target":["https:\/\/urbeamea.ro\/albaiulia\/proclamarea-canonizarii-locale-a-sfantului-cuvios-dometie-cel-milostiv-de-la-ramet\/"]}]},{"@type":"ImageObject","inLanguage":"ro-RO","@id":"https:\/\/urbeamea.ro\/albaiulia\/proclamarea-canonizarii-locale-a-sfantului-cuvios-dometie-cel-milostiv-de-la-ramet\/#primaryimage","url":"https:\/\/urbeamea.ro\/albaiulia\/wp-content\/uploads\/2025\/07\/1000042111.jpg","contentUrl":"https:\/\/urbeamea.ro\/albaiulia\/wp-content\/uploads\/2025\/07\/1000042111.jpg","width":1500,"height":766},{"@type":"BreadcrumbList","@id":"https:\/\/urbeamea.ro\/albaiulia\/proclamarea-canonizarii-locale-a-sfantului-cuvios-dometie-cel-milostiv-de-la-ramet\/#breadcrumb","itemListElement":[{"@type":"ListItem","position":1,"name":"Prima pagin\u0103","item":"https:\/\/urbeamea.ro\/albaiulia\/"},{"@type":"ListItem","position":2,"name":"Proclamarea canoniz\u0103rii locale a Sf\u00e2ntului Cuvios Dometie cel Milostiv de la R\u00e2me\u021b"}]},{"@type":"WebSite","@id":"https:\/\/urbeamea.ro\/albaiulia\/#website","url":"https:\/\/urbeamea.ro\/albaiulia\/","name":"Revista Urbea Mea, Stiri urbane","description":"Evenimente \u0219i \u0219tiri din Alba Iulia, Sebe\u0219, Aiud, Blaj","potentialAction":[{"@type":"SearchAction","target":{"@type":"EntryPoint","urlTemplate":"https:\/\/urbeamea.ro\/albaiulia\/?s={search_term_string}"},"query-input":{"@type":"PropertyValueSpecification","valueRequired":true,"valueName":"search_term_string"}}],"inLanguage":"ro-RO"},{"@type":"Person","@id":"https:\/\/urbeamea.ro\/albaiulia\/#\/schema\/person\/5db3854ac38c1cc9f0ab4092d6a20f02","name":"Giurca Sorin","image":{"@type":"ImageObject","inLanguage":"ro-RO","@id":"https:\/\/secure.gravatar.com\/avatar\/120f6fcae7b3b47a7730cb9943f612f4909f68ac5284b5f40ac1c4615fd70576?s=96&d=mm&r=g","url":"https:\/\/secure.gravatar.com\/avatar\/120f6fcae7b3b47a7730cb9943f612f4909f68ac5284b5f40ac1c4615fd70576?s=96&d=mm&r=g","contentUrl":"https:\/\/secure.gravatar.com\/avatar\/120f6fcae7b3b47a7730cb9943f612f4909f68ac5284b5f40ac1c4615fd70576?s=96&d=mm&r=g","caption":"Giurca Sorin"},"url":"https:\/\/urbeamea.ro\/albaiulia\/author\/sorin\/"}]}},"_links":{"self":[{"href":"https:\/\/urbeamea.ro\/albaiulia\/wp-json\/wp\/v2\/posts\/118485","targetHints":{"allow":["GET"]}}],"collection":[{"href":"https:\/\/urbeamea.ro\/albaiulia\/wp-json\/wp\/v2\/posts"}],"about":[{"href":"https:\/\/urbeamea.ro\/albaiulia\/wp-json\/wp\/v2\/types\/post"}],"author":[{"embeddable":true,"href":"https:\/\/urbeamea.ro\/albaiulia\/wp-json\/wp\/v2\/users\/28"}],"replies":[{"embeddable":true,"href":"https:\/\/urbeamea.ro\/albaiulia\/wp-json\/wp\/v2\/comments?post=118485"}],"version-history":[{"count":1,"href":"https:\/\/urbeamea.ro\/albaiulia\/wp-json\/wp\/v2\/posts\/118485\/revisions"}],"predecessor-version":[{"id":118512,"href":"https:\/\/urbeamea.ro\/albaiulia\/wp-json\/wp\/v2\/posts\/118485\/revisions\/118512"}],"wp:featuredmedia":[{"embeddable":true,"href":"https:\/\/urbeamea.ro\/albaiulia\/wp-json\/wp\/v2\/media\/118491"}],"wp:attachment":[{"href":"https:\/\/urbeamea.ro\/albaiulia\/wp-json\/wp\/v2\/media?parent=118485"}],"wp:term":[{"taxonomy":"category","embeddable":true,"href":"https:\/\/urbeamea.ro\/albaiulia\/wp-json\/wp\/v2\/categories?post=118485"},{"taxonomy":"post_tag","embeddable":true,"href":"https:\/\/urbeamea.ro\/albaiulia\/wp-json\/wp\/v2\/tags?post=118485"}],"curies":[{"name":"wp","href":"https:\/\/api.w.org\/{rel}","templated":true}]}}