{"id":11853,"date":"2015-11-13T17:13:39","date_gmt":"2015-11-13T15:13:39","guid":{"rendered":"http:\/\/urbeamea.ro\/albaiulia\/?p=11853"},"modified":"2016-01-18T18:29:51","modified_gmt":"2016-01-18T16:29:51","slug":"foto-doisprezece-ani-de-la-infiintarea-asezamantului-social-sfantul-vasile-cel-mare-din-alba-iulia","status":"publish","type":"post","link":"https:\/\/urbeamea.ro\/albaiulia\/foto-doisprezece-ani-de-la-infiintarea-asezamantului-social-sfantul-vasile-cel-mare-din-alba-iulia\/","title":{"rendered":"FOTO: Doisprezece ani de la \u00eenfiin\u0163area A\u015fez\u0103m\u00e2ntului Social \u201eSf\u00e2ntul Vasile cel Mare\u201d din Alba Iulia"},"content":{"rendered":"<p><a href=\"http:\/\/urbeamea.ro\/albaiulia\/wp-content\/uploads\/2015\/11\/DSC_0031.jpg\"><img loading=\"lazy\" decoding=\"async\" class=\"size-medium wp-image-11854 alignleft\" src=\"http:\/\/urbeamea.ro\/albaiulia\/wp-content\/uploads\/2015\/11\/DSC_0031-300x200.jpg\" alt=\"????????????????????????????????????\" width=\"300\" height=\"200\" \/><\/a><\/p>\n<p><strong>A\u015fez\u0103m\u00e2ntul Social \u201eSf\u00e2ntul Vasile cel Mare\u201d din Alba Iulia aniverseaz\u0103 \u00een acest an 12 ani de la \u00eenfiin\u0163are. Cu acest prilej, copiii \u015fi personalul a\u015fez\u0103m\u00e2ntului au preg\u0103tit un program festiv, iar joi a\u015fez\u0103m\u00e2ntul \u015fi-a deschis por\u0163ile pentru parteneri, fo\u015fti beneficiari, dar \u015fi pentru to\u0163i cei care au dorit s\u0103 \u00eel viziteze.<\/strong><\/p>\n<p>Cu aceast\u0103 ocazie a fost oficiat\u0103 o slujb\u0103 de binecuv\u00e2ntare a a\u015fez\u0103m\u00e2ntului, invita\u0163ii au vizitat casa, au purtat discu\u0163ii, au schimbat impresii \u015fi amintiri. Un moment important a fost \u015fi \u00eent\u00e2lnirea motiva\u0163ional\u0103 dintre copiii \u015fi tinerii ocroti\u0163i \u00een prezent \u00een acest centru \u015fi cei care au beneficiat de-a lungul timpului de serviciile oferite de a\u015fez\u0103m\u00e2nt. \u00cent\u00e2lnirea a fost organizat\u0103 sub genericul \u201eAripi pentru via\u0163\u0103\u201d, iar \u00een cadrul acesteia beneficiarii a\u015fez\u0103m\u00e2ntului au aflat pove\u015ftile de via\u0163\u0103 ale celor care au p\u0103r\u0103sit sistemul \u015fi \u015fi-au creat o nou\u0103 via\u0163\u0103. Manifest\u0103rile s-au \u00eencheiat cu o mas\u0103 festiv\u0103.<\/p>\n<p><a href=\"http:\/\/urbeamea.ro\/albaiulia\/wp-content\/uploads\/2015\/11\/DSC_0017.jpg\"><img loading=\"lazy\" decoding=\"async\" class=\"size-medium wp-image-11856 alignleft\" src=\"http:\/\/urbeamea.ro\/albaiulia\/wp-content\/uploads\/2015\/11\/DSC_0017-300x200.jpg\" alt=\"????????????????????????????????????\" width=\"300\" height=\"200\" srcset=\"https:\/\/urbeamea.ro\/albaiulia\/wp-content\/uploads\/2015\/11\/DSC_0017-300x200.jpg 300w, https:\/\/urbeamea.ro\/albaiulia\/wp-content\/uploads\/2015\/11\/DSC_0017-150x100.jpg 150w, https:\/\/urbeamea.ro\/albaiulia\/wp-content\/uploads\/2015\/11\/DSC_0017.jpg 1024w, https:\/\/urbeamea.ro\/albaiulia\/wp-content\/uploads\/2015\/11\/DSC_0017-321x214.jpg 321w, https:\/\/urbeamea.ro\/albaiulia\/wp-content\/uploads\/2015\/11\/DSC_0017-140x94.jpg 140w\" sizes=\"auto, (max-width: 300px) 100vw, 300px\" \/><\/a><\/p>\n<p><em>\u201e<\/em><em>Misiunea acestui a\u015fez\u0103m\u00e2nt social este de a ocroti copiii orfani sau proveni\u0163i din familii cu probleme sociale av\u00e2nd ca scop final dezvoltarea armonioas\u0103 a personalit\u0103\u0163ii acestora sub atenta obl\u0103duire a Bisericii. \u00cencerc\u0103m ca prin dragostea pe care le-o oferim s\u0103 le asigur\u0103m o dezvoltare armonioas\u0103, \u00een care traumele pe care le-au suferit \u015fi lipsa familiei s\u0103 nu-\u015fi pun\u0103 amprenta prea ad\u00e2nc pe \u00eentreaga lor via\u0163\u0103. V\u0103 spun c\u0103 sunt ni\u015fte copii minuna\u0163i, foarte talenta\u0163i, care au ajuns s\u0103 urmeze \u015fcolile potrivite \u015fi au ob\u0163inut rezultate bune la \u00eenv\u0103\u0163\u0103tur\u0103 \u015fi la diferite concursuri. Acum, la ceas aniversar, doresc s\u0103 mul\u0163umesc \u00cenaltpreasfin\u0163itului P\u0103rinte Arhiepiscop Irineu al Alba Iuliei \u015fi p\u0103rintelui consilier social misionar Nicolae C\u0103lin Ignat care ne sprijin\u0103 permanent, partenerilor \u015fi colaboratorilor no\u015ftri institu\u0163ionali, echipei care lucreaz\u0103 \u00een acest centru \u015fi nu \u00een ultimul r\u00e2nd oamenilor cu suflet mare care ne-au sprijinit de-a lungul timpului\u201d<\/em>, a spus p\u0103rintele Marcel Duda coordonatorul A\u015fez\u0103m\u00e2ntului Social \u201eSf\u00e2ntul Vasile cel Mare\u201d.<\/p>\n<p><a href=\"http:\/\/urbeamea.ro\/albaiulia\/wp-content\/uploads\/2015\/11\/DSC_0013.jpg\"><img loading=\"lazy\" decoding=\"async\" class=\"size-medium wp-image-11857 alignright\" src=\"http:\/\/urbeamea.ro\/albaiulia\/wp-content\/uploads\/2015\/11\/DSC_0013-300x200.jpg\" alt=\"DSC_0013\" width=\"300\" height=\"200\" srcset=\"https:\/\/urbeamea.ro\/albaiulia\/wp-content\/uploads\/2015\/11\/DSC_0013-300x200.jpg 300w, https:\/\/urbeamea.ro\/albaiulia\/wp-content\/uploads\/2015\/11\/DSC_0013-150x100.jpg 150w, https:\/\/urbeamea.ro\/albaiulia\/wp-content\/uploads\/2015\/11\/DSC_0013.jpg 1024w, https:\/\/urbeamea.ro\/albaiulia\/wp-content\/uploads\/2015\/11\/DSC_0013-321x214.jpg 321w, https:\/\/urbeamea.ro\/albaiulia\/wp-content\/uploads\/2015\/11\/DSC_0013-140x94.jpg 140w\" sizes=\"auto, (max-width: 300px) 100vw, 300px\" \/><\/a>\u00cen cei 12 ani de func\u0163ionare, A\u015fez\u0103m\u00e2ntul Social \u201eSf\u00e2ntul Vasile cel Mare\u201d din Alba Iulia a oferit ocrotire pentru zeci de copii \u015fi tineri, iar peste 20 dintre ace\u015ftia au p\u0103r\u0103sit a\u015fez\u0103m\u00e2ntul dup\u0103 v\u00e2rsta de 18 ani \u015fi s-au integrat social.<\/p>\n<p><a href=\"http:\/\/urbeamea.ro\/albaiulia\/wp-content\/uploads\/2015\/11\/DSC_0026.jpg\"><img loading=\"lazy\" decoding=\"async\" class=\"size-medium wp-image-11855 alignleft\" src=\"http:\/\/urbeamea.ro\/albaiulia\/wp-content\/uploads\/2015\/11\/DSC_0026-300x200.jpg\" alt=\"????????????????????????????????????\" width=\"300\" height=\"200\" srcset=\"https:\/\/urbeamea.ro\/albaiulia\/wp-content\/uploads\/2015\/11\/DSC_0026-300x200.jpg 300w, https:\/\/urbeamea.ro\/albaiulia\/wp-content\/uploads\/2015\/11\/DSC_0026-150x100.jpg 150w, https:\/\/urbeamea.ro\/albaiulia\/wp-content\/uploads\/2015\/11\/DSC_0026.jpg 1024w, https:\/\/urbeamea.ro\/albaiulia\/wp-content\/uploads\/2015\/11\/DSC_0026-321x214.jpg 321w, https:\/\/urbeamea.ro\/albaiulia\/wp-content\/uploads\/2015\/11\/DSC_0026-140x94.jpg 140w\" sizes=\"auto, (max-width: 300px) 100vw, 300px\" \/><\/a><\/p>\n<p>A\u015fez\u0103m\u00e2ntul Social \u201eSf\u00e2ntul Vasile cel Mare\u201d din Alba Iulia func\u0163ioneaz\u0103 \u00een cadrul re\u0163elei sociale a Asocia\u0163iei Filantropia Ortodox\u0103 Alba Iulia oferind g\u0103zduire, servicii educative \u015fi de consiliere pentru 14 copii \u015fi tineri cu v\u00e2rste \u00eentre 8 \u015fi 20 de ani. Centrul a fost \u00eenfiin\u0163at \u00een anul 2003 \u00een urma unui parteneriat \u00eentre Arhiepiscopia Ortodox\u0103 Alba Iulia, Asocia\u0163ia Filantropia Ortodox\u0103 Alba Iulia, Consiliul Jude\u0163ean Alba \u2013 Direc\u0163ia General\u0103 de Asisten\u0163\u0103 Social\u0103 \u015fi Protec\u0163ie a Copilului, Consiliul Local Alba Iulia \u2013 Serviciul Public de Asisten\u0163\u0103 Social\u0103 \u015fi Serviciul de Ajutor Maltez din Koblentz Germania.<\/p>\n","protected":false},"excerpt":{"rendered":"<p>A\u015fez\u0103m\u00e2ntul Social \u201eSf\u00e2ntul Vasile cel Mare\u201d din Alba Iulia aniverseaz\u0103 \u00een acest an 12 ani de la \u00eenfiin\u0163are. Cu acest prilej, copiii \u015fi personalul a\u015fez\u0103m\u00e2ntului au preg\u0103tit un program festiv, iar joi a\u015fez\u0103m\u00e2ntul \u015fi-a deschis por\u0163ile pentru parteneri, fo\u015fti beneficiari, dar \u015fi pentru to\u0163i cei care au dorit s\u0103 \u00eel viziteze. Cu aceast\u0103 ocazie a &hellip;<\/p>\n","protected":false},"author":17,"featured_media":11854,"comment_status":"open","ping_status":"open","sticky":false,"template":"","format":"standard","meta":{"inline_featured_image":false,"footnotes":""},"categories":[2034],"tags":[357,690,986,308,76],"class_list":["post-11853","post","type-post","status-publish","format-standard","has-post-thumbnail","hentry","category-social","tag-aniversare","tag-asezamant-social","tag-sfantul-vasile-cel-mare","tag-stiri","tag-urbea-mea"],"yoast_head":"<!-- This site is optimized with the Yoast SEO plugin v28.3 - https:\/\/yoast.com\/product\/yoast-seo-wordpress\/ -->\n<title>FOTO: Doisprezece ani de la \u00eenfiin\u0163area A\u015fez\u0103m\u00e2ntului Social \u201eSf\u00e2ntul Vasile cel Mare\u201d din Alba Iulia - Revista Urbea Mea - Revista de Alba<\/title>\n<meta name=\"description\" content=\"A\u015fez\u0103m\u00e2ntul Social \u201eSf\u00e2ntul Vasile cel Mare\u201d din Alba Iulia aniverseaz\u0103 \u00een acest an 12 ani de la \u00eenfiin\u0163are. Cu acest prilej, copiii \u015fi personalul\" \/>\n<meta name=\"robots\" content=\"index, follow, max-snippet:-1, max-image-preview:large, max-video-preview:-1\" \/>\n<link rel=\"canonical\" href=\"https:\/\/urbeamea.ro\/albaiulia\/foto-doisprezece-ani-de-la-infiintarea-asezamantului-social-sfantul-vasile-cel-mare-din-alba-iulia\/\" \/>\n<meta name=\"twitter:card\" content=\"summary_large_image\" \/>\n<meta name=\"twitter:title\" content=\"FOTO: Doisprezece ani de la \u00eenfiin\u0163area A\u015fez\u0103m\u00e2ntului Social \u201eSf\u00e2ntul Vasile cel Mare\u201d din Alba Iulia - Revista Urbea Mea - Revista de Alba\" \/>\n<meta name=\"twitter:description\" content=\"A\u015fez\u0103m\u00e2ntul Social \u201eSf\u00e2ntul Vasile cel Mare\u201d din Alba Iulia aniverseaz\u0103 \u00een acest an 12 ani de la \u00eenfiin\u0163are. Cu acest prilej, copiii \u015fi personalul\" \/>\n<meta name=\"twitter:image\" content=\"https:\/\/urbeamea.ro\/albaiulia\/wp-content\/uploads\/2015\/11\/DSC_0031.jpg\" \/>\n<meta name=\"twitter:creator\" content=\"@urbeameaweb\" \/>\n<meta name=\"twitter:site\" content=\"@urbeameaweb\" \/>\n<script type=\"application\/ld+json\" class=\"yoast-schema-graph\">{\"@context\":\"https:\\\/\\\/schema.org\",\"@graph\":[{\"@type\":\"Article\",\"@id\":\"https:\\\/\\\/urbeamea.ro\\\/albaiulia\\\/foto-doisprezece-ani-de-la-infiintarea-asezamantului-social-sfantul-vasile-cel-mare-din-alba-iulia\\\/#article\",\"isPartOf\":{\"@id\":\"https:\\\/\\\/urbeamea.ro\\\/albaiulia\\\/foto-doisprezece-ani-de-la-infiintarea-asezamantului-social-sfantul-vasile-cel-mare-din-alba-iulia\\\/\"},\"author\":{\"name\":\"Cristina Ganga\",\"@id\":\"https:\\\/\\\/urbeamea.ro\\\/albaiulia\\\/#\\\/schema\\\/person\\\/9700d21fae21c4f038b0b56f4506264a\"},\"headline\":\"FOTO: Doisprezece ani de la \u00eenfiin\u0163area A\u015fez\u0103m\u00e2ntului Social \u201eSf\u00e2ntul Vasile cel Mare\u201d din Alba Iulia\",\"datePublished\":\"2015-11-13T15:13:39+00:00\",\"dateModified\":\"2016-01-18T16:29:51+00:00\",\"mainEntityOfPage\":{\"@id\":\"https:\\\/\\\/urbeamea.ro\\\/albaiulia\\\/foto-doisprezece-ani-de-la-infiintarea-asezamantului-social-sfantul-vasile-cel-mare-din-alba-iulia\\\/\"},\"wordCount\":534,\"commentCount\":0,\"image\":{\"@id\":\"https:\\\/\\\/urbeamea.ro\\\/albaiulia\\\/foto-doisprezece-ani-de-la-infiintarea-asezamantului-social-sfantul-vasile-cel-mare-din-alba-iulia\\\/#primaryimage\"},\"thumbnailUrl\":\"https:\\\/\\\/urbeamea.ro\\\/albaiulia\\\/wp-content\\\/uploads\\\/2015\\\/11\\\/DSC_0031.jpg\",\"keywords\":[\"aniversare\",\"asezamant social\",\"sfantul vasile cel mare\",\"stiri\",\"Urbea Mea\"],\"articleSection\":[\"Social\"],\"inLanguage\":\"ro-RO\",\"potentialAction\":[{\"@type\":\"CommentAction\",\"name\":\"Comment\",\"target\":[\"https:\\\/\\\/urbeamea.ro\\\/albaiulia\\\/foto-doisprezece-ani-de-la-infiintarea-asezamantului-social-sfantul-vasile-cel-mare-din-alba-iulia\\\/#respond\"]}]},{\"@type\":\"WebPage\",\"@id\":\"https:\\\/\\\/urbeamea.ro\\\/albaiulia\\\/foto-doisprezece-ani-de-la-infiintarea-asezamantului-social-sfantul-vasile-cel-mare-din-alba-iulia\\\/\",\"url\":\"https:\\\/\\\/urbeamea.ro\\\/albaiulia\\\/foto-doisprezece-ani-de-la-infiintarea-asezamantului-social-sfantul-vasile-cel-mare-din-alba-iulia\\\/\",\"name\":\"FOTO: Doisprezece ani de la \u00eenfiin\u0163area A\u015fez\u0103m\u00e2ntului Social \u201eSf\u00e2ntul Vasile cel Mare\u201d din Alba Iulia - Revista Urbea Mea - Revista de Alba\",\"isPartOf\":{\"@id\":\"https:\\\/\\\/urbeamea.ro\\\/albaiulia\\\/#website\"},\"primaryImageOfPage\":{\"@id\":\"https:\\\/\\\/urbeamea.ro\\\/albaiulia\\\/foto-doisprezece-ani-de-la-infiintarea-asezamantului-social-sfantul-vasile-cel-mare-din-alba-iulia\\\/#primaryimage\"},\"image\":{\"@id\":\"https:\\\/\\\/urbeamea.ro\\\/albaiulia\\\/foto-doisprezece-ani-de-la-infiintarea-asezamantului-social-sfantul-vasile-cel-mare-din-alba-iulia\\\/#primaryimage\"},\"thumbnailUrl\":\"https:\\\/\\\/urbeamea.ro\\\/albaiulia\\\/wp-content\\\/uploads\\\/2015\\\/11\\\/DSC_0031.jpg\",\"datePublished\":\"2015-11-13T15:13:39+00:00\",\"dateModified\":\"2016-01-18T16:29:51+00:00\",\"author\":{\"@id\":\"https:\\\/\\\/urbeamea.ro\\\/albaiulia\\\/#\\\/schema\\\/person\\\/9700d21fae21c4f038b0b56f4506264a\"},\"description\":\"A\u015fez\u0103m\u00e2ntul Social \u201eSf\u00e2ntul Vasile cel Mare\u201d din Alba Iulia aniverseaz\u0103 \u00een acest an 12 ani de la \u00eenfiin\u0163are. Cu acest prilej, copiii \u015fi personalul\",\"breadcrumb\":{\"@id\":\"https:\\\/\\\/urbeamea.ro\\\/albaiulia\\\/foto-doisprezece-ani-de-la-infiintarea-asezamantului-social-sfantul-vasile-cel-mare-din-alba-iulia\\\/#breadcrumb\"},\"inLanguage\":\"ro-RO\",\"potentialAction\":[{\"@type\":\"ReadAction\",\"target\":[\"https:\\\/\\\/urbeamea.ro\\\/albaiulia\\\/foto-doisprezece-ani-de-la-infiintarea-asezamantului-social-sfantul-vasile-cel-mare-din-alba-iulia\\\/\"]}]},{\"@type\":\"ImageObject\",\"inLanguage\":\"ro-RO\",\"@id\":\"https:\\\/\\\/urbeamea.ro\\\/albaiulia\\\/foto-doisprezece-ani-de-la-infiintarea-asezamantului-social-sfantul-vasile-cel-mare-din-alba-iulia\\\/#primaryimage\",\"url\":\"https:\\\/\\\/urbeamea.ro\\\/albaiulia\\\/wp-content\\\/uploads\\\/2015\\\/11\\\/DSC_0031.jpg\",\"contentUrl\":\"https:\\\/\\\/urbeamea.ro\\\/albaiulia\\\/wp-content\\\/uploads\\\/2015\\\/11\\\/DSC_0031.jpg\",\"width\":1024,\"height\":681,\"caption\":\"????????????????????????????????????\"},{\"@type\":\"BreadcrumbList\",\"@id\":\"https:\\\/\\\/urbeamea.ro\\\/albaiulia\\\/foto-doisprezece-ani-de-la-infiintarea-asezamantului-social-sfantul-vasile-cel-mare-din-alba-iulia\\\/#breadcrumb\",\"itemListElement\":[{\"@type\":\"ListItem\",\"position\":1,\"name\":\"Prima pagin\u0103\",\"item\":\"https:\\\/\\\/urbeamea.ro\\\/albaiulia\\\/\"},{\"@type\":\"ListItem\",\"position\":2,\"name\":\"FOTO: Doisprezece ani de la \u00eenfiin\u0163area A\u015fez\u0103m\u00e2ntului Social \u201eSf\u00e2ntul Vasile cel Mare\u201d din Alba Iulia\"}]},{\"@type\":\"WebSite\",\"@id\":\"https:\\\/\\\/urbeamea.ro\\\/albaiulia\\\/#website\",\"url\":\"https:\\\/\\\/urbeamea.ro\\\/albaiulia\\\/\",\"name\":\"Revista Urbea Mea, Stiri urbane\",\"description\":\"Evenimente \u0219i \u0219tiri din Alba Iulia, Sebe\u0219, Aiud, Blaj\",\"potentialAction\":[{\"@type\":\"SearchAction\",\"target\":{\"@type\":\"EntryPoint\",\"urlTemplate\":\"https:\\\/\\\/urbeamea.ro\\\/albaiulia\\\/?s={search_term_string}\"},\"query-input\":{\"@type\":\"PropertyValueSpecification\",\"valueRequired\":true,\"valueName\":\"search_term_string\"}}],\"inLanguage\":\"ro-RO\"},{\"@type\":\"Person\",\"@id\":\"https:\\\/\\\/urbeamea.ro\\\/albaiulia\\\/#\\\/schema\\\/person\\\/9700d21fae21c4f038b0b56f4506264a\",\"name\":\"Cristina Ganga\",\"image\":{\"@type\":\"ImageObject\",\"inLanguage\":\"ro-RO\",\"@id\":\"https:\\\/\\\/secure.gravatar.com\\\/avatar\\\/5a67661041f057b4a8ccaf26f5a8e86e2689372006d01faf3dd9eeb10b654bb4?s=96&d=mm&r=g\",\"url\":\"https:\\\/\\\/secure.gravatar.com\\\/avatar\\\/5a67661041f057b4a8ccaf26f5a8e86e2689372006d01faf3dd9eeb10b654bb4?s=96&d=mm&r=g\",\"contentUrl\":\"https:\\\/\\\/secure.gravatar.com\\\/avatar\\\/5a67661041f057b4a8ccaf26f5a8e86e2689372006d01faf3dd9eeb10b654bb4?s=96&d=mm&r=g\",\"caption\":\"Cristina Ganga\"},\"description\":\"Jurnalist\",\"sameAs\":[\"https:\\\/\\\/www.facebook.com\\\/cristina.nicola.587\"],\"url\":\"https:\\\/\\\/urbeamea.ro\\\/albaiulia\\\/author\\\/cristina-nicola\\\/\"}]}<\/script>\n<!-- \/ Yoast SEO plugin. -->","yoast_head_json":{"title":"FOTO: Doisprezece ani de la \u00eenfiin\u0163area A\u015fez\u0103m\u00e2ntului Social \u201eSf\u00e2ntul Vasile cel Mare\u201d din Alba Iulia - Revista Urbea Mea - Revista de Alba","description":"A\u015fez\u0103m\u00e2ntul Social \u201eSf\u00e2ntul Vasile cel Mare\u201d din Alba Iulia aniverseaz\u0103 \u00een acest an 12 ani de la \u00eenfiin\u0163are. Cu acest prilej, copiii \u015fi personalul","robots":{"index":"index","follow":"follow","max-snippet":"max-snippet:-1","max-image-preview":"max-image-preview:large","max-video-preview":"max-video-preview:-1"},"canonical":"https:\/\/urbeamea.ro\/albaiulia\/foto-doisprezece-ani-de-la-infiintarea-asezamantului-social-sfantul-vasile-cel-mare-din-alba-iulia\/","twitter_card":"summary_large_image","twitter_title":"FOTO: Doisprezece ani de la \u00eenfiin\u0163area A\u015fez\u0103m\u00e2ntului Social \u201eSf\u00e2ntul Vasile cel Mare\u201d din Alba Iulia - Revista Urbea Mea - Revista de Alba","twitter_description":"A\u015fez\u0103m\u00e2ntul Social \u201eSf\u00e2ntul Vasile cel Mare\u201d din Alba Iulia aniverseaz\u0103 \u00een acest an 12 ani de la \u00eenfiin\u0163are. Cu acest prilej, copiii \u015fi personalul","twitter_image":"https:\/\/urbeamea.ro\/albaiulia\/wp-content\/uploads\/2015\/11\/DSC_0031.jpg","twitter_creator":"@urbeameaweb","twitter_site":"@urbeameaweb","schema":{"@context":"https:\/\/schema.org","@graph":[{"@type":"Article","@id":"https:\/\/urbeamea.ro\/albaiulia\/foto-doisprezece-ani-de-la-infiintarea-asezamantului-social-sfantul-vasile-cel-mare-din-alba-iulia\/#article","isPartOf":{"@id":"https:\/\/urbeamea.ro\/albaiulia\/foto-doisprezece-ani-de-la-infiintarea-asezamantului-social-sfantul-vasile-cel-mare-din-alba-iulia\/"},"author":{"name":"Cristina Ganga","@id":"https:\/\/urbeamea.ro\/albaiulia\/#\/schema\/person\/9700d21fae21c4f038b0b56f4506264a"},"headline":"FOTO: Doisprezece ani de la \u00eenfiin\u0163area A\u015fez\u0103m\u00e2ntului Social \u201eSf\u00e2ntul Vasile cel Mare\u201d din Alba Iulia","datePublished":"2015-11-13T15:13:39+00:00","dateModified":"2016-01-18T16:29:51+00:00","mainEntityOfPage":{"@id":"https:\/\/urbeamea.ro\/albaiulia\/foto-doisprezece-ani-de-la-infiintarea-asezamantului-social-sfantul-vasile-cel-mare-din-alba-iulia\/"},"wordCount":534,"commentCount":0,"image":{"@id":"https:\/\/urbeamea.ro\/albaiulia\/foto-doisprezece-ani-de-la-infiintarea-asezamantului-social-sfantul-vasile-cel-mare-din-alba-iulia\/#primaryimage"},"thumbnailUrl":"https:\/\/urbeamea.ro\/albaiulia\/wp-content\/uploads\/2015\/11\/DSC_0031.jpg","keywords":["aniversare","asezamant social","sfantul vasile cel mare","stiri","Urbea Mea"],"articleSection":["Social"],"inLanguage":"ro-RO","potentialAction":[{"@type":"CommentAction","name":"Comment","target":["https:\/\/urbeamea.ro\/albaiulia\/foto-doisprezece-ani-de-la-infiintarea-asezamantului-social-sfantul-vasile-cel-mare-din-alba-iulia\/#respond"]}]},{"@type":"WebPage","@id":"https:\/\/urbeamea.ro\/albaiulia\/foto-doisprezece-ani-de-la-infiintarea-asezamantului-social-sfantul-vasile-cel-mare-din-alba-iulia\/","url":"https:\/\/urbeamea.ro\/albaiulia\/foto-doisprezece-ani-de-la-infiintarea-asezamantului-social-sfantul-vasile-cel-mare-din-alba-iulia\/","name":"FOTO: Doisprezece ani de la \u00eenfiin\u0163area A\u015fez\u0103m\u00e2ntului Social \u201eSf\u00e2ntul Vasile cel Mare\u201d din Alba Iulia - Revista Urbea Mea - Revista de Alba","isPartOf":{"@id":"https:\/\/urbeamea.ro\/albaiulia\/#website"},"primaryImageOfPage":{"@id":"https:\/\/urbeamea.ro\/albaiulia\/foto-doisprezece-ani-de-la-infiintarea-asezamantului-social-sfantul-vasile-cel-mare-din-alba-iulia\/#primaryimage"},"image":{"@id":"https:\/\/urbeamea.ro\/albaiulia\/foto-doisprezece-ani-de-la-infiintarea-asezamantului-social-sfantul-vasile-cel-mare-din-alba-iulia\/#primaryimage"},"thumbnailUrl":"https:\/\/urbeamea.ro\/albaiulia\/wp-content\/uploads\/2015\/11\/DSC_0031.jpg","datePublished":"2015-11-13T15:13:39+00:00","dateModified":"2016-01-18T16:29:51+00:00","author":{"@id":"https:\/\/urbeamea.ro\/albaiulia\/#\/schema\/person\/9700d21fae21c4f038b0b56f4506264a"},"description":"A\u015fez\u0103m\u00e2ntul Social \u201eSf\u00e2ntul Vasile cel Mare\u201d din Alba Iulia aniverseaz\u0103 \u00een acest an 12 ani de la \u00eenfiin\u0163are. Cu acest prilej, copiii \u015fi personalul","breadcrumb":{"@id":"https:\/\/urbeamea.ro\/albaiulia\/foto-doisprezece-ani-de-la-infiintarea-asezamantului-social-sfantul-vasile-cel-mare-din-alba-iulia\/#breadcrumb"},"inLanguage":"ro-RO","potentialAction":[{"@type":"ReadAction","target":["https:\/\/urbeamea.ro\/albaiulia\/foto-doisprezece-ani-de-la-infiintarea-asezamantului-social-sfantul-vasile-cel-mare-din-alba-iulia\/"]}]},{"@type":"ImageObject","inLanguage":"ro-RO","@id":"https:\/\/urbeamea.ro\/albaiulia\/foto-doisprezece-ani-de-la-infiintarea-asezamantului-social-sfantul-vasile-cel-mare-din-alba-iulia\/#primaryimage","url":"https:\/\/urbeamea.ro\/albaiulia\/wp-content\/uploads\/2015\/11\/DSC_0031.jpg","contentUrl":"https:\/\/urbeamea.ro\/albaiulia\/wp-content\/uploads\/2015\/11\/DSC_0031.jpg","width":1024,"height":681,"caption":"????????????????????????????????????"},{"@type":"BreadcrumbList","@id":"https:\/\/urbeamea.ro\/albaiulia\/foto-doisprezece-ani-de-la-infiintarea-asezamantului-social-sfantul-vasile-cel-mare-din-alba-iulia\/#breadcrumb","itemListElement":[{"@type":"ListItem","position":1,"name":"Prima pagin\u0103","item":"https:\/\/urbeamea.ro\/albaiulia\/"},{"@type":"ListItem","position":2,"name":"FOTO: Doisprezece ani de la \u00eenfiin\u0163area A\u015fez\u0103m\u00e2ntului Social \u201eSf\u00e2ntul Vasile cel Mare\u201d din Alba Iulia"}]},{"@type":"WebSite","@id":"https:\/\/urbeamea.ro\/albaiulia\/#website","url":"https:\/\/urbeamea.ro\/albaiulia\/","name":"Revista Urbea Mea, Stiri urbane","description":"Evenimente \u0219i \u0219tiri din Alba Iulia, Sebe\u0219, Aiud, Blaj","potentialAction":[{"@type":"SearchAction","target":{"@type":"EntryPoint","urlTemplate":"https:\/\/urbeamea.ro\/albaiulia\/?s={search_term_string}"},"query-input":{"@type":"PropertyValueSpecification","valueRequired":true,"valueName":"search_term_string"}}],"inLanguage":"ro-RO"},{"@type":"Person","@id":"https:\/\/urbeamea.ro\/albaiulia\/#\/schema\/person\/9700d21fae21c4f038b0b56f4506264a","name":"Cristina Ganga","image":{"@type":"ImageObject","inLanguage":"ro-RO","@id":"https:\/\/secure.gravatar.com\/avatar\/5a67661041f057b4a8ccaf26f5a8e86e2689372006d01faf3dd9eeb10b654bb4?s=96&d=mm&r=g","url":"https:\/\/secure.gravatar.com\/avatar\/5a67661041f057b4a8ccaf26f5a8e86e2689372006d01faf3dd9eeb10b654bb4?s=96&d=mm&r=g","contentUrl":"https:\/\/secure.gravatar.com\/avatar\/5a67661041f057b4a8ccaf26f5a8e86e2689372006d01faf3dd9eeb10b654bb4?s=96&d=mm&r=g","caption":"Cristina Ganga"},"description":"Jurnalist","sameAs":["https:\/\/www.facebook.com\/cristina.nicola.587"],"url":"https:\/\/urbeamea.ro\/albaiulia\/author\/cristina-nicola\/"}]}},"_links":{"self":[{"href":"https:\/\/urbeamea.ro\/albaiulia\/wp-json\/wp\/v2\/posts\/11853","targetHints":{"allow":["GET"]}}],"collection":[{"href":"https:\/\/urbeamea.ro\/albaiulia\/wp-json\/wp\/v2\/posts"}],"about":[{"href":"https:\/\/urbeamea.ro\/albaiulia\/wp-json\/wp\/v2\/types\/post"}],"author":[{"embeddable":true,"href":"https:\/\/urbeamea.ro\/albaiulia\/wp-json\/wp\/v2\/users\/17"}],"replies":[{"embeddable":true,"href":"https:\/\/urbeamea.ro\/albaiulia\/wp-json\/wp\/v2\/comments?post=11853"}],"version-history":[{"count":0,"href":"https:\/\/urbeamea.ro\/albaiulia\/wp-json\/wp\/v2\/posts\/11853\/revisions"}],"wp:featuredmedia":[{"embeddable":true,"href":"https:\/\/urbeamea.ro\/albaiulia\/wp-json\/wp\/v2\/media\/11854"}],"wp:attachment":[{"href":"https:\/\/urbeamea.ro\/albaiulia\/wp-json\/wp\/v2\/media?parent=11853"}],"wp:term":[{"taxonomy":"category","embeddable":true,"href":"https:\/\/urbeamea.ro\/albaiulia\/wp-json\/wp\/v2\/categories?post=11853"},{"taxonomy":"post_tag","embeddable":true,"href":"https:\/\/urbeamea.ro\/albaiulia\/wp-json\/wp\/v2\/tags?post=11853"}],"curies":[{"name":"wp","href":"https:\/\/api.w.org\/{rel}","templated":true}]}}