{"id":118547,"date":"2025-07-09T20:11:26","date_gmt":"2025-07-09T17:11:26","guid":{"rendered":"https:\/\/urbeamea.ro\/albaiulia\/?p=118547"},"modified":"2025-07-09T20:11:28","modified_gmt":"2025-07-09T17:11:28","slug":"tabara-traditie-si-noutate-eparhia-alba-iulia-40-tineri-in-cautarea-valorilor-autentice-la-manastirea-oasa","status":"publish","type":"post","link":"https:\/\/urbeamea.ro\/albaiulia\/tabara-traditie-si-noutate-eparhia-alba-iulia-40-tineri-in-cautarea-valorilor-autentice-la-manastirea-oasa\/","title":{"rendered":"Tab\u0103ra &#8222;Tradi\u021bie \u0219i noutate&#8221; Eparhia Alba Iulia: 40 tineri \u00een c\u0103utarea valorilor autentice la M\u0103n\u0103stirea Oa\u0219a"},"content":{"rendered":"\n<p>\u00cen <strong>perioada 7-13 iulie 2025, Arhiepiscopia Ortodox\u0103 Rom\u00e2n\u0103 a Alba Iuliei organizeaz\u0103 o tab\u0103r\u0103 pentru tineri, \u00een cadrul Programului Na\u021bional de Tabere pentru Tineret \u201eTradi\u021bie \u0219i noutate\u201d al Patriarhiei Rom\u00e2ne.<\/strong><\/p>\n\n\n\n<p> Evenimentul, dedicat tinerilor cu v\u00e2rsta cuprins\u0103 \u00eentre 16 \u0219i 24 de ani, se desf\u0103\u0219oar\u0103 la M\u0103n\u0103stirea \u201eSf\u00e2ntul Mare Mucenic Pantelimon\u201d de la Oa\u0219a. <\/p>\n\n\n\n<p>Cei 40 de tineri participan\u021bi au ocazia ca, prin aceast\u0103 ini\u021biativ\u0103, s\u0103 se implice activ \u00een via\u021ba Bisericii, s\u0103 descopere valorile credin\u021bei ortodoxe \u0219i s\u0103 participe la activit\u0103\u021bi educative, culturale \u0219i recreative.<\/p>\n\n\n\n<p>Programul taberei, derulate la nivelul Mitropoliei Ardealului, a debutat luni, 7 iulie, cu vizitarea Cet\u0103\u021bii Alba Iuliei \u0219i a principalelor obiective istorice \u0219i turistice din municipiul re\u0219edin\u021b\u0103 de jude\u021b, dup\u0103 care tinerii s-au deplasat la M\u0103n\u0103stirea \u201eSf\u00e2ntul Mare Mucenic Pantelimon\u201d de la Oa\u0219a. <\/p>\n\n\n\n<p>Aici, s-a desf\u0103\u0219urat o sear\u0103 cultural\u0103, moderat\u0103 de p\u0103rintele conf. univ. dr. Oliviu Botoi, consilier cultural al Eparhiei Alba Iuliei, ce a constat \u00een prezentarea individual\u0103 a fiec\u0103rui participant, a zonei din care provine \u0219i a specificului ei. <\/p>\n\n\n\n<p>Totodat\u0103, p\u0103rintele consilier a prezentat specificul zonei \u0219i al m\u0103n\u0103stirii.<\/p>\n\n\n\n<p> Cea de-a doua zi a cuprins participarea la Sf\u00e2nta Liturghie, oficiat\u0103 \u00een biserica a\u0219ez\u0103m\u00e2ntului monahal, dup\u0103 care a avut loc o sinax\u0103 organizatoric\u0103 \u00een cadrul c\u0103reia au fost prezentate activit\u0103\u021bile specifice m\u0103n\u0103stirii. <\/p>\n\n\n\n<p>\u00cen cadrul atelierului \u201eOra &amp; Labora\u201d, \u00een prima parte a zilei, tinerii au fost implica\u021bi c\u00e2teva ore \u00een ascult\u0103rile specifice vie\u021bii din m\u0103n\u0103stire. Dup\u0103 slujba Vecerniei, a avut loc conferin\u021ba duhovniceasc\u0103 \u201eTinerii \u00een via\u021ba Bisericii: oportunit\u0103\u021bi \u0219i provoc\u0103ri\u201d, sus\u021binut\u0103 de protos. Silvan Cablea \u0219i pr. Oliviu Botoi.<\/p>\n\n\n\n<p>\u00cen continuare, fiecare zi a taberei \u00eencepe cu participarea la Sf\u00e2nta Liturghie, dup\u0103 care tinerii iau parte la activit\u0103\u021bi gospod\u0103re\u0219ti ale a\u0219ez\u0103m\u00e2ntului c\u0103lug\u0103resc.<\/p>\n\n\n\n<p> De asemenea, \u00een fiecare zi se desf\u0103\u0219oar\u0103 ateliere interactive, care au scopul de a-i familiariza pe participan\u021bi cu diferite no\u021biuni de teologie, psihologie sau chiar de economie. <\/p>\n\n\n\n<p>Amintim, dintre acestea, atelierul intitulat \u201eCuvinte care apropie: Despre teama de a ne apropia de ceilal\u021bi \u0219i teama de a r\u0103m\u00e2ne singuri\u201d, sus\u021binut de Bianca Matei, sau \u201eAtelierul practic de scriere de proiecte care zidesc comunitatea: Cum transform\u0103m ideile \u00een ini\u021biative care slujesc credin\u021bei \u0219i oamenilor\u201d.<\/p>\n\n\n\n<p>Evenimentul derulat la M\u0103n\u0103stirea Oa\u0219a se va \u00eencheia duminic\u0103, 13 iulie, dup\u0103 Dumnezeiasca Liturghie. Tab\u0103ra \u201eTradi\u021bie \u0219i noutate\u201d reprezint\u0103 o ini\u021biativ\u0103 a P\u0103rintelui Patriarh Daniel \u0219i se desf\u0103\u0219oar\u0103, \u00eencep\u00e2nd cu 2016,  la nivelul centrelor mitropolitane din \u021bar\u0103, cu beneficiari din fiecare Eparhie.<\/p>\n\n\n\n<p> Anul acesta, Arhiepiscopia Alba Iuliei \u0219i-a asumat organizarea Taberei \u201eTradi\u021bie \u0219i noutate\u201d la nivelul Mitropoliei Ardealului, dup\u0103 ce edi\u021bia din anul 2024 a taberei s-a derulat la M\u0103n\u0103stirea Br\u00e2ncoveanu de la S\u00e2mb\u0103ta de Sus, \u00een perioada 10-17 iulie.<\/p>\n\n\n\n<figure class=\"wp-block-gallery has-nested-images columns-default is-cropped wp-block-gallery-1 is-layout-flex wp-block-gallery-is-layout-flex\">\n<figure class=\"wp-block-image size-large\"><img loading=\"lazy\" decoding=\"async\" width=\"1280\" height=\"960\" data-id=\"118549\" src=\"https:\/\/urbeamea.ro\/albaiulia\/wp-content\/uploads\/2025\/07\/1000042348-1280x960.jpg\" alt=\"\" class=\"wp-image-118549\" srcset=\"https:\/\/urbeamea.ro\/albaiulia\/wp-content\/uploads\/2025\/07\/1000042348-1280x960.jpg 1280w, https:\/\/urbeamea.ro\/albaiulia\/wp-content\/uploads\/2025\/07\/1000042348-640x480.jpg 640w, https:\/\/urbeamea.ro\/albaiulia\/wp-content\/uploads\/2025\/07\/1000042348-150x113.jpg 150w, https:\/\/urbeamea.ro\/albaiulia\/wp-content\/uploads\/2025\/07\/1000042348-768x576.jpg 768w, https:\/\/urbeamea.ro\/albaiulia\/wp-content\/uploads\/2025\/07\/1000042348-1536x1152.jpg 1536w, https:\/\/urbeamea.ro\/albaiulia\/wp-content\/uploads\/2025\/07\/1000042348.jpg 2000w\" sizes=\"auto, (max-width: 1280px) 100vw, 1280px\" \/><\/figure>\n\n\n\n<figure class=\"wp-block-image size-large\"><img loading=\"lazy\" decoding=\"async\" width=\"1280\" height=\"960\" data-id=\"118550\" src=\"https:\/\/urbeamea.ro\/albaiulia\/wp-content\/uploads\/2025\/07\/1000042351-1280x960.jpg\" alt=\"\" class=\"wp-image-118550\" srcset=\"https:\/\/urbeamea.ro\/albaiulia\/wp-content\/uploads\/2025\/07\/1000042351-1280x960.jpg 1280w, https:\/\/urbeamea.ro\/albaiulia\/wp-content\/uploads\/2025\/07\/1000042351-640x480.jpg 640w, https:\/\/urbeamea.ro\/albaiulia\/wp-content\/uploads\/2025\/07\/1000042351-150x113.jpg 150w, https:\/\/urbeamea.ro\/albaiulia\/wp-content\/uploads\/2025\/07\/1000042351-768x576.jpg 768w, https:\/\/urbeamea.ro\/albaiulia\/wp-content\/uploads\/2025\/07\/1000042351-1536x1152.jpg 1536w, https:\/\/urbeamea.ro\/albaiulia\/wp-content\/uploads\/2025\/07\/1000042351.jpg 2000w\" sizes=\"auto, (max-width: 1280px) 100vw, 1280px\" \/><\/figure>\n\n\n\n<figure class=\"wp-block-image size-large\"><img loading=\"lazy\" decoding=\"async\" width=\"1280\" height=\"960\" data-id=\"118548\" src=\"https:\/\/urbeamea.ro\/albaiulia\/wp-content\/uploads\/2025\/07\/1000042350-1280x960.jpg\" alt=\"\" class=\"wp-image-118548\" srcset=\"https:\/\/urbeamea.ro\/albaiulia\/wp-content\/uploads\/2025\/07\/1000042350-1280x960.jpg 1280w, https:\/\/urbeamea.ro\/albaiulia\/wp-content\/uploads\/2025\/07\/1000042350-640x480.jpg 640w, https:\/\/urbeamea.ro\/albaiulia\/wp-content\/uploads\/2025\/07\/1000042350-150x113.jpg 150w, https:\/\/urbeamea.ro\/albaiulia\/wp-content\/uploads\/2025\/07\/1000042350-768x576.jpg 768w, https:\/\/urbeamea.ro\/albaiulia\/wp-content\/uploads\/2025\/07\/1000042350-1536x1152.jpg 1536w, https:\/\/urbeamea.ro\/albaiulia\/wp-content\/uploads\/2025\/07\/1000042350.jpg 1600w\" sizes=\"auto, (max-width: 1280px) 100vw, 1280px\" \/><\/figure>\n\n\n\n<figure class=\"wp-block-image size-large\"><img loading=\"lazy\" decoding=\"async\" width=\"1280\" height=\"960\" data-id=\"118551\" src=\"https:\/\/urbeamea.ro\/albaiulia\/wp-content\/uploads\/2025\/07\/1000042349-1280x960.jpg\" alt=\"\" class=\"wp-image-118551\" srcset=\"https:\/\/urbeamea.ro\/albaiulia\/wp-content\/uploads\/2025\/07\/1000042349-1280x960.jpg 1280w, https:\/\/urbeamea.ro\/albaiulia\/wp-content\/uploads\/2025\/07\/1000042349-640x480.jpg 640w, https:\/\/urbeamea.ro\/albaiulia\/wp-content\/uploads\/2025\/07\/1000042349-150x113.jpg 150w, https:\/\/urbeamea.ro\/albaiulia\/wp-content\/uploads\/2025\/07\/1000042349-768x576.jpg 768w, https:\/\/urbeamea.ro\/albaiulia\/wp-content\/uploads\/2025\/07\/1000042349-1536x1152.jpg 1536w, https:\/\/urbeamea.ro\/albaiulia\/wp-content\/uploads\/2025\/07\/1000042349.jpg 1878w\" sizes=\"auto, (max-width: 1280px) 100vw, 1280px\" \/><\/figure>\n<\/figure>\n","protected":false},"excerpt":{"rendered":"<p>\u00cen perioada 7-13 iulie 2025, Arhiepiscopia Ortodox\u0103 Rom\u00e2n\u0103 a Alba Iuliei organizeaz\u0103 o tab\u0103r\u0103 pentru tineri, \u00een cadrul Programului Na\u021bional de Tabere pentru Tineret \u201eTradi\u021bie \u0219i noutate\u201d al Patriarhiei Rom\u00e2ne. Evenimentul, dedicat tinerilor cu v\u00e2rsta cuprins\u0103 \u00eentre 16 \u0219i 24 de ani, se desf\u0103\u0219oar\u0103 la M\u0103n\u0103stirea \u201eSf\u00e2ntul Mare Mucenic Pantelimon\u201d de la Oa\u0219a. Cei 40 &hellip;<\/p>\n","protected":false},"author":28,"featured_media":118548,"comment_status":"open","ping_status":"open","sticky":false,"template":"","format":"standard","meta":{"inline_featured_image":false,"footnotes":""},"categories":[4,2034,1,16344],"tags":[25035,5760],"class_list":["post-118547","post","type-post","status-publish","format-standard","has-post-thumbnail","hentry","category-eveniment","category-social","category-stiri-urbane","category-urbea-mea","tag-manastirea-oasa","tag-tabara"],"yoast_head":"<!-- This site is optimized with the Yoast SEO plugin v27.4 - https:\/\/yoast.com\/product\/yoast-seo-wordpress\/ -->\n<title>Tab\u0103ra &quot;Tradi\u021bie \u0219i noutate&quot; Eparhia Alba Iulia: 40 tineri \u00een c\u0103utarea valorilor autentice la M\u0103n\u0103stirea Oa\u0219a - Revista Urbea Mea - Revista de Alba<\/title>\n<meta name=\"description\" content=\"\u00cen perioada 7-13 iulie 2025, Arhiepiscopia Ortodox\u0103 Rom\u00e2n\u0103 a Alba Iuliei organizeaz\u0103 o tab\u0103r\u0103 pentru tineri, \u00een cadrul Programului Na\u021bional de Tabere\" \/>\n<meta name=\"robots\" content=\"index, follow, max-snippet:-1, max-image-preview:large, max-video-preview:-1\" \/>\n<link rel=\"canonical\" href=\"https:\/\/urbeamea.ro\/albaiulia\/tabara-traditie-si-noutate-eparhia-alba-iulia-40-tineri-in-cautarea-valorilor-autentice-la-manastirea-oasa\/\" \/>\n<meta name=\"twitter:card\" content=\"summary_large_image\" \/>\n<meta name=\"twitter:title\" content=\"Tab\u0103ra &quot;Tradi\u021bie \u0219i noutate&quot; Eparhia Alba Iulia: 40 tineri \u00een c\u0103utarea valorilor autentice la M\u0103n\u0103stirea Oa\u0219a - Revista Urbea Mea - Revista de Alba\" \/>\n<meta name=\"twitter:description\" content=\"\u00cen perioada 7-13 iulie 2025, Arhiepiscopia Ortodox\u0103 Rom\u00e2n\u0103 a Alba Iuliei organizeaz\u0103 o tab\u0103r\u0103 pentru tineri, \u00een cadrul Programului Na\u021bional de Tabere\" \/>\n<meta name=\"twitter:image\" content=\"https:\/\/urbeamea.ro\/albaiulia\/wp-content\/uploads\/2025\/07\/1000042350.jpg\" \/>\n<meta name=\"twitter:creator\" content=\"@urbeameaweb\" \/>\n<meta name=\"twitter:site\" content=\"@urbeameaweb\" \/>\n<script type=\"application\/ld+json\" class=\"yoast-schema-graph\">{\"@context\":\"https:\\\/\\\/schema.org\",\"@graph\":[{\"@type\":\"Article\",\"@id\":\"https:\\\/\\\/urbeamea.ro\\\/albaiulia\\\/tabara-traditie-si-noutate-eparhia-alba-iulia-40-tineri-in-cautarea-valorilor-autentice-la-manastirea-oasa\\\/#article\",\"isPartOf\":{\"@id\":\"https:\\\/\\\/urbeamea.ro\\\/albaiulia\\\/tabara-traditie-si-noutate-eparhia-alba-iulia-40-tineri-in-cautarea-valorilor-autentice-la-manastirea-oasa\\\/\"},\"author\":{\"name\":\"Giurca Sorin\",\"@id\":\"https:\\\/\\\/urbeamea.ro\\\/albaiulia\\\/#\\\/schema\\\/person\\\/5db3854ac38c1cc9f0ab4092d6a20f02\"},\"headline\":\"Tab\u0103ra &#8222;Tradi\u021bie \u0219i noutate&#8221; Eparhia Alba Iulia: 40 tineri \u00een c\u0103utarea valorilor autentice la M\u0103n\u0103stirea Oa\u0219a\",\"datePublished\":\"2025-07-09T17:11:26+00:00\",\"dateModified\":\"2025-07-09T17:11:28+00:00\",\"mainEntityOfPage\":{\"@id\":\"https:\\\/\\\/urbeamea.ro\\\/albaiulia\\\/tabara-traditie-si-noutate-eparhia-alba-iulia-40-tineri-in-cautarea-valorilor-autentice-la-manastirea-oasa\\\/\"},\"wordCount\":526,\"commentCount\":0,\"image\":{\"@id\":\"https:\\\/\\\/urbeamea.ro\\\/albaiulia\\\/tabara-traditie-si-noutate-eparhia-alba-iulia-40-tineri-in-cautarea-valorilor-autentice-la-manastirea-oasa\\\/#primaryimage\"},\"thumbnailUrl\":\"https:\\\/\\\/urbeamea.ro\\\/albaiulia\\\/wp-content\\\/uploads\\\/2025\\\/07\\\/1000042350.jpg\",\"keywords\":[\"M\u0103n\u0103stirea Oa\u0219a\",\"tabara\"],\"articleSection\":[\"Evenimente\",\"Social\",\"\u015etiri Urbane\",\"Urbea Mea\"],\"inLanguage\":\"ro-RO\",\"potentialAction\":[{\"@type\":\"CommentAction\",\"name\":\"Comment\",\"target\":[\"https:\\\/\\\/urbeamea.ro\\\/albaiulia\\\/tabara-traditie-si-noutate-eparhia-alba-iulia-40-tineri-in-cautarea-valorilor-autentice-la-manastirea-oasa\\\/#respond\"]}]},{\"@type\":\"WebPage\",\"@id\":\"https:\\\/\\\/urbeamea.ro\\\/albaiulia\\\/tabara-traditie-si-noutate-eparhia-alba-iulia-40-tineri-in-cautarea-valorilor-autentice-la-manastirea-oasa\\\/\",\"url\":\"https:\\\/\\\/urbeamea.ro\\\/albaiulia\\\/tabara-traditie-si-noutate-eparhia-alba-iulia-40-tineri-in-cautarea-valorilor-autentice-la-manastirea-oasa\\\/\",\"name\":\"Tab\u0103ra \\\"Tradi\u021bie \u0219i noutate\\\" Eparhia Alba Iulia: 40 tineri \u00een c\u0103utarea valorilor autentice la M\u0103n\u0103stirea Oa\u0219a - Revista Urbea Mea - Revista de Alba\",\"isPartOf\":{\"@id\":\"https:\\\/\\\/urbeamea.ro\\\/albaiulia\\\/#website\"},\"primaryImageOfPage\":{\"@id\":\"https:\\\/\\\/urbeamea.ro\\\/albaiulia\\\/tabara-traditie-si-noutate-eparhia-alba-iulia-40-tineri-in-cautarea-valorilor-autentice-la-manastirea-oasa\\\/#primaryimage\"},\"image\":{\"@id\":\"https:\\\/\\\/urbeamea.ro\\\/albaiulia\\\/tabara-traditie-si-noutate-eparhia-alba-iulia-40-tineri-in-cautarea-valorilor-autentice-la-manastirea-oasa\\\/#primaryimage\"},\"thumbnailUrl\":\"https:\\\/\\\/urbeamea.ro\\\/albaiulia\\\/wp-content\\\/uploads\\\/2025\\\/07\\\/1000042350.jpg\",\"datePublished\":\"2025-07-09T17:11:26+00:00\",\"dateModified\":\"2025-07-09T17:11:28+00:00\",\"author\":{\"@id\":\"https:\\\/\\\/urbeamea.ro\\\/albaiulia\\\/#\\\/schema\\\/person\\\/5db3854ac38c1cc9f0ab4092d6a20f02\"},\"description\":\"\u00cen perioada 7-13 iulie 2025, Arhiepiscopia Ortodox\u0103 Rom\u00e2n\u0103 a Alba Iuliei organizeaz\u0103 o tab\u0103r\u0103 pentru tineri, \u00een cadrul Programului Na\u021bional de Tabere\",\"breadcrumb\":{\"@id\":\"https:\\\/\\\/urbeamea.ro\\\/albaiulia\\\/tabara-traditie-si-noutate-eparhia-alba-iulia-40-tineri-in-cautarea-valorilor-autentice-la-manastirea-oasa\\\/#breadcrumb\"},\"inLanguage\":\"ro-RO\",\"potentialAction\":[{\"@type\":\"ReadAction\",\"target\":[\"https:\\\/\\\/urbeamea.ro\\\/albaiulia\\\/tabara-traditie-si-noutate-eparhia-alba-iulia-40-tineri-in-cautarea-valorilor-autentice-la-manastirea-oasa\\\/\"]}]},{\"@type\":\"ImageObject\",\"inLanguage\":\"ro-RO\",\"@id\":\"https:\\\/\\\/urbeamea.ro\\\/albaiulia\\\/tabara-traditie-si-noutate-eparhia-alba-iulia-40-tineri-in-cautarea-valorilor-autentice-la-manastirea-oasa\\\/#primaryimage\",\"url\":\"https:\\\/\\\/urbeamea.ro\\\/albaiulia\\\/wp-content\\\/uploads\\\/2025\\\/07\\\/1000042350.jpg\",\"contentUrl\":\"https:\\\/\\\/urbeamea.ro\\\/albaiulia\\\/wp-content\\\/uploads\\\/2025\\\/07\\\/1000042350.jpg\",\"width\":1600,\"height\":1200},{\"@type\":\"BreadcrumbList\",\"@id\":\"https:\\\/\\\/urbeamea.ro\\\/albaiulia\\\/tabara-traditie-si-noutate-eparhia-alba-iulia-40-tineri-in-cautarea-valorilor-autentice-la-manastirea-oasa\\\/#breadcrumb\",\"itemListElement\":[{\"@type\":\"ListItem\",\"position\":1,\"name\":\"Prima pagin\u0103\",\"item\":\"https:\\\/\\\/urbeamea.ro\\\/albaiulia\\\/\"},{\"@type\":\"ListItem\",\"position\":2,\"name\":\"Tab\u0103ra &#8222;Tradi\u021bie \u0219i noutate&#8221; Eparhia Alba Iulia: 40 tineri \u00een c\u0103utarea valorilor autentice la M\u0103n\u0103stirea Oa\u0219a\"}]},{\"@type\":\"WebSite\",\"@id\":\"https:\\\/\\\/urbeamea.ro\\\/albaiulia\\\/#website\",\"url\":\"https:\\\/\\\/urbeamea.ro\\\/albaiulia\\\/\",\"name\":\"Revista Urbea Mea, Stiri urbane\",\"description\":\"Evenimente \u0219i \u0219tiri din Alba Iulia, Sebe\u0219, Aiud, Blaj\",\"potentialAction\":[{\"@type\":\"SearchAction\",\"target\":{\"@type\":\"EntryPoint\",\"urlTemplate\":\"https:\\\/\\\/urbeamea.ro\\\/albaiulia\\\/?s={search_term_string}\"},\"query-input\":{\"@type\":\"PropertyValueSpecification\",\"valueRequired\":true,\"valueName\":\"search_term_string\"}}],\"inLanguage\":\"ro-RO\"},{\"@type\":\"Person\",\"@id\":\"https:\\\/\\\/urbeamea.ro\\\/albaiulia\\\/#\\\/schema\\\/person\\\/5db3854ac38c1cc9f0ab4092d6a20f02\",\"name\":\"Giurca Sorin\",\"image\":{\"@type\":\"ImageObject\",\"inLanguage\":\"ro-RO\",\"@id\":\"https:\\\/\\\/secure.gravatar.com\\\/avatar\\\/120f6fcae7b3b47a7730cb9943f612f4909f68ac5284b5f40ac1c4615fd70576?s=96&d=mm&r=g\",\"url\":\"https:\\\/\\\/secure.gravatar.com\\\/avatar\\\/120f6fcae7b3b47a7730cb9943f612f4909f68ac5284b5f40ac1c4615fd70576?s=96&d=mm&r=g\",\"contentUrl\":\"https:\\\/\\\/secure.gravatar.com\\\/avatar\\\/120f6fcae7b3b47a7730cb9943f612f4909f68ac5284b5f40ac1c4615fd70576?s=96&d=mm&r=g\",\"caption\":\"Giurca Sorin\"},\"url\":\"https:\\\/\\\/urbeamea.ro\\\/albaiulia\\\/author\\\/sorin\\\/\"}]}<\/script>\n<!-- \/ Yoast SEO plugin. -->","yoast_head_json":{"title":"Tab\u0103ra \"Tradi\u021bie \u0219i noutate\" Eparhia Alba Iulia: 40 tineri \u00een c\u0103utarea valorilor autentice la M\u0103n\u0103stirea Oa\u0219a - Revista Urbea Mea - Revista de Alba","description":"\u00cen perioada 7-13 iulie 2025, Arhiepiscopia Ortodox\u0103 Rom\u00e2n\u0103 a Alba Iuliei organizeaz\u0103 o tab\u0103r\u0103 pentru tineri, \u00een cadrul Programului Na\u021bional de Tabere","robots":{"index":"index","follow":"follow","max-snippet":"max-snippet:-1","max-image-preview":"max-image-preview:large","max-video-preview":"max-video-preview:-1"},"canonical":"https:\/\/urbeamea.ro\/albaiulia\/tabara-traditie-si-noutate-eparhia-alba-iulia-40-tineri-in-cautarea-valorilor-autentice-la-manastirea-oasa\/","twitter_card":"summary_large_image","twitter_title":"Tab\u0103ra \"Tradi\u021bie \u0219i noutate\" Eparhia Alba Iulia: 40 tineri \u00een c\u0103utarea valorilor autentice la M\u0103n\u0103stirea Oa\u0219a - Revista Urbea Mea - Revista de Alba","twitter_description":"\u00cen perioada 7-13 iulie 2025, Arhiepiscopia Ortodox\u0103 Rom\u00e2n\u0103 a Alba Iuliei organizeaz\u0103 o tab\u0103r\u0103 pentru tineri, \u00een cadrul Programului Na\u021bional de Tabere","twitter_image":"https:\/\/urbeamea.ro\/albaiulia\/wp-content\/uploads\/2025\/07\/1000042350.jpg","twitter_creator":"@urbeameaweb","twitter_site":"@urbeameaweb","schema":{"@context":"https:\/\/schema.org","@graph":[{"@type":"Article","@id":"https:\/\/urbeamea.ro\/albaiulia\/tabara-traditie-si-noutate-eparhia-alba-iulia-40-tineri-in-cautarea-valorilor-autentice-la-manastirea-oasa\/#article","isPartOf":{"@id":"https:\/\/urbeamea.ro\/albaiulia\/tabara-traditie-si-noutate-eparhia-alba-iulia-40-tineri-in-cautarea-valorilor-autentice-la-manastirea-oasa\/"},"author":{"name":"Giurca Sorin","@id":"https:\/\/urbeamea.ro\/albaiulia\/#\/schema\/person\/5db3854ac38c1cc9f0ab4092d6a20f02"},"headline":"Tab\u0103ra &#8222;Tradi\u021bie \u0219i noutate&#8221; Eparhia Alba Iulia: 40 tineri \u00een c\u0103utarea valorilor autentice la M\u0103n\u0103stirea Oa\u0219a","datePublished":"2025-07-09T17:11:26+00:00","dateModified":"2025-07-09T17:11:28+00:00","mainEntityOfPage":{"@id":"https:\/\/urbeamea.ro\/albaiulia\/tabara-traditie-si-noutate-eparhia-alba-iulia-40-tineri-in-cautarea-valorilor-autentice-la-manastirea-oasa\/"},"wordCount":526,"commentCount":0,"image":{"@id":"https:\/\/urbeamea.ro\/albaiulia\/tabara-traditie-si-noutate-eparhia-alba-iulia-40-tineri-in-cautarea-valorilor-autentice-la-manastirea-oasa\/#primaryimage"},"thumbnailUrl":"https:\/\/urbeamea.ro\/albaiulia\/wp-content\/uploads\/2025\/07\/1000042350.jpg","keywords":["M\u0103n\u0103stirea Oa\u0219a","tabara"],"articleSection":["Evenimente","Social","\u015etiri Urbane","Urbea Mea"],"inLanguage":"ro-RO","potentialAction":[{"@type":"CommentAction","name":"Comment","target":["https:\/\/urbeamea.ro\/albaiulia\/tabara-traditie-si-noutate-eparhia-alba-iulia-40-tineri-in-cautarea-valorilor-autentice-la-manastirea-oasa\/#respond"]}]},{"@type":"WebPage","@id":"https:\/\/urbeamea.ro\/albaiulia\/tabara-traditie-si-noutate-eparhia-alba-iulia-40-tineri-in-cautarea-valorilor-autentice-la-manastirea-oasa\/","url":"https:\/\/urbeamea.ro\/albaiulia\/tabara-traditie-si-noutate-eparhia-alba-iulia-40-tineri-in-cautarea-valorilor-autentice-la-manastirea-oasa\/","name":"Tab\u0103ra \"Tradi\u021bie \u0219i noutate\" Eparhia Alba Iulia: 40 tineri \u00een c\u0103utarea valorilor autentice la M\u0103n\u0103stirea Oa\u0219a - Revista Urbea Mea - Revista de Alba","isPartOf":{"@id":"https:\/\/urbeamea.ro\/albaiulia\/#website"},"primaryImageOfPage":{"@id":"https:\/\/urbeamea.ro\/albaiulia\/tabara-traditie-si-noutate-eparhia-alba-iulia-40-tineri-in-cautarea-valorilor-autentice-la-manastirea-oasa\/#primaryimage"},"image":{"@id":"https:\/\/urbeamea.ro\/albaiulia\/tabara-traditie-si-noutate-eparhia-alba-iulia-40-tineri-in-cautarea-valorilor-autentice-la-manastirea-oasa\/#primaryimage"},"thumbnailUrl":"https:\/\/urbeamea.ro\/albaiulia\/wp-content\/uploads\/2025\/07\/1000042350.jpg","datePublished":"2025-07-09T17:11:26+00:00","dateModified":"2025-07-09T17:11:28+00:00","author":{"@id":"https:\/\/urbeamea.ro\/albaiulia\/#\/schema\/person\/5db3854ac38c1cc9f0ab4092d6a20f02"},"description":"\u00cen perioada 7-13 iulie 2025, Arhiepiscopia Ortodox\u0103 Rom\u00e2n\u0103 a Alba Iuliei organizeaz\u0103 o tab\u0103r\u0103 pentru tineri, \u00een cadrul Programului Na\u021bional de Tabere","breadcrumb":{"@id":"https:\/\/urbeamea.ro\/albaiulia\/tabara-traditie-si-noutate-eparhia-alba-iulia-40-tineri-in-cautarea-valorilor-autentice-la-manastirea-oasa\/#breadcrumb"},"inLanguage":"ro-RO","potentialAction":[{"@type":"ReadAction","target":["https:\/\/urbeamea.ro\/albaiulia\/tabara-traditie-si-noutate-eparhia-alba-iulia-40-tineri-in-cautarea-valorilor-autentice-la-manastirea-oasa\/"]}]},{"@type":"ImageObject","inLanguage":"ro-RO","@id":"https:\/\/urbeamea.ro\/albaiulia\/tabara-traditie-si-noutate-eparhia-alba-iulia-40-tineri-in-cautarea-valorilor-autentice-la-manastirea-oasa\/#primaryimage","url":"https:\/\/urbeamea.ro\/albaiulia\/wp-content\/uploads\/2025\/07\/1000042350.jpg","contentUrl":"https:\/\/urbeamea.ro\/albaiulia\/wp-content\/uploads\/2025\/07\/1000042350.jpg","width":1600,"height":1200},{"@type":"BreadcrumbList","@id":"https:\/\/urbeamea.ro\/albaiulia\/tabara-traditie-si-noutate-eparhia-alba-iulia-40-tineri-in-cautarea-valorilor-autentice-la-manastirea-oasa\/#breadcrumb","itemListElement":[{"@type":"ListItem","position":1,"name":"Prima pagin\u0103","item":"https:\/\/urbeamea.ro\/albaiulia\/"},{"@type":"ListItem","position":2,"name":"Tab\u0103ra &#8222;Tradi\u021bie \u0219i noutate&#8221; Eparhia Alba Iulia: 40 tineri \u00een c\u0103utarea valorilor autentice la M\u0103n\u0103stirea Oa\u0219a"}]},{"@type":"WebSite","@id":"https:\/\/urbeamea.ro\/albaiulia\/#website","url":"https:\/\/urbeamea.ro\/albaiulia\/","name":"Revista Urbea Mea, Stiri urbane","description":"Evenimente \u0219i \u0219tiri din Alba Iulia, Sebe\u0219, Aiud, Blaj","potentialAction":[{"@type":"SearchAction","target":{"@type":"EntryPoint","urlTemplate":"https:\/\/urbeamea.ro\/albaiulia\/?s={search_term_string}"},"query-input":{"@type":"PropertyValueSpecification","valueRequired":true,"valueName":"search_term_string"}}],"inLanguage":"ro-RO"},{"@type":"Person","@id":"https:\/\/urbeamea.ro\/albaiulia\/#\/schema\/person\/5db3854ac38c1cc9f0ab4092d6a20f02","name":"Giurca Sorin","image":{"@type":"ImageObject","inLanguage":"ro-RO","@id":"https:\/\/secure.gravatar.com\/avatar\/120f6fcae7b3b47a7730cb9943f612f4909f68ac5284b5f40ac1c4615fd70576?s=96&d=mm&r=g","url":"https:\/\/secure.gravatar.com\/avatar\/120f6fcae7b3b47a7730cb9943f612f4909f68ac5284b5f40ac1c4615fd70576?s=96&d=mm&r=g","contentUrl":"https:\/\/secure.gravatar.com\/avatar\/120f6fcae7b3b47a7730cb9943f612f4909f68ac5284b5f40ac1c4615fd70576?s=96&d=mm&r=g","caption":"Giurca Sorin"},"url":"https:\/\/urbeamea.ro\/albaiulia\/author\/sorin\/"}]}},"_links":{"self":[{"href":"https:\/\/urbeamea.ro\/albaiulia\/wp-json\/wp\/v2\/posts\/118547","targetHints":{"allow":["GET"]}}],"collection":[{"href":"https:\/\/urbeamea.ro\/albaiulia\/wp-json\/wp\/v2\/posts"}],"about":[{"href":"https:\/\/urbeamea.ro\/albaiulia\/wp-json\/wp\/v2\/types\/post"}],"author":[{"embeddable":true,"href":"https:\/\/urbeamea.ro\/albaiulia\/wp-json\/wp\/v2\/users\/28"}],"replies":[{"embeddable":true,"href":"https:\/\/urbeamea.ro\/albaiulia\/wp-json\/wp\/v2\/comments?post=118547"}],"version-history":[{"count":1,"href":"https:\/\/urbeamea.ro\/albaiulia\/wp-json\/wp\/v2\/posts\/118547\/revisions"}],"predecessor-version":[{"id":118552,"href":"https:\/\/urbeamea.ro\/albaiulia\/wp-json\/wp\/v2\/posts\/118547\/revisions\/118552"}],"wp:featuredmedia":[{"embeddable":true,"href":"https:\/\/urbeamea.ro\/albaiulia\/wp-json\/wp\/v2\/media\/118548"}],"wp:attachment":[{"href":"https:\/\/urbeamea.ro\/albaiulia\/wp-json\/wp\/v2\/media?parent=118547"}],"wp:term":[{"taxonomy":"category","embeddable":true,"href":"https:\/\/urbeamea.ro\/albaiulia\/wp-json\/wp\/v2\/categories?post=118547"},{"taxonomy":"post_tag","embeddable":true,"href":"https:\/\/urbeamea.ro\/albaiulia\/wp-json\/wp\/v2\/tags?post=118547"}],"curies":[{"name":"wp","href":"https:\/\/api.w.org\/{rel}","templated":true}]}}