{"id":118554,"date":"2025-07-10T17:37:22","date_gmt":"2025-07-10T14:37:22","guid":{"rendered":"https:\/\/urbeamea.ro\/albaiulia\/?p=118554"},"modified":"2025-07-10T17:37:24","modified_gmt":"2025-07-10T14:37:24","slug":"expozitia-mozaikon-scoala-de-la-alba-vernisajul-lucrarilor-de-licenta-ale-absolventilor-specializarii-arta-sacra","status":"publish","type":"post","link":"https:\/\/urbeamea.ro\/albaiulia\/expozitia-mozaikon-scoala-de-la-alba-vernisajul-lucrarilor-de-licenta-ale-absolventilor-specializarii-arta-sacra\/","title":{"rendered":"&#8222;Expozi\u021bia Mozaikon. \u0218coala de la Alba&#8221;. Vernisajul lucr\u0103rilor de licen\u021b\u0103, ale absolven\u021bilor specializ\u0103rii Art\u0103 sacr\u0103"},"content":{"rendered":"\n<p><strong>Mar\u021bi, 8 iulie a.c., la Muzeul icoanei \u0219i al c\u0103r\u021bii vechi, Museikon, din Alba Iulia, a avut loc vernisajul lucr\u0103rilor de licen\u021b\u0103 ale absolven\u021bilor promo\u021biei 2025 a specializ\u0103rii Art\u0103 sacr\u0103 din cadrul Facult\u0103\u021bii de Teologie Ortodox\u0103 din Alba Iulia. Expozi\u021bia, intitulat\u0103 generic \u201eMozaikon. <\/strong><\/p>\n\n\n\n<p>\u0218coala de la Alba\u201d, a debutat la ora 16.00, \u00een prezen\u021ba studen\u021bilor, a cadrelor didactice \u0219i a numero\u0219i invita\u021bi. Curatorii vernisajului au fost domnul lect. univ. dr. C\u0103t\u0103lin B\u0103lu\u021b \u0219i doamna lect. univ. dr. Teodora Ro\u0219ca-Neac\u0219u. De asemenea, evenimentul s-a bucurat de prezen\u021ba domnului Tudor Nicolae, pre\u0219edintele Uniunii Arti\u0219tilor Plastici din Rom\u00e2nia \u2013 filiala Alba.<\/p>\n\n\n\n<p>Manifestarea cultural-artistic\u0103 a fost prezentat\u0103 de c\u0103tre arhid. conf. univ. dr. R\u0103zvan Brudiu, decanul interimar al Facult\u0103\u021bii de Teologie Ortodox\u0103, Universitatea \u201e1 Decembrie 1918\u201d din Alba Iulia.<\/p>\n\n\n\n<p> Sfin\u021bia sa a remarcat frumuse\u021bea operelor, subliniind faptul c\u0103 expozi\u021bia dedicat\u0103 prezent\u0103rii lucr\u0103rilor absolven\u021bilor specializ\u0103rii Art\u0103 sacr\u0103 din Alba Iulia a devenit deja o tradi\u021bie. <\/p>\n\n\n\n<p>Manifestarea a fost organizat\u0103 cu implicarea doamnei dr. Ana Dumitran, muzeograf \u00een cadrul Muzeului icoanei \u0219i al c\u0103r\u021bii vechi, Museikon, \u0219i a domnului lect. univ. dr. C\u0103t\u0103lin B\u0103lu\u021b, cadru didactic universitar la Facultatea de Teologie Ortodox\u0103 din Alba Iulia, specializarea Art\u0103 sacr\u0103.<\/p>\n\n\n\n<p>Lucr\u0103rile, specifice tradi\u021biei ortodoxe bizantine, au fost executate \u00een tehnica mozaicului.<\/p>\n\n\n\n<p> Operele studen\u021bilor sunt de diferite dimensiuni, fiind realizate \u00een func\u021bie de abordarea artistic\u0103 a fiec\u0103rui student. <\/p>\n\n\n\n<p>Lucr\u0103rile vernisate au fost realizate doar cu piatr\u0103 natural\u0103, \u00een vederea recuper\u0103rii unei vechi tradi\u021bii \u0219i a revitaliz\u0103rii unui tip de art\u0103 care s-a pierdut pe teritoriul Rom\u00e2niei.<\/p>\n\n\n\n<p> \u00cen acest fel, se are \u00een vedere sporirea entuziasmului tinerilor \u00een ceea ce prive\u0219te participarea lor creativ\u0103 la dezvoltarea \u0219i promovarea elementelor specifice acestui tip de crea\u021bie artistic\u0103.<\/p>\n\n\n\n<p> Specializarea Art\u0103 sacr\u0103 din cadrul Facult\u0103\u021bii de Teologie Ortodox\u0103 din Alba Iulia a fost \u00eenfiin\u021bat\u0103 \u00een anul 2018.<\/p>\n\n\n\n<figure class=\"wp-block-image size-large\"><img loading=\"lazy\" decoding=\"async\" width=\"1280\" height=\"802\" src=\"https:\/\/urbeamea.ro\/albaiulia\/wp-content\/uploads\/2025\/07\/1000042384-1280x802.jpg\" alt=\"\" class=\"wp-image-118555\" srcset=\"https:\/\/urbeamea.ro\/albaiulia\/wp-content\/uploads\/2025\/07\/1000042384-1280x802.jpg 1280w, https:\/\/urbeamea.ro\/albaiulia\/wp-content\/uploads\/2025\/07\/1000042384-640x401.jpg 640w, https:\/\/urbeamea.ro\/albaiulia\/wp-content\/uploads\/2025\/07\/1000042384-150x94.jpg 150w, https:\/\/urbeamea.ro\/albaiulia\/wp-content\/uploads\/2025\/07\/1000042384-768x481.jpg 768w, https:\/\/urbeamea.ro\/albaiulia\/wp-content\/uploads\/2025\/07\/1000042384-1536x962.jpg 1536w, https:\/\/urbeamea.ro\/albaiulia\/wp-content\/uploads\/2025\/07\/1000042384.jpg 1600w\" sizes=\"auto, (max-width: 1280px) 100vw, 1280px\" \/><\/figure>\n\n\n\n<figure class=\"wp-block-gallery has-nested-images columns-default is-cropped wp-block-gallery-1 is-layout-flex wp-block-gallery-is-layout-flex\">\n<figure class=\"wp-block-image size-large\"><img loading=\"lazy\" decoding=\"async\" width=\"1280\" height=\"765\" data-id=\"118556\" src=\"https:\/\/urbeamea.ro\/albaiulia\/wp-content\/uploads\/2025\/07\/1000042385-1280x765.jpg\" alt=\"\" class=\"wp-image-118556\" srcset=\"https:\/\/urbeamea.ro\/albaiulia\/wp-content\/uploads\/2025\/07\/1000042385-1280x765.jpg 1280w, https:\/\/urbeamea.ro\/albaiulia\/wp-content\/uploads\/2025\/07\/1000042385-640x382.jpg 640w, https:\/\/urbeamea.ro\/albaiulia\/wp-content\/uploads\/2025\/07\/1000042385-150x90.jpg 150w, https:\/\/urbeamea.ro\/albaiulia\/wp-content\/uploads\/2025\/07\/1000042385-768x459.jpg 768w, https:\/\/urbeamea.ro\/albaiulia\/wp-content\/uploads\/2025\/07\/1000042385-1536x918.jpg 1536w, https:\/\/urbeamea.ro\/albaiulia\/wp-content\/uploads\/2025\/07\/1000042385.jpg 1600w\" sizes=\"auto, (max-width: 1280px) 100vw, 1280px\" \/><\/figure>\n\n\n\n<figure class=\"wp-block-image size-large\"><img loading=\"lazy\" decoding=\"async\" width=\"1222\" height=\"1280\" data-id=\"118557\" src=\"https:\/\/urbeamea.ro\/albaiulia\/wp-content\/uploads\/2025\/07\/1000042386-1222x1280.jpg\" alt=\"\" class=\"wp-image-118557\" srcset=\"https:\/\/urbeamea.ro\/albaiulia\/wp-content\/uploads\/2025\/07\/1000042386-1222x1280.jpg 1222w, https:\/\/urbeamea.ro\/albaiulia\/wp-content\/uploads\/2025\/07\/1000042386-611x640.jpg 611w, https:\/\/urbeamea.ro\/albaiulia\/wp-content\/uploads\/2025\/07\/1000042386-143x150.jpg 143w, https:\/\/urbeamea.ro\/albaiulia\/wp-content\/uploads\/2025\/07\/1000042386-768x804.jpg 768w, https:\/\/urbeamea.ro\/albaiulia\/wp-content\/uploads\/2025\/07\/1000042386-1467x1536.jpg 1467w, https:\/\/urbeamea.ro\/albaiulia\/wp-content\/uploads\/2025\/07\/1000042386.jpg 1528w\" sizes=\"auto, (max-width: 1222px) 100vw, 1222px\" \/><\/figure>\n\n\n\n<figure class=\"wp-block-image size-large\"><img loading=\"lazy\" decoding=\"async\" width=\"1280\" height=\"982\" data-id=\"118558\" src=\"https:\/\/urbeamea.ro\/albaiulia\/wp-content\/uploads\/2025\/07\/1000042387-1280x982.jpg\" alt=\"\" class=\"wp-image-118558\" srcset=\"https:\/\/urbeamea.ro\/albaiulia\/wp-content\/uploads\/2025\/07\/1000042387-1280x982.jpg 1280w, https:\/\/urbeamea.ro\/albaiulia\/wp-content\/uploads\/2025\/07\/1000042387-640x491.jpg 640w, https:\/\/urbeamea.ro\/albaiulia\/wp-content\/uploads\/2025\/07\/1000042387-150x115.jpg 150w, https:\/\/urbeamea.ro\/albaiulia\/wp-content\/uploads\/2025\/07\/1000042387-768x589.jpg 768w, https:\/\/urbeamea.ro\/albaiulia\/wp-content\/uploads\/2025\/07\/1000042387-1536x1178.jpg 1536w, https:\/\/urbeamea.ro\/albaiulia\/wp-content\/uploads\/2025\/07\/1000042387.jpg 1600w\" sizes=\"auto, (max-width: 1280px) 100vw, 1280px\" \/><\/figure>\n\n\n\n<figure class=\"wp-block-image size-large\"><img loading=\"lazy\" decoding=\"async\" width=\"1280\" height=\"807\" data-id=\"118559\" src=\"https:\/\/urbeamea.ro\/albaiulia\/wp-content\/uploads\/2025\/07\/1000042388-1280x807.jpg\" alt=\"\" class=\"wp-image-118559\" srcset=\"https:\/\/urbeamea.ro\/albaiulia\/wp-content\/uploads\/2025\/07\/1000042388-1280x807.jpg 1280w, https:\/\/urbeamea.ro\/albaiulia\/wp-content\/uploads\/2025\/07\/1000042388-640x404.jpg 640w, https:\/\/urbeamea.ro\/albaiulia\/wp-content\/uploads\/2025\/07\/1000042388-150x95.jpg 150w, https:\/\/urbeamea.ro\/albaiulia\/wp-content\/uploads\/2025\/07\/1000042388-768x484.jpg 768w, https:\/\/urbeamea.ro\/albaiulia\/wp-content\/uploads\/2025\/07\/1000042388-1536x969.jpg 1536w, https:\/\/urbeamea.ro\/albaiulia\/wp-content\/uploads\/2025\/07\/1000042388.jpg 1600w\" sizes=\"auto, (max-width: 1280px) 100vw, 1280px\" \/><\/figure>\n\n\n\n<figure class=\"wp-block-image size-large\"><img loading=\"lazy\" decoding=\"async\" width=\"1280\" height=\"853\" data-id=\"118560\" src=\"https:\/\/urbeamea.ro\/albaiulia\/wp-content\/uploads\/2025\/07\/1000042389-1280x853.jpg\" alt=\"\" class=\"wp-image-118560\" srcset=\"https:\/\/urbeamea.ro\/albaiulia\/wp-content\/uploads\/2025\/07\/1000042389-1280x853.jpg 1280w, https:\/\/urbeamea.ro\/albaiulia\/wp-content\/uploads\/2025\/07\/1000042389-640x426.jpg 640w, https:\/\/urbeamea.ro\/albaiulia\/wp-content\/uploads\/2025\/07\/1000042389-150x100.jpg 150w, https:\/\/urbeamea.ro\/albaiulia\/wp-content\/uploads\/2025\/07\/1000042389-768x512.jpg 768w, https:\/\/urbeamea.ro\/albaiulia\/wp-content\/uploads\/2025\/07\/1000042389-1536x1023.jpg 1536w, https:\/\/urbeamea.ro\/albaiulia\/wp-content\/uploads\/2025\/07\/1000042389.jpg 1600w\" sizes=\"auto, (max-width: 1280px) 100vw, 1280px\" \/><\/figure>\n\n\n\n<figure class=\"wp-block-image size-large\"><img loading=\"lazy\" decoding=\"async\" width=\"1280\" height=\"853\" data-id=\"118561\" src=\"https:\/\/urbeamea.ro\/albaiulia\/wp-content\/uploads\/2025\/07\/1000042390-1280x853.jpg\" alt=\"\" class=\"wp-image-118561\" srcset=\"https:\/\/urbeamea.ro\/albaiulia\/wp-content\/uploads\/2025\/07\/1000042390-1280x853.jpg 1280w, https:\/\/urbeamea.ro\/albaiulia\/wp-content\/uploads\/2025\/07\/1000042390-640x426.jpg 640w, https:\/\/urbeamea.ro\/albaiulia\/wp-content\/uploads\/2025\/07\/1000042390-150x100.jpg 150w, https:\/\/urbeamea.ro\/albaiulia\/wp-content\/uploads\/2025\/07\/1000042390-768x512.jpg 768w, https:\/\/urbeamea.ro\/albaiulia\/wp-content\/uploads\/2025\/07\/1000042390-1536x1023.jpg 1536w, https:\/\/urbeamea.ro\/albaiulia\/wp-content\/uploads\/2025\/07\/1000042390.jpg 1600w\" sizes=\"auto, (max-width: 1280px) 100vw, 1280px\" \/><\/figure>\n\n\n\n<figure class=\"wp-block-image size-large\"><img loading=\"lazy\" decoding=\"async\" width=\"742\" height=\"1280\" data-id=\"118562\" src=\"https:\/\/urbeamea.ro\/albaiulia\/wp-content\/uploads\/2025\/07\/1000042391-742x1280.jpg\" alt=\"\" class=\"wp-image-118562\" srcset=\"https:\/\/urbeamea.ro\/albaiulia\/wp-content\/uploads\/2025\/07\/1000042391-742x1280.jpg 742w, https:\/\/urbeamea.ro\/albaiulia\/wp-content\/uploads\/2025\/07\/1000042391-371x640.jpg 371w, https:\/\/urbeamea.ro\/albaiulia\/wp-content\/uploads\/2025\/07\/1000042391-87x150.jpg 87w, https:\/\/urbeamea.ro\/albaiulia\/wp-content\/uploads\/2025\/07\/1000042391-768x1324.jpg 768w, https:\/\/urbeamea.ro\/albaiulia\/wp-content\/uploads\/2025\/07\/1000042391-891x1536.jpg 891w, https:\/\/urbeamea.ro\/albaiulia\/wp-content\/uploads\/2025\/07\/1000042391.jpg 928w\" sizes=\"auto, (max-width: 742px) 100vw, 742px\" \/><\/figure>\n\n\n\n<figure class=\"wp-block-image size-large\"><img loading=\"lazy\" decoding=\"async\" width=\"1280\" height=\"838\" data-id=\"118563\" src=\"https:\/\/urbeamea.ro\/albaiulia\/wp-content\/uploads\/2025\/07\/1000042392-1280x838.jpg\" alt=\"\" class=\"wp-image-118563\" srcset=\"https:\/\/urbeamea.ro\/albaiulia\/wp-content\/uploads\/2025\/07\/1000042392-1280x838.jpg 1280w, https:\/\/urbeamea.ro\/albaiulia\/wp-content\/uploads\/2025\/07\/1000042392-640x419.jpg 640w, https:\/\/urbeamea.ro\/albaiulia\/wp-content\/uploads\/2025\/07\/1000042392-150x98.jpg 150w, https:\/\/urbeamea.ro\/albaiulia\/wp-content\/uploads\/2025\/07\/1000042392-768x503.jpg 768w, https:\/\/urbeamea.ro\/albaiulia\/wp-content\/uploads\/2025\/07\/1000042392-1536x1006.jpg 1536w, https:\/\/urbeamea.ro\/albaiulia\/wp-content\/uploads\/2025\/07\/1000042392.jpg 1600w\" sizes=\"auto, (max-width: 1280px) 100vw, 1280px\" \/><\/figure>\n\n\n\n<figure class=\"wp-block-image size-large\"><img loading=\"lazy\" decoding=\"async\" width=\"1280\" height=\"853\" data-id=\"118564\" src=\"https:\/\/urbeamea.ro\/albaiulia\/wp-content\/uploads\/2025\/07\/1000042393-1280x853.jpg\" alt=\"\" class=\"wp-image-118564\" srcset=\"https:\/\/urbeamea.ro\/albaiulia\/wp-content\/uploads\/2025\/07\/1000042393-1280x853.jpg 1280w, https:\/\/urbeamea.ro\/albaiulia\/wp-content\/uploads\/2025\/07\/1000042393-640x426.jpg 640w, https:\/\/urbeamea.ro\/albaiulia\/wp-content\/uploads\/2025\/07\/1000042393-150x100.jpg 150w, https:\/\/urbeamea.ro\/albaiulia\/wp-content\/uploads\/2025\/07\/1000042393-768x512.jpg 768w, https:\/\/urbeamea.ro\/albaiulia\/wp-content\/uploads\/2025\/07\/1000042393-1536x1023.jpg 1536w, https:\/\/urbeamea.ro\/albaiulia\/wp-content\/uploads\/2025\/07\/1000042393.jpg 1600w\" sizes=\"auto, (max-width: 1280px) 100vw, 1280px\" \/><\/figure>\n\n\n\n<figure class=\"wp-block-image size-large\"><img loading=\"lazy\" decoding=\"async\" width=\"1280\" height=\"836\" data-id=\"118565\" src=\"https:\/\/urbeamea.ro\/albaiulia\/wp-content\/uploads\/2025\/07\/1000042394-1280x836.jpg\" alt=\"\" class=\"wp-image-118565\" srcset=\"https:\/\/urbeamea.ro\/albaiulia\/wp-content\/uploads\/2025\/07\/1000042394-1280x836.jpg 1280w, https:\/\/urbeamea.ro\/albaiulia\/wp-content\/uploads\/2025\/07\/1000042394-640x418.jpg 640w, https:\/\/urbeamea.ro\/albaiulia\/wp-content\/uploads\/2025\/07\/1000042394-150x98.jpg 150w, https:\/\/urbeamea.ro\/albaiulia\/wp-content\/uploads\/2025\/07\/1000042394-768x502.jpg 768w, https:\/\/urbeamea.ro\/albaiulia\/wp-content\/uploads\/2025\/07\/1000042394-1536x1003.jpg 1536w, https:\/\/urbeamea.ro\/albaiulia\/wp-content\/uploads\/2025\/07\/1000042394.jpg 1600w\" sizes=\"auto, (max-width: 1280px) 100vw, 1280px\" \/><\/figure>\n<\/figure>\n\n\n\n<p><\/p>\n","protected":false},"excerpt":{"rendered":"<p>Mar\u021bi, 8 iulie a.c., la Muzeul icoanei \u0219i al c\u0103r\u021bii vechi, Museikon, din Alba Iulia, a avut loc vernisajul lucr\u0103rilor de licen\u021b\u0103 ale absolven\u021bilor promo\u021biei 2025 a specializ\u0103rii Art\u0103 sacr\u0103 din cadrul Facult\u0103\u021bii de Teologie Ortodox\u0103 din Alba Iulia. Expozi\u021bia, intitulat\u0103 generic \u201eMozaikon. \u0218coala de la Alba\u201d, a debutat la ora 16.00, \u00een prezen\u021ba studen\u021bilor, &hellip;<\/p>\n","protected":false},"author":28,"featured_media":118560,"comment_status":"open","ping_status":"open","sticky":false,"template":"","format":"standard","meta":{"inline_featured_image":false,"footnotes":""},"categories":[2038,2039,4,2034,1,16344],"tags":[25349],"class_list":["post-118554","post","type-post","status-publish","format-standard","has-post-thumbnail","hentry","category-cultura","category-educatie","category-eveniment","category-social","category-stiri-urbane","category-urbea-mea","tag-scoala-de-arta-sacra"],"yoast_head":"<!-- This site is optimized with the Yoast SEO plugin v27.4 - https:\/\/yoast.com\/product\/yoast-seo-wordpress\/ -->\n<title>&quot;Expozi\u021bia Mozaikon. \u0218coala de la Alba&quot;. Vernisajul lucr\u0103rilor de licen\u021b\u0103, ale absolven\u021bilor specializ\u0103rii Art\u0103 sacr\u0103 - Revista Urbea Mea - Revista de Alba<\/title>\n<meta name=\"description\" content=\"Mar\u021bi, 8 iulie a.c., la Muzeul icoanei \u0219i al c\u0103r\u021bii vechi, Museikon, din Alba Iulia, a avut loc vernisajul lucr\u0103rilor de licen\u021b\u0103 ale absolven\u021bilor\" \/>\n<meta name=\"robots\" content=\"index, follow, max-snippet:-1, max-image-preview:large, max-video-preview:-1\" \/>\n<link rel=\"canonical\" href=\"https:\/\/urbeamea.ro\/albaiulia\/expozitia-mozaikon-scoala-de-la-alba-vernisajul-lucrarilor-de-licenta-ale-absolventilor-specializarii-arta-sacra\/\" \/>\n<meta name=\"twitter:card\" content=\"summary_large_image\" \/>\n<meta name=\"twitter:title\" content=\"&quot;Expozi\u021bia Mozaikon. \u0218coala de la Alba&quot;. Vernisajul lucr\u0103rilor de licen\u021b\u0103, ale absolven\u021bilor specializ\u0103rii Art\u0103 sacr\u0103 - Revista Urbea Mea - Revista de Alba\" \/>\n<meta name=\"twitter:description\" content=\"Mar\u021bi, 8 iulie a.c., la Muzeul icoanei \u0219i al c\u0103r\u021bii vechi, Museikon, din Alba Iulia, a avut loc vernisajul lucr\u0103rilor de licen\u021b\u0103 ale absolven\u021bilor\" \/>\n<meta name=\"twitter:image\" content=\"https:\/\/urbeamea.ro\/albaiulia\/wp-content\/uploads\/2025\/07\/1000042389.jpg\" \/>\n<meta name=\"twitter:creator\" content=\"@urbeameaweb\" \/>\n<meta name=\"twitter:site\" content=\"@urbeameaweb\" \/>\n<script type=\"application\/ld+json\" class=\"yoast-schema-graph\">{\"@context\":\"https:\\\/\\\/schema.org\",\"@graph\":[{\"@type\":\"Article\",\"@id\":\"https:\\\/\\\/urbeamea.ro\\\/albaiulia\\\/expozitia-mozaikon-scoala-de-la-alba-vernisajul-lucrarilor-de-licenta-ale-absolventilor-specializarii-arta-sacra\\\/#article\",\"isPartOf\":{\"@id\":\"https:\\\/\\\/urbeamea.ro\\\/albaiulia\\\/expozitia-mozaikon-scoala-de-la-alba-vernisajul-lucrarilor-de-licenta-ale-absolventilor-specializarii-arta-sacra\\\/\"},\"author\":{\"name\":\"Giurca Sorin\",\"@id\":\"https:\\\/\\\/urbeamea.ro\\\/albaiulia\\\/#\\\/schema\\\/person\\\/5db3854ac38c1cc9f0ab4092d6a20f02\"},\"headline\":\"&#8222;Expozi\u021bia Mozaikon. \u0218coala de la Alba&#8221;. Vernisajul lucr\u0103rilor de licen\u021b\u0103, ale absolven\u021bilor specializ\u0103rii Art\u0103 sacr\u0103\",\"datePublished\":\"2025-07-10T14:37:22+00:00\",\"dateModified\":\"2025-07-10T14:37:24+00:00\",\"mainEntityOfPage\":{\"@id\":\"https:\\\/\\\/urbeamea.ro\\\/albaiulia\\\/expozitia-mozaikon-scoala-de-la-alba-vernisajul-lucrarilor-de-licenta-ale-absolventilor-specializarii-arta-sacra\\\/\"},\"wordCount\":358,\"commentCount\":0,\"image\":{\"@id\":\"https:\\\/\\\/urbeamea.ro\\\/albaiulia\\\/expozitia-mozaikon-scoala-de-la-alba-vernisajul-lucrarilor-de-licenta-ale-absolventilor-specializarii-arta-sacra\\\/#primaryimage\"},\"thumbnailUrl\":\"https:\\\/\\\/urbeamea.ro\\\/albaiulia\\\/wp-content\\\/uploads\\\/2025\\\/07\\\/1000042389.jpg\",\"keywords\":[\"Scoala de arta sacra\"],\"articleSection\":[\"Cultur\u0103\",\"Educa\u021bie\",\"Evenimente\",\"Social\",\"\u015etiri Urbane\",\"Urbea Mea\"],\"inLanguage\":\"ro-RO\",\"potentialAction\":[{\"@type\":\"CommentAction\",\"name\":\"Comment\",\"target\":[\"https:\\\/\\\/urbeamea.ro\\\/albaiulia\\\/expozitia-mozaikon-scoala-de-la-alba-vernisajul-lucrarilor-de-licenta-ale-absolventilor-specializarii-arta-sacra\\\/#respond\"]}]},{\"@type\":\"WebPage\",\"@id\":\"https:\\\/\\\/urbeamea.ro\\\/albaiulia\\\/expozitia-mozaikon-scoala-de-la-alba-vernisajul-lucrarilor-de-licenta-ale-absolventilor-specializarii-arta-sacra\\\/\",\"url\":\"https:\\\/\\\/urbeamea.ro\\\/albaiulia\\\/expozitia-mozaikon-scoala-de-la-alba-vernisajul-lucrarilor-de-licenta-ale-absolventilor-specializarii-arta-sacra\\\/\",\"name\":\"\\\"Expozi\u021bia Mozaikon. \u0218coala de la Alba\\\". Vernisajul lucr\u0103rilor de licen\u021b\u0103, ale absolven\u021bilor specializ\u0103rii Art\u0103 sacr\u0103 - Revista Urbea Mea - Revista de Alba\",\"isPartOf\":{\"@id\":\"https:\\\/\\\/urbeamea.ro\\\/albaiulia\\\/#website\"},\"primaryImageOfPage\":{\"@id\":\"https:\\\/\\\/urbeamea.ro\\\/albaiulia\\\/expozitia-mozaikon-scoala-de-la-alba-vernisajul-lucrarilor-de-licenta-ale-absolventilor-specializarii-arta-sacra\\\/#primaryimage\"},\"image\":{\"@id\":\"https:\\\/\\\/urbeamea.ro\\\/albaiulia\\\/expozitia-mozaikon-scoala-de-la-alba-vernisajul-lucrarilor-de-licenta-ale-absolventilor-specializarii-arta-sacra\\\/#primaryimage\"},\"thumbnailUrl\":\"https:\\\/\\\/urbeamea.ro\\\/albaiulia\\\/wp-content\\\/uploads\\\/2025\\\/07\\\/1000042389.jpg\",\"datePublished\":\"2025-07-10T14:37:22+00:00\",\"dateModified\":\"2025-07-10T14:37:24+00:00\",\"author\":{\"@id\":\"https:\\\/\\\/urbeamea.ro\\\/albaiulia\\\/#\\\/schema\\\/person\\\/5db3854ac38c1cc9f0ab4092d6a20f02\"},\"description\":\"Mar\u021bi, 8 iulie a.c., la Muzeul icoanei \u0219i al c\u0103r\u021bii vechi, Museikon, din Alba Iulia, a avut loc vernisajul lucr\u0103rilor de licen\u021b\u0103 ale absolven\u021bilor\",\"breadcrumb\":{\"@id\":\"https:\\\/\\\/urbeamea.ro\\\/albaiulia\\\/expozitia-mozaikon-scoala-de-la-alba-vernisajul-lucrarilor-de-licenta-ale-absolventilor-specializarii-arta-sacra\\\/#breadcrumb\"},\"inLanguage\":\"ro-RO\",\"potentialAction\":[{\"@type\":\"ReadAction\",\"target\":[\"https:\\\/\\\/urbeamea.ro\\\/albaiulia\\\/expozitia-mozaikon-scoala-de-la-alba-vernisajul-lucrarilor-de-licenta-ale-absolventilor-specializarii-arta-sacra\\\/\"]}]},{\"@type\":\"ImageObject\",\"inLanguage\":\"ro-RO\",\"@id\":\"https:\\\/\\\/urbeamea.ro\\\/albaiulia\\\/expozitia-mozaikon-scoala-de-la-alba-vernisajul-lucrarilor-de-licenta-ale-absolventilor-specializarii-arta-sacra\\\/#primaryimage\",\"url\":\"https:\\\/\\\/urbeamea.ro\\\/albaiulia\\\/wp-content\\\/uploads\\\/2025\\\/07\\\/1000042389.jpg\",\"contentUrl\":\"https:\\\/\\\/urbeamea.ro\\\/albaiulia\\\/wp-content\\\/uploads\\\/2025\\\/07\\\/1000042389.jpg\",\"width\":1600,\"height\":1066},{\"@type\":\"BreadcrumbList\",\"@id\":\"https:\\\/\\\/urbeamea.ro\\\/albaiulia\\\/expozitia-mozaikon-scoala-de-la-alba-vernisajul-lucrarilor-de-licenta-ale-absolventilor-specializarii-arta-sacra\\\/#breadcrumb\",\"itemListElement\":[{\"@type\":\"ListItem\",\"position\":1,\"name\":\"Prima pagin\u0103\",\"item\":\"https:\\\/\\\/urbeamea.ro\\\/albaiulia\\\/\"},{\"@type\":\"ListItem\",\"position\":2,\"name\":\"&#8222;Expozi\u021bia Mozaikon. \u0218coala de la Alba&#8221;. Vernisajul lucr\u0103rilor de licen\u021b\u0103, ale absolven\u021bilor specializ\u0103rii Art\u0103 sacr\u0103\"}]},{\"@type\":\"WebSite\",\"@id\":\"https:\\\/\\\/urbeamea.ro\\\/albaiulia\\\/#website\",\"url\":\"https:\\\/\\\/urbeamea.ro\\\/albaiulia\\\/\",\"name\":\"Revista Urbea Mea, Stiri urbane\",\"description\":\"Evenimente \u0219i \u0219tiri din Alba Iulia, Sebe\u0219, Aiud, Blaj\",\"potentialAction\":[{\"@type\":\"SearchAction\",\"target\":{\"@type\":\"EntryPoint\",\"urlTemplate\":\"https:\\\/\\\/urbeamea.ro\\\/albaiulia\\\/?s={search_term_string}\"},\"query-input\":{\"@type\":\"PropertyValueSpecification\",\"valueRequired\":true,\"valueName\":\"search_term_string\"}}],\"inLanguage\":\"ro-RO\"},{\"@type\":\"Person\",\"@id\":\"https:\\\/\\\/urbeamea.ro\\\/albaiulia\\\/#\\\/schema\\\/person\\\/5db3854ac38c1cc9f0ab4092d6a20f02\",\"name\":\"Giurca Sorin\",\"image\":{\"@type\":\"ImageObject\",\"inLanguage\":\"ro-RO\",\"@id\":\"https:\\\/\\\/secure.gravatar.com\\\/avatar\\\/120f6fcae7b3b47a7730cb9943f612f4909f68ac5284b5f40ac1c4615fd70576?s=96&d=mm&r=g\",\"url\":\"https:\\\/\\\/secure.gravatar.com\\\/avatar\\\/120f6fcae7b3b47a7730cb9943f612f4909f68ac5284b5f40ac1c4615fd70576?s=96&d=mm&r=g\",\"contentUrl\":\"https:\\\/\\\/secure.gravatar.com\\\/avatar\\\/120f6fcae7b3b47a7730cb9943f612f4909f68ac5284b5f40ac1c4615fd70576?s=96&d=mm&r=g\",\"caption\":\"Giurca Sorin\"},\"url\":\"https:\\\/\\\/urbeamea.ro\\\/albaiulia\\\/author\\\/sorin\\\/\"}]}<\/script>\n<!-- \/ Yoast SEO plugin. -->","yoast_head_json":{"title":"\"Expozi\u021bia Mozaikon. \u0218coala de la Alba\". Vernisajul lucr\u0103rilor de licen\u021b\u0103, ale absolven\u021bilor specializ\u0103rii Art\u0103 sacr\u0103 - Revista Urbea Mea - Revista de Alba","description":"Mar\u021bi, 8 iulie a.c., la Muzeul icoanei \u0219i al c\u0103r\u021bii vechi, Museikon, din Alba Iulia, a avut loc vernisajul lucr\u0103rilor de licen\u021b\u0103 ale absolven\u021bilor","robots":{"index":"index","follow":"follow","max-snippet":"max-snippet:-1","max-image-preview":"max-image-preview:large","max-video-preview":"max-video-preview:-1"},"canonical":"https:\/\/urbeamea.ro\/albaiulia\/expozitia-mozaikon-scoala-de-la-alba-vernisajul-lucrarilor-de-licenta-ale-absolventilor-specializarii-arta-sacra\/","twitter_card":"summary_large_image","twitter_title":"\"Expozi\u021bia Mozaikon. \u0218coala de la Alba\". Vernisajul lucr\u0103rilor de licen\u021b\u0103, ale absolven\u021bilor specializ\u0103rii Art\u0103 sacr\u0103 - Revista Urbea Mea - Revista de Alba","twitter_description":"Mar\u021bi, 8 iulie a.c., la Muzeul icoanei \u0219i al c\u0103r\u021bii vechi, Museikon, din Alba Iulia, a avut loc vernisajul lucr\u0103rilor de licen\u021b\u0103 ale absolven\u021bilor","twitter_image":"https:\/\/urbeamea.ro\/albaiulia\/wp-content\/uploads\/2025\/07\/1000042389.jpg","twitter_creator":"@urbeameaweb","twitter_site":"@urbeameaweb","schema":{"@context":"https:\/\/schema.org","@graph":[{"@type":"Article","@id":"https:\/\/urbeamea.ro\/albaiulia\/expozitia-mozaikon-scoala-de-la-alba-vernisajul-lucrarilor-de-licenta-ale-absolventilor-specializarii-arta-sacra\/#article","isPartOf":{"@id":"https:\/\/urbeamea.ro\/albaiulia\/expozitia-mozaikon-scoala-de-la-alba-vernisajul-lucrarilor-de-licenta-ale-absolventilor-specializarii-arta-sacra\/"},"author":{"name":"Giurca Sorin","@id":"https:\/\/urbeamea.ro\/albaiulia\/#\/schema\/person\/5db3854ac38c1cc9f0ab4092d6a20f02"},"headline":"&#8222;Expozi\u021bia Mozaikon. \u0218coala de la Alba&#8221;. Vernisajul lucr\u0103rilor de licen\u021b\u0103, ale absolven\u021bilor specializ\u0103rii Art\u0103 sacr\u0103","datePublished":"2025-07-10T14:37:22+00:00","dateModified":"2025-07-10T14:37:24+00:00","mainEntityOfPage":{"@id":"https:\/\/urbeamea.ro\/albaiulia\/expozitia-mozaikon-scoala-de-la-alba-vernisajul-lucrarilor-de-licenta-ale-absolventilor-specializarii-arta-sacra\/"},"wordCount":358,"commentCount":0,"image":{"@id":"https:\/\/urbeamea.ro\/albaiulia\/expozitia-mozaikon-scoala-de-la-alba-vernisajul-lucrarilor-de-licenta-ale-absolventilor-specializarii-arta-sacra\/#primaryimage"},"thumbnailUrl":"https:\/\/urbeamea.ro\/albaiulia\/wp-content\/uploads\/2025\/07\/1000042389.jpg","keywords":["Scoala de arta sacra"],"articleSection":["Cultur\u0103","Educa\u021bie","Evenimente","Social","\u015etiri Urbane","Urbea Mea"],"inLanguage":"ro-RO","potentialAction":[{"@type":"CommentAction","name":"Comment","target":["https:\/\/urbeamea.ro\/albaiulia\/expozitia-mozaikon-scoala-de-la-alba-vernisajul-lucrarilor-de-licenta-ale-absolventilor-specializarii-arta-sacra\/#respond"]}]},{"@type":"WebPage","@id":"https:\/\/urbeamea.ro\/albaiulia\/expozitia-mozaikon-scoala-de-la-alba-vernisajul-lucrarilor-de-licenta-ale-absolventilor-specializarii-arta-sacra\/","url":"https:\/\/urbeamea.ro\/albaiulia\/expozitia-mozaikon-scoala-de-la-alba-vernisajul-lucrarilor-de-licenta-ale-absolventilor-specializarii-arta-sacra\/","name":"\"Expozi\u021bia Mozaikon. \u0218coala de la Alba\". Vernisajul lucr\u0103rilor de licen\u021b\u0103, ale absolven\u021bilor specializ\u0103rii Art\u0103 sacr\u0103 - Revista Urbea Mea - Revista de Alba","isPartOf":{"@id":"https:\/\/urbeamea.ro\/albaiulia\/#website"},"primaryImageOfPage":{"@id":"https:\/\/urbeamea.ro\/albaiulia\/expozitia-mozaikon-scoala-de-la-alba-vernisajul-lucrarilor-de-licenta-ale-absolventilor-specializarii-arta-sacra\/#primaryimage"},"image":{"@id":"https:\/\/urbeamea.ro\/albaiulia\/expozitia-mozaikon-scoala-de-la-alba-vernisajul-lucrarilor-de-licenta-ale-absolventilor-specializarii-arta-sacra\/#primaryimage"},"thumbnailUrl":"https:\/\/urbeamea.ro\/albaiulia\/wp-content\/uploads\/2025\/07\/1000042389.jpg","datePublished":"2025-07-10T14:37:22+00:00","dateModified":"2025-07-10T14:37:24+00:00","author":{"@id":"https:\/\/urbeamea.ro\/albaiulia\/#\/schema\/person\/5db3854ac38c1cc9f0ab4092d6a20f02"},"description":"Mar\u021bi, 8 iulie a.c., la Muzeul icoanei \u0219i al c\u0103r\u021bii vechi, Museikon, din Alba Iulia, a avut loc vernisajul lucr\u0103rilor de licen\u021b\u0103 ale absolven\u021bilor","breadcrumb":{"@id":"https:\/\/urbeamea.ro\/albaiulia\/expozitia-mozaikon-scoala-de-la-alba-vernisajul-lucrarilor-de-licenta-ale-absolventilor-specializarii-arta-sacra\/#breadcrumb"},"inLanguage":"ro-RO","potentialAction":[{"@type":"ReadAction","target":["https:\/\/urbeamea.ro\/albaiulia\/expozitia-mozaikon-scoala-de-la-alba-vernisajul-lucrarilor-de-licenta-ale-absolventilor-specializarii-arta-sacra\/"]}]},{"@type":"ImageObject","inLanguage":"ro-RO","@id":"https:\/\/urbeamea.ro\/albaiulia\/expozitia-mozaikon-scoala-de-la-alba-vernisajul-lucrarilor-de-licenta-ale-absolventilor-specializarii-arta-sacra\/#primaryimage","url":"https:\/\/urbeamea.ro\/albaiulia\/wp-content\/uploads\/2025\/07\/1000042389.jpg","contentUrl":"https:\/\/urbeamea.ro\/albaiulia\/wp-content\/uploads\/2025\/07\/1000042389.jpg","width":1600,"height":1066},{"@type":"BreadcrumbList","@id":"https:\/\/urbeamea.ro\/albaiulia\/expozitia-mozaikon-scoala-de-la-alba-vernisajul-lucrarilor-de-licenta-ale-absolventilor-specializarii-arta-sacra\/#breadcrumb","itemListElement":[{"@type":"ListItem","position":1,"name":"Prima pagin\u0103","item":"https:\/\/urbeamea.ro\/albaiulia\/"},{"@type":"ListItem","position":2,"name":"&#8222;Expozi\u021bia Mozaikon. \u0218coala de la Alba&#8221;. Vernisajul lucr\u0103rilor de licen\u021b\u0103, ale absolven\u021bilor specializ\u0103rii Art\u0103 sacr\u0103"}]},{"@type":"WebSite","@id":"https:\/\/urbeamea.ro\/albaiulia\/#website","url":"https:\/\/urbeamea.ro\/albaiulia\/","name":"Revista Urbea Mea, Stiri urbane","description":"Evenimente \u0219i \u0219tiri din Alba Iulia, Sebe\u0219, Aiud, Blaj","potentialAction":[{"@type":"SearchAction","target":{"@type":"EntryPoint","urlTemplate":"https:\/\/urbeamea.ro\/albaiulia\/?s={search_term_string}"},"query-input":{"@type":"PropertyValueSpecification","valueRequired":true,"valueName":"search_term_string"}}],"inLanguage":"ro-RO"},{"@type":"Person","@id":"https:\/\/urbeamea.ro\/albaiulia\/#\/schema\/person\/5db3854ac38c1cc9f0ab4092d6a20f02","name":"Giurca Sorin","image":{"@type":"ImageObject","inLanguage":"ro-RO","@id":"https:\/\/secure.gravatar.com\/avatar\/120f6fcae7b3b47a7730cb9943f612f4909f68ac5284b5f40ac1c4615fd70576?s=96&d=mm&r=g","url":"https:\/\/secure.gravatar.com\/avatar\/120f6fcae7b3b47a7730cb9943f612f4909f68ac5284b5f40ac1c4615fd70576?s=96&d=mm&r=g","contentUrl":"https:\/\/secure.gravatar.com\/avatar\/120f6fcae7b3b47a7730cb9943f612f4909f68ac5284b5f40ac1c4615fd70576?s=96&d=mm&r=g","caption":"Giurca Sorin"},"url":"https:\/\/urbeamea.ro\/albaiulia\/author\/sorin\/"}]}},"_links":{"self":[{"href":"https:\/\/urbeamea.ro\/albaiulia\/wp-json\/wp\/v2\/posts\/118554","targetHints":{"allow":["GET"]}}],"collection":[{"href":"https:\/\/urbeamea.ro\/albaiulia\/wp-json\/wp\/v2\/posts"}],"about":[{"href":"https:\/\/urbeamea.ro\/albaiulia\/wp-json\/wp\/v2\/types\/post"}],"author":[{"embeddable":true,"href":"https:\/\/urbeamea.ro\/albaiulia\/wp-json\/wp\/v2\/users\/28"}],"replies":[{"embeddable":true,"href":"https:\/\/urbeamea.ro\/albaiulia\/wp-json\/wp\/v2\/comments?post=118554"}],"version-history":[{"count":1,"href":"https:\/\/urbeamea.ro\/albaiulia\/wp-json\/wp\/v2\/posts\/118554\/revisions"}],"predecessor-version":[{"id":118566,"href":"https:\/\/urbeamea.ro\/albaiulia\/wp-json\/wp\/v2\/posts\/118554\/revisions\/118566"}],"wp:featuredmedia":[{"embeddable":true,"href":"https:\/\/urbeamea.ro\/albaiulia\/wp-json\/wp\/v2\/media\/118560"}],"wp:attachment":[{"href":"https:\/\/urbeamea.ro\/albaiulia\/wp-json\/wp\/v2\/media?parent=118554"}],"wp:term":[{"taxonomy":"category","embeddable":true,"href":"https:\/\/urbeamea.ro\/albaiulia\/wp-json\/wp\/v2\/categories?post=118554"},{"taxonomy":"post_tag","embeddable":true,"href":"https:\/\/urbeamea.ro\/albaiulia\/wp-json\/wp\/v2\/tags?post=118554"}],"curies":[{"name":"wp","href":"https:\/\/api.w.org\/{rel}","templated":true}]}}