{"id":118582,"date":"2025-07-11T11:48:59","date_gmt":"2025-07-11T08:48:59","guid":{"rendered":"https:\/\/urbeamea.ro\/albaiulia\/?p=118582"},"modified":"2025-07-11T11:51:25","modified_gmt":"2025-07-11T08:51:25","slug":"vineri-sarbatoarea-muzicii-2025-in-cetatea-alba-carolina-spectacol-garda-apulum-si-concert-a-sopranei-irina-baiant","status":"publish","type":"post","link":"https:\/\/urbeamea.ro\/albaiulia\/vineri-sarbatoarea-muzicii-2025-in-cetatea-alba-carolina-spectacol-garda-apulum-si-concert-a-sopranei-irina-baiant\/","title":{"rendered":"Vineri: &#8222;S\u0103rb\u0103toarea Muzicii 2025&#8221; \u00een Cetatea Alba Carolina: Spectacol Garda Apulum \u0219i concert a sopranei Irina Baian\u021b"},"content":{"rendered":"\n<p><strong>\u00cen<\/strong> <strong>acest weekend, Cetatea Alba Carolina va fi gazda unei noi edi\u021bii a evenimentului &#8222;S\u0103rb\u0103toarea Muzicii&#8221;.<\/strong><\/p>\n\n\n\n<p>Evenimentul va avea loc \u00een perioada 11-13 iulie 2025, pe scena amplasat\u0103 \u00een Pia\u021ba Cet\u0103\u021bii.<\/p>\n\n\n\n<p>O apari\u021bie angelic\u0103, dublat\u0103 de o voce vulcanic\u0103, soprana IRINA BAIAN\u021a e magnetul care va aduce iubitorii de muzic\u0103 \u00een Cetate, vineri, 11 iulie, \u00een prima sear\u0103 din S\u0103rb\u0103toarea Muzicii 2025. ADAGIO este concertul extraordinar preg\u0103tit pentru publicul din Alba Iulia de Irina, al\u0103turi de Orchestra Camerata Bizantin\u0103, cu maestrul Daniel Jinga la pupitru.<\/p>\n\n\n\n<p>Scena \u00een aer liber din Pia\u021ba Cet\u0103\u021bii Alba Carolina se va al\u0103tura mult mai celebrelor scene ale Filarmonicilor din Bruxelles sau Berlin, Operelor din Istanbul, Viena sau Garnier din Paris, Her Majesty\u2019s Theatre Londra sau Scala din Milano.<\/p>\n\n\n\n<p> Va completa neconven\u021bional, dar perfect, palmaresul artistic al Irinei Baian\u021b, un adev\u0103rat fenomen muzical actual, care transform\u0103 zona elitist\u0103 a operei, din ceva rezervat \u201ecelor ale\u0219i\u201d sau cunosc\u0103torilor \u00een bucurie muzical\u0103 pur\u0103, accesibil\u0103 oricui.<\/p>\n\n\n\n<p>Ropotul tobelor G\u0103rzii Cet\u0103\u021bii va completa \u0219i va da un plus de ritm \u0219i culoare edi\u021biei din acest an a S\u0103rb\u0103torii Muzicii de la Alba Iulia. Vineri \u0219i s\u00e2mb\u0103t\u0103 seara, \u00eenainte de concerte, iar s\u00e2mb\u0103t\u0103, 12 iulie \u0219i duminic\u0103, 13 iulie, la pr\u00e2nz, Garda Cet\u0103\u021bii Alba Carolina va defila, \u00eentre Palatul Principilor, Poarta a III-a \u0219i Poarta a IV-a a Cet\u0103\u021bii, \u00een clasicul ceremonial al schimbului de gard\u0103, unul dintre cele mai a\u0219teptate \u0219i gustate momente \u0219i una dintre atrac\u021biile principale ale sezonului turistic din Cetate.<\/p>\n\n\n\n<p>Lor li se vor al\u0103tura, vineri seara, de la 19.00, \u00eentr-o alt\u0103 reprezenta\u021bie devenit\u0103 clasic\u0103, Garda Roman\u0103 Apulum, ce \u00eei va transpune pe albaiulieni \u0219i turi\u0219ti, deopotriv\u0103, \u00een epoca antic\u0103 a ora\u0219ului, la vechiul Apulum de acum 2000 de ani.<\/p>\n\n\n\n<p>S\u0103rb\u0103toarea Muzicii este un eveniment global anual, iar Alba Iulia a fost primul ora\u0219 din Rom\u00e2nia care a aderat la acest adev\u0103rat fenomen. <\/p>\n\n\n\n<p>De 12 ani, povestea continu\u0103 \u00een fiecare var\u0103, \u00een inima Cet\u0103\u021bii Alba Carolina.Anul acesta, evenimentul este organizat de Prim\u0103ria Municipiului Alba Iulia prin Centrul Cultural Palatul Principilor, cu sprijinul Prim\u0103riei Municipiului Chi\u0219in\u0103u \u0219i al Institutului Cultural Polonez din Bucure\u0219ti. Partenerul media al evenimentului este re\u021beaua na\u021bional\u0103 radio Europa FM.<\/p>\n\n\n\n<figure class=\"wp-block-gallery has-nested-images columns-default is-cropped wp-block-gallery-1 is-layout-flex wp-block-gallery-is-layout-flex\">\n<figure class=\"wp-block-image size-large\"><img loading=\"lazy\" decoding=\"async\" width=\"960\" height=\"640\" data-id=\"118583\" src=\"https:\/\/urbeamea.ro\/albaiulia\/wp-content\/uploads\/2025\/07\/1000042417.jpg\" alt=\"\" class=\"wp-image-118583\" srcset=\"https:\/\/urbeamea.ro\/albaiulia\/wp-content\/uploads\/2025\/07\/1000042417.jpg 960w, https:\/\/urbeamea.ro\/albaiulia\/wp-content\/uploads\/2025\/07\/1000042417-640x427.jpg 640w, https:\/\/urbeamea.ro\/albaiulia\/wp-content\/uploads\/2025\/07\/1000042417-150x100.jpg 150w, https:\/\/urbeamea.ro\/albaiulia\/wp-content\/uploads\/2025\/07\/1000042417-768x512.jpg 768w\" sizes=\"auto, (max-width: 960px) 100vw, 960px\" \/><\/figure>\n\n\n\n<figure class=\"wp-block-image size-large\"><img loading=\"lazy\" decoding=\"async\" width=\"1280\" height=\"853\" data-id=\"118584\" src=\"https:\/\/urbeamea.ro\/albaiulia\/wp-content\/uploads\/2025\/07\/1000042418-1280x853.jpg\" alt=\"\" class=\"wp-image-118584\" srcset=\"https:\/\/urbeamea.ro\/albaiulia\/wp-content\/uploads\/2025\/07\/1000042418-1280x853.jpg 1280w, https:\/\/urbeamea.ro\/albaiulia\/wp-content\/uploads\/2025\/07\/1000042418-640x426.jpg 640w, https:\/\/urbeamea.ro\/albaiulia\/wp-content\/uploads\/2025\/07\/1000042418-150x100.jpg 150w, https:\/\/urbeamea.ro\/albaiulia\/wp-content\/uploads\/2025\/07\/1000042418-768x512.jpg 768w, https:\/\/urbeamea.ro\/albaiulia\/wp-content\/uploads\/2025\/07\/1000042418-1536x1023.jpg 1536w, https:\/\/urbeamea.ro\/albaiulia\/wp-content\/uploads\/2025\/07\/1000042418.jpg 1600w\" sizes=\"auto, (max-width: 1280px) 100vw, 1280px\" \/><\/figure>\n<\/figure>\n\n\n\n<figure class=\"wp-block-gallery has-nested-images columns-default is-cropped wp-block-gallery-2 is-layout-flex wp-block-gallery-is-layout-flex\">\n<figure class=\"wp-block-image size-large\"><img loading=\"lazy\" decoding=\"async\" width=\"1280\" height=\"1280\" data-id=\"118586\" src=\"https:\/\/urbeamea.ro\/albaiulia\/wp-content\/uploads\/2025\/07\/1000042419-1280x1280.jpg\" alt=\"\" class=\"wp-image-118586\" srcset=\"https:\/\/urbeamea.ro\/albaiulia\/wp-content\/uploads\/2025\/07\/1000042419-1280x1280.jpg 1280w, https:\/\/urbeamea.ro\/albaiulia\/wp-content\/uploads\/2025\/07\/1000042419-640x640.jpg 640w, https:\/\/urbeamea.ro\/albaiulia\/wp-content\/uploads\/2025\/07\/1000042419-150x150.jpg 150w, https:\/\/urbeamea.ro\/albaiulia\/wp-content\/uploads\/2025\/07\/1000042419-768x768.jpg 768w, https:\/\/urbeamea.ro\/albaiulia\/wp-content\/uploads\/2025\/07\/1000042419-1536x1536.jpg 1536w, https:\/\/urbeamea.ro\/albaiulia\/wp-content\/uploads\/2025\/07\/1000042419.jpg 2000w\" sizes=\"auto, (max-width: 1280px) 100vw, 1280px\" \/><\/figure>\n<\/figure>\n","protected":false},"excerpt":{"rendered":"<p>\u00cen acest weekend, Cetatea Alba Carolina va fi gazda unei noi edi\u021bii a evenimentului &#8222;S\u0103rb\u0103toarea Muzicii&#8221;. Evenimentul va avea loc \u00een perioada 11-13 iulie 2025, pe scena amplasat\u0103 \u00een Pia\u021ba Cet\u0103\u021bii. O apari\u021bie angelic\u0103, dublat\u0103 de o voce vulcanic\u0103, soprana IRINA BAIAN\u021a e magnetul care va aduce iubitorii de muzic\u0103 \u00een Cetate, vineri, 11 iulie, &hellip;<\/p>\n","protected":false},"author":28,"featured_media":118583,"comment_status":"open","ping_status":"open","sticky":false,"template":"","format":"standard","meta":{"inline_featured_image":false,"footnotes":""},"categories":[23926,2038,4,25,2036,16567,2034,1,61,16344],"tags":[1847],"class_list":["post-118582","post","type-post","status-publish","format-standard","has-post-thumbnail","hentry","category-actualitate","category-cultura","category-eveniment","category-lifestyle-fashion","category-monden","category-muzica","category-social","category-stiri-urbane","category-turism","category-urbea-mea","tag-festivalul-sarbatoarea-muzicii"],"yoast_head":"<!-- This site is optimized with the Yoast SEO plugin v27.4 - https:\/\/yoast.com\/product\/yoast-seo-wordpress\/ -->\n<title>Vineri: &quot;S\u0103rb\u0103toarea Muzicii 2025&quot; \u00een Cetatea Alba Carolina: Spectacol Garda Apulum \u0219i concert a sopranei Irina Baian\u021b - Revista Urbea Mea - Revista de Alba<\/title>\n<meta name=\"description\" content=\"\u00cen acest weekend, Cetatea Alba Carolina va fi gazda unei noi edi\u021bii a evenimentului &quot;S\u0103rb\u0103toarea Muzicii&quot;. Evenimentul va avea loc \u00een perioada 11-13 iulie\" \/>\n<meta name=\"robots\" content=\"index, follow, max-snippet:-1, max-image-preview:large, max-video-preview:-1\" \/>\n<link rel=\"canonical\" href=\"https:\/\/urbeamea.ro\/albaiulia\/vineri-sarbatoarea-muzicii-2025-in-cetatea-alba-carolina-spectacol-garda-apulum-si-concert-a-sopranei-irina-baiant\/\" \/>\n<meta name=\"twitter:card\" content=\"summary_large_image\" \/>\n<meta name=\"twitter:title\" content=\"Vineri: &quot;S\u0103rb\u0103toarea Muzicii 2025&quot; \u00een Cetatea Alba Carolina: Spectacol Garda Apulum \u0219i concert a sopranei Irina Baian\u021b - Revista Urbea Mea - Revista de Alba\" \/>\n<meta name=\"twitter:description\" content=\"\u00cen acest weekend, Cetatea Alba Carolina va fi gazda unei noi edi\u021bii a evenimentului &quot;S\u0103rb\u0103toarea Muzicii&quot;. Evenimentul va avea loc \u00een perioada 11-13 iulie\" \/>\n<meta name=\"twitter:image\" content=\"https:\/\/urbeamea.ro\/albaiulia\/wp-content\/uploads\/2025\/07\/1000042417.jpg\" \/>\n<meta name=\"twitter:creator\" content=\"@urbeameaweb\" \/>\n<meta name=\"twitter:site\" content=\"@urbeameaweb\" \/>\n<script type=\"application\/ld+json\" class=\"yoast-schema-graph\">{\"@context\":\"https:\\\/\\\/schema.org\",\"@graph\":[{\"@type\":\"Article\",\"@id\":\"https:\\\/\\\/urbeamea.ro\\\/albaiulia\\\/vineri-sarbatoarea-muzicii-2025-in-cetatea-alba-carolina-spectacol-garda-apulum-si-concert-a-sopranei-irina-baiant\\\/#article\",\"isPartOf\":{\"@id\":\"https:\\\/\\\/urbeamea.ro\\\/albaiulia\\\/vineri-sarbatoarea-muzicii-2025-in-cetatea-alba-carolina-spectacol-garda-apulum-si-concert-a-sopranei-irina-baiant\\\/\"},\"author\":{\"name\":\"Giurca Sorin\",\"@id\":\"https:\\\/\\\/urbeamea.ro\\\/albaiulia\\\/#\\\/schema\\\/person\\\/5db3854ac38c1cc9f0ab4092d6a20f02\"},\"headline\":\"Vineri: &#8222;S\u0103rb\u0103toarea Muzicii 2025&#8221; \u00een Cetatea Alba Carolina: Spectacol Garda Apulum \u0219i concert a sopranei Irina Baian\u021b\",\"datePublished\":\"2025-07-11T08:48:59+00:00\",\"dateModified\":\"2025-07-11T08:51:25+00:00\",\"mainEntityOfPage\":{\"@id\":\"https:\\\/\\\/urbeamea.ro\\\/albaiulia\\\/vineri-sarbatoarea-muzicii-2025-in-cetatea-alba-carolina-spectacol-garda-apulum-si-concert-a-sopranei-irina-baiant\\\/\"},\"wordCount\":414,\"commentCount\":0,\"image\":{\"@id\":\"https:\\\/\\\/urbeamea.ro\\\/albaiulia\\\/vineri-sarbatoarea-muzicii-2025-in-cetatea-alba-carolina-spectacol-garda-apulum-si-concert-a-sopranei-irina-baiant\\\/#primaryimage\"},\"thumbnailUrl\":\"https:\\\/\\\/urbeamea.ro\\\/albaiulia\\\/wp-content\\\/uploads\\\/2025\\\/07\\\/1000042417.jpg\",\"keywords\":[\"Festivalul S\u0103rb\u0103toarea Muzicii\"],\"articleSection\":[\"Actualitate\",\"Cultur\u0103\",\"Evenimente\",\"Lifestyle &amp; Fashion\",\"Monden\",\"Muzic\u0103\",\"Social\",\"\u015etiri Urbane\",\"Turism \u0219i Ghidaj turistic\",\"Urbea Mea\"],\"inLanguage\":\"ro-RO\",\"potentialAction\":[{\"@type\":\"CommentAction\",\"name\":\"Comment\",\"target\":[\"https:\\\/\\\/urbeamea.ro\\\/albaiulia\\\/vineri-sarbatoarea-muzicii-2025-in-cetatea-alba-carolina-spectacol-garda-apulum-si-concert-a-sopranei-irina-baiant\\\/#respond\"]}]},{\"@type\":\"WebPage\",\"@id\":\"https:\\\/\\\/urbeamea.ro\\\/albaiulia\\\/vineri-sarbatoarea-muzicii-2025-in-cetatea-alba-carolina-spectacol-garda-apulum-si-concert-a-sopranei-irina-baiant\\\/\",\"url\":\"https:\\\/\\\/urbeamea.ro\\\/albaiulia\\\/vineri-sarbatoarea-muzicii-2025-in-cetatea-alba-carolina-spectacol-garda-apulum-si-concert-a-sopranei-irina-baiant\\\/\",\"name\":\"Vineri: \\\"S\u0103rb\u0103toarea Muzicii 2025\\\" \u00een Cetatea Alba Carolina: Spectacol Garda Apulum \u0219i concert a sopranei Irina Baian\u021b - Revista Urbea Mea - Revista de Alba\",\"isPartOf\":{\"@id\":\"https:\\\/\\\/urbeamea.ro\\\/albaiulia\\\/#website\"},\"primaryImageOfPage\":{\"@id\":\"https:\\\/\\\/urbeamea.ro\\\/albaiulia\\\/vineri-sarbatoarea-muzicii-2025-in-cetatea-alba-carolina-spectacol-garda-apulum-si-concert-a-sopranei-irina-baiant\\\/#primaryimage\"},\"image\":{\"@id\":\"https:\\\/\\\/urbeamea.ro\\\/albaiulia\\\/vineri-sarbatoarea-muzicii-2025-in-cetatea-alba-carolina-spectacol-garda-apulum-si-concert-a-sopranei-irina-baiant\\\/#primaryimage\"},\"thumbnailUrl\":\"https:\\\/\\\/urbeamea.ro\\\/albaiulia\\\/wp-content\\\/uploads\\\/2025\\\/07\\\/1000042417.jpg\",\"datePublished\":\"2025-07-11T08:48:59+00:00\",\"dateModified\":\"2025-07-11T08:51:25+00:00\",\"author\":{\"@id\":\"https:\\\/\\\/urbeamea.ro\\\/albaiulia\\\/#\\\/schema\\\/person\\\/5db3854ac38c1cc9f0ab4092d6a20f02\"},\"description\":\"\u00cen acest weekend, Cetatea Alba Carolina va fi gazda unei noi edi\u021bii a evenimentului \\\"S\u0103rb\u0103toarea Muzicii\\\". Evenimentul va avea loc \u00een perioada 11-13 iulie\",\"breadcrumb\":{\"@id\":\"https:\\\/\\\/urbeamea.ro\\\/albaiulia\\\/vineri-sarbatoarea-muzicii-2025-in-cetatea-alba-carolina-spectacol-garda-apulum-si-concert-a-sopranei-irina-baiant\\\/#breadcrumb\"},\"inLanguage\":\"ro-RO\",\"potentialAction\":[{\"@type\":\"ReadAction\",\"target\":[\"https:\\\/\\\/urbeamea.ro\\\/albaiulia\\\/vineri-sarbatoarea-muzicii-2025-in-cetatea-alba-carolina-spectacol-garda-apulum-si-concert-a-sopranei-irina-baiant\\\/\"]}]},{\"@type\":\"ImageObject\",\"inLanguage\":\"ro-RO\",\"@id\":\"https:\\\/\\\/urbeamea.ro\\\/albaiulia\\\/vineri-sarbatoarea-muzicii-2025-in-cetatea-alba-carolina-spectacol-garda-apulum-si-concert-a-sopranei-irina-baiant\\\/#primaryimage\",\"url\":\"https:\\\/\\\/urbeamea.ro\\\/albaiulia\\\/wp-content\\\/uploads\\\/2025\\\/07\\\/1000042417.jpg\",\"contentUrl\":\"https:\\\/\\\/urbeamea.ro\\\/albaiulia\\\/wp-content\\\/uploads\\\/2025\\\/07\\\/1000042417.jpg\",\"width\":960,\"height\":640},{\"@type\":\"BreadcrumbList\",\"@id\":\"https:\\\/\\\/urbeamea.ro\\\/albaiulia\\\/vineri-sarbatoarea-muzicii-2025-in-cetatea-alba-carolina-spectacol-garda-apulum-si-concert-a-sopranei-irina-baiant\\\/#breadcrumb\",\"itemListElement\":[{\"@type\":\"ListItem\",\"position\":1,\"name\":\"Prima pagin\u0103\",\"item\":\"https:\\\/\\\/urbeamea.ro\\\/albaiulia\\\/\"},{\"@type\":\"ListItem\",\"position\":2,\"name\":\"Vineri: &#8222;S\u0103rb\u0103toarea Muzicii 2025&#8221; \u00een Cetatea Alba Carolina: Spectacol Garda Apulum \u0219i concert a sopranei Irina Baian\u021b\"}]},{\"@type\":\"WebSite\",\"@id\":\"https:\\\/\\\/urbeamea.ro\\\/albaiulia\\\/#website\",\"url\":\"https:\\\/\\\/urbeamea.ro\\\/albaiulia\\\/\",\"name\":\"Revista Urbea Mea, Stiri urbane\",\"description\":\"Evenimente \u0219i \u0219tiri din Alba Iulia, Sebe\u0219, Aiud, Blaj\",\"potentialAction\":[{\"@type\":\"SearchAction\",\"target\":{\"@type\":\"EntryPoint\",\"urlTemplate\":\"https:\\\/\\\/urbeamea.ro\\\/albaiulia\\\/?s={search_term_string}\"},\"query-input\":{\"@type\":\"PropertyValueSpecification\",\"valueRequired\":true,\"valueName\":\"search_term_string\"}}],\"inLanguage\":\"ro-RO\"},{\"@type\":\"Person\",\"@id\":\"https:\\\/\\\/urbeamea.ro\\\/albaiulia\\\/#\\\/schema\\\/person\\\/5db3854ac38c1cc9f0ab4092d6a20f02\",\"name\":\"Giurca Sorin\",\"image\":{\"@type\":\"ImageObject\",\"inLanguage\":\"ro-RO\",\"@id\":\"https:\\\/\\\/secure.gravatar.com\\\/avatar\\\/120f6fcae7b3b47a7730cb9943f612f4909f68ac5284b5f40ac1c4615fd70576?s=96&d=mm&r=g\",\"url\":\"https:\\\/\\\/secure.gravatar.com\\\/avatar\\\/120f6fcae7b3b47a7730cb9943f612f4909f68ac5284b5f40ac1c4615fd70576?s=96&d=mm&r=g\",\"contentUrl\":\"https:\\\/\\\/secure.gravatar.com\\\/avatar\\\/120f6fcae7b3b47a7730cb9943f612f4909f68ac5284b5f40ac1c4615fd70576?s=96&d=mm&r=g\",\"caption\":\"Giurca Sorin\"},\"url\":\"https:\\\/\\\/urbeamea.ro\\\/albaiulia\\\/author\\\/sorin\\\/\"}]}<\/script>\n<!-- \/ Yoast SEO plugin. -->","yoast_head_json":{"title":"Vineri: \"S\u0103rb\u0103toarea Muzicii 2025\" \u00een Cetatea Alba Carolina: Spectacol Garda Apulum \u0219i concert a sopranei Irina Baian\u021b - Revista Urbea Mea - Revista de Alba","description":"\u00cen acest weekend, Cetatea Alba Carolina va fi gazda unei noi edi\u021bii a evenimentului \"S\u0103rb\u0103toarea Muzicii\". Evenimentul va avea loc \u00een perioada 11-13 iulie","robots":{"index":"index","follow":"follow","max-snippet":"max-snippet:-1","max-image-preview":"max-image-preview:large","max-video-preview":"max-video-preview:-1"},"canonical":"https:\/\/urbeamea.ro\/albaiulia\/vineri-sarbatoarea-muzicii-2025-in-cetatea-alba-carolina-spectacol-garda-apulum-si-concert-a-sopranei-irina-baiant\/","twitter_card":"summary_large_image","twitter_title":"Vineri: \"S\u0103rb\u0103toarea Muzicii 2025\" \u00een Cetatea Alba Carolina: Spectacol Garda Apulum \u0219i concert a sopranei Irina Baian\u021b - Revista Urbea Mea - Revista de Alba","twitter_description":"\u00cen acest weekend, Cetatea Alba Carolina va fi gazda unei noi edi\u021bii a evenimentului \"S\u0103rb\u0103toarea Muzicii\". Evenimentul va avea loc \u00een perioada 11-13 iulie","twitter_image":"https:\/\/urbeamea.ro\/albaiulia\/wp-content\/uploads\/2025\/07\/1000042417.jpg","twitter_creator":"@urbeameaweb","twitter_site":"@urbeameaweb","schema":{"@context":"https:\/\/schema.org","@graph":[{"@type":"Article","@id":"https:\/\/urbeamea.ro\/albaiulia\/vineri-sarbatoarea-muzicii-2025-in-cetatea-alba-carolina-spectacol-garda-apulum-si-concert-a-sopranei-irina-baiant\/#article","isPartOf":{"@id":"https:\/\/urbeamea.ro\/albaiulia\/vineri-sarbatoarea-muzicii-2025-in-cetatea-alba-carolina-spectacol-garda-apulum-si-concert-a-sopranei-irina-baiant\/"},"author":{"name":"Giurca Sorin","@id":"https:\/\/urbeamea.ro\/albaiulia\/#\/schema\/person\/5db3854ac38c1cc9f0ab4092d6a20f02"},"headline":"Vineri: &#8222;S\u0103rb\u0103toarea Muzicii 2025&#8221; \u00een Cetatea Alba Carolina: Spectacol Garda Apulum \u0219i concert a sopranei Irina Baian\u021b","datePublished":"2025-07-11T08:48:59+00:00","dateModified":"2025-07-11T08:51:25+00:00","mainEntityOfPage":{"@id":"https:\/\/urbeamea.ro\/albaiulia\/vineri-sarbatoarea-muzicii-2025-in-cetatea-alba-carolina-spectacol-garda-apulum-si-concert-a-sopranei-irina-baiant\/"},"wordCount":414,"commentCount":0,"image":{"@id":"https:\/\/urbeamea.ro\/albaiulia\/vineri-sarbatoarea-muzicii-2025-in-cetatea-alba-carolina-spectacol-garda-apulum-si-concert-a-sopranei-irina-baiant\/#primaryimage"},"thumbnailUrl":"https:\/\/urbeamea.ro\/albaiulia\/wp-content\/uploads\/2025\/07\/1000042417.jpg","keywords":["Festivalul S\u0103rb\u0103toarea Muzicii"],"articleSection":["Actualitate","Cultur\u0103","Evenimente","Lifestyle &amp; Fashion","Monden","Muzic\u0103","Social","\u015etiri Urbane","Turism \u0219i Ghidaj turistic","Urbea Mea"],"inLanguage":"ro-RO","potentialAction":[{"@type":"CommentAction","name":"Comment","target":["https:\/\/urbeamea.ro\/albaiulia\/vineri-sarbatoarea-muzicii-2025-in-cetatea-alba-carolina-spectacol-garda-apulum-si-concert-a-sopranei-irina-baiant\/#respond"]}]},{"@type":"WebPage","@id":"https:\/\/urbeamea.ro\/albaiulia\/vineri-sarbatoarea-muzicii-2025-in-cetatea-alba-carolina-spectacol-garda-apulum-si-concert-a-sopranei-irina-baiant\/","url":"https:\/\/urbeamea.ro\/albaiulia\/vineri-sarbatoarea-muzicii-2025-in-cetatea-alba-carolina-spectacol-garda-apulum-si-concert-a-sopranei-irina-baiant\/","name":"Vineri: \"S\u0103rb\u0103toarea Muzicii 2025\" \u00een Cetatea Alba Carolina: Spectacol Garda Apulum \u0219i concert a sopranei Irina Baian\u021b - Revista Urbea Mea - Revista de Alba","isPartOf":{"@id":"https:\/\/urbeamea.ro\/albaiulia\/#website"},"primaryImageOfPage":{"@id":"https:\/\/urbeamea.ro\/albaiulia\/vineri-sarbatoarea-muzicii-2025-in-cetatea-alba-carolina-spectacol-garda-apulum-si-concert-a-sopranei-irina-baiant\/#primaryimage"},"image":{"@id":"https:\/\/urbeamea.ro\/albaiulia\/vineri-sarbatoarea-muzicii-2025-in-cetatea-alba-carolina-spectacol-garda-apulum-si-concert-a-sopranei-irina-baiant\/#primaryimage"},"thumbnailUrl":"https:\/\/urbeamea.ro\/albaiulia\/wp-content\/uploads\/2025\/07\/1000042417.jpg","datePublished":"2025-07-11T08:48:59+00:00","dateModified":"2025-07-11T08:51:25+00:00","author":{"@id":"https:\/\/urbeamea.ro\/albaiulia\/#\/schema\/person\/5db3854ac38c1cc9f0ab4092d6a20f02"},"description":"\u00cen acest weekend, Cetatea Alba Carolina va fi gazda unei noi edi\u021bii a evenimentului \"S\u0103rb\u0103toarea Muzicii\". Evenimentul va avea loc \u00een perioada 11-13 iulie","breadcrumb":{"@id":"https:\/\/urbeamea.ro\/albaiulia\/vineri-sarbatoarea-muzicii-2025-in-cetatea-alba-carolina-spectacol-garda-apulum-si-concert-a-sopranei-irina-baiant\/#breadcrumb"},"inLanguage":"ro-RO","potentialAction":[{"@type":"ReadAction","target":["https:\/\/urbeamea.ro\/albaiulia\/vineri-sarbatoarea-muzicii-2025-in-cetatea-alba-carolina-spectacol-garda-apulum-si-concert-a-sopranei-irina-baiant\/"]}]},{"@type":"ImageObject","inLanguage":"ro-RO","@id":"https:\/\/urbeamea.ro\/albaiulia\/vineri-sarbatoarea-muzicii-2025-in-cetatea-alba-carolina-spectacol-garda-apulum-si-concert-a-sopranei-irina-baiant\/#primaryimage","url":"https:\/\/urbeamea.ro\/albaiulia\/wp-content\/uploads\/2025\/07\/1000042417.jpg","contentUrl":"https:\/\/urbeamea.ro\/albaiulia\/wp-content\/uploads\/2025\/07\/1000042417.jpg","width":960,"height":640},{"@type":"BreadcrumbList","@id":"https:\/\/urbeamea.ro\/albaiulia\/vineri-sarbatoarea-muzicii-2025-in-cetatea-alba-carolina-spectacol-garda-apulum-si-concert-a-sopranei-irina-baiant\/#breadcrumb","itemListElement":[{"@type":"ListItem","position":1,"name":"Prima pagin\u0103","item":"https:\/\/urbeamea.ro\/albaiulia\/"},{"@type":"ListItem","position":2,"name":"Vineri: &#8222;S\u0103rb\u0103toarea Muzicii 2025&#8221; \u00een Cetatea Alba Carolina: Spectacol Garda Apulum \u0219i concert a sopranei Irina Baian\u021b"}]},{"@type":"WebSite","@id":"https:\/\/urbeamea.ro\/albaiulia\/#website","url":"https:\/\/urbeamea.ro\/albaiulia\/","name":"Revista Urbea Mea, Stiri urbane","description":"Evenimente \u0219i \u0219tiri din Alba Iulia, Sebe\u0219, Aiud, Blaj","potentialAction":[{"@type":"SearchAction","target":{"@type":"EntryPoint","urlTemplate":"https:\/\/urbeamea.ro\/albaiulia\/?s={search_term_string}"},"query-input":{"@type":"PropertyValueSpecification","valueRequired":true,"valueName":"search_term_string"}}],"inLanguage":"ro-RO"},{"@type":"Person","@id":"https:\/\/urbeamea.ro\/albaiulia\/#\/schema\/person\/5db3854ac38c1cc9f0ab4092d6a20f02","name":"Giurca Sorin","image":{"@type":"ImageObject","inLanguage":"ro-RO","@id":"https:\/\/secure.gravatar.com\/avatar\/120f6fcae7b3b47a7730cb9943f612f4909f68ac5284b5f40ac1c4615fd70576?s=96&d=mm&r=g","url":"https:\/\/secure.gravatar.com\/avatar\/120f6fcae7b3b47a7730cb9943f612f4909f68ac5284b5f40ac1c4615fd70576?s=96&d=mm&r=g","contentUrl":"https:\/\/secure.gravatar.com\/avatar\/120f6fcae7b3b47a7730cb9943f612f4909f68ac5284b5f40ac1c4615fd70576?s=96&d=mm&r=g","caption":"Giurca Sorin"},"url":"https:\/\/urbeamea.ro\/albaiulia\/author\/sorin\/"}]}},"_links":{"self":[{"href":"https:\/\/urbeamea.ro\/albaiulia\/wp-json\/wp\/v2\/posts\/118582","targetHints":{"allow":["GET"]}}],"collection":[{"href":"https:\/\/urbeamea.ro\/albaiulia\/wp-json\/wp\/v2\/posts"}],"about":[{"href":"https:\/\/urbeamea.ro\/albaiulia\/wp-json\/wp\/v2\/types\/post"}],"author":[{"embeddable":true,"href":"https:\/\/urbeamea.ro\/albaiulia\/wp-json\/wp\/v2\/users\/28"}],"replies":[{"embeddable":true,"href":"https:\/\/urbeamea.ro\/albaiulia\/wp-json\/wp\/v2\/comments?post=118582"}],"version-history":[{"count":2,"href":"https:\/\/urbeamea.ro\/albaiulia\/wp-json\/wp\/v2\/posts\/118582\/revisions"}],"predecessor-version":[{"id":118587,"href":"https:\/\/urbeamea.ro\/albaiulia\/wp-json\/wp\/v2\/posts\/118582\/revisions\/118587"}],"wp:featuredmedia":[{"embeddable":true,"href":"https:\/\/urbeamea.ro\/albaiulia\/wp-json\/wp\/v2\/media\/118583"}],"wp:attachment":[{"href":"https:\/\/urbeamea.ro\/albaiulia\/wp-json\/wp\/v2\/media?parent=118582"}],"wp:term":[{"taxonomy":"category","embeddable":true,"href":"https:\/\/urbeamea.ro\/albaiulia\/wp-json\/wp\/v2\/categories?post=118582"},{"taxonomy":"post_tag","embeddable":true,"href":"https:\/\/urbeamea.ro\/albaiulia\/wp-json\/wp\/v2\/tags?post=118582"}],"curies":[{"name":"wp","href":"https:\/\/api.w.org\/{rel}","templated":true}]}}