{"id":118693,"date":"2025-07-15T17:27:41","date_gmt":"2025-07-15T14:27:41","guid":{"rendered":"https:\/\/urbeamea.ro\/albaiulia\/?p=118693"},"modified":"2025-07-15T17:28:34","modified_gmt":"2025-07-15T14:28:34","slug":"18-19-iulie-campionatul-national-de-super-rally-la-alba-iulia-vor-fi-expuse-monopostul-combinezonul-si-casca-campionului-mihai-leu","status":"publish","type":"post","link":"https:\/\/urbeamea.ro\/albaiulia\/18-19-iulie-campionatul-national-de-super-rally-la-alba-iulia-vor-fi-expuse-monopostul-combinezonul-si-casca-campionului-mihai-leu\/","title":{"rendered":"18-19 iulie: Campionatul Na\u021bional de Super Rally la Alba Iulia. Vor fi expuse  monopostul combinezonul \u0219i casca fostului mare campion Mihai Leu"},"content":{"rendered":"\n<p><strong>Sezonul num\u0103rul 8 din Campionatul Na\u021bional de Super Rally powered by Superbet, competi\u021bie fondat\u0103 de fostul campion mondial la box \u0219i campionul na\u021bional absolut de raliuri Mihai Leu, va debuta \u00een perioada 18-19 iulie, la Alba Iulia. <\/strong><\/p>\n\n\n\n<p>Devenit deja un reper \u00een motorsportul rom\u00e2nesc, campionatul reune\u0219te anual cei mai talenta\u021bi pilo\u021bi ai \u021b\u0103rii \u00eentr-un format urban spectaculos, care aduce adrenalina direct \u00een mijlocul ora\u0219elor.<\/p>\n\n\n\n<p>s\u00e2mb\u0103t\u0103, 19 iulie, la Alba Iulia, care devine pentru a treia oar\u0103 consecutiv gazda acestui eveniment de amploare. Organizat\u0103 de AMC Racing, prin Anna Leu, \u0219i Federa\u021bia Rom\u00e2n\u0103 de Automobilism Sportiv, competi\u021bia are loc \u00eentr-un cadru aparte, \u00een zona Cet\u0103\u021bii Alba Carolina, pe un circuit stradal unic \u00een Rom\u00e2nia. <\/p>\n\n\n\n<p>De la modele electrice \u0219i p\u00e2n\u0103 la monoposturi sau Ferrari 488 Challenge, publicul va avea ocazia s\u0103 vad\u0103 \u00een ac\u021biune 24 de pilo\u021bi de top din \u021bar\u0103, din mai multe campionate.<\/p>\n\n\n\n<p>Traseul, identic cu cel utilizat \u00een edi\u021biile din 2023 \u0219i 2024, are o lungime de 4,40 kilometri \u0219i este conceput pentru a oferi at\u00e2t provoc\u0103ri tehnice, c\u00e2t \u0219i momente spectaculoase pentru public. <\/p>\n\n\n\n<p>Configura\u021bia sa include numeroase \u0219icane \u0219i devieri care solicit\u0103 la maximum abilit\u0103\u021bile pilo\u021bilor, iar atingerea acestora se penalizeaz\u0103 \u00een timp, ceea ce adaug\u0103 presiune \u0219i intensitate fiec\u0103rei secunde de concurs.<\/p>\n\n\n\n<p>Evenimentul atrage \u0219i \u00een acest an nume importante din motorsportul rom\u00e2nesc. Leonard Borlovan, campionul na\u021bional absolut al edi\u021biei 2024, vine hot\u0103r\u00e2t s\u0103 \u00ee\u0219i apere titlul la bordul unui monopost Funyo SP05 Evo. Tot la bordul unor monoposturi vor lua startul pilo\u021bi precum Drago\u0219 Savloschi (Wolf Thunder) \u0219i Aurelian Andronache (Wolf GB).<\/p>\n\n\n\n<p>Fostul campion na\u021bional absolut de raliuri, Vali Porci\u0219teanu, unul dintre cei mai aprecia\u021bi pilo\u021bi din Rom\u00e2nia, revine la Alba Iulia cu dorin\u021ba de a urca din nou pe podium.<\/p>\n\n\n\n<p> De asemenea, Lucian R\u0103du\u021b, unul dintre cei mai buni pilo\u021bi de vitez\u0103 \u00een coast\u0103 din istoria recent\u0103, \u0219i-a anun\u021bat prezen\u021ba \u00een Cetate. <\/p>\n\n\n\n<p>O prezen\u021b\u0103 inedit\u0103 va fi cea a lui Radu Benea (Ferrari 488 Challenge) \u0219i Nicolas Benea (Ford Fiesta Rally4), tat\u0103 \u2013 fiu, \u0219i Adrian Teslovan (Hyundai Rally2) \u0219i Alexandra Teslovan (Peugeot 208 R2), tat\u0103 \u2013 fiic\u0103, ad\u0103ug\u00e2ndu-se astfel o dimensiune aparte evenimentului, oferind at\u00e2t emo\u021bie, c\u00e2t \u0219i spirit competitiv.<\/p>\n\n\n\n<p><strong>Moment special dedicat \u00een memoria fostului mare campion Mihai Leu<\/strong><\/p>\n\n\n\n<p>Un moment special al evenimentului din acest an organizat \u00een parteneriat cu Prim\u0103ria Municipiului Alba Iulia va fi dedicat memoriei lui Mihai Leu, ini\u021biatorul acestui proiect \u0219i unul dintre cei mai pasiona\u021bi promotori ai motorsportului rom\u00e2nesc, care a iubit profund formatul de rally show \u0219i \u00een special etapa de la Alba Iulia.<\/p>\n\n\n\n<p>\u00cen semn de omagiu, familia sa a decis s\u0103 amenajeze un spa\u021biu special \u00een paddock, unde va fi expus modelul Audi R8 GT3 cu care Mihai Leu a concurat ultima oar\u0103 \u00een campionat, al\u0103turi de combinezonul s\u0103u de curse \u0219i casca original\u0103.<\/p>\n\n\n\n<p> Gestul simbolic reprezint\u0103 o continuare a visului s\u0103u, acela de a aduce motorsportul mai aproape de oameni \u0219i de a transforma fiecare etap\u0103 \u00eentr-o adev\u0103rat\u0103 s\u0103rb\u0103toare a pasiunii.<\/p>\n\n\n\n<p>Trofeul Alba Iulia va debuta vineri, 18 iulie, de la ora 20:00, cu prezentarea pilo\u021bilor \u0219i a ma\u0219inilor de concurs pe bulevardul 1 Decembrie 1918. Ziua de s\u00e2mb\u0103t\u0103 se anun\u021b\u0103 intens\u0103 \u0219i plin\u0103 de ac\u021biune, \u00eencep\u00e2nd cu man\u0219ele de recunoa\u0219tere de la ora 09:30, urmate de sesiunile oficiale de antrenament \u00eentre orele 10:00 \u0219i 13:30. <\/p>\n\n\n\n<p>Competi\u021bia propriu-zis\u0103 are loc \u00eentre orele 14:00 \u0219i 15:30, iar festivitatea de premiere se va desf\u0103\u0219ura \u00eencep\u00e2nd cu ora 16:00, \u00een Parcul Service, acolo unde to\u021bi participan\u021bii \u0219i fanii vor celebra \u00eenceputul unui nou sezon promi\u021b\u0103tor.<\/p>\n\n\n\n<p>Traseul:<\/p>\n\n\n\n<p>B-dul 1 Decembrie 1918 \u2013 B-dul Horea \u2013 Calea Mo\u021bilor \u2013 str. Aurel Vlaicu \u2013 Hotel \u201eCetate\u201d.<\/p>\n\n\n\n<p>Zonele de competi\u021bie vor fi atent delimitate pentru siguran\u021ba tuturor \u2013 participan\u021bi \u0219i spectatori deopotriv\u0103.<\/p>\n\n\n\n<p>CIRCULA\u021aIE RESTRIC\u021aIONAT\u0102:<\/p>\n\n\n\n<p>VINERI, 18.07.2025 \u2013 ora 12:00 pa\u0302na\u0306 S\u00c2MB\u0102T\u0102 19.07.2025 \u2013 ora 21:00<\/p>\n\n\n\n<p>Zon\u0103: B-dul 1 Decembrie 1918, zona Piat\u0326a Unirii, \u0131\u0302ntre intersect\u0326ia cu str. V. GOLDIS s\u0326i str. CLOSCA, precum s\u0326i parcarea din capa\u0306tul B-dul Transilvaniei spre Piat\u0326a Unirii, zona cafeneaua GAVROCHE.<\/p>\n\n\n\n<p>Activitate: Amenajare Parc Service pentru mas\u0326ini de concurs.<\/p>\n\n\n\n<p>VINERI, 18.07.2025 \u2013 ora 19:00 pa\u0302na\u0306 S\u00c2MB\u0102T\u0102, 19.07.2025, ora 21:00<\/p>\n\n\n\n<p>Str\u0103zi \u00eenchise traficului auto:<\/p>\n\n\n\n<p>B-dul Horea intersect\u0326ie cu str. Clos\u0326ca pa\u0302na\u0306 la giratoriu cu Calea Mot\u0326ilor, dreapta pe Calea Mot\u0326ilor, pa\u0302na\u0306 \u0131\u0302n intersect\u0326ia cu stra\u0306zile Marcus Aurelius, Doinei, Nicolae Ba\u0306lcescu (sens giratoriu)<\/p>\n\n\n\n<p>\u2013 Calea Mot\u0326ilor urcare din intersect\u0326ia cu stra\u0306zile Marcus Aurelius, Doinei, Nicolae Ba\u0306lcescu (sensul giratoriu), pa\u0302na\u0306 \u0131\u0302n intersect\u0326ia cu str. Aurel Vlaicu, sta\u0302nga pe str. Aurel Vlaicu, pa\u0302na\u0306 \u0131\u0302n intersect\u0326ia cu str. Unirii (sens giratoriu), dreapta pa\u0302na\u0306 \u0131\u0302n B-dul Horea.<\/p>\n\n\n\n<p>Accesul riveranilor va fi permis, controlat \u0219i dirijat \u00eentre man\u0219e, iar spectatorii sunt a\u0219tepta\u021bi \u00een zonele marcate special pe hart\u0103 cu culoarea verde pentru a urm\u0103ri \u00een siguran\u021b\u0103 acest show de excep\u021bie!<\/p>\n\n\n\n<p>Participarea este liber\u0103!<\/p>\n\n\n\n<figure class=\"wp-block-gallery has-nested-images columns-default is-cropped wp-block-gallery-1 is-layout-flex wp-block-gallery-is-layout-flex\">\n<figure class=\"wp-block-image size-large\"><img loading=\"lazy\" decoding=\"async\" width=\"1280\" height=\"643\" data-id=\"118694\" src=\"https:\/\/urbeamea.ro\/albaiulia\/wp-content\/uploads\/2025\/07\/1000043146-1280x643.jpg\" alt=\"\" class=\"wp-image-118694\" srcset=\"https:\/\/urbeamea.ro\/albaiulia\/wp-content\/uploads\/2025\/07\/1000043146-1280x643.jpg 1280w, https:\/\/urbeamea.ro\/albaiulia\/wp-content\/uploads\/2025\/07\/1000043146-640x321.jpg 640w, https:\/\/urbeamea.ro\/albaiulia\/wp-content\/uploads\/2025\/07\/1000043146-150x75.jpg 150w, https:\/\/urbeamea.ro\/albaiulia\/wp-content\/uploads\/2025\/07\/1000043146-768x386.jpg 768w, https:\/\/urbeamea.ro\/albaiulia\/wp-content\/uploads\/2025\/07\/1000043146.jpg 1536w\" sizes=\"auto, (max-width: 1280px) 100vw, 1280px\" \/><\/figure>\n<\/figure>\n\n\n\n<p><\/p>\n\n\n\n<p><\/p>\n\n\n\n<p><\/p>\n","protected":false},"excerpt":{"rendered":"<p>Sezonul num\u0103rul 8 din Campionatul Na\u021bional de Super Rally powered by Superbet, competi\u021bie fondat\u0103 de fostul campion mondial la box \u0219i campionul na\u021bional absolut de raliuri Mihai Leu, va debuta \u00een perioada 18-19 iulie, la Alba Iulia. Devenit deja un reper \u00een motorsportul rom\u00e2nesc, campionatul reune\u0219te anual cei mai talenta\u021bi pilo\u021bi ai \u021b\u0103rii \u00eentr-un format &hellip;<\/p>\n","protected":false},"author":28,"featured_media":118694,"comment_status":"open","ping_status":"open","sticky":false,"template":"","format":"standard","meta":{"inline_featured_image":false,"footnotes":""},"categories":[23926,4,2037,1,61,16344],"tags":[25357,24823],"class_list":["post-118693","post","type-post","status-publish","format-standard","has-post-thumbnail","hentry","category-actualitate","category-eveniment","category-sport","category-stiri-urbane","category-turism","category-urbea-mea","tag-campionatul-national-de-super-rally","tag-mihai-leu"],"yoast_head":"<!-- This site is optimized with the Yoast SEO plugin v27.4 - https:\/\/yoast.com\/product\/yoast-seo-wordpress\/ -->\n<title>18-19 iulie: Campionatul Na\u021bional de Super Rally la Alba Iulia. Vor fi expuse monopostul combinezonul \u0219i casca fostului mare campion Mihai Leu - Revista Urbea Mea - Revista de Alba<\/title>\n<meta name=\"description\" content=\"Sezonul num\u0103rul 8 din Campionatul Na\u021bional de Super Rally powered by Superbet, competi\u021bie fondat\u0103 de fostul campion mondial la box \u0219i campionul na\u021bional\" \/>\n<meta name=\"robots\" content=\"index, follow, max-snippet:-1, max-image-preview:large, max-video-preview:-1\" \/>\n<link rel=\"canonical\" href=\"https:\/\/urbeamea.ro\/albaiulia\/18-19-iulie-campionatul-national-de-super-rally-la-alba-iulia-vor-fi-expuse-monopostul-combinezonul-si-casca-campionului-mihai-leu\/\" \/>\n<meta name=\"twitter:card\" content=\"summary_large_image\" \/>\n<meta name=\"twitter:title\" content=\"18-19 iulie: Campionatul Na\u021bional de Super Rally la Alba Iulia. Vor fi expuse monopostul combinezonul \u0219i casca fostului mare campion Mihai Leu - Revista Urbea Mea - Revista de Alba\" \/>\n<meta name=\"twitter:description\" content=\"Sezonul num\u0103rul 8 din Campionatul Na\u021bional de Super Rally powered by Superbet, competi\u021bie fondat\u0103 de fostul campion mondial la box \u0219i campionul na\u021bional\" \/>\n<meta name=\"twitter:image\" content=\"https:\/\/urbeamea.ro\/albaiulia\/wp-content\/uploads\/2025\/07\/1000043146.jpg\" \/>\n<meta name=\"twitter:creator\" content=\"@urbeameaweb\" \/>\n<meta name=\"twitter:site\" content=\"@urbeameaweb\" \/>\n<script type=\"application\/ld+json\" class=\"yoast-schema-graph\">{\"@context\":\"https:\\\/\\\/schema.org\",\"@graph\":[{\"@type\":\"Article\",\"@id\":\"https:\\\/\\\/urbeamea.ro\\\/albaiulia\\\/18-19-iulie-campionatul-national-de-super-rally-la-alba-iulia-vor-fi-expuse-monopostul-combinezonul-si-casca-campionului-mihai-leu\\\/#article\",\"isPartOf\":{\"@id\":\"https:\\\/\\\/urbeamea.ro\\\/albaiulia\\\/18-19-iulie-campionatul-national-de-super-rally-la-alba-iulia-vor-fi-expuse-monopostul-combinezonul-si-casca-campionului-mihai-leu\\\/\"},\"author\":{\"name\":\"Giurca Sorin\",\"@id\":\"https:\\\/\\\/urbeamea.ro\\\/albaiulia\\\/#\\\/schema\\\/person\\\/5db3854ac38c1cc9f0ab4092d6a20f02\"},\"headline\":\"18-19 iulie: Campionatul Na\u021bional de Super Rally la Alba Iulia. Vor fi expuse monopostul combinezonul \u0219i casca fostului mare campion Mihai Leu\",\"datePublished\":\"2025-07-15T14:27:41+00:00\",\"dateModified\":\"2025-07-15T14:28:34+00:00\",\"mainEntityOfPage\":{\"@id\":\"https:\\\/\\\/urbeamea.ro\\\/albaiulia\\\/18-19-iulie-campionatul-national-de-super-rally-la-alba-iulia-vor-fi-expuse-monopostul-combinezonul-si-casca-campionului-mihai-leu\\\/\"},\"wordCount\":878,\"commentCount\":0,\"image\":{\"@id\":\"https:\\\/\\\/urbeamea.ro\\\/albaiulia\\\/18-19-iulie-campionatul-national-de-super-rally-la-alba-iulia-vor-fi-expuse-monopostul-combinezonul-si-casca-campionului-mihai-leu\\\/#primaryimage\"},\"thumbnailUrl\":\"https:\\\/\\\/urbeamea.ro\\\/albaiulia\\\/wp-content\\\/uploads\\\/2025\\\/07\\\/1000043146.jpg\",\"keywords\":[\"Campionatul Na\u021bional de Super Rally\",\"Mihai Leu\"],\"articleSection\":[\"Actualitate\",\"Evenimente\",\"Sport\",\"\u015etiri Urbane\",\"Turism \u0219i Ghidaj turistic\",\"Urbea Mea\"],\"inLanguage\":\"ro-RO\",\"potentialAction\":[{\"@type\":\"CommentAction\",\"name\":\"Comment\",\"target\":[\"https:\\\/\\\/urbeamea.ro\\\/albaiulia\\\/18-19-iulie-campionatul-national-de-super-rally-la-alba-iulia-vor-fi-expuse-monopostul-combinezonul-si-casca-campionului-mihai-leu\\\/#respond\"]}]},{\"@type\":\"WebPage\",\"@id\":\"https:\\\/\\\/urbeamea.ro\\\/albaiulia\\\/18-19-iulie-campionatul-national-de-super-rally-la-alba-iulia-vor-fi-expuse-monopostul-combinezonul-si-casca-campionului-mihai-leu\\\/\",\"url\":\"https:\\\/\\\/urbeamea.ro\\\/albaiulia\\\/18-19-iulie-campionatul-national-de-super-rally-la-alba-iulia-vor-fi-expuse-monopostul-combinezonul-si-casca-campionului-mihai-leu\\\/\",\"name\":\"18-19 iulie: Campionatul Na\u021bional de Super Rally la Alba Iulia. Vor fi expuse monopostul combinezonul \u0219i casca fostului mare campion Mihai Leu - Revista Urbea Mea - Revista de Alba\",\"isPartOf\":{\"@id\":\"https:\\\/\\\/urbeamea.ro\\\/albaiulia\\\/#website\"},\"primaryImageOfPage\":{\"@id\":\"https:\\\/\\\/urbeamea.ro\\\/albaiulia\\\/18-19-iulie-campionatul-national-de-super-rally-la-alba-iulia-vor-fi-expuse-monopostul-combinezonul-si-casca-campionului-mihai-leu\\\/#primaryimage\"},\"image\":{\"@id\":\"https:\\\/\\\/urbeamea.ro\\\/albaiulia\\\/18-19-iulie-campionatul-national-de-super-rally-la-alba-iulia-vor-fi-expuse-monopostul-combinezonul-si-casca-campionului-mihai-leu\\\/#primaryimage\"},\"thumbnailUrl\":\"https:\\\/\\\/urbeamea.ro\\\/albaiulia\\\/wp-content\\\/uploads\\\/2025\\\/07\\\/1000043146.jpg\",\"datePublished\":\"2025-07-15T14:27:41+00:00\",\"dateModified\":\"2025-07-15T14:28:34+00:00\",\"author\":{\"@id\":\"https:\\\/\\\/urbeamea.ro\\\/albaiulia\\\/#\\\/schema\\\/person\\\/5db3854ac38c1cc9f0ab4092d6a20f02\"},\"description\":\"Sezonul num\u0103rul 8 din Campionatul Na\u021bional de Super Rally powered by Superbet, competi\u021bie fondat\u0103 de fostul campion mondial la box \u0219i campionul na\u021bional\",\"breadcrumb\":{\"@id\":\"https:\\\/\\\/urbeamea.ro\\\/albaiulia\\\/18-19-iulie-campionatul-national-de-super-rally-la-alba-iulia-vor-fi-expuse-monopostul-combinezonul-si-casca-campionului-mihai-leu\\\/#breadcrumb\"},\"inLanguage\":\"ro-RO\",\"potentialAction\":[{\"@type\":\"ReadAction\",\"target\":[\"https:\\\/\\\/urbeamea.ro\\\/albaiulia\\\/18-19-iulie-campionatul-national-de-super-rally-la-alba-iulia-vor-fi-expuse-monopostul-combinezonul-si-casca-campionului-mihai-leu\\\/\"]}]},{\"@type\":\"ImageObject\",\"inLanguage\":\"ro-RO\",\"@id\":\"https:\\\/\\\/urbeamea.ro\\\/albaiulia\\\/18-19-iulie-campionatul-national-de-super-rally-la-alba-iulia-vor-fi-expuse-monopostul-combinezonul-si-casca-campionului-mihai-leu\\\/#primaryimage\",\"url\":\"https:\\\/\\\/urbeamea.ro\\\/albaiulia\\\/wp-content\\\/uploads\\\/2025\\\/07\\\/1000043146.jpg\",\"contentUrl\":\"https:\\\/\\\/urbeamea.ro\\\/albaiulia\\\/wp-content\\\/uploads\\\/2025\\\/07\\\/1000043146.jpg\",\"width\":1536,\"height\":771},{\"@type\":\"BreadcrumbList\",\"@id\":\"https:\\\/\\\/urbeamea.ro\\\/albaiulia\\\/18-19-iulie-campionatul-national-de-super-rally-la-alba-iulia-vor-fi-expuse-monopostul-combinezonul-si-casca-campionului-mihai-leu\\\/#breadcrumb\",\"itemListElement\":[{\"@type\":\"ListItem\",\"position\":1,\"name\":\"Prima pagin\u0103\",\"item\":\"https:\\\/\\\/urbeamea.ro\\\/albaiulia\\\/\"},{\"@type\":\"ListItem\",\"position\":2,\"name\":\"18-19 iulie: Campionatul Na\u021bional de Super Rally la Alba Iulia. Vor fi expuse monopostul combinezonul \u0219i casca fostului mare campion Mihai Leu\"}]},{\"@type\":\"WebSite\",\"@id\":\"https:\\\/\\\/urbeamea.ro\\\/albaiulia\\\/#website\",\"url\":\"https:\\\/\\\/urbeamea.ro\\\/albaiulia\\\/\",\"name\":\"Revista Urbea Mea, Stiri urbane\",\"description\":\"Evenimente \u0219i \u0219tiri din Alba Iulia, Sebe\u0219, Aiud, Blaj\",\"potentialAction\":[{\"@type\":\"SearchAction\",\"target\":{\"@type\":\"EntryPoint\",\"urlTemplate\":\"https:\\\/\\\/urbeamea.ro\\\/albaiulia\\\/?s={search_term_string}\"},\"query-input\":{\"@type\":\"PropertyValueSpecification\",\"valueRequired\":true,\"valueName\":\"search_term_string\"}}],\"inLanguage\":\"ro-RO\"},{\"@type\":\"Person\",\"@id\":\"https:\\\/\\\/urbeamea.ro\\\/albaiulia\\\/#\\\/schema\\\/person\\\/5db3854ac38c1cc9f0ab4092d6a20f02\",\"name\":\"Giurca Sorin\",\"image\":{\"@type\":\"ImageObject\",\"inLanguage\":\"ro-RO\",\"@id\":\"https:\\\/\\\/secure.gravatar.com\\\/avatar\\\/120f6fcae7b3b47a7730cb9943f612f4909f68ac5284b5f40ac1c4615fd70576?s=96&d=mm&r=g\",\"url\":\"https:\\\/\\\/secure.gravatar.com\\\/avatar\\\/120f6fcae7b3b47a7730cb9943f612f4909f68ac5284b5f40ac1c4615fd70576?s=96&d=mm&r=g\",\"contentUrl\":\"https:\\\/\\\/secure.gravatar.com\\\/avatar\\\/120f6fcae7b3b47a7730cb9943f612f4909f68ac5284b5f40ac1c4615fd70576?s=96&d=mm&r=g\",\"caption\":\"Giurca Sorin\"},\"url\":\"https:\\\/\\\/urbeamea.ro\\\/albaiulia\\\/author\\\/sorin\\\/\"}]}<\/script>\n<!-- \/ Yoast SEO plugin. -->","yoast_head_json":{"title":"18-19 iulie: Campionatul Na\u021bional de Super Rally la Alba Iulia. Vor fi expuse monopostul combinezonul \u0219i casca fostului mare campion Mihai Leu - Revista Urbea Mea - Revista de Alba","description":"Sezonul num\u0103rul 8 din Campionatul Na\u021bional de Super Rally powered by Superbet, competi\u021bie fondat\u0103 de fostul campion mondial la box \u0219i campionul na\u021bional","robots":{"index":"index","follow":"follow","max-snippet":"max-snippet:-1","max-image-preview":"max-image-preview:large","max-video-preview":"max-video-preview:-1"},"canonical":"https:\/\/urbeamea.ro\/albaiulia\/18-19-iulie-campionatul-national-de-super-rally-la-alba-iulia-vor-fi-expuse-monopostul-combinezonul-si-casca-campionului-mihai-leu\/","twitter_card":"summary_large_image","twitter_title":"18-19 iulie: Campionatul Na\u021bional de Super Rally la Alba Iulia. Vor fi expuse monopostul combinezonul \u0219i casca fostului mare campion Mihai Leu - Revista Urbea Mea - Revista de Alba","twitter_description":"Sezonul num\u0103rul 8 din Campionatul Na\u021bional de Super Rally powered by Superbet, competi\u021bie fondat\u0103 de fostul campion mondial la box \u0219i campionul na\u021bional","twitter_image":"https:\/\/urbeamea.ro\/albaiulia\/wp-content\/uploads\/2025\/07\/1000043146.jpg","twitter_creator":"@urbeameaweb","twitter_site":"@urbeameaweb","schema":{"@context":"https:\/\/schema.org","@graph":[{"@type":"Article","@id":"https:\/\/urbeamea.ro\/albaiulia\/18-19-iulie-campionatul-national-de-super-rally-la-alba-iulia-vor-fi-expuse-monopostul-combinezonul-si-casca-campionului-mihai-leu\/#article","isPartOf":{"@id":"https:\/\/urbeamea.ro\/albaiulia\/18-19-iulie-campionatul-national-de-super-rally-la-alba-iulia-vor-fi-expuse-monopostul-combinezonul-si-casca-campionului-mihai-leu\/"},"author":{"name":"Giurca Sorin","@id":"https:\/\/urbeamea.ro\/albaiulia\/#\/schema\/person\/5db3854ac38c1cc9f0ab4092d6a20f02"},"headline":"18-19 iulie: Campionatul Na\u021bional de Super Rally la Alba Iulia. Vor fi expuse monopostul combinezonul \u0219i casca fostului mare campion Mihai Leu","datePublished":"2025-07-15T14:27:41+00:00","dateModified":"2025-07-15T14:28:34+00:00","mainEntityOfPage":{"@id":"https:\/\/urbeamea.ro\/albaiulia\/18-19-iulie-campionatul-national-de-super-rally-la-alba-iulia-vor-fi-expuse-monopostul-combinezonul-si-casca-campionului-mihai-leu\/"},"wordCount":878,"commentCount":0,"image":{"@id":"https:\/\/urbeamea.ro\/albaiulia\/18-19-iulie-campionatul-national-de-super-rally-la-alba-iulia-vor-fi-expuse-monopostul-combinezonul-si-casca-campionului-mihai-leu\/#primaryimage"},"thumbnailUrl":"https:\/\/urbeamea.ro\/albaiulia\/wp-content\/uploads\/2025\/07\/1000043146.jpg","keywords":["Campionatul Na\u021bional de Super Rally","Mihai Leu"],"articleSection":["Actualitate","Evenimente","Sport","\u015etiri Urbane","Turism \u0219i Ghidaj turistic","Urbea Mea"],"inLanguage":"ro-RO","potentialAction":[{"@type":"CommentAction","name":"Comment","target":["https:\/\/urbeamea.ro\/albaiulia\/18-19-iulie-campionatul-national-de-super-rally-la-alba-iulia-vor-fi-expuse-monopostul-combinezonul-si-casca-campionului-mihai-leu\/#respond"]}]},{"@type":"WebPage","@id":"https:\/\/urbeamea.ro\/albaiulia\/18-19-iulie-campionatul-national-de-super-rally-la-alba-iulia-vor-fi-expuse-monopostul-combinezonul-si-casca-campionului-mihai-leu\/","url":"https:\/\/urbeamea.ro\/albaiulia\/18-19-iulie-campionatul-national-de-super-rally-la-alba-iulia-vor-fi-expuse-monopostul-combinezonul-si-casca-campionului-mihai-leu\/","name":"18-19 iulie: Campionatul Na\u021bional de Super Rally la Alba Iulia. Vor fi expuse monopostul combinezonul \u0219i casca fostului mare campion Mihai Leu - Revista Urbea Mea - Revista de Alba","isPartOf":{"@id":"https:\/\/urbeamea.ro\/albaiulia\/#website"},"primaryImageOfPage":{"@id":"https:\/\/urbeamea.ro\/albaiulia\/18-19-iulie-campionatul-national-de-super-rally-la-alba-iulia-vor-fi-expuse-monopostul-combinezonul-si-casca-campionului-mihai-leu\/#primaryimage"},"image":{"@id":"https:\/\/urbeamea.ro\/albaiulia\/18-19-iulie-campionatul-national-de-super-rally-la-alba-iulia-vor-fi-expuse-monopostul-combinezonul-si-casca-campionului-mihai-leu\/#primaryimage"},"thumbnailUrl":"https:\/\/urbeamea.ro\/albaiulia\/wp-content\/uploads\/2025\/07\/1000043146.jpg","datePublished":"2025-07-15T14:27:41+00:00","dateModified":"2025-07-15T14:28:34+00:00","author":{"@id":"https:\/\/urbeamea.ro\/albaiulia\/#\/schema\/person\/5db3854ac38c1cc9f0ab4092d6a20f02"},"description":"Sezonul num\u0103rul 8 din Campionatul Na\u021bional de Super Rally powered by Superbet, competi\u021bie fondat\u0103 de fostul campion mondial la box \u0219i campionul na\u021bional","breadcrumb":{"@id":"https:\/\/urbeamea.ro\/albaiulia\/18-19-iulie-campionatul-national-de-super-rally-la-alba-iulia-vor-fi-expuse-monopostul-combinezonul-si-casca-campionului-mihai-leu\/#breadcrumb"},"inLanguage":"ro-RO","potentialAction":[{"@type":"ReadAction","target":["https:\/\/urbeamea.ro\/albaiulia\/18-19-iulie-campionatul-national-de-super-rally-la-alba-iulia-vor-fi-expuse-monopostul-combinezonul-si-casca-campionului-mihai-leu\/"]}]},{"@type":"ImageObject","inLanguage":"ro-RO","@id":"https:\/\/urbeamea.ro\/albaiulia\/18-19-iulie-campionatul-national-de-super-rally-la-alba-iulia-vor-fi-expuse-monopostul-combinezonul-si-casca-campionului-mihai-leu\/#primaryimage","url":"https:\/\/urbeamea.ro\/albaiulia\/wp-content\/uploads\/2025\/07\/1000043146.jpg","contentUrl":"https:\/\/urbeamea.ro\/albaiulia\/wp-content\/uploads\/2025\/07\/1000043146.jpg","width":1536,"height":771},{"@type":"BreadcrumbList","@id":"https:\/\/urbeamea.ro\/albaiulia\/18-19-iulie-campionatul-national-de-super-rally-la-alba-iulia-vor-fi-expuse-monopostul-combinezonul-si-casca-campionului-mihai-leu\/#breadcrumb","itemListElement":[{"@type":"ListItem","position":1,"name":"Prima pagin\u0103","item":"https:\/\/urbeamea.ro\/albaiulia\/"},{"@type":"ListItem","position":2,"name":"18-19 iulie: Campionatul Na\u021bional de Super Rally la Alba Iulia. Vor fi expuse monopostul combinezonul \u0219i casca fostului mare campion Mihai Leu"}]},{"@type":"WebSite","@id":"https:\/\/urbeamea.ro\/albaiulia\/#website","url":"https:\/\/urbeamea.ro\/albaiulia\/","name":"Revista Urbea Mea, Stiri urbane","description":"Evenimente \u0219i \u0219tiri din Alba Iulia, Sebe\u0219, Aiud, Blaj","potentialAction":[{"@type":"SearchAction","target":{"@type":"EntryPoint","urlTemplate":"https:\/\/urbeamea.ro\/albaiulia\/?s={search_term_string}"},"query-input":{"@type":"PropertyValueSpecification","valueRequired":true,"valueName":"search_term_string"}}],"inLanguage":"ro-RO"},{"@type":"Person","@id":"https:\/\/urbeamea.ro\/albaiulia\/#\/schema\/person\/5db3854ac38c1cc9f0ab4092d6a20f02","name":"Giurca Sorin","image":{"@type":"ImageObject","inLanguage":"ro-RO","@id":"https:\/\/secure.gravatar.com\/avatar\/120f6fcae7b3b47a7730cb9943f612f4909f68ac5284b5f40ac1c4615fd70576?s=96&d=mm&r=g","url":"https:\/\/secure.gravatar.com\/avatar\/120f6fcae7b3b47a7730cb9943f612f4909f68ac5284b5f40ac1c4615fd70576?s=96&d=mm&r=g","contentUrl":"https:\/\/secure.gravatar.com\/avatar\/120f6fcae7b3b47a7730cb9943f612f4909f68ac5284b5f40ac1c4615fd70576?s=96&d=mm&r=g","caption":"Giurca Sorin"},"url":"https:\/\/urbeamea.ro\/albaiulia\/author\/sorin\/"}]}},"_links":{"self":[{"href":"https:\/\/urbeamea.ro\/albaiulia\/wp-json\/wp\/v2\/posts\/118693","targetHints":{"allow":["GET"]}}],"collection":[{"href":"https:\/\/urbeamea.ro\/albaiulia\/wp-json\/wp\/v2\/posts"}],"about":[{"href":"https:\/\/urbeamea.ro\/albaiulia\/wp-json\/wp\/v2\/types\/post"}],"author":[{"embeddable":true,"href":"https:\/\/urbeamea.ro\/albaiulia\/wp-json\/wp\/v2\/users\/28"}],"replies":[{"embeddable":true,"href":"https:\/\/urbeamea.ro\/albaiulia\/wp-json\/wp\/v2\/comments?post=118693"}],"version-history":[{"count":2,"href":"https:\/\/urbeamea.ro\/albaiulia\/wp-json\/wp\/v2\/posts\/118693\/revisions"}],"predecessor-version":[{"id":118696,"href":"https:\/\/urbeamea.ro\/albaiulia\/wp-json\/wp\/v2\/posts\/118693\/revisions\/118696"}],"wp:featuredmedia":[{"embeddable":true,"href":"https:\/\/urbeamea.ro\/albaiulia\/wp-json\/wp\/v2\/media\/118694"}],"wp:attachment":[{"href":"https:\/\/urbeamea.ro\/albaiulia\/wp-json\/wp\/v2\/media?parent=118693"}],"wp:term":[{"taxonomy":"category","embeddable":true,"href":"https:\/\/urbeamea.ro\/albaiulia\/wp-json\/wp\/v2\/categories?post=118693"},{"taxonomy":"post_tag","embeddable":true,"href":"https:\/\/urbeamea.ro\/albaiulia\/wp-json\/wp\/v2\/tags?post=118693"}],"curies":[{"name":"wp","href":"https:\/\/api.w.org\/{rel}","templated":true}]}}