{"id":118720,"date":"2025-07-16T17:38:04","date_gmt":"2025-07-16T14:38:04","guid":{"rendered":"https:\/\/urbeamea.ro\/albaiulia\/?p=118720"},"modified":"2025-07-16T17:38:05","modified_gmt":"2025-07-16T14:38:05","slug":"actiuni-ale-dsvsa-alba-pentru-protejarea-sanatatii-publice-in-sezonul-estival","status":"publish","type":"post","link":"https:\/\/urbeamea.ro\/albaiulia\/actiuni-ale-dsvsa-alba-pentru-protejarea-sanatatii-publice-in-sezonul-estival\/","title":{"rendered":"Ac\u021biuni ale DSVSA Alba pentru protejarea s\u0103n\u0103t\u0103\u021bii publice \u00een sezonul estival"},"content":{"rendered":"\n<p><strong>Direc\u021bia Sanitar\u0103 Veterinar\u0103 \u0219i pentru Siguran\u021ba Alimentelor (DSVSA) Alba a desf\u0103\u0219urat mai multe controale \u0219i ac\u021biuni de consiliere la unit\u0103\u021bile de alimenta\u021bie public\u0103, pentru protejarea s\u0103n\u0103t\u0103\u021bii publice \u00een perioada de var\u0103, fiind verificate cu preponderen\u021b\u0103 unit\u0103\u021bile care organizeaz\u0103 tabere \u0219colare, nun\u021bi, botezuri \u0219i alte evenimente, respectiv unit\u0103\u021bile la care se servesc m\u00e2nc\u0103ruri cu ocazia a diferite evenimente publice.<\/strong><\/p>\n\n\n\n<p>O aten\u021bie deosebit\u0103 a fost acordat\u0103 unit\u0103\u021bilor de alimenta\u021bie publice la care, \u00een aceast\u0103 perioad\u0103, cre\u0219te consumul de produse alimentare, scopul nostru fiind prevenirea apari\u021biilor toxiinfec\u021biilor alimentare. Toate m\u0103surile aplicate au avut ca scop asigurarea respect\u0103rii condi\u021biilor sanitar-veterinare privind producerea, procesarea, depozitarea, transportul \u0219i comercializarea produselor alimentare.<\/p>\n\n\n\n<p>\u00cen perioada 23 iunie \u2013 14 iulie 2025, inspectorii DSVSA Alba au efectuat 67 de controale, fiind aplicate 8 sanc\u021biuni \u00een valoare de 53.600 de lei, dar \u0219i o ordonan\u021b\u0103 de suspendare a activit\u0103\u021bii pentru un centru de prelucrare a laptelui, care prezenta deficien\u021be de ordin structural \u0219i func\u021bional incompatibile cu desf\u0103\u0219urarea acestei activit\u0103\u021bi de alimenta\u021bie public\u0103.<\/p>\n\n\n\n<p>In aceast\u0103 perioad\u0103 au fost verificate toate categoriile de unit\u0103\u021bi, \u00eens\u0103 o aten\u021bie mai mare a fost acordat\u0103 pensiunilor turistice cu bloc alimentar, restaurantelor, teraselor sezoniere la care se servesc m\u00e2nc\u0103ruri g\u0103tite, cantinelor, centrelor de prelucrare a laptelui integrat \u00een exploata\u021bie, unit\u0103\u021bilor mobile de comercializare a alimentelor, unit\u0103\u021bilor de tip catering, dar \u0219i altor unit\u0103\u021bi de alimenta\u021bie care prepar\u0103 m\u00e2ncarea pentru copiii afla\u021bi \u00een tabere \u0219colare ori desf\u0103\u0219oar\u0103 activit\u0103\u021bi de var\u0103 cu copii \u0219i servesc hran\u0103.<\/p>\n\n\n\n<p>\u00cen aceast\u0103 perioad\u0103 nu au fost identificate episoade de toxiinfec\u021bii alimentare.<\/p>\n\n\n\n<p>Principalele deficien\u021be constatate au fost:<\/p>\n\n\n\n<p>\u2013 Nerespectarea normelor privind \u00eentre\u021binerea spa\u021biilor de depozitare \u0219i prelucrare a alimentelor. Nerespectarea regulilor generale de igien\u0103;<\/p>\n\n\n\n<p>\u2013 Ambalarea \u015fi etichetarea necorespunz\u0103toare a produselor alimentare \u00een vederea depozit\u0103rii, transportului, valorific\u0103rii \u015fi comercializarea acestora neetichetate potrivit legisla\u021biei \u00een vigoare;<\/p>\n\n\n\n<p>Lipsa trasabilit\u0103\u021bii produselor alimentare;<\/p>\n\n\n\n<p>\u2013 Comercializarea direct\u0103 c\u0103tre consumatorul final a produselor alimentare \u00een spa\u021bii neaprobate sanitar veterinar \u0219i f\u0103r\u0103 respectarea condi\u021biilor de igien\u0103 conform prevederilor legisla\u021biei \u00een vigoare;<\/p>\n\n\n\n<p>\u2013 Manipularea produselor alimentare cu \u00eenc\u0103lcarea normelor sanitare veterinare \u015fi pentru siguran\u021ba alimentelor;<\/p>\n\n\n\n<p>\u2013  Depozitarea produselor alimentare f\u0103r\u0103 respectarea regimului termic prev\u0103zut de c\u0103tre produc\u0103tor<\/p>\n\n\n\n<p>Ac\u021biunile de verificare \u0219i consiliere ale DSVSA Alba, \u00een special \u00een zonele turistice, vor fi intensificate \u00een urm\u0103toarea perioad\u0103. <\/p>\n\n\n\n<p>De asemenea, inspectorii sanitar-veterinari vor fi prezen\u021bi \u0219i la evenimentele publice la care se comercializeaz\u0103 produse alimentare. <\/p>\n\n\n\n<p>Astfel, echipe ale DSVSA Alba vor fi prezente la T\u00e2rgul de Fete de pe Muntele G\u0103ina ce are loc \u00een acest weekend.<\/p>\n\n\n\n<p>Colaborarea dintre autorit\u0103\u021bi, agen\u021bii economici \u0219i consumatori este esen\u021bial\u0103 \u00een prevenirea oric\u0103rui risc alimentar. Recomand\u0103m consumatorilor s\u0103 separe alimentele (exemplu: carnea de legume), s\u0103 p\u0103streze alimentele perisabile la rece, la temperaturi mai mici de 5\u00b0C, s\u0103 verifice termenele de valabilitate, dar \u0219i s\u0103 raporteze orice suspiciuni la DSVSA Alba. <\/p>\n\n\n\n<p>Consumatorii pot face orice sesiz\u0103ri ce \u021bin de domeniul siguran\u021bei alimentelor la nr. de telefon: 0258 835 915 ori pe adresa pe e-mail office-alba@ansvsa.ro.<\/p>\n\n\n\n<p><\/p>\n\n\n\n<p><\/p>\n","protected":false},"excerpt":{"rendered":"<p>Direc\u021bia Sanitar\u0103 Veterinar\u0103 \u0219i pentru Siguran\u021ba Alimentelor (DSVSA) Alba a desf\u0103\u0219urat mai multe controale \u0219i ac\u021biuni de consiliere la unit\u0103\u021bile de alimenta\u021bie public\u0103, pentru protejarea s\u0103n\u0103t\u0103\u021bii publice \u00een perioada de var\u0103, fiind verificate cu preponderen\u021b\u0103 unit\u0103\u021bile care organizeaz\u0103 tabere \u0219colare, nun\u021bi, botezuri \u0219i alte evenimente, respectiv unit\u0103\u021bile la care se servesc m\u00e2nc\u0103ruri cu ocazia a &hellip;<\/p>\n","protected":false},"author":28,"featured_media":100587,"comment_status":"open","ping_status":"open","sticky":false,"template":"","format":"standard","meta":{"inline_featured_image":false,"footnotes":""},"categories":[4,2034,1,16344],"tags":[8120],"class_list":["post-118720","post","type-post","status-publish","format-standard","has-post-thumbnail","hentry","category-eveniment","category-social","category-stiri-urbane","category-urbea-mea","tag-dsvsa-alba"],"yoast_head":"<!-- This site is optimized with the Yoast SEO plugin v27.4 - https:\/\/yoast.com\/product\/yoast-seo-wordpress\/ -->\n<title>Ac\u021biuni ale DSVSA Alba pentru protejarea s\u0103n\u0103t\u0103\u021bii publice \u00een sezonul estival - Revista Urbea Mea - Revista de Alba<\/title>\n<meta name=\"description\" content=\"Direc\u021bia Sanitar\u0103 Veterinar\u0103 \u0219i pentru Siguran\u021ba Alimentelor (DSVSA) Alba a desf\u0103\u0219urat mai multe controale \u0219i ac\u021biuni de consiliere la unit\u0103\u021bile de\" \/>\n<meta name=\"robots\" content=\"index, follow, max-snippet:-1, max-image-preview:large, max-video-preview:-1\" \/>\n<link rel=\"canonical\" href=\"https:\/\/urbeamea.ro\/albaiulia\/actiuni-ale-dsvsa-alba-pentru-protejarea-sanatatii-publice-in-sezonul-estival\/\" \/>\n<meta name=\"twitter:card\" content=\"summary_large_image\" \/>\n<meta name=\"twitter:title\" content=\"Ac\u021biuni ale DSVSA Alba pentru protejarea s\u0103n\u0103t\u0103\u021bii publice \u00een sezonul estival - Revista Urbea Mea - Revista de Alba\" \/>\n<meta name=\"twitter:description\" content=\"Direc\u021bia Sanitar\u0103 Veterinar\u0103 \u0219i pentru Siguran\u021ba Alimentelor (DSVSA) Alba a desf\u0103\u0219urat mai multe controale \u0219i ac\u021biuni de consiliere la unit\u0103\u021bile de\" \/>\n<meta name=\"twitter:image\" content=\"https:\/\/urbeamea.ro\/albaiulia\/wp-content\/uploads\/2022\/03\/Sediu-DSVSA-Alba.jpg\" \/>\n<meta name=\"twitter:creator\" content=\"@urbeameaweb\" \/>\n<meta name=\"twitter:site\" content=\"@urbeameaweb\" \/>\n<script type=\"application\/ld+json\" class=\"yoast-schema-graph\">{\"@context\":\"https:\\\/\\\/schema.org\",\"@graph\":[{\"@type\":\"Article\",\"@id\":\"https:\\\/\\\/urbeamea.ro\\\/albaiulia\\\/actiuni-ale-dsvsa-alba-pentru-protejarea-sanatatii-publice-in-sezonul-estival\\\/#article\",\"isPartOf\":{\"@id\":\"https:\\\/\\\/urbeamea.ro\\\/albaiulia\\\/actiuni-ale-dsvsa-alba-pentru-protejarea-sanatatii-publice-in-sezonul-estival\\\/\"},\"author\":{\"name\":\"Giurca Sorin\",\"@id\":\"https:\\\/\\\/urbeamea.ro\\\/albaiulia\\\/#\\\/schema\\\/person\\\/5db3854ac38c1cc9f0ab4092d6a20f02\"},\"headline\":\"Ac\u021biuni ale DSVSA Alba pentru protejarea s\u0103n\u0103t\u0103\u021bii publice \u00een sezonul estival\",\"datePublished\":\"2025-07-16T14:38:04+00:00\",\"dateModified\":\"2025-07-16T14:38:05+00:00\",\"mainEntityOfPage\":{\"@id\":\"https:\\\/\\\/urbeamea.ro\\\/albaiulia\\\/actiuni-ale-dsvsa-alba-pentru-protejarea-sanatatii-publice-in-sezonul-estival\\\/\"},\"wordCount\":556,\"commentCount\":0,\"image\":{\"@id\":\"https:\\\/\\\/urbeamea.ro\\\/albaiulia\\\/actiuni-ale-dsvsa-alba-pentru-protejarea-sanatatii-publice-in-sezonul-estival\\\/#primaryimage\"},\"thumbnailUrl\":\"https:\\\/\\\/urbeamea.ro\\\/albaiulia\\\/wp-content\\\/uploads\\\/2022\\\/03\\\/Sediu-DSVSA-Alba.jpg\",\"keywords\":[\"dsvsa alba\"],\"articleSection\":[\"Evenimente\",\"Social\",\"\u015etiri Urbane\",\"Urbea Mea\"],\"inLanguage\":\"ro-RO\",\"potentialAction\":[{\"@type\":\"CommentAction\",\"name\":\"Comment\",\"target\":[\"https:\\\/\\\/urbeamea.ro\\\/albaiulia\\\/actiuni-ale-dsvsa-alba-pentru-protejarea-sanatatii-publice-in-sezonul-estival\\\/#respond\"]}]},{\"@type\":\"WebPage\",\"@id\":\"https:\\\/\\\/urbeamea.ro\\\/albaiulia\\\/actiuni-ale-dsvsa-alba-pentru-protejarea-sanatatii-publice-in-sezonul-estival\\\/\",\"url\":\"https:\\\/\\\/urbeamea.ro\\\/albaiulia\\\/actiuni-ale-dsvsa-alba-pentru-protejarea-sanatatii-publice-in-sezonul-estival\\\/\",\"name\":\"Ac\u021biuni ale DSVSA Alba pentru protejarea s\u0103n\u0103t\u0103\u021bii publice \u00een sezonul estival - Revista Urbea Mea - Revista de Alba\",\"isPartOf\":{\"@id\":\"https:\\\/\\\/urbeamea.ro\\\/albaiulia\\\/#website\"},\"primaryImageOfPage\":{\"@id\":\"https:\\\/\\\/urbeamea.ro\\\/albaiulia\\\/actiuni-ale-dsvsa-alba-pentru-protejarea-sanatatii-publice-in-sezonul-estival\\\/#primaryimage\"},\"image\":{\"@id\":\"https:\\\/\\\/urbeamea.ro\\\/albaiulia\\\/actiuni-ale-dsvsa-alba-pentru-protejarea-sanatatii-publice-in-sezonul-estival\\\/#primaryimage\"},\"thumbnailUrl\":\"https:\\\/\\\/urbeamea.ro\\\/albaiulia\\\/wp-content\\\/uploads\\\/2022\\\/03\\\/Sediu-DSVSA-Alba.jpg\",\"datePublished\":\"2025-07-16T14:38:04+00:00\",\"dateModified\":\"2025-07-16T14:38:05+00:00\",\"author\":{\"@id\":\"https:\\\/\\\/urbeamea.ro\\\/albaiulia\\\/#\\\/schema\\\/person\\\/5db3854ac38c1cc9f0ab4092d6a20f02\"},\"description\":\"Direc\u021bia Sanitar\u0103 Veterinar\u0103 \u0219i pentru Siguran\u021ba Alimentelor (DSVSA) Alba a desf\u0103\u0219urat mai multe controale \u0219i ac\u021biuni de consiliere la unit\u0103\u021bile de\",\"breadcrumb\":{\"@id\":\"https:\\\/\\\/urbeamea.ro\\\/albaiulia\\\/actiuni-ale-dsvsa-alba-pentru-protejarea-sanatatii-publice-in-sezonul-estival\\\/#breadcrumb\"},\"inLanguage\":\"ro-RO\",\"potentialAction\":[{\"@type\":\"ReadAction\",\"target\":[\"https:\\\/\\\/urbeamea.ro\\\/albaiulia\\\/actiuni-ale-dsvsa-alba-pentru-protejarea-sanatatii-publice-in-sezonul-estival\\\/\"]}]},{\"@type\":\"ImageObject\",\"inLanguage\":\"ro-RO\",\"@id\":\"https:\\\/\\\/urbeamea.ro\\\/albaiulia\\\/actiuni-ale-dsvsa-alba-pentru-protejarea-sanatatii-publice-in-sezonul-estival\\\/#primaryimage\",\"url\":\"https:\\\/\\\/urbeamea.ro\\\/albaiulia\\\/wp-content\\\/uploads\\\/2022\\\/03\\\/Sediu-DSVSA-Alba.jpg\",\"contentUrl\":\"https:\\\/\\\/urbeamea.ro\\\/albaiulia\\\/wp-content\\\/uploads\\\/2022\\\/03\\\/Sediu-DSVSA-Alba.jpg\",\"width\":1200,\"height\":800},{\"@type\":\"BreadcrumbList\",\"@id\":\"https:\\\/\\\/urbeamea.ro\\\/albaiulia\\\/actiuni-ale-dsvsa-alba-pentru-protejarea-sanatatii-publice-in-sezonul-estival\\\/#breadcrumb\",\"itemListElement\":[{\"@type\":\"ListItem\",\"position\":1,\"name\":\"Prima pagin\u0103\",\"item\":\"https:\\\/\\\/urbeamea.ro\\\/albaiulia\\\/\"},{\"@type\":\"ListItem\",\"position\":2,\"name\":\"Ac\u021biuni ale DSVSA Alba pentru protejarea s\u0103n\u0103t\u0103\u021bii publice \u00een sezonul estival\"}]},{\"@type\":\"WebSite\",\"@id\":\"https:\\\/\\\/urbeamea.ro\\\/albaiulia\\\/#website\",\"url\":\"https:\\\/\\\/urbeamea.ro\\\/albaiulia\\\/\",\"name\":\"Revista Urbea Mea, Stiri urbane\",\"description\":\"Evenimente \u0219i \u0219tiri din Alba Iulia, Sebe\u0219, Aiud, Blaj\",\"potentialAction\":[{\"@type\":\"SearchAction\",\"target\":{\"@type\":\"EntryPoint\",\"urlTemplate\":\"https:\\\/\\\/urbeamea.ro\\\/albaiulia\\\/?s={search_term_string}\"},\"query-input\":{\"@type\":\"PropertyValueSpecification\",\"valueRequired\":true,\"valueName\":\"search_term_string\"}}],\"inLanguage\":\"ro-RO\"},{\"@type\":\"Person\",\"@id\":\"https:\\\/\\\/urbeamea.ro\\\/albaiulia\\\/#\\\/schema\\\/person\\\/5db3854ac38c1cc9f0ab4092d6a20f02\",\"name\":\"Giurca Sorin\",\"image\":{\"@type\":\"ImageObject\",\"inLanguage\":\"ro-RO\",\"@id\":\"https:\\\/\\\/secure.gravatar.com\\\/avatar\\\/120f6fcae7b3b47a7730cb9943f612f4909f68ac5284b5f40ac1c4615fd70576?s=96&d=mm&r=g\",\"url\":\"https:\\\/\\\/secure.gravatar.com\\\/avatar\\\/120f6fcae7b3b47a7730cb9943f612f4909f68ac5284b5f40ac1c4615fd70576?s=96&d=mm&r=g\",\"contentUrl\":\"https:\\\/\\\/secure.gravatar.com\\\/avatar\\\/120f6fcae7b3b47a7730cb9943f612f4909f68ac5284b5f40ac1c4615fd70576?s=96&d=mm&r=g\",\"caption\":\"Giurca Sorin\"},\"url\":\"https:\\\/\\\/urbeamea.ro\\\/albaiulia\\\/author\\\/sorin\\\/\"}]}<\/script>\n<!-- \/ Yoast SEO plugin. -->","yoast_head_json":{"title":"Ac\u021biuni ale DSVSA Alba pentru protejarea s\u0103n\u0103t\u0103\u021bii publice \u00een sezonul estival - Revista Urbea Mea - Revista de Alba","description":"Direc\u021bia Sanitar\u0103 Veterinar\u0103 \u0219i pentru Siguran\u021ba Alimentelor (DSVSA) Alba a desf\u0103\u0219urat mai multe controale \u0219i ac\u021biuni de consiliere la unit\u0103\u021bile de","robots":{"index":"index","follow":"follow","max-snippet":"max-snippet:-1","max-image-preview":"max-image-preview:large","max-video-preview":"max-video-preview:-1"},"canonical":"https:\/\/urbeamea.ro\/albaiulia\/actiuni-ale-dsvsa-alba-pentru-protejarea-sanatatii-publice-in-sezonul-estival\/","twitter_card":"summary_large_image","twitter_title":"Ac\u021biuni ale DSVSA Alba pentru protejarea s\u0103n\u0103t\u0103\u021bii publice \u00een sezonul estival - Revista Urbea Mea - Revista de Alba","twitter_description":"Direc\u021bia Sanitar\u0103 Veterinar\u0103 \u0219i pentru Siguran\u021ba Alimentelor (DSVSA) Alba a desf\u0103\u0219urat mai multe controale \u0219i ac\u021biuni de consiliere la unit\u0103\u021bile de","twitter_image":"https:\/\/urbeamea.ro\/albaiulia\/wp-content\/uploads\/2022\/03\/Sediu-DSVSA-Alba.jpg","twitter_creator":"@urbeameaweb","twitter_site":"@urbeameaweb","schema":{"@context":"https:\/\/schema.org","@graph":[{"@type":"Article","@id":"https:\/\/urbeamea.ro\/albaiulia\/actiuni-ale-dsvsa-alba-pentru-protejarea-sanatatii-publice-in-sezonul-estival\/#article","isPartOf":{"@id":"https:\/\/urbeamea.ro\/albaiulia\/actiuni-ale-dsvsa-alba-pentru-protejarea-sanatatii-publice-in-sezonul-estival\/"},"author":{"name":"Giurca Sorin","@id":"https:\/\/urbeamea.ro\/albaiulia\/#\/schema\/person\/5db3854ac38c1cc9f0ab4092d6a20f02"},"headline":"Ac\u021biuni ale DSVSA Alba pentru protejarea s\u0103n\u0103t\u0103\u021bii publice \u00een sezonul estival","datePublished":"2025-07-16T14:38:04+00:00","dateModified":"2025-07-16T14:38:05+00:00","mainEntityOfPage":{"@id":"https:\/\/urbeamea.ro\/albaiulia\/actiuni-ale-dsvsa-alba-pentru-protejarea-sanatatii-publice-in-sezonul-estival\/"},"wordCount":556,"commentCount":0,"image":{"@id":"https:\/\/urbeamea.ro\/albaiulia\/actiuni-ale-dsvsa-alba-pentru-protejarea-sanatatii-publice-in-sezonul-estival\/#primaryimage"},"thumbnailUrl":"https:\/\/urbeamea.ro\/albaiulia\/wp-content\/uploads\/2022\/03\/Sediu-DSVSA-Alba.jpg","keywords":["dsvsa alba"],"articleSection":["Evenimente","Social","\u015etiri Urbane","Urbea Mea"],"inLanguage":"ro-RO","potentialAction":[{"@type":"CommentAction","name":"Comment","target":["https:\/\/urbeamea.ro\/albaiulia\/actiuni-ale-dsvsa-alba-pentru-protejarea-sanatatii-publice-in-sezonul-estival\/#respond"]}]},{"@type":"WebPage","@id":"https:\/\/urbeamea.ro\/albaiulia\/actiuni-ale-dsvsa-alba-pentru-protejarea-sanatatii-publice-in-sezonul-estival\/","url":"https:\/\/urbeamea.ro\/albaiulia\/actiuni-ale-dsvsa-alba-pentru-protejarea-sanatatii-publice-in-sezonul-estival\/","name":"Ac\u021biuni ale DSVSA Alba pentru protejarea s\u0103n\u0103t\u0103\u021bii publice \u00een sezonul estival - Revista Urbea Mea - Revista de Alba","isPartOf":{"@id":"https:\/\/urbeamea.ro\/albaiulia\/#website"},"primaryImageOfPage":{"@id":"https:\/\/urbeamea.ro\/albaiulia\/actiuni-ale-dsvsa-alba-pentru-protejarea-sanatatii-publice-in-sezonul-estival\/#primaryimage"},"image":{"@id":"https:\/\/urbeamea.ro\/albaiulia\/actiuni-ale-dsvsa-alba-pentru-protejarea-sanatatii-publice-in-sezonul-estival\/#primaryimage"},"thumbnailUrl":"https:\/\/urbeamea.ro\/albaiulia\/wp-content\/uploads\/2022\/03\/Sediu-DSVSA-Alba.jpg","datePublished":"2025-07-16T14:38:04+00:00","dateModified":"2025-07-16T14:38:05+00:00","author":{"@id":"https:\/\/urbeamea.ro\/albaiulia\/#\/schema\/person\/5db3854ac38c1cc9f0ab4092d6a20f02"},"description":"Direc\u021bia Sanitar\u0103 Veterinar\u0103 \u0219i pentru Siguran\u021ba Alimentelor (DSVSA) Alba a desf\u0103\u0219urat mai multe controale \u0219i ac\u021biuni de consiliere la unit\u0103\u021bile de","breadcrumb":{"@id":"https:\/\/urbeamea.ro\/albaiulia\/actiuni-ale-dsvsa-alba-pentru-protejarea-sanatatii-publice-in-sezonul-estival\/#breadcrumb"},"inLanguage":"ro-RO","potentialAction":[{"@type":"ReadAction","target":["https:\/\/urbeamea.ro\/albaiulia\/actiuni-ale-dsvsa-alba-pentru-protejarea-sanatatii-publice-in-sezonul-estival\/"]}]},{"@type":"ImageObject","inLanguage":"ro-RO","@id":"https:\/\/urbeamea.ro\/albaiulia\/actiuni-ale-dsvsa-alba-pentru-protejarea-sanatatii-publice-in-sezonul-estival\/#primaryimage","url":"https:\/\/urbeamea.ro\/albaiulia\/wp-content\/uploads\/2022\/03\/Sediu-DSVSA-Alba.jpg","contentUrl":"https:\/\/urbeamea.ro\/albaiulia\/wp-content\/uploads\/2022\/03\/Sediu-DSVSA-Alba.jpg","width":1200,"height":800},{"@type":"BreadcrumbList","@id":"https:\/\/urbeamea.ro\/albaiulia\/actiuni-ale-dsvsa-alba-pentru-protejarea-sanatatii-publice-in-sezonul-estival\/#breadcrumb","itemListElement":[{"@type":"ListItem","position":1,"name":"Prima pagin\u0103","item":"https:\/\/urbeamea.ro\/albaiulia\/"},{"@type":"ListItem","position":2,"name":"Ac\u021biuni ale DSVSA Alba pentru protejarea s\u0103n\u0103t\u0103\u021bii publice \u00een sezonul estival"}]},{"@type":"WebSite","@id":"https:\/\/urbeamea.ro\/albaiulia\/#website","url":"https:\/\/urbeamea.ro\/albaiulia\/","name":"Revista Urbea Mea, Stiri urbane","description":"Evenimente \u0219i \u0219tiri din Alba Iulia, Sebe\u0219, Aiud, Blaj","potentialAction":[{"@type":"SearchAction","target":{"@type":"EntryPoint","urlTemplate":"https:\/\/urbeamea.ro\/albaiulia\/?s={search_term_string}"},"query-input":{"@type":"PropertyValueSpecification","valueRequired":true,"valueName":"search_term_string"}}],"inLanguage":"ro-RO"},{"@type":"Person","@id":"https:\/\/urbeamea.ro\/albaiulia\/#\/schema\/person\/5db3854ac38c1cc9f0ab4092d6a20f02","name":"Giurca Sorin","image":{"@type":"ImageObject","inLanguage":"ro-RO","@id":"https:\/\/secure.gravatar.com\/avatar\/120f6fcae7b3b47a7730cb9943f612f4909f68ac5284b5f40ac1c4615fd70576?s=96&d=mm&r=g","url":"https:\/\/secure.gravatar.com\/avatar\/120f6fcae7b3b47a7730cb9943f612f4909f68ac5284b5f40ac1c4615fd70576?s=96&d=mm&r=g","contentUrl":"https:\/\/secure.gravatar.com\/avatar\/120f6fcae7b3b47a7730cb9943f612f4909f68ac5284b5f40ac1c4615fd70576?s=96&d=mm&r=g","caption":"Giurca Sorin"},"url":"https:\/\/urbeamea.ro\/albaiulia\/author\/sorin\/"}]}},"_links":{"self":[{"href":"https:\/\/urbeamea.ro\/albaiulia\/wp-json\/wp\/v2\/posts\/118720","targetHints":{"allow":["GET"]}}],"collection":[{"href":"https:\/\/urbeamea.ro\/albaiulia\/wp-json\/wp\/v2\/posts"}],"about":[{"href":"https:\/\/urbeamea.ro\/albaiulia\/wp-json\/wp\/v2\/types\/post"}],"author":[{"embeddable":true,"href":"https:\/\/urbeamea.ro\/albaiulia\/wp-json\/wp\/v2\/users\/28"}],"replies":[{"embeddable":true,"href":"https:\/\/urbeamea.ro\/albaiulia\/wp-json\/wp\/v2\/comments?post=118720"}],"version-history":[{"count":1,"href":"https:\/\/urbeamea.ro\/albaiulia\/wp-json\/wp\/v2\/posts\/118720\/revisions"}],"predecessor-version":[{"id":118721,"href":"https:\/\/urbeamea.ro\/albaiulia\/wp-json\/wp\/v2\/posts\/118720\/revisions\/118721"}],"wp:featuredmedia":[{"embeddable":true,"href":"https:\/\/urbeamea.ro\/albaiulia\/wp-json\/wp\/v2\/media\/100587"}],"wp:attachment":[{"href":"https:\/\/urbeamea.ro\/albaiulia\/wp-json\/wp\/v2\/media?parent=118720"}],"wp:term":[{"taxonomy":"category","embeddable":true,"href":"https:\/\/urbeamea.ro\/albaiulia\/wp-json\/wp\/v2\/categories?post=118720"},{"taxonomy":"post_tag","embeddable":true,"href":"https:\/\/urbeamea.ro\/albaiulia\/wp-json\/wp\/v2\/tags?post=118720"}],"curies":[{"name":"wp","href":"https:\/\/api.w.org\/{rel}","templated":true}]}}