{"id":118722,"date":"2025-07-16T17:50:58","date_gmt":"2025-07-16T14:50:58","guid":{"rendered":"https:\/\/urbeamea.ro\/albaiulia\/?p=118722"},"modified":"2025-07-16T17:51:00","modified_gmt":"2025-07-16T14:51:00","slug":"13-16-august-expozitie-de-lucrari-in-grafica-ale-celor-mai-mari-artisti-ai-secolului-xx-expuse-la-muzeul-national-al-unirii-alba-iulia","status":"publish","type":"post","link":"https:\/\/urbeamea.ro\/albaiulia\/13-16-august-expozitie-de-lucrari-in-grafica-ale-celor-mai-mari-artisti-ai-secolului-xx-expuse-la-muzeul-national-al-unirii-alba-iulia\/","title":{"rendered":"13-16 august: Expozi\u021bie de lucr\u0103ri \u00een grafic\u0103, ale celor mai mari arti\u0219ti ai secolului XX, expuse  la Muzeul Na\u021bional al Unirii Alba Iulia"},"content":{"rendered":"\n<p><strong>\u00cen premier\u0103, Muzeul Na\u021bional al Unirii Alba Iulia g\u0103zduie\u0219te o expozi\u021bie de grafic\u0103 ce reune\u0219te lucr\u0103ri semnate de unii dintre cei mai mari arti\u0219ti ai secolului XX:Pablo PICASSO, Georges BRAQUE, Marc CHAGALL, Salvador DAL\u00cd, Henri MATISSE, Giorgio DE CHIRICO, Max ERNST, Hans HARTUNG, Wassily KANDINSKY, Ren\u00e9 MAGRITTE, Andr\u00e9 MASSON, Henry MOORE, Man RAY, Victor VASARELY \u0219i Ossip ZADKINE.<\/strong><\/p>\n\n\n\n<p>Lucr\u0103rile provin din prestigioasa colec\u021bie a avocatului George \u0218erban, unul din cei mai importan\u021bi colec\u021bionari de art\u0103 modern\u0103 din Rom\u00e2nia.<\/p>\n\n\n\n<p>Al\u0103turi de ace\u0219tia va expune \u0219i recunoscutul artist contemporan Zuzu Carat\u0103nase, \u00eentr-un dialog artistic \u00eentre modernitate \u0219i contemporaneitate.<\/p>\n\n\n\n<p>Curator: Anca Sas<\/p>\n\n\n\n<p>Coordonatori: George \u0218erban \u0219i Stefan Balog<\/p>\n\n\n\n<p>Organizatori expozi\u021biei sunt: Consiliul Jude\u021bean Alba, Muzeul Na\u021bional al Unirii Alba Iulia, Societatea Civil\u0103 de Avoca\u021bi \u201e\u0218erban &amp; Asocia\u021bii\u201d \u0219i Funda\u021bia Inter-Art Aiud.<\/p>\n\n\n\n<p>Expozi\u021bia va putea fii vizitat\u0103 \u00eentre 13 august &#8211; 16 noiembrie 2025.<\/p>\n\n\n\n<figure class=\"wp-block-image size-large\"><img loading=\"lazy\" decoding=\"async\" width=\"895\" height=\"1280\" src=\"https:\/\/urbeamea.ro\/albaiulia\/wp-content\/uploads\/2025\/07\/1000043198-895x1280.jpg\" alt=\"\" class=\"wp-image-118723\" srcset=\"https:\/\/urbeamea.ro\/albaiulia\/wp-content\/uploads\/2025\/07\/1000043198-895x1280.jpg 895w, https:\/\/urbeamea.ro\/albaiulia\/wp-content\/uploads\/2025\/07\/1000043198-448x640.jpg 448w, https:\/\/urbeamea.ro\/albaiulia\/wp-content\/uploads\/2025\/07\/1000043198-105x150.jpg 105w, https:\/\/urbeamea.ro\/albaiulia\/wp-content\/uploads\/2025\/07\/1000043198-768x1098.jpg 768w, https:\/\/urbeamea.ro\/albaiulia\/wp-content\/uploads\/2025\/07\/1000043198-1074x1536.jpg 1074w, https:\/\/urbeamea.ro\/albaiulia\/wp-content\/uploads\/2025\/07\/1000043198.jpg 1119w\" sizes=\"auto, (max-width: 895px) 100vw, 895px\" \/><\/figure>\n\n\n\n<p><\/p>\n\n\n\n<p><\/p>\n","protected":false},"excerpt":{"rendered":"<p>\u00cen premier\u0103, Muzeul Na\u021bional al Unirii Alba Iulia g\u0103zduie\u0219te o expozi\u021bie de grafic\u0103 ce reune\u0219te lucr\u0103ri semnate de unii dintre cei mai mari arti\u0219ti ai secolului XX:Pablo PICASSO, Georges BRAQUE, Marc CHAGALL, Salvador DAL\u00cd, Henri MATISSE, Giorgio DE CHIRICO, Max ERNST, Hans HARTUNG, Wassily KANDINSKY, Ren\u00e9 MAGRITTE, Andr\u00e9 MASSON, Henry MOORE, Man RAY, Victor VASARELY &hellip;<\/p>\n","protected":false},"author":28,"featured_media":118723,"comment_status":"open","ping_status":"open","sticky":false,"template":"","format":"standard","meta":{"inline_featured_image":false,"footnotes":""},"categories":[2038,4,8857,2034,1,61,16344],"tags":[417,25052],"class_list":["post-118722","post","type-post","status-publish","format-standard","has-post-thumbnail","hentry","category-cultura","category-eveniment","category-istorie","category-social","category-stiri-urbane","category-turism","category-urbea-mea","tag-expozitie","tag-muzeul-national-al-unirii-2"],"yoast_head":"<!-- This site is optimized with the Yoast SEO plugin v27.4 - https:\/\/yoast.com\/product\/yoast-seo-wordpress\/ -->\n<title>13-16 august: Expozi\u021bie de lucr\u0103ri \u00een grafic\u0103, ale celor mai mari arti\u0219ti ai secolului XX, expuse la Muzeul Na\u021bional al Unirii Alba Iulia - Revista Urbea Mea - Revista de Alba<\/title>\n<meta name=\"description\" content=\"\u00cen premier\u0103, Muzeul Na\u021bional al Unirii Alba Iulia g\u0103zduie\u0219te o expozi\u021bie de grafic\u0103 ce reune\u0219te lucr\u0103ri semnate de unii dintre cei mai mari arti\u0219ti ai\" \/>\n<meta name=\"robots\" content=\"index, follow, max-snippet:-1, max-image-preview:large, max-video-preview:-1\" \/>\n<link rel=\"canonical\" href=\"https:\/\/urbeamea.ro\/albaiulia\/13-16-august-expozitie-de-lucrari-in-grafica-ale-celor-mai-mari-artisti-ai-secolului-xx-expuse-la-muzeul-national-al-unirii-alba-iulia\/\" \/>\n<meta name=\"twitter:card\" content=\"summary_large_image\" \/>\n<meta name=\"twitter:title\" content=\"13-16 august: Expozi\u021bie de lucr\u0103ri \u00een grafic\u0103, ale celor mai mari arti\u0219ti ai secolului XX, expuse la Muzeul Na\u021bional al Unirii Alba Iulia - Revista Urbea Mea - Revista de Alba\" \/>\n<meta name=\"twitter:description\" content=\"\u00cen premier\u0103, Muzeul Na\u021bional al Unirii Alba Iulia g\u0103zduie\u0219te o expozi\u021bie de grafic\u0103 ce reune\u0219te lucr\u0103ri semnate de unii dintre cei mai mari arti\u0219ti ai\" \/>\n<meta name=\"twitter:image\" content=\"https:\/\/urbeamea.ro\/albaiulia\/wp-content\/uploads\/2025\/07\/1000043198.jpg\" \/>\n<meta name=\"twitter:creator\" content=\"@urbeameaweb\" \/>\n<meta name=\"twitter:site\" content=\"@urbeameaweb\" \/>\n<script type=\"application\/ld+json\" class=\"yoast-schema-graph\">{\"@context\":\"https:\\\/\\\/schema.org\",\"@graph\":[{\"@type\":\"Article\",\"@id\":\"https:\\\/\\\/urbeamea.ro\\\/albaiulia\\\/13-16-august-expozitie-de-lucrari-in-grafica-ale-celor-mai-mari-artisti-ai-secolului-xx-expuse-la-muzeul-national-al-unirii-alba-iulia\\\/#article\",\"isPartOf\":{\"@id\":\"https:\\\/\\\/urbeamea.ro\\\/albaiulia\\\/13-16-august-expozitie-de-lucrari-in-grafica-ale-celor-mai-mari-artisti-ai-secolului-xx-expuse-la-muzeul-national-al-unirii-alba-iulia\\\/\"},\"author\":{\"name\":\"Giurca Sorin\",\"@id\":\"https:\\\/\\\/urbeamea.ro\\\/albaiulia\\\/#\\\/schema\\\/person\\\/5db3854ac38c1cc9f0ab4092d6a20f02\"},\"headline\":\"13-16 august: Expozi\u021bie de lucr\u0103ri \u00een grafic\u0103, ale celor mai mari arti\u0219ti ai secolului XX, expuse la Muzeul Na\u021bional al Unirii Alba Iulia\",\"datePublished\":\"2025-07-16T14:50:58+00:00\",\"dateModified\":\"2025-07-16T14:51:00+00:00\",\"mainEntityOfPage\":{\"@id\":\"https:\\\/\\\/urbeamea.ro\\\/albaiulia\\\/13-16-august-expozitie-de-lucrari-in-grafica-ale-celor-mai-mari-artisti-ai-secolului-xx-expuse-la-muzeul-national-al-unirii-alba-iulia\\\/\"},\"wordCount\":187,\"commentCount\":0,\"image\":{\"@id\":\"https:\\\/\\\/urbeamea.ro\\\/albaiulia\\\/13-16-august-expozitie-de-lucrari-in-grafica-ale-celor-mai-mari-artisti-ai-secolului-xx-expuse-la-muzeul-national-al-unirii-alba-iulia\\\/#primaryimage\"},\"thumbnailUrl\":\"https:\\\/\\\/urbeamea.ro\\\/albaiulia\\\/wp-content\\\/uploads\\\/2025\\\/07\\\/1000043198.jpg\",\"keywords\":[\"expozitie\",\"Muzeul Na\u021bional al Unirii\"],\"articleSection\":[\"Cultur\u0103\",\"Evenimente\",\"Istorie\",\"Social\",\"\u015etiri Urbane\",\"Turism \u0219i Ghidaj turistic\",\"Urbea Mea\"],\"inLanguage\":\"ro-RO\",\"potentialAction\":[{\"@type\":\"CommentAction\",\"name\":\"Comment\",\"target\":[\"https:\\\/\\\/urbeamea.ro\\\/albaiulia\\\/13-16-august-expozitie-de-lucrari-in-grafica-ale-celor-mai-mari-artisti-ai-secolului-xx-expuse-la-muzeul-national-al-unirii-alba-iulia\\\/#respond\"]}]},{\"@type\":\"WebPage\",\"@id\":\"https:\\\/\\\/urbeamea.ro\\\/albaiulia\\\/13-16-august-expozitie-de-lucrari-in-grafica-ale-celor-mai-mari-artisti-ai-secolului-xx-expuse-la-muzeul-national-al-unirii-alba-iulia\\\/\",\"url\":\"https:\\\/\\\/urbeamea.ro\\\/albaiulia\\\/13-16-august-expozitie-de-lucrari-in-grafica-ale-celor-mai-mari-artisti-ai-secolului-xx-expuse-la-muzeul-national-al-unirii-alba-iulia\\\/\",\"name\":\"13-16 august: Expozi\u021bie de lucr\u0103ri \u00een grafic\u0103, ale celor mai mari arti\u0219ti ai secolului XX, expuse la Muzeul Na\u021bional al Unirii Alba Iulia - Revista Urbea Mea - Revista de Alba\",\"isPartOf\":{\"@id\":\"https:\\\/\\\/urbeamea.ro\\\/albaiulia\\\/#website\"},\"primaryImageOfPage\":{\"@id\":\"https:\\\/\\\/urbeamea.ro\\\/albaiulia\\\/13-16-august-expozitie-de-lucrari-in-grafica-ale-celor-mai-mari-artisti-ai-secolului-xx-expuse-la-muzeul-national-al-unirii-alba-iulia\\\/#primaryimage\"},\"image\":{\"@id\":\"https:\\\/\\\/urbeamea.ro\\\/albaiulia\\\/13-16-august-expozitie-de-lucrari-in-grafica-ale-celor-mai-mari-artisti-ai-secolului-xx-expuse-la-muzeul-national-al-unirii-alba-iulia\\\/#primaryimage\"},\"thumbnailUrl\":\"https:\\\/\\\/urbeamea.ro\\\/albaiulia\\\/wp-content\\\/uploads\\\/2025\\\/07\\\/1000043198.jpg\",\"datePublished\":\"2025-07-16T14:50:58+00:00\",\"dateModified\":\"2025-07-16T14:51:00+00:00\",\"author\":{\"@id\":\"https:\\\/\\\/urbeamea.ro\\\/albaiulia\\\/#\\\/schema\\\/person\\\/5db3854ac38c1cc9f0ab4092d6a20f02\"},\"description\":\"\u00cen premier\u0103, Muzeul Na\u021bional al Unirii Alba Iulia g\u0103zduie\u0219te o expozi\u021bie de grafic\u0103 ce reune\u0219te lucr\u0103ri semnate de unii dintre cei mai mari arti\u0219ti ai\",\"breadcrumb\":{\"@id\":\"https:\\\/\\\/urbeamea.ro\\\/albaiulia\\\/13-16-august-expozitie-de-lucrari-in-grafica-ale-celor-mai-mari-artisti-ai-secolului-xx-expuse-la-muzeul-national-al-unirii-alba-iulia\\\/#breadcrumb\"},\"inLanguage\":\"ro-RO\",\"potentialAction\":[{\"@type\":\"ReadAction\",\"target\":[\"https:\\\/\\\/urbeamea.ro\\\/albaiulia\\\/13-16-august-expozitie-de-lucrari-in-grafica-ale-celor-mai-mari-artisti-ai-secolului-xx-expuse-la-muzeul-national-al-unirii-alba-iulia\\\/\"]}]},{\"@type\":\"ImageObject\",\"inLanguage\":\"ro-RO\",\"@id\":\"https:\\\/\\\/urbeamea.ro\\\/albaiulia\\\/13-16-august-expozitie-de-lucrari-in-grafica-ale-celor-mai-mari-artisti-ai-secolului-xx-expuse-la-muzeul-national-al-unirii-alba-iulia\\\/#primaryimage\",\"url\":\"https:\\\/\\\/urbeamea.ro\\\/albaiulia\\\/wp-content\\\/uploads\\\/2025\\\/07\\\/1000043198.jpg\",\"contentUrl\":\"https:\\\/\\\/urbeamea.ro\\\/albaiulia\\\/wp-content\\\/uploads\\\/2025\\\/07\\\/1000043198.jpg\",\"width\":1119,\"height\":1600},{\"@type\":\"BreadcrumbList\",\"@id\":\"https:\\\/\\\/urbeamea.ro\\\/albaiulia\\\/13-16-august-expozitie-de-lucrari-in-grafica-ale-celor-mai-mari-artisti-ai-secolului-xx-expuse-la-muzeul-national-al-unirii-alba-iulia\\\/#breadcrumb\",\"itemListElement\":[{\"@type\":\"ListItem\",\"position\":1,\"name\":\"Prima pagin\u0103\",\"item\":\"https:\\\/\\\/urbeamea.ro\\\/albaiulia\\\/\"},{\"@type\":\"ListItem\",\"position\":2,\"name\":\"13-16 august: Expozi\u021bie de lucr\u0103ri \u00een grafic\u0103, ale celor mai mari arti\u0219ti ai secolului XX, expuse la Muzeul Na\u021bional al Unirii Alba Iulia\"}]},{\"@type\":\"WebSite\",\"@id\":\"https:\\\/\\\/urbeamea.ro\\\/albaiulia\\\/#website\",\"url\":\"https:\\\/\\\/urbeamea.ro\\\/albaiulia\\\/\",\"name\":\"Revista Urbea Mea, Stiri urbane\",\"description\":\"Evenimente \u0219i \u0219tiri din Alba Iulia, Sebe\u0219, Aiud, Blaj\",\"potentialAction\":[{\"@type\":\"SearchAction\",\"target\":{\"@type\":\"EntryPoint\",\"urlTemplate\":\"https:\\\/\\\/urbeamea.ro\\\/albaiulia\\\/?s={search_term_string}\"},\"query-input\":{\"@type\":\"PropertyValueSpecification\",\"valueRequired\":true,\"valueName\":\"search_term_string\"}}],\"inLanguage\":\"ro-RO\"},{\"@type\":\"Person\",\"@id\":\"https:\\\/\\\/urbeamea.ro\\\/albaiulia\\\/#\\\/schema\\\/person\\\/5db3854ac38c1cc9f0ab4092d6a20f02\",\"name\":\"Giurca Sorin\",\"image\":{\"@type\":\"ImageObject\",\"inLanguage\":\"ro-RO\",\"@id\":\"https:\\\/\\\/secure.gravatar.com\\\/avatar\\\/120f6fcae7b3b47a7730cb9943f612f4909f68ac5284b5f40ac1c4615fd70576?s=96&d=mm&r=g\",\"url\":\"https:\\\/\\\/secure.gravatar.com\\\/avatar\\\/120f6fcae7b3b47a7730cb9943f612f4909f68ac5284b5f40ac1c4615fd70576?s=96&d=mm&r=g\",\"contentUrl\":\"https:\\\/\\\/secure.gravatar.com\\\/avatar\\\/120f6fcae7b3b47a7730cb9943f612f4909f68ac5284b5f40ac1c4615fd70576?s=96&d=mm&r=g\",\"caption\":\"Giurca Sorin\"},\"url\":\"https:\\\/\\\/urbeamea.ro\\\/albaiulia\\\/author\\\/sorin\\\/\"}]}<\/script>\n<!-- \/ Yoast SEO plugin. -->","yoast_head_json":{"title":"13-16 august: Expozi\u021bie de lucr\u0103ri \u00een grafic\u0103, ale celor mai mari arti\u0219ti ai secolului XX, expuse la Muzeul Na\u021bional al Unirii Alba Iulia - Revista Urbea Mea - Revista de Alba","description":"\u00cen premier\u0103, Muzeul Na\u021bional al Unirii Alba Iulia g\u0103zduie\u0219te o expozi\u021bie de grafic\u0103 ce reune\u0219te lucr\u0103ri semnate de unii dintre cei mai mari arti\u0219ti ai","robots":{"index":"index","follow":"follow","max-snippet":"max-snippet:-1","max-image-preview":"max-image-preview:large","max-video-preview":"max-video-preview:-1"},"canonical":"https:\/\/urbeamea.ro\/albaiulia\/13-16-august-expozitie-de-lucrari-in-grafica-ale-celor-mai-mari-artisti-ai-secolului-xx-expuse-la-muzeul-national-al-unirii-alba-iulia\/","twitter_card":"summary_large_image","twitter_title":"13-16 august: Expozi\u021bie de lucr\u0103ri \u00een grafic\u0103, ale celor mai mari arti\u0219ti ai secolului XX, expuse la Muzeul Na\u021bional al Unirii Alba Iulia - Revista Urbea Mea - Revista de Alba","twitter_description":"\u00cen premier\u0103, Muzeul Na\u021bional al Unirii Alba Iulia g\u0103zduie\u0219te o expozi\u021bie de grafic\u0103 ce reune\u0219te lucr\u0103ri semnate de unii dintre cei mai mari arti\u0219ti ai","twitter_image":"https:\/\/urbeamea.ro\/albaiulia\/wp-content\/uploads\/2025\/07\/1000043198.jpg","twitter_creator":"@urbeameaweb","twitter_site":"@urbeameaweb","schema":{"@context":"https:\/\/schema.org","@graph":[{"@type":"Article","@id":"https:\/\/urbeamea.ro\/albaiulia\/13-16-august-expozitie-de-lucrari-in-grafica-ale-celor-mai-mari-artisti-ai-secolului-xx-expuse-la-muzeul-national-al-unirii-alba-iulia\/#article","isPartOf":{"@id":"https:\/\/urbeamea.ro\/albaiulia\/13-16-august-expozitie-de-lucrari-in-grafica-ale-celor-mai-mari-artisti-ai-secolului-xx-expuse-la-muzeul-national-al-unirii-alba-iulia\/"},"author":{"name":"Giurca Sorin","@id":"https:\/\/urbeamea.ro\/albaiulia\/#\/schema\/person\/5db3854ac38c1cc9f0ab4092d6a20f02"},"headline":"13-16 august: Expozi\u021bie de lucr\u0103ri \u00een grafic\u0103, ale celor mai mari arti\u0219ti ai secolului XX, expuse la Muzeul Na\u021bional al Unirii Alba Iulia","datePublished":"2025-07-16T14:50:58+00:00","dateModified":"2025-07-16T14:51:00+00:00","mainEntityOfPage":{"@id":"https:\/\/urbeamea.ro\/albaiulia\/13-16-august-expozitie-de-lucrari-in-grafica-ale-celor-mai-mari-artisti-ai-secolului-xx-expuse-la-muzeul-national-al-unirii-alba-iulia\/"},"wordCount":187,"commentCount":0,"image":{"@id":"https:\/\/urbeamea.ro\/albaiulia\/13-16-august-expozitie-de-lucrari-in-grafica-ale-celor-mai-mari-artisti-ai-secolului-xx-expuse-la-muzeul-national-al-unirii-alba-iulia\/#primaryimage"},"thumbnailUrl":"https:\/\/urbeamea.ro\/albaiulia\/wp-content\/uploads\/2025\/07\/1000043198.jpg","keywords":["expozitie","Muzeul Na\u021bional al Unirii"],"articleSection":["Cultur\u0103","Evenimente","Istorie","Social","\u015etiri Urbane","Turism \u0219i Ghidaj turistic","Urbea Mea"],"inLanguage":"ro-RO","potentialAction":[{"@type":"CommentAction","name":"Comment","target":["https:\/\/urbeamea.ro\/albaiulia\/13-16-august-expozitie-de-lucrari-in-grafica-ale-celor-mai-mari-artisti-ai-secolului-xx-expuse-la-muzeul-national-al-unirii-alba-iulia\/#respond"]}]},{"@type":"WebPage","@id":"https:\/\/urbeamea.ro\/albaiulia\/13-16-august-expozitie-de-lucrari-in-grafica-ale-celor-mai-mari-artisti-ai-secolului-xx-expuse-la-muzeul-national-al-unirii-alba-iulia\/","url":"https:\/\/urbeamea.ro\/albaiulia\/13-16-august-expozitie-de-lucrari-in-grafica-ale-celor-mai-mari-artisti-ai-secolului-xx-expuse-la-muzeul-national-al-unirii-alba-iulia\/","name":"13-16 august: Expozi\u021bie de lucr\u0103ri \u00een grafic\u0103, ale celor mai mari arti\u0219ti ai secolului XX, expuse la Muzeul Na\u021bional al Unirii Alba Iulia - Revista Urbea Mea - Revista de Alba","isPartOf":{"@id":"https:\/\/urbeamea.ro\/albaiulia\/#website"},"primaryImageOfPage":{"@id":"https:\/\/urbeamea.ro\/albaiulia\/13-16-august-expozitie-de-lucrari-in-grafica-ale-celor-mai-mari-artisti-ai-secolului-xx-expuse-la-muzeul-national-al-unirii-alba-iulia\/#primaryimage"},"image":{"@id":"https:\/\/urbeamea.ro\/albaiulia\/13-16-august-expozitie-de-lucrari-in-grafica-ale-celor-mai-mari-artisti-ai-secolului-xx-expuse-la-muzeul-national-al-unirii-alba-iulia\/#primaryimage"},"thumbnailUrl":"https:\/\/urbeamea.ro\/albaiulia\/wp-content\/uploads\/2025\/07\/1000043198.jpg","datePublished":"2025-07-16T14:50:58+00:00","dateModified":"2025-07-16T14:51:00+00:00","author":{"@id":"https:\/\/urbeamea.ro\/albaiulia\/#\/schema\/person\/5db3854ac38c1cc9f0ab4092d6a20f02"},"description":"\u00cen premier\u0103, Muzeul Na\u021bional al Unirii Alba Iulia g\u0103zduie\u0219te o expozi\u021bie de grafic\u0103 ce reune\u0219te lucr\u0103ri semnate de unii dintre cei mai mari arti\u0219ti ai","breadcrumb":{"@id":"https:\/\/urbeamea.ro\/albaiulia\/13-16-august-expozitie-de-lucrari-in-grafica-ale-celor-mai-mari-artisti-ai-secolului-xx-expuse-la-muzeul-national-al-unirii-alba-iulia\/#breadcrumb"},"inLanguage":"ro-RO","potentialAction":[{"@type":"ReadAction","target":["https:\/\/urbeamea.ro\/albaiulia\/13-16-august-expozitie-de-lucrari-in-grafica-ale-celor-mai-mari-artisti-ai-secolului-xx-expuse-la-muzeul-national-al-unirii-alba-iulia\/"]}]},{"@type":"ImageObject","inLanguage":"ro-RO","@id":"https:\/\/urbeamea.ro\/albaiulia\/13-16-august-expozitie-de-lucrari-in-grafica-ale-celor-mai-mari-artisti-ai-secolului-xx-expuse-la-muzeul-national-al-unirii-alba-iulia\/#primaryimage","url":"https:\/\/urbeamea.ro\/albaiulia\/wp-content\/uploads\/2025\/07\/1000043198.jpg","contentUrl":"https:\/\/urbeamea.ro\/albaiulia\/wp-content\/uploads\/2025\/07\/1000043198.jpg","width":1119,"height":1600},{"@type":"BreadcrumbList","@id":"https:\/\/urbeamea.ro\/albaiulia\/13-16-august-expozitie-de-lucrari-in-grafica-ale-celor-mai-mari-artisti-ai-secolului-xx-expuse-la-muzeul-national-al-unirii-alba-iulia\/#breadcrumb","itemListElement":[{"@type":"ListItem","position":1,"name":"Prima pagin\u0103","item":"https:\/\/urbeamea.ro\/albaiulia\/"},{"@type":"ListItem","position":2,"name":"13-16 august: Expozi\u021bie de lucr\u0103ri \u00een grafic\u0103, ale celor mai mari arti\u0219ti ai secolului XX, expuse la Muzeul Na\u021bional al Unirii Alba Iulia"}]},{"@type":"WebSite","@id":"https:\/\/urbeamea.ro\/albaiulia\/#website","url":"https:\/\/urbeamea.ro\/albaiulia\/","name":"Revista Urbea Mea, Stiri urbane","description":"Evenimente \u0219i \u0219tiri din Alba Iulia, Sebe\u0219, Aiud, Blaj","potentialAction":[{"@type":"SearchAction","target":{"@type":"EntryPoint","urlTemplate":"https:\/\/urbeamea.ro\/albaiulia\/?s={search_term_string}"},"query-input":{"@type":"PropertyValueSpecification","valueRequired":true,"valueName":"search_term_string"}}],"inLanguage":"ro-RO"},{"@type":"Person","@id":"https:\/\/urbeamea.ro\/albaiulia\/#\/schema\/person\/5db3854ac38c1cc9f0ab4092d6a20f02","name":"Giurca Sorin","image":{"@type":"ImageObject","inLanguage":"ro-RO","@id":"https:\/\/secure.gravatar.com\/avatar\/120f6fcae7b3b47a7730cb9943f612f4909f68ac5284b5f40ac1c4615fd70576?s=96&d=mm&r=g","url":"https:\/\/secure.gravatar.com\/avatar\/120f6fcae7b3b47a7730cb9943f612f4909f68ac5284b5f40ac1c4615fd70576?s=96&d=mm&r=g","contentUrl":"https:\/\/secure.gravatar.com\/avatar\/120f6fcae7b3b47a7730cb9943f612f4909f68ac5284b5f40ac1c4615fd70576?s=96&d=mm&r=g","caption":"Giurca Sorin"},"url":"https:\/\/urbeamea.ro\/albaiulia\/author\/sorin\/"}]}},"_links":{"self":[{"href":"https:\/\/urbeamea.ro\/albaiulia\/wp-json\/wp\/v2\/posts\/118722","targetHints":{"allow":["GET"]}}],"collection":[{"href":"https:\/\/urbeamea.ro\/albaiulia\/wp-json\/wp\/v2\/posts"}],"about":[{"href":"https:\/\/urbeamea.ro\/albaiulia\/wp-json\/wp\/v2\/types\/post"}],"author":[{"embeddable":true,"href":"https:\/\/urbeamea.ro\/albaiulia\/wp-json\/wp\/v2\/users\/28"}],"replies":[{"embeddable":true,"href":"https:\/\/urbeamea.ro\/albaiulia\/wp-json\/wp\/v2\/comments?post=118722"}],"version-history":[{"count":1,"href":"https:\/\/urbeamea.ro\/albaiulia\/wp-json\/wp\/v2\/posts\/118722\/revisions"}],"predecessor-version":[{"id":118724,"href":"https:\/\/urbeamea.ro\/albaiulia\/wp-json\/wp\/v2\/posts\/118722\/revisions\/118724"}],"wp:featuredmedia":[{"embeddable":true,"href":"https:\/\/urbeamea.ro\/albaiulia\/wp-json\/wp\/v2\/media\/118723"}],"wp:attachment":[{"href":"https:\/\/urbeamea.ro\/albaiulia\/wp-json\/wp\/v2\/media?parent=118722"}],"wp:term":[{"taxonomy":"category","embeddable":true,"href":"https:\/\/urbeamea.ro\/albaiulia\/wp-json\/wp\/v2\/categories?post=118722"},{"taxonomy":"post_tag","embeddable":true,"href":"https:\/\/urbeamea.ro\/albaiulia\/wp-json\/wp\/v2\/tags?post=118722"}],"curies":[{"name":"wp","href":"https:\/\/api.w.org\/{rel}","templated":true}]}}