{"id":118726,"date":"2025-07-16T18:00:46","date_gmt":"2025-07-16T15:00:46","guid":{"rendered":"https:\/\/urbeamea.ro\/albaiulia\/?p=118726"},"modified":"2025-07-16T18:00:48","modified_gmt":"2025-07-16T15:00:48","slug":"vineri-momo-de-michael-ende-si-pasarea-alba-de-r-j-palacio-cartile-lunii-iulie-la-clubul-de-lectura-al-bibliotecii-judetene-lucian-blaga-alba","status":"publish","type":"post","link":"https:\/\/urbeamea.ro\/albaiulia\/vineri-momo-de-michael-ende-si-pasarea-alba-de-r-j-palacio-cartile-lunii-iulie-la-clubul-de-lectura-al-bibliotecii-judetene-lucian-blaga-alba\/","title":{"rendered":"Vineri: &#8222;Momo&#8221; de Michael Ende \u0219i &#8222;Pas\u0103rea alb\u0103&#8221;, de R. J. Palacio, c\u0103r\u021bile lunii iulie la Clubul de lectur\u0103 al Bibliotecii Jude\u021bene &#8222;Lucian Blaga&#8221; Alba"},"content":{"rendered":"\n<p><strong>Biblioteca Jude\u021bean\u0103 \u201eLucian Blaga\u201d Alba continu\u0103 s\u0103 inspire imagina\u021bia tinerilor cititori prin organizarea unei noi \u00eent\u00e2lniri a Clubului de lectur\u0103 \u201eLucian Blaga\u201d pentru copii, care va avea loc vineri, 18 iulie 2025, \u00eencep\u00e2nd cu ora 16:00, la sediul bibliotecii din Alba Iulia.<\/strong><\/p>\n\n\n\n<p>\u00cen cadrul acestei edi\u021bii, copiii vor explora universuri fascinante \u0219i pline de \u00eenv\u0103\u021b\u0103minte prin dou\u0103 c\u0103r\u021bi de excep\u021bie:<\/p>\n\n\n\n<p>&#8211; Momo de Michael Ende \u2013 o poveste profund\u0103 despre timp, prietenie \u0219i puterea de a asculta, considerat\u0103 una dintre capodoperele literaturii pentru copii;<\/p>\n\n\n\n<p>&#8211; Pas\u0103rea alb\u0103 de R. J. Palacio \u2013 un roman emo\u021bionant care abordeaz\u0103 teme precum empatia, curajul \u0219i speran\u021ba \u00een vremuri dificile, din perspectiva unei pove\u0219ti despre prietenie \u0219i toleran\u021b\u0103 \u00een timpul celui de-al Doilea R\u0103zboi Mondial.<\/p>\n\n\n\n<p>Clubul de lectur\u0103 \u00ee\u0219i propune s\u0103 dezvolte gustul pentru lectur\u0103, g\u00e2ndirea critic\u0103 \u0219i empatia, \u00eentr-un cadru relaxat \u0219i prietenos, \u00een care fiecare copil se simte valorizat \u0219i ascultat. <\/p>\n\n\n\n<p>Dac\u0103 v-am trezit interesul, v\u0103 a\u0219tept\u0103m s\u0103 face\u021bi parte din clubul nostru de lectur\u0103, un club \u00een cre\u0219tere, destinat copiilor cu v\u00e2rsta cuprins\u0103 \u00eentre 8 -14 ani. <\/p>\n\n\n\n<p>Cu siguran\u021b\u0103 discu\u021bile pe marginea c\u0103r\u021bilor propuse vor fi savuroase!<\/p>\n\n\n\n<p>Proiectul 3.18 Clubul de lectur\u0103 \u201eLucian Blaga\u201d face parte din Programul 3 Anima\u021bie cultural\u0103 \u0219i este un proiect al Consiliului Jude\u021bean Alba \u0219i al Bibliotecii Jude\u021bene \u201eLucian Blaga\u201d Alba.<\/p>\n\n\n\n<figure class=\"wp-block-image size-large\"><img loading=\"lazy\" decoding=\"async\" width=\"905\" height=\"1280\" src=\"https:\/\/urbeamea.ro\/albaiulia\/wp-content\/uploads\/2025\/07\/1000043199-905x1280.jpg\" alt=\"\" class=\"wp-image-118727\" srcset=\"https:\/\/urbeamea.ro\/albaiulia\/wp-content\/uploads\/2025\/07\/1000043199-905x1280.jpg 905w, https:\/\/urbeamea.ro\/albaiulia\/wp-content\/uploads\/2025\/07\/1000043199-452x640.jpg 452w, https:\/\/urbeamea.ro\/albaiulia\/wp-content\/uploads\/2025\/07\/1000043199-106x150.jpg 106w, https:\/\/urbeamea.ro\/albaiulia\/wp-content\/uploads\/2025\/07\/1000043199-768x1086.jpg 768w, https:\/\/urbeamea.ro\/albaiulia\/wp-content\/uploads\/2025\/07\/1000043199-1086x1536.jpg 1086w, https:\/\/urbeamea.ro\/albaiulia\/wp-content\/uploads\/2025\/07\/1000043199.jpg 1131w\" sizes=\"auto, (max-width: 905px) 100vw, 905px\" \/><\/figure>\n","protected":false},"excerpt":{"rendered":"<p>Biblioteca Jude\u021bean\u0103 \u201eLucian Blaga\u201d Alba continu\u0103 s\u0103 inspire imagina\u021bia tinerilor cititori prin organizarea unei noi \u00eent\u00e2lniri a Clubului de lectur\u0103 \u201eLucian Blaga\u201d pentru copii, care va avea loc vineri, 18 iulie 2025, \u00eencep\u00e2nd cu ora 16:00, la sediul bibliotecii din Alba Iulia. \u00cen cadrul acestei edi\u021bii, copiii vor explora universuri fascinante \u0219i pline de \u00eenv\u0103\u021b\u0103minte &hellip;<\/p>\n","protected":false},"author":28,"featured_media":118727,"comment_status":"open","ping_status":"open","sticky":false,"template":"","format":"standard","meta":{"inline_featured_image":false,"footnotes":""},"categories":[2039,4,2034,1,16344],"tags":[24410],"class_list":["post-118726","post","type-post","status-publish","format-standard","has-post-thumbnail","hentry","category-educatie","category-eveniment","category-social","category-stiri-urbane","category-urbea-mea","tag-clubul-de-lectura-lucian-blaga"],"yoast_head":"<!-- This site is optimized with the Yoast SEO plugin v27.4 - https:\/\/yoast.com\/product\/yoast-seo-wordpress\/ -->\n<title>Vineri: &quot;Momo&quot; de Michael Ende \u0219i &quot;Pas\u0103rea alb\u0103&quot;, de R. J. Palacio, c\u0103r\u021bile lunii iulie la Clubul de lectur\u0103 al Bibliotecii Jude\u021bene &quot;Lucian Blaga&quot; Alba - Revista Urbea Mea - Revista de Alba<\/title>\n<meta name=\"description\" content=\"Biblioteca Jude\u021bean\u0103 \u201eLucian Blaga\u201d Alba continu\u0103 s\u0103 inspire imagina\u021bia tinerilor cititori prin organizarea unei noi \u00eent\u00e2lniri a Clubului de lectur\u0103\" \/>\n<meta name=\"robots\" content=\"index, follow, max-snippet:-1, max-image-preview:large, max-video-preview:-1\" \/>\n<link rel=\"canonical\" href=\"https:\/\/urbeamea.ro\/albaiulia\/vineri-momo-de-michael-ende-si-pasarea-alba-de-r-j-palacio-cartile-lunii-iulie-la-clubul-de-lectura-al-bibliotecii-judetene-lucian-blaga-alba\/\" \/>\n<meta name=\"twitter:card\" content=\"summary_large_image\" \/>\n<meta name=\"twitter:title\" content=\"Vineri: &quot;Momo&quot; de Michael Ende \u0219i &quot;Pas\u0103rea alb\u0103&quot;, de R. J. Palacio, c\u0103r\u021bile lunii iulie la Clubul de lectur\u0103 al Bibliotecii Jude\u021bene &quot;Lucian Blaga&quot; Alba - Revista Urbea Mea - Revista de Alba\" \/>\n<meta name=\"twitter:description\" content=\"Biblioteca Jude\u021bean\u0103 \u201eLucian Blaga\u201d Alba continu\u0103 s\u0103 inspire imagina\u021bia tinerilor cititori prin organizarea unei noi \u00eent\u00e2lniri a Clubului de lectur\u0103\" \/>\n<meta name=\"twitter:image\" content=\"https:\/\/urbeamea.ro\/albaiulia\/wp-content\/uploads\/2025\/07\/1000043199.jpg\" \/>\n<meta name=\"twitter:creator\" content=\"@urbeameaweb\" \/>\n<meta name=\"twitter:site\" content=\"@urbeameaweb\" \/>\n<script type=\"application\/ld+json\" class=\"yoast-schema-graph\">{\"@context\":\"https:\\\/\\\/schema.org\",\"@graph\":[{\"@type\":\"Article\",\"@id\":\"https:\\\/\\\/urbeamea.ro\\\/albaiulia\\\/vineri-momo-de-michael-ende-si-pasarea-alba-de-r-j-palacio-cartile-lunii-iulie-la-clubul-de-lectura-al-bibliotecii-judetene-lucian-blaga-alba\\\/#article\",\"isPartOf\":{\"@id\":\"https:\\\/\\\/urbeamea.ro\\\/albaiulia\\\/vineri-momo-de-michael-ende-si-pasarea-alba-de-r-j-palacio-cartile-lunii-iulie-la-clubul-de-lectura-al-bibliotecii-judetene-lucian-blaga-alba\\\/\"},\"author\":{\"name\":\"Giurca Sorin\",\"@id\":\"https:\\\/\\\/urbeamea.ro\\\/albaiulia\\\/#\\\/schema\\\/person\\\/5db3854ac38c1cc9f0ab4092d6a20f02\"},\"headline\":\"Vineri: &#8222;Momo&#8221; de Michael Ende \u0219i &#8222;Pas\u0103rea alb\u0103&#8221;, de R. J. Palacio, c\u0103r\u021bile lunii iulie la Clubul de lectur\u0103 al Bibliotecii Jude\u021bene &#8222;Lucian Blaga&#8221; Alba\",\"datePublished\":\"2025-07-16T15:00:46+00:00\",\"dateModified\":\"2025-07-16T15:00:48+00:00\",\"mainEntityOfPage\":{\"@id\":\"https:\\\/\\\/urbeamea.ro\\\/albaiulia\\\/vineri-momo-de-michael-ende-si-pasarea-alba-de-r-j-palacio-cartile-lunii-iulie-la-clubul-de-lectura-al-bibliotecii-judetene-lucian-blaga-alba\\\/\"},\"wordCount\":262,\"commentCount\":0,\"image\":{\"@id\":\"https:\\\/\\\/urbeamea.ro\\\/albaiulia\\\/vineri-momo-de-michael-ende-si-pasarea-alba-de-r-j-palacio-cartile-lunii-iulie-la-clubul-de-lectura-al-bibliotecii-judetene-lucian-blaga-alba\\\/#primaryimage\"},\"thumbnailUrl\":\"https:\\\/\\\/urbeamea.ro\\\/albaiulia\\\/wp-content\\\/uploads\\\/2025\\\/07\\\/1000043199.jpg\",\"keywords\":[\"clubul de lectura &quot;Lucian Blaga&quot;\"],\"articleSection\":[\"Educa\u021bie\",\"Evenimente\",\"Social\",\"\u015etiri Urbane\",\"Urbea Mea\"],\"inLanguage\":\"ro-RO\",\"potentialAction\":[{\"@type\":\"CommentAction\",\"name\":\"Comment\",\"target\":[\"https:\\\/\\\/urbeamea.ro\\\/albaiulia\\\/vineri-momo-de-michael-ende-si-pasarea-alba-de-r-j-palacio-cartile-lunii-iulie-la-clubul-de-lectura-al-bibliotecii-judetene-lucian-blaga-alba\\\/#respond\"]}]},{\"@type\":\"WebPage\",\"@id\":\"https:\\\/\\\/urbeamea.ro\\\/albaiulia\\\/vineri-momo-de-michael-ende-si-pasarea-alba-de-r-j-palacio-cartile-lunii-iulie-la-clubul-de-lectura-al-bibliotecii-judetene-lucian-blaga-alba\\\/\",\"url\":\"https:\\\/\\\/urbeamea.ro\\\/albaiulia\\\/vineri-momo-de-michael-ende-si-pasarea-alba-de-r-j-palacio-cartile-lunii-iulie-la-clubul-de-lectura-al-bibliotecii-judetene-lucian-blaga-alba\\\/\",\"name\":\"Vineri: \\\"Momo\\\" de Michael Ende \u0219i \\\"Pas\u0103rea alb\u0103\\\", de R. J. Palacio, c\u0103r\u021bile lunii iulie la Clubul de lectur\u0103 al Bibliotecii Jude\u021bene \\\"Lucian Blaga\\\" Alba - Revista Urbea Mea - Revista de Alba\",\"isPartOf\":{\"@id\":\"https:\\\/\\\/urbeamea.ro\\\/albaiulia\\\/#website\"},\"primaryImageOfPage\":{\"@id\":\"https:\\\/\\\/urbeamea.ro\\\/albaiulia\\\/vineri-momo-de-michael-ende-si-pasarea-alba-de-r-j-palacio-cartile-lunii-iulie-la-clubul-de-lectura-al-bibliotecii-judetene-lucian-blaga-alba\\\/#primaryimage\"},\"image\":{\"@id\":\"https:\\\/\\\/urbeamea.ro\\\/albaiulia\\\/vineri-momo-de-michael-ende-si-pasarea-alba-de-r-j-palacio-cartile-lunii-iulie-la-clubul-de-lectura-al-bibliotecii-judetene-lucian-blaga-alba\\\/#primaryimage\"},\"thumbnailUrl\":\"https:\\\/\\\/urbeamea.ro\\\/albaiulia\\\/wp-content\\\/uploads\\\/2025\\\/07\\\/1000043199.jpg\",\"datePublished\":\"2025-07-16T15:00:46+00:00\",\"dateModified\":\"2025-07-16T15:00:48+00:00\",\"author\":{\"@id\":\"https:\\\/\\\/urbeamea.ro\\\/albaiulia\\\/#\\\/schema\\\/person\\\/5db3854ac38c1cc9f0ab4092d6a20f02\"},\"description\":\"Biblioteca Jude\u021bean\u0103 \u201eLucian Blaga\u201d Alba continu\u0103 s\u0103 inspire imagina\u021bia tinerilor cititori prin organizarea unei noi \u00eent\u00e2lniri a Clubului de lectur\u0103\",\"breadcrumb\":{\"@id\":\"https:\\\/\\\/urbeamea.ro\\\/albaiulia\\\/vineri-momo-de-michael-ende-si-pasarea-alba-de-r-j-palacio-cartile-lunii-iulie-la-clubul-de-lectura-al-bibliotecii-judetene-lucian-blaga-alba\\\/#breadcrumb\"},\"inLanguage\":\"ro-RO\",\"potentialAction\":[{\"@type\":\"ReadAction\",\"target\":[\"https:\\\/\\\/urbeamea.ro\\\/albaiulia\\\/vineri-momo-de-michael-ende-si-pasarea-alba-de-r-j-palacio-cartile-lunii-iulie-la-clubul-de-lectura-al-bibliotecii-judetene-lucian-blaga-alba\\\/\"]}]},{\"@type\":\"ImageObject\",\"inLanguage\":\"ro-RO\",\"@id\":\"https:\\\/\\\/urbeamea.ro\\\/albaiulia\\\/vineri-momo-de-michael-ende-si-pasarea-alba-de-r-j-palacio-cartile-lunii-iulie-la-clubul-de-lectura-al-bibliotecii-judetene-lucian-blaga-alba\\\/#primaryimage\",\"url\":\"https:\\\/\\\/urbeamea.ro\\\/albaiulia\\\/wp-content\\\/uploads\\\/2025\\\/07\\\/1000043199.jpg\",\"contentUrl\":\"https:\\\/\\\/urbeamea.ro\\\/albaiulia\\\/wp-content\\\/uploads\\\/2025\\\/07\\\/1000043199.jpg\",\"width\":1131,\"height\":1600},{\"@type\":\"BreadcrumbList\",\"@id\":\"https:\\\/\\\/urbeamea.ro\\\/albaiulia\\\/vineri-momo-de-michael-ende-si-pasarea-alba-de-r-j-palacio-cartile-lunii-iulie-la-clubul-de-lectura-al-bibliotecii-judetene-lucian-blaga-alba\\\/#breadcrumb\",\"itemListElement\":[{\"@type\":\"ListItem\",\"position\":1,\"name\":\"Prima pagin\u0103\",\"item\":\"https:\\\/\\\/urbeamea.ro\\\/albaiulia\\\/\"},{\"@type\":\"ListItem\",\"position\":2,\"name\":\"Vineri: &#8222;Momo&#8221; de Michael Ende \u0219i &#8222;Pas\u0103rea alb\u0103&#8221;, de R. J. Palacio, c\u0103r\u021bile lunii iulie la Clubul de lectur\u0103 al Bibliotecii Jude\u021bene &#8222;Lucian Blaga&#8221; Alba\"}]},{\"@type\":\"WebSite\",\"@id\":\"https:\\\/\\\/urbeamea.ro\\\/albaiulia\\\/#website\",\"url\":\"https:\\\/\\\/urbeamea.ro\\\/albaiulia\\\/\",\"name\":\"Revista Urbea Mea, Stiri urbane\",\"description\":\"Evenimente \u0219i \u0219tiri din Alba Iulia, Sebe\u0219, Aiud, Blaj\",\"potentialAction\":[{\"@type\":\"SearchAction\",\"target\":{\"@type\":\"EntryPoint\",\"urlTemplate\":\"https:\\\/\\\/urbeamea.ro\\\/albaiulia\\\/?s={search_term_string}\"},\"query-input\":{\"@type\":\"PropertyValueSpecification\",\"valueRequired\":true,\"valueName\":\"search_term_string\"}}],\"inLanguage\":\"ro-RO\"},{\"@type\":\"Person\",\"@id\":\"https:\\\/\\\/urbeamea.ro\\\/albaiulia\\\/#\\\/schema\\\/person\\\/5db3854ac38c1cc9f0ab4092d6a20f02\",\"name\":\"Giurca Sorin\",\"image\":{\"@type\":\"ImageObject\",\"inLanguage\":\"ro-RO\",\"@id\":\"https:\\\/\\\/secure.gravatar.com\\\/avatar\\\/120f6fcae7b3b47a7730cb9943f612f4909f68ac5284b5f40ac1c4615fd70576?s=96&d=mm&r=g\",\"url\":\"https:\\\/\\\/secure.gravatar.com\\\/avatar\\\/120f6fcae7b3b47a7730cb9943f612f4909f68ac5284b5f40ac1c4615fd70576?s=96&d=mm&r=g\",\"contentUrl\":\"https:\\\/\\\/secure.gravatar.com\\\/avatar\\\/120f6fcae7b3b47a7730cb9943f612f4909f68ac5284b5f40ac1c4615fd70576?s=96&d=mm&r=g\",\"caption\":\"Giurca Sorin\"},\"url\":\"https:\\\/\\\/urbeamea.ro\\\/albaiulia\\\/author\\\/sorin\\\/\"}]}<\/script>\n<!-- \/ Yoast SEO plugin. -->","yoast_head_json":{"title":"Vineri: \"Momo\" de Michael Ende \u0219i \"Pas\u0103rea alb\u0103\", de R. J. Palacio, c\u0103r\u021bile lunii iulie la Clubul de lectur\u0103 al Bibliotecii Jude\u021bene \"Lucian Blaga\" Alba - Revista Urbea Mea - Revista de Alba","description":"Biblioteca Jude\u021bean\u0103 \u201eLucian Blaga\u201d Alba continu\u0103 s\u0103 inspire imagina\u021bia tinerilor cititori prin organizarea unei noi \u00eent\u00e2lniri a Clubului de lectur\u0103","robots":{"index":"index","follow":"follow","max-snippet":"max-snippet:-1","max-image-preview":"max-image-preview:large","max-video-preview":"max-video-preview:-1"},"canonical":"https:\/\/urbeamea.ro\/albaiulia\/vineri-momo-de-michael-ende-si-pasarea-alba-de-r-j-palacio-cartile-lunii-iulie-la-clubul-de-lectura-al-bibliotecii-judetene-lucian-blaga-alba\/","twitter_card":"summary_large_image","twitter_title":"Vineri: \"Momo\" de Michael Ende \u0219i \"Pas\u0103rea alb\u0103\", de R. J. Palacio, c\u0103r\u021bile lunii iulie la Clubul de lectur\u0103 al Bibliotecii Jude\u021bene \"Lucian Blaga\" Alba - Revista Urbea Mea - Revista de Alba","twitter_description":"Biblioteca Jude\u021bean\u0103 \u201eLucian Blaga\u201d Alba continu\u0103 s\u0103 inspire imagina\u021bia tinerilor cititori prin organizarea unei noi \u00eent\u00e2lniri a Clubului de lectur\u0103","twitter_image":"https:\/\/urbeamea.ro\/albaiulia\/wp-content\/uploads\/2025\/07\/1000043199.jpg","twitter_creator":"@urbeameaweb","twitter_site":"@urbeameaweb","schema":{"@context":"https:\/\/schema.org","@graph":[{"@type":"Article","@id":"https:\/\/urbeamea.ro\/albaiulia\/vineri-momo-de-michael-ende-si-pasarea-alba-de-r-j-palacio-cartile-lunii-iulie-la-clubul-de-lectura-al-bibliotecii-judetene-lucian-blaga-alba\/#article","isPartOf":{"@id":"https:\/\/urbeamea.ro\/albaiulia\/vineri-momo-de-michael-ende-si-pasarea-alba-de-r-j-palacio-cartile-lunii-iulie-la-clubul-de-lectura-al-bibliotecii-judetene-lucian-blaga-alba\/"},"author":{"name":"Giurca Sorin","@id":"https:\/\/urbeamea.ro\/albaiulia\/#\/schema\/person\/5db3854ac38c1cc9f0ab4092d6a20f02"},"headline":"Vineri: &#8222;Momo&#8221; de Michael Ende \u0219i &#8222;Pas\u0103rea alb\u0103&#8221;, de R. J. Palacio, c\u0103r\u021bile lunii iulie la Clubul de lectur\u0103 al Bibliotecii Jude\u021bene &#8222;Lucian Blaga&#8221; Alba","datePublished":"2025-07-16T15:00:46+00:00","dateModified":"2025-07-16T15:00:48+00:00","mainEntityOfPage":{"@id":"https:\/\/urbeamea.ro\/albaiulia\/vineri-momo-de-michael-ende-si-pasarea-alba-de-r-j-palacio-cartile-lunii-iulie-la-clubul-de-lectura-al-bibliotecii-judetene-lucian-blaga-alba\/"},"wordCount":262,"commentCount":0,"image":{"@id":"https:\/\/urbeamea.ro\/albaiulia\/vineri-momo-de-michael-ende-si-pasarea-alba-de-r-j-palacio-cartile-lunii-iulie-la-clubul-de-lectura-al-bibliotecii-judetene-lucian-blaga-alba\/#primaryimage"},"thumbnailUrl":"https:\/\/urbeamea.ro\/albaiulia\/wp-content\/uploads\/2025\/07\/1000043199.jpg","keywords":["clubul de lectura &quot;Lucian Blaga&quot;"],"articleSection":["Educa\u021bie","Evenimente","Social","\u015etiri Urbane","Urbea Mea"],"inLanguage":"ro-RO","potentialAction":[{"@type":"CommentAction","name":"Comment","target":["https:\/\/urbeamea.ro\/albaiulia\/vineri-momo-de-michael-ende-si-pasarea-alba-de-r-j-palacio-cartile-lunii-iulie-la-clubul-de-lectura-al-bibliotecii-judetene-lucian-blaga-alba\/#respond"]}]},{"@type":"WebPage","@id":"https:\/\/urbeamea.ro\/albaiulia\/vineri-momo-de-michael-ende-si-pasarea-alba-de-r-j-palacio-cartile-lunii-iulie-la-clubul-de-lectura-al-bibliotecii-judetene-lucian-blaga-alba\/","url":"https:\/\/urbeamea.ro\/albaiulia\/vineri-momo-de-michael-ende-si-pasarea-alba-de-r-j-palacio-cartile-lunii-iulie-la-clubul-de-lectura-al-bibliotecii-judetene-lucian-blaga-alba\/","name":"Vineri: \"Momo\" de Michael Ende \u0219i \"Pas\u0103rea alb\u0103\", de R. J. Palacio, c\u0103r\u021bile lunii iulie la Clubul de lectur\u0103 al Bibliotecii Jude\u021bene \"Lucian Blaga\" Alba - Revista Urbea Mea - Revista de Alba","isPartOf":{"@id":"https:\/\/urbeamea.ro\/albaiulia\/#website"},"primaryImageOfPage":{"@id":"https:\/\/urbeamea.ro\/albaiulia\/vineri-momo-de-michael-ende-si-pasarea-alba-de-r-j-palacio-cartile-lunii-iulie-la-clubul-de-lectura-al-bibliotecii-judetene-lucian-blaga-alba\/#primaryimage"},"image":{"@id":"https:\/\/urbeamea.ro\/albaiulia\/vineri-momo-de-michael-ende-si-pasarea-alba-de-r-j-palacio-cartile-lunii-iulie-la-clubul-de-lectura-al-bibliotecii-judetene-lucian-blaga-alba\/#primaryimage"},"thumbnailUrl":"https:\/\/urbeamea.ro\/albaiulia\/wp-content\/uploads\/2025\/07\/1000043199.jpg","datePublished":"2025-07-16T15:00:46+00:00","dateModified":"2025-07-16T15:00:48+00:00","author":{"@id":"https:\/\/urbeamea.ro\/albaiulia\/#\/schema\/person\/5db3854ac38c1cc9f0ab4092d6a20f02"},"description":"Biblioteca Jude\u021bean\u0103 \u201eLucian Blaga\u201d Alba continu\u0103 s\u0103 inspire imagina\u021bia tinerilor cititori prin organizarea unei noi \u00eent\u00e2lniri a Clubului de lectur\u0103","breadcrumb":{"@id":"https:\/\/urbeamea.ro\/albaiulia\/vineri-momo-de-michael-ende-si-pasarea-alba-de-r-j-palacio-cartile-lunii-iulie-la-clubul-de-lectura-al-bibliotecii-judetene-lucian-blaga-alba\/#breadcrumb"},"inLanguage":"ro-RO","potentialAction":[{"@type":"ReadAction","target":["https:\/\/urbeamea.ro\/albaiulia\/vineri-momo-de-michael-ende-si-pasarea-alba-de-r-j-palacio-cartile-lunii-iulie-la-clubul-de-lectura-al-bibliotecii-judetene-lucian-blaga-alba\/"]}]},{"@type":"ImageObject","inLanguage":"ro-RO","@id":"https:\/\/urbeamea.ro\/albaiulia\/vineri-momo-de-michael-ende-si-pasarea-alba-de-r-j-palacio-cartile-lunii-iulie-la-clubul-de-lectura-al-bibliotecii-judetene-lucian-blaga-alba\/#primaryimage","url":"https:\/\/urbeamea.ro\/albaiulia\/wp-content\/uploads\/2025\/07\/1000043199.jpg","contentUrl":"https:\/\/urbeamea.ro\/albaiulia\/wp-content\/uploads\/2025\/07\/1000043199.jpg","width":1131,"height":1600},{"@type":"BreadcrumbList","@id":"https:\/\/urbeamea.ro\/albaiulia\/vineri-momo-de-michael-ende-si-pasarea-alba-de-r-j-palacio-cartile-lunii-iulie-la-clubul-de-lectura-al-bibliotecii-judetene-lucian-blaga-alba\/#breadcrumb","itemListElement":[{"@type":"ListItem","position":1,"name":"Prima pagin\u0103","item":"https:\/\/urbeamea.ro\/albaiulia\/"},{"@type":"ListItem","position":2,"name":"Vineri: &#8222;Momo&#8221; de Michael Ende \u0219i &#8222;Pas\u0103rea alb\u0103&#8221;, de R. J. Palacio, c\u0103r\u021bile lunii iulie la Clubul de lectur\u0103 al Bibliotecii Jude\u021bene &#8222;Lucian Blaga&#8221; Alba"}]},{"@type":"WebSite","@id":"https:\/\/urbeamea.ro\/albaiulia\/#website","url":"https:\/\/urbeamea.ro\/albaiulia\/","name":"Revista Urbea Mea, Stiri urbane","description":"Evenimente \u0219i \u0219tiri din Alba Iulia, Sebe\u0219, Aiud, Blaj","potentialAction":[{"@type":"SearchAction","target":{"@type":"EntryPoint","urlTemplate":"https:\/\/urbeamea.ro\/albaiulia\/?s={search_term_string}"},"query-input":{"@type":"PropertyValueSpecification","valueRequired":true,"valueName":"search_term_string"}}],"inLanguage":"ro-RO"},{"@type":"Person","@id":"https:\/\/urbeamea.ro\/albaiulia\/#\/schema\/person\/5db3854ac38c1cc9f0ab4092d6a20f02","name":"Giurca Sorin","image":{"@type":"ImageObject","inLanguage":"ro-RO","@id":"https:\/\/secure.gravatar.com\/avatar\/120f6fcae7b3b47a7730cb9943f612f4909f68ac5284b5f40ac1c4615fd70576?s=96&d=mm&r=g","url":"https:\/\/secure.gravatar.com\/avatar\/120f6fcae7b3b47a7730cb9943f612f4909f68ac5284b5f40ac1c4615fd70576?s=96&d=mm&r=g","contentUrl":"https:\/\/secure.gravatar.com\/avatar\/120f6fcae7b3b47a7730cb9943f612f4909f68ac5284b5f40ac1c4615fd70576?s=96&d=mm&r=g","caption":"Giurca Sorin"},"url":"https:\/\/urbeamea.ro\/albaiulia\/author\/sorin\/"}]}},"_links":{"self":[{"href":"https:\/\/urbeamea.ro\/albaiulia\/wp-json\/wp\/v2\/posts\/118726","targetHints":{"allow":["GET"]}}],"collection":[{"href":"https:\/\/urbeamea.ro\/albaiulia\/wp-json\/wp\/v2\/posts"}],"about":[{"href":"https:\/\/urbeamea.ro\/albaiulia\/wp-json\/wp\/v2\/types\/post"}],"author":[{"embeddable":true,"href":"https:\/\/urbeamea.ro\/albaiulia\/wp-json\/wp\/v2\/users\/28"}],"replies":[{"embeddable":true,"href":"https:\/\/urbeamea.ro\/albaiulia\/wp-json\/wp\/v2\/comments?post=118726"}],"version-history":[{"count":1,"href":"https:\/\/urbeamea.ro\/albaiulia\/wp-json\/wp\/v2\/posts\/118726\/revisions"}],"predecessor-version":[{"id":118728,"href":"https:\/\/urbeamea.ro\/albaiulia\/wp-json\/wp\/v2\/posts\/118726\/revisions\/118728"}],"wp:featuredmedia":[{"embeddable":true,"href":"https:\/\/urbeamea.ro\/albaiulia\/wp-json\/wp\/v2\/media\/118727"}],"wp:attachment":[{"href":"https:\/\/urbeamea.ro\/albaiulia\/wp-json\/wp\/v2\/media?parent=118726"}],"wp:term":[{"taxonomy":"category","embeddable":true,"href":"https:\/\/urbeamea.ro\/albaiulia\/wp-json\/wp\/v2\/categories?post=118726"},{"taxonomy":"post_tag","embeddable":true,"href":"https:\/\/urbeamea.ro\/albaiulia\/wp-json\/wp\/v2\/tags?post=118726"}],"curies":[{"name":"wp","href":"https:\/\/api.w.org\/{rel}","templated":true}]}}