{"id":118729,"date":"2025-07-17T21:03:46","date_gmt":"2025-07-17T18:03:46","guid":{"rendered":"https:\/\/urbeamea.ro\/albaiulia\/?p=118729"},"modified":"2025-07-17T21:03:48","modified_gmt":"2025-07-17T18:03:48","slug":"19-20-targul-de-fete-de-pe-muntele-gaina-traditie-identitate-si-spectacol-la-inaltime-tulnicaresele-din-avram-iancu-concert-carnen-chindris-si-taraful-rutenilor-targul-mesterilor-traditionali","status":"publish","type":"post","link":"https:\/\/urbeamea.ro\/albaiulia\/19-20-targul-de-fete-de-pe-muntele-gaina-traditie-identitate-si-spectacol-la-inaltime-tulnicaresele-din-avram-iancu-concert-carnen-chindris-si-taraful-rutenilor-targul-mesterilor-traditionali\/","title":{"rendered":"19-20 T\u00e2rgul de Fete de pe Muntele G\u0103ina. Tradi\u021bie, identitate \u0219i spectacol la \u00een\u0103l\u021bime: Tulnic\u0103resele din Avram Iancu, concert  Carnen Chindri\u0219 \u0219i Taraful Rutenilor, t\u00e2rgul me\u0219terilor tradi\u021bionali"},"content":{"rendered":"\n<p><strong>Peste doar dou\u0103 zile, pe 19 \u0219i 20 iulie 2025, inima Apusenilor va bate \u00een ritm de tulnic, joc \u0219i c\u00e2ntec rom\u00e2nesc, odat\u0103 cu desf\u0103\u0219urarea unei noi edi\u021bii a celebrului \ud835\udc13\ud835\udc1a\ud835\udc2b\ud835\udc20 \ud835\udc1d\ud835\udc1e \ud835\udc05\ud835\udc1e\ud835\udc2d\ud835\udc1e \ud835\udc1d\ud835\udc1e \ud835\udc29\ud835\udc1e \ud835\udc0c\ud835\udc2e\ud835\udc27\ud835\udc2d\ud835\udc1e\ud835\udc25\ud835\udc1e \ud835\udc06\ud835\udc1a\ud835\udc22\ud835\udc27\ud835\udc1a. <\/strong><\/p>\n\n\n\n<p>Eveniment cu r\u0103d\u0103cini ad\u00e2nci \u00een istoria \u0219i spiritualitatea mo\u021bilor, T\u00e2rgul de Fete este un act de conservare a identit\u0103\u021bii rom\u00e2ne\u0219ti \u0219i o \u00eent\u00e2lnire a tradi\u021biilor din toate col\u021burile \u021b\u0103rii, pe cel mai \u00eenalt platou al Mun\u021bilor Apuseni.<\/p>\n\n\n\n<p>\u2022 \ud835\udc19\ud835\udc22\ud835\udc2e\ud835\udc1a \ud835\udc1d\ud835\udc1e \ud835\udc2c\ud835\udc1a\ud835\udc26\ud835\udc1b\ud835\udc1a\ud835\udc2d\ud835\udc1a \u2014 \ud835\udc26\ud835\udc1e\ud835\udc2c\ud835\udc2d\ud835\udc1e\ud835\udc2c\ud835\udc2e\ud835\udc20, \ud835\udc1c\ud835\udc1a\ud835\udc27\ud835\udc2d\ud835\udc1e\ud835\udc1c \ud835\udc2c\ud835\udc22 \ud835\udc1f\ud835\udc28\ud835\udc1c \ud835\udc1d\ud835\udc1e \ud835\udc1a\ud835\udc2b\ud835\udc2d\ud835\udc22\ud835\udc1f\ud835\udc22\ud835\udc1c\ud835\udc22\ud835\udc22 \ud835\udc29\ud835\udc1e \ud835\udc2f\ud835\udc1a\ud835\udc2b\ud835\udc1f\ud835\udc2e\ud835\udc25 \ud835\udc06\ud835\udc1a\ud835\udc22\ud835\udc27\ud835\udc1a<\/p>\n\n\n\n<p>S\u0103rb\u0103toarea va debuta s\u00e2mb\u0103t\u0103, 19 iulie, la ora 13:00, cu deschiderea \ud835\udc13\ud835\udc1a\ud835\udc2b\ud835\udc20\ud835\udc2e\ud835\udc25\ud835\udc2e\ud835\udc22 \ud835\udc0c\ud835\udc1e\ud835\udc2c\ud835\udc2d\ud835\udc1e\ud835\udc2b\ud835\udc22\ud835\udc25\ud835\udc28\ud835\udc2b \ud835\udc13\ud835\udc2b\ud835\udc1a\ud835\udc1d\ud835\udc22\ud835\udc2d\ud835\udc22\ud835\udc28\ud835\udc27\ud835\udc1a\ud835\udc25\ud835\udc22 \ud835\udc00\ud835\udc0b\ud835\udc01\ud835\udc00 \ud835\udc13\ud835\udc11\ud835\udc00\ud835\udc03\ud835\udc08\ud835\udc13\ud835\udc08\ud835\udc0e\ud835\udc0d\ud835\udc00\ud835\udc0b, unde peste 50 de creatori populari din zonele istorice ale Rom\u00e2niei \u00ee\u0219i vor etala m\u0103iestria \u00een prelucrarea lemnului, a ceramicii, a podoabelor tradi\u021bionale sau a \u021bes\u0103turilor.<\/p>\n\n\n\n<p>La baza muntelui, \u00een comuna Avram Iancu, de la ora 14:00, publicul este invitat la un amplu spectacol folcloric, prezentat de Andreea Bogdan, jurnalist Radio Rom\u00e2nia Actualit\u0103\u021bi, ce aduce pe scen\u0103 ansambluri \u0219i arti\u0219ti din Alba, \u021aara Mo\u021bilor \u0219i alte zone folclorice. <\/p>\n\n\n\n<p>Momentele de \u00eenceput vor apar\u021bine \ud835\udc13\ud835\udc2e\ud835\udc25\ud835\udc27\ud835\udc22\ud835\udc1c\ud835\udc1a\ud835\udc2b\ud835\udc1e\ud835\udc2c\ud835\udc1e\ud835\udc25\ud835\udc28\ud835\udc2b \ud835\udc1d\ud835\udc22\ud835\udc27 \ud835\udc00\ud835\udc2f\ud835\udc2b\ud835\udc1a\ud835\udc26 \ud835\udc08\ud835\udc1a\ud835\udc27\ud835\udc1c\ud835\udc2e \u0219i grupului vocal tradi\u021bional \u201e\u021aarina\u201d de la CupruMin Abrud, urmate de presta\u021biile energice ale tinerelor talente \u0219i ale ansamblurilor folclorice, culmin\u00e2nd cu \ud835\udc00\ud835\udc27\ud835\udc2c\ud835\udc1a\ud835\udc26\ud835\udc1b\ud835\udc25\ud835\udc2e\ud835\udc25 \ud835\udc05\ud835\udc28\ud835\udc25\ud835\udc1c\ud835\udc25\ud835\udc28\ud835\udc2b\ud835\udc22\ud835\udc1c \ud835\udc1a\ud835\udc25 \ud835\udc09\ud835\udc2e\ud835\udc1d\ud835\udc1e\ud835\udc2d\ud835\udc2e\ud835\udc25\ud835\udc2e\ud835\udc22 \ud835\udc00\ud835\udc25\ud835\udc1b\ud835\udc1a, Alexandru Pal \u0219i soli\u0219ti consacra\u021bi ai c\u00e2ntecului rom\u00e2nesc, precum CORNEL BORZA, ROXANA RECHE, DANIEL POP, MIHAELA GREC, FLORICICA MOGA, IOANA CIOREA, NICOLAE PLUT\u0102, DORINA NARI\u021aA, IOANA BREDA-MORAR, IOANA GROZA, ALEXANDRA B\u0102CIL\u0102, MARIA U\u021aIU.<\/p>\n\n\n\n<p>Seara, v\u00e2rful muntelui se va transforma \u00eentr-o scen\u0103 \u00een aer liber pentru iubitorii de muzic\u0103 actual\u0103 \u0219i petrecere.<\/p>\n\n\n\n<p> De la ora 19:00, concertul trupei \ud835\udc03\ud835\udc2e\ud835\udc1b\ud835\udc25\ud835\udc2e \ud835\udc02\ud835\udc25\ud835\udc22\ud835\udc1c\ud835\udc24 va deschide seria recitalurilor, urmat de mixurile electrizante ale \ud835\udc03\ud835\udc09 \ud835\udc05\ud835\udc22\ud835\udc2b\ud835\udc32 \ud835\udc2c\ud835\udc22 \ud835\udc05\ud835\udc25\ud835\udc1a\ud835\udc2f\ud835\udc22\ud835\udc2e \ud835\udc1f\ud835\udc1a\ud835\udc2b\ud835\udc1a \ud835\udc12. <\/p>\n\n\n\n<p>Punctul culminant al nop\u021bii va fi \ud835\udc1c\ud835\udc28\ud835\udc27\ud835\udc1c\ud835\udc1e\ud835\udc2b\ud835\udc2d\ud835\udc2e\ud835\udc25 \ud835\udc1e\ud835\udc31\ud835\udc2d\ud835\udc2b\ud835\udc1a\ud835\udc28\ud835\udc2b\ud835\udc1d\ud835\udc22\ud835\udc27\ud835\udc1a\ud835\udc2b \ud835\udc02\ud835\udc00\ud835\udc11\ud835\udc0c\ud835\udc04\ud835\udc0d \ud835\udc02\ud835\udc07\ud835\udc08\ud835\udc0d\ud835\udc03\ud835\udc11\ud835\udc08\ud835\udc12 \ud835\udc2c\ud835\udc22 \ud835\udc13\ud835\udc00\ud835\udc11\ud835\udc00\ud835\udc05\ud835\udc14\ud835\udc0b \ud835\udc11\ud835\udc14\ud835\udc13\ud835\udc04\ud835\udc0d\ud835\udc08\ud835\udc0b\ud835\udc0e\ud835\udc11, o prezen\u021b\u0103 a\u0219teptat\u0103 cu ner\u0103bdare de iubitorii de folclor reinterpretat. <\/p>\n\n\n\n<p>Spre miezul nop\u021bii, focul de artificii va \u00eencinge cerul deasupra G\u0103inii, p\u0103str\u00e2nd tradi\u021bia magic\u0103 a nop\u021bii de s\u0103rb\u0103toare pe munte.<\/p>\n\n\n\n<p>\u2022 \ud835\udc03\ud835\udc2e\ud835\udc26\ud835\udc22\ud835\udc27\ud835\udc22\ud835\udc1c\ud835\udc1a, \ud835\udc22\ud835\udc27 \ud835\udc2c\ud835\udc1e\ud835\udc26\ud835\udc27 \ud835\udc1d\ud835\udc1e \ud835\udc2b\ud835\udc1e\ud835\udc1c\ud835\udc2e\ud835\udc27\ud835\udc28\ud835\udc2c\ud835\udc2d\ud835\udc22\ud835\udc27\ud835\udc2da \ud835\udc29\ud835\udc1e\ud835\udc27\ud835\udc2d\ud835\udc2b\ud835\udc2e \ud835\udc00\ud835\udc2f\ud835\udc2b\ud835\udc1a\ud835\udc26 \ud835\udc08\ud835\udc1a\ud835\udc27\ud835\udc1c\ud835\udc2e<\/p>\n\n\n\n<p>Duminic\u0103, 20 iulie, T\u00e2rgul de Fete continu\u0103 pe v\u00e2rful muntelui cu t\u00e2rgul me\u0219te\u0219ugarilor, urmat la ora 10:30 de un \ud835\udc1c\ud835\udc1e\ud835\udc2b\ud835\udc1e\ud835\udc26\ud835\udc28\ud835\udc27\ud835\udc22\ud835\udc1a\ud835\udc25 \ud835\udc2c\ud835\udc28\ud835\udc25\ud835\udc1e\ud835\udc26\ud835\udc27 \ud835\udc1d\ud835\udc1e \ud835\udc1d\ud835\udc1e\ud835\udc29\ud835\udc2e\ud835\udc27\ud835\udc1e\ud835\udc2b\ud835\udc1e \ud835\udc1d\ud835\udc1e \ud835\udc1c\ud835\udc28\ud835\udc2b\ud835\udc28\ud835\udc1a\ud835\udc27\ud835\udc1e \ud835\udc2ci \ud835\udc2c\ud835\udc25\ud835\udc2e\ud835\udc23\ud835\udc1b\ud835\udc1a \ud835\udc2b\ud835\udc1e\ud835\udc25\ud835\udc22\ud835\udc20\ud835\udc22\ud835\udc28\ud835\udc1a\ud835\udc2c\ud835\udc1a \ud835\udc22\ud835\udc27 \ud835\udc26\ud835\udc1e\ud835\udc26\ud835\udc28\ud835\udc2b\ud835\udc22\ud835\udc1a \ud835\udc25\ud835\udc2e\ud835\udc22 \ud835\udc00\ud835\udc2f\ud835\udc2b\ud835\udc1a\ud835\udc26 \ud835\udc08\ud835\udc1a\ud835\udc27\ud835\udc1c\ud835\udc2e, \ud835\udc1e\ud835\udc2b\ud835\udc28\ud835\udc2e \ud835\udc1a\ud835\udc25 \ud835\udc27\ud835\udc1a\ud835\udc2di\ud835\udc2e\ud835\udc27\ud835\udc22\ud835\udc22 \ud835\udc2b\ud835\udc28\ud835\udc26\ud835\udc1a\ud835\udc27\ud835\udc1e. <\/p>\n\n\n\n<p>Momentul va fi onorat de prezen\u021ba \ud835\udc13\ud835\udc2e\ud835\udc25\ud835\udc27\ud835\udc22\ud835\udc1c\ud835\udc1a\ud835\udc2b\ud835\udc1e\ud835\udc2c\ud835\udc1e\ud835\udc25\ud835\udc28\ud835\udc2b \ud835\udc1d\ud835\udc22\ud835\udc27 \ud835\udc00\ud835\udc2f\ud835\udc2b\ud835\udc1a\ud835\udc26 \ud835\udc08\ud835\udc1a\ud835\udc27\ud835\udc1c\ud835\udc2e \u0219i a \ud835\udc05\ud835\udc1a\ud835\udc27\ud835\udc1f\ud835\udc1a\ud835\udc2b\ud835\udc1e\ud835\udc22 \ud835\udc09\ud835\udc2e\ud835\udc1d\ud835\udc1e\ud835\udc2d\ud835\udc2e\ud835\udc25\ud835\udc2e\ud835\udc22 \ud835\udc00\ud835\udc25\ud835\udc1b\ud835\udc1a, dirijat\u0103 de Coriolan Honca\u0219.<\/p>\n\n\n\n<p>De la ora 11:30, spectacolul folcloric va re\u00eencepe, aduc\u00e2nd pe scen\u0103 ansambluri din jude\u021bele Alba, Arad, Cluj \u0219i Bihor, printre care \ud835\udc00\ud835\udc27\ud835\udc2c\ud835\udc1a\ud835\udc26\ud835\udc1b\ud835\udc25\ud835\udc2e\ud835\udc25 \u201e\ud835\udc03\ud835\udc2b\ud835\udc2e\ud835\udc2c\ud835\udc1c\ud835\udc1e\ud835\udc25\ud835\udc22\ud835\udc25\ud835\udc1e\u201d \ud835\udc1d\ud835\udc22\ud835\udc27 \ud835\udc01\ud835\udc1a\ud835\udc2b\ud835\udc2c\ud835\udc1a, \u201e\ud835\udc01\ud835\udc2b\ud835\udc1a\ud835\udc1d\ud835\udc1e\ud835\udc1a\ud835\udc27\ud835\udc1a\u201d \ud835\udc1d\ud835\udc22\ud835\udc27 \ud835\udc12\ud835\udc28\ud835\udc21\ud835\udc28\ud835\udc1d\ud835\udc28\ud835\udc25, \u201e\ud835\udc05\ud835\udc1a\ud835\udc27\ud835\udc2d\ud835\udc1a\ud835\udc27\ud835\udc22\ud835\udc2d\ud835\udc1a \ud835\udc1d\ud835\udc1e \ud835\udc0f\ud835\udc22\ud835\udc1a\ud835\udc2d\ud835\udc2b\ud835\udc1a\u201d \ud835\udc1d\ud835\udc22\ud835\udc27 \ud835\udc12\ud835\udc29\ud835\udc2b\ud835\udc22\ud835\udc27\ud835\udc20 \u015fi \u201e\ud835\udc00\ud835\udc2e\ud835\udc2c\ud835\udc1a\ud835\udc27\ud835\udc1a\u201d \ud835\udc1d\ud835\udc22\ud835\udc27 \ud835\udc01\ud835\udc22\ud835\udc21\ud835\udc28\ud835\udc2b. <\/p>\n\n\n\n<p>Momentele vocale vor fi sus\u021binute de interpre\u021bi aprecia\u021bi precum \ud835\udc02\ud835\udc22\ud835\udc29\ud835\udc2b\ud835\udc22\ud835\udc1a\ud835\udc27 \ud835\udc19\ud835\udc28\ud835\udc29\ud835\udc28\ud835\udc2d\ud835\udc1a, \ud835\udc04\ud835\udc26\ud835\udc22\ud835\udc25\ud835\udc22\ud835\udc1a \ud835\udc01\ud835\udc28\ud835\udc2b\ud835\udc33\ud835\udc1a \ud835\udc12\ud835\udc2e\ud835\udc20\ud835\udc1a\ud835\udc2b, \ud835\udc02\ud835\udc25\ud835\udc1a\ud835\udc2e\ud835\udc1d\ud835\udc22\ud835\udc1a \ud835\udc02\ud835\udc1a\ud835\udc1c\ud835\udc2e\ud835\udc1c\ud835\udc22, \ud835\udc08\ud835\udc2e\ud835\udc25\ud835\udc22\ud835\udc1a \ud835\udc01\ud835\udc2e\ud835\udc1b\ud835\udc28\ud835\udc22 \u015fi \ud835\udc02\ud835\udc22\ud835\udc29\ud835\udc2b\ud835\udc22\ud835\udc1a\ud835\udc27 \ud835\udc0c\ud835\udc28\ud835\udc1c\ud835\udc1a\ud835\udc27.\u2022<\/p>\n\n\n\n<p> \ud835\udc0e \ud835\udc2c\ud835\udc1a\ud835\udc2b\ud835\udc1b\ud835\udc1a\ud835\udc2d\ud835\udc28\ud835\udc1a\ud835\udc2b\ud835\udc1e \ud835\udc1c\ud835\udc1a\ud835\udc2b\ud835\udc1e \ud835\udc1c\ud835\udc28\ud835\udc27\ud835\udc2d\ud835\udc22\ud835\udc27\ud835\udc2e\ud835\udc1a \ud835\udc25\ud835\udc1e\ud835\udc20\ud835\udc1e\ud835\udc27\ud835\udc1d\ud835\udc1a<\/p>\n\n\n\n<p>Evenimentul din 2025 p\u0103streaz\u0103 specificul autentic al celei mai cunoscute \u00eent\u00e2lniri populare de pe muntele sacru al mo\u021bilor \u0219i \u00eei invit\u0103 pe to\u021bi cei care iubesc tradi\u021bia, portul popular \u0219i muzica rom\u00e2neasc\u0103 la un sf\u00e2r\u0219it de s\u0103pt\u0103m\u00e2n\u0103 de poveste, unde oamenii se adun\u0103 \u201ela G\u0103ina\u201d din toate col\u021burile \u021b\u0103rii.<\/p>\n\n\n\n<p>Sub semnul legendelor despre fetele mo\u021be date la m\u0103ritat \u0219i al libert\u0103\u021bii pentru care a luptat Avram Iancu, T\u00e2rgul de Fete de pe Muntele G\u0103ina \u00ee\u0219i reafirm\u0103, an de an, locul \u00een patrimoniul cultural viu al Rom\u00e2niei.<\/p>\n\n\n\n<figure class=\"wp-block-gallery has-nested-images columns-default is-cropped wp-block-gallery-1 is-layout-flex wp-block-gallery-is-layout-flex\">\n<figure class=\"wp-block-image size-large\"><img loading=\"lazy\" decoding=\"async\" width=\"1040\" height=\"1280\" data-id=\"118730\" src=\"https:\/\/urbeamea.ro\/albaiulia\/wp-content\/uploads\/2025\/07\/1000043275-1040x1280.jpg\" alt=\"\" class=\"wp-image-118730\" srcset=\"https:\/\/urbeamea.ro\/albaiulia\/wp-content\/uploads\/2025\/07\/1000043275-1040x1280.jpg 1040w, https:\/\/urbeamea.ro\/albaiulia\/wp-content\/uploads\/2025\/07\/1000043275-520x640.jpg 520w, https:\/\/urbeamea.ro\/albaiulia\/wp-content\/uploads\/2025\/07\/1000043275-122x150.jpg 122w, https:\/\/urbeamea.ro\/albaiulia\/wp-content\/uploads\/2025\/07\/1000043275-768x945.jpg 768w, https:\/\/urbeamea.ro\/albaiulia\/wp-content\/uploads\/2025\/07\/1000043275-1248x1536.jpg 1248w, https:\/\/urbeamea.ro\/albaiulia\/wp-content\/uploads\/2025\/07\/1000043275.jpg 1300w\" sizes=\"auto, (max-width: 1040px) 100vw, 1040px\" \/><\/figure>\n\n\n\n<figure class=\"wp-block-image size-large\"><img loading=\"lazy\" decoding=\"async\" width=\"1040\" height=\"1280\" data-id=\"118731\" src=\"https:\/\/urbeamea.ro\/albaiulia\/wp-content\/uploads\/2025\/07\/1000043276-1040x1280.jpg\" alt=\"\" class=\"wp-image-118731\" srcset=\"https:\/\/urbeamea.ro\/albaiulia\/wp-content\/uploads\/2025\/07\/1000043276-1040x1280.jpg 1040w, https:\/\/urbeamea.ro\/albaiulia\/wp-content\/uploads\/2025\/07\/1000043276-520x640.jpg 520w, https:\/\/urbeamea.ro\/albaiulia\/wp-content\/uploads\/2025\/07\/1000043276-122x150.jpg 122w, https:\/\/urbeamea.ro\/albaiulia\/wp-content\/uploads\/2025\/07\/1000043276-768x945.jpg 768w, https:\/\/urbeamea.ro\/albaiulia\/wp-content\/uploads\/2025\/07\/1000043276-1248x1536.jpg 1248w, https:\/\/urbeamea.ro\/albaiulia\/wp-content\/uploads\/2025\/07\/1000043276.jpg 1300w\" sizes=\"auto, (max-width: 1040px) 100vw, 1040px\" \/><\/figure>\n\n\n\n<figure class=\"wp-block-image size-large\"><img loading=\"lazy\" decoding=\"async\" width=\"1280\" height=\"905\" data-id=\"118732\" src=\"https:\/\/urbeamea.ro\/albaiulia\/wp-content\/uploads\/2025\/07\/1000043277-1280x905.jpg\" alt=\"\" class=\"wp-image-118732\" srcset=\"https:\/\/urbeamea.ro\/albaiulia\/wp-content\/uploads\/2025\/07\/1000043277-1280x905.jpg 1280w, https:\/\/urbeamea.ro\/albaiulia\/wp-content\/uploads\/2025\/07\/1000043277-640x452.jpg 640w, https:\/\/urbeamea.ro\/albaiulia\/wp-content\/uploads\/2025\/07\/1000043277-150x106.jpg 150w, https:\/\/urbeamea.ro\/albaiulia\/wp-content\/uploads\/2025\/07\/1000043277-768x543.jpg 768w, https:\/\/urbeamea.ro\/albaiulia\/wp-content\/uploads\/2025\/07\/1000043277-1536x1086.jpg 1536w, https:\/\/urbeamea.ro\/albaiulia\/wp-content\/uploads\/2025\/07\/1000043277.jpg 1600w\" sizes=\"auto, (max-width: 1280px) 100vw, 1280px\" \/><\/figure>\n\n\n\n<figure class=\"wp-block-image size-large\"><img loading=\"lazy\" decoding=\"async\" width=\"1040\" height=\"1280\" data-id=\"118733\" src=\"https:\/\/urbeamea.ro\/albaiulia\/wp-content\/uploads\/2025\/07\/1000043274-1040x1280.jpg\" alt=\"\" class=\"wp-image-118733\" srcset=\"https:\/\/urbeamea.ro\/albaiulia\/wp-content\/uploads\/2025\/07\/1000043274-1040x1280.jpg 1040w, https:\/\/urbeamea.ro\/albaiulia\/wp-content\/uploads\/2025\/07\/1000043274-520x640.jpg 520w, https:\/\/urbeamea.ro\/albaiulia\/wp-content\/uploads\/2025\/07\/1000043274-122x150.jpg 122w, https:\/\/urbeamea.ro\/albaiulia\/wp-content\/uploads\/2025\/07\/1000043274-768x945.jpg 768w, https:\/\/urbeamea.ro\/albaiulia\/wp-content\/uploads\/2025\/07\/1000043274-1248x1536.jpg 1248w, https:\/\/urbeamea.ro\/albaiulia\/wp-content\/uploads\/2025\/07\/1000043274.jpg 1300w\" sizes=\"auto, (max-width: 1040px) 100vw, 1040px\" \/><\/figure>\n\n\n\n<figure class=\"wp-block-image size-large\"><img loading=\"lazy\" decoding=\"async\" width=\"1040\" height=\"1280\" data-id=\"118734\" src=\"https:\/\/urbeamea.ro\/albaiulia\/wp-content\/uploads\/2025\/07\/1000043273-1040x1280.jpg\" alt=\"\" class=\"wp-image-118734\" srcset=\"https:\/\/urbeamea.ro\/albaiulia\/wp-content\/uploads\/2025\/07\/1000043273-1040x1280.jpg 1040w, https:\/\/urbeamea.ro\/albaiulia\/wp-content\/uploads\/2025\/07\/1000043273-520x640.jpg 520w, https:\/\/urbeamea.ro\/albaiulia\/wp-content\/uploads\/2025\/07\/1000043273-122x150.jpg 122w, https:\/\/urbeamea.ro\/albaiulia\/wp-content\/uploads\/2025\/07\/1000043273-768x945.jpg 768w, https:\/\/urbeamea.ro\/albaiulia\/wp-content\/uploads\/2025\/07\/1000043273-1248x1536.jpg 1248w, https:\/\/urbeamea.ro\/albaiulia\/wp-content\/uploads\/2025\/07\/1000043273.jpg 1300w\" sizes=\"auto, (max-width: 1040px) 100vw, 1040px\" \/><\/figure>\n\n\n\n<figure class=\"wp-block-image size-large\"><img loading=\"lazy\" decoding=\"async\" width=\"1040\" height=\"1280\" data-id=\"118735\" src=\"https:\/\/urbeamea.ro\/albaiulia\/wp-content\/uploads\/2025\/07\/1000043272-1040x1280.jpg\" alt=\"\" class=\"wp-image-118735\" srcset=\"https:\/\/urbeamea.ro\/albaiulia\/wp-content\/uploads\/2025\/07\/1000043272-1040x1280.jpg 1040w, https:\/\/urbeamea.ro\/albaiulia\/wp-content\/uploads\/2025\/07\/1000043272-520x640.jpg 520w, https:\/\/urbeamea.ro\/albaiulia\/wp-content\/uploads\/2025\/07\/1000043272-122x150.jpg 122w, https:\/\/urbeamea.ro\/albaiulia\/wp-content\/uploads\/2025\/07\/1000043272-768x945.jpg 768w, https:\/\/urbeamea.ro\/albaiulia\/wp-content\/uploads\/2025\/07\/1000043272-1248x1536.jpg 1248w, https:\/\/urbeamea.ro\/albaiulia\/wp-content\/uploads\/2025\/07\/1000043272.jpg 1300w\" sizes=\"auto, (max-width: 1040px) 100vw, 1040px\" \/><\/figure>\n\n\n\n<figure class=\"wp-block-image size-large\"><img loading=\"lazy\" decoding=\"async\" width=\"1280\" height=\"768\" data-id=\"118737\" src=\"https:\/\/urbeamea.ro\/albaiulia\/wp-content\/uploads\/2025\/07\/1000043269-1280x768.jpg\" alt=\"\" class=\"wp-image-118737\" srcset=\"https:\/\/urbeamea.ro\/albaiulia\/wp-content\/uploads\/2025\/07\/1000043269-1280x768.jpg 1280w, https:\/\/urbeamea.ro\/albaiulia\/wp-content\/uploads\/2025\/07\/1000043269-640x384.jpg 640w, https:\/\/urbeamea.ro\/albaiulia\/wp-content\/uploads\/2025\/07\/1000043269-150x90.jpg 150w, https:\/\/urbeamea.ro\/albaiulia\/wp-content\/uploads\/2025\/07\/1000043269-768x461.jpg 768w, https:\/\/urbeamea.ro\/albaiulia\/wp-content\/uploads\/2025\/07\/1000043269-1536x922.jpg 1536w, https:\/\/urbeamea.ro\/albaiulia\/wp-content\/uploads\/2025\/07\/1000043269.jpg 1600w\" sizes=\"auto, (max-width: 1280px) 100vw, 1280px\" \/><\/figure>\n\n\n\n<figure class=\"wp-block-image size-large\"><img loading=\"lazy\" decoding=\"async\" width=\"1043\" height=\"1280\" data-id=\"118738\" src=\"https:\/\/urbeamea.ro\/albaiulia\/wp-content\/uploads\/2025\/07\/1000043270-1043x1280.jpg\" alt=\"\" class=\"wp-image-118738\" srcset=\"https:\/\/urbeamea.ro\/albaiulia\/wp-content\/uploads\/2025\/07\/1000043270-1043x1280.jpg 1043w, https:\/\/urbeamea.ro\/albaiulia\/wp-content\/uploads\/2025\/07\/1000043270-521x640.jpg 521w, https:\/\/urbeamea.ro\/albaiulia\/wp-content\/uploads\/2025\/07\/1000043270-122x150.jpg 122w, https:\/\/urbeamea.ro\/albaiulia\/wp-content\/uploads\/2025\/07\/1000043270-768x943.jpg 768w, https:\/\/urbeamea.ro\/albaiulia\/wp-content\/uploads\/2025\/07\/1000043270-1251x1536.jpg 1251w, https:\/\/urbeamea.ro\/albaiulia\/wp-content\/uploads\/2025\/07\/1000043270.jpg 1300w\" sizes=\"auto, (max-width: 1043px) 100vw, 1043px\" \/><\/figure>\n\n\n\n<figure class=\"wp-block-image size-large\"><img loading=\"lazy\" decoding=\"async\" width=\"1040\" height=\"1280\" data-id=\"118736\" src=\"https:\/\/urbeamea.ro\/albaiulia\/wp-content\/uploads\/2025\/07\/1000043271-1040x1280.jpg\" alt=\"\" class=\"wp-image-118736\" srcset=\"https:\/\/urbeamea.ro\/albaiulia\/wp-content\/uploads\/2025\/07\/1000043271-1040x1280.jpg 1040w, https:\/\/urbeamea.ro\/albaiulia\/wp-content\/uploads\/2025\/07\/1000043271-520x640.jpg 520w, https:\/\/urbeamea.ro\/albaiulia\/wp-content\/uploads\/2025\/07\/1000043271-122x150.jpg 122w, https:\/\/urbeamea.ro\/albaiulia\/wp-content\/uploads\/2025\/07\/1000043271-768x945.jpg 768w, https:\/\/urbeamea.ro\/albaiulia\/wp-content\/uploads\/2025\/07\/1000043271-1248x1536.jpg 1248w, https:\/\/urbeamea.ro\/albaiulia\/wp-content\/uploads\/2025\/07\/1000043271.jpg 1300w\" sizes=\"auto, (max-width: 1040px) 100vw, 1040px\" \/><\/figure>\n<\/figure>\n\n\n\n<p><\/p>\n","protected":false},"excerpt":{"rendered":"<p>Peste doar dou\u0103 zile, pe 19 \u0219i 20 iulie 2025, inima Apusenilor va bate \u00een ritm de tulnic, joc \u0219i c\u00e2ntec rom\u00e2nesc, odat\u0103 cu desf\u0103\u0219urarea unei noi edi\u021bii a celebrului \ud835\udc13\ud835\udc1a\ud835\udc2b\ud835\udc20 \ud835\udc1d\ud835\udc1e \ud835\udc05\ud835\udc1e\ud835\udc2d\ud835\udc1e \ud835\udc1d\ud835\udc1e \ud835\udc29\ud835\udc1e \ud835\udc0c\ud835\udc2e\ud835\udc27\ud835\udc2d\ud835\udc1e\ud835\udc25\ud835\udc1e \ud835\udc06\ud835\udc1a\ud835\udc22\ud835\udc27\ud835\udc1a. Eveniment cu r\u0103d\u0103cini ad\u00e2nci \u00een istoria \u0219i spiritualitatea mo\u021bilor, T\u00e2rgul de Fete este un act de conservare a &hellip;<\/p>\n","protected":false},"author":28,"featured_media":118737,"comment_status":"open","ping_status":"open","sticky":false,"template":"","format":"standard","meta":{"inline_featured_image":false,"footnotes":""},"categories":[23926,2038,4,16567,2034,1,61,16344],"tags":[25359],"class_list":["post-118729","post","type-post","status-publish","format-standard","has-post-thumbnail","hentry","category-actualitate","category-cultura","category-eveniment","category-muzica","category-social","category-stiri-urbane","category-turism","category-urbea-mea","tag-targul-de-fete-de-pe-muntele-gaina-2"],"yoast_head":"<!-- This site is optimized with the Yoast SEO plugin v27.4 - https:\/\/yoast.com\/product\/yoast-seo-wordpress\/ -->\n<title>19-20 T\u00e2rgul de Fete de pe Muntele G\u0103ina. Tradi\u021bie, identitate \u0219i spectacol la \u00een\u0103l\u021bime: Tulnic\u0103resele din Avram Iancu, concert Carnen Chindri\u0219 \u0219i Taraful Rutenilor, t\u00e2rgul me\u0219terilor tradi\u021bionali - Revista Urbea Mea - Revista de Alba<\/title>\n<meta name=\"description\" content=\"Peste doar dou\u0103 zile, pe 19 \u0219i 20 iulie 2025, inima Apusenilor va bate \u00een ritm de tulnic, joc \u0219i c\u00e2ntec rom\u00e2nesc, odat\u0103 cu desf\u0103\u0219urarea unei noi edi\u021bii a\" \/>\n<meta name=\"robots\" content=\"index, follow, max-snippet:-1, max-image-preview:large, max-video-preview:-1\" \/>\n<link rel=\"canonical\" href=\"https:\/\/urbeamea.ro\/albaiulia\/19-20-targul-de-fete-de-pe-muntele-gaina-traditie-identitate-si-spectacol-la-inaltime-tulnicaresele-din-avram-iancu-concert-carnen-chindris-si-taraful-rutenilor-targul-mesterilor-traditionali\/\" \/>\n<meta name=\"twitter:card\" content=\"summary_large_image\" \/>\n<meta name=\"twitter:title\" content=\"19-20 T\u00e2rgul de Fete de pe Muntele G\u0103ina. Tradi\u021bie, identitate \u0219i spectacol la \u00een\u0103l\u021bime: Tulnic\u0103resele din Avram Iancu, concert Carnen Chindri\u0219 \u0219i Taraful Rutenilor, t\u00e2rgul me\u0219terilor tradi\u021bionali - Revista Urbea Mea - Revista de Alba\" \/>\n<meta name=\"twitter:description\" content=\"Peste doar dou\u0103 zile, pe 19 \u0219i 20 iulie 2025, inima Apusenilor va bate \u00een ritm de tulnic, joc \u0219i c\u00e2ntec rom\u00e2nesc, odat\u0103 cu desf\u0103\u0219urarea unei noi edi\u021bii a\" \/>\n<meta name=\"twitter:image\" content=\"https:\/\/urbeamea.ro\/albaiulia\/wp-content\/uploads\/2025\/07\/1000043269.jpg\" \/>\n<meta name=\"twitter:creator\" content=\"@urbeameaweb\" \/>\n<meta name=\"twitter:site\" content=\"@urbeameaweb\" \/>\n<script type=\"application\/ld+json\" class=\"yoast-schema-graph\">{\"@context\":\"https:\\\/\\\/schema.org\",\"@graph\":[{\"@type\":\"Article\",\"@id\":\"https:\\\/\\\/urbeamea.ro\\\/albaiulia\\\/19-20-targul-de-fete-de-pe-muntele-gaina-traditie-identitate-si-spectacol-la-inaltime-tulnicaresele-din-avram-iancu-concert-carnen-chindris-si-taraful-rutenilor-targul-mesterilor-traditionali\\\/#article\",\"isPartOf\":{\"@id\":\"https:\\\/\\\/urbeamea.ro\\\/albaiulia\\\/19-20-targul-de-fete-de-pe-muntele-gaina-traditie-identitate-si-spectacol-la-inaltime-tulnicaresele-din-avram-iancu-concert-carnen-chindris-si-taraful-rutenilor-targul-mesterilor-traditionali\\\/\"},\"author\":{\"name\":\"Giurca Sorin\",\"@id\":\"https:\\\/\\\/urbeamea.ro\\\/albaiulia\\\/#\\\/schema\\\/person\\\/5db3854ac38c1cc9f0ab4092d6a20f02\"},\"headline\":\"19-20 T\u00e2rgul de Fete de pe Muntele G\u0103ina. Tradi\u021bie, identitate \u0219i spectacol la \u00een\u0103l\u021bime: Tulnic\u0103resele din Avram Iancu, concert Carnen Chindri\u0219 \u0219i Taraful Rutenilor, t\u00e2rgul me\u0219terilor tradi\u021bionali\",\"datePublished\":\"2025-07-17T18:03:46+00:00\",\"dateModified\":\"2025-07-17T18:03:48+00:00\",\"mainEntityOfPage\":{\"@id\":\"https:\\\/\\\/urbeamea.ro\\\/albaiulia\\\/19-20-targul-de-fete-de-pe-muntele-gaina-traditie-identitate-si-spectacol-la-inaltime-tulnicaresele-din-avram-iancu-concert-carnen-chindris-si-taraful-rutenilor-targul-mesterilor-traditionali\\\/\"},\"wordCount\":533,\"commentCount\":0,\"image\":{\"@id\":\"https:\\\/\\\/urbeamea.ro\\\/albaiulia\\\/19-20-targul-de-fete-de-pe-muntele-gaina-traditie-identitate-si-spectacol-la-inaltime-tulnicaresele-din-avram-iancu-concert-carnen-chindris-si-taraful-rutenilor-targul-mesterilor-traditionali\\\/#primaryimage\"},\"thumbnailUrl\":\"https:\\\/\\\/urbeamea.ro\\\/albaiulia\\\/wp-content\\\/uploads\\\/2025\\\/07\\\/1000043269.jpg\",\"keywords\":[\"T\u00e2rgul de Fete de pe Muntele G\u0103ina\"],\"articleSection\":[\"Actualitate\",\"Cultur\u0103\",\"Evenimente\",\"Muzic\u0103\",\"Social\",\"\u015etiri Urbane\",\"Turism \u0219i Ghidaj turistic\",\"Urbea Mea\"],\"inLanguage\":\"ro-RO\",\"potentialAction\":[{\"@type\":\"CommentAction\",\"name\":\"Comment\",\"target\":[\"https:\\\/\\\/urbeamea.ro\\\/albaiulia\\\/19-20-targul-de-fete-de-pe-muntele-gaina-traditie-identitate-si-spectacol-la-inaltime-tulnicaresele-din-avram-iancu-concert-carnen-chindris-si-taraful-rutenilor-targul-mesterilor-traditionali\\\/#respond\"]}]},{\"@type\":\"WebPage\",\"@id\":\"https:\\\/\\\/urbeamea.ro\\\/albaiulia\\\/19-20-targul-de-fete-de-pe-muntele-gaina-traditie-identitate-si-spectacol-la-inaltime-tulnicaresele-din-avram-iancu-concert-carnen-chindris-si-taraful-rutenilor-targul-mesterilor-traditionali\\\/\",\"url\":\"https:\\\/\\\/urbeamea.ro\\\/albaiulia\\\/19-20-targul-de-fete-de-pe-muntele-gaina-traditie-identitate-si-spectacol-la-inaltime-tulnicaresele-din-avram-iancu-concert-carnen-chindris-si-taraful-rutenilor-targul-mesterilor-traditionali\\\/\",\"name\":\"19-20 T\u00e2rgul de Fete de pe Muntele G\u0103ina. Tradi\u021bie, identitate \u0219i spectacol la \u00een\u0103l\u021bime: Tulnic\u0103resele din Avram Iancu, concert Carnen Chindri\u0219 \u0219i Taraful Rutenilor, t\u00e2rgul me\u0219terilor tradi\u021bionali - Revista Urbea Mea - Revista de Alba\",\"isPartOf\":{\"@id\":\"https:\\\/\\\/urbeamea.ro\\\/albaiulia\\\/#website\"},\"primaryImageOfPage\":{\"@id\":\"https:\\\/\\\/urbeamea.ro\\\/albaiulia\\\/19-20-targul-de-fete-de-pe-muntele-gaina-traditie-identitate-si-spectacol-la-inaltime-tulnicaresele-din-avram-iancu-concert-carnen-chindris-si-taraful-rutenilor-targul-mesterilor-traditionali\\\/#primaryimage\"},\"image\":{\"@id\":\"https:\\\/\\\/urbeamea.ro\\\/albaiulia\\\/19-20-targul-de-fete-de-pe-muntele-gaina-traditie-identitate-si-spectacol-la-inaltime-tulnicaresele-din-avram-iancu-concert-carnen-chindris-si-taraful-rutenilor-targul-mesterilor-traditionali\\\/#primaryimage\"},\"thumbnailUrl\":\"https:\\\/\\\/urbeamea.ro\\\/albaiulia\\\/wp-content\\\/uploads\\\/2025\\\/07\\\/1000043269.jpg\",\"datePublished\":\"2025-07-17T18:03:46+00:00\",\"dateModified\":\"2025-07-17T18:03:48+00:00\",\"author\":{\"@id\":\"https:\\\/\\\/urbeamea.ro\\\/albaiulia\\\/#\\\/schema\\\/person\\\/5db3854ac38c1cc9f0ab4092d6a20f02\"},\"description\":\"Peste doar dou\u0103 zile, pe 19 \u0219i 20 iulie 2025, inima Apusenilor va bate \u00een ritm de tulnic, joc \u0219i c\u00e2ntec rom\u00e2nesc, odat\u0103 cu desf\u0103\u0219urarea unei noi edi\u021bii a\",\"breadcrumb\":{\"@id\":\"https:\\\/\\\/urbeamea.ro\\\/albaiulia\\\/19-20-targul-de-fete-de-pe-muntele-gaina-traditie-identitate-si-spectacol-la-inaltime-tulnicaresele-din-avram-iancu-concert-carnen-chindris-si-taraful-rutenilor-targul-mesterilor-traditionali\\\/#breadcrumb\"},\"inLanguage\":\"ro-RO\",\"potentialAction\":[{\"@type\":\"ReadAction\",\"target\":[\"https:\\\/\\\/urbeamea.ro\\\/albaiulia\\\/19-20-targul-de-fete-de-pe-muntele-gaina-traditie-identitate-si-spectacol-la-inaltime-tulnicaresele-din-avram-iancu-concert-carnen-chindris-si-taraful-rutenilor-targul-mesterilor-traditionali\\\/\"]}]},{\"@type\":\"ImageObject\",\"inLanguage\":\"ro-RO\",\"@id\":\"https:\\\/\\\/urbeamea.ro\\\/albaiulia\\\/19-20-targul-de-fete-de-pe-muntele-gaina-traditie-identitate-si-spectacol-la-inaltime-tulnicaresele-din-avram-iancu-concert-carnen-chindris-si-taraful-rutenilor-targul-mesterilor-traditionali\\\/#primaryimage\",\"url\":\"https:\\\/\\\/urbeamea.ro\\\/albaiulia\\\/wp-content\\\/uploads\\\/2025\\\/07\\\/1000043269.jpg\",\"contentUrl\":\"https:\\\/\\\/urbeamea.ro\\\/albaiulia\\\/wp-content\\\/uploads\\\/2025\\\/07\\\/1000043269.jpg\",\"width\":1600,\"height\":960},{\"@type\":\"BreadcrumbList\",\"@id\":\"https:\\\/\\\/urbeamea.ro\\\/albaiulia\\\/19-20-targul-de-fete-de-pe-muntele-gaina-traditie-identitate-si-spectacol-la-inaltime-tulnicaresele-din-avram-iancu-concert-carnen-chindris-si-taraful-rutenilor-targul-mesterilor-traditionali\\\/#breadcrumb\",\"itemListElement\":[{\"@type\":\"ListItem\",\"position\":1,\"name\":\"Prima pagin\u0103\",\"item\":\"https:\\\/\\\/urbeamea.ro\\\/albaiulia\\\/\"},{\"@type\":\"ListItem\",\"position\":2,\"name\":\"19-20 T\u00e2rgul de Fete de pe Muntele G\u0103ina. Tradi\u021bie, identitate \u0219i spectacol la \u00een\u0103l\u021bime: Tulnic\u0103resele din Avram Iancu, concert Carnen Chindri\u0219 \u0219i Taraful Rutenilor, t\u00e2rgul me\u0219terilor tradi\u021bionali\"}]},{\"@type\":\"WebSite\",\"@id\":\"https:\\\/\\\/urbeamea.ro\\\/albaiulia\\\/#website\",\"url\":\"https:\\\/\\\/urbeamea.ro\\\/albaiulia\\\/\",\"name\":\"Revista Urbea Mea, Stiri urbane\",\"description\":\"Evenimente \u0219i \u0219tiri din Alba Iulia, Sebe\u0219, Aiud, Blaj\",\"potentialAction\":[{\"@type\":\"SearchAction\",\"target\":{\"@type\":\"EntryPoint\",\"urlTemplate\":\"https:\\\/\\\/urbeamea.ro\\\/albaiulia\\\/?s={search_term_string}\"},\"query-input\":{\"@type\":\"PropertyValueSpecification\",\"valueRequired\":true,\"valueName\":\"search_term_string\"}}],\"inLanguage\":\"ro-RO\"},{\"@type\":\"Person\",\"@id\":\"https:\\\/\\\/urbeamea.ro\\\/albaiulia\\\/#\\\/schema\\\/person\\\/5db3854ac38c1cc9f0ab4092d6a20f02\",\"name\":\"Giurca Sorin\",\"image\":{\"@type\":\"ImageObject\",\"inLanguage\":\"ro-RO\",\"@id\":\"https:\\\/\\\/secure.gravatar.com\\\/avatar\\\/120f6fcae7b3b47a7730cb9943f612f4909f68ac5284b5f40ac1c4615fd70576?s=96&d=mm&r=g\",\"url\":\"https:\\\/\\\/secure.gravatar.com\\\/avatar\\\/120f6fcae7b3b47a7730cb9943f612f4909f68ac5284b5f40ac1c4615fd70576?s=96&d=mm&r=g\",\"contentUrl\":\"https:\\\/\\\/secure.gravatar.com\\\/avatar\\\/120f6fcae7b3b47a7730cb9943f612f4909f68ac5284b5f40ac1c4615fd70576?s=96&d=mm&r=g\",\"caption\":\"Giurca Sorin\"},\"url\":\"https:\\\/\\\/urbeamea.ro\\\/albaiulia\\\/author\\\/sorin\\\/\"}]}<\/script>\n<!-- \/ Yoast SEO plugin. -->","yoast_head_json":{"title":"19-20 T\u00e2rgul de Fete de pe Muntele G\u0103ina. Tradi\u021bie, identitate \u0219i spectacol la \u00een\u0103l\u021bime: Tulnic\u0103resele din Avram Iancu, concert Carnen Chindri\u0219 \u0219i Taraful Rutenilor, t\u00e2rgul me\u0219terilor tradi\u021bionali - Revista Urbea Mea - Revista de Alba","description":"Peste doar dou\u0103 zile, pe 19 \u0219i 20 iulie 2025, inima Apusenilor va bate \u00een ritm de tulnic, joc \u0219i c\u00e2ntec rom\u00e2nesc, odat\u0103 cu desf\u0103\u0219urarea unei noi edi\u021bii a","robots":{"index":"index","follow":"follow","max-snippet":"max-snippet:-1","max-image-preview":"max-image-preview:large","max-video-preview":"max-video-preview:-1"},"canonical":"https:\/\/urbeamea.ro\/albaiulia\/19-20-targul-de-fete-de-pe-muntele-gaina-traditie-identitate-si-spectacol-la-inaltime-tulnicaresele-din-avram-iancu-concert-carnen-chindris-si-taraful-rutenilor-targul-mesterilor-traditionali\/","twitter_card":"summary_large_image","twitter_title":"19-20 T\u00e2rgul de Fete de pe Muntele G\u0103ina. Tradi\u021bie, identitate \u0219i spectacol la \u00een\u0103l\u021bime: Tulnic\u0103resele din Avram Iancu, concert Carnen Chindri\u0219 \u0219i Taraful Rutenilor, t\u00e2rgul me\u0219terilor tradi\u021bionali - Revista Urbea Mea - Revista de Alba","twitter_description":"Peste doar dou\u0103 zile, pe 19 \u0219i 20 iulie 2025, inima Apusenilor va bate \u00een ritm de tulnic, joc \u0219i c\u00e2ntec rom\u00e2nesc, odat\u0103 cu desf\u0103\u0219urarea unei noi edi\u021bii a","twitter_image":"https:\/\/urbeamea.ro\/albaiulia\/wp-content\/uploads\/2025\/07\/1000043269.jpg","twitter_creator":"@urbeameaweb","twitter_site":"@urbeameaweb","schema":{"@context":"https:\/\/schema.org","@graph":[{"@type":"Article","@id":"https:\/\/urbeamea.ro\/albaiulia\/19-20-targul-de-fete-de-pe-muntele-gaina-traditie-identitate-si-spectacol-la-inaltime-tulnicaresele-din-avram-iancu-concert-carnen-chindris-si-taraful-rutenilor-targul-mesterilor-traditionali\/#article","isPartOf":{"@id":"https:\/\/urbeamea.ro\/albaiulia\/19-20-targul-de-fete-de-pe-muntele-gaina-traditie-identitate-si-spectacol-la-inaltime-tulnicaresele-din-avram-iancu-concert-carnen-chindris-si-taraful-rutenilor-targul-mesterilor-traditionali\/"},"author":{"name":"Giurca Sorin","@id":"https:\/\/urbeamea.ro\/albaiulia\/#\/schema\/person\/5db3854ac38c1cc9f0ab4092d6a20f02"},"headline":"19-20 T\u00e2rgul de Fete de pe Muntele G\u0103ina. Tradi\u021bie, identitate \u0219i spectacol la \u00een\u0103l\u021bime: Tulnic\u0103resele din Avram Iancu, concert Carnen Chindri\u0219 \u0219i Taraful Rutenilor, t\u00e2rgul me\u0219terilor tradi\u021bionali","datePublished":"2025-07-17T18:03:46+00:00","dateModified":"2025-07-17T18:03:48+00:00","mainEntityOfPage":{"@id":"https:\/\/urbeamea.ro\/albaiulia\/19-20-targul-de-fete-de-pe-muntele-gaina-traditie-identitate-si-spectacol-la-inaltime-tulnicaresele-din-avram-iancu-concert-carnen-chindris-si-taraful-rutenilor-targul-mesterilor-traditionali\/"},"wordCount":533,"commentCount":0,"image":{"@id":"https:\/\/urbeamea.ro\/albaiulia\/19-20-targul-de-fete-de-pe-muntele-gaina-traditie-identitate-si-spectacol-la-inaltime-tulnicaresele-din-avram-iancu-concert-carnen-chindris-si-taraful-rutenilor-targul-mesterilor-traditionali\/#primaryimage"},"thumbnailUrl":"https:\/\/urbeamea.ro\/albaiulia\/wp-content\/uploads\/2025\/07\/1000043269.jpg","keywords":["T\u00e2rgul de Fete de pe Muntele G\u0103ina"],"articleSection":["Actualitate","Cultur\u0103","Evenimente","Muzic\u0103","Social","\u015etiri Urbane","Turism \u0219i Ghidaj turistic","Urbea Mea"],"inLanguage":"ro-RO","potentialAction":[{"@type":"CommentAction","name":"Comment","target":["https:\/\/urbeamea.ro\/albaiulia\/19-20-targul-de-fete-de-pe-muntele-gaina-traditie-identitate-si-spectacol-la-inaltime-tulnicaresele-din-avram-iancu-concert-carnen-chindris-si-taraful-rutenilor-targul-mesterilor-traditionali\/#respond"]}]},{"@type":"WebPage","@id":"https:\/\/urbeamea.ro\/albaiulia\/19-20-targul-de-fete-de-pe-muntele-gaina-traditie-identitate-si-spectacol-la-inaltime-tulnicaresele-din-avram-iancu-concert-carnen-chindris-si-taraful-rutenilor-targul-mesterilor-traditionali\/","url":"https:\/\/urbeamea.ro\/albaiulia\/19-20-targul-de-fete-de-pe-muntele-gaina-traditie-identitate-si-spectacol-la-inaltime-tulnicaresele-din-avram-iancu-concert-carnen-chindris-si-taraful-rutenilor-targul-mesterilor-traditionali\/","name":"19-20 T\u00e2rgul de Fete de pe Muntele G\u0103ina. Tradi\u021bie, identitate \u0219i spectacol la \u00een\u0103l\u021bime: Tulnic\u0103resele din Avram Iancu, concert Carnen Chindri\u0219 \u0219i Taraful Rutenilor, t\u00e2rgul me\u0219terilor tradi\u021bionali - Revista Urbea Mea - Revista de Alba","isPartOf":{"@id":"https:\/\/urbeamea.ro\/albaiulia\/#website"},"primaryImageOfPage":{"@id":"https:\/\/urbeamea.ro\/albaiulia\/19-20-targul-de-fete-de-pe-muntele-gaina-traditie-identitate-si-spectacol-la-inaltime-tulnicaresele-din-avram-iancu-concert-carnen-chindris-si-taraful-rutenilor-targul-mesterilor-traditionali\/#primaryimage"},"image":{"@id":"https:\/\/urbeamea.ro\/albaiulia\/19-20-targul-de-fete-de-pe-muntele-gaina-traditie-identitate-si-spectacol-la-inaltime-tulnicaresele-din-avram-iancu-concert-carnen-chindris-si-taraful-rutenilor-targul-mesterilor-traditionali\/#primaryimage"},"thumbnailUrl":"https:\/\/urbeamea.ro\/albaiulia\/wp-content\/uploads\/2025\/07\/1000043269.jpg","datePublished":"2025-07-17T18:03:46+00:00","dateModified":"2025-07-17T18:03:48+00:00","author":{"@id":"https:\/\/urbeamea.ro\/albaiulia\/#\/schema\/person\/5db3854ac38c1cc9f0ab4092d6a20f02"},"description":"Peste doar dou\u0103 zile, pe 19 \u0219i 20 iulie 2025, inima Apusenilor va bate \u00een ritm de tulnic, joc \u0219i c\u00e2ntec rom\u00e2nesc, odat\u0103 cu desf\u0103\u0219urarea unei noi edi\u021bii a","breadcrumb":{"@id":"https:\/\/urbeamea.ro\/albaiulia\/19-20-targul-de-fete-de-pe-muntele-gaina-traditie-identitate-si-spectacol-la-inaltime-tulnicaresele-din-avram-iancu-concert-carnen-chindris-si-taraful-rutenilor-targul-mesterilor-traditionali\/#breadcrumb"},"inLanguage":"ro-RO","potentialAction":[{"@type":"ReadAction","target":["https:\/\/urbeamea.ro\/albaiulia\/19-20-targul-de-fete-de-pe-muntele-gaina-traditie-identitate-si-spectacol-la-inaltime-tulnicaresele-din-avram-iancu-concert-carnen-chindris-si-taraful-rutenilor-targul-mesterilor-traditionali\/"]}]},{"@type":"ImageObject","inLanguage":"ro-RO","@id":"https:\/\/urbeamea.ro\/albaiulia\/19-20-targul-de-fete-de-pe-muntele-gaina-traditie-identitate-si-spectacol-la-inaltime-tulnicaresele-din-avram-iancu-concert-carnen-chindris-si-taraful-rutenilor-targul-mesterilor-traditionali\/#primaryimage","url":"https:\/\/urbeamea.ro\/albaiulia\/wp-content\/uploads\/2025\/07\/1000043269.jpg","contentUrl":"https:\/\/urbeamea.ro\/albaiulia\/wp-content\/uploads\/2025\/07\/1000043269.jpg","width":1600,"height":960},{"@type":"BreadcrumbList","@id":"https:\/\/urbeamea.ro\/albaiulia\/19-20-targul-de-fete-de-pe-muntele-gaina-traditie-identitate-si-spectacol-la-inaltime-tulnicaresele-din-avram-iancu-concert-carnen-chindris-si-taraful-rutenilor-targul-mesterilor-traditionali\/#breadcrumb","itemListElement":[{"@type":"ListItem","position":1,"name":"Prima pagin\u0103","item":"https:\/\/urbeamea.ro\/albaiulia\/"},{"@type":"ListItem","position":2,"name":"19-20 T\u00e2rgul de Fete de pe Muntele G\u0103ina. Tradi\u021bie, identitate \u0219i spectacol la \u00een\u0103l\u021bime: Tulnic\u0103resele din Avram Iancu, concert Carnen Chindri\u0219 \u0219i Taraful Rutenilor, t\u00e2rgul me\u0219terilor tradi\u021bionali"}]},{"@type":"WebSite","@id":"https:\/\/urbeamea.ro\/albaiulia\/#website","url":"https:\/\/urbeamea.ro\/albaiulia\/","name":"Revista Urbea Mea, Stiri urbane","description":"Evenimente \u0219i \u0219tiri din Alba Iulia, Sebe\u0219, Aiud, Blaj","potentialAction":[{"@type":"SearchAction","target":{"@type":"EntryPoint","urlTemplate":"https:\/\/urbeamea.ro\/albaiulia\/?s={search_term_string}"},"query-input":{"@type":"PropertyValueSpecification","valueRequired":true,"valueName":"search_term_string"}}],"inLanguage":"ro-RO"},{"@type":"Person","@id":"https:\/\/urbeamea.ro\/albaiulia\/#\/schema\/person\/5db3854ac38c1cc9f0ab4092d6a20f02","name":"Giurca Sorin","image":{"@type":"ImageObject","inLanguage":"ro-RO","@id":"https:\/\/secure.gravatar.com\/avatar\/120f6fcae7b3b47a7730cb9943f612f4909f68ac5284b5f40ac1c4615fd70576?s=96&d=mm&r=g","url":"https:\/\/secure.gravatar.com\/avatar\/120f6fcae7b3b47a7730cb9943f612f4909f68ac5284b5f40ac1c4615fd70576?s=96&d=mm&r=g","contentUrl":"https:\/\/secure.gravatar.com\/avatar\/120f6fcae7b3b47a7730cb9943f612f4909f68ac5284b5f40ac1c4615fd70576?s=96&d=mm&r=g","caption":"Giurca Sorin"},"url":"https:\/\/urbeamea.ro\/albaiulia\/author\/sorin\/"}]}},"_links":{"self":[{"href":"https:\/\/urbeamea.ro\/albaiulia\/wp-json\/wp\/v2\/posts\/118729","targetHints":{"allow":["GET"]}}],"collection":[{"href":"https:\/\/urbeamea.ro\/albaiulia\/wp-json\/wp\/v2\/posts"}],"about":[{"href":"https:\/\/urbeamea.ro\/albaiulia\/wp-json\/wp\/v2\/types\/post"}],"author":[{"embeddable":true,"href":"https:\/\/urbeamea.ro\/albaiulia\/wp-json\/wp\/v2\/users\/28"}],"replies":[{"embeddable":true,"href":"https:\/\/urbeamea.ro\/albaiulia\/wp-json\/wp\/v2\/comments?post=118729"}],"version-history":[{"count":1,"href":"https:\/\/urbeamea.ro\/albaiulia\/wp-json\/wp\/v2\/posts\/118729\/revisions"}],"predecessor-version":[{"id":118739,"href":"https:\/\/urbeamea.ro\/albaiulia\/wp-json\/wp\/v2\/posts\/118729\/revisions\/118739"}],"wp:featuredmedia":[{"embeddable":true,"href":"https:\/\/urbeamea.ro\/albaiulia\/wp-json\/wp\/v2\/media\/118737"}],"wp:attachment":[{"href":"https:\/\/urbeamea.ro\/albaiulia\/wp-json\/wp\/v2\/media?parent=118729"}],"wp:term":[{"taxonomy":"category","embeddable":true,"href":"https:\/\/urbeamea.ro\/albaiulia\/wp-json\/wp\/v2\/categories?post=118729"},{"taxonomy":"post_tag","embeddable":true,"href":"https:\/\/urbeamea.ro\/albaiulia\/wp-json\/wp\/v2\/tags?post=118729"}],"curies":[{"name":"wp","href":"https:\/\/api.w.org\/{rel}","templated":true}]}}