{"id":118899,"date":"2025-07-29T16:30:41","date_gmt":"2025-07-29T13:30:41","guid":{"rendered":"https:\/\/urbeamea.ro\/albaiulia\/?p=118899"},"modified":"2025-07-29T16:30:43","modified_gmt":"2025-07-29T13:30:43","slug":"larisa-carlugea-castigatoarea-marelui-premiu-a-festivalului-concurs-national-de-folclor-inimi-fierbinti-in-tara-de-piatra-de-la-abrud","status":"publish","type":"post","link":"https:\/\/urbeamea.ro\/albaiulia\/larisa-carlugea-castigatoarea-marelui-premiu-a-festivalului-concurs-national-de-folclor-inimi-fierbinti-in-tara-de-piatra-de-la-abrud\/","title":{"rendered":"Larisa C\u00e2rlugea, c\u00e2\u0219tig\u0103toarea marelui premiu a Festivalului-Concurs Na\u021bional de Folclor &#8222;Inimi fierbin\u021bi, \u00een \u021aara de Piatr\u0103&#8221; de la Abrud"},"content":{"rendered":"\n<p><strong>\u00centr-un peisaj montan \u00eenv\u0103luit de tradi\u021bie \u0219i r\u0103sunet de glasuri curate, ora\u0219ul Abrud a fost, din nou, duminic\u0103, 27 iulie 2025, centrul efervescen\u021bei culturale rom\u00e2ne\u0219ti, prin desf\u0103\u0219urarea celei de-a XLI-a edi\u021bii a \ud835\udc05\ud835\udc1e\ud835\udc2c\ud835\udc2d\ud835\udc22\ud835\udc2f\ud835\udc1a\ud835\udc25\ud835\udc2e\ud835\udc25\ud835\udc2e\ud835\udc22-\ud835\udc02\ud835\udc28\ud835\udc27\ud835\udc1c\ud835\udc2e\ud835\udc2b\ud835\udc2c \ud835\udc0d\ud835\udc1a\ud835\udc2d\ud835\udc22\ud835\udc28\ud835\udc27\ud835\udc1a\ud835\udc25 \ud835\udc1d\ud835\udc1e \ud835\udc05\ud835\udc28\ud835\udc25\ud835\udc1c\ud835\udc25\ud835\udc28\ud835\udc2b \u201e\ud835\udc08\ud835\udc27\ud835\udc22\ud835\udc26\ud835\udc22 \ud835\udc1f\ud835\udc22\ud835\udc1e\ud835\udc2b\ud835\udc1b\ud835\udc22\ud835\udc27\ud835\udc2d\ud835\udc22, \ud835\udc22\ud835\udc27 \ud835\udc13\ud835\udc1a\ud835\udc2b\ud835\udc1a \ud835\udc1d\ud835\udc1e \ud835\udc0f\ud835\udc22\ud835\udc1a\ud835\udc2d\ud835\udc2b\ud835\udc1a\u201d.<\/strong><\/p>\n\n\n\n<p>Organizat cu profesionalism \u0219i implicare de \ud835\udc02\ud835\udc28\ud835\udc27\ud835\udc2c\ud835\udc22\ud835\udc25\ud835\udc22\ud835\udc2e\ud835\udc25 \ud835\udc09\ud835\udc2e\ud835\udc1d\ud835\udc1e\ud835\udc2d\ud835\udc1e\ud835\udc1a\ud835\udc27 \ud835\udc00\ud835\udc25\ud835\udc1b\ud835\udc1a, \ud835\udc02\ud835\udc1e\ud835\udc27\ud835\udc2d\ud835\udc2b\ud835\udc2e\ud835\udc25 \ud835\udc1d\ud835\udc1e \ud835\udc02\ud835\udc2e\ud835\udc25\ud835\udc2d\ud835\udc2e\ud835\udc2b\ud835\udc1a \u201e\ud835\udc00\ud835\udc2e\ud835\udc20\ud835\udc2e\ud835\udc2c\ud835\udc2d\ud835\udc22\ud835\udc27 \ud835\udc01\ud835\udc1e\ud835\udc27\ud835\udc1a\u201d \u0219i \ud835\udc0f\ud835\udc2b\ud835\udc22\ud835\udc26\ud835\udc1a\ud835\udc2b\ud835\udc22\ud835\udc1a \ud835\udc28\ud835\udc2b\ud835\udc1a\ud835\udc2c\ud835\udc2e\ud835\udc25\ud835\udc2e\ud835\udc22 \ud835\udc00\ud835\udc1b\ud835\udc2b\ud835\udc2e\ud835\udc1d, festivalul \u0219i-a reafirmat pozi\u021bia de referin\u021b\u0103 \u00een peisajul folcloric na\u021bional, aduc\u00e2nd \u00een prim-plan tinere talente din toate col\u021burile \u021b\u0103rii, \u00eentr-o competi\u021bie de \u00eenalt\u0103 \u021binut\u0103 artistic\u0103.<\/p>\n\n\n\n<p>Evenimentul a debutat \u00eentr-o not\u0103 cald\u0103 \u0219i educativ\u0103, sub titlul \u201e\ud835\udc00\ud835\udc1b\ud835\udc2b\ud835\udc2e\ud835\udc1d\ud835\udc2e\ud835\udc25 \ud835\udc2c\ud835\udc2e\ud835\udc2c\ud835\udc2d\ud835\udc22\ud835\udc27\ud835\udc1e \ud835\udc1e\ud835\udc1d\ud835\udc2e\ud835\udc1c\ud835\udc1a\ud835\udc2d\ud835\udc22\ud835\udc1a\u201d, pun\u00e2nd \u00een lumin\u0103 energia tinerilor elevi \u0219i ini\u021biativele culturale locale. <\/p>\n\n\n\n<p>\u00cencep\u00e2nd cu ora 17:30, scena a fost cucerit\u0103 de cei \ud835\udfd1\ud835\udfcf \ud835\udc1d\ud835\udc1e \ud835\udc1c\ud835\udc28\ud835\udc27\ud835\udc1c\ud835\udc2e\ud835\udc2b\ud835\udc1e\ud835\udc27\ud835\udc2d\ud835\udc22 din \ud835\udfd0\ud835\udfce \ud835\udc1d\ud835\udc1e \ud835\udc23\ud835\udc2e\ud835\udc1d\ud835\udc1e\ud835\udc2d\ud835\udc1e \ud835\udc1a\ud835\udc25\ud835\udc1e \ud835\udc2d\ud835\udc1a\ud835\udc2b\ud835\udc22\ud835\udc22 \u0219i din \ud835\udc14\ud835\udc1c\ud835\udc2b\ud835\udc1a\ud835\udc22\ud835\udc27\ud835\udc1a (\ud835\udc0e\ud835\udc1d\ud835\udc1e\ud835\udc2c\ud835\udc1a), care au adus \u00een fa\u021ba publicului \u0219i a juriului esen\u021ba muzicii tradi\u021bionale rom\u00e2ne\u0219ti, fiecare interpret\u00e2nd cu pasiune, rafinament \u0219i respect pentru autenticitate.<\/p>\n\n\n\n<p>Un \ud835\udc23\ud835\udc2e\ud835\udc2b\ud835\udc22\ud835\udc2e \ud835\udc1d\ud835\udc1e \ud835\udc1e\ud835\udc25\ud835\udc22\ud835\udc2d\ud835\udc1a, format din reputa\u021bii cercet\u0103tori \u0219i interpre\u021bi ai folclorului rom\u00e2nesc \u2013 \ud835\udc04\ud835\udc25\ud835\udc22\ud835\udc2c\ud835\udc1e \ud835\udc12\ud835\udc2d\ud835\udc1a\ud835\udc27, \ud835\udc03\ud835\udc28\ud835\udc22\ud835\udc27\ud835\udc1a \ud835\udc08\ud835\udc2c\ud835\udc1f\ud835\udc1a\ud835\udc27\ud835\udc28\ud835\udc27\ud835\udc22 \u0219i \ud835\udc06\ud835\udc21\ud835\udc1e\ud835\udc28\ud835\udc2b\ud835\udc20\ud835\udc21\ud835\udc22\ud835\udc2d\ud835\udc1a \ud835\udc0d\ud835\udc22\ud835\udc1c\ud835\udc28\ud835\udc25\ud835\udc1a\ud835\udc1e, a avut dificila misiune de a evalua presta\u021biile concuren\u021bilor.<\/p>\n\n\n\n<p> Prin exigen\u021b\u0103, discern\u0103m\u00e2nt artistic \u0219i profesionalism, au fost desemna\u021bi urm\u0103torii \ud835\udc25\ud835\udc1a\ud835\udc2e\ud835\udc2b\ud835\udc1e\ud835\udc1a\ud835\udc2d\ud835\udc22 \ud835\udc1a\ud835\udc22 \ud835\udc1e\ud835\udc1d\ud835\udc22\ud835\udc2d\ud835\udc22\ud835\udc1e\ud835\udc22:- <\/p>\n\n\n\n<p>\ud835\udc0c\ud835\udc00\ud835\udc11\ud835\udc04\ud835\udc0b\ud835\udc04 \ud835\udc0f\ud835\udc11\ud835\udc04\ud835\udc0c\ud835\udc08\ud835\udc14: \ud835\udc02\ud835\udc1a\ud835\udc2b\ud835\udc25\ud835\udc2e\ud835\udc20\ud835\udc1e\ud835\udc1a \ud835\udc0b\ud835\udc1a\ud835\udc2b\ud835\udc22\ud835\udc2c\ud835\udc1a-\ud835\udc03\ud835\udc1a\ud835\udc27\ud835\udc22\ud835\udc1e\ud835\udc25\ud835\udc1a din \ud835\udc06\ud835\udc28\ud835\udc2b\ud835\udc23, pentru o interpretare de o profunzime rar \u00eent\u00e2lnit\u0103 \u0219i o st\u0103p\u00e2nire impecabil\u0103 a fraz\u0103rii muzicale tradi\u021bionale.- \ud835\udc0f\ud835\udc2b\ud835\udc1e\ud835\udc26\ud835\udc22\ud835\udc2e\ud835\udc25 \ud835\udc08: \ud835\udc02\ud835\udc28\ud835\udc2c\ud835\udc2d\ud835\udc1e\ud835\udc1a \ud835\udc03\ud835\udc1a\ud835\udc2b\ud835\udc22\ud835\udc1a din \ud835\udc00\ud835\udc25\ud835\udc1b\ud835\udc1a, care a cucerit publicul prin puritatea timbral\u0103 \u0219i acurate\u021bea stilistic\u0103<\/p>\n\n\n\n<p>.- \ud835\udc0f\ud835\udc2b\ud835\udc1e\ud835\udc26\ud835\udc22\ud835\udc2e\ud835\udc25 \ud835\udc08\ud835\udc08: \ud835\udc0b\ud835\udc22\ud835\udc2e \ud835\udc08\ud835\udc2e\ud835\udc25\ud835\udc22\ud835\udc1a\ud835\udc27 \ud835\udc06\ud835\udc1a\ud835\udc1b\ud835\udc2b\ud835\udc22\ud835\udc1e\ud835\udc25 din \ud835\udc15\ud835\udc1a\ud835\udc25\ud835\udc1c\ud835\udc1e\ud835\udc1a, remarcat prin expresivitate \u0219i autenticitate \u00een redarea repertoriului oltenesc.<\/p>\n\n\n\n<p>&#8211; \ud835\udc0f\ud835\udc2b\ud835\udc1e\ud835\udc26\ud835\udc22\ud835\udc2e\ud835\udc25 \ud835\udc08\ud835\udc08\ud835\udc08: \ud835\udc01\ud835\udc1a\ud835\udc25\ud835\udc28\ud835\udc20\ud835\udc21 \ud835\udc15\ud835\udc1a\ud835\udc2c\ud835\udc22\ud835\udc25\ud835\udc1e din \ud835\udc0c\ud835\udc2e\ud835\udc2b\ud835\udc1e\ud835\udc2c, o prezen\u021b\u0103 scenic\u0103 deosebit\u0103, cu un discurs muzical coerent \u0219i emo\u021bionant.<\/p>\n\n\n\n<p>Premiile speciale au fost acordate pentru calit\u0103\u021bi remarcabile \u00een p\u0103strarea \u0219i promovarea specificului folcloric regional:- \ud835\udc0f\ud835\udc2b\ud835\udc1e\ud835\udc26\ud835\udc22\ud835\udc2e\ud835\udc25 \ud835\udc2c\ud835\udc29\ud835\udc1e\ud835\udc1c\ud835\udc22\ud835\udc1a\ud835\udc25 \u201e\ud835\udc08\ud835\udc27 \ud835\udc26\ud835\udc1e\ud835\udc26\ud835\udc28\ud835\udc2b\ud835\udc22\ud835\udc1a\ud835\udc26 \ud835\udc0d\ud835\udc22\ud835\udc1c\ud835\udc28\ud835\udc25\ud835\udc1a\ud835\udc1e \ud835\udc13\ud835\udc2e\ud835\udc21\ud835\udc2e\ud835\udc2d\u201d: \ud835\udc0c\ud835\udc28\ud835\udc22\ud835\udc2c\ud835\udc1a \ud835\udc06\ud835\udc2b\ud835\udc22\ud835\udc20\ud835\udc28\ud835\udc2b\ud835\udc22\ud835\udc1e din \ud835\udc06\ud835\udc1a\ud835\udc25\ud835\udc1a\ud835\udc2d\ud835\udc22, pentru respectul des\u0103v\u00e2r\u0219it fa\u021b\u0103 de linia melodic\u0103 arhaic\u0103 \u0219i sobrietatea interpret\u0103rii<\/p>\n\n\n\n<p>.- \ud835\udc0f\ud835\udc2b\ud835\udc1e\ud835\udc26\ud835\udc22\ud835\udc2e\ud835\udc25 \ud835\udc29\ud835\udc1e\ud835\udc27\ud835\udc2d\ud835\udc2b\ud835\udc2e \ud835\udc1a\ud835\udc2e\ud835\udc2d\ud835\udc1e\ud835\udc27\ud835\udc2d\ud835\udc22\ud835\udc1c\ud835\udc22\ud835\udc2d\ud835\udc1a\ud835\udc2d\ud835\udc1e\ud835\udc1a \ud835\udc1c\ud835\udc28\ud835\udc2c\ud835\udc2d\ud835\udc2e\ud835\udc26\ud835\udc2e\ud835\udc25\ud835\udc2e\ud835\udc22: \ud835\udc06\ud835\udc22\ud835\udc2e\ud835\udc2b\ud835\udc20\ud835\udc22\ud835\udc2e \ud835\udc03\ud835\udc1e\ud835\udc27\ud835\udc22\ud835\udc2c\ud835\udc1a din \ud835\udc02\ud835\udc25\ud835\udc2e\ud835\udc23, care a adus pe scen\u0103 piese vestimentare rare, cu valoare patrimonial\u0103 cert\u0103.<\/p>\n\n\n\n<p>&#8211; \ud835\udc0f\ud835\udc2b\ud835\udc1e\ud835\udc26\ud835\udc22\ud835\udc2e\ud835\udc25 \ud835\udc29\ud835\udc1e\ud835\udc27\ud835\udc2d\ud835\udc2b\ud835\udc2e \ud835\udc1a\ud835\udc2e\ud835\udc2d\ud835\udc1e\ud835\udc27\ud835\udc2d\ud835\udc22\ud835\udc1c\ud835\udc22\ud835\udc2d\ud835\udc1a\ud835\udc2d\ud835\udc1e\ud835\udc1a \ud835\udc2b\ud835\udc1e\ud835\udc29\ud835\udc1e\ud835\udc2b\ud835\udc2d\ud835\udc28\ud835\udc2b\ud835\udc22\ud835\udc2e\ud835\udc25\ud835\udc2e\ud835\udc22: \ud835\udc01\ud835\udc1e\ud835\udc2c\ud835\udc25\ud835\udc1e\ud835\udc1a\ud835\udc20\ud835\udc1a \ud835\udc12\ud835\udc22\ud835\udc26\ud835\udc28\ud835\udc27\ud835\udc1a din \ud835\udc15\ud835\udc1a\ud835\udc2c\ud835\udc25\ud835\udc2e\ud835\udc22, pentru un repertoriu cules direct din vatra satului \u0219i redat cu sinceritate \u0219i sim\u021b al rostirii tradi\u021bionale.<\/p>\n\n\n\n<p>Seara s-a \u00eencheiat fastuos, printr-un \ud835\udc2c\ud835\udc29\ud835\udc1e\ud835\udc1c\ud835\udc2d\ud835\udc1a\ud835\udc1c\ud835\udc28\ud835\udc25 \ud835\udc1f\ud835\udc28\ud835\udc25\ud835\udc1c\ud835\udc25\ud835\udc28\ud835\udc2b\ud835\udc22\ud835\udc1c \ud835\udc1e\ud835\udc31\ud835\udc2d\ud835\udc2b\ud835\udc1a\ud835\udc28\ud835\udc2b\ud835\udc1d\ud835\udc22\ud835\udc27\ud835\udc1a\ud835\udc2b, \u00een care au evoluat nume sonore ale muzicii populare rom\u00e2ne\u0219ti: \ud835\udc06\ud835\udc21\ud835\udc1e\ud835\udc28\ud835\udc2b\ud835\udc20\ud835\udc21\ud835\udc22\ud835\udc2d\ud835\udc1a \ud835\udc0d\ud835\udc22\ud835\udc1c\ud835\udc28\ud835\udc25\ud835\udc1a\ud835\udc1e, \ud835\udc11\ud835\udc28\ud835\udc31\ud835\udc1a\ud835\udc27\ud835\udc1a \ud835\udc11\ud835\udc1e\ud835\udc1c\ud835\udc21\ud835\udc1e, \ud835\udc0d\ud835\udc22\ud835\udc1c\ud835\udc28\ud835\udc25\ud835\udc1a\ud835\udc1e \ud835\udc0f\ud835\udc25\ud835\udc2e\ud835\udc2d\ud835\udc1a, \ud835\udc05\ud835\udc25\ud835\udc28\ud835\udc2b\ud835\udc22\ud835\udc1c\ud835\udc22\ud835\udc1c\ud835\udc1a \ud835\udc0c\ud835\udc28\ud835\udc20\ud835\udc1a \u0219i \ud835\udc03\ud835\udc28\ud835\udc2b\ud835\udc22\ud835\udc27\ud835\udc1a \ud835\udc0d\ud835\udc1a\ud835\udc2b\ud835\udc22\ud835\udc2da, acompania\u021bi de \ud835\udc0e\ud835\udc2b\ud835\udc1c\ud835\udc21\ud835\udc1e\ud835\udc2c\ud835\udc2d\ud835\udc2b\ud835\udc1a \ud835\udc00\ud835\udc27\ud835\udc2c\ud835\udc1a\ud835\udc26\ud835\udc1b\ud835\udc25\ud835\udc2e\ud835\udc25\ud835\udc2e\ud835\udc22 \ud835\udc05\ud835\udc28\ud835\udc25\ud835\udc1c\ud835\udc25\ud835\udc28\ud835\udc2b\ud835\udc22\ud835\udc1c \ud835\udc1a\ud835\udc25 \ud835\udc09\ud835\udc2e\ud835\udc1d\ud835\udc1e\ud835\udc2d\ud835\udc2e\ud835\udc25\ud835\udc2e\ud835\udc22 \ud835\udc00\ud835\udc25\ud835\udc1b\ud835\udc1a, sub bagheta dirijorului \ud835\udc00\ud835\udc25\ud835\udc1e\ud835\udc31\ud835\udc1a\ud835\udc27\ud835\udc1d\ud835\udc2b\ud835\udc2e \ud835\udc0f\ud835\udc1a\ud835\udc25.<\/p>\n\n\n\n<p>Ultimul moment al serii, dedicat din nou educa\u021biei, a adus \u00een prim-plan dinamica \u0219i modernitatea, printr-o reprezenta\u021bie de Zumba \u0219i o demonstra\u021bie de karate, \u00eencheind astfel o zi care a unit, simbolic \u0219i artistic, trecutul \u0219i prezentul.<\/p>\n\n\n\n<p>Edi\u021bia a XLI-a a Festivalului-Concurs \u201eInimi fierbin\u021bi, \u00een \u021aara de Piatr\u0103\u201d a reconfirmat rolul Abrudului ca \ud835\udc1e\ud835\udc29\ud835\udc22\ud835\udc1c\ud835\udc1e\ud835\udc27\ud835\udc2d\ud835\udc2b\ud835\udc2e \ud835\udc1a\ud835\udc25 \ud835\udc1c\ud835\udc2e\ud835\udc25\ud835\udc2d\ud835\udc2e\ud835\udc2b\ud835\udc22\ud835\udc22 \ud835\udc2d\ud835\udc2b\ud835\udc1a\ud835\udc1d\ud835\udc22\ud835\udc2d\ud835\udc22\ud835\udc28\ud835\udc27\ud835\udc1a\ud835\udc25\ud835\udc1e \ud835\udc22\ud835\udc27 \ud835\udc22\ud835\udc27\ud835\udc22\ud835\udc26\ud835\udc1a \ud835\udc0c\ud835\udc2e\ud835\udc27\ud835\udc2d\ud835\udc22\ud835\udc25\ud835\udc28\ud835\udc2b \ud835\udc00\ud835\udc29\ud835\udc2e\ud835\udc2c\ud835\udc1e\ud835\udc27\ud835\udc22, un loc unde folclorul tr\u0103ie\u0219te, se c\u00e2nt\u0103, se simte \u0219i se transmite cu emo\u021bie \u0219i noble\u021be genera\u021biilor .<\/p>\n\n\n\n<figure class=\"wp-block-image size-large\"><img loading=\"lazy\" decoding=\"async\" width=\"1280\" height=\"508\" src=\"https:\/\/urbeamea.ro\/albaiulia\/wp-content\/uploads\/2025\/07\/1000044509-1280x508.jpg\" alt=\"\" class=\"wp-image-118900\" srcset=\"https:\/\/urbeamea.ro\/albaiulia\/wp-content\/uploads\/2025\/07\/1000044509-1280x508.jpg 1280w, https:\/\/urbeamea.ro\/albaiulia\/wp-content\/uploads\/2025\/07\/1000044509-640x254.jpg 640w, https:\/\/urbeamea.ro\/albaiulia\/wp-content\/uploads\/2025\/07\/1000044509-150x60.jpg 150w, https:\/\/urbeamea.ro\/albaiulia\/wp-content\/uploads\/2025\/07\/1000044509-768x305.jpg 768w, https:\/\/urbeamea.ro\/albaiulia\/wp-content\/uploads\/2025\/07\/1000044509-1536x610.jpg 1536w, https:\/\/urbeamea.ro\/albaiulia\/wp-content\/uploads\/2025\/07\/1000044509.jpg 1600w\" sizes=\"auto, (max-width: 1280px) 100vw, 1280px\" \/><\/figure>\n\n\n\n<figure class=\"wp-block-gallery has-nested-images columns-default is-cropped wp-block-gallery-1 is-layout-flex wp-block-gallery-is-layout-flex\">\n<figure class=\"wp-block-image size-large\"><img loading=\"lazy\" decoding=\"async\" width=\"1280\" height=\"853\" data-id=\"118901\" src=\"https:\/\/urbeamea.ro\/albaiulia\/wp-content\/uploads\/2025\/07\/1000044508-1280x853.jpg\" alt=\"\" class=\"wp-image-118901\" srcset=\"https:\/\/urbeamea.ro\/albaiulia\/wp-content\/uploads\/2025\/07\/1000044508-1280x853.jpg 1280w, https:\/\/urbeamea.ro\/albaiulia\/wp-content\/uploads\/2025\/07\/1000044508-640x427.jpg 640w, https:\/\/urbeamea.ro\/albaiulia\/wp-content\/uploads\/2025\/07\/1000044508-150x100.jpg 150w, https:\/\/urbeamea.ro\/albaiulia\/wp-content\/uploads\/2025\/07\/1000044508-768x512.jpg 768w, https:\/\/urbeamea.ro\/albaiulia\/wp-content\/uploads\/2025\/07\/1000044508-1536x1024.jpg 1536w, https:\/\/urbeamea.ro\/albaiulia\/wp-content\/uploads\/2025\/07\/1000044508.jpg 2048w\" sizes=\"auto, (max-width: 1280px) 100vw, 1280px\" \/><\/figure>\n\n\n\n<figure class=\"wp-block-image size-large\"><img loading=\"lazy\" decoding=\"async\" width=\"853\" height=\"1280\" data-id=\"118902\" src=\"https:\/\/urbeamea.ro\/albaiulia\/wp-content\/uploads\/2025\/07\/1000044507-853x1280.jpg\" alt=\"\" class=\"wp-image-118902\" srcset=\"https:\/\/urbeamea.ro\/albaiulia\/wp-content\/uploads\/2025\/07\/1000044507-853x1280.jpg 853w, https:\/\/urbeamea.ro\/albaiulia\/wp-content\/uploads\/2025\/07\/1000044507-427x640.jpg 427w, https:\/\/urbeamea.ro\/albaiulia\/wp-content\/uploads\/2025\/07\/1000044507-100x150.jpg 100w, https:\/\/urbeamea.ro\/albaiulia\/wp-content\/uploads\/2025\/07\/1000044507-768x1152.jpg 768w, https:\/\/urbeamea.ro\/albaiulia\/wp-content\/uploads\/2025\/07\/1000044507-1024x1536.jpg 1024w, https:\/\/urbeamea.ro\/albaiulia\/wp-content\/uploads\/2025\/07\/1000044507.jpg 1365w\" sizes=\"auto, (max-width: 853px) 100vw, 853px\" \/><\/figure>\n\n\n\n<figure class=\"wp-block-image size-large\"><img loading=\"lazy\" decoding=\"async\" width=\"853\" height=\"1280\" data-id=\"118903\" src=\"https:\/\/urbeamea.ro\/albaiulia\/wp-content\/uploads\/2025\/07\/1000044504-853x1280.jpg\" alt=\"\" class=\"wp-image-118903\" srcset=\"https:\/\/urbeamea.ro\/albaiulia\/wp-content\/uploads\/2025\/07\/1000044504-853x1280.jpg 853w, https:\/\/urbeamea.ro\/albaiulia\/wp-content\/uploads\/2025\/07\/1000044504-427x640.jpg 427w, https:\/\/urbeamea.ro\/albaiulia\/wp-content\/uploads\/2025\/07\/1000044504-100x150.jpg 100w, https:\/\/urbeamea.ro\/albaiulia\/wp-content\/uploads\/2025\/07\/1000044504-768x1152.jpg 768w, https:\/\/urbeamea.ro\/albaiulia\/wp-content\/uploads\/2025\/07\/1000044504-1024x1536.jpg 1024w, https:\/\/urbeamea.ro\/albaiulia\/wp-content\/uploads\/2025\/07\/1000044504.jpg 1365w\" sizes=\"auto, (max-width: 853px) 100vw, 853px\" \/><\/figure>\n\n\n\n<figure class=\"wp-block-image size-large\"><img loading=\"lazy\" decoding=\"async\" width=\"853\" height=\"1280\" data-id=\"118904\" src=\"https:\/\/urbeamea.ro\/albaiulia\/wp-content\/uploads\/2025\/07\/1000044505-853x1280.jpg\" alt=\"\" class=\"wp-image-118904\" srcset=\"https:\/\/urbeamea.ro\/albaiulia\/wp-content\/uploads\/2025\/07\/1000044505-853x1280.jpg 853w, https:\/\/urbeamea.ro\/albaiulia\/wp-content\/uploads\/2025\/07\/1000044505-427x640.jpg 427w, https:\/\/urbeamea.ro\/albaiulia\/wp-content\/uploads\/2025\/07\/1000044505-100x150.jpg 100w, https:\/\/urbeamea.ro\/albaiulia\/wp-content\/uploads\/2025\/07\/1000044505-768x1152.jpg 768w, https:\/\/urbeamea.ro\/albaiulia\/wp-content\/uploads\/2025\/07\/1000044505-1024x1536.jpg 1024w, https:\/\/urbeamea.ro\/albaiulia\/wp-content\/uploads\/2025\/07\/1000044505.jpg 1365w\" sizes=\"auto, (max-width: 853px) 100vw, 853px\" \/><\/figure>\n\n\n\n<figure class=\"wp-block-image size-large\"><img loading=\"lazy\" decoding=\"async\" width=\"853\" height=\"1280\" data-id=\"118905\" src=\"https:\/\/urbeamea.ro\/albaiulia\/wp-content\/uploads\/2025\/07\/1000044506-853x1280.jpg\" alt=\"\" class=\"wp-image-118905\" srcset=\"https:\/\/urbeamea.ro\/albaiulia\/wp-content\/uploads\/2025\/07\/1000044506-853x1280.jpg 853w, https:\/\/urbeamea.ro\/albaiulia\/wp-content\/uploads\/2025\/07\/1000044506-427x640.jpg 427w, https:\/\/urbeamea.ro\/albaiulia\/wp-content\/uploads\/2025\/07\/1000044506-100x150.jpg 100w, https:\/\/urbeamea.ro\/albaiulia\/wp-content\/uploads\/2025\/07\/1000044506-768x1152.jpg 768w, https:\/\/urbeamea.ro\/albaiulia\/wp-content\/uploads\/2025\/07\/1000044506-1024x1536.jpg 1024w, https:\/\/urbeamea.ro\/albaiulia\/wp-content\/uploads\/2025\/07\/1000044506.jpg 1365w\" sizes=\"auto, (max-width: 853px) 100vw, 853px\" \/><\/figure>\n\n\n\n<figure class=\"wp-block-image size-large\"><img loading=\"lazy\" decoding=\"async\" width=\"1280\" height=\"853\" data-id=\"118906\" src=\"https:\/\/urbeamea.ro\/albaiulia\/wp-content\/uploads\/2025\/07\/1000044501-1280x853.jpg\" alt=\"\" class=\"wp-image-118906\" srcset=\"https:\/\/urbeamea.ro\/albaiulia\/wp-content\/uploads\/2025\/07\/1000044501-1280x853.jpg 1280w, https:\/\/urbeamea.ro\/albaiulia\/wp-content\/uploads\/2025\/07\/1000044501-640x427.jpg 640w, https:\/\/urbeamea.ro\/albaiulia\/wp-content\/uploads\/2025\/07\/1000044501-150x100.jpg 150w, https:\/\/urbeamea.ro\/albaiulia\/wp-content\/uploads\/2025\/07\/1000044501-768x512.jpg 768w, https:\/\/urbeamea.ro\/albaiulia\/wp-content\/uploads\/2025\/07\/1000044501-1536x1024.jpg 1536w, https:\/\/urbeamea.ro\/albaiulia\/wp-content\/uploads\/2025\/07\/1000044501.jpg 2048w\" sizes=\"auto, (max-width: 1280px) 100vw, 1280px\" \/><\/figure>\n\n\n\n<figure class=\"wp-block-image size-large\"><img loading=\"lazy\" decoding=\"async\" width=\"1280\" height=\"853\" data-id=\"118907\" src=\"https:\/\/urbeamea.ro\/albaiulia\/wp-content\/uploads\/2025\/07\/1000044502-1280x853.jpg\" alt=\"\" class=\"wp-image-118907\" srcset=\"https:\/\/urbeamea.ro\/albaiulia\/wp-content\/uploads\/2025\/07\/1000044502-1280x853.jpg 1280w, https:\/\/urbeamea.ro\/albaiulia\/wp-content\/uploads\/2025\/07\/1000044502-640x427.jpg 640w, https:\/\/urbeamea.ro\/albaiulia\/wp-content\/uploads\/2025\/07\/1000044502-150x100.jpg 150w, https:\/\/urbeamea.ro\/albaiulia\/wp-content\/uploads\/2025\/07\/1000044502-768x512.jpg 768w, https:\/\/urbeamea.ro\/albaiulia\/wp-content\/uploads\/2025\/07\/1000044502-1536x1024.jpg 1536w, https:\/\/urbeamea.ro\/albaiulia\/wp-content\/uploads\/2025\/07\/1000044502.jpg 2048w\" sizes=\"auto, (max-width: 1280px) 100vw, 1280px\" \/><\/figure>\n\n\n\n<figure class=\"wp-block-image size-large\"><img loading=\"lazy\" decoding=\"async\" width=\"853\" height=\"1280\" data-id=\"118908\" src=\"https:\/\/urbeamea.ro\/albaiulia\/wp-content\/uploads\/2025\/07\/1000044503-853x1280.jpg\" alt=\"\" class=\"wp-image-118908\" srcset=\"https:\/\/urbeamea.ro\/albaiulia\/wp-content\/uploads\/2025\/07\/1000044503-853x1280.jpg 853w, https:\/\/urbeamea.ro\/albaiulia\/wp-content\/uploads\/2025\/07\/1000044503-427x640.jpg 427w, https:\/\/urbeamea.ro\/albaiulia\/wp-content\/uploads\/2025\/07\/1000044503-100x150.jpg 100w, https:\/\/urbeamea.ro\/albaiulia\/wp-content\/uploads\/2025\/07\/1000044503-768x1152.jpg 768w, https:\/\/urbeamea.ro\/albaiulia\/wp-content\/uploads\/2025\/07\/1000044503-1024x1536.jpg 1024w, https:\/\/urbeamea.ro\/albaiulia\/wp-content\/uploads\/2025\/07\/1000044503.jpg 1365w\" sizes=\"auto, (max-width: 853px) 100vw, 853px\" \/><\/figure>\n\n\n\n<figure class=\"wp-block-image size-large\"><img loading=\"lazy\" decoding=\"async\" width=\"1280\" height=\"853\" data-id=\"118909\" src=\"https:\/\/urbeamea.ro\/albaiulia\/wp-content\/uploads\/2025\/07\/1000044498-1280x853.jpg\" alt=\"\" class=\"wp-image-118909\" srcset=\"https:\/\/urbeamea.ro\/albaiulia\/wp-content\/uploads\/2025\/07\/1000044498-1280x853.jpg 1280w, https:\/\/urbeamea.ro\/albaiulia\/wp-content\/uploads\/2025\/07\/1000044498-640x427.jpg 640w, https:\/\/urbeamea.ro\/albaiulia\/wp-content\/uploads\/2025\/07\/1000044498-150x100.jpg 150w, https:\/\/urbeamea.ro\/albaiulia\/wp-content\/uploads\/2025\/07\/1000044498-768x512.jpg 768w, https:\/\/urbeamea.ro\/albaiulia\/wp-content\/uploads\/2025\/07\/1000044498-1536x1024.jpg 1536w, https:\/\/urbeamea.ro\/albaiulia\/wp-content\/uploads\/2025\/07\/1000044498.jpg 2048w\" sizes=\"auto, (max-width: 1280px) 100vw, 1280px\" \/><\/figure>\n\n\n\n<figure class=\"wp-block-image size-large\"><img loading=\"lazy\" decoding=\"async\" width=\"1280\" height=\"853\" data-id=\"118910\" src=\"https:\/\/urbeamea.ro\/albaiulia\/wp-content\/uploads\/2025\/07\/1000044499-1280x853.jpg\" alt=\"\" class=\"wp-image-118910\" srcset=\"https:\/\/urbeamea.ro\/albaiulia\/wp-content\/uploads\/2025\/07\/1000044499-1280x853.jpg 1280w, https:\/\/urbeamea.ro\/albaiulia\/wp-content\/uploads\/2025\/07\/1000044499-640x427.jpg 640w, https:\/\/urbeamea.ro\/albaiulia\/wp-content\/uploads\/2025\/07\/1000044499-150x100.jpg 150w, https:\/\/urbeamea.ro\/albaiulia\/wp-content\/uploads\/2025\/07\/1000044499-768x512.jpg 768w, https:\/\/urbeamea.ro\/albaiulia\/wp-content\/uploads\/2025\/07\/1000044499-1536x1024.jpg 1536w, https:\/\/urbeamea.ro\/albaiulia\/wp-content\/uploads\/2025\/07\/1000044499.jpg 2048w\" sizes=\"auto, (max-width: 1280px) 100vw, 1280px\" \/><\/figure>\n\n\n\n<figure class=\"wp-block-image size-large\"><img loading=\"lazy\" decoding=\"async\" width=\"1280\" height=\"853\" data-id=\"118911\" src=\"https:\/\/urbeamea.ro\/albaiulia\/wp-content\/uploads\/2025\/07\/1000044500-1280x853.jpg\" alt=\"\" class=\"wp-image-118911\" srcset=\"https:\/\/urbeamea.ro\/albaiulia\/wp-content\/uploads\/2025\/07\/1000044500-1280x853.jpg 1280w, https:\/\/urbeamea.ro\/albaiulia\/wp-content\/uploads\/2025\/07\/1000044500-640x427.jpg 640w, https:\/\/urbeamea.ro\/albaiulia\/wp-content\/uploads\/2025\/07\/1000044500-150x100.jpg 150w, https:\/\/urbeamea.ro\/albaiulia\/wp-content\/uploads\/2025\/07\/1000044500-768x512.jpg 768w, https:\/\/urbeamea.ro\/albaiulia\/wp-content\/uploads\/2025\/07\/1000044500-1536x1024.jpg 1536w, https:\/\/urbeamea.ro\/albaiulia\/wp-content\/uploads\/2025\/07\/1000044500.jpg 2048w\" sizes=\"auto, (max-width: 1280px) 100vw, 1280px\" \/><\/figure>\n\n\n\n<figure class=\"wp-block-image size-large\"><img loading=\"lazy\" decoding=\"async\" width=\"1280\" height=\"853\" data-id=\"118912\" src=\"https:\/\/urbeamea.ro\/albaiulia\/wp-content\/uploads\/2025\/07\/1000044495-1280x853.jpg\" alt=\"\" class=\"wp-image-118912\" srcset=\"https:\/\/urbeamea.ro\/albaiulia\/wp-content\/uploads\/2025\/07\/1000044495-1280x853.jpg 1280w, https:\/\/urbeamea.ro\/albaiulia\/wp-content\/uploads\/2025\/07\/1000044495-640x427.jpg 640w, https:\/\/urbeamea.ro\/albaiulia\/wp-content\/uploads\/2025\/07\/1000044495-150x100.jpg 150w, https:\/\/urbeamea.ro\/albaiulia\/wp-content\/uploads\/2025\/07\/1000044495-768x512.jpg 768w, https:\/\/urbeamea.ro\/albaiulia\/wp-content\/uploads\/2025\/07\/1000044495-1536x1024.jpg 1536w, https:\/\/urbeamea.ro\/albaiulia\/wp-content\/uploads\/2025\/07\/1000044495.jpg 2048w\" sizes=\"auto, (max-width: 1280px) 100vw, 1280px\" \/><\/figure>\n\n\n\n<figure class=\"wp-block-image size-large\"><img loading=\"lazy\" decoding=\"async\" width=\"1280\" height=\"853\" data-id=\"118913\" src=\"https:\/\/urbeamea.ro\/albaiulia\/wp-content\/uploads\/2025\/07\/1000044496-1280x853.jpg\" alt=\"\" class=\"wp-image-118913\" srcset=\"https:\/\/urbeamea.ro\/albaiulia\/wp-content\/uploads\/2025\/07\/1000044496-1280x853.jpg 1280w, https:\/\/urbeamea.ro\/albaiulia\/wp-content\/uploads\/2025\/07\/1000044496-640x427.jpg 640w, https:\/\/urbeamea.ro\/albaiulia\/wp-content\/uploads\/2025\/07\/1000044496-150x100.jpg 150w, https:\/\/urbeamea.ro\/albaiulia\/wp-content\/uploads\/2025\/07\/1000044496-768x512.jpg 768w, https:\/\/urbeamea.ro\/albaiulia\/wp-content\/uploads\/2025\/07\/1000044496-1536x1024.jpg 1536w, https:\/\/urbeamea.ro\/albaiulia\/wp-content\/uploads\/2025\/07\/1000044496.jpg 2048w\" sizes=\"auto, (max-width: 1280px) 100vw, 1280px\" \/><\/figure>\n\n\n\n<figure class=\"wp-block-image size-large\"><img loading=\"lazy\" decoding=\"async\" width=\"1280\" height=\"853\" data-id=\"118914\" src=\"https:\/\/urbeamea.ro\/albaiulia\/wp-content\/uploads\/2025\/07\/1000044497-1280x853.jpg\" alt=\"\" class=\"wp-image-118914\" srcset=\"https:\/\/urbeamea.ro\/albaiulia\/wp-content\/uploads\/2025\/07\/1000044497-1280x853.jpg 1280w, https:\/\/urbeamea.ro\/albaiulia\/wp-content\/uploads\/2025\/07\/1000044497-640x427.jpg 640w, https:\/\/urbeamea.ro\/albaiulia\/wp-content\/uploads\/2025\/07\/1000044497-150x100.jpg 150w, https:\/\/urbeamea.ro\/albaiulia\/wp-content\/uploads\/2025\/07\/1000044497-768x512.jpg 768w, https:\/\/urbeamea.ro\/albaiulia\/wp-content\/uploads\/2025\/07\/1000044497-1536x1024.jpg 1536w, https:\/\/urbeamea.ro\/albaiulia\/wp-content\/uploads\/2025\/07\/1000044497.jpg 2048w\" sizes=\"auto, (max-width: 1280px) 100vw, 1280px\" \/><\/figure>\n\n\n\n<figure class=\"wp-block-image size-large\"><img loading=\"lazy\" decoding=\"async\" width=\"1280\" height=\"853\" data-id=\"118915\" src=\"https:\/\/urbeamea.ro\/albaiulia\/wp-content\/uploads\/2025\/07\/1000044494-1280x853.jpg\" alt=\"\" class=\"wp-image-118915\" srcset=\"https:\/\/urbeamea.ro\/albaiulia\/wp-content\/uploads\/2025\/07\/1000044494-1280x853.jpg 1280w, https:\/\/urbeamea.ro\/albaiulia\/wp-content\/uploads\/2025\/07\/1000044494-640x427.jpg 640w, https:\/\/urbeamea.ro\/albaiulia\/wp-content\/uploads\/2025\/07\/1000044494-150x100.jpg 150w, https:\/\/urbeamea.ro\/albaiulia\/wp-content\/uploads\/2025\/07\/1000044494-768x512.jpg 768w, https:\/\/urbeamea.ro\/albaiulia\/wp-content\/uploads\/2025\/07\/1000044494-1536x1024.jpg 1536w, https:\/\/urbeamea.ro\/albaiulia\/wp-content\/uploads\/2025\/07\/1000044494.jpg 2048w\" sizes=\"auto, (max-width: 1280px) 100vw, 1280px\" \/><\/figure>\n\n\n\n<figure class=\"wp-block-image size-large\"><img loading=\"lazy\" decoding=\"async\" width=\"1280\" height=\"853\" data-id=\"118916\" src=\"https:\/\/urbeamea.ro\/albaiulia\/wp-content\/uploads\/2025\/07\/1000044493-1280x853.jpg\" alt=\"\" class=\"wp-image-118916\" srcset=\"https:\/\/urbeamea.ro\/albaiulia\/wp-content\/uploads\/2025\/07\/1000044493-1280x853.jpg 1280w, https:\/\/urbeamea.ro\/albaiulia\/wp-content\/uploads\/2025\/07\/1000044493-640x427.jpg 640w, https:\/\/urbeamea.ro\/albaiulia\/wp-content\/uploads\/2025\/07\/1000044493-150x100.jpg 150w, https:\/\/urbeamea.ro\/albaiulia\/wp-content\/uploads\/2025\/07\/1000044493-768x512.jpg 768w, https:\/\/urbeamea.ro\/albaiulia\/wp-content\/uploads\/2025\/07\/1000044493-1536x1024.jpg 1536w, https:\/\/urbeamea.ro\/albaiulia\/wp-content\/uploads\/2025\/07\/1000044493.jpg 2048w\" sizes=\"auto, (max-width: 1280px) 100vw, 1280px\" \/><\/figure>\n\n\n\n<figure class=\"wp-block-image size-large\"><img loading=\"lazy\" decoding=\"async\" width=\"1280\" height=\"853\" data-id=\"118917\" src=\"https:\/\/urbeamea.ro\/albaiulia\/wp-content\/uploads\/2025\/07\/1000044492-1280x853.jpg\" alt=\"\" class=\"wp-image-118917\" srcset=\"https:\/\/urbeamea.ro\/albaiulia\/wp-content\/uploads\/2025\/07\/1000044492-1280x853.jpg 1280w, https:\/\/urbeamea.ro\/albaiulia\/wp-content\/uploads\/2025\/07\/1000044492-640x427.jpg 640w, https:\/\/urbeamea.ro\/albaiulia\/wp-content\/uploads\/2025\/07\/1000044492-150x100.jpg 150w, https:\/\/urbeamea.ro\/albaiulia\/wp-content\/uploads\/2025\/07\/1000044492-768x512.jpg 768w, https:\/\/urbeamea.ro\/albaiulia\/wp-content\/uploads\/2025\/07\/1000044492-1536x1024.jpg 1536w, https:\/\/urbeamea.ro\/albaiulia\/wp-content\/uploads\/2025\/07\/1000044492.jpg 2048w\" sizes=\"auto, (max-width: 1280px) 100vw, 1280px\" \/><\/figure>\n\n\n\n<figure class=\"wp-block-image size-large\"><img loading=\"lazy\" decoding=\"async\" width=\"1280\" height=\"853\" data-id=\"118918\" src=\"https:\/\/urbeamea.ro\/albaiulia\/wp-content\/uploads\/2025\/07\/1000044489-1280x853.jpg\" alt=\"\" class=\"wp-image-118918\" srcset=\"https:\/\/urbeamea.ro\/albaiulia\/wp-content\/uploads\/2025\/07\/1000044489-1280x853.jpg 1280w, https:\/\/urbeamea.ro\/albaiulia\/wp-content\/uploads\/2025\/07\/1000044489-640x427.jpg 640w, https:\/\/urbeamea.ro\/albaiulia\/wp-content\/uploads\/2025\/07\/1000044489-150x100.jpg 150w, https:\/\/urbeamea.ro\/albaiulia\/wp-content\/uploads\/2025\/07\/1000044489-768x512.jpg 768w, https:\/\/urbeamea.ro\/albaiulia\/wp-content\/uploads\/2025\/07\/1000044489-1536x1024.jpg 1536w, https:\/\/urbeamea.ro\/albaiulia\/wp-content\/uploads\/2025\/07\/1000044489.jpg 2048w\" sizes=\"auto, (max-width: 1280px) 100vw, 1280px\" \/><\/figure>\n\n\n\n<figure class=\"wp-block-image size-large\"><img loading=\"lazy\" decoding=\"async\" width=\"853\" height=\"1280\" data-id=\"118919\" src=\"https:\/\/urbeamea.ro\/albaiulia\/wp-content\/uploads\/2025\/07\/1000044490-853x1280.jpg\" alt=\"\" class=\"wp-image-118919\" srcset=\"https:\/\/urbeamea.ro\/albaiulia\/wp-content\/uploads\/2025\/07\/1000044490-853x1280.jpg 853w, https:\/\/urbeamea.ro\/albaiulia\/wp-content\/uploads\/2025\/07\/1000044490-427x640.jpg 427w, https:\/\/urbeamea.ro\/albaiulia\/wp-content\/uploads\/2025\/07\/1000044490-100x150.jpg 100w, https:\/\/urbeamea.ro\/albaiulia\/wp-content\/uploads\/2025\/07\/1000044490-768x1152.jpg 768w, https:\/\/urbeamea.ro\/albaiulia\/wp-content\/uploads\/2025\/07\/1000044490-1024x1536.jpg 1024w, https:\/\/urbeamea.ro\/albaiulia\/wp-content\/uploads\/2025\/07\/1000044490.jpg 1365w\" sizes=\"auto, (max-width: 853px) 100vw, 853px\" \/><\/figure>\n\n\n\n<figure class=\"wp-block-image size-large\"><img loading=\"lazy\" decoding=\"async\" width=\"1280\" height=\"853\" data-id=\"118921\" src=\"https:\/\/urbeamea.ro\/albaiulia\/wp-content\/uploads\/2025\/07\/1000044491-1280x853.jpg\" alt=\"\" class=\"wp-image-118921\" srcset=\"https:\/\/urbeamea.ro\/albaiulia\/wp-content\/uploads\/2025\/07\/1000044491-1280x853.jpg 1280w, https:\/\/urbeamea.ro\/albaiulia\/wp-content\/uploads\/2025\/07\/1000044491-640x427.jpg 640w, https:\/\/urbeamea.ro\/albaiulia\/wp-content\/uploads\/2025\/07\/1000044491-150x100.jpg 150w, https:\/\/urbeamea.ro\/albaiulia\/wp-content\/uploads\/2025\/07\/1000044491-768x512.jpg 768w, https:\/\/urbeamea.ro\/albaiulia\/wp-content\/uploads\/2025\/07\/1000044491-1536x1024.jpg 1536w, https:\/\/urbeamea.ro\/albaiulia\/wp-content\/uploads\/2025\/07\/1000044491.jpg 2048w\" sizes=\"auto, (max-width: 1280px) 100vw, 1280px\" \/><\/figure>\n\n\n\n<figure class=\"wp-block-image size-large\"><img loading=\"lazy\" decoding=\"async\" width=\"1280\" height=\"853\" data-id=\"118920\" src=\"https:\/\/urbeamea.ro\/albaiulia\/wp-content\/uploads\/2025\/07\/1000044488-1280x853.jpg\" alt=\"\" class=\"wp-image-118920\" srcset=\"https:\/\/urbeamea.ro\/albaiulia\/wp-content\/uploads\/2025\/07\/1000044488-1280x853.jpg 1280w, https:\/\/urbeamea.ro\/albaiulia\/wp-content\/uploads\/2025\/07\/1000044488-640x427.jpg 640w, https:\/\/urbeamea.ro\/albaiulia\/wp-content\/uploads\/2025\/07\/1000044488-150x100.jpg 150w, https:\/\/urbeamea.ro\/albaiulia\/wp-content\/uploads\/2025\/07\/1000044488-768x512.jpg 768w, https:\/\/urbeamea.ro\/albaiulia\/wp-content\/uploads\/2025\/07\/1000044488-1536x1024.jpg 1536w, https:\/\/urbeamea.ro\/albaiulia\/wp-content\/uploads\/2025\/07\/1000044488.jpg 2048w\" sizes=\"auto, (max-width: 1280px) 100vw, 1280px\" \/><\/figure>\n<\/figure>\n","protected":false},"excerpt":{"rendered":"<p>\u00centr-un peisaj montan \u00eenv\u0103luit de tradi\u021bie \u0219i r\u0103sunet de glasuri curate, ora\u0219ul Abrud a fost, din nou, duminic\u0103, 27 iulie 2025, centrul efervescen\u021bei culturale rom\u00e2ne\u0219ti, prin desf\u0103\u0219urarea celei de-a XLI-a edi\u021bii a \ud835\udc05\ud835\udc1e\ud835\udc2c\ud835\udc2d\ud835\udc22\ud835\udc2f\ud835\udc1a\ud835\udc25\ud835\udc2e\ud835\udc25\ud835\udc2e\ud835\udc22-\ud835\udc02\ud835\udc28\ud835\udc27\ud835\udc1c\ud835\udc2e\ud835\udc2b\ud835\udc2c \ud835\udc0d\ud835\udc1a\ud835\udc2d\ud835\udc22\ud835\udc28\ud835\udc27\ud835\udc1a\ud835\udc25 \ud835\udc1d\ud835\udc1e \ud835\udc05\ud835\udc28\ud835\udc25\ud835\udc1c\ud835\udc25\ud835\udc28\ud835\udc2b \u201e\ud835\udc08\ud835\udc27\ud835\udc22\ud835\udc26\ud835\udc22 \ud835\udc1f\ud835\udc22\ud835\udc1e\ud835\udc2b\ud835\udc1b\ud835\udc22\ud835\udc27\ud835\udc2d\ud835\udc22, \ud835\udc22\ud835\udc27 \ud835\udc13\ud835\udc1a\ud835\udc2b\ud835\udc1a \ud835\udc1d\ud835\udc1e \ud835\udc0f\ud835\udc22\ud835\udc1a\ud835\udc2d\ud835\udc2b\ud835\udc1a\u201d. Organizat cu profesionalism \u0219i implicare de \ud835\udc02\ud835\udc28\ud835\udc27\ud835\udc2c\ud835\udc22\ud835\udc25\ud835\udc22\ud835\udc2e\ud835\udc25 \ud835\udc09\ud835\udc2e\ud835\udc1d\ud835\udc1e\ud835\udc2d\ud835\udc1e\ud835\udc1a\ud835\udc27 \ud835\udc00\ud835\udc25\ud835\udc1b\ud835\udc1a, \ud835\udc02\ud835\udc1e\ud835\udc27\ud835\udc2d\ud835\udc2b\ud835\udc2e\ud835\udc25 \ud835\udc1d\ud835\udc1e \ud835\udc02\ud835\udc2e\ud835\udc25\ud835\udc2d\ud835\udc2e\ud835\udc2b\ud835\udc1a \u201e\ud835\udc00\ud835\udc2e\ud835\udc20\ud835\udc2e\ud835\udc2c\ud835\udc2d\ud835\udc22\ud835\udc27 &hellip;<\/p>\n","protected":false},"author":28,"featured_media":118900,"comment_status":"open","ping_status":"open","sticky":false,"template":"","format":"standard","meta":{"inline_featured_image":false,"footnotes":""},"categories":[2038,4,16567,2034,1,16344],"tags":[23179],"class_list":["post-118899","post","type-post","status-publish","format-standard","has-post-thumbnail","hentry","category-cultura","category-eveniment","category-muzica","category-social","category-stiri-urbane","category-urbea-mea","tag-inimi-fierbinti-in-tara-de-piatra-abrud"],"yoast_head":"<!-- This site is optimized with the Yoast SEO plugin v27.4 - https:\/\/yoast.com\/product\/yoast-seo-wordpress\/ -->\n<title>Larisa C\u00e2rlugea, c\u00e2\u0219tig\u0103toarea marelui premiu a Festivalului-Concurs Na\u021bional de Folclor &quot;Inimi fierbin\u021bi, \u00een \u021aara de Piatr\u0103&quot; de la Abrud - Revista Urbea Mea - Revista de Alba<\/title>\n<meta name=\"description\" content=\"\u00centr-un peisaj montan \u00eenv\u0103luit de tradi\u021bie \u0219i r\u0103sunet de glasuri curate, ora\u0219ul Abrud a fost, din nou, duminic\u0103, 27 iulie 2025, centrul efervescen\u021bei\" \/>\n<meta name=\"robots\" content=\"index, follow, max-snippet:-1, max-image-preview:large, max-video-preview:-1\" \/>\n<link rel=\"canonical\" href=\"https:\/\/urbeamea.ro\/albaiulia\/larisa-carlugea-castigatoarea-marelui-premiu-a-festivalului-concurs-national-de-folclor-inimi-fierbinti-in-tara-de-piatra-de-la-abrud\/\" \/>\n<meta name=\"twitter:card\" content=\"summary_large_image\" \/>\n<meta name=\"twitter:title\" content=\"Larisa C\u00e2rlugea, c\u00e2\u0219tig\u0103toarea marelui premiu a Festivalului-Concurs Na\u021bional de Folclor &quot;Inimi fierbin\u021bi, \u00een \u021aara de Piatr\u0103&quot; de la Abrud - Revista Urbea Mea - Revista de Alba\" \/>\n<meta name=\"twitter:description\" content=\"\u00centr-un peisaj montan \u00eenv\u0103luit de tradi\u021bie \u0219i r\u0103sunet de glasuri curate, ora\u0219ul Abrud a fost, din nou, duminic\u0103, 27 iulie 2025, centrul efervescen\u021bei\" \/>\n<meta name=\"twitter:image\" content=\"https:\/\/urbeamea.ro\/albaiulia\/wp-content\/uploads\/2025\/07\/1000044509.jpg\" \/>\n<meta name=\"twitter:creator\" content=\"@urbeameaweb\" \/>\n<meta name=\"twitter:site\" content=\"@urbeameaweb\" \/>\n<script type=\"application\/ld+json\" class=\"yoast-schema-graph\">{\"@context\":\"https:\\\/\\\/schema.org\",\"@graph\":[{\"@type\":\"Article\",\"@id\":\"https:\\\/\\\/urbeamea.ro\\\/albaiulia\\\/larisa-carlugea-castigatoarea-marelui-premiu-a-festivalului-concurs-national-de-folclor-inimi-fierbinti-in-tara-de-piatra-de-la-abrud\\\/#article\",\"isPartOf\":{\"@id\":\"https:\\\/\\\/urbeamea.ro\\\/albaiulia\\\/larisa-carlugea-castigatoarea-marelui-premiu-a-festivalului-concurs-national-de-folclor-inimi-fierbinti-in-tara-de-piatra-de-la-abrud\\\/\"},\"author\":{\"name\":\"Giurca Sorin\",\"@id\":\"https:\\\/\\\/urbeamea.ro\\\/albaiulia\\\/#\\\/schema\\\/person\\\/5db3854ac38c1cc9f0ab4092d6a20f02\"},\"headline\":\"Larisa C\u00e2rlugea, c\u00e2\u0219tig\u0103toarea marelui premiu a Festivalului-Concurs Na\u021bional de Folclor &#8222;Inimi fierbin\u021bi, \u00een \u021aara de Piatr\u0103&#8221; de la Abrud\",\"datePublished\":\"2025-07-29T13:30:41+00:00\",\"dateModified\":\"2025-07-29T13:30:43+00:00\",\"mainEntityOfPage\":{\"@id\":\"https:\\\/\\\/urbeamea.ro\\\/albaiulia\\\/larisa-carlugea-castigatoarea-marelui-premiu-a-festivalului-concurs-national-de-folclor-inimi-fierbinti-in-tara-de-piatra-de-la-abrud\\\/\"},\"wordCount\":440,\"commentCount\":0,\"image\":{\"@id\":\"https:\\\/\\\/urbeamea.ro\\\/albaiulia\\\/larisa-carlugea-castigatoarea-marelui-premiu-a-festivalului-concurs-national-de-folclor-inimi-fierbinti-in-tara-de-piatra-de-la-abrud\\\/#primaryimage\"},\"thumbnailUrl\":\"https:\\\/\\\/urbeamea.ro\\\/albaiulia\\\/wp-content\\\/uploads\\\/2025\\\/07\\\/1000044509.jpg\",\"keywords\":[\"inimi fierbinti in tara de piatra abrud\"],\"articleSection\":[\"Cultur\u0103\",\"Evenimente\",\"Muzic\u0103\",\"Social\",\"\u015etiri Urbane\",\"Urbea Mea\"],\"inLanguage\":\"ro-RO\",\"potentialAction\":[{\"@type\":\"CommentAction\",\"name\":\"Comment\",\"target\":[\"https:\\\/\\\/urbeamea.ro\\\/albaiulia\\\/larisa-carlugea-castigatoarea-marelui-premiu-a-festivalului-concurs-national-de-folclor-inimi-fierbinti-in-tara-de-piatra-de-la-abrud\\\/#respond\"]}]},{\"@type\":\"WebPage\",\"@id\":\"https:\\\/\\\/urbeamea.ro\\\/albaiulia\\\/larisa-carlugea-castigatoarea-marelui-premiu-a-festivalului-concurs-national-de-folclor-inimi-fierbinti-in-tara-de-piatra-de-la-abrud\\\/\",\"url\":\"https:\\\/\\\/urbeamea.ro\\\/albaiulia\\\/larisa-carlugea-castigatoarea-marelui-premiu-a-festivalului-concurs-national-de-folclor-inimi-fierbinti-in-tara-de-piatra-de-la-abrud\\\/\",\"name\":\"Larisa C\u00e2rlugea, c\u00e2\u0219tig\u0103toarea marelui premiu a Festivalului-Concurs Na\u021bional de Folclor \\\"Inimi fierbin\u021bi, \u00een \u021aara de Piatr\u0103\\\" de la Abrud - Revista Urbea Mea - Revista de Alba\",\"isPartOf\":{\"@id\":\"https:\\\/\\\/urbeamea.ro\\\/albaiulia\\\/#website\"},\"primaryImageOfPage\":{\"@id\":\"https:\\\/\\\/urbeamea.ro\\\/albaiulia\\\/larisa-carlugea-castigatoarea-marelui-premiu-a-festivalului-concurs-national-de-folclor-inimi-fierbinti-in-tara-de-piatra-de-la-abrud\\\/#primaryimage\"},\"image\":{\"@id\":\"https:\\\/\\\/urbeamea.ro\\\/albaiulia\\\/larisa-carlugea-castigatoarea-marelui-premiu-a-festivalului-concurs-national-de-folclor-inimi-fierbinti-in-tara-de-piatra-de-la-abrud\\\/#primaryimage\"},\"thumbnailUrl\":\"https:\\\/\\\/urbeamea.ro\\\/albaiulia\\\/wp-content\\\/uploads\\\/2025\\\/07\\\/1000044509.jpg\",\"datePublished\":\"2025-07-29T13:30:41+00:00\",\"dateModified\":\"2025-07-29T13:30:43+00:00\",\"author\":{\"@id\":\"https:\\\/\\\/urbeamea.ro\\\/albaiulia\\\/#\\\/schema\\\/person\\\/5db3854ac38c1cc9f0ab4092d6a20f02\"},\"description\":\"\u00centr-un peisaj montan \u00eenv\u0103luit de tradi\u021bie \u0219i r\u0103sunet de glasuri curate, ora\u0219ul Abrud a fost, din nou, duminic\u0103, 27 iulie 2025, centrul efervescen\u021bei\",\"breadcrumb\":{\"@id\":\"https:\\\/\\\/urbeamea.ro\\\/albaiulia\\\/larisa-carlugea-castigatoarea-marelui-premiu-a-festivalului-concurs-national-de-folclor-inimi-fierbinti-in-tara-de-piatra-de-la-abrud\\\/#breadcrumb\"},\"inLanguage\":\"ro-RO\",\"potentialAction\":[{\"@type\":\"ReadAction\",\"target\":[\"https:\\\/\\\/urbeamea.ro\\\/albaiulia\\\/larisa-carlugea-castigatoarea-marelui-premiu-a-festivalului-concurs-national-de-folclor-inimi-fierbinti-in-tara-de-piatra-de-la-abrud\\\/\"]}]},{\"@type\":\"ImageObject\",\"inLanguage\":\"ro-RO\",\"@id\":\"https:\\\/\\\/urbeamea.ro\\\/albaiulia\\\/larisa-carlugea-castigatoarea-marelui-premiu-a-festivalului-concurs-national-de-folclor-inimi-fierbinti-in-tara-de-piatra-de-la-abrud\\\/#primaryimage\",\"url\":\"https:\\\/\\\/urbeamea.ro\\\/albaiulia\\\/wp-content\\\/uploads\\\/2025\\\/07\\\/1000044509.jpg\",\"contentUrl\":\"https:\\\/\\\/urbeamea.ro\\\/albaiulia\\\/wp-content\\\/uploads\\\/2025\\\/07\\\/1000044509.jpg\",\"width\":1600,\"height\":635},{\"@type\":\"BreadcrumbList\",\"@id\":\"https:\\\/\\\/urbeamea.ro\\\/albaiulia\\\/larisa-carlugea-castigatoarea-marelui-premiu-a-festivalului-concurs-national-de-folclor-inimi-fierbinti-in-tara-de-piatra-de-la-abrud\\\/#breadcrumb\",\"itemListElement\":[{\"@type\":\"ListItem\",\"position\":1,\"name\":\"Prima pagin\u0103\",\"item\":\"https:\\\/\\\/urbeamea.ro\\\/albaiulia\\\/\"},{\"@type\":\"ListItem\",\"position\":2,\"name\":\"Larisa C\u00e2rlugea, c\u00e2\u0219tig\u0103toarea marelui premiu a Festivalului-Concurs Na\u021bional de Folclor &#8222;Inimi fierbin\u021bi, \u00een \u021aara de Piatr\u0103&#8221; de la Abrud\"}]},{\"@type\":\"WebSite\",\"@id\":\"https:\\\/\\\/urbeamea.ro\\\/albaiulia\\\/#website\",\"url\":\"https:\\\/\\\/urbeamea.ro\\\/albaiulia\\\/\",\"name\":\"Revista Urbea Mea, Stiri urbane\",\"description\":\"Evenimente \u0219i \u0219tiri din Alba Iulia, Sebe\u0219, Aiud, Blaj\",\"potentialAction\":[{\"@type\":\"SearchAction\",\"target\":{\"@type\":\"EntryPoint\",\"urlTemplate\":\"https:\\\/\\\/urbeamea.ro\\\/albaiulia\\\/?s={search_term_string}\"},\"query-input\":{\"@type\":\"PropertyValueSpecification\",\"valueRequired\":true,\"valueName\":\"search_term_string\"}}],\"inLanguage\":\"ro-RO\"},{\"@type\":\"Person\",\"@id\":\"https:\\\/\\\/urbeamea.ro\\\/albaiulia\\\/#\\\/schema\\\/person\\\/5db3854ac38c1cc9f0ab4092d6a20f02\",\"name\":\"Giurca Sorin\",\"image\":{\"@type\":\"ImageObject\",\"inLanguage\":\"ro-RO\",\"@id\":\"https:\\\/\\\/secure.gravatar.com\\\/avatar\\\/120f6fcae7b3b47a7730cb9943f612f4909f68ac5284b5f40ac1c4615fd70576?s=96&d=mm&r=g\",\"url\":\"https:\\\/\\\/secure.gravatar.com\\\/avatar\\\/120f6fcae7b3b47a7730cb9943f612f4909f68ac5284b5f40ac1c4615fd70576?s=96&d=mm&r=g\",\"contentUrl\":\"https:\\\/\\\/secure.gravatar.com\\\/avatar\\\/120f6fcae7b3b47a7730cb9943f612f4909f68ac5284b5f40ac1c4615fd70576?s=96&d=mm&r=g\",\"caption\":\"Giurca Sorin\"},\"url\":\"https:\\\/\\\/urbeamea.ro\\\/albaiulia\\\/author\\\/sorin\\\/\"}]}<\/script>\n<!-- \/ Yoast SEO plugin. -->","yoast_head_json":{"title":"Larisa C\u00e2rlugea, c\u00e2\u0219tig\u0103toarea marelui premiu a Festivalului-Concurs Na\u021bional de Folclor \"Inimi fierbin\u021bi, \u00een \u021aara de Piatr\u0103\" de la Abrud - Revista Urbea Mea - Revista de Alba","description":"\u00centr-un peisaj montan \u00eenv\u0103luit de tradi\u021bie \u0219i r\u0103sunet de glasuri curate, ora\u0219ul Abrud a fost, din nou, duminic\u0103, 27 iulie 2025, centrul efervescen\u021bei","robots":{"index":"index","follow":"follow","max-snippet":"max-snippet:-1","max-image-preview":"max-image-preview:large","max-video-preview":"max-video-preview:-1"},"canonical":"https:\/\/urbeamea.ro\/albaiulia\/larisa-carlugea-castigatoarea-marelui-premiu-a-festivalului-concurs-national-de-folclor-inimi-fierbinti-in-tara-de-piatra-de-la-abrud\/","twitter_card":"summary_large_image","twitter_title":"Larisa C\u00e2rlugea, c\u00e2\u0219tig\u0103toarea marelui premiu a Festivalului-Concurs Na\u021bional de Folclor \"Inimi fierbin\u021bi, \u00een \u021aara de Piatr\u0103\" de la Abrud - Revista Urbea Mea - Revista de Alba","twitter_description":"\u00centr-un peisaj montan \u00eenv\u0103luit de tradi\u021bie \u0219i r\u0103sunet de glasuri curate, ora\u0219ul Abrud a fost, din nou, duminic\u0103, 27 iulie 2025, centrul efervescen\u021bei","twitter_image":"https:\/\/urbeamea.ro\/albaiulia\/wp-content\/uploads\/2025\/07\/1000044509.jpg","twitter_creator":"@urbeameaweb","twitter_site":"@urbeameaweb","schema":{"@context":"https:\/\/schema.org","@graph":[{"@type":"Article","@id":"https:\/\/urbeamea.ro\/albaiulia\/larisa-carlugea-castigatoarea-marelui-premiu-a-festivalului-concurs-national-de-folclor-inimi-fierbinti-in-tara-de-piatra-de-la-abrud\/#article","isPartOf":{"@id":"https:\/\/urbeamea.ro\/albaiulia\/larisa-carlugea-castigatoarea-marelui-premiu-a-festivalului-concurs-national-de-folclor-inimi-fierbinti-in-tara-de-piatra-de-la-abrud\/"},"author":{"name":"Giurca Sorin","@id":"https:\/\/urbeamea.ro\/albaiulia\/#\/schema\/person\/5db3854ac38c1cc9f0ab4092d6a20f02"},"headline":"Larisa C\u00e2rlugea, c\u00e2\u0219tig\u0103toarea marelui premiu a Festivalului-Concurs Na\u021bional de Folclor &#8222;Inimi fierbin\u021bi, \u00een \u021aara de Piatr\u0103&#8221; de la Abrud","datePublished":"2025-07-29T13:30:41+00:00","dateModified":"2025-07-29T13:30:43+00:00","mainEntityOfPage":{"@id":"https:\/\/urbeamea.ro\/albaiulia\/larisa-carlugea-castigatoarea-marelui-premiu-a-festivalului-concurs-national-de-folclor-inimi-fierbinti-in-tara-de-piatra-de-la-abrud\/"},"wordCount":440,"commentCount":0,"image":{"@id":"https:\/\/urbeamea.ro\/albaiulia\/larisa-carlugea-castigatoarea-marelui-premiu-a-festivalului-concurs-national-de-folclor-inimi-fierbinti-in-tara-de-piatra-de-la-abrud\/#primaryimage"},"thumbnailUrl":"https:\/\/urbeamea.ro\/albaiulia\/wp-content\/uploads\/2025\/07\/1000044509.jpg","keywords":["inimi fierbinti in tara de piatra abrud"],"articleSection":["Cultur\u0103","Evenimente","Muzic\u0103","Social","\u015etiri Urbane","Urbea Mea"],"inLanguage":"ro-RO","potentialAction":[{"@type":"CommentAction","name":"Comment","target":["https:\/\/urbeamea.ro\/albaiulia\/larisa-carlugea-castigatoarea-marelui-premiu-a-festivalului-concurs-national-de-folclor-inimi-fierbinti-in-tara-de-piatra-de-la-abrud\/#respond"]}]},{"@type":"WebPage","@id":"https:\/\/urbeamea.ro\/albaiulia\/larisa-carlugea-castigatoarea-marelui-premiu-a-festivalului-concurs-national-de-folclor-inimi-fierbinti-in-tara-de-piatra-de-la-abrud\/","url":"https:\/\/urbeamea.ro\/albaiulia\/larisa-carlugea-castigatoarea-marelui-premiu-a-festivalului-concurs-national-de-folclor-inimi-fierbinti-in-tara-de-piatra-de-la-abrud\/","name":"Larisa C\u00e2rlugea, c\u00e2\u0219tig\u0103toarea marelui premiu a Festivalului-Concurs Na\u021bional de Folclor \"Inimi fierbin\u021bi, \u00een \u021aara de Piatr\u0103\" de la Abrud - Revista Urbea Mea - Revista de Alba","isPartOf":{"@id":"https:\/\/urbeamea.ro\/albaiulia\/#website"},"primaryImageOfPage":{"@id":"https:\/\/urbeamea.ro\/albaiulia\/larisa-carlugea-castigatoarea-marelui-premiu-a-festivalului-concurs-national-de-folclor-inimi-fierbinti-in-tara-de-piatra-de-la-abrud\/#primaryimage"},"image":{"@id":"https:\/\/urbeamea.ro\/albaiulia\/larisa-carlugea-castigatoarea-marelui-premiu-a-festivalului-concurs-national-de-folclor-inimi-fierbinti-in-tara-de-piatra-de-la-abrud\/#primaryimage"},"thumbnailUrl":"https:\/\/urbeamea.ro\/albaiulia\/wp-content\/uploads\/2025\/07\/1000044509.jpg","datePublished":"2025-07-29T13:30:41+00:00","dateModified":"2025-07-29T13:30:43+00:00","author":{"@id":"https:\/\/urbeamea.ro\/albaiulia\/#\/schema\/person\/5db3854ac38c1cc9f0ab4092d6a20f02"},"description":"\u00centr-un peisaj montan \u00eenv\u0103luit de tradi\u021bie \u0219i r\u0103sunet de glasuri curate, ora\u0219ul Abrud a fost, din nou, duminic\u0103, 27 iulie 2025, centrul efervescen\u021bei","breadcrumb":{"@id":"https:\/\/urbeamea.ro\/albaiulia\/larisa-carlugea-castigatoarea-marelui-premiu-a-festivalului-concurs-national-de-folclor-inimi-fierbinti-in-tara-de-piatra-de-la-abrud\/#breadcrumb"},"inLanguage":"ro-RO","potentialAction":[{"@type":"ReadAction","target":["https:\/\/urbeamea.ro\/albaiulia\/larisa-carlugea-castigatoarea-marelui-premiu-a-festivalului-concurs-national-de-folclor-inimi-fierbinti-in-tara-de-piatra-de-la-abrud\/"]}]},{"@type":"ImageObject","inLanguage":"ro-RO","@id":"https:\/\/urbeamea.ro\/albaiulia\/larisa-carlugea-castigatoarea-marelui-premiu-a-festivalului-concurs-national-de-folclor-inimi-fierbinti-in-tara-de-piatra-de-la-abrud\/#primaryimage","url":"https:\/\/urbeamea.ro\/albaiulia\/wp-content\/uploads\/2025\/07\/1000044509.jpg","contentUrl":"https:\/\/urbeamea.ro\/albaiulia\/wp-content\/uploads\/2025\/07\/1000044509.jpg","width":1600,"height":635},{"@type":"BreadcrumbList","@id":"https:\/\/urbeamea.ro\/albaiulia\/larisa-carlugea-castigatoarea-marelui-premiu-a-festivalului-concurs-national-de-folclor-inimi-fierbinti-in-tara-de-piatra-de-la-abrud\/#breadcrumb","itemListElement":[{"@type":"ListItem","position":1,"name":"Prima pagin\u0103","item":"https:\/\/urbeamea.ro\/albaiulia\/"},{"@type":"ListItem","position":2,"name":"Larisa C\u00e2rlugea, c\u00e2\u0219tig\u0103toarea marelui premiu a Festivalului-Concurs Na\u021bional de Folclor &#8222;Inimi fierbin\u021bi, \u00een \u021aara de Piatr\u0103&#8221; de la Abrud"}]},{"@type":"WebSite","@id":"https:\/\/urbeamea.ro\/albaiulia\/#website","url":"https:\/\/urbeamea.ro\/albaiulia\/","name":"Revista Urbea Mea, Stiri urbane","description":"Evenimente \u0219i \u0219tiri din Alba Iulia, Sebe\u0219, Aiud, Blaj","potentialAction":[{"@type":"SearchAction","target":{"@type":"EntryPoint","urlTemplate":"https:\/\/urbeamea.ro\/albaiulia\/?s={search_term_string}"},"query-input":{"@type":"PropertyValueSpecification","valueRequired":true,"valueName":"search_term_string"}}],"inLanguage":"ro-RO"},{"@type":"Person","@id":"https:\/\/urbeamea.ro\/albaiulia\/#\/schema\/person\/5db3854ac38c1cc9f0ab4092d6a20f02","name":"Giurca Sorin","image":{"@type":"ImageObject","inLanguage":"ro-RO","@id":"https:\/\/secure.gravatar.com\/avatar\/120f6fcae7b3b47a7730cb9943f612f4909f68ac5284b5f40ac1c4615fd70576?s=96&d=mm&r=g","url":"https:\/\/secure.gravatar.com\/avatar\/120f6fcae7b3b47a7730cb9943f612f4909f68ac5284b5f40ac1c4615fd70576?s=96&d=mm&r=g","contentUrl":"https:\/\/secure.gravatar.com\/avatar\/120f6fcae7b3b47a7730cb9943f612f4909f68ac5284b5f40ac1c4615fd70576?s=96&d=mm&r=g","caption":"Giurca Sorin"},"url":"https:\/\/urbeamea.ro\/albaiulia\/author\/sorin\/"}]}},"_links":{"self":[{"href":"https:\/\/urbeamea.ro\/albaiulia\/wp-json\/wp\/v2\/posts\/118899","targetHints":{"allow":["GET"]}}],"collection":[{"href":"https:\/\/urbeamea.ro\/albaiulia\/wp-json\/wp\/v2\/posts"}],"about":[{"href":"https:\/\/urbeamea.ro\/albaiulia\/wp-json\/wp\/v2\/types\/post"}],"author":[{"embeddable":true,"href":"https:\/\/urbeamea.ro\/albaiulia\/wp-json\/wp\/v2\/users\/28"}],"replies":[{"embeddable":true,"href":"https:\/\/urbeamea.ro\/albaiulia\/wp-json\/wp\/v2\/comments?post=118899"}],"version-history":[{"count":1,"href":"https:\/\/urbeamea.ro\/albaiulia\/wp-json\/wp\/v2\/posts\/118899\/revisions"}],"predecessor-version":[{"id":118922,"href":"https:\/\/urbeamea.ro\/albaiulia\/wp-json\/wp\/v2\/posts\/118899\/revisions\/118922"}],"wp:featuredmedia":[{"embeddable":true,"href":"https:\/\/urbeamea.ro\/albaiulia\/wp-json\/wp\/v2\/media\/118900"}],"wp:attachment":[{"href":"https:\/\/urbeamea.ro\/albaiulia\/wp-json\/wp\/v2\/media?parent=118899"}],"wp:term":[{"taxonomy":"category","embeddable":true,"href":"https:\/\/urbeamea.ro\/albaiulia\/wp-json\/wp\/v2\/categories?post=118899"},{"taxonomy":"post_tag","embeddable":true,"href":"https:\/\/urbeamea.ro\/albaiulia\/wp-json\/wp\/v2\/tags?post=118899"}],"curies":[{"name":"wp","href":"https:\/\/api.w.org\/{rel}","templated":true}]}}