{"id":118927,"date":"2025-07-31T12:27:22","date_gmt":"2025-07-31T09:27:22","guid":{"rendered":"https:\/\/urbeamea.ro\/albaiulia\/?p=118927"},"modified":"2025-07-31T12:27:23","modified_gmt":"2025-07-31T09:27:23","slug":"astazi-ora-1700-cercul-de-scriere-creativa-verbum-la-biblioteca-judeteana-lucian-blaga-alba-iulia","status":"publish","type":"post","link":"https:\/\/urbeamea.ro\/albaiulia\/astazi-ora-1700-cercul-de-scriere-creativa-verbum-la-biblioteca-judeteana-lucian-blaga-alba-iulia\/","title":{"rendered":"Ast\u0103zi, ora 17:00 Cercul de scriere creativ\u0103 &#8222;Verbum&#8221;, la Biblioteca Jude\u021bean\u0103 &#8222;Lucian Blaga&#8221; Alba Iulia"},"content":{"rendered":"\n<p><strong>Joi, 31 iulie 2025, la ora 17:00, la Biblioteca Jude\u021bean\u0103 \u201eLucian Blaga\u201d Alba va avea loc \u00eent\u00e2lnirea cercului de scriere creativ\u0103 ,\u201eVerbum\u201d. Tema aleas\u0103 este \u201eLibertate\u201d \u0219i va fi abordat\u0103 \u00een crea\u021biile celor prezen\u021bi, \u00een toate aspectele ei.<\/strong><\/p>\n\n\n\n<p>,\u201eVerbum\u201d este un proiect n\u0103scut din necesitatea oamenilor talenta\u021bi de a se \u00eent\u00e2lni \u00eentr-un spa\u021biu adecvat, \u00een care s\u0103 practice arta scrisului, s\u0103 discute scrierile create \u0219i s\u0103 le analizeze pertinent, prin dialoguri vii \u0219i o abordare serioas\u0103. <\/p>\n\n\n\n<p>Proiectul a debutat \u00een vara anului 2017 \u0219i de atunci num\u0103rul de membrii a crescut constant, ace\u0219tia particip\u00e2nd cu interes \u0219i la alte proiecte ale bibliotecii.<\/p>\n\n\n\n<p>Proiectul face parte din programul de activit\u0103\u021bi de anima\u021bie de bibliotec\u0103 al Bibliotecii Jude\u021bene ,\u201eLucian Blaga\u201d Alba \u0219i are ca scop ini\u021bierea unui cerc de scriere creativ\u0103 destinat tinerilor \u0219i adul\u021bilor care practic\u0103 arta scrisului. <\/p>\n\n\n\n<p>Organizatorii sunt Consiliul Jude\u021bean Alba \u0219i Biblioteca Jude\u021bean\u0103 ,\u201eLucian Blaga\u201d Alba.<\/p>\n\n\n\n<figure class=\"wp-block-image size-full\"><img loading=\"lazy\" decoding=\"async\" width=\"509\" height=\"720\" src=\"https:\/\/urbeamea.ro\/albaiulia\/wp-content\/uploads\/2025\/07\/1000044584.jpg\" alt=\"\" class=\"wp-image-118928\" srcset=\"https:\/\/urbeamea.ro\/albaiulia\/wp-content\/uploads\/2025\/07\/1000044584.jpg 509w, https:\/\/urbeamea.ro\/albaiulia\/wp-content\/uploads\/2025\/07\/1000044584-452x640.jpg 452w, https:\/\/urbeamea.ro\/albaiulia\/wp-content\/uploads\/2025\/07\/1000044584-106x150.jpg 106w\" sizes=\"auto, (max-width: 509px) 100vw, 509px\" \/><\/figure>\n\n\n\n<h2 class=\"wp-block-heading\"><\/h2>\n\n\n\n<p><\/p>\n\n\n\n<p><\/p>\n\n\n\n<p><\/p>\n\n\n\n<p><\/p>\n\n\n\n<p><\/p>\n\n\n\n<p><\/p>\n","protected":false},"excerpt":{"rendered":"<p>Joi, 31 iulie 2025, la ora 17:00, la Biblioteca Jude\u021bean\u0103 \u201eLucian Blaga\u201d Alba va avea loc \u00eent\u00e2lnirea cercului de scriere creativ\u0103 ,\u201eVerbum\u201d. Tema aleas\u0103 este \u201eLibertate\u201d \u0219i va fi abordat\u0103 \u00een crea\u021biile celor prezen\u021bi, \u00een toate aspectele ei. ,\u201eVerbum\u201d este un proiect n\u0103scut din necesitatea oamenilor talenta\u021bi de a se \u00eent\u00e2lni \u00eentr-un spa\u021biu adecvat, \u00een &hellip;<\/p>\n","protected":false},"author":28,"featured_media":118928,"comment_status":"open","ping_status":"open","sticky":false,"template":"","format":"standard","meta":{"inline_featured_image":false,"footnotes":""},"categories":[2038,4,2034,1,61,16344],"tags":[12839],"class_list":["post-118927","post","type-post","status-publish","format-standard","has-post-thumbnail","hentry","category-cultura","category-eveniment","category-social","category-stiri-urbane","category-turism","category-urbea-mea","tag-cercul-de-scriere-creativa-verbum"],"yoast_head":"<!-- This site is optimized with the Yoast SEO plugin v27.4 - https:\/\/yoast.com\/product\/yoast-seo-wordpress\/ -->\n<title>Ast\u0103zi, ora 17:00 Cercul de scriere creativ\u0103 &quot;Verbum&quot;, la Biblioteca Jude\u021bean\u0103 &quot;Lucian Blaga&quot; Alba Iulia - Revista Urbea Mea - Revista de Alba<\/title>\n<meta name=\"description\" content=\"Joi, 31 iulie 2025, la ora 17:00, la Biblioteca Jude\u021bean\u0103 \u201eLucian Blaga\u201d Alba va avea loc \u00eent\u00e2lnirea cercului de scriere creativ\u0103 ,\u201eVerbum\u201d. Tema aleas\u0103\" \/>\n<meta name=\"robots\" content=\"index, follow, max-snippet:-1, max-image-preview:large, max-video-preview:-1\" \/>\n<link rel=\"canonical\" href=\"https:\/\/urbeamea.ro\/albaiulia\/astazi-ora-1700-cercul-de-scriere-creativa-verbum-la-biblioteca-judeteana-lucian-blaga-alba-iulia\/\" \/>\n<meta name=\"twitter:card\" content=\"summary_large_image\" \/>\n<meta name=\"twitter:title\" content=\"Ast\u0103zi, ora 17:00 Cercul de scriere creativ\u0103 &quot;Verbum&quot;, la Biblioteca Jude\u021bean\u0103 &quot;Lucian Blaga&quot; Alba Iulia - Revista Urbea Mea - Revista de Alba\" \/>\n<meta name=\"twitter:description\" content=\"Joi, 31 iulie 2025, la ora 17:00, la Biblioteca Jude\u021bean\u0103 \u201eLucian Blaga\u201d Alba va avea loc \u00eent\u00e2lnirea cercului de scriere creativ\u0103 ,\u201eVerbum\u201d. Tema aleas\u0103\" \/>\n<meta name=\"twitter:image\" content=\"https:\/\/urbeamea.ro\/albaiulia\/wp-content\/uploads\/2025\/07\/1000044584.jpg\" \/>\n<meta name=\"twitter:creator\" content=\"@urbeameaweb\" \/>\n<meta name=\"twitter:site\" content=\"@urbeameaweb\" \/>\n<script type=\"application\/ld+json\" class=\"yoast-schema-graph\">{\"@context\":\"https:\\\/\\\/schema.org\",\"@graph\":[{\"@type\":\"Article\",\"@id\":\"https:\\\/\\\/urbeamea.ro\\\/albaiulia\\\/astazi-ora-1700-cercul-de-scriere-creativa-verbum-la-biblioteca-judeteana-lucian-blaga-alba-iulia\\\/#article\",\"isPartOf\":{\"@id\":\"https:\\\/\\\/urbeamea.ro\\\/albaiulia\\\/astazi-ora-1700-cercul-de-scriere-creativa-verbum-la-biblioteca-judeteana-lucian-blaga-alba-iulia\\\/\"},\"author\":{\"name\":\"Giurca Sorin\",\"@id\":\"https:\\\/\\\/urbeamea.ro\\\/albaiulia\\\/#\\\/schema\\\/person\\\/5db3854ac38c1cc9f0ab4092d6a20f02\"},\"headline\":\"Ast\u0103zi, ora 17:00 Cercul de scriere creativ\u0103 &#8222;Verbum&#8221;, la Biblioteca Jude\u021bean\u0103 &#8222;Lucian Blaga&#8221; Alba Iulia\",\"datePublished\":\"2025-07-31T09:27:22+00:00\",\"dateModified\":\"2025-07-31T09:27:23+00:00\",\"mainEntityOfPage\":{\"@id\":\"https:\\\/\\\/urbeamea.ro\\\/albaiulia\\\/astazi-ora-1700-cercul-de-scriere-creativa-verbum-la-biblioteca-judeteana-lucian-blaga-alba-iulia\\\/\"},\"wordCount\":178,\"commentCount\":0,\"image\":{\"@id\":\"https:\\\/\\\/urbeamea.ro\\\/albaiulia\\\/astazi-ora-1700-cercul-de-scriere-creativa-verbum-la-biblioteca-judeteana-lucian-blaga-alba-iulia\\\/#primaryimage\"},\"thumbnailUrl\":\"https:\\\/\\\/urbeamea.ro\\\/albaiulia\\\/wp-content\\\/uploads\\\/2025\\\/07\\\/1000044584.jpg\",\"keywords\":[\"cercul de scriere creativa verbum\"],\"articleSection\":[\"Cultur\u0103\",\"Evenimente\",\"Social\",\"\u015etiri Urbane\",\"Turism \u0219i Ghidaj turistic\",\"Urbea Mea\"],\"inLanguage\":\"ro-RO\",\"potentialAction\":[{\"@type\":\"CommentAction\",\"name\":\"Comment\",\"target\":[\"https:\\\/\\\/urbeamea.ro\\\/albaiulia\\\/astazi-ora-1700-cercul-de-scriere-creativa-verbum-la-biblioteca-judeteana-lucian-blaga-alba-iulia\\\/#respond\"]}]},{\"@type\":\"WebPage\",\"@id\":\"https:\\\/\\\/urbeamea.ro\\\/albaiulia\\\/astazi-ora-1700-cercul-de-scriere-creativa-verbum-la-biblioteca-judeteana-lucian-blaga-alba-iulia\\\/\",\"url\":\"https:\\\/\\\/urbeamea.ro\\\/albaiulia\\\/astazi-ora-1700-cercul-de-scriere-creativa-verbum-la-biblioteca-judeteana-lucian-blaga-alba-iulia\\\/\",\"name\":\"Ast\u0103zi, ora 17:00 Cercul de scriere creativ\u0103 \\\"Verbum\\\", la Biblioteca Jude\u021bean\u0103 \\\"Lucian Blaga\\\" Alba Iulia - Revista Urbea Mea - Revista de Alba\",\"isPartOf\":{\"@id\":\"https:\\\/\\\/urbeamea.ro\\\/albaiulia\\\/#website\"},\"primaryImageOfPage\":{\"@id\":\"https:\\\/\\\/urbeamea.ro\\\/albaiulia\\\/astazi-ora-1700-cercul-de-scriere-creativa-verbum-la-biblioteca-judeteana-lucian-blaga-alba-iulia\\\/#primaryimage\"},\"image\":{\"@id\":\"https:\\\/\\\/urbeamea.ro\\\/albaiulia\\\/astazi-ora-1700-cercul-de-scriere-creativa-verbum-la-biblioteca-judeteana-lucian-blaga-alba-iulia\\\/#primaryimage\"},\"thumbnailUrl\":\"https:\\\/\\\/urbeamea.ro\\\/albaiulia\\\/wp-content\\\/uploads\\\/2025\\\/07\\\/1000044584.jpg\",\"datePublished\":\"2025-07-31T09:27:22+00:00\",\"dateModified\":\"2025-07-31T09:27:23+00:00\",\"author\":{\"@id\":\"https:\\\/\\\/urbeamea.ro\\\/albaiulia\\\/#\\\/schema\\\/person\\\/5db3854ac38c1cc9f0ab4092d6a20f02\"},\"description\":\"Joi, 31 iulie 2025, la ora 17:00, la Biblioteca Jude\u021bean\u0103 \u201eLucian Blaga\u201d Alba va avea loc \u00eent\u00e2lnirea cercului de scriere creativ\u0103 ,\u201eVerbum\u201d. Tema aleas\u0103\",\"breadcrumb\":{\"@id\":\"https:\\\/\\\/urbeamea.ro\\\/albaiulia\\\/astazi-ora-1700-cercul-de-scriere-creativa-verbum-la-biblioteca-judeteana-lucian-blaga-alba-iulia\\\/#breadcrumb\"},\"inLanguage\":\"ro-RO\",\"potentialAction\":[{\"@type\":\"ReadAction\",\"target\":[\"https:\\\/\\\/urbeamea.ro\\\/albaiulia\\\/astazi-ora-1700-cercul-de-scriere-creativa-verbum-la-biblioteca-judeteana-lucian-blaga-alba-iulia\\\/\"]}]},{\"@type\":\"ImageObject\",\"inLanguage\":\"ro-RO\",\"@id\":\"https:\\\/\\\/urbeamea.ro\\\/albaiulia\\\/astazi-ora-1700-cercul-de-scriere-creativa-verbum-la-biblioteca-judeteana-lucian-blaga-alba-iulia\\\/#primaryimage\",\"url\":\"https:\\\/\\\/urbeamea.ro\\\/albaiulia\\\/wp-content\\\/uploads\\\/2025\\\/07\\\/1000044584.jpg\",\"contentUrl\":\"https:\\\/\\\/urbeamea.ro\\\/albaiulia\\\/wp-content\\\/uploads\\\/2025\\\/07\\\/1000044584.jpg\",\"width\":509,\"height\":720},{\"@type\":\"BreadcrumbList\",\"@id\":\"https:\\\/\\\/urbeamea.ro\\\/albaiulia\\\/astazi-ora-1700-cercul-de-scriere-creativa-verbum-la-biblioteca-judeteana-lucian-blaga-alba-iulia\\\/#breadcrumb\",\"itemListElement\":[{\"@type\":\"ListItem\",\"position\":1,\"name\":\"Prima pagin\u0103\",\"item\":\"https:\\\/\\\/urbeamea.ro\\\/albaiulia\\\/\"},{\"@type\":\"ListItem\",\"position\":2,\"name\":\"Ast\u0103zi, ora 17:00 Cercul de scriere creativ\u0103 &#8222;Verbum&#8221;, la Biblioteca Jude\u021bean\u0103 &#8222;Lucian Blaga&#8221; Alba Iulia\"}]},{\"@type\":\"WebSite\",\"@id\":\"https:\\\/\\\/urbeamea.ro\\\/albaiulia\\\/#website\",\"url\":\"https:\\\/\\\/urbeamea.ro\\\/albaiulia\\\/\",\"name\":\"Revista Urbea Mea, Stiri urbane\",\"description\":\"Evenimente \u0219i \u0219tiri din Alba Iulia, Sebe\u0219, Aiud, Blaj\",\"potentialAction\":[{\"@type\":\"SearchAction\",\"target\":{\"@type\":\"EntryPoint\",\"urlTemplate\":\"https:\\\/\\\/urbeamea.ro\\\/albaiulia\\\/?s={search_term_string}\"},\"query-input\":{\"@type\":\"PropertyValueSpecification\",\"valueRequired\":true,\"valueName\":\"search_term_string\"}}],\"inLanguage\":\"ro-RO\"},{\"@type\":\"Person\",\"@id\":\"https:\\\/\\\/urbeamea.ro\\\/albaiulia\\\/#\\\/schema\\\/person\\\/5db3854ac38c1cc9f0ab4092d6a20f02\",\"name\":\"Giurca Sorin\",\"image\":{\"@type\":\"ImageObject\",\"inLanguage\":\"ro-RO\",\"@id\":\"https:\\\/\\\/secure.gravatar.com\\\/avatar\\\/120f6fcae7b3b47a7730cb9943f612f4909f68ac5284b5f40ac1c4615fd70576?s=96&d=mm&r=g\",\"url\":\"https:\\\/\\\/secure.gravatar.com\\\/avatar\\\/120f6fcae7b3b47a7730cb9943f612f4909f68ac5284b5f40ac1c4615fd70576?s=96&d=mm&r=g\",\"contentUrl\":\"https:\\\/\\\/secure.gravatar.com\\\/avatar\\\/120f6fcae7b3b47a7730cb9943f612f4909f68ac5284b5f40ac1c4615fd70576?s=96&d=mm&r=g\",\"caption\":\"Giurca Sorin\"},\"url\":\"https:\\\/\\\/urbeamea.ro\\\/albaiulia\\\/author\\\/sorin\\\/\"}]}<\/script>\n<!-- \/ Yoast SEO plugin. -->","yoast_head_json":{"title":"Ast\u0103zi, ora 17:00 Cercul de scriere creativ\u0103 \"Verbum\", la Biblioteca Jude\u021bean\u0103 \"Lucian Blaga\" Alba Iulia - Revista Urbea Mea - Revista de Alba","description":"Joi, 31 iulie 2025, la ora 17:00, la Biblioteca Jude\u021bean\u0103 \u201eLucian Blaga\u201d Alba va avea loc \u00eent\u00e2lnirea cercului de scriere creativ\u0103 ,\u201eVerbum\u201d. Tema aleas\u0103","robots":{"index":"index","follow":"follow","max-snippet":"max-snippet:-1","max-image-preview":"max-image-preview:large","max-video-preview":"max-video-preview:-1"},"canonical":"https:\/\/urbeamea.ro\/albaiulia\/astazi-ora-1700-cercul-de-scriere-creativa-verbum-la-biblioteca-judeteana-lucian-blaga-alba-iulia\/","twitter_card":"summary_large_image","twitter_title":"Ast\u0103zi, ora 17:00 Cercul de scriere creativ\u0103 \"Verbum\", la Biblioteca Jude\u021bean\u0103 \"Lucian Blaga\" Alba Iulia - Revista Urbea Mea - Revista de Alba","twitter_description":"Joi, 31 iulie 2025, la ora 17:00, la Biblioteca Jude\u021bean\u0103 \u201eLucian Blaga\u201d Alba va avea loc \u00eent\u00e2lnirea cercului de scriere creativ\u0103 ,\u201eVerbum\u201d. Tema aleas\u0103","twitter_image":"https:\/\/urbeamea.ro\/albaiulia\/wp-content\/uploads\/2025\/07\/1000044584.jpg","twitter_creator":"@urbeameaweb","twitter_site":"@urbeameaweb","schema":{"@context":"https:\/\/schema.org","@graph":[{"@type":"Article","@id":"https:\/\/urbeamea.ro\/albaiulia\/astazi-ora-1700-cercul-de-scriere-creativa-verbum-la-biblioteca-judeteana-lucian-blaga-alba-iulia\/#article","isPartOf":{"@id":"https:\/\/urbeamea.ro\/albaiulia\/astazi-ora-1700-cercul-de-scriere-creativa-verbum-la-biblioteca-judeteana-lucian-blaga-alba-iulia\/"},"author":{"name":"Giurca Sorin","@id":"https:\/\/urbeamea.ro\/albaiulia\/#\/schema\/person\/5db3854ac38c1cc9f0ab4092d6a20f02"},"headline":"Ast\u0103zi, ora 17:00 Cercul de scriere creativ\u0103 &#8222;Verbum&#8221;, la Biblioteca Jude\u021bean\u0103 &#8222;Lucian Blaga&#8221; Alba Iulia","datePublished":"2025-07-31T09:27:22+00:00","dateModified":"2025-07-31T09:27:23+00:00","mainEntityOfPage":{"@id":"https:\/\/urbeamea.ro\/albaiulia\/astazi-ora-1700-cercul-de-scriere-creativa-verbum-la-biblioteca-judeteana-lucian-blaga-alba-iulia\/"},"wordCount":178,"commentCount":0,"image":{"@id":"https:\/\/urbeamea.ro\/albaiulia\/astazi-ora-1700-cercul-de-scriere-creativa-verbum-la-biblioteca-judeteana-lucian-blaga-alba-iulia\/#primaryimage"},"thumbnailUrl":"https:\/\/urbeamea.ro\/albaiulia\/wp-content\/uploads\/2025\/07\/1000044584.jpg","keywords":["cercul de scriere creativa verbum"],"articleSection":["Cultur\u0103","Evenimente","Social","\u015etiri Urbane","Turism \u0219i Ghidaj turistic","Urbea Mea"],"inLanguage":"ro-RO","potentialAction":[{"@type":"CommentAction","name":"Comment","target":["https:\/\/urbeamea.ro\/albaiulia\/astazi-ora-1700-cercul-de-scriere-creativa-verbum-la-biblioteca-judeteana-lucian-blaga-alba-iulia\/#respond"]}]},{"@type":"WebPage","@id":"https:\/\/urbeamea.ro\/albaiulia\/astazi-ora-1700-cercul-de-scriere-creativa-verbum-la-biblioteca-judeteana-lucian-blaga-alba-iulia\/","url":"https:\/\/urbeamea.ro\/albaiulia\/astazi-ora-1700-cercul-de-scriere-creativa-verbum-la-biblioteca-judeteana-lucian-blaga-alba-iulia\/","name":"Ast\u0103zi, ora 17:00 Cercul de scriere creativ\u0103 \"Verbum\", la Biblioteca Jude\u021bean\u0103 \"Lucian Blaga\" Alba Iulia - Revista Urbea Mea - Revista de Alba","isPartOf":{"@id":"https:\/\/urbeamea.ro\/albaiulia\/#website"},"primaryImageOfPage":{"@id":"https:\/\/urbeamea.ro\/albaiulia\/astazi-ora-1700-cercul-de-scriere-creativa-verbum-la-biblioteca-judeteana-lucian-blaga-alba-iulia\/#primaryimage"},"image":{"@id":"https:\/\/urbeamea.ro\/albaiulia\/astazi-ora-1700-cercul-de-scriere-creativa-verbum-la-biblioteca-judeteana-lucian-blaga-alba-iulia\/#primaryimage"},"thumbnailUrl":"https:\/\/urbeamea.ro\/albaiulia\/wp-content\/uploads\/2025\/07\/1000044584.jpg","datePublished":"2025-07-31T09:27:22+00:00","dateModified":"2025-07-31T09:27:23+00:00","author":{"@id":"https:\/\/urbeamea.ro\/albaiulia\/#\/schema\/person\/5db3854ac38c1cc9f0ab4092d6a20f02"},"description":"Joi, 31 iulie 2025, la ora 17:00, la Biblioteca Jude\u021bean\u0103 \u201eLucian Blaga\u201d Alba va avea loc \u00eent\u00e2lnirea cercului de scriere creativ\u0103 ,\u201eVerbum\u201d. Tema aleas\u0103","breadcrumb":{"@id":"https:\/\/urbeamea.ro\/albaiulia\/astazi-ora-1700-cercul-de-scriere-creativa-verbum-la-biblioteca-judeteana-lucian-blaga-alba-iulia\/#breadcrumb"},"inLanguage":"ro-RO","potentialAction":[{"@type":"ReadAction","target":["https:\/\/urbeamea.ro\/albaiulia\/astazi-ora-1700-cercul-de-scriere-creativa-verbum-la-biblioteca-judeteana-lucian-blaga-alba-iulia\/"]}]},{"@type":"ImageObject","inLanguage":"ro-RO","@id":"https:\/\/urbeamea.ro\/albaiulia\/astazi-ora-1700-cercul-de-scriere-creativa-verbum-la-biblioteca-judeteana-lucian-blaga-alba-iulia\/#primaryimage","url":"https:\/\/urbeamea.ro\/albaiulia\/wp-content\/uploads\/2025\/07\/1000044584.jpg","contentUrl":"https:\/\/urbeamea.ro\/albaiulia\/wp-content\/uploads\/2025\/07\/1000044584.jpg","width":509,"height":720},{"@type":"BreadcrumbList","@id":"https:\/\/urbeamea.ro\/albaiulia\/astazi-ora-1700-cercul-de-scriere-creativa-verbum-la-biblioteca-judeteana-lucian-blaga-alba-iulia\/#breadcrumb","itemListElement":[{"@type":"ListItem","position":1,"name":"Prima pagin\u0103","item":"https:\/\/urbeamea.ro\/albaiulia\/"},{"@type":"ListItem","position":2,"name":"Ast\u0103zi, ora 17:00 Cercul de scriere creativ\u0103 &#8222;Verbum&#8221;, la Biblioteca Jude\u021bean\u0103 &#8222;Lucian Blaga&#8221; Alba Iulia"}]},{"@type":"WebSite","@id":"https:\/\/urbeamea.ro\/albaiulia\/#website","url":"https:\/\/urbeamea.ro\/albaiulia\/","name":"Revista Urbea Mea, Stiri urbane","description":"Evenimente \u0219i \u0219tiri din Alba Iulia, Sebe\u0219, Aiud, Blaj","potentialAction":[{"@type":"SearchAction","target":{"@type":"EntryPoint","urlTemplate":"https:\/\/urbeamea.ro\/albaiulia\/?s={search_term_string}"},"query-input":{"@type":"PropertyValueSpecification","valueRequired":true,"valueName":"search_term_string"}}],"inLanguage":"ro-RO"},{"@type":"Person","@id":"https:\/\/urbeamea.ro\/albaiulia\/#\/schema\/person\/5db3854ac38c1cc9f0ab4092d6a20f02","name":"Giurca Sorin","image":{"@type":"ImageObject","inLanguage":"ro-RO","@id":"https:\/\/secure.gravatar.com\/avatar\/120f6fcae7b3b47a7730cb9943f612f4909f68ac5284b5f40ac1c4615fd70576?s=96&d=mm&r=g","url":"https:\/\/secure.gravatar.com\/avatar\/120f6fcae7b3b47a7730cb9943f612f4909f68ac5284b5f40ac1c4615fd70576?s=96&d=mm&r=g","contentUrl":"https:\/\/secure.gravatar.com\/avatar\/120f6fcae7b3b47a7730cb9943f612f4909f68ac5284b5f40ac1c4615fd70576?s=96&d=mm&r=g","caption":"Giurca Sorin"},"url":"https:\/\/urbeamea.ro\/albaiulia\/author\/sorin\/"}]}},"_links":{"self":[{"href":"https:\/\/urbeamea.ro\/albaiulia\/wp-json\/wp\/v2\/posts\/118927","targetHints":{"allow":["GET"]}}],"collection":[{"href":"https:\/\/urbeamea.ro\/albaiulia\/wp-json\/wp\/v2\/posts"}],"about":[{"href":"https:\/\/urbeamea.ro\/albaiulia\/wp-json\/wp\/v2\/types\/post"}],"author":[{"embeddable":true,"href":"https:\/\/urbeamea.ro\/albaiulia\/wp-json\/wp\/v2\/users\/28"}],"replies":[{"embeddable":true,"href":"https:\/\/urbeamea.ro\/albaiulia\/wp-json\/wp\/v2\/comments?post=118927"}],"version-history":[{"count":1,"href":"https:\/\/urbeamea.ro\/albaiulia\/wp-json\/wp\/v2\/posts\/118927\/revisions"}],"predecessor-version":[{"id":118929,"href":"https:\/\/urbeamea.ro\/albaiulia\/wp-json\/wp\/v2\/posts\/118927\/revisions\/118929"}],"wp:featuredmedia":[{"embeddable":true,"href":"https:\/\/urbeamea.ro\/albaiulia\/wp-json\/wp\/v2\/media\/118928"}],"wp:attachment":[{"href":"https:\/\/urbeamea.ro\/albaiulia\/wp-json\/wp\/v2\/media?parent=118927"}],"wp:term":[{"taxonomy":"category","embeddable":true,"href":"https:\/\/urbeamea.ro\/albaiulia\/wp-json\/wp\/v2\/categories?post=118927"},{"taxonomy":"post_tag","embeddable":true,"href":"https:\/\/urbeamea.ro\/albaiulia\/wp-json\/wp\/v2\/tags?post=118927"}],"curies":[{"name":"wp","href":"https:\/\/api.w.org\/{rel}","templated":true}]}}