{"id":118968,"date":"2025-08-04T10:32:56","date_gmt":"2025-08-04T07:32:56","guid":{"rendered":"https:\/\/urbeamea.ro\/albaiulia\/?p=118968"},"modified":"2025-08-04T10:34:35","modified_gmt":"2025-08-04T07:34:35","slug":"17-august-ora-1930-suflet-de-roman-spectacol-folcloric-extraordinar-la-palatul-principilor-transilvaniei-din-alba-iulia-mesteri-populari-preparate-culinare-pregatite-de-bucatarul-cetatii","status":"publish","type":"post","link":"https:\/\/urbeamea.ro\/albaiulia\/17-august-ora-1930-suflet-de-roman-spectacol-folcloric-extraordinar-la-palatul-principilor-transilvaniei-din-alba-iulia-mesteri-populari-preparate-culinare-pregatite-de-bucatarul-cetatii\/","title":{"rendered":"17 august, ora 19:30 &#8222;Suflet de rom\u00e2n&#8221; &#8211; spectacol folcloric extraordinar, la Palatul Principilor Transilvaniei din Alba Iulia: me\u0219teri populari,  preparate culinare preg\u0103tite de Buc\u0103tarul Cet\u0103\u021bii- Cosmin Toma, arti\u0219ti: Furdui Iancu, Robert T\u00e2rn\u0103veanu, Lavinia Goste \u0219i Marius Zorila, Monica Anghel"},"content":{"rendered":"\n<p>\u00cen <strong>inima Cet\u0103\u021bii Alba Carolina, \u00eentr-un spa\u021biu \u00eenc\u0103rcat de istorie, va avea loc \u00een data de 17 august 2025 un eveniment cultural excep\u021bional: \u201e\ud835\udc12\ud835\udc14\ud835\udc05\ud835\udc0b\ud835\udc04\ud835\udc13 \ud835\udc03\ud835\udc04 \ud835\udc11\ud835\udc0e\ud835\udc0c\u00c2\ud835\udc0d\u201d, un spectacol folcloric extraordinar dedicat identit\u0103\u021bii na\u021bionale \u0219i unit\u0103\u021bii rom\u00e2nilor din diferite col\u021buri ale lumii.<\/strong><\/p>\n\n\n\n<p>Organizat sub egida Consiliului Jude\u021bean Alba, a Prim\u0103riei Municipiului Alba Iulia, Centrului de Cultur\u0103 \u201eAugustin Bena\u201d \u0219i Palatului Principilor Transilvaniei, acest eveniment aduce \u00eempreun\u0103 voci reprezentative, ansambluri de prestigiu \u0219i arti\u0219ti de renume din toate regiunile istorice ale Rom\u00e2niei, dar \u0219i din diaspora.<\/p>\n\n\n\n<p> Tema central\u0103: \u201eSuflet de Rom\u00e2n\u201d \u2013 Identitate \u0219i UnitateEvenimentul este o declara\u021bie de apartenen\u021b\u0103, de m\u00e2ndrie na\u021bional\u0103 \u0219i de respect pentru valorile autentice rom\u00e2ne\u0219ti. <\/p>\n\n\n\n<p>Sub conceptul \u201eunitate \u00een diversitate\u201d, spectacolul aduce \u00een fa\u021ba publicului bog\u0103\u021bia obiceiurilor, a muzicii, a portului \u0219i a graiurilor din toate zonele \u021b\u0103rii.    <\/p>\n\n\n\n<p>Evenimentul va fi \u00eentregit de prezen\u021ba carismaticului Buc\u0103tar al Cet\u0103\u021bii, \ud835\udc02\ud835\udc28\ud835\udc2c\ud835\udc26\ud835\udc22\ud835\udc27 \ud835\udc13\ud835\udc28\ud835\udc26\ud835\udc1a, care ne va purta \u00eentr-o adev\u0103rat\u0103 c\u0103l\u0103torie culinar\u0103, invit\u00e2ndu-ne s\u0103 descoperim nu doar gusturi autentice, p\u0103strate cu grij\u0103 din tradi\u021bia rom\u00e2neasc\u0103, ci \u0219i reinterpret\u0103ri creative ale preparatelor de alt\u0103dat\u0103. <\/p>\n\n\n\n<p>Atmosfera va fi completat\u0103 prezen\u021ba \ud835\udc00\ud835\udc27\ud835\udc2c\ud835\udc1a\ud835\udc26\ud835\udc1b\ud835\udc25\ud835\udc2e\ud835\udc25\ud835\udc2e\ud835\udc22 \ud835\udc1f\ud835\udc28\ud835\udc25\ud835\udc1c\ud835\udc25\ud835\udc28\ud835\udc2b\ud835\udc22\ud835\udc1c ,,\ud835\udc15\ud835\udc1a\ud835\udc25\ud835\udc1e\ud835\udc1a \ud835\udc13\ud835\udc1a\ud835\udc2b\ud835\udc27\ud835\udc1a\ud835\udc2f\ud835\udc1e\ud835\udc25\ud835\udc28\ud835\udc2b&#8221; \ud835\udc1d\ud835\udc22\ud835\udc27 \ud835\udc01\ud835\udc25\ud835\udc1a\ud835\udc23, c\u00e2t \u0219i de cea a \ud835\udc26\ud835\udc1e\ud835\udc2c\ud835\udc2d\ud835\udc1e\ud835\udc2b\ud835\udc22\ud835\udc25\ud835\udc28\ud835\udc2b \ud835\udc29\ud835\udc28\ud835\udc29\ud835\udc2e\ud835\udc25\ud835\udc1a\ud835\udc2b\ud835\udc22 care vor aduce \u00een fa\u021ba publicului me\u0219te\u0219uguri vechi, transmise din genera\u021bie \u00een genera\u021bie \u2013 de la \u021bes\u0103turi, prelucrarea lemnului sau ol\u0103rit, p\u00e2n\u0103 la alte ocupa\u021bii tradi\u021bionale ce definesc identitatea cultural\u0103 rom\u00e2neasc\u0103.  <\/p>\n\n\n\n<p>  Rom\u00e2nii de pretutindeni \u2013 Prezen\u021b\u0103 din diasporaRom\u00e2nia nu se termin\u0103 la grani\u021bele \u021b\u0103rii. \u201eSuflet de Rom\u00e2n\u201d va avea \u00een prim-plan \u0219i rom\u00e2ni din diaspora, care, prin p\u0103strarea tradi\u021biilor \u0219i a limbii, men\u021bin vie leg\u0103tura cu r\u0103d\u0103cinile lor.<\/p>\n\n\n\n<p>Invita\u021bi speciali vor aduce pe scen\u0103 pove\u0219ti, c\u00e2ntece \u0219i emo\u021bii care dovedesc c\u0103 identitatea rom\u00e2neasc\u0103 d\u0103inuie oriunde.<\/p>\n\n\n\n<p><strong>Program artistic \u0219i invita\u021bi   <\/strong><\/p>\n\n\n\n<p>Pe scen\u0103 vor urca arti\u0219ti de mare valoare ai folclorului rom\u00e2nesc: \ud835\udc13\ud835\udc2e\ud835\udc1d\ud835\udc28\ud835\udc2b \ud835\udc05\ud835\udc2e\ud835\udc2b\ud835\udc1d\ud835\udc2e\ud835\udc22 \ud835\udc08\ud835\udc1a\ud835\udc27\ud835\udc1c\ud835\udc2e, \ud835\udc11\ud835\udc28\ud835\udc1b\ud835\udc1e\ud835\udc2b\ud835\udc2d \ud835\udc13\ud835\udc1a\ud835\udc2b\ud835\udc27\ud835\udc1a\ud835\udc2f\ud835\udc1e\ud835\udc1a\ud835\udc27\ud835\udc2e, \ud835\udc0b\ud835\udc2e\ud835\udc26\ud835\udc22\ud835\udc27\ud835\udc22\ud835\udc2d\ud835\udc1a \ud835\udc03\ud835\udc1e\ud835\udc23\ud835\udc1a\ud835\udc27, \ud835\udc19\ud835\udc22\ud835\udc27\ud835\udc1a\ud835\udc22\ud835\udc1d\ud835\udc1a \ud835\udc01\ud835\udc28\ud835\udc25\ud835\udc1b\ud835\udc28\ud835\udc1c\ud835\udc1e\ud835\udc1a\ud835\udc27\ud835\udc2e, \ud835\udc0c\ud835\udc1a\ud835\udc2b\ud835\udc22\ud835\udc1a \ud835\udc01\ud835\udc2e\ud835\udc2d\ud835\udc22\ud835\udc25\ud835\udc1a, \ud835\udc0b\ud835\udc1a\ud835\udc2f\ud835\udc22\ud835\udc27\ud835\udc22\ud835\udc1a \ud835\udc06\ud835\udc28\ud835\udc2c\ud835\udc2d\ud835\udc1e \u0219i \ud835\udc0c\ud835\udc1a\ud835\udc2b\ud835\udc22\ud835\udc2e\ud835\udc2c \ud835\udc19\ud835\udc28\ud835\udc2b\ud835\udc22\ud835\udc25\ud835\udc1a, \ud835\udc11\ud835\udc28\ud835\udc31\ud835\udc1a\ud835\udc27\ud835\udc1a \ud835\udc11\ud835\udc1e\ud835\udc1c\ud835\udc21\ud835\udc1e \u0219i \ud835\udc02\ud835\udc28\ud835\udc2b\ud835\udc2e\ud835\udc25 \ud835\udc1d\ud835\udc1e \ud835\udc1c\ud835\udc28\ud835\udc29\ud835\udc22\ud835\udc22 ,,\ud835\udc13\ud835\udc21\ud835\udc1e\ud835\udc28\ud835\udc2d\ud835\udc28\ud835\udc24\ud835\udc28\ud835\udc2c&#8221; \ud835\udc1d\ud835\udc22\ud835\udc27 \ud835\udc00\ud835\udc25\ud835\udc1b\ud835\udc1a \ud835\udc08\ud835\udc2e\ud835\udc25\ud835\udc22\ud835\udc1a (\ud835\udc1d\ud835\udc22\ud835\udc2b\ud835\udc22\ud835\udc23\ud835\udc28\ud835\udc2b \ud835\udc0d\ud835\udc22\ud835\udc1c\ud835\udc28\ud835\udc25\ud835\udc1a\ud835\udc1e-\ud835\udc02\ud835\udc1a\ud835\udc25\ud835\udc22\ud835\udc27 \ud835\udc01\ud835\udc2e\ud835\udc25\ud835\udc1a\ud835\udc1c), \ud835\udc08\ud835\udc25\ud835\udc22\ud835\udc1e \ud835\udc02\ud835\udc1a\ud835\udc2b\ud835\udc1a\ud835\udc2c, \ud835\udc0b\ud835\udc22\ud835\udc2f\ud835\udc22\ud835\udc2e \u0219i \ud835\udc00\ud835\udc27\ud835\udc2d\ud835\udc28\ud835\udc27\ud835\udc1e\ud835\udc25\ud835\udc1a \ud835\udc01\ud835\udc2e\ud835\udc2d\ud835\udc22\ud835\udc2e, \ud835\udc08\ud835\udc2e\ud835\udc25\ud835\udc22\ud835\udc1a \ud835\udc0c\ud835\udc22\ud835\udc21\ud835\udc1a\ud835\udc22, \ud835\udc01\ud835\udc22\ud835\udc1a\ud835\udc27\ud835\udc1c\ud835\udc1a \ud835\udc02\ud835\udc22\ud835\udc28\ud835\udc27\ud835\udc1c\ud835\udc1a, \ud835\udc0e\ud835\udc1a\ud835\udc27\ud835\udc1a \ud835\udc01\ud835\udc28\ud835\udc33\ud835\udc20\ud835\udc1a \ud835\udc0f\ud835\udc22\ud835\udc27\ud835\udc2d\ud835\udc1e\ud835\udc1a, \ud835\udc03\ud835\udc1a\ud835\udc2b\ud835\udc22\ud835\udc1a \ud835\udc02\ud835\udc28\ud835\udc2c\ud835\udc2d\ud835\udc1e\ud835\udc1a, \ud835\udc03\ud835\udc28\ud835\udc2b\ud835\udc22\ud835\udc27\ud835\udc1a \ud835\udc0d\ud835\udc1a\ud835\udc2b\ud835\udc22\ud835\udc2d\ud835\udc1a, \ud835\udc0d\ud835\udc22\ud835\udc1c\ud835\udc28\ud835\udc25\ud835\udc1a\ud835\udc1e \ud835\udc0f\ud835\udc25\ud835\udc2e\ud835\udc2d\ud835\udc1a, \ud835\udc05\ud835\udc25\ud835\udc28\ud835\udc2b\ud835\udc22\ud835\udc1c\ud835\udc22\ud835\udc1c\ud835\udc1a \ud835\udc0c\ud835\udc28\ud835\udc20\ud835\udc1a, al\u0103turi de invitata special\u0103 a evenimentului, \u00eendr\u0103gita \ud835\udc0c\ud835\udc0e\ud835\udc0d\ud835\udc08\ud835\udc02\ud835\udc00 \ud835\udc00\ud835\udc0d\ud835\udc06\ud835\udc07\ud835\udc04\ud835\udc0b, fiind acompania\u021bi de \ud835\udc0e\ud835\udc2b\ud835\udc1c\ud835\udc21\ud835\udc1e\ud835\udc2c\ud835\udc2d\ud835\udc2b\ud835\udc1a \ud835\udc00\ud835\udc27\ud835\udc2c\ud835\udc1a\ud835\udc26\ud835\udc1b\ud835\udc25\ud835\udc2e\ud835\udc25\ud835\udc2e\ud835\udc22 \ud835\udc05\ud835\udc28\ud835\udc25\ud835\udc1c\ud835\udc25\ud835\udc28\ud835\udc2b\ud835\udc22\ud835\udc1c \ud835\udc1a\ud835\udc25 \ud835\udc09\ud835\udc2e\ud835\udc1d\ud835\udc1e\ud835\udc2d\ud835\udc2e\ud835\udc25\ud835\udc2e\ud835\udc22 \ud835\udc00\ud835\udc25\ud835\udc1b\ud835\udc1a, dirijat\u0103 cu m\u0103iestrie de \ud835\udc00\ud835\udc25\ud835\udc1e\ud835\udc31\ud835\udc1a\ud835\udc27\ud835\udc1d\ud835\udc2b\ud835\udc2e \ud835\udc0f\ud835\udc1a\ud835\udc25.    <\/p>\n\n\n\n<p>Regia muzical\u0103 va fi una atent construit\u0103 pentru a alterna momente de virtuozitate instrumental\u0103, interpret\u0103ri vocale de excep\u021bie \u0219i scurte interven\u021bii narative menite s\u0103 uneasc\u0103 firul identitar.<\/p>\n\n\n\n<p>Evenimentul va fi prezentat cu elegan\u021b\u0103 \u0219i profesionalism de Iuliana Tudor, una dintre cele mai \u00eendr\u0103gite personalit\u0103\u021bi din media cultural\u0103 rom\u00e2neasc\u0103, recunoscut\u0103 pentru implicarea \u00een promovarea folclorului autentic<\/p>\n\n\n\n<p> <strong>De ce s\u0103 participi?<\/strong><\/p>\n\n\n\n<p> \u2022 Pentru c\u0103 rom\u00e2nitatea este un dar care trebuie cultivat \u0219i \u00eemp\u0103rt\u0103\u0219it<\/p>\n\n\n\n<p>. \u2022 Pentru c\u0103 tradi\u021biile ne adun\u0103, indiferent de v\u00e2rst\u0103, regiune sau \u021bar\u0103.<\/p>\n\n\n\n<p> \u2022 Pentru c\u0103 \u201eSuflet de Rom\u00e2n\u201d este un eveniment care ne aminte\u0219te cine suntem \u0219i de unde venim.<\/p>\n\n\n\n<p>\ud835\udc12\ud835\udc2e\ud835\udc27\ud835\udc2d\ud835\udc1e\ud835\udc26 \ud835\udc28 \ud835\udc2c\ud835\udc22\ud835\udc27\ud835\udc20\ud835\udc2e\ud835\udc2b\ud835\udc1a \ud835\udc22\ud835\udc27\ud835\udc22\ud835\udc26\ud835\udc1a, \ud835\udc1b\ud835\udc1a\ud835\udc2d\ud835\udc1a\ud835\udc27\ud835\udc1d \ud835\udc1d\ud835\udc22\ud835\udc27 \ud835\udc33\ud835\udc1e\ud835\udc1c\ud835\udc22 \ud835\udc1d\ud835\udc1e \ud835\udc2c\ud835\udc1a\ud835\udc2d\ud835\udc1e, \ud835\udc28\ud835\udc2b\ud835\udc1a\ud835\udc2c\ud835\udc1e \ud835\udc2c\ud835\udc22 \ud835\udc2d\ud835\udc1a\ud835\udc2b\ud835\udc22, \ud835\udc1d\ud835\udc1a\ud835\udc2b \ud835\udc2c\ud835\udc22\ud835\udc26\ud835\udc2d\ud835\udc22\ud835\udc27\ud835\udc1d \ud835\udc25\ud835\udc1a \ud835\udc1f\ud835\udc1e\ud835\udc25. \ud835\udc08\ud835\udc27 \ud835\udc2c\ud835\udc1e\ud835\udc1a\ud835\udc2b\ud835\udc1a \ud835\udc1d\ud835\udc1e \ud835\udfcf\ud835\udfd5 \ud835\udc1a\ud835\udc2e\ud835\udc20\ud835\udc2e\ud835\udc2c\ud835\udc2d, \ud835\udc2f\ud835\udc1a \ud835\udc22\ud835\udc27\ud835\udc2f\ud835\udc22\ud835\udc2d\ud835\udc1a\ud835\udc26 \ud835\udc2c\ud835\udc1a \ud835\udc2c\ud835\udc22\ud835\udc26\ud835\udc2d\ud835\udc22\ud835\udc2d\ud835\udc22 \ud835\udc2b\ud835\udc28\ud835\udc26\ud835\udc1a\ud835\udc27\ud835\udc1e\ud835\udc2c\ud835\udc2d\ud835\udc1e, \ud835\udc2c\ud835\udc1a \ud835\udc2d\ud835\udc2b\ud835\udc1a\ud835\udc22\ud835\udc2d\ud835\udc22 \ud835\udc1a\ud835\udc2e\ud835\udc2d\ud835\udc1e\ud835\udc27\ud835\udc2d\ud835\udc22\ud835\udc1c, \ud835\udc2c\ud835\udc1a \ud835\udc1f\ud835\udc22\ud835\udc2d\ud835\udc22 \ud835\udc29\ud835\udc1a\ud835\udc2b\ud835\udc2d\ud835\udc1e \ud835\udc1d\ud835\udc22\ud835\udc27\ud835\udc2d\ud835\udc2b-\ud835\udc2e\ud835\udc27 \ud835\udc26\ud835\udc28\ud835\udc26\ud835\udc1e\ud835\udc27\ud835\udc2d \ud835\udc1d\ud835\udc1e \ud835\udc27\ud835\udc1e\ud835\udc2e\ud835\udc22\ud835\udc2d\ud835\udc1a\ud835\udc2d: \ud835\udc12\ud835\udc2e\ud835\udc1f\ud835\udc25\ud835\udc1e\ud835\udc2d \ud835\udc1d\ud835\udc1e \ud835\udc11\ud835\udc28\ud835\udc26\ud835\udc1a\ud835\udc27.<\/p>\n\n\n\n<figure class=\"wp-block-image size-large\"><img loading=\"lazy\" decoding=\"async\" width=\"1040\" height=\"1280\" src=\"https:\/\/urbeamea.ro\/albaiulia\/wp-content\/uploads\/2025\/08\/1000044849-1040x1280.jpg\" alt=\"\" class=\"wp-image-118969\" srcset=\"https:\/\/urbeamea.ro\/albaiulia\/wp-content\/uploads\/2025\/08\/1000044849-1040x1280.jpg 1040w, https:\/\/urbeamea.ro\/albaiulia\/wp-content\/uploads\/2025\/08\/1000044849-520x640.jpg 520w, https:\/\/urbeamea.ro\/albaiulia\/wp-content\/uploads\/2025\/08\/1000044849-122x150.jpg 122w, https:\/\/urbeamea.ro\/albaiulia\/wp-content\/uploads\/2025\/08\/1000044849-768x945.jpg 768w, https:\/\/urbeamea.ro\/albaiulia\/wp-content\/uploads\/2025\/08\/1000044849-1248x1536.jpg 1248w, https:\/\/urbeamea.ro\/albaiulia\/wp-content\/uploads\/2025\/08\/1000044849.jpg 1300w\" sizes=\"auto, (max-width: 1040px) 100vw, 1040px\" \/><\/figure>\n\n\n\n<p><\/p>\n","protected":false},"excerpt":{"rendered":"<p>\u00cen inima Cet\u0103\u021bii Alba Carolina, \u00eentr-un spa\u021biu \u00eenc\u0103rcat de istorie, va avea loc \u00een data de 17 august 2025 un eveniment cultural excep\u021bional: \u201e\ud835\udc12\ud835\udc14\ud835\udc05\ud835\udc0b\ud835\udc04\ud835\udc13 \ud835\udc03\ud835\udc04 \ud835\udc11\ud835\udc0e\ud835\udc0c\u00c2\ud835\udc0d\u201d, un spectacol folcloric extraordinar dedicat identit\u0103\u021bii na\u021bionale \u0219i unit\u0103\u021bii rom\u00e2nilor din diferite col\u021buri ale lumii. Organizat sub egida Consiliului Jude\u021bean Alba, a Prim\u0103riei Municipiului Alba Iulia, Centrului de Cultur\u0103 &hellip;<\/p>\n","protected":false},"author":28,"featured_media":118969,"comment_status":"open","ping_status":"open","sticky":false,"template":"","format":"standard","meta":{"inline_featured_image":false,"footnotes":""},"categories":[23926,2038,4,16567,2034,1,61,16344],"tags":[3828,5826,5268],"class_list":["post-118968","post","type-post","status-publish","format-standard","has-post-thumbnail","hentry","category-actualitate","category-cultura","category-eveniment","category-muzica","category-social","category-stiri-urbane","category-turism","category-urbea-mea","tag-concert-extraordinar","tag-palatul-principilor","tag-suflet-de-roman"],"yoast_head":"<!-- This site is optimized with the Yoast SEO plugin v27.4 - https:\/\/yoast.com\/product\/yoast-seo-wordpress\/ -->\n<title>17 august, ora 19:30 &quot;Suflet de rom\u00e2n&quot; - spectacol folcloric extraordinar, la Palatul Principilor Transilvaniei din Alba Iulia: me\u0219teri populari, preparate culinare preg\u0103tite de Buc\u0103tarul Cet\u0103\u021bii- Cosmin Toma, arti\u0219ti: Furdui Iancu, Robert T\u00e2rn\u0103veanu, Lavinia Goste \u0219i Marius Zorila, Monica Anghel - Revista Urbea Mea - Revista de Alba<\/title>\n<meta name=\"description\" content=\"\u00cen inima Cet\u0103\u021bii Alba Carolina, \u00eentr-un spa\u021biu \u00eenc\u0103rcat de istorie, va avea loc \u00een data de 17 august 2025 un eveniment cultural excep\u021bional: \u201e\ud835\udc12\ud835\udc14\ud835\udc05\ud835\udc0b\ud835\udc04\ud835\udc13 \ud835\udc03\ud835\udc04\" \/>\n<meta name=\"robots\" content=\"index, follow, max-snippet:-1, max-image-preview:large, max-video-preview:-1\" \/>\n<link rel=\"canonical\" href=\"https:\/\/urbeamea.ro\/albaiulia\/17-august-ora-1930-suflet-de-roman-spectacol-folcloric-extraordinar-la-palatul-principilor-transilvaniei-din-alba-iulia-mesteri-populari-preparate-culinare-pregatite-de-bucatarul-cetatii\/\" \/>\n<meta name=\"twitter:card\" content=\"summary_large_image\" \/>\n<meta name=\"twitter:title\" content=\"17 august, ora 19:30 &quot;Suflet de rom\u00e2n&quot; - spectacol folcloric extraordinar, la Palatul Principilor Transilvaniei din Alba Iulia: me\u0219teri populari, preparate culinare preg\u0103tite de Buc\u0103tarul Cet\u0103\u021bii- Cosmin Toma, arti\u0219ti: Furdui Iancu, Robert T\u00e2rn\u0103veanu, Lavinia Goste \u0219i Marius Zorila, Monica Anghel - Revista Urbea Mea - Revista de Alba\" \/>\n<meta name=\"twitter:description\" content=\"\u00cen inima Cet\u0103\u021bii Alba Carolina, \u00eentr-un spa\u021biu \u00eenc\u0103rcat de istorie, va avea loc \u00een data de 17 august 2025 un eveniment cultural excep\u021bional: \u201e\ud835\udc12\ud835\udc14\ud835\udc05\ud835\udc0b\ud835\udc04\ud835\udc13 \ud835\udc03\ud835\udc04\" \/>\n<meta name=\"twitter:image\" content=\"https:\/\/urbeamea.ro\/albaiulia\/wp-content\/uploads\/2025\/08\/1000044849.jpg\" \/>\n<meta name=\"twitter:creator\" content=\"@urbeameaweb\" \/>\n<meta name=\"twitter:site\" content=\"@urbeameaweb\" \/>\n<script type=\"application\/ld+json\" class=\"yoast-schema-graph\">{\"@context\":\"https:\\\/\\\/schema.org\",\"@graph\":[{\"@type\":\"Article\",\"@id\":\"https:\\\/\\\/urbeamea.ro\\\/albaiulia\\\/17-august-ora-1930-suflet-de-roman-spectacol-folcloric-extraordinar-la-palatul-principilor-transilvaniei-din-alba-iulia-mesteri-populari-preparate-culinare-pregatite-de-bucatarul-cetatii\\\/#article\",\"isPartOf\":{\"@id\":\"https:\\\/\\\/urbeamea.ro\\\/albaiulia\\\/17-august-ora-1930-suflet-de-roman-spectacol-folcloric-extraordinar-la-palatul-principilor-transilvaniei-din-alba-iulia-mesteri-populari-preparate-culinare-pregatite-de-bucatarul-cetatii\\\/\"},\"author\":{\"name\":\"Giurca Sorin\",\"@id\":\"https:\\\/\\\/urbeamea.ro\\\/albaiulia\\\/#\\\/schema\\\/person\\\/5db3854ac38c1cc9f0ab4092d6a20f02\"},\"headline\":\"17 august, ora 19:30 &#8222;Suflet de rom\u00e2n&#8221; &#8211; spectacol folcloric extraordinar, la Palatul Principilor Transilvaniei din Alba Iulia: me\u0219teri populari, preparate culinare preg\u0103tite de Buc\u0103tarul Cet\u0103\u021bii- Cosmin Toma, arti\u0219ti: Furdui Iancu, Robert T\u00e2rn\u0103veanu, Lavinia Goste \u0219i Marius Zorila, Monica Anghel\",\"datePublished\":\"2025-08-04T07:32:56+00:00\",\"dateModified\":\"2025-08-04T07:34:35+00:00\",\"mainEntityOfPage\":{\"@id\":\"https:\\\/\\\/urbeamea.ro\\\/albaiulia\\\/17-august-ora-1930-suflet-de-roman-spectacol-folcloric-extraordinar-la-palatul-principilor-transilvaniei-din-alba-iulia-mesteri-populari-preparate-culinare-pregatite-de-bucatarul-cetatii\\\/\"},\"wordCount\":518,\"commentCount\":0,\"image\":{\"@id\":\"https:\\\/\\\/urbeamea.ro\\\/albaiulia\\\/17-august-ora-1930-suflet-de-roman-spectacol-folcloric-extraordinar-la-palatul-principilor-transilvaniei-din-alba-iulia-mesteri-populari-preparate-culinare-pregatite-de-bucatarul-cetatii\\\/#primaryimage\"},\"thumbnailUrl\":\"https:\\\/\\\/urbeamea.ro\\\/albaiulia\\\/wp-content\\\/uploads\\\/2025\\\/08\\\/1000044849.jpg\",\"keywords\":[\"concert extraordinar\",\"palatul principilor\",\"suflet de roman\"],\"articleSection\":[\"Actualitate\",\"Cultur\u0103\",\"Evenimente\",\"Muzic\u0103\",\"Social\",\"\u015etiri Urbane\",\"Turism \u0219i Ghidaj turistic\",\"Urbea Mea\"],\"inLanguage\":\"ro-RO\",\"potentialAction\":[{\"@type\":\"CommentAction\",\"name\":\"Comment\",\"target\":[\"https:\\\/\\\/urbeamea.ro\\\/albaiulia\\\/17-august-ora-1930-suflet-de-roman-spectacol-folcloric-extraordinar-la-palatul-principilor-transilvaniei-din-alba-iulia-mesteri-populari-preparate-culinare-pregatite-de-bucatarul-cetatii\\\/#respond\"]}]},{\"@type\":\"WebPage\",\"@id\":\"https:\\\/\\\/urbeamea.ro\\\/albaiulia\\\/17-august-ora-1930-suflet-de-roman-spectacol-folcloric-extraordinar-la-palatul-principilor-transilvaniei-din-alba-iulia-mesteri-populari-preparate-culinare-pregatite-de-bucatarul-cetatii\\\/\",\"url\":\"https:\\\/\\\/urbeamea.ro\\\/albaiulia\\\/17-august-ora-1930-suflet-de-roman-spectacol-folcloric-extraordinar-la-palatul-principilor-transilvaniei-din-alba-iulia-mesteri-populari-preparate-culinare-pregatite-de-bucatarul-cetatii\\\/\",\"name\":\"17 august, ora 19:30 \\\"Suflet de rom\u00e2n\\\" - spectacol folcloric extraordinar, la Palatul Principilor Transilvaniei din Alba Iulia: me\u0219teri populari, preparate culinare preg\u0103tite de Buc\u0103tarul Cet\u0103\u021bii- Cosmin Toma, arti\u0219ti: Furdui Iancu, Robert T\u00e2rn\u0103veanu, Lavinia Goste \u0219i Marius Zorila, Monica Anghel - Revista Urbea Mea - Revista de Alba\",\"isPartOf\":{\"@id\":\"https:\\\/\\\/urbeamea.ro\\\/albaiulia\\\/#website\"},\"primaryImageOfPage\":{\"@id\":\"https:\\\/\\\/urbeamea.ro\\\/albaiulia\\\/17-august-ora-1930-suflet-de-roman-spectacol-folcloric-extraordinar-la-palatul-principilor-transilvaniei-din-alba-iulia-mesteri-populari-preparate-culinare-pregatite-de-bucatarul-cetatii\\\/#primaryimage\"},\"image\":{\"@id\":\"https:\\\/\\\/urbeamea.ro\\\/albaiulia\\\/17-august-ora-1930-suflet-de-roman-spectacol-folcloric-extraordinar-la-palatul-principilor-transilvaniei-din-alba-iulia-mesteri-populari-preparate-culinare-pregatite-de-bucatarul-cetatii\\\/#primaryimage\"},\"thumbnailUrl\":\"https:\\\/\\\/urbeamea.ro\\\/albaiulia\\\/wp-content\\\/uploads\\\/2025\\\/08\\\/1000044849.jpg\",\"datePublished\":\"2025-08-04T07:32:56+00:00\",\"dateModified\":\"2025-08-04T07:34:35+00:00\",\"author\":{\"@id\":\"https:\\\/\\\/urbeamea.ro\\\/albaiulia\\\/#\\\/schema\\\/person\\\/5db3854ac38c1cc9f0ab4092d6a20f02\"},\"description\":\"\u00cen inima Cet\u0103\u021bii Alba Carolina, \u00eentr-un spa\u021biu \u00eenc\u0103rcat de istorie, va avea loc \u00een data de 17 august 2025 un eveniment cultural excep\u021bional: \u201e\ud835\udc12\ud835\udc14\ud835\udc05\ud835\udc0b\ud835\udc04\ud835\udc13 \ud835\udc03\ud835\udc04\",\"breadcrumb\":{\"@id\":\"https:\\\/\\\/urbeamea.ro\\\/albaiulia\\\/17-august-ora-1930-suflet-de-roman-spectacol-folcloric-extraordinar-la-palatul-principilor-transilvaniei-din-alba-iulia-mesteri-populari-preparate-culinare-pregatite-de-bucatarul-cetatii\\\/#breadcrumb\"},\"inLanguage\":\"ro-RO\",\"potentialAction\":[{\"@type\":\"ReadAction\",\"target\":[\"https:\\\/\\\/urbeamea.ro\\\/albaiulia\\\/17-august-ora-1930-suflet-de-roman-spectacol-folcloric-extraordinar-la-palatul-principilor-transilvaniei-din-alba-iulia-mesteri-populari-preparate-culinare-pregatite-de-bucatarul-cetatii\\\/\"]}]},{\"@type\":\"ImageObject\",\"inLanguage\":\"ro-RO\",\"@id\":\"https:\\\/\\\/urbeamea.ro\\\/albaiulia\\\/17-august-ora-1930-suflet-de-roman-spectacol-folcloric-extraordinar-la-palatul-principilor-transilvaniei-din-alba-iulia-mesteri-populari-preparate-culinare-pregatite-de-bucatarul-cetatii\\\/#primaryimage\",\"url\":\"https:\\\/\\\/urbeamea.ro\\\/albaiulia\\\/wp-content\\\/uploads\\\/2025\\\/08\\\/1000044849.jpg\",\"contentUrl\":\"https:\\\/\\\/urbeamea.ro\\\/albaiulia\\\/wp-content\\\/uploads\\\/2025\\\/08\\\/1000044849.jpg\",\"width\":1300,\"height\":1600},{\"@type\":\"BreadcrumbList\",\"@id\":\"https:\\\/\\\/urbeamea.ro\\\/albaiulia\\\/17-august-ora-1930-suflet-de-roman-spectacol-folcloric-extraordinar-la-palatul-principilor-transilvaniei-din-alba-iulia-mesteri-populari-preparate-culinare-pregatite-de-bucatarul-cetatii\\\/#breadcrumb\",\"itemListElement\":[{\"@type\":\"ListItem\",\"position\":1,\"name\":\"Prima pagin\u0103\",\"item\":\"https:\\\/\\\/urbeamea.ro\\\/albaiulia\\\/\"},{\"@type\":\"ListItem\",\"position\":2,\"name\":\"17 august, ora 19:30 &#8222;Suflet de rom\u00e2n&#8221; &#8211; spectacol folcloric extraordinar, la Palatul Principilor Transilvaniei din Alba Iulia: me\u0219teri populari, preparate culinare preg\u0103tite de Buc\u0103tarul Cet\u0103\u021bii- Cosmin Toma, arti\u0219ti: Furdui Iancu, Robert T\u00e2rn\u0103veanu, Lavinia Goste \u0219i Marius Zorila, Monica Anghel\"}]},{\"@type\":\"WebSite\",\"@id\":\"https:\\\/\\\/urbeamea.ro\\\/albaiulia\\\/#website\",\"url\":\"https:\\\/\\\/urbeamea.ro\\\/albaiulia\\\/\",\"name\":\"Revista Urbea Mea, Stiri urbane\",\"description\":\"Evenimente \u0219i \u0219tiri din Alba Iulia, Sebe\u0219, Aiud, Blaj\",\"potentialAction\":[{\"@type\":\"SearchAction\",\"target\":{\"@type\":\"EntryPoint\",\"urlTemplate\":\"https:\\\/\\\/urbeamea.ro\\\/albaiulia\\\/?s={search_term_string}\"},\"query-input\":{\"@type\":\"PropertyValueSpecification\",\"valueRequired\":true,\"valueName\":\"search_term_string\"}}],\"inLanguage\":\"ro-RO\"},{\"@type\":\"Person\",\"@id\":\"https:\\\/\\\/urbeamea.ro\\\/albaiulia\\\/#\\\/schema\\\/person\\\/5db3854ac38c1cc9f0ab4092d6a20f02\",\"name\":\"Giurca Sorin\",\"image\":{\"@type\":\"ImageObject\",\"inLanguage\":\"ro-RO\",\"@id\":\"https:\\\/\\\/secure.gravatar.com\\\/avatar\\\/120f6fcae7b3b47a7730cb9943f612f4909f68ac5284b5f40ac1c4615fd70576?s=96&d=mm&r=g\",\"url\":\"https:\\\/\\\/secure.gravatar.com\\\/avatar\\\/120f6fcae7b3b47a7730cb9943f612f4909f68ac5284b5f40ac1c4615fd70576?s=96&d=mm&r=g\",\"contentUrl\":\"https:\\\/\\\/secure.gravatar.com\\\/avatar\\\/120f6fcae7b3b47a7730cb9943f612f4909f68ac5284b5f40ac1c4615fd70576?s=96&d=mm&r=g\",\"caption\":\"Giurca Sorin\"},\"url\":\"https:\\\/\\\/urbeamea.ro\\\/albaiulia\\\/author\\\/sorin\\\/\"}]}<\/script>\n<!-- \/ Yoast SEO plugin. -->","yoast_head_json":{"title":"17 august, ora 19:30 \"Suflet de rom\u00e2n\" - spectacol folcloric extraordinar, la Palatul Principilor Transilvaniei din Alba Iulia: me\u0219teri populari, preparate culinare preg\u0103tite de Buc\u0103tarul Cet\u0103\u021bii- Cosmin Toma, arti\u0219ti: Furdui Iancu, Robert T\u00e2rn\u0103veanu, Lavinia Goste \u0219i Marius Zorila, Monica Anghel - Revista Urbea Mea - Revista de Alba","description":"\u00cen inima Cet\u0103\u021bii Alba Carolina, \u00eentr-un spa\u021biu \u00eenc\u0103rcat de istorie, va avea loc \u00een data de 17 august 2025 un eveniment cultural excep\u021bional: \u201e\ud835\udc12\ud835\udc14\ud835\udc05\ud835\udc0b\ud835\udc04\ud835\udc13 \ud835\udc03\ud835\udc04","robots":{"index":"index","follow":"follow","max-snippet":"max-snippet:-1","max-image-preview":"max-image-preview:large","max-video-preview":"max-video-preview:-1"},"canonical":"https:\/\/urbeamea.ro\/albaiulia\/17-august-ora-1930-suflet-de-roman-spectacol-folcloric-extraordinar-la-palatul-principilor-transilvaniei-din-alba-iulia-mesteri-populari-preparate-culinare-pregatite-de-bucatarul-cetatii\/","twitter_card":"summary_large_image","twitter_title":"17 august, ora 19:30 \"Suflet de rom\u00e2n\" - spectacol folcloric extraordinar, la Palatul Principilor Transilvaniei din Alba Iulia: me\u0219teri populari, preparate culinare preg\u0103tite de Buc\u0103tarul Cet\u0103\u021bii- Cosmin Toma, arti\u0219ti: Furdui Iancu, Robert T\u00e2rn\u0103veanu, Lavinia Goste \u0219i Marius Zorila, Monica Anghel - Revista Urbea Mea - Revista de Alba","twitter_description":"\u00cen inima Cet\u0103\u021bii Alba Carolina, \u00eentr-un spa\u021biu \u00eenc\u0103rcat de istorie, va avea loc \u00een data de 17 august 2025 un eveniment cultural excep\u021bional: \u201e\ud835\udc12\ud835\udc14\ud835\udc05\ud835\udc0b\ud835\udc04\ud835\udc13 \ud835\udc03\ud835\udc04","twitter_image":"https:\/\/urbeamea.ro\/albaiulia\/wp-content\/uploads\/2025\/08\/1000044849.jpg","twitter_creator":"@urbeameaweb","twitter_site":"@urbeameaweb","schema":{"@context":"https:\/\/schema.org","@graph":[{"@type":"Article","@id":"https:\/\/urbeamea.ro\/albaiulia\/17-august-ora-1930-suflet-de-roman-spectacol-folcloric-extraordinar-la-palatul-principilor-transilvaniei-din-alba-iulia-mesteri-populari-preparate-culinare-pregatite-de-bucatarul-cetatii\/#article","isPartOf":{"@id":"https:\/\/urbeamea.ro\/albaiulia\/17-august-ora-1930-suflet-de-roman-spectacol-folcloric-extraordinar-la-palatul-principilor-transilvaniei-din-alba-iulia-mesteri-populari-preparate-culinare-pregatite-de-bucatarul-cetatii\/"},"author":{"name":"Giurca Sorin","@id":"https:\/\/urbeamea.ro\/albaiulia\/#\/schema\/person\/5db3854ac38c1cc9f0ab4092d6a20f02"},"headline":"17 august, ora 19:30 &#8222;Suflet de rom\u00e2n&#8221; &#8211; spectacol folcloric extraordinar, la Palatul Principilor Transilvaniei din Alba Iulia: me\u0219teri populari, preparate culinare preg\u0103tite de Buc\u0103tarul Cet\u0103\u021bii- Cosmin Toma, arti\u0219ti: Furdui Iancu, Robert T\u00e2rn\u0103veanu, Lavinia Goste \u0219i Marius Zorila, Monica Anghel","datePublished":"2025-08-04T07:32:56+00:00","dateModified":"2025-08-04T07:34:35+00:00","mainEntityOfPage":{"@id":"https:\/\/urbeamea.ro\/albaiulia\/17-august-ora-1930-suflet-de-roman-spectacol-folcloric-extraordinar-la-palatul-principilor-transilvaniei-din-alba-iulia-mesteri-populari-preparate-culinare-pregatite-de-bucatarul-cetatii\/"},"wordCount":518,"commentCount":0,"image":{"@id":"https:\/\/urbeamea.ro\/albaiulia\/17-august-ora-1930-suflet-de-roman-spectacol-folcloric-extraordinar-la-palatul-principilor-transilvaniei-din-alba-iulia-mesteri-populari-preparate-culinare-pregatite-de-bucatarul-cetatii\/#primaryimage"},"thumbnailUrl":"https:\/\/urbeamea.ro\/albaiulia\/wp-content\/uploads\/2025\/08\/1000044849.jpg","keywords":["concert extraordinar","palatul principilor","suflet de roman"],"articleSection":["Actualitate","Cultur\u0103","Evenimente","Muzic\u0103","Social","\u015etiri Urbane","Turism \u0219i Ghidaj turistic","Urbea Mea"],"inLanguage":"ro-RO","potentialAction":[{"@type":"CommentAction","name":"Comment","target":["https:\/\/urbeamea.ro\/albaiulia\/17-august-ora-1930-suflet-de-roman-spectacol-folcloric-extraordinar-la-palatul-principilor-transilvaniei-din-alba-iulia-mesteri-populari-preparate-culinare-pregatite-de-bucatarul-cetatii\/#respond"]}]},{"@type":"WebPage","@id":"https:\/\/urbeamea.ro\/albaiulia\/17-august-ora-1930-suflet-de-roman-spectacol-folcloric-extraordinar-la-palatul-principilor-transilvaniei-din-alba-iulia-mesteri-populari-preparate-culinare-pregatite-de-bucatarul-cetatii\/","url":"https:\/\/urbeamea.ro\/albaiulia\/17-august-ora-1930-suflet-de-roman-spectacol-folcloric-extraordinar-la-palatul-principilor-transilvaniei-din-alba-iulia-mesteri-populari-preparate-culinare-pregatite-de-bucatarul-cetatii\/","name":"17 august, ora 19:30 \"Suflet de rom\u00e2n\" - spectacol folcloric extraordinar, la Palatul Principilor Transilvaniei din Alba Iulia: me\u0219teri populari, preparate culinare preg\u0103tite de Buc\u0103tarul Cet\u0103\u021bii- Cosmin Toma, arti\u0219ti: Furdui Iancu, Robert T\u00e2rn\u0103veanu, Lavinia Goste \u0219i Marius Zorila, Monica Anghel - Revista Urbea Mea - Revista de Alba","isPartOf":{"@id":"https:\/\/urbeamea.ro\/albaiulia\/#website"},"primaryImageOfPage":{"@id":"https:\/\/urbeamea.ro\/albaiulia\/17-august-ora-1930-suflet-de-roman-spectacol-folcloric-extraordinar-la-palatul-principilor-transilvaniei-din-alba-iulia-mesteri-populari-preparate-culinare-pregatite-de-bucatarul-cetatii\/#primaryimage"},"image":{"@id":"https:\/\/urbeamea.ro\/albaiulia\/17-august-ora-1930-suflet-de-roman-spectacol-folcloric-extraordinar-la-palatul-principilor-transilvaniei-din-alba-iulia-mesteri-populari-preparate-culinare-pregatite-de-bucatarul-cetatii\/#primaryimage"},"thumbnailUrl":"https:\/\/urbeamea.ro\/albaiulia\/wp-content\/uploads\/2025\/08\/1000044849.jpg","datePublished":"2025-08-04T07:32:56+00:00","dateModified":"2025-08-04T07:34:35+00:00","author":{"@id":"https:\/\/urbeamea.ro\/albaiulia\/#\/schema\/person\/5db3854ac38c1cc9f0ab4092d6a20f02"},"description":"\u00cen inima Cet\u0103\u021bii Alba Carolina, \u00eentr-un spa\u021biu \u00eenc\u0103rcat de istorie, va avea loc \u00een data de 17 august 2025 un eveniment cultural excep\u021bional: \u201e\ud835\udc12\ud835\udc14\ud835\udc05\ud835\udc0b\ud835\udc04\ud835\udc13 \ud835\udc03\ud835\udc04","breadcrumb":{"@id":"https:\/\/urbeamea.ro\/albaiulia\/17-august-ora-1930-suflet-de-roman-spectacol-folcloric-extraordinar-la-palatul-principilor-transilvaniei-din-alba-iulia-mesteri-populari-preparate-culinare-pregatite-de-bucatarul-cetatii\/#breadcrumb"},"inLanguage":"ro-RO","potentialAction":[{"@type":"ReadAction","target":["https:\/\/urbeamea.ro\/albaiulia\/17-august-ora-1930-suflet-de-roman-spectacol-folcloric-extraordinar-la-palatul-principilor-transilvaniei-din-alba-iulia-mesteri-populari-preparate-culinare-pregatite-de-bucatarul-cetatii\/"]}]},{"@type":"ImageObject","inLanguage":"ro-RO","@id":"https:\/\/urbeamea.ro\/albaiulia\/17-august-ora-1930-suflet-de-roman-spectacol-folcloric-extraordinar-la-palatul-principilor-transilvaniei-din-alba-iulia-mesteri-populari-preparate-culinare-pregatite-de-bucatarul-cetatii\/#primaryimage","url":"https:\/\/urbeamea.ro\/albaiulia\/wp-content\/uploads\/2025\/08\/1000044849.jpg","contentUrl":"https:\/\/urbeamea.ro\/albaiulia\/wp-content\/uploads\/2025\/08\/1000044849.jpg","width":1300,"height":1600},{"@type":"BreadcrumbList","@id":"https:\/\/urbeamea.ro\/albaiulia\/17-august-ora-1930-suflet-de-roman-spectacol-folcloric-extraordinar-la-palatul-principilor-transilvaniei-din-alba-iulia-mesteri-populari-preparate-culinare-pregatite-de-bucatarul-cetatii\/#breadcrumb","itemListElement":[{"@type":"ListItem","position":1,"name":"Prima pagin\u0103","item":"https:\/\/urbeamea.ro\/albaiulia\/"},{"@type":"ListItem","position":2,"name":"17 august, ora 19:30 &#8222;Suflet de rom\u00e2n&#8221; &#8211; spectacol folcloric extraordinar, la Palatul Principilor Transilvaniei din Alba Iulia: me\u0219teri populari, preparate culinare preg\u0103tite de Buc\u0103tarul Cet\u0103\u021bii- Cosmin Toma, arti\u0219ti: Furdui Iancu, Robert T\u00e2rn\u0103veanu, Lavinia Goste \u0219i Marius Zorila, Monica Anghel"}]},{"@type":"WebSite","@id":"https:\/\/urbeamea.ro\/albaiulia\/#website","url":"https:\/\/urbeamea.ro\/albaiulia\/","name":"Revista Urbea Mea, Stiri urbane","description":"Evenimente \u0219i \u0219tiri din Alba Iulia, Sebe\u0219, Aiud, Blaj","potentialAction":[{"@type":"SearchAction","target":{"@type":"EntryPoint","urlTemplate":"https:\/\/urbeamea.ro\/albaiulia\/?s={search_term_string}"},"query-input":{"@type":"PropertyValueSpecification","valueRequired":true,"valueName":"search_term_string"}}],"inLanguage":"ro-RO"},{"@type":"Person","@id":"https:\/\/urbeamea.ro\/albaiulia\/#\/schema\/person\/5db3854ac38c1cc9f0ab4092d6a20f02","name":"Giurca Sorin","image":{"@type":"ImageObject","inLanguage":"ro-RO","@id":"https:\/\/secure.gravatar.com\/avatar\/120f6fcae7b3b47a7730cb9943f612f4909f68ac5284b5f40ac1c4615fd70576?s=96&d=mm&r=g","url":"https:\/\/secure.gravatar.com\/avatar\/120f6fcae7b3b47a7730cb9943f612f4909f68ac5284b5f40ac1c4615fd70576?s=96&d=mm&r=g","contentUrl":"https:\/\/secure.gravatar.com\/avatar\/120f6fcae7b3b47a7730cb9943f612f4909f68ac5284b5f40ac1c4615fd70576?s=96&d=mm&r=g","caption":"Giurca Sorin"},"url":"https:\/\/urbeamea.ro\/albaiulia\/author\/sorin\/"}]}},"_links":{"self":[{"href":"https:\/\/urbeamea.ro\/albaiulia\/wp-json\/wp\/v2\/posts\/118968","targetHints":{"allow":["GET"]}}],"collection":[{"href":"https:\/\/urbeamea.ro\/albaiulia\/wp-json\/wp\/v2\/posts"}],"about":[{"href":"https:\/\/urbeamea.ro\/albaiulia\/wp-json\/wp\/v2\/types\/post"}],"author":[{"embeddable":true,"href":"https:\/\/urbeamea.ro\/albaiulia\/wp-json\/wp\/v2\/users\/28"}],"replies":[{"embeddable":true,"href":"https:\/\/urbeamea.ro\/albaiulia\/wp-json\/wp\/v2\/comments?post=118968"}],"version-history":[{"count":2,"href":"https:\/\/urbeamea.ro\/albaiulia\/wp-json\/wp\/v2\/posts\/118968\/revisions"}],"predecessor-version":[{"id":118971,"href":"https:\/\/urbeamea.ro\/albaiulia\/wp-json\/wp\/v2\/posts\/118968\/revisions\/118971"}],"wp:featuredmedia":[{"embeddable":true,"href":"https:\/\/urbeamea.ro\/albaiulia\/wp-json\/wp\/v2\/media\/118969"}],"wp:attachment":[{"href":"https:\/\/urbeamea.ro\/albaiulia\/wp-json\/wp\/v2\/media?parent=118968"}],"wp:term":[{"taxonomy":"category","embeddable":true,"href":"https:\/\/urbeamea.ro\/albaiulia\/wp-json\/wp\/v2\/categories?post=118968"},{"taxonomy":"post_tag","embeddable":true,"href":"https:\/\/urbeamea.ro\/albaiulia\/wp-json\/wp\/v2\/tags?post=118968"}],"curies":[{"name":"wp","href":"https:\/\/api.w.org\/{rel}","templated":true}]}}