{"id":118983,"date":"2025-08-04T21:02:17","date_gmt":"2025-08-04T18:02:17","guid":{"rendered":"https:\/\/urbeamea.ro\/albaiulia\/?p=118983"},"modified":"2025-08-04T21:02:19","modified_gmt":"2025-08-04T18:02:19","slug":"proiect-pentru-reabilitarea-palatului-principilor-transilvaniei-din-alba-iulia","status":"publish","type":"post","link":"https:\/\/urbeamea.ro\/albaiulia\/proiect-pentru-reabilitarea-palatului-principilor-transilvaniei-din-alba-iulia\/","title":{"rendered":"Proiect pentru reabilitarea Palatului Principilor Transilvaniei din Alba Iulia"},"content":{"rendered":"\n<p><strong>Municipalitatea din Alba Iulia a lansat luni, un proiect destinat lucr\u0103rilor de reabilitare a Palatului Principilor Transilvaniei.<\/strong><\/p>\n\n\n\n<p>Proiectul este \u00een valoare de aproape 37 milioane de lei, iar durata lucr\u0103rilor este de 38 de luni. <\/p>\n\n\n\n<p>Anun\u021bul a fost f\u0103cut de primarul municipiului Alba Iulia, Gabriel Ple\u0219a prin intermediul paginii de socializare.<\/p>\n\n\n\n<p>&#8222;Ast\u0103zi am lansat un proiect cu rezonan\u021b\u0103 aparte, menit s\u0103 continue misiunea noastr\u0103 de a reda str\u0103lucirea \u0219i vitalitatea unuia dintre cele mai pre\u021bioase simboluri istorice ale Transilvaniei: Palatul Principilor.<\/p>\n\n\n\n<p>Proiectul \u201eAmenajare Spa\u021bii Culturale Multifunc\u021bionale Ansamblul Palatul Principilor din Alba Iulia \u2013 Corp B \u0219i Realizare Poart\u0103 Acces\u201d, \u00een valoare de peste 36,9 milioane lei, reprezint\u0103 mult mai mult dec\u00e2t o simpl\u0103 investi\u021bie \u2013 este o veritabil\u0103 punte \u00eentre trecut \u0219i viitor, o ini\u021biativ\u0103 strategic\u0103 ce urm\u0103re\u0219te s\u0103 continue transformarea unei mo\u0219teniri istorice \u00eentr-un nucleu viu al vie\u021bii culturale contemporane. <\/p>\n\n\n\n<p>Pe parcursul celor 38 de luni dedicate lucr\u0103rilor, vor fi urm\u0103rite dou\u0103 direc\u021bii esen\u021biale: pe de o parte, restaurarea, protejarea \u0219i conservarea acestui monument istoric emblematic, iar pe de alt\u0103 parte, integrarea lui fireasc\u0103 \u00een comunitate, prin organizarea de activit\u0103\u021bi culturale, socio-culturale \u0219i educative.<\/p>\n\n\n\n<p>Prin acest demers, ne propunem s\u0103 \u00eembog\u0103\u021bim via\u021ba cultural\u0103 a Albei Iulia, oferind un cadru modern \u0219i accesibil pentru educa\u021bie, recreere \u0219i promovarea identit\u0103\u021bii culturale. <\/p>\n\n\n\n<p>Cred cu t\u0103rie c\u0103 implementarea acestui proiect va contribui decisiv la \u00eent\u0103rirea statutului Alba Iuliei de pol cultural de importan\u021b\u0103 na\u021bional\u0103 \u0219i interna\u021bional\u0103, sprijinind totodat\u0103 dezvoltarea durabil\u0103 a \u00eentregii regiuni. <\/p>\n\n\n\n<p>Astfel, red\u0103m istoriei splendoarea de odinioar\u0103 \u0219i cl\u0103dim un viitor \u00een care cultura devine nu doar o m\u0103rturie a trecutului, ci \u0219i un fundament solid pentru genera\u021biile care vin, a anun\u021bat, luni, primarul Gabriel Ple\u0219a.<\/p>\n\n\n\n<figure class=\"wp-block-gallery has-nested-images columns-default is-cropped wp-block-gallery-1 is-layout-flex wp-block-gallery-is-layout-flex\">\n<figure class=\"wp-block-image size-large\"><img loading=\"lazy\" decoding=\"async\" width=\"1280\" height=\"852\" data-id=\"118984\" src=\"https:\/\/urbeamea.ro\/albaiulia\/wp-content\/uploads\/2025\/08\/1000044857-1280x852.jpg\" alt=\"\" class=\"wp-image-118984\" srcset=\"https:\/\/urbeamea.ro\/albaiulia\/wp-content\/uploads\/2025\/08\/1000044857-1280x852.jpg 1280w, https:\/\/urbeamea.ro\/albaiulia\/wp-content\/uploads\/2025\/08\/1000044857-640x426.jpg 640w, https:\/\/urbeamea.ro\/albaiulia\/wp-content\/uploads\/2025\/08\/1000044857-150x100.jpg 150w, https:\/\/urbeamea.ro\/albaiulia\/wp-content\/uploads\/2025\/08\/1000044857-768x511.jpg 768w, https:\/\/urbeamea.ro\/albaiulia\/wp-content\/uploads\/2025\/08\/1000044857.jpg 1440w\" sizes=\"auto, (max-width: 1280px) 100vw, 1280px\" \/><\/figure>\n\n\n\n<figure class=\"wp-block-image size-large\"><img loading=\"lazy\" decoding=\"async\" width=\"1280\" height=\"853\" data-id=\"118985\" src=\"https:\/\/urbeamea.ro\/albaiulia\/wp-content\/uploads\/2025\/08\/1000044860-1280x853.jpg\" alt=\"\" class=\"wp-image-118985\" srcset=\"https:\/\/urbeamea.ro\/albaiulia\/wp-content\/uploads\/2025\/08\/1000044860-1280x853.jpg 1280w, https:\/\/urbeamea.ro\/albaiulia\/wp-content\/uploads\/2025\/08\/1000044860-640x427.jpg 640w, https:\/\/urbeamea.ro\/albaiulia\/wp-content\/uploads\/2025\/08\/1000044860-150x100.jpg 150w, https:\/\/urbeamea.ro\/albaiulia\/wp-content\/uploads\/2025\/08\/1000044860-768x512.jpg 768w, https:\/\/urbeamea.ro\/albaiulia\/wp-content\/uploads\/2025\/08\/1000044860.jpg 1440w\" sizes=\"auto, (max-width: 1280px) 100vw, 1280px\" \/><\/figure>\n\n\n\n<figure class=\"wp-block-image size-large\"><img loading=\"lazy\" decoding=\"async\" width=\"1280\" height=\"853\" data-id=\"118987\" src=\"https:\/\/urbeamea.ro\/albaiulia\/wp-content\/uploads\/2025\/08\/1000044859-1280x853.jpg\" alt=\"\" class=\"wp-image-118987\" srcset=\"https:\/\/urbeamea.ro\/albaiulia\/wp-content\/uploads\/2025\/08\/1000044859-1280x853.jpg 1280w, https:\/\/urbeamea.ro\/albaiulia\/wp-content\/uploads\/2025\/08\/1000044859-640x426.jpg 640w, https:\/\/urbeamea.ro\/albaiulia\/wp-content\/uploads\/2025\/08\/1000044859-150x100.jpg 150w, https:\/\/urbeamea.ro\/albaiulia\/wp-content\/uploads\/2025\/08\/1000044859-768x512.jpg 768w, https:\/\/urbeamea.ro\/albaiulia\/wp-content\/uploads\/2025\/08\/1000044859-1536x1023.jpg 1536w, https:\/\/urbeamea.ro\/albaiulia\/wp-content\/uploads\/2025\/08\/1000044859.jpg 2048w\" sizes=\"auto, (max-width: 1280px) 100vw, 1280px\" \/><\/figure>\n\n\n\n<figure class=\"wp-block-image size-large\"><img loading=\"lazy\" decoding=\"async\" width=\"1280\" height=\"853\" data-id=\"118986\" src=\"https:\/\/urbeamea.ro\/albaiulia\/wp-content\/uploads\/2025\/08\/1000044858-1280x853.jpg\" alt=\"\" class=\"wp-image-118986\" srcset=\"https:\/\/urbeamea.ro\/albaiulia\/wp-content\/uploads\/2025\/08\/1000044858-1280x853.jpg 1280w, https:\/\/urbeamea.ro\/albaiulia\/wp-content\/uploads\/2025\/08\/1000044858-640x427.jpg 640w, https:\/\/urbeamea.ro\/albaiulia\/wp-content\/uploads\/2025\/08\/1000044858-150x100.jpg 150w, https:\/\/urbeamea.ro\/albaiulia\/wp-content\/uploads\/2025\/08\/1000044858-768x512.jpg 768w, https:\/\/urbeamea.ro\/albaiulia\/wp-content\/uploads\/2025\/08\/1000044858.jpg 1440w\" sizes=\"auto, (max-width: 1280px) 100vw, 1280px\" \/><\/figure>\n<\/figure>\n\n\n\n<p><\/p>\n","protected":false},"excerpt":{"rendered":"<p>Municipalitatea din Alba Iulia a lansat luni, un proiect destinat lucr\u0103rilor de reabilitare a Palatului Principilor Transilvaniei. Proiectul este \u00een valoare de aproape 37 milioane de lei, iar durata lucr\u0103rilor este de 38 de luni. Anun\u021bul a fost f\u0103cut de primarul municipiului Alba Iulia, Gabriel Ple\u0219a prin intermediul paginii de socializare. &#8222;Ast\u0103zi am lansat un &hellip;<\/p>\n","protected":false},"author":28,"featured_media":118987,"comment_status":"open","ping_status":"open","sticky":false,"template":"","format":"standard","meta":{"inline_featured_image":false,"footnotes":""},"categories":[2035,2038,2034,1,16344],"tags":[5826],"class_list":["post-118983","post","type-post","status-publish","format-standard","has-post-thumbnail","hentry","category-administratie","category-cultura","category-social","category-stiri-urbane","category-urbea-mea","tag-palatul-principilor"],"yoast_head":"<!-- This site is optimized with the Yoast SEO plugin v27.4 - https:\/\/yoast.com\/product\/yoast-seo-wordpress\/ -->\n<title>Proiect pentru reabilitarea Palatului Principilor Transilvaniei din Alba Iulia - Revista Urbea Mea - Revista de Alba<\/title>\n<meta name=\"description\" content=\"Municipalitatea din Alba Iulia a lansat luni, un proiect destinat lucr\u0103rilor de reabilitare a Palatului Principilor Transilvaniei. Proiectul este \u00een\" \/>\n<meta name=\"robots\" content=\"index, follow, max-snippet:-1, max-image-preview:large, max-video-preview:-1\" \/>\n<link rel=\"canonical\" href=\"https:\/\/urbeamea.ro\/albaiulia\/proiect-pentru-reabilitarea-palatului-principilor-transilvaniei-din-alba-iulia\/\" \/>\n<meta name=\"twitter:card\" content=\"summary_large_image\" \/>\n<meta name=\"twitter:title\" content=\"Proiect pentru reabilitarea Palatului Principilor Transilvaniei din Alba Iulia - Revista Urbea Mea - Revista de Alba\" \/>\n<meta name=\"twitter:description\" content=\"Municipalitatea din Alba Iulia a lansat luni, un proiect destinat lucr\u0103rilor de reabilitare a Palatului Principilor Transilvaniei. Proiectul este \u00een\" \/>\n<meta name=\"twitter:image\" content=\"https:\/\/urbeamea.ro\/albaiulia\/wp-content\/uploads\/2025\/08\/1000044859.jpg\" \/>\n<meta name=\"twitter:creator\" content=\"@urbeameaweb\" \/>\n<meta name=\"twitter:site\" content=\"@urbeameaweb\" \/>\n<script type=\"application\/ld+json\" class=\"yoast-schema-graph\">{\"@context\":\"https:\\\/\\\/schema.org\",\"@graph\":[{\"@type\":\"Article\",\"@id\":\"https:\\\/\\\/urbeamea.ro\\\/albaiulia\\\/proiect-pentru-reabilitarea-palatului-principilor-transilvaniei-din-alba-iulia\\\/#article\",\"isPartOf\":{\"@id\":\"https:\\\/\\\/urbeamea.ro\\\/albaiulia\\\/proiect-pentru-reabilitarea-palatului-principilor-transilvaniei-din-alba-iulia\\\/\"},\"author\":{\"name\":\"Giurca Sorin\",\"@id\":\"https:\\\/\\\/urbeamea.ro\\\/albaiulia\\\/#\\\/schema\\\/person\\\/5db3854ac38c1cc9f0ab4092d6a20f02\"},\"headline\":\"Proiect pentru reabilitarea Palatului Principilor Transilvaniei din Alba Iulia\",\"datePublished\":\"2025-08-04T18:02:17+00:00\",\"dateModified\":\"2025-08-04T18:02:19+00:00\",\"mainEntityOfPage\":{\"@id\":\"https:\\\/\\\/urbeamea.ro\\\/albaiulia\\\/proiect-pentru-reabilitarea-palatului-principilor-transilvaniei-din-alba-iulia\\\/\"},\"wordCount\":314,\"commentCount\":0,\"image\":{\"@id\":\"https:\\\/\\\/urbeamea.ro\\\/albaiulia\\\/proiect-pentru-reabilitarea-palatului-principilor-transilvaniei-din-alba-iulia\\\/#primaryimage\"},\"thumbnailUrl\":\"https:\\\/\\\/urbeamea.ro\\\/albaiulia\\\/wp-content\\\/uploads\\\/2025\\\/08\\\/1000044859.jpg\",\"keywords\":[\"palatul principilor\"],\"articleSection\":[\"Administra\u021bie\",\"Cultur\u0103\",\"Social\",\"\u015etiri Urbane\",\"Urbea Mea\"],\"inLanguage\":\"ro-RO\",\"potentialAction\":[{\"@type\":\"CommentAction\",\"name\":\"Comment\",\"target\":[\"https:\\\/\\\/urbeamea.ro\\\/albaiulia\\\/proiect-pentru-reabilitarea-palatului-principilor-transilvaniei-din-alba-iulia\\\/#respond\"]}]},{\"@type\":\"WebPage\",\"@id\":\"https:\\\/\\\/urbeamea.ro\\\/albaiulia\\\/proiect-pentru-reabilitarea-palatului-principilor-transilvaniei-din-alba-iulia\\\/\",\"url\":\"https:\\\/\\\/urbeamea.ro\\\/albaiulia\\\/proiect-pentru-reabilitarea-palatului-principilor-transilvaniei-din-alba-iulia\\\/\",\"name\":\"Proiect pentru reabilitarea Palatului Principilor Transilvaniei din Alba Iulia - Revista Urbea Mea - Revista de Alba\",\"isPartOf\":{\"@id\":\"https:\\\/\\\/urbeamea.ro\\\/albaiulia\\\/#website\"},\"primaryImageOfPage\":{\"@id\":\"https:\\\/\\\/urbeamea.ro\\\/albaiulia\\\/proiect-pentru-reabilitarea-palatului-principilor-transilvaniei-din-alba-iulia\\\/#primaryimage\"},\"image\":{\"@id\":\"https:\\\/\\\/urbeamea.ro\\\/albaiulia\\\/proiect-pentru-reabilitarea-palatului-principilor-transilvaniei-din-alba-iulia\\\/#primaryimage\"},\"thumbnailUrl\":\"https:\\\/\\\/urbeamea.ro\\\/albaiulia\\\/wp-content\\\/uploads\\\/2025\\\/08\\\/1000044859.jpg\",\"datePublished\":\"2025-08-04T18:02:17+00:00\",\"dateModified\":\"2025-08-04T18:02:19+00:00\",\"author\":{\"@id\":\"https:\\\/\\\/urbeamea.ro\\\/albaiulia\\\/#\\\/schema\\\/person\\\/5db3854ac38c1cc9f0ab4092d6a20f02\"},\"description\":\"Municipalitatea din Alba Iulia a lansat luni, un proiect destinat lucr\u0103rilor de reabilitare a Palatului Principilor Transilvaniei. Proiectul este \u00een\",\"breadcrumb\":{\"@id\":\"https:\\\/\\\/urbeamea.ro\\\/albaiulia\\\/proiect-pentru-reabilitarea-palatului-principilor-transilvaniei-din-alba-iulia\\\/#breadcrumb\"},\"inLanguage\":\"ro-RO\",\"potentialAction\":[{\"@type\":\"ReadAction\",\"target\":[\"https:\\\/\\\/urbeamea.ro\\\/albaiulia\\\/proiect-pentru-reabilitarea-palatului-principilor-transilvaniei-din-alba-iulia\\\/\"]}]},{\"@type\":\"ImageObject\",\"inLanguage\":\"ro-RO\",\"@id\":\"https:\\\/\\\/urbeamea.ro\\\/albaiulia\\\/proiect-pentru-reabilitarea-palatului-principilor-transilvaniei-din-alba-iulia\\\/#primaryimage\",\"url\":\"https:\\\/\\\/urbeamea.ro\\\/albaiulia\\\/wp-content\\\/uploads\\\/2025\\\/08\\\/1000044859.jpg\",\"contentUrl\":\"https:\\\/\\\/urbeamea.ro\\\/albaiulia\\\/wp-content\\\/uploads\\\/2025\\\/08\\\/1000044859.jpg\",\"width\":2048,\"height\":1364},{\"@type\":\"BreadcrumbList\",\"@id\":\"https:\\\/\\\/urbeamea.ro\\\/albaiulia\\\/proiect-pentru-reabilitarea-palatului-principilor-transilvaniei-din-alba-iulia\\\/#breadcrumb\",\"itemListElement\":[{\"@type\":\"ListItem\",\"position\":1,\"name\":\"Prima pagin\u0103\",\"item\":\"https:\\\/\\\/urbeamea.ro\\\/albaiulia\\\/\"},{\"@type\":\"ListItem\",\"position\":2,\"name\":\"Proiect pentru reabilitarea Palatului Principilor Transilvaniei din Alba Iulia\"}]},{\"@type\":\"WebSite\",\"@id\":\"https:\\\/\\\/urbeamea.ro\\\/albaiulia\\\/#website\",\"url\":\"https:\\\/\\\/urbeamea.ro\\\/albaiulia\\\/\",\"name\":\"Revista Urbea Mea, Stiri urbane\",\"description\":\"Evenimente \u0219i \u0219tiri din Alba Iulia, Sebe\u0219, Aiud, Blaj\",\"potentialAction\":[{\"@type\":\"SearchAction\",\"target\":{\"@type\":\"EntryPoint\",\"urlTemplate\":\"https:\\\/\\\/urbeamea.ro\\\/albaiulia\\\/?s={search_term_string}\"},\"query-input\":{\"@type\":\"PropertyValueSpecification\",\"valueRequired\":true,\"valueName\":\"search_term_string\"}}],\"inLanguage\":\"ro-RO\"},{\"@type\":\"Person\",\"@id\":\"https:\\\/\\\/urbeamea.ro\\\/albaiulia\\\/#\\\/schema\\\/person\\\/5db3854ac38c1cc9f0ab4092d6a20f02\",\"name\":\"Giurca Sorin\",\"image\":{\"@type\":\"ImageObject\",\"inLanguage\":\"ro-RO\",\"@id\":\"https:\\\/\\\/secure.gravatar.com\\\/avatar\\\/120f6fcae7b3b47a7730cb9943f612f4909f68ac5284b5f40ac1c4615fd70576?s=96&d=mm&r=g\",\"url\":\"https:\\\/\\\/secure.gravatar.com\\\/avatar\\\/120f6fcae7b3b47a7730cb9943f612f4909f68ac5284b5f40ac1c4615fd70576?s=96&d=mm&r=g\",\"contentUrl\":\"https:\\\/\\\/secure.gravatar.com\\\/avatar\\\/120f6fcae7b3b47a7730cb9943f612f4909f68ac5284b5f40ac1c4615fd70576?s=96&d=mm&r=g\",\"caption\":\"Giurca Sorin\"},\"url\":\"https:\\\/\\\/urbeamea.ro\\\/albaiulia\\\/author\\\/sorin\\\/\"}]}<\/script>\n<!-- \/ Yoast SEO plugin. -->","yoast_head_json":{"title":"Proiect pentru reabilitarea Palatului Principilor Transilvaniei din Alba Iulia - Revista Urbea Mea - Revista de Alba","description":"Municipalitatea din Alba Iulia a lansat luni, un proiect destinat lucr\u0103rilor de reabilitare a Palatului Principilor Transilvaniei. Proiectul este \u00een","robots":{"index":"index","follow":"follow","max-snippet":"max-snippet:-1","max-image-preview":"max-image-preview:large","max-video-preview":"max-video-preview:-1"},"canonical":"https:\/\/urbeamea.ro\/albaiulia\/proiect-pentru-reabilitarea-palatului-principilor-transilvaniei-din-alba-iulia\/","twitter_card":"summary_large_image","twitter_title":"Proiect pentru reabilitarea Palatului Principilor Transilvaniei din Alba Iulia - Revista Urbea Mea - Revista de Alba","twitter_description":"Municipalitatea din Alba Iulia a lansat luni, un proiect destinat lucr\u0103rilor de reabilitare a Palatului Principilor Transilvaniei. Proiectul este \u00een","twitter_image":"https:\/\/urbeamea.ro\/albaiulia\/wp-content\/uploads\/2025\/08\/1000044859.jpg","twitter_creator":"@urbeameaweb","twitter_site":"@urbeameaweb","schema":{"@context":"https:\/\/schema.org","@graph":[{"@type":"Article","@id":"https:\/\/urbeamea.ro\/albaiulia\/proiect-pentru-reabilitarea-palatului-principilor-transilvaniei-din-alba-iulia\/#article","isPartOf":{"@id":"https:\/\/urbeamea.ro\/albaiulia\/proiect-pentru-reabilitarea-palatului-principilor-transilvaniei-din-alba-iulia\/"},"author":{"name":"Giurca Sorin","@id":"https:\/\/urbeamea.ro\/albaiulia\/#\/schema\/person\/5db3854ac38c1cc9f0ab4092d6a20f02"},"headline":"Proiect pentru reabilitarea Palatului Principilor Transilvaniei din Alba Iulia","datePublished":"2025-08-04T18:02:17+00:00","dateModified":"2025-08-04T18:02:19+00:00","mainEntityOfPage":{"@id":"https:\/\/urbeamea.ro\/albaiulia\/proiect-pentru-reabilitarea-palatului-principilor-transilvaniei-din-alba-iulia\/"},"wordCount":314,"commentCount":0,"image":{"@id":"https:\/\/urbeamea.ro\/albaiulia\/proiect-pentru-reabilitarea-palatului-principilor-transilvaniei-din-alba-iulia\/#primaryimage"},"thumbnailUrl":"https:\/\/urbeamea.ro\/albaiulia\/wp-content\/uploads\/2025\/08\/1000044859.jpg","keywords":["palatul principilor"],"articleSection":["Administra\u021bie","Cultur\u0103","Social","\u015etiri Urbane","Urbea Mea"],"inLanguage":"ro-RO","potentialAction":[{"@type":"CommentAction","name":"Comment","target":["https:\/\/urbeamea.ro\/albaiulia\/proiect-pentru-reabilitarea-palatului-principilor-transilvaniei-din-alba-iulia\/#respond"]}]},{"@type":"WebPage","@id":"https:\/\/urbeamea.ro\/albaiulia\/proiect-pentru-reabilitarea-palatului-principilor-transilvaniei-din-alba-iulia\/","url":"https:\/\/urbeamea.ro\/albaiulia\/proiect-pentru-reabilitarea-palatului-principilor-transilvaniei-din-alba-iulia\/","name":"Proiect pentru reabilitarea Palatului Principilor Transilvaniei din Alba Iulia - Revista Urbea Mea - Revista de Alba","isPartOf":{"@id":"https:\/\/urbeamea.ro\/albaiulia\/#website"},"primaryImageOfPage":{"@id":"https:\/\/urbeamea.ro\/albaiulia\/proiect-pentru-reabilitarea-palatului-principilor-transilvaniei-din-alba-iulia\/#primaryimage"},"image":{"@id":"https:\/\/urbeamea.ro\/albaiulia\/proiect-pentru-reabilitarea-palatului-principilor-transilvaniei-din-alba-iulia\/#primaryimage"},"thumbnailUrl":"https:\/\/urbeamea.ro\/albaiulia\/wp-content\/uploads\/2025\/08\/1000044859.jpg","datePublished":"2025-08-04T18:02:17+00:00","dateModified":"2025-08-04T18:02:19+00:00","author":{"@id":"https:\/\/urbeamea.ro\/albaiulia\/#\/schema\/person\/5db3854ac38c1cc9f0ab4092d6a20f02"},"description":"Municipalitatea din Alba Iulia a lansat luni, un proiect destinat lucr\u0103rilor de reabilitare a Palatului Principilor Transilvaniei. Proiectul este \u00een","breadcrumb":{"@id":"https:\/\/urbeamea.ro\/albaiulia\/proiect-pentru-reabilitarea-palatului-principilor-transilvaniei-din-alba-iulia\/#breadcrumb"},"inLanguage":"ro-RO","potentialAction":[{"@type":"ReadAction","target":["https:\/\/urbeamea.ro\/albaiulia\/proiect-pentru-reabilitarea-palatului-principilor-transilvaniei-din-alba-iulia\/"]}]},{"@type":"ImageObject","inLanguage":"ro-RO","@id":"https:\/\/urbeamea.ro\/albaiulia\/proiect-pentru-reabilitarea-palatului-principilor-transilvaniei-din-alba-iulia\/#primaryimage","url":"https:\/\/urbeamea.ro\/albaiulia\/wp-content\/uploads\/2025\/08\/1000044859.jpg","contentUrl":"https:\/\/urbeamea.ro\/albaiulia\/wp-content\/uploads\/2025\/08\/1000044859.jpg","width":2048,"height":1364},{"@type":"BreadcrumbList","@id":"https:\/\/urbeamea.ro\/albaiulia\/proiect-pentru-reabilitarea-palatului-principilor-transilvaniei-din-alba-iulia\/#breadcrumb","itemListElement":[{"@type":"ListItem","position":1,"name":"Prima pagin\u0103","item":"https:\/\/urbeamea.ro\/albaiulia\/"},{"@type":"ListItem","position":2,"name":"Proiect pentru reabilitarea Palatului Principilor Transilvaniei din Alba Iulia"}]},{"@type":"WebSite","@id":"https:\/\/urbeamea.ro\/albaiulia\/#website","url":"https:\/\/urbeamea.ro\/albaiulia\/","name":"Revista Urbea Mea, Stiri urbane","description":"Evenimente \u0219i \u0219tiri din Alba Iulia, Sebe\u0219, Aiud, Blaj","potentialAction":[{"@type":"SearchAction","target":{"@type":"EntryPoint","urlTemplate":"https:\/\/urbeamea.ro\/albaiulia\/?s={search_term_string}"},"query-input":{"@type":"PropertyValueSpecification","valueRequired":true,"valueName":"search_term_string"}}],"inLanguage":"ro-RO"},{"@type":"Person","@id":"https:\/\/urbeamea.ro\/albaiulia\/#\/schema\/person\/5db3854ac38c1cc9f0ab4092d6a20f02","name":"Giurca Sorin","image":{"@type":"ImageObject","inLanguage":"ro-RO","@id":"https:\/\/secure.gravatar.com\/avatar\/120f6fcae7b3b47a7730cb9943f612f4909f68ac5284b5f40ac1c4615fd70576?s=96&d=mm&r=g","url":"https:\/\/secure.gravatar.com\/avatar\/120f6fcae7b3b47a7730cb9943f612f4909f68ac5284b5f40ac1c4615fd70576?s=96&d=mm&r=g","contentUrl":"https:\/\/secure.gravatar.com\/avatar\/120f6fcae7b3b47a7730cb9943f612f4909f68ac5284b5f40ac1c4615fd70576?s=96&d=mm&r=g","caption":"Giurca Sorin"},"url":"https:\/\/urbeamea.ro\/albaiulia\/author\/sorin\/"}]}},"_links":{"self":[{"href":"https:\/\/urbeamea.ro\/albaiulia\/wp-json\/wp\/v2\/posts\/118983","targetHints":{"allow":["GET"]}}],"collection":[{"href":"https:\/\/urbeamea.ro\/albaiulia\/wp-json\/wp\/v2\/posts"}],"about":[{"href":"https:\/\/urbeamea.ro\/albaiulia\/wp-json\/wp\/v2\/types\/post"}],"author":[{"embeddable":true,"href":"https:\/\/urbeamea.ro\/albaiulia\/wp-json\/wp\/v2\/users\/28"}],"replies":[{"embeddable":true,"href":"https:\/\/urbeamea.ro\/albaiulia\/wp-json\/wp\/v2\/comments?post=118983"}],"version-history":[{"count":1,"href":"https:\/\/urbeamea.ro\/albaiulia\/wp-json\/wp\/v2\/posts\/118983\/revisions"}],"predecessor-version":[{"id":118988,"href":"https:\/\/urbeamea.ro\/albaiulia\/wp-json\/wp\/v2\/posts\/118983\/revisions\/118988"}],"wp:featuredmedia":[{"embeddable":true,"href":"https:\/\/urbeamea.ro\/albaiulia\/wp-json\/wp\/v2\/media\/118987"}],"wp:attachment":[{"href":"https:\/\/urbeamea.ro\/albaiulia\/wp-json\/wp\/v2\/media?parent=118983"}],"wp:term":[{"taxonomy":"category","embeddable":true,"href":"https:\/\/urbeamea.ro\/albaiulia\/wp-json\/wp\/v2\/categories?post=118983"},{"taxonomy":"post_tag","embeddable":true,"href":"https:\/\/urbeamea.ro\/albaiulia\/wp-json\/wp\/v2\/tags?post=118983"}],"curies":[{"name":"wp","href":"https:\/\/api.w.org\/{rel}","templated":true}]}}