{"id":119157,"date":"2025-08-19T07:38:30","date_gmt":"2025-08-19T04:38:30","guid":{"rendered":"https:\/\/urbeamea.ro\/albaiulia\/?p=119157"},"modified":"2025-08-19T07:38:32","modified_gmt":"2025-08-19T04:38:32","slug":"suflet-de-roman-un-elogiu-al-identitatii-nationale-in-inima-cetatii-alba-carolina","status":"publish","type":"post","link":"https:\/\/urbeamea.ro\/albaiulia\/suflet-de-roman-un-elogiu-al-identitatii-nationale-in-inima-cetatii-alba-carolina\/","title":{"rendered":"&#8222;Suflet de rom\u00e2n&#8221; &#8211; un elogiu al identit\u0103\u021bii na\u021bionale \u00een inima Cet\u0103\u021bii Alba Carolina"},"content":{"rendered":"\n<p>\u00cen <strong>seara zilei de 17 august 2025, de la ora 19:00, \u00een spa\u021biul simbolic al Palatului Principilor Transilvaniei din Alba Iulia, s-a desf\u0103\u0219urat spectacolul folcloric extraordinar intitulat \ud835\udc12\ud835\udc14\ud835\udc05\ud835\udc0b\ud835\udc04\ud835\udc13 \ud835\udc03\ud835\udc04 \ud835\udc11\ud835\udc0e\ud835\udc0c\ud835\udc00\ud835\udc0d \u2013 un eveniment de mare anvergur\u0103 cultural\u0103, g\u00e2ndit ca o celebrare a spiritului rom\u00e2nesc autentic prin muzic\u0103, tradi\u021bie \u0219i me\u0219te\u0219ug.<\/strong><\/p>\n\n\n\n<p>Organizat sub egida Consiliului Jude\u021bean Alba, a Prim\u0103riei Municipiului Alba Iulia, a Centrului de Cultur\u0103 \u201eAugustin Bena\u201d  \u0219i Centrului Cultural ,,Palatul Principilor&#8221;, spectacolul a oferit un veritabil tablou viu al patrimoniului imaterial rom\u00e2nesc, \u00eentr-o formul\u0103 artistic\u0103 impecabil coordonat\u0103 \u0219i \u00eenc\u0103rcat\u0103 de emo\u021bie.<\/p>\n\n\n\n<p>\u00cen centrul acestui efort artistic s-a aflat Orchestra Ansamblului Folcloric al Jude\u021bului Alba din cadrul Centrului de Cultur\u0103 ,,Augustin Bena&#8221;, aflat\u0103 sub bagheta dirijorului \ud835\udc00\ud835\udc0b\ud835\udc04\ud835\udc17\ud835\udc00\ud835\udc0d\ud835\udc03\ud835\udc11\ud835\udc14 \ud835\udc0f\ud835\udc00\ud835\udc0b, care a oferit o direc\u021bie muzical\u0103 coerent\u0103, rafinat\u0103, adaptat\u0103 at\u00e2t repertoriului clasic tradi\u021bional, c\u00e2t \u0219i momentelor moderne de interpretare folcloric\u0103.<\/p>\n\n\n\n<p>Spectacolul a reunit o pleiad\u0103 de arti\u0219ti reprezentativi ai scenei folclorice rom\u00e2ne\u0219ti, fiecare aduc\u00e2nd o contribu\u021bie unic\u0103 la construc\u021bia afectiv\u0103 a evenimentului: \ud835\udc13\ud835\udc2e\ud835\udc1d\ud835\udc28\ud835\udc2b \ud835\udc05\ud835\udc2e\ud835\udc2b\ud835\udc1d\ud835\udc2e\ud835\udc22 \ud835\udc08\ud835\udc1a\ud835\udc27\ud835\udc1c\ud835\udc2e, \ud835\udc11\ud835\udc28\ud835\udc1b\ud835\udc1e\ud835\udc2b\ud835\udc2d \ud835\udc13\ud835\udc1a\ud835\udc2b\ud835\udc27\ud835\udc1a\ud835\udc2f\ud835\udc1e\ud835\udc1a\ud835\udc27\ud835\udc2e, \ud835\udc0b\ud835\udc2e\ud835\udc26\ud835\udc22\ud835\udc27\ud835\udc22\ud835\udc2d\ud835\udc1a \ud835\udc03\ud835\udc1e\ud835\udc23\ud835\udc1a\ud835\udc27, \ud835\udc19\ud835\udc22\ud835\udc27\ud835\udc1a\ud835\udc22\ud835\udc1d\ud835\udc1a \ud835\udc01\ud835\udc28\ud835\udc25\ud835\udc1b\ud835\udc28\ud835\udc1c\ud835\udc1e\ud835\udc1a\ud835\udc27\ud835\udc2e, \ud835\udc0c\ud835\udc1a\ud835\udc2b\ud835\udc22\ud835\udc1a \ud835\udc01\ud835\udc2e\ud835\udc2d\ud835\udc22\ud835\udc25\ud835\udc1a, \ud835\udc0b\ud835\udc1a\ud835\udc2f\ud835\udc22\ud835\udc27\ud835\udc22\ud835\udc1a \ud835\udc06\ud835\udc28\ud835\udc2c\ud835\udc2d\ud835\udc1e \u0219i \ud835\udc0c\ud835\udc1a\ud835\udc2b\ud835\udc22\ud835\udc2e\ud835\udc2c \ud835\udc19\ud835\udc28\ud835\udc2b\ud835\udc22\ud835\udc25\ud835\udc1a, \ud835\udc11\ud835\udc28\ud835\udc31\ud835\udc1a\ud835\udc27\ud835\udc1a \ud835\udc11\ud835\udc1e\ud835\udc1c\ud835\udc21\ud835\udc1e \u0219i \ud835\udc02\ud835\udc28\ud835\udc2b\ud835\udc2e\ud835\udc25 \ud835\udc1d\ud835\udc1e \ud835\udc1c\ud835\udc28\ud835\udc29\ud835\udc22\ud835\udc22 ,,\ud835\udc13\ud835\udc21\ud835\udc1e\ud835\udc28\ud835\udc2d\ud835\udc28\ud835\udc24\ud835\udc28\ud835\udc2c&#8221; \ud835\udc1d\ud835\udc22\ud835\udc27 \ud835\udc00\ud835\udc25\ud835\udc1b\ud835\udc1a \ud835\udc08\ud835\udc2e\ud835\udc25\ud835\udc22\ud835\udc1a (\ud835\udc1d\ud835\udc22\ud835\udc2b\ud835\udc22\ud835\udc23\ud835\udc28\ud835\udc2b \ud835\udc0d\ud835\udc22\ud835\udc1c\ud835\udc28\ud835\udc25\ud835\udc1a\ud835\udc1e-\ud835\udc02\ud835\udc1a\ud835\udc25\ud835\udc22\ud835\udc27 \ud835\udc01\ud835\udc2e\ud835\udc25\ud835\udc1a\ud835\udc1c), \ud835\udc08\ud835\udc25\ud835\udc22\ud835\udc1e \ud835\udc02\ud835\udc1a\ud835\udc2b\ud835\udc1a\ud835\udc2c, \ud835\udc0b\ud835\udc22\ud835\udc2f\ud835\udc22\ud835\udc2e \u0219i \ud835\udc00\ud835\udc27\ud835\udc2d\ud835\udc28\ud835\udc27\ud835\udc1e\ud835\udc25\ud835\udc1a \ud835\udc01\ud835\udc2e\ud835\udc2d\ud835\udc22\ud835\udc2e, \ud835\udc08\ud835\udc2e\ud835\udc25\ud835\udc22\ud835\udc1a \ud835\udc0c\ud835\udc22\ud835\udc21\ud835\udc1a\ud835\udc22, \ud835\udc01\ud835\udc22\ud835\udc1a\ud835\udc27\ud835\udc1c\ud835\udc1a \ud835\udc02\ud835\udc22\ud835\udc28\ud835\udc27\ud835\udc1c\ud835\udc1a, \ud835\udc0e\ud835\udc1a\ud835\udc27\ud835\udc1a \ud835\udc01\ud835\udc28\ud835\udc33\ud835\udc20\ud835\udc1a \ud835\udc0f\ud835\udc22\ud835\udc27\ud835\udc2d\ud835\udc1e\ud835\udc1a, \ud835\udc03\ud835\udc1a\ud835\udc2b\ud835\udc22\ud835\udc1a \ud835\udc02\ud835\udc28\ud835\udc2c\ud835\udc2d\ud835\udc1e\ud835\udc1a, \ud835\udc03\ud835\udc28\ud835\udc2b\ud835\udc22\ud835\udc27\ud835\udc1a \ud835\udc0d\ud835\udc1a\ud835\udc2b\ud835\udc22\ud835\udc2d\ud835\udc1a, \ud835\udc0d\ud835\udc22\ud835\udc1c\ud835\udc28\ud835\udc25\ud835\udc1a\ud835\udc1e \ud835\udc0f\ud835\udc25\ud835\udc2e\ud835\udc2d\ud835\udc1a, \ud835\udc05\ud835\udc25\ud835\udc28\ud835\udc2b\ud835\udc22\ud835\udc1c\ud835\udc22\ud835\udc1c\ud835\udc1a \ud835\udc0c\ud835\udc28\ud835\udc20\ud835\udc1a, \ud835\udc00\ud835\udc27\ud835\udc2c\ud835\udc1a\ud835\udc26\ud835\udc1b\ud835\udc25\ud835\udc2e\ud835\udc25 \ud835\udc1f\ud835\udc28\ud835\udc25\ud835\udc1c\ud835\udc25\ud835\udc28\ud835\udc2b\ud835\udc22\ud835\udc1c ,,\ud835\udc15\ud835\udc1a\ud835\udc25\ud835\udc1e\ud835\udc1a \ud835\udc13\ud835\udc1a\ud835\udc2b\ud835\udc27\ud835\udc1a\ud835\udc2f\ud835\udc1e\ud835\udc25\ud835\udc28\ud835\udc2b&#8221; \ud835\udc1d\ud835\udc22\ud835\udc27 \ud835\udc01\ud835\udc25\ud835\udc1a\ud835\udc23.<\/p>\n\n\n\n<p>Un moment aparte al serii l-a constituit prezen\u021ba \u00eendr\u0103gitei \ud835\udc0c\ud835\udc0e\ud835\udc0d\ud835\udc08\ud835\udc02\ud835\udc00 \ud835\udc00\ud835\udc0d\ud835\udc06\ud835\udc07\ud835\udc04\ud835\udc0b, o artist\u0103 cu o carier\u0103 marcant\u0103 \u00een muzica rom\u00e2neasc\u0103, care a demonstrat o versatilitate impresionant\u0103 \u00een abordarea repertoriului tradi\u021bional. <\/p>\n\n\n\n<p>Interpret\u0103rile sale au adus o not\u0103 de elegan\u021b\u0103, dar \u0219i de profunzime, demonstr\u00e2nd c\u0103 grani\u021bele dintre genuri pot fi armonios dep\u0103\u0219ite \u00een slujba spiritului na\u021bional.<\/p>\n\n\n\n<p>Spectacolul nu a fost doar o celebrare muzical\u0103, ci \u0219i una a me\u0219te\u0219ugului tradi\u021bional rom\u00e2nesc, prin participarea Buc\u0103tarului Cet\u0103\u021bii \u2013 Cosmin Toma, al\u0103turi de numero\u0219i me\u0219teri populari din \u00eentreaga \u021bar\u0103. <\/p>\n\n\n\n<p>Prezen\u021ba acestora a oferit o dimensiune senzorial\u0103 complet\u0103 evenimentului, transform\u00e2nd spa\u021biul Palatului \u00eentr-o veritabil\u0103 sintez\u0103 a culturii populare vii.<\/p>\n\n\n\n<p>Evenimentul a fost prezentat de Iuliana Tudor, una dintre cele mai apreciate personalit\u0103\u021bi ale televiziunii culturale din Rom\u00e2nia, cunoscut\u0103 pentru elegan\u021ba \u0219i c\u0103ldura cu care sus\u021bine valorile tradi\u021bionale. <\/p>\n\n\n\n<p>Prezentarea sa a fost de un profesionalism des\u0103v\u00e2r\u0219it, mereu atent\u0103 la detalii, contribuind esen\u021bial la fluiditatea \u0219i emo\u021bia spectacolului.\u201e\ud835\udc12\ud835\udc14\ud835\udc05\ud835\udc0b\ud835\udc04\ud835\udc13 \ud835\udc03\ud835\udc04 \ud835\udc11\ud835\udc0e\ud835\udc0c\ud835\udc00\ud835\udc0d&#8221; a fost o reafirmare a ceea ce \u00eenseamn\u0103 s\u0103 fii rom\u00e2n, \u00eentr-un context istoric \u0219i cultural semnificativ. <\/p>\n\n\n\n<p>Alegerea loca\u021biei, curtea interioar\u0103 a Palatului Principilor din Alba Iulia, spa\u021biu \u00eenc\u0103rcat de istorie na\u021bional\u0103 \u2013 a \u00eent\u0103rit mesajul unui eveniment care reu\u0219e\u0219te, prin fiecare edi\u021bie, s\u0103 transforme folclorul \u00eentr-un act viu, actual \u0219i profund relevant. <\/p>\n\n\n\n<p>Un eveniment demn de memoria locului \u0219i a sufletului rom\u00e2nesc.<\/p>\n\n\n\n<p>Foto: Centrul de Cultur\u0103 &#8222;Augustin Bena&#8221; Alba <\/p>\n\n\n\n<figure class=\"wp-block-gallery has-nested-images columns-default is-cropped wp-block-gallery-1 is-layout-flex wp-block-gallery-is-layout-flex\">\n<figure class=\"wp-block-image size-large\"><img loading=\"lazy\" decoding=\"async\" width=\"1280\" height=\"853\" data-id=\"119158\" src=\"https:\/\/urbeamea.ro\/albaiulia\/wp-content\/uploads\/2025\/08\/1000046049-1280x853.jpg\" alt=\"\" class=\"wp-image-119158\" srcset=\"https:\/\/urbeamea.ro\/albaiulia\/wp-content\/uploads\/2025\/08\/1000046049-1280x853.jpg 1280w, https:\/\/urbeamea.ro\/albaiulia\/wp-content\/uploads\/2025\/08\/1000046049-640x427.jpg 640w, https:\/\/urbeamea.ro\/albaiulia\/wp-content\/uploads\/2025\/08\/1000046049-150x100.jpg 150w, https:\/\/urbeamea.ro\/albaiulia\/wp-content\/uploads\/2025\/08\/1000046049-768x512.jpg 768w, https:\/\/urbeamea.ro\/albaiulia\/wp-content\/uploads\/2025\/08\/1000046049-1536x1024.jpg 1536w, https:\/\/urbeamea.ro\/albaiulia\/wp-content\/uploads\/2025\/08\/1000046049.jpg 2048w\" sizes=\"auto, (max-width: 1280px) 100vw, 1280px\" \/><\/figure>\n\n\n\n<figure class=\"wp-block-image size-large\"><img loading=\"lazy\" decoding=\"async\" width=\"1280\" height=\"853\" data-id=\"119159\" src=\"https:\/\/urbeamea.ro\/albaiulia\/wp-content\/uploads\/2025\/08\/1000046050-1280x853.jpg\" alt=\"\" class=\"wp-image-119159\" srcset=\"https:\/\/urbeamea.ro\/albaiulia\/wp-content\/uploads\/2025\/08\/1000046050-1280x853.jpg 1280w, https:\/\/urbeamea.ro\/albaiulia\/wp-content\/uploads\/2025\/08\/1000046050-640x427.jpg 640w, https:\/\/urbeamea.ro\/albaiulia\/wp-content\/uploads\/2025\/08\/1000046050-150x100.jpg 150w, https:\/\/urbeamea.ro\/albaiulia\/wp-content\/uploads\/2025\/08\/1000046050-768x512.jpg 768w, https:\/\/urbeamea.ro\/albaiulia\/wp-content\/uploads\/2025\/08\/1000046050-1536x1024.jpg 1536w, https:\/\/urbeamea.ro\/albaiulia\/wp-content\/uploads\/2025\/08\/1000046050.jpg 2048w\" sizes=\"auto, (max-width: 1280px) 100vw, 1280px\" \/><\/figure>\n\n\n\n<figure class=\"wp-block-image size-large\"><img loading=\"lazy\" decoding=\"async\" width=\"1280\" height=\"853\" data-id=\"119160\" src=\"https:\/\/urbeamea.ro\/albaiulia\/wp-content\/uploads\/2025\/08\/1000046051-1280x853.jpg\" alt=\"\" class=\"wp-image-119160\" srcset=\"https:\/\/urbeamea.ro\/albaiulia\/wp-content\/uploads\/2025\/08\/1000046051-1280x853.jpg 1280w, https:\/\/urbeamea.ro\/albaiulia\/wp-content\/uploads\/2025\/08\/1000046051-640x427.jpg 640w, https:\/\/urbeamea.ro\/albaiulia\/wp-content\/uploads\/2025\/08\/1000046051-150x100.jpg 150w, https:\/\/urbeamea.ro\/albaiulia\/wp-content\/uploads\/2025\/08\/1000046051-768x512.jpg 768w, https:\/\/urbeamea.ro\/albaiulia\/wp-content\/uploads\/2025\/08\/1000046051-1536x1024.jpg 1536w, https:\/\/urbeamea.ro\/albaiulia\/wp-content\/uploads\/2025\/08\/1000046051.jpg 2048w\" sizes=\"auto, (max-width: 1280px) 100vw, 1280px\" \/><\/figure>\n\n\n\n<figure class=\"wp-block-image size-large\"><img loading=\"lazy\" decoding=\"async\" width=\"1280\" height=\"853\" data-id=\"119171\" src=\"https:\/\/urbeamea.ro\/albaiulia\/wp-content\/uploads\/2025\/08\/1000046048-1280x853.jpg\" alt=\"\" class=\"wp-image-119171\" srcset=\"https:\/\/urbeamea.ro\/albaiulia\/wp-content\/uploads\/2025\/08\/1000046048-1280x853.jpg 1280w, https:\/\/urbeamea.ro\/albaiulia\/wp-content\/uploads\/2025\/08\/1000046048-640x426.jpg 640w, https:\/\/urbeamea.ro\/albaiulia\/wp-content\/uploads\/2025\/08\/1000046048-150x100.jpg 150w, https:\/\/urbeamea.ro\/albaiulia\/wp-content\/uploads\/2025\/08\/1000046048-768x512.jpg 768w, https:\/\/urbeamea.ro\/albaiulia\/wp-content\/uploads\/2025\/08\/1000046048-1536x1023.jpg 1536w, https:\/\/urbeamea.ro\/albaiulia\/wp-content\/uploads\/2025\/08\/1000046048.jpg 1600w\" sizes=\"auto, (max-width: 1280px) 100vw, 1280px\" \/><\/figure>\n\n\n\n<figure class=\"wp-block-image size-large\"><img loading=\"lazy\" decoding=\"async\" width=\"1280\" height=\"853\" data-id=\"119166\" src=\"https:\/\/urbeamea.ro\/albaiulia\/wp-content\/uploads\/2025\/08\/1000046047-1280x853.jpg\" alt=\"\" class=\"wp-image-119166\" srcset=\"https:\/\/urbeamea.ro\/albaiulia\/wp-content\/uploads\/2025\/08\/1000046047-1280x853.jpg 1280w, https:\/\/urbeamea.ro\/albaiulia\/wp-content\/uploads\/2025\/08\/1000046047-640x427.jpg 640w, https:\/\/urbeamea.ro\/albaiulia\/wp-content\/uploads\/2025\/08\/1000046047-150x100.jpg 150w, https:\/\/urbeamea.ro\/albaiulia\/wp-content\/uploads\/2025\/08\/1000046047-768x512.jpg 768w, https:\/\/urbeamea.ro\/albaiulia\/wp-content\/uploads\/2025\/08\/1000046047-1536x1024.jpg 1536w, https:\/\/urbeamea.ro\/albaiulia\/wp-content\/uploads\/2025\/08\/1000046047.jpg 2048w\" sizes=\"auto, (max-width: 1280px) 100vw, 1280px\" \/><\/figure>\n\n\n\n<figure class=\"wp-block-image size-large\"><img loading=\"lazy\" decoding=\"async\" width=\"1280\" height=\"853\" data-id=\"119163\" src=\"https:\/\/urbeamea.ro\/albaiulia\/wp-content\/uploads\/2025\/08\/1000046046-1280x853.jpg\" alt=\"\" class=\"wp-image-119163\" srcset=\"https:\/\/urbeamea.ro\/albaiulia\/wp-content\/uploads\/2025\/08\/1000046046-1280x853.jpg 1280w, https:\/\/urbeamea.ro\/albaiulia\/wp-content\/uploads\/2025\/08\/1000046046-640x427.jpg 640w, https:\/\/urbeamea.ro\/albaiulia\/wp-content\/uploads\/2025\/08\/1000046046-150x100.jpg 150w, https:\/\/urbeamea.ro\/albaiulia\/wp-content\/uploads\/2025\/08\/1000046046-768x512.jpg 768w, https:\/\/urbeamea.ro\/albaiulia\/wp-content\/uploads\/2025\/08\/1000046046-1536x1024.jpg 1536w, https:\/\/urbeamea.ro\/albaiulia\/wp-content\/uploads\/2025\/08\/1000046046.jpg 2048w\" sizes=\"auto, (max-width: 1280px) 100vw, 1280px\" \/><\/figure>\n\n\n\n<figure class=\"wp-block-image size-large\"><img loading=\"lazy\" decoding=\"async\" width=\"1280\" height=\"853\" data-id=\"119161\" src=\"https:\/\/urbeamea.ro\/albaiulia\/wp-content\/uploads\/2025\/08\/1000046043-1280x853.jpg\" alt=\"\" class=\"wp-image-119161\" srcset=\"https:\/\/urbeamea.ro\/albaiulia\/wp-content\/uploads\/2025\/08\/1000046043-1280x853.jpg 1280w, https:\/\/urbeamea.ro\/albaiulia\/wp-content\/uploads\/2025\/08\/1000046043-640x427.jpg 640w, https:\/\/urbeamea.ro\/albaiulia\/wp-content\/uploads\/2025\/08\/1000046043-150x100.jpg 150w, https:\/\/urbeamea.ro\/albaiulia\/wp-content\/uploads\/2025\/08\/1000046043-768x512.jpg 768w, https:\/\/urbeamea.ro\/albaiulia\/wp-content\/uploads\/2025\/08\/1000046043-1536x1024.jpg 1536w, https:\/\/urbeamea.ro\/albaiulia\/wp-content\/uploads\/2025\/08\/1000046043.jpg 2048w\" sizes=\"auto, (max-width: 1280px) 100vw, 1280px\" \/><\/figure>\n\n\n\n<figure class=\"wp-block-image size-large\"><img loading=\"lazy\" decoding=\"async\" width=\"1280\" height=\"853\" data-id=\"119170\" src=\"https:\/\/urbeamea.ro\/albaiulia\/wp-content\/uploads\/2025\/08\/1000046044-1280x853.jpg\" alt=\"\" class=\"wp-image-119170\" srcset=\"https:\/\/urbeamea.ro\/albaiulia\/wp-content\/uploads\/2025\/08\/1000046044-1280x853.jpg 1280w, https:\/\/urbeamea.ro\/albaiulia\/wp-content\/uploads\/2025\/08\/1000046044-640x427.jpg 640w, https:\/\/urbeamea.ro\/albaiulia\/wp-content\/uploads\/2025\/08\/1000046044-150x100.jpg 150w, https:\/\/urbeamea.ro\/albaiulia\/wp-content\/uploads\/2025\/08\/1000046044-768x512.jpg 768w, https:\/\/urbeamea.ro\/albaiulia\/wp-content\/uploads\/2025\/08\/1000046044-1536x1024.jpg 1536w, https:\/\/urbeamea.ro\/albaiulia\/wp-content\/uploads\/2025\/08\/1000046044.jpg 2048w\" sizes=\"auto, (max-width: 1280px) 100vw, 1280px\" \/><\/figure>\n\n\n\n<figure class=\"wp-block-image size-large\"><img loading=\"lazy\" decoding=\"async\" width=\"1280\" height=\"853\" data-id=\"119167\" src=\"https:\/\/urbeamea.ro\/albaiulia\/wp-content\/uploads\/2025\/08\/1000046045-1280x853.jpg\" alt=\"\" class=\"wp-image-119167\" srcset=\"https:\/\/urbeamea.ro\/albaiulia\/wp-content\/uploads\/2025\/08\/1000046045-1280x853.jpg 1280w, https:\/\/urbeamea.ro\/albaiulia\/wp-content\/uploads\/2025\/08\/1000046045-640x427.jpg 640w, https:\/\/urbeamea.ro\/albaiulia\/wp-content\/uploads\/2025\/08\/1000046045-150x100.jpg 150w, https:\/\/urbeamea.ro\/albaiulia\/wp-content\/uploads\/2025\/08\/1000046045-768x512.jpg 768w, https:\/\/urbeamea.ro\/albaiulia\/wp-content\/uploads\/2025\/08\/1000046045-1536x1024.jpg 1536w, https:\/\/urbeamea.ro\/albaiulia\/wp-content\/uploads\/2025\/08\/1000046045.jpg 2048w\" sizes=\"auto, (max-width: 1280px) 100vw, 1280px\" \/><\/figure>\n\n\n\n<figure class=\"wp-block-image size-large\"><img loading=\"lazy\" decoding=\"async\" width=\"1280\" height=\"853\" data-id=\"119165\" src=\"https:\/\/urbeamea.ro\/albaiulia\/wp-content\/uploads\/2025\/08\/1000046040-1280x853.jpg\" alt=\"\" class=\"wp-image-119165\" srcset=\"https:\/\/urbeamea.ro\/albaiulia\/wp-content\/uploads\/2025\/08\/1000046040-1280x853.jpg 1280w, https:\/\/urbeamea.ro\/albaiulia\/wp-content\/uploads\/2025\/08\/1000046040-640x427.jpg 640w, https:\/\/urbeamea.ro\/albaiulia\/wp-content\/uploads\/2025\/08\/1000046040-150x100.jpg 150w, https:\/\/urbeamea.ro\/albaiulia\/wp-content\/uploads\/2025\/08\/1000046040-768x512.jpg 768w, https:\/\/urbeamea.ro\/albaiulia\/wp-content\/uploads\/2025\/08\/1000046040-1536x1024.jpg 1536w, https:\/\/urbeamea.ro\/albaiulia\/wp-content\/uploads\/2025\/08\/1000046040.jpg 2048w\" sizes=\"auto, (max-width: 1280px) 100vw, 1280px\" \/><\/figure>\n\n\n\n<figure class=\"wp-block-image size-large\"><img loading=\"lazy\" decoding=\"async\" width=\"1280\" height=\"853\" data-id=\"119172\" src=\"https:\/\/urbeamea.ro\/albaiulia\/wp-content\/uploads\/2025\/08\/1000046041-1280x853.jpg\" alt=\"\" class=\"wp-image-119172\" srcset=\"https:\/\/urbeamea.ro\/albaiulia\/wp-content\/uploads\/2025\/08\/1000046041-1280x853.jpg 1280w, https:\/\/urbeamea.ro\/albaiulia\/wp-content\/uploads\/2025\/08\/1000046041-640x427.jpg 640w, https:\/\/urbeamea.ro\/albaiulia\/wp-content\/uploads\/2025\/08\/1000046041-150x100.jpg 150w, https:\/\/urbeamea.ro\/albaiulia\/wp-content\/uploads\/2025\/08\/1000046041-768x512.jpg 768w, https:\/\/urbeamea.ro\/albaiulia\/wp-content\/uploads\/2025\/08\/1000046041-1536x1024.jpg 1536w, https:\/\/urbeamea.ro\/albaiulia\/wp-content\/uploads\/2025\/08\/1000046041.jpg 2048w\" sizes=\"auto, (max-width: 1280px) 100vw, 1280px\" \/><\/figure>\n\n\n\n<figure class=\"wp-block-image size-large\"><img loading=\"lazy\" decoding=\"async\" width=\"1280\" height=\"853\" data-id=\"119164\" src=\"https:\/\/urbeamea.ro\/albaiulia\/wp-content\/uploads\/2025\/08\/1000046042-1280x853.jpg\" alt=\"\" class=\"wp-image-119164\" srcset=\"https:\/\/urbeamea.ro\/albaiulia\/wp-content\/uploads\/2025\/08\/1000046042-1280x853.jpg 1280w, https:\/\/urbeamea.ro\/albaiulia\/wp-content\/uploads\/2025\/08\/1000046042-640x427.jpg 640w, https:\/\/urbeamea.ro\/albaiulia\/wp-content\/uploads\/2025\/08\/1000046042-150x100.jpg 150w, https:\/\/urbeamea.ro\/albaiulia\/wp-content\/uploads\/2025\/08\/1000046042-768x512.jpg 768w, https:\/\/urbeamea.ro\/albaiulia\/wp-content\/uploads\/2025\/08\/1000046042-1536x1024.jpg 1536w, https:\/\/urbeamea.ro\/albaiulia\/wp-content\/uploads\/2025\/08\/1000046042.jpg 2048w\" sizes=\"auto, (max-width: 1280px) 100vw, 1280px\" \/><\/figure>\n\n\n\n<figure class=\"wp-block-image size-large\"><img loading=\"lazy\" decoding=\"async\" width=\"1280\" height=\"853\" data-id=\"119162\" src=\"https:\/\/urbeamea.ro\/albaiulia\/wp-content\/uploads\/2025\/08\/1000046039-1280x853.jpg\" alt=\"\" class=\"wp-image-119162\" srcset=\"https:\/\/urbeamea.ro\/albaiulia\/wp-content\/uploads\/2025\/08\/1000046039-1280x853.jpg 1280w, https:\/\/urbeamea.ro\/albaiulia\/wp-content\/uploads\/2025\/08\/1000046039-640x427.jpg 640w, https:\/\/urbeamea.ro\/albaiulia\/wp-content\/uploads\/2025\/08\/1000046039-150x100.jpg 150w, https:\/\/urbeamea.ro\/albaiulia\/wp-content\/uploads\/2025\/08\/1000046039-768x512.jpg 768w, https:\/\/urbeamea.ro\/albaiulia\/wp-content\/uploads\/2025\/08\/1000046039-1536x1024.jpg 1536w, https:\/\/urbeamea.ro\/albaiulia\/wp-content\/uploads\/2025\/08\/1000046039.jpg 2048w\" sizes=\"auto, (max-width: 1280px) 100vw, 1280px\" \/><\/figure>\n\n\n\n<figure class=\"wp-block-image size-large\"><img loading=\"lazy\" decoding=\"async\" width=\"1280\" height=\"853\" data-id=\"119168\" src=\"https:\/\/urbeamea.ro\/albaiulia\/wp-content\/uploads\/2025\/08\/1000046038-1280x853.jpg\" alt=\"\" class=\"wp-image-119168\" srcset=\"https:\/\/urbeamea.ro\/albaiulia\/wp-content\/uploads\/2025\/08\/1000046038-1280x853.jpg 1280w, https:\/\/urbeamea.ro\/albaiulia\/wp-content\/uploads\/2025\/08\/1000046038-640x427.jpg 640w, https:\/\/urbeamea.ro\/albaiulia\/wp-content\/uploads\/2025\/08\/1000046038-150x100.jpg 150w, https:\/\/urbeamea.ro\/albaiulia\/wp-content\/uploads\/2025\/08\/1000046038-768x512.jpg 768w, https:\/\/urbeamea.ro\/albaiulia\/wp-content\/uploads\/2025\/08\/1000046038-1536x1024.jpg 1536w, https:\/\/urbeamea.ro\/albaiulia\/wp-content\/uploads\/2025\/08\/1000046038.jpg 2048w\" sizes=\"auto, (max-width: 1280px) 100vw, 1280px\" \/><\/figure>\n\n\n\n<figure class=\"wp-block-image size-large\"><img loading=\"lazy\" decoding=\"async\" width=\"1280\" height=\"853\" data-id=\"119169\" src=\"https:\/\/urbeamea.ro\/albaiulia\/wp-content\/uploads\/2025\/08\/1000046037-1280x853.jpg\" alt=\"\" class=\"wp-image-119169\" srcset=\"https:\/\/urbeamea.ro\/albaiulia\/wp-content\/uploads\/2025\/08\/1000046037-1280x853.jpg 1280w, https:\/\/urbeamea.ro\/albaiulia\/wp-content\/uploads\/2025\/08\/1000046037-640x426.jpg 640w, https:\/\/urbeamea.ro\/albaiulia\/wp-content\/uploads\/2025\/08\/1000046037-150x100.jpg 150w, https:\/\/urbeamea.ro\/albaiulia\/wp-content\/uploads\/2025\/08\/1000046037-768x512.jpg 768w, https:\/\/urbeamea.ro\/albaiulia\/wp-content\/uploads\/2025\/08\/1000046037-1536x1023.jpg 1536w, https:\/\/urbeamea.ro\/albaiulia\/wp-content\/uploads\/2025\/08\/1000046037.jpg 2048w\" sizes=\"auto, (max-width: 1280px) 100vw, 1280px\" \/><\/figure>\n<\/figure>\n","protected":false},"excerpt":{"rendered":"<p>\u00cen seara zilei de 17 august 2025, de la ora 19:00, \u00een spa\u021biul simbolic al Palatului Principilor Transilvaniei din Alba Iulia, s-a desf\u0103\u0219urat spectacolul folcloric extraordinar intitulat \ud835\udc12\ud835\udc14\ud835\udc05\ud835\udc0b\ud835\udc04\ud835\udc13 \ud835\udc03\ud835\udc04 \ud835\udc11\ud835\udc0e\ud835\udc0c\ud835\udc00\ud835\udc0d \u2013 un eveniment de mare anvergur\u0103 cultural\u0103, g\u00e2ndit ca o celebrare a spiritului rom\u00e2nesc autentic prin muzic\u0103, tradi\u021bie \u0219i me\u0219te\u0219ug. Organizat sub egida Consiliului Jude\u021bean &hellip;<\/p>\n","protected":false},"author":28,"featured_media":119169,"comment_status":"open","ping_status":"open","sticky":false,"template":"","format":"standard","meta":{"inline_featured_image":false,"footnotes":""},"categories":[2038,4,16567,2034,1,16344],"tags":[5826,5268],"class_list":["post-119157","post","type-post","status-publish","format-standard","has-post-thumbnail","hentry","category-cultura","category-eveniment","category-muzica","category-social","category-stiri-urbane","category-urbea-mea","tag-palatul-principilor","tag-suflet-de-roman"],"yoast_head":"<!-- This site is optimized with the Yoast SEO plugin v27.4 - https:\/\/yoast.com\/product\/yoast-seo-wordpress\/ -->\n<title>&quot;Suflet de rom\u00e2n&quot; - un elogiu al identit\u0103\u021bii na\u021bionale \u00een inima Cet\u0103\u021bii Alba Carolina - Revista Urbea Mea - Revista de Alba<\/title>\n<meta name=\"description\" content=\"\u00cen seara zilei de 17 august 2025, de la ora 19:00, \u00een spa\u021biul simbolic al Palatului Principilor Transilvaniei din Alba Iulia, s-a desf\u0103\u0219urat spectacolul\" \/>\n<meta name=\"robots\" content=\"index, follow, max-snippet:-1, max-image-preview:large, max-video-preview:-1\" \/>\n<link rel=\"canonical\" href=\"https:\/\/urbeamea.ro\/albaiulia\/suflet-de-roman-un-elogiu-al-identitatii-nationale-in-inima-cetatii-alba-carolina\/\" \/>\n<meta name=\"twitter:card\" content=\"summary_large_image\" \/>\n<meta name=\"twitter:title\" content=\"&quot;Suflet de rom\u00e2n&quot; - un elogiu al identit\u0103\u021bii na\u021bionale \u00een inima Cet\u0103\u021bii Alba Carolina - Revista Urbea Mea - Revista de Alba\" \/>\n<meta name=\"twitter:description\" content=\"\u00cen seara zilei de 17 august 2025, de la ora 19:00, \u00een spa\u021biul simbolic al Palatului Principilor Transilvaniei din Alba Iulia, s-a desf\u0103\u0219urat spectacolul\" \/>\n<meta name=\"twitter:image\" content=\"https:\/\/urbeamea.ro\/albaiulia\/wp-content\/uploads\/2025\/08\/1000046037.jpg\" \/>\n<meta name=\"twitter:creator\" content=\"@urbeameaweb\" \/>\n<meta name=\"twitter:site\" content=\"@urbeameaweb\" \/>\n<script type=\"application\/ld+json\" class=\"yoast-schema-graph\">{\"@context\":\"https:\\\/\\\/schema.org\",\"@graph\":[{\"@type\":\"Article\",\"@id\":\"https:\\\/\\\/urbeamea.ro\\\/albaiulia\\\/suflet-de-roman-un-elogiu-al-identitatii-nationale-in-inima-cetatii-alba-carolina\\\/#article\",\"isPartOf\":{\"@id\":\"https:\\\/\\\/urbeamea.ro\\\/albaiulia\\\/suflet-de-roman-un-elogiu-al-identitatii-nationale-in-inima-cetatii-alba-carolina\\\/\"},\"author\":{\"name\":\"Giurca Sorin\",\"@id\":\"https:\\\/\\\/urbeamea.ro\\\/albaiulia\\\/#\\\/schema\\\/person\\\/5db3854ac38c1cc9f0ab4092d6a20f02\"},\"headline\":\"&#8222;Suflet de rom\u00e2n&#8221; &#8211; un elogiu al identit\u0103\u021bii na\u021bionale \u00een inima Cet\u0103\u021bii Alba Carolina\",\"datePublished\":\"2025-08-19T04:38:30+00:00\",\"dateModified\":\"2025-08-19T04:38:32+00:00\",\"mainEntityOfPage\":{\"@id\":\"https:\\\/\\\/urbeamea.ro\\\/albaiulia\\\/suflet-de-roman-un-elogiu-al-identitatii-nationale-in-inima-cetatii-alba-carolina\\\/\"},\"wordCount\":455,\"commentCount\":0,\"image\":{\"@id\":\"https:\\\/\\\/urbeamea.ro\\\/albaiulia\\\/suflet-de-roman-un-elogiu-al-identitatii-nationale-in-inima-cetatii-alba-carolina\\\/#primaryimage\"},\"thumbnailUrl\":\"https:\\\/\\\/urbeamea.ro\\\/albaiulia\\\/wp-content\\\/uploads\\\/2025\\\/08\\\/1000046037.jpg\",\"keywords\":[\"palatul principilor\",\"suflet de roman\"],\"articleSection\":[\"Cultur\u0103\",\"Evenimente\",\"Muzic\u0103\",\"Social\",\"\u015etiri Urbane\",\"Urbea Mea\"],\"inLanguage\":\"ro-RO\",\"potentialAction\":[{\"@type\":\"CommentAction\",\"name\":\"Comment\",\"target\":[\"https:\\\/\\\/urbeamea.ro\\\/albaiulia\\\/suflet-de-roman-un-elogiu-al-identitatii-nationale-in-inima-cetatii-alba-carolina\\\/#respond\"]}]},{\"@type\":\"WebPage\",\"@id\":\"https:\\\/\\\/urbeamea.ro\\\/albaiulia\\\/suflet-de-roman-un-elogiu-al-identitatii-nationale-in-inima-cetatii-alba-carolina\\\/\",\"url\":\"https:\\\/\\\/urbeamea.ro\\\/albaiulia\\\/suflet-de-roman-un-elogiu-al-identitatii-nationale-in-inima-cetatii-alba-carolina\\\/\",\"name\":\"\\\"Suflet de rom\u00e2n\\\" - un elogiu al identit\u0103\u021bii na\u021bionale \u00een inima Cet\u0103\u021bii Alba Carolina - Revista Urbea Mea - Revista de Alba\",\"isPartOf\":{\"@id\":\"https:\\\/\\\/urbeamea.ro\\\/albaiulia\\\/#website\"},\"primaryImageOfPage\":{\"@id\":\"https:\\\/\\\/urbeamea.ro\\\/albaiulia\\\/suflet-de-roman-un-elogiu-al-identitatii-nationale-in-inima-cetatii-alba-carolina\\\/#primaryimage\"},\"image\":{\"@id\":\"https:\\\/\\\/urbeamea.ro\\\/albaiulia\\\/suflet-de-roman-un-elogiu-al-identitatii-nationale-in-inima-cetatii-alba-carolina\\\/#primaryimage\"},\"thumbnailUrl\":\"https:\\\/\\\/urbeamea.ro\\\/albaiulia\\\/wp-content\\\/uploads\\\/2025\\\/08\\\/1000046037.jpg\",\"datePublished\":\"2025-08-19T04:38:30+00:00\",\"dateModified\":\"2025-08-19T04:38:32+00:00\",\"author\":{\"@id\":\"https:\\\/\\\/urbeamea.ro\\\/albaiulia\\\/#\\\/schema\\\/person\\\/5db3854ac38c1cc9f0ab4092d6a20f02\"},\"description\":\"\u00cen seara zilei de 17 august 2025, de la ora 19:00, \u00een spa\u021biul simbolic al Palatului Principilor Transilvaniei din Alba Iulia, s-a desf\u0103\u0219urat spectacolul\",\"breadcrumb\":{\"@id\":\"https:\\\/\\\/urbeamea.ro\\\/albaiulia\\\/suflet-de-roman-un-elogiu-al-identitatii-nationale-in-inima-cetatii-alba-carolina\\\/#breadcrumb\"},\"inLanguage\":\"ro-RO\",\"potentialAction\":[{\"@type\":\"ReadAction\",\"target\":[\"https:\\\/\\\/urbeamea.ro\\\/albaiulia\\\/suflet-de-roman-un-elogiu-al-identitatii-nationale-in-inima-cetatii-alba-carolina\\\/\"]}]},{\"@type\":\"ImageObject\",\"inLanguage\":\"ro-RO\",\"@id\":\"https:\\\/\\\/urbeamea.ro\\\/albaiulia\\\/suflet-de-roman-un-elogiu-al-identitatii-nationale-in-inima-cetatii-alba-carolina\\\/#primaryimage\",\"url\":\"https:\\\/\\\/urbeamea.ro\\\/albaiulia\\\/wp-content\\\/uploads\\\/2025\\\/08\\\/1000046037.jpg\",\"contentUrl\":\"https:\\\/\\\/urbeamea.ro\\\/albaiulia\\\/wp-content\\\/uploads\\\/2025\\\/08\\\/1000046037.jpg\",\"width\":2048,\"height\":1364},{\"@type\":\"BreadcrumbList\",\"@id\":\"https:\\\/\\\/urbeamea.ro\\\/albaiulia\\\/suflet-de-roman-un-elogiu-al-identitatii-nationale-in-inima-cetatii-alba-carolina\\\/#breadcrumb\",\"itemListElement\":[{\"@type\":\"ListItem\",\"position\":1,\"name\":\"Prima pagin\u0103\",\"item\":\"https:\\\/\\\/urbeamea.ro\\\/albaiulia\\\/\"},{\"@type\":\"ListItem\",\"position\":2,\"name\":\"&#8222;Suflet de rom\u00e2n&#8221; &#8211; un elogiu al identit\u0103\u021bii na\u021bionale \u00een inima Cet\u0103\u021bii Alba Carolina\"}]},{\"@type\":\"WebSite\",\"@id\":\"https:\\\/\\\/urbeamea.ro\\\/albaiulia\\\/#website\",\"url\":\"https:\\\/\\\/urbeamea.ro\\\/albaiulia\\\/\",\"name\":\"Revista Urbea Mea, Stiri urbane\",\"description\":\"Evenimente \u0219i \u0219tiri din Alba Iulia, Sebe\u0219, Aiud, Blaj\",\"potentialAction\":[{\"@type\":\"SearchAction\",\"target\":{\"@type\":\"EntryPoint\",\"urlTemplate\":\"https:\\\/\\\/urbeamea.ro\\\/albaiulia\\\/?s={search_term_string}\"},\"query-input\":{\"@type\":\"PropertyValueSpecification\",\"valueRequired\":true,\"valueName\":\"search_term_string\"}}],\"inLanguage\":\"ro-RO\"},{\"@type\":\"Person\",\"@id\":\"https:\\\/\\\/urbeamea.ro\\\/albaiulia\\\/#\\\/schema\\\/person\\\/5db3854ac38c1cc9f0ab4092d6a20f02\",\"name\":\"Giurca Sorin\",\"image\":{\"@type\":\"ImageObject\",\"inLanguage\":\"ro-RO\",\"@id\":\"https:\\\/\\\/secure.gravatar.com\\\/avatar\\\/120f6fcae7b3b47a7730cb9943f612f4909f68ac5284b5f40ac1c4615fd70576?s=96&d=mm&r=g\",\"url\":\"https:\\\/\\\/secure.gravatar.com\\\/avatar\\\/120f6fcae7b3b47a7730cb9943f612f4909f68ac5284b5f40ac1c4615fd70576?s=96&d=mm&r=g\",\"contentUrl\":\"https:\\\/\\\/secure.gravatar.com\\\/avatar\\\/120f6fcae7b3b47a7730cb9943f612f4909f68ac5284b5f40ac1c4615fd70576?s=96&d=mm&r=g\",\"caption\":\"Giurca Sorin\"},\"url\":\"https:\\\/\\\/urbeamea.ro\\\/albaiulia\\\/author\\\/sorin\\\/\"}]}<\/script>\n<!-- \/ Yoast SEO plugin. -->","yoast_head_json":{"title":"\"Suflet de rom\u00e2n\" - un elogiu al identit\u0103\u021bii na\u021bionale \u00een inima Cet\u0103\u021bii Alba Carolina - Revista Urbea Mea - Revista de Alba","description":"\u00cen seara zilei de 17 august 2025, de la ora 19:00, \u00een spa\u021biul simbolic al Palatului Principilor Transilvaniei din Alba Iulia, s-a desf\u0103\u0219urat spectacolul","robots":{"index":"index","follow":"follow","max-snippet":"max-snippet:-1","max-image-preview":"max-image-preview:large","max-video-preview":"max-video-preview:-1"},"canonical":"https:\/\/urbeamea.ro\/albaiulia\/suflet-de-roman-un-elogiu-al-identitatii-nationale-in-inima-cetatii-alba-carolina\/","twitter_card":"summary_large_image","twitter_title":"\"Suflet de rom\u00e2n\" - un elogiu al identit\u0103\u021bii na\u021bionale \u00een inima Cet\u0103\u021bii Alba Carolina - Revista Urbea Mea - Revista de Alba","twitter_description":"\u00cen seara zilei de 17 august 2025, de la ora 19:00, \u00een spa\u021biul simbolic al Palatului Principilor Transilvaniei din Alba Iulia, s-a desf\u0103\u0219urat spectacolul","twitter_image":"https:\/\/urbeamea.ro\/albaiulia\/wp-content\/uploads\/2025\/08\/1000046037.jpg","twitter_creator":"@urbeameaweb","twitter_site":"@urbeameaweb","schema":{"@context":"https:\/\/schema.org","@graph":[{"@type":"Article","@id":"https:\/\/urbeamea.ro\/albaiulia\/suflet-de-roman-un-elogiu-al-identitatii-nationale-in-inima-cetatii-alba-carolina\/#article","isPartOf":{"@id":"https:\/\/urbeamea.ro\/albaiulia\/suflet-de-roman-un-elogiu-al-identitatii-nationale-in-inima-cetatii-alba-carolina\/"},"author":{"name":"Giurca Sorin","@id":"https:\/\/urbeamea.ro\/albaiulia\/#\/schema\/person\/5db3854ac38c1cc9f0ab4092d6a20f02"},"headline":"&#8222;Suflet de rom\u00e2n&#8221; &#8211; un elogiu al identit\u0103\u021bii na\u021bionale \u00een inima Cet\u0103\u021bii Alba Carolina","datePublished":"2025-08-19T04:38:30+00:00","dateModified":"2025-08-19T04:38:32+00:00","mainEntityOfPage":{"@id":"https:\/\/urbeamea.ro\/albaiulia\/suflet-de-roman-un-elogiu-al-identitatii-nationale-in-inima-cetatii-alba-carolina\/"},"wordCount":455,"commentCount":0,"image":{"@id":"https:\/\/urbeamea.ro\/albaiulia\/suflet-de-roman-un-elogiu-al-identitatii-nationale-in-inima-cetatii-alba-carolina\/#primaryimage"},"thumbnailUrl":"https:\/\/urbeamea.ro\/albaiulia\/wp-content\/uploads\/2025\/08\/1000046037.jpg","keywords":["palatul principilor","suflet de roman"],"articleSection":["Cultur\u0103","Evenimente","Muzic\u0103","Social","\u015etiri Urbane","Urbea Mea"],"inLanguage":"ro-RO","potentialAction":[{"@type":"CommentAction","name":"Comment","target":["https:\/\/urbeamea.ro\/albaiulia\/suflet-de-roman-un-elogiu-al-identitatii-nationale-in-inima-cetatii-alba-carolina\/#respond"]}]},{"@type":"WebPage","@id":"https:\/\/urbeamea.ro\/albaiulia\/suflet-de-roman-un-elogiu-al-identitatii-nationale-in-inima-cetatii-alba-carolina\/","url":"https:\/\/urbeamea.ro\/albaiulia\/suflet-de-roman-un-elogiu-al-identitatii-nationale-in-inima-cetatii-alba-carolina\/","name":"\"Suflet de rom\u00e2n\" - un elogiu al identit\u0103\u021bii na\u021bionale \u00een inima Cet\u0103\u021bii Alba Carolina - Revista Urbea Mea - Revista de Alba","isPartOf":{"@id":"https:\/\/urbeamea.ro\/albaiulia\/#website"},"primaryImageOfPage":{"@id":"https:\/\/urbeamea.ro\/albaiulia\/suflet-de-roman-un-elogiu-al-identitatii-nationale-in-inima-cetatii-alba-carolina\/#primaryimage"},"image":{"@id":"https:\/\/urbeamea.ro\/albaiulia\/suflet-de-roman-un-elogiu-al-identitatii-nationale-in-inima-cetatii-alba-carolina\/#primaryimage"},"thumbnailUrl":"https:\/\/urbeamea.ro\/albaiulia\/wp-content\/uploads\/2025\/08\/1000046037.jpg","datePublished":"2025-08-19T04:38:30+00:00","dateModified":"2025-08-19T04:38:32+00:00","author":{"@id":"https:\/\/urbeamea.ro\/albaiulia\/#\/schema\/person\/5db3854ac38c1cc9f0ab4092d6a20f02"},"description":"\u00cen seara zilei de 17 august 2025, de la ora 19:00, \u00een spa\u021biul simbolic al Palatului Principilor Transilvaniei din Alba Iulia, s-a desf\u0103\u0219urat spectacolul","breadcrumb":{"@id":"https:\/\/urbeamea.ro\/albaiulia\/suflet-de-roman-un-elogiu-al-identitatii-nationale-in-inima-cetatii-alba-carolina\/#breadcrumb"},"inLanguage":"ro-RO","potentialAction":[{"@type":"ReadAction","target":["https:\/\/urbeamea.ro\/albaiulia\/suflet-de-roman-un-elogiu-al-identitatii-nationale-in-inima-cetatii-alba-carolina\/"]}]},{"@type":"ImageObject","inLanguage":"ro-RO","@id":"https:\/\/urbeamea.ro\/albaiulia\/suflet-de-roman-un-elogiu-al-identitatii-nationale-in-inima-cetatii-alba-carolina\/#primaryimage","url":"https:\/\/urbeamea.ro\/albaiulia\/wp-content\/uploads\/2025\/08\/1000046037.jpg","contentUrl":"https:\/\/urbeamea.ro\/albaiulia\/wp-content\/uploads\/2025\/08\/1000046037.jpg","width":2048,"height":1364},{"@type":"BreadcrumbList","@id":"https:\/\/urbeamea.ro\/albaiulia\/suflet-de-roman-un-elogiu-al-identitatii-nationale-in-inima-cetatii-alba-carolina\/#breadcrumb","itemListElement":[{"@type":"ListItem","position":1,"name":"Prima pagin\u0103","item":"https:\/\/urbeamea.ro\/albaiulia\/"},{"@type":"ListItem","position":2,"name":"&#8222;Suflet de rom\u00e2n&#8221; &#8211; un elogiu al identit\u0103\u021bii na\u021bionale \u00een inima Cet\u0103\u021bii Alba Carolina"}]},{"@type":"WebSite","@id":"https:\/\/urbeamea.ro\/albaiulia\/#website","url":"https:\/\/urbeamea.ro\/albaiulia\/","name":"Revista Urbea Mea, Stiri urbane","description":"Evenimente \u0219i \u0219tiri din Alba Iulia, Sebe\u0219, Aiud, Blaj","potentialAction":[{"@type":"SearchAction","target":{"@type":"EntryPoint","urlTemplate":"https:\/\/urbeamea.ro\/albaiulia\/?s={search_term_string}"},"query-input":{"@type":"PropertyValueSpecification","valueRequired":true,"valueName":"search_term_string"}}],"inLanguage":"ro-RO"},{"@type":"Person","@id":"https:\/\/urbeamea.ro\/albaiulia\/#\/schema\/person\/5db3854ac38c1cc9f0ab4092d6a20f02","name":"Giurca Sorin","image":{"@type":"ImageObject","inLanguage":"ro-RO","@id":"https:\/\/secure.gravatar.com\/avatar\/120f6fcae7b3b47a7730cb9943f612f4909f68ac5284b5f40ac1c4615fd70576?s=96&d=mm&r=g","url":"https:\/\/secure.gravatar.com\/avatar\/120f6fcae7b3b47a7730cb9943f612f4909f68ac5284b5f40ac1c4615fd70576?s=96&d=mm&r=g","contentUrl":"https:\/\/secure.gravatar.com\/avatar\/120f6fcae7b3b47a7730cb9943f612f4909f68ac5284b5f40ac1c4615fd70576?s=96&d=mm&r=g","caption":"Giurca Sorin"},"url":"https:\/\/urbeamea.ro\/albaiulia\/author\/sorin\/"}]}},"_links":{"self":[{"href":"https:\/\/urbeamea.ro\/albaiulia\/wp-json\/wp\/v2\/posts\/119157","targetHints":{"allow":["GET"]}}],"collection":[{"href":"https:\/\/urbeamea.ro\/albaiulia\/wp-json\/wp\/v2\/posts"}],"about":[{"href":"https:\/\/urbeamea.ro\/albaiulia\/wp-json\/wp\/v2\/types\/post"}],"author":[{"embeddable":true,"href":"https:\/\/urbeamea.ro\/albaiulia\/wp-json\/wp\/v2\/users\/28"}],"replies":[{"embeddable":true,"href":"https:\/\/urbeamea.ro\/albaiulia\/wp-json\/wp\/v2\/comments?post=119157"}],"version-history":[{"count":1,"href":"https:\/\/urbeamea.ro\/albaiulia\/wp-json\/wp\/v2\/posts\/119157\/revisions"}],"predecessor-version":[{"id":119173,"href":"https:\/\/urbeamea.ro\/albaiulia\/wp-json\/wp\/v2\/posts\/119157\/revisions\/119173"}],"wp:featuredmedia":[{"embeddable":true,"href":"https:\/\/urbeamea.ro\/albaiulia\/wp-json\/wp\/v2\/media\/119169"}],"wp:attachment":[{"href":"https:\/\/urbeamea.ro\/albaiulia\/wp-json\/wp\/v2\/media?parent=119157"}],"wp:term":[{"taxonomy":"category","embeddable":true,"href":"https:\/\/urbeamea.ro\/albaiulia\/wp-json\/wp\/v2\/categories?post=119157"},{"taxonomy":"post_tag","embeddable":true,"href":"https:\/\/urbeamea.ro\/albaiulia\/wp-json\/wp\/v2\/tags?post=119157"}],"curies":[{"name":"wp","href":"https:\/\/api.w.org\/{rel}","templated":true}]}}