{"id":119209,"date":"2025-08-21T21:09:52","date_gmt":"2025-08-21T18:09:52","guid":{"rendered":"https:\/\/urbeamea.ro\/albaiulia\/?p=119209"},"modified":"2025-08-21T21:09:54","modified_gmt":"2025-08-21T18:09:54","slug":"22-31-august-armonii-in-sebes-teatru-vizionari-de-filme-activitati-sportive-spectacole-de-muzica-usoara-si-rock","status":"publish","type":"post","link":"https:\/\/urbeamea.ro\/albaiulia\/22-31-august-armonii-in-sebes-teatru-vizionari-de-filme-activitati-sportive-spectacole-de-muzica-usoara-si-rock\/","title":{"rendered":"22-31 august: Armonii \u00een Sebe\u0219. Teatru, vizion\u0103ri de filme, activit\u0103\u021bi sportive, spectacole de muzic\u0103 u\u0219oar\u0103 \u0219i rock"},"content":{"rendered":"\n<p> <strong>\u00cen perioada 22-31 august 2025, Sebe\u0219ul ofer\u0103 locuitorilor s\u0103i un festival al verii, care va cuprinde evenimentele dedicate tuturor v\u00e2rstelor ora\u0219ului \u0219i valorilor culturale locale, tema pe care ne propunem s\u0103 o abord\u0103m prin artele spectacolului fiind Armonii \u00een Sebe\u0219.<\/strong><\/p>\n\n\n\n<p> La aceast\u0103 s\u0103rb\u0103toare local\u0103 va fi premiat\u0103 excelen\u021ba \u00een educa\u021bie \u2013 tinerii cu rezultate deosebite la \u00eenv\u0103\u021b\u0103tur\u0103, oamenii speciali ai ora\u0219ului \u2013 \u00een acest an vom acorda distinc\u021bii medicilor \u0219i preo\u021bilor retra\u0219i din activitate, familiile care aniverseaz\u0103 50 de ani de c\u0103s\u0103torie, scriitorii \u0219i arti\u0219tii plastici. <\/p>\n\n\n\n<p>Spectacolele organizate cu acest prilej vor fi de folclor, muzic\u0103 clasic\u0103, muzic\u0103 u\u0219oar\u0103 \u0219i rock, evenimente \u0219i muzic\u0103 pentru copii, manifest\u0103ri sportive, vizion\u0103ri de filme, toate acestea \u00een \u00eencercarea de a r\u0103spunde unor gusturi c\u00e2t mai variate \u0219i de a ne sim\u021bi aproape, ca o comunitate unit\u0103, care \u00ee\u0219i cunoa\u0219te valorile \u0219i \u00ee\u0219i pre\u021buie\u0219te oamenii. <\/p>\n\n\n\n<p>Prin edi\u021bia pe care o organiz\u0103m \u00een acest an, am \u021binut cont de vremuri, astfel \u00eenc\u00e2t nu vor fi organizate focuri de artificii \u0219i nu ve\u021bi reg\u0103si scene de mari dimensiuni. <\/p>\n\n\n\n<p>Muzeul Municipal \u201eIoan Raica\u201d Sebe\u0219 \u0219i Casa Memorial\u0103 \u201eLucian Blaga\u201d din Lancr\u0103m (ambele beneficiare ale unor lucr\u0103ri de repunere \u00een valoare recente) v\u0103 a\u0219teapt\u0103 s\u0103 le redescoperi\u021bi \u0219i s\u0103 fim m\u00e2ndri de patrimoniul local, \u00een sala de spectacole a Centrului Cultural \u201eLucian Blaga\u201d vom g\u0103zdui un spectacol de teatru de \u00eenalt\u0103 \u021binut\u0103, copiii vor avea parte de activit\u0103\u021bi cu pove\u0219ti frumoase \u0219i cu multe surprize. <\/p>\n\n\n\n<p>Parcul Arini va fi un spa\u021biu al sporturilor \u0219i al distrac\u021biei, Parcul Z\u0103voi din Petre\u0219ti va g\u0103zdui un spectacol de folclor, iar stadionul Pielarul va fi arena unei competi\u021bii de fotbal aflate la prima sa edi\u021bie.<\/p>\n\n\n\n<p>V\u0103 invit\u0103m s\u0103 parcurge\u021bi programul \u0219i v\u0103 a\u0219tept\u0103m cu drag, accesul la toate evenimentele fiind liber! <\/p>\n\n\n\n<p>PROGRAMUL FESTIVALULUI \u201eARMONII \u00ceN SEBE\u0218\u201d                             <\/p>\n\n\n\n<p> 22-31 AUGUST 2025<\/p>\n\n\n\n<p>VINERI \u2013 DUMINIC\u0102, 22-24 AUGUST 2025<\/p>\n\n\n\n<p>PARCUL ARINI: CICLOAVENTURA \u2013 concursuri \u0219i trasee de ciclism (vineri, orele 17.00-19.00; <\/p>\n\n\n\n<p>s\u00e2mb\u0103t\u0103, orele 11.00-18.00; <\/p>\n\n\n\n<p>duminic\u0103 \u2013 concurs: orele 10.30-14.30)<\/p>\n\n\n\n<p><strong>VINERI, 22 AUGUST 2025<\/strong><\/p>\n\n\n\n<p>Parcul Arini, <\/p>\n\n\n\n<p>ora 19.00 &#8211; proiec\u021bie cinematografic\u0103: \u201eOZI, VOCEA P\u0102DURII\u201d (2023, anima\u021bie, audien\u021b\u0103 general\u0103), <\/p>\n\n\n\n<p>ora 21.30 &#8211; proiec\u021bie cinematografic\u0103: \u201ePROFESORUL CARE A PROMIS MAREA\u201d (2023, dram\u0103, AP 12) <\/p>\n\n\n\n<p> \u00cen caz de vreme nefavorabil\u0103, proiec\u021biile cinematografice vor fi g\u0103zduite \u00een sala de spectacole a Centrului Cultural \u201eLucian Blaga\u201d Sebe\u0219<\/p>\n\n\n\n<p><strong>S\u00c2MB\u0102T\u0102, 23 AUGUST 2025<\/strong><\/p>\n\n\n\n<p>Ora 20.00, Casa Memorial\u0103 \u201eLucian Blaga\u201d Lancr\u0103m &#8211; proiec\u021bie cinematografic\u0103: \u201e\u00ceN NUMELE P\u0102M\u00c2NTULUI\u201d (2023, dram\u0103 istoric\u0103, AP 12)<\/p>\n\n\n\n<p><strong>DUMINIC\u0102, 24 AUGUST 2025<\/strong><\/p>\n\n\n\n<p>Ora 19.00, Centrul Cultural \u201eLucian Blaga\u201d Sebe\u0219<\/p>\n\n\n\n<p>Spectacol de teatru: \u201eDON QUIJOTE\u201d. Eveniment oferit de compania Star Assembly. Regia: Alexandru Dabija. Distribu\u021bia: Marcel Iure\u0219, Dan R\u0103dulescu, Oana Predescu, Ruxandra Maniu, Iosif Pa\u0219tina, Ionu\u021b Moldoveanu<\/p>\n\n\n\n<p><strong>MAR\u021aI, 26 AUGUST 2025<\/strong><\/p>\n\n\n\n<p>Ora 11.00, Casa Memorial\u0103 \u201eLucian Blaga\u201d Lancr\u0103m: \u201eC\u0103r\u0103bu\u0219ul de aram\u0103\u201d, lecturi \u0219i activit\u0103\u021bi pentru copii<\/p>\n\n\n\n<p>Ora 18.00, Gr\u0103dina Muzeului Municipal \u201eIoan Raica\u201d Sebe\u0219: \u201eArmonia artelor\u201d: salon literar \u0219i \u00eent\u00e2lnire cu artele plastice (eveniment realizat al\u0103turi de arti\u0219ti locali)<\/p>\n\n\n\n<p>Ora 20.00, Gr\u0103dina Muzeului Municipal \u201eIoan Raica\u201d Sebe\u0219 &#8211; proiec\u021bie cinematografic\u0103: \u201eCU DRAG, VAN GOGH\u201d (2017, un film nominalizat la Oscar \u0219i Globul de Aur, AP 12)<\/p>\n\n\n\n<p><strong>MIERCURI, 27 AUGUST 2025<\/strong><\/p>\n\n\n\n<p>COPIII \u00ceN ARMONIA ORA\u0218ULUI<\/p>\n\n\n\n<p>Ora 10.00, \u0218coala din R\u0103h\u0103u &#8211; activit\u0103\u021bi creative pentru copii<\/p>\n\n\n\n<p>Ora 11.00, Locul de joac\u0103 din Petre\u0219ti &#8211; activit\u0103\u021bi creative pentru copii<\/p>\n\n\n\n<p>Ora 17.00, Curtea \u0218colii \u201eM. Kog\u0103lniceanu\u201d &#8211; activit\u0103\u021bi creative pentru copii<\/p>\n\n\n\n<p>Ora 18.00, Foi\u0219orul din Parcul Tineretului &#8211; activit\u0103\u021bi creative pentru copiiCu participarea trupelor de teatru pentru copii Gepetto \u0219i Pied Piper<\/p>\n\n\n\n<p>Ora 18.30, Aula Prim\u0103riei Municipiului Sebe\u0219: Festivitatea de premiere a \u0219efilor de promo\u021bie \u0219i a elevilor care au ob\u021binut rezultate remarcabile la examenele de evaluare na\u021bional\u0103 \u0219i bacalaureat <\/p>\n\n\n\n<p>Ora 19.30, Parcul Tineretului: momente artistice cu \u0218coala de muzic\u0103 \u201eDoReMi\u201d, Cavalerii de M\u00fchlbach, Trupa de Dansuri S\u0103se\u0219ti Sebe\u0219<\/p>\n\n\n\n<p>Ora 20.30, Parcul Tineretului &#8211; proiec\u021bie cinematografic\u0103 pentru copii: \u201eBUFFALO KIDS\u201d (2024, anima\u021bie)<\/p>\n\n\n\n<p><strong>JOI, 28 AUGUST 2025<\/strong><\/p>\n\n\n\n<p>Ora 10.00, Aula Prim\u0103riei Municipiului Sebe\u0219: Festivitatea de premiere a medicilor \u0219i a preo\u021bilor retra\u0219i din activitate<\/p>\n\n\n\n<p>Ora 19.00 &#8211; Gr\u0103dina Muzeului Municipal \u201eIoan Raica\u201d Sebe\u0219: CONCERT EXTRAORDINAR CU MUZIC\u0102 DIN FILME \u2013 DIRIJORUL REMUS GRAMA AND THE CONCERT BAND (membri ai orchestrei Filarmonicii de Stat T\u00e2rgu Mure\u0219)<\/p>\n\n\n\n<p><strong>VINERI, 29 AUGUST 2025<\/strong><\/p>\n\n\n\n<p>Ora 11.00, Aula Prim\u0103riei Municipiului Sebe\u0219 \u2013 \u201eArmonia prieteniei\u201d: \u00eent\u00e2lniri oficiale cu reprezentan\u021bii ora\u0219elor \u00eenfr\u0103\u021bite<\/p>\n\n\n\n<p>Ora 19.00, Gr\u0103dina Muzeului Municipal \u201eIoan Raica\u201d Sebe\u0219: S\u0103rb\u0103toarea seniorilor \u2013 Festivitatea de premiere a cuplurilor care aniverseaz\u0103 50 de ani de c\u0103s\u0103torie. CONCERT: GHEORGHE GHEORGHIU \u0219i Cooperativa 9 <\/p>\n\n\n\n<p>Orele 10.00 \u2013 19.00, Stadionul Pielarul: CUPA SEBE\u0218ULUI LA FOTBAL JUNIORI, edi\u021bia I (juniori under 9 \u0219i under 11)<\/p>\n\n\n\n<p>Orele 16.00 \u2013 24.00, Parcul Arini: parc de distrac\u021bii<\/p>\n\n\n\n<p><strong>S\u00c2MB\u0102T\u0102, 30 AUGUST 2025<\/strong><\/p>\n\n\n\n<p>Ora 18.00, Parcul Tineretului &#8211; concerte arti\u0219ti \u0219i trupe locale: Nexxt Band, Red Ravine, Alexandra Pamfilie \u0219i Alfred Dahinten, Mihai \u0218erb\u0103nescu, Dublu Click, Loutfire <\/p>\n\n\n\n<p> Orele 10.00 \u2013 19.00, Stadionul Pielarul: CUPA SEBE\u0218ULUI LA FOTBAL JUNIORI, edi\u021bia I (juniori under 9 \u0219i under 11)<\/p>\n\n\n\n<p>Orele 16.00 \u2013 24.00, Parcul Arini: parc de distrac\u021bii<\/p>\n\n\n\n<p>DUMINIC\u0102, 31 AUGUST 2025<\/p>\n\n\n\n<p>Orele 10.00 \u2013 14.00, Stadionul Pielarul: CUPA SEBE\u0218ULUI LA FOTBAL JUNIORI, edi\u021bia I (juniori under 9 \u0219i under 11)<\/p>\n\n\n\n<p>Ora 17.00, Parcul Z\u0103voi din Petre\u0219ti: \u201eTRADI\u021aII LA PETRE\u0218TI\u201d \u2013 spectacol folcloric cu: Ina Todoran \u0219i Ovidiu Furnea, Adina Hada, Adina Ro\u0219ca \u0219i C\u0103t\u0103lin Doina\u0219, Fanfara din Petre\u0219ti, Trupa de Dansuri S\u0103se\u0219ti Sebe\u0219, Alina Sec\u0103\u0219an, Georgia Maria Grosu, Loredana Prata, Balogh Vasile, Ionela Cosmoiu, Vanesa Bogdan, George Dr\u0103gan, Ansamblul folcloric \u201eDorul Mun\u021bilor\u201d S\u0103sciori, Ionela Popa, Anamaria Ghenescu, Georgiana Pavelescu, Denisa B\u0103rbat, Mihai Cetean, Grupul vocal de copii \u201eDalia\u201d &#8211; comuna Daia Rom\u00e2n\u0103<\/p>\n\n\n\n<p>Orele 16.00 \u2013 24.00, Parcul Arini: parc de distrac\u021bii<\/p>\n\n\n\n<figure class=\"wp-block-gallery has-nested-images columns-default is-cropped wp-block-gallery-1 is-layout-flex wp-block-gallery-is-layout-flex\">\n<figure class=\"wp-block-image size-large\"><img loading=\"lazy\" decoding=\"async\" width=\"960\" height=\"1280\" data-id=\"119212\" src=\"https:\/\/urbeamea.ro\/albaiulia\/wp-content\/uploads\/2025\/08\/1000046548-960x1280.jpg\" alt=\"\" class=\"wp-image-119212\" srcset=\"https:\/\/urbeamea.ro\/albaiulia\/wp-content\/uploads\/2025\/08\/1000046548-960x1280.jpg 960w, https:\/\/urbeamea.ro\/albaiulia\/wp-content\/uploads\/2025\/08\/1000046548-480x640.jpg 480w, https:\/\/urbeamea.ro\/albaiulia\/wp-content\/uploads\/2025\/08\/1000046548-113x150.jpg 113w, https:\/\/urbeamea.ro\/albaiulia\/wp-content\/uploads\/2025\/08\/1000046548-768x1024.jpg 768w, https:\/\/urbeamea.ro\/albaiulia\/wp-content\/uploads\/2025\/08\/1000046548-1152x1536.jpg 1152w, https:\/\/urbeamea.ro\/albaiulia\/wp-content\/uploads\/2025\/08\/1000046548.jpg 1536w\" sizes=\"auto, (max-width: 960px) 100vw, 960px\" \/><\/figure>\n\n\n\n<figure class=\"wp-block-image size-large\"><img loading=\"lazy\" decoding=\"async\" width=\"905\" height=\"1280\" data-id=\"119214\" src=\"https:\/\/urbeamea.ro\/albaiulia\/wp-content\/uploads\/2025\/08\/1000046549-905x1280.jpg\" alt=\"\" class=\"wp-image-119214\" srcset=\"https:\/\/urbeamea.ro\/albaiulia\/wp-content\/uploads\/2025\/08\/1000046549-905x1280.jpg 905w, https:\/\/urbeamea.ro\/albaiulia\/wp-content\/uploads\/2025\/08\/1000046549-453x640.jpg 453w, https:\/\/urbeamea.ro\/albaiulia\/wp-content\/uploads\/2025\/08\/1000046549-106x150.jpg 106w, https:\/\/urbeamea.ro\/albaiulia\/wp-content\/uploads\/2025\/08\/1000046549-768x1086.jpg 768w, https:\/\/urbeamea.ro\/albaiulia\/wp-content\/uploads\/2025\/08\/1000046549-1086x1536.jpg 1086w, https:\/\/urbeamea.ro\/albaiulia\/wp-content\/uploads\/2025\/08\/1000046549.jpg 1448w\" sizes=\"auto, (max-width: 905px) 100vw, 905px\" \/><\/figure>\n\n\n\n<figure class=\"wp-block-image size-large\"><img loading=\"lazy\" decoding=\"async\" width=\"220\" height=\"325\" data-id=\"119210\" src=\"https:\/\/urbeamea.ro\/albaiulia\/wp-content\/uploads\/2025\/08\/1000046550.jpg\" alt=\"\" class=\"wp-image-119210\" srcset=\"https:\/\/urbeamea.ro\/albaiulia\/wp-content\/uploads\/2025\/08\/1000046550.jpg 220w, https:\/\/urbeamea.ro\/albaiulia\/wp-content\/uploads\/2025\/08\/1000046550-102x150.jpg 102w\" sizes=\"auto, (max-width: 220px) 100vw, 220px\" \/><\/figure>\n\n\n\n<figure class=\"wp-block-image size-large\"><img loading=\"lazy\" decoding=\"async\" width=\"914\" height=\"1280\" data-id=\"119215\" src=\"https:\/\/urbeamea.ro\/albaiulia\/wp-content\/uploads\/2025\/08\/1000046546-914x1280.jpg\" alt=\"\" class=\"wp-image-119215\" srcset=\"https:\/\/urbeamea.ro\/albaiulia\/wp-content\/uploads\/2025\/08\/1000046546-914x1280.jpg 914w, https:\/\/urbeamea.ro\/albaiulia\/wp-content\/uploads\/2025\/08\/1000046546-457x640.jpg 457w, https:\/\/urbeamea.ro\/albaiulia\/wp-content\/uploads\/2025\/08\/1000046546-107x150.jpg 107w, https:\/\/urbeamea.ro\/albaiulia\/wp-content\/uploads\/2025\/08\/1000046546-768x1075.jpg 768w, https:\/\/urbeamea.ro\/albaiulia\/wp-content\/uploads\/2025\/08\/1000046546-1097x1536.jpg 1097w, https:\/\/urbeamea.ro\/albaiulia\/wp-content\/uploads\/2025\/08\/1000046546.jpg 1463w\" sizes=\"auto, (max-width: 914px) 100vw, 914px\" \/><\/figure>\n\n\n\n<figure class=\"wp-block-image size-large\"><img loading=\"lazy\" decoding=\"async\" width=\"1024\" height=\"1280\" data-id=\"119211\" src=\"https:\/\/urbeamea.ro\/albaiulia\/wp-content\/uploads\/2025\/08\/1000046547-1024x1280.jpg\" alt=\"\" class=\"wp-image-119211\" srcset=\"https:\/\/urbeamea.ro\/albaiulia\/wp-content\/uploads\/2025\/08\/1000046547-1024x1280.jpg 1024w, https:\/\/urbeamea.ro\/albaiulia\/wp-content\/uploads\/2025\/08\/1000046547-512x640.jpg 512w, https:\/\/urbeamea.ro\/albaiulia\/wp-content\/uploads\/2025\/08\/1000046547-120x150.jpg 120w, https:\/\/urbeamea.ro\/albaiulia\/wp-content\/uploads\/2025\/08\/1000046547-768x960.jpg 768w, https:\/\/urbeamea.ro\/albaiulia\/wp-content\/uploads\/2025\/08\/1000046547.jpg 1080w\" sizes=\"auto, (max-width: 1024px) 100vw, 1024px\" \/><\/figure>\n\n\n\n<figure class=\"wp-block-image size-large\"><img loading=\"lazy\" decoding=\"async\" width=\"914\" height=\"1280\" data-id=\"119216\" src=\"https:\/\/urbeamea.ro\/albaiulia\/wp-content\/uploads\/2025\/08\/1000046545-914x1280.jpg\" alt=\"\" class=\"wp-image-119216\" srcset=\"https:\/\/urbeamea.ro\/albaiulia\/wp-content\/uploads\/2025\/08\/1000046545-914x1280.jpg 914w, https:\/\/urbeamea.ro\/albaiulia\/wp-content\/uploads\/2025\/08\/1000046545-457x640.jpg 457w, https:\/\/urbeamea.ro\/albaiulia\/wp-content\/uploads\/2025\/08\/1000046545-107x150.jpg 107w, https:\/\/urbeamea.ro\/albaiulia\/wp-content\/uploads\/2025\/08\/1000046545-768x1075.jpg 768w, https:\/\/urbeamea.ro\/albaiulia\/wp-content\/uploads\/2025\/08\/1000046545-1097x1536.jpg 1097w, https:\/\/urbeamea.ro\/albaiulia\/wp-content\/uploads\/2025\/08\/1000046545.jpg 1463w\" sizes=\"auto, (max-width: 914px) 100vw, 914px\" \/><\/figure>\n\n\n\n<figure class=\"wp-block-image size-large\"><img loading=\"lazy\" decoding=\"async\" width=\"1080\" height=\"608\" data-id=\"119213\" src=\"https:\/\/urbeamea.ro\/albaiulia\/wp-content\/uploads\/2025\/08\/1000046540-1.jpg\" alt=\"\" class=\"wp-image-119213\" srcset=\"https:\/\/urbeamea.ro\/albaiulia\/wp-content\/uploads\/2025\/08\/1000046540-1.jpg 1080w, https:\/\/urbeamea.ro\/albaiulia\/wp-content\/uploads\/2025\/08\/1000046540-1-640x360.jpg 640w, https:\/\/urbeamea.ro\/albaiulia\/wp-content\/uploads\/2025\/08\/1000046540-1-150x84.jpg 150w, https:\/\/urbeamea.ro\/albaiulia\/wp-content\/uploads\/2025\/08\/1000046540-1-768x432.jpg 768w, https:\/\/urbeamea.ro\/albaiulia\/wp-content\/uploads\/2025\/08\/1000046540-1-390x220.jpg 390w\" sizes=\"auto, (max-width: 1080px) 100vw, 1080px\" \/><\/figure>\n\n\n\n<figure class=\"wp-block-image size-large\"><img loading=\"lazy\" decoding=\"async\" width=\"905\" height=\"1280\" data-id=\"119217\" src=\"https:\/\/urbeamea.ro\/albaiulia\/wp-content\/uploads\/2025\/08\/1000046543-905x1280.jpg\" alt=\"\" class=\"wp-image-119217\" srcset=\"https:\/\/urbeamea.ro\/albaiulia\/wp-content\/uploads\/2025\/08\/1000046543-905x1280.jpg 905w, https:\/\/urbeamea.ro\/albaiulia\/wp-content\/uploads\/2025\/08\/1000046543-453x640.jpg 453w, https:\/\/urbeamea.ro\/albaiulia\/wp-content\/uploads\/2025\/08\/1000046543-106x150.jpg 106w, https:\/\/urbeamea.ro\/albaiulia\/wp-content\/uploads\/2025\/08\/1000046543-768x1086.jpg 768w, https:\/\/urbeamea.ro\/albaiulia\/wp-content\/uploads\/2025\/08\/1000046543-1086x1536.jpg 1086w, https:\/\/urbeamea.ro\/albaiulia\/wp-content\/uploads\/2025\/08\/1000046543.jpg 1448w\" sizes=\"auto, (max-width: 905px) 100vw, 905px\" \/><\/figure>\n\n\n\n<figure class=\"wp-block-image size-large\"><img loading=\"lazy\" decoding=\"async\" width=\"914\" height=\"1280\" data-id=\"119218\" src=\"https:\/\/urbeamea.ro\/albaiulia\/wp-content\/uploads\/2025\/08\/1000046544-914x1280.jpg\" alt=\"\" class=\"wp-image-119218\" srcset=\"https:\/\/urbeamea.ro\/albaiulia\/wp-content\/uploads\/2025\/08\/1000046544-914x1280.jpg 914w, https:\/\/urbeamea.ro\/albaiulia\/wp-content\/uploads\/2025\/08\/1000046544-457x640.jpg 457w, https:\/\/urbeamea.ro\/albaiulia\/wp-content\/uploads\/2025\/08\/1000046544-107x150.jpg 107w, https:\/\/urbeamea.ro\/albaiulia\/wp-content\/uploads\/2025\/08\/1000046544-768x1075.jpg 768w, https:\/\/urbeamea.ro\/albaiulia\/wp-content\/uploads\/2025\/08\/1000046544-1097x1536.jpg 1097w, https:\/\/urbeamea.ro\/albaiulia\/wp-content\/uploads\/2025\/08\/1000046544.jpg 1463w\" sizes=\"auto, (max-width: 914px) 100vw, 914px\" \/><\/figure>\n<\/figure>\n","protected":false},"excerpt":{"rendered":"<p>\u00cen perioada 22-31 august 2025, Sebe\u0219ul ofer\u0103 locuitorilor s\u0103i un festival al verii, care va cuprinde evenimentele dedicate tuturor v\u00e2rstelor ora\u0219ului \u0219i valorilor culturale locale, tema pe care ne propunem s\u0103 o abord\u0103m prin artele spectacolului fiind Armonii \u00een Sebe\u0219. La aceast\u0103 s\u0103rb\u0103toare local\u0103 va fi premiat\u0103 excelen\u021ba \u00een educa\u021bie \u2013 tinerii cu rezultate deosebite &hellip;<\/p>\n","protected":false},"author":28,"featured_media":119217,"comment_status":"open","ping_status":"open","sticky":false,"template":"","format":"standard","meta":{"inline_featured_image":false,"footnotes":""},"categories":[23926,2038,4,2036,2034,1,61,16344],"tags":[25392],"class_list":["post-119209","post","type-post","status-publish","format-standard","has-post-thumbnail","hentry","category-actualitate","category-cultura","category-eveniment","category-monden","category-social","category-stiri-urbane","category-turism","category-urbea-mea","tag-armonii-in-sebes"],"yoast_head":"<!-- This site is optimized with the Yoast SEO plugin v27.4 - https:\/\/yoast.com\/product\/yoast-seo-wordpress\/ -->\n<title>22-31 august: Armonii \u00een Sebe\u0219. Teatru, vizion\u0103ri de filme, activit\u0103\u021bi sportive, spectacole de muzic\u0103 u\u0219oar\u0103 \u0219i rock - Revista Urbea Mea - Revista de Alba<\/title>\n<meta name=\"description\" content=\"\u00cen perioada 22-31 august 2025, Sebe\u0219ul ofer\u0103 locuitorilor s\u0103i un festival al verii, care va cuprinde evenimentele dedicate tuturor v\u00e2rstelor ora\u0219ului \u0219i\" \/>\n<meta name=\"robots\" content=\"index, follow, max-snippet:-1, max-image-preview:large, max-video-preview:-1\" \/>\n<link rel=\"canonical\" href=\"https:\/\/urbeamea.ro\/albaiulia\/22-31-august-armonii-in-sebes-teatru-vizionari-de-filme-activitati-sportive-spectacole-de-muzica-usoara-si-rock\/\" \/>\n<meta name=\"twitter:card\" content=\"summary_large_image\" \/>\n<meta name=\"twitter:title\" content=\"22-31 august: Armonii \u00een Sebe\u0219. Teatru, vizion\u0103ri de filme, activit\u0103\u021bi sportive, spectacole de muzic\u0103 u\u0219oar\u0103 \u0219i rock - Revista Urbea Mea - Revista de Alba\" \/>\n<meta name=\"twitter:description\" content=\"\u00cen perioada 22-31 august 2025, Sebe\u0219ul ofer\u0103 locuitorilor s\u0103i un festival al verii, care va cuprinde evenimentele dedicate tuturor v\u00e2rstelor ora\u0219ului \u0219i\" \/>\n<meta name=\"twitter:image\" content=\"https:\/\/urbeamea.ro\/albaiulia\/wp-content\/uploads\/2025\/08\/1000046543.jpg\" \/>\n<meta name=\"twitter:creator\" content=\"@urbeameaweb\" \/>\n<meta name=\"twitter:site\" content=\"@urbeameaweb\" \/>\n<script type=\"application\/ld+json\" class=\"yoast-schema-graph\">{\"@context\":\"https:\\\/\\\/schema.org\",\"@graph\":[{\"@type\":\"Article\",\"@id\":\"https:\\\/\\\/urbeamea.ro\\\/albaiulia\\\/22-31-august-armonii-in-sebes-teatru-vizionari-de-filme-activitati-sportive-spectacole-de-muzica-usoara-si-rock\\\/#article\",\"isPartOf\":{\"@id\":\"https:\\\/\\\/urbeamea.ro\\\/albaiulia\\\/22-31-august-armonii-in-sebes-teatru-vizionari-de-filme-activitati-sportive-spectacole-de-muzica-usoara-si-rock\\\/\"},\"author\":{\"name\":\"Giurca Sorin\",\"@id\":\"https:\\\/\\\/urbeamea.ro\\\/albaiulia\\\/#\\\/schema\\\/person\\\/5db3854ac38c1cc9f0ab4092d6a20f02\"},\"headline\":\"22-31 august: Armonii \u00een Sebe\u0219. Teatru, vizion\u0103ri de filme, activit\u0103\u021bi sportive, spectacole de muzic\u0103 u\u0219oar\u0103 \u0219i rock\",\"datePublished\":\"2025-08-21T18:09:52+00:00\",\"dateModified\":\"2025-08-21T18:09:54+00:00\",\"mainEntityOfPage\":{\"@id\":\"https:\\\/\\\/urbeamea.ro\\\/albaiulia\\\/22-31-august-armonii-in-sebes-teatru-vizionari-de-filme-activitati-sportive-spectacole-de-muzica-usoara-si-rock\\\/\"},\"wordCount\":991,\"commentCount\":0,\"image\":{\"@id\":\"https:\\\/\\\/urbeamea.ro\\\/albaiulia\\\/22-31-august-armonii-in-sebes-teatru-vizionari-de-filme-activitati-sportive-spectacole-de-muzica-usoara-si-rock\\\/#primaryimage\"},\"thumbnailUrl\":\"https:\\\/\\\/urbeamea.ro\\\/albaiulia\\\/wp-content\\\/uploads\\\/2025\\\/08\\\/1000046543.jpg\",\"keywords\":[\"Armonii \u00een Sebe\u0219\"],\"articleSection\":[\"Actualitate\",\"Cultur\u0103\",\"Evenimente\",\"Monden\",\"Social\",\"\u015etiri Urbane\",\"Turism \u0219i Ghidaj turistic\",\"Urbea Mea\"],\"inLanguage\":\"ro-RO\",\"potentialAction\":[{\"@type\":\"CommentAction\",\"name\":\"Comment\",\"target\":[\"https:\\\/\\\/urbeamea.ro\\\/albaiulia\\\/22-31-august-armonii-in-sebes-teatru-vizionari-de-filme-activitati-sportive-spectacole-de-muzica-usoara-si-rock\\\/#respond\"]}]},{\"@type\":\"WebPage\",\"@id\":\"https:\\\/\\\/urbeamea.ro\\\/albaiulia\\\/22-31-august-armonii-in-sebes-teatru-vizionari-de-filme-activitati-sportive-spectacole-de-muzica-usoara-si-rock\\\/\",\"url\":\"https:\\\/\\\/urbeamea.ro\\\/albaiulia\\\/22-31-august-armonii-in-sebes-teatru-vizionari-de-filme-activitati-sportive-spectacole-de-muzica-usoara-si-rock\\\/\",\"name\":\"22-31 august: Armonii \u00een Sebe\u0219. Teatru, vizion\u0103ri de filme, activit\u0103\u021bi sportive, spectacole de muzic\u0103 u\u0219oar\u0103 \u0219i rock - Revista Urbea Mea - Revista de Alba\",\"isPartOf\":{\"@id\":\"https:\\\/\\\/urbeamea.ro\\\/albaiulia\\\/#website\"},\"primaryImageOfPage\":{\"@id\":\"https:\\\/\\\/urbeamea.ro\\\/albaiulia\\\/22-31-august-armonii-in-sebes-teatru-vizionari-de-filme-activitati-sportive-spectacole-de-muzica-usoara-si-rock\\\/#primaryimage\"},\"image\":{\"@id\":\"https:\\\/\\\/urbeamea.ro\\\/albaiulia\\\/22-31-august-armonii-in-sebes-teatru-vizionari-de-filme-activitati-sportive-spectacole-de-muzica-usoara-si-rock\\\/#primaryimage\"},\"thumbnailUrl\":\"https:\\\/\\\/urbeamea.ro\\\/albaiulia\\\/wp-content\\\/uploads\\\/2025\\\/08\\\/1000046543.jpg\",\"datePublished\":\"2025-08-21T18:09:52+00:00\",\"dateModified\":\"2025-08-21T18:09:54+00:00\",\"author\":{\"@id\":\"https:\\\/\\\/urbeamea.ro\\\/albaiulia\\\/#\\\/schema\\\/person\\\/5db3854ac38c1cc9f0ab4092d6a20f02\"},\"description\":\"\u00cen perioada 22-31 august 2025, Sebe\u0219ul ofer\u0103 locuitorilor s\u0103i un festival al verii, care va cuprinde evenimentele dedicate tuturor v\u00e2rstelor ora\u0219ului \u0219i\",\"breadcrumb\":{\"@id\":\"https:\\\/\\\/urbeamea.ro\\\/albaiulia\\\/22-31-august-armonii-in-sebes-teatru-vizionari-de-filme-activitati-sportive-spectacole-de-muzica-usoara-si-rock\\\/#breadcrumb\"},\"inLanguage\":\"ro-RO\",\"potentialAction\":[{\"@type\":\"ReadAction\",\"target\":[\"https:\\\/\\\/urbeamea.ro\\\/albaiulia\\\/22-31-august-armonii-in-sebes-teatru-vizionari-de-filme-activitati-sportive-spectacole-de-muzica-usoara-si-rock\\\/\"]}]},{\"@type\":\"ImageObject\",\"inLanguage\":\"ro-RO\",\"@id\":\"https:\\\/\\\/urbeamea.ro\\\/albaiulia\\\/22-31-august-armonii-in-sebes-teatru-vizionari-de-filme-activitati-sportive-spectacole-de-muzica-usoara-si-rock\\\/#primaryimage\",\"url\":\"https:\\\/\\\/urbeamea.ro\\\/albaiulia\\\/wp-content\\\/uploads\\\/2025\\\/08\\\/1000046543.jpg\",\"contentUrl\":\"https:\\\/\\\/urbeamea.ro\\\/albaiulia\\\/wp-content\\\/uploads\\\/2025\\\/08\\\/1000046543.jpg\",\"width\":1448,\"height\":2048},{\"@type\":\"BreadcrumbList\",\"@id\":\"https:\\\/\\\/urbeamea.ro\\\/albaiulia\\\/22-31-august-armonii-in-sebes-teatru-vizionari-de-filme-activitati-sportive-spectacole-de-muzica-usoara-si-rock\\\/#breadcrumb\",\"itemListElement\":[{\"@type\":\"ListItem\",\"position\":1,\"name\":\"Prima pagin\u0103\",\"item\":\"https:\\\/\\\/urbeamea.ro\\\/albaiulia\\\/\"},{\"@type\":\"ListItem\",\"position\":2,\"name\":\"22-31 august: Armonii \u00een Sebe\u0219. Teatru, vizion\u0103ri de filme, activit\u0103\u021bi sportive, spectacole de muzic\u0103 u\u0219oar\u0103 \u0219i rock\"}]},{\"@type\":\"WebSite\",\"@id\":\"https:\\\/\\\/urbeamea.ro\\\/albaiulia\\\/#website\",\"url\":\"https:\\\/\\\/urbeamea.ro\\\/albaiulia\\\/\",\"name\":\"Revista Urbea Mea, Stiri urbane\",\"description\":\"Evenimente \u0219i \u0219tiri din Alba Iulia, Sebe\u0219, Aiud, Blaj\",\"potentialAction\":[{\"@type\":\"SearchAction\",\"target\":{\"@type\":\"EntryPoint\",\"urlTemplate\":\"https:\\\/\\\/urbeamea.ro\\\/albaiulia\\\/?s={search_term_string}\"},\"query-input\":{\"@type\":\"PropertyValueSpecification\",\"valueRequired\":true,\"valueName\":\"search_term_string\"}}],\"inLanguage\":\"ro-RO\"},{\"@type\":\"Person\",\"@id\":\"https:\\\/\\\/urbeamea.ro\\\/albaiulia\\\/#\\\/schema\\\/person\\\/5db3854ac38c1cc9f0ab4092d6a20f02\",\"name\":\"Giurca Sorin\",\"image\":{\"@type\":\"ImageObject\",\"inLanguage\":\"ro-RO\",\"@id\":\"https:\\\/\\\/secure.gravatar.com\\\/avatar\\\/120f6fcae7b3b47a7730cb9943f612f4909f68ac5284b5f40ac1c4615fd70576?s=96&d=mm&r=g\",\"url\":\"https:\\\/\\\/secure.gravatar.com\\\/avatar\\\/120f6fcae7b3b47a7730cb9943f612f4909f68ac5284b5f40ac1c4615fd70576?s=96&d=mm&r=g\",\"contentUrl\":\"https:\\\/\\\/secure.gravatar.com\\\/avatar\\\/120f6fcae7b3b47a7730cb9943f612f4909f68ac5284b5f40ac1c4615fd70576?s=96&d=mm&r=g\",\"caption\":\"Giurca Sorin\"},\"url\":\"https:\\\/\\\/urbeamea.ro\\\/albaiulia\\\/author\\\/sorin\\\/\"}]}<\/script>\n<!-- \/ Yoast SEO plugin. -->","yoast_head_json":{"title":"22-31 august: Armonii \u00een Sebe\u0219. Teatru, vizion\u0103ri de filme, activit\u0103\u021bi sportive, spectacole de muzic\u0103 u\u0219oar\u0103 \u0219i rock - Revista Urbea Mea - Revista de Alba","description":"\u00cen perioada 22-31 august 2025, Sebe\u0219ul ofer\u0103 locuitorilor s\u0103i un festival al verii, care va cuprinde evenimentele dedicate tuturor v\u00e2rstelor ora\u0219ului \u0219i","robots":{"index":"index","follow":"follow","max-snippet":"max-snippet:-1","max-image-preview":"max-image-preview:large","max-video-preview":"max-video-preview:-1"},"canonical":"https:\/\/urbeamea.ro\/albaiulia\/22-31-august-armonii-in-sebes-teatru-vizionari-de-filme-activitati-sportive-spectacole-de-muzica-usoara-si-rock\/","twitter_card":"summary_large_image","twitter_title":"22-31 august: Armonii \u00een Sebe\u0219. Teatru, vizion\u0103ri de filme, activit\u0103\u021bi sportive, spectacole de muzic\u0103 u\u0219oar\u0103 \u0219i rock - Revista Urbea Mea - Revista de Alba","twitter_description":"\u00cen perioada 22-31 august 2025, Sebe\u0219ul ofer\u0103 locuitorilor s\u0103i un festival al verii, care va cuprinde evenimentele dedicate tuturor v\u00e2rstelor ora\u0219ului \u0219i","twitter_image":"https:\/\/urbeamea.ro\/albaiulia\/wp-content\/uploads\/2025\/08\/1000046543.jpg","twitter_creator":"@urbeameaweb","twitter_site":"@urbeameaweb","schema":{"@context":"https:\/\/schema.org","@graph":[{"@type":"Article","@id":"https:\/\/urbeamea.ro\/albaiulia\/22-31-august-armonii-in-sebes-teatru-vizionari-de-filme-activitati-sportive-spectacole-de-muzica-usoara-si-rock\/#article","isPartOf":{"@id":"https:\/\/urbeamea.ro\/albaiulia\/22-31-august-armonii-in-sebes-teatru-vizionari-de-filme-activitati-sportive-spectacole-de-muzica-usoara-si-rock\/"},"author":{"name":"Giurca Sorin","@id":"https:\/\/urbeamea.ro\/albaiulia\/#\/schema\/person\/5db3854ac38c1cc9f0ab4092d6a20f02"},"headline":"22-31 august: Armonii \u00een Sebe\u0219. Teatru, vizion\u0103ri de filme, activit\u0103\u021bi sportive, spectacole de muzic\u0103 u\u0219oar\u0103 \u0219i rock","datePublished":"2025-08-21T18:09:52+00:00","dateModified":"2025-08-21T18:09:54+00:00","mainEntityOfPage":{"@id":"https:\/\/urbeamea.ro\/albaiulia\/22-31-august-armonii-in-sebes-teatru-vizionari-de-filme-activitati-sportive-spectacole-de-muzica-usoara-si-rock\/"},"wordCount":991,"commentCount":0,"image":{"@id":"https:\/\/urbeamea.ro\/albaiulia\/22-31-august-armonii-in-sebes-teatru-vizionari-de-filme-activitati-sportive-spectacole-de-muzica-usoara-si-rock\/#primaryimage"},"thumbnailUrl":"https:\/\/urbeamea.ro\/albaiulia\/wp-content\/uploads\/2025\/08\/1000046543.jpg","keywords":["Armonii \u00een Sebe\u0219"],"articleSection":["Actualitate","Cultur\u0103","Evenimente","Monden","Social","\u015etiri Urbane","Turism \u0219i Ghidaj turistic","Urbea Mea"],"inLanguage":"ro-RO","potentialAction":[{"@type":"CommentAction","name":"Comment","target":["https:\/\/urbeamea.ro\/albaiulia\/22-31-august-armonii-in-sebes-teatru-vizionari-de-filme-activitati-sportive-spectacole-de-muzica-usoara-si-rock\/#respond"]}]},{"@type":"WebPage","@id":"https:\/\/urbeamea.ro\/albaiulia\/22-31-august-armonii-in-sebes-teatru-vizionari-de-filme-activitati-sportive-spectacole-de-muzica-usoara-si-rock\/","url":"https:\/\/urbeamea.ro\/albaiulia\/22-31-august-armonii-in-sebes-teatru-vizionari-de-filme-activitati-sportive-spectacole-de-muzica-usoara-si-rock\/","name":"22-31 august: Armonii \u00een Sebe\u0219. Teatru, vizion\u0103ri de filme, activit\u0103\u021bi sportive, spectacole de muzic\u0103 u\u0219oar\u0103 \u0219i rock - Revista Urbea Mea - Revista de Alba","isPartOf":{"@id":"https:\/\/urbeamea.ro\/albaiulia\/#website"},"primaryImageOfPage":{"@id":"https:\/\/urbeamea.ro\/albaiulia\/22-31-august-armonii-in-sebes-teatru-vizionari-de-filme-activitati-sportive-spectacole-de-muzica-usoara-si-rock\/#primaryimage"},"image":{"@id":"https:\/\/urbeamea.ro\/albaiulia\/22-31-august-armonii-in-sebes-teatru-vizionari-de-filme-activitati-sportive-spectacole-de-muzica-usoara-si-rock\/#primaryimage"},"thumbnailUrl":"https:\/\/urbeamea.ro\/albaiulia\/wp-content\/uploads\/2025\/08\/1000046543.jpg","datePublished":"2025-08-21T18:09:52+00:00","dateModified":"2025-08-21T18:09:54+00:00","author":{"@id":"https:\/\/urbeamea.ro\/albaiulia\/#\/schema\/person\/5db3854ac38c1cc9f0ab4092d6a20f02"},"description":"\u00cen perioada 22-31 august 2025, Sebe\u0219ul ofer\u0103 locuitorilor s\u0103i un festival al verii, care va cuprinde evenimentele dedicate tuturor v\u00e2rstelor ora\u0219ului \u0219i","breadcrumb":{"@id":"https:\/\/urbeamea.ro\/albaiulia\/22-31-august-armonii-in-sebes-teatru-vizionari-de-filme-activitati-sportive-spectacole-de-muzica-usoara-si-rock\/#breadcrumb"},"inLanguage":"ro-RO","potentialAction":[{"@type":"ReadAction","target":["https:\/\/urbeamea.ro\/albaiulia\/22-31-august-armonii-in-sebes-teatru-vizionari-de-filme-activitati-sportive-spectacole-de-muzica-usoara-si-rock\/"]}]},{"@type":"ImageObject","inLanguage":"ro-RO","@id":"https:\/\/urbeamea.ro\/albaiulia\/22-31-august-armonii-in-sebes-teatru-vizionari-de-filme-activitati-sportive-spectacole-de-muzica-usoara-si-rock\/#primaryimage","url":"https:\/\/urbeamea.ro\/albaiulia\/wp-content\/uploads\/2025\/08\/1000046543.jpg","contentUrl":"https:\/\/urbeamea.ro\/albaiulia\/wp-content\/uploads\/2025\/08\/1000046543.jpg","width":1448,"height":2048},{"@type":"BreadcrumbList","@id":"https:\/\/urbeamea.ro\/albaiulia\/22-31-august-armonii-in-sebes-teatru-vizionari-de-filme-activitati-sportive-spectacole-de-muzica-usoara-si-rock\/#breadcrumb","itemListElement":[{"@type":"ListItem","position":1,"name":"Prima pagin\u0103","item":"https:\/\/urbeamea.ro\/albaiulia\/"},{"@type":"ListItem","position":2,"name":"22-31 august: Armonii \u00een Sebe\u0219. Teatru, vizion\u0103ri de filme, activit\u0103\u021bi sportive, spectacole de muzic\u0103 u\u0219oar\u0103 \u0219i rock"}]},{"@type":"WebSite","@id":"https:\/\/urbeamea.ro\/albaiulia\/#website","url":"https:\/\/urbeamea.ro\/albaiulia\/","name":"Revista Urbea Mea, Stiri urbane","description":"Evenimente \u0219i \u0219tiri din Alba Iulia, Sebe\u0219, Aiud, Blaj","potentialAction":[{"@type":"SearchAction","target":{"@type":"EntryPoint","urlTemplate":"https:\/\/urbeamea.ro\/albaiulia\/?s={search_term_string}"},"query-input":{"@type":"PropertyValueSpecification","valueRequired":true,"valueName":"search_term_string"}}],"inLanguage":"ro-RO"},{"@type":"Person","@id":"https:\/\/urbeamea.ro\/albaiulia\/#\/schema\/person\/5db3854ac38c1cc9f0ab4092d6a20f02","name":"Giurca Sorin","image":{"@type":"ImageObject","inLanguage":"ro-RO","@id":"https:\/\/secure.gravatar.com\/avatar\/120f6fcae7b3b47a7730cb9943f612f4909f68ac5284b5f40ac1c4615fd70576?s=96&d=mm&r=g","url":"https:\/\/secure.gravatar.com\/avatar\/120f6fcae7b3b47a7730cb9943f612f4909f68ac5284b5f40ac1c4615fd70576?s=96&d=mm&r=g","contentUrl":"https:\/\/secure.gravatar.com\/avatar\/120f6fcae7b3b47a7730cb9943f612f4909f68ac5284b5f40ac1c4615fd70576?s=96&d=mm&r=g","caption":"Giurca Sorin"},"url":"https:\/\/urbeamea.ro\/albaiulia\/author\/sorin\/"}]}},"_links":{"self":[{"href":"https:\/\/urbeamea.ro\/albaiulia\/wp-json\/wp\/v2\/posts\/119209","targetHints":{"allow":["GET"]}}],"collection":[{"href":"https:\/\/urbeamea.ro\/albaiulia\/wp-json\/wp\/v2\/posts"}],"about":[{"href":"https:\/\/urbeamea.ro\/albaiulia\/wp-json\/wp\/v2\/types\/post"}],"author":[{"embeddable":true,"href":"https:\/\/urbeamea.ro\/albaiulia\/wp-json\/wp\/v2\/users\/28"}],"replies":[{"embeddable":true,"href":"https:\/\/urbeamea.ro\/albaiulia\/wp-json\/wp\/v2\/comments?post=119209"}],"version-history":[{"count":1,"href":"https:\/\/urbeamea.ro\/albaiulia\/wp-json\/wp\/v2\/posts\/119209\/revisions"}],"predecessor-version":[{"id":119219,"href":"https:\/\/urbeamea.ro\/albaiulia\/wp-json\/wp\/v2\/posts\/119209\/revisions\/119219"}],"wp:featuredmedia":[{"embeddable":true,"href":"https:\/\/urbeamea.ro\/albaiulia\/wp-json\/wp\/v2\/media\/119217"}],"wp:attachment":[{"href":"https:\/\/urbeamea.ro\/albaiulia\/wp-json\/wp\/v2\/media?parent=119209"}],"wp:term":[{"taxonomy":"category","embeddable":true,"href":"https:\/\/urbeamea.ro\/albaiulia\/wp-json\/wp\/v2\/categories?post=119209"},{"taxonomy":"post_tag","embeddable":true,"href":"https:\/\/urbeamea.ro\/albaiulia\/wp-json\/wp\/v2\/tags?post=119209"}],"curies":[{"name":"wp","href":"https:\/\/api.w.org\/{rel}","templated":true}]}}