{"id":119291,"date":"2025-08-24T14:00:01","date_gmt":"2025-08-24T11:00:01","guid":{"rendered":"https:\/\/urbeamea.ro\/albaiulia\/?p=119291"},"modified":"2025-08-24T14:03:35","modified_gmt":"2025-08-24T11:03:35","slug":"duminica-ora-1900-don-quijote-in-sala-de-evenimente-a-centrului-cultural-lucian-blaga-sebes-in-distributie-face-parte-marele-actor-marcel-iures","status":"publish","type":"post","link":"https:\/\/urbeamea.ro\/albaiulia\/duminica-ora-1900-don-quijote-in-sala-de-evenimente-a-centrului-cultural-lucian-blaga-sebes-in-distributie-face-parte-marele-actor-marcel-iures\/","title":{"rendered":"Duminic\u0103, ora 19:00 Spectacolul de teatru &#8222;Don Quijote&#8221;, \u00een sala de evenimente a Centrului Cultural &#8222;Lucian Blaga&#8221; Sebe\u0219. \u00cen distribu\u021bie, marele actor Marcel Iure\u0219"},"content":{"rendered":"\n<p class=\"wp-block-paragraph\"><strong>Sala de evenimente a Centrului Cultural &#8222;Lucian Blaga&#8221; din Sebe\u0219, va g\u0103zdui duminic\u0103, 24 august, cu \u00eencepere de la ora 19:00, piesa de teatru &#8222;Don Quijote&#8221;.<\/strong><\/p>\n\n\n\n<p class=\"wp-block-paragraph\">Spectacolul face parte din programul &#8222;Armonii \u00een Sebe\u0219&#8221;, fiind  o produc\u021bie a Teatrului ACT, regia Alexandru Dabija. <\/p>\n\n\n\n<p class=\"wp-block-paragraph\">Din distribu\u021bie fac parte: Marcel Iure\u0219, Dan R\u0103dulescu, Oana Predescu, Ruxandra Maniu, Iosif Pa\u0219tina, Ionu\u021b Moldoveanu.<br><\/p>\n\n\n\n<p class=\"wp-block-paragraph\">Evenimentul este oferit de compania Star Assembly pentru a onora s\u0103rb\u0103toarea ora\u0219ului, \u201eArmonii \u00een Sebe\u0219\u201d.<\/p>\n\n\n\n<p class=\"wp-block-paragraph\">PENTRU REZERV\u0102RI: <br>Centrul Cultural \u201eLucian Blaga\u201d Sebe\u0219<br>email: contact@cclbsebes.ro<br>telefon: 0372-930929<\/p>\n\n\n\n<p class=\"wp-block-paragraph\">Prezentare spectacol<br><\/p>\n\n\n\n<p class=\"wp-block-paragraph\">Dup\u0103 o via\u021b\u0103 petrecut\u0103 citind despre cavaleri, un b\u0103tr\u00e2n excentric porne\u0219te \u00eentr-o aventur\u0103 nebuneasc\u0103 pentru a deveni el \u00eensu\u0219i un cavaler r\u0103t\u0103citor.<\/p>\n\n\n\n<p class=\"wp-block-paragraph\"> Al\u0103turi de servitorul s\u0103u loial \u2013 Sancho Panza \u2013 Don Quijote traverseaz\u0103 o lume plin\u0103 de iluzii \u0219i pericole, unde noble\u021bea visului se ciocne\u0219te brutal de realitatea dur\u0103.<br><\/p>\n\n\n\n<p class=\"wp-block-paragraph\">\u00cenarmat cu o lance, o sabie \u0219i o imagina\u021bie f\u0103r\u0103 margini, Don Quijote se av\u00e2nt\u0103 \u00een lupte eroice cu mori de v\u00e2nt, \u00eenfrunt\u0103 uria\u0219i invizibili \u0219i \u00ee\u0219i dedic\u0103 faptele unei domni\u021be pe care n-a v\u0103zut-o niciodat\u0103. <\/p>\n\n\n\n<p class=\"wp-block-paragraph\">\u00cen fiecare confruntare, grani\u021ba dintre vis \u0219i realitate devine tot mai fragil\u0103, iar cei doi descoper\u0103 c\u0103 lumea real\u0103 nu seam\u0103n\u0103 deloc cu cea din c\u0103r\u021bile cavalerilor.<br><\/p>\n\n\n\n<p class=\"wp-block-paragraph\">Inspirat\u0103 de capodopera lui Cervantes \u0219i adaptat\u0103 de James Fenton, aceast\u0103 montare aduce \u00een prim-plan povestea legendar\u0103 a Cavalerului Tristei Figuri, \u00eentr-un spectacol plin de umor, aventur\u0103 \u0219i melancolie. <\/p>\n\n\n\n<p class=\"wp-block-paragraph\">Regizorul Alexandru Dabija propune o reinterpretare contemporan\u0103 a mitului lui Don Quijote, explor\u00e2nd grani\u021bele dintre iluzie \u0219i realitate, dintre idealism \u0219i pragmatism.<br><\/p>\n\n\n\n<p class=\"wp-block-paragraph\">\u201eDac\u0103 o propozi\u021bie scris\u0103 \u00een Spania secolului al XVII-lea de Cervantes \u00eenseamn\u0103 ceva, dar aceea\u0219i propozi\u021bie scris\u0103 \u00een secolul XX de Pierre Menard cap\u0103t\u0103 o semnifica\u021bie nou\u0103, atunci James Fenton este la fel de real ca Cide Hamete Benengeli. <\/p>\n\n\n\n<p class=\"wp-block-paragraph\">Cine mai pune m\u00eena pe o carte \u0219tie c\u0103 realitatea lui Quijote este la fel de problematic\u0103 precum v\u0103zul lui Borges. <\/p>\n\n\n\n<p class=\"wp-block-paragraph\">Spectacolul nostru, de la Teatrul ACT, se adreseaz\u0103 unei v\u00eerste de aur \u2013 adic\u0103 p\u00een\u0103 \u00een \u0219apte ani. S\u0103 ne bucur\u0103m de timpul r\u0103mas!\u201d \u2014 Alexandru Dabija<br>\u200b\u200b\u200b\u200b\u200b<\/p>\n\n\n\n<p class=\"wp-block-paragraph\">\u201eNoi, cei cinci str\u0103-str\u0103-str\u0103nepo\u021bi str\u00e2n\u0219i aici de un \u0219i mai str\u0103nepot, ne-am adunat s\u0103 v\u0103 spunem povestea str\u0103-str\u0103-str\u0103bunicului nostru, Don Quijote din La Mancha \u2013 o poveste care a str\u0103-str\u0103b\u0103tut \u00eenchipuirea lui Miguel Cervantes. \u00cendr\u0103zni\u021bi s\u0103 o crede\u021bi.\u201d \u2014 Marcel Iure\u0219<\/p>\n\n\n\n<p class=\"wp-block-paragraph\">Don Quijote este o produc\u021bie Teatrul ACT, cu sprijinul StarAssembly.<\/p>\n\n\n\n<figure class=\"wp-block-image size-large\"><img loading=\"lazy\" decoding=\"async\" width=\"914\" height=\"1280\" src=\"https:\/\/urbeamea.ro\/albaiulia\/wp-content\/uploads\/2025\/08\/1000046684-914x1280.jpg\" alt=\"\" class=\"wp-image-119292\" srcset=\"https:\/\/urbeamea.ro\/albaiulia\/wp-content\/uploads\/2025\/08\/1000046684-914x1280.jpg 914w, https:\/\/urbeamea.ro\/albaiulia\/wp-content\/uploads\/2025\/08\/1000046684-457x640.jpg 457w, https:\/\/urbeamea.ro\/albaiulia\/wp-content\/uploads\/2025\/08\/1000046684-107x150.jpg 107w, https:\/\/urbeamea.ro\/albaiulia\/wp-content\/uploads\/2025\/08\/1000046684-768x1075.jpg 768w, https:\/\/urbeamea.ro\/albaiulia\/wp-content\/uploads\/2025\/08\/1000046684.jpg 1080w\" sizes=\"auto, (max-width: 914px) 100vw, 914px\" \/><\/figure>\n\n\n\n<p class=\"wp-block-paragraph\"><\/p>\n","protected":false},"excerpt":{"rendered":"<p>Sala de evenimente a Centrului Cultural &#8222;Lucian Blaga&#8221; din Sebe\u0219, va g\u0103zdui duminic\u0103, 24 august, cu \u00eencepere de la ora 19:00, piesa de teatru &#8222;Don Quijote&#8221;. Spectacolul face parte din programul &#8222;Armonii \u00een Sebe\u0219&#8221;, fiind o produc\u021bie a Teatrului ACT, regia Alexandru Dabija. Din distribu\u021bie fac parte: Marcel Iure\u0219, Dan R\u0103dulescu, Oana Predescu, Ruxandra Maniu, &hellip;<\/p>\n","protected":false},"author":28,"featured_media":119292,"comment_status":"open","ping_status":"open","sticky":false,"template":"","format":"standard","meta":{"inline_featured_image":false,"footnotes":""},"categories":[2038,4,2034,1,61,16344],"tags":[25392,12577,25397],"class_list":["post-119291","post","type-post","status-publish","format-standard","has-post-thumbnail","hentry","category-cultura","category-eveniment","category-social","category-stiri-urbane","category-turism","category-urbea-mea","tag-armonii-in-sebes","tag-centrul-cultural-lucian-blaga-sebes","tag-don-quijote"],"yoast_head":"<!-- This site is optimized with the Yoast SEO plugin v28.3 - https:\/\/yoast.com\/product\/yoast-seo-wordpress\/ -->\n<title>Duminic\u0103, ora 19:00 Spectacolul de teatru &quot;Don Quijote&quot;, \u00een sala de evenimente a Centrului Cultural &quot;Lucian Blaga&quot; Sebe\u0219. \u00cen distribu\u021bie, marele actor Marcel Iure\u0219 - Revista Urbea Mea - Revista de Alba<\/title>\n<meta name=\"description\" content=\"Sala de evenimente a Centrului Cultural &quot;Lucian Blaga&quot; din Sebe\u0219, va g\u0103zdui duminic\u0103, 24 august, cu \u00eencepere de la ora 19:00, piesa de teatru &quot;Don\" \/>\n<meta name=\"robots\" content=\"index, follow, max-snippet:-1, max-image-preview:large, max-video-preview:-1\" \/>\n<link rel=\"canonical\" href=\"https:\/\/urbeamea.ro\/albaiulia\/duminica-ora-1900-don-quijote-in-sala-de-evenimente-a-centrului-cultural-lucian-blaga-sebes-in-distributie-face-parte-marele-actor-marcel-iures\/\" \/>\n<meta name=\"twitter:card\" content=\"summary_large_image\" \/>\n<meta name=\"twitter:title\" content=\"Duminic\u0103, ora 19:00 Spectacolul de teatru &quot;Don Quijote&quot;, \u00een sala de evenimente a Centrului Cultural &quot;Lucian Blaga&quot; Sebe\u0219. \u00cen distribu\u021bie, marele actor Marcel Iure\u0219 - Revista Urbea Mea - Revista de Alba\" \/>\n<meta name=\"twitter:description\" content=\"Sala de evenimente a Centrului Cultural &quot;Lucian Blaga&quot; din Sebe\u0219, va g\u0103zdui duminic\u0103, 24 august, cu \u00eencepere de la ora 19:00, piesa de teatru &quot;Don\" \/>\n<meta name=\"twitter:image\" content=\"https:\/\/urbeamea.ro\/albaiulia\/wp-content\/uploads\/2025\/08\/1000046684.jpg\" \/>\n<meta name=\"twitter:creator\" content=\"@urbeameaweb\" \/>\n<meta name=\"twitter:site\" content=\"@urbeameaweb\" \/>\n<script type=\"application\/ld+json\" class=\"yoast-schema-graph\">{\"@context\":\"https:\\\/\\\/schema.org\",\"@graph\":[{\"@type\":\"Article\",\"@id\":\"https:\\\/\\\/urbeamea.ro\\\/albaiulia\\\/duminica-ora-1900-don-quijote-in-sala-de-evenimente-a-centrului-cultural-lucian-blaga-sebes-in-distributie-face-parte-marele-actor-marcel-iures\\\/#article\",\"isPartOf\":{\"@id\":\"https:\\\/\\\/urbeamea.ro\\\/albaiulia\\\/duminica-ora-1900-don-quijote-in-sala-de-evenimente-a-centrului-cultural-lucian-blaga-sebes-in-distributie-face-parte-marele-actor-marcel-iures\\\/\"},\"author\":{\"name\":\"Giurca Sorin\",\"@id\":\"https:\\\/\\\/urbeamea.ro\\\/albaiulia\\\/#\\\/schema\\\/person\\\/5db3854ac38c1cc9f0ab4092d6a20f02\"},\"headline\":\"Duminic\u0103, ora 19:00 Spectacolul de teatru &#8222;Don Quijote&#8221;, \u00een sala de evenimente a Centrului Cultural &#8222;Lucian Blaga&#8221; Sebe\u0219. \u00cen distribu\u021bie, marele actor Marcel Iure\u0219\",\"datePublished\":\"2025-08-24T11:00:01+00:00\",\"dateModified\":\"2025-08-24T11:03:35+00:00\",\"mainEntityOfPage\":{\"@id\":\"https:\\\/\\\/urbeamea.ro\\\/albaiulia\\\/duminica-ora-1900-don-quijote-in-sala-de-evenimente-a-centrului-cultural-lucian-blaga-sebes-in-distributie-face-parte-marele-actor-marcel-iures\\\/\"},\"wordCount\":466,\"commentCount\":0,\"image\":{\"@id\":\"https:\\\/\\\/urbeamea.ro\\\/albaiulia\\\/duminica-ora-1900-don-quijote-in-sala-de-evenimente-a-centrului-cultural-lucian-blaga-sebes-in-distributie-face-parte-marele-actor-marcel-iures\\\/#primaryimage\"},\"thumbnailUrl\":\"https:\\\/\\\/urbeamea.ro\\\/albaiulia\\\/wp-content\\\/uploads\\\/2025\\\/08\\\/1000046684.jpg\",\"keywords\":[\"Armonii \u00een Sebe\u0219\",\"centrul cultural lucian blaga sebes\",\"Don Quijote\"],\"articleSection\":[\"Cultur\u0103\",\"Evenimente\",\"Social\",\"\u015etiri Urbane\",\"Turism \u0219i Ghidaj turistic\",\"Urbea Mea\"],\"inLanguage\":\"ro-RO\",\"potentialAction\":[{\"@type\":\"CommentAction\",\"name\":\"Comment\",\"target\":[\"https:\\\/\\\/urbeamea.ro\\\/albaiulia\\\/duminica-ora-1900-don-quijote-in-sala-de-evenimente-a-centrului-cultural-lucian-blaga-sebes-in-distributie-face-parte-marele-actor-marcel-iures\\\/#respond\"]}]},{\"@type\":\"WebPage\",\"@id\":\"https:\\\/\\\/urbeamea.ro\\\/albaiulia\\\/duminica-ora-1900-don-quijote-in-sala-de-evenimente-a-centrului-cultural-lucian-blaga-sebes-in-distributie-face-parte-marele-actor-marcel-iures\\\/\",\"url\":\"https:\\\/\\\/urbeamea.ro\\\/albaiulia\\\/duminica-ora-1900-don-quijote-in-sala-de-evenimente-a-centrului-cultural-lucian-blaga-sebes-in-distributie-face-parte-marele-actor-marcel-iures\\\/\",\"name\":\"Duminic\u0103, ora 19:00 Spectacolul de teatru \\\"Don Quijote\\\", \u00een sala de evenimente a Centrului Cultural \\\"Lucian Blaga\\\" Sebe\u0219. \u00cen distribu\u021bie, marele actor Marcel Iure\u0219 - Revista Urbea Mea - Revista de Alba\",\"isPartOf\":{\"@id\":\"https:\\\/\\\/urbeamea.ro\\\/albaiulia\\\/#website\"},\"primaryImageOfPage\":{\"@id\":\"https:\\\/\\\/urbeamea.ro\\\/albaiulia\\\/duminica-ora-1900-don-quijote-in-sala-de-evenimente-a-centrului-cultural-lucian-blaga-sebes-in-distributie-face-parte-marele-actor-marcel-iures\\\/#primaryimage\"},\"image\":{\"@id\":\"https:\\\/\\\/urbeamea.ro\\\/albaiulia\\\/duminica-ora-1900-don-quijote-in-sala-de-evenimente-a-centrului-cultural-lucian-blaga-sebes-in-distributie-face-parte-marele-actor-marcel-iures\\\/#primaryimage\"},\"thumbnailUrl\":\"https:\\\/\\\/urbeamea.ro\\\/albaiulia\\\/wp-content\\\/uploads\\\/2025\\\/08\\\/1000046684.jpg\",\"datePublished\":\"2025-08-24T11:00:01+00:00\",\"dateModified\":\"2025-08-24T11:03:35+00:00\",\"author\":{\"@id\":\"https:\\\/\\\/urbeamea.ro\\\/albaiulia\\\/#\\\/schema\\\/person\\\/5db3854ac38c1cc9f0ab4092d6a20f02\"},\"description\":\"Sala de evenimente a Centrului Cultural \\\"Lucian Blaga\\\" din Sebe\u0219, va g\u0103zdui duminic\u0103, 24 august, cu \u00eencepere de la ora 19:00, piesa de teatru \\\"Don\",\"breadcrumb\":{\"@id\":\"https:\\\/\\\/urbeamea.ro\\\/albaiulia\\\/duminica-ora-1900-don-quijote-in-sala-de-evenimente-a-centrului-cultural-lucian-blaga-sebes-in-distributie-face-parte-marele-actor-marcel-iures\\\/#breadcrumb\"},\"inLanguage\":\"ro-RO\",\"potentialAction\":[{\"@type\":\"ReadAction\",\"target\":[\"https:\\\/\\\/urbeamea.ro\\\/albaiulia\\\/duminica-ora-1900-don-quijote-in-sala-de-evenimente-a-centrului-cultural-lucian-blaga-sebes-in-distributie-face-parte-marele-actor-marcel-iures\\\/\"]}]},{\"@type\":\"ImageObject\",\"inLanguage\":\"ro-RO\",\"@id\":\"https:\\\/\\\/urbeamea.ro\\\/albaiulia\\\/duminica-ora-1900-don-quijote-in-sala-de-evenimente-a-centrului-cultural-lucian-blaga-sebes-in-distributie-face-parte-marele-actor-marcel-iures\\\/#primaryimage\",\"url\":\"https:\\\/\\\/urbeamea.ro\\\/albaiulia\\\/wp-content\\\/uploads\\\/2025\\\/08\\\/1000046684.jpg\",\"contentUrl\":\"https:\\\/\\\/urbeamea.ro\\\/albaiulia\\\/wp-content\\\/uploads\\\/2025\\\/08\\\/1000046684.jpg\",\"width\":1080,\"height\":1512},{\"@type\":\"BreadcrumbList\",\"@id\":\"https:\\\/\\\/urbeamea.ro\\\/albaiulia\\\/duminica-ora-1900-don-quijote-in-sala-de-evenimente-a-centrului-cultural-lucian-blaga-sebes-in-distributie-face-parte-marele-actor-marcel-iures\\\/#breadcrumb\",\"itemListElement\":[{\"@type\":\"ListItem\",\"position\":1,\"name\":\"Prima pagin\u0103\",\"item\":\"https:\\\/\\\/urbeamea.ro\\\/albaiulia\\\/\"},{\"@type\":\"ListItem\",\"position\":2,\"name\":\"Duminic\u0103, ora 19:00 Spectacolul de teatru &#8222;Don Quijote&#8221;, \u00een sala de evenimente a Centrului Cultural &#8222;Lucian Blaga&#8221; Sebe\u0219. \u00cen distribu\u021bie, marele actor Marcel Iure\u0219\"}]},{\"@type\":\"WebSite\",\"@id\":\"https:\\\/\\\/urbeamea.ro\\\/albaiulia\\\/#website\",\"url\":\"https:\\\/\\\/urbeamea.ro\\\/albaiulia\\\/\",\"name\":\"Revista Urbea Mea, Stiri urbane\",\"description\":\"Evenimente \u0219i \u0219tiri din Alba Iulia, Sebe\u0219, Aiud, Blaj\",\"potentialAction\":[{\"@type\":\"SearchAction\",\"target\":{\"@type\":\"EntryPoint\",\"urlTemplate\":\"https:\\\/\\\/urbeamea.ro\\\/albaiulia\\\/?s={search_term_string}\"},\"query-input\":{\"@type\":\"PropertyValueSpecification\",\"valueRequired\":true,\"valueName\":\"search_term_string\"}}],\"inLanguage\":\"ro-RO\"},{\"@type\":\"Person\",\"@id\":\"https:\\\/\\\/urbeamea.ro\\\/albaiulia\\\/#\\\/schema\\\/person\\\/5db3854ac38c1cc9f0ab4092d6a20f02\",\"name\":\"Giurca Sorin\",\"image\":{\"@type\":\"ImageObject\",\"inLanguage\":\"ro-RO\",\"@id\":\"https:\\\/\\\/secure.gravatar.com\\\/avatar\\\/120f6fcae7b3b47a7730cb9943f612f4909f68ac5284b5f40ac1c4615fd70576?s=96&d=mm&r=g\",\"url\":\"https:\\\/\\\/secure.gravatar.com\\\/avatar\\\/120f6fcae7b3b47a7730cb9943f612f4909f68ac5284b5f40ac1c4615fd70576?s=96&d=mm&r=g\",\"contentUrl\":\"https:\\\/\\\/secure.gravatar.com\\\/avatar\\\/120f6fcae7b3b47a7730cb9943f612f4909f68ac5284b5f40ac1c4615fd70576?s=96&d=mm&r=g\",\"caption\":\"Giurca Sorin\"},\"url\":\"https:\\\/\\\/urbeamea.ro\\\/albaiulia\\\/author\\\/sorin\\\/\"}]}<\/script>\n<!-- \/ Yoast SEO plugin. -->","yoast_head_json":{"title":"Duminic\u0103, ora 19:00 Spectacolul de teatru \"Don Quijote\", \u00een sala de evenimente a Centrului Cultural \"Lucian Blaga\" Sebe\u0219. \u00cen distribu\u021bie, marele actor Marcel Iure\u0219 - Revista Urbea Mea - Revista de Alba","description":"Sala de evenimente a Centrului Cultural \"Lucian Blaga\" din Sebe\u0219, va g\u0103zdui duminic\u0103, 24 august, cu \u00eencepere de la ora 19:00, piesa de teatru \"Don","robots":{"index":"index","follow":"follow","max-snippet":"max-snippet:-1","max-image-preview":"max-image-preview:large","max-video-preview":"max-video-preview:-1"},"canonical":"https:\/\/urbeamea.ro\/albaiulia\/duminica-ora-1900-don-quijote-in-sala-de-evenimente-a-centrului-cultural-lucian-blaga-sebes-in-distributie-face-parte-marele-actor-marcel-iures\/","twitter_card":"summary_large_image","twitter_title":"Duminic\u0103, ora 19:00 Spectacolul de teatru \"Don Quijote\", \u00een sala de evenimente a Centrului Cultural \"Lucian Blaga\" Sebe\u0219. \u00cen distribu\u021bie, marele actor Marcel Iure\u0219 - Revista Urbea Mea - Revista de Alba","twitter_description":"Sala de evenimente a Centrului Cultural \"Lucian Blaga\" din Sebe\u0219, va g\u0103zdui duminic\u0103, 24 august, cu \u00eencepere de la ora 19:00, piesa de teatru \"Don","twitter_image":"https:\/\/urbeamea.ro\/albaiulia\/wp-content\/uploads\/2025\/08\/1000046684.jpg","twitter_creator":"@urbeameaweb","twitter_site":"@urbeameaweb","schema":{"@context":"https:\/\/schema.org","@graph":[{"@type":"Article","@id":"https:\/\/urbeamea.ro\/albaiulia\/duminica-ora-1900-don-quijote-in-sala-de-evenimente-a-centrului-cultural-lucian-blaga-sebes-in-distributie-face-parte-marele-actor-marcel-iures\/#article","isPartOf":{"@id":"https:\/\/urbeamea.ro\/albaiulia\/duminica-ora-1900-don-quijote-in-sala-de-evenimente-a-centrului-cultural-lucian-blaga-sebes-in-distributie-face-parte-marele-actor-marcel-iures\/"},"author":{"name":"Giurca Sorin","@id":"https:\/\/urbeamea.ro\/albaiulia\/#\/schema\/person\/5db3854ac38c1cc9f0ab4092d6a20f02"},"headline":"Duminic\u0103, ora 19:00 Spectacolul de teatru &#8222;Don Quijote&#8221;, \u00een sala de evenimente a Centrului Cultural &#8222;Lucian Blaga&#8221; Sebe\u0219. \u00cen distribu\u021bie, marele actor Marcel Iure\u0219","datePublished":"2025-08-24T11:00:01+00:00","dateModified":"2025-08-24T11:03:35+00:00","mainEntityOfPage":{"@id":"https:\/\/urbeamea.ro\/albaiulia\/duminica-ora-1900-don-quijote-in-sala-de-evenimente-a-centrului-cultural-lucian-blaga-sebes-in-distributie-face-parte-marele-actor-marcel-iures\/"},"wordCount":466,"commentCount":0,"image":{"@id":"https:\/\/urbeamea.ro\/albaiulia\/duminica-ora-1900-don-quijote-in-sala-de-evenimente-a-centrului-cultural-lucian-blaga-sebes-in-distributie-face-parte-marele-actor-marcel-iures\/#primaryimage"},"thumbnailUrl":"https:\/\/urbeamea.ro\/albaiulia\/wp-content\/uploads\/2025\/08\/1000046684.jpg","keywords":["Armonii \u00een Sebe\u0219","centrul cultural lucian blaga sebes","Don Quijote"],"articleSection":["Cultur\u0103","Evenimente","Social","\u015etiri Urbane","Turism \u0219i Ghidaj turistic","Urbea Mea"],"inLanguage":"ro-RO","potentialAction":[{"@type":"CommentAction","name":"Comment","target":["https:\/\/urbeamea.ro\/albaiulia\/duminica-ora-1900-don-quijote-in-sala-de-evenimente-a-centrului-cultural-lucian-blaga-sebes-in-distributie-face-parte-marele-actor-marcel-iures\/#respond"]}]},{"@type":"WebPage","@id":"https:\/\/urbeamea.ro\/albaiulia\/duminica-ora-1900-don-quijote-in-sala-de-evenimente-a-centrului-cultural-lucian-blaga-sebes-in-distributie-face-parte-marele-actor-marcel-iures\/","url":"https:\/\/urbeamea.ro\/albaiulia\/duminica-ora-1900-don-quijote-in-sala-de-evenimente-a-centrului-cultural-lucian-blaga-sebes-in-distributie-face-parte-marele-actor-marcel-iures\/","name":"Duminic\u0103, ora 19:00 Spectacolul de teatru \"Don Quijote\", \u00een sala de evenimente a Centrului Cultural \"Lucian Blaga\" Sebe\u0219. \u00cen distribu\u021bie, marele actor Marcel Iure\u0219 - Revista Urbea Mea - Revista de Alba","isPartOf":{"@id":"https:\/\/urbeamea.ro\/albaiulia\/#website"},"primaryImageOfPage":{"@id":"https:\/\/urbeamea.ro\/albaiulia\/duminica-ora-1900-don-quijote-in-sala-de-evenimente-a-centrului-cultural-lucian-blaga-sebes-in-distributie-face-parte-marele-actor-marcel-iures\/#primaryimage"},"image":{"@id":"https:\/\/urbeamea.ro\/albaiulia\/duminica-ora-1900-don-quijote-in-sala-de-evenimente-a-centrului-cultural-lucian-blaga-sebes-in-distributie-face-parte-marele-actor-marcel-iures\/#primaryimage"},"thumbnailUrl":"https:\/\/urbeamea.ro\/albaiulia\/wp-content\/uploads\/2025\/08\/1000046684.jpg","datePublished":"2025-08-24T11:00:01+00:00","dateModified":"2025-08-24T11:03:35+00:00","author":{"@id":"https:\/\/urbeamea.ro\/albaiulia\/#\/schema\/person\/5db3854ac38c1cc9f0ab4092d6a20f02"},"description":"Sala de evenimente a Centrului Cultural \"Lucian Blaga\" din Sebe\u0219, va g\u0103zdui duminic\u0103, 24 august, cu \u00eencepere de la ora 19:00, piesa de teatru \"Don","breadcrumb":{"@id":"https:\/\/urbeamea.ro\/albaiulia\/duminica-ora-1900-don-quijote-in-sala-de-evenimente-a-centrului-cultural-lucian-blaga-sebes-in-distributie-face-parte-marele-actor-marcel-iures\/#breadcrumb"},"inLanguage":"ro-RO","potentialAction":[{"@type":"ReadAction","target":["https:\/\/urbeamea.ro\/albaiulia\/duminica-ora-1900-don-quijote-in-sala-de-evenimente-a-centrului-cultural-lucian-blaga-sebes-in-distributie-face-parte-marele-actor-marcel-iures\/"]}]},{"@type":"ImageObject","inLanguage":"ro-RO","@id":"https:\/\/urbeamea.ro\/albaiulia\/duminica-ora-1900-don-quijote-in-sala-de-evenimente-a-centrului-cultural-lucian-blaga-sebes-in-distributie-face-parte-marele-actor-marcel-iures\/#primaryimage","url":"https:\/\/urbeamea.ro\/albaiulia\/wp-content\/uploads\/2025\/08\/1000046684.jpg","contentUrl":"https:\/\/urbeamea.ro\/albaiulia\/wp-content\/uploads\/2025\/08\/1000046684.jpg","width":1080,"height":1512},{"@type":"BreadcrumbList","@id":"https:\/\/urbeamea.ro\/albaiulia\/duminica-ora-1900-don-quijote-in-sala-de-evenimente-a-centrului-cultural-lucian-blaga-sebes-in-distributie-face-parte-marele-actor-marcel-iures\/#breadcrumb","itemListElement":[{"@type":"ListItem","position":1,"name":"Prima pagin\u0103","item":"https:\/\/urbeamea.ro\/albaiulia\/"},{"@type":"ListItem","position":2,"name":"Duminic\u0103, ora 19:00 Spectacolul de teatru &#8222;Don Quijote&#8221;, \u00een sala de evenimente a Centrului Cultural &#8222;Lucian Blaga&#8221; Sebe\u0219. \u00cen distribu\u021bie, marele actor Marcel Iure\u0219"}]},{"@type":"WebSite","@id":"https:\/\/urbeamea.ro\/albaiulia\/#website","url":"https:\/\/urbeamea.ro\/albaiulia\/","name":"Revista Urbea Mea, Stiri urbane","description":"Evenimente \u0219i \u0219tiri din Alba Iulia, Sebe\u0219, Aiud, Blaj","potentialAction":[{"@type":"SearchAction","target":{"@type":"EntryPoint","urlTemplate":"https:\/\/urbeamea.ro\/albaiulia\/?s={search_term_string}"},"query-input":{"@type":"PropertyValueSpecification","valueRequired":true,"valueName":"search_term_string"}}],"inLanguage":"ro-RO"},{"@type":"Person","@id":"https:\/\/urbeamea.ro\/albaiulia\/#\/schema\/person\/5db3854ac38c1cc9f0ab4092d6a20f02","name":"Giurca Sorin","image":{"@type":"ImageObject","inLanguage":"ro-RO","@id":"https:\/\/secure.gravatar.com\/avatar\/120f6fcae7b3b47a7730cb9943f612f4909f68ac5284b5f40ac1c4615fd70576?s=96&d=mm&r=g","url":"https:\/\/secure.gravatar.com\/avatar\/120f6fcae7b3b47a7730cb9943f612f4909f68ac5284b5f40ac1c4615fd70576?s=96&d=mm&r=g","contentUrl":"https:\/\/secure.gravatar.com\/avatar\/120f6fcae7b3b47a7730cb9943f612f4909f68ac5284b5f40ac1c4615fd70576?s=96&d=mm&r=g","caption":"Giurca Sorin"},"url":"https:\/\/urbeamea.ro\/albaiulia\/author\/sorin\/"}]}},"_links":{"self":[{"href":"https:\/\/urbeamea.ro\/albaiulia\/wp-json\/wp\/v2\/posts\/119291","targetHints":{"allow":["GET"]}}],"collection":[{"href":"https:\/\/urbeamea.ro\/albaiulia\/wp-json\/wp\/v2\/posts"}],"about":[{"href":"https:\/\/urbeamea.ro\/albaiulia\/wp-json\/wp\/v2\/types\/post"}],"author":[{"embeddable":true,"href":"https:\/\/urbeamea.ro\/albaiulia\/wp-json\/wp\/v2\/users\/28"}],"replies":[{"embeddable":true,"href":"https:\/\/urbeamea.ro\/albaiulia\/wp-json\/wp\/v2\/comments?post=119291"}],"version-history":[{"count":3,"href":"https:\/\/urbeamea.ro\/albaiulia\/wp-json\/wp\/v2\/posts\/119291\/revisions"}],"predecessor-version":[{"id":119295,"href":"https:\/\/urbeamea.ro\/albaiulia\/wp-json\/wp\/v2\/posts\/119291\/revisions\/119295"}],"wp:featuredmedia":[{"embeddable":true,"href":"https:\/\/urbeamea.ro\/albaiulia\/wp-json\/wp\/v2\/media\/119292"}],"wp:attachment":[{"href":"https:\/\/urbeamea.ro\/albaiulia\/wp-json\/wp\/v2\/media?parent=119291"}],"wp:term":[{"taxonomy":"category","embeddable":true,"href":"https:\/\/urbeamea.ro\/albaiulia\/wp-json\/wp\/v2\/categories?post=119291"},{"taxonomy":"post_tag","embeddable":true,"href":"https:\/\/urbeamea.ro\/albaiulia\/wp-json\/wp\/v2\/tags?post=119291"}],"curies":[{"name":"wp","href":"https:\/\/api.w.org\/{rel}","templated":true}]}}