{"id":119300,"date":"2025-08-25T19:57:57","date_gmt":"2025-08-25T16:57:57","guid":{"rendered":"https:\/\/urbeamea.ro\/albaiulia\/?p=119300"},"modified":"2025-08-25T19:57:59","modified_gmt":"2025-08-25T16:57:59","slug":"26-august-ora-1100-carabusul-de-arama-poezie-scenete-si-muzica-pentru-copii-la-casa-memoriala-lucian-blaga-din-lancram","status":"publish","type":"post","link":"https:\/\/urbeamea.ro\/albaiulia\/26-august-ora-1100-carabusul-de-arama-poezie-scenete-si-muzica-pentru-copii-la-casa-memoriala-lucian-blaga-din-lancram\/","title":{"rendered":"26 august, ora 11:00 &#8222;C\u0103r\u0103bu\u0219ul de aram\u0103&#8221;, poezie, scenete \u0219i muzic\u0103 pentru copii, la  Casa Memorial\u0103 &#8222;Lucian Blaga&#8221; din Lancr\u0103m"},"content":{"rendered":"\n<p>  <strong>Mar\u021bi, 26 august 2025, ora 11.00, \u00eei invit\u0103m pe cei mici, \u00eentr-o lume de poveste, chiar \u00een locul unde s-a n\u0103scut \u0219i a copil\u0103rit marele nostru scriitor Lucian Blaga.<\/strong><\/p>\n\n\n\n<p> Vom descoperi \u00eempreun\u0103 \u201eC\u0103r\u0103bu\u0219ul de aram\u0103\u201d \u2013 o poezie plin\u0103 de culoare, sunet \u0219i mister, \u00een care un mic g\u00e2nd\u0103cel devine eroul unei aventuri \u00een natur\u0103. <\/p>\n\n\n\n<p>Vom explora universul lui Blaga cu plimb\u0103ri ghidate prin curtea, gr\u0103dina \u0219i casa memorial\u0103, pres\u0103rate cu pove\u0219ti inedite despre familie.  <\/p>\n\n\n\n<p>Ne vor \u00eenc\u00e2nta cu ritmuri muzicale, mici scenete \u0219i pantomim\u0103: Alexandra Pamfilie \u0219i trupele de teatru pentru copii \u201eMasca\u201d, \u201ePied Piper\u201d \u0219i \u201eGepetto\u201d (proiect sus\u021binut de Centrul Cultural \u201eLucian Blaga\u201d Sebe\u0219), coordonate de Lavinia Donose.  <\/p>\n\n\n\n<p>Tot aici, \u201ela cur\u021bile dorului\u201d, sub \u201ealbastrul Lancr\u0103mului\u201d, al\u0103turi de noi, vor fi copiii de la \u0218coala de var\u0103 \u201eCurcubeul prieteniei\u201d. <\/p>\n\n\n\n<p>Acest proiect este desf\u0103\u0219urat de Direc\u021bia de Asisten\u021b\u0103 Social\u0103 Sebe\u0219 cu sprijinul Prim\u0103riei \u0219i Consiliului Local Sebe\u0219, \u00een perioada 15 iulie &#8211; 22 august 2025, fiind dedicat copiilor din comunit\u0103\u021bile vulnerabile.<\/p>\n\n\n\n<p> Micii participan\u021bi se vor bucura de festivitatea de \u00eencheiere a cursurilor estivale.   <\/p>\n\n\n\n<p>Garantat! Fiecare copil va pleca acas\u0103 cu amintiri frumoase din inima  Lancr\u0103mului de poveste.<\/p>\n\n\n\n<figure class=\"wp-block-image size-large\"><img loading=\"lazy\" decoding=\"async\" width=\"914\" height=\"1280\" src=\"https:\/\/urbeamea.ro\/albaiulia\/wp-content\/uploads\/2025\/08\/1000046721-914x1280.jpg\" alt=\"\" class=\"wp-image-119301\" srcset=\"https:\/\/urbeamea.ro\/albaiulia\/wp-content\/uploads\/2025\/08\/1000046721-914x1280.jpg 914w, https:\/\/urbeamea.ro\/albaiulia\/wp-content\/uploads\/2025\/08\/1000046721-457x640.jpg 457w, https:\/\/urbeamea.ro\/albaiulia\/wp-content\/uploads\/2025\/08\/1000046721-107x150.jpg 107w, https:\/\/urbeamea.ro\/albaiulia\/wp-content\/uploads\/2025\/08\/1000046721-768x1076.jpg 768w, https:\/\/urbeamea.ro\/albaiulia\/wp-content\/uploads\/2025\/08\/1000046721-1096x1536.jpg 1096w, https:\/\/urbeamea.ro\/albaiulia\/wp-content\/uploads\/2025\/08\/1000046721.jpg 1142w\" sizes=\"auto, (max-width: 914px) 100vw, 914px\" \/><\/figure>\n","protected":false},"excerpt":{"rendered":"<p>Mar\u021bi, 26 august 2025, ora 11.00, \u00eei invit\u0103m pe cei mici, \u00eentr-o lume de poveste, chiar \u00een locul unde s-a n\u0103scut \u0219i a copil\u0103rit marele nostru scriitor Lucian Blaga. Vom descoperi \u00eempreun\u0103 \u201eC\u0103r\u0103bu\u0219ul de aram\u0103\u201d \u2013 o poezie plin\u0103 de culoare, sunet \u0219i mister, \u00een care un mic g\u00e2nd\u0103cel devine eroul unei aventuri \u00een natur\u0103. &hellip;<\/p>\n","protected":false},"author":28,"featured_media":119301,"comment_status":"open","ping_status":"open","sticky":false,"template":"","format":"standard","meta":{"inline_featured_image":false,"footnotes":""},"categories":[2038,4,2034,1,61,16344],"tags":[25399,25395],"class_list":["post-119300","post","type-post","status-publish","format-standard","has-post-thumbnail","hentry","category-cultura","category-eveniment","category-social","category-stiri-urbane","category-turism","category-urbea-mea","tag-carabusul-de-arama","tag-casa-memoriala-lucian-blaga-lancram-2"],"yoast_head":"<!-- This site is optimized with the Yoast SEO plugin v27.4 - https:\/\/yoast.com\/product\/yoast-seo-wordpress\/ -->\n<title>26 august, ora 11:00 &quot;C\u0103r\u0103bu\u0219ul de aram\u0103&quot;, poezie, scenete \u0219i muzic\u0103 pentru copii, la Casa Memorial\u0103 &quot;Lucian Blaga&quot; din Lancr\u0103m - Revista Urbea Mea - Revista de Alba<\/title>\n<meta name=\"description\" content=\"Mar\u021bi, 26 august 2025, ora 11.00, \u00eei invit\u0103m pe cei mici, \u00eentr-o lume de poveste, chiar \u00een locul unde s-a n\u0103scut \u0219i a copil\u0103rit marele nostru scriitor\" \/>\n<meta name=\"robots\" content=\"index, follow, max-snippet:-1, max-image-preview:large, max-video-preview:-1\" \/>\n<link rel=\"canonical\" href=\"https:\/\/urbeamea.ro\/albaiulia\/26-august-ora-1100-carabusul-de-arama-poezie-scenete-si-muzica-pentru-copii-la-casa-memoriala-lucian-blaga-din-lancram\/\" \/>\n<meta name=\"twitter:card\" content=\"summary_large_image\" \/>\n<meta name=\"twitter:title\" content=\"26 august, ora 11:00 &quot;C\u0103r\u0103bu\u0219ul de aram\u0103&quot;, poezie, scenete \u0219i muzic\u0103 pentru copii, la Casa Memorial\u0103 &quot;Lucian Blaga&quot; din Lancr\u0103m - Revista Urbea Mea - Revista de Alba\" \/>\n<meta name=\"twitter:description\" content=\"Mar\u021bi, 26 august 2025, ora 11.00, \u00eei invit\u0103m pe cei mici, \u00eentr-o lume de poveste, chiar \u00een locul unde s-a n\u0103scut \u0219i a copil\u0103rit marele nostru scriitor\" \/>\n<meta name=\"twitter:image\" content=\"https:\/\/urbeamea.ro\/albaiulia\/wp-content\/uploads\/2025\/08\/1000046721.jpg\" \/>\n<meta name=\"twitter:creator\" content=\"@urbeameaweb\" \/>\n<meta name=\"twitter:site\" content=\"@urbeameaweb\" \/>\n<script type=\"application\/ld+json\" class=\"yoast-schema-graph\">{\"@context\":\"https:\\\/\\\/schema.org\",\"@graph\":[{\"@type\":\"Article\",\"@id\":\"https:\\\/\\\/urbeamea.ro\\\/albaiulia\\\/26-august-ora-1100-carabusul-de-arama-poezie-scenete-si-muzica-pentru-copii-la-casa-memoriala-lucian-blaga-din-lancram\\\/#article\",\"isPartOf\":{\"@id\":\"https:\\\/\\\/urbeamea.ro\\\/albaiulia\\\/26-august-ora-1100-carabusul-de-arama-poezie-scenete-si-muzica-pentru-copii-la-casa-memoriala-lucian-blaga-din-lancram\\\/\"},\"author\":{\"name\":\"Giurca Sorin\",\"@id\":\"https:\\\/\\\/urbeamea.ro\\\/albaiulia\\\/#\\\/schema\\\/person\\\/5db3854ac38c1cc9f0ab4092d6a20f02\"},\"headline\":\"26 august, ora 11:00 &#8222;C\u0103r\u0103bu\u0219ul de aram\u0103&#8221;, poezie, scenete \u0219i muzic\u0103 pentru copii, la Casa Memorial\u0103 &#8222;Lucian Blaga&#8221; din Lancr\u0103m\",\"datePublished\":\"2025-08-25T16:57:57+00:00\",\"dateModified\":\"2025-08-25T16:57:59+00:00\",\"mainEntityOfPage\":{\"@id\":\"https:\\\/\\\/urbeamea.ro\\\/albaiulia\\\/26-august-ora-1100-carabusul-de-arama-poezie-scenete-si-muzica-pentru-copii-la-casa-memoriala-lucian-blaga-din-lancram\\\/\"},\"wordCount\":227,\"commentCount\":0,\"image\":{\"@id\":\"https:\\\/\\\/urbeamea.ro\\\/albaiulia\\\/26-august-ora-1100-carabusul-de-arama-poezie-scenete-si-muzica-pentru-copii-la-casa-memoriala-lucian-blaga-din-lancram\\\/#primaryimage\"},\"thumbnailUrl\":\"https:\\\/\\\/urbeamea.ro\\\/albaiulia\\\/wp-content\\\/uploads\\\/2025\\\/08\\\/1000046721.jpg\",\"keywords\":[\"C\u0103r\u0103bu\u0219ul de aram\u0103\",\"Casa Memorial\u0103 Lucian Blaga Lancr\u0103m\"],\"articleSection\":[\"Cultur\u0103\",\"Evenimente\",\"Social\",\"\u015etiri Urbane\",\"Turism \u0219i Ghidaj turistic\",\"Urbea Mea\"],\"inLanguage\":\"ro-RO\",\"potentialAction\":[{\"@type\":\"CommentAction\",\"name\":\"Comment\",\"target\":[\"https:\\\/\\\/urbeamea.ro\\\/albaiulia\\\/26-august-ora-1100-carabusul-de-arama-poezie-scenete-si-muzica-pentru-copii-la-casa-memoriala-lucian-blaga-din-lancram\\\/#respond\"]}]},{\"@type\":\"WebPage\",\"@id\":\"https:\\\/\\\/urbeamea.ro\\\/albaiulia\\\/26-august-ora-1100-carabusul-de-arama-poezie-scenete-si-muzica-pentru-copii-la-casa-memoriala-lucian-blaga-din-lancram\\\/\",\"url\":\"https:\\\/\\\/urbeamea.ro\\\/albaiulia\\\/26-august-ora-1100-carabusul-de-arama-poezie-scenete-si-muzica-pentru-copii-la-casa-memoriala-lucian-blaga-din-lancram\\\/\",\"name\":\"26 august, ora 11:00 \\\"C\u0103r\u0103bu\u0219ul de aram\u0103\\\", poezie, scenete \u0219i muzic\u0103 pentru copii, la Casa Memorial\u0103 \\\"Lucian Blaga\\\" din Lancr\u0103m - Revista Urbea Mea - Revista de Alba\",\"isPartOf\":{\"@id\":\"https:\\\/\\\/urbeamea.ro\\\/albaiulia\\\/#website\"},\"primaryImageOfPage\":{\"@id\":\"https:\\\/\\\/urbeamea.ro\\\/albaiulia\\\/26-august-ora-1100-carabusul-de-arama-poezie-scenete-si-muzica-pentru-copii-la-casa-memoriala-lucian-blaga-din-lancram\\\/#primaryimage\"},\"image\":{\"@id\":\"https:\\\/\\\/urbeamea.ro\\\/albaiulia\\\/26-august-ora-1100-carabusul-de-arama-poezie-scenete-si-muzica-pentru-copii-la-casa-memoriala-lucian-blaga-din-lancram\\\/#primaryimage\"},\"thumbnailUrl\":\"https:\\\/\\\/urbeamea.ro\\\/albaiulia\\\/wp-content\\\/uploads\\\/2025\\\/08\\\/1000046721.jpg\",\"datePublished\":\"2025-08-25T16:57:57+00:00\",\"dateModified\":\"2025-08-25T16:57:59+00:00\",\"author\":{\"@id\":\"https:\\\/\\\/urbeamea.ro\\\/albaiulia\\\/#\\\/schema\\\/person\\\/5db3854ac38c1cc9f0ab4092d6a20f02\"},\"description\":\"Mar\u021bi, 26 august 2025, ora 11.00, \u00eei invit\u0103m pe cei mici, \u00eentr-o lume de poveste, chiar \u00een locul unde s-a n\u0103scut \u0219i a copil\u0103rit marele nostru scriitor\",\"breadcrumb\":{\"@id\":\"https:\\\/\\\/urbeamea.ro\\\/albaiulia\\\/26-august-ora-1100-carabusul-de-arama-poezie-scenete-si-muzica-pentru-copii-la-casa-memoriala-lucian-blaga-din-lancram\\\/#breadcrumb\"},\"inLanguage\":\"ro-RO\",\"potentialAction\":[{\"@type\":\"ReadAction\",\"target\":[\"https:\\\/\\\/urbeamea.ro\\\/albaiulia\\\/26-august-ora-1100-carabusul-de-arama-poezie-scenete-si-muzica-pentru-copii-la-casa-memoriala-lucian-blaga-din-lancram\\\/\"]}]},{\"@type\":\"ImageObject\",\"inLanguage\":\"ro-RO\",\"@id\":\"https:\\\/\\\/urbeamea.ro\\\/albaiulia\\\/26-august-ora-1100-carabusul-de-arama-poezie-scenete-si-muzica-pentru-copii-la-casa-memoriala-lucian-blaga-din-lancram\\\/#primaryimage\",\"url\":\"https:\\\/\\\/urbeamea.ro\\\/albaiulia\\\/wp-content\\\/uploads\\\/2025\\\/08\\\/1000046721.jpg\",\"contentUrl\":\"https:\\\/\\\/urbeamea.ro\\\/albaiulia\\\/wp-content\\\/uploads\\\/2025\\\/08\\\/1000046721.jpg\",\"width\":1142,\"height\":1600},{\"@type\":\"BreadcrumbList\",\"@id\":\"https:\\\/\\\/urbeamea.ro\\\/albaiulia\\\/26-august-ora-1100-carabusul-de-arama-poezie-scenete-si-muzica-pentru-copii-la-casa-memoriala-lucian-blaga-din-lancram\\\/#breadcrumb\",\"itemListElement\":[{\"@type\":\"ListItem\",\"position\":1,\"name\":\"Prima pagin\u0103\",\"item\":\"https:\\\/\\\/urbeamea.ro\\\/albaiulia\\\/\"},{\"@type\":\"ListItem\",\"position\":2,\"name\":\"26 august, ora 11:00 &#8222;C\u0103r\u0103bu\u0219ul de aram\u0103&#8221;, poezie, scenete \u0219i muzic\u0103 pentru copii, la Casa Memorial\u0103 &#8222;Lucian Blaga&#8221; din Lancr\u0103m\"}]},{\"@type\":\"WebSite\",\"@id\":\"https:\\\/\\\/urbeamea.ro\\\/albaiulia\\\/#website\",\"url\":\"https:\\\/\\\/urbeamea.ro\\\/albaiulia\\\/\",\"name\":\"Revista Urbea Mea, Stiri urbane\",\"description\":\"Evenimente \u0219i \u0219tiri din Alba Iulia, Sebe\u0219, Aiud, Blaj\",\"potentialAction\":[{\"@type\":\"SearchAction\",\"target\":{\"@type\":\"EntryPoint\",\"urlTemplate\":\"https:\\\/\\\/urbeamea.ro\\\/albaiulia\\\/?s={search_term_string}\"},\"query-input\":{\"@type\":\"PropertyValueSpecification\",\"valueRequired\":true,\"valueName\":\"search_term_string\"}}],\"inLanguage\":\"ro-RO\"},{\"@type\":\"Person\",\"@id\":\"https:\\\/\\\/urbeamea.ro\\\/albaiulia\\\/#\\\/schema\\\/person\\\/5db3854ac38c1cc9f0ab4092d6a20f02\",\"name\":\"Giurca Sorin\",\"image\":{\"@type\":\"ImageObject\",\"inLanguage\":\"ro-RO\",\"@id\":\"https:\\\/\\\/secure.gravatar.com\\\/avatar\\\/120f6fcae7b3b47a7730cb9943f612f4909f68ac5284b5f40ac1c4615fd70576?s=96&d=mm&r=g\",\"url\":\"https:\\\/\\\/secure.gravatar.com\\\/avatar\\\/120f6fcae7b3b47a7730cb9943f612f4909f68ac5284b5f40ac1c4615fd70576?s=96&d=mm&r=g\",\"contentUrl\":\"https:\\\/\\\/secure.gravatar.com\\\/avatar\\\/120f6fcae7b3b47a7730cb9943f612f4909f68ac5284b5f40ac1c4615fd70576?s=96&d=mm&r=g\",\"caption\":\"Giurca Sorin\"},\"url\":\"https:\\\/\\\/urbeamea.ro\\\/albaiulia\\\/author\\\/sorin\\\/\"}]}<\/script>\n<!-- \/ Yoast SEO plugin. -->","yoast_head_json":{"title":"26 august, ora 11:00 \"C\u0103r\u0103bu\u0219ul de aram\u0103\", poezie, scenete \u0219i muzic\u0103 pentru copii, la Casa Memorial\u0103 \"Lucian Blaga\" din Lancr\u0103m - Revista Urbea Mea - Revista de Alba","description":"Mar\u021bi, 26 august 2025, ora 11.00, \u00eei invit\u0103m pe cei mici, \u00eentr-o lume de poveste, chiar \u00een locul unde s-a n\u0103scut \u0219i a copil\u0103rit marele nostru scriitor","robots":{"index":"index","follow":"follow","max-snippet":"max-snippet:-1","max-image-preview":"max-image-preview:large","max-video-preview":"max-video-preview:-1"},"canonical":"https:\/\/urbeamea.ro\/albaiulia\/26-august-ora-1100-carabusul-de-arama-poezie-scenete-si-muzica-pentru-copii-la-casa-memoriala-lucian-blaga-din-lancram\/","twitter_card":"summary_large_image","twitter_title":"26 august, ora 11:00 \"C\u0103r\u0103bu\u0219ul de aram\u0103\", poezie, scenete \u0219i muzic\u0103 pentru copii, la Casa Memorial\u0103 \"Lucian Blaga\" din Lancr\u0103m - Revista Urbea Mea - Revista de Alba","twitter_description":"Mar\u021bi, 26 august 2025, ora 11.00, \u00eei invit\u0103m pe cei mici, \u00eentr-o lume de poveste, chiar \u00een locul unde s-a n\u0103scut \u0219i a copil\u0103rit marele nostru scriitor","twitter_image":"https:\/\/urbeamea.ro\/albaiulia\/wp-content\/uploads\/2025\/08\/1000046721.jpg","twitter_creator":"@urbeameaweb","twitter_site":"@urbeameaweb","schema":{"@context":"https:\/\/schema.org","@graph":[{"@type":"Article","@id":"https:\/\/urbeamea.ro\/albaiulia\/26-august-ora-1100-carabusul-de-arama-poezie-scenete-si-muzica-pentru-copii-la-casa-memoriala-lucian-blaga-din-lancram\/#article","isPartOf":{"@id":"https:\/\/urbeamea.ro\/albaiulia\/26-august-ora-1100-carabusul-de-arama-poezie-scenete-si-muzica-pentru-copii-la-casa-memoriala-lucian-blaga-din-lancram\/"},"author":{"name":"Giurca Sorin","@id":"https:\/\/urbeamea.ro\/albaiulia\/#\/schema\/person\/5db3854ac38c1cc9f0ab4092d6a20f02"},"headline":"26 august, ora 11:00 &#8222;C\u0103r\u0103bu\u0219ul de aram\u0103&#8221;, poezie, scenete \u0219i muzic\u0103 pentru copii, la Casa Memorial\u0103 &#8222;Lucian Blaga&#8221; din Lancr\u0103m","datePublished":"2025-08-25T16:57:57+00:00","dateModified":"2025-08-25T16:57:59+00:00","mainEntityOfPage":{"@id":"https:\/\/urbeamea.ro\/albaiulia\/26-august-ora-1100-carabusul-de-arama-poezie-scenete-si-muzica-pentru-copii-la-casa-memoriala-lucian-blaga-din-lancram\/"},"wordCount":227,"commentCount":0,"image":{"@id":"https:\/\/urbeamea.ro\/albaiulia\/26-august-ora-1100-carabusul-de-arama-poezie-scenete-si-muzica-pentru-copii-la-casa-memoriala-lucian-blaga-din-lancram\/#primaryimage"},"thumbnailUrl":"https:\/\/urbeamea.ro\/albaiulia\/wp-content\/uploads\/2025\/08\/1000046721.jpg","keywords":["C\u0103r\u0103bu\u0219ul de aram\u0103","Casa Memorial\u0103 Lucian Blaga Lancr\u0103m"],"articleSection":["Cultur\u0103","Evenimente","Social","\u015etiri Urbane","Turism \u0219i Ghidaj turistic","Urbea Mea"],"inLanguage":"ro-RO","potentialAction":[{"@type":"CommentAction","name":"Comment","target":["https:\/\/urbeamea.ro\/albaiulia\/26-august-ora-1100-carabusul-de-arama-poezie-scenete-si-muzica-pentru-copii-la-casa-memoriala-lucian-blaga-din-lancram\/#respond"]}]},{"@type":"WebPage","@id":"https:\/\/urbeamea.ro\/albaiulia\/26-august-ora-1100-carabusul-de-arama-poezie-scenete-si-muzica-pentru-copii-la-casa-memoriala-lucian-blaga-din-lancram\/","url":"https:\/\/urbeamea.ro\/albaiulia\/26-august-ora-1100-carabusul-de-arama-poezie-scenete-si-muzica-pentru-copii-la-casa-memoriala-lucian-blaga-din-lancram\/","name":"26 august, ora 11:00 \"C\u0103r\u0103bu\u0219ul de aram\u0103\", poezie, scenete \u0219i muzic\u0103 pentru copii, la Casa Memorial\u0103 \"Lucian Blaga\" din Lancr\u0103m - Revista Urbea Mea - Revista de Alba","isPartOf":{"@id":"https:\/\/urbeamea.ro\/albaiulia\/#website"},"primaryImageOfPage":{"@id":"https:\/\/urbeamea.ro\/albaiulia\/26-august-ora-1100-carabusul-de-arama-poezie-scenete-si-muzica-pentru-copii-la-casa-memoriala-lucian-blaga-din-lancram\/#primaryimage"},"image":{"@id":"https:\/\/urbeamea.ro\/albaiulia\/26-august-ora-1100-carabusul-de-arama-poezie-scenete-si-muzica-pentru-copii-la-casa-memoriala-lucian-blaga-din-lancram\/#primaryimage"},"thumbnailUrl":"https:\/\/urbeamea.ro\/albaiulia\/wp-content\/uploads\/2025\/08\/1000046721.jpg","datePublished":"2025-08-25T16:57:57+00:00","dateModified":"2025-08-25T16:57:59+00:00","author":{"@id":"https:\/\/urbeamea.ro\/albaiulia\/#\/schema\/person\/5db3854ac38c1cc9f0ab4092d6a20f02"},"description":"Mar\u021bi, 26 august 2025, ora 11.00, \u00eei invit\u0103m pe cei mici, \u00eentr-o lume de poveste, chiar \u00een locul unde s-a n\u0103scut \u0219i a copil\u0103rit marele nostru scriitor","breadcrumb":{"@id":"https:\/\/urbeamea.ro\/albaiulia\/26-august-ora-1100-carabusul-de-arama-poezie-scenete-si-muzica-pentru-copii-la-casa-memoriala-lucian-blaga-din-lancram\/#breadcrumb"},"inLanguage":"ro-RO","potentialAction":[{"@type":"ReadAction","target":["https:\/\/urbeamea.ro\/albaiulia\/26-august-ora-1100-carabusul-de-arama-poezie-scenete-si-muzica-pentru-copii-la-casa-memoriala-lucian-blaga-din-lancram\/"]}]},{"@type":"ImageObject","inLanguage":"ro-RO","@id":"https:\/\/urbeamea.ro\/albaiulia\/26-august-ora-1100-carabusul-de-arama-poezie-scenete-si-muzica-pentru-copii-la-casa-memoriala-lucian-blaga-din-lancram\/#primaryimage","url":"https:\/\/urbeamea.ro\/albaiulia\/wp-content\/uploads\/2025\/08\/1000046721.jpg","contentUrl":"https:\/\/urbeamea.ro\/albaiulia\/wp-content\/uploads\/2025\/08\/1000046721.jpg","width":1142,"height":1600},{"@type":"BreadcrumbList","@id":"https:\/\/urbeamea.ro\/albaiulia\/26-august-ora-1100-carabusul-de-arama-poezie-scenete-si-muzica-pentru-copii-la-casa-memoriala-lucian-blaga-din-lancram\/#breadcrumb","itemListElement":[{"@type":"ListItem","position":1,"name":"Prima pagin\u0103","item":"https:\/\/urbeamea.ro\/albaiulia\/"},{"@type":"ListItem","position":2,"name":"26 august, ora 11:00 &#8222;C\u0103r\u0103bu\u0219ul de aram\u0103&#8221;, poezie, scenete \u0219i muzic\u0103 pentru copii, la Casa Memorial\u0103 &#8222;Lucian Blaga&#8221; din Lancr\u0103m"}]},{"@type":"WebSite","@id":"https:\/\/urbeamea.ro\/albaiulia\/#website","url":"https:\/\/urbeamea.ro\/albaiulia\/","name":"Revista Urbea Mea, Stiri urbane","description":"Evenimente \u0219i \u0219tiri din Alba Iulia, Sebe\u0219, Aiud, Blaj","potentialAction":[{"@type":"SearchAction","target":{"@type":"EntryPoint","urlTemplate":"https:\/\/urbeamea.ro\/albaiulia\/?s={search_term_string}"},"query-input":{"@type":"PropertyValueSpecification","valueRequired":true,"valueName":"search_term_string"}}],"inLanguage":"ro-RO"},{"@type":"Person","@id":"https:\/\/urbeamea.ro\/albaiulia\/#\/schema\/person\/5db3854ac38c1cc9f0ab4092d6a20f02","name":"Giurca Sorin","image":{"@type":"ImageObject","inLanguage":"ro-RO","@id":"https:\/\/secure.gravatar.com\/avatar\/120f6fcae7b3b47a7730cb9943f612f4909f68ac5284b5f40ac1c4615fd70576?s=96&d=mm&r=g","url":"https:\/\/secure.gravatar.com\/avatar\/120f6fcae7b3b47a7730cb9943f612f4909f68ac5284b5f40ac1c4615fd70576?s=96&d=mm&r=g","contentUrl":"https:\/\/secure.gravatar.com\/avatar\/120f6fcae7b3b47a7730cb9943f612f4909f68ac5284b5f40ac1c4615fd70576?s=96&d=mm&r=g","caption":"Giurca Sorin"},"url":"https:\/\/urbeamea.ro\/albaiulia\/author\/sorin\/"}]}},"_links":{"self":[{"href":"https:\/\/urbeamea.ro\/albaiulia\/wp-json\/wp\/v2\/posts\/119300","targetHints":{"allow":["GET"]}}],"collection":[{"href":"https:\/\/urbeamea.ro\/albaiulia\/wp-json\/wp\/v2\/posts"}],"about":[{"href":"https:\/\/urbeamea.ro\/albaiulia\/wp-json\/wp\/v2\/types\/post"}],"author":[{"embeddable":true,"href":"https:\/\/urbeamea.ro\/albaiulia\/wp-json\/wp\/v2\/users\/28"}],"replies":[{"embeddable":true,"href":"https:\/\/urbeamea.ro\/albaiulia\/wp-json\/wp\/v2\/comments?post=119300"}],"version-history":[{"count":1,"href":"https:\/\/urbeamea.ro\/albaiulia\/wp-json\/wp\/v2\/posts\/119300\/revisions"}],"predecessor-version":[{"id":119302,"href":"https:\/\/urbeamea.ro\/albaiulia\/wp-json\/wp\/v2\/posts\/119300\/revisions\/119302"}],"wp:featuredmedia":[{"embeddable":true,"href":"https:\/\/urbeamea.ro\/albaiulia\/wp-json\/wp\/v2\/media\/119301"}],"wp:attachment":[{"href":"https:\/\/urbeamea.ro\/albaiulia\/wp-json\/wp\/v2\/media?parent=119300"}],"wp:term":[{"taxonomy":"category","embeddable":true,"href":"https:\/\/urbeamea.ro\/albaiulia\/wp-json\/wp\/v2\/categories?post=119300"},{"taxonomy":"post_tag","embeddable":true,"href":"https:\/\/urbeamea.ro\/albaiulia\/wp-json\/wp\/v2\/tags?post=119300"}],"curies":[{"name":"wp","href":"https:\/\/api.w.org\/{rel}","templated":true}]}}