{"id":119310,"date":"2025-08-26T16:13:53","date_gmt":"2025-08-26T13:13:53","guid":{"rendered":"https:\/\/urbeamea.ro\/albaiulia\/?p=119310"},"modified":"2025-08-26T16:13:55","modified_gmt":"2025-08-26T13:13:55","slug":"burse-oferite-din-fundatia-arhiepiscopul-irineu-pop-in-anul-scolar-universitar-2025-2026","status":"publish","type":"post","link":"https:\/\/urbeamea.ro\/albaiulia\/burse-oferite-din-fundatia-arhiepiscopul-irineu-pop-in-anul-scolar-universitar-2025-2026\/","title":{"rendered":"Burse oferite din Funda\u021bia &#8221; Arhiepiscopul Irineu Pop&#8221;, \u00een anul \u0219colar\/universitar 2025-2026"},"content":{"rendered":"\n<p><strong>\u00cenaltpreasfin\u021bitul P\u0103rinte Arhiepiscop Irineu a \u00eenfiin\u021bat \u00een anul 2018 funda\u021bia care-i poart\u0103 numele, dorind ca din economiile personale s\u0103 ofere \ud835\udfee\ud835\udff1 \ud835\uddef\ud835\ude02\ud835\uddff\ud835\ude00\ud835\uddf2 \ud835\uddfd\ud835\uddf2 \ud835\uddee\ud835\uddfb \ud835\uddf2\ud835\uddf9\ud835\uddf2\ud835\ude03\ud835\uddf6\ud835\uddf9\ud835\uddfc\ud835\uddff, \ud835\ude00\ud835\ude01\ud835\ude02\ud835\uddf1\ud835\uddf2\ud835\uddfb\ud835\ude01\ud835\uddf6\ud835\uddf9\ud835\uddfc\ud835\uddff, \ud835\uddfa\ud835\uddee\ud835\ude00\ud835\ude01\ud835\uddf2\ud835\uddff\ud835\uddee\ud835\uddfb\ud835\ude07\ud835\uddf6\ud835\uddf9\ud835\uddfc\ud835\uddff \ud835\ude00\ud835\uddf6 \ud835\uddf1\ud835\uddfc\ud835\uddf0\ud835\ude01\ud835\uddfc\ud835\uddff\ud835\uddee\ud835\uddfb\ud835\ude07\ud835\uddf6\ud835\uddf9\ud835\uddfc\ud835\uddff, eminen\u021bi \u0219i morali, care sunt lipsi\u021bi de posibilit\u0103\u021bi materiale.<\/strong><\/p>\n\n\n\n<p> Funda\u021bia \u201eArhiepiscopul Irineu Pop\u201d acord\u0103 burse pentru elevi, \u00een valoare de 500 lei pe lun\u0103; burse pentru studen\u021bi, \u00een valoare de 600 lei pe lun\u0103; burse de cercetare pentru masteranzi, \u00een valoare de 600 lei pe lun\u0103; \u0219i burse de cercetare pentru doctoranzi \u00een valoare de 700 lei pe lun\u0103. <\/p>\n\n\n\n<p>Bursele pentru elevi, studen\u021bi \u0219i masteranzi se acord\u0103 pe o perioad\u0103 de 9 luni, iar bursa pentru doctoranzi pe o perioad\u0103 de 12 luni.Prin urmare, s-a deschis o \ud835\ude00\ud835\uddf2\ud835\ude00\ud835\uddf6\ud835\ude02\ud835\uddfb\ud835\uddf2 \ud835\uddf1\ud835\uddf2 \ud835\uddf1\ud835\uddf2\ud835\uddfd\ud835\ude02\ud835\uddfb\ud835\uddf2\ud835\uddff\ud835\uddf2 \ud835\uddee \ud835\uddf1\ud835\uddfc\ud835\ude00\ud835\uddee\ud835\uddff\ud835\uddf2\ud835\uddf9\ud835\uddfc\ud835\uddff \ud835\uddfd\ud835\uddf2\ud835\uddfb\ud835\ude01\ud835\uddff\ud835\ude02 \ud835\uddf0\ud835\uddfc\ud835\uddfb\ud835\uddf0\ud835\ude02\ud835\uddff\ud835\ude00, \ud835\uddf6\ud835\uddfb \ud835\uddfd\ud835\uddf2\ud835\uddff\ud835\uddf6\ud835\uddfc\ud835\uddee\ud835\uddf1\ud835\uddee \ud835\udfee\ud835\udff1 \ud835\uddee\ud835\ude02\ud835\uddf4\ud835\ude02\ud835\ude00\ud835\ude01 &#8211; \ud835\udfef\ud835\udfec \ud835\ude00\ud835\uddf2\ud835\uddfd\ud835\ude01\ud835\uddf2\ud835\uddfa\ud835\uddef\ud835\uddff\ud835\uddf6\ud835\uddf2 \ud835\udfee\ud835\udfec\ud835\udfee\ud835\udff1. <\/p>\n\n\n\n<p>Dosarele vor putea fi trimise prin po\u0219t\u0103 sau depuse direct la Secretariatul Arhiepiscopiei Ortodoxe a Alba Iuliei cu sediul pe strada Mihai Viteazul, nr. 16. <\/p>\n\n\n\n<p>Condi\u021biile de participare, fi\u0219a-tip a aplicantului, precum \u0219i actele necesare pentru \u00eentocmirea dosarului se g\u0103sesc \u00een Regulamentul de burse aprobat de Colegiul Director al Funda\u021biei \u0219i publicat pe site-ul www.reintregirea.ro, la sec\u021biunea Centrul eparhial\/Asocia\u021bii \u0219i funda\u021bii\/Funda\u021bia \u201eArhiepiscopul Irineu Pop\u201d. Informa\u021bii suplimentare \u0219i l\u0103muriri pot fi ob\u021binute la num\u0103rul de telefon 0258.811.690.<\/p>\n\n\n\n<figure class=\"wp-block-image size-full\"><img loading=\"lazy\" decoding=\"async\" width=\"872\" height=\"872\" src=\"https:\/\/urbeamea.ro\/albaiulia\/wp-content\/uploads\/2025\/08\/1000046970.jpg\" alt=\"\" class=\"wp-image-119311\" srcset=\"https:\/\/urbeamea.ro\/albaiulia\/wp-content\/uploads\/2025\/08\/1000046970.jpg 872w, https:\/\/urbeamea.ro\/albaiulia\/wp-content\/uploads\/2025\/08\/1000046970-640x640.jpg 640w, https:\/\/urbeamea.ro\/albaiulia\/wp-content\/uploads\/2025\/08\/1000046970-150x150.jpg 150w, https:\/\/urbeamea.ro\/albaiulia\/wp-content\/uploads\/2025\/08\/1000046970-768x768.jpg 768w\" sizes=\"auto, (max-width: 872px) 100vw, 872px\" \/><\/figure>\n","protected":false},"excerpt":{"rendered":"<p>\u00cenaltpreasfin\u021bitul P\u0103rinte Arhiepiscop Irineu a \u00eenfiin\u021bat \u00een anul 2018 funda\u021bia care-i poart\u0103 numele, dorind ca din economiile personale s\u0103 ofere \ud835\udfee\ud835\udff1 \ud835\uddef\ud835\ude02\ud835\uddff\ud835\ude00\ud835\uddf2 \ud835\uddfd\ud835\uddf2 \ud835\uddee\ud835\uddfb \ud835\uddf2\ud835\uddf9\ud835\uddf2\ud835\ude03\ud835\uddf6\ud835\uddf9\ud835\uddfc\ud835\uddff, \ud835\ude00\ud835\ude01\ud835\ude02\ud835\uddf1\ud835\uddf2\ud835\uddfb\ud835\ude01\ud835\uddf6\ud835\uddf9\ud835\uddfc\ud835\uddff, \ud835\uddfa\ud835\uddee\ud835\ude00\ud835\ude01\ud835\uddf2\ud835\uddff\ud835\uddee\ud835\uddfb\ud835\ude07\ud835\uddf6\ud835\uddf9\ud835\uddfc\ud835\uddff \ud835\ude00\ud835\uddf6 \ud835\uddf1\ud835\uddfc\ud835\uddf0\ud835\ude01\ud835\uddfc\ud835\uddff\ud835\uddee\ud835\uddfb\ud835\ude07\ud835\uddf6\ud835\uddf9\ud835\uddfc\ud835\uddff, eminen\u021bi \u0219i morali, care sunt lipsi\u021bi de posibilit\u0103\u021bi materiale. Funda\u021bia \u201eArhiepiscopul Irineu Pop\u201d acord\u0103 burse pentru elevi, \u00een valoare de 500 lei pe lun\u0103; burse pentru &hellip;<\/p>\n","protected":false},"author":28,"featured_media":119311,"comment_status":"open","ping_status":"open","sticky":false,"template":"","format":"standard","meta":{"inline_featured_image":false,"footnotes":""},"categories":[2039,2034,1,16344],"tags":[12222,25400],"class_list":["post-119310","post","type-post","status-publish","format-standard","has-post-thumbnail","hentry","category-educatie","category-social","category-stiri-urbane","category-urbea-mea","tag-burse-pentru-elevi","tag-fundatia-arhiepiscopul-irineu-pop"],"yoast_head":"<!-- This site is optimized with the Yoast SEO plugin v27.4 - https:\/\/yoast.com\/product\/yoast-seo-wordpress\/ -->\n<title>Burse oferite din Funda\u021bia &quot; Arhiepiscopul Irineu Pop&quot;, \u00een anul \u0219colar\/universitar 2025-2026 - Revista Urbea Mea - Revista de Alba<\/title>\n<meta name=\"description\" content=\"\u00cenaltpreasfin\u021bitul P\u0103rinte Arhiepiscop Irineu a \u00eenfiin\u021bat \u00een anul 2018 funda\u021bia care-i poart\u0103 numele, dorind ca din economiile personale s\u0103 ofere \ud835\udfee\ud835\udff1 \ud835\uddef\ud835\ude02\ud835\uddff\ud835\ude00\ud835\uddf2\" \/>\n<meta name=\"robots\" content=\"index, follow, max-snippet:-1, max-image-preview:large, max-video-preview:-1\" \/>\n<link rel=\"canonical\" href=\"https:\/\/urbeamea.ro\/albaiulia\/burse-oferite-din-fundatia-arhiepiscopul-irineu-pop-in-anul-scolar-universitar-2025-2026\/\" \/>\n<meta name=\"twitter:card\" content=\"summary_large_image\" \/>\n<meta name=\"twitter:title\" content=\"Burse oferite din Funda\u021bia &quot; Arhiepiscopul Irineu Pop&quot;, \u00een anul \u0219colar\/universitar 2025-2026 - Revista Urbea Mea - Revista de Alba\" \/>\n<meta name=\"twitter:description\" content=\"\u00cenaltpreasfin\u021bitul P\u0103rinte Arhiepiscop Irineu a \u00eenfiin\u021bat \u00een anul 2018 funda\u021bia care-i poart\u0103 numele, dorind ca din economiile personale s\u0103 ofere \ud835\udfee\ud835\udff1 \ud835\uddef\ud835\ude02\ud835\uddff\ud835\ude00\ud835\uddf2\" \/>\n<meta name=\"twitter:image\" content=\"https:\/\/urbeamea.ro\/albaiulia\/wp-content\/uploads\/2025\/08\/1000046970.jpg\" \/>\n<meta name=\"twitter:creator\" content=\"@urbeameaweb\" \/>\n<meta name=\"twitter:site\" content=\"@urbeameaweb\" \/>\n<script type=\"application\/ld+json\" class=\"yoast-schema-graph\">{\"@context\":\"https:\\\/\\\/schema.org\",\"@graph\":[{\"@type\":\"Article\",\"@id\":\"https:\\\/\\\/urbeamea.ro\\\/albaiulia\\\/burse-oferite-din-fundatia-arhiepiscopul-irineu-pop-in-anul-scolar-universitar-2025-2026\\\/#article\",\"isPartOf\":{\"@id\":\"https:\\\/\\\/urbeamea.ro\\\/albaiulia\\\/burse-oferite-din-fundatia-arhiepiscopul-irineu-pop-in-anul-scolar-universitar-2025-2026\\\/\"},\"author\":{\"name\":\"Giurca Sorin\",\"@id\":\"https:\\\/\\\/urbeamea.ro\\\/albaiulia\\\/#\\\/schema\\\/person\\\/5db3854ac38c1cc9f0ab4092d6a20f02\"},\"headline\":\"Burse oferite din Funda\u021bia &#8221; Arhiepiscopul Irineu Pop&#8221;, \u00een anul \u0219colar\\\/universitar 2025-2026\",\"datePublished\":\"2025-08-26T13:13:53+00:00\",\"dateModified\":\"2025-08-26T13:13:55+00:00\",\"mainEntityOfPage\":{\"@id\":\"https:\\\/\\\/urbeamea.ro\\\/albaiulia\\\/burse-oferite-din-fundatia-arhiepiscopul-irineu-pop-in-anul-scolar-universitar-2025-2026\\\/\"},\"wordCount\":216,\"commentCount\":0,\"image\":{\"@id\":\"https:\\\/\\\/urbeamea.ro\\\/albaiulia\\\/burse-oferite-din-fundatia-arhiepiscopul-irineu-pop-in-anul-scolar-universitar-2025-2026\\\/#primaryimage\"},\"thumbnailUrl\":\"https:\\\/\\\/urbeamea.ro\\\/albaiulia\\\/wp-content\\\/uploads\\\/2025\\\/08\\\/1000046970.jpg\",\"keywords\":[\"burse pentru elevi\",\"Funda\u021bia Arhiepiscopul Irineu Pop\"],\"articleSection\":[\"Educa\u021bie\",\"Social\",\"\u015etiri Urbane\",\"Urbea Mea\"],\"inLanguage\":\"ro-RO\",\"potentialAction\":[{\"@type\":\"CommentAction\",\"name\":\"Comment\",\"target\":[\"https:\\\/\\\/urbeamea.ro\\\/albaiulia\\\/burse-oferite-din-fundatia-arhiepiscopul-irineu-pop-in-anul-scolar-universitar-2025-2026\\\/#respond\"]}]},{\"@type\":\"WebPage\",\"@id\":\"https:\\\/\\\/urbeamea.ro\\\/albaiulia\\\/burse-oferite-din-fundatia-arhiepiscopul-irineu-pop-in-anul-scolar-universitar-2025-2026\\\/\",\"url\":\"https:\\\/\\\/urbeamea.ro\\\/albaiulia\\\/burse-oferite-din-fundatia-arhiepiscopul-irineu-pop-in-anul-scolar-universitar-2025-2026\\\/\",\"name\":\"Burse oferite din Funda\u021bia \\\" Arhiepiscopul Irineu Pop\\\", \u00een anul \u0219colar\\\/universitar 2025-2026 - Revista Urbea Mea - Revista de Alba\",\"isPartOf\":{\"@id\":\"https:\\\/\\\/urbeamea.ro\\\/albaiulia\\\/#website\"},\"primaryImageOfPage\":{\"@id\":\"https:\\\/\\\/urbeamea.ro\\\/albaiulia\\\/burse-oferite-din-fundatia-arhiepiscopul-irineu-pop-in-anul-scolar-universitar-2025-2026\\\/#primaryimage\"},\"image\":{\"@id\":\"https:\\\/\\\/urbeamea.ro\\\/albaiulia\\\/burse-oferite-din-fundatia-arhiepiscopul-irineu-pop-in-anul-scolar-universitar-2025-2026\\\/#primaryimage\"},\"thumbnailUrl\":\"https:\\\/\\\/urbeamea.ro\\\/albaiulia\\\/wp-content\\\/uploads\\\/2025\\\/08\\\/1000046970.jpg\",\"datePublished\":\"2025-08-26T13:13:53+00:00\",\"dateModified\":\"2025-08-26T13:13:55+00:00\",\"author\":{\"@id\":\"https:\\\/\\\/urbeamea.ro\\\/albaiulia\\\/#\\\/schema\\\/person\\\/5db3854ac38c1cc9f0ab4092d6a20f02\"},\"description\":\"\u00cenaltpreasfin\u021bitul P\u0103rinte Arhiepiscop Irineu a \u00eenfiin\u021bat \u00een anul 2018 funda\u021bia care-i poart\u0103 numele, dorind ca din economiile personale s\u0103 ofere \ud835\udfee\ud835\udff1 \ud835\uddef\ud835\ude02\ud835\uddff\ud835\ude00\ud835\uddf2\",\"breadcrumb\":{\"@id\":\"https:\\\/\\\/urbeamea.ro\\\/albaiulia\\\/burse-oferite-din-fundatia-arhiepiscopul-irineu-pop-in-anul-scolar-universitar-2025-2026\\\/#breadcrumb\"},\"inLanguage\":\"ro-RO\",\"potentialAction\":[{\"@type\":\"ReadAction\",\"target\":[\"https:\\\/\\\/urbeamea.ro\\\/albaiulia\\\/burse-oferite-din-fundatia-arhiepiscopul-irineu-pop-in-anul-scolar-universitar-2025-2026\\\/\"]}]},{\"@type\":\"ImageObject\",\"inLanguage\":\"ro-RO\",\"@id\":\"https:\\\/\\\/urbeamea.ro\\\/albaiulia\\\/burse-oferite-din-fundatia-arhiepiscopul-irineu-pop-in-anul-scolar-universitar-2025-2026\\\/#primaryimage\",\"url\":\"https:\\\/\\\/urbeamea.ro\\\/albaiulia\\\/wp-content\\\/uploads\\\/2025\\\/08\\\/1000046970.jpg\",\"contentUrl\":\"https:\\\/\\\/urbeamea.ro\\\/albaiulia\\\/wp-content\\\/uploads\\\/2025\\\/08\\\/1000046970.jpg\",\"width\":872,\"height\":872},{\"@type\":\"BreadcrumbList\",\"@id\":\"https:\\\/\\\/urbeamea.ro\\\/albaiulia\\\/burse-oferite-din-fundatia-arhiepiscopul-irineu-pop-in-anul-scolar-universitar-2025-2026\\\/#breadcrumb\",\"itemListElement\":[{\"@type\":\"ListItem\",\"position\":1,\"name\":\"Prima pagin\u0103\",\"item\":\"https:\\\/\\\/urbeamea.ro\\\/albaiulia\\\/\"},{\"@type\":\"ListItem\",\"position\":2,\"name\":\"Burse oferite din Funda\u021bia &#8221; Arhiepiscopul Irineu Pop&#8221;, \u00een anul \u0219colar\\\/universitar 2025-2026\"}]},{\"@type\":\"WebSite\",\"@id\":\"https:\\\/\\\/urbeamea.ro\\\/albaiulia\\\/#website\",\"url\":\"https:\\\/\\\/urbeamea.ro\\\/albaiulia\\\/\",\"name\":\"Revista Urbea Mea, Stiri urbane\",\"description\":\"Evenimente \u0219i \u0219tiri din Alba Iulia, Sebe\u0219, Aiud, Blaj\",\"potentialAction\":[{\"@type\":\"SearchAction\",\"target\":{\"@type\":\"EntryPoint\",\"urlTemplate\":\"https:\\\/\\\/urbeamea.ro\\\/albaiulia\\\/?s={search_term_string}\"},\"query-input\":{\"@type\":\"PropertyValueSpecification\",\"valueRequired\":true,\"valueName\":\"search_term_string\"}}],\"inLanguage\":\"ro-RO\"},{\"@type\":\"Person\",\"@id\":\"https:\\\/\\\/urbeamea.ro\\\/albaiulia\\\/#\\\/schema\\\/person\\\/5db3854ac38c1cc9f0ab4092d6a20f02\",\"name\":\"Giurca Sorin\",\"image\":{\"@type\":\"ImageObject\",\"inLanguage\":\"ro-RO\",\"@id\":\"https:\\\/\\\/secure.gravatar.com\\\/avatar\\\/120f6fcae7b3b47a7730cb9943f612f4909f68ac5284b5f40ac1c4615fd70576?s=96&d=mm&r=g\",\"url\":\"https:\\\/\\\/secure.gravatar.com\\\/avatar\\\/120f6fcae7b3b47a7730cb9943f612f4909f68ac5284b5f40ac1c4615fd70576?s=96&d=mm&r=g\",\"contentUrl\":\"https:\\\/\\\/secure.gravatar.com\\\/avatar\\\/120f6fcae7b3b47a7730cb9943f612f4909f68ac5284b5f40ac1c4615fd70576?s=96&d=mm&r=g\",\"caption\":\"Giurca Sorin\"},\"url\":\"https:\\\/\\\/urbeamea.ro\\\/albaiulia\\\/author\\\/sorin\\\/\"}]}<\/script>\n<!-- \/ Yoast SEO plugin. -->","yoast_head_json":{"title":"Burse oferite din Funda\u021bia \" Arhiepiscopul Irineu Pop\", \u00een anul \u0219colar\/universitar 2025-2026 - Revista Urbea Mea - Revista de Alba","description":"\u00cenaltpreasfin\u021bitul P\u0103rinte Arhiepiscop Irineu a \u00eenfiin\u021bat \u00een anul 2018 funda\u021bia care-i poart\u0103 numele, dorind ca din economiile personale s\u0103 ofere \ud835\udfee\ud835\udff1 \ud835\uddef\ud835\ude02\ud835\uddff\ud835\ude00\ud835\uddf2","robots":{"index":"index","follow":"follow","max-snippet":"max-snippet:-1","max-image-preview":"max-image-preview:large","max-video-preview":"max-video-preview:-1"},"canonical":"https:\/\/urbeamea.ro\/albaiulia\/burse-oferite-din-fundatia-arhiepiscopul-irineu-pop-in-anul-scolar-universitar-2025-2026\/","twitter_card":"summary_large_image","twitter_title":"Burse oferite din Funda\u021bia \" Arhiepiscopul Irineu Pop\", \u00een anul \u0219colar\/universitar 2025-2026 - Revista Urbea Mea - Revista de Alba","twitter_description":"\u00cenaltpreasfin\u021bitul P\u0103rinte Arhiepiscop Irineu a \u00eenfiin\u021bat \u00een anul 2018 funda\u021bia care-i poart\u0103 numele, dorind ca din economiile personale s\u0103 ofere \ud835\udfee\ud835\udff1 \ud835\uddef\ud835\ude02\ud835\uddff\ud835\ude00\ud835\uddf2","twitter_image":"https:\/\/urbeamea.ro\/albaiulia\/wp-content\/uploads\/2025\/08\/1000046970.jpg","twitter_creator":"@urbeameaweb","twitter_site":"@urbeameaweb","schema":{"@context":"https:\/\/schema.org","@graph":[{"@type":"Article","@id":"https:\/\/urbeamea.ro\/albaiulia\/burse-oferite-din-fundatia-arhiepiscopul-irineu-pop-in-anul-scolar-universitar-2025-2026\/#article","isPartOf":{"@id":"https:\/\/urbeamea.ro\/albaiulia\/burse-oferite-din-fundatia-arhiepiscopul-irineu-pop-in-anul-scolar-universitar-2025-2026\/"},"author":{"name":"Giurca Sorin","@id":"https:\/\/urbeamea.ro\/albaiulia\/#\/schema\/person\/5db3854ac38c1cc9f0ab4092d6a20f02"},"headline":"Burse oferite din Funda\u021bia &#8221; Arhiepiscopul Irineu Pop&#8221;, \u00een anul \u0219colar\/universitar 2025-2026","datePublished":"2025-08-26T13:13:53+00:00","dateModified":"2025-08-26T13:13:55+00:00","mainEntityOfPage":{"@id":"https:\/\/urbeamea.ro\/albaiulia\/burse-oferite-din-fundatia-arhiepiscopul-irineu-pop-in-anul-scolar-universitar-2025-2026\/"},"wordCount":216,"commentCount":0,"image":{"@id":"https:\/\/urbeamea.ro\/albaiulia\/burse-oferite-din-fundatia-arhiepiscopul-irineu-pop-in-anul-scolar-universitar-2025-2026\/#primaryimage"},"thumbnailUrl":"https:\/\/urbeamea.ro\/albaiulia\/wp-content\/uploads\/2025\/08\/1000046970.jpg","keywords":["burse pentru elevi","Funda\u021bia Arhiepiscopul Irineu Pop"],"articleSection":["Educa\u021bie","Social","\u015etiri Urbane","Urbea Mea"],"inLanguage":"ro-RO","potentialAction":[{"@type":"CommentAction","name":"Comment","target":["https:\/\/urbeamea.ro\/albaiulia\/burse-oferite-din-fundatia-arhiepiscopul-irineu-pop-in-anul-scolar-universitar-2025-2026\/#respond"]}]},{"@type":"WebPage","@id":"https:\/\/urbeamea.ro\/albaiulia\/burse-oferite-din-fundatia-arhiepiscopul-irineu-pop-in-anul-scolar-universitar-2025-2026\/","url":"https:\/\/urbeamea.ro\/albaiulia\/burse-oferite-din-fundatia-arhiepiscopul-irineu-pop-in-anul-scolar-universitar-2025-2026\/","name":"Burse oferite din Funda\u021bia \" Arhiepiscopul Irineu Pop\", \u00een anul \u0219colar\/universitar 2025-2026 - Revista Urbea Mea - Revista de Alba","isPartOf":{"@id":"https:\/\/urbeamea.ro\/albaiulia\/#website"},"primaryImageOfPage":{"@id":"https:\/\/urbeamea.ro\/albaiulia\/burse-oferite-din-fundatia-arhiepiscopul-irineu-pop-in-anul-scolar-universitar-2025-2026\/#primaryimage"},"image":{"@id":"https:\/\/urbeamea.ro\/albaiulia\/burse-oferite-din-fundatia-arhiepiscopul-irineu-pop-in-anul-scolar-universitar-2025-2026\/#primaryimage"},"thumbnailUrl":"https:\/\/urbeamea.ro\/albaiulia\/wp-content\/uploads\/2025\/08\/1000046970.jpg","datePublished":"2025-08-26T13:13:53+00:00","dateModified":"2025-08-26T13:13:55+00:00","author":{"@id":"https:\/\/urbeamea.ro\/albaiulia\/#\/schema\/person\/5db3854ac38c1cc9f0ab4092d6a20f02"},"description":"\u00cenaltpreasfin\u021bitul P\u0103rinte Arhiepiscop Irineu a \u00eenfiin\u021bat \u00een anul 2018 funda\u021bia care-i poart\u0103 numele, dorind ca din economiile personale s\u0103 ofere \ud835\udfee\ud835\udff1 \ud835\uddef\ud835\ude02\ud835\uddff\ud835\ude00\ud835\uddf2","breadcrumb":{"@id":"https:\/\/urbeamea.ro\/albaiulia\/burse-oferite-din-fundatia-arhiepiscopul-irineu-pop-in-anul-scolar-universitar-2025-2026\/#breadcrumb"},"inLanguage":"ro-RO","potentialAction":[{"@type":"ReadAction","target":["https:\/\/urbeamea.ro\/albaiulia\/burse-oferite-din-fundatia-arhiepiscopul-irineu-pop-in-anul-scolar-universitar-2025-2026\/"]}]},{"@type":"ImageObject","inLanguage":"ro-RO","@id":"https:\/\/urbeamea.ro\/albaiulia\/burse-oferite-din-fundatia-arhiepiscopul-irineu-pop-in-anul-scolar-universitar-2025-2026\/#primaryimage","url":"https:\/\/urbeamea.ro\/albaiulia\/wp-content\/uploads\/2025\/08\/1000046970.jpg","contentUrl":"https:\/\/urbeamea.ro\/albaiulia\/wp-content\/uploads\/2025\/08\/1000046970.jpg","width":872,"height":872},{"@type":"BreadcrumbList","@id":"https:\/\/urbeamea.ro\/albaiulia\/burse-oferite-din-fundatia-arhiepiscopul-irineu-pop-in-anul-scolar-universitar-2025-2026\/#breadcrumb","itemListElement":[{"@type":"ListItem","position":1,"name":"Prima pagin\u0103","item":"https:\/\/urbeamea.ro\/albaiulia\/"},{"@type":"ListItem","position":2,"name":"Burse oferite din Funda\u021bia &#8221; Arhiepiscopul Irineu Pop&#8221;, \u00een anul \u0219colar\/universitar 2025-2026"}]},{"@type":"WebSite","@id":"https:\/\/urbeamea.ro\/albaiulia\/#website","url":"https:\/\/urbeamea.ro\/albaiulia\/","name":"Revista Urbea Mea, Stiri urbane","description":"Evenimente \u0219i \u0219tiri din Alba Iulia, Sebe\u0219, Aiud, Blaj","potentialAction":[{"@type":"SearchAction","target":{"@type":"EntryPoint","urlTemplate":"https:\/\/urbeamea.ro\/albaiulia\/?s={search_term_string}"},"query-input":{"@type":"PropertyValueSpecification","valueRequired":true,"valueName":"search_term_string"}}],"inLanguage":"ro-RO"},{"@type":"Person","@id":"https:\/\/urbeamea.ro\/albaiulia\/#\/schema\/person\/5db3854ac38c1cc9f0ab4092d6a20f02","name":"Giurca Sorin","image":{"@type":"ImageObject","inLanguage":"ro-RO","@id":"https:\/\/secure.gravatar.com\/avatar\/120f6fcae7b3b47a7730cb9943f612f4909f68ac5284b5f40ac1c4615fd70576?s=96&d=mm&r=g","url":"https:\/\/secure.gravatar.com\/avatar\/120f6fcae7b3b47a7730cb9943f612f4909f68ac5284b5f40ac1c4615fd70576?s=96&d=mm&r=g","contentUrl":"https:\/\/secure.gravatar.com\/avatar\/120f6fcae7b3b47a7730cb9943f612f4909f68ac5284b5f40ac1c4615fd70576?s=96&d=mm&r=g","caption":"Giurca Sorin"},"url":"https:\/\/urbeamea.ro\/albaiulia\/author\/sorin\/"}]}},"_links":{"self":[{"href":"https:\/\/urbeamea.ro\/albaiulia\/wp-json\/wp\/v2\/posts\/119310","targetHints":{"allow":["GET"]}}],"collection":[{"href":"https:\/\/urbeamea.ro\/albaiulia\/wp-json\/wp\/v2\/posts"}],"about":[{"href":"https:\/\/urbeamea.ro\/albaiulia\/wp-json\/wp\/v2\/types\/post"}],"author":[{"embeddable":true,"href":"https:\/\/urbeamea.ro\/albaiulia\/wp-json\/wp\/v2\/users\/28"}],"replies":[{"embeddable":true,"href":"https:\/\/urbeamea.ro\/albaiulia\/wp-json\/wp\/v2\/comments?post=119310"}],"version-history":[{"count":1,"href":"https:\/\/urbeamea.ro\/albaiulia\/wp-json\/wp\/v2\/posts\/119310\/revisions"}],"predecessor-version":[{"id":119312,"href":"https:\/\/urbeamea.ro\/albaiulia\/wp-json\/wp\/v2\/posts\/119310\/revisions\/119312"}],"wp:featuredmedia":[{"embeddable":true,"href":"https:\/\/urbeamea.ro\/albaiulia\/wp-json\/wp\/v2\/media\/119311"}],"wp:attachment":[{"href":"https:\/\/urbeamea.ro\/albaiulia\/wp-json\/wp\/v2\/media?parent=119310"}],"wp:term":[{"taxonomy":"category","embeddable":true,"href":"https:\/\/urbeamea.ro\/albaiulia\/wp-json\/wp\/v2\/categories?post=119310"},{"taxonomy":"post_tag","embeddable":true,"href":"https:\/\/urbeamea.ro\/albaiulia\/wp-json\/wp\/v2\/tags?post=119310"}],"curies":[{"name":"wp","href":"https:\/\/api.w.org\/{rel}","templated":true}]}}