{"id":119313,"date":"2025-08-27T16:42:06","date_gmt":"2025-08-27T13:42:06","guid":{"rendered":"https:\/\/urbeamea.ro\/albaiulia\/?p=119313"},"modified":"2025-08-27T16:42:07","modified_gmt":"2025-08-27T13:42:07","slug":"29-31-august-zilele-orasului-campeni-defilare-targ-de-traditii-si-obiceiuri-stramosesti-concerte-de-muzica-folk-populara-si-usoara","status":"publish","type":"post","link":"https:\/\/urbeamea.ro\/albaiulia\/29-31-august-zilele-orasului-campeni-defilare-targ-de-traditii-si-obiceiuri-stramosesti-concerte-de-muzica-folk-populara-si-usoara\/","title":{"rendered":"29-31 august: Zilele Ora\u0219ului C\u00e2mpeni: defilare, t\u00e2rg de tradi\u021bii \u0219i obiceiuri str\u0103mo\u0219e\u0219ti, concerte de muzic\u0103 folk, popular\u0103 \u0219i u\u0219oar\u0103"},"content":{"rendered":"\n<p><strong>Prim\u0103ria Ora\u0219ului C\u00e2mpeni \u0219i Consiliul Local al Ora\u0219ului C\u00e2mpeni, \u00een parteneriat cu Consiliul Jude\u021bean Alba \u0219i Centrul de Cultur\u0103 ,,Augustin Bena&#8221;, v\u0103 invit\u0103 s\u0103 lua\u021bi parte la un eveniment de suflet: Zilele Ora\u0219ului C\u00e2mpeni \u2013 trei zile pline de tradi\u021bii, muzic\u0103, dans \u0219i voie bun\u0103! <\/strong><\/p>\n\n\n\n<p> Vom \u00eencepe cu o spectaculoas\u0103 defilare \u0219i vom continua cu momente artistice deosebite, concerte live, ansambluri folclorice, demonstra\u021bii sportive \u0219i recitaluri de muzic\u0103 folk, clasic\u0103 \u0219i u\u0219oar\u0103.<\/p>\n\n\n\n<p> Pe scen\u0103 vor urca arti\u0219ti \u00eendr\u0103gi\u021bi precum Mirela M\u0103nescu, Luiza Mih, ADDA, Roxana Reche, Maria Dragomiroiu \u0219i mul\u021bi al\u021bii!<\/p>\n\n\n\n<p> Nu vor lipsi t\u00e2rgurile me\u0219te\u0219ugarilor populari, unde ve\u021bi putea descoperi tradi\u021biile autentice \u0219i me\u0219te\u0219ugurile mo\u0219tenite din genera\u021bie \u00een genera\u021bie.<\/p>\n\n\n\n<p>V\u0103 a\u0219tept\u0103m cu mic, cu mare, s\u0103 celebr\u0103m \u00eempreun\u0103 identitatea, cultura \u0219i bucuria de a fi \u00eempreun\u0103 \u00een inima \u021a\u0103rii Mo\u021bilor! <\/p>\n\n\n\n<p> Programul complet al evenimentului \u00eel g\u0103si\u021bi pe afi\u0219ul ata\u0219at<\/p>\n\n\n\n<figure class=\"wp-block-image size-large\"><img loading=\"lazy\" decoding=\"async\" width=\"1040\" height=\"1280\" src=\"https:\/\/urbeamea.ro\/albaiulia\/wp-content\/uploads\/2025\/08\/1000047028-1040x1280.jpg\" alt=\"\" class=\"wp-image-119314\" srcset=\"https:\/\/urbeamea.ro\/albaiulia\/wp-content\/uploads\/2025\/08\/1000047028-1040x1280.jpg 1040w, https:\/\/urbeamea.ro\/albaiulia\/wp-content\/uploads\/2025\/08\/1000047028-520x640.jpg 520w, https:\/\/urbeamea.ro\/albaiulia\/wp-content\/uploads\/2025\/08\/1000047028-122x150.jpg 122w, https:\/\/urbeamea.ro\/albaiulia\/wp-content\/uploads\/2025\/08\/1000047028-768x945.jpg 768w, https:\/\/urbeamea.ro\/albaiulia\/wp-content\/uploads\/2025\/08\/1000047028-1248x1536.jpg 1248w, https:\/\/urbeamea.ro\/albaiulia\/wp-content\/uploads\/2025\/08\/1000047028.jpg 1300w\" sizes=\"auto, (max-width: 1040px) 100vw, 1040px\" \/><\/figure>\n\n\n\n<p><\/p>\n","protected":false},"excerpt":{"rendered":"<p>Prim\u0103ria Ora\u0219ului C\u00e2mpeni \u0219i Consiliul Local al Ora\u0219ului C\u00e2mpeni, \u00een parteneriat cu Consiliul Jude\u021bean Alba \u0219i Centrul de Cultur\u0103 ,,Augustin Bena&#8221;, v\u0103 invit\u0103 s\u0103 lua\u021bi parte la un eveniment de suflet: Zilele Ora\u0219ului C\u00e2mpeni \u2013 trei zile pline de tradi\u021bii, muzic\u0103, dans \u0219i voie bun\u0103! Vom \u00eencepe cu o spectaculoas\u0103 defilare \u0219i vom continua cu &hellip;<\/p>\n","protected":false},"author":28,"featured_media":119314,"comment_status":"open","ping_status":"open","sticky":false,"template":"","format":"standard","meta":{"inline_featured_image":false,"footnotes":""},"categories":[2038,4,16567,2034,1,61,16344],"tags":[25401],"class_list":["post-119313","post","type-post","status-publish","format-standard","has-post-thumbnail","hentry","category-cultura","category-eveniment","category-muzica","category-social","category-stiri-urbane","category-turism","category-urbea-mea","tag-zilele-orasului-campeni"],"yoast_head":"<!-- This site is optimized with the Yoast SEO plugin v27.4 - https:\/\/yoast.com\/product\/yoast-seo-wordpress\/ -->\n<title>29-31 august: Zilele Ora\u0219ului C\u00e2mpeni: defilare, t\u00e2rg de tradi\u021bii \u0219i obiceiuri str\u0103mo\u0219e\u0219ti, concerte de muzic\u0103 folk, popular\u0103 \u0219i u\u0219oar\u0103 - Revista Urbea Mea - Revista de Alba<\/title>\n<meta name=\"description\" content=\"Prim\u0103ria Ora\u0219ului C\u00e2mpeni \u0219i Consiliul Local al Ora\u0219ului C\u00e2mpeni, \u00een parteneriat cu Consiliul Jude\u021bean Alba \u0219i Centrul de Cultur\u0103 ,,Augustin Bena&quot;, v\u0103\" \/>\n<meta name=\"robots\" content=\"index, follow, max-snippet:-1, max-image-preview:large, max-video-preview:-1\" \/>\n<link rel=\"canonical\" href=\"https:\/\/urbeamea.ro\/albaiulia\/29-31-august-zilele-orasului-campeni-defilare-targ-de-traditii-si-obiceiuri-stramosesti-concerte-de-muzica-folk-populara-si-usoara\/\" \/>\n<meta name=\"twitter:card\" content=\"summary_large_image\" \/>\n<meta name=\"twitter:title\" content=\"29-31 august: Zilele Ora\u0219ului C\u00e2mpeni: defilare, t\u00e2rg de tradi\u021bii \u0219i obiceiuri str\u0103mo\u0219e\u0219ti, concerte de muzic\u0103 folk, popular\u0103 \u0219i u\u0219oar\u0103 - Revista Urbea Mea - Revista de Alba\" \/>\n<meta name=\"twitter:description\" content=\"Prim\u0103ria Ora\u0219ului C\u00e2mpeni \u0219i Consiliul Local al Ora\u0219ului C\u00e2mpeni, \u00een parteneriat cu Consiliul Jude\u021bean Alba \u0219i Centrul de Cultur\u0103 ,,Augustin Bena&quot;, v\u0103\" \/>\n<meta name=\"twitter:image\" content=\"https:\/\/urbeamea.ro\/albaiulia\/wp-content\/uploads\/2025\/08\/1000047028.jpg\" \/>\n<meta name=\"twitter:creator\" content=\"@urbeameaweb\" \/>\n<meta name=\"twitter:site\" content=\"@urbeameaweb\" \/>\n<script type=\"application\/ld+json\" class=\"yoast-schema-graph\">{\"@context\":\"https:\\\/\\\/schema.org\",\"@graph\":[{\"@type\":\"Article\",\"@id\":\"https:\\\/\\\/urbeamea.ro\\\/albaiulia\\\/29-31-august-zilele-orasului-campeni-defilare-targ-de-traditii-si-obiceiuri-stramosesti-concerte-de-muzica-folk-populara-si-usoara\\\/#article\",\"isPartOf\":{\"@id\":\"https:\\\/\\\/urbeamea.ro\\\/albaiulia\\\/29-31-august-zilele-orasului-campeni-defilare-targ-de-traditii-si-obiceiuri-stramosesti-concerte-de-muzica-folk-populara-si-usoara\\\/\"},\"author\":{\"name\":\"Giurca Sorin\",\"@id\":\"https:\\\/\\\/urbeamea.ro\\\/albaiulia\\\/#\\\/schema\\\/person\\\/5db3854ac38c1cc9f0ab4092d6a20f02\"},\"headline\":\"29-31 august: Zilele Ora\u0219ului C\u00e2mpeni: defilare, t\u00e2rg de tradi\u021bii \u0219i obiceiuri str\u0103mo\u0219e\u0219ti, concerte de muzic\u0103 folk, popular\u0103 \u0219i u\u0219oar\u0103\",\"datePublished\":\"2025-08-27T13:42:06+00:00\",\"dateModified\":\"2025-08-27T13:42:07+00:00\",\"mainEntityOfPage\":{\"@id\":\"https:\\\/\\\/urbeamea.ro\\\/albaiulia\\\/29-31-august-zilele-orasului-campeni-defilare-targ-de-traditii-si-obiceiuri-stramosesti-concerte-de-muzica-folk-populara-si-usoara\\\/\"},\"wordCount\":202,\"commentCount\":0,\"image\":{\"@id\":\"https:\\\/\\\/urbeamea.ro\\\/albaiulia\\\/29-31-august-zilele-orasului-campeni-defilare-targ-de-traditii-si-obiceiuri-stramosesti-concerte-de-muzica-folk-populara-si-usoara\\\/#primaryimage\"},\"thumbnailUrl\":\"https:\\\/\\\/urbeamea.ro\\\/albaiulia\\\/wp-content\\\/uploads\\\/2025\\\/08\\\/1000047028.jpg\",\"keywords\":[\"Zilele Ora\u0219ului C\u00e2mpeni\"],\"articleSection\":[\"Cultur\u0103\",\"Evenimente\",\"Muzic\u0103\",\"Social\",\"\u015etiri Urbane\",\"Turism \u0219i Ghidaj turistic\",\"Urbea Mea\"],\"inLanguage\":\"ro-RO\",\"potentialAction\":[{\"@type\":\"CommentAction\",\"name\":\"Comment\",\"target\":[\"https:\\\/\\\/urbeamea.ro\\\/albaiulia\\\/29-31-august-zilele-orasului-campeni-defilare-targ-de-traditii-si-obiceiuri-stramosesti-concerte-de-muzica-folk-populara-si-usoara\\\/#respond\"]}]},{\"@type\":\"WebPage\",\"@id\":\"https:\\\/\\\/urbeamea.ro\\\/albaiulia\\\/29-31-august-zilele-orasului-campeni-defilare-targ-de-traditii-si-obiceiuri-stramosesti-concerte-de-muzica-folk-populara-si-usoara\\\/\",\"url\":\"https:\\\/\\\/urbeamea.ro\\\/albaiulia\\\/29-31-august-zilele-orasului-campeni-defilare-targ-de-traditii-si-obiceiuri-stramosesti-concerte-de-muzica-folk-populara-si-usoara\\\/\",\"name\":\"29-31 august: Zilele Ora\u0219ului C\u00e2mpeni: defilare, t\u00e2rg de tradi\u021bii \u0219i obiceiuri str\u0103mo\u0219e\u0219ti, concerte de muzic\u0103 folk, popular\u0103 \u0219i u\u0219oar\u0103 - Revista Urbea Mea - Revista de Alba\",\"isPartOf\":{\"@id\":\"https:\\\/\\\/urbeamea.ro\\\/albaiulia\\\/#website\"},\"primaryImageOfPage\":{\"@id\":\"https:\\\/\\\/urbeamea.ro\\\/albaiulia\\\/29-31-august-zilele-orasului-campeni-defilare-targ-de-traditii-si-obiceiuri-stramosesti-concerte-de-muzica-folk-populara-si-usoara\\\/#primaryimage\"},\"image\":{\"@id\":\"https:\\\/\\\/urbeamea.ro\\\/albaiulia\\\/29-31-august-zilele-orasului-campeni-defilare-targ-de-traditii-si-obiceiuri-stramosesti-concerte-de-muzica-folk-populara-si-usoara\\\/#primaryimage\"},\"thumbnailUrl\":\"https:\\\/\\\/urbeamea.ro\\\/albaiulia\\\/wp-content\\\/uploads\\\/2025\\\/08\\\/1000047028.jpg\",\"datePublished\":\"2025-08-27T13:42:06+00:00\",\"dateModified\":\"2025-08-27T13:42:07+00:00\",\"author\":{\"@id\":\"https:\\\/\\\/urbeamea.ro\\\/albaiulia\\\/#\\\/schema\\\/person\\\/5db3854ac38c1cc9f0ab4092d6a20f02\"},\"description\":\"Prim\u0103ria Ora\u0219ului C\u00e2mpeni \u0219i Consiliul Local al Ora\u0219ului C\u00e2mpeni, \u00een parteneriat cu Consiliul Jude\u021bean Alba \u0219i Centrul de Cultur\u0103 ,,Augustin Bena\\\", v\u0103\",\"breadcrumb\":{\"@id\":\"https:\\\/\\\/urbeamea.ro\\\/albaiulia\\\/29-31-august-zilele-orasului-campeni-defilare-targ-de-traditii-si-obiceiuri-stramosesti-concerte-de-muzica-folk-populara-si-usoara\\\/#breadcrumb\"},\"inLanguage\":\"ro-RO\",\"potentialAction\":[{\"@type\":\"ReadAction\",\"target\":[\"https:\\\/\\\/urbeamea.ro\\\/albaiulia\\\/29-31-august-zilele-orasului-campeni-defilare-targ-de-traditii-si-obiceiuri-stramosesti-concerte-de-muzica-folk-populara-si-usoara\\\/\"]}]},{\"@type\":\"ImageObject\",\"inLanguage\":\"ro-RO\",\"@id\":\"https:\\\/\\\/urbeamea.ro\\\/albaiulia\\\/29-31-august-zilele-orasului-campeni-defilare-targ-de-traditii-si-obiceiuri-stramosesti-concerte-de-muzica-folk-populara-si-usoara\\\/#primaryimage\",\"url\":\"https:\\\/\\\/urbeamea.ro\\\/albaiulia\\\/wp-content\\\/uploads\\\/2025\\\/08\\\/1000047028.jpg\",\"contentUrl\":\"https:\\\/\\\/urbeamea.ro\\\/albaiulia\\\/wp-content\\\/uploads\\\/2025\\\/08\\\/1000047028.jpg\",\"width\":1300,\"height\":1600},{\"@type\":\"BreadcrumbList\",\"@id\":\"https:\\\/\\\/urbeamea.ro\\\/albaiulia\\\/29-31-august-zilele-orasului-campeni-defilare-targ-de-traditii-si-obiceiuri-stramosesti-concerte-de-muzica-folk-populara-si-usoara\\\/#breadcrumb\",\"itemListElement\":[{\"@type\":\"ListItem\",\"position\":1,\"name\":\"Prima pagin\u0103\",\"item\":\"https:\\\/\\\/urbeamea.ro\\\/albaiulia\\\/\"},{\"@type\":\"ListItem\",\"position\":2,\"name\":\"29-31 august: Zilele Ora\u0219ului C\u00e2mpeni: defilare, t\u00e2rg de tradi\u021bii \u0219i obiceiuri str\u0103mo\u0219e\u0219ti, concerte de muzic\u0103 folk, popular\u0103 \u0219i u\u0219oar\u0103\"}]},{\"@type\":\"WebSite\",\"@id\":\"https:\\\/\\\/urbeamea.ro\\\/albaiulia\\\/#website\",\"url\":\"https:\\\/\\\/urbeamea.ro\\\/albaiulia\\\/\",\"name\":\"Revista Urbea Mea, Stiri urbane\",\"description\":\"Evenimente \u0219i \u0219tiri din Alba Iulia, Sebe\u0219, Aiud, Blaj\",\"potentialAction\":[{\"@type\":\"SearchAction\",\"target\":{\"@type\":\"EntryPoint\",\"urlTemplate\":\"https:\\\/\\\/urbeamea.ro\\\/albaiulia\\\/?s={search_term_string}\"},\"query-input\":{\"@type\":\"PropertyValueSpecification\",\"valueRequired\":true,\"valueName\":\"search_term_string\"}}],\"inLanguage\":\"ro-RO\"},{\"@type\":\"Person\",\"@id\":\"https:\\\/\\\/urbeamea.ro\\\/albaiulia\\\/#\\\/schema\\\/person\\\/5db3854ac38c1cc9f0ab4092d6a20f02\",\"name\":\"Giurca Sorin\",\"image\":{\"@type\":\"ImageObject\",\"inLanguage\":\"ro-RO\",\"@id\":\"https:\\\/\\\/secure.gravatar.com\\\/avatar\\\/120f6fcae7b3b47a7730cb9943f612f4909f68ac5284b5f40ac1c4615fd70576?s=96&d=mm&r=g\",\"url\":\"https:\\\/\\\/secure.gravatar.com\\\/avatar\\\/120f6fcae7b3b47a7730cb9943f612f4909f68ac5284b5f40ac1c4615fd70576?s=96&d=mm&r=g\",\"contentUrl\":\"https:\\\/\\\/secure.gravatar.com\\\/avatar\\\/120f6fcae7b3b47a7730cb9943f612f4909f68ac5284b5f40ac1c4615fd70576?s=96&d=mm&r=g\",\"caption\":\"Giurca Sorin\"},\"url\":\"https:\\\/\\\/urbeamea.ro\\\/albaiulia\\\/author\\\/sorin\\\/\"}]}<\/script>\n<!-- \/ Yoast SEO plugin. -->","yoast_head_json":{"title":"29-31 august: Zilele Ora\u0219ului C\u00e2mpeni: defilare, t\u00e2rg de tradi\u021bii \u0219i obiceiuri str\u0103mo\u0219e\u0219ti, concerte de muzic\u0103 folk, popular\u0103 \u0219i u\u0219oar\u0103 - Revista Urbea Mea - Revista de Alba","description":"Prim\u0103ria Ora\u0219ului C\u00e2mpeni \u0219i Consiliul Local al Ora\u0219ului C\u00e2mpeni, \u00een parteneriat cu Consiliul Jude\u021bean Alba \u0219i Centrul de Cultur\u0103 ,,Augustin Bena\", v\u0103","robots":{"index":"index","follow":"follow","max-snippet":"max-snippet:-1","max-image-preview":"max-image-preview:large","max-video-preview":"max-video-preview:-1"},"canonical":"https:\/\/urbeamea.ro\/albaiulia\/29-31-august-zilele-orasului-campeni-defilare-targ-de-traditii-si-obiceiuri-stramosesti-concerte-de-muzica-folk-populara-si-usoara\/","twitter_card":"summary_large_image","twitter_title":"29-31 august: Zilele Ora\u0219ului C\u00e2mpeni: defilare, t\u00e2rg de tradi\u021bii \u0219i obiceiuri str\u0103mo\u0219e\u0219ti, concerte de muzic\u0103 folk, popular\u0103 \u0219i u\u0219oar\u0103 - Revista Urbea Mea - Revista de Alba","twitter_description":"Prim\u0103ria Ora\u0219ului C\u00e2mpeni \u0219i Consiliul Local al Ora\u0219ului C\u00e2mpeni, \u00een parteneriat cu Consiliul Jude\u021bean Alba \u0219i Centrul de Cultur\u0103 ,,Augustin Bena\", v\u0103","twitter_image":"https:\/\/urbeamea.ro\/albaiulia\/wp-content\/uploads\/2025\/08\/1000047028.jpg","twitter_creator":"@urbeameaweb","twitter_site":"@urbeameaweb","schema":{"@context":"https:\/\/schema.org","@graph":[{"@type":"Article","@id":"https:\/\/urbeamea.ro\/albaiulia\/29-31-august-zilele-orasului-campeni-defilare-targ-de-traditii-si-obiceiuri-stramosesti-concerte-de-muzica-folk-populara-si-usoara\/#article","isPartOf":{"@id":"https:\/\/urbeamea.ro\/albaiulia\/29-31-august-zilele-orasului-campeni-defilare-targ-de-traditii-si-obiceiuri-stramosesti-concerte-de-muzica-folk-populara-si-usoara\/"},"author":{"name":"Giurca Sorin","@id":"https:\/\/urbeamea.ro\/albaiulia\/#\/schema\/person\/5db3854ac38c1cc9f0ab4092d6a20f02"},"headline":"29-31 august: Zilele Ora\u0219ului C\u00e2mpeni: defilare, t\u00e2rg de tradi\u021bii \u0219i obiceiuri str\u0103mo\u0219e\u0219ti, concerte de muzic\u0103 folk, popular\u0103 \u0219i u\u0219oar\u0103","datePublished":"2025-08-27T13:42:06+00:00","dateModified":"2025-08-27T13:42:07+00:00","mainEntityOfPage":{"@id":"https:\/\/urbeamea.ro\/albaiulia\/29-31-august-zilele-orasului-campeni-defilare-targ-de-traditii-si-obiceiuri-stramosesti-concerte-de-muzica-folk-populara-si-usoara\/"},"wordCount":202,"commentCount":0,"image":{"@id":"https:\/\/urbeamea.ro\/albaiulia\/29-31-august-zilele-orasului-campeni-defilare-targ-de-traditii-si-obiceiuri-stramosesti-concerte-de-muzica-folk-populara-si-usoara\/#primaryimage"},"thumbnailUrl":"https:\/\/urbeamea.ro\/albaiulia\/wp-content\/uploads\/2025\/08\/1000047028.jpg","keywords":["Zilele Ora\u0219ului C\u00e2mpeni"],"articleSection":["Cultur\u0103","Evenimente","Muzic\u0103","Social","\u015etiri Urbane","Turism \u0219i Ghidaj turistic","Urbea Mea"],"inLanguage":"ro-RO","potentialAction":[{"@type":"CommentAction","name":"Comment","target":["https:\/\/urbeamea.ro\/albaiulia\/29-31-august-zilele-orasului-campeni-defilare-targ-de-traditii-si-obiceiuri-stramosesti-concerte-de-muzica-folk-populara-si-usoara\/#respond"]}]},{"@type":"WebPage","@id":"https:\/\/urbeamea.ro\/albaiulia\/29-31-august-zilele-orasului-campeni-defilare-targ-de-traditii-si-obiceiuri-stramosesti-concerte-de-muzica-folk-populara-si-usoara\/","url":"https:\/\/urbeamea.ro\/albaiulia\/29-31-august-zilele-orasului-campeni-defilare-targ-de-traditii-si-obiceiuri-stramosesti-concerte-de-muzica-folk-populara-si-usoara\/","name":"29-31 august: Zilele Ora\u0219ului C\u00e2mpeni: defilare, t\u00e2rg de tradi\u021bii \u0219i obiceiuri str\u0103mo\u0219e\u0219ti, concerte de muzic\u0103 folk, popular\u0103 \u0219i u\u0219oar\u0103 - Revista Urbea Mea - Revista de Alba","isPartOf":{"@id":"https:\/\/urbeamea.ro\/albaiulia\/#website"},"primaryImageOfPage":{"@id":"https:\/\/urbeamea.ro\/albaiulia\/29-31-august-zilele-orasului-campeni-defilare-targ-de-traditii-si-obiceiuri-stramosesti-concerte-de-muzica-folk-populara-si-usoara\/#primaryimage"},"image":{"@id":"https:\/\/urbeamea.ro\/albaiulia\/29-31-august-zilele-orasului-campeni-defilare-targ-de-traditii-si-obiceiuri-stramosesti-concerte-de-muzica-folk-populara-si-usoara\/#primaryimage"},"thumbnailUrl":"https:\/\/urbeamea.ro\/albaiulia\/wp-content\/uploads\/2025\/08\/1000047028.jpg","datePublished":"2025-08-27T13:42:06+00:00","dateModified":"2025-08-27T13:42:07+00:00","author":{"@id":"https:\/\/urbeamea.ro\/albaiulia\/#\/schema\/person\/5db3854ac38c1cc9f0ab4092d6a20f02"},"description":"Prim\u0103ria Ora\u0219ului C\u00e2mpeni \u0219i Consiliul Local al Ora\u0219ului C\u00e2mpeni, \u00een parteneriat cu Consiliul Jude\u021bean Alba \u0219i Centrul de Cultur\u0103 ,,Augustin Bena\", v\u0103","breadcrumb":{"@id":"https:\/\/urbeamea.ro\/albaiulia\/29-31-august-zilele-orasului-campeni-defilare-targ-de-traditii-si-obiceiuri-stramosesti-concerte-de-muzica-folk-populara-si-usoara\/#breadcrumb"},"inLanguage":"ro-RO","potentialAction":[{"@type":"ReadAction","target":["https:\/\/urbeamea.ro\/albaiulia\/29-31-august-zilele-orasului-campeni-defilare-targ-de-traditii-si-obiceiuri-stramosesti-concerte-de-muzica-folk-populara-si-usoara\/"]}]},{"@type":"ImageObject","inLanguage":"ro-RO","@id":"https:\/\/urbeamea.ro\/albaiulia\/29-31-august-zilele-orasului-campeni-defilare-targ-de-traditii-si-obiceiuri-stramosesti-concerte-de-muzica-folk-populara-si-usoara\/#primaryimage","url":"https:\/\/urbeamea.ro\/albaiulia\/wp-content\/uploads\/2025\/08\/1000047028.jpg","contentUrl":"https:\/\/urbeamea.ro\/albaiulia\/wp-content\/uploads\/2025\/08\/1000047028.jpg","width":1300,"height":1600},{"@type":"BreadcrumbList","@id":"https:\/\/urbeamea.ro\/albaiulia\/29-31-august-zilele-orasului-campeni-defilare-targ-de-traditii-si-obiceiuri-stramosesti-concerte-de-muzica-folk-populara-si-usoara\/#breadcrumb","itemListElement":[{"@type":"ListItem","position":1,"name":"Prima pagin\u0103","item":"https:\/\/urbeamea.ro\/albaiulia\/"},{"@type":"ListItem","position":2,"name":"29-31 august: Zilele Ora\u0219ului C\u00e2mpeni: defilare, t\u00e2rg de tradi\u021bii \u0219i obiceiuri str\u0103mo\u0219e\u0219ti, concerte de muzic\u0103 folk, popular\u0103 \u0219i u\u0219oar\u0103"}]},{"@type":"WebSite","@id":"https:\/\/urbeamea.ro\/albaiulia\/#website","url":"https:\/\/urbeamea.ro\/albaiulia\/","name":"Revista Urbea Mea, Stiri urbane","description":"Evenimente \u0219i \u0219tiri din Alba Iulia, Sebe\u0219, Aiud, Blaj","potentialAction":[{"@type":"SearchAction","target":{"@type":"EntryPoint","urlTemplate":"https:\/\/urbeamea.ro\/albaiulia\/?s={search_term_string}"},"query-input":{"@type":"PropertyValueSpecification","valueRequired":true,"valueName":"search_term_string"}}],"inLanguage":"ro-RO"},{"@type":"Person","@id":"https:\/\/urbeamea.ro\/albaiulia\/#\/schema\/person\/5db3854ac38c1cc9f0ab4092d6a20f02","name":"Giurca Sorin","image":{"@type":"ImageObject","inLanguage":"ro-RO","@id":"https:\/\/secure.gravatar.com\/avatar\/120f6fcae7b3b47a7730cb9943f612f4909f68ac5284b5f40ac1c4615fd70576?s=96&d=mm&r=g","url":"https:\/\/secure.gravatar.com\/avatar\/120f6fcae7b3b47a7730cb9943f612f4909f68ac5284b5f40ac1c4615fd70576?s=96&d=mm&r=g","contentUrl":"https:\/\/secure.gravatar.com\/avatar\/120f6fcae7b3b47a7730cb9943f612f4909f68ac5284b5f40ac1c4615fd70576?s=96&d=mm&r=g","caption":"Giurca Sorin"},"url":"https:\/\/urbeamea.ro\/albaiulia\/author\/sorin\/"}]}},"_links":{"self":[{"href":"https:\/\/urbeamea.ro\/albaiulia\/wp-json\/wp\/v2\/posts\/119313","targetHints":{"allow":["GET"]}}],"collection":[{"href":"https:\/\/urbeamea.ro\/albaiulia\/wp-json\/wp\/v2\/posts"}],"about":[{"href":"https:\/\/urbeamea.ro\/albaiulia\/wp-json\/wp\/v2\/types\/post"}],"author":[{"embeddable":true,"href":"https:\/\/urbeamea.ro\/albaiulia\/wp-json\/wp\/v2\/users\/28"}],"replies":[{"embeddable":true,"href":"https:\/\/urbeamea.ro\/albaiulia\/wp-json\/wp\/v2\/comments?post=119313"}],"version-history":[{"count":1,"href":"https:\/\/urbeamea.ro\/albaiulia\/wp-json\/wp\/v2\/posts\/119313\/revisions"}],"predecessor-version":[{"id":119315,"href":"https:\/\/urbeamea.ro\/albaiulia\/wp-json\/wp\/v2\/posts\/119313\/revisions\/119315"}],"wp:featuredmedia":[{"embeddable":true,"href":"https:\/\/urbeamea.ro\/albaiulia\/wp-json\/wp\/v2\/media\/119314"}],"wp:attachment":[{"href":"https:\/\/urbeamea.ro\/albaiulia\/wp-json\/wp\/v2\/media?parent=119313"}],"wp:term":[{"taxonomy":"category","embeddable":true,"href":"https:\/\/urbeamea.ro\/albaiulia\/wp-json\/wp\/v2\/categories?post=119313"},{"taxonomy":"post_tag","embeddable":true,"href":"https:\/\/urbeamea.ro\/albaiulia\/wp-json\/wp\/v2\/tags?post=119313"}],"curies":[{"name":"wp","href":"https:\/\/api.w.org\/{rel}","templated":true}]}}