{"id":119363,"date":"2025-09-01T14:46:18","date_gmt":"2025-09-01T11:46:18","guid":{"rendered":"https:\/\/urbeamea.ro\/albaiulia\/?p=119363"},"modified":"2025-09-01T14:46:19","modified_gmt":"2025-09-01T11:46:19","slug":"o-noua-campanie-de-colectare-deseuri-voluminoase-si-textile-in-zona-1-alba","status":"publish","type":"post","link":"https:\/\/urbeamea.ro\/albaiulia\/o-noua-campanie-de-colectare-deseuri-voluminoase-si-textile-in-zona-1-alba\/","title":{"rendered":"O nou\u0103 campanie de colectare de\u0219euri voluminoase \u0219i textile \u00een ZONA 1 Alba"},"content":{"rendered":"\n<p class=\"wp-block-paragraph\">\u00cen perioada 1 septembrie \u2013 25 noiembrie 2025, \u00een Zona 1 a jude\u021bului Alba, se desf\u0103\u0219oar\u0103 o nou\u0103 campanie de colectare a de\u0219eurilor voluminoase \u0219i textile, fiecare tip de de\u0219eu fiind colectat separat, \u00een containere dedicate.<\/p>\n\n\n\n<p class=\"wp-block-paragraph\">Campania se desf\u0103\u0219oar\u0103 \u00een <strong>ora\u0219ele&nbsp;Alba Iulia, Aiud, Teiu\u0219 \u0219i Ocna Mure\u0219 \u0219i comunele Ciugud, Berghin, Ohaba, Mihal\u021b, Strem\u021b, Galda de Jos, Cric\u0103u, \u00centregalde, Ighiu, S\u00e2ntimbru, R\u00e2me\u021b, R\u0103de\u0219ti, Rimetea, Lopadea Nou\u0103, Livezile, Mir\u0103sl\u0103u, Ponor, Hop\u00e2rta, F\u0103r\u0103u, No\u0219lac, Lunca Mure\u0219ului \u0219i Unirea.<\/strong><\/p>\n\n\n\n<p class=\"wp-block-paragraph\">De\u0219eurile textile \u0219i volumioase nu se depoziteaz\u0103 \u00een sau l\u00e2ng\u0103 pubelele pentru de\u0219euri menajere \u0219i nu se abandoneaz\u0103 \u00een spa\u021bii publice. Acestea se predau doar la containerele speciale puse la dispozi\u021bie de RER Vest \u2013 RETIM, \u00een cadrul campaniilor sezoniere.<\/p>\n\n\n\n<p class=\"wp-block-paragraph\">Loca\u021biile \u0219i programul de amplasare a containerelor pot fi consultate online:<br><a href=\"https:\/\/rervest.ro\/alba\/campanii-sezoniere\">https:\/\/rervest.ro\/alba\/campanii-sezoniere<\/a><\/p>\n\n\n\n<p class=\"wp-block-paragraph\"><strong><u>CINE poate preda de\u015feuri voluminoase<\/u><\/strong><\/p>\n\n\n\n<p class=\"wp-block-paragraph\">Cet\u0103\u021benii din localit\u0103\u0163ie men\u0163ionate mai sus&nbsp;<strong>pot depune prin aport voluntar \u0219i gratuit de\u0219eurile voluminoase \u00een containerele special puse la dispozi\u021bie \u00een punctele de colectare \u0219i \u00eentre orele men\u021bionate \u00een tabelele de mai jos.<\/strong><\/p>\n\n\n\n<p class=\"wp-block-paragraph\"><strong><u>CE se poate preda \u00een cadrul acestei campanii<\/u><\/strong><\/p>\n\n\n\n<p class=\"wp-block-paragraph\"><strong>DE\u015eEURILE VOLUMINOASE&nbsp;<\/strong>sunt:<\/p>\n\n\n\n<p class=\"wp-block-paragraph\">\u2013&nbsp;&nbsp;&nbsp;&nbsp;&nbsp;&nbsp;&nbsp;&nbsp;&nbsp;&nbsp; mobilier, comode, mese de cafea, de toalet\u0103, decorative<\/p>\n\n\n\n<p class=\"wp-block-paragraph\">\u2013&nbsp;&nbsp;&nbsp;&nbsp;&nbsp;&nbsp;&nbsp;&nbsp;&nbsp;&nbsp; mese de scris pentru copii, rafturi, etajere, etajere metalice<\/p>\n\n\n\n<p class=\"wp-block-paragraph\">\u2013&nbsp;&nbsp;&nbsp;&nbsp;&nbsp;&nbsp;&nbsp;&nbsp;&nbsp;&nbsp; canapele, paturi, dulapuri, birouri, scaune, banchete, saltele<\/p>\n\n\n\n<p class=\"wp-block-paragraph\">\u2013&nbsp;&nbsp;&nbsp;&nbsp;&nbsp;&nbsp;&nbsp;&nbsp;&nbsp;&nbsp; oale<\/p>\n\n\n\n<p class=\"wp-block-paragraph\">\u2013&nbsp;&nbsp;&nbsp;&nbsp;&nbsp;&nbsp;&nbsp;&nbsp;&nbsp;&nbsp; ceasuri<\/p>\n\n\n\n<p class=\"wp-block-paragraph\">\u2013&nbsp;&nbsp;&nbsp;&nbsp;&nbsp;&nbsp;&nbsp;&nbsp;&nbsp;&nbsp; dulapuri de baie, suporturi prosoape<\/p>\n\n\n\n<p class=\"wp-block-paragraph\">\u2013&nbsp;&nbsp;&nbsp;&nbsp;&nbsp;&nbsp;&nbsp;&nbsp;&nbsp;&nbsp; lustre, tablouri<\/p>\n\n\n\n<p class=\"wp-block-paragraph\">\u2013&nbsp;&nbsp;&nbsp;&nbsp;&nbsp;&nbsp;&nbsp;&nbsp;&nbsp;&nbsp; obiecte sanitare, c\u0103zi, vase de toalet\u0103, robine\u021bi, cabine de du\u0219 (f\u0103r\u0103 sticl\u0103), suporturi, baterii sanitare, chiuvete, bideuri, capace vase de toalet\u0103, lavoare, rezervoare de ap\u0103 pentru vase de toalet\u0103<\/p>\n\n\n\n<p class=\"wp-block-paragraph\">\u2013&nbsp;&nbsp;&nbsp;&nbsp;&nbsp;&nbsp;&nbsp;&nbsp;&nbsp;&nbsp;obiecte mari de folosin\u021b\u0103 \u00eendelungat\u0103 precum: calorifere font\u0103, calorifere aluminiu, u\u0219i, tocuri de u\u0219i \u015fi tocuri de geamuri (f\u0103r\u0103 sticl\u0103), f\u0103r\u0103 t\u00e2mpl\u0103rie PVC.<\/p>\n\n\n\n<p class=\"wp-block-paragraph\"><strong>DE\u015eEURILE TEXTILE din menajer&nbsp;<\/strong>sunt:<\/p>\n\n\n\n<ul class=\"wp-block-list\">\n<li>Ambalaje din materiale textile;<\/li>\n\n\n\n<li>\u00cembr\u0103c\u0103minte: haine uzate sau deteriorate;<\/li>\n\n\n\n<li>Lenjerii de pat: cear\u0219afuri, fe\u021be de pern\u0103, pilote;<\/li>\n\n\n\n<li>Perdele \u0219i draperii;<\/li>\n\n\n\n<li>Covoare \u0219i mochet\u0103;<\/li>\n\n\n\n<li>Alte articole textile utilizate \u00een gospod\u0103rie.<\/li>\n<\/ul>\n\n\n\n<p class=\"wp-block-paragraph\"><strong><u>CE NU se poate preda \u00een cadrul acestei campanii<\/u><\/strong><\/p>\n\n\n\n<ul class=\"wp-block-list\">\n<li>NU se preiau alte categorii de de\u0219euri: reziduale, reciclabile, de construc\u021bii, vegetale;<\/li>\n\n\n\n<li>NU se colecteaz\u0103 de\u0219eurile de echipamente electrice, electronice \u0219i electrocasnice (televizoare, ma\u0219ini de sp\u0103lat, frigidere, radio-uri, echipamente de iluminat, computere, etc).<\/li>\n\n\n\n<li>NU se preiau textile p\u0103tate cu s\u00e2nge, substan\u021be periculoase sau amestecate cu de\u0219eurile reziduale, reciclabile sau vegetale.<\/li>\n<\/ul>\n\n\n\n<p class=\"wp-block-paragraph\">Pentru detalii \u0219i informa\u021bii, v\u0103 st\u0103m la dispozi\u021bie prin <strong>Call Center, <\/strong>la num\u0103rul&nbsp;<strong>+40 374 885 694<\/strong>, de luni p\u00e2n\u0103 vineri, \u00eentre orele 07.00 \u2013 19.00.<\/p>\n\n\n\n<figure class=\"wp-block-image size-large\"><img loading=\"lazy\" decoding=\"async\" width=\"919\" height=\"1280\" src=\"https:\/\/urbeamea.ro\/albaiulia\/wp-content\/uploads\/2025\/09\/Campanie-4-volumioase-textile-ALBA-1_page-0001-919x1280.jpg\" alt=\"\" class=\"wp-image-119364\" srcset=\"https:\/\/urbeamea.ro\/albaiulia\/wp-content\/uploads\/2025\/09\/Campanie-4-volumioase-textile-ALBA-1_page-0001-919x1280.jpg 919w, https:\/\/urbeamea.ro\/albaiulia\/wp-content\/uploads\/2025\/09\/Campanie-4-volumioase-textile-ALBA-1_page-0001-460x640.jpg 460w, https:\/\/urbeamea.ro\/albaiulia\/wp-content\/uploads\/2025\/09\/Campanie-4-volumioase-textile-ALBA-1_page-0001-108x150.jpg 108w, https:\/\/urbeamea.ro\/albaiulia\/wp-content\/uploads\/2025\/09\/Campanie-4-volumioase-textile-ALBA-1_page-0001-768x1069.jpg 768w, https:\/\/urbeamea.ro\/albaiulia\/wp-content\/uploads\/2025\/09\/Campanie-4-volumioase-textile-ALBA-1_page-0001-1103x1536.jpg 1103w, https:\/\/urbeamea.ro\/albaiulia\/wp-content\/uploads\/2025\/09\/Campanie-4-volumioase-textile-ALBA-1_page-0001.jpg 1149w\" sizes=\"auto, (max-width: 919px) 100vw, 919px\" \/><\/figure>\n\n\n\n<p class=\"wp-block-paragraph\"><strong>Despre Asocierea RER Vest &#8211; RETIM Ecologic Service \u0219i RER Group<\/strong><\/p>\n\n\n\n<p class=\"wp-block-paragraph\"><strong>Asocierea RER Vest SA \u2013 RETIM Ecologic Service <\/strong>a fost \u00eenfiin\u021bat\u0103 cu scopul de a oferi servicii de salubritate profesioniste locuitorilor din jude\u021bul Alba. Astfel, \u00een urma c\u00e2\u0219tig\u0103rii licita\u021biei organizat\u0103 de ADI Salubris Alba, \u00een anul 2019, asocierea este responsabil\u0103 de colectarea \u0219i sortarea de\u0219eurilor din Zona 1: ora\u0219ele Alba Iulia, Aiud, Ocna Mure\u0219, Teiu\u0219, respectiv comunele Ciugud, Berghin, Ohaba, Mihal\u021b, Strem\u021b, Galda de Jos, Cric\u0103u, \u00centregalde, Ighiu, S\u00e2ntimbru, R\u00e2me\u021b, R\u0103de\u0219ti, Rimetea, Lopadea Nou\u0103, Livezile, Mir\u0103sl\u0103u, Ponor, Hop\u00e2rta, F\u0103r\u0103u, No\u0219lac, Lunca Mure\u0219ului, Unirea, \u0219i Zona 2: ora\u0219ele Sebe\u0219, Cugir, respectiv comunele Daia,Cut, Spring, Do\u0219tat, G\u00e2rbova, C\u00e2lnic, S\u0103sciori, Pianu, S\u0103li\u0219tea, Blandiana, Vin\u021bu de Jos, Ceru-B\u0103c\u0103in\u021bi, \u0218ibot, \u0218ugag.<\/p>\n\n\n\n<p class=\"wp-block-paragraph\"><strong>RER Group<\/strong> a fost \u00eenfiin\u021bat \u00een anul 1994 de c\u0103tre concernul german RWE, desf\u0103\u0219ur\u00e2nd activit\u0103\u021bi \u00een domeniul salubrit\u0103\u021bii, recuper\u0103rii ecologice \u0219i recicl\u0103rii. Grupul RER de\u021bine \u0219apte companii \u2013 REBU, RETIM, RER Sud, RER Br\u0103ila, RER Vest, RER Servicii SRL \u0219i RER DATA, iar la finalul anului 2021 avea 2300 de angaja\u021bi.<\/p>\n","protected":false},"excerpt":{"rendered":"<p>\u00cen perioada 1 septembrie \u2013 25 noiembrie 2025, \u00een Zona 1 a jude\u021bului Alba, se desf\u0103\u0219oar\u0103 o nou\u0103 campanie de colectare a de\u0219eurilor voluminoase \u0219i textile, fiecare tip de de\u0219eu fiind colectat separat, \u00een containere dedicate. Campania se desf\u0103\u0219oar\u0103 \u00een ora\u0219ele&nbsp;Alba Iulia, Aiud, Teiu\u0219 \u0219i Ocna Mure\u0219 \u0219i comunele Ciugud, Berghin, Ohaba, Mihal\u021b, Strem\u021b, Galda &hellip;<\/p>\n","protected":false},"author":16,"featured_media":102400,"comment_status":"open","ping_status":"open","sticky":false,"template":"","format":"standard","meta":{"inline_featured_image":false,"footnotes":""},"categories":[1],"tags":[24310],"class_list":["post-119363","post","type-post","status-publish","format-standard","has-post-thumbnail","hentry","category-stiri-urbane","tag-rer-vest-retim"],"yoast_head":"<!-- This site is optimized with the Yoast SEO plugin v28.3 - https:\/\/yoast.com\/product\/yoast-seo-wordpress\/ -->\n<title>O nou\u0103 campanie de colectare de\u0219euri voluminoase \u0219i textile \u00een ZONA 1 Alba - Revista Urbea Mea - Revista de Alba<\/title>\n<meta name=\"description\" content=\"\u00cen perioada 1 septembrie \u2013 25 noiembrie 2025, \u00een Zona 1 a jude\u021bului Alba, se desf\u0103\u0219oar\u0103 o nou\u0103 campanie de colectare a de\u0219eurilor voluminoase \u0219i textile,\" \/>\n<meta name=\"robots\" content=\"index, follow, max-snippet:-1, max-image-preview:large, max-video-preview:-1\" \/>\n<link rel=\"canonical\" href=\"https:\/\/urbeamea.ro\/albaiulia\/o-noua-campanie-de-colectare-deseuri-voluminoase-si-textile-in-zona-1-alba\/\" \/>\n<meta name=\"twitter:card\" content=\"summary_large_image\" \/>\n<meta name=\"twitter:title\" content=\"O nou\u0103 campanie de colectare de\u0219euri voluminoase \u0219i textile \u00een ZONA 1 Alba - Revista Urbea Mea - Revista de Alba\" \/>\n<meta name=\"twitter:description\" content=\"\u00cen perioada 1 septembrie \u2013 25 noiembrie 2025, \u00een Zona 1 a jude\u021bului Alba, se desf\u0103\u0219oar\u0103 o nou\u0103 campanie de colectare a de\u0219eurilor voluminoase \u0219i textile,\" \/>\n<meta name=\"twitter:image\" content=\"https:\/\/urbeamea.ro\/albaiulia\/wp-content\/uploads\/2022\/06\/Presa-Voluminoase-Final-980-\u00d7-680-px.png\" \/>\n<meta name=\"twitter:creator\" content=\"@urbeameaweb\" \/>\n<meta name=\"twitter:site\" content=\"@urbeameaweb\" \/>\n<script type=\"application\/ld+json\" class=\"yoast-schema-graph\">{\"@context\":\"https:\\\/\\\/schema.org\",\"@graph\":[{\"@type\":\"Article\",\"@id\":\"https:\\\/\\\/urbeamea.ro\\\/albaiulia\\\/o-noua-campanie-de-colectare-deseuri-voluminoase-si-textile-in-zona-1-alba\\\/#article\",\"isPartOf\":{\"@id\":\"https:\\\/\\\/urbeamea.ro\\\/albaiulia\\\/o-noua-campanie-de-colectare-deseuri-voluminoase-si-textile-in-zona-1-alba\\\/\"},\"author\":{\"name\":\"Redac\u021bia UrbeaMea\",\"@id\":\"https:\\\/\\\/urbeamea.ro\\\/albaiulia\\\/#\\\/schema\\\/person\\\/272ae98052f8ee8980f59848df070247\"},\"headline\":\"O nou\u0103 campanie de colectare de\u0219euri voluminoase \u0219i textile \u00een ZONA 1 Alba\",\"datePublished\":\"2025-09-01T11:46:18+00:00\",\"dateModified\":\"2025-09-01T11:46:19+00:00\",\"mainEntityOfPage\":{\"@id\":\"https:\\\/\\\/urbeamea.ro\\\/albaiulia\\\/o-noua-campanie-de-colectare-deseuri-voluminoase-si-textile-in-zona-1-alba\\\/\"},\"wordCount\":745,\"commentCount\":0,\"image\":{\"@id\":\"https:\\\/\\\/urbeamea.ro\\\/albaiulia\\\/o-noua-campanie-de-colectare-deseuri-voluminoase-si-textile-in-zona-1-alba\\\/#primaryimage\"},\"thumbnailUrl\":\"https:\\\/\\\/urbeamea.ro\\\/albaiulia\\\/wp-content\\\/uploads\\\/2022\\\/06\\\/Presa-Voluminoase-Final-980-\u00d7-680-px.png\",\"keywords\":[\"rer vest retim\"],\"articleSection\":[\"\u015etiri Urbane\"],\"inLanguage\":\"ro-RO\",\"potentialAction\":[{\"@type\":\"CommentAction\",\"name\":\"Comment\",\"target\":[\"https:\\\/\\\/urbeamea.ro\\\/albaiulia\\\/o-noua-campanie-de-colectare-deseuri-voluminoase-si-textile-in-zona-1-alba\\\/#respond\"]}]},{\"@type\":\"WebPage\",\"@id\":\"https:\\\/\\\/urbeamea.ro\\\/albaiulia\\\/o-noua-campanie-de-colectare-deseuri-voluminoase-si-textile-in-zona-1-alba\\\/\",\"url\":\"https:\\\/\\\/urbeamea.ro\\\/albaiulia\\\/o-noua-campanie-de-colectare-deseuri-voluminoase-si-textile-in-zona-1-alba\\\/\",\"name\":\"O nou\u0103 campanie de colectare de\u0219euri voluminoase \u0219i textile \u00een ZONA 1 Alba - Revista Urbea Mea - Revista de Alba\",\"isPartOf\":{\"@id\":\"https:\\\/\\\/urbeamea.ro\\\/albaiulia\\\/#website\"},\"primaryImageOfPage\":{\"@id\":\"https:\\\/\\\/urbeamea.ro\\\/albaiulia\\\/o-noua-campanie-de-colectare-deseuri-voluminoase-si-textile-in-zona-1-alba\\\/#primaryimage\"},\"image\":{\"@id\":\"https:\\\/\\\/urbeamea.ro\\\/albaiulia\\\/o-noua-campanie-de-colectare-deseuri-voluminoase-si-textile-in-zona-1-alba\\\/#primaryimage\"},\"thumbnailUrl\":\"https:\\\/\\\/urbeamea.ro\\\/albaiulia\\\/wp-content\\\/uploads\\\/2022\\\/06\\\/Presa-Voluminoase-Final-980-\u00d7-680-px.png\",\"datePublished\":\"2025-09-01T11:46:18+00:00\",\"dateModified\":\"2025-09-01T11:46:19+00:00\",\"author\":{\"@id\":\"https:\\\/\\\/urbeamea.ro\\\/albaiulia\\\/#\\\/schema\\\/person\\\/272ae98052f8ee8980f59848df070247\"},\"description\":\"\u00cen perioada 1 septembrie \u2013 25 noiembrie 2025, \u00een Zona 1 a jude\u021bului Alba, se desf\u0103\u0219oar\u0103 o nou\u0103 campanie de colectare a de\u0219eurilor voluminoase \u0219i textile,\",\"breadcrumb\":{\"@id\":\"https:\\\/\\\/urbeamea.ro\\\/albaiulia\\\/o-noua-campanie-de-colectare-deseuri-voluminoase-si-textile-in-zona-1-alba\\\/#breadcrumb\"},\"inLanguage\":\"ro-RO\",\"potentialAction\":[{\"@type\":\"ReadAction\",\"target\":[\"https:\\\/\\\/urbeamea.ro\\\/albaiulia\\\/o-noua-campanie-de-colectare-deseuri-voluminoase-si-textile-in-zona-1-alba\\\/\"]}]},{\"@type\":\"ImageObject\",\"inLanguage\":\"ro-RO\",\"@id\":\"https:\\\/\\\/urbeamea.ro\\\/albaiulia\\\/o-noua-campanie-de-colectare-deseuri-voluminoase-si-textile-in-zona-1-alba\\\/#primaryimage\",\"url\":\"https:\\\/\\\/urbeamea.ro\\\/albaiulia\\\/wp-content\\\/uploads\\\/2022\\\/06\\\/Presa-Voluminoase-Final-980-\u00d7-680-px.png\",\"contentUrl\":\"https:\\\/\\\/urbeamea.ro\\\/albaiulia\\\/wp-content\\\/uploads\\\/2022\\\/06\\\/Presa-Voluminoase-Final-980-\u00d7-680-px.png\",\"width\":980,\"height\":680},{\"@type\":\"BreadcrumbList\",\"@id\":\"https:\\\/\\\/urbeamea.ro\\\/albaiulia\\\/o-noua-campanie-de-colectare-deseuri-voluminoase-si-textile-in-zona-1-alba\\\/#breadcrumb\",\"itemListElement\":[{\"@type\":\"ListItem\",\"position\":1,\"name\":\"Prima pagin\u0103\",\"item\":\"https:\\\/\\\/urbeamea.ro\\\/albaiulia\\\/\"},{\"@type\":\"ListItem\",\"position\":2,\"name\":\"O nou\u0103 campanie de colectare de\u0219euri voluminoase \u0219i textile \u00een ZONA 1 Alba\"}]},{\"@type\":\"WebSite\",\"@id\":\"https:\\\/\\\/urbeamea.ro\\\/albaiulia\\\/#website\",\"url\":\"https:\\\/\\\/urbeamea.ro\\\/albaiulia\\\/\",\"name\":\"Revista Urbea Mea, Stiri urbane\",\"description\":\"Evenimente \u0219i \u0219tiri din Alba Iulia, Sebe\u0219, Aiud, Blaj\",\"potentialAction\":[{\"@type\":\"SearchAction\",\"target\":{\"@type\":\"EntryPoint\",\"urlTemplate\":\"https:\\\/\\\/urbeamea.ro\\\/albaiulia\\\/?s={search_term_string}\"},\"query-input\":{\"@type\":\"PropertyValueSpecification\",\"valueRequired\":true,\"valueName\":\"search_term_string\"}}],\"inLanguage\":\"ro-RO\"},{\"@type\":\"Person\",\"@id\":\"https:\\\/\\\/urbeamea.ro\\\/albaiulia\\\/#\\\/schema\\\/person\\\/272ae98052f8ee8980f59848df070247\",\"name\":\"Redac\u021bia UrbeaMea\",\"image\":{\"@type\":\"ImageObject\",\"inLanguage\":\"ro-RO\",\"@id\":\"https:\\\/\\\/secure.gravatar.com\\\/avatar\\\/9ce5a9435071fa1037e8468053ead8e513dbbff59009d3069aadb85506d85a27?s=96&d=mm&r=g\",\"url\":\"https:\\\/\\\/secure.gravatar.com\\\/avatar\\\/9ce5a9435071fa1037e8468053ead8e513dbbff59009d3069aadb85506d85a27?s=96&d=mm&r=g\",\"contentUrl\":\"https:\\\/\\\/secure.gravatar.com\\\/avatar\\\/9ce5a9435071fa1037e8468053ead8e513dbbff59009d3069aadb85506d85a27?s=96&d=mm&r=g\",\"caption\":\"Redac\u021bia UrbeaMea\"},\"description\":\"contact@urbeamea.ro\",\"sameAs\":[\"https:\\\/\\\/www.urbeamea.ro\"],\"url\":\"https:\\\/\\\/urbeamea.ro\\\/albaiulia\\\/author\\\/redactia-urbeamea\\\/\"}]}<\/script>\n<!-- \/ Yoast SEO plugin. -->","yoast_head_json":{"title":"O nou\u0103 campanie de colectare de\u0219euri voluminoase \u0219i textile \u00een ZONA 1 Alba - Revista Urbea Mea - Revista de Alba","description":"\u00cen perioada 1 septembrie \u2013 25 noiembrie 2025, \u00een Zona 1 a jude\u021bului Alba, se desf\u0103\u0219oar\u0103 o nou\u0103 campanie de colectare a de\u0219eurilor voluminoase \u0219i textile,","robots":{"index":"index","follow":"follow","max-snippet":"max-snippet:-1","max-image-preview":"max-image-preview:large","max-video-preview":"max-video-preview:-1"},"canonical":"https:\/\/urbeamea.ro\/albaiulia\/o-noua-campanie-de-colectare-deseuri-voluminoase-si-textile-in-zona-1-alba\/","twitter_card":"summary_large_image","twitter_title":"O nou\u0103 campanie de colectare de\u0219euri voluminoase \u0219i textile \u00een ZONA 1 Alba - Revista Urbea Mea - Revista de Alba","twitter_description":"\u00cen perioada 1 septembrie \u2013 25 noiembrie 2025, \u00een Zona 1 a jude\u021bului Alba, se desf\u0103\u0219oar\u0103 o nou\u0103 campanie de colectare a de\u0219eurilor voluminoase \u0219i textile,","twitter_image":"https:\/\/urbeamea.ro\/albaiulia\/wp-content\/uploads\/2022\/06\/Presa-Voluminoase-Final-980-\u00d7-680-px.png","twitter_creator":"@urbeameaweb","twitter_site":"@urbeameaweb","schema":{"@context":"https:\/\/schema.org","@graph":[{"@type":"Article","@id":"https:\/\/urbeamea.ro\/albaiulia\/o-noua-campanie-de-colectare-deseuri-voluminoase-si-textile-in-zona-1-alba\/#article","isPartOf":{"@id":"https:\/\/urbeamea.ro\/albaiulia\/o-noua-campanie-de-colectare-deseuri-voluminoase-si-textile-in-zona-1-alba\/"},"author":{"name":"Redac\u021bia UrbeaMea","@id":"https:\/\/urbeamea.ro\/albaiulia\/#\/schema\/person\/272ae98052f8ee8980f59848df070247"},"headline":"O nou\u0103 campanie de colectare de\u0219euri voluminoase \u0219i textile \u00een ZONA 1 Alba","datePublished":"2025-09-01T11:46:18+00:00","dateModified":"2025-09-01T11:46:19+00:00","mainEntityOfPage":{"@id":"https:\/\/urbeamea.ro\/albaiulia\/o-noua-campanie-de-colectare-deseuri-voluminoase-si-textile-in-zona-1-alba\/"},"wordCount":745,"commentCount":0,"image":{"@id":"https:\/\/urbeamea.ro\/albaiulia\/o-noua-campanie-de-colectare-deseuri-voluminoase-si-textile-in-zona-1-alba\/#primaryimage"},"thumbnailUrl":"https:\/\/urbeamea.ro\/albaiulia\/wp-content\/uploads\/2022\/06\/Presa-Voluminoase-Final-980-\u00d7-680-px.png","keywords":["rer vest retim"],"articleSection":["\u015etiri Urbane"],"inLanguage":"ro-RO","potentialAction":[{"@type":"CommentAction","name":"Comment","target":["https:\/\/urbeamea.ro\/albaiulia\/o-noua-campanie-de-colectare-deseuri-voluminoase-si-textile-in-zona-1-alba\/#respond"]}]},{"@type":"WebPage","@id":"https:\/\/urbeamea.ro\/albaiulia\/o-noua-campanie-de-colectare-deseuri-voluminoase-si-textile-in-zona-1-alba\/","url":"https:\/\/urbeamea.ro\/albaiulia\/o-noua-campanie-de-colectare-deseuri-voluminoase-si-textile-in-zona-1-alba\/","name":"O nou\u0103 campanie de colectare de\u0219euri voluminoase \u0219i textile \u00een ZONA 1 Alba - Revista Urbea Mea - Revista de Alba","isPartOf":{"@id":"https:\/\/urbeamea.ro\/albaiulia\/#website"},"primaryImageOfPage":{"@id":"https:\/\/urbeamea.ro\/albaiulia\/o-noua-campanie-de-colectare-deseuri-voluminoase-si-textile-in-zona-1-alba\/#primaryimage"},"image":{"@id":"https:\/\/urbeamea.ro\/albaiulia\/o-noua-campanie-de-colectare-deseuri-voluminoase-si-textile-in-zona-1-alba\/#primaryimage"},"thumbnailUrl":"https:\/\/urbeamea.ro\/albaiulia\/wp-content\/uploads\/2022\/06\/Presa-Voluminoase-Final-980-\u00d7-680-px.png","datePublished":"2025-09-01T11:46:18+00:00","dateModified":"2025-09-01T11:46:19+00:00","author":{"@id":"https:\/\/urbeamea.ro\/albaiulia\/#\/schema\/person\/272ae98052f8ee8980f59848df070247"},"description":"\u00cen perioada 1 septembrie \u2013 25 noiembrie 2025, \u00een Zona 1 a jude\u021bului Alba, se desf\u0103\u0219oar\u0103 o nou\u0103 campanie de colectare a de\u0219eurilor voluminoase \u0219i textile,","breadcrumb":{"@id":"https:\/\/urbeamea.ro\/albaiulia\/o-noua-campanie-de-colectare-deseuri-voluminoase-si-textile-in-zona-1-alba\/#breadcrumb"},"inLanguage":"ro-RO","potentialAction":[{"@type":"ReadAction","target":["https:\/\/urbeamea.ro\/albaiulia\/o-noua-campanie-de-colectare-deseuri-voluminoase-si-textile-in-zona-1-alba\/"]}]},{"@type":"ImageObject","inLanguage":"ro-RO","@id":"https:\/\/urbeamea.ro\/albaiulia\/o-noua-campanie-de-colectare-deseuri-voluminoase-si-textile-in-zona-1-alba\/#primaryimage","url":"https:\/\/urbeamea.ro\/albaiulia\/wp-content\/uploads\/2022\/06\/Presa-Voluminoase-Final-980-\u00d7-680-px.png","contentUrl":"https:\/\/urbeamea.ro\/albaiulia\/wp-content\/uploads\/2022\/06\/Presa-Voluminoase-Final-980-\u00d7-680-px.png","width":980,"height":680},{"@type":"BreadcrumbList","@id":"https:\/\/urbeamea.ro\/albaiulia\/o-noua-campanie-de-colectare-deseuri-voluminoase-si-textile-in-zona-1-alba\/#breadcrumb","itemListElement":[{"@type":"ListItem","position":1,"name":"Prima pagin\u0103","item":"https:\/\/urbeamea.ro\/albaiulia\/"},{"@type":"ListItem","position":2,"name":"O nou\u0103 campanie de colectare de\u0219euri voluminoase \u0219i textile \u00een ZONA 1 Alba"}]},{"@type":"WebSite","@id":"https:\/\/urbeamea.ro\/albaiulia\/#website","url":"https:\/\/urbeamea.ro\/albaiulia\/","name":"Revista Urbea Mea, Stiri urbane","description":"Evenimente \u0219i \u0219tiri din Alba Iulia, Sebe\u0219, Aiud, Blaj","potentialAction":[{"@type":"SearchAction","target":{"@type":"EntryPoint","urlTemplate":"https:\/\/urbeamea.ro\/albaiulia\/?s={search_term_string}"},"query-input":{"@type":"PropertyValueSpecification","valueRequired":true,"valueName":"search_term_string"}}],"inLanguage":"ro-RO"},{"@type":"Person","@id":"https:\/\/urbeamea.ro\/albaiulia\/#\/schema\/person\/272ae98052f8ee8980f59848df070247","name":"Redac\u021bia UrbeaMea","image":{"@type":"ImageObject","inLanguage":"ro-RO","@id":"https:\/\/secure.gravatar.com\/avatar\/9ce5a9435071fa1037e8468053ead8e513dbbff59009d3069aadb85506d85a27?s=96&d=mm&r=g","url":"https:\/\/secure.gravatar.com\/avatar\/9ce5a9435071fa1037e8468053ead8e513dbbff59009d3069aadb85506d85a27?s=96&d=mm&r=g","contentUrl":"https:\/\/secure.gravatar.com\/avatar\/9ce5a9435071fa1037e8468053ead8e513dbbff59009d3069aadb85506d85a27?s=96&d=mm&r=g","caption":"Redac\u021bia UrbeaMea"},"description":"contact@urbeamea.ro","sameAs":["https:\/\/www.urbeamea.ro"],"url":"https:\/\/urbeamea.ro\/albaiulia\/author\/redactia-urbeamea\/"}]}},"_links":{"self":[{"href":"https:\/\/urbeamea.ro\/albaiulia\/wp-json\/wp\/v2\/posts\/119363","targetHints":{"allow":["GET"]}}],"collection":[{"href":"https:\/\/urbeamea.ro\/albaiulia\/wp-json\/wp\/v2\/posts"}],"about":[{"href":"https:\/\/urbeamea.ro\/albaiulia\/wp-json\/wp\/v2\/types\/post"}],"author":[{"embeddable":true,"href":"https:\/\/urbeamea.ro\/albaiulia\/wp-json\/wp\/v2\/users\/16"}],"replies":[{"embeddable":true,"href":"https:\/\/urbeamea.ro\/albaiulia\/wp-json\/wp\/v2\/comments?post=119363"}],"version-history":[{"count":1,"href":"https:\/\/urbeamea.ro\/albaiulia\/wp-json\/wp\/v2\/posts\/119363\/revisions"}],"predecessor-version":[{"id":119365,"href":"https:\/\/urbeamea.ro\/albaiulia\/wp-json\/wp\/v2\/posts\/119363\/revisions\/119365"}],"wp:featuredmedia":[{"embeddable":true,"href":"https:\/\/urbeamea.ro\/albaiulia\/wp-json\/wp\/v2\/media\/102400"}],"wp:attachment":[{"href":"https:\/\/urbeamea.ro\/albaiulia\/wp-json\/wp\/v2\/media?parent=119363"}],"wp:term":[{"taxonomy":"category","embeddable":true,"href":"https:\/\/urbeamea.ro\/albaiulia\/wp-json\/wp\/v2\/categories?post=119363"},{"taxonomy":"post_tag","embeddable":true,"href":"https:\/\/urbeamea.ro\/albaiulia\/wp-json\/wp\/v2\/tags?post=119363"}],"curies":[{"name":"wp","href":"https:\/\/api.w.org\/{rel}","templated":true}]}}