{"id":119369,"date":"2025-09-01T16:57:09","date_gmt":"2025-09-01T13:57:09","guid":{"rendered":"https:\/\/urbeamea.ro\/albaiulia\/?p=119369"},"modified":"2025-09-01T16:57:10","modified_gmt":"2025-09-01T13:57:10","slug":"gradinita-si-cresa-blauer-stern-din-sebes-un-reper-al-educatiei-timpurii-sustenabile-inaugurata-pe-1-septembrie-2025","status":"publish","type":"post","link":"https:\/\/urbeamea.ro\/albaiulia\/gradinita-si-cresa-blauer-stern-din-sebes-un-reper-al-educatiei-timpurii-sustenabile-inaugurata-pe-1-septembrie-2025\/","title":{"rendered":"Gr\u0103dini\u021ba \u0219i Cre\u0219a \u201eBlauer Stern\u201d din Sebe\u0219: un reper al educa\u021biei timpurii sustenabile, inaugurat\u0103 pe 1 septembrie 2025"},"content":{"rendered":"\n<ul class=\"wp-block-list\">\n<li>Centru educa\u021bional nou dedicat sus\u021binerii familiilor din zona industrial\u0103 a municipiului Sebe\u0219<\/li>\n\n\n\n<li>Strategie de sustenabilitate care integreaz\u0103 aspecte ecologice, sociale \u0219i economice, pentru a crea valoare pe termen lung pentru oameni \u0219i mediu<\/li>\n\n\n\n<li>Cl\u0103dire sustenabil\u0103 \u0219i eficient\u0103 energetic, echipat\u0103 cu panouri fotovoltaice \u0219i pompe de c\u0103ldur\u0103<\/li>\n\n\n\n<li>Proiect sus\u021binut \u00een \u00eentregime de Star Assembly<\/li>\n<\/ul>\n\n\n\n<p><strong>Sebe\u0219, Rom\u00e2nia, 1 septembrie 2025 <\/strong>\u2013 Gr\u0103dini\u021ba \u0219i Cre\u0219a \u201eBlauer Stern\u201d, o institu\u021bie inovatoare \u00een domeniul educa\u021biei timpurii, a fost inaugurat\u0103 ast\u0103zi. Proiectul a fost realizat prin colaborarea str\u00e2ns\u0103 \u00eentre Star Assembly, companie subsidiar\u0103 Mercedes-Benz, Asocia\u021bia Comitetului de P\u0103rin\u021bi al Liceului German Sebe\u0219 \u0219i Prim\u0103ria Municipiului Sebe\u0219, reprezent\u00e2nd un pas important \u00een asigurarea accesului la o educa\u021bie timpurie de calitate \u00een regiune.<\/p>\n\n\n\n<p>Ceremonia de t\u0103iere a panglicii a avut loc \u00een prezen\u021ba reprezentan\u021bilor locali \u0219i jude\u021beni, ai societ\u0103\u021bii civile \u0219i a cadrelor didactice, marc\u00e2nd lansarea unuia dintre cele mai semnificative proiecte comunitare sus\u021binute de Star Assembly p\u00e2n\u0103 \u00een prezent.<\/p>\n\n\n\n<figure class=\"wp-block-image size-large\"><img loading=\"lazy\" decoding=\"async\" width=\"1280\" height=\"854\" src=\"https:\/\/urbeamea.ro\/albaiulia\/wp-content\/uploads\/2025\/09\/2-1-1280x854.jpg\" alt=\"\" class=\"wp-image-119372\" srcset=\"https:\/\/urbeamea.ro\/albaiulia\/wp-content\/uploads\/2025\/09\/2-1-1280x854.jpg 1280w, https:\/\/urbeamea.ro\/albaiulia\/wp-content\/uploads\/2025\/09\/2-1-640x427.jpg 640w, https:\/\/urbeamea.ro\/albaiulia\/wp-content\/uploads\/2025\/09\/2-1-150x100.jpg 150w, https:\/\/urbeamea.ro\/albaiulia\/wp-content\/uploads\/2025\/09\/2-1-768x512.jpg 768w, https:\/\/urbeamea.ro\/albaiulia\/wp-content\/uploads\/2025\/09\/2-1-1536x1024.jpg 1536w, https:\/\/urbeamea.ro\/albaiulia\/wp-content\/uploads\/2025\/09\/2-1.jpg 1600w\" sizes=\"auto, (max-width: 1280px) 100vw, 1280px\" \/><\/figure>\n\n\n\n<blockquote class=\"wp-block-quote is-layout-flow wp-block-quote-is-layout-flow\">\n<p><strong>La Star Assembly, consider\u0103m educa\u021bia o investi\u021bie pe termen lung \u2013 nu doar \u00een oameni, ci \u0219i \u00een rezilien\u021ba comunit\u0103\u021bilor \u00een care ne desf\u0103\u0219ur\u0103m activitatea. Centrul \u2018Blauer Stern\u2019 reflect\u0103 angajamentul nostru pentru sustenabilitate, infrastructur\u0103 de calitate \u0219i dezvoltare comun\u0103. Este mai mult dec\u00e2t o investi\u021bie \u00een infrastructura educa\u021bional\u0103; este un simbol al colabor\u0103rii autentice, de lung\u0103 durat\u0103, care pune educa\u021bia \u0219i binele copiilor \u00een centrul dezvolt\u0103rii locale. Mul\u021bumim Prim\u0103riei Sebe\u0219 \u0219i Asocia\u021biei Comitetului de P\u0103rin\u021bi pentru \u00eencrederea \u0219i parteneriatul constant pe durata acestui proiect. Suntem \u00eencrez\u0103tori c\u0103 \u2018Blauer Stern\u2019 va deveni un pilon al educa\u021biei de calitate \u00een Sebe\u0219.<\/strong><\/p>\n\n\n\n<p>Gheorghe Achim, Director General Star Transmission &amp; Star Assembly<\/p>\n<\/blockquote>\n\n\n\n<p>Cu o suprafa\u021b\u0103 de aproape 1.500 m\u00b2 \u0219i un design modular \u00een form\u0103 de stea, cl\u0103direa \u201eBlauer Stern\u201d ofer\u0103 spa\u021bii dedicate pentru gr\u0103dini\u021b\u0103, cre\u0219\u0103, birouri administrative, cabinet medical, un atrium central multifunc\u021bional cu bibliotec\u0103 \u0219i resurse multimedia, precum \u0219i un loc de joac\u0103 modern.<\/p>\n\n\n\n<p>Construc\u021bia este un exemplu de design ecologic \u0219i inovator, fiind dotat\u0103 cu panouri fotovoltaice, pompe de c\u0103ldur\u0103, sisteme inteligente de iluminat \u0219i ventila\u021bie, solu\u021bii pentru colectarea apei pluviale \u0219i principii de construc\u021bie sustenabil\u0103, toate acestea pentru a minimiza impactul asupra mediului.<\/p>\n\n\n\n<p>Conceput\u0103 pentru a g\u0103zdui p\u00e2n\u0103 la 110 copii, noua institu\u021bie ofer\u0103 un program educa\u021bional \u00een limba german\u0103, coordonat de Liceul German Sebe\u0219, al\u0103turi de programe after-school menite s\u0103 sprijine p\u0103rin\u021bii care lucreaz\u0103, \u00een special cei din zona industrial\u0103 a municipiului.<\/p>\n\n\n\n<figure class=\"wp-block-gallery has-nested-images columns-default is-cropped wp-block-gallery-1 is-layout-flex wp-block-gallery-is-layout-flex\">\n<figure class=\"wp-block-image size-large\"><img loading=\"lazy\" decoding=\"async\" width=\"1600\" height=\"1067\" data-id=\"119373\" src=\"https:\/\/urbeamea.ro\/albaiulia\/wp-content\/uploads\/2025\/09\/4-1280x854.jpg\" alt=\"\" class=\"wp-image-119373\" srcset=\"https:\/\/urbeamea.ro\/albaiulia\/wp-content\/uploads\/2025\/09\/4-1280x854.jpg 1280w, https:\/\/urbeamea.ro\/albaiulia\/wp-content\/uploads\/2025\/09\/4-640x427.jpg 640w, https:\/\/urbeamea.ro\/albaiulia\/wp-content\/uploads\/2025\/09\/4-150x100.jpg 150w, https:\/\/urbeamea.ro\/albaiulia\/wp-content\/uploads\/2025\/09\/4-768x512.jpg 768w, https:\/\/urbeamea.ro\/albaiulia\/wp-content\/uploads\/2025\/09\/4-1536x1024.jpg 1536w, https:\/\/urbeamea.ro\/albaiulia\/wp-content\/uploads\/2025\/09\/4.jpg 1600w\" sizes=\"auto, (max-width: 1600px) 100vw, 1600px\" \/><\/figure>\n\n\n\n<figure class=\"wp-block-image size-large\"><img loading=\"lazy\" decoding=\"async\" width=\"1280\" height=\"854\" data-id=\"119374\" src=\"https:\/\/urbeamea.ro\/albaiulia\/wp-content\/uploads\/2025\/09\/5-1280x854.jpg\" alt=\"\" class=\"wp-image-119374\" srcset=\"https:\/\/urbeamea.ro\/albaiulia\/wp-content\/uploads\/2025\/09\/5-1280x854.jpg 1280w, https:\/\/urbeamea.ro\/albaiulia\/wp-content\/uploads\/2025\/09\/5-640x427.jpg 640w, https:\/\/urbeamea.ro\/albaiulia\/wp-content\/uploads\/2025\/09\/5-150x100.jpg 150w, https:\/\/urbeamea.ro\/albaiulia\/wp-content\/uploads\/2025\/09\/5-768x512.jpg 768w, https:\/\/urbeamea.ro\/albaiulia\/wp-content\/uploads\/2025\/09\/5-1536x1024.jpg 1536w, https:\/\/urbeamea.ro\/albaiulia\/wp-content\/uploads\/2025\/09\/5.jpg 1600w\" sizes=\"auto, (max-width: 1280px) 100vw, 1280px\" \/><\/figure>\n<\/figure>\n\n\n\n<blockquote class=\"wp-block-quote is-layout-flow wp-block-quote-is-layout-flow\">\n<p><strong>Ne bucur\u0103 s\u0103 vedem c\u0103 municipiul Sebe\u0219 beneficiaz\u0103 de un nou centru modern de educa\u021bie timpurie, care reflect\u0103 viziunea noastr\u0103 pentru un ora\u0219 sustenabil, incluziv \u0219i orientat spre viitor. Aceast\u0103 investi\u021bie r\u0103spunde concret nevoilor reale ale familiilor tinere \u0219i aduce o contribu\u021bie valoroas\u0103 la peisajul educa\u021bional local. Proiectul sus\u021bine educa\u021bia bilingv\u0103, integreaz\u0103 solu\u021bii eficiente energetic \u0219i demonstreaz\u0103 ce poate fi realizat printr-un parteneriat autentic \u00eentre sectorul public \u0219i cel privat. \u00cen numele \u00eentregii comunit\u0103\u021bi, adresez mul\u021bumiri companiei Star Assembly pentru sprijinul generos \u0219i Asocia\u021biei Comitetului de P\u0103rin\u021bi al Liceului German Sebe\u0219 pentru perseveren\u021ba \u0219i implicarea remarcabil\u0103.<\/strong><\/p>\n\n\n\n<p>Dorin Nistor, Primarul Municipiului Sebe\u0219<\/p>\n<\/blockquote>\n\n\n\n<figure class=\"wp-block-image size-large\"><img loading=\"lazy\" decoding=\"async\" width=\"1280\" height=\"854\" src=\"https:\/\/urbeamea.ro\/albaiulia\/wp-content\/uploads\/2025\/09\/3-1280x854.jpg\" alt=\"\" class=\"wp-image-119375\" srcset=\"https:\/\/urbeamea.ro\/albaiulia\/wp-content\/uploads\/2025\/09\/3-1280x854.jpg 1280w, https:\/\/urbeamea.ro\/albaiulia\/wp-content\/uploads\/2025\/09\/3-640x427.jpg 640w, https:\/\/urbeamea.ro\/albaiulia\/wp-content\/uploads\/2025\/09\/3-150x100.jpg 150w, https:\/\/urbeamea.ro\/albaiulia\/wp-content\/uploads\/2025\/09\/3-768x512.jpg 768w, https:\/\/urbeamea.ro\/albaiulia\/wp-content\/uploads\/2025\/09\/3-1536x1024.jpg 1536w, https:\/\/urbeamea.ro\/albaiulia\/wp-content\/uploads\/2025\/09\/3.jpg 1600w\" sizes=\"auto, (max-width: 1280px) 100vw, 1280px\" \/><\/figure>\n\n\n\n<p>Proiectul de construire \u0219i dotare a centrului \u201eBlauer Stern\u201d a fost finan\u021bat integral de Star Assembly. Cl\u0103direa a fost realizat\u0103 pe terenul oferit de Prim\u0103ria Municipiului Sebe\u0219. \u00cen continuare, Prim\u0103ria va acoperi costurile opera\u021bionale \u0219i cele administrative ale centrului, asigur\u00e2nd func\u021bionarea acestuia pe termen lung \u0219i sprijinul continuu pentru familiile din zon\u0103. Acest proiect nu doar c\u0103 extinde accesul la educa\u021bia timpurie, ci \u0219i creeaz\u0103 noi locuri de munc\u0103 pentru comunitate, fiind o dovad\u0103 clar\u0103 a angajamentului comun al partenerilor pentru responsabilitate social\u0103 \u0219i dezvoltare durabil\u0103.<\/p>\n\n\n\n<blockquote class=\"wp-block-quote is-layout-flow wp-block-quote-is-layout-flow\">\n<p><strong>Este o deosebit\u0103 bucurie s\u0103 vedem ast\u0103zi finalizat acest amplu proiect. A fost o onoare pentru noi s\u0103 contribuim, al\u0103turi de compania Star Assembly \u0219i Prim\u0103ria Sebe\u0219, la dezvoltarea \u0219i \u00eembun\u0103t\u0103\u021birea educa\u021biei copiilor din comunitatea Sebe\u0219. Pe aceast\u0103 cale, le mul\u021bumim tuturor pentru \u00eencrederea acordat\u0103 \u2013 f\u0103r\u0103 acest sprijin, implicarea noastr\u0103 nu ar fi fost posibil\u0103. Ast\u0103zi putem ura un bucuros \u201ebun venit\u201d multor copii care \u00ee\u0219i vor putea croi un drum \u00een via\u021b\u0103 \u00eentr-un mediu modern, atractiv \u0219i primitor. Implicarea pentru binele comunit\u0103\u021bii r\u0103m\u00e2ne o prioritate pentru noi. \u201aBlauer Stern\u2019 va fi un loc de referin\u021b\u0103 pentru to\u021bi cei care \u00eei vor trece pragul, pentru c\u0103 acolo unde exist\u0103 voin\u021b\u0103 \u0219i bun\u0103 credin\u021b\u0103, pot prinde via\u021b\u0103 lucruri frumoase.<\/strong><\/p>\n\n\n\n<p>Phin\u00e9as M\u00fcller, Pre\u0219edintele Asocia\u021biei Comitetului de P\u0103rin\u021bi al Liceului German Sebe\u0219<\/p>\n<\/blockquote>\n\n\n\n<p>Dezvoltat\u0103 printr-un parteneriat public-privat \u00eentre Star Assembly, autorit\u0103\u021bile locale \u0219i societatea civil\u0103, aceast\u0103 ini\u021biativ\u0103 reflect\u0103 un angajament comun fa\u021b\u0103 de dezvoltarea comunit\u0103\u021bii \u0219i cre\u0219terea sustenabil\u0103.<\/p>\n","protected":false},"excerpt":{"rendered":"<p>Centru educa\u021bional nou dedicat sus\u021binerii familiilor din zona industrial\u0103 a municipiului Sebe\u0219 Strategie de sustenabilitate care integreaz\u0103 aspecte ecologice, sociale \u0219i economice, pentru a crea valoare pe termen lung pentru oameni \u0219i mediu Cl\u0103dire sustenabil\u0103 \u0219i eficient\u0103 energetic, echipat\u0103 cu panouri fotovoltaice \u0219i pompe de c\u0103ldur\u0103 Proiect sus\u021binut \u00een \u00eentregime de Star Assembly Sebe\u0219, Rom\u00e2nia, &hellip;<\/p>\n","protected":false},"author":16,"featured_media":119370,"comment_status":"open","ping_status":"open","sticky":false,"template":"","format":"standard","meta":{"inline_featured_image":false,"footnotes":""},"categories":[1],"tags":[17300,3622],"class_list":["post-119369","post","type-post","status-publish","format-standard","has-post-thumbnail","hentry","category-stiri-urbane","tag-municipiul-sebes","tag-star-assembly"],"yoast_head":"<!-- This site is optimized with the Yoast SEO plugin v27.4 - https:\/\/yoast.com\/product\/yoast-seo-wordpress\/ -->\n<title>Gr\u0103dini\u021ba \u0219i Cre\u0219a \u201eBlauer Stern\u201d din Sebe\u0219: un reper al educa\u021biei timpurii sustenabile, inaugurat\u0103 pe 1 septembrie 2025 - Revista Urbea Mea - Revista de Alba<\/title>\n<meta name=\"description\" content=\"Centru educa\u021bional nou dedicat sus\u021binerii familiilor din zona industrial\u0103 a municipiului Sebe\u0219 Strategie de sustenabilitate care integreaz\u0103 aspecte\" \/>\n<meta name=\"robots\" content=\"index, follow, max-snippet:-1, max-image-preview:large, max-video-preview:-1\" \/>\n<link rel=\"canonical\" href=\"https:\/\/urbeamea.ro\/albaiulia\/gradinita-si-cresa-blauer-stern-din-sebes-un-reper-al-educatiei-timpurii-sustenabile-inaugurata-pe-1-septembrie-2025\/\" \/>\n<meta name=\"twitter:card\" content=\"summary_large_image\" \/>\n<meta name=\"twitter:title\" content=\"Gr\u0103dini\u021ba \u0219i Cre\u0219a \u201eBlauer Stern\u201d din Sebe\u0219: un reper al educa\u021biei timpurii sustenabile, inaugurat\u0103 pe 1 septembrie 2025 - Revista Urbea Mea - Revista de Alba\" \/>\n<meta name=\"twitter:description\" content=\"Centru educa\u021bional nou dedicat sus\u021binerii familiilor din zona industrial\u0103 a municipiului Sebe\u0219 Strategie de sustenabilitate care integreaz\u0103 aspecte\" \/>\n<meta name=\"twitter:image\" content=\"https:\/\/urbeamea.ro\/albaiulia\/wp-content\/uploads\/2025\/09\/1.jpg\" \/>\n<meta name=\"twitter:creator\" content=\"@urbeameaweb\" \/>\n<meta name=\"twitter:site\" content=\"@urbeameaweb\" \/>\n<script type=\"application\/ld+json\" class=\"yoast-schema-graph\">{\"@context\":\"https:\\\/\\\/schema.org\",\"@graph\":[{\"@type\":\"Article\",\"@id\":\"https:\\\/\\\/urbeamea.ro\\\/albaiulia\\\/gradinita-si-cresa-blauer-stern-din-sebes-un-reper-al-educatiei-timpurii-sustenabile-inaugurata-pe-1-septembrie-2025\\\/#article\",\"isPartOf\":{\"@id\":\"https:\\\/\\\/urbeamea.ro\\\/albaiulia\\\/gradinita-si-cresa-blauer-stern-din-sebes-un-reper-al-educatiei-timpurii-sustenabile-inaugurata-pe-1-septembrie-2025\\\/\"},\"author\":{\"name\":\"Redac\u021bia UrbeaMea\",\"@id\":\"https:\\\/\\\/urbeamea.ro\\\/albaiulia\\\/#\\\/schema\\\/person\\\/272ae98052f8ee8980f59848df070247\"},\"headline\":\"Gr\u0103dini\u021ba \u0219i Cre\u0219a \u201eBlauer Stern\u201d din Sebe\u0219: un reper al educa\u021biei timpurii sustenabile, inaugurat\u0103 pe 1 septembrie 2025\",\"datePublished\":\"2025-09-01T13:57:09+00:00\",\"dateModified\":\"2025-09-01T13:57:10+00:00\",\"mainEntityOfPage\":{\"@id\":\"https:\\\/\\\/urbeamea.ro\\\/albaiulia\\\/gradinita-si-cresa-blauer-stern-din-sebes-un-reper-al-educatiei-timpurii-sustenabile-inaugurata-pe-1-septembrie-2025\\\/\"},\"wordCount\":848,\"commentCount\":0,\"image\":{\"@id\":\"https:\\\/\\\/urbeamea.ro\\\/albaiulia\\\/gradinita-si-cresa-blauer-stern-din-sebes-un-reper-al-educatiei-timpurii-sustenabile-inaugurata-pe-1-septembrie-2025\\\/#primaryimage\"},\"thumbnailUrl\":\"https:\\\/\\\/urbeamea.ro\\\/albaiulia\\\/wp-content\\\/uploads\\\/2025\\\/09\\\/1.jpg\",\"keywords\":[\"municipiul sebes\",\"Star Assembly\"],\"articleSection\":[\"\u015etiri Urbane\"],\"inLanguage\":\"ro-RO\",\"potentialAction\":[{\"@type\":\"CommentAction\",\"name\":\"Comment\",\"target\":[\"https:\\\/\\\/urbeamea.ro\\\/albaiulia\\\/gradinita-si-cresa-blauer-stern-din-sebes-un-reper-al-educatiei-timpurii-sustenabile-inaugurata-pe-1-septembrie-2025\\\/#respond\"]}]},{\"@type\":\"WebPage\",\"@id\":\"https:\\\/\\\/urbeamea.ro\\\/albaiulia\\\/gradinita-si-cresa-blauer-stern-din-sebes-un-reper-al-educatiei-timpurii-sustenabile-inaugurata-pe-1-septembrie-2025\\\/\",\"url\":\"https:\\\/\\\/urbeamea.ro\\\/albaiulia\\\/gradinita-si-cresa-blauer-stern-din-sebes-un-reper-al-educatiei-timpurii-sustenabile-inaugurata-pe-1-septembrie-2025\\\/\",\"name\":\"Gr\u0103dini\u021ba \u0219i Cre\u0219a \u201eBlauer Stern\u201d din Sebe\u0219: un reper al educa\u021biei timpurii sustenabile, inaugurat\u0103 pe 1 septembrie 2025 - Revista Urbea Mea - Revista de Alba\",\"isPartOf\":{\"@id\":\"https:\\\/\\\/urbeamea.ro\\\/albaiulia\\\/#website\"},\"primaryImageOfPage\":{\"@id\":\"https:\\\/\\\/urbeamea.ro\\\/albaiulia\\\/gradinita-si-cresa-blauer-stern-din-sebes-un-reper-al-educatiei-timpurii-sustenabile-inaugurata-pe-1-septembrie-2025\\\/#primaryimage\"},\"image\":{\"@id\":\"https:\\\/\\\/urbeamea.ro\\\/albaiulia\\\/gradinita-si-cresa-blauer-stern-din-sebes-un-reper-al-educatiei-timpurii-sustenabile-inaugurata-pe-1-septembrie-2025\\\/#primaryimage\"},\"thumbnailUrl\":\"https:\\\/\\\/urbeamea.ro\\\/albaiulia\\\/wp-content\\\/uploads\\\/2025\\\/09\\\/1.jpg\",\"datePublished\":\"2025-09-01T13:57:09+00:00\",\"dateModified\":\"2025-09-01T13:57:10+00:00\",\"author\":{\"@id\":\"https:\\\/\\\/urbeamea.ro\\\/albaiulia\\\/#\\\/schema\\\/person\\\/272ae98052f8ee8980f59848df070247\"},\"description\":\"Centru educa\u021bional nou dedicat sus\u021binerii familiilor din zona industrial\u0103 a municipiului Sebe\u0219 Strategie de sustenabilitate care integreaz\u0103 aspecte\",\"breadcrumb\":{\"@id\":\"https:\\\/\\\/urbeamea.ro\\\/albaiulia\\\/gradinita-si-cresa-blauer-stern-din-sebes-un-reper-al-educatiei-timpurii-sustenabile-inaugurata-pe-1-septembrie-2025\\\/#breadcrumb\"},\"inLanguage\":\"ro-RO\",\"potentialAction\":[{\"@type\":\"ReadAction\",\"target\":[\"https:\\\/\\\/urbeamea.ro\\\/albaiulia\\\/gradinita-si-cresa-blauer-stern-din-sebes-un-reper-al-educatiei-timpurii-sustenabile-inaugurata-pe-1-septembrie-2025\\\/\"]}]},{\"@type\":\"ImageObject\",\"inLanguage\":\"ro-RO\",\"@id\":\"https:\\\/\\\/urbeamea.ro\\\/albaiulia\\\/gradinita-si-cresa-blauer-stern-din-sebes-un-reper-al-educatiei-timpurii-sustenabile-inaugurata-pe-1-septembrie-2025\\\/#primaryimage\",\"url\":\"https:\\\/\\\/urbeamea.ro\\\/albaiulia\\\/wp-content\\\/uploads\\\/2025\\\/09\\\/1.jpg\",\"contentUrl\":\"https:\\\/\\\/urbeamea.ro\\\/albaiulia\\\/wp-content\\\/uploads\\\/2025\\\/09\\\/1.jpg\",\"width\":1600,\"height\":900},{\"@type\":\"BreadcrumbList\",\"@id\":\"https:\\\/\\\/urbeamea.ro\\\/albaiulia\\\/gradinita-si-cresa-blauer-stern-din-sebes-un-reper-al-educatiei-timpurii-sustenabile-inaugurata-pe-1-septembrie-2025\\\/#breadcrumb\",\"itemListElement\":[{\"@type\":\"ListItem\",\"position\":1,\"name\":\"Prima pagin\u0103\",\"item\":\"https:\\\/\\\/urbeamea.ro\\\/albaiulia\\\/\"},{\"@type\":\"ListItem\",\"position\":2,\"name\":\"Gr\u0103dini\u021ba \u0219i Cre\u0219a \u201eBlauer Stern\u201d din Sebe\u0219: un reper al educa\u021biei timpurii sustenabile, inaugurat\u0103 pe 1 septembrie 2025\"}]},{\"@type\":\"WebSite\",\"@id\":\"https:\\\/\\\/urbeamea.ro\\\/albaiulia\\\/#website\",\"url\":\"https:\\\/\\\/urbeamea.ro\\\/albaiulia\\\/\",\"name\":\"Revista Urbea Mea, Stiri urbane\",\"description\":\"Evenimente \u0219i \u0219tiri din Alba Iulia, Sebe\u0219, Aiud, Blaj\",\"potentialAction\":[{\"@type\":\"SearchAction\",\"target\":{\"@type\":\"EntryPoint\",\"urlTemplate\":\"https:\\\/\\\/urbeamea.ro\\\/albaiulia\\\/?s={search_term_string}\"},\"query-input\":{\"@type\":\"PropertyValueSpecification\",\"valueRequired\":true,\"valueName\":\"search_term_string\"}}],\"inLanguage\":\"ro-RO\"},{\"@type\":\"Person\",\"@id\":\"https:\\\/\\\/urbeamea.ro\\\/albaiulia\\\/#\\\/schema\\\/person\\\/272ae98052f8ee8980f59848df070247\",\"name\":\"Redac\u021bia UrbeaMea\",\"image\":{\"@type\":\"ImageObject\",\"inLanguage\":\"ro-RO\",\"@id\":\"https:\\\/\\\/secure.gravatar.com\\\/avatar\\\/9ce5a9435071fa1037e8468053ead8e513dbbff59009d3069aadb85506d85a27?s=96&d=mm&r=g\",\"url\":\"https:\\\/\\\/secure.gravatar.com\\\/avatar\\\/9ce5a9435071fa1037e8468053ead8e513dbbff59009d3069aadb85506d85a27?s=96&d=mm&r=g\",\"contentUrl\":\"https:\\\/\\\/secure.gravatar.com\\\/avatar\\\/9ce5a9435071fa1037e8468053ead8e513dbbff59009d3069aadb85506d85a27?s=96&d=mm&r=g\",\"caption\":\"Redac\u021bia UrbeaMea\"},\"description\":\"contact@urbeamea.ro\",\"sameAs\":[\"https:\\\/\\\/www.urbeamea.ro\"],\"url\":\"https:\\\/\\\/urbeamea.ro\\\/albaiulia\\\/author\\\/redactia-urbeamea\\\/\"}]}<\/script>\n<!-- \/ Yoast SEO plugin. -->","yoast_head_json":{"title":"Gr\u0103dini\u021ba \u0219i Cre\u0219a \u201eBlauer Stern\u201d din Sebe\u0219: un reper al educa\u021biei timpurii sustenabile, inaugurat\u0103 pe 1 septembrie 2025 - Revista Urbea Mea - Revista de Alba","description":"Centru educa\u021bional nou dedicat sus\u021binerii familiilor din zona industrial\u0103 a municipiului Sebe\u0219 Strategie de sustenabilitate care integreaz\u0103 aspecte","robots":{"index":"index","follow":"follow","max-snippet":"max-snippet:-1","max-image-preview":"max-image-preview:large","max-video-preview":"max-video-preview:-1"},"canonical":"https:\/\/urbeamea.ro\/albaiulia\/gradinita-si-cresa-blauer-stern-din-sebes-un-reper-al-educatiei-timpurii-sustenabile-inaugurata-pe-1-septembrie-2025\/","twitter_card":"summary_large_image","twitter_title":"Gr\u0103dini\u021ba \u0219i Cre\u0219a \u201eBlauer Stern\u201d din Sebe\u0219: un reper al educa\u021biei timpurii sustenabile, inaugurat\u0103 pe 1 septembrie 2025 - Revista Urbea Mea - Revista de Alba","twitter_description":"Centru educa\u021bional nou dedicat sus\u021binerii familiilor din zona industrial\u0103 a municipiului Sebe\u0219 Strategie de sustenabilitate care integreaz\u0103 aspecte","twitter_image":"https:\/\/urbeamea.ro\/albaiulia\/wp-content\/uploads\/2025\/09\/1.jpg","twitter_creator":"@urbeameaweb","twitter_site":"@urbeameaweb","schema":{"@context":"https:\/\/schema.org","@graph":[{"@type":"Article","@id":"https:\/\/urbeamea.ro\/albaiulia\/gradinita-si-cresa-blauer-stern-din-sebes-un-reper-al-educatiei-timpurii-sustenabile-inaugurata-pe-1-septembrie-2025\/#article","isPartOf":{"@id":"https:\/\/urbeamea.ro\/albaiulia\/gradinita-si-cresa-blauer-stern-din-sebes-un-reper-al-educatiei-timpurii-sustenabile-inaugurata-pe-1-septembrie-2025\/"},"author":{"name":"Redac\u021bia UrbeaMea","@id":"https:\/\/urbeamea.ro\/albaiulia\/#\/schema\/person\/272ae98052f8ee8980f59848df070247"},"headline":"Gr\u0103dini\u021ba \u0219i Cre\u0219a \u201eBlauer Stern\u201d din Sebe\u0219: un reper al educa\u021biei timpurii sustenabile, inaugurat\u0103 pe 1 septembrie 2025","datePublished":"2025-09-01T13:57:09+00:00","dateModified":"2025-09-01T13:57:10+00:00","mainEntityOfPage":{"@id":"https:\/\/urbeamea.ro\/albaiulia\/gradinita-si-cresa-blauer-stern-din-sebes-un-reper-al-educatiei-timpurii-sustenabile-inaugurata-pe-1-septembrie-2025\/"},"wordCount":848,"commentCount":0,"image":{"@id":"https:\/\/urbeamea.ro\/albaiulia\/gradinita-si-cresa-blauer-stern-din-sebes-un-reper-al-educatiei-timpurii-sustenabile-inaugurata-pe-1-septembrie-2025\/#primaryimage"},"thumbnailUrl":"https:\/\/urbeamea.ro\/albaiulia\/wp-content\/uploads\/2025\/09\/1.jpg","keywords":["municipiul sebes","Star Assembly"],"articleSection":["\u015etiri Urbane"],"inLanguage":"ro-RO","potentialAction":[{"@type":"CommentAction","name":"Comment","target":["https:\/\/urbeamea.ro\/albaiulia\/gradinita-si-cresa-blauer-stern-din-sebes-un-reper-al-educatiei-timpurii-sustenabile-inaugurata-pe-1-septembrie-2025\/#respond"]}]},{"@type":"WebPage","@id":"https:\/\/urbeamea.ro\/albaiulia\/gradinita-si-cresa-blauer-stern-din-sebes-un-reper-al-educatiei-timpurii-sustenabile-inaugurata-pe-1-septembrie-2025\/","url":"https:\/\/urbeamea.ro\/albaiulia\/gradinita-si-cresa-blauer-stern-din-sebes-un-reper-al-educatiei-timpurii-sustenabile-inaugurata-pe-1-septembrie-2025\/","name":"Gr\u0103dini\u021ba \u0219i Cre\u0219a \u201eBlauer Stern\u201d din Sebe\u0219: un reper al educa\u021biei timpurii sustenabile, inaugurat\u0103 pe 1 septembrie 2025 - Revista Urbea Mea - Revista de Alba","isPartOf":{"@id":"https:\/\/urbeamea.ro\/albaiulia\/#website"},"primaryImageOfPage":{"@id":"https:\/\/urbeamea.ro\/albaiulia\/gradinita-si-cresa-blauer-stern-din-sebes-un-reper-al-educatiei-timpurii-sustenabile-inaugurata-pe-1-septembrie-2025\/#primaryimage"},"image":{"@id":"https:\/\/urbeamea.ro\/albaiulia\/gradinita-si-cresa-blauer-stern-din-sebes-un-reper-al-educatiei-timpurii-sustenabile-inaugurata-pe-1-septembrie-2025\/#primaryimage"},"thumbnailUrl":"https:\/\/urbeamea.ro\/albaiulia\/wp-content\/uploads\/2025\/09\/1.jpg","datePublished":"2025-09-01T13:57:09+00:00","dateModified":"2025-09-01T13:57:10+00:00","author":{"@id":"https:\/\/urbeamea.ro\/albaiulia\/#\/schema\/person\/272ae98052f8ee8980f59848df070247"},"description":"Centru educa\u021bional nou dedicat sus\u021binerii familiilor din zona industrial\u0103 a municipiului Sebe\u0219 Strategie de sustenabilitate care integreaz\u0103 aspecte","breadcrumb":{"@id":"https:\/\/urbeamea.ro\/albaiulia\/gradinita-si-cresa-blauer-stern-din-sebes-un-reper-al-educatiei-timpurii-sustenabile-inaugurata-pe-1-septembrie-2025\/#breadcrumb"},"inLanguage":"ro-RO","potentialAction":[{"@type":"ReadAction","target":["https:\/\/urbeamea.ro\/albaiulia\/gradinita-si-cresa-blauer-stern-din-sebes-un-reper-al-educatiei-timpurii-sustenabile-inaugurata-pe-1-septembrie-2025\/"]}]},{"@type":"ImageObject","inLanguage":"ro-RO","@id":"https:\/\/urbeamea.ro\/albaiulia\/gradinita-si-cresa-blauer-stern-din-sebes-un-reper-al-educatiei-timpurii-sustenabile-inaugurata-pe-1-septembrie-2025\/#primaryimage","url":"https:\/\/urbeamea.ro\/albaiulia\/wp-content\/uploads\/2025\/09\/1.jpg","contentUrl":"https:\/\/urbeamea.ro\/albaiulia\/wp-content\/uploads\/2025\/09\/1.jpg","width":1600,"height":900},{"@type":"BreadcrumbList","@id":"https:\/\/urbeamea.ro\/albaiulia\/gradinita-si-cresa-blauer-stern-din-sebes-un-reper-al-educatiei-timpurii-sustenabile-inaugurata-pe-1-septembrie-2025\/#breadcrumb","itemListElement":[{"@type":"ListItem","position":1,"name":"Prima pagin\u0103","item":"https:\/\/urbeamea.ro\/albaiulia\/"},{"@type":"ListItem","position":2,"name":"Gr\u0103dini\u021ba \u0219i Cre\u0219a \u201eBlauer Stern\u201d din Sebe\u0219: un reper al educa\u021biei timpurii sustenabile, inaugurat\u0103 pe 1 septembrie 2025"}]},{"@type":"WebSite","@id":"https:\/\/urbeamea.ro\/albaiulia\/#website","url":"https:\/\/urbeamea.ro\/albaiulia\/","name":"Revista Urbea Mea, Stiri urbane","description":"Evenimente \u0219i \u0219tiri din Alba Iulia, Sebe\u0219, Aiud, Blaj","potentialAction":[{"@type":"SearchAction","target":{"@type":"EntryPoint","urlTemplate":"https:\/\/urbeamea.ro\/albaiulia\/?s={search_term_string}"},"query-input":{"@type":"PropertyValueSpecification","valueRequired":true,"valueName":"search_term_string"}}],"inLanguage":"ro-RO"},{"@type":"Person","@id":"https:\/\/urbeamea.ro\/albaiulia\/#\/schema\/person\/272ae98052f8ee8980f59848df070247","name":"Redac\u021bia UrbeaMea","image":{"@type":"ImageObject","inLanguage":"ro-RO","@id":"https:\/\/secure.gravatar.com\/avatar\/9ce5a9435071fa1037e8468053ead8e513dbbff59009d3069aadb85506d85a27?s=96&d=mm&r=g","url":"https:\/\/secure.gravatar.com\/avatar\/9ce5a9435071fa1037e8468053ead8e513dbbff59009d3069aadb85506d85a27?s=96&d=mm&r=g","contentUrl":"https:\/\/secure.gravatar.com\/avatar\/9ce5a9435071fa1037e8468053ead8e513dbbff59009d3069aadb85506d85a27?s=96&d=mm&r=g","caption":"Redac\u021bia UrbeaMea"},"description":"contact@urbeamea.ro","sameAs":["https:\/\/www.urbeamea.ro"],"url":"https:\/\/urbeamea.ro\/albaiulia\/author\/redactia-urbeamea\/"}]}},"_links":{"self":[{"href":"https:\/\/urbeamea.ro\/albaiulia\/wp-json\/wp\/v2\/posts\/119369","targetHints":{"allow":["GET"]}}],"collection":[{"href":"https:\/\/urbeamea.ro\/albaiulia\/wp-json\/wp\/v2\/posts"}],"about":[{"href":"https:\/\/urbeamea.ro\/albaiulia\/wp-json\/wp\/v2\/types\/post"}],"author":[{"embeddable":true,"href":"https:\/\/urbeamea.ro\/albaiulia\/wp-json\/wp\/v2\/users\/16"}],"replies":[{"embeddable":true,"href":"https:\/\/urbeamea.ro\/albaiulia\/wp-json\/wp\/v2\/comments?post=119369"}],"version-history":[{"count":1,"href":"https:\/\/urbeamea.ro\/albaiulia\/wp-json\/wp\/v2\/posts\/119369\/revisions"}],"predecessor-version":[{"id":119376,"href":"https:\/\/urbeamea.ro\/albaiulia\/wp-json\/wp\/v2\/posts\/119369\/revisions\/119376"}],"wp:featuredmedia":[{"embeddable":true,"href":"https:\/\/urbeamea.ro\/albaiulia\/wp-json\/wp\/v2\/media\/119370"}],"wp:attachment":[{"href":"https:\/\/urbeamea.ro\/albaiulia\/wp-json\/wp\/v2\/media?parent=119369"}],"wp:term":[{"taxonomy":"category","embeddable":true,"href":"https:\/\/urbeamea.ro\/albaiulia\/wp-json\/wp\/v2\/categories?post=119369"},{"taxonomy":"post_tag","embeddable":true,"href":"https:\/\/urbeamea.ro\/albaiulia\/wp-json\/wp\/v2\/tags?post=119369"}],"curies":[{"name":"wp","href":"https:\/\/api.w.org\/{rel}","templated":true}]}}