{"id":119412,"date":"2025-06-21T16:14:00","date_gmt":"2025-06-21T13:14:00","guid":{"rendered":"https:\/\/urbeamea.ro\/albaiulia\/?p=119412"},"modified":"2025-09-04T16:16:01","modified_gmt":"2025-09-04T13:16:01","slug":"la-sebes-se-implementeaza-proiectul-parteneriat-pentru-educatie-si-constientizare-privind-protectia-mediului","status":"publish","type":"post","link":"https:\/\/urbeamea.ro\/albaiulia\/la-sebes-se-implementeaza-proiectul-parteneriat-pentru-educatie-si-constientizare-privind-protectia-mediului\/","title":{"rendered":"La Sebe\u0219 se implementeaz\u0103 proiectul \u201dParteneriat pentru educa\u0163ie \u015fi con\u015ftientizare privind protec\u0163ia mediului\u201d"},"content":{"rendered":"\n<p>Asocia\u021bia Grupul de Ac\u021biune Local\u0103 Sebe\u0219 \u00een parteneriat cu \u0218coala Gimnazial\u0103 Mihail Kog\u0103lniceanu \u0219i Liceul cu Program Sportiv \u201dFlorin Fle\u0219eriu\u201d <a>Sebe\u0219 implementeaz\u0103 proiectul<\/a> \u201dParteneriat pentru educa\u0163ie \u015fi con\u015ftientizare privind protec\u0163ia mediului\u201d finan\u021bat de c\u0103tre Administra\u021bia Fondului pentru Mediu (contract 702\/H\/21.06.2024). Pentru grupul \u021bint\u0103 format din 520 de elevi sunt organizate sesiuni de educa\u021bie \u0219i con\u0219tientizare a problemelor de mediu \u0219i excursii cu tematic\u0103 precum energiile regenerabile \u0219i protejarea naturii.<\/p>\n\n\n\n<figure class=\"wp-block-embed is-type-video is-provider-youtube wp-block-embed-youtube wp-embed-aspect-4-3 wp-has-aspect-ratio\"><div class=\"wp-block-embed__wrapper\">\n<iframe loading=\"lazy\" title=\"Proiect nr  contract 702   Mediu\" width=\"500\" height=\"375\" src=\"https:\/\/www.youtube.com\/embed\/4r2FPVgvkRE?feature=oembed\" frameborder=\"0\" allow=\"accelerometer; autoplay; clipboard-write; encrypted-media; gyroscope; picture-in-picture; web-share\" referrerpolicy=\"strict-origin-when-cross-origin\" allowfullscreen><\/iframe>\n<\/div><\/figure>\n","protected":false},"excerpt":{"rendered":"<p>Asocia\u021bia Grupul de Ac\u021biune Local\u0103 Sebe\u0219 \u00een parteneriat cu \u0218coala Gimnazial\u0103 Mihail Kog\u0103lniceanu \u0219i Liceul cu Program Sportiv \u201dFlorin Fle\u0219eriu\u201d Sebe\u0219 implementeaz\u0103 proiectul \u201dParteneriat pentru educa\u0163ie \u015fi con\u015ftientizare privind protec\u0163ia mediului\u201d finan\u021bat de c\u0103tre Administra\u021bia Fondului pentru Mediu (contract 702\/H\/21.06.2024). Pentru grupul \u021bint\u0103 format din 520 de elevi sunt organizate sesiuni de educa\u021bie \u0219i con\u0219tientizare &hellip;<\/p>\n","protected":false},"author":16,"featured_media":119413,"comment_status":"open","ping_status":"open","sticky":false,"template":"","format":"standard","meta":{"inline_featured_image":false,"footnotes":""},"categories":[1],"tags":[],"class_list":["post-119412","post","type-post","status-publish","format-standard","has-post-thumbnail","hentry","category-stiri-urbane"],"yoast_head":"<!-- This site is optimized with the Yoast SEO plugin v27.4 - https:\/\/yoast.com\/product\/yoast-seo-wordpress\/ -->\n<title>La Sebe\u0219 se implementeaz\u0103 proiectul \u201dParteneriat pentru educa\u0163ie \u015fi con\u015ftientizare privind protec\u0163ia mediului\u201d - Revista Urbea Mea - Revista de Alba<\/title>\n<meta name=\"description\" content=\"Asocia\u021bia Grupul de Ac\u021biune Local\u0103 Sebe\u0219 \u00een parteneriat cu \u0218coala Gimnazial\u0103 Mihail Kog\u0103lniceanu \u0219i Liceul cu Program Sportiv \u201dFlorin Fle\u0219eriu\u201d Sebe\u0219\" \/>\n<meta name=\"robots\" content=\"index, follow, max-snippet:-1, max-image-preview:large, max-video-preview:-1\" \/>\n<link rel=\"canonical\" href=\"https:\/\/urbeamea.ro\/albaiulia\/la-sebes-se-implementeaza-proiectul-parteneriat-pentru-educatie-si-constientizare-privind-protectia-mediului\/\" \/>\n<meta name=\"twitter:card\" content=\"summary_large_image\" \/>\n<meta name=\"twitter:title\" content=\"La Sebe\u0219 se implementeaz\u0103 proiectul \u201dParteneriat pentru educa\u0163ie \u015fi con\u015ftientizare privind protec\u0163ia mediului\u201d - Revista Urbea Mea - Revista de Alba\" \/>\n<meta name=\"twitter:description\" content=\"Asocia\u021bia Grupul de Ac\u021biune Local\u0103 Sebe\u0219 \u00een parteneriat cu \u0218coala Gimnazial\u0103 Mihail Kog\u0103lniceanu \u0219i Liceul cu Program Sportiv \u201dFlorin Fle\u0219eriu\u201d Sebe\u0219\" \/>\n<meta name=\"twitter:image\" content=\"https:\/\/urbeamea.ro\/albaiulia\/wp-content\/uploads\/2025\/09\/4-1.jpg\" \/>\n<meta name=\"twitter:creator\" content=\"@urbeameaweb\" \/>\n<meta name=\"twitter:site\" content=\"@urbeameaweb\" \/>\n<script type=\"application\/ld+json\" class=\"yoast-schema-graph\">{\"@context\":\"https:\\\/\\\/schema.org\",\"@graph\":[{\"@type\":\"Article\",\"@id\":\"https:\\\/\\\/urbeamea.ro\\\/albaiulia\\\/la-sebes-se-implementeaza-proiectul-parteneriat-pentru-educatie-si-constientizare-privind-protectia-mediului\\\/#article\",\"isPartOf\":{\"@id\":\"https:\\\/\\\/urbeamea.ro\\\/albaiulia\\\/la-sebes-se-implementeaza-proiectul-parteneriat-pentru-educatie-si-constientizare-privind-protectia-mediului\\\/\"},\"author\":{\"name\":\"Redac\u021bia UrbeaMea\",\"@id\":\"https:\\\/\\\/urbeamea.ro\\\/albaiulia\\\/#\\\/schema\\\/person\\\/272ae98052f8ee8980f59848df070247\"},\"headline\":\"La Sebe\u0219 se implementeaz\u0103 proiectul \u201dParteneriat pentru educa\u0163ie \u015fi con\u015ftientizare privind protec\u0163ia mediului\u201d\",\"datePublished\":\"2025-06-21T13:14:00+00:00\",\"dateModified\":\"2025-09-04T13:16:01+00:00\",\"mainEntityOfPage\":{\"@id\":\"https:\\\/\\\/urbeamea.ro\\\/albaiulia\\\/la-sebes-se-implementeaza-proiectul-parteneriat-pentru-educatie-si-constientizare-privind-protectia-mediului\\\/\"},\"wordCount\":101,\"commentCount\":0,\"image\":{\"@id\":\"https:\\\/\\\/urbeamea.ro\\\/albaiulia\\\/la-sebes-se-implementeaza-proiectul-parteneriat-pentru-educatie-si-constientizare-privind-protectia-mediului\\\/#primaryimage\"},\"thumbnailUrl\":\"https:\\\/\\\/urbeamea.ro\\\/albaiulia\\\/wp-content\\\/uploads\\\/2025\\\/09\\\/4-1.jpg\",\"articleSection\":[\"\u015etiri Urbane\"],\"inLanguage\":\"ro-RO\",\"potentialAction\":[{\"@type\":\"CommentAction\",\"name\":\"Comment\",\"target\":[\"https:\\\/\\\/urbeamea.ro\\\/albaiulia\\\/la-sebes-se-implementeaza-proiectul-parteneriat-pentru-educatie-si-constientizare-privind-protectia-mediului\\\/#respond\"]}]},{\"@type\":\"WebPage\",\"@id\":\"https:\\\/\\\/urbeamea.ro\\\/albaiulia\\\/la-sebes-se-implementeaza-proiectul-parteneriat-pentru-educatie-si-constientizare-privind-protectia-mediului\\\/\",\"url\":\"https:\\\/\\\/urbeamea.ro\\\/albaiulia\\\/la-sebes-se-implementeaza-proiectul-parteneriat-pentru-educatie-si-constientizare-privind-protectia-mediului\\\/\",\"name\":\"La Sebe\u0219 se implementeaz\u0103 proiectul \u201dParteneriat pentru educa\u0163ie \u015fi con\u015ftientizare privind protec\u0163ia mediului\u201d - Revista Urbea Mea - Revista de Alba\",\"isPartOf\":{\"@id\":\"https:\\\/\\\/urbeamea.ro\\\/albaiulia\\\/#website\"},\"primaryImageOfPage\":{\"@id\":\"https:\\\/\\\/urbeamea.ro\\\/albaiulia\\\/la-sebes-se-implementeaza-proiectul-parteneriat-pentru-educatie-si-constientizare-privind-protectia-mediului\\\/#primaryimage\"},\"image\":{\"@id\":\"https:\\\/\\\/urbeamea.ro\\\/albaiulia\\\/la-sebes-se-implementeaza-proiectul-parteneriat-pentru-educatie-si-constientizare-privind-protectia-mediului\\\/#primaryimage\"},\"thumbnailUrl\":\"https:\\\/\\\/urbeamea.ro\\\/albaiulia\\\/wp-content\\\/uploads\\\/2025\\\/09\\\/4-1.jpg\",\"datePublished\":\"2025-06-21T13:14:00+00:00\",\"dateModified\":\"2025-09-04T13:16:01+00:00\",\"author\":{\"@id\":\"https:\\\/\\\/urbeamea.ro\\\/albaiulia\\\/#\\\/schema\\\/person\\\/272ae98052f8ee8980f59848df070247\"},\"description\":\"Asocia\u021bia Grupul de Ac\u021biune Local\u0103 Sebe\u0219 \u00een parteneriat cu \u0218coala Gimnazial\u0103 Mihail Kog\u0103lniceanu \u0219i Liceul cu Program Sportiv \u201dFlorin Fle\u0219eriu\u201d Sebe\u0219\",\"breadcrumb\":{\"@id\":\"https:\\\/\\\/urbeamea.ro\\\/albaiulia\\\/la-sebes-se-implementeaza-proiectul-parteneriat-pentru-educatie-si-constientizare-privind-protectia-mediului\\\/#breadcrumb\"},\"inLanguage\":\"ro-RO\",\"potentialAction\":[{\"@type\":\"ReadAction\",\"target\":[\"https:\\\/\\\/urbeamea.ro\\\/albaiulia\\\/la-sebes-se-implementeaza-proiectul-parteneriat-pentru-educatie-si-constientizare-privind-protectia-mediului\\\/\"]}]},{\"@type\":\"ImageObject\",\"inLanguage\":\"ro-RO\",\"@id\":\"https:\\\/\\\/urbeamea.ro\\\/albaiulia\\\/la-sebes-se-implementeaza-proiectul-parteneriat-pentru-educatie-si-constientizare-privind-protectia-mediului\\\/#primaryimage\",\"url\":\"https:\\\/\\\/urbeamea.ro\\\/albaiulia\\\/wp-content\\\/uploads\\\/2025\\\/09\\\/4-1.jpg\",\"contentUrl\":\"https:\\\/\\\/urbeamea.ro\\\/albaiulia\\\/wp-content\\\/uploads\\\/2025\\\/09\\\/4-1.jpg\",\"width\":1200,\"height\":1600},{\"@type\":\"BreadcrumbList\",\"@id\":\"https:\\\/\\\/urbeamea.ro\\\/albaiulia\\\/la-sebes-se-implementeaza-proiectul-parteneriat-pentru-educatie-si-constientizare-privind-protectia-mediului\\\/#breadcrumb\",\"itemListElement\":[{\"@type\":\"ListItem\",\"position\":1,\"name\":\"Prima pagin\u0103\",\"item\":\"https:\\\/\\\/urbeamea.ro\\\/albaiulia\\\/\"},{\"@type\":\"ListItem\",\"position\":2,\"name\":\"La Sebe\u0219 se implementeaz\u0103 proiectul \u201dParteneriat pentru educa\u0163ie \u015fi con\u015ftientizare privind protec\u0163ia mediului\u201d\"}]},{\"@type\":\"WebSite\",\"@id\":\"https:\\\/\\\/urbeamea.ro\\\/albaiulia\\\/#website\",\"url\":\"https:\\\/\\\/urbeamea.ro\\\/albaiulia\\\/\",\"name\":\"Revista Urbea Mea, Stiri urbane\",\"description\":\"Evenimente \u0219i \u0219tiri din Alba Iulia, Sebe\u0219, Aiud, Blaj\",\"potentialAction\":[{\"@type\":\"SearchAction\",\"target\":{\"@type\":\"EntryPoint\",\"urlTemplate\":\"https:\\\/\\\/urbeamea.ro\\\/albaiulia\\\/?s={search_term_string}\"},\"query-input\":{\"@type\":\"PropertyValueSpecification\",\"valueRequired\":true,\"valueName\":\"search_term_string\"}}],\"inLanguage\":\"ro-RO\"},{\"@type\":\"Person\",\"@id\":\"https:\\\/\\\/urbeamea.ro\\\/albaiulia\\\/#\\\/schema\\\/person\\\/272ae98052f8ee8980f59848df070247\",\"name\":\"Redac\u021bia UrbeaMea\",\"image\":{\"@type\":\"ImageObject\",\"inLanguage\":\"ro-RO\",\"@id\":\"https:\\\/\\\/secure.gravatar.com\\\/avatar\\\/9ce5a9435071fa1037e8468053ead8e513dbbff59009d3069aadb85506d85a27?s=96&d=mm&r=g\",\"url\":\"https:\\\/\\\/secure.gravatar.com\\\/avatar\\\/9ce5a9435071fa1037e8468053ead8e513dbbff59009d3069aadb85506d85a27?s=96&d=mm&r=g\",\"contentUrl\":\"https:\\\/\\\/secure.gravatar.com\\\/avatar\\\/9ce5a9435071fa1037e8468053ead8e513dbbff59009d3069aadb85506d85a27?s=96&d=mm&r=g\",\"caption\":\"Redac\u021bia UrbeaMea\"},\"description\":\"contact@urbeamea.ro\",\"sameAs\":[\"https:\\\/\\\/www.urbeamea.ro\"],\"url\":\"https:\\\/\\\/urbeamea.ro\\\/albaiulia\\\/author\\\/redactia-urbeamea\\\/\"}]}<\/script>\n<!-- \/ Yoast SEO plugin. -->","yoast_head_json":{"title":"La Sebe\u0219 se implementeaz\u0103 proiectul \u201dParteneriat pentru educa\u0163ie \u015fi con\u015ftientizare privind protec\u0163ia mediului\u201d - Revista Urbea Mea - Revista de Alba","description":"Asocia\u021bia Grupul de Ac\u021biune Local\u0103 Sebe\u0219 \u00een parteneriat cu \u0218coala Gimnazial\u0103 Mihail Kog\u0103lniceanu \u0219i Liceul cu Program Sportiv \u201dFlorin Fle\u0219eriu\u201d Sebe\u0219","robots":{"index":"index","follow":"follow","max-snippet":"max-snippet:-1","max-image-preview":"max-image-preview:large","max-video-preview":"max-video-preview:-1"},"canonical":"https:\/\/urbeamea.ro\/albaiulia\/la-sebes-se-implementeaza-proiectul-parteneriat-pentru-educatie-si-constientizare-privind-protectia-mediului\/","twitter_card":"summary_large_image","twitter_title":"La Sebe\u0219 se implementeaz\u0103 proiectul \u201dParteneriat pentru educa\u0163ie \u015fi con\u015ftientizare privind protec\u0163ia mediului\u201d - Revista Urbea Mea - Revista de Alba","twitter_description":"Asocia\u021bia Grupul de Ac\u021biune Local\u0103 Sebe\u0219 \u00een parteneriat cu \u0218coala Gimnazial\u0103 Mihail Kog\u0103lniceanu \u0219i Liceul cu Program Sportiv \u201dFlorin Fle\u0219eriu\u201d Sebe\u0219","twitter_image":"https:\/\/urbeamea.ro\/albaiulia\/wp-content\/uploads\/2025\/09\/4-1.jpg","twitter_creator":"@urbeameaweb","twitter_site":"@urbeameaweb","schema":{"@context":"https:\/\/schema.org","@graph":[{"@type":"Article","@id":"https:\/\/urbeamea.ro\/albaiulia\/la-sebes-se-implementeaza-proiectul-parteneriat-pentru-educatie-si-constientizare-privind-protectia-mediului\/#article","isPartOf":{"@id":"https:\/\/urbeamea.ro\/albaiulia\/la-sebes-se-implementeaza-proiectul-parteneriat-pentru-educatie-si-constientizare-privind-protectia-mediului\/"},"author":{"name":"Redac\u021bia UrbeaMea","@id":"https:\/\/urbeamea.ro\/albaiulia\/#\/schema\/person\/272ae98052f8ee8980f59848df070247"},"headline":"La Sebe\u0219 se implementeaz\u0103 proiectul \u201dParteneriat pentru educa\u0163ie \u015fi con\u015ftientizare privind protec\u0163ia mediului\u201d","datePublished":"2025-06-21T13:14:00+00:00","dateModified":"2025-09-04T13:16:01+00:00","mainEntityOfPage":{"@id":"https:\/\/urbeamea.ro\/albaiulia\/la-sebes-se-implementeaza-proiectul-parteneriat-pentru-educatie-si-constientizare-privind-protectia-mediului\/"},"wordCount":101,"commentCount":0,"image":{"@id":"https:\/\/urbeamea.ro\/albaiulia\/la-sebes-se-implementeaza-proiectul-parteneriat-pentru-educatie-si-constientizare-privind-protectia-mediului\/#primaryimage"},"thumbnailUrl":"https:\/\/urbeamea.ro\/albaiulia\/wp-content\/uploads\/2025\/09\/4-1.jpg","articleSection":["\u015etiri Urbane"],"inLanguage":"ro-RO","potentialAction":[{"@type":"CommentAction","name":"Comment","target":["https:\/\/urbeamea.ro\/albaiulia\/la-sebes-se-implementeaza-proiectul-parteneriat-pentru-educatie-si-constientizare-privind-protectia-mediului\/#respond"]}]},{"@type":"WebPage","@id":"https:\/\/urbeamea.ro\/albaiulia\/la-sebes-se-implementeaza-proiectul-parteneriat-pentru-educatie-si-constientizare-privind-protectia-mediului\/","url":"https:\/\/urbeamea.ro\/albaiulia\/la-sebes-se-implementeaza-proiectul-parteneriat-pentru-educatie-si-constientizare-privind-protectia-mediului\/","name":"La Sebe\u0219 se implementeaz\u0103 proiectul \u201dParteneriat pentru educa\u0163ie \u015fi con\u015ftientizare privind protec\u0163ia mediului\u201d - Revista Urbea Mea - Revista de Alba","isPartOf":{"@id":"https:\/\/urbeamea.ro\/albaiulia\/#website"},"primaryImageOfPage":{"@id":"https:\/\/urbeamea.ro\/albaiulia\/la-sebes-se-implementeaza-proiectul-parteneriat-pentru-educatie-si-constientizare-privind-protectia-mediului\/#primaryimage"},"image":{"@id":"https:\/\/urbeamea.ro\/albaiulia\/la-sebes-se-implementeaza-proiectul-parteneriat-pentru-educatie-si-constientizare-privind-protectia-mediului\/#primaryimage"},"thumbnailUrl":"https:\/\/urbeamea.ro\/albaiulia\/wp-content\/uploads\/2025\/09\/4-1.jpg","datePublished":"2025-06-21T13:14:00+00:00","dateModified":"2025-09-04T13:16:01+00:00","author":{"@id":"https:\/\/urbeamea.ro\/albaiulia\/#\/schema\/person\/272ae98052f8ee8980f59848df070247"},"description":"Asocia\u021bia Grupul de Ac\u021biune Local\u0103 Sebe\u0219 \u00een parteneriat cu \u0218coala Gimnazial\u0103 Mihail Kog\u0103lniceanu \u0219i Liceul cu Program Sportiv \u201dFlorin Fle\u0219eriu\u201d Sebe\u0219","breadcrumb":{"@id":"https:\/\/urbeamea.ro\/albaiulia\/la-sebes-se-implementeaza-proiectul-parteneriat-pentru-educatie-si-constientizare-privind-protectia-mediului\/#breadcrumb"},"inLanguage":"ro-RO","potentialAction":[{"@type":"ReadAction","target":["https:\/\/urbeamea.ro\/albaiulia\/la-sebes-se-implementeaza-proiectul-parteneriat-pentru-educatie-si-constientizare-privind-protectia-mediului\/"]}]},{"@type":"ImageObject","inLanguage":"ro-RO","@id":"https:\/\/urbeamea.ro\/albaiulia\/la-sebes-se-implementeaza-proiectul-parteneriat-pentru-educatie-si-constientizare-privind-protectia-mediului\/#primaryimage","url":"https:\/\/urbeamea.ro\/albaiulia\/wp-content\/uploads\/2025\/09\/4-1.jpg","contentUrl":"https:\/\/urbeamea.ro\/albaiulia\/wp-content\/uploads\/2025\/09\/4-1.jpg","width":1200,"height":1600},{"@type":"BreadcrumbList","@id":"https:\/\/urbeamea.ro\/albaiulia\/la-sebes-se-implementeaza-proiectul-parteneriat-pentru-educatie-si-constientizare-privind-protectia-mediului\/#breadcrumb","itemListElement":[{"@type":"ListItem","position":1,"name":"Prima pagin\u0103","item":"https:\/\/urbeamea.ro\/albaiulia\/"},{"@type":"ListItem","position":2,"name":"La Sebe\u0219 se implementeaz\u0103 proiectul \u201dParteneriat pentru educa\u0163ie \u015fi con\u015ftientizare privind protec\u0163ia mediului\u201d"}]},{"@type":"WebSite","@id":"https:\/\/urbeamea.ro\/albaiulia\/#website","url":"https:\/\/urbeamea.ro\/albaiulia\/","name":"Revista Urbea Mea, Stiri urbane","description":"Evenimente \u0219i \u0219tiri din Alba Iulia, Sebe\u0219, Aiud, Blaj","potentialAction":[{"@type":"SearchAction","target":{"@type":"EntryPoint","urlTemplate":"https:\/\/urbeamea.ro\/albaiulia\/?s={search_term_string}"},"query-input":{"@type":"PropertyValueSpecification","valueRequired":true,"valueName":"search_term_string"}}],"inLanguage":"ro-RO"},{"@type":"Person","@id":"https:\/\/urbeamea.ro\/albaiulia\/#\/schema\/person\/272ae98052f8ee8980f59848df070247","name":"Redac\u021bia UrbeaMea","image":{"@type":"ImageObject","inLanguage":"ro-RO","@id":"https:\/\/secure.gravatar.com\/avatar\/9ce5a9435071fa1037e8468053ead8e513dbbff59009d3069aadb85506d85a27?s=96&d=mm&r=g","url":"https:\/\/secure.gravatar.com\/avatar\/9ce5a9435071fa1037e8468053ead8e513dbbff59009d3069aadb85506d85a27?s=96&d=mm&r=g","contentUrl":"https:\/\/secure.gravatar.com\/avatar\/9ce5a9435071fa1037e8468053ead8e513dbbff59009d3069aadb85506d85a27?s=96&d=mm&r=g","caption":"Redac\u021bia UrbeaMea"},"description":"contact@urbeamea.ro","sameAs":["https:\/\/www.urbeamea.ro"],"url":"https:\/\/urbeamea.ro\/albaiulia\/author\/redactia-urbeamea\/"}]}},"_links":{"self":[{"href":"https:\/\/urbeamea.ro\/albaiulia\/wp-json\/wp\/v2\/posts\/119412","targetHints":{"allow":["GET"]}}],"collection":[{"href":"https:\/\/urbeamea.ro\/albaiulia\/wp-json\/wp\/v2\/posts"}],"about":[{"href":"https:\/\/urbeamea.ro\/albaiulia\/wp-json\/wp\/v2\/types\/post"}],"author":[{"embeddable":true,"href":"https:\/\/urbeamea.ro\/albaiulia\/wp-json\/wp\/v2\/users\/16"}],"replies":[{"embeddable":true,"href":"https:\/\/urbeamea.ro\/albaiulia\/wp-json\/wp\/v2\/comments?post=119412"}],"version-history":[{"count":1,"href":"https:\/\/urbeamea.ro\/albaiulia\/wp-json\/wp\/v2\/posts\/119412\/revisions"}],"predecessor-version":[{"id":119414,"href":"https:\/\/urbeamea.ro\/albaiulia\/wp-json\/wp\/v2\/posts\/119412\/revisions\/119414"}],"wp:featuredmedia":[{"embeddable":true,"href":"https:\/\/urbeamea.ro\/albaiulia\/wp-json\/wp\/v2\/media\/119413"}],"wp:attachment":[{"href":"https:\/\/urbeamea.ro\/albaiulia\/wp-json\/wp\/v2\/media?parent=119412"}],"wp:term":[{"taxonomy":"category","embeddable":true,"href":"https:\/\/urbeamea.ro\/albaiulia\/wp-json\/wp\/v2\/categories?post=119412"},{"taxonomy":"post_tag","embeddable":true,"href":"https:\/\/urbeamea.ro\/albaiulia\/wp-json\/wp\/v2\/tags?post=119412"}],"curies":[{"name":"wp","href":"https:\/\/api.w.org\/{rel}","templated":true}]}}