{"id":119415,"date":"2025-09-04T21:38:37","date_gmt":"2025-09-04T18:38:37","guid":{"rendered":"https:\/\/urbeamea.ro\/albaiulia\/?p=119415"},"modified":"2025-09-04T21:38:39","modified_gmt":"2025-09-04T18:38:39","slug":"mobilitatea-urbana-inseamna-mai-multa-siguranta-in-trafic-pentru-albaiulieni","status":"publish","type":"post","link":"https:\/\/urbeamea.ro\/albaiulia\/mobilitatea-urbana-inseamna-mai-multa-siguranta-in-trafic-pentru-albaiulieni\/","title":{"rendered":"Mobilitatea urban\u0103 \u00eenseamn\u0103 mai mult\u0103 siguran\u021b\u0103 \u00een trafic pentru albaiulieni"},"content":{"rendered":"\n<p><strong>Proiectele de mobilitate urban\u0103 implementate de Prim\u0103ria Municipiului Alba Iulia, coroborate cu activitatea zilnic\u0103 a Biroului Rutier din cadrul Poli\u021biei Municipiului Alba Iulia, au dus la cre\u0219terea siguran\u021bei \u00een traficul din municipiu. <\/strong><\/p>\n\n\n\n<p>Evaluarea realizat\u0103 arat\u0103, f\u0103r\u0103 echivoc, c\u0103 \u00een Alba Iulia a crescut semnificativ siguran\u021ba participan\u021bilor la trafic, fie ei conduc\u0103tori auto, bicicli\u0219ti sau pietoni. <\/p>\n\n\n\n<p>Astfel, \u00een primul semestru din 2025, comparativ cu perioada similar\u0103 a anului trecut, num\u0103rul accidentelor grave a sc\u0103zut cu peste 60% (de la 8 la 3), iar cel al persoanelor grav r\u0103nite cu peste 75% (de la 9 la 2).<\/p>\n\n\n\n<p> \u00cen aceea\u0219i perioad\u0103 de referin\u021b\u0103, accidentele u\u0219oare de circula\u021bie au \u00eenregistrat o sc\u0103dere de peste 20% (de la 31 la 24), sc\u0103z\u00e2nd cu peste 30% num\u0103rul persoanelor r\u0103nite u\u0219or (de la 38 la 26).<\/p>\n\n\n\n<p>Cu peste 40.000 de autovehicule, Alba Iulia este un ora\u0219 aglomerat din punct de vedere rutier. <\/p>\n\n\n\n<p>Modernizarea infrastructurii \u0219i activitatea poli\u021biei rutiere au dus \u00eentr-adev\u0103r la cre\u0219terea semnificativ\u0103 a nivelului de siguran\u021b\u0103 al participan\u021bilor la trafic, dar cu toate acestea r\u0103m\u00e2ne decisiv\u0103 atitudinea precaut\u0103 \u0219i preventiv\u0103 a fiec\u0103ruia dintre noi, fie c\u0103 suntem conduc\u0103tori auto, bicicli\u0219ti sau pietoni. <\/p>\n\n\n\n<p>Sistemul inteligent de management al traficului va contribui \u0219i el la \u00eembun\u0103t\u0103\u021birea modului \u00een care se circul\u0103 \u00een Alba Iulia \u0219i la cre\u0219terea siguran\u021bei, pe m\u0103sur\u0103 ce va fi calibrat \u0219i optimizat \u00een perioada urm\u0103toare.<\/p>\n\n\n\n<p>Gabriel Ple\u0219a<\/p>\n\n\n\n<p>Primarul Municipiului Alba Iulia <\/p>\n\n\n\n<figure class=\"wp-block-gallery has-nested-images columns-default is-cropped wp-block-gallery-1 is-layout-flex wp-block-gallery-is-layout-flex\">\n<figure class=\"wp-block-image size-large\"><img loading=\"lazy\" decoding=\"async\" width=\"1280\" height=\"960\" data-id=\"119416\" src=\"https:\/\/urbeamea.ro\/albaiulia\/wp-content\/uploads\/2025\/09\/1000047945-1280x960.jpg\" alt=\"\" class=\"wp-image-119416\" srcset=\"https:\/\/urbeamea.ro\/albaiulia\/wp-content\/uploads\/2025\/09\/1000047945-1280x960.jpg 1280w, https:\/\/urbeamea.ro\/albaiulia\/wp-content\/uploads\/2025\/09\/1000047945-640x480.jpg 640w, https:\/\/urbeamea.ro\/albaiulia\/wp-content\/uploads\/2025\/09\/1000047945-150x113.jpg 150w, https:\/\/urbeamea.ro\/albaiulia\/wp-content\/uploads\/2025\/09\/1000047945-768x576.jpg 768w, https:\/\/urbeamea.ro\/albaiulia\/wp-content\/uploads\/2025\/09\/1000047945-1536x1152.jpg 1536w, https:\/\/urbeamea.ro\/albaiulia\/wp-content\/uploads\/2025\/09\/1000047945.jpg 1600w\" sizes=\"auto, (max-width: 1280px) 100vw, 1280px\" \/><\/figure>\n\n\n\n<figure class=\"wp-block-image size-large\"><img loading=\"lazy\" decoding=\"async\" width=\"1280\" height=\"960\" data-id=\"119417\" src=\"https:\/\/urbeamea.ro\/albaiulia\/wp-content\/uploads\/2025\/09\/1000047946-1280x960.jpg\" alt=\"\" class=\"wp-image-119417\" srcset=\"https:\/\/urbeamea.ro\/albaiulia\/wp-content\/uploads\/2025\/09\/1000047946-1280x960.jpg 1280w, https:\/\/urbeamea.ro\/albaiulia\/wp-content\/uploads\/2025\/09\/1000047946-640x480.jpg 640w, https:\/\/urbeamea.ro\/albaiulia\/wp-content\/uploads\/2025\/09\/1000047946-150x113.jpg 150w, https:\/\/urbeamea.ro\/albaiulia\/wp-content\/uploads\/2025\/09\/1000047946-768x576.jpg 768w, https:\/\/urbeamea.ro\/albaiulia\/wp-content\/uploads\/2025\/09\/1000047946-1536x1152.jpg 1536w, https:\/\/urbeamea.ro\/albaiulia\/wp-content\/uploads\/2025\/09\/1000047946.jpg 1600w\" sizes=\"auto, (max-width: 1280px) 100vw, 1280px\" \/><\/figure>\n\n\n\n<figure class=\"wp-block-image size-large\"><img loading=\"lazy\" decoding=\"async\" width=\"1280\" height=\"960\" data-id=\"119418\" src=\"https:\/\/urbeamea.ro\/albaiulia\/wp-content\/uploads\/2025\/09\/1000047944-1280x960.jpg\" alt=\"\" class=\"wp-image-119418\" srcset=\"https:\/\/urbeamea.ro\/albaiulia\/wp-content\/uploads\/2025\/09\/1000047944-1280x960.jpg 1280w, https:\/\/urbeamea.ro\/albaiulia\/wp-content\/uploads\/2025\/09\/1000047944-640x480.jpg 640w, https:\/\/urbeamea.ro\/albaiulia\/wp-content\/uploads\/2025\/09\/1000047944-150x113.jpg 150w, https:\/\/urbeamea.ro\/albaiulia\/wp-content\/uploads\/2025\/09\/1000047944-768x576.jpg 768w, https:\/\/urbeamea.ro\/albaiulia\/wp-content\/uploads\/2025\/09\/1000047944-1536x1152.jpg 1536w, https:\/\/urbeamea.ro\/albaiulia\/wp-content\/uploads\/2025\/09\/1000047944.jpg 1600w\" sizes=\"auto, (max-width: 1280px) 100vw, 1280px\" \/><\/figure>\n\n\n\n<figure class=\"wp-block-image size-large\"><img loading=\"lazy\" decoding=\"async\" width=\"1280\" height=\"960\" data-id=\"119419\" src=\"https:\/\/urbeamea.ro\/albaiulia\/wp-content\/uploads\/2025\/09\/1000047947-1280x960.jpg\" alt=\"\" class=\"wp-image-119419\" srcset=\"https:\/\/urbeamea.ro\/albaiulia\/wp-content\/uploads\/2025\/09\/1000047947-1280x960.jpg 1280w, https:\/\/urbeamea.ro\/albaiulia\/wp-content\/uploads\/2025\/09\/1000047947-640x480.jpg 640w, https:\/\/urbeamea.ro\/albaiulia\/wp-content\/uploads\/2025\/09\/1000047947-150x113.jpg 150w, https:\/\/urbeamea.ro\/albaiulia\/wp-content\/uploads\/2025\/09\/1000047947-768x576.jpg 768w, https:\/\/urbeamea.ro\/albaiulia\/wp-content\/uploads\/2025\/09\/1000047947-1536x1152.jpg 1536w, https:\/\/urbeamea.ro\/albaiulia\/wp-content\/uploads\/2025\/09\/1000047947.jpg 1600w\" sizes=\"auto, (max-width: 1280px) 100vw, 1280px\" \/><\/figure>\n\n\n\n<figure class=\"wp-block-image size-large\"><img loading=\"lazy\" decoding=\"async\" width=\"960\" height=\"1280\" data-id=\"119421\" src=\"https:\/\/urbeamea.ro\/albaiulia\/wp-content\/uploads\/2025\/09\/1000047948-960x1280.jpg\" alt=\"\" class=\"wp-image-119421\" srcset=\"https:\/\/urbeamea.ro\/albaiulia\/wp-content\/uploads\/2025\/09\/1000047948-960x1280.jpg 960w, https:\/\/urbeamea.ro\/albaiulia\/wp-content\/uploads\/2025\/09\/1000047948-480x640.jpg 480w, https:\/\/urbeamea.ro\/albaiulia\/wp-content\/uploads\/2025\/09\/1000047948-113x150.jpg 113w, https:\/\/urbeamea.ro\/albaiulia\/wp-content\/uploads\/2025\/09\/1000047948-768x1024.jpg 768w, https:\/\/urbeamea.ro\/albaiulia\/wp-content\/uploads\/2025\/09\/1000047948-1152x1536.jpg 1152w, https:\/\/urbeamea.ro\/albaiulia\/wp-content\/uploads\/2025\/09\/1000047948.jpg 1200w\" sizes=\"auto, (max-width: 960px) 100vw, 960px\" \/><\/figure>\n\n\n\n<figure class=\"wp-block-image size-large\"><img loading=\"lazy\" decoding=\"async\" width=\"1280\" height=\"960\" data-id=\"119420\" src=\"https:\/\/urbeamea.ro\/albaiulia\/wp-content\/uploads\/2025\/09\/1000047949-1280x960.jpg\" alt=\"\" class=\"wp-image-119420\" srcset=\"https:\/\/urbeamea.ro\/albaiulia\/wp-content\/uploads\/2025\/09\/1000047949-1280x960.jpg 1280w, https:\/\/urbeamea.ro\/albaiulia\/wp-content\/uploads\/2025\/09\/1000047949-640x480.jpg 640w, https:\/\/urbeamea.ro\/albaiulia\/wp-content\/uploads\/2025\/09\/1000047949-150x113.jpg 150w, https:\/\/urbeamea.ro\/albaiulia\/wp-content\/uploads\/2025\/09\/1000047949-768x576.jpg 768w, https:\/\/urbeamea.ro\/albaiulia\/wp-content\/uploads\/2025\/09\/1000047949-1536x1152.jpg 1536w, https:\/\/urbeamea.ro\/albaiulia\/wp-content\/uploads\/2025\/09\/1000047949.jpg 1600w\" sizes=\"auto, (max-width: 1280px) 100vw, 1280px\" \/><\/figure>\n<\/figure>\n\n\n\n<p><\/p>\n\n\n\n<p><\/p>\n\n\n\n<p><\/p>\n","protected":false},"excerpt":{"rendered":"<p>Proiectele de mobilitate urban\u0103 implementate de Prim\u0103ria Municipiului Alba Iulia, coroborate cu activitatea zilnic\u0103 a Biroului Rutier din cadrul Poli\u021biei Municipiului Alba Iulia, au dus la cre\u0219terea siguran\u021bei \u00een traficul din municipiu. Evaluarea realizat\u0103 arat\u0103, f\u0103r\u0103 echivoc, c\u0103 \u00een Alba Iulia a crescut semnificativ siguran\u021ba participan\u021bilor la trafic, fie ei conduc\u0103tori auto, bicicli\u0219ti sau pietoni. &hellip;<\/p>\n","protected":false},"author":28,"featured_media":119416,"comment_status":"open","ping_status":"open","sticky":false,"template":"","format":"standard","meta":{"inline_featured_image":false,"footnotes":""},"categories":[2035,4,2034,1,16344],"tags":[25406],"class_list":["post-119415","post","type-post","status-publish","format-standard","has-post-thumbnail","hentry","category-administratie","category-eveniment","category-social","category-stiri-urbane","category-urbea-mea","tag-mobilitatea-urbana"],"yoast_head":"<!-- This site is optimized with the Yoast SEO plugin v27.4 - https:\/\/yoast.com\/product\/yoast-seo-wordpress\/ -->\n<title>Mobilitatea urban\u0103 \u00eenseamn\u0103 mai mult\u0103 siguran\u021b\u0103 \u00een trafic pentru albaiulieni - Revista Urbea Mea - Revista de Alba<\/title>\n<meta name=\"description\" content=\"Proiectele de mobilitate urban\u0103 implementate de Prim\u0103ria Municipiului Alba Iulia, coroborate cu activitatea zilnic\u0103 a Biroului Rutier din cadrul Poli\u021biei\" \/>\n<meta name=\"robots\" content=\"index, follow, max-snippet:-1, max-image-preview:large, max-video-preview:-1\" \/>\n<link rel=\"canonical\" href=\"https:\/\/urbeamea.ro\/albaiulia\/mobilitatea-urbana-inseamna-mai-multa-siguranta-in-trafic-pentru-albaiulieni\/\" \/>\n<meta name=\"twitter:card\" content=\"summary_large_image\" \/>\n<meta name=\"twitter:title\" content=\"Mobilitatea urban\u0103 \u00eenseamn\u0103 mai mult\u0103 siguran\u021b\u0103 \u00een trafic pentru albaiulieni - Revista Urbea Mea - Revista de Alba\" \/>\n<meta name=\"twitter:description\" content=\"Proiectele de mobilitate urban\u0103 implementate de Prim\u0103ria Municipiului Alba Iulia, coroborate cu activitatea zilnic\u0103 a Biroului Rutier din cadrul Poli\u021biei\" \/>\n<meta name=\"twitter:image\" content=\"https:\/\/urbeamea.ro\/albaiulia\/wp-content\/uploads\/2025\/09\/1000047945.jpg\" \/>\n<meta name=\"twitter:creator\" content=\"@urbeameaweb\" \/>\n<meta name=\"twitter:site\" content=\"@urbeameaweb\" \/>\n<script type=\"application\/ld+json\" class=\"yoast-schema-graph\">{\"@context\":\"https:\\\/\\\/schema.org\",\"@graph\":[{\"@type\":\"Article\",\"@id\":\"https:\\\/\\\/urbeamea.ro\\\/albaiulia\\\/mobilitatea-urbana-inseamna-mai-multa-siguranta-in-trafic-pentru-albaiulieni\\\/#article\",\"isPartOf\":{\"@id\":\"https:\\\/\\\/urbeamea.ro\\\/albaiulia\\\/mobilitatea-urbana-inseamna-mai-multa-siguranta-in-trafic-pentru-albaiulieni\\\/\"},\"author\":{\"name\":\"Giurca Sorin\",\"@id\":\"https:\\\/\\\/urbeamea.ro\\\/albaiulia\\\/#\\\/schema\\\/person\\\/5db3854ac38c1cc9f0ab4092d6a20f02\"},\"headline\":\"Mobilitatea urban\u0103 \u00eenseamn\u0103 mai mult\u0103 siguran\u021b\u0103 \u00een trafic pentru albaiulieni\",\"datePublished\":\"2025-09-04T18:38:37+00:00\",\"dateModified\":\"2025-09-04T18:38:39+00:00\",\"mainEntityOfPage\":{\"@id\":\"https:\\\/\\\/urbeamea.ro\\\/albaiulia\\\/mobilitatea-urbana-inseamna-mai-multa-siguranta-in-trafic-pentru-albaiulieni\\\/\"},\"wordCount\":261,\"commentCount\":0,\"image\":{\"@id\":\"https:\\\/\\\/urbeamea.ro\\\/albaiulia\\\/mobilitatea-urbana-inseamna-mai-multa-siguranta-in-trafic-pentru-albaiulieni\\\/#primaryimage\"},\"thumbnailUrl\":\"https:\\\/\\\/urbeamea.ro\\\/albaiulia\\\/wp-content\\\/uploads\\\/2025\\\/09\\\/1000047945.jpg\",\"keywords\":[\"Mobilitatea urban\u0103\"],\"articleSection\":[\"Administra\u021bie\",\"Evenimente\",\"Social\",\"\u015etiri Urbane\",\"Urbea Mea\"],\"inLanguage\":\"ro-RO\",\"potentialAction\":[{\"@type\":\"CommentAction\",\"name\":\"Comment\",\"target\":[\"https:\\\/\\\/urbeamea.ro\\\/albaiulia\\\/mobilitatea-urbana-inseamna-mai-multa-siguranta-in-trafic-pentru-albaiulieni\\\/#respond\"]}]},{\"@type\":\"WebPage\",\"@id\":\"https:\\\/\\\/urbeamea.ro\\\/albaiulia\\\/mobilitatea-urbana-inseamna-mai-multa-siguranta-in-trafic-pentru-albaiulieni\\\/\",\"url\":\"https:\\\/\\\/urbeamea.ro\\\/albaiulia\\\/mobilitatea-urbana-inseamna-mai-multa-siguranta-in-trafic-pentru-albaiulieni\\\/\",\"name\":\"Mobilitatea urban\u0103 \u00eenseamn\u0103 mai mult\u0103 siguran\u021b\u0103 \u00een trafic pentru albaiulieni - Revista Urbea Mea - Revista de Alba\",\"isPartOf\":{\"@id\":\"https:\\\/\\\/urbeamea.ro\\\/albaiulia\\\/#website\"},\"primaryImageOfPage\":{\"@id\":\"https:\\\/\\\/urbeamea.ro\\\/albaiulia\\\/mobilitatea-urbana-inseamna-mai-multa-siguranta-in-trafic-pentru-albaiulieni\\\/#primaryimage\"},\"image\":{\"@id\":\"https:\\\/\\\/urbeamea.ro\\\/albaiulia\\\/mobilitatea-urbana-inseamna-mai-multa-siguranta-in-trafic-pentru-albaiulieni\\\/#primaryimage\"},\"thumbnailUrl\":\"https:\\\/\\\/urbeamea.ro\\\/albaiulia\\\/wp-content\\\/uploads\\\/2025\\\/09\\\/1000047945.jpg\",\"datePublished\":\"2025-09-04T18:38:37+00:00\",\"dateModified\":\"2025-09-04T18:38:39+00:00\",\"author\":{\"@id\":\"https:\\\/\\\/urbeamea.ro\\\/albaiulia\\\/#\\\/schema\\\/person\\\/5db3854ac38c1cc9f0ab4092d6a20f02\"},\"description\":\"Proiectele de mobilitate urban\u0103 implementate de Prim\u0103ria Municipiului Alba Iulia, coroborate cu activitatea zilnic\u0103 a Biroului Rutier din cadrul Poli\u021biei\",\"breadcrumb\":{\"@id\":\"https:\\\/\\\/urbeamea.ro\\\/albaiulia\\\/mobilitatea-urbana-inseamna-mai-multa-siguranta-in-trafic-pentru-albaiulieni\\\/#breadcrumb\"},\"inLanguage\":\"ro-RO\",\"potentialAction\":[{\"@type\":\"ReadAction\",\"target\":[\"https:\\\/\\\/urbeamea.ro\\\/albaiulia\\\/mobilitatea-urbana-inseamna-mai-multa-siguranta-in-trafic-pentru-albaiulieni\\\/\"]}]},{\"@type\":\"ImageObject\",\"inLanguage\":\"ro-RO\",\"@id\":\"https:\\\/\\\/urbeamea.ro\\\/albaiulia\\\/mobilitatea-urbana-inseamna-mai-multa-siguranta-in-trafic-pentru-albaiulieni\\\/#primaryimage\",\"url\":\"https:\\\/\\\/urbeamea.ro\\\/albaiulia\\\/wp-content\\\/uploads\\\/2025\\\/09\\\/1000047945.jpg\",\"contentUrl\":\"https:\\\/\\\/urbeamea.ro\\\/albaiulia\\\/wp-content\\\/uploads\\\/2025\\\/09\\\/1000047945.jpg\",\"width\":1600,\"height\":1200},{\"@type\":\"BreadcrumbList\",\"@id\":\"https:\\\/\\\/urbeamea.ro\\\/albaiulia\\\/mobilitatea-urbana-inseamna-mai-multa-siguranta-in-trafic-pentru-albaiulieni\\\/#breadcrumb\",\"itemListElement\":[{\"@type\":\"ListItem\",\"position\":1,\"name\":\"Prima pagin\u0103\",\"item\":\"https:\\\/\\\/urbeamea.ro\\\/albaiulia\\\/\"},{\"@type\":\"ListItem\",\"position\":2,\"name\":\"Mobilitatea urban\u0103 \u00eenseamn\u0103 mai mult\u0103 siguran\u021b\u0103 \u00een trafic pentru albaiulieni\"}]},{\"@type\":\"WebSite\",\"@id\":\"https:\\\/\\\/urbeamea.ro\\\/albaiulia\\\/#website\",\"url\":\"https:\\\/\\\/urbeamea.ro\\\/albaiulia\\\/\",\"name\":\"Revista Urbea Mea, Stiri urbane\",\"description\":\"Evenimente \u0219i \u0219tiri din Alba Iulia, Sebe\u0219, Aiud, Blaj\",\"potentialAction\":[{\"@type\":\"SearchAction\",\"target\":{\"@type\":\"EntryPoint\",\"urlTemplate\":\"https:\\\/\\\/urbeamea.ro\\\/albaiulia\\\/?s={search_term_string}\"},\"query-input\":{\"@type\":\"PropertyValueSpecification\",\"valueRequired\":true,\"valueName\":\"search_term_string\"}}],\"inLanguage\":\"ro-RO\"},{\"@type\":\"Person\",\"@id\":\"https:\\\/\\\/urbeamea.ro\\\/albaiulia\\\/#\\\/schema\\\/person\\\/5db3854ac38c1cc9f0ab4092d6a20f02\",\"name\":\"Giurca Sorin\",\"image\":{\"@type\":\"ImageObject\",\"inLanguage\":\"ro-RO\",\"@id\":\"https:\\\/\\\/secure.gravatar.com\\\/avatar\\\/120f6fcae7b3b47a7730cb9943f612f4909f68ac5284b5f40ac1c4615fd70576?s=96&d=mm&r=g\",\"url\":\"https:\\\/\\\/secure.gravatar.com\\\/avatar\\\/120f6fcae7b3b47a7730cb9943f612f4909f68ac5284b5f40ac1c4615fd70576?s=96&d=mm&r=g\",\"contentUrl\":\"https:\\\/\\\/secure.gravatar.com\\\/avatar\\\/120f6fcae7b3b47a7730cb9943f612f4909f68ac5284b5f40ac1c4615fd70576?s=96&d=mm&r=g\",\"caption\":\"Giurca Sorin\"},\"url\":\"https:\\\/\\\/urbeamea.ro\\\/albaiulia\\\/author\\\/sorin\\\/\"}]}<\/script>\n<!-- \/ Yoast SEO plugin. -->","yoast_head_json":{"title":"Mobilitatea urban\u0103 \u00eenseamn\u0103 mai mult\u0103 siguran\u021b\u0103 \u00een trafic pentru albaiulieni - Revista Urbea Mea - Revista de Alba","description":"Proiectele de mobilitate urban\u0103 implementate de Prim\u0103ria Municipiului Alba Iulia, coroborate cu activitatea zilnic\u0103 a Biroului Rutier din cadrul Poli\u021biei","robots":{"index":"index","follow":"follow","max-snippet":"max-snippet:-1","max-image-preview":"max-image-preview:large","max-video-preview":"max-video-preview:-1"},"canonical":"https:\/\/urbeamea.ro\/albaiulia\/mobilitatea-urbana-inseamna-mai-multa-siguranta-in-trafic-pentru-albaiulieni\/","twitter_card":"summary_large_image","twitter_title":"Mobilitatea urban\u0103 \u00eenseamn\u0103 mai mult\u0103 siguran\u021b\u0103 \u00een trafic pentru albaiulieni - Revista Urbea Mea - Revista de Alba","twitter_description":"Proiectele de mobilitate urban\u0103 implementate de Prim\u0103ria Municipiului Alba Iulia, coroborate cu activitatea zilnic\u0103 a Biroului Rutier din cadrul Poli\u021biei","twitter_image":"https:\/\/urbeamea.ro\/albaiulia\/wp-content\/uploads\/2025\/09\/1000047945.jpg","twitter_creator":"@urbeameaweb","twitter_site":"@urbeameaweb","schema":{"@context":"https:\/\/schema.org","@graph":[{"@type":"Article","@id":"https:\/\/urbeamea.ro\/albaiulia\/mobilitatea-urbana-inseamna-mai-multa-siguranta-in-trafic-pentru-albaiulieni\/#article","isPartOf":{"@id":"https:\/\/urbeamea.ro\/albaiulia\/mobilitatea-urbana-inseamna-mai-multa-siguranta-in-trafic-pentru-albaiulieni\/"},"author":{"name":"Giurca Sorin","@id":"https:\/\/urbeamea.ro\/albaiulia\/#\/schema\/person\/5db3854ac38c1cc9f0ab4092d6a20f02"},"headline":"Mobilitatea urban\u0103 \u00eenseamn\u0103 mai mult\u0103 siguran\u021b\u0103 \u00een trafic pentru albaiulieni","datePublished":"2025-09-04T18:38:37+00:00","dateModified":"2025-09-04T18:38:39+00:00","mainEntityOfPage":{"@id":"https:\/\/urbeamea.ro\/albaiulia\/mobilitatea-urbana-inseamna-mai-multa-siguranta-in-trafic-pentru-albaiulieni\/"},"wordCount":261,"commentCount":0,"image":{"@id":"https:\/\/urbeamea.ro\/albaiulia\/mobilitatea-urbana-inseamna-mai-multa-siguranta-in-trafic-pentru-albaiulieni\/#primaryimage"},"thumbnailUrl":"https:\/\/urbeamea.ro\/albaiulia\/wp-content\/uploads\/2025\/09\/1000047945.jpg","keywords":["Mobilitatea urban\u0103"],"articleSection":["Administra\u021bie","Evenimente","Social","\u015etiri Urbane","Urbea Mea"],"inLanguage":"ro-RO","potentialAction":[{"@type":"CommentAction","name":"Comment","target":["https:\/\/urbeamea.ro\/albaiulia\/mobilitatea-urbana-inseamna-mai-multa-siguranta-in-trafic-pentru-albaiulieni\/#respond"]}]},{"@type":"WebPage","@id":"https:\/\/urbeamea.ro\/albaiulia\/mobilitatea-urbana-inseamna-mai-multa-siguranta-in-trafic-pentru-albaiulieni\/","url":"https:\/\/urbeamea.ro\/albaiulia\/mobilitatea-urbana-inseamna-mai-multa-siguranta-in-trafic-pentru-albaiulieni\/","name":"Mobilitatea urban\u0103 \u00eenseamn\u0103 mai mult\u0103 siguran\u021b\u0103 \u00een trafic pentru albaiulieni - Revista Urbea Mea - Revista de Alba","isPartOf":{"@id":"https:\/\/urbeamea.ro\/albaiulia\/#website"},"primaryImageOfPage":{"@id":"https:\/\/urbeamea.ro\/albaiulia\/mobilitatea-urbana-inseamna-mai-multa-siguranta-in-trafic-pentru-albaiulieni\/#primaryimage"},"image":{"@id":"https:\/\/urbeamea.ro\/albaiulia\/mobilitatea-urbana-inseamna-mai-multa-siguranta-in-trafic-pentru-albaiulieni\/#primaryimage"},"thumbnailUrl":"https:\/\/urbeamea.ro\/albaiulia\/wp-content\/uploads\/2025\/09\/1000047945.jpg","datePublished":"2025-09-04T18:38:37+00:00","dateModified":"2025-09-04T18:38:39+00:00","author":{"@id":"https:\/\/urbeamea.ro\/albaiulia\/#\/schema\/person\/5db3854ac38c1cc9f0ab4092d6a20f02"},"description":"Proiectele de mobilitate urban\u0103 implementate de Prim\u0103ria Municipiului Alba Iulia, coroborate cu activitatea zilnic\u0103 a Biroului Rutier din cadrul Poli\u021biei","breadcrumb":{"@id":"https:\/\/urbeamea.ro\/albaiulia\/mobilitatea-urbana-inseamna-mai-multa-siguranta-in-trafic-pentru-albaiulieni\/#breadcrumb"},"inLanguage":"ro-RO","potentialAction":[{"@type":"ReadAction","target":["https:\/\/urbeamea.ro\/albaiulia\/mobilitatea-urbana-inseamna-mai-multa-siguranta-in-trafic-pentru-albaiulieni\/"]}]},{"@type":"ImageObject","inLanguage":"ro-RO","@id":"https:\/\/urbeamea.ro\/albaiulia\/mobilitatea-urbana-inseamna-mai-multa-siguranta-in-trafic-pentru-albaiulieni\/#primaryimage","url":"https:\/\/urbeamea.ro\/albaiulia\/wp-content\/uploads\/2025\/09\/1000047945.jpg","contentUrl":"https:\/\/urbeamea.ro\/albaiulia\/wp-content\/uploads\/2025\/09\/1000047945.jpg","width":1600,"height":1200},{"@type":"BreadcrumbList","@id":"https:\/\/urbeamea.ro\/albaiulia\/mobilitatea-urbana-inseamna-mai-multa-siguranta-in-trafic-pentru-albaiulieni\/#breadcrumb","itemListElement":[{"@type":"ListItem","position":1,"name":"Prima pagin\u0103","item":"https:\/\/urbeamea.ro\/albaiulia\/"},{"@type":"ListItem","position":2,"name":"Mobilitatea urban\u0103 \u00eenseamn\u0103 mai mult\u0103 siguran\u021b\u0103 \u00een trafic pentru albaiulieni"}]},{"@type":"WebSite","@id":"https:\/\/urbeamea.ro\/albaiulia\/#website","url":"https:\/\/urbeamea.ro\/albaiulia\/","name":"Revista Urbea Mea, Stiri urbane","description":"Evenimente \u0219i \u0219tiri din Alba Iulia, Sebe\u0219, Aiud, Blaj","potentialAction":[{"@type":"SearchAction","target":{"@type":"EntryPoint","urlTemplate":"https:\/\/urbeamea.ro\/albaiulia\/?s={search_term_string}"},"query-input":{"@type":"PropertyValueSpecification","valueRequired":true,"valueName":"search_term_string"}}],"inLanguage":"ro-RO"},{"@type":"Person","@id":"https:\/\/urbeamea.ro\/albaiulia\/#\/schema\/person\/5db3854ac38c1cc9f0ab4092d6a20f02","name":"Giurca Sorin","image":{"@type":"ImageObject","inLanguage":"ro-RO","@id":"https:\/\/secure.gravatar.com\/avatar\/120f6fcae7b3b47a7730cb9943f612f4909f68ac5284b5f40ac1c4615fd70576?s=96&d=mm&r=g","url":"https:\/\/secure.gravatar.com\/avatar\/120f6fcae7b3b47a7730cb9943f612f4909f68ac5284b5f40ac1c4615fd70576?s=96&d=mm&r=g","contentUrl":"https:\/\/secure.gravatar.com\/avatar\/120f6fcae7b3b47a7730cb9943f612f4909f68ac5284b5f40ac1c4615fd70576?s=96&d=mm&r=g","caption":"Giurca Sorin"},"url":"https:\/\/urbeamea.ro\/albaiulia\/author\/sorin\/"}]}},"_links":{"self":[{"href":"https:\/\/urbeamea.ro\/albaiulia\/wp-json\/wp\/v2\/posts\/119415","targetHints":{"allow":["GET"]}}],"collection":[{"href":"https:\/\/urbeamea.ro\/albaiulia\/wp-json\/wp\/v2\/posts"}],"about":[{"href":"https:\/\/urbeamea.ro\/albaiulia\/wp-json\/wp\/v2\/types\/post"}],"author":[{"embeddable":true,"href":"https:\/\/urbeamea.ro\/albaiulia\/wp-json\/wp\/v2\/users\/28"}],"replies":[{"embeddable":true,"href":"https:\/\/urbeamea.ro\/albaiulia\/wp-json\/wp\/v2\/comments?post=119415"}],"version-history":[{"count":1,"href":"https:\/\/urbeamea.ro\/albaiulia\/wp-json\/wp\/v2\/posts\/119415\/revisions"}],"predecessor-version":[{"id":119422,"href":"https:\/\/urbeamea.ro\/albaiulia\/wp-json\/wp\/v2\/posts\/119415\/revisions\/119422"}],"wp:featuredmedia":[{"embeddable":true,"href":"https:\/\/urbeamea.ro\/albaiulia\/wp-json\/wp\/v2\/media\/119416"}],"wp:attachment":[{"href":"https:\/\/urbeamea.ro\/albaiulia\/wp-json\/wp\/v2\/media?parent=119415"}],"wp:term":[{"taxonomy":"category","embeddable":true,"href":"https:\/\/urbeamea.ro\/albaiulia\/wp-json\/wp\/v2\/categories?post=119415"},{"taxonomy":"post_tag","embeddable":true,"href":"https:\/\/urbeamea.ro\/albaiulia\/wp-json\/wp\/v2\/tags?post=119415"}],"curies":[{"name":"wp","href":"https:\/\/api.w.org\/{rel}","templated":true}]}}