{"id":119495,"date":"2025-09-09T18:03:12","date_gmt":"2025-09-09T15:03:12","guid":{"rendered":"https:\/\/urbeamea.ro\/albaiulia\/?p=119495"},"modified":"2025-09-09T18:03:14","modified_gmt":"2025-09-09T15:03:14","slug":"vernisaj-gazduit-de-palatul-principilor-din-alba-iulia-cu-lucrari-semnate-de-artisti-plastici-din-romania-si-republica-moldova","status":"publish","type":"post","link":"https:\/\/urbeamea.ro\/albaiulia\/vernisaj-gazduit-de-palatul-principilor-din-alba-iulia-cu-lucrari-semnate-de-artisti-plastici-din-romania-si-republica-moldova\/","title":{"rendered":"Vernisaj g\u0103zduit de Palatul Principilor din Alba Iulia, cu lucr\u0103ri semnate de arti\u0219ti plastici din Rom\u00e2nia \u0219i Republica Moldova"},"content":{"rendered":"\n<p><strong>\u0218i-au g\u0103sit inspira\u021bia \u00een Alba Iulia! Arti\u0219ti plastici din toat\u0103 Rom\u00e2nia \u0219i Republica Moldova au creat, timp de o s\u0103pt\u0103m\u00e2n\u0103, \u00een Ora\u0219ul Unirii. <\/strong><\/p>\n\n\n\n<p>Vernisajul expozi\u021biei cu lucr\u0103rile lor, ast\u0103zi, 8 septembrie, de la 17.00, la Palatul Principilor Transilvaniei, Sala Dietei.Parteneriatul solid dintre Prim\u0103ria Alba Iulia \u0219i Asocia\u021bia Localit\u0103\u021bilor \u0219i Zonelor Istorice \u0219i de Art\u0103 din Rom\u00e2nia \u2013 ALZIAR s-a concretizat, la \u00eenceputul acestei toamne, \u00eentr-un nou rezultat. <\/p>\n\n\n\n<p>Este vorba despre a doua edi\u021bie a Taberei Interna\u021bionale de Crea\u021bie Artistic\u0103  ,,ARMONII CROMATICE \u00ceN CETATEA ALBA CAROLINA, Plein air\u2019\u2019, ac\u021biune ce vizeaz\u0103 promovarea cu ajutorul artelor plastice a patrimoniului din Alba Iulia, \u00eencurajarea dialogului intercultural, perfec\u021bionarea \u0219i \u00eembog\u0103\u021birea experien\u021bei arti\u0219tilor implica\u021bi.<\/p>\n\n\n\n<p>&#8222;Alba Iulia \u0219i A.L.Z.I.A.R. \u0219i-au descoperit \u0219i asumat misiunea comun\u0103 \u0219i sunt \u00eempreun\u0103 \u00eenc\u0103 din 2004, de la \u00eenfiin\u021barea asocia\u021biei, noi fiind printre fondatori. De atunci, \u00eencerc\u0103m \u2013 \u0219i reu\u0219im! \u2013 constant s\u0103 livr\u0103m comunit\u0103\u021bilor din toat\u0103 Rom\u00e2nia evenimente interesante, relevante \u0219i care s\u0103 inspire \u0219i pe al\u021bii. Un exemplu este chiar tab\u0103ra din ultima s\u0103pt\u0103m\u00e2n\u0103 de la Alba Iulia, \u00een care arti\u0219ti plastici au stat \u0219i creat \u00eempreun\u0103. <\/p>\n\n\n\n<p>M\u0103 bucur c\u0103 ora\u0219ul \u0219i Cetatea, \u00een special, le-au fost muze \u0219i abia a\u0219tept s\u0103 vedem, \u00eempreun\u0103, rezultatele muncii lor. <\/p>\n\n\n\n<p>De asemenea vreau s\u0103 le mul\u021bumesc, \u00een avans, pentru c\u0103 toate aceste tablouri create de ei, vor fi donate ora\u0219ului \u0219i s\u0103 \u00eei asigur ca le vom g\u0103si locurile cele mai potrivite pentru a fi expuse permanent\u201d, spune Gabriel Ple\u0219a, primarul municipiului Alba Iulia.<\/p>\n\n\n\n<p>La r\u00e2ndul s\u0103u, Carmen \u0218tef\u0103nescu, secretar general ALZIAR \u0219i coordonatorul taberei declar\u0103: \u201eLa Alba Iulia am g\u0103sit, mereu, deschiderea pe care ne-am dorit-o \u0219i mediul perfect pentru ca arti\u0219tii s\u0103 se poat\u0103 exprima \u00een cel mai liber \u0219i creativ mod. <\/p>\n\n\n\n<p>Ne bucur\u0103m, cu at\u00e2t mai mult, c\u0103 am g\u0103sit \u0219i spa\u021biul perfect pentru a expune rezultatele muncii lor de o s\u0103pt\u0103m\u00e2n\u0103. Printr-o expozi\u021bie de final de tab\u0103r\u0103, la Palatul Principilor Transilvaniei.<\/p>\n\n\n\n<p>Prin aceast\u0103 tab\u0103r\u0103 ALZIAR \u0219i-a propus dezvoltarea educa\u021biei permanente de tip comunitar, oferirea de posibilit\u0103\u0163i de exprimare plastic\u0103 tuturor segmentelor sociale, indiferent de v\u00e2rst\u0103 \u015fi nivel de preg\u0103tire.  <\/p>\n\n\n\n<p>Nu \u00een ultimul r\u00e2nd, ne-am concentrat pe sensibilizarea publicului cu privire la necesitatea respect\u0103rii legisla\u021biei \u00een domeniul protej\u0103rii \u015fi conserv\u0103rii patrimoniului construit \u0219i reflectarea lui \u00een opere de art\u0103.\u201d<\/p>\n\n\n\n<p>Vernisajul expozi\u021biei cu tablourile create \u00een tab\u0103ra de la Alba Iulia va avea loc ast\u0103zi, 8 septembrie 2025, de la ora 17.00, la Palatul Principilor Transilvaniei, \u00een Sala Dietei.<\/p>\n\n\n\n<p>Crea\u021biile arti\u0219tilor vor r\u0103m\u00e2ne, timp de o s\u0103pt\u0103m\u00e2n\u0103, \u00een Sala Dietei iar vizitarea expozi\u021biei temporare se va putea realiza gratuit, bonus la orice bilet de intrare achizi\u021bionat pentru Muzeul Palatului Principilor Transilvaniei. Accesul la vernisaj \u0219i, ulterior, la expozi\u021bie, se face prin Centrul Na\u021bional de Informare \u0219i Promovare Turistic\u0103, str. Militari, Nr. 4, Alba Iulia.<\/p>\n\n\n\n<figure class=\"wp-block-gallery has-nested-images columns-default is-cropped wp-block-gallery-1 is-layout-flex wp-block-gallery-is-layout-flex\">\n<figure class=\"wp-block-image size-large\"><img loading=\"lazy\" decoding=\"async\" width=\"720\" height=\"960\" data-id=\"119496\" src=\"https:\/\/urbeamea.ro\/albaiulia\/wp-content\/uploads\/2025\/09\/1000048356.jpg\" alt=\"\" class=\"wp-image-119496\" srcset=\"https:\/\/urbeamea.ro\/albaiulia\/wp-content\/uploads\/2025\/09\/1000048356.jpg 720w, https:\/\/urbeamea.ro\/albaiulia\/wp-content\/uploads\/2025\/09\/1000048356-480x640.jpg 480w, https:\/\/urbeamea.ro\/albaiulia\/wp-content\/uploads\/2025\/09\/1000048356-113x150.jpg 113w\" sizes=\"auto, (max-width: 720px) 100vw, 720px\" \/><\/figure>\n\n\n\n<figure class=\"wp-block-image size-large\"><img loading=\"lazy\" decoding=\"async\" width=\"906\" height=\"1280\" data-id=\"119497\" src=\"https:\/\/urbeamea.ro\/albaiulia\/wp-content\/uploads\/2025\/09\/1000048359-906x1280.jpg\" alt=\"\" class=\"wp-image-119497\" srcset=\"https:\/\/urbeamea.ro\/albaiulia\/wp-content\/uploads\/2025\/09\/1000048359-906x1280.jpg 906w, https:\/\/urbeamea.ro\/albaiulia\/wp-content\/uploads\/2025\/09\/1000048359-453x640.jpg 453w, https:\/\/urbeamea.ro\/albaiulia\/wp-content\/uploads\/2025\/09\/1000048359-106x150.jpg 106w, https:\/\/urbeamea.ro\/albaiulia\/wp-content\/uploads\/2025\/09\/1000048359-768x1085.jpg 768w, https:\/\/urbeamea.ro\/albaiulia\/wp-content\/uploads\/2025\/09\/1000048359-1087x1536.jpg 1087w, https:\/\/urbeamea.ro\/albaiulia\/wp-content\/uploads\/2025\/09\/1000048359.jpg 1449w\" sizes=\"auto, (max-width: 906px) 100vw, 906px\" \/><\/figure>\n\n\n\n<figure class=\"wp-block-image size-large\"><img loading=\"lazy\" decoding=\"async\" width=\"1280\" height=\"960\" data-id=\"119498\" src=\"https:\/\/urbeamea.ro\/albaiulia\/wp-content\/uploads\/2025\/09\/1000048358-1280x960.jpg\" alt=\"\" class=\"wp-image-119498\" srcset=\"https:\/\/urbeamea.ro\/albaiulia\/wp-content\/uploads\/2025\/09\/1000048358-1280x960.jpg 1280w, https:\/\/urbeamea.ro\/albaiulia\/wp-content\/uploads\/2025\/09\/1000048358-640x480.jpg 640w, https:\/\/urbeamea.ro\/albaiulia\/wp-content\/uploads\/2025\/09\/1000048358-150x113.jpg 150w, https:\/\/urbeamea.ro\/albaiulia\/wp-content\/uploads\/2025\/09\/1000048358-768x576.jpg 768w, https:\/\/urbeamea.ro\/albaiulia\/wp-content\/uploads\/2025\/09\/1000048358-1536x1152.jpg 1536w, https:\/\/urbeamea.ro\/albaiulia\/wp-content\/uploads\/2025\/09\/1000048358.jpg 2016w\" sizes=\"auto, (max-width: 1280px) 100vw, 1280px\" \/><\/figure>\n\n\n\n<figure class=\"wp-block-image size-large\"><img loading=\"lazy\" decoding=\"async\" width=\"1280\" height=\"849\" data-id=\"119499\" src=\"https:\/\/urbeamea.ro\/albaiulia\/wp-content\/uploads\/2025\/09\/1000048357-1280x849.jpg\" alt=\"\" class=\"wp-image-119499\" srcset=\"https:\/\/urbeamea.ro\/albaiulia\/wp-content\/uploads\/2025\/09\/1000048357-1280x849.jpg 1280w, https:\/\/urbeamea.ro\/albaiulia\/wp-content\/uploads\/2025\/09\/1000048357-640x425.jpg 640w, https:\/\/urbeamea.ro\/albaiulia\/wp-content\/uploads\/2025\/09\/1000048357-150x100.jpg 150w, https:\/\/urbeamea.ro\/albaiulia\/wp-content\/uploads\/2025\/09\/1000048357-768x510.jpg 768w, https:\/\/urbeamea.ro\/albaiulia\/wp-content\/uploads\/2025\/09\/1000048357-1536x1019.jpg 1536w, https:\/\/urbeamea.ro\/albaiulia\/wp-content\/uploads\/2025\/09\/1000048357.jpg 1665w\" sizes=\"auto, (max-width: 1280px) 100vw, 1280px\" \/><\/figure>\n<\/figure>\n","protected":false},"excerpt":{"rendered":"<p>\u0218i-au g\u0103sit inspira\u021bia \u00een Alba Iulia! Arti\u0219ti plastici din toat\u0103 Rom\u00e2nia \u0219i Republica Moldova au creat, timp de o s\u0103pt\u0103m\u00e2n\u0103, \u00een Ora\u0219ul Unirii. Vernisajul expozi\u021biei cu lucr\u0103rile lor, ast\u0103zi, 8 septembrie, de la 17.00, la Palatul Principilor Transilvaniei, Sala Dietei.Parteneriatul solid dintre Prim\u0103ria Alba Iulia \u0219i Asocia\u021bia Localit\u0103\u021bilor \u0219i Zonelor Istorice \u0219i de Art\u0103 din &hellip;<\/p>\n","protected":false},"author":28,"featured_media":119498,"comment_status":"open","ping_status":"open","sticky":false,"template":"","format":"standard","meta":{"inline_featured_image":false,"footnotes":""},"categories":[2038,4,2034,1,16344],"tags":[25410],"class_list":["post-119495","post","type-post","status-publish","format-standard","has-post-thumbnail","hentry","category-cultura","category-eveniment","category-social","category-stiri-urbane","category-urbea-mea","tag-lucrari-2"],"yoast_head":"<!-- This site is optimized with the Yoast SEO plugin v27.4 - https:\/\/yoast.com\/product\/yoast-seo-wordpress\/ -->\n<title>Vernisaj g\u0103zduit de Palatul Principilor din Alba Iulia, cu lucr\u0103ri semnate de arti\u0219ti plastici din Rom\u00e2nia \u0219i Republica Moldova - Revista Urbea Mea - Revista de Alba<\/title>\n<meta name=\"description\" content=\"\u0218i-au g\u0103sit inspira\u021bia \u00een Alba Iulia! Arti\u0219ti plastici din toat\u0103 Rom\u00e2nia \u0219i Republica Moldova au creat, timp de o s\u0103pt\u0103m\u00e2n\u0103, \u00een Ora\u0219ul Unirii. Vernisajul\" \/>\n<meta name=\"robots\" content=\"index, follow, max-snippet:-1, max-image-preview:large, max-video-preview:-1\" \/>\n<link rel=\"canonical\" href=\"https:\/\/urbeamea.ro\/albaiulia\/vernisaj-gazduit-de-palatul-principilor-din-alba-iulia-cu-lucrari-semnate-de-artisti-plastici-din-romania-si-republica-moldova\/\" \/>\n<meta name=\"twitter:card\" content=\"summary_large_image\" \/>\n<meta name=\"twitter:title\" content=\"Vernisaj g\u0103zduit de Palatul Principilor din Alba Iulia, cu lucr\u0103ri semnate de arti\u0219ti plastici din Rom\u00e2nia \u0219i Republica Moldova - Revista Urbea Mea - Revista de Alba\" \/>\n<meta name=\"twitter:description\" content=\"\u0218i-au g\u0103sit inspira\u021bia \u00een Alba Iulia! Arti\u0219ti plastici din toat\u0103 Rom\u00e2nia \u0219i Republica Moldova au creat, timp de o s\u0103pt\u0103m\u00e2n\u0103, \u00een Ora\u0219ul Unirii. Vernisajul\" \/>\n<meta name=\"twitter:image\" content=\"https:\/\/urbeamea.ro\/albaiulia\/wp-content\/uploads\/2025\/09\/1000048358.jpg\" \/>\n<meta name=\"twitter:creator\" content=\"@urbeameaweb\" \/>\n<meta name=\"twitter:site\" content=\"@urbeameaweb\" \/>\n<script type=\"application\/ld+json\" class=\"yoast-schema-graph\">{\"@context\":\"https:\\\/\\\/schema.org\",\"@graph\":[{\"@type\":\"Article\",\"@id\":\"https:\\\/\\\/urbeamea.ro\\\/albaiulia\\\/vernisaj-gazduit-de-palatul-principilor-din-alba-iulia-cu-lucrari-semnate-de-artisti-plastici-din-romania-si-republica-moldova\\\/#article\",\"isPartOf\":{\"@id\":\"https:\\\/\\\/urbeamea.ro\\\/albaiulia\\\/vernisaj-gazduit-de-palatul-principilor-din-alba-iulia-cu-lucrari-semnate-de-artisti-plastici-din-romania-si-republica-moldova\\\/\"},\"author\":{\"name\":\"Giurca Sorin\",\"@id\":\"https:\\\/\\\/urbeamea.ro\\\/albaiulia\\\/#\\\/schema\\\/person\\\/5db3854ac38c1cc9f0ab4092d6a20f02\"},\"headline\":\"Vernisaj g\u0103zduit de Palatul Principilor din Alba Iulia, cu lucr\u0103ri semnate de arti\u0219ti plastici din Rom\u00e2nia \u0219i Republica Moldova\",\"datePublished\":\"2025-09-09T15:03:12+00:00\",\"dateModified\":\"2025-09-09T15:03:14+00:00\",\"mainEntityOfPage\":{\"@id\":\"https:\\\/\\\/urbeamea.ro\\\/albaiulia\\\/vernisaj-gazduit-de-palatul-principilor-din-alba-iulia-cu-lucrari-semnate-de-artisti-plastici-din-romania-si-republica-moldova\\\/\"},\"wordCount\":554,\"commentCount\":0,\"image\":{\"@id\":\"https:\\\/\\\/urbeamea.ro\\\/albaiulia\\\/vernisaj-gazduit-de-palatul-principilor-din-alba-iulia-cu-lucrari-semnate-de-artisti-plastici-din-romania-si-republica-moldova\\\/#primaryimage\"},\"thumbnailUrl\":\"https:\\\/\\\/urbeamea.ro\\\/albaiulia\\\/wp-content\\\/uploads\\\/2025\\\/09\\\/1000048358.jpg\",\"keywords\":[\"Lucr\u0103ri\"],\"articleSection\":[\"Cultur\u0103\",\"Evenimente\",\"Social\",\"\u015etiri Urbane\",\"Urbea Mea\"],\"inLanguage\":\"ro-RO\",\"potentialAction\":[{\"@type\":\"CommentAction\",\"name\":\"Comment\",\"target\":[\"https:\\\/\\\/urbeamea.ro\\\/albaiulia\\\/vernisaj-gazduit-de-palatul-principilor-din-alba-iulia-cu-lucrari-semnate-de-artisti-plastici-din-romania-si-republica-moldova\\\/#respond\"]}]},{\"@type\":\"WebPage\",\"@id\":\"https:\\\/\\\/urbeamea.ro\\\/albaiulia\\\/vernisaj-gazduit-de-palatul-principilor-din-alba-iulia-cu-lucrari-semnate-de-artisti-plastici-din-romania-si-republica-moldova\\\/\",\"url\":\"https:\\\/\\\/urbeamea.ro\\\/albaiulia\\\/vernisaj-gazduit-de-palatul-principilor-din-alba-iulia-cu-lucrari-semnate-de-artisti-plastici-din-romania-si-republica-moldova\\\/\",\"name\":\"Vernisaj g\u0103zduit de Palatul Principilor din Alba Iulia, cu lucr\u0103ri semnate de arti\u0219ti plastici din Rom\u00e2nia \u0219i Republica Moldova - Revista Urbea Mea - Revista de Alba\",\"isPartOf\":{\"@id\":\"https:\\\/\\\/urbeamea.ro\\\/albaiulia\\\/#website\"},\"primaryImageOfPage\":{\"@id\":\"https:\\\/\\\/urbeamea.ro\\\/albaiulia\\\/vernisaj-gazduit-de-palatul-principilor-din-alba-iulia-cu-lucrari-semnate-de-artisti-plastici-din-romania-si-republica-moldova\\\/#primaryimage\"},\"image\":{\"@id\":\"https:\\\/\\\/urbeamea.ro\\\/albaiulia\\\/vernisaj-gazduit-de-palatul-principilor-din-alba-iulia-cu-lucrari-semnate-de-artisti-plastici-din-romania-si-republica-moldova\\\/#primaryimage\"},\"thumbnailUrl\":\"https:\\\/\\\/urbeamea.ro\\\/albaiulia\\\/wp-content\\\/uploads\\\/2025\\\/09\\\/1000048358.jpg\",\"datePublished\":\"2025-09-09T15:03:12+00:00\",\"dateModified\":\"2025-09-09T15:03:14+00:00\",\"author\":{\"@id\":\"https:\\\/\\\/urbeamea.ro\\\/albaiulia\\\/#\\\/schema\\\/person\\\/5db3854ac38c1cc9f0ab4092d6a20f02\"},\"description\":\"\u0218i-au g\u0103sit inspira\u021bia \u00een Alba Iulia! Arti\u0219ti plastici din toat\u0103 Rom\u00e2nia \u0219i Republica Moldova au creat, timp de o s\u0103pt\u0103m\u00e2n\u0103, \u00een Ora\u0219ul Unirii. Vernisajul\",\"breadcrumb\":{\"@id\":\"https:\\\/\\\/urbeamea.ro\\\/albaiulia\\\/vernisaj-gazduit-de-palatul-principilor-din-alba-iulia-cu-lucrari-semnate-de-artisti-plastici-din-romania-si-republica-moldova\\\/#breadcrumb\"},\"inLanguage\":\"ro-RO\",\"potentialAction\":[{\"@type\":\"ReadAction\",\"target\":[\"https:\\\/\\\/urbeamea.ro\\\/albaiulia\\\/vernisaj-gazduit-de-palatul-principilor-din-alba-iulia-cu-lucrari-semnate-de-artisti-plastici-din-romania-si-republica-moldova\\\/\"]}]},{\"@type\":\"ImageObject\",\"inLanguage\":\"ro-RO\",\"@id\":\"https:\\\/\\\/urbeamea.ro\\\/albaiulia\\\/vernisaj-gazduit-de-palatul-principilor-din-alba-iulia-cu-lucrari-semnate-de-artisti-plastici-din-romania-si-republica-moldova\\\/#primaryimage\",\"url\":\"https:\\\/\\\/urbeamea.ro\\\/albaiulia\\\/wp-content\\\/uploads\\\/2025\\\/09\\\/1000048358.jpg\",\"contentUrl\":\"https:\\\/\\\/urbeamea.ro\\\/albaiulia\\\/wp-content\\\/uploads\\\/2025\\\/09\\\/1000048358.jpg\",\"width\":2016,\"height\":1512},{\"@type\":\"BreadcrumbList\",\"@id\":\"https:\\\/\\\/urbeamea.ro\\\/albaiulia\\\/vernisaj-gazduit-de-palatul-principilor-din-alba-iulia-cu-lucrari-semnate-de-artisti-plastici-din-romania-si-republica-moldova\\\/#breadcrumb\",\"itemListElement\":[{\"@type\":\"ListItem\",\"position\":1,\"name\":\"Prima pagin\u0103\",\"item\":\"https:\\\/\\\/urbeamea.ro\\\/albaiulia\\\/\"},{\"@type\":\"ListItem\",\"position\":2,\"name\":\"Vernisaj g\u0103zduit de Palatul Principilor din Alba Iulia, cu lucr\u0103ri semnate de arti\u0219ti plastici din Rom\u00e2nia \u0219i Republica Moldova\"}]},{\"@type\":\"WebSite\",\"@id\":\"https:\\\/\\\/urbeamea.ro\\\/albaiulia\\\/#website\",\"url\":\"https:\\\/\\\/urbeamea.ro\\\/albaiulia\\\/\",\"name\":\"Revista Urbea Mea, Stiri urbane\",\"description\":\"Evenimente \u0219i \u0219tiri din Alba Iulia, Sebe\u0219, Aiud, Blaj\",\"potentialAction\":[{\"@type\":\"SearchAction\",\"target\":{\"@type\":\"EntryPoint\",\"urlTemplate\":\"https:\\\/\\\/urbeamea.ro\\\/albaiulia\\\/?s={search_term_string}\"},\"query-input\":{\"@type\":\"PropertyValueSpecification\",\"valueRequired\":true,\"valueName\":\"search_term_string\"}}],\"inLanguage\":\"ro-RO\"},{\"@type\":\"Person\",\"@id\":\"https:\\\/\\\/urbeamea.ro\\\/albaiulia\\\/#\\\/schema\\\/person\\\/5db3854ac38c1cc9f0ab4092d6a20f02\",\"name\":\"Giurca Sorin\",\"image\":{\"@type\":\"ImageObject\",\"inLanguage\":\"ro-RO\",\"@id\":\"https:\\\/\\\/secure.gravatar.com\\\/avatar\\\/120f6fcae7b3b47a7730cb9943f612f4909f68ac5284b5f40ac1c4615fd70576?s=96&d=mm&r=g\",\"url\":\"https:\\\/\\\/secure.gravatar.com\\\/avatar\\\/120f6fcae7b3b47a7730cb9943f612f4909f68ac5284b5f40ac1c4615fd70576?s=96&d=mm&r=g\",\"contentUrl\":\"https:\\\/\\\/secure.gravatar.com\\\/avatar\\\/120f6fcae7b3b47a7730cb9943f612f4909f68ac5284b5f40ac1c4615fd70576?s=96&d=mm&r=g\",\"caption\":\"Giurca Sorin\"},\"url\":\"https:\\\/\\\/urbeamea.ro\\\/albaiulia\\\/author\\\/sorin\\\/\"}]}<\/script>\n<!-- \/ Yoast SEO plugin. -->","yoast_head_json":{"title":"Vernisaj g\u0103zduit de Palatul Principilor din Alba Iulia, cu lucr\u0103ri semnate de arti\u0219ti plastici din Rom\u00e2nia \u0219i Republica Moldova - Revista Urbea Mea - Revista de Alba","description":"\u0218i-au g\u0103sit inspira\u021bia \u00een Alba Iulia! Arti\u0219ti plastici din toat\u0103 Rom\u00e2nia \u0219i Republica Moldova au creat, timp de o s\u0103pt\u0103m\u00e2n\u0103, \u00een Ora\u0219ul Unirii. Vernisajul","robots":{"index":"index","follow":"follow","max-snippet":"max-snippet:-1","max-image-preview":"max-image-preview:large","max-video-preview":"max-video-preview:-1"},"canonical":"https:\/\/urbeamea.ro\/albaiulia\/vernisaj-gazduit-de-palatul-principilor-din-alba-iulia-cu-lucrari-semnate-de-artisti-plastici-din-romania-si-republica-moldova\/","twitter_card":"summary_large_image","twitter_title":"Vernisaj g\u0103zduit de Palatul Principilor din Alba Iulia, cu lucr\u0103ri semnate de arti\u0219ti plastici din Rom\u00e2nia \u0219i Republica Moldova - Revista Urbea Mea - Revista de Alba","twitter_description":"\u0218i-au g\u0103sit inspira\u021bia \u00een Alba Iulia! Arti\u0219ti plastici din toat\u0103 Rom\u00e2nia \u0219i Republica Moldova au creat, timp de o s\u0103pt\u0103m\u00e2n\u0103, \u00een Ora\u0219ul Unirii. Vernisajul","twitter_image":"https:\/\/urbeamea.ro\/albaiulia\/wp-content\/uploads\/2025\/09\/1000048358.jpg","twitter_creator":"@urbeameaweb","twitter_site":"@urbeameaweb","schema":{"@context":"https:\/\/schema.org","@graph":[{"@type":"Article","@id":"https:\/\/urbeamea.ro\/albaiulia\/vernisaj-gazduit-de-palatul-principilor-din-alba-iulia-cu-lucrari-semnate-de-artisti-plastici-din-romania-si-republica-moldova\/#article","isPartOf":{"@id":"https:\/\/urbeamea.ro\/albaiulia\/vernisaj-gazduit-de-palatul-principilor-din-alba-iulia-cu-lucrari-semnate-de-artisti-plastici-din-romania-si-republica-moldova\/"},"author":{"name":"Giurca Sorin","@id":"https:\/\/urbeamea.ro\/albaiulia\/#\/schema\/person\/5db3854ac38c1cc9f0ab4092d6a20f02"},"headline":"Vernisaj g\u0103zduit de Palatul Principilor din Alba Iulia, cu lucr\u0103ri semnate de arti\u0219ti plastici din Rom\u00e2nia \u0219i Republica Moldova","datePublished":"2025-09-09T15:03:12+00:00","dateModified":"2025-09-09T15:03:14+00:00","mainEntityOfPage":{"@id":"https:\/\/urbeamea.ro\/albaiulia\/vernisaj-gazduit-de-palatul-principilor-din-alba-iulia-cu-lucrari-semnate-de-artisti-plastici-din-romania-si-republica-moldova\/"},"wordCount":554,"commentCount":0,"image":{"@id":"https:\/\/urbeamea.ro\/albaiulia\/vernisaj-gazduit-de-palatul-principilor-din-alba-iulia-cu-lucrari-semnate-de-artisti-plastici-din-romania-si-republica-moldova\/#primaryimage"},"thumbnailUrl":"https:\/\/urbeamea.ro\/albaiulia\/wp-content\/uploads\/2025\/09\/1000048358.jpg","keywords":["Lucr\u0103ri"],"articleSection":["Cultur\u0103","Evenimente","Social","\u015etiri Urbane","Urbea Mea"],"inLanguage":"ro-RO","potentialAction":[{"@type":"CommentAction","name":"Comment","target":["https:\/\/urbeamea.ro\/albaiulia\/vernisaj-gazduit-de-palatul-principilor-din-alba-iulia-cu-lucrari-semnate-de-artisti-plastici-din-romania-si-republica-moldova\/#respond"]}]},{"@type":"WebPage","@id":"https:\/\/urbeamea.ro\/albaiulia\/vernisaj-gazduit-de-palatul-principilor-din-alba-iulia-cu-lucrari-semnate-de-artisti-plastici-din-romania-si-republica-moldova\/","url":"https:\/\/urbeamea.ro\/albaiulia\/vernisaj-gazduit-de-palatul-principilor-din-alba-iulia-cu-lucrari-semnate-de-artisti-plastici-din-romania-si-republica-moldova\/","name":"Vernisaj g\u0103zduit de Palatul Principilor din Alba Iulia, cu lucr\u0103ri semnate de arti\u0219ti plastici din Rom\u00e2nia \u0219i Republica Moldova - Revista Urbea Mea - Revista de Alba","isPartOf":{"@id":"https:\/\/urbeamea.ro\/albaiulia\/#website"},"primaryImageOfPage":{"@id":"https:\/\/urbeamea.ro\/albaiulia\/vernisaj-gazduit-de-palatul-principilor-din-alba-iulia-cu-lucrari-semnate-de-artisti-plastici-din-romania-si-republica-moldova\/#primaryimage"},"image":{"@id":"https:\/\/urbeamea.ro\/albaiulia\/vernisaj-gazduit-de-palatul-principilor-din-alba-iulia-cu-lucrari-semnate-de-artisti-plastici-din-romania-si-republica-moldova\/#primaryimage"},"thumbnailUrl":"https:\/\/urbeamea.ro\/albaiulia\/wp-content\/uploads\/2025\/09\/1000048358.jpg","datePublished":"2025-09-09T15:03:12+00:00","dateModified":"2025-09-09T15:03:14+00:00","author":{"@id":"https:\/\/urbeamea.ro\/albaiulia\/#\/schema\/person\/5db3854ac38c1cc9f0ab4092d6a20f02"},"description":"\u0218i-au g\u0103sit inspira\u021bia \u00een Alba Iulia! Arti\u0219ti plastici din toat\u0103 Rom\u00e2nia \u0219i Republica Moldova au creat, timp de o s\u0103pt\u0103m\u00e2n\u0103, \u00een Ora\u0219ul Unirii. Vernisajul","breadcrumb":{"@id":"https:\/\/urbeamea.ro\/albaiulia\/vernisaj-gazduit-de-palatul-principilor-din-alba-iulia-cu-lucrari-semnate-de-artisti-plastici-din-romania-si-republica-moldova\/#breadcrumb"},"inLanguage":"ro-RO","potentialAction":[{"@type":"ReadAction","target":["https:\/\/urbeamea.ro\/albaiulia\/vernisaj-gazduit-de-palatul-principilor-din-alba-iulia-cu-lucrari-semnate-de-artisti-plastici-din-romania-si-republica-moldova\/"]}]},{"@type":"ImageObject","inLanguage":"ro-RO","@id":"https:\/\/urbeamea.ro\/albaiulia\/vernisaj-gazduit-de-palatul-principilor-din-alba-iulia-cu-lucrari-semnate-de-artisti-plastici-din-romania-si-republica-moldova\/#primaryimage","url":"https:\/\/urbeamea.ro\/albaiulia\/wp-content\/uploads\/2025\/09\/1000048358.jpg","contentUrl":"https:\/\/urbeamea.ro\/albaiulia\/wp-content\/uploads\/2025\/09\/1000048358.jpg","width":2016,"height":1512},{"@type":"BreadcrumbList","@id":"https:\/\/urbeamea.ro\/albaiulia\/vernisaj-gazduit-de-palatul-principilor-din-alba-iulia-cu-lucrari-semnate-de-artisti-plastici-din-romania-si-republica-moldova\/#breadcrumb","itemListElement":[{"@type":"ListItem","position":1,"name":"Prima pagin\u0103","item":"https:\/\/urbeamea.ro\/albaiulia\/"},{"@type":"ListItem","position":2,"name":"Vernisaj g\u0103zduit de Palatul Principilor din Alba Iulia, cu lucr\u0103ri semnate de arti\u0219ti plastici din Rom\u00e2nia \u0219i Republica Moldova"}]},{"@type":"WebSite","@id":"https:\/\/urbeamea.ro\/albaiulia\/#website","url":"https:\/\/urbeamea.ro\/albaiulia\/","name":"Revista Urbea Mea, Stiri urbane","description":"Evenimente \u0219i \u0219tiri din Alba Iulia, Sebe\u0219, Aiud, Blaj","potentialAction":[{"@type":"SearchAction","target":{"@type":"EntryPoint","urlTemplate":"https:\/\/urbeamea.ro\/albaiulia\/?s={search_term_string}"},"query-input":{"@type":"PropertyValueSpecification","valueRequired":true,"valueName":"search_term_string"}}],"inLanguage":"ro-RO"},{"@type":"Person","@id":"https:\/\/urbeamea.ro\/albaiulia\/#\/schema\/person\/5db3854ac38c1cc9f0ab4092d6a20f02","name":"Giurca Sorin","image":{"@type":"ImageObject","inLanguage":"ro-RO","@id":"https:\/\/secure.gravatar.com\/avatar\/120f6fcae7b3b47a7730cb9943f612f4909f68ac5284b5f40ac1c4615fd70576?s=96&d=mm&r=g","url":"https:\/\/secure.gravatar.com\/avatar\/120f6fcae7b3b47a7730cb9943f612f4909f68ac5284b5f40ac1c4615fd70576?s=96&d=mm&r=g","contentUrl":"https:\/\/secure.gravatar.com\/avatar\/120f6fcae7b3b47a7730cb9943f612f4909f68ac5284b5f40ac1c4615fd70576?s=96&d=mm&r=g","caption":"Giurca Sorin"},"url":"https:\/\/urbeamea.ro\/albaiulia\/author\/sorin\/"}]}},"_links":{"self":[{"href":"https:\/\/urbeamea.ro\/albaiulia\/wp-json\/wp\/v2\/posts\/119495","targetHints":{"allow":["GET"]}}],"collection":[{"href":"https:\/\/urbeamea.ro\/albaiulia\/wp-json\/wp\/v2\/posts"}],"about":[{"href":"https:\/\/urbeamea.ro\/albaiulia\/wp-json\/wp\/v2\/types\/post"}],"author":[{"embeddable":true,"href":"https:\/\/urbeamea.ro\/albaiulia\/wp-json\/wp\/v2\/users\/28"}],"replies":[{"embeddable":true,"href":"https:\/\/urbeamea.ro\/albaiulia\/wp-json\/wp\/v2\/comments?post=119495"}],"version-history":[{"count":1,"href":"https:\/\/urbeamea.ro\/albaiulia\/wp-json\/wp\/v2\/posts\/119495\/revisions"}],"predecessor-version":[{"id":119500,"href":"https:\/\/urbeamea.ro\/albaiulia\/wp-json\/wp\/v2\/posts\/119495\/revisions\/119500"}],"wp:featuredmedia":[{"embeddable":true,"href":"https:\/\/urbeamea.ro\/albaiulia\/wp-json\/wp\/v2\/media\/119498"}],"wp:attachment":[{"href":"https:\/\/urbeamea.ro\/albaiulia\/wp-json\/wp\/v2\/media?parent=119495"}],"wp:term":[{"taxonomy":"category","embeddable":true,"href":"https:\/\/urbeamea.ro\/albaiulia\/wp-json\/wp\/v2\/categories?post=119495"},{"taxonomy":"post_tag","embeddable":true,"href":"https:\/\/urbeamea.ro\/albaiulia\/wp-json\/wp\/v2\/tags?post=119495"}],"curies":[{"name":"wp","href":"https:\/\/api.w.org\/{rel}","templated":true}]}}